{"id":302878,"date":"2024-09-30T10:58:54","date_gmt":"2024-09-30T15:58:54","guid":{"rendered":"https:\/\/www.fiscalia.gov.co\/colombia\/?p=302878"},"modified":"2024-09-30T11:41:49","modified_gmt":"2024-09-30T16:41:49","slug":"cabecilla-de-la-red-ilegal-los-de-abajo-fue-condenado-a-mas-de-36-anos-de-prision-por-ser-responsable-del-homicidio-de-un-hombre","status":"publish","type":"post","link":"https:\/\/www.fiscalia.gov.co\/colombia\/noticias\/cabecilla-de-la-red-ilegal-los-de-abajo-fue-condenado-a-mas-de-36-anos-de-prision-por-ser-responsable-del-homicidio-de-un-hombre\/","title":{"rendered":"Cabecilla de la red ilegal \u2018Los de Abajo\u2019 fue condenado a m\u00e1s de 36 a\u00f1os de prisi\u00f3n por ser responsable del homicidio de un hombre"},"content":{"rendered":"<div id=\"m_4178097227863547292m_-6024354059051646422divRplyFwdMsg\" dir=\"ltr\">\n<p style=\"text-align: left;\"><strong><i>Alias el Negro Cristian presenta m\u00e1s de 15 anotaciones judiciales por delitos como homicidio, concierto para delinquir, porte ilegal de armas y fuga de presos.<\/i><\/strong><\/p>\n<p>Las pruebas presentadas por la Fiscal\u00eda General de la Naci\u00f3n permitieron que un juez de conocimiento condenara a 36 a\u00f1os y 6 meses de prisi\u00f3n a Claudio Alonso Maturana Hurtado, alias El Negro Cristian, cabecilla de la organizaci\u00f3n criminal <strong>Los Caparros o Los de Abajo,<\/strong> <strong>responsable de los delitos de homicidio y porte ilegal de armas de fuego de defensa personal, ambas conductas agravadas.<\/strong><\/p>\n<p>Los hechos ocurrieron en zona urbana del municipio de El Bagre (Antioquia) el 14 de diciembre de 2012 cuando hombres armados asesinaron de varios impactos de bala a un hombre. Una vez cometido el crimen,<strong> los victimarios se lanzaron a las aguas del rio Nech\u00ed para tratar de evadir el control de las autoridades.\u00a0<\/strong><\/p>\n<figure id=\"attachment_302879\" aria-describedby=\"caption-attachment-302879\" style=\"width: 520px\" class=\"wp-caption aligncenter\"><img loading=\"lazy\" decoding=\"async\" class=\" wp-image-302879\" src=\"https:\/\/www.fiscalia.gov.co\/colombia\/wp-content\/uploads\/Claudio-Alonso-Maturana-Hurtado-alias-El-Negro-Cristian-300x169.jpg\" alt=\" En la imagen est\u00e1 alias El Negro Cristi\u00e1n, condenado por homicidio en el Bagre, con un pend\u00f3n azul de la Fiscal\u00eda en la parte de atr\u00e1s \" width=\"520\" height=\"293\" srcset=\"https:\/\/www.fiscalia.gov.co\/colombia\/wp-content\/uploads\/Claudio-Alonso-Maturana-Hurtado-alias-El-Negro-Cristian-300x169.jpg 300w, https:\/\/www.fiscalia.gov.co\/colombia\/wp-content\/uploads\/Claudio-Alonso-Maturana-Hurtado-alias-El-Negro-Cristian-1024x576.jpg 1024w, https:\/\/www.fiscalia.gov.co\/colombia\/wp-content\/uploads\/Claudio-Alonso-Maturana-Hurtado-alias-El-Negro-Cristian-768x432.jpg 768w, https:\/\/www.fiscalia.gov.co\/colombia\/wp-content\/uploads\/Claudio-Alonso-Maturana-Hurtado-alias-El-Negro-Cristian-1536x864.jpg 1536w, https:\/\/www.fiscalia.gov.co\/colombia\/wp-content\/uploads\/Claudio-Alonso-Maturana-Hurtado-alias-El-Negro-Cristian-747x420.jpg 747w, https:\/\/www.fiscalia.gov.co\/colombia\/wp-content\/uploads\/Claudio-Alonso-Maturana-Hurtado-alias-El-Negro-Cristian-696x392.jpg 696w, https:\/\/www.fiscalia.gov.co\/colombia\/wp-content\/uploads\/Claudio-Alonso-Maturana-Hurtado-alias-El-Negro-Cristian-1068x601.jpg 1068w, https:\/\/www.fiscalia.gov.co\/colombia\/wp-content\/uploads\/Claudio-Alonso-Maturana-Hurtado-alias-El-Negro-Cristian.jpg 1600w\" sizes=\"auto, (max-width: 520px) 100vw, 520px\" \/><figcaption id=\"caption-attachment-302879\" class=\"wp-caption-text\">Alias El Negro Cristian, condenado a 36 a\u00f1os de prisi\u00f3n por el homicidio de un hombre en el municipio de El Bagre (Antioquia).<\/figcaption><\/figure>\n<p>Minutos despu\u00e9s, la Polic\u00eda Nacional captur\u00f3 al hoy procesado y a otros dos hombres a quienes se les incaut\u00f3 un arma de fuego de corto alcance.<\/p><\/div>\n<div dir=\"ltr\"><\/div>\n<div dir=\"ltr\">Maturana Hurtado hab\u00eda recuperado su libertad por vencimiento de t\u00e9rminos, pero el pasado 19 de septiembre fue recapturado en un hospital de Bogot\u00e1 y notificado sobre la sentencia judicial en su contra. El procesado estaba recluido en el centro hospitalario donde se recuperaba de un atentado que sufri\u00f3 en febrero de 2024 en el departamento del Cesar.<\/p>\n<p><strong>\u2018El Negro Cristian\u2019 registra m\u00e1s de 15 anotaciones judiciales<\/strong> por los delitos de homicidio agravado, concierto para delinquir agravado, porte ilegal de armas de fuego y fuga de presos. La defensa del procesado apel\u00f3 la decisi\u00f3n ante la Sala Penal del Tribunal Superior de Antioquia.<\/p>\n<p>Por los mismos hechos y delitos fueron condenados Alberto Rafael Salgado y Ezequiel Alberto Mart\u00ednez.<\/p><\/div>\n<p style=\"text-align: left;\">\n<p>LFML\/YJ\/DSA\/LMFO\/MAGA\/DSA<\/p>\n<div><\/div>\n<p id=\"m_4178097227863547292m_-6024354059051646422x_m_-6566226958940547409x_divRplyFwdMsg\" dir=\"ltr\" style=\"text-align: left;\">\n<em>La informaci\u00f3n contenida en este bolet\u00edn de prensa corresponde a la narraci\u00f3n de los hechos noticiosos objetivos, suministrados por los funcionarios encargados de adelantar las investigaciones penales al interior de la Fiscal\u00eda General de la Naci\u00f3n. Para el momento de la divulgaci\u00f3n de este comunicado, la situaci\u00f3n jur\u00eddica de la(s) persona(s) relacionada(s) se encuentra pendiente de resolver por la autoridad judicial competente, siempre bajo los preceptos de la presunci\u00f3n de inocencia, consagrados en el art\u00edculo 29 de la Constituci\u00f3n Pol\u00edtica y el art\u00edculo 7\u00ba de la Ley 906 de 2004.<\/em><\/p>\n\n<div class=\"twitter-share\"><a href=\"https:\/\/twitter.com\/intent\/tweet?via=fiscaliacol\" class=\"twitter-share-button\">Tweet<\/a><\/div>\n","protected":false},"excerpt":{"rendered":"<p>Alias el Negro Cristian presenta m\u00e1s de 15 anotaciones judiciales por delitos como homicidio, concierto para delinquir, porte ilegal de armas y fuga de presos. Las pruebas presentadas por la [&hellip;]<\/p>\n","protected":false},"author":178,"featured_media":0,"comment_status":"closed","ping_status":"open","sticky":false,"template":"","format":"standard","meta":{"tdm_status":"","tdm_grid_status":"","footnotes":""},"categories":[24174,1,24099],"tags":[38736,38735,38734,38733,24993,1047,686,558,14700],"class_list":["post-302878","post","type-post","status-publish","format-standard","category-hay-justicia","category-noticias","category-seguridad-territorial","tag-16-anotaciones-judiciales","tag-36-anos-y-6-meses-de-prision","tag-cabecilla-gao-los-de-abajo","tag-condenado-alias-el-negro-cristian","tag-el-bagre-antioquia","tag-fiscalia-general-de-la-nacion","tag-homicidio-agravado","tag-policia-nacional","tag-porte-ilegal-de-armas-de-fuego-agravado"],"yoast_head":"<!-- This site is optimized with the Yoast SEO plugin v24.3 - https:\/\/yoast.com\/wordpress\/plugins\/seo\/ -->\n<title>Fiscal\u00eda General de la Naci\u00f3n<\/title>\n<meta name=\"description\" content=\"P\u00e1gina oficial de la Fiscal\u00eda General de la Naci\u00f3n \u2013 Colombia. Garantizamos el acceso efectivo a la justicia, la verdad y la reparaci\u00f3n de las v\u00edctimas de los delitos.\" \/>\n<meta name=\"robots\" content=\"noindex, follow\" \/>\n<meta property=\"og:locale\" content=\"es_ES\" \/>\n<meta property=\"og:type\" content=\"article\" \/>\n<meta property=\"og:title\" content=\"Fiscal\u00eda General de la Naci\u00f3n\" \/>\n<meta property=\"og:description\" content=\"P\u00e1gina oficial de la Fiscal\u00eda General de la Naci\u00f3n \u2013 Colombia. Garantizamos el acceso efectivo a la justicia, la verdad y la reparaci\u00f3n de las v\u00edctimas de los delitos.\" \/>\n<meta property=\"og:url\" content=\"https:\/\/www.fiscalia.gov.co\/colombia\/noticias\/cabecilla-de-la-red-ilegal-los-de-abajo-fue-condenado-a-mas-de-36-anos-de-prision-por-ser-responsable-del-homicidio-de-un-hombre\/\" \/>\n<meta property=\"og:site_name\" content=\"Fiscal\u00eda General de la Naci\u00f3n\" \/>\n<meta property=\"article:publisher\" content=\"https:\/\/www.facebook.com\/FiscaliaCol\" \/>\n<meta property=\"article:published_time\" content=\"2024-09-30T15:58:54+00:00\" \/>\n<meta property=\"article:modified_time\" content=\"2024-09-30T16:41:49+00:00\" \/>\n<meta property=\"og:image\" content=\"https:\/\/www.fiscalia.gov.co\/colombia\/wp-content\/uploads\/Claudio-Alonso-Maturana-Hurtado-alias-El-Negro-Cristian-300x169.jpg\" \/>\n<meta name=\"author\" content=\"Winnie Geraldine Rodr\u00edguez Navarrete\" \/>\n<meta name=\"twitter:card\" content=\"summary_large_image\" \/>\n<meta name=\"twitter:creator\" content=\"@FiscaliaCol\" \/>\n<meta name=\"twitter:site\" content=\"@FiscaliaCol\" \/>\n<meta name=\"twitter:label1\" content=\"Escrito por\" \/>\n\t<meta name=\"twitter:data1\" content=\"Winnie Geraldine Rodr\u00edguez Navarrete\" \/>\n\t<meta name=\"twitter:label2\" content=\"Tiempo de lectura\" \/>\n\t<meta name=\"twitter:data2\" content=\"3 minutos\" \/>\n<script type=\"application\/ld+json\" class=\"yoast-schema-graph\">{\"@context\":\"https:\/\/schema.org\",\"@graph\":[{\"@type\":\"Article\",\"@id\":\"https:\/\/www.fiscalia.gov.co\/colombia\/noticias\/cabecilla-de-la-red-ilegal-los-de-abajo-fue-condenado-a-mas-de-36-anos-de-prision-por-ser-responsable-del-homicidio-de-un-hombre\/#article\",\"isPartOf\":{\"@id\":\"https:\/\/www.fiscalia.gov.co\/colombia\/noticias\/cabecilla-de-la-red-ilegal-los-de-abajo-fue-condenado-a-mas-de-36-anos-de-prision-por-ser-responsable-del-homicidio-de-un-hombre\/\"},\"author\":{\"name\":\"Winnie Geraldine Rodr\u00edguez Navarrete\",\"@id\":\"https:\/\/www.fiscalia.gov.co\/colombia\/#\/schema\/person\/176195b99ebab0a52aafa15197e1bf80\"},\"headline\":\"Cabecilla de la red ilegal \u2018Los de Abajo\u2019 fue condenado a m\u00e1s de 36 a\u00f1os de prisi\u00f3n por ser responsable del homicidio de un hombre\",\"datePublished\":\"2024-09-30T15:58:54+00:00\",\"dateModified\":\"2024-09-30T16:41:49+00:00\",\"mainEntityOfPage\":{\"@id\":\"https:\/\/www.fiscalia.gov.co\/colombia\/noticias\/cabecilla-de-la-red-ilegal-los-de-abajo-fue-condenado-a-mas-de-36-anos-de-prision-por-ser-responsable-del-homicidio-de-un-hombre\/\"},\"wordCount\":457,\"publisher\":{\"@id\":\"https:\/\/www.fiscalia.gov.co\/colombia\/#organization\"},\"image\":{\"@id\":\"https:\/\/www.fiscalia.gov.co\/colombia\/noticias\/cabecilla-de-la-red-ilegal-los-de-abajo-fue-condenado-a-mas-de-36-anos-de-prision-por-ser-responsable-del-homicidio-de-un-hombre\/#primaryimage\"},\"thumbnailUrl\":\"https:\/\/www.fiscalia.gov.co\/colombia\/wp-content\/uploads\/Claudio-Alonso-Maturana-Hurtado-alias-El-Negro-Cristian-300x169.jpg\",\"keywords\":[\"16 anotaciones judiciales\",\"36 a\u00f1os y 6 meses de prisi\u00f3n\",\"cabecilla GAO Los de Abajo\",\"Condenado alias el Negro Cristian\",\"El Bagre (Antioquia)\",\"Fiscal\u00eda General de la Naci\u00f3n\",\"Homicidio agravado\",\"Polic\u00eda Nacional\",\"porte ilegal de armas de fuego agravado\"],\"articleSection\":[\"Hay Justicia\",\"Noticias\",\"Seguridad territorial\"],\"inLanguage\":\"es-CO\"},{\"@type\":\"WebPage\",\"@id\":\"https:\/\/www.fiscalia.gov.co\/colombia\/noticias\/cabecilla-de-la-red-ilegal-los-de-abajo-fue-condenado-a-mas-de-36-anos-de-prision-por-ser-responsable-del-homicidio-de-un-hombre\/\",\"url\":\"https:\/\/www.fiscalia.gov.co\/colombia\/noticias\/cabecilla-de-la-red-ilegal-los-de-abajo-fue-condenado-a-mas-de-36-anos-de-prision-por-ser-responsable-del-homicidio-de-un-hombre\/\",\"name\":\"Fiscal\u00eda General de la Naci\u00f3n\",\"isPartOf\":{\"@id\":\"https:\/\/www.fiscalia.gov.co\/colombia\/#website\"},\"primaryImageOfPage\":{\"@id\":\"https:\/\/www.fiscalia.gov.co\/colombia\/noticias\/cabecilla-de-la-red-ilegal-los-de-abajo-fue-condenado-a-mas-de-36-anos-de-prision-por-ser-responsable-del-homicidio-de-un-hombre\/#primaryimage\"},\"image\":{\"@id\":\"https:\/\/www.fiscalia.gov.co\/colombia\/noticias\/cabecilla-de-la-red-ilegal-los-de-abajo-fue-condenado-a-mas-de-36-anos-de-prision-por-ser-responsable-del-homicidio-de-un-hombre\/#primaryimage\"},\"thumbnailUrl\":\"https:\/\/www.fiscalia.gov.co\/colombia\/wp-content\/uploads\/Claudio-Alonso-Maturana-Hurtado-alias-El-Negro-Cristian-300x169.jpg\",\"datePublished\":\"2024-09-30T15:58:54+00:00\",\"dateModified\":\"2024-09-30T16:41:49+00:00\",\"description\":\"P\u00e1gina oficial de la Fiscal\u00eda General de la Naci\u00f3n \u2013 Colombia. Garantizamos el acceso efectivo a la justicia, la verdad y la reparaci\u00f3n de las v\u00edctimas de los delitos.\",\"breadcrumb\":{\"@id\":\"https:\/\/www.fiscalia.gov.co\/colombia\/noticias\/cabecilla-de-la-red-ilegal-los-de-abajo-fue-condenado-a-mas-de-36-anos-de-prision-por-ser-responsable-del-homicidio-de-un-hombre\/#breadcrumb\"},\"inLanguage\":\"es-CO\",\"potentialAction\":[{\"@type\":\"ReadAction\",\"target\":[\"https:\/\/www.fiscalia.gov.co\/colombia\/noticias\/cabecilla-de-la-red-ilegal-los-de-abajo-fue-condenado-a-mas-de-36-anos-de-prision-por-ser-responsable-del-homicidio-de-un-hombre\/\"]}]},{\"@type\":\"ImageObject\",\"inLanguage\":\"es-CO\",\"@id\":\"https:\/\/www.fiscalia.gov.co\/colombia\/noticias\/cabecilla-de-la-red-ilegal-los-de-abajo-fue-condenado-a-mas-de-36-anos-de-prision-por-ser-responsable-del-homicidio-de-un-hombre\/#primaryimage\",\"url\":\"https:\/\/www.fiscalia.gov.co\/colombia\/wp-content\/uploads\/Claudio-Alonso-Maturana-Hurtado-alias-El-Negro-Cristian.jpg\",\"contentUrl\":\"https:\/\/www.fiscalia.gov.co\/colombia\/wp-content\/uploads\/Claudio-Alonso-Maturana-Hurtado-alias-El-Negro-Cristian.jpg\",\"width\":1600,\"height\":900,\"caption\":\"Alias El Negro Cristian, condenado a 36 a\u00f1os de prisi\u00f3n por el homicidio de un hombre en el municipio de El Bagre (Antioquia).\"},{\"@type\":\"BreadcrumbList\",\"@id\":\"https:\/\/www.fiscalia.gov.co\/colombia\/noticias\/cabecilla-de-la-red-ilegal-los-de-abajo-fue-condenado-a-mas-de-36-anos-de-prision-por-ser-responsable-del-homicidio-de-un-hombre\/#breadcrumb\",\"itemListElement\":[{\"@type\":\"ListItem\",\"position\":1,\"name\":\"Home\",\"item\":\"https:\/\/www.fiscalia.gov.co\/colombia\/\"},{\"@type\":\"ListItem\",\"position\":2,\"name\":\"Cabecilla de la red ilegal \u2018Los de Abajo\u2019 fue condenado a m\u00e1s de 36 a\u00f1os de prisi\u00f3n por ser responsable del homicidio de un hombre\"}]},{\"@type\":\"WebSite\",\"@id\":\"https:\/\/www.fiscalia.gov.co\/colombia\/#website\",\"url\":\"https:\/\/www.fiscalia.gov.co\/colombia\/\",\"name\":\"Fiscal\u00eda General de la Naci\u00f3n\",\"description\":\"P\u00e1gina oficial de la Fiscal\u00eda General de la Naci\u00f3n \u2013 Colombia. Garantizamos el acceso efectivo a la justicia, la verdad y la reparaci\u00f3n de las v\u00edctimas de los delitos.\",\"publisher\":{\"@id\":\"https:\/\/www.fiscalia.gov.co\/colombia\/#organization\"},\"potentialAction\":[{\"@type\":\"SearchAction\",\"target\":{\"@type\":\"EntryPoint\",\"urlTemplate\":\"https:\/\/www.fiscalia.gov.co\/colombia\/?s={search_term_string}\"},\"query-input\":{\"@type\":\"PropertyValueSpecification\",\"valueRequired\":true,\"valueName\":\"search_term_string\"}}],\"inLanguage\":\"es-CO\"},{\"@type\":\"Organization\",\"@id\":\"https:\/\/www.fiscalia.gov.co\/colombia\/#organization\",\"name\":\"Fiscal\u00eda General de la Naci\u00f3n\",\"url\":\"https:\/\/www.fiscalia.gov.co\/colombia\/\",\"logo\":{\"@type\":\"ImageObject\",\"inLanguage\":\"es-CO\",\"@id\":\"https:\/\/www.fiscalia.gov.co\/colombia\/#\/schema\/logo\/image\/\",\"url\":\"https:\/\/www.fiscalia.gov.co\/colombia\/wp-content\/uploads\/LogoHorizontal_1.jpg\",\"contentUrl\":\"https:\/\/www.fiscalia.gov.co\/colombia\/wp-content\/uploads\/LogoHorizontal_1.jpg\",\"width\":300,\"height\":90,\"caption\":\"Fiscal\u00eda General de la Naci\u00f3n\"},\"image\":{\"@id\":\"https:\/\/www.fiscalia.gov.co\/colombia\/#\/schema\/logo\/image\/\"},\"sameAs\":[\"https:\/\/www.facebook.com\/FiscaliaCol\",\"https:\/\/x.com\/FiscaliaCol\",\"https:\/\/www.instagram.com\/fiscaliacol\",\"https:\/\/www.linkedin.com\/company\/fiscalia-general-de-la-naci-n\/\",\"https:\/\/youtube.com\/@fiscaliageneraldelanacion-4668?si=6nN79nyQICPU5iTh\"]},{\"@type\":\"Person\",\"@id\":\"https:\/\/www.fiscalia.gov.co\/colombia\/#\/schema\/person\/176195b99ebab0a52aafa15197e1bf80\",\"name\":\"Winnie Geraldine Rodr\u00edguez Navarrete\",\"image\":{\"@type\":\"ImageObject\",\"inLanguage\":\"es-CO\",\"@id\":\"https:\/\/www.fiscalia.gov.co\/colombia\/#\/schema\/person\/image\/\",\"url\":\"https:\/\/secure.gravatar.com\/avatar\/c24cf8481dc84fa5e8c7b20bc95ab0c6?s=96&d=mm&r=g\",\"contentUrl\":\"https:\/\/secure.gravatar.com\/avatar\/c24cf8481dc84fa5e8c7b20bc95ab0c6?s=96&d=mm&r=g\",\"caption\":\"Winnie Geraldine Rodr\u00edguez Navarrete\"},\"url\":\"https:\/\/www.fiscalia.gov.co\/colombia\/author\/winnierodriguez\/\"}]}<\/script>\n<!-- \/ Yoast SEO plugin. -->","yoast_head_json":{"title":"Fiscal\u00eda General de la Naci\u00f3n","description":"P\u00e1gina oficial de la Fiscal\u00eda General de la Naci\u00f3n \u2013 Colombia. Garantizamos el acceso efectivo a la justicia, la verdad y la reparaci\u00f3n de las v\u00edctimas de los delitos.","robots":{"index":"noindex","follow":"follow"},"og_locale":"es_ES","og_type":"article","og_title":"Fiscal\u00eda General de la Naci\u00f3n","og_description":"P\u00e1gina oficial de la Fiscal\u00eda General de la Naci\u00f3n \u2013 Colombia. Garantizamos el acceso efectivo a la justicia, la verdad y la reparaci\u00f3n de las v\u00edctimas de los delitos.","og_url":"https:\/\/www.fiscalia.gov.co\/colombia\/noticias\/cabecilla-de-la-red-ilegal-los-de-abajo-fue-condenado-a-mas-de-36-anos-de-prision-por-ser-responsable-del-homicidio-de-un-hombre\/","og_site_name":"Fiscal\u00eda General de la Naci\u00f3n","article_publisher":"https:\/\/www.facebook.com\/FiscaliaCol","article_published_time":"2024-09-30T15:58:54+00:00","article_modified_time":"2024-09-30T16:41:49+00:00","og_image":[{"url":"https:\/\/www.fiscalia.gov.co\/colombia\/wp-content\/uploads\/Claudio-Alonso-Maturana-Hurtado-alias-El-Negro-Cristian-300x169.jpg","type":"","width":"","height":""}],"author":"Winnie Geraldine Rodr\u00edguez Navarrete","twitter_card":"summary_large_image","twitter_creator":"@FiscaliaCol","twitter_site":"@FiscaliaCol","twitter_misc":{"Escrito por":"Winnie Geraldine Rodr\u00edguez Navarrete","Tiempo de lectura":"3 minutos"},"schema":{"@context":"https:\/\/schema.org","@graph":[{"@type":"Article","@id":"https:\/\/www.fiscalia.gov.co\/colombia\/noticias\/cabecilla-de-la-red-ilegal-los-de-abajo-fue-condenado-a-mas-de-36-anos-de-prision-por-ser-responsable-del-homicidio-de-un-hombre\/#article","isPartOf":{"@id":"https:\/\/www.fiscalia.gov.co\/colombia\/noticias\/cabecilla-de-la-red-ilegal-los-de-abajo-fue-condenado-a-mas-de-36-anos-de-prision-por-ser-responsable-del-homicidio-de-un-hombre\/"},"author":{"name":"Winnie Geraldine Rodr\u00edguez Navarrete","@id":"https:\/\/www.fiscalia.gov.co\/colombia\/#\/schema\/person\/176195b99ebab0a52aafa15197e1bf80"},"headline":"Cabecilla de la red ilegal \u2018Los de Abajo\u2019 fue condenado a m\u00e1s de 36 a\u00f1os de prisi\u00f3n por ser responsable del homicidio de un hombre","datePublished":"2024-09-30T15:58:54+00:00","dateModified":"2024-09-30T16:41:49+00:00","mainEntityOfPage":{"@id":"https:\/\/www.fiscalia.gov.co\/colombia\/noticias\/cabecilla-de-la-red-ilegal-los-de-abajo-fue-condenado-a-mas-de-36-anos-de-prision-por-ser-responsable-del-homicidio-de-un-hombre\/"},"wordCount":457,"publisher":{"@id":"https:\/\/www.fiscalia.gov.co\/colombia\/#organization"},"image":{"@id":"https:\/\/www.fiscalia.gov.co\/colombia\/noticias\/cabecilla-de-la-red-ilegal-los-de-abajo-fue-condenado-a-mas-de-36-anos-de-prision-por-ser-responsable-del-homicidio-de-un-hombre\/#primaryimage"},"thumbnailUrl":"https:\/\/www.fiscalia.gov.co\/colombia\/wp-content\/uploads\/Claudio-Alonso-Maturana-Hurtado-alias-El-Negro-Cristian-300x169.jpg","keywords":["16 anotaciones judiciales","36 a\u00f1os y 6 meses de prisi\u00f3n","cabecilla GAO Los de Abajo","Condenado alias el Negro Cristian","El Bagre (Antioquia)","Fiscal\u00eda General de la Naci\u00f3n","Homicidio agravado","Polic\u00eda Nacional","porte ilegal de armas de fuego agravado"],"articleSection":["Hay Justicia","Noticias","Seguridad territorial"],"inLanguage":"es-CO"},{"@type":"WebPage","@id":"https:\/\/www.fiscalia.gov.co\/colombia\/noticias\/cabecilla-de-la-red-ilegal-los-de-abajo-fue-condenado-a-mas-de-36-anos-de-prision-por-ser-responsable-del-homicidio-de-un-hombre\/","url":"https:\/\/www.fiscalia.gov.co\/colombia\/noticias\/cabecilla-de-la-red-ilegal-los-de-abajo-fue-condenado-a-mas-de-36-anos-de-prision-por-ser-responsable-del-homicidio-de-un-hombre\/","name":"Fiscal\u00eda General de la Naci\u00f3n","isPartOf":{"@id":"https:\/\/www.fiscalia.gov.co\/colombia\/#website"},"primaryImageOfPage":{"@id":"https:\/\/www.fiscalia.gov.co\/colombia\/noticias\/cabecilla-de-la-red-ilegal-los-de-abajo-fue-condenado-a-mas-de-36-anos-de-prision-por-ser-responsable-del-homicidio-de-un-hombre\/#primaryimage"},"image":{"@id":"https:\/\/www.fiscalia.gov.co\/colombia\/noticias\/cabecilla-de-la-red-ilegal-los-de-abajo-fue-condenado-a-mas-de-36-anos-de-prision-por-ser-responsable-del-homicidio-de-un-hombre\/#primaryimage"},"thumbnailUrl":"https:\/\/www.fiscalia.gov.co\/colombia\/wp-content\/uploads\/Claudio-Alonso-Maturana-Hurtado-alias-El-Negro-Cristian-300x169.jpg","datePublished":"2024-09-30T15:58:54+00:00","dateModified":"2024-09-30T16:41:49+00:00","description":"P\u00e1gina oficial de la Fiscal\u00eda General de la Naci\u00f3n \u2013 Colombia. Garantizamos el acceso efectivo a la justicia, la verdad y la reparaci\u00f3n de las v\u00edctimas de los delitos.","breadcrumb":{"@id":"https:\/\/www.fiscalia.gov.co\/colombia\/noticias\/cabecilla-de-la-red-ilegal-los-de-abajo-fue-condenado-a-mas-de-36-anos-de-prision-por-ser-responsable-del-homicidio-de-un-hombre\/#breadcrumb"},"inLanguage":"es-CO","potentialAction":[{"@type":"ReadAction","target":["https:\/\/www.fiscalia.gov.co\/colombia\/noticias\/cabecilla-de-la-red-ilegal-los-de-abajo-fue-condenado-a-mas-de-36-anos-de-prision-por-ser-responsable-del-homicidio-de-un-hombre\/"]}]},{"@type":"ImageObject","inLanguage":"es-CO","@id":"https:\/\/www.fiscalia.gov.co\/colombia\/noticias\/cabecilla-de-la-red-ilegal-los-de-abajo-fue-condenado-a-mas-de-36-anos-de-prision-por-ser-responsable-del-homicidio-de-un-hombre\/#primaryimage","url":"https:\/\/www.fiscalia.gov.co\/colombia\/wp-content\/uploads\/Claudio-Alonso-Maturana-Hurtado-alias-El-Negro-Cristian.jpg","contentUrl":"https:\/\/www.fiscalia.gov.co\/colombia\/wp-content\/uploads\/Claudio-Alonso-Maturana-Hurtado-alias-El-Negro-Cristian.jpg","width":1600,"height":900,"caption":"Alias El Negro Cristian, condenado a 36 a\u00f1os de prisi\u00f3n por el homicidio de un hombre en el municipio de El Bagre (Antioquia)."},{"@type":"BreadcrumbList","@id":"https:\/\/www.fiscalia.gov.co\/colombia\/noticias\/cabecilla-de-la-red-ilegal-los-de-abajo-fue-condenado-a-mas-de-36-anos-de-prision-por-ser-responsable-del-homicidio-de-un-hombre\/#breadcrumb","itemListElement":[{"@type":"ListItem","position":1,"name":"Home","item":"https:\/\/www.fiscalia.gov.co\/colombia\/"},{"@type":"ListItem","position":2,"name":"Cabecilla de la red ilegal \u2018Los de Abajo\u2019 fue condenado a m\u00e1s de 36 a\u00f1os de prisi\u00f3n por ser responsable del homicidio de un hombre"}]},{"@type":"WebSite","@id":"https:\/\/www.fiscalia.gov.co\/colombia\/#website","url":"https:\/\/www.fiscalia.gov.co\/colombia\/","name":"Fiscal\u00eda General de la Naci\u00f3n","description":"P\u00e1gina oficial de la Fiscal\u00eda General de la Naci\u00f3n \u2013 Colombia. Garantizamos el acceso efectivo a la justicia, la verdad y la reparaci\u00f3n de las v\u00edctimas de los delitos.","publisher":{"@id":"https:\/\/www.fiscalia.gov.co\/colombia\/#organization"},"potentialAction":[{"@type":"SearchAction","target":{"@type":"EntryPoint","urlTemplate":"https:\/\/www.fiscalia.gov.co\/colombia\/?s={search_term_string}"},"query-input":{"@type":"PropertyValueSpecification","valueRequired":true,"valueName":"search_term_string"}}],"inLanguage":"es-CO"},{"@type":"Organization","@id":"https:\/\/www.fiscalia.gov.co\/colombia\/#organization","name":"Fiscal\u00eda General de la Naci\u00f3n","url":"https:\/\/www.fiscalia.gov.co\/colombia\/","logo":{"@type":"ImageObject","inLanguage":"es-CO","@id":"https:\/\/www.fiscalia.gov.co\/colombia\/#\/schema\/logo\/image\/","url":"https:\/\/www.fiscalia.gov.co\/colombia\/wp-content\/uploads\/LogoHorizontal_1.jpg","contentUrl":"https:\/\/www.fiscalia.gov.co\/colombia\/wp-content\/uploads\/LogoHorizontal_1.jpg","width":300,"height":90,"caption":"Fiscal\u00eda General de la Naci\u00f3n"},"image":{"@id":"https:\/\/www.fiscalia.gov.co\/colombia\/#\/schema\/logo\/image\/"},"sameAs":["https:\/\/www.facebook.com\/FiscaliaCol","https:\/\/x.com\/FiscaliaCol","https:\/\/www.instagram.com\/fiscaliacol","https:\/\/www.linkedin.com\/company\/fiscalia-general-de-la-naci-n\/","https:\/\/youtube.com\/@fiscaliageneraldelanacion-4668?si=6nN79nyQICPU5iTh"]},{"@type":"Person","@id":"https:\/\/www.fiscalia.gov.co\/colombia\/#\/schema\/person\/176195b99ebab0a52aafa15197e1bf80","name":"Winnie Geraldine Rodr\u00edguez Navarrete","image":{"@type":"ImageObject","inLanguage":"es-CO","@id":"https:\/\/www.fiscalia.gov.co\/colombia\/#\/schema\/person\/image\/","url":"https:\/\/secure.gravatar.com\/avatar\/c24cf8481dc84fa5e8c7b20bc95ab0c6?s=96&d=mm&r=g","contentUrl":"https:\/\/secure.gravatar.com\/avatar\/c24cf8481dc84fa5e8c7b20bc95ab0c6?s=96&d=mm&r=g","caption":"Winnie Geraldine Rodr\u00edguez Navarrete"},"url":"https:\/\/www.fiscalia.gov.co\/colombia\/author\/winnierodriguez\/"}]}},"_links":{"self":[{"href":"https:\/\/www.fiscalia.gov.co\/colombia\/wp-json\/wp\/v2\/posts\/302878","targetHints":{"allow":["GET"]}}],"collection":[{"href":"https:\/\/www.fiscalia.gov.co\/colombia\/wp-json\/wp\/v2\/posts"}],"about":[{"href":"https:\/\/www.fiscalia.gov.co\/colombia\/wp-json\/wp\/v2\/types\/post"}],"author":[{"embeddable":true,"href":"https:\/\/www.fiscalia.gov.co\/colombia\/wp-json\/wp\/v2\/users\/178"}],"replies":[{"embeddable":true,"href":"https:\/\/www.fiscalia.gov.co\/colombia\/wp-json\/wp\/v2\/comments?post=302878"}],"version-history":[{"count":2,"href":"https:\/\/www.fiscalia.gov.co\/colombia\/wp-json\/wp\/v2\/posts\/302878\/revisions"}],"predecessor-version":[{"id":302888,"href":"https:\/\/www.fiscalia.gov.co\/colombia\/wp-json\/wp\/v2\/posts\/302878\/revisions\/302888"}],"wp:attachment":[{"href":"https:\/\/www.fiscalia.gov.co\/colombia\/wp-json\/wp\/v2\/media?parent=302878"}],"wp:term":[{"taxonomy":"category","embeddable":true,"href":"https:\/\/www.fiscalia.gov.co\/colombia\/wp-json\/wp\/v2\/categories?post=302878"},{"taxonomy":"post_tag","embeddable":true,"href":"https:\/\/www.fiscalia.gov.co\/colombia\/wp-json\/wp\/v2\/tags?post=302878"}],"curies":[{"name":"wp","href":"https:\/\/api.w.org\/{rel}","templated":true}]}}