{"id":302810,"date":"2024-09-27T20:41:05","date_gmt":"2024-09-28T01:41:05","guid":{"rendered":"https:\/\/www.fiscalia.gov.co\/colombia\/?p=302810"},"modified":"2024-09-27T20:41:05","modified_gmt":"2024-09-28T01:41:05","slug":"fiscalia-optimiza-canales-de-denuncia-para-combatir-hurtos-y-extorsiones-durante-temporada-de-fin-de-ano-en-atlantico","status":"publish","type":"post","link":"https:\/\/www.fiscalia.gov.co\/colombia\/noticias\/fiscalia-optimiza-canales-de-denuncia-para-combatir-hurtos-y-extorsiones-durante-temporada-de-fin-de-ano-en-atlantico\/","title":{"rendered":"Fiscal\u00eda optimiza canales de denuncia para combatir hurtos y extorsiones durante temporada de fin de a\u00f1o en Atl\u00e1ntico"},"content":{"rendered":"<p><span lang=\"DE\">La Fiscal\u00eda General de la Naci\u00f3n, en coordinaci\u00f3n con el<strong> Cuerpo T\u00e9cnico de Investigaci\u00f3n (CTI) y el programa Futuro Colombia,<\/strong> <a href=\"https:\/\/www.fiscalia.gov.co\/colombia\/noticias\/fiscalia-lidera-jornada-de-prevencion-y-sensibilizacion-contra-la-trata-de-personas-en-el-atlantico\/\">intensific\u00f3 las acciones judiciales y de denuncia para hacer frente al incremento de hurtos<\/a> durante la temporada de fin de a\u00f1o.<\/span><\/p>\n<figure id=\"attachment_302811\" aria-describedby=\"caption-attachment-302811\" style=\"width: 696px\" class=\"wp-caption aligncenter\"><img loading=\"lazy\" decoding=\"async\" class=\"size-large wp-image-302811\" src=\"https:\/\/www.fiscalia.gov.co\/colombia\/wp-content\/uploads\/CTI-contra-la-extorsion-1024x690.jpeg\" alt=\"En las im\u00e1genes se observa al director Seccional, William Orlando Jaiquel, quien junto a su equipo, resalt\u00f3 el valor de una denuncia oportuna para fortalecer la acci\u00f3n judicial y prevenir la impunidad en estos delitos.\" width=\"696\" height=\"469\" srcset=\"https:\/\/www.fiscalia.gov.co\/colombia\/wp-content\/uploads\/CTI-contra-la-extorsion-1024x690.jpeg 1024w, https:\/\/www.fiscalia.gov.co\/colombia\/wp-content\/uploads\/CTI-contra-la-extorsion-300x202.jpeg 300w, https:\/\/www.fiscalia.gov.co\/colombia\/wp-content\/uploads\/CTI-contra-la-extorsion-768x518.jpeg 768w, https:\/\/www.fiscalia.gov.co\/colombia\/wp-content\/uploads\/CTI-contra-la-extorsion-623x420.jpeg 623w, https:\/\/www.fiscalia.gov.co\/colombia\/wp-content\/uploads\/CTI-contra-la-extorsion-696x469.jpeg 696w, https:\/\/www.fiscalia.gov.co\/colombia\/wp-content\/uploads\/CTI-contra-la-extorsion-1068x720.jpeg 1068w, https:\/\/www.fiscalia.gov.co\/colombia\/wp-content\/uploads\/CTI-contra-la-extorsion.jpeg 1335w\" sizes=\"auto, (max-width: 696px) 100vw, 696px\" \/><figcaption id=\"caption-attachment-302811\" class=\"wp-caption-text\">Fiscal\u00eda Atl\u00e1ntico desarroll\u00f3 dos jornadas de socializaci\u00f3n de los canales de denuncia y rutas de atenci\u00f3n para combatir hurtos y extorsiones durante la temporada de fin de a\u00f1o.<\/figcaption><\/figure>\n<p><span lang=\"DE\">En\u00a0 colaboraci\u00f3n con la Alcald\u00eda de Barranquilla y el Gaula Militar, <strong>se adelantaron dos\u00a0jornadas de socializaci\u00f3n de los canales de denuncia y rutas<\/strong> de atenci\u00f3n para los comerciantes y ciudadanos en general sobre la importancia de utilizar eficientemente las herramientas de d<strong>enuncia para combatir delitos como hurto, extorsi\u00f3n y amenazas.<\/strong><\/span><\/p>\n<p><span lang=\"DE\">La jornada cont\u00f3 con la presencia del director Seccional, William Orlando Jaiquel, quien junto a su equipo, <strong>resalt\u00f3 el valor de una denuncia oportuna para fortalecer la acci\u00f3n judicial y prevenir la impunidad en estos delitos.<\/strong><\/span><\/p>\n<p><span lang=\"DE\">En el marco de esta actividad, que cont\u00f3 con el acompa\u00f1amiento de representantes de la Alcald\u00eda de Barranquilla, el Gaula Militar y personal de seguridad de los principales centros comerciales y gastron\u00f3micos de la ciudad y el departamento, <strong>se sensibiliz\u00f3 a m\u00e1s de 9 mil personas.<\/strong><\/span><strong><span lang=\"DE\">\u00a0 \u00a0 \u00a0 \u00a0\u00a0<\/span><\/strong><\/p>\n<p><span lang=\"DE\">La Fiscal\u00eda a trav\u00e9s de la Seccional Atl\u00e1ntico, reafirm\u00f3 su compromiso con la justicia, y continuar\u00e1 desplegando estas acciones que buscan garantizar el acceso efectivo a los <strong>mecanismos de denuncia y la judicializaci\u00f3n de los responsables de delitos que afectan la tranquilidad de los ciudadanos.<\/strong><\/span><\/p>\n<p><span lang=\"DE\">\u00a0<\/span><\/p>\n<p>&nbsp;<\/p>\n<p>&nbsp;<\/p>\n<p>&nbsp;<\/p>\n<p>&nbsp;<\/p>\n<p><span lang=\"DE\">SKCR\/AMCJ\/MAGA\/PV\/WFOJ\/DSA<\/span><\/p>\n<p>&nbsp;<\/p>\n<p>&nbsp;<\/p>\n<p>&nbsp;<\/p>\n<p>&nbsp;<\/p>\n<div class=\"td-post-content tagdiv-type\">\n<p><em>La informaci\u00f3n contenida en este bolet\u00edn de prensa corresponde a la narraci\u00f3n de los hechos noticiosos objetivos, suministrados por los funcionarios encargados de adelantar las investigaciones penales al interior de la Fiscal\u00eda General de la Naci\u00f3n. Para el momento de la divulgaci\u00f3n de este comunicado, la situaci\u00f3n jur\u00eddica de la(s) persona(s) relacionada(s) se encuentra pendiente de resolver por la autoridad judicial competente, siempre bajo los preceptos de la presunci\u00f3n de inocencia, consagrados en el art\u00edculo 29 de la Constituci\u00f3n Pol\u00edtica y el art\u00edculo 7\u00ba de la Ley 906 de 2004.<\/em><\/p>\n<\/div>\n<footer>\n<div class=\"td-post-source-tags\"><\/div>\n<div class=\"td-post-sharing-bottom\"><\/div>\n<\/footer>\n\n<div class=\"twitter-share\"><a href=\"https:\/\/twitter.com\/intent\/tweet?via=fiscaliacol\" class=\"twitter-share-button\">Tweet<\/a><\/div>\n","protected":false},"excerpt":{"rendered":"<p>La Fiscal\u00eda General de la Naci\u00f3n, en coordinaci\u00f3n con el Cuerpo T\u00e9cnico de Investigaci\u00f3n (CTI) y el programa Futuro Colombia, intensific\u00f3 las acciones judiciales y de denuncia para hacer frente al incremento de hurtos durante la temporada de fin de a\u00f1o. En\u00a0 colaboraci\u00f3n con la Alcald\u00eda de Barranquilla y el Gaula Militar, se adelantaron dos\u00a0jornadas [&hellip;]<\/p>\n","protected":false},"author":177,"featured_media":0,"comment_status":"closed","ping_status":"open","sticky":false,"template":"","format":"standard","meta":{"tdm_status":"","tdm_grid_status":"","footnotes":""},"categories":[24106,1,320,303],"tags":[3119,27335,36845,23829,23982,28241,38731,3393,32277,1770,25007,18320,558,29232,27199,31147,23901],"class_list":{"0":"post-302810","1":"post","2":"type-post","3":"status-publish","4":"format-standard","6":"category-futuro-colombia","7":"category-noticias","8":"category-seccional-barranquilla","9":"category-seccionales","10":"tag-amenazas","11":"tag-area-metropolitana","12":"tag-asesores","13":"tag-barranquilla","14":"tag-barranquilla-atlantico","15":"tag-campana","16":"tag-director","17":"tag-ejercito-nacional","18":"tag-eventos","19":"tag-extorsiones","20":"tag-gaula-militar","21":"tag-hurtos","22":"tag-policia-nacional","23":"tag-ruta","24":"tag-seccional-atlantico","25":"tag-socializacion","26":"tag-soledad"},"yoast_head":"<!-- This site is optimized with the Yoast SEO plugin v24.3 - https:\/\/yoast.com\/wordpress\/plugins\/seo\/ -->\n<title>Fiscal\u00eda General de la Naci\u00f3n<\/title>\n<meta name=\"description\" content=\"P\u00e1gina oficial de la Fiscal\u00eda General de la Naci\u00f3n \u2013 Colombia. Garantizamos el acceso efectivo a la justicia, la verdad y la reparaci\u00f3n de las v\u00edctimas de los delitos.\" \/>\n<meta name=\"robots\" content=\"noindex, follow\" \/>\n<meta property=\"og:locale\" content=\"es_ES\" \/>\n<meta property=\"og:type\" content=\"article\" \/>\n<meta property=\"og:title\" content=\"Fiscal\u00eda General de la Naci\u00f3n\" \/>\n<meta property=\"og:description\" content=\"P\u00e1gina oficial de la Fiscal\u00eda General de la Naci\u00f3n \u2013 Colombia. Garantizamos el acceso efectivo a la justicia, la verdad y la reparaci\u00f3n de las v\u00edctimas de los delitos.\" \/>\n<meta property=\"og:url\" content=\"https:\/\/www.fiscalia.gov.co\/colombia\/noticias\/fiscalia-optimiza-canales-de-denuncia-para-combatir-hurtos-y-extorsiones-durante-temporada-de-fin-de-ano-en-atlantico\/\" \/>\n<meta property=\"og:site_name\" content=\"Fiscal\u00eda General de la Naci\u00f3n\" \/>\n<meta property=\"article:publisher\" content=\"https:\/\/www.facebook.com\/FiscaliaCol\" \/>\n<meta property=\"article:published_time\" content=\"2024-09-28T01:41:05+00:00\" \/>\n<meta property=\"og:image\" content=\"https:\/\/www.fiscalia.gov.co\/colombia\/wp-content\/uploads\/CTI-contra-la-extorsion-1024x690.jpeg\" \/>\n<meta name=\"author\" content=\"Jordan Leandro Oviedo Anzola\" \/>\n<meta name=\"twitter:card\" content=\"summary_large_image\" \/>\n<meta name=\"twitter:creator\" content=\"@FiscaliaCol\" \/>\n<meta name=\"twitter:site\" content=\"@FiscaliaCol\" \/>\n<meta name=\"twitter:label1\" content=\"Escrito por\" \/>\n\t<meta name=\"twitter:data1\" content=\"Jordan Leandro Oviedo Anzola\" \/>\n\t<meta name=\"twitter:label2\" content=\"Tiempo de lectura\" \/>\n\t<meta name=\"twitter:data2\" content=\"2 minutos\" \/>\n<script type=\"application\/ld+json\" class=\"yoast-schema-graph\">{\"@context\":\"https:\/\/schema.org\",\"@graph\":[{\"@type\":\"Article\",\"@id\":\"https:\/\/www.fiscalia.gov.co\/colombia\/noticias\/fiscalia-optimiza-canales-de-denuncia-para-combatir-hurtos-y-extorsiones-durante-temporada-de-fin-de-ano-en-atlantico\/#article\",\"isPartOf\":{\"@id\":\"https:\/\/www.fiscalia.gov.co\/colombia\/noticias\/fiscalia-optimiza-canales-de-denuncia-para-combatir-hurtos-y-extorsiones-durante-temporada-de-fin-de-ano-en-atlantico\/\"},\"author\":{\"name\":\"Jordan Leandro Oviedo Anzola\",\"@id\":\"https:\/\/www.fiscalia.gov.co\/colombia\/#\/schema\/person\/bf84402cf293a5393e9c70b111020b24\"},\"headline\":\"Fiscal\u00eda optimiza canales de denuncia para combatir hurtos y extorsiones durante temporada de fin de a\u00f1o en Atl\u00e1ntico\",\"datePublished\":\"2024-09-28T01:41:05+00:00\",\"dateModified\":\"2024-09-28T01:41:05+00:00\",\"mainEntityOfPage\":{\"@id\":\"https:\/\/www.fiscalia.gov.co\/colombia\/noticias\/fiscalia-optimiza-canales-de-denuncia-para-combatir-hurtos-y-extorsiones-durante-temporada-de-fin-de-ano-en-atlantico\/\"},\"wordCount\":415,\"publisher\":{\"@id\":\"https:\/\/www.fiscalia.gov.co\/colombia\/#organization\"},\"image\":{\"@id\":\"https:\/\/www.fiscalia.gov.co\/colombia\/noticias\/fiscalia-optimiza-canales-de-denuncia-para-combatir-hurtos-y-extorsiones-durante-temporada-de-fin-de-ano-en-atlantico\/#primaryimage\"},\"thumbnailUrl\":\"https:\/\/www.fiscalia.gov.co\/colombia\/wp-content\/uploads\/CTI-contra-la-extorsion-1024x690.jpeg\",\"keywords\":[\"Amenazas\",\"\u00e1rea metropolitana\",\"asesores\",\"Barranquilla\",\"Barranquilla (Atl\u00e1ntico)\",\"campa\u00f1a\",\"director\",\"Ej\u00e9rcito Nacional\",\"eventos\",\"Extorsiones\",\"Gaula Militar\",\"Hurtos\",\"Polic\u00eda Nacional\",\"ruta\",\"Seccional Atl\u00e1ntico\",\"socializaci\u00f3n\",\"Soledad\"],\"articleSection\":[\"Futuro colombia\",\"Noticias\",\"Seccional Barranquilla\",\"Seccionales\"],\"inLanguage\":\"es-CO\"},{\"@type\":\"WebPage\",\"@id\":\"https:\/\/www.fiscalia.gov.co\/colombia\/noticias\/fiscalia-optimiza-canales-de-denuncia-para-combatir-hurtos-y-extorsiones-durante-temporada-de-fin-de-ano-en-atlantico\/\",\"url\":\"https:\/\/www.fiscalia.gov.co\/colombia\/noticias\/fiscalia-optimiza-canales-de-denuncia-para-combatir-hurtos-y-extorsiones-durante-temporada-de-fin-de-ano-en-atlantico\/\",\"name\":\"Fiscal\u00eda General de la Naci\u00f3n\",\"isPartOf\":{\"@id\":\"https:\/\/www.fiscalia.gov.co\/colombia\/#website\"},\"primaryImageOfPage\":{\"@id\":\"https:\/\/www.fiscalia.gov.co\/colombia\/noticias\/fiscalia-optimiza-canales-de-denuncia-para-combatir-hurtos-y-extorsiones-durante-temporada-de-fin-de-ano-en-atlantico\/#primaryimage\"},\"image\":{\"@id\":\"https:\/\/www.fiscalia.gov.co\/colombia\/noticias\/fiscalia-optimiza-canales-de-denuncia-para-combatir-hurtos-y-extorsiones-durante-temporada-de-fin-de-ano-en-atlantico\/#primaryimage\"},\"thumbnailUrl\":\"https:\/\/www.fiscalia.gov.co\/colombia\/wp-content\/uploads\/CTI-contra-la-extorsion-1024x690.jpeg\",\"datePublished\":\"2024-09-28T01:41:05+00:00\",\"dateModified\":\"2024-09-28T01:41:05+00:00\",\"description\":\"P\u00e1gina oficial de la Fiscal\u00eda General de la Naci\u00f3n \u2013 Colombia. Garantizamos el acceso efectivo a la justicia, la verdad y la reparaci\u00f3n de las v\u00edctimas de los delitos.\",\"breadcrumb\":{\"@id\":\"https:\/\/www.fiscalia.gov.co\/colombia\/noticias\/fiscalia-optimiza-canales-de-denuncia-para-combatir-hurtos-y-extorsiones-durante-temporada-de-fin-de-ano-en-atlantico\/#breadcrumb\"},\"inLanguage\":\"es-CO\",\"potentialAction\":[{\"@type\":\"ReadAction\",\"target\":[\"https:\/\/www.fiscalia.gov.co\/colombia\/noticias\/fiscalia-optimiza-canales-de-denuncia-para-combatir-hurtos-y-extorsiones-durante-temporada-de-fin-de-ano-en-atlantico\/\"]}]},{\"@type\":\"ImageObject\",\"inLanguage\":\"es-CO\",\"@id\":\"https:\/\/www.fiscalia.gov.co\/colombia\/noticias\/fiscalia-optimiza-canales-de-denuncia-para-combatir-hurtos-y-extorsiones-durante-temporada-de-fin-de-ano-en-atlantico\/#primaryimage\",\"url\":\"https:\/\/www.fiscalia.gov.co\/colombia\/wp-content\/uploads\/CTI-contra-la-extorsion.jpeg\",\"contentUrl\":\"https:\/\/www.fiscalia.gov.co\/colombia\/wp-content\/uploads\/CTI-contra-la-extorsion.jpeg\",\"width\":1335,\"height\":900,\"caption\":\"Fiscal\u00eda Atl\u00e1ntico desarroll\u00f3 dos jornadas de socializaci\u00f3n de los canales de denuncia y rutas de atenci\u00f3n para combatir hurtos y extorsiones durante la temporada de fin de a\u00f1o.\"},{\"@type\":\"BreadcrumbList\",\"@id\":\"https:\/\/www.fiscalia.gov.co\/colombia\/noticias\/fiscalia-optimiza-canales-de-denuncia-para-combatir-hurtos-y-extorsiones-durante-temporada-de-fin-de-ano-en-atlantico\/#breadcrumb\",\"itemListElement\":[{\"@type\":\"ListItem\",\"position\":1,\"name\":\"Home\",\"item\":\"https:\/\/www.fiscalia.gov.co\/colombia\/\"},{\"@type\":\"ListItem\",\"position\":2,\"name\":\"Fiscal\u00eda optimiza canales de denuncia para combatir hurtos y extorsiones durante temporada de fin de a\u00f1o en Atl\u00e1ntico\"}]},{\"@type\":\"WebSite\",\"@id\":\"https:\/\/www.fiscalia.gov.co\/colombia\/#website\",\"url\":\"https:\/\/www.fiscalia.gov.co\/colombia\/\",\"name\":\"Fiscal\u00eda General de la Naci\u00f3n\",\"description\":\"P\u00e1gina oficial de la Fiscal\u00eda General de la Naci\u00f3n \u2013 Colombia. Garantizamos el acceso efectivo a la justicia, la verdad y la reparaci\u00f3n de las v\u00edctimas de los delitos.\",\"publisher\":{\"@id\":\"https:\/\/www.fiscalia.gov.co\/colombia\/#organization\"},\"potentialAction\":[{\"@type\":\"SearchAction\",\"target\":{\"@type\":\"EntryPoint\",\"urlTemplate\":\"https:\/\/www.fiscalia.gov.co\/colombia\/?s={search_term_string}\"},\"query-input\":{\"@type\":\"PropertyValueSpecification\",\"valueRequired\":true,\"valueName\":\"search_term_string\"}}],\"inLanguage\":\"es-CO\"},{\"@type\":\"Organization\",\"@id\":\"https:\/\/www.fiscalia.gov.co\/colombia\/#organization\",\"name\":\"Fiscal\u00eda General de la Naci\u00f3n\",\"url\":\"https:\/\/www.fiscalia.gov.co\/colombia\/\",\"logo\":{\"@type\":\"ImageObject\",\"inLanguage\":\"es-CO\",\"@id\":\"https:\/\/www.fiscalia.gov.co\/colombia\/#\/schema\/logo\/image\/\",\"url\":\"https:\/\/www.fiscalia.gov.co\/colombia\/wp-content\/uploads\/LogoHorizontal_1.jpg\",\"contentUrl\":\"https:\/\/www.fiscalia.gov.co\/colombia\/wp-content\/uploads\/LogoHorizontal_1.jpg\",\"width\":300,\"height\":90,\"caption\":\"Fiscal\u00eda General de la Naci\u00f3n\"},\"image\":{\"@id\":\"https:\/\/www.fiscalia.gov.co\/colombia\/#\/schema\/logo\/image\/\"},\"sameAs\":[\"https:\/\/www.facebook.com\/FiscaliaCol\",\"https:\/\/x.com\/FiscaliaCol\",\"https:\/\/www.instagram.com\/fiscaliacol\",\"https:\/\/www.linkedin.com\/company\/fiscalia-general-de-la-naci-n\/\",\"https:\/\/youtube.com\/@fiscaliageneraldelanacion-4668?si=6nN79nyQICPU5iTh\"]},{\"@type\":\"Person\",\"@id\":\"https:\/\/www.fiscalia.gov.co\/colombia\/#\/schema\/person\/bf84402cf293a5393e9c70b111020b24\",\"name\":\"Jordan Leandro Oviedo Anzola\",\"image\":{\"@type\":\"ImageObject\",\"inLanguage\":\"es-CO\",\"@id\":\"https:\/\/www.fiscalia.gov.co\/colombia\/#\/schema\/person\/image\/\",\"url\":\"https:\/\/secure.gravatar.com\/avatar\/dabba4346fa9b9207d96adafa8f92721?s=96&d=mm&r=g\",\"contentUrl\":\"https:\/\/secure.gravatar.com\/avatar\/dabba4346fa9b9207d96adafa8f92721?s=96&d=mm&r=g\",\"caption\":\"Jordan Leandro Oviedo Anzola\"},\"url\":\"https:\/\/www.fiscalia.gov.co\/colombia\/author\/joviedo\/\"}]}<\/script>\n<!-- \/ Yoast SEO plugin. -->","yoast_head_json":{"title":"Fiscal\u00eda General de la Naci\u00f3n","description":"P\u00e1gina oficial de la Fiscal\u00eda General de la Naci\u00f3n \u2013 Colombia. Garantizamos el acceso efectivo a la justicia, la verdad y la reparaci\u00f3n de las v\u00edctimas de los delitos.","robots":{"index":"noindex","follow":"follow"},"og_locale":"es_ES","og_type":"article","og_title":"Fiscal\u00eda General de la Naci\u00f3n","og_description":"P\u00e1gina oficial de la Fiscal\u00eda General de la Naci\u00f3n \u2013 Colombia. Garantizamos el acceso efectivo a la justicia, la verdad y la reparaci\u00f3n de las v\u00edctimas de los delitos.","og_url":"https:\/\/www.fiscalia.gov.co\/colombia\/noticias\/fiscalia-optimiza-canales-de-denuncia-para-combatir-hurtos-y-extorsiones-durante-temporada-de-fin-de-ano-en-atlantico\/","og_site_name":"Fiscal\u00eda General de la Naci\u00f3n","article_publisher":"https:\/\/www.facebook.com\/FiscaliaCol","article_published_time":"2024-09-28T01:41:05+00:00","og_image":[{"url":"https:\/\/www.fiscalia.gov.co\/colombia\/wp-content\/uploads\/CTI-contra-la-extorsion-1024x690.jpeg","type":"","width":"","height":""}],"author":"Jordan Leandro Oviedo Anzola","twitter_card":"summary_large_image","twitter_creator":"@FiscaliaCol","twitter_site":"@FiscaliaCol","twitter_misc":{"Escrito por":"Jordan Leandro Oviedo Anzola","Tiempo de lectura":"2 minutos"},"schema":{"@context":"https:\/\/schema.org","@graph":[{"@type":"Article","@id":"https:\/\/www.fiscalia.gov.co\/colombia\/noticias\/fiscalia-optimiza-canales-de-denuncia-para-combatir-hurtos-y-extorsiones-durante-temporada-de-fin-de-ano-en-atlantico\/#article","isPartOf":{"@id":"https:\/\/www.fiscalia.gov.co\/colombia\/noticias\/fiscalia-optimiza-canales-de-denuncia-para-combatir-hurtos-y-extorsiones-durante-temporada-de-fin-de-ano-en-atlantico\/"},"author":{"name":"Jordan Leandro Oviedo Anzola","@id":"https:\/\/www.fiscalia.gov.co\/colombia\/#\/schema\/person\/bf84402cf293a5393e9c70b111020b24"},"headline":"Fiscal\u00eda optimiza canales de denuncia para combatir hurtos y extorsiones durante temporada de fin de a\u00f1o en Atl\u00e1ntico","datePublished":"2024-09-28T01:41:05+00:00","dateModified":"2024-09-28T01:41:05+00:00","mainEntityOfPage":{"@id":"https:\/\/www.fiscalia.gov.co\/colombia\/noticias\/fiscalia-optimiza-canales-de-denuncia-para-combatir-hurtos-y-extorsiones-durante-temporada-de-fin-de-ano-en-atlantico\/"},"wordCount":415,"publisher":{"@id":"https:\/\/www.fiscalia.gov.co\/colombia\/#organization"},"image":{"@id":"https:\/\/www.fiscalia.gov.co\/colombia\/noticias\/fiscalia-optimiza-canales-de-denuncia-para-combatir-hurtos-y-extorsiones-durante-temporada-de-fin-de-ano-en-atlantico\/#primaryimage"},"thumbnailUrl":"https:\/\/www.fiscalia.gov.co\/colombia\/wp-content\/uploads\/CTI-contra-la-extorsion-1024x690.jpeg","keywords":["Amenazas","\u00e1rea metropolitana","asesores","Barranquilla","Barranquilla (Atl\u00e1ntico)","campa\u00f1a","director","Ej\u00e9rcito Nacional","eventos","Extorsiones","Gaula Militar","Hurtos","Polic\u00eda Nacional","ruta","Seccional Atl\u00e1ntico","socializaci\u00f3n","Soledad"],"articleSection":["Futuro colombia","Noticias","Seccional Barranquilla","Seccionales"],"inLanguage":"es-CO"},{"@type":"WebPage","@id":"https:\/\/www.fiscalia.gov.co\/colombia\/noticias\/fiscalia-optimiza-canales-de-denuncia-para-combatir-hurtos-y-extorsiones-durante-temporada-de-fin-de-ano-en-atlantico\/","url":"https:\/\/www.fiscalia.gov.co\/colombia\/noticias\/fiscalia-optimiza-canales-de-denuncia-para-combatir-hurtos-y-extorsiones-durante-temporada-de-fin-de-ano-en-atlantico\/","name":"Fiscal\u00eda General de la Naci\u00f3n","isPartOf":{"@id":"https:\/\/www.fiscalia.gov.co\/colombia\/#website"},"primaryImageOfPage":{"@id":"https:\/\/www.fiscalia.gov.co\/colombia\/noticias\/fiscalia-optimiza-canales-de-denuncia-para-combatir-hurtos-y-extorsiones-durante-temporada-de-fin-de-ano-en-atlantico\/#primaryimage"},"image":{"@id":"https:\/\/www.fiscalia.gov.co\/colombia\/noticias\/fiscalia-optimiza-canales-de-denuncia-para-combatir-hurtos-y-extorsiones-durante-temporada-de-fin-de-ano-en-atlantico\/#primaryimage"},"thumbnailUrl":"https:\/\/www.fiscalia.gov.co\/colombia\/wp-content\/uploads\/CTI-contra-la-extorsion-1024x690.jpeg","datePublished":"2024-09-28T01:41:05+00:00","dateModified":"2024-09-28T01:41:05+00:00","description":"P\u00e1gina oficial de la Fiscal\u00eda General de la Naci\u00f3n \u2013 Colombia. Garantizamos el acceso efectivo a la justicia, la verdad y la reparaci\u00f3n de las v\u00edctimas de los delitos.","breadcrumb":{"@id":"https:\/\/www.fiscalia.gov.co\/colombia\/noticias\/fiscalia-optimiza-canales-de-denuncia-para-combatir-hurtos-y-extorsiones-durante-temporada-de-fin-de-ano-en-atlantico\/#breadcrumb"},"inLanguage":"es-CO","potentialAction":[{"@type":"ReadAction","target":["https:\/\/www.fiscalia.gov.co\/colombia\/noticias\/fiscalia-optimiza-canales-de-denuncia-para-combatir-hurtos-y-extorsiones-durante-temporada-de-fin-de-ano-en-atlantico\/"]}]},{"@type":"ImageObject","inLanguage":"es-CO","@id":"https:\/\/www.fiscalia.gov.co\/colombia\/noticias\/fiscalia-optimiza-canales-de-denuncia-para-combatir-hurtos-y-extorsiones-durante-temporada-de-fin-de-ano-en-atlantico\/#primaryimage","url":"https:\/\/www.fiscalia.gov.co\/colombia\/wp-content\/uploads\/CTI-contra-la-extorsion.jpeg","contentUrl":"https:\/\/www.fiscalia.gov.co\/colombia\/wp-content\/uploads\/CTI-contra-la-extorsion.jpeg","width":1335,"height":900,"caption":"Fiscal\u00eda Atl\u00e1ntico desarroll\u00f3 dos jornadas de socializaci\u00f3n de los canales de denuncia y rutas de atenci\u00f3n para combatir hurtos y extorsiones durante la temporada de fin de a\u00f1o."},{"@type":"BreadcrumbList","@id":"https:\/\/www.fiscalia.gov.co\/colombia\/noticias\/fiscalia-optimiza-canales-de-denuncia-para-combatir-hurtos-y-extorsiones-durante-temporada-de-fin-de-ano-en-atlantico\/#breadcrumb","itemListElement":[{"@type":"ListItem","position":1,"name":"Home","item":"https:\/\/www.fiscalia.gov.co\/colombia\/"},{"@type":"ListItem","position":2,"name":"Fiscal\u00eda optimiza canales de denuncia para combatir hurtos y extorsiones durante temporada de fin de a\u00f1o en Atl\u00e1ntico"}]},{"@type":"WebSite","@id":"https:\/\/www.fiscalia.gov.co\/colombia\/#website","url":"https:\/\/www.fiscalia.gov.co\/colombia\/","name":"Fiscal\u00eda General de la Naci\u00f3n","description":"P\u00e1gina oficial de la Fiscal\u00eda General de la Naci\u00f3n \u2013 Colombia. Garantizamos el acceso efectivo a la justicia, la verdad y la reparaci\u00f3n de las v\u00edctimas de los delitos.","publisher":{"@id":"https:\/\/www.fiscalia.gov.co\/colombia\/#organization"},"potentialAction":[{"@type":"SearchAction","target":{"@type":"EntryPoint","urlTemplate":"https:\/\/www.fiscalia.gov.co\/colombia\/?s={search_term_string}"},"query-input":{"@type":"PropertyValueSpecification","valueRequired":true,"valueName":"search_term_string"}}],"inLanguage":"es-CO"},{"@type":"Organization","@id":"https:\/\/www.fiscalia.gov.co\/colombia\/#organization","name":"Fiscal\u00eda General de la Naci\u00f3n","url":"https:\/\/www.fiscalia.gov.co\/colombia\/","logo":{"@type":"ImageObject","inLanguage":"es-CO","@id":"https:\/\/www.fiscalia.gov.co\/colombia\/#\/schema\/logo\/image\/","url":"https:\/\/www.fiscalia.gov.co\/colombia\/wp-content\/uploads\/LogoHorizontal_1.jpg","contentUrl":"https:\/\/www.fiscalia.gov.co\/colombia\/wp-content\/uploads\/LogoHorizontal_1.jpg","width":300,"height":90,"caption":"Fiscal\u00eda General de la Naci\u00f3n"},"image":{"@id":"https:\/\/www.fiscalia.gov.co\/colombia\/#\/schema\/logo\/image\/"},"sameAs":["https:\/\/www.facebook.com\/FiscaliaCol","https:\/\/x.com\/FiscaliaCol","https:\/\/www.instagram.com\/fiscaliacol","https:\/\/www.linkedin.com\/company\/fiscalia-general-de-la-naci-n\/","https:\/\/youtube.com\/@fiscaliageneraldelanacion-4668?si=6nN79nyQICPU5iTh"]},{"@type":"Person","@id":"https:\/\/www.fiscalia.gov.co\/colombia\/#\/schema\/person\/bf84402cf293a5393e9c70b111020b24","name":"Jordan Leandro Oviedo Anzola","image":{"@type":"ImageObject","inLanguage":"es-CO","@id":"https:\/\/www.fiscalia.gov.co\/colombia\/#\/schema\/person\/image\/","url":"https:\/\/secure.gravatar.com\/avatar\/dabba4346fa9b9207d96adafa8f92721?s=96&d=mm&r=g","contentUrl":"https:\/\/secure.gravatar.com\/avatar\/dabba4346fa9b9207d96adafa8f92721?s=96&d=mm&r=g","caption":"Jordan Leandro Oviedo Anzola"},"url":"https:\/\/www.fiscalia.gov.co\/colombia\/author\/joviedo\/"}]}},"_links":{"self":[{"href":"https:\/\/www.fiscalia.gov.co\/colombia\/wp-json\/wp\/v2\/posts\/302810","targetHints":{"allow":["GET"]}}],"collection":[{"href":"https:\/\/www.fiscalia.gov.co\/colombia\/wp-json\/wp\/v2\/posts"}],"about":[{"href":"https:\/\/www.fiscalia.gov.co\/colombia\/wp-json\/wp\/v2\/types\/post"}],"author":[{"embeddable":true,"href":"https:\/\/www.fiscalia.gov.co\/colombia\/wp-json\/wp\/v2\/users\/177"}],"replies":[{"embeddable":true,"href":"https:\/\/www.fiscalia.gov.co\/colombia\/wp-json\/wp\/v2\/comments?post=302810"}],"version-history":[{"count":1,"href":"https:\/\/www.fiscalia.gov.co\/colombia\/wp-json\/wp\/v2\/posts\/302810\/revisions"}],"predecessor-version":[{"id":302812,"href":"https:\/\/www.fiscalia.gov.co\/colombia\/wp-json\/wp\/v2\/posts\/302810\/revisions\/302812"}],"wp:attachment":[{"href":"https:\/\/www.fiscalia.gov.co\/colombia\/wp-json\/wp\/v2\/media?parent=302810"}],"wp:term":[{"taxonomy":"category","embeddable":true,"href":"https:\/\/www.fiscalia.gov.co\/colombia\/wp-json\/wp\/v2\/categories?post=302810"},{"taxonomy":"post_tag","embeddable":true,"href":"https:\/\/www.fiscalia.gov.co\/colombia\/wp-json\/wp\/v2\/tags?post=302810"}],"curies":[{"name":"wp","href":"https:\/\/api.w.org\/{rel}","templated":true}]}}