{"id":302714,"date":"2024-09-26T14:09:23","date_gmt":"2024-09-26T19:09:23","guid":{"rendered":"https:\/\/www.fiscalia.gov.co\/colombia\/?p=302714"},"modified":"2024-09-26T14:09:23","modified_gmt":"2024-09-26T19:09:23","slug":"imputan-cargos-a-presuntos-responsables-de-estafar-adultos-mayores-en-medellin-y-el-oriente-antioqueno","status":"publish","type":"post","link":"https:\/\/www.fiscalia.gov.co\/colombia\/noticias\/imputan-cargos-a-presuntos-responsables-de-estafar-adultos-mayores-en-medellin-y-el-oriente-antioqueno\/","title":{"rendered":"Imputan cargos a presuntos responsables de estafar adultos mayores en Medell\u00edn y el Oriente antioque\u00f1o"},"content":{"rendered":"<div id=\"m_7714495318784593758m_-1218915040773546616divRplyFwdMsg\" dir=\"ltr\">\n<h4 style=\"text-align: center;\"><strong><i>Uno de los investigados habr\u00eda\u00a0usado una emisora de su propiedad\u00a0para captar a las v\u00edctimas y hacerles creer que estaban siendo objeto de brujer\u00eda.<\/i><\/strong><\/h4>\n<figure id=\"attachment_302715\" aria-describedby=\"caption-attachment-302715\" style=\"width: 696px\" class=\"wp-caption aligncenter\"><img loading=\"lazy\" decoding=\"async\" class=\"size-large wp-image-302715\" src=\"https:\/\/www.fiscalia.gov.co\/colombia\/wp-content\/uploads\/German-Antonio-Duque-Ramirez-Jhoan-Stiven-Patino-Eusse-Fabian-Andres-Valencia-Giron-y-Diego-Alejandro-Vargas-Ossa-1024x576.jpg\" alt=\"En la fotograf\u00eda est\u00e1n los 4 proceados con servidores del CTI a los lados y un pend\u00f3 azul de la Fiscal\u00eda General de la Naci\u00f3n\" width=\"696\" height=\"392\" srcset=\"https:\/\/www.fiscalia.gov.co\/colombia\/wp-content\/uploads\/German-Antonio-Duque-Ramirez-Jhoan-Stiven-Patino-Eusse-Fabian-Andres-Valencia-Giron-y-Diego-Alejandro-Vargas-Ossa-1024x576.jpg 1024w, https:\/\/www.fiscalia.gov.co\/colombia\/wp-content\/uploads\/German-Antonio-Duque-Ramirez-Jhoan-Stiven-Patino-Eusse-Fabian-Andres-Valencia-Giron-y-Diego-Alejandro-Vargas-Ossa-300x169.jpg 300w, https:\/\/www.fiscalia.gov.co\/colombia\/wp-content\/uploads\/German-Antonio-Duque-Ramirez-Jhoan-Stiven-Patino-Eusse-Fabian-Andres-Valencia-Giron-y-Diego-Alejandro-Vargas-Ossa-768x432.jpg 768w, https:\/\/www.fiscalia.gov.co\/colombia\/wp-content\/uploads\/German-Antonio-Duque-Ramirez-Jhoan-Stiven-Patino-Eusse-Fabian-Andres-Valencia-Giron-y-Diego-Alejandro-Vargas-Ossa-1536x864.jpg 1536w, https:\/\/www.fiscalia.gov.co\/colombia\/wp-content\/uploads\/German-Antonio-Duque-Ramirez-Jhoan-Stiven-Patino-Eusse-Fabian-Andres-Valencia-Giron-y-Diego-Alejandro-Vargas-Ossa-747x420.jpg 747w, https:\/\/www.fiscalia.gov.co\/colombia\/wp-content\/uploads\/German-Antonio-Duque-Ramirez-Jhoan-Stiven-Patino-Eusse-Fabian-Andres-Valencia-Giron-y-Diego-Alejandro-Vargas-Ossa-696x392.jpg 696w, https:\/\/www.fiscalia.gov.co\/colombia\/wp-content\/uploads\/German-Antonio-Duque-Ramirez-Jhoan-Stiven-Patino-Eusse-Fabian-Andres-Valencia-Giron-y-Diego-Alejandro-Vargas-Ossa-1068x601.jpg 1068w, https:\/\/www.fiscalia.gov.co\/colombia\/wp-content\/uploads\/German-Antonio-Duque-Ramirez-Jhoan-Stiven-Patino-Eusse-Fabian-Andres-Valencia-Giron-y-Diego-Alejandro-Vargas-Ossa.jpg 1600w\" sizes=\"auto, (max-width: 696px) 100vw, 696px\" \/><figcaption id=\"caption-attachment-302715\" class=\"wp-caption-text\">Presuntos responsables de estafar adultos mayores, a quienes les hac\u00edan creer deshacer que ten\u00edan maldiciones en su contra<\/figcaption><\/figure>\n<p>Ante un\u00a0juez de control de garant\u00edas de Medell\u00edn, la Fiscal\u00eda General de la Naci\u00f3n imput\u00f3 cargos\u00a0a cuatro presuntos <strong>integrantes de una banda delincuencial que habr\u00eda estafado a numerosos adultos mayores.<\/strong> El ente investigador determin\u00f3 que los procesados, al parecer, les cobraban altas sumas a las v\u00edctimas para deshacer supuestas maldiciones en su contra.<\/p>\n<p>Se trata de Germ\u00e1n Antonio Duque Ram\u00edrez, Jhoan Stiven Pati\u00f1o Eusse, alias Andr\u00e9s; Fabi\u00e1n Andr\u00e9s Valencia Gir\u00f3n, alias Joel o el Maestro David; y Diego Alejandro Vargas Ossa, alias Pepe o el Cardenal, <strong>quienes deber\u00e1n responder por los delitos de concierto para delinquir y estafa agravada en la modalidad de delito masa.<\/strong><\/p>\n<p>Los hechos investigados ocurrieron, entre los a\u00f1os 2018 y 2024, en\u00a0Medell\u00edn y en los <strong>municipios de Rionegro, La Ceja, La Uni\u00f3n, Abejorral, El Carmen de Viboral e Itag\u00fc\u00ed.<\/strong>\u00a0<a href=\"https:\/\/www.fiscalia.gov.co\/colombia\/noticias\/a-la-carcel-falso-angeologo-por-abusar-sexualmente-de-varias-mujeres-en-medellin\/\">Durante el periodo en que habr\u00edan incurrido en las estafas<\/a>, se cree que la red ilegal obtuvo ganancias ilegales superiores a los 1.000 millones de pesos.<\/p>\n<p><b><u>La investigaci\u00f3n<\/u><\/b><\/p>\n<p>Labores del Cuerpo T\u00e9cnico de Investigaci\u00f3n evidenciaron que los investigados habr\u00edan utilizado el espacio radial de esoterismo en una emisora, propiedad de Valencia Gir\u00f3n, <strong>para captar a las v\u00edctimas y hacerles creer que ellas o sus propiedades estaban bajo el influjo de supuestas maldiciones.<\/strong><\/p>\n<p>Para reforzar el enga\u00f1o los procesados ideaban las condiciones para ingresar a los predios de los ciudadanos, y sin que estos se percataran, enterraban peque\u00f1os cofres con osamentas y amuletos. <strong>Luego les indicaban a las v\u00edctimas el lugar del entierro para enfatizar sus versiones y causarles temor e incertidumbre.<\/strong><\/p>\n<p>Por ayudarles a salir de las supuestas maldiciones los procesados habr\u00edan cobrado millonarias sumas, y les suministraban un n\u00famero con el que les aseguraban podr\u00edan ganarse la loter\u00eda.\u00a0Una de las v\u00edctimas, al parecer,<strong> entreg\u00f3 m\u00e1s de 30 millones de pesos como pago de eucarist\u00edas que se cumplir\u00edan en la sede papal en Roma (Italia).<\/strong> En otros tres casos, ciudadanos se cree, vendieron sus casas a los presuntos delincuentes, sin nunca recibir dinero por ellas.<\/p>\n<p>Por decisi\u00f3n del juez del caso los investigados no fueron privados de la libertad, y deber\u00e1n demostrar buena conducta, presentarse cuando sean requeridos por la justicia y no podr\u00e1n salir del pa\u00eds, ni seguir ejerciendo actividades de esoterismo.<\/p>\n<p><strong>Valencia Gir\u00f3n no podr\u00e1 asistir a la emisora\u00a0y deber\u00e1 anular cualquier mensaje radial en el que se anuncien tratamientos curativos o relacionados con el esoterismo.<\/strong><\/p>\n<p>La Fiscal\u00eda apel\u00f3 la decisi\u00f3n que no les impone medida de aseguramiento en centro carcelario, por considerar que para este caso es procedente una \u00a0la medida privativa de la libertad.<\/p>\n<p>Ninguno de los procesados se allan\u00f3 a los cargos imputados.<\/p>\n<\/div>\n<p>&nbsp;<\/p>\n<p>&nbsp;<\/p>\n<p>&nbsp;<\/p>\n<p>&nbsp;<\/p>\n<p>LFML\/AHP\/LMFO\/MAGA\/DSM<\/p>\n<p>&nbsp;<\/p>\n<p>&nbsp;<\/p>\n<p>&nbsp;<\/p>\n<p>&nbsp;<\/p>\n<p>&nbsp;<\/p>\n<div class=\"td-post-content tagdiv-type\">\n<div class=\"td-post-content tagdiv-type\">\n<p><em>La informaci\u00f3n contenida en este bolet\u00edn de prensa corresponde a la narraci\u00f3n de los hechos noticiosos objetivos, y las investigaciones penales al interior de la Fiscal\u00eda General de la Naci\u00f3n. Para el momento de la divulgaci\u00f3n de este comunicado, la situaci\u00f3n jur\u00eddica de la(s) persona(s) relacionada(s) se encuentra pendiente de resolver por la autoridad judicial competente, siempre bajo los preceptos de la presunci\u00f3n de inocencia, consagrados en el art\u00edculo 29 de la Constituci\u00f3n Pol\u00edtica y el art\u00edculo 7\u00ba de la Ley 906 de 2004.<\/em><\/p>\n<\/div>\n<\/div>\n\n<div class=\"twitter-share\"><a href=\"https:\/\/twitter.com\/intent\/tweet?via=fiscaliacol\" class=\"twitter-share-button\">Tweet<\/a><\/div>\n","protected":false},"excerpt":{"rendered":"<p>Uno de los investigados habr\u00eda\u00a0usado una emisora de su propiedad\u00a0para captar a las v\u00edctimas y hacerles creer que estaban siendo objeto de brujer\u00eda. Ante un\u00a0juez de control de garant\u00edas de [&hellip;]<\/p>\n","protected":false},"author":177,"featured_media":0,"comment_status":"closed","ping_status":"open","sticky":false,"template":"","format":"standard","meta":{"tdm_status":"","tdm_grid_status":"","footnotes":""},"categories":[1,318,331,303,24099],"tags":[38708,83,45,38706,38707,1047,15474,38709,270,23985,38710],"class_list":["post-302714","post","type-post","status-publish","format-standard","category-noticias","category-seccional-antioquia","category-seccional-medellin","category-seccionales","category-seguridad-territorial","tag-actividades-esotericas","tag-concierto-para-delinquir","tag-cti","tag-cuatro-investigados","tag-estafa-agravada-en-la-modalidad-de-delito-masa","tag-fiscalia-general-de-la-nacion","tag-imputacion-de-cargos","tag-itagui-y-varios-municipios-del-oriente-antioqueno","tag-medellinc","tag-medellin-antioquia","tag-propietario-de-una-emisora"],"yoast_head":"<!-- This site is optimized with the Yoast SEO plugin v24.3 - https:\/\/yoast.com\/wordpress\/plugins\/seo\/ -->\n<title>Fiscal\u00eda General de la Naci\u00f3n<\/title>\n<meta name=\"description\" content=\"P\u00e1gina oficial de la Fiscal\u00eda General de la Naci\u00f3n \u2013 Colombia. Garantizamos el acceso efectivo a la justicia, la verdad y la reparaci\u00f3n de las v\u00edctimas de los delitos.\" \/>\n<meta name=\"robots\" content=\"noindex, follow\" \/>\n<meta property=\"og:locale\" content=\"es_ES\" \/>\n<meta property=\"og:type\" content=\"article\" \/>\n<meta property=\"og:title\" content=\"Fiscal\u00eda General de la Naci\u00f3n\" \/>\n<meta property=\"og:description\" content=\"P\u00e1gina oficial de la Fiscal\u00eda General de la Naci\u00f3n \u2013 Colombia. Garantizamos el acceso efectivo a la justicia, la verdad y la reparaci\u00f3n de las v\u00edctimas de los delitos.\" \/>\n<meta property=\"og:url\" content=\"https:\/\/www.fiscalia.gov.co\/colombia\/noticias\/imputan-cargos-a-presuntos-responsables-de-estafar-adultos-mayores-en-medellin-y-el-oriente-antioqueno\/\" \/>\n<meta property=\"og:site_name\" content=\"Fiscal\u00eda General de la Naci\u00f3n\" \/>\n<meta property=\"article:publisher\" content=\"https:\/\/www.facebook.com\/FiscaliaCol\" \/>\n<meta property=\"article:published_time\" content=\"2024-09-26T19:09:23+00:00\" \/>\n<meta property=\"og:image\" content=\"https:\/\/www.fiscalia.gov.co\/colombia\/wp-content\/uploads\/German-Antonio-Duque-Ramirez-Jhoan-Stiven-Patino-Eusse-Fabian-Andres-Valencia-Giron-y-Diego-Alejandro-Vargas-Ossa-1024x576.jpg\" \/>\n<meta name=\"author\" content=\"Jordan Leandro Oviedo Anzola\" \/>\n<meta name=\"twitter:card\" content=\"summary_large_image\" \/>\n<meta name=\"twitter:creator\" content=\"@FiscaliaCol\" \/>\n<meta name=\"twitter:site\" content=\"@FiscaliaCol\" \/>\n<meta name=\"twitter:label1\" content=\"Escrito por\" \/>\n\t<meta name=\"twitter:data1\" content=\"Jordan Leandro Oviedo Anzola\" \/>\n\t<meta name=\"twitter:label2\" content=\"Tiempo de lectura\" \/>\n\t<meta name=\"twitter:data2\" content=\"3 minutos\" \/>\n<script type=\"application\/ld+json\" class=\"yoast-schema-graph\">{\"@context\":\"https:\/\/schema.org\",\"@graph\":[{\"@type\":\"Article\",\"@id\":\"https:\/\/www.fiscalia.gov.co\/colombia\/noticias\/imputan-cargos-a-presuntos-responsables-de-estafar-adultos-mayores-en-medellin-y-el-oriente-antioqueno\/#article\",\"isPartOf\":{\"@id\":\"https:\/\/www.fiscalia.gov.co\/colombia\/noticias\/imputan-cargos-a-presuntos-responsables-de-estafar-adultos-mayores-en-medellin-y-el-oriente-antioqueno\/\"},\"author\":{\"name\":\"Jordan Leandro Oviedo Anzola\",\"@id\":\"https:\/\/www.fiscalia.gov.co\/colombia\/#\/schema\/person\/bf84402cf293a5393e9c70b111020b24\"},\"headline\":\"Imputan cargos a presuntos responsables de estafar adultos mayores en Medell\u00edn y el Oriente antioque\u00f1o\",\"datePublished\":\"2024-09-26T19:09:23+00:00\",\"dateModified\":\"2024-09-26T19:09:23+00:00\",\"mainEntityOfPage\":{\"@id\":\"https:\/\/www.fiscalia.gov.co\/colombia\/noticias\/imputan-cargos-a-presuntos-responsables-de-estafar-adultos-mayores-en-medellin-y-el-oriente-antioqueno\/\"},\"wordCount\":656,\"publisher\":{\"@id\":\"https:\/\/www.fiscalia.gov.co\/colombia\/#organization\"},\"image\":{\"@id\":\"https:\/\/www.fiscalia.gov.co\/colombia\/noticias\/imputan-cargos-a-presuntos-responsables-de-estafar-adultos-mayores-en-medellin-y-el-oriente-antioqueno\/#primaryimage\"},\"thumbnailUrl\":\"https:\/\/www.fiscalia.gov.co\/colombia\/wp-content\/uploads\/German-Antonio-Duque-Ramirez-Jhoan-Stiven-Patino-Eusse-Fabian-Andres-Valencia-Giron-y-Diego-Alejandro-Vargas-Ossa-1024x576.jpg\",\"keywords\":[\"actividades esot\u00e9ricas\",\"Concierto para delinquir\",\"CTI\",\"cuatro investigados\",\"estafa agravada en la modalidad de delito masa\",\"Fiscal\u00eda General de la Naci\u00f3n\",\"Imputaci\u00f3n de cargos\",\"Itag\u00fc\u00ed y varios municipios del oriente antioque\u00f1o\",\"Medell\u00edn\",\"Medell\u00edn (Antioquia)\",\"propietario de una emisora\"],\"articleSection\":[\"Noticias\",\"Seccional Antioquia\",\"Seccional Medell\u00edn\",\"Seccionales\",\"Seguridad territorial\"],\"inLanguage\":\"es-CO\"},{\"@type\":\"WebPage\",\"@id\":\"https:\/\/www.fiscalia.gov.co\/colombia\/noticias\/imputan-cargos-a-presuntos-responsables-de-estafar-adultos-mayores-en-medellin-y-el-oriente-antioqueno\/\",\"url\":\"https:\/\/www.fiscalia.gov.co\/colombia\/noticias\/imputan-cargos-a-presuntos-responsables-de-estafar-adultos-mayores-en-medellin-y-el-oriente-antioqueno\/\",\"name\":\"Fiscal\u00eda General de la Naci\u00f3n\",\"isPartOf\":{\"@id\":\"https:\/\/www.fiscalia.gov.co\/colombia\/#website\"},\"primaryImageOfPage\":{\"@id\":\"https:\/\/www.fiscalia.gov.co\/colombia\/noticias\/imputan-cargos-a-presuntos-responsables-de-estafar-adultos-mayores-en-medellin-y-el-oriente-antioqueno\/#primaryimage\"},\"image\":{\"@id\":\"https:\/\/www.fiscalia.gov.co\/colombia\/noticias\/imputan-cargos-a-presuntos-responsables-de-estafar-adultos-mayores-en-medellin-y-el-oriente-antioqueno\/#primaryimage\"},\"thumbnailUrl\":\"https:\/\/www.fiscalia.gov.co\/colombia\/wp-content\/uploads\/German-Antonio-Duque-Ramirez-Jhoan-Stiven-Patino-Eusse-Fabian-Andres-Valencia-Giron-y-Diego-Alejandro-Vargas-Ossa-1024x576.jpg\",\"datePublished\":\"2024-09-26T19:09:23+00:00\",\"dateModified\":\"2024-09-26T19:09:23+00:00\",\"description\":\"P\u00e1gina oficial de la Fiscal\u00eda General de la Naci\u00f3n \u2013 Colombia. Garantizamos el acceso efectivo a la justicia, la verdad y la reparaci\u00f3n de las v\u00edctimas de los delitos.\",\"breadcrumb\":{\"@id\":\"https:\/\/www.fiscalia.gov.co\/colombia\/noticias\/imputan-cargos-a-presuntos-responsables-de-estafar-adultos-mayores-en-medellin-y-el-oriente-antioqueno\/#breadcrumb\"},\"inLanguage\":\"es-CO\",\"potentialAction\":[{\"@type\":\"ReadAction\",\"target\":[\"https:\/\/www.fiscalia.gov.co\/colombia\/noticias\/imputan-cargos-a-presuntos-responsables-de-estafar-adultos-mayores-en-medellin-y-el-oriente-antioqueno\/\"]}]},{\"@type\":\"ImageObject\",\"inLanguage\":\"es-CO\",\"@id\":\"https:\/\/www.fiscalia.gov.co\/colombia\/noticias\/imputan-cargos-a-presuntos-responsables-de-estafar-adultos-mayores-en-medellin-y-el-oriente-antioqueno\/#primaryimage\",\"url\":\"https:\/\/www.fiscalia.gov.co\/colombia\/wp-content\/uploads\/German-Antonio-Duque-Ramirez-Jhoan-Stiven-Patino-Eusse-Fabian-Andres-Valencia-Giron-y-Diego-Alejandro-Vargas-Ossa.jpg\",\"contentUrl\":\"https:\/\/www.fiscalia.gov.co\/colombia\/wp-content\/uploads\/German-Antonio-Duque-Ramirez-Jhoan-Stiven-Patino-Eusse-Fabian-Andres-Valencia-Giron-y-Diego-Alejandro-Vargas-Ossa.jpg\",\"width\":1600,\"height\":900,\"caption\":\"Presuntos responsables de estafar adultos mayores, a quienes les hac\u00edan creer deshacer que ten\u00edan maldiciones en su contra\"},{\"@type\":\"BreadcrumbList\",\"@id\":\"https:\/\/www.fiscalia.gov.co\/colombia\/noticias\/imputan-cargos-a-presuntos-responsables-de-estafar-adultos-mayores-en-medellin-y-el-oriente-antioqueno\/#breadcrumb\",\"itemListElement\":[{\"@type\":\"ListItem\",\"position\":1,\"name\":\"Home\",\"item\":\"https:\/\/www.fiscalia.gov.co\/colombia\/\"},{\"@type\":\"ListItem\",\"position\":2,\"name\":\"Imputan cargos a presuntos responsables de estafar adultos mayores en Medell\u00edn y el Oriente antioque\u00f1o\"}]},{\"@type\":\"WebSite\",\"@id\":\"https:\/\/www.fiscalia.gov.co\/colombia\/#website\",\"url\":\"https:\/\/www.fiscalia.gov.co\/colombia\/\",\"name\":\"Fiscal\u00eda General de la Naci\u00f3n\",\"description\":\"P\u00e1gina oficial de la Fiscal\u00eda General de la Naci\u00f3n \u2013 Colombia. Garantizamos el acceso efectivo a la justicia, la verdad y la reparaci\u00f3n de las v\u00edctimas de los delitos.\",\"publisher\":{\"@id\":\"https:\/\/www.fiscalia.gov.co\/colombia\/#organization\"},\"potentialAction\":[{\"@type\":\"SearchAction\",\"target\":{\"@type\":\"EntryPoint\",\"urlTemplate\":\"https:\/\/www.fiscalia.gov.co\/colombia\/?s={search_term_string}\"},\"query-input\":{\"@type\":\"PropertyValueSpecification\",\"valueRequired\":true,\"valueName\":\"search_term_string\"}}],\"inLanguage\":\"es-CO\"},{\"@type\":\"Organization\",\"@id\":\"https:\/\/www.fiscalia.gov.co\/colombia\/#organization\",\"name\":\"Fiscal\u00eda General de la Naci\u00f3n\",\"url\":\"https:\/\/www.fiscalia.gov.co\/colombia\/\",\"logo\":{\"@type\":\"ImageObject\",\"inLanguage\":\"es-CO\",\"@id\":\"https:\/\/www.fiscalia.gov.co\/colombia\/#\/schema\/logo\/image\/\",\"url\":\"https:\/\/www.fiscalia.gov.co\/colombia\/wp-content\/uploads\/LogoHorizontal_1.jpg\",\"contentUrl\":\"https:\/\/www.fiscalia.gov.co\/colombia\/wp-content\/uploads\/LogoHorizontal_1.jpg\",\"width\":300,\"height\":90,\"caption\":\"Fiscal\u00eda General de la Naci\u00f3n\"},\"image\":{\"@id\":\"https:\/\/www.fiscalia.gov.co\/colombia\/#\/schema\/logo\/image\/\"},\"sameAs\":[\"https:\/\/www.facebook.com\/FiscaliaCol\",\"https:\/\/x.com\/FiscaliaCol\",\"https:\/\/www.instagram.com\/fiscaliacol\",\"https:\/\/www.linkedin.com\/company\/fiscalia-general-de-la-naci-n\/\",\"https:\/\/youtube.com\/@fiscaliageneraldelanacion-4668?si=6nN79nyQICPU5iTh\"]},{\"@type\":\"Person\",\"@id\":\"https:\/\/www.fiscalia.gov.co\/colombia\/#\/schema\/person\/bf84402cf293a5393e9c70b111020b24\",\"name\":\"Jordan Leandro Oviedo Anzola\",\"image\":{\"@type\":\"ImageObject\",\"inLanguage\":\"es-CO\",\"@id\":\"https:\/\/www.fiscalia.gov.co\/colombia\/#\/schema\/person\/image\/\",\"url\":\"https:\/\/secure.gravatar.com\/avatar\/dabba4346fa9b9207d96adafa8f92721?s=96&d=mm&r=g\",\"contentUrl\":\"https:\/\/secure.gravatar.com\/avatar\/dabba4346fa9b9207d96adafa8f92721?s=96&d=mm&r=g\",\"caption\":\"Jordan Leandro Oviedo Anzola\"},\"url\":\"https:\/\/www.fiscalia.gov.co\/colombia\/author\/joviedo\/\"}]}<\/script>\n<!-- \/ Yoast SEO plugin. -->","yoast_head_json":{"title":"Fiscal\u00eda General de la Naci\u00f3n","description":"P\u00e1gina oficial de la Fiscal\u00eda General de la Naci\u00f3n \u2013 Colombia. Garantizamos el acceso efectivo a la justicia, la verdad y la reparaci\u00f3n de las v\u00edctimas de los delitos.","robots":{"index":"noindex","follow":"follow"},"og_locale":"es_ES","og_type":"article","og_title":"Fiscal\u00eda General de la Naci\u00f3n","og_description":"P\u00e1gina oficial de la Fiscal\u00eda General de la Naci\u00f3n \u2013 Colombia. Garantizamos el acceso efectivo a la justicia, la verdad y la reparaci\u00f3n de las v\u00edctimas de los delitos.","og_url":"https:\/\/www.fiscalia.gov.co\/colombia\/noticias\/imputan-cargos-a-presuntos-responsables-de-estafar-adultos-mayores-en-medellin-y-el-oriente-antioqueno\/","og_site_name":"Fiscal\u00eda General de la Naci\u00f3n","article_publisher":"https:\/\/www.facebook.com\/FiscaliaCol","article_published_time":"2024-09-26T19:09:23+00:00","og_image":[{"url":"https:\/\/www.fiscalia.gov.co\/colombia\/wp-content\/uploads\/German-Antonio-Duque-Ramirez-Jhoan-Stiven-Patino-Eusse-Fabian-Andres-Valencia-Giron-y-Diego-Alejandro-Vargas-Ossa-1024x576.jpg","type":"","width":"","height":""}],"author":"Jordan Leandro Oviedo Anzola","twitter_card":"summary_large_image","twitter_creator":"@FiscaliaCol","twitter_site":"@FiscaliaCol","twitter_misc":{"Escrito por":"Jordan Leandro Oviedo Anzola","Tiempo de lectura":"3 minutos"},"schema":{"@context":"https:\/\/schema.org","@graph":[{"@type":"Article","@id":"https:\/\/www.fiscalia.gov.co\/colombia\/noticias\/imputan-cargos-a-presuntos-responsables-de-estafar-adultos-mayores-en-medellin-y-el-oriente-antioqueno\/#article","isPartOf":{"@id":"https:\/\/www.fiscalia.gov.co\/colombia\/noticias\/imputan-cargos-a-presuntos-responsables-de-estafar-adultos-mayores-en-medellin-y-el-oriente-antioqueno\/"},"author":{"name":"Jordan Leandro Oviedo Anzola","@id":"https:\/\/www.fiscalia.gov.co\/colombia\/#\/schema\/person\/bf84402cf293a5393e9c70b111020b24"},"headline":"Imputan cargos a presuntos responsables de estafar adultos mayores en Medell\u00edn y el Oriente antioque\u00f1o","datePublished":"2024-09-26T19:09:23+00:00","dateModified":"2024-09-26T19:09:23+00:00","mainEntityOfPage":{"@id":"https:\/\/www.fiscalia.gov.co\/colombia\/noticias\/imputan-cargos-a-presuntos-responsables-de-estafar-adultos-mayores-en-medellin-y-el-oriente-antioqueno\/"},"wordCount":656,"publisher":{"@id":"https:\/\/www.fiscalia.gov.co\/colombia\/#organization"},"image":{"@id":"https:\/\/www.fiscalia.gov.co\/colombia\/noticias\/imputan-cargos-a-presuntos-responsables-de-estafar-adultos-mayores-en-medellin-y-el-oriente-antioqueno\/#primaryimage"},"thumbnailUrl":"https:\/\/www.fiscalia.gov.co\/colombia\/wp-content\/uploads\/German-Antonio-Duque-Ramirez-Jhoan-Stiven-Patino-Eusse-Fabian-Andres-Valencia-Giron-y-Diego-Alejandro-Vargas-Ossa-1024x576.jpg","keywords":["actividades esot\u00e9ricas","Concierto para delinquir","CTI","cuatro investigados","estafa agravada en la modalidad de delito masa","Fiscal\u00eda General de la Naci\u00f3n","Imputaci\u00f3n de cargos","Itag\u00fc\u00ed y varios municipios del oriente antioque\u00f1o","Medell\u00edn","Medell\u00edn (Antioquia)","propietario de una emisora"],"articleSection":["Noticias","Seccional Antioquia","Seccional Medell\u00edn","Seccionales","Seguridad territorial"],"inLanguage":"es-CO"},{"@type":"WebPage","@id":"https:\/\/www.fiscalia.gov.co\/colombia\/noticias\/imputan-cargos-a-presuntos-responsables-de-estafar-adultos-mayores-en-medellin-y-el-oriente-antioqueno\/","url":"https:\/\/www.fiscalia.gov.co\/colombia\/noticias\/imputan-cargos-a-presuntos-responsables-de-estafar-adultos-mayores-en-medellin-y-el-oriente-antioqueno\/","name":"Fiscal\u00eda General de la Naci\u00f3n","isPartOf":{"@id":"https:\/\/www.fiscalia.gov.co\/colombia\/#website"},"primaryImageOfPage":{"@id":"https:\/\/www.fiscalia.gov.co\/colombia\/noticias\/imputan-cargos-a-presuntos-responsables-de-estafar-adultos-mayores-en-medellin-y-el-oriente-antioqueno\/#primaryimage"},"image":{"@id":"https:\/\/www.fiscalia.gov.co\/colombia\/noticias\/imputan-cargos-a-presuntos-responsables-de-estafar-adultos-mayores-en-medellin-y-el-oriente-antioqueno\/#primaryimage"},"thumbnailUrl":"https:\/\/www.fiscalia.gov.co\/colombia\/wp-content\/uploads\/German-Antonio-Duque-Ramirez-Jhoan-Stiven-Patino-Eusse-Fabian-Andres-Valencia-Giron-y-Diego-Alejandro-Vargas-Ossa-1024x576.jpg","datePublished":"2024-09-26T19:09:23+00:00","dateModified":"2024-09-26T19:09:23+00:00","description":"P\u00e1gina oficial de la Fiscal\u00eda General de la Naci\u00f3n \u2013 Colombia. Garantizamos el acceso efectivo a la justicia, la verdad y la reparaci\u00f3n de las v\u00edctimas de los delitos.","breadcrumb":{"@id":"https:\/\/www.fiscalia.gov.co\/colombia\/noticias\/imputan-cargos-a-presuntos-responsables-de-estafar-adultos-mayores-en-medellin-y-el-oriente-antioqueno\/#breadcrumb"},"inLanguage":"es-CO","potentialAction":[{"@type":"ReadAction","target":["https:\/\/www.fiscalia.gov.co\/colombia\/noticias\/imputan-cargos-a-presuntos-responsables-de-estafar-adultos-mayores-en-medellin-y-el-oriente-antioqueno\/"]}]},{"@type":"ImageObject","inLanguage":"es-CO","@id":"https:\/\/www.fiscalia.gov.co\/colombia\/noticias\/imputan-cargos-a-presuntos-responsables-de-estafar-adultos-mayores-en-medellin-y-el-oriente-antioqueno\/#primaryimage","url":"https:\/\/www.fiscalia.gov.co\/colombia\/wp-content\/uploads\/German-Antonio-Duque-Ramirez-Jhoan-Stiven-Patino-Eusse-Fabian-Andres-Valencia-Giron-y-Diego-Alejandro-Vargas-Ossa.jpg","contentUrl":"https:\/\/www.fiscalia.gov.co\/colombia\/wp-content\/uploads\/German-Antonio-Duque-Ramirez-Jhoan-Stiven-Patino-Eusse-Fabian-Andres-Valencia-Giron-y-Diego-Alejandro-Vargas-Ossa.jpg","width":1600,"height":900,"caption":"Presuntos responsables de estafar adultos mayores, a quienes les hac\u00edan creer deshacer que ten\u00edan maldiciones en su contra"},{"@type":"BreadcrumbList","@id":"https:\/\/www.fiscalia.gov.co\/colombia\/noticias\/imputan-cargos-a-presuntos-responsables-de-estafar-adultos-mayores-en-medellin-y-el-oriente-antioqueno\/#breadcrumb","itemListElement":[{"@type":"ListItem","position":1,"name":"Home","item":"https:\/\/www.fiscalia.gov.co\/colombia\/"},{"@type":"ListItem","position":2,"name":"Imputan cargos a presuntos responsables de estafar adultos mayores en Medell\u00edn y el Oriente antioque\u00f1o"}]},{"@type":"WebSite","@id":"https:\/\/www.fiscalia.gov.co\/colombia\/#website","url":"https:\/\/www.fiscalia.gov.co\/colombia\/","name":"Fiscal\u00eda General de la Naci\u00f3n","description":"P\u00e1gina oficial de la Fiscal\u00eda General de la Naci\u00f3n \u2013 Colombia. Garantizamos el acceso efectivo a la justicia, la verdad y la reparaci\u00f3n de las v\u00edctimas de los delitos.","publisher":{"@id":"https:\/\/www.fiscalia.gov.co\/colombia\/#organization"},"potentialAction":[{"@type":"SearchAction","target":{"@type":"EntryPoint","urlTemplate":"https:\/\/www.fiscalia.gov.co\/colombia\/?s={search_term_string}"},"query-input":{"@type":"PropertyValueSpecification","valueRequired":true,"valueName":"search_term_string"}}],"inLanguage":"es-CO"},{"@type":"Organization","@id":"https:\/\/www.fiscalia.gov.co\/colombia\/#organization","name":"Fiscal\u00eda General de la Naci\u00f3n","url":"https:\/\/www.fiscalia.gov.co\/colombia\/","logo":{"@type":"ImageObject","inLanguage":"es-CO","@id":"https:\/\/www.fiscalia.gov.co\/colombia\/#\/schema\/logo\/image\/","url":"https:\/\/www.fiscalia.gov.co\/colombia\/wp-content\/uploads\/LogoHorizontal_1.jpg","contentUrl":"https:\/\/www.fiscalia.gov.co\/colombia\/wp-content\/uploads\/LogoHorizontal_1.jpg","width":300,"height":90,"caption":"Fiscal\u00eda General de la Naci\u00f3n"},"image":{"@id":"https:\/\/www.fiscalia.gov.co\/colombia\/#\/schema\/logo\/image\/"},"sameAs":["https:\/\/www.facebook.com\/FiscaliaCol","https:\/\/x.com\/FiscaliaCol","https:\/\/www.instagram.com\/fiscaliacol","https:\/\/www.linkedin.com\/company\/fiscalia-general-de-la-naci-n\/","https:\/\/youtube.com\/@fiscaliageneraldelanacion-4668?si=6nN79nyQICPU5iTh"]},{"@type":"Person","@id":"https:\/\/www.fiscalia.gov.co\/colombia\/#\/schema\/person\/bf84402cf293a5393e9c70b111020b24","name":"Jordan Leandro Oviedo Anzola","image":{"@type":"ImageObject","inLanguage":"es-CO","@id":"https:\/\/www.fiscalia.gov.co\/colombia\/#\/schema\/person\/image\/","url":"https:\/\/secure.gravatar.com\/avatar\/dabba4346fa9b9207d96adafa8f92721?s=96&d=mm&r=g","contentUrl":"https:\/\/secure.gravatar.com\/avatar\/dabba4346fa9b9207d96adafa8f92721?s=96&d=mm&r=g","caption":"Jordan Leandro Oviedo Anzola"},"url":"https:\/\/www.fiscalia.gov.co\/colombia\/author\/joviedo\/"}]}},"_links":{"self":[{"href":"https:\/\/www.fiscalia.gov.co\/colombia\/wp-json\/wp\/v2\/posts\/302714","targetHints":{"allow":["GET"]}}],"collection":[{"href":"https:\/\/www.fiscalia.gov.co\/colombia\/wp-json\/wp\/v2\/posts"}],"about":[{"href":"https:\/\/www.fiscalia.gov.co\/colombia\/wp-json\/wp\/v2\/types\/post"}],"author":[{"embeddable":true,"href":"https:\/\/www.fiscalia.gov.co\/colombia\/wp-json\/wp\/v2\/users\/177"}],"replies":[{"embeddable":true,"href":"https:\/\/www.fiscalia.gov.co\/colombia\/wp-json\/wp\/v2\/comments?post=302714"}],"version-history":[{"count":1,"href":"https:\/\/www.fiscalia.gov.co\/colombia\/wp-json\/wp\/v2\/posts\/302714\/revisions"}],"predecessor-version":[{"id":302716,"href":"https:\/\/www.fiscalia.gov.co\/colombia\/wp-json\/wp\/v2\/posts\/302714\/revisions\/302716"}],"wp:attachment":[{"href":"https:\/\/www.fiscalia.gov.co\/colombia\/wp-json\/wp\/v2\/media?parent=302714"}],"wp:term":[{"taxonomy":"category","embeddable":true,"href":"https:\/\/www.fiscalia.gov.co\/colombia\/wp-json\/wp\/v2\/categories?post=302714"},{"taxonomy":"post_tag","embeddable":true,"href":"https:\/\/www.fiscalia.gov.co\/colombia\/wp-json\/wp\/v2\/tags?post=302714"}],"curies":[{"name":"wp","href":"https:\/\/api.w.org\/{rel}","templated":true}]}}