{"id":302510,"date":"2024-09-24T14:16:53","date_gmt":"2024-09-24T19:16:53","guid":{"rendered":"https:\/\/www.fiscalia.gov.co\/colombia\/?p=302510"},"modified":"2024-09-24T14:16:53","modified_gmt":"2024-09-24T19:16:53","slug":"judicializados-presuntos-integrantes-del-clan-del-golfo-que-al-parecer-escondian-armas-en-el-patio-de-una-casa","status":"publish","type":"post","link":"https:\/\/www.fiscalia.gov.co\/colombia\/noticias\/judicializados-presuntos-integrantes-del-clan-del-golfo-que-al-parecer-escondian-armas-en-el-patio-de-una-casa\/","title":{"rendered":"Judicializados presuntos integrantes del \u2018Clan del Golfo\u2019 que, al parecer, escond\u00edan armas en el patio de una casa"},"content":{"rendered":"<p style=\"font-weight: 400;\">La Fiscal\u00eda General de la Naci\u00f3n judicializ\u00f3 a tres personas presuntamente responsables de <strong>los delitos de\u00a0fabricaci\u00f3n, tr\u00e1fico y porte de armas de fuego, accesorios, partes o municiones y receptaci\u00f3n.<\/strong><\/p>\n<figure id=\"attachment_302511\" aria-describedby=\"caption-attachment-302511\" style=\"width: 696px\" class=\"wp-caption aligncenter\"><img loading=\"lazy\" decoding=\"async\" class=\"size-large wp-image-302511\" src=\"https:\/\/www.fiscalia.gov.co\/colombia\/wp-content\/uploads\/Ingris-Yoana-Madrid-Perez-David-Patino-Jimenez-y-Criston-Solis-Caballero-alias-David-fueron-capturados-el-pasado-12-de-septiembre-1024x549.jpg\" alt=\"En la fotograf\u00eda aparecen una mujer y dos hombres capturados, acompa\u00f1ados de uniformados del Gaula Militar, de la Polic\u00eda Nacional y un servidor del (CTI).  En la parte posterior un banner con logos de la entidad. \" width=\"696\" height=\"373\" srcset=\"https:\/\/www.fiscalia.gov.co\/colombia\/wp-content\/uploads\/Ingris-Yoana-Madrid-Perez-David-Patino-Jimenez-y-Criston-Solis-Caballero-alias-David-fueron-capturados-el-pasado-12-de-septiembre-1024x549.jpg 1024w, https:\/\/www.fiscalia.gov.co\/colombia\/wp-content\/uploads\/Ingris-Yoana-Madrid-Perez-David-Patino-Jimenez-y-Criston-Solis-Caballero-alias-David-fueron-capturados-el-pasado-12-de-septiembre-300x161.jpg 300w, https:\/\/www.fiscalia.gov.co\/colombia\/wp-content\/uploads\/Ingris-Yoana-Madrid-Perez-David-Patino-Jimenez-y-Criston-Solis-Caballero-alias-David-fueron-capturados-el-pasado-12-de-septiembre-768x412.jpg 768w, https:\/\/www.fiscalia.gov.co\/colombia\/wp-content\/uploads\/Ingris-Yoana-Madrid-Perez-David-Patino-Jimenez-y-Criston-Solis-Caballero-alias-David-fueron-capturados-el-pasado-12-de-septiembre-1536x824.jpg 1536w, https:\/\/www.fiscalia.gov.co\/colombia\/wp-content\/uploads\/Ingris-Yoana-Madrid-Perez-David-Patino-Jimenez-y-Criston-Solis-Caballero-alias-David-fueron-capturados-el-pasado-12-de-septiembre-783x420.jpg 783w, https:\/\/www.fiscalia.gov.co\/colombia\/wp-content\/uploads\/Ingris-Yoana-Madrid-Perez-David-Patino-Jimenez-y-Criston-Solis-Caballero-alias-David-fueron-capturados-el-pasado-12-de-septiembre-696x373.jpg 696w, https:\/\/www.fiscalia.gov.co\/colombia\/wp-content\/uploads\/Ingris-Yoana-Madrid-Perez-David-Patino-Jimenez-y-Criston-Solis-Caballero-alias-David-fueron-capturados-el-pasado-12-de-septiembre-1068x573.jpg 1068w, https:\/\/www.fiscalia.gov.co\/colombia\/wp-content\/uploads\/Ingris-Yoana-Madrid-Perez-David-Patino-Jimenez-y-Criston-Solis-Caballero-alias-David-fueron-capturados-el-pasado-12-de-septiembre.jpg 1600w\" sizes=\"auto, (max-width: 696px) 100vw, 696px\" \/><figcaption id=\"caption-attachment-302511\" class=\"wp-caption-text\">Ingris Yoana Madrid P\u00e9rez, David Pati\u00f1o Jim\u00e9nez y Criston Solis Caballero, alias David, fueron capturados el pasado 12 de septiembre.<\/figcaption><\/figure>\n<p style=\"font-weight: 400;\"><strong>Se trata de Ingris Yoana Madrid P\u00e9rez, David Pati\u00f1o Jim\u00e9nez y Criston Solis Caballero, alias David, quienes fueron capturados el pasado 12 de septiembre<\/strong> en desarrollo de una diligencia de registro y allanamiento adelantada por uniformados del Gaula Militar y de la Polic\u00eda Nacional, en una finca ubicada en zona rural de Chimichagua (Cesar).<\/p>\n<p style=\"font-weight: 400;\">Durante el procedimiento <strong>fueron incautadas dos armas de fuego, las cuales estaban escondidas en un \u00e1rbol del patio trasero del lugar.<\/strong> La fiscal\u00eda obtuvo informaci\u00f3n que da cuenta de la <a href=\"https:\/\/www.fiscalia.gov.co\/colombia\/noticias\/a-la-carcel-presunto-sicario-del-clan-del-golfo-senalado-de-tres-homicidios-en-caucasia-antioquia\/\">posible vinculaci\u00f3n de estas personas con el \u2018Clan del Golfo\u2019.<\/a><\/p>\n<p style=\"font-weight: 400;\">La Fiscal\u00eda logr\u00f3 establecer que una de las armas encontradas hab\u00eda sido robada a su propietario por integrantes de un grupo armado ilegal el a\u00f1o anterior, de igual forma, el ente <strong>investigador evidenci\u00f3 que la otra figura a nombre de una empresa de seguridad y deb\u00eda estar guardada en una guarnici\u00f3n militar de Bucaramanga.\u00a0\u00a0\u00a0<\/strong><\/p>\n<p style=\"font-weight: 400;\">Un juez de control de garant\u00edas impuso medida de aseguramiento en su lugar de residencia a Pati\u00f1o Jim\u00e9nez y Sol\u00eds Caballero, mientras que la mujer continuar\u00e1 vinculada al proceso.<\/p>\n<p style=\"font-weight: 400;\">La Fiscal\u00eda apel\u00f3 la decisi\u00f3n tomada con respecto a dos de los imputados.<\/p>\n<p>&nbsp;<\/p>\n<p>&nbsp;<\/p>\n<p>&nbsp;<\/p>\n<p>&nbsp;<\/p>\n<p>&nbsp;<\/p>\n<p style=\"font-weight: 400;\">EDH\/AMCJ\/MAGA\/JMAB\/DSC.<\/p>\n<p>&nbsp;<\/p>\n<p>&nbsp;<\/p>\n<p>&nbsp;<\/p>\n<p>&nbsp;<\/p>\n<p>&nbsp;<\/p>\n<p style=\"font-weight: 400;\"><em>La informaci\u00f3n contenida en este bolet\u00edn de prensa corresponde a la narraci\u00f3n de los hechos noticiosos objetivos, y las investigaciones penales al interior de la Fiscal\u00eda General de la Naci\u00f3n. Para el momento de la divulgaci\u00f3n de este comunicado, la situaci\u00f3n jur\u00eddica de la(s) persona(s) relacionada(s) se encuentra pendiente de resolver por la autoridad judicial competente, siempre bajo los preceptos de la presunci\u00f3n de inocencia, consagrados en el art\u00edculo 29 de la Constituci\u00f3n Pol\u00edtica y el art\u00edculo 7\u00ba de la Ley 906 de 2004.<\/em><\/p>\n\n<div class=\"twitter-share\"><a href=\"https:\/\/twitter.com\/intent\/tweet?via=fiscaliacol\" class=\"twitter-share-button\">Tweet<\/a><\/div>\n","protected":false},"excerpt":{"rendered":"<p>La Fiscal\u00eda General de la Naci\u00f3n judicializ\u00f3 a tres personas presuntamente responsables de los delitos de\u00a0fabricaci\u00f3n, tr\u00e1fico y porte de armas de fuego, accesorios, partes o municiones y receptaci\u00f3n. Se [&hellip;]<\/p>\n","protected":false},"author":177,"featured_media":0,"comment_status":"closed","ping_status":"open","sticky":false,"template":"","format":"standard","meta":{"tdm_status":"","tdm_grid_status":"","footnotes":""},"categories":[1,342,303,24099],"tags":[25146,4140,37492,1047,38693,4141,24965],"class_list":["post-302510","post","type-post","status-publish","format-standard","category-noticias","category-seccional-valledupar","category-seccionales","category-seguridad-territorial","tag-accesorios","tag-fabricacion","tag-fiscal-luz-adriana-camargo","tag-fiscalia-general-de-la-nacion","tag-partes-o-municiones-y-receptacion","tag-trafico-y-porte-de-armas-de-fuego","tag-valledupar-cesar"],"yoast_head":"<!-- This site is optimized with the Yoast SEO plugin v24.3 - https:\/\/yoast.com\/wordpress\/plugins\/seo\/ -->\n<title>Fiscal\u00eda General de la Naci\u00f3n<\/title>\n<meta name=\"description\" content=\"P\u00e1gina oficial de la Fiscal\u00eda General de la Naci\u00f3n \u2013 Colombia. Garantizamos el acceso efectivo a la justicia, la verdad y la reparaci\u00f3n de las v\u00edctimas de los delitos.\" \/>\n<meta name=\"robots\" content=\"noindex, follow\" \/>\n<meta property=\"og:locale\" content=\"es_ES\" \/>\n<meta property=\"og:type\" content=\"article\" \/>\n<meta property=\"og:title\" content=\"Fiscal\u00eda General de la Naci\u00f3n\" \/>\n<meta property=\"og:description\" content=\"P\u00e1gina oficial de la Fiscal\u00eda General de la Naci\u00f3n \u2013 Colombia. Garantizamos el acceso efectivo a la justicia, la verdad y la reparaci\u00f3n de las v\u00edctimas de los delitos.\" \/>\n<meta property=\"og:url\" content=\"https:\/\/www.fiscalia.gov.co\/colombia\/noticias\/judicializados-presuntos-integrantes-del-clan-del-golfo-que-al-parecer-escondian-armas-en-el-patio-de-una-casa\/\" \/>\n<meta property=\"og:site_name\" content=\"Fiscal\u00eda General de la Naci\u00f3n\" \/>\n<meta property=\"article:publisher\" content=\"https:\/\/www.facebook.com\/FiscaliaCol\" \/>\n<meta property=\"article:published_time\" content=\"2024-09-24T19:16:53+00:00\" \/>\n<meta property=\"og:image\" content=\"https:\/\/www.fiscalia.gov.co\/colombia\/wp-content\/uploads\/Ingris-Yoana-Madrid-Perez-David-Patino-Jimenez-y-Criston-Solis-Caballero-alias-David-fueron-capturados-el-pasado-12-de-septiembre-1024x549.jpg\" \/>\n<meta name=\"author\" content=\"Jordan Leandro Oviedo Anzola\" \/>\n<meta name=\"twitter:card\" content=\"summary_large_image\" \/>\n<meta name=\"twitter:creator\" content=\"@FiscaliaCol\" \/>\n<meta name=\"twitter:site\" content=\"@FiscaliaCol\" \/>\n<meta name=\"twitter:label1\" content=\"Escrito por\" \/>\n\t<meta name=\"twitter:data1\" content=\"Jordan Leandro Oviedo Anzola\" \/>\n\t<meta name=\"twitter:label2\" content=\"Tiempo de lectura\" \/>\n\t<meta name=\"twitter:data2\" content=\"2 minutos\" \/>\n<script type=\"application\/ld+json\" class=\"yoast-schema-graph\">{\"@context\":\"https:\/\/schema.org\",\"@graph\":[{\"@type\":\"Article\",\"@id\":\"https:\/\/www.fiscalia.gov.co\/colombia\/noticias\/judicializados-presuntos-integrantes-del-clan-del-golfo-que-al-parecer-escondian-armas-en-el-patio-de-una-casa\/#article\",\"isPartOf\":{\"@id\":\"https:\/\/www.fiscalia.gov.co\/colombia\/noticias\/judicializados-presuntos-integrantes-del-clan-del-golfo-que-al-parecer-escondian-armas-en-el-patio-de-una-casa\/\"},\"author\":{\"name\":\"Jordan Leandro Oviedo Anzola\",\"@id\":\"https:\/\/www.fiscalia.gov.co\/colombia\/#\/schema\/person\/bf84402cf293a5393e9c70b111020b24\"},\"headline\":\"Judicializados presuntos integrantes del \u2018Clan del Golfo\u2019 que, al parecer, escond\u00edan armas en el patio de una casa\",\"datePublished\":\"2024-09-24T19:16:53+00:00\",\"dateModified\":\"2024-09-24T19:16:53+00:00\",\"mainEntityOfPage\":{\"@id\":\"https:\/\/www.fiscalia.gov.co\/colombia\/noticias\/judicializados-presuntos-integrantes-del-clan-del-golfo-que-al-parecer-escondian-armas-en-el-patio-de-una-casa\/\"},\"wordCount\":401,\"publisher\":{\"@id\":\"https:\/\/www.fiscalia.gov.co\/colombia\/#organization\"},\"image\":{\"@id\":\"https:\/\/www.fiscalia.gov.co\/colombia\/noticias\/judicializados-presuntos-integrantes-del-clan-del-golfo-que-al-parecer-escondian-armas-en-el-patio-de-una-casa\/#primaryimage\"},\"thumbnailUrl\":\"https:\/\/www.fiscalia.gov.co\/colombia\/wp-content\/uploads\/Ingris-Yoana-Madrid-Perez-David-Patino-Jimenez-y-Criston-Solis-Caballero-alias-David-fueron-capturados-el-pasado-12-de-septiembre-1024x549.jpg\",\"keywords\":[\"accesorios\",\"Fabricaci\u00f3n\",\"Fiscal Luz Adriana Camargo\",\"Fiscal\u00eda General de la Naci\u00f3n\",\"partes o municiones y receptaci\u00f3n\",\"tr\u00e1fico y porte de armas de fuego\",\"Valledupar (Cesar)\"],\"articleSection\":[\"Noticias\",\"Seccional Valledupar\",\"Seccionales\",\"Seguridad territorial\"],\"inLanguage\":\"es-CO\"},{\"@type\":\"WebPage\",\"@id\":\"https:\/\/www.fiscalia.gov.co\/colombia\/noticias\/judicializados-presuntos-integrantes-del-clan-del-golfo-que-al-parecer-escondian-armas-en-el-patio-de-una-casa\/\",\"url\":\"https:\/\/www.fiscalia.gov.co\/colombia\/noticias\/judicializados-presuntos-integrantes-del-clan-del-golfo-que-al-parecer-escondian-armas-en-el-patio-de-una-casa\/\",\"name\":\"Fiscal\u00eda General de la Naci\u00f3n\",\"isPartOf\":{\"@id\":\"https:\/\/www.fiscalia.gov.co\/colombia\/#website\"},\"primaryImageOfPage\":{\"@id\":\"https:\/\/www.fiscalia.gov.co\/colombia\/noticias\/judicializados-presuntos-integrantes-del-clan-del-golfo-que-al-parecer-escondian-armas-en-el-patio-de-una-casa\/#primaryimage\"},\"image\":{\"@id\":\"https:\/\/www.fiscalia.gov.co\/colombia\/noticias\/judicializados-presuntos-integrantes-del-clan-del-golfo-que-al-parecer-escondian-armas-en-el-patio-de-una-casa\/#primaryimage\"},\"thumbnailUrl\":\"https:\/\/www.fiscalia.gov.co\/colombia\/wp-content\/uploads\/Ingris-Yoana-Madrid-Perez-David-Patino-Jimenez-y-Criston-Solis-Caballero-alias-David-fueron-capturados-el-pasado-12-de-septiembre-1024x549.jpg\",\"datePublished\":\"2024-09-24T19:16:53+00:00\",\"dateModified\":\"2024-09-24T19:16:53+00:00\",\"description\":\"P\u00e1gina oficial de la Fiscal\u00eda General de la Naci\u00f3n \u2013 Colombia. Garantizamos el acceso efectivo a la justicia, la verdad y la reparaci\u00f3n de las v\u00edctimas de los delitos.\",\"breadcrumb\":{\"@id\":\"https:\/\/www.fiscalia.gov.co\/colombia\/noticias\/judicializados-presuntos-integrantes-del-clan-del-golfo-que-al-parecer-escondian-armas-en-el-patio-de-una-casa\/#breadcrumb\"},\"inLanguage\":\"es-CO\",\"potentialAction\":[{\"@type\":\"ReadAction\",\"target\":[\"https:\/\/www.fiscalia.gov.co\/colombia\/noticias\/judicializados-presuntos-integrantes-del-clan-del-golfo-que-al-parecer-escondian-armas-en-el-patio-de-una-casa\/\"]}]},{\"@type\":\"ImageObject\",\"inLanguage\":\"es-CO\",\"@id\":\"https:\/\/www.fiscalia.gov.co\/colombia\/noticias\/judicializados-presuntos-integrantes-del-clan-del-golfo-que-al-parecer-escondian-armas-en-el-patio-de-una-casa\/#primaryimage\",\"url\":\"https:\/\/www.fiscalia.gov.co\/colombia\/wp-content\/uploads\/Ingris-Yoana-Madrid-Perez-David-Patino-Jimenez-y-Criston-Solis-Caballero-alias-David-fueron-capturados-el-pasado-12-de-septiembre.jpg\",\"contentUrl\":\"https:\/\/www.fiscalia.gov.co\/colombia\/wp-content\/uploads\/Ingris-Yoana-Madrid-Perez-David-Patino-Jimenez-y-Criston-Solis-Caballero-alias-David-fueron-capturados-el-pasado-12-de-septiembre.jpg\",\"width\":1600,\"height\":858,\"caption\":\"Ingris Yoana Madrid P\u00e9rez, David Pati\u00f1o Jim\u00e9nez y Criston Solis Caballero, alias David, fueron capturados el pasado 12 de septiembre.\"},{\"@type\":\"BreadcrumbList\",\"@id\":\"https:\/\/www.fiscalia.gov.co\/colombia\/noticias\/judicializados-presuntos-integrantes-del-clan-del-golfo-que-al-parecer-escondian-armas-en-el-patio-de-una-casa\/#breadcrumb\",\"itemListElement\":[{\"@type\":\"ListItem\",\"position\":1,\"name\":\"Home\",\"item\":\"https:\/\/www.fiscalia.gov.co\/colombia\/\"},{\"@type\":\"ListItem\",\"position\":2,\"name\":\"Judicializados presuntos integrantes del \u2018Clan del Golfo\u2019 que, al parecer, escond\u00edan armas en el patio de una casa\"}]},{\"@type\":\"WebSite\",\"@id\":\"https:\/\/www.fiscalia.gov.co\/colombia\/#website\",\"url\":\"https:\/\/www.fiscalia.gov.co\/colombia\/\",\"name\":\"Fiscal\u00eda General de la Naci\u00f3n\",\"description\":\"P\u00e1gina oficial de la Fiscal\u00eda General de la Naci\u00f3n \u2013 Colombia. Garantizamos el acceso efectivo a la justicia, la verdad y la reparaci\u00f3n de las v\u00edctimas de los delitos.\",\"publisher\":{\"@id\":\"https:\/\/www.fiscalia.gov.co\/colombia\/#organization\"},\"potentialAction\":[{\"@type\":\"SearchAction\",\"target\":{\"@type\":\"EntryPoint\",\"urlTemplate\":\"https:\/\/www.fiscalia.gov.co\/colombia\/?s={search_term_string}\"},\"query-input\":{\"@type\":\"PropertyValueSpecification\",\"valueRequired\":true,\"valueName\":\"search_term_string\"}}],\"inLanguage\":\"es-CO\"},{\"@type\":\"Organization\",\"@id\":\"https:\/\/www.fiscalia.gov.co\/colombia\/#organization\",\"name\":\"Fiscal\u00eda General de la Naci\u00f3n\",\"url\":\"https:\/\/www.fiscalia.gov.co\/colombia\/\",\"logo\":{\"@type\":\"ImageObject\",\"inLanguage\":\"es-CO\",\"@id\":\"https:\/\/www.fiscalia.gov.co\/colombia\/#\/schema\/logo\/image\/\",\"url\":\"https:\/\/www.fiscalia.gov.co\/colombia\/wp-content\/uploads\/LogoHorizontal_1.jpg\",\"contentUrl\":\"https:\/\/www.fiscalia.gov.co\/colombia\/wp-content\/uploads\/LogoHorizontal_1.jpg\",\"width\":300,\"height\":90,\"caption\":\"Fiscal\u00eda General de la Naci\u00f3n\"},\"image\":{\"@id\":\"https:\/\/www.fiscalia.gov.co\/colombia\/#\/schema\/logo\/image\/\"},\"sameAs\":[\"https:\/\/www.facebook.com\/FiscaliaCol\",\"https:\/\/x.com\/FiscaliaCol\",\"https:\/\/www.instagram.com\/fiscaliacol\",\"https:\/\/www.linkedin.com\/company\/fiscalia-general-de-la-naci-n\/\",\"https:\/\/youtube.com\/@fiscaliageneraldelanacion-4668?si=6nN79nyQICPU5iTh\"]},{\"@type\":\"Person\",\"@id\":\"https:\/\/www.fiscalia.gov.co\/colombia\/#\/schema\/person\/bf84402cf293a5393e9c70b111020b24\",\"name\":\"Jordan Leandro Oviedo Anzola\",\"image\":{\"@type\":\"ImageObject\",\"inLanguage\":\"es-CO\",\"@id\":\"https:\/\/www.fiscalia.gov.co\/colombia\/#\/schema\/person\/image\/\",\"url\":\"https:\/\/secure.gravatar.com\/avatar\/dabba4346fa9b9207d96adafa8f92721?s=96&d=mm&r=g\",\"contentUrl\":\"https:\/\/secure.gravatar.com\/avatar\/dabba4346fa9b9207d96adafa8f92721?s=96&d=mm&r=g\",\"caption\":\"Jordan Leandro Oviedo Anzola\"},\"url\":\"https:\/\/www.fiscalia.gov.co\/colombia\/author\/joviedo\/\"}]}<\/script>\n<!-- \/ Yoast SEO plugin. -->","yoast_head_json":{"title":"Fiscal\u00eda General de la Naci\u00f3n","description":"P\u00e1gina oficial de la Fiscal\u00eda General de la Naci\u00f3n \u2013 Colombia. Garantizamos el acceso efectivo a la justicia, la verdad y la reparaci\u00f3n de las v\u00edctimas de los delitos.","robots":{"index":"noindex","follow":"follow"},"og_locale":"es_ES","og_type":"article","og_title":"Fiscal\u00eda General de la Naci\u00f3n","og_description":"P\u00e1gina oficial de la Fiscal\u00eda General de la Naci\u00f3n \u2013 Colombia. Garantizamos el acceso efectivo a la justicia, la verdad y la reparaci\u00f3n de las v\u00edctimas de los delitos.","og_url":"https:\/\/www.fiscalia.gov.co\/colombia\/noticias\/judicializados-presuntos-integrantes-del-clan-del-golfo-que-al-parecer-escondian-armas-en-el-patio-de-una-casa\/","og_site_name":"Fiscal\u00eda General de la Naci\u00f3n","article_publisher":"https:\/\/www.facebook.com\/FiscaliaCol","article_published_time":"2024-09-24T19:16:53+00:00","og_image":[{"url":"https:\/\/www.fiscalia.gov.co\/colombia\/wp-content\/uploads\/Ingris-Yoana-Madrid-Perez-David-Patino-Jimenez-y-Criston-Solis-Caballero-alias-David-fueron-capturados-el-pasado-12-de-septiembre-1024x549.jpg","type":"","width":"","height":""}],"author":"Jordan Leandro Oviedo Anzola","twitter_card":"summary_large_image","twitter_creator":"@FiscaliaCol","twitter_site":"@FiscaliaCol","twitter_misc":{"Escrito por":"Jordan Leandro Oviedo Anzola","Tiempo de lectura":"2 minutos"},"schema":{"@context":"https:\/\/schema.org","@graph":[{"@type":"Article","@id":"https:\/\/www.fiscalia.gov.co\/colombia\/noticias\/judicializados-presuntos-integrantes-del-clan-del-golfo-que-al-parecer-escondian-armas-en-el-patio-de-una-casa\/#article","isPartOf":{"@id":"https:\/\/www.fiscalia.gov.co\/colombia\/noticias\/judicializados-presuntos-integrantes-del-clan-del-golfo-que-al-parecer-escondian-armas-en-el-patio-de-una-casa\/"},"author":{"name":"Jordan Leandro Oviedo Anzola","@id":"https:\/\/www.fiscalia.gov.co\/colombia\/#\/schema\/person\/bf84402cf293a5393e9c70b111020b24"},"headline":"Judicializados presuntos integrantes del \u2018Clan del Golfo\u2019 que, al parecer, escond\u00edan armas en el patio de una casa","datePublished":"2024-09-24T19:16:53+00:00","dateModified":"2024-09-24T19:16:53+00:00","mainEntityOfPage":{"@id":"https:\/\/www.fiscalia.gov.co\/colombia\/noticias\/judicializados-presuntos-integrantes-del-clan-del-golfo-que-al-parecer-escondian-armas-en-el-patio-de-una-casa\/"},"wordCount":401,"publisher":{"@id":"https:\/\/www.fiscalia.gov.co\/colombia\/#organization"},"image":{"@id":"https:\/\/www.fiscalia.gov.co\/colombia\/noticias\/judicializados-presuntos-integrantes-del-clan-del-golfo-que-al-parecer-escondian-armas-en-el-patio-de-una-casa\/#primaryimage"},"thumbnailUrl":"https:\/\/www.fiscalia.gov.co\/colombia\/wp-content\/uploads\/Ingris-Yoana-Madrid-Perez-David-Patino-Jimenez-y-Criston-Solis-Caballero-alias-David-fueron-capturados-el-pasado-12-de-septiembre-1024x549.jpg","keywords":["accesorios","Fabricaci\u00f3n","Fiscal Luz Adriana Camargo","Fiscal\u00eda General de la Naci\u00f3n","partes o municiones y receptaci\u00f3n","tr\u00e1fico y porte de armas de fuego","Valledupar (Cesar)"],"articleSection":["Noticias","Seccional Valledupar","Seccionales","Seguridad territorial"],"inLanguage":"es-CO"},{"@type":"WebPage","@id":"https:\/\/www.fiscalia.gov.co\/colombia\/noticias\/judicializados-presuntos-integrantes-del-clan-del-golfo-que-al-parecer-escondian-armas-en-el-patio-de-una-casa\/","url":"https:\/\/www.fiscalia.gov.co\/colombia\/noticias\/judicializados-presuntos-integrantes-del-clan-del-golfo-que-al-parecer-escondian-armas-en-el-patio-de-una-casa\/","name":"Fiscal\u00eda General de la Naci\u00f3n","isPartOf":{"@id":"https:\/\/www.fiscalia.gov.co\/colombia\/#website"},"primaryImageOfPage":{"@id":"https:\/\/www.fiscalia.gov.co\/colombia\/noticias\/judicializados-presuntos-integrantes-del-clan-del-golfo-que-al-parecer-escondian-armas-en-el-patio-de-una-casa\/#primaryimage"},"image":{"@id":"https:\/\/www.fiscalia.gov.co\/colombia\/noticias\/judicializados-presuntos-integrantes-del-clan-del-golfo-que-al-parecer-escondian-armas-en-el-patio-de-una-casa\/#primaryimage"},"thumbnailUrl":"https:\/\/www.fiscalia.gov.co\/colombia\/wp-content\/uploads\/Ingris-Yoana-Madrid-Perez-David-Patino-Jimenez-y-Criston-Solis-Caballero-alias-David-fueron-capturados-el-pasado-12-de-septiembre-1024x549.jpg","datePublished":"2024-09-24T19:16:53+00:00","dateModified":"2024-09-24T19:16:53+00:00","description":"P\u00e1gina oficial de la Fiscal\u00eda General de la Naci\u00f3n \u2013 Colombia. Garantizamos el acceso efectivo a la justicia, la verdad y la reparaci\u00f3n de las v\u00edctimas de los delitos.","breadcrumb":{"@id":"https:\/\/www.fiscalia.gov.co\/colombia\/noticias\/judicializados-presuntos-integrantes-del-clan-del-golfo-que-al-parecer-escondian-armas-en-el-patio-de-una-casa\/#breadcrumb"},"inLanguage":"es-CO","potentialAction":[{"@type":"ReadAction","target":["https:\/\/www.fiscalia.gov.co\/colombia\/noticias\/judicializados-presuntos-integrantes-del-clan-del-golfo-que-al-parecer-escondian-armas-en-el-patio-de-una-casa\/"]}]},{"@type":"ImageObject","inLanguage":"es-CO","@id":"https:\/\/www.fiscalia.gov.co\/colombia\/noticias\/judicializados-presuntos-integrantes-del-clan-del-golfo-que-al-parecer-escondian-armas-en-el-patio-de-una-casa\/#primaryimage","url":"https:\/\/www.fiscalia.gov.co\/colombia\/wp-content\/uploads\/Ingris-Yoana-Madrid-Perez-David-Patino-Jimenez-y-Criston-Solis-Caballero-alias-David-fueron-capturados-el-pasado-12-de-septiembre.jpg","contentUrl":"https:\/\/www.fiscalia.gov.co\/colombia\/wp-content\/uploads\/Ingris-Yoana-Madrid-Perez-David-Patino-Jimenez-y-Criston-Solis-Caballero-alias-David-fueron-capturados-el-pasado-12-de-septiembre.jpg","width":1600,"height":858,"caption":"Ingris Yoana Madrid P\u00e9rez, David Pati\u00f1o Jim\u00e9nez y Criston Solis Caballero, alias David, fueron capturados el pasado 12 de septiembre."},{"@type":"BreadcrumbList","@id":"https:\/\/www.fiscalia.gov.co\/colombia\/noticias\/judicializados-presuntos-integrantes-del-clan-del-golfo-que-al-parecer-escondian-armas-en-el-patio-de-una-casa\/#breadcrumb","itemListElement":[{"@type":"ListItem","position":1,"name":"Home","item":"https:\/\/www.fiscalia.gov.co\/colombia\/"},{"@type":"ListItem","position":2,"name":"Judicializados presuntos integrantes del \u2018Clan del Golfo\u2019 que, al parecer, escond\u00edan armas en el patio de una casa"}]},{"@type":"WebSite","@id":"https:\/\/www.fiscalia.gov.co\/colombia\/#website","url":"https:\/\/www.fiscalia.gov.co\/colombia\/","name":"Fiscal\u00eda General de la Naci\u00f3n","description":"P\u00e1gina oficial de la Fiscal\u00eda General de la Naci\u00f3n \u2013 Colombia. Garantizamos el acceso efectivo a la justicia, la verdad y la reparaci\u00f3n de las v\u00edctimas de los delitos.","publisher":{"@id":"https:\/\/www.fiscalia.gov.co\/colombia\/#organization"},"potentialAction":[{"@type":"SearchAction","target":{"@type":"EntryPoint","urlTemplate":"https:\/\/www.fiscalia.gov.co\/colombia\/?s={search_term_string}"},"query-input":{"@type":"PropertyValueSpecification","valueRequired":true,"valueName":"search_term_string"}}],"inLanguage":"es-CO"},{"@type":"Organization","@id":"https:\/\/www.fiscalia.gov.co\/colombia\/#organization","name":"Fiscal\u00eda General de la Naci\u00f3n","url":"https:\/\/www.fiscalia.gov.co\/colombia\/","logo":{"@type":"ImageObject","inLanguage":"es-CO","@id":"https:\/\/www.fiscalia.gov.co\/colombia\/#\/schema\/logo\/image\/","url":"https:\/\/www.fiscalia.gov.co\/colombia\/wp-content\/uploads\/LogoHorizontal_1.jpg","contentUrl":"https:\/\/www.fiscalia.gov.co\/colombia\/wp-content\/uploads\/LogoHorizontal_1.jpg","width":300,"height":90,"caption":"Fiscal\u00eda General de la Naci\u00f3n"},"image":{"@id":"https:\/\/www.fiscalia.gov.co\/colombia\/#\/schema\/logo\/image\/"},"sameAs":["https:\/\/www.facebook.com\/FiscaliaCol","https:\/\/x.com\/FiscaliaCol","https:\/\/www.instagram.com\/fiscaliacol","https:\/\/www.linkedin.com\/company\/fiscalia-general-de-la-naci-n\/","https:\/\/youtube.com\/@fiscaliageneraldelanacion-4668?si=6nN79nyQICPU5iTh"]},{"@type":"Person","@id":"https:\/\/www.fiscalia.gov.co\/colombia\/#\/schema\/person\/bf84402cf293a5393e9c70b111020b24","name":"Jordan Leandro Oviedo Anzola","image":{"@type":"ImageObject","inLanguage":"es-CO","@id":"https:\/\/www.fiscalia.gov.co\/colombia\/#\/schema\/person\/image\/","url":"https:\/\/secure.gravatar.com\/avatar\/dabba4346fa9b9207d96adafa8f92721?s=96&d=mm&r=g","contentUrl":"https:\/\/secure.gravatar.com\/avatar\/dabba4346fa9b9207d96adafa8f92721?s=96&d=mm&r=g","caption":"Jordan Leandro Oviedo Anzola"},"url":"https:\/\/www.fiscalia.gov.co\/colombia\/author\/joviedo\/"}]}},"_links":{"self":[{"href":"https:\/\/www.fiscalia.gov.co\/colombia\/wp-json\/wp\/v2\/posts\/302510","targetHints":{"allow":["GET"]}}],"collection":[{"href":"https:\/\/www.fiscalia.gov.co\/colombia\/wp-json\/wp\/v2\/posts"}],"about":[{"href":"https:\/\/www.fiscalia.gov.co\/colombia\/wp-json\/wp\/v2\/types\/post"}],"author":[{"embeddable":true,"href":"https:\/\/www.fiscalia.gov.co\/colombia\/wp-json\/wp\/v2\/users\/177"}],"replies":[{"embeddable":true,"href":"https:\/\/www.fiscalia.gov.co\/colombia\/wp-json\/wp\/v2\/comments?post=302510"}],"version-history":[{"count":1,"href":"https:\/\/www.fiscalia.gov.co\/colombia\/wp-json\/wp\/v2\/posts\/302510\/revisions"}],"predecessor-version":[{"id":302512,"href":"https:\/\/www.fiscalia.gov.co\/colombia\/wp-json\/wp\/v2\/posts\/302510\/revisions\/302512"}],"wp:attachment":[{"href":"https:\/\/www.fiscalia.gov.co\/colombia\/wp-json\/wp\/v2\/media?parent=302510"}],"wp:term":[{"taxonomy":"category","embeddable":true,"href":"https:\/\/www.fiscalia.gov.co\/colombia\/wp-json\/wp\/v2\/categories?post=302510"},{"taxonomy":"post_tag","embeddable":true,"href":"https:\/\/www.fiscalia.gov.co\/colombia\/wp-json\/wp\/v2\/tags?post=302510"}],"curies":[{"name":"wp","href":"https:\/\/api.w.org\/{rel}","templated":true}]}}