{"id":302330,"date":"2024-09-22T08:09:39","date_gmt":"2024-09-22T13:09:39","guid":{"rendered":"https:\/\/www.fiscalia.gov.co\/colombia\/?p=302330"},"modified":"2025-02-12T12:19:56","modified_gmt":"2025-02-12T17:19:56","slug":"asegurado-presunto-cabecilla-de-las-disidencias-de-las-farc-que-estaria-involucrado-en-crimenes-de-firmantes-de-paz-en-cauca","status":"publish","type":"post","link":"https:\/\/www.fiscalia.gov.co\/colombia\/derechos-humanos\/asegurado-presunto-cabecilla-de-las-disidencias-de-las-farc-que-estaria-involucrado-en-crimenes-de-firmantes-de-paz-en-cauca\/","title":{"rendered":"Asegurado presunto cabecilla de las disidencias de las Farc que estar\u00eda involucrado en cr\u00edmenes de firmantes de paz en Cauca"},"content":{"rendered":"<blockquote>\n<h4><em>Es se\u00f1alado de ordenar homicidios en contra de personas que se negaban a vincularse a la organizaci\u00f3n armada ilegal o se opon\u00edan a su accionar delictivo en varios municipios del departamento. <\/em><\/h4>\n<\/blockquote>\n<figure id=\"attachment_302331\" aria-describedby=\"caption-attachment-302331\" style=\"width: 696px\" class=\"wp-caption aligncenter\"><img loading=\"lazy\" decoding=\"async\" class=\"wp-image-302331 size-large\" src=\"https:\/\/www.fiscalia.gov.co\/colombia\/wp-content\/uploads\/WhatsApp-Image-2024-09-21-at-8.26.28-PM-1024x576.jpeg\" alt=\"En la fotograf\u00eda se ve a un hombre capturado, identificado como Jhon Maro Guti\u00e9rrez Baham\u00f3n, uno de los se\u00f1alados cabecillas de la estructura Dagoberto Ramos de las disidencias de las Farc, junto a uniformados de la Polic\u00eda Nacional y el Ej\u00e9rcito Nacional. \" width=\"696\" height=\"392\" srcset=\"https:\/\/www.fiscalia.gov.co\/colombia\/wp-content\/uploads\/WhatsApp-Image-2024-09-21-at-8.26.28-PM-1024x576.jpeg 1024w, https:\/\/www.fiscalia.gov.co\/colombia\/wp-content\/uploads\/WhatsApp-Image-2024-09-21-at-8.26.28-PM-300x169.jpeg 300w, https:\/\/www.fiscalia.gov.co\/colombia\/wp-content\/uploads\/WhatsApp-Image-2024-09-21-at-8.26.28-PM-768x432.jpeg 768w, https:\/\/www.fiscalia.gov.co\/colombia\/wp-content\/uploads\/WhatsApp-Image-2024-09-21-at-8.26.28-PM-747x420.jpeg 747w, https:\/\/www.fiscalia.gov.co\/colombia\/wp-content\/uploads\/WhatsApp-Image-2024-09-21-at-8.26.28-PM-696x392.jpeg 696w, https:\/\/www.fiscalia.gov.co\/colombia\/wp-content\/uploads\/WhatsApp-Image-2024-09-21-at-8.26.28-PM-1068x601.jpeg 1068w, https:\/\/www.fiscalia.gov.co\/colombia\/wp-content\/uploads\/WhatsApp-Image-2024-09-21-at-8.26.28-PM.jpeg 1280w\" sizes=\"auto, (max-width: 696px) 100vw, 696px\" \/><figcaption id=\"caption-attachment-302331\" class=\"wp-caption-text\">Jhon Maro Guti\u00e9rrez Baham\u00f3n, uno de los se\u00f1alados cabecillas de la estructura Dagoberto Ramos de las disidencias de las Farc, fue capturado en La Plata (Huila), en un trabajo articulado con la Polic\u00eda Nacional y el Ej\u00e9rcito Nacional.<\/figcaption><\/figure>\n<p>La<strong> Fiscal\u00eda General de la Naci\u00f3n<\/strong> obtuvo elementos materiales de prueba que dan cuenta de la responsabilidad de Jhon Maro Guti\u00e9rrez Baham\u00f3n, uno de los se\u00f1alados cabecillas de la estructura Dagoberto Ramos de las <strong>disidencias de las Farc<\/strong>, en diversos cr\u00edmenes contra los<strong> firmantes de paz en Cauc<\/strong>.<\/p>\n<p>En ese sentido, fue presentado ante un juez de control de garant\u00edas e imputado por los delitos de <strong>homicidio agravado<\/strong>, <strong>concierto para delinquir<\/strong> agravado, y fabricaci\u00f3n, tr\u00e1fico, porte o tenencia de armas de fuego, accesorios, partes o municiones. Los cargos no fueron aceptados por el procesado, que deber\u00e1 cumplir medida de aseguramiento en establecimiento carcelario.<\/p>\n<p>La investigaci\u00f3n liderada por un fiscal de la <strong>Unidad Especial de Investigaci\u00f3n (UEI)<\/strong> permiti\u00f3 conocer que Guti\u00e9rrez Baham\u00f3n habr\u00eda ordenado varios asesinatos selectivos en contra de personas que se negaban a hacer parte del<strong> grupo armado ilegal<\/strong> y para intimidar a las comunidades que se opon\u00edan a su actuar criminal en el departamento.<\/p>\n<p>Uno de los homicidios que se le atribuye es el del firmante de paz Nelson David Monta\u00f1os M\u00e1rquez, perpetrado el 24 de abril de 2022, en Miranda (Cauca). La v\u00edctima estaba frente a un establecimiento de comercio, cuando fue interceptada por hombres armados que le dispararon en varias oportunidades.<\/p>\n<p>Jhon Maro Guti\u00e9rrez Baham\u00f3n fue capturado en <strong>La Plata (Huila)<\/strong>, en un trabajo articulado con la Polic\u00eda Nacional y el Ej\u00e9rcito Nacional.<\/p>\n<p>Esta informaci\u00f3n se p\u00fablica por razones de inter\u00e9s general.<\/p>\n<p>AMCJ\/JARG\/JM\/AAB\/UEI<\/p>\n<p><em>La informaci\u00f3n contenida en este bolet\u00edn de prensa corresponde a la narraci\u00f3n de los hechos noticiosos objetivos, suministrados por los funcionarios encargados de adelantar las investigaciones penales al interior de la Fiscal\u00eda General de la Naci\u00f3n. Para el momento de la divulgaci\u00f3n de este comunicado, la situaci\u00f3n jur\u00eddica de la(s) persona(s) relacionada(s) se encuentra pendiente de resolver por la autoridad judicial competente, siempre bajo los preceptos de la presunci\u00f3n de inocencia, consagrados en el art\u00edculo 29 de la Constituci\u00f3n Pol\u00edtica y el art\u00edculo 7\u00ba de la Ley 906 de 2004.<\/em><\/p>\n\n<div class=\"twitter-share\"><a href=\"https:\/\/twitter.com\/intent\/tweet?via=fiscaliacol\" class=\"twitter-share-button\">Tweet<\/a><\/div>\n","protected":false},"excerpt":{"rendered":"<p>Es se\u00f1alado de ordenar homicidios en contra de personas que se negaban a vincularse a la organizaci\u00f3n armada ilegal o se opon\u00edan a su accionar delictivo en varios municipios del departamento. La Fiscal\u00eda General de la Naci\u00f3n obtuvo elementos materiales de prueba que dan cuenta de la responsabilidad de Jhon Maro Guti\u00e9rrez Baham\u00f3n, uno de [&hellip;]<\/p>\n","protected":false},"author":182,"featured_media":0,"comment_status":"closed","ping_status":"open","sticky":false,"template":"","format":"standard","meta":{"tdm_status":"","tdm_grid_status":"","footnotes":""},"categories":[24176,24102,1],"tags":[2712,24712,36731,37492,1047,28298],"class_list":{"0":"post-302330","1":"post","2":"type-post","3":"status-publish","4":"format-standard","6":"category-defensores","7":"category-derechos-humanos","8":"category-noticias","9":"tag-cauca","10":"tag-disidencias-de-las-farc","11":"tag-firmantes-de-paz","12":"tag-fiscal-luz-adriana-camargo","13":"tag-fiscalia-general-de-la-nacion","14":"tag-unidad-especial-de-investigacion-uei"},"yoast_head":"<!-- This site is optimized with the Yoast SEO plugin v24.3 - https:\/\/yoast.com\/wordpress\/plugins\/seo\/ -->\n<title>Fiscal\u00eda General de la Naci\u00f3n<\/title>\n<meta name=\"description\" content=\"P\u00e1gina oficial de la Fiscal\u00eda General de la Naci\u00f3n \u2013 Colombia. Garantizamos el acceso efectivo a la justicia, la verdad y la reparaci\u00f3n de las v\u00edctimas de los delitos.\" \/>\n<meta name=\"robots\" content=\"noindex, follow\" \/>\n<meta property=\"og:locale\" content=\"es_ES\" \/>\n<meta property=\"og:type\" content=\"article\" \/>\n<meta property=\"og:title\" content=\"Fiscal\u00eda General de la Naci\u00f3n\" \/>\n<meta property=\"og:description\" content=\"P\u00e1gina oficial de la Fiscal\u00eda General de la Naci\u00f3n \u2013 Colombia. Garantizamos el acceso efectivo a la justicia, la verdad y la reparaci\u00f3n de las v\u00edctimas de los delitos.\" \/>\n<meta property=\"og:url\" content=\"https:\/\/www.fiscalia.gov.co\/colombia\/derechos-humanos\/asegurado-presunto-cabecilla-de-las-disidencias-de-las-farc-que-estaria-involucrado-en-crimenes-de-firmantes-de-paz-en-cauca\/\" \/>\n<meta property=\"og:site_name\" content=\"Fiscal\u00eda General de la Naci\u00f3n\" \/>\n<meta property=\"article:publisher\" content=\"https:\/\/www.facebook.com\/FiscaliaCol\" \/>\n<meta property=\"article:published_time\" content=\"2024-09-22T13:09:39+00:00\" \/>\n<meta property=\"article:modified_time\" content=\"2025-02-12T17:19:56+00:00\" \/>\n<meta property=\"og:image\" content=\"https:\/\/www.fiscalia.gov.co\/colombia\/wp-content\/uploads\/WhatsApp-Image-2024-09-21-at-8.26.28-PM.jpeg\" \/>\n\t<meta property=\"og:image:width\" content=\"1280\" \/>\n\t<meta property=\"og:image:height\" content=\"720\" \/>\n\t<meta property=\"og:image:type\" content=\"image\/jpeg\" \/>\n<meta name=\"author\" content=\"Paula Andrea Castillo Lenis\" \/>\n<meta name=\"twitter:card\" content=\"summary_large_image\" \/>\n<meta name=\"twitter:creator\" content=\"@FiscaliaCol\" \/>\n<meta name=\"twitter:site\" content=\"@FiscaliaCol\" \/>\n<meta name=\"twitter:label1\" content=\"Escrito por\" \/>\n\t<meta name=\"twitter:data1\" content=\"Paula Andrea Castillo Lenis\" \/>\n\t<meta name=\"twitter:label2\" content=\"Tiempo de lectura\" \/>\n\t<meta name=\"twitter:data2\" content=\"2 minutos\" \/>\n<script type=\"application\/ld+json\" class=\"yoast-schema-graph\">{\"@context\":\"https:\/\/schema.org\",\"@graph\":[{\"@type\":\"Article\",\"@id\":\"https:\/\/www.fiscalia.gov.co\/colombia\/derechos-humanos\/asegurado-presunto-cabecilla-de-las-disidencias-de-las-farc-que-estaria-involucrado-en-crimenes-de-firmantes-de-paz-en-cauca\/#article\",\"isPartOf\":{\"@id\":\"https:\/\/www.fiscalia.gov.co\/colombia\/derechos-humanos\/asegurado-presunto-cabecilla-de-las-disidencias-de-las-farc-que-estaria-involucrado-en-crimenes-de-firmantes-de-paz-en-cauca\/\"},\"author\":{\"name\":\"Paula Andrea Castillo Lenis\",\"@id\":\"https:\/\/www.fiscalia.gov.co\/colombia\/#\/schema\/person\/66c172905e0492f1de6bbe5f93c4668f\"},\"headline\":\"Asegurado presunto cabecilla de las disidencias de las Farc que estar\u00eda involucrado en cr\u00edmenes de firmantes de paz en Cauca\",\"datePublished\":\"2024-09-22T13:09:39+00:00\",\"dateModified\":\"2025-02-12T17:19:56+00:00\",\"mainEntityOfPage\":{\"@id\":\"https:\/\/www.fiscalia.gov.co\/colombia\/derechos-humanos\/asegurado-presunto-cabecilla-de-las-disidencias-de-las-farc-que-estaria-involucrado-en-crimenes-de-firmantes-de-paz-en-cauca\/\"},\"wordCount\":472,\"publisher\":{\"@id\":\"https:\/\/www.fiscalia.gov.co\/colombia\/#organization\"},\"image\":{\"@id\":\"https:\/\/www.fiscalia.gov.co\/colombia\/derechos-humanos\/asegurado-presunto-cabecilla-de-las-disidencias-de-las-farc-que-estaria-involucrado-en-crimenes-de-firmantes-de-paz-en-cauca\/#primaryimage\"},\"thumbnailUrl\":\"https:\/\/www.fiscalia.gov.co\/colombia\/wp-content\/uploads\/WhatsApp-Image-2024-09-21-at-8.26.28-PM-1024x576.jpeg\",\"keywords\":[\"Cauca\",\"disidencias de las FARC\",\"firmantes de paz\",\"Fiscal Luz Adriana Camargo\",\"Fiscal\u00eda General de la Naci\u00f3n\",\"Unidad Especial de Investigaci\u00f3n (UEI)\"],\"articleSection\":[\"Defensores\",\"Derechos Humanos\",\"Noticias\"],\"inLanguage\":\"es-CO\"},{\"@type\":\"WebPage\",\"@id\":\"https:\/\/www.fiscalia.gov.co\/colombia\/derechos-humanos\/asegurado-presunto-cabecilla-de-las-disidencias-de-las-farc-que-estaria-involucrado-en-crimenes-de-firmantes-de-paz-en-cauca\/\",\"url\":\"https:\/\/www.fiscalia.gov.co\/colombia\/derechos-humanos\/asegurado-presunto-cabecilla-de-las-disidencias-de-las-farc-que-estaria-involucrado-en-crimenes-de-firmantes-de-paz-en-cauca\/\",\"name\":\"Fiscal\u00eda General de la Naci\u00f3n\",\"isPartOf\":{\"@id\":\"https:\/\/www.fiscalia.gov.co\/colombia\/#website\"},\"primaryImageOfPage\":{\"@id\":\"https:\/\/www.fiscalia.gov.co\/colombia\/derechos-humanos\/asegurado-presunto-cabecilla-de-las-disidencias-de-las-farc-que-estaria-involucrado-en-crimenes-de-firmantes-de-paz-en-cauca\/#primaryimage\"},\"image\":{\"@id\":\"https:\/\/www.fiscalia.gov.co\/colombia\/derechos-humanos\/asegurado-presunto-cabecilla-de-las-disidencias-de-las-farc-que-estaria-involucrado-en-crimenes-de-firmantes-de-paz-en-cauca\/#primaryimage\"},\"thumbnailUrl\":\"https:\/\/www.fiscalia.gov.co\/colombia\/wp-content\/uploads\/WhatsApp-Image-2024-09-21-at-8.26.28-PM-1024x576.jpeg\",\"datePublished\":\"2024-09-22T13:09:39+00:00\",\"dateModified\":\"2025-02-12T17:19:56+00:00\",\"description\":\"P\u00e1gina oficial de la Fiscal\u00eda General de la Naci\u00f3n \u2013 Colombia. Garantizamos el acceso efectivo a la justicia, la verdad y la reparaci\u00f3n de las v\u00edctimas de los delitos.\",\"breadcrumb\":{\"@id\":\"https:\/\/www.fiscalia.gov.co\/colombia\/derechos-humanos\/asegurado-presunto-cabecilla-de-las-disidencias-de-las-farc-que-estaria-involucrado-en-crimenes-de-firmantes-de-paz-en-cauca\/#breadcrumb\"},\"inLanguage\":\"es-CO\",\"potentialAction\":[{\"@type\":\"ReadAction\",\"target\":[\"https:\/\/www.fiscalia.gov.co\/colombia\/derechos-humanos\/asegurado-presunto-cabecilla-de-las-disidencias-de-las-farc-que-estaria-involucrado-en-crimenes-de-firmantes-de-paz-en-cauca\/\"]}]},{\"@type\":\"ImageObject\",\"inLanguage\":\"es-CO\",\"@id\":\"https:\/\/www.fiscalia.gov.co\/colombia\/derechos-humanos\/asegurado-presunto-cabecilla-de-las-disidencias-de-las-farc-que-estaria-involucrado-en-crimenes-de-firmantes-de-paz-en-cauca\/#primaryimage\",\"url\":\"https:\/\/www.fiscalia.gov.co\/colombia\/wp-content\/uploads\/WhatsApp-Image-2024-09-21-at-8.26.28-PM.jpeg\",\"contentUrl\":\"https:\/\/www.fiscalia.gov.co\/colombia\/wp-content\/uploads\/WhatsApp-Image-2024-09-21-at-8.26.28-PM.jpeg\",\"width\":1280,\"height\":720,\"caption\":\"Jhon Maro Guti\u00e9rrez Baham\u00f3n, uno de los se\u00f1alados cabecillas de la estructura Dagoberto Ramos de las disidencias de las Farc, fue capturado en La Plata (Huila), en un trabajo articulado con la Polic\u00eda Nacional y el Ej\u00e9rcito Nacional.\"},{\"@type\":\"BreadcrumbList\",\"@id\":\"https:\/\/www.fiscalia.gov.co\/colombia\/derechos-humanos\/asegurado-presunto-cabecilla-de-las-disidencias-de-las-farc-que-estaria-involucrado-en-crimenes-de-firmantes-de-paz-en-cauca\/#breadcrumb\",\"itemListElement\":[{\"@type\":\"ListItem\",\"position\":1,\"name\":\"Home\",\"item\":\"https:\/\/www.fiscalia.gov.co\/colombia\/\"},{\"@type\":\"ListItem\",\"position\":2,\"name\":\"Asegurado presunto cabecilla de las disidencias de las Farc que estar\u00eda involucrado en cr\u00edmenes de firmantes de paz en Cauca\"}]},{\"@type\":\"WebSite\",\"@id\":\"https:\/\/www.fiscalia.gov.co\/colombia\/#website\",\"url\":\"https:\/\/www.fiscalia.gov.co\/colombia\/\",\"name\":\"Fiscal\u00eda General de la Naci\u00f3n\",\"description\":\"P\u00e1gina oficial de la Fiscal\u00eda General de la Naci\u00f3n \u2013 Colombia. Garantizamos el acceso efectivo a la justicia, la verdad y la reparaci\u00f3n de las v\u00edctimas de los delitos.\",\"publisher\":{\"@id\":\"https:\/\/www.fiscalia.gov.co\/colombia\/#organization\"},\"potentialAction\":[{\"@type\":\"SearchAction\",\"target\":{\"@type\":\"EntryPoint\",\"urlTemplate\":\"https:\/\/www.fiscalia.gov.co\/colombia\/?s={search_term_string}\"},\"query-input\":{\"@type\":\"PropertyValueSpecification\",\"valueRequired\":true,\"valueName\":\"search_term_string\"}}],\"inLanguage\":\"es-CO\"},{\"@type\":\"Organization\",\"@id\":\"https:\/\/www.fiscalia.gov.co\/colombia\/#organization\",\"name\":\"Fiscal\u00eda General de la Naci\u00f3n\",\"url\":\"https:\/\/www.fiscalia.gov.co\/colombia\/\",\"logo\":{\"@type\":\"ImageObject\",\"inLanguage\":\"es-CO\",\"@id\":\"https:\/\/www.fiscalia.gov.co\/colombia\/#\/schema\/logo\/image\/\",\"url\":\"https:\/\/www.fiscalia.gov.co\/colombia\/wp-content\/uploads\/LogoHorizontal_1.jpg\",\"contentUrl\":\"https:\/\/www.fiscalia.gov.co\/colombia\/wp-content\/uploads\/LogoHorizontal_1.jpg\",\"width\":300,\"height\":90,\"caption\":\"Fiscal\u00eda General de la Naci\u00f3n\"},\"image\":{\"@id\":\"https:\/\/www.fiscalia.gov.co\/colombia\/#\/schema\/logo\/image\/\"},\"sameAs\":[\"https:\/\/www.facebook.com\/FiscaliaCol\",\"https:\/\/x.com\/FiscaliaCol\",\"https:\/\/www.instagram.com\/fiscaliacol\",\"https:\/\/www.linkedin.com\/company\/fiscalia-general-de-la-naci-n\/\",\"https:\/\/youtube.com\/@fiscaliageneraldelanacion-4668?si=6nN79nyQICPU5iTh\"]},{\"@type\":\"Person\",\"@id\":\"https:\/\/www.fiscalia.gov.co\/colombia\/#\/schema\/person\/66c172905e0492f1de6bbe5f93c4668f\",\"name\":\"Paula Andrea Castillo Lenis\",\"image\":{\"@type\":\"ImageObject\",\"inLanguage\":\"es-CO\",\"@id\":\"https:\/\/www.fiscalia.gov.co\/colombia\/#\/schema\/person\/image\/\",\"url\":\"https:\/\/secure.gravatar.com\/avatar\/cb060d9561f2947c4102d1825739f868?s=96&d=mm&r=g\",\"contentUrl\":\"https:\/\/secure.gravatar.com\/avatar\/cb060d9561f2947c4102d1825739f868?s=96&d=mm&r=g\",\"caption\":\"Paula Andrea Castillo Lenis\"},\"url\":\"https:\/\/www.fiscalia.gov.co\/colombia\/author\/paula-castillo\/\"}]}<\/script>\n<!-- \/ Yoast SEO plugin. -->","yoast_head_json":{"title":"Fiscal\u00eda General de la Naci\u00f3n","description":"P\u00e1gina oficial de la Fiscal\u00eda General de la Naci\u00f3n \u2013 Colombia. Garantizamos el acceso efectivo a la justicia, la verdad y la reparaci\u00f3n de las v\u00edctimas de los delitos.","robots":{"index":"noindex","follow":"follow"},"og_locale":"es_ES","og_type":"article","og_title":"Fiscal\u00eda General de la Naci\u00f3n","og_description":"P\u00e1gina oficial de la Fiscal\u00eda General de la Naci\u00f3n \u2013 Colombia. Garantizamos el acceso efectivo a la justicia, la verdad y la reparaci\u00f3n de las v\u00edctimas de los delitos.","og_url":"https:\/\/www.fiscalia.gov.co\/colombia\/derechos-humanos\/asegurado-presunto-cabecilla-de-las-disidencias-de-las-farc-que-estaria-involucrado-en-crimenes-de-firmantes-de-paz-en-cauca\/","og_site_name":"Fiscal\u00eda General de la Naci\u00f3n","article_publisher":"https:\/\/www.facebook.com\/FiscaliaCol","article_published_time":"2024-09-22T13:09:39+00:00","article_modified_time":"2025-02-12T17:19:56+00:00","og_image":[{"width":1280,"height":720,"url":"https:\/\/www.fiscalia.gov.co\/colombia\/wp-content\/uploads\/WhatsApp-Image-2024-09-21-at-8.26.28-PM.jpeg","type":"image\/jpeg"}],"author":"Paula Andrea Castillo Lenis","twitter_card":"summary_large_image","twitter_creator":"@FiscaliaCol","twitter_site":"@FiscaliaCol","twitter_misc":{"Escrito por":"Paula Andrea Castillo Lenis","Tiempo de lectura":"2 minutos"},"schema":{"@context":"https:\/\/schema.org","@graph":[{"@type":"Article","@id":"https:\/\/www.fiscalia.gov.co\/colombia\/derechos-humanos\/asegurado-presunto-cabecilla-de-las-disidencias-de-las-farc-que-estaria-involucrado-en-crimenes-de-firmantes-de-paz-en-cauca\/#article","isPartOf":{"@id":"https:\/\/www.fiscalia.gov.co\/colombia\/derechos-humanos\/asegurado-presunto-cabecilla-de-las-disidencias-de-las-farc-que-estaria-involucrado-en-crimenes-de-firmantes-de-paz-en-cauca\/"},"author":{"name":"Paula Andrea Castillo Lenis","@id":"https:\/\/www.fiscalia.gov.co\/colombia\/#\/schema\/person\/66c172905e0492f1de6bbe5f93c4668f"},"headline":"Asegurado presunto cabecilla de las disidencias de las Farc que estar\u00eda involucrado en cr\u00edmenes de firmantes de paz en Cauca","datePublished":"2024-09-22T13:09:39+00:00","dateModified":"2025-02-12T17:19:56+00:00","mainEntityOfPage":{"@id":"https:\/\/www.fiscalia.gov.co\/colombia\/derechos-humanos\/asegurado-presunto-cabecilla-de-las-disidencias-de-las-farc-que-estaria-involucrado-en-crimenes-de-firmantes-de-paz-en-cauca\/"},"wordCount":472,"publisher":{"@id":"https:\/\/www.fiscalia.gov.co\/colombia\/#organization"},"image":{"@id":"https:\/\/www.fiscalia.gov.co\/colombia\/derechos-humanos\/asegurado-presunto-cabecilla-de-las-disidencias-de-las-farc-que-estaria-involucrado-en-crimenes-de-firmantes-de-paz-en-cauca\/#primaryimage"},"thumbnailUrl":"https:\/\/www.fiscalia.gov.co\/colombia\/wp-content\/uploads\/WhatsApp-Image-2024-09-21-at-8.26.28-PM-1024x576.jpeg","keywords":["Cauca","disidencias de las FARC","firmantes de paz","Fiscal Luz Adriana Camargo","Fiscal\u00eda General de la Naci\u00f3n","Unidad Especial de Investigaci\u00f3n (UEI)"],"articleSection":["Defensores","Derechos Humanos","Noticias"],"inLanguage":"es-CO"},{"@type":"WebPage","@id":"https:\/\/www.fiscalia.gov.co\/colombia\/derechos-humanos\/asegurado-presunto-cabecilla-de-las-disidencias-de-las-farc-que-estaria-involucrado-en-crimenes-de-firmantes-de-paz-en-cauca\/","url":"https:\/\/www.fiscalia.gov.co\/colombia\/derechos-humanos\/asegurado-presunto-cabecilla-de-las-disidencias-de-las-farc-que-estaria-involucrado-en-crimenes-de-firmantes-de-paz-en-cauca\/","name":"Fiscal\u00eda General de la Naci\u00f3n","isPartOf":{"@id":"https:\/\/www.fiscalia.gov.co\/colombia\/#website"},"primaryImageOfPage":{"@id":"https:\/\/www.fiscalia.gov.co\/colombia\/derechos-humanos\/asegurado-presunto-cabecilla-de-las-disidencias-de-las-farc-que-estaria-involucrado-en-crimenes-de-firmantes-de-paz-en-cauca\/#primaryimage"},"image":{"@id":"https:\/\/www.fiscalia.gov.co\/colombia\/derechos-humanos\/asegurado-presunto-cabecilla-de-las-disidencias-de-las-farc-que-estaria-involucrado-en-crimenes-de-firmantes-de-paz-en-cauca\/#primaryimage"},"thumbnailUrl":"https:\/\/www.fiscalia.gov.co\/colombia\/wp-content\/uploads\/WhatsApp-Image-2024-09-21-at-8.26.28-PM-1024x576.jpeg","datePublished":"2024-09-22T13:09:39+00:00","dateModified":"2025-02-12T17:19:56+00:00","description":"P\u00e1gina oficial de la Fiscal\u00eda General de la Naci\u00f3n \u2013 Colombia. Garantizamos el acceso efectivo a la justicia, la verdad y la reparaci\u00f3n de las v\u00edctimas de los delitos.","breadcrumb":{"@id":"https:\/\/www.fiscalia.gov.co\/colombia\/derechos-humanos\/asegurado-presunto-cabecilla-de-las-disidencias-de-las-farc-que-estaria-involucrado-en-crimenes-de-firmantes-de-paz-en-cauca\/#breadcrumb"},"inLanguage":"es-CO","potentialAction":[{"@type":"ReadAction","target":["https:\/\/www.fiscalia.gov.co\/colombia\/derechos-humanos\/asegurado-presunto-cabecilla-de-las-disidencias-de-las-farc-que-estaria-involucrado-en-crimenes-de-firmantes-de-paz-en-cauca\/"]}]},{"@type":"ImageObject","inLanguage":"es-CO","@id":"https:\/\/www.fiscalia.gov.co\/colombia\/derechos-humanos\/asegurado-presunto-cabecilla-de-las-disidencias-de-las-farc-que-estaria-involucrado-en-crimenes-de-firmantes-de-paz-en-cauca\/#primaryimage","url":"https:\/\/www.fiscalia.gov.co\/colombia\/wp-content\/uploads\/WhatsApp-Image-2024-09-21-at-8.26.28-PM.jpeg","contentUrl":"https:\/\/www.fiscalia.gov.co\/colombia\/wp-content\/uploads\/WhatsApp-Image-2024-09-21-at-8.26.28-PM.jpeg","width":1280,"height":720,"caption":"Jhon Maro Guti\u00e9rrez Baham\u00f3n, uno de los se\u00f1alados cabecillas de la estructura Dagoberto Ramos de las disidencias de las Farc, fue capturado en La Plata (Huila), en un trabajo articulado con la Polic\u00eda Nacional y el Ej\u00e9rcito Nacional."},{"@type":"BreadcrumbList","@id":"https:\/\/www.fiscalia.gov.co\/colombia\/derechos-humanos\/asegurado-presunto-cabecilla-de-las-disidencias-de-las-farc-que-estaria-involucrado-en-crimenes-de-firmantes-de-paz-en-cauca\/#breadcrumb","itemListElement":[{"@type":"ListItem","position":1,"name":"Home","item":"https:\/\/www.fiscalia.gov.co\/colombia\/"},{"@type":"ListItem","position":2,"name":"Asegurado presunto cabecilla de las disidencias de las Farc que estar\u00eda involucrado en cr\u00edmenes de firmantes de paz en Cauca"}]},{"@type":"WebSite","@id":"https:\/\/www.fiscalia.gov.co\/colombia\/#website","url":"https:\/\/www.fiscalia.gov.co\/colombia\/","name":"Fiscal\u00eda General de la Naci\u00f3n","description":"P\u00e1gina oficial de la Fiscal\u00eda General de la Naci\u00f3n \u2013 Colombia. Garantizamos el acceso efectivo a la justicia, la verdad y la reparaci\u00f3n de las v\u00edctimas de los delitos.","publisher":{"@id":"https:\/\/www.fiscalia.gov.co\/colombia\/#organization"},"potentialAction":[{"@type":"SearchAction","target":{"@type":"EntryPoint","urlTemplate":"https:\/\/www.fiscalia.gov.co\/colombia\/?s={search_term_string}"},"query-input":{"@type":"PropertyValueSpecification","valueRequired":true,"valueName":"search_term_string"}}],"inLanguage":"es-CO"},{"@type":"Organization","@id":"https:\/\/www.fiscalia.gov.co\/colombia\/#organization","name":"Fiscal\u00eda General de la Naci\u00f3n","url":"https:\/\/www.fiscalia.gov.co\/colombia\/","logo":{"@type":"ImageObject","inLanguage":"es-CO","@id":"https:\/\/www.fiscalia.gov.co\/colombia\/#\/schema\/logo\/image\/","url":"https:\/\/www.fiscalia.gov.co\/colombia\/wp-content\/uploads\/LogoHorizontal_1.jpg","contentUrl":"https:\/\/www.fiscalia.gov.co\/colombia\/wp-content\/uploads\/LogoHorizontal_1.jpg","width":300,"height":90,"caption":"Fiscal\u00eda General de la Naci\u00f3n"},"image":{"@id":"https:\/\/www.fiscalia.gov.co\/colombia\/#\/schema\/logo\/image\/"},"sameAs":["https:\/\/www.facebook.com\/FiscaliaCol","https:\/\/x.com\/FiscaliaCol","https:\/\/www.instagram.com\/fiscaliacol","https:\/\/www.linkedin.com\/company\/fiscalia-general-de-la-naci-n\/","https:\/\/youtube.com\/@fiscaliageneraldelanacion-4668?si=6nN79nyQICPU5iTh"]},{"@type":"Person","@id":"https:\/\/www.fiscalia.gov.co\/colombia\/#\/schema\/person\/66c172905e0492f1de6bbe5f93c4668f","name":"Paula Andrea Castillo Lenis","image":{"@type":"ImageObject","inLanguage":"es-CO","@id":"https:\/\/www.fiscalia.gov.co\/colombia\/#\/schema\/person\/image\/","url":"https:\/\/secure.gravatar.com\/avatar\/cb060d9561f2947c4102d1825739f868?s=96&d=mm&r=g","contentUrl":"https:\/\/secure.gravatar.com\/avatar\/cb060d9561f2947c4102d1825739f868?s=96&d=mm&r=g","caption":"Paula Andrea Castillo Lenis"},"url":"https:\/\/www.fiscalia.gov.co\/colombia\/author\/paula-castillo\/"}]}},"_links":{"self":[{"href":"https:\/\/www.fiscalia.gov.co\/colombia\/wp-json\/wp\/v2\/posts\/302330","targetHints":{"allow":["GET"]}}],"collection":[{"href":"https:\/\/www.fiscalia.gov.co\/colombia\/wp-json\/wp\/v2\/posts"}],"about":[{"href":"https:\/\/www.fiscalia.gov.co\/colombia\/wp-json\/wp\/v2\/types\/post"}],"author":[{"embeddable":true,"href":"https:\/\/www.fiscalia.gov.co\/colombia\/wp-json\/wp\/v2\/users\/182"}],"replies":[{"embeddable":true,"href":"https:\/\/www.fiscalia.gov.co\/colombia\/wp-json\/wp\/v2\/comments?post=302330"}],"version-history":[{"count":1,"href":"https:\/\/www.fiscalia.gov.co\/colombia\/wp-json\/wp\/v2\/posts\/302330\/revisions"}],"predecessor-version":[{"id":302332,"href":"https:\/\/www.fiscalia.gov.co\/colombia\/wp-json\/wp\/v2\/posts\/302330\/revisions\/302332"}],"wp:attachment":[{"href":"https:\/\/www.fiscalia.gov.co\/colombia\/wp-json\/wp\/v2\/media?parent=302330"}],"wp:term":[{"taxonomy":"category","embeddable":true,"href":"https:\/\/www.fiscalia.gov.co\/colombia\/wp-json\/wp\/v2\/categories?post=302330"},{"taxonomy":"post_tag","embeddable":true,"href":"https:\/\/www.fiscalia.gov.co\/colombia\/wp-json\/wp\/v2\/tags?post=302330"}],"curies":[{"name":"wp","href":"https:\/\/api.w.org\/{rel}","templated":true}]}}