{"id":302263,"date":"2024-09-20T14:56:30","date_gmt":"2024-09-20T19:56:30","guid":{"rendered":"https:\/\/www.fiscalia.gov.co\/colombia\/?p=302263"},"modified":"2024-09-20T14:56:30","modified_gmt":"2024-09-20T19:56:30","slug":"golpe-a-red-delictiva-senalada-del-trafico-local-de-estupefacientes-en-valledupar","status":"publish","type":"post","link":"https:\/\/www.fiscalia.gov.co\/colombia\/noticias\/golpe-a-red-delictiva-senalada-del-trafico-local-de-estupefacientes-en-valledupar\/","title":{"rendered":"Golpe a red delictiva se\u00f1alada del tr\u00e1fico local de estupefacientes en Valledupar"},"content":{"rendered":"<h4><em>Los judicializados ser\u00edan los encargados del narcomenudeo en varias instituciones educativas.<\/em><\/h4>\n<figure id=\"attachment_302264\" aria-describedby=\"caption-attachment-302264\" style=\"width: 696px\" class=\"wp-caption aligncenter\"><img loading=\"lazy\" decoding=\"async\" class=\"wp-image-302264 size-large\" src=\"https:\/\/www.fiscalia.gov.co\/colombia\/wp-content\/uploads\/La-captura-de-los-investigados-se-produjo-en-desarrollo-de-22-diligencias-de-allanamientos-adelantadas-en-Valledupar-1024x576.jpg\" alt=\"En la fotograf\u00eda aparecen 14 personas capturadas, acompa\u00f1adas de uniformados del Gaula Militar y de la Polic\u00eda Nacional. En la parte posterior un banner con logos de la entidad.\" width=\"696\" height=\"392\" srcset=\"https:\/\/www.fiscalia.gov.co\/colombia\/wp-content\/uploads\/La-captura-de-los-investigados-se-produjo-en-desarrollo-de-22-diligencias-de-allanamientos-adelantadas-en-Valledupar-1024x576.jpg 1024w, https:\/\/www.fiscalia.gov.co\/colombia\/wp-content\/uploads\/La-captura-de-los-investigados-se-produjo-en-desarrollo-de-22-diligencias-de-allanamientos-adelantadas-en-Valledupar-300x169.jpg 300w, https:\/\/www.fiscalia.gov.co\/colombia\/wp-content\/uploads\/La-captura-de-los-investigados-se-produjo-en-desarrollo-de-22-diligencias-de-allanamientos-adelantadas-en-Valledupar-768x432.jpg 768w, https:\/\/www.fiscalia.gov.co\/colombia\/wp-content\/uploads\/La-captura-de-los-investigados-se-produjo-en-desarrollo-de-22-diligencias-de-allanamientos-adelantadas-en-Valledupar-1536x864.jpg 1536w, https:\/\/www.fiscalia.gov.co\/colombia\/wp-content\/uploads\/La-captura-de-los-investigados-se-produjo-en-desarrollo-de-22-diligencias-de-allanamientos-adelantadas-en-Valledupar-747x420.jpg 747w, https:\/\/www.fiscalia.gov.co\/colombia\/wp-content\/uploads\/La-captura-de-los-investigados-se-produjo-en-desarrollo-de-22-diligencias-de-allanamientos-adelantadas-en-Valledupar-696x392.jpg 696w, https:\/\/www.fiscalia.gov.co\/colombia\/wp-content\/uploads\/La-captura-de-los-investigados-se-produjo-en-desarrollo-de-22-diligencias-de-allanamientos-adelantadas-en-Valledupar-1068x601.jpg 1068w, https:\/\/www.fiscalia.gov.co\/colombia\/wp-content\/uploads\/La-captura-de-los-investigados-se-produjo-en-desarrollo-de-22-diligencias-de-allanamientos-adelantadas-en-Valledupar.jpg 1600w\" sizes=\"auto, (max-width: 696px) 100vw, 696px\" \/><figcaption id=\"caption-attachment-302264\" class=\"wp-caption-text\">La captura de los investigados se produjo en desarrollo de 22 diligencias de allanamientos adelantadas en Valledupar.<\/figcaption><\/figure>\n<p>La<strong> Fiscal\u00eda General de la Naci\u00f3n<\/strong> obtuvo elementos de prueba que evidenciar\u00edan la existencia de una organizaci\u00f3n ilegal conocida como \u2018Los Pelaos\u2019, se\u00f1alada de comercializar y distribuir estupefacientes en <strong>Valledupar (Cesar).<\/strong><\/p>\n<p>Luego de <strong>22 diligencias de allanamiento<\/strong> adelantadas el pasado 10 de septiembre por la Fiscal\u00eda, el Ej\u00e9rcito y la Polic\u00eda Nacional en los barrios Villa Fuentes, Paramo, Tierra Prometida y Familias Unidas, fue posible capturar a 15 presuntos integrantes de este grupo delincuencial organizado.<\/p>\n<p>Un fiscal de la Seccional Cesar los present\u00f3 ante un juez de control de garant\u00edas y les imput\u00f3 los delitos de\u00a0<strong>concierto para delinquir agravado<\/strong>\u00a0y <strong>tr\u00e1fico o porte de estupefacientes.<\/strong><\/p>\n<p>El material de prueba da cuenta de que esta red delictiva estar\u00eda comercializando <strong>estupefacientes<\/strong> en entornos escolares, al igual que en parques y espacios abiertos al p\u00fablico. Con este resultado, se logr\u00f3 sacar de circulaci\u00f3n m\u00e1s de 1.000 que eran distribuidas diariamente.<\/p>\n<p>Acogiendo la solicitud de la Fiscal\u00eda el juez del caso impuso medida de aseguramiento en centro de carcelario a: Rosalbina Mart\u00ednez Pacheco, Yesica Julieth Franco Mart\u00ednez, Luz Angelica Acevedo Guti\u00e9rrez, Eduardo Luis Espinoza Hern\u00e1ndez, Keiner Morales Caballero, Jos\u00e9 Mar\u00eda Villero Mestra, Brayan Jos\u00e9 Franco Mart\u00ednez, Jaison Andr\u00e9s Franco Mart\u00ednez, Dilan Enrique N\u00fa\u00f1ez Ospino, Alfredo Plata Jim\u00e9nez, Aljemiro Enrique Jim\u00e9nez M\u00e1rquez, Jaider Jos\u00e9 Jim\u00e9nez Bonilla y Sair Ochoa Mart\u00ednez.<\/p>\n<p>Por su parte Nelly Isabel Fern\u00e1ndez Andrade, Luis \u00c1ngel Montero Jim\u00e9nez y Alexis Emel Obreg\u00f3n Mej\u00eda fueron afectados con <strong>medida de aseguramiento domiciliaria.<\/strong><\/p>\n<p>&nbsp;<\/p>\n<p>EDH\/AMCJ\/MAGA\/JMAB\/DSC.<\/p>\n<p>&nbsp;<\/p>\n<p><em>La informaci\u00f3n contenida en este bolet\u00edn de prensa corresponde a la narraci\u00f3n de los hechos noticiosos objetivos, y las investigaciones penales al interior de la Fiscal\u00eda General de la Naci\u00f3n. Para el momento de la divulgaci\u00f3n de este comunicado, la situaci\u00f3n jur\u00eddica de la(s) persona(s) relacionada(s) se encuentra pendiente de resolver por la autoridad judicial competente, siempre bajo los preceptos de la presunci\u00f3n de inocencia, consagrados en el art\u00edculo 29 de la Constituci\u00f3n Pol\u00edtica y el art\u00edculo 7\u00ba de la Ley 906 de 2004.<\/em><\/p>\n\n<div class=\"twitter-share\"><a href=\"https:\/\/twitter.com\/intent\/tweet?via=fiscaliacol\" class=\"twitter-share-button\">Tweet<\/a><\/div>\n","protected":false},"excerpt":{"rendered":"<p>Los judicializados ser\u00edan los encargados del narcomenudeo en varias instituciones educativas. La Fiscal\u00eda General de la Naci\u00f3n obtuvo elementos de prueba que evidenciar\u00edan la existencia de una organizaci\u00f3n ilegal conocida como \u2018Los Pelaos\u2019, se\u00f1alada de comercializar y distribuir estupefacientes en Valledupar (Cesar). Luego de 22 diligencias de allanamiento adelantadas el pasado 10 de septiembre por [&hellip;]<\/p>\n","protected":false},"author":182,"featured_media":0,"comment_status":"closed","ping_status":"open","sticky":false,"template":"","format":"standard","meta":{"_price":"","_stock":"","_tribe_ticket_header":"","_tribe_default_ticket_provider":"","_tribe_ticket_capacity":"0","_ticket_start_date":"","_ticket_end_date":"","_tribe_ticket_show_description":"","_tribe_ticket_show_not_going":false,"_tribe_ticket_use_global_stock":"","_tribe_ticket_global_stock_level":"","_global_stock_mode":"","_global_stock_cap":"","_tribe_rsvp_for_event":"","_tribe_ticket_going_count":"","_tribe_ticket_not_going_count":"","_tribe_tickets_list":"[]","_tribe_ticket_has_attendee_info_fields":false,"tdm_status":"","tdm_grid_status":"","footnotes":""},"categories":[1,342,24103],"tags":[38666,37514,1047,674,155,23836],"class_list":{"0":"post-302263","1":"post","2":"type-post","3":"status-publish","4":"format-standard","6":"category-noticias","7":"category-seccional-valledupar","8":"category-trafico-de-estupefacientes","9":"tag-colegios-de-valledupar","10":"tag-fiscal-general-luz-adriana-camargo","11":"tag-fiscalia-general-de-la-nacion","12":"tag-microtrafico","13":"tag-trafico-de-estupefacientes","14":"tag-valledupar"},"yoast_head":"<!-- This site is optimized with the Yoast SEO plugin v24.3 - https:\/\/yoast.com\/wordpress\/plugins\/seo\/ -->\n<title>Fiscal\u00eda General de la Naci\u00f3n<\/title>\n<meta name=\"description\" content=\"P\u00e1gina oficial de la Fiscal\u00eda General de la Naci\u00f3n \u2013 Colombia. Garantizamos el acceso efectivo a la justicia, la verdad y la reparaci\u00f3n de las v\u00edctimas de los delitos.\" \/>\n<meta name=\"robots\" content=\"noindex, follow\" \/>\n<meta property=\"og:locale\" content=\"es_ES\" \/>\n<meta property=\"og:type\" content=\"article\" \/>\n<meta property=\"og:title\" content=\"Fiscal\u00eda General de la Naci\u00f3n\" \/>\n<meta property=\"og:description\" content=\"P\u00e1gina oficial de la Fiscal\u00eda General de la Naci\u00f3n \u2013 Colombia. Garantizamos el acceso efectivo a la justicia, la verdad y la reparaci\u00f3n de las v\u00edctimas de los delitos.\" \/>\n<meta property=\"og:url\" content=\"https:\/\/www.fiscalia.gov.co\/colombia\/noticias\/golpe-a-red-delictiva-senalada-del-trafico-local-de-estupefacientes-en-valledupar\/\" \/>\n<meta property=\"og:site_name\" content=\"Fiscal\u00eda General de la Naci\u00f3n\" \/>\n<meta property=\"article:publisher\" content=\"https:\/\/www.facebook.com\/FiscaliaCol\" \/>\n<meta property=\"article:published_time\" content=\"2024-09-20T19:56:30+00:00\" \/>\n<meta property=\"og:image\" content=\"https:\/\/www.fiscalia.gov.co\/colombia\/wp-content\/uploads\/La-captura-de-los-investigados-se-produjo-en-desarrollo-de-22-diligencias-de-allanamientos-adelantadas-en-Valledupar-1024x576.jpg\" \/>\n<meta name=\"author\" content=\"Paula Andrea Castillo Lenis\" \/>\n<meta name=\"twitter:card\" content=\"summary_large_image\" \/>\n<meta name=\"twitter:creator\" content=\"@FiscaliaCol\" \/>\n<meta name=\"twitter:site\" content=\"@FiscaliaCol\" \/>\n<meta name=\"twitter:label1\" content=\"Escrito por\" \/>\n\t<meta name=\"twitter:data1\" content=\"Paula Andrea Castillo Lenis\" \/>\n\t<meta name=\"twitter:label2\" content=\"Tiempo de lectura\" \/>\n\t<meta name=\"twitter:data2\" content=\"2 minutos\" \/>\n<script type=\"application\/ld+json\" class=\"yoast-schema-graph\">{\"@context\":\"https:\/\/schema.org\",\"@graph\":[{\"@type\":\"Article\",\"@id\":\"https:\/\/www.fiscalia.gov.co\/colombia\/noticias\/golpe-a-red-delictiva-senalada-del-trafico-local-de-estupefacientes-en-valledupar\/#article\",\"isPartOf\":{\"@id\":\"https:\/\/www.fiscalia.gov.co\/colombia\/noticias\/golpe-a-red-delictiva-senalada-del-trafico-local-de-estupefacientes-en-valledupar\/\"},\"author\":{\"name\":\"Paula Andrea Castillo Lenis\",\"@id\":\"https:\/\/www.fiscalia.gov.co\/colombia\/#\/schema\/person\/66c172905e0492f1de6bbe5f93c4668f\"},\"headline\":\"Golpe a red delictiva se\u00f1alada del tr\u00e1fico local de estupefacientes en Valledupar\",\"datePublished\":\"2024-09-20T19:56:30+00:00\",\"dateModified\":\"2024-09-20T19:56:30+00:00\",\"mainEntityOfPage\":{\"@id\":\"https:\/\/www.fiscalia.gov.co\/colombia\/noticias\/golpe-a-red-delictiva-senalada-del-trafico-local-de-estupefacientes-en-valledupar\/\"},\"wordCount\":420,\"publisher\":{\"@id\":\"https:\/\/www.fiscalia.gov.co\/colombia\/#organization\"},\"image\":{\"@id\":\"https:\/\/www.fiscalia.gov.co\/colombia\/noticias\/golpe-a-red-delictiva-senalada-del-trafico-local-de-estupefacientes-en-valledupar\/#primaryimage\"},\"thumbnailUrl\":\"https:\/\/www.fiscalia.gov.co\/colombia\/wp-content\/uploads\/La-captura-de-los-investigados-se-produjo-en-desarrollo-de-22-diligencias-de-allanamientos-adelantadas-en-Valledupar-1024x576.jpg\",\"keywords\":[\"colegios de Valledupar\",\"Fiscal General Luz Adriana Camargo\",\"Fiscal\u00eda General de la Naci\u00f3n\",\"Microtr\u00e1fico\",\"Tr\u00e1fico de estupefacientes\",\"Valledupar\"],\"articleSection\":[\"Noticias\",\"Seccional Valledupar\",\"Tr\u00e1fico de estupefacientes\"],\"inLanguage\":\"es-CO\"},{\"@type\":\"WebPage\",\"@id\":\"https:\/\/www.fiscalia.gov.co\/colombia\/noticias\/golpe-a-red-delictiva-senalada-del-trafico-local-de-estupefacientes-en-valledupar\/\",\"url\":\"https:\/\/www.fiscalia.gov.co\/colombia\/noticias\/golpe-a-red-delictiva-senalada-del-trafico-local-de-estupefacientes-en-valledupar\/\",\"name\":\"Fiscal\u00eda General de la Naci\u00f3n\",\"isPartOf\":{\"@id\":\"https:\/\/www.fiscalia.gov.co\/colombia\/#website\"},\"primaryImageOfPage\":{\"@id\":\"https:\/\/www.fiscalia.gov.co\/colombia\/noticias\/golpe-a-red-delictiva-senalada-del-trafico-local-de-estupefacientes-en-valledupar\/#primaryimage\"},\"image\":{\"@id\":\"https:\/\/www.fiscalia.gov.co\/colombia\/noticias\/golpe-a-red-delictiva-senalada-del-trafico-local-de-estupefacientes-en-valledupar\/#primaryimage\"},\"thumbnailUrl\":\"https:\/\/www.fiscalia.gov.co\/colombia\/wp-content\/uploads\/La-captura-de-los-investigados-se-produjo-en-desarrollo-de-22-diligencias-de-allanamientos-adelantadas-en-Valledupar-1024x576.jpg\",\"datePublished\":\"2024-09-20T19:56:30+00:00\",\"dateModified\":\"2024-09-20T19:56:30+00:00\",\"description\":\"P\u00e1gina oficial de la Fiscal\u00eda General de la Naci\u00f3n \u2013 Colombia. Garantizamos el acceso efectivo a la justicia, la verdad y la reparaci\u00f3n de las v\u00edctimas de los delitos.\",\"breadcrumb\":{\"@id\":\"https:\/\/www.fiscalia.gov.co\/colombia\/noticias\/golpe-a-red-delictiva-senalada-del-trafico-local-de-estupefacientes-en-valledupar\/#breadcrumb\"},\"inLanguage\":\"es-CO\",\"potentialAction\":[{\"@type\":\"ReadAction\",\"target\":[\"https:\/\/www.fiscalia.gov.co\/colombia\/noticias\/golpe-a-red-delictiva-senalada-del-trafico-local-de-estupefacientes-en-valledupar\/\"]}]},{\"@type\":\"ImageObject\",\"inLanguage\":\"es-CO\",\"@id\":\"https:\/\/www.fiscalia.gov.co\/colombia\/noticias\/golpe-a-red-delictiva-senalada-del-trafico-local-de-estupefacientes-en-valledupar\/#primaryimage\",\"url\":\"https:\/\/www.fiscalia.gov.co\/colombia\/wp-content\/uploads\/La-captura-de-los-investigados-se-produjo-en-desarrollo-de-22-diligencias-de-allanamientos-adelantadas-en-Valledupar.jpg\",\"contentUrl\":\"https:\/\/www.fiscalia.gov.co\/colombia\/wp-content\/uploads\/La-captura-de-los-investigados-se-produjo-en-desarrollo-de-22-diligencias-de-allanamientos-adelantadas-en-Valledupar.jpg\",\"width\":1600,\"height\":900,\"caption\":\"La captura de los investigados se produjo en desarrollo de 22 diligencias de allanamientos adelantadas en Valledupar.\"},{\"@type\":\"BreadcrumbList\",\"@id\":\"https:\/\/www.fiscalia.gov.co\/colombia\/noticias\/golpe-a-red-delictiva-senalada-del-trafico-local-de-estupefacientes-en-valledupar\/#breadcrumb\",\"itemListElement\":[{\"@type\":\"ListItem\",\"position\":1,\"name\":\"Home\",\"item\":\"https:\/\/www.fiscalia.gov.co\/colombia\/\"},{\"@type\":\"ListItem\",\"position\":2,\"name\":\"Golpe a red delictiva se\u00f1alada del tr\u00e1fico local de estupefacientes en Valledupar\"}]},{\"@type\":\"WebSite\",\"@id\":\"https:\/\/www.fiscalia.gov.co\/colombia\/#website\",\"url\":\"https:\/\/www.fiscalia.gov.co\/colombia\/\",\"name\":\"Fiscal\u00eda General de la Naci\u00f3n\",\"description\":\"P\u00e1gina oficial de la Fiscal\u00eda General de la Naci\u00f3n \u2013 Colombia. Garantizamos el acceso efectivo a la justicia, la verdad y la reparaci\u00f3n de las v\u00edctimas de los delitos.\",\"publisher\":{\"@id\":\"https:\/\/www.fiscalia.gov.co\/colombia\/#organization\"},\"potentialAction\":[{\"@type\":\"SearchAction\",\"target\":{\"@type\":\"EntryPoint\",\"urlTemplate\":\"https:\/\/www.fiscalia.gov.co\/colombia\/?s={search_term_string}\"},\"query-input\":{\"@type\":\"PropertyValueSpecification\",\"valueRequired\":true,\"valueName\":\"search_term_string\"}}],\"inLanguage\":\"es-CO\"},{\"@type\":\"Organization\",\"@id\":\"https:\/\/www.fiscalia.gov.co\/colombia\/#organization\",\"name\":\"Fiscal\u00eda General de la Naci\u00f3n\",\"url\":\"https:\/\/www.fiscalia.gov.co\/colombia\/\",\"logo\":{\"@type\":\"ImageObject\",\"inLanguage\":\"es-CO\",\"@id\":\"https:\/\/www.fiscalia.gov.co\/colombia\/#\/schema\/logo\/image\/\",\"url\":\"https:\/\/www.fiscalia.gov.co\/colombia\/wp-content\/uploads\/LogoHorizontal_1.jpg\",\"contentUrl\":\"https:\/\/www.fiscalia.gov.co\/colombia\/wp-content\/uploads\/LogoHorizontal_1.jpg\",\"width\":300,\"height\":90,\"caption\":\"Fiscal\u00eda General de la Naci\u00f3n\"},\"image\":{\"@id\":\"https:\/\/www.fiscalia.gov.co\/colombia\/#\/schema\/logo\/image\/\"},\"sameAs\":[\"https:\/\/www.facebook.com\/FiscaliaCol\",\"https:\/\/x.com\/FiscaliaCol\",\"https:\/\/www.instagram.com\/fiscaliacol\",\"https:\/\/www.linkedin.com\/company\/fiscalia-general-de-la-naci-n\/\",\"https:\/\/youtube.com\/@fiscaliageneraldelanacion-4668?si=6nN79nyQICPU5iTh\"]},{\"@type\":\"Person\",\"@id\":\"https:\/\/www.fiscalia.gov.co\/colombia\/#\/schema\/person\/66c172905e0492f1de6bbe5f93c4668f\",\"name\":\"Paula Andrea Castillo Lenis\",\"image\":{\"@type\":\"ImageObject\",\"inLanguage\":\"es-CO\",\"@id\":\"https:\/\/www.fiscalia.gov.co\/colombia\/#\/schema\/person\/image\/\",\"url\":\"https:\/\/secure.gravatar.com\/avatar\/cb060d9561f2947c4102d1825739f868?s=96&d=mm&r=g\",\"contentUrl\":\"https:\/\/secure.gravatar.com\/avatar\/cb060d9561f2947c4102d1825739f868?s=96&d=mm&r=g\",\"caption\":\"Paula Andrea Castillo Lenis\"},\"url\":\"https:\/\/www.fiscalia.gov.co\/colombia\/author\/paula-castillo\/\"}]}<\/script>\n<!-- \/ Yoast SEO plugin. -->","yoast_head_json":{"title":"Fiscal\u00eda General de la Naci\u00f3n","description":"P\u00e1gina oficial de la Fiscal\u00eda General de la Naci\u00f3n \u2013 Colombia. Garantizamos el acceso efectivo a la justicia, la verdad y la reparaci\u00f3n de las v\u00edctimas de los delitos.","robots":{"index":"noindex","follow":"follow"},"og_locale":"es_ES","og_type":"article","og_title":"Fiscal\u00eda General de la Naci\u00f3n","og_description":"P\u00e1gina oficial de la Fiscal\u00eda General de la Naci\u00f3n \u2013 Colombia. Garantizamos el acceso efectivo a la justicia, la verdad y la reparaci\u00f3n de las v\u00edctimas de los delitos.","og_url":"https:\/\/www.fiscalia.gov.co\/colombia\/noticias\/golpe-a-red-delictiva-senalada-del-trafico-local-de-estupefacientes-en-valledupar\/","og_site_name":"Fiscal\u00eda General de la Naci\u00f3n","article_publisher":"https:\/\/www.facebook.com\/FiscaliaCol","article_published_time":"2024-09-20T19:56:30+00:00","og_image":[{"url":"https:\/\/www.fiscalia.gov.co\/colombia\/wp-content\/uploads\/La-captura-de-los-investigados-se-produjo-en-desarrollo-de-22-diligencias-de-allanamientos-adelantadas-en-Valledupar-1024x576.jpg","type":"","width":"","height":""}],"author":"Paula Andrea Castillo Lenis","twitter_card":"summary_large_image","twitter_creator":"@FiscaliaCol","twitter_site":"@FiscaliaCol","twitter_misc":{"Escrito por":"Paula Andrea Castillo Lenis","Tiempo de lectura":"2 minutos"},"schema":{"@context":"https:\/\/schema.org","@graph":[{"@type":"Article","@id":"https:\/\/www.fiscalia.gov.co\/colombia\/noticias\/golpe-a-red-delictiva-senalada-del-trafico-local-de-estupefacientes-en-valledupar\/#article","isPartOf":{"@id":"https:\/\/www.fiscalia.gov.co\/colombia\/noticias\/golpe-a-red-delictiva-senalada-del-trafico-local-de-estupefacientes-en-valledupar\/"},"author":{"name":"Paula Andrea Castillo Lenis","@id":"https:\/\/www.fiscalia.gov.co\/colombia\/#\/schema\/person\/66c172905e0492f1de6bbe5f93c4668f"},"headline":"Golpe a red delictiva se\u00f1alada del tr\u00e1fico local de estupefacientes en Valledupar","datePublished":"2024-09-20T19:56:30+00:00","dateModified":"2024-09-20T19:56:30+00:00","mainEntityOfPage":{"@id":"https:\/\/www.fiscalia.gov.co\/colombia\/noticias\/golpe-a-red-delictiva-senalada-del-trafico-local-de-estupefacientes-en-valledupar\/"},"wordCount":420,"publisher":{"@id":"https:\/\/www.fiscalia.gov.co\/colombia\/#organization"},"image":{"@id":"https:\/\/www.fiscalia.gov.co\/colombia\/noticias\/golpe-a-red-delictiva-senalada-del-trafico-local-de-estupefacientes-en-valledupar\/#primaryimage"},"thumbnailUrl":"https:\/\/www.fiscalia.gov.co\/colombia\/wp-content\/uploads\/La-captura-de-los-investigados-se-produjo-en-desarrollo-de-22-diligencias-de-allanamientos-adelantadas-en-Valledupar-1024x576.jpg","keywords":["colegios de Valledupar","Fiscal General Luz Adriana Camargo","Fiscal\u00eda General de la Naci\u00f3n","Microtr\u00e1fico","Tr\u00e1fico de estupefacientes","Valledupar"],"articleSection":["Noticias","Seccional Valledupar","Tr\u00e1fico de estupefacientes"],"inLanguage":"es-CO"},{"@type":"WebPage","@id":"https:\/\/www.fiscalia.gov.co\/colombia\/noticias\/golpe-a-red-delictiva-senalada-del-trafico-local-de-estupefacientes-en-valledupar\/","url":"https:\/\/www.fiscalia.gov.co\/colombia\/noticias\/golpe-a-red-delictiva-senalada-del-trafico-local-de-estupefacientes-en-valledupar\/","name":"Fiscal\u00eda General de la Naci\u00f3n","isPartOf":{"@id":"https:\/\/www.fiscalia.gov.co\/colombia\/#website"},"primaryImageOfPage":{"@id":"https:\/\/www.fiscalia.gov.co\/colombia\/noticias\/golpe-a-red-delictiva-senalada-del-trafico-local-de-estupefacientes-en-valledupar\/#primaryimage"},"image":{"@id":"https:\/\/www.fiscalia.gov.co\/colombia\/noticias\/golpe-a-red-delictiva-senalada-del-trafico-local-de-estupefacientes-en-valledupar\/#primaryimage"},"thumbnailUrl":"https:\/\/www.fiscalia.gov.co\/colombia\/wp-content\/uploads\/La-captura-de-los-investigados-se-produjo-en-desarrollo-de-22-diligencias-de-allanamientos-adelantadas-en-Valledupar-1024x576.jpg","datePublished":"2024-09-20T19:56:30+00:00","dateModified":"2024-09-20T19:56:30+00:00","description":"P\u00e1gina oficial de la Fiscal\u00eda General de la Naci\u00f3n \u2013 Colombia. Garantizamos el acceso efectivo a la justicia, la verdad y la reparaci\u00f3n de las v\u00edctimas de los delitos.","breadcrumb":{"@id":"https:\/\/www.fiscalia.gov.co\/colombia\/noticias\/golpe-a-red-delictiva-senalada-del-trafico-local-de-estupefacientes-en-valledupar\/#breadcrumb"},"inLanguage":"es-CO","potentialAction":[{"@type":"ReadAction","target":["https:\/\/www.fiscalia.gov.co\/colombia\/noticias\/golpe-a-red-delictiva-senalada-del-trafico-local-de-estupefacientes-en-valledupar\/"]}]},{"@type":"ImageObject","inLanguage":"es-CO","@id":"https:\/\/www.fiscalia.gov.co\/colombia\/noticias\/golpe-a-red-delictiva-senalada-del-trafico-local-de-estupefacientes-en-valledupar\/#primaryimage","url":"https:\/\/www.fiscalia.gov.co\/colombia\/wp-content\/uploads\/La-captura-de-los-investigados-se-produjo-en-desarrollo-de-22-diligencias-de-allanamientos-adelantadas-en-Valledupar.jpg","contentUrl":"https:\/\/www.fiscalia.gov.co\/colombia\/wp-content\/uploads\/La-captura-de-los-investigados-se-produjo-en-desarrollo-de-22-diligencias-de-allanamientos-adelantadas-en-Valledupar.jpg","width":1600,"height":900,"caption":"La captura de los investigados se produjo en desarrollo de 22 diligencias de allanamientos adelantadas en Valledupar."},{"@type":"BreadcrumbList","@id":"https:\/\/www.fiscalia.gov.co\/colombia\/noticias\/golpe-a-red-delictiva-senalada-del-trafico-local-de-estupefacientes-en-valledupar\/#breadcrumb","itemListElement":[{"@type":"ListItem","position":1,"name":"Home","item":"https:\/\/www.fiscalia.gov.co\/colombia\/"},{"@type":"ListItem","position":2,"name":"Golpe a red delictiva se\u00f1alada del tr\u00e1fico local de estupefacientes en Valledupar"}]},{"@type":"WebSite","@id":"https:\/\/www.fiscalia.gov.co\/colombia\/#website","url":"https:\/\/www.fiscalia.gov.co\/colombia\/","name":"Fiscal\u00eda General de la Naci\u00f3n","description":"P\u00e1gina oficial de la Fiscal\u00eda General de la Naci\u00f3n \u2013 Colombia. Garantizamos el acceso efectivo a la justicia, la verdad y la reparaci\u00f3n de las v\u00edctimas de los delitos.","publisher":{"@id":"https:\/\/www.fiscalia.gov.co\/colombia\/#organization"},"potentialAction":[{"@type":"SearchAction","target":{"@type":"EntryPoint","urlTemplate":"https:\/\/www.fiscalia.gov.co\/colombia\/?s={search_term_string}"},"query-input":{"@type":"PropertyValueSpecification","valueRequired":true,"valueName":"search_term_string"}}],"inLanguage":"es-CO"},{"@type":"Organization","@id":"https:\/\/www.fiscalia.gov.co\/colombia\/#organization","name":"Fiscal\u00eda General de la Naci\u00f3n","url":"https:\/\/www.fiscalia.gov.co\/colombia\/","logo":{"@type":"ImageObject","inLanguage":"es-CO","@id":"https:\/\/www.fiscalia.gov.co\/colombia\/#\/schema\/logo\/image\/","url":"https:\/\/www.fiscalia.gov.co\/colombia\/wp-content\/uploads\/LogoHorizontal_1.jpg","contentUrl":"https:\/\/www.fiscalia.gov.co\/colombia\/wp-content\/uploads\/LogoHorizontal_1.jpg","width":300,"height":90,"caption":"Fiscal\u00eda General de la Naci\u00f3n"},"image":{"@id":"https:\/\/www.fiscalia.gov.co\/colombia\/#\/schema\/logo\/image\/"},"sameAs":["https:\/\/www.facebook.com\/FiscaliaCol","https:\/\/x.com\/FiscaliaCol","https:\/\/www.instagram.com\/fiscaliacol","https:\/\/www.linkedin.com\/company\/fiscalia-general-de-la-naci-n\/","https:\/\/youtube.com\/@fiscaliageneraldelanacion-4668?si=6nN79nyQICPU5iTh"]},{"@type":"Person","@id":"https:\/\/www.fiscalia.gov.co\/colombia\/#\/schema\/person\/66c172905e0492f1de6bbe5f93c4668f","name":"Paula Andrea Castillo Lenis","image":{"@type":"ImageObject","inLanguage":"es-CO","@id":"https:\/\/www.fiscalia.gov.co\/colombia\/#\/schema\/person\/image\/","url":"https:\/\/secure.gravatar.com\/avatar\/cb060d9561f2947c4102d1825739f868?s=96&d=mm&r=g","contentUrl":"https:\/\/secure.gravatar.com\/avatar\/cb060d9561f2947c4102d1825739f868?s=96&d=mm&r=g","caption":"Paula Andrea Castillo Lenis"},"url":"https:\/\/www.fiscalia.gov.co\/colombia\/author\/paula-castillo\/"}]}},"_links":{"self":[{"href":"https:\/\/www.fiscalia.gov.co\/colombia\/wp-json\/wp\/v2\/posts\/302263","targetHints":{"allow":["GET"]}}],"collection":[{"href":"https:\/\/www.fiscalia.gov.co\/colombia\/wp-json\/wp\/v2\/posts"}],"about":[{"href":"https:\/\/www.fiscalia.gov.co\/colombia\/wp-json\/wp\/v2\/types\/post"}],"author":[{"embeddable":true,"href":"https:\/\/www.fiscalia.gov.co\/colombia\/wp-json\/wp\/v2\/users\/182"}],"replies":[{"embeddable":true,"href":"https:\/\/www.fiscalia.gov.co\/colombia\/wp-json\/wp\/v2\/comments?post=302263"}],"version-history":[{"count":2,"href":"https:\/\/www.fiscalia.gov.co\/colombia\/wp-json\/wp\/v2\/posts\/302263\/revisions"}],"predecessor-version":[{"id":302267,"href":"https:\/\/www.fiscalia.gov.co\/colombia\/wp-json\/wp\/v2\/posts\/302263\/revisions\/302267"}],"wp:attachment":[{"href":"https:\/\/www.fiscalia.gov.co\/colombia\/wp-json\/wp\/v2\/media?parent=302263"}],"wp:term":[{"taxonomy":"category","embeddable":true,"href":"https:\/\/www.fiscalia.gov.co\/colombia\/wp-json\/wp\/v2\/categories?post=302263"},{"taxonomy":"post_tag","embeddable":true,"href":"https:\/\/www.fiscalia.gov.co\/colombia\/wp-json\/wp\/v2\/tags?post=302263"}],"curies":[{"name":"wp","href":"https:\/\/api.w.org\/{rel}","templated":true}]}}