{"id":302231,"date":"2024-09-20T09:48:46","date_gmt":"2024-09-20T14:48:46","guid":{"rendered":"https:\/\/www.fiscalia.gov.co\/colombia\/?p=302231"},"modified":"2024-09-20T15:27:35","modified_gmt":"2024-09-20T20:27:35","slug":"a-mas-de-27-anos-de-prision-fueron-condenados-dos-hombres-por-el-asesinato-del-dueno-de-una-fonda-en-aguadas-caldas","status":"publish","type":"post","link":"https:\/\/www.fiscalia.gov.co\/colombia\/noticias\/a-mas-de-27-anos-de-prision-fueron-condenados-dos-hombres-por-el-asesinato-del-dueno-de-una-fonda-en-aguadas-caldas\/","title":{"rendered":"A m\u00e1s de 27 a\u00f1os de prisi\u00f3n fueron condenados dos hombres por el asesinato del due\u00f1o de una fonda en Aguadas (Caldas)"},"content":{"rendered":"<p style=\"font-weight: 400;\">Las pruebas presentadas por la Seccional Caldas de la Fiscal\u00eda General de la Naci\u00f3n permitieron que un juez de conocimiento condenara a 27 a\u00f1os y 9 meses de prisi\u00f3n a Miller Eduardo Mart\u00ednez Ortiz y Mauricio Jos\u00e9 Murillo Cavad\u00edas, <strong>responsables de los delitos de homicidio agravado, tentativa de homicidio y hurto,<\/strong> por hechos ocurridos en el pasado 13 de enero en Aguadas.<\/p>\n<p style=\"font-weight: 400;\">La Fiscal\u00eda demostr\u00f3 que los ahora condenados llegaron el d\u00eda del<a href=\"https:\/\/www.fiscalia.gov.co\/colombia\/noticias\/a-la-carcel-alias-pina-por-su-presunta-responsabilidad-en-el-crimen-de-lider-social-en-putumayo\/\" target=\"_blank\" rel=\"noopener\"> crimen<\/a> a un establecimiento comercial donde pidieron una botella de licor.<strong> El pedido fue atendido directamente por el propietario del local<\/strong>, quien al darse la vuelta fue atacado en m\u00faltiples oportunidades con armas cortopunzantes. Tambi\u00e9n fue agredida su hijastra.<\/p>\n<p style=\"font-weight: 400;\"><strong>En el lugar perdi\u00f3 la vida el due\u00f1o del establecimiento, la joven logr\u00f3 sobrevivir a la agresi\u00f3n.<\/strong> El reporte del Instituto Nacional de Medicina Legal y Ciencias Forenses se\u00f1al\u00f3 que la v\u00edctima mortal recibi\u00f3 16 heridas en varias partes del cuerpo.<\/p>\n<p style=\"font-weight: 400;\">Una vez cometido el homicidio los sentenciados huyeron del lugar con 3 millones de pesos en efectivo y una cadena de oro avaluada en 8 millones.<\/p>\n<p>&nbsp;<\/p>\n<p>&nbsp;<\/p>\n<p style=\"font-weight: 400;\">JLH\/LMFO\/MAGA\/MAE<\/p>\n<p>&nbsp;<\/p>\n<p>&nbsp;<\/p>\n<p>&nbsp;<\/p>\n<p>&nbsp;<\/p>\n<p>&nbsp;<\/p>\n<p><em>La informaci\u00f3n contenida en este bolet\u00edn de prensa corresponde a la narraci\u00f3n de los hechos noticiosos objetivos, suministrados por los funcionarios encargados de adelantar las investigaciones penales al interior de la Fiscal\u00eda General de la Naci\u00f3n. Para el momento de la divulgaci\u00f3n de este comunicado, la situaci\u00f3n jur\u00eddica de la(s) persona(s) relacionada(s) se encuentra pendiente de resolver por la autoridad judicial competente, siempre bajo los preceptos de la presunci\u00f3n de inocencia, consagrados en el art\u00edculo 29 de la Constituci\u00f3n Pol\u00edtica y el art\u00edculo 7\u00ba de la Ley 906 de 2004.<\/em><\/p>\n<p>&nbsp;<\/p>\n<p>&nbsp;<\/p>\n<p>&nbsp;<\/p>\n<p style=\"font-weight: 400;\">\n\n<div class=\"twitter-share\"><a href=\"https:\/\/twitter.com\/intent\/tweet?via=fiscaliacol\" class=\"twitter-share-button\">Tweet<\/a><\/div>\n","protected":false},"excerpt":{"rendered":"<p>Las pruebas presentadas por la Seccional Caldas de la Fiscal\u00eda General de la Naci\u00f3n permitieron que un juez de conocimiento condenara a 27 a\u00f1os y 9 meses de prisi\u00f3n a Miller Eduardo Mart\u00ednez Ortiz y Mauricio Jos\u00e9 Murillo Cavad\u00edas, responsables de los delitos de homicidio agravado, tentativa de homicidio y hurto, por hechos ocurridos en [&hellip;]<\/p>\n","protected":false},"author":181,"featured_media":0,"comment_status":"closed","ping_status":"open","sticky":false,"template":"","format":"standard","meta":{"_price":"","_stock":"","_tribe_ticket_header":"","_tribe_default_ticket_provider":"","_tribe_ticket_capacity":"0","_ticket_start_date":"","_ticket_end_date":"","_tribe_ticket_show_description":"","_tribe_ticket_show_not_going":false,"_tribe_ticket_use_global_stock":"","_tribe_ticket_global_stock_level":"","_global_stock_mode":"","_global_stock_cap":"","_tribe_rsvp_for_event":"","_tribe_ticket_going_count":"","_tribe_ticket_not_going_count":"","_tribe_tickets_list":"[]","_tribe_ticket_has_attendee_info_fields":false,"tdm_status":"","tdm_grid_status":"","footnotes":""},"categories":[1],"tags":[686,38661,38663,34851,38662],"class_list":{"0":"post-302231","1":"post","2":"type-post","3":"status-publish","4":"format-standard","6":"category-noticias","7":"tag-homicidio-agravado","8":"tag-miller-eduardo-martinez-ortiz-y-mauricio-jose-murillo-cavadias","9":"tag-por-hechos-ocurridos-en-el-pasado-13-de-enero-en-aguadas","10":"tag-seccional-caldas-de-la-fiscalia-general-de-la-nacion","11":"tag-tentativa-de-homicidio-y-hurto"},"yoast_head":"<!-- This site is optimized with the Yoast SEO plugin v24.3 - https:\/\/yoast.com\/wordpress\/plugins\/seo\/ -->\n<title>Fiscal\u00eda General de la Naci\u00f3n<\/title>\n<meta name=\"description\" content=\"P\u00e1gina oficial de la Fiscal\u00eda General de la Naci\u00f3n \u2013 Colombia. Garantizamos el acceso efectivo a la justicia, la verdad y la reparaci\u00f3n de las v\u00edctimas de los delitos.\" \/>\n<meta name=\"robots\" content=\"noindex, follow\" \/>\n<meta property=\"og:locale\" content=\"es_ES\" \/>\n<meta property=\"og:type\" content=\"article\" \/>\n<meta property=\"og:title\" content=\"Fiscal\u00eda General de la Naci\u00f3n\" \/>\n<meta property=\"og:description\" content=\"P\u00e1gina oficial de la Fiscal\u00eda General de la Naci\u00f3n \u2013 Colombia. Garantizamos el acceso efectivo a la justicia, la verdad y la reparaci\u00f3n de las v\u00edctimas de los delitos.\" \/>\n<meta property=\"og:url\" content=\"https:\/\/www.fiscalia.gov.co\/colombia\/noticias\/a-mas-de-27-anos-de-prision-fueron-condenados-dos-hombres-por-el-asesinato-del-dueno-de-una-fonda-en-aguadas-caldas\/\" \/>\n<meta property=\"og:site_name\" content=\"Fiscal\u00eda General de la Naci\u00f3n\" \/>\n<meta property=\"article:publisher\" content=\"https:\/\/www.facebook.com\/FiscaliaCol\" \/>\n<meta property=\"article:published_time\" content=\"2024-09-20T14:48:46+00:00\" \/>\n<meta property=\"article:modified_time\" content=\"2024-09-20T20:27:35+00:00\" \/>\n<meta name=\"author\" content=\"Johanna Islenny Prieto Pe\u00f1a\" \/>\n<meta name=\"twitter:card\" content=\"summary_large_image\" \/>\n<meta name=\"twitter:creator\" content=\"@FiscaliaCol\" \/>\n<meta name=\"twitter:site\" content=\"@FiscaliaCol\" \/>\n<meta name=\"twitter:label1\" content=\"Escrito por\" \/>\n\t<meta name=\"twitter:data1\" content=\"Johanna Islenny Prieto Pe\u00f1a\" \/>\n\t<meta name=\"twitter:label2\" content=\"Tiempo de lectura\" \/>\n\t<meta name=\"twitter:data2\" content=\"2 minutos\" \/>\n<script type=\"application\/ld+json\" class=\"yoast-schema-graph\">{\"@context\":\"https:\/\/schema.org\",\"@graph\":[{\"@type\":\"Article\",\"@id\":\"https:\/\/www.fiscalia.gov.co\/colombia\/noticias\/a-mas-de-27-anos-de-prision-fueron-condenados-dos-hombres-por-el-asesinato-del-dueno-de-una-fonda-en-aguadas-caldas\/#article\",\"isPartOf\":{\"@id\":\"https:\/\/www.fiscalia.gov.co\/colombia\/noticias\/a-mas-de-27-anos-de-prision-fueron-condenados-dos-hombres-por-el-asesinato-del-dueno-de-una-fonda-en-aguadas-caldas\/\"},\"author\":{\"name\":\"Johanna Islenny Prieto Pe\u00f1a\",\"@id\":\"https:\/\/www.fiscalia.gov.co\/colombia\/#\/schema\/person\/ba9eca435947489fb25117a0cd75bf3e\"},\"headline\":\"A m\u00e1s de 27 a\u00f1os de prisi\u00f3n fueron condenados dos hombres por el asesinato del due\u00f1o de una fonda en Aguadas (Caldas)\",\"datePublished\":\"2024-09-20T14:48:46+00:00\",\"dateModified\":\"2024-09-20T20:27:35+00:00\",\"mainEntityOfPage\":{\"@id\":\"https:\/\/www.fiscalia.gov.co\/colombia\/noticias\/a-mas-de-27-anos-de-prision-fueron-condenados-dos-hombres-por-el-asesinato-del-dueno-de-una-fonda-en-aguadas-caldas\/\"},\"wordCount\":328,\"publisher\":{\"@id\":\"https:\/\/www.fiscalia.gov.co\/colombia\/#organization\"},\"keywords\":[\"Homicidio agravado\",\"Miller Eduardo Mart\u00ednez Ortiz y Mauricio Jos\u00e9 Murillo Cavad\u00edas\",\"por hechos ocurridos en el pasado 13 de enero en Aguadas.\",\"Seccional Caldas de la Fiscal\u00eda General de la Naci\u00f3n\",\"tentativa de homicidio y hurto\"],\"articleSection\":[\"Noticias\"],\"inLanguage\":\"es-CO\"},{\"@type\":\"WebPage\",\"@id\":\"https:\/\/www.fiscalia.gov.co\/colombia\/noticias\/a-mas-de-27-anos-de-prision-fueron-condenados-dos-hombres-por-el-asesinato-del-dueno-de-una-fonda-en-aguadas-caldas\/\",\"url\":\"https:\/\/www.fiscalia.gov.co\/colombia\/noticias\/a-mas-de-27-anos-de-prision-fueron-condenados-dos-hombres-por-el-asesinato-del-dueno-de-una-fonda-en-aguadas-caldas\/\",\"name\":\"Fiscal\u00eda General de la Naci\u00f3n\",\"isPartOf\":{\"@id\":\"https:\/\/www.fiscalia.gov.co\/colombia\/#website\"},\"datePublished\":\"2024-09-20T14:48:46+00:00\",\"dateModified\":\"2024-09-20T20:27:35+00:00\",\"description\":\"P\u00e1gina oficial de la Fiscal\u00eda General de la Naci\u00f3n \u2013 Colombia. Garantizamos el acceso efectivo a la justicia, la verdad y la reparaci\u00f3n de las v\u00edctimas de los delitos.\",\"breadcrumb\":{\"@id\":\"https:\/\/www.fiscalia.gov.co\/colombia\/noticias\/a-mas-de-27-anos-de-prision-fueron-condenados-dos-hombres-por-el-asesinato-del-dueno-de-una-fonda-en-aguadas-caldas\/#breadcrumb\"},\"inLanguage\":\"es-CO\",\"potentialAction\":[{\"@type\":\"ReadAction\",\"target\":[\"https:\/\/www.fiscalia.gov.co\/colombia\/noticias\/a-mas-de-27-anos-de-prision-fueron-condenados-dos-hombres-por-el-asesinato-del-dueno-de-una-fonda-en-aguadas-caldas\/\"]}]},{\"@type\":\"BreadcrumbList\",\"@id\":\"https:\/\/www.fiscalia.gov.co\/colombia\/noticias\/a-mas-de-27-anos-de-prision-fueron-condenados-dos-hombres-por-el-asesinato-del-dueno-de-una-fonda-en-aguadas-caldas\/#breadcrumb\",\"itemListElement\":[{\"@type\":\"ListItem\",\"position\":1,\"name\":\"Home\",\"item\":\"https:\/\/www.fiscalia.gov.co\/colombia\/\"},{\"@type\":\"ListItem\",\"position\":2,\"name\":\"A m\u00e1s de 27 a\u00f1os de prisi\u00f3n fueron condenados dos hombres por el asesinato del due\u00f1o de una fonda en Aguadas (Caldas)\"}]},{\"@type\":\"WebSite\",\"@id\":\"https:\/\/www.fiscalia.gov.co\/colombia\/#website\",\"url\":\"https:\/\/www.fiscalia.gov.co\/colombia\/\",\"name\":\"Fiscal\u00eda General de la Naci\u00f3n\",\"description\":\"P\u00e1gina oficial de la Fiscal\u00eda General de la Naci\u00f3n \u2013 Colombia. Garantizamos el acceso efectivo a la justicia, la verdad y la reparaci\u00f3n de las v\u00edctimas de los delitos.\",\"publisher\":{\"@id\":\"https:\/\/www.fiscalia.gov.co\/colombia\/#organization\"},\"potentialAction\":[{\"@type\":\"SearchAction\",\"target\":{\"@type\":\"EntryPoint\",\"urlTemplate\":\"https:\/\/www.fiscalia.gov.co\/colombia\/?s={search_term_string}\"},\"query-input\":{\"@type\":\"PropertyValueSpecification\",\"valueRequired\":true,\"valueName\":\"search_term_string\"}}],\"inLanguage\":\"es-CO\"},{\"@type\":\"Organization\",\"@id\":\"https:\/\/www.fiscalia.gov.co\/colombia\/#organization\",\"name\":\"Fiscal\u00eda General de la Naci\u00f3n\",\"url\":\"https:\/\/www.fiscalia.gov.co\/colombia\/\",\"logo\":{\"@type\":\"ImageObject\",\"inLanguage\":\"es-CO\",\"@id\":\"https:\/\/www.fiscalia.gov.co\/colombia\/#\/schema\/logo\/image\/\",\"url\":\"https:\/\/www.fiscalia.gov.co\/colombia\/wp-content\/uploads\/LogoHorizontal_1.jpg\",\"contentUrl\":\"https:\/\/www.fiscalia.gov.co\/colombia\/wp-content\/uploads\/LogoHorizontal_1.jpg\",\"width\":300,\"height\":90,\"caption\":\"Fiscal\u00eda General de la Naci\u00f3n\"},\"image\":{\"@id\":\"https:\/\/www.fiscalia.gov.co\/colombia\/#\/schema\/logo\/image\/\"},\"sameAs\":[\"https:\/\/www.facebook.com\/FiscaliaCol\",\"https:\/\/x.com\/FiscaliaCol\",\"https:\/\/www.instagram.com\/fiscaliacol\",\"https:\/\/www.linkedin.com\/company\/fiscalia-general-de-la-naci-n\/\",\"https:\/\/youtube.com\/@fiscaliageneraldelanacion-4668?si=6nN79nyQICPU5iTh\"]},{\"@type\":\"Person\",\"@id\":\"https:\/\/www.fiscalia.gov.co\/colombia\/#\/schema\/person\/ba9eca435947489fb25117a0cd75bf3e\",\"name\":\"Johanna Islenny Prieto Pe\u00f1a\",\"image\":{\"@type\":\"ImageObject\",\"inLanguage\":\"es-CO\",\"@id\":\"https:\/\/www.fiscalia.gov.co\/colombia\/#\/schema\/person\/image\/\",\"url\":\"https:\/\/secure.gravatar.com\/avatar\/111433fc2acb037ffb768f6a3ca47864?s=96&d=mm&r=g\",\"contentUrl\":\"https:\/\/secure.gravatar.com\/avatar\/111433fc2acb037ffb768f6a3ca47864?s=96&d=mm&r=g\",\"caption\":\"Johanna Islenny Prieto Pe\u00f1a\"},\"url\":\"https:\/\/www.fiscalia.gov.co\/colombia\/author\/jprietop\/\"}]}<\/script>\n<!-- \/ Yoast SEO plugin. -->","yoast_head_json":{"title":"Fiscal\u00eda General de la Naci\u00f3n","description":"P\u00e1gina oficial de la Fiscal\u00eda General de la Naci\u00f3n \u2013 Colombia. Garantizamos el acceso efectivo a la justicia, la verdad y la reparaci\u00f3n de las v\u00edctimas de los delitos.","robots":{"index":"noindex","follow":"follow"},"og_locale":"es_ES","og_type":"article","og_title":"Fiscal\u00eda General de la Naci\u00f3n","og_description":"P\u00e1gina oficial de la Fiscal\u00eda General de la Naci\u00f3n \u2013 Colombia. Garantizamos el acceso efectivo a la justicia, la verdad y la reparaci\u00f3n de las v\u00edctimas de los delitos.","og_url":"https:\/\/www.fiscalia.gov.co\/colombia\/noticias\/a-mas-de-27-anos-de-prision-fueron-condenados-dos-hombres-por-el-asesinato-del-dueno-de-una-fonda-en-aguadas-caldas\/","og_site_name":"Fiscal\u00eda General de la Naci\u00f3n","article_publisher":"https:\/\/www.facebook.com\/FiscaliaCol","article_published_time":"2024-09-20T14:48:46+00:00","article_modified_time":"2024-09-20T20:27:35+00:00","author":"Johanna Islenny Prieto Pe\u00f1a","twitter_card":"summary_large_image","twitter_creator":"@FiscaliaCol","twitter_site":"@FiscaliaCol","twitter_misc":{"Escrito por":"Johanna Islenny Prieto Pe\u00f1a","Tiempo de lectura":"2 minutos"},"schema":{"@context":"https:\/\/schema.org","@graph":[{"@type":"Article","@id":"https:\/\/www.fiscalia.gov.co\/colombia\/noticias\/a-mas-de-27-anos-de-prision-fueron-condenados-dos-hombres-por-el-asesinato-del-dueno-de-una-fonda-en-aguadas-caldas\/#article","isPartOf":{"@id":"https:\/\/www.fiscalia.gov.co\/colombia\/noticias\/a-mas-de-27-anos-de-prision-fueron-condenados-dos-hombres-por-el-asesinato-del-dueno-de-una-fonda-en-aguadas-caldas\/"},"author":{"name":"Johanna Islenny Prieto Pe\u00f1a","@id":"https:\/\/www.fiscalia.gov.co\/colombia\/#\/schema\/person\/ba9eca435947489fb25117a0cd75bf3e"},"headline":"A m\u00e1s de 27 a\u00f1os de prisi\u00f3n fueron condenados dos hombres por el asesinato del due\u00f1o de una fonda en Aguadas (Caldas)","datePublished":"2024-09-20T14:48:46+00:00","dateModified":"2024-09-20T20:27:35+00:00","mainEntityOfPage":{"@id":"https:\/\/www.fiscalia.gov.co\/colombia\/noticias\/a-mas-de-27-anos-de-prision-fueron-condenados-dos-hombres-por-el-asesinato-del-dueno-de-una-fonda-en-aguadas-caldas\/"},"wordCount":328,"publisher":{"@id":"https:\/\/www.fiscalia.gov.co\/colombia\/#organization"},"keywords":["Homicidio agravado","Miller Eduardo Mart\u00ednez Ortiz y Mauricio Jos\u00e9 Murillo Cavad\u00edas","por hechos ocurridos en el pasado 13 de enero en Aguadas.","Seccional Caldas de la Fiscal\u00eda General de la Naci\u00f3n","tentativa de homicidio y hurto"],"articleSection":["Noticias"],"inLanguage":"es-CO"},{"@type":"WebPage","@id":"https:\/\/www.fiscalia.gov.co\/colombia\/noticias\/a-mas-de-27-anos-de-prision-fueron-condenados-dos-hombres-por-el-asesinato-del-dueno-de-una-fonda-en-aguadas-caldas\/","url":"https:\/\/www.fiscalia.gov.co\/colombia\/noticias\/a-mas-de-27-anos-de-prision-fueron-condenados-dos-hombres-por-el-asesinato-del-dueno-de-una-fonda-en-aguadas-caldas\/","name":"Fiscal\u00eda General de la Naci\u00f3n","isPartOf":{"@id":"https:\/\/www.fiscalia.gov.co\/colombia\/#website"},"datePublished":"2024-09-20T14:48:46+00:00","dateModified":"2024-09-20T20:27:35+00:00","description":"P\u00e1gina oficial de la Fiscal\u00eda General de la Naci\u00f3n \u2013 Colombia. Garantizamos el acceso efectivo a la justicia, la verdad y la reparaci\u00f3n de las v\u00edctimas de los delitos.","breadcrumb":{"@id":"https:\/\/www.fiscalia.gov.co\/colombia\/noticias\/a-mas-de-27-anos-de-prision-fueron-condenados-dos-hombres-por-el-asesinato-del-dueno-de-una-fonda-en-aguadas-caldas\/#breadcrumb"},"inLanguage":"es-CO","potentialAction":[{"@type":"ReadAction","target":["https:\/\/www.fiscalia.gov.co\/colombia\/noticias\/a-mas-de-27-anos-de-prision-fueron-condenados-dos-hombres-por-el-asesinato-del-dueno-de-una-fonda-en-aguadas-caldas\/"]}]},{"@type":"BreadcrumbList","@id":"https:\/\/www.fiscalia.gov.co\/colombia\/noticias\/a-mas-de-27-anos-de-prision-fueron-condenados-dos-hombres-por-el-asesinato-del-dueno-de-una-fonda-en-aguadas-caldas\/#breadcrumb","itemListElement":[{"@type":"ListItem","position":1,"name":"Home","item":"https:\/\/www.fiscalia.gov.co\/colombia\/"},{"@type":"ListItem","position":2,"name":"A m\u00e1s de 27 a\u00f1os de prisi\u00f3n fueron condenados dos hombres por el asesinato del due\u00f1o de una fonda en Aguadas (Caldas)"}]},{"@type":"WebSite","@id":"https:\/\/www.fiscalia.gov.co\/colombia\/#website","url":"https:\/\/www.fiscalia.gov.co\/colombia\/","name":"Fiscal\u00eda General de la Naci\u00f3n","description":"P\u00e1gina oficial de la Fiscal\u00eda General de la Naci\u00f3n \u2013 Colombia. Garantizamos el acceso efectivo a la justicia, la verdad y la reparaci\u00f3n de las v\u00edctimas de los delitos.","publisher":{"@id":"https:\/\/www.fiscalia.gov.co\/colombia\/#organization"},"potentialAction":[{"@type":"SearchAction","target":{"@type":"EntryPoint","urlTemplate":"https:\/\/www.fiscalia.gov.co\/colombia\/?s={search_term_string}"},"query-input":{"@type":"PropertyValueSpecification","valueRequired":true,"valueName":"search_term_string"}}],"inLanguage":"es-CO"},{"@type":"Organization","@id":"https:\/\/www.fiscalia.gov.co\/colombia\/#organization","name":"Fiscal\u00eda General de la Naci\u00f3n","url":"https:\/\/www.fiscalia.gov.co\/colombia\/","logo":{"@type":"ImageObject","inLanguage":"es-CO","@id":"https:\/\/www.fiscalia.gov.co\/colombia\/#\/schema\/logo\/image\/","url":"https:\/\/www.fiscalia.gov.co\/colombia\/wp-content\/uploads\/LogoHorizontal_1.jpg","contentUrl":"https:\/\/www.fiscalia.gov.co\/colombia\/wp-content\/uploads\/LogoHorizontal_1.jpg","width":300,"height":90,"caption":"Fiscal\u00eda General de la Naci\u00f3n"},"image":{"@id":"https:\/\/www.fiscalia.gov.co\/colombia\/#\/schema\/logo\/image\/"},"sameAs":["https:\/\/www.facebook.com\/FiscaliaCol","https:\/\/x.com\/FiscaliaCol","https:\/\/www.instagram.com\/fiscaliacol","https:\/\/www.linkedin.com\/company\/fiscalia-general-de-la-naci-n\/","https:\/\/youtube.com\/@fiscaliageneraldelanacion-4668?si=6nN79nyQICPU5iTh"]},{"@type":"Person","@id":"https:\/\/www.fiscalia.gov.co\/colombia\/#\/schema\/person\/ba9eca435947489fb25117a0cd75bf3e","name":"Johanna Islenny Prieto Pe\u00f1a","image":{"@type":"ImageObject","inLanguage":"es-CO","@id":"https:\/\/www.fiscalia.gov.co\/colombia\/#\/schema\/person\/image\/","url":"https:\/\/secure.gravatar.com\/avatar\/111433fc2acb037ffb768f6a3ca47864?s=96&d=mm&r=g","contentUrl":"https:\/\/secure.gravatar.com\/avatar\/111433fc2acb037ffb768f6a3ca47864?s=96&d=mm&r=g","caption":"Johanna Islenny Prieto Pe\u00f1a"},"url":"https:\/\/www.fiscalia.gov.co\/colombia\/author\/jprietop\/"}]}},"_links":{"self":[{"href":"https:\/\/www.fiscalia.gov.co\/colombia\/wp-json\/wp\/v2\/posts\/302231","targetHints":{"allow":["GET"]}}],"collection":[{"href":"https:\/\/www.fiscalia.gov.co\/colombia\/wp-json\/wp\/v2\/posts"}],"about":[{"href":"https:\/\/www.fiscalia.gov.co\/colombia\/wp-json\/wp\/v2\/types\/post"}],"author":[{"embeddable":true,"href":"https:\/\/www.fiscalia.gov.co\/colombia\/wp-json\/wp\/v2\/users\/181"}],"replies":[{"embeddable":true,"href":"https:\/\/www.fiscalia.gov.co\/colombia\/wp-json\/wp\/v2\/comments?post=302231"}],"version-history":[{"count":3,"href":"https:\/\/www.fiscalia.gov.co\/colombia\/wp-json\/wp\/v2\/posts\/302231\/revisions"}],"predecessor-version":[{"id":302278,"href":"https:\/\/www.fiscalia.gov.co\/colombia\/wp-json\/wp\/v2\/posts\/302231\/revisions\/302278"}],"wp:attachment":[{"href":"https:\/\/www.fiscalia.gov.co\/colombia\/wp-json\/wp\/v2\/media?parent=302231"}],"wp:term":[{"taxonomy":"category","embeddable":true,"href":"https:\/\/www.fiscalia.gov.co\/colombia\/wp-json\/wp\/v2\/categories?post=302231"},{"taxonomy":"post_tag","embeddable":true,"href":"https:\/\/www.fiscalia.gov.co\/colombia\/wp-json\/wp\/v2\/tags?post=302231"}],"curies":[{"name":"wp","href":"https:\/\/api.w.org\/{rel}","templated":true}]}}