{"id":301989,"date":"2024-09-18T11:48:40","date_gmt":"2024-09-18T16:48:40","guid":{"rendered":"https:\/\/www.fiscalia.gov.co\/colombia\/?p=301989"},"modified":"2024-09-18T16:13:03","modified_gmt":"2024-09-18T21:13:03","slug":"en-el-carmen-de-bolivar-se-cumplio-una-ceremonia-de-entrega-digna-de-restos-a-dos-familias-victimas-de-la-violencia","status":"publish","type":"post","link":"https:\/\/www.fiscalia.gov.co\/colombia\/noticias\/en-el-carmen-de-bolivar-se-cumplio-una-ceremonia-de-entrega-digna-de-restos-a-dos-familias-victimas-de-la-violencia\/","title":{"rendered":"En el Carmen de Bol\u00edvar se cumpli\u00f3 una ceremonia de entrega digna de restos a dos familias v\u00edctimas de la violencia"},"content":{"rendered":"<blockquote>\n<h4 style=\"font-weight: 400;\"><strong><em>Se trata de dos hombres que fueron considerados desaparecidos. El primero en 2002 a manos de las AUC, el segundo por las Farc, en 2005.<\/em><\/strong><\/h4>\n<\/blockquote>\n<p style=\"font-weight: 400;\">En el municipio de El Carmen de Bol\u00edvar, la Fiscal\u00eda General de la Naci\u00f3n realiz\u00f3 el acto de entrega digna de <strong>los restos de dos cuerpos que hab\u00edan sido reportados por sus familias<\/strong> como desaparecidas por grupos armados ilegales durante los a\u00f1os 2002 y 2005.<\/p>\n<figure id=\"attachment_301992\" aria-describedby=\"caption-attachment-301992\" style=\"width: 696px\" class=\"wp-caption aligncenter\"><img loading=\"lazy\" decoding=\"async\" class=\"wp-image-301992 size-large\" src=\"https:\/\/www.fiscalia.gov.co\/colombia\/wp-content\/uploads\/Foto-1-boletin-18-de-septiembre-entrega-de-restos--1024x576.jpeg\" alt=\"En la fotograf\u00eda aparecen funcionarios de la Fiscal\u00eda y familiares de v\u00edctimas al interior de un sal\u00f3n recibiendo los restos de sus seres queridos.\" width=\"696\" height=\"392\" srcset=\"https:\/\/www.fiscalia.gov.co\/colombia\/wp-content\/uploads\/Foto-1-boletin-18-de-septiembre-entrega-de-restos--1024x576.jpeg 1024w, https:\/\/www.fiscalia.gov.co\/colombia\/wp-content\/uploads\/Foto-1-boletin-18-de-septiembre-entrega-de-restos--300x169.jpeg 300w, https:\/\/www.fiscalia.gov.co\/colombia\/wp-content\/uploads\/Foto-1-boletin-18-de-septiembre-entrega-de-restos--768x432.jpeg 768w, https:\/\/www.fiscalia.gov.co\/colombia\/wp-content\/uploads\/Foto-1-boletin-18-de-septiembre-entrega-de-restos--1536x864.jpeg 1536w, https:\/\/www.fiscalia.gov.co\/colombia\/wp-content\/uploads\/Foto-1-boletin-18-de-septiembre-entrega-de-restos--747x420.jpeg 747w, https:\/\/www.fiscalia.gov.co\/colombia\/wp-content\/uploads\/Foto-1-boletin-18-de-septiembre-entrega-de-restos--696x392.jpeg 696w, https:\/\/www.fiscalia.gov.co\/colombia\/wp-content\/uploads\/Foto-1-boletin-18-de-septiembre-entrega-de-restos--1068x601.jpeg 1068w, https:\/\/www.fiscalia.gov.co\/colombia\/wp-content\/uploads\/Foto-1-boletin-18-de-septiembre-entrega-de-restos-.jpeg 1600w\" sizes=\"auto, (max-width: 696px) 100vw, 696px\" \/><figcaption id=\"caption-attachment-301992\" class=\"wp-caption-text\">Momentos en que se realiz\u00f3 el acto de entrega digna en el municipio de El Carmen de Bol\u00edvar.<\/figcaption><\/figure>\n<p style=\"font-weight: 400;\">Se trata del agricultor y comerciante Tom\u00e1s Miguel D\u00edaz Tapia, de 54 a\u00f1os, quien el 8 de julio de 2002, <strong>fue sacado a la fuerza de la vivienda, en el municipio de San Onofre (Sucre),<\/strong> sin que se tuviera informaci\u00f3n acerca de su paradero. El hecho fue atribuido al Bloque Montes de Mar\u00eda de las extintas Autodefensas Unidas de Colombia (AUC).<\/p>\n<figure id=\"attachment_301993\" aria-describedby=\"caption-attachment-301993\" style=\"width: 696px\" class=\"wp-caption aligncenter\"><img loading=\"lazy\" decoding=\"async\" class=\"wp-image-301993 size-large\" src=\"https:\/\/www.fiscalia.gov.co\/colombia\/wp-content\/uploads\/Foto-2-boletin-18-de-septiembre-entrega-de-restos--1024x576.jpeg\" alt=\"En la fotograf\u00eda aparecen funcionarios de la Fiscal\u00eda y familiares de v\u00edctimas al interior de un sal\u00f3n recibiendo los restos de sus seres queridos.\" width=\"696\" height=\"392\" srcset=\"https:\/\/www.fiscalia.gov.co\/colombia\/wp-content\/uploads\/Foto-2-boletin-18-de-septiembre-entrega-de-restos--1024x576.jpeg 1024w, https:\/\/www.fiscalia.gov.co\/colombia\/wp-content\/uploads\/Foto-2-boletin-18-de-septiembre-entrega-de-restos--300x169.jpeg 300w, https:\/\/www.fiscalia.gov.co\/colombia\/wp-content\/uploads\/Foto-2-boletin-18-de-septiembre-entrega-de-restos--768x432.jpeg 768w, https:\/\/www.fiscalia.gov.co\/colombia\/wp-content\/uploads\/Foto-2-boletin-18-de-septiembre-entrega-de-restos--1536x864.jpeg 1536w, https:\/\/www.fiscalia.gov.co\/colombia\/wp-content\/uploads\/Foto-2-boletin-18-de-septiembre-entrega-de-restos--747x420.jpeg 747w, https:\/\/www.fiscalia.gov.co\/colombia\/wp-content\/uploads\/Foto-2-boletin-18-de-septiembre-entrega-de-restos--696x392.jpeg 696w, https:\/\/www.fiscalia.gov.co\/colombia\/wp-content\/uploads\/Foto-2-boletin-18-de-septiembre-entrega-de-restos--1068x601.jpeg 1068w, https:\/\/www.fiscalia.gov.co\/colombia\/wp-content\/uploads\/Foto-2-boletin-18-de-septiembre-entrega-de-restos-.jpeg 1600w\" sizes=\"auto, (max-width: 696px) 100vw, 696px\" \/><figcaption id=\"caption-attachment-301993\" class=\"wp-caption-text\">Momentos en que se realiz\u00f3 el acto de entrega digna en el municipio de El Carmen de Bol\u00edvar.<\/figcaption><\/figure>\n<p style=\"font-weight: 400;\">Tambi\u00e9n fue identificado Hebert Enrique Vel\u00e1squez Acosta, desaparecido el 17 de mayo de 2005 <strong>en la vereda Las Lajas, jurisdicci\u00f3n del municipio de El Carmen de Bol\u00edvar.<\/strong> La <a href=\"https:\/\/www.fiscalia.gov.co\/colombia\/noticias\/fiscalia-cerca-de-los-habitantes-de-la-mojana-mas-de-600-personas-atendidas-una-madre-y-su-hijo-se-reencontraran-despues-de-24-anos\/\" target=\"_blank\" rel=\"noopener\">v\u00edctima<\/a>, de 33 a\u00f1os, fue contactada por varios hombres con la excusa de realizar labores en el campo. Desde entonces no se ten\u00eda raz\u00f3n de su ubicaci\u00f3n. El crimen es atribuido a las Farc.<\/p>\n<figure id=\"attachment_301994\" aria-describedby=\"caption-attachment-301994\" style=\"width: 696px\" class=\"wp-caption aligncenter\"><img loading=\"lazy\" decoding=\"async\" class=\"wp-image-301994 size-large\" src=\"https:\/\/www.fiscalia.gov.co\/colombia\/wp-content\/uploads\/Foto-3-boletin-18-de-septiembre-entrega-de-restos-1024x576.jpeg\" alt=\"En la fotograf\u00eda aparecen funcionarios de la Fiscal\u00eda y familiares de v\u00edctimas al interior de un sal\u00f3n recibiendo los restos de sus seres queridos.\" width=\"696\" height=\"392\" srcset=\"https:\/\/www.fiscalia.gov.co\/colombia\/wp-content\/uploads\/Foto-3-boletin-18-de-septiembre-entrega-de-restos-1024x576.jpeg 1024w, https:\/\/www.fiscalia.gov.co\/colombia\/wp-content\/uploads\/Foto-3-boletin-18-de-septiembre-entrega-de-restos-300x169.jpeg 300w, https:\/\/www.fiscalia.gov.co\/colombia\/wp-content\/uploads\/Foto-3-boletin-18-de-septiembre-entrega-de-restos-768x432.jpeg 768w, https:\/\/www.fiscalia.gov.co\/colombia\/wp-content\/uploads\/Foto-3-boletin-18-de-septiembre-entrega-de-restos-1536x864.jpeg 1536w, https:\/\/www.fiscalia.gov.co\/colombia\/wp-content\/uploads\/Foto-3-boletin-18-de-septiembre-entrega-de-restos-747x420.jpeg 747w, https:\/\/www.fiscalia.gov.co\/colombia\/wp-content\/uploads\/Foto-3-boletin-18-de-septiembre-entrega-de-restos-696x392.jpeg 696w, https:\/\/www.fiscalia.gov.co\/colombia\/wp-content\/uploads\/Foto-3-boletin-18-de-septiembre-entrega-de-restos-1068x601.jpeg 1068w, https:\/\/www.fiscalia.gov.co\/colombia\/wp-content\/uploads\/Foto-3-boletin-18-de-septiembre-entrega-de-restos.jpeg 1600w\" sizes=\"auto, (max-width: 696px) 100vw, 696px\" \/><figcaption id=\"caption-attachment-301994\" class=\"wp-caption-text\">Momentos en que se realiz\u00f3 el acto de entrega digna en el municipio de El Carmen de Bol\u00edvar.<\/figcaption><\/figure>\n<p style=\"font-weight: 400;\">Previo a la ceremonia de entrega, <a href=\"https:\/\/www.fiscalia.gov.co\/colombia\/noticias\/durante-esta-semana-seran-entregados-a-sus-familiares-los-cuerpos-de-cinco-victimas-del-conflicto-armado-colombiano\/\" target=\"_blank\" rel=\"noopener\">expertos en antropolog\u00eda y odontolog\u00eda<\/a> les explicaron a los familiares las <strong>actividades desplegadas, al igual que el protocolo cient\u00edfico que se utiliz\u00f3 para identificar a sus seres queridos.<\/strong><\/p>\n<figure id=\"attachment_301995\" aria-describedby=\"caption-attachment-301995\" style=\"width: 906px\" class=\"wp-caption aligncenter\"><img loading=\"lazy\" decoding=\"async\" class=\"wp-image-301995 size-full\" src=\"https:\/\/www.fiscalia.gov.co\/colombia\/wp-content\/uploads\/Foto-4-boletin-18-de-septiembre-entrega-de-restos-.jpeg\" alt=\"En la imagen est\u00e1n funcionarios de la Fiscal\u00eda en un terreno con cinta amarillas que demarcan el sitio donde se realizar\u00e1 la exhumaci\u00f3n. Tambi\u00e9n aparece un hombre con pala y machete que es el encargado de retirar la maleza del sitio. \" width=\"906\" height=\"900\" srcset=\"https:\/\/www.fiscalia.gov.co\/colombia\/wp-content\/uploads\/Foto-4-boletin-18-de-septiembre-entrega-de-restos-.jpeg 906w, https:\/\/www.fiscalia.gov.co\/colombia\/wp-content\/uploads\/Foto-4-boletin-18-de-septiembre-entrega-de-restos--300x298.jpeg 300w, https:\/\/www.fiscalia.gov.co\/colombia\/wp-content\/uploads\/Foto-4-boletin-18-de-septiembre-entrega-de-restos--150x150.jpeg 150w, https:\/\/www.fiscalia.gov.co\/colombia\/wp-content\/uploads\/Foto-4-boletin-18-de-septiembre-entrega-de-restos--768x763.jpeg 768w, https:\/\/www.fiscalia.gov.co\/colombia\/wp-content\/uploads\/Foto-4-boletin-18-de-septiembre-entrega-de-restos--423x420.jpeg 423w, https:\/\/www.fiscalia.gov.co\/colombia\/wp-content\/uploads\/Foto-4-boletin-18-de-septiembre-entrega-de-restos--696x691.jpeg 696w\" sizes=\"auto, (max-width: 906px) 100vw, 906px\" \/><figcaption id=\"caption-attachment-301995\" class=\"wp-caption-text\">Actividades de campo realizadas por la Fiscal\u00eda para la exhumaci\u00f3n e identificaci\u00f3n de los restos entregados.<\/figcaption><\/figure>\n<p style=\"font-weight: 400;\">Profesionales en psicolog\u00eda, con el apoyo de la alcald\u00eda municipal y la Unidad de V\u00edctimas apoyaron a <strong>los familiares para que lograran elaborar duelos adecuados<\/strong> y para que realizaran las respectivas inhumaciones.<\/p>\n<p>La Fiscal\u00eda contin\u00faa trabajando en la reconstrucci\u00f3n de esos hechos violentos para garantizarles a las v\u00edctimas <strong>un debido proceso de justicia, verdad y reparaci\u00f3n.<\/strong><\/p>\n<p>MEVA\/LMFO\/MAGA\/DC\/DSB<\/p>\n<p>&nbsp;<\/p>\n<p>&nbsp;<\/p>\n<p>&nbsp;<\/p>\n<p>&nbsp;<\/p>\n<p><em>La informaci\u00f3n contenida en este bolet\u00edn de prensa corresponde a la narraci\u00f3n de los hechos noticiosos objetivos, suministrados por los funcionarios encargados de adelantar las investigaciones penales al interior de la Fiscal\u00eda General de la Naci\u00f3n. Para el momento de la divulgaci\u00f3n de este comunicado, la situaci\u00f3n jur\u00eddica de la(s) persona(s) relacionada(s) se encuentra pendiente de resolver por la autoridad judicial competente, siempre bajo los preceptos de la presunci\u00f3n de inocencia, consagrados en el art\u00edculo 29 de la Constituci\u00f3n Pol\u00edtica y el art\u00edculo 7\u00ba de la Ley 906 de 2004.<\/em><\/p>\n\n<div class=\"twitter-share\"><a href=\"https:\/\/twitter.com\/intent\/tweet?via=fiscaliacol\" class=\"twitter-share-button\">Tweet<\/a><\/div>\n","protected":false},"excerpt":{"rendered":"<p>Se trata de dos hombres que fueron considerados desaparecidos. El primero en 2002 a manos de las AUC, el segundo por las Farc, en 2005. En el municipio de El [&hellip;]<\/p>\n","protected":false},"author":181,"featured_media":0,"comment_status":"closed","ping_status":"open","sticky":false,"template":"","format":"standard","meta":{"tdm_status":"","tdm_grid_status":"","footnotes":""},"categories":[1],"tags":[1057,9082,38649,964,23949,28478,435,436,24187,1047,558,1407],"class_list":["post-301989","post","type-post","status-publish","format-standard","category-noticias","tag-auc","tag-bolivar","tag-ceremonia","tag-desaparecidos","tag-el-carmen-de-bolivar","tag-entrega-digna","tag-exhumacion","tag-farc","tag-fiscalia-colombia","tag-fiscalia-general-de-la-nacion","tag-policia-nacional","tag-restos"],"yoast_head":"<!-- This site is optimized with the Yoast SEO plugin v24.3 - https:\/\/yoast.com\/wordpress\/plugins\/seo\/ -->\n<title>Fiscal\u00eda General de la Naci\u00f3n<\/title>\n<meta name=\"description\" content=\"P\u00e1gina oficial de la Fiscal\u00eda General de la Naci\u00f3n \u2013 Colombia. Garantizamos el acceso efectivo a la justicia, la verdad y la reparaci\u00f3n de las v\u00edctimas de los delitos.\" \/>\n<meta name=\"robots\" content=\"noindex, follow\" \/>\n<meta property=\"og:locale\" content=\"es_ES\" \/>\n<meta property=\"og:type\" content=\"article\" \/>\n<meta property=\"og:title\" content=\"Fiscal\u00eda General de la Naci\u00f3n\" \/>\n<meta property=\"og:description\" content=\"P\u00e1gina oficial de la Fiscal\u00eda General de la Naci\u00f3n \u2013 Colombia. Garantizamos el acceso efectivo a la justicia, la verdad y la reparaci\u00f3n de las v\u00edctimas de los delitos.\" \/>\n<meta property=\"og:url\" content=\"https:\/\/www.fiscalia.gov.co\/colombia\/noticias\/en-el-carmen-de-bolivar-se-cumplio-una-ceremonia-de-entrega-digna-de-restos-a-dos-familias-victimas-de-la-violencia\/\" \/>\n<meta property=\"og:site_name\" content=\"Fiscal\u00eda General de la Naci\u00f3n\" \/>\n<meta property=\"article:publisher\" content=\"https:\/\/www.facebook.com\/FiscaliaCol\" \/>\n<meta property=\"article:published_time\" content=\"2024-09-18T16:48:40+00:00\" \/>\n<meta property=\"article:modified_time\" content=\"2024-09-18T21:13:03+00:00\" \/>\n<meta property=\"og:image\" content=\"https:\/\/www.fiscalia.gov.co\/colombia\/wp-content\/uploads\/Foto-1-boletin-18-de-septiembre-entrega-de-restos--1024x576.jpeg\" \/>\n<meta name=\"author\" content=\"Johanna Islenny Prieto Pe\u00f1a\" \/>\n<meta name=\"twitter:card\" content=\"summary_large_image\" \/>\n<meta name=\"twitter:creator\" content=\"@FiscaliaCol\" \/>\n<meta name=\"twitter:site\" content=\"@FiscaliaCol\" \/>\n<meta name=\"twitter:label1\" content=\"Escrito por\" \/>\n\t<meta name=\"twitter:data1\" content=\"Johanna Islenny Prieto Pe\u00f1a\" \/>\n\t<meta name=\"twitter:label2\" content=\"Tiempo de lectura\" \/>\n\t<meta name=\"twitter:data2\" content=\"3 minutos\" \/>\n<script type=\"application\/ld+json\" class=\"yoast-schema-graph\">{\"@context\":\"https:\/\/schema.org\",\"@graph\":[{\"@type\":\"Article\",\"@id\":\"https:\/\/www.fiscalia.gov.co\/colombia\/noticias\/en-el-carmen-de-bolivar-se-cumplio-una-ceremonia-de-entrega-digna-de-restos-a-dos-familias-victimas-de-la-violencia\/#article\",\"isPartOf\":{\"@id\":\"https:\/\/www.fiscalia.gov.co\/colombia\/noticias\/en-el-carmen-de-bolivar-se-cumplio-una-ceremonia-de-entrega-digna-de-restos-a-dos-familias-victimas-de-la-violencia\/\"},\"author\":{\"name\":\"Johanna Islenny Prieto Pe\u00f1a\",\"@id\":\"https:\/\/www.fiscalia.gov.co\/colombia\/#\/schema\/person\/ba9eca435947489fb25117a0cd75bf3e\"},\"headline\":\"En el Carmen de Bol\u00edvar se cumpli\u00f3 una ceremonia de entrega digna de restos a dos familias v\u00edctimas de la violencia\",\"datePublished\":\"2024-09-18T16:48:40+00:00\",\"dateModified\":\"2024-09-18T21:13:03+00:00\",\"mainEntityOfPage\":{\"@id\":\"https:\/\/www.fiscalia.gov.co\/colombia\/noticias\/en-el-carmen-de-bolivar-se-cumplio-una-ceremonia-de-entrega-digna-de-restos-a-dos-familias-victimas-de-la-violencia\/\"},\"wordCount\":541,\"publisher\":{\"@id\":\"https:\/\/www.fiscalia.gov.co\/colombia\/#organization\"},\"image\":{\"@id\":\"https:\/\/www.fiscalia.gov.co\/colombia\/noticias\/en-el-carmen-de-bolivar-se-cumplio-una-ceremonia-de-entrega-digna-de-restos-a-dos-familias-victimas-de-la-violencia\/#primaryimage\"},\"thumbnailUrl\":\"https:\/\/www.fiscalia.gov.co\/colombia\/wp-content\/uploads\/Foto-1-boletin-18-de-septiembre-entrega-de-restos--1024x576.jpeg\",\"keywords\":[\"AUC\",\"Bol\u00edvar\",\"ceremonia\",\"Desaparecidos\",\"El Carmen de Bol\u00edvar\",\"entrega digna\",\"Exhumaci\u00f3n\",\"Farc\",\"Fiscal\u00eda Colombia\",\"Fiscal\u00eda General de la Naci\u00f3n\",\"Polic\u00eda Nacional\",\"Restos\"],\"articleSection\":[\"Noticias\"],\"inLanguage\":\"es-CO\"},{\"@type\":\"WebPage\",\"@id\":\"https:\/\/www.fiscalia.gov.co\/colombia\/noticias\/en-el-carmen-de-bolivar-se-cumplio-una-ceremonia-de-entrega-digna-de-restos-a-dos-familias-victimas-de-la-violencia\/\",\"url\":\"https:\/\/www.fiscalia.gov.co\/colombia\/noticias\/en-el-carmen-de-bolivar-se-cumplio-una-ceremonia-de-entrega-digna-de-restos-a-dos-familias-victimas-de-la-violencia\/\",\"name\":\"Fiscal\u00eda General de la Naci\u00f3n\",\"isPartOf\":{\"@id\":\"https:\/\/www.fiscalia.gov.co\/colombia\/#website\"},\"primaryImageOfPage\":{\"@id\":\"https:\/\/www.fiscalia.gov.co\/colombia\/noticias\/en-el-carmen-de-bolivar-se-cumplio-una-ceremonia-de-entrega-digna-de-restos-a-dos-familias-victimas-de-la-violencia\/#primaryimage\"},\"image\":{\"@id\":\"https:\/\/www.fiscalia.gov.co\/colombia\/noticias\/en-el-carmen-de-bolivar-se-cumplio-una-ceremonia-de-entrega-digna-de-restos-a-dos-familias-victimas-de-la-violencia\/#primaryimage\"},\"thumbnailUrl\":\"https:\/\/www.fiscalia.gov.co\/colombia\/wp-content\/uploads\/Foto-1-boletin-18-de-septiembre-entrega-de-restos--1024x576.jpeg\",\"datePublished\":\"2024-09-18T16:48:40+00:00\",\"dateModified\":\"2024-09-18T21:13:03+00:00\",\"description\":\"P\u00e1gina oficial de la Fiscal\u00eda General de la Naci\u00f3n \u2013 Colombia. Garantizamos el acceso efectivo a la justicia, la verdad y la reparaci\u00f3n de las v\u00edctimas de los delitos.\",\"breadcrumb\":{\"@id\":\"https:\/\/www.fiscalia.gov.co\/colombia\/noticias\/en-el-carmen-de-bolivar-se-cumplio-una-ceremonia-de-entrega-digna-de-restos-a-dos-familias-victimas-de-la-violencia\/#breadcrumb\"},\"inLanguage\":\"es-CO\",\"potentialAction\":[{\"@type\":\"ReadAction\",\"target\":[\"https:\/\/www.fiscalia.gov.co\/colombia\/noticias\/en-el-carmen-de-bolivar-se-cumplio-una-ceremonia-de-entrega-digna-de-restos-a-dos-familias-victimas-de-la-violencia\/\"]}]},{\"@type\":\"ImageObject\",\"inLanguage\":\"es-CO\",\"@id\":\"https:\/\/www.fiscalia.gov.co\/colombia\/noticias\/en-el-carmen-de-bolivar-se-cumplio-una-ceremonia-de-entrega-digna-de-restos-a-dos-familias-victimas-de-la-violencia\/#primaryimage\",\"url\":\"https:\/\/www.fiscalia.gov.co\/colombia\/wp-content\/uploads\/Foto-1-boletin-18-de-septiembre-entrega-de-restos-.jpeg\",\"contentUrl\":\"https:\/\/www.fiscalia.gov.co\/colombia\/wp-content\/uploads\/Foto-1-boletin-18-de-septiembre-entrega-de-restos-.jpeg\",\"width\":1600,\"height\":900,\"caption\":\"Momentos en que se realiz\u00f3 el acto de entrega digna en el municipio de El Carmen de Bol\u00edvar.\"},{\"@type\":\"BreadcrumbList\",\"@id\":\"https:\/\/www.fiscalia.gov.co\/colombia\/noticias\/en-el-carmen-de-bolivar-se-cumplio-una-ceremonia-de-entrega-digna-de-restos-a-dos-familias-victimas-de-la-violencia\/#breadcrumb\",\"itemListElement\":[{\"@type\":\"ListItem\",\"position\":1,\"name\":\"Home\",\"item\":\"https:\/\/www.fiscalia.gov.co\/colombia\/\"},{\"@type\":\"ListItem\",\"position\":2,\"name\":\"En el Carmen de Bol\u00edvar se cumpli\u00f3 una ceremonia de entrega digna de restos a dos familias v\u00edctimas de la violencia\"}]},{\"@type\":\"WebSite\",\"@id\":\"https:\/\/www.fiscalia.gov.co\/colombia\/#website\",\"url\":\"https:\/\/www.fiscalia.gov.co\/colombia\/\",\"name\":\"Fiscal\u00eda General de la Naci\u00f3n\",\"description\":\"P\u00e1gina oficial de la Fiscal\u00eda General de la Naci\u00f3n \u2013 Colombia. Garantizamos el acceso efectivo a la justicia, la verdad y la reparaci\u00f3n de las v\u00edctimas de los delitos.\",\"publisher\":{\"@id\":\"https:\/\/www.fiscalia.gov.co\/colombia\/#organization\"},\"potentialAction\":[{\"@type\":\"SearchAction\",\"target\":{\"@type\":\"EntryPoint\",\"urlTemplate\":\"https:\/\/www.fiscalia.gov.co\/colombia\/?s={search_term_string}\"},\"query-input\":{\"@type\":\"PropertyValueSpecification\",\"valueRequired\":true,\"valueName\":\"search_term_string\"}}],\"inLanguage\":\"es-CO\"},{\"@type\":\"Organization\",\"@id\":\"https:\/\/www.fiscalia.gov.co\/colombia\/#organization\",\"name\":\"Fiscal\u00eda General de la Naci\u00f3n\",\"url\":\"https:\/\/www.fiscalia.gov.co\/colombia\/\",\"logo\":{\"@type\":\"ImageObject\",\"inLanguage\":\"es-CO\",\"@id\":\"https:\/\/www.fiscalia.gov.co\/colombia\/#\/schema\/logo\/image\/\",\"url\":\"https:\/\/www.fiscalia.gov.co\/colombia\/wp-content\/uploads\/LogoHorizontal_1.jpg\",\"contentUrl\":\"https:\/\/www.fiscalia.gov.co\/colombia\/wp-content\/uploads\/LogoHorizontal_1.jpg\",\"width\":300,\"height\":90,\"caption\":\"Fiscal\u00eda General de la Naci\u00f3n\"},\"image\":{\"@id\":\"https:\/\/www.fiscalia.gov.co\/colombia\/#\/schema\/logo\/image\/\"},\"sameAs\":[\"https:\/\/www.facebook.com\/FiscaliaCol\",\"https:\/\/x.com\/FiscaliaCol\",\"https:\/\/www.instagram.com\/fiscaliacol\",\"https:\/\/www.linkedin.com\/company\/fiscalia-general-de-la-naci-n\/\",\"https:\/\/youtube.com\/@fiscaliageneraldelanacion-4668?si=6nN79nyQICPU5iTh\"]},{\"@type\":\"Person\",\"@id\":\"https:\/\/www.fiscalia.gov.co\/colombia\/#\/schema\/person\/ba9eca435947489fb25117a0cd75bf3e\",\"name\":\"Johanna Islenny Prieto Pe\u00f1a\",\"image\":{\"@type\":\"ImageObject\",\"inLanguage\":\"es-CO\",\"@id\":\"https:\/\/www.fiscalia.gov.co\/colombia\/#\/schema\/person\/image\/\",\"url\":\"https:\/\/secure.gravatar.com\/avatar\/111433fc2acb037ffb768f6a3ca47864?s=96&d=mm&r=g\",\"contentUrl\":\"https:\/\/secure.gravatar.com\/avatar\/111433fc2acb037ffb768f6a3ca47864?s=96&d=mm&r=g\",\"caption\":\"Johanna Islenny Prieto Pe\u00f1a\"},\"url\":\"https:\/\/www.fiscalia.gov.co\/colombia\/author\/jprietop\/\"}]}<\/script>\n<!-- \/ Yoast SEO plugin. -->","yoast_head_json":{"title":"Fiscal\u00eda General de la Naci\u00f3n","description":"P\u00e1gina oficial de la Fiscal\u00eda General de la Naci\u00f3n \u2013 Colombia. Garantizamos el acceso efectivo a la justicia, la verdad y la reparaci\u00f3n de las v\u00edctimas de los delitos.","robots":{"index":"noindex","follow":"follow"},"og_locale":"es_ES","og_type":"article","og_title":"Fiscal\u00eda General de la Naci\u00f3n","og_description":"P\u00e1gina oficial de la Fiscal\u00eda General de la Naci\u00f3n \u2013 Colombia. Garantizamos el acceso efectivo a la justicia, la verdad y la reparaci\u00f3n de las v\u00edctimas de los delitos.","og_url":"https:\/\/www.fiscalia.gov.co\/colombia\/noticias\/en-el-carmen-de-bolivar-se-cumplio-una-ceremonia-de-entrega-digna-de-restos-a-dos-familias-victimas-de-la-violencia\/","og_site_name":"Fiscal\u00eda General de la Naci\u00f3n","article_publisher":"https:\/\/www.facebook.com\/FiscaliaCol","article_published_time":"2024-09-18T16:48:40+00:00","article_modified_time":"2024-09-18T21:13:03+00:00","og_image":[{"url":"https:\/\/www.fiscalia.gov.co\/colombia\/wp-content\/uploads\/Foto-1-boletin-18-de-septiembre-entrega-de-restos--1024x576.jpeg","type":"","width":"","height":""}],"author":"Johanna Islenny Prieto Pe\u00f1a","twitter_card":"summary_large_image","twitter_creator":"@FiscaliaCol","twitter_site":"@FiscaliaCol","twitter_misc":{"Escrito por":"Johanna Islenny Prieto Pe\u00f1a","Tiempo de lectura":"3 minutos"},"schema":{"@context":"https:\/\/schema.org","@graph":[{"@type":"Article","@id":"https:\/\/www.fiscalia.gov.co\/colombia\/noticias\/en-el-carmen-de-bolivar-se-cumplio-una-ceremonia-de-entrega-digna-de-restos-a-dos-familias-victimas-de-la-violencia\/#article","isPartOf":{"@id":"https:\/\/www.fiscalia.gov.co\/colombia\/noticias\/en-el-carmen-de-bolivar-se-cumplio-una-ceremonia-de-entrega-digna-de-restos-a-dos-familias-victimas-de-la-violencia\/"},"author":{"name":"Johanna Islenny Prieto Pe\u00f1a","@id":"https:\/\/www.fiscalia.gov.co\/colombia\/#\/schema\/person\/ba9eca435947489fb25117a0cd75bf3e"},"headline":"En el Carmen de Bol\u00edvar se cumpli\u00f3 una ceremonia de entrega digna de restos a dos familias v\u00edctimas de la violencia","datePublished":"2024-09-18T16:48:40+00:00","dateModified":"2024-09-18T21:13:03+00:00","mainEntityOfPage":{"@id":"https:\/\/www.fiscalia.gov.co\/colombia\/noticias\/en-el-carmen-de-bolivar-se-cumplio-una-ceremonia-de-entrega-digna-de-restos-a-dos-familias-victimas-de-la-violencia\/"},"wordCount":541,"publisher":{"@id":"https:\/\/www.fiscalia.gov.co\/colombia\/#organization"},"image":{"@id":"https:\/\/www.fiscalia.gov.co\/colombia\/noticias\/en-el-carmen-de-bolivar-se-cumplio-una-ceremonia-de-entrega-digna-de-restos-a-dos-familias-victimas-de-la-violencia\/#primaryimage"},"thumbnailUrl":"https:\/\/www.fiscalia.gov.co\/colombia\/wp-content\/uploads\/Foto-1-boletin-18-de-septiembre-entrega-de-restos--1024x576.jpeg","keywords":["AUC","Bol\u00edvar","ceremonia","Desaparecidos","El Carmen de Bol\u00edvar","entrega digna","Exhumaci\u00f3n","Farc","Fiscal\u00eda Colombia","Fiscal\u00eda General de la Naci\u00f3n","Polic\u00eda Nacional","Restos"],"articleSection":["Noticias"],"inLanguage":"es-CO"},{"@type":"WebPage","@id":"https:\/\/www.fiscalia.gov.co\/colombia\/noticias\/en-el-carmen-de-bolivar-se-cumplio-una-ceremonia-de-entrega-digna-de-restos-a-dos-familias-victimas-de-la-violencia\/","url":"https:\/\/www.fiscalia.gov.co\/colombia\/noticias\/en-el-carmen-de-bolivar-se-cumplio-una-ceremonia-de-entrega-digna-de-restos-a-dos-familias-victimas-de-la-violencia\/","name":"Fiscal\u00eda General de la Naci\u00f3n","isPartOf":{"@id":"https:\/\/www.fiscalia.gov.co\/colombia\/#website"},"primaryImageOfPage":{"@id":"https:\/\/www.fiscalia.gov.co\/colombia\/noticias\/en-el-carmen-de-bolivar-se-cumplio-una-ceremonia-de-entrega-digna-de-restos-a-dos-familias-victimas-de-la-violencia\/#primaryimage"},"image":{"@id":"https:\/\/www.fiscalia.gov.co\/colombia\/noticias\/en-el-carmen-de-bolivar-se-cumplio-una-ceremonia-de-entrega-digna-de-restos-a-dos-familias-victimas-de-la-violencia\/#primaryimage"},"thumbnailUrl":"https:\/\/www.fiscalia.gov.co\/colombia\/wp-content\/uploads\/Foto-1-boletin-18-de-septiembre-entrega-de-restos--1024x576.jpeg","datePublished":"2024-09-18T16:48:40+00:00","dateModified":"2024-09-18T21:13:03+00:00","description":"P\u00e1gina oficial de la Fiscal\u00eda General de la Naci\u00f3n \u2013 Colombia. Garantizamos el acceso efectivo a la justicia, la verdad y la reparaci\u00f3n de las v\u00edctimas de los delitos.","breadcrumb":{"@id":"https:\/\/www.fiscalia.gov.co\/colombia\/noticias\/en-el-carmen-de-bolivar-se-cumplio-una-ceremonia-de-entrega-digna-de-restos-a-dos-familias-victimas-de-la-violencia\/#breadcrumb"},"inLanguage":"es-CO","potentialAction":[{"@type":"ReadAction","target":["https:\/\/www.fiscalia.gov.co\/colombia\/noticias\/en-el-carmen-de-bolivar-se-cumplio-una-ceremonia-de-entrega-digna-de-restos-a-dos-familias-victimas-de-la-violencia\/"]}]},{"@type":"ImageObject","inLanguage":"es-CO","@id":"https:\/\/www.fiscalia.gov.co\/colombia\/noticias\/en-el-carmen-de-bolivar-se-cumplio-una-ceremonia-de-entrega-digna-de-restos-a-dos-familias-victimas-de-la-violencia\/#primaryimage","url":"https:\/\/www.fiscalia.gov.co\/colombia\/wp-content\/uploads\/Foto-1-boletin-18-de-septiembre-entrega-de-restos-.jpeg","contentUrl":"https:\/\/www.fiscalia.gov.co\/colombia\/wp-content\/uploads\/Foto-1-boletin-18-de-septiembre-entrega-de-restos-.jpeg","width":1600,"height":900,"caption":"Momentos en que se realiz\u00f3 el acto de entrega digna en el municipio de El Carmen de Bol\u00edvar."},{"@type":"BreadcrumbList","@id":"https:\/\/www.fiscalia.gov.co\/colombia\/noticias\/en-el-carmen-de-bolivar-se-cumplio-una-ceremonia-de-entrega-digna-de-restos-a-dos-familias-victimas-de-la-violencia\/#breadcrumb","itemListElement":[{"@type":"ListItem","position":1,"name":"Home","item":"https:\/\/www.fiscalia.gov.co\/colombia\/"},{"@type":"ListItem","position":2,"name":"En el Carmen de Bol\u00edvar se cumpli\u00f3 una ceremonia de entrega digna de restos a dos familias v\u00edctimas de la violencia"}]},{"@type":"WebSite","@id":"https:\/\/www.fiscalia.gov.co\/colombia\/#website","url":"https:\/\/www.fiscalia.gov.co\/colombia\/","name":"Fiscal\u00eda General de la Naci\u00f3n","description":"P\u00e1gina oficial de la Fiscal\u00eda General de la Naci\u00f3n \u2013 Colombia. Garantizamos el acceso efectivo a la justicia, la verdad y la reparaci\u00f3n de las v\u00edctimas de los delitos.","publisher":{"@id":"https:\/\/www.fiscalia.gov.co\/colombia\/#organization"},"potentialAction":[{"@type":"SearchAction","target":{"@type":"EntryPoint","urlTemplate":"https:\/\/www.fiscalia.gov.co\/colombia\/?s={search_term_string}"},"query-input":{"@type":"PropertyValueSpecification","valueRequired":true,"valueName":"search_term_string"}}],"inLanguage":"es-CO"},{"@type":"Organization","@id":"https:\/\/www.fiscalia.gov.co\/colombia\/#organization","name":"Fiscal\u00eda General de la Naci\u00f3n","url":"https:\/\/www.fiscalia.gov.co\/colombia\/","logo":{"@type":"ImageObject","inLanguage":"es-CO","@id":"https:\/\/www.fiscalia.gov.co\/colombia\/#\/schema\/logo\/image\/","url":"https:\/\/www.fiscalia.gov.co\/colombia\/wp-content\/uploads\/LogoHorizontal_1.jpg","contentUrl":"https:\/\/www.fiscalia.gov.co\/colombia\/wp-content\/uploads\/LogoHorizontal_1.jpg","width":300,"height":90,"caption":"Fiscal\u00eda General de la Naci\u00f3n"},"image":{"@id":"https:\/\/www.fiscalia.gov.co\/colombia\/#\/schema\/logo\/image\/"},"sameAs":["https:\/\/www.facebook.com\/FiscaliaCol","https:\/\/x.com\/FiscaliaCol","https:\/\/www.instagram.com\/fiscaliacol","https:\/\/www.linkedin.com\/company\/fiscalia-general-de-la-naci-n\/","https:\/\/youtube.com\/@fiscaliageneraldelanacion-4668?si=6nN79nyQICPU5iTh"]},{"@type":"Person","@id":"https:\/\/www.fiscalia.gov.co\/colombia\/#\/schema\/person\/ba9eca435947489fb25117a0cd75bf3e","name":"Johanna Islenny Prieto Pe\u00f1a","image":{"@type":"ImageObject","inLanguage":"es-CO","@id":"https:\/\/www.fiscalia.gov.co\/colombia\/#\/schema\/person\/image\/","url":"https:\/\/secure.gravatar.com\/avatar\/111433fc2acb037ffb768f6a3ca47864?s=96&d=mm&r=g","contentUrl":"https:\/\/secure.gravatar.com\/avatar\/111433fc2acb037ffb768f6a3ca47864?s=96&d=mm&r=g","caption":"Johanna Islenny Prieto Pe\u00f1a"},"url":"https:\/\/www.fiscalia.gov.co\/colombia\/author\/jprietop\/"}]}},"_links":{"self":[{"href":"https:\/\/www.fiscalia.gov.co\/colombia\/wp-json\/wp\/v2\/posts\/301989","targetHints":{"allow":["GET"]}}],"collection":[{"href":"https:\/\/www.fiscalia.gov.co\/colombia\/wp-json\/wp\/v2\/posts"}],"about":[{"href":"https:\/\/www.fiscalia.gov.co\/colombia\/wp-json\/wp\/v2\/types\/post"}],"author":[{"embeddable":true,"href":"https:\/\/www.fiscalia.gov.co\/colombia\/wp-json\/wp\/v2\/users\/181"}],"replies":[{"embeddable":true,"href":"https:\/\/www.fiscalia.gov.co\/colombia\/wp-json\/wp\/v2\/comments?post=301989"}],"version-history":[{"count":5,"href":"https:\/\/www.fiscalia.gov.co\/colombia\/wp-json\/wp\/v2\/posts\/301989\/revisions"}],"predecessor-version":[{"id":302026,"href":"https:\/\/www.fiscalia.gov.co\/colombia\/wp-json\/wp\/v2\/posts\/301989\/revisions\/302026"}],"wp:attachment":[{"href":"https:\/\/www.fiscalia.gov.co\/colombia\/wp-json\/wp\/v2\/media?parent=301989"}],"wp:term":[{"taxonomy":"category","embeddable":true,"href":"https:\/\/www.fiscalia.gov.co\/colombia\/wp-json\/wp\/v2\/categories?post=301989"},{"taxonomy":"post_tag","embeddable":true,"href":"https:\/\/www.fiscalia.gov.co\/colombia\/wp-json\/wp\/v2\/tags?post=301989"}],"curies":[{"name":"wp","href":"https:\/\/api.w.org\/{rel}","templated":true}]}}