{"id":301943,"date":"2024-09-18T10:03:05","date_gmt":"2024-09-18T15:03:05","guid":{"rendered":"https:\/\/www.fiscalia.gov.co\/colombia\/?p=301943"},"modified":"2024-09-18T10:04:13","modified_gmt":"2024-09-18T15:04:13","slug":"a-la-carcel-presuntos-integrantes-de-los-mosqueteros-senalados-de-numerosos-hurtos-violentos-en-el-occidente-antioqueno","status":"publish","type":"post","link":"https:\/\/www.fiscalia.gov.co\/colombia\/noticias\/a-la-carcel-presuntos-integrantes-de-los-mosqueteros-senalados-de-numerosos-hurtos-violentos-en-el-occidente-antioqueno\/","title":{"rendered":"A \u00a0la c\u00e1rcel presuntos integrantes de \u2018Los Mosqueteros\u2019, se\u00f1alados de numerosos hurtos violentos en el occidente antioque\u00f1o"},"content":{"rendered":"<p style=\"text-align: left;\" align=\"center\">Por solicitud de la Fiscal\u00eda General de la Naci\u00f3n, <strong>un juez de control de garant\u00edas impuso medida de aseguramiento en centro carcelario<\/strong> contra Carlos Mario Boh\u00f3rquez C\u00e1rcamo, Juan Camilo Correa Correa, Luis Eduardo Mej\u00eda Londo\u00f1o y \u00c9lber Miguel Oviedo Viloria, presuntos integrantes del grupo ilegal <a href=\"https:\/\/www.fiscalia.gov.co\/colombia\/noticias\/desarticulada-banda-los-moncholos-que-estaria-dedicada-a-la-extorsion-y-al-hurto-en-puerto-berrio-antioquia\/\" target=\"_blank\" rel=\"noopener\">Los Mosqueteros<\/a>.<\/p>\n<p>Seg\u00fan la investigaci\u00f3n, los procesados habr\u00edan participado en siete hurtos contra establecimientos de comercio <strong>ubicados en Sopetr\u00e1n y San Jer\u00f3nimo<\/strong> (Antioquia); adem\u00e1s del hurto de tres motocicletas.<\/p>\n<figure id=\"attachment_301944\" aria-describedby=\"caption-attachment-301944\" style=\"width: 300px\" class=\"wp-caption alignnone\"><img loading=\"lazy\" decoding=\"async\" class=\"size-medium wp-image-301944\" src=\"https:\/\/www.fiscalia.gov.co\/colombia\/wp-content\/uploads\/Carlos-Mario-Bohorquez-Carcamo-Juan-Camilo-Correa-Correa-Luis-Eduardo-Mejia-Londono-y-Elber-Miguel-Oviedo-Viloria-300x169.jpg\" alt=\"En la imagen est\u00e1n los 4 presuntos responsables de hurtos en el occidente antioque\u00f1o acompa\u00f1ados de 2 servidores de la Polic\u00eda Nacional\" width=\"300\" height=\"169\" srcset=\"https:\/\/www.fiscalia.gov.co\/colombia\/wp-content\/uploads\/Carlos-Mario-Bohorquez-Carcamo-Juan-Camilo-Correa-Correa-Luis-Eduardo-Mejia-Londono-y-Elber-Miguel-Oviedo-Viloria-300x169.jpg 300w, https:\/\/www.fiscalia.gov.co\/colombia\/wp-content\/uploads\/Carlos-Mario-Bohorquez-Carcamo-Juan-Camilo-Correa-Correa-Luis-Eduardo-Mejia-Londono-y-Elber-Miguel-Oviedo-Viloria-1024x576.jpg 1024w, https:\/\/www.fiscalia.gov.co\/colombia\/wp-content\/uploads\/Carlos-Mario-Bohorquez-Carcamo-Juan-Camilo-Correa-Correa-Luis-Eduardo-Mejia-Londono-y-Elber-Miguel-Oviedo-Viloria-768x432.jpg 768w, https:\/\/www.fiscalia.gov.co\/colombia\/wp-content\/uploads\/Carlos-Mario-Bohorquez-Carcamo-Juan-Camilo-Correa-Correa-Luis-Eduardo-Mejia-Londono-y-Elber-Miguel-Oviedo-Viloria-1536x864.jpg 1536w, https:\/\/www.fiscalia.gov.co\/colombia\/wp-content\/uploads\/Carlos-Mario-Bohorquez-Carcamo-Juan-Camilo-Correa-Correa-Luis-Eduardo-Mejia-Londono-y-Elber-Miguel-Oviedo-Viloria-747x420.jpg 747w, https:\/\/www.fiscalia.gov.co\/colombia\/wp-content\/uploads\/Carlos-Mario-Bohorquez-Carcamo-Juan-Camilo-Correa-Correa-Luis-Eduardo-Mejia-Londono-y-Elber-Miguel-Oviedo-Viloria-696x392.jpg 696w, https:\/\/www.fiscalia.gov.co\/colombia\/wp-content\/uploads\/Carlos-Mario-Bohorquez-Carcamo-Juan-Camilo-Correa-Correa-Luis-Eduardo-Mejia-Londono-y-Elber-Miguel-Oviedo-Viloria-1068x601.jpg 1068w, https:\/\/www.fiscalia.gov.co\/colombia\/wp-content\/uploads\/Carlos-Mario-Bohorquez-Carcamo-Juan-Camilo-Correa-Correa-Luis-Eduardo-Mejia-Londono-y-Elber-Miguel-Oviedo-Viloria.jpg 1600w\" sizes=\"auto, (max-width: 300px) 100vw, 300px\" \/><figcaption id=\"caption-attachment-301944\" class=\"wp-caption-text\">Presuntos integrantes de banda delincuencial Los Mosqueteros, dedicada al hurto en el Occidente antioque\u00f1o.<\/figcaption><\/figure>\n<p style=\"text-align: left;\" align=\"center\">Un fiscal de la Estructura de Apoyo (EDA) de la Seccional Antioquia, imput\u00f3 a los investigados<strong> los delitos de concierto para delinquir y hurto calificado<\/strong>, ambas conductas agravadas. Ninguno de los cargos fue aceptado por los procesados.<\/p>\n<p>Labores de polic\u00eda judicial evidenciaron que los investigados, al parecer, <strong>utilizaban armas de fuego para cometer los robos, y despu\u00e9s hu\u00edan del lugar en motocicletas<\/strong>. En los 10 eventos asociados, cometidos este a\u00f1o, <a href=\"https:\/\/www.fiscalia.gov.co\/colombia\/noticias\/a-la-carcel-hombre-que-habria-participado-en-el-intento-de-hurto-a-una-joyeria-en-bucaramanga\/\" target=\"_blank\" rel=\"noopener\">los presuntos delincuentes<\/a> se habr\u00edan apoderado de joyas, celulares y dinero en efectivo por m\u00e1s de 190 millones de pesos.<\/p>\n<p>Los cuatro procesados <strong>fueron capturados en operativos adelantados por la Polic\u00eda Nacional<\/strong>, en Medell\u00edn y Bello (Antioquia).<\/p>\n<p>Se evidenci\u00f3 que durante los hechos Correa Correa y Mej\u00eda Londo\u00f1o estaban en detenci\u00f3n domiciliaria. Los otros dos hombres tendr\u00edan medidas no privativas de la libertad.<\/p>\n<p>LFML\/AM\/LMFO\/MAGA\/DSM<\/p>\n<p>&nbsp;<\/p>\n<p>&nbsp;<\/p>\n<p>&nbsp;<\/p>\n<p><em>La informaci\u00f3n contenida en este bolet\u00edn de prensa corresponde a la narraci\u00f3n de los hechos noticiosos objetivos, y las investigaciones penales al interior de la Fiscal\u00eda General de la Naci\u00f3n. Para el momento de la divulgaci\u00f3n de este comunicado, la situaci\u00f3n jur\u00eddica de la(s) persona(s) relacionada(s) se encuentra pendiente de resolver por la autoridad judicial competente, siempre bajo los preceptos de la presunci\u00f3n de inocencia, consagrados en el art\u00edculo 29 de la Constituci\u00f3n Pol\u00edtica y el art\u00edculo 7\u00ba de la Ley 906 de 2004.<\/em><\/p>\n<div id=\"m_-572533231199637907m_-1361789528271317687x_x_appendonsend\"><\/div>\n<div id=\"m_-572533231199637907m_-1361789528271317687x_x_divRplyFwdMsg\" dir=\"ltr\"><\/div>\n<blockquote>\n<div><\/div>\n<div><\/div>\n<div><\/div>\n<\/blockquote>\n\n<div class=\"twitter-share\"><a href=\"https:\/\/twitter.com\/intent\/tweet?via=fiscaliacol\" class=\"twitter-share-button\">Tweet<\/a><\/div>\n","protected":false},"excerpt":{"rendered":"<p>Por solicitud de la Fiscal\u00eda General de la Naci\u00f3n, un juez de control de garant\u00edas impuso medida de aseguramiento en centro carcelario contra Carlos Mario Boh\u00f3rquez C\u00e1rcamo, Juan Camilo Correa [&hellip;]<\/p>\n","protected":false},"author":181,"featured_media":0,"comment_status":"closed","ping_status":"open","sticky":false,"template":"","format":"standard","meta":{"tdm_status":"","tdm_grid_status":"","footnotes":""},"categories":[1],"tags":[38641,38642,4017,1047,38640,7439,558],"class_list":["post-301943","post","type-post","status-publish","format-standard","category-noticias","tag-10-hurtos-cometidos-este-ano-en-sopetran-y-san-jeronimo-antioquia","tag-190-millones-de-pesos","tag-armas-de-fuego","tag-fiscalia-general-de-la-nacion","tag-los-mosqueteros","tag-medida-intramuros","tag-policia-nacional"],"yoast_head":"<!-- This site is optimized with the Yoast SEO plugin v24.3 - https:\/\/yoast.com\/wordpress\/plugins\/seo\/ -->\n<title>Fiscal\u00eda General de la Naci\u00f3n<\/title>\n<meta name=\"description\" content=\"P\u00e1gina oficial de la Fiscal\u00eda General de la Naci\u00f3n \u2013 Colombia. Garantizamos el acceso efectivo a la justicia, la verdad y la reparaci\u00f3n de las v\u00edctimas de los delitos.\" \/>\n<meta name=\"robots\" content=\"noindex, follow\" \/>\n<meta property=\"og:locale\" content=\"es_ES\" \/>\n<meta property=\"og:type\" content=\"article\" \/>\n<meta property=\"og:title\" content=\"Fiscal\u00eda General de la Naci\u00f3n\" \/>\n<meta property=\"og:description\" content=\"P\u00e1gina oficial de la Fiscal\u00eda General de la Naci\u00f3n \u2013 Colombia. Garantizamos el acceso efectivo a la justicia, la verdad y la reparaci\u00f3n de las v\u00edctimas de los delitos.\" \/>\n<meta property=\"og:url\" content=\"https:\/\/www.fiscalia.gov.co\/colombia\/noticias\/a-la-carcel-presuntos-integrantes-de-los-mosqueteros-senalados-de-numerosos-hurtos-violentos-en-el-occidente-antioqueno\/\" \/>\n<meta property=\"og:site_name\" content=\"Fiscal\u00eda General de la Naci\u00f3n\" \/>\n<meta property=\"article:publisher\" content=\"https:\/\/www.facebook.com\/FiscaliaCol\" \/>\n<meta property=\"article:published_time\" content=\"2024-09-18T15:03:05+00:00\" \/>\n<meta property=\"article:modified_time\" content=\"2024-09-18T15:04:13+00:00\" \/>\n<meta property=\"og:image\" content=\"https:\/\/www.fiscalia.gov.co\/colombia\/wp-content\/uploads\/Carlos-Mario-Bohorquez-Carcamo-Juan-Camilo-Correa-Correa-Luis-Eduardo-Mejia-Londono-y-Elber-Miguel-Oviedo-Viloria-300x169.jpg\" \/>\n<meta name=\"author\" content=\"Johanna Islenny Prieto Pe\u00f1a\" \/>\n<meta name=\"twitter:card\" content=\"summary_large_image\" \/>\n<meta name=\"twitter:creator\" content=\"@FiscaliaCol\" \/>\n<meta name=\"twitter:site\" content=\"@FiscaliaCol\" \/>\n<meta name=\"twitter:label1\" content=\"Escrito por\" \/>\n\t<meta name=\"twitter:data1\" content=\"Johanna Islenny Prieto Pe\u00f1a\" \/>\n\t<meta name=\"twitter:label2\" content=\"Tiempo de lectura\" \/>\n\t<meta name=\"twitter:data2\" content=\"2 minutos\" \/>\n<script type=\"application\/ld+json\" class=\"yoast-schema-graph\">{\"@context\":\"https:\/\/schema.org\",\"@graph\":[{\"@type\":\"Article\",\"@id\":\"https:\/\/www.fiscalia.gov.co\/colombia\/noticias\/a-la-carcel-presuntos-integrantes-de-los-mosqueteros-senalados-de-numerosos-hurtos-violentos-en-el-occidente-antioqueno\/#article\",\"isPartOf\":{\"@id\":\"https:\/\/www.fiscalia.gov.co\/colombia\/noticias\/a-la-carcel-presuntos-integrantes-de-los-mosqueteros-senalados-de-numerosos-hurtos-violentos-en-el-occidente-antioqueno\/\"},\"author\":{\"name\":\"Johanna Islenny Prieto Pe\u00f1a\",\"@id\":\"https:\/\/www.fiscalia.gov.co\/colombia\/#\/schema\/person\/ba9eca435947489fb25117a0cd75bf3e\"},\"headline\":\"A \u00a0la c\u00e1rcel presuntos integrantes de \u2018Los Mosqueteros\u2019, se\u00f1alados de numerosos hurtos violentos en el occidente antioque\u00f1o\",\"datePublished\":\"2024-09-18T15:03:05+00:00\",\"dateModified\":\"2024-09-18T15:04:13+00:00\",\"mainEntityOfPage\":{\"@id\":\"https:\/\/www.fiscalia.gov.co\/colombia\/noticias\/a-la-carcel-presuntos-integrantes-de-los-mosqueteros-senalados-de-numerosos-hurtos-violentos-en-el-occidente-antioqueno\/\"},\"wordCount\":376,\"publisher\":{\"@id\":\"https:\/\/www.fiscalia.gov.co\/colombia\/#organization\"},\"image\":{\"@id\":\"https:\/\/www.fiscalia.gov.co\/colombia\/noticias\/a-la-carcel-presuntos-integrantes-de-los-mosqueteros-senalados-de-numerosos-hurtos-violentos-en-el-occidente-antioqueno\/#primaryimage\"},\"thumbnailUrl\":\"https:\/\/www.fiscalia.gov.co\/colombia\/wp-content\/uploads\/Carlos-Mario-Bohorquez-Carcamo-Juan-Camilo-Correa-Correa-Luis-Eduardo-Mejia-Londono-y-Elber-Miguel-Oviedo-Viloria-300x169.jpg\",\"keywords\":[\"10 hurtos cometidos este a\u00f1o en Sopetr\u00e1n y San Jer\u00f3nimo (Antioquia)\",\"190 millones de pesos\",\"Armas de fuego\",\"Fiscal\u00eda General de la Naci\u00f3n\",\"Los Mosqueteros\",\"medida intramuros\",\"Polic\u00eda Nacional\"],\"articleSection\":[\"Noticias\"],\"inLanguage\":\"es-CO\"},{\"@type\":\"WebPage\",\"@id\":\"https:\/\/www.fiscalia.gov.co\/colombia\/noticias\/a-la-carcel-presuntos-integrantes-de-los-mosqueteros-senalados-de-numerosos-hurtos-violentos-en-el-occidente-antioqueno\/\",\"url\":\"https:\/\/www.fiscalia.gov.co\/colombia\/noticias\/a-la-carcel-presuntos-integrantes-de-los-mosqueteros-senalados-de-numerosos-hurtos-violentos-en-el-occidente-antioqueno\/\",\"name\":\"Fiscal\u00eda General de la Naci\u00f3n\",\"isPartOf\":{\"@id\":\"https:\/\/www.fiscalia.gov.co\/colombia\/#website\"},\"primaryImageOfPage\":{\"@id\":\"https:\/\/www.fiscalia.gov.co\/colombia\/noticias\/a-la-carcel-presuntos-integrantes-de-los-mosqueteros-senalados-de-numerosos-hurtos-violentos-en-el-occidente-antioqueno\/#primaryimage\"},\"image\":{\"@id\":\"https:\/\/www.fiscalia.gov.co\/colombia\/noticias\/a-la-carcel-presuntos-integrantes-de-los-mosqueteros-senalados-de-numerosos-hurtos-violentos-en-el-occidente-antioqueno\/#primaryimage\"},\"thumbnailUrl\":\"https:\/\/www.fiscalia.gov.co\/colombia\/wp-content\/uploads\/Carlos-Mario-Bohorquez-Carcamo-Juan-Camilo-Correa-Correa-Luis-Eduardo-Mejia-Londono-y-Elber-Miguel-Oviedo-Viloria-300x169.jpg\",\"datePublished\":\"2024-09-18T15:03:05+00:00\",\"dateModified\":\"2024-09-18T15:04:13+00:00\",\"description\":\"P\u00e1gina oficial de la Fiscal\u00eda General de la Naci\u00f3n \u2013 Colombia. Garantizamos el acceso efectivo a la justicia, la verdad y la reparaci\u00f3n de las v\u00edctimas de los delitos.\",\"breadcrumb\":{\"@id\":\"https:\/\/www.fiscalia.gov.co\/colombia\/noticias\/a-la-carcel-presuntos-integrantes-de-los-mosqueteros-senalados-de-numerosos-hurtos-violentos-en-el-occidente-antioqueno\/#breadcrumb\"},\"inLanguage\":\"es-CO\",\"potentialAction\":[{\"@type\":\"ReadAction\",\"target\":[\"https:\/\/www.fiscalia.gov.co\/colombia\/noticias\/a-la-carcel-presuntos-integrantes-de-los-mosqueteros-senalados-de-numerosos-hurtos-violentos-en-el-occidente-antioqueno\/\"]}]},{\"@type\":\"ImageObject\",\"inLanguage\":\"es-CO\",\"@id\":\"https:\/\/www.fiscalia.gov.co\/colombia\/noticias\/a-la-carcel-presuntos-integrantes-de-los-mosqueteros-senalados-de-numerosos-hurtos-violentos-en-el-occidente-antioqueno\/#primaryimage\",\"url\":\"https:\/\/www.fiscalia.gov.co\/colombia\/wp-content\/uploads\/Carlos-Mario-Bohorquez-Carcamo-Juan-Camilo-Correa-Correa-Luis-Eduardo-Mejia-Londono-y-Elber-Miguel-Oviedo-Viloria.jpg\",\"contentUrl\":\"https:\/\/www.fiscalia.gov.co\/colombia\/wp-content\/uploads\/Carlos-Mario-Bohorquez-Carcamo-Juan-Camilo-Correa-Correa-Luis-Eduardo-Mejia-Londono-y-Elber-Miguel-Oviedo-Viloria.jpg\",\"width\":1600,\"height\":900,\"caption\":\"Presuntos integrantes de banda delincuencial Los Mosqueteros, dedicada al hurto en el Occidente antioque\u00f1o.\"},{\"@type\":\"BreadcrumbList\",\"@id\":\"https:\/\/www.fiscalia.gov.co\/colombia\/noticias\/a-la-carcel-presuntos-integrantes-de-los-mosqueteros-senalados-de-numerosos-hurtos-violentos-en-el-occidente-antioqueno\/#breadcrumb\",\"itemListElement\":[{\"@type\":\"ListItem\",\"position\":1,\"name\":\"Home\",\"item\":\"https:\/\/www.fiscalia.gov.co\/colombia\/\"},{\"@type\":\"ListItem\",\"position\":2,\"name\":\"A \u00a0la c\u00e1rcel presuntos integrantes de \u2018Los Mosqueteros\u2019, se\u00f1alados de numerosos hurtos violentos en el occidente antioque\u00f1o\"}]},{\"@type\":\"WebSite\",\"@id\":\"https:\/\/www.fiscalia.gov.co\/colombia\/#website\",\"url\":\"https:\/\/www.fiscalia.gov.co\/colombia\/\",\"name\":\"Fiscal\u00eda General de la Naci\u00f3n\",\"description\":\"P\u00e1gina oficial de la Fiscal\u00eda General de la Naci\u00f3n \u2013 Colombia. Garantizamos el acceso efectivo a la justicia, la verdad y la reparaci\u00f3n de las v\u00edctimas de los delitos.\",\"publisher\":{\"@id\":\"https:\/\/www.fiscalia.gov.co\/colombia\/#organization\"},\"potentialAction\":[{\"@type\":\"SearchAction\",\"target\":{\"@type\":\"EntryPoint\",\"urlTemplate\":\"https:\/\/www.fiscalia.gov.co\/colombia\/?s={search_term_string}\"},\"query-input\":{\"@type\":\"PropertyValueSpecification\",\"valueRequired\":true,\"valueName\":\"search_term_string\"}}],\"inLanguage\":\"es-CO\"},{\"@type\":\"Organization\",\"@id\":\"https:\/\/www.fiscalia.gov.co\/colombia\/#organization\",\"name\":\"Fiscal\u00eda General de la Naci\u00f3n\",\"url\":\"https:\/\/www.fiscalia.gov.co\/colombia\/\",\"logo\":{\"@type\":\"ImageObject\",\"inLanguage\":\"es-CO\",\"@id\":\"https:\/\/www.fiscalia.gov.co\/colombia\/#\/schema\/logo\/image\/\",\"url\":\"https:\/\/www.fiscalia.gov.co\/colombia\/wp-content\/uploads\/LogoHorizontal_1.jpg\",\"contentUrl\":\"https:\/\/www.fiscalia.gov.co\/colombia\/wp-content\/uploads\/LogoHorizontal_1.jpg\",\"width\":300,\"height\":90,\"caption\":\"Fiscal\u00eda General de la Naci\u00f3n\"},\"image\":{\"@id\":\"https:\/\/www.fiscalia.gov.co\/colombia\/#\/schema\/logo\/image\/\"},\"sameAs\":[\"https:\/\/www.facebook.com\/FiscaliaCol\",\"https:\/\/x.com\/FiscaliaCol\",\"https:\/\/www.instagram.com\/fiscaliacol\",\"https:\/\/www.linkedin.com\/company\/fiscalia-general-de-la-naci-n\/\",\"https:\/\/youtube.com\/@fiscaliageneraldelanacion-4668?si=6nN79nyQICPU5iTh\"]},{\"@type\":\"Person\",\"@id\":\"https:\/\/www.fiscalia.gov.co\/colombia\/#\/schema\/person\/ba9eca435947489fb25117a0cd75bf3e\",\"name\":\"Johanna Islenny Prieto Pe\u00f1a\",\"image\":{\"@type\":\"ImageObject\",\"inLanguage\":\"es-CO\",\"@id\":\"https:\/\/www.fiscalia.gov.co\/colombia\/#\/schema\/person\/image\/\",\"url\":\"https:\/\/secure.gravatar.com\/avatar\/111433fc2acb037ffb768f6a3ca47864?s=96&d=mm&r=g\",\"contentUrl\":\"https:\/\/secure.gravatar.com\/avatar\/111433fc2acb037ffb768f6a3ca47864?s=96&d=mm&r=g\",\"caption\":\"Johanna Islenny Prieto Pe\u00f1a\"},\"url\":\"https:\/\/www.fiscalia.gov.co\/colombia\/author\/jprietop\/\"}]}<\/script>\n<!-- \/ Yoast SEO plugin. -->","yoast_head_json":{"title":"Fiscal\u00eda General de la Naci\u00f3n","description":"P\u00e1gina oficial de la Fiscal\u00eda General de la Naci\u00f3n \u2013 Colombia. Garantizamos el acceso efectivo a la justicia, la verdad y la reparaci\u00f3n de las v\u00edctimas de los delitos.","robots":{"index":"noindex","follow":"follow"},"og_locale":"es_ES","og_type":"article","og_title":"Fiscal\u00eda General de la Naci\u00f3n","og_description":"P\u00e1gina oficial de la Fiscal\u00eda General de la Naci\u00f3n \u2013 Colombia. Garantizamos el acceso efectivo a la justicia, la verdad y la reparaci\u00f3n de las v\u00edctimas de los delitos.","og_url":"https:\/\/www.fiscalia.gov.co\/colombia\/noticias\/a-la-carcel-presuntos-integrantes-de-los-mosqueteros-senalados-de-numerosos-hurtos-violentos-en-el-occidente-antioqueno\/","og_site_name":"Fiscal\u00eda General de la Naci\u00f3n","article_publisher":"https:\/\/www.facebook.com\/FiscaliaCol","article_published_time":"2024-09-18T15:03:05+00:00","article_modified_time":"2024-09-18T15:04:13+00:00","og_image":[{"url":"https:\/\/www.fiscalia.gov.co\/colombia\/wp-content\/uploads\/Carlos-Mario-Bohorquez-Carcamo-Juan-Camilo-Correa-Correa-Luis-Eduardo-Mejia-Londono-y-Elber-Miguel-Oviedo-Viloria-300x169.jpg","type":"","width":"","height":""}],"author":"Johanna Islenny Prieto Pe\u00f1a","twitter_card":"summary_large_image","twitter_creator":"@FiscaliaCol","twitter_site":"@FiscaliaCol","twitter_misc":{"Escrito por":"Johanna Islenny Prieto Pe\u00f1a","Tiempo de lectura":"2 minutos"},"schema":{"@context":"https:\/\/schema.org","@graph":[{"@type":"Article","@id":"https:\/\/www.fiscalia.gov.co\/colombia\/noticias\/a-la-carcel-presuntos-integrantes-de-los-mosqueteros-senalados-de-numerosos-hurtos-violentos-en-el-occidente-antioqueno\/#article","isPartOf":{"@id":"https:\/\/www.fiscalia.gov.co\/colombia\/noticias\/a-la-carcel-presuntos-integrantes-de-los-mosqueteros-senalados-de-numerosos-hurtos-violentos-en-el-occidente-antioqueno\/"},"author":{"name":"Johanna Islenny Prieto Pe\u00f1a","@id":"https:\/\/www.fiscalia.gov.co\/colombia\/#\/schema\/person\/ba9eca435947489fb25117a0cd75bf3e"},"headline":"A \u00a0la c\u00e1rcel presuntos integrantes de \u2018Los Mosqueteros\u2019, se\u00f1alados de numerosos hurtos violentos en el occidente antioque\u00f1o","datePublished":"2024-09-18T15:03:05+00:00","dateModified":"2024-09-18T15:04:13+00:00","mainEntityOfPage":{"@id":"https:\/\/www.fiscalia.gov.co\/colombia\/noticias\/a-la-carcel-presuntos-integrantes-de-los-mosqueteros-senalados-de-numerosos-hurtos-violentos-en-el-occidente-antioqueno\/"},"wordCount":376,"publisher":{"@id":"https:\/\/www.fiscalia.gov.co\/colombia\/#organization"},"image":{"@id":"https:\/\/www.fiscalia.gov.co\/colombia\/noticias\/a-la-carcel-presuntos-integrantes-de-los-mosqueteros-senalados-de-numerosos-hurtos-violentos-en-el-occidente-antioqueno\/#primaryimage"},"thumbnailUrl":"https:\/\/www.fiscalia.gov.co\/colombia\/wp-content\/uploads\/Carlos-Mario-Bohorquez-Carcamo-Juan-Camilo-Correa-Correa-Luis-Eduardo-Mejia-Londono-y-Elber-Miguel-Oviedo-Viloria-300x169.jpg","keywords":["10 hurtos cometidos este a\u00f1o en Sopetr\u00e1n y San Jer\u00f3nimo (Antioquia)","190 millones de pesos","Armas de fuego","Fiscal\u00eda General de la Naci\u00f3n","Los Mosqueteros","medida intramuros","Polic\u00eda Nacional"],"articleSection":["Noticias"],"inLanguage":"es-CO"},{"@type":"WebPage","@id":"https:\/\/www.fiscalia.gov.co\/colombia\/noticias\/a-la-carcel-presuntos-integrantes-de-los-mosqueteros-senalados-de-numerosos-hurtos-violentos-en-el-occidente-antioqueno\/","url":"https:\/\/www.fiscalia.gov.co\/colombia\/noticias\/a-la-carcel-presuntos-integrantes-de-los-mosqueteros-senalados-de-numerosos-hurtos-violentos-en-el-occidente-antioqueno\/","name":"Fiscal\u00eda General de la Naci\u00f3n","isPartOf":{"@id":"https:\/\/www.fiscalia.gov.co\/colombia\/#website"},"primaryImageOfPage":{"@id":"https:\/\/www.fiscalia.gov.co\/colombia\/noticias\/a-la-carcel-presuntos-integrantes-de-los-mosqueteros-senalados-de-numerosos-hurtos-violentos-en-el-occidente-antioqueno\/#primaryimage"},"image":{"@id":"https:\/\/www.fiscalia.gov.co\/colombia\/noticias\/a-la-carcel-presuntos-integrantes-de-los-mosqueteros-senalados-de-numerosos-hurtos-violentos-en-el-occidente-antioqueno\/#primaryimage"},"thumbnailUrl":"https:\/\/www.fiscalia.gov.co\/colombia\/wp-content\/uploads\/Carlos-Mario-Bohorquez-Carcamo-Juan-Camilo-Correa-Correa-Luis-Eduardo-Mejia-Londono-y-Elber-Miguel-Oviedo-Viloria-300x169.jpg","datePublished":"2024-09-18T15:03:05+00:00","dateModified":"2024-09-18T15:04:13+00:00","description":"P\u00e1gina oficial de la Fiscal\u00eda General de la Naci\u00f3n \u2013 Colombia. Garantizamos el acceso efectivo a la justicia, la verdad y la reparaci\u00f3n de las v\u00edctimas de los delitos.","breadcrumb":{"@id":"https:\/\/www.fiscalia.gov.co\/colombia\/noticias\/a-la-carcel-presuntos-integrantes-de-los-mosqueteros-senalados-de-numerosos-hurtos-violentos-en-el-occidente-antioqueno\/#breadcrumb"},"inLanguage":"es-CO","potentialAction":[{"@type":"ReadAction","target":["https:\/\/www.fiscalia.gov.co\/colombia\/noticias\/a-la-carcel-presuntos-integrantes-de-los-mosqueteros-senalados-de-numerosos-hurtos-violentos-en-el-occidente-antioqueno\/"]}]},{"@type":"ImageObject","inLanguage":"es-CO","@id":"https:\/\/www.fiscalia.gov.co\/colombia\/noticias\/a-la-carcel-presuntos-integrantes-de-los-mosqueteros-senalados-de-numerosos-hurtos-violentos-en-el-occidente-antioqueno\/#primaryimage","url":"https:\/\/www.fiscalia.gov.co\/colombia\/wp-content\/uploads\/Carlos-Mario-Bohorquez-Carcamo-Juan-Camilo-Correa-Correa-Luis-Eduardo-Mejia-Londono-y-Elber-Miguel-Oviedo-Viloria.jpg","contentUrl":"https:\/\/www.fiscalia.gov.co\/colombia\/wp-content\/uploads\/Carlos-Mario-Bohorquez-Carcamo-Juan-Camilo-Correa-Correa-Luis-Eduardo-Mejia-Londono-y-Elber-Miguel-Oviedo-Viloria.jpg","width":1600,"height":900,"caption":"Presuntos integrantes de banda delincuencial Los Mosqueteros, dedicada al hurto en el Occidente antioque\u00f1o."},{"@type":"BreadcrumbList","@id":"https:\/\/www.fiscalia.gov.co\/colombia\/noticias\/a-la-carcel-presuntos-integrantes-de-los-mosqueteros-senalados-de-numerosos-hurtos-violentos-en-el-occidente-antioqueno\/#breadcrumb","itemListElement":[{"@type":"ListItem","position":1,"name":"Home","item":"https:\/\/www.fiscalia.gov.co\/colombia\/"},{"@type":"ListItem","position":2,"name":"A \u00a0la c\u00e1rcel presuntos integrantes de \u2018Los Mosqueteros\u2019, se\u00f1alados de numerosos hurtos violentos en el occidente antioque\u00f1o"}]},{"@type":"WebSite","@id":"https:\/\/www.fiscalia.gov.co\/colombia\/#website","url":"https:\/\/www.fiscalia.gov.co\/colombia\/","name":"Fiscal\u00eda General de la Naci\u00f3n","description":"P\u00e1gina oficial de la Fiscal\u00eda General de la Naci\u00f3n \u2013 Colombia. Garantizamos el acceso efectivo a la justicia, la verdad y la reparaci\u00f3n de las v\u00edctimas de los delitos.","publisher":{"@id":"https:\/\/www.fiscalia.gov.co\/colombia\/#organization"},"potentialAction":[{"@type":"SearchAction","target":{"@type":"EntryPoint","urlTemplate":"https:\/\/www.fiscalia.gov.co\/colombia\/?s={search_term_string}"},"query-input":{"@type":"PropertyValueSpecification","valueRequired":true,"valueName":"search_term_string"}}],"inLanguage":"es-CO"},{"@type":"Organization","@id":"https:\/\/www.fiscalia.gov.co\/colombia\/#organization","name":"Fiscal\u00eda General de la Naci\u00f3n","url":"https:\/\/www.fiscalia.gov.co\/colombia\/","logo":{"@type":"ImageObject","inLanguage":"es-CO","@id":"https:\/\/www.fiscalia.gov.co\/colombia\/#\/schema\/logo\/image\/","url":"https:\/\/www.fiscalia.gov.co\/colombia\/wp-content\/uploads\/LogoHorizontal_1.jpg","contentUrl":"https:\/\/www.fiscalia.gov.co\/colombia\/wp-content\/uploads\/LogoHorizontal_1.jpg","width":300,"height":90,"caption":"Fiscal\u00eda General de la Naci\u00f3n"},"image":{"@id":"https:\/\/www.fiscalia.gov.co\/colombia\/#\/schema\/logo\/image\/"},"sameAs":["https:\/\/www.facebook.com\/FiscaliaCol","https:\/\/x.com\/FiscaliaCol","https:\/\/www.instagram.com\/fiscaliacol","https:\/\/www.linkedin.com\/company\/fiscalia-general-de-la-naci-n\/","https:\/\/youtube.com\/@fiscaliageneraldelanacion-4668?si=6nN79nyQICPU5iTh"]},{"@type":"Person","@id":"https:\/\/www.fiscalia.gov.co\/colombia\/#\/schema\/person\/ba9eca435947489fb25117a0cd75bf3e","name":"Johanna Islenny Prieto Pe\u00f1a","image":{"@type":"ImageObject","inLanguage":"es-CO","@id":"https:\/\/www.fiscalia.gov.co\/colombia\/#\/schema\/person\/image\/","url":"https:\/\/secure.gravatar.com\/avatar\/111433fc2acb037ffb768f6a3ca47864?s=96&d=mm&r=g","contentUrl":"https:\/\/secure.gravatar.com\/avatar\/111433fc2acb037ffb768f6a3ca47864?s=96&d=mm&r=g","caption":"Johanna Islenny Prieto Pe\u00f1a"},"url":"https:\/\/www.fiscalia.gov.co\/colombia\/author\/jprietop\/"}]}},"_links":{"self":[{"href":"https:\/\/www.fiscalia.gov.co\/colombia\/wp-json\/wp\/v2\/posts\/301943","targetHints":{"allow":["GET"]}}],"collection":[{"href":"https:\/\/www.fiscalia.gov.co\/colombia\/wp-json\/wp\/v2\/posts"}],"about":[{"href":"https:\/\/www.fiscalia.gov.co\/colombia\/wp-json\/wp\/v2\/types\/post"}],"author":[{"embeddable":true,"href":"https:\/\/www.fiscalia.gov.co\/colombia\/wp-json\/wp\/v2\/users\/181"}],"replies":[{"embeddable":true,"href":"https:\/\/www.fiscalia.gov.co\/colombia\/wp-json\/wp\/v2\/comments?post=301943"}],"version-history":[{"count":3,"href":"https:\/\/www.fiscalia.gov.co\/colombia\/wp-json\/wp\/v2\/posts\/301943\/revisions"}],"predecessor-version":[{"id":301949,"href":"https:\/\/www.fiscalia.gov.co\/colombia\/wp-json\/wp\/v2\/posts\/301943\/revisions\/301949"}],"wp:attachment":[{"href":"https:\/\/www.fiscalia.gov.co\/colombia\/wp-json\/wp\/v2\/media?parent=301943"}],"wp:term":[{"taxonomy":"category","embeddable":true,"href":"https:\/\/www.fiscalia.gov.co\/colombia\/wp-json\/wp\/v2\/categories?post=301943"},{"taxonomy":"post_tag","embeddable":true,"href":"https:\/\/www.fiscalia.gov.co\/colombia\/wp-json\/wp\/v2\/tags?post=301943"}],"curies":[{"name":"wp","href":"https:\/\/api.w.org\/{rel}","templated":true}]}}