{"id":301893,"date":"2024-09-17T16:49:40","date_gmt":"2024-09-17T21:49:40","guid":{"rendered":"https:\/\/www.fiscalia.gov.co\/colombia\/?p=301893"},"modified":"2024-09-17T16:49:40","modified_gmt":"2024-09-17T21:49:40","slug":"fiscalia-en-el-carmen-de-bolivar-obtuvo-condena-de-13-anos-de-prision-contra-un-abusador-sexual","status":"publish","type":"post","link":"https:\/\/www.fiscalia.gov.co\/colombia\/noticias\/fiscalia-en-el-carmen-de-bolivar-obtuvo-condena-de-13-anos-de-prision-contra-un-abusador-sexual\/","title":{"rendered":"Fiscal\u00eda en El Carmen de Bol\u00edvar obtuvo condena de 13 a\u00f1os de prisi\u00f3n contra un abusador sexual"},"content":{"rendered":"<p style=\"font-weight: 400;\">Las pruebas presentadas por un fiscal de la Seccional Bol\u00edvar permitieron que un hombre fuera condenado a 13 a\u00f1os de prisi\u00f3n como<a href=\"https:\/\/www.fiscalia.gov.co\/colombia\/noticias\/a-la-carcel-hombre-que-habria-instrumentalizado-sexualmente-a-una-menor-en-cordoba\/\"> responsable del delito de acceso carnal violento<\/a>, ocurrido el 25 de septiembre de 2020 en la vereda La Casona de El Carmen de Bol\u00edvar (Bol\u00edvar).<\/p>\n<figure id=\"attachment_301894\" aria-describedby=\"caption-attachment-301894\" style=\"width: 696px\" class=\"wp-caption aligncenter\"><img loading=\"lazy\" decoding=\"async\" class=\"size-large wp-image-301894\" src=\"https:\/\/www.fiscalia.gov.co\/colombia\/wp-content\/uploads\/Foto-boletin-17-de-septiembre-delitos-sexuales-El-Carmen-de-Bolivar--754x1024.jpeg\" alt=\"En la fotograf\u00eda aparece un hombre de pie, de mediana estatura, con el rostro difuso, las manos adelantes esposadas, vestido con una camisa azul clara, un jean azul oscuro y zapatos negros. Se encuentra custodiado por un uniformado del CTI y uno de la Polic\u00eda Nacional.\" width=\"696\" height=\"945\" srcset=\"https:\/\/www.fiscalia.gov.co\/colombia\/wp-content\/uploads\/Foto-boletin-17-de-septiembre-delitos-sexuales-El-Carmen-de-Bolivar--754x1024.jpeg 754w, https:\/\/www.fiscalia.gov.co\/colombia\/wp-content\/uploads\/Foto-boletin-17-de-septiembre-delitos-sexuales-El-Carmen-de-Bolivar--221x300.jpeg 221w, https:\/\/www.fiscalia.gov.co\/colombia\/wp-content\/uploads\/Foto-boletin-17-de-septiembre-delitos-sexuales-El-Carmen-de-Bolivar--768x1043.jpeg 768w, https:\/\/www.fiscalia.gov.co\/colombia\/wp-content\/uploads\/Foto-boletin-17-de-septiembre-delitos-sexuales-El-Carmen-de-Bolivar--1131x1536.jpeg 1131w, https:\/\/www.fiscalia.gov.co\/colombia\/wp-content\/uploads\/Foto-boletin-17-de-septiembre-delitos-sexuales-El-Carmen-de-Bolivar--309x420.jpeg 309w, https:\/\/www.fiscalia.gov.co\/colombia\/wp-content\/uploads\/Foto-boletin-17-de-septiembre-delitos-sexuales-El-Carmen-de-Bolivar--696x945.jpeg 696w, https:\/\/www.fiscalia.gov.co\/colombia\/wp-content\/uploads\/Foto-boletin-17-de-septiembre-delitos-sexuales-El-Carmen-de-Bolivar--1068x1451.jpeg 1068w, https:\/\/www.fiscalia.gov.co\/colombia\/wp-content\/uploads\/Foto-boletin-17-de-septiembre-delitos-sexuales-El-Carmen-de-Bolivar-.jpeg 1150w\" sizes=\"auto, (max-width: 696px) 100vw, 696px\" \/><figcaption id=\"caption-attachment-301894\" class=\"wp-caption-text\">Al hombre le fue proferida medida de aseguramiento en la c\u00e1rcel Ternera de Cartagena por presuntamente abusar de una menor por espacio de cuatro a\u00f1os.<\/figcaption><\/figure>\n<p style=\"font-weight: 400;\">La investigaci\u00f3n evidenci\u00f3 que el sentenciado aprovech\u00f3 un momento en que la menor de 15 a\u00f1os caminaba sola por una calle, <a href=\"https:\/\/www.fiscalia.gov.co\/colombia\/noticias\/a-40-anos-de-prision-fue-condenado-un-adulto-mayor-que-abuso-sexualmente-de-una-menor\/\">para conducirla por la fuerza a una casa abandonada donde la abus\u00f3 sexualmente<\/a>. Por estos hechos el hombre fue capturado en febrero de 2023.<\/p>\n<p style=\"font-weight: 400;\"><strong><u>Judicializado por presuntos delitos sexuales<\/u><\/strong><\/p>\n<p style=\"font-weight: 400;\">En otros hechos, por solicitud de la Fiscal\u00eda, un juez de control de garant\u00edas impuso medida de aseguramiento en establecimiento carcelario a un <strong>hombre que estar\u00eda implicado en el delito de acceso carnal abusivo con menor de 14 a\u00f1os agravado.<\/strong><\/p>\n<p style=\"font-weight: 400;\"><strong>La Fiscal\u00eda determin\u00f3 que el procesado de 52 a\u00f1os, al parecer, abus\u00f3 durante cuatro a\u00f1os a un menor de edad. Los hechos ocurrieron en el municipio de El Guamo (Bol\u00edvar)<\/strong> donde la v\u00edctima ten\u00eda 6 a\u00f1os, y se prolongaron hasta cuando cumpli\u00f3 10. El presunto agresor habr\u00eda aprovechado su amistad con los padres de la ni\u00f1a, con quienes conviv\u00eda en la misma unidad familiar, para incurrir en los vej\u00e1menes.<\/p>\n<p style=\"font-weight: 400;\">La depresi\u00f3n sufrida por la menor y su bajo rendimiento acad\u00e9mico evidenciaron los abusos a los que era sometida y posibilitaron que le fuera prestada ayuda profesional. Por estos hechos el hombre fue capturado por funcionarios del CTI y la Polic\u00eda Nacional. El procesado no acept\u00f3 los cargos imputados en su contra. Su reclusi\u00f3n se llevar\u00e1 a cabo en la c\u00e1rcel San Sebasti\u00e1n Ternera de Cartagena.<\/p>\n<p>&nbsp;<\/p>\n<p>&nbsp;<\/p>\n<p>&nbsp;<\/p>\n<p>&nbsp;<\/p>\n<p style=\"font-weight: 400;\">MEVA\/LMFO\/MAGA\/CA\/ZA\/EGM\/DSB<\/p>\n<p>&nbsp;<\/p>\n<p>&nbsp;<\/p>\n<p>&nbsp;<\/p>\n<p>&nbsp;<\/p>\n<p style=\"font-weight: 400;\"><em>La informaci\u00f3n contenida en este bolet\u00edn de prensa corresponde a la narraci\u00f3n de los hechos noticiosos objetivos, suministrados por los funcionarios encargados de adelantar las investigaciones penales al interior de la Fiscal\u00eda General de la Naci\u00f3n. Para el momento de la divulgaci\u00f3n de este comunicado, la situaci\u00f3n jur\u00eddica de la(s) persona(s) relacionada(s) se encuentra pendiente de resolver por la autoridad judicial competente, siempre bajo los preceptos de la presunci\u00f3n de inocencia, consagrados en el art\u00edculo 29 de la Constituci\u00f3n Pol\u00edtica y el art\u00edculo 7\u00ba de la Ley 906 de 2004.<\/em><\/p>\n\n<div class=\"twitter-share\"><a href=\"https:\/\/twitter.com\/intent\/tweet?via=fiscaliacol\" class=\"twitter-share-button\">Tweet<\/a><\/div>\n","protected":false},"excerpt":{"rendered":"<p>Las pruebas presentadas por un fiscal de la Seccional Bol\u00edvar permitieron que un hombre fuera condenado a 13 a\u00f1os de prisi\u00f3n como responsable del delito de acceso carnal violento, ocurrido el 25 de septiembre de 2020 en la vereda La Casona de El Carmen de Bol\u00edvar (Bol\u00edvar). La investigaci\u00f3n evidenci\u00f3 que el sentenciado aprovech\u00f3 un [&hellip;]<\/p>\n","protected":false},"author":177,"featured_media":0,"comment_status":"closed","ping_status":"open","sticky":false,"template":"","format":"standard","meta":{"_price":"","_stock":"","_tribe_ticket_header":"","_tribe_default_ticket_provider":"","_tribe_ticket_capacity":"0","_ticket_start_date":"","_ticket_end_date":"","_tribe_ticket_show_description":"","_tribe_ticket_show_not_going":false,"_tribe_ticket_use_global_stock":"","_tribe_ticket_global_stock_level":"","_global_stock_mode":"","_global_stock_cap":"","_tribe_rsvp_for_event":"","_tribe_ticket_going_count":"","_tribe_ticket_not_going_count":"","_tribe_tickets_list":"[]","_tribe_ticket_has_attendee_info_fields":false,"tdm_status":"","tdm_grid_status":"","footnotes":""},"categories":[1,325,303,24103],"tags":[801,9082,38634,23998,25012,23949,24187,1047,932,558,17445],"class_list":{"0":"post-301893","1":"post","2":"type-post","3":"status-publish","4":"format-standard","6":"category-noticias","7":"category-seccional-cartagena","8":"category-seccionales","9":"category-trafico-de-estupefacientes","10":"tag-abuso-sexual","11":"tag-bolivar","12":"tag-carce","13":"tag-cartagena-bolivar","14":"tag-cuerpo-tecnico-de-investigacion","15":"tag-el-carmen-de-bolivar","16":"tag-fiscalia-colombia","17":"tag-fiscalia-general-de-la-nacion","18":"tag-mensor-de-edad","19":"tag-policia-nacional","20":"tag-victima"},"yoast_head":"<!-- This site is optimized with the Yoast SEO plugin v24.3 - https:\/\/yoast.com\/wordpress\/plugins\/seo\/ -->\n<title>Fiscal\u00eda General de la Naci\u00f3n<\/title>\n<meta name=\"description\" content=\"P\u00e1gina oficial de la Fiscal\u00eda General de la Naci\u00f3n \u2013 Colombia. Garantizamos el acceso efectivo a la justicia, la verdad y la reparaci\u00f3n de las v\u00edctimas de los delitos.\" \/>\n<meta name=\"robots\" content=\"noindex, follow\" \/>\n<meta property=\"og:locale\" content=\"es_ES\" \/>\n<meta property=\"og:type\" content=\"article\" \/>\n<meta property=\"og:title\" content=\"Fiscal\u00eda General de la Naci\u00f3n\" \/>\n<meta property=\"og:description\" content=\"P\u00e1gina oficial de la Fiscal\u00eda General de la Naci\u00f3n \u2013 Colombia. Garantizamos el acceso efectivo a la justicia, la verdad y la reparaci\u00f3n de las v\u00edctimas de los delitos.\" \/>\n<meta property=\"og:url\" content=\"https:\/\/www.fiscalia.gov.co\/colombia\/noticias\/fiscalia-en-el-carmen-de-bolivar-obtuvo-condena-de-13-anos-de-prision-contra-un-abusador-sexual\/\" \/>\n<meta property=\"og:site_name\" content=\"Fiscal\u00eda General de la Naci\u00f3n\" \/>\n<meta property=\"article:publisher\" content=\"https:\/\/www.facebook.com\/FiscaliaCol\" \/>\n<meta property=\"article:published_time\" content=\"2024-09-17T21:49:40+00:00\" \/>\n<meta property=\"og:image\" content=\"https:\/\/www.fiscalia.gov.co\/colombia\/wp-content\/uploads\/Foto-boletin-17-de-septiembre-delitos-sexuales-El-Carmen-de-Bolivar--754x1024.jpeg\" \/>\n<meta name=\"author\" content=\"Jordan Leandro Oviedo Anzola\" \/>\n<meta name=\"twitter:card\" content=\"summary_large_image\" \/>\n<meta name=\"twitter:creator\" content=\"@FiscaliaCol\" \/>\n<meta name=\"twitter:site\" content=\"@FiscaliaCol\" \/>\n<meta name=\"twitter:label1\" content=\"Escrito por\" \/>\n\t<meta name=\"twitter:data1\" content=\"Jordan Leandro Oviedo Anzola\" \/>\n\t<meta name=\"twitter:label2\" content=\"Tiempo de lectura\" \/>\n\t<meta name=\"twitter:data2\" content=\"2 minutos\" \/>\n<script type=\"application\/ld+json\" class=\"yoast-schema-graph\">{\"@context\":\"https:\/\/schema.org\",\"@graph\":[{\"@type\":\"Article\",\"@id\":\"https:\/\/www.fiscalia.gov.co\/colombia\/noticias\/fiscalia-en-el-carmen-de-bolivar-obtuvo-condena-de-13-anos-de-prision-contra-un-abusador-sexual\/#article\",\"isPartOf\":{\"@id\":\"https:\/\/www.fiscalia.gov.co\/colombia\/noticias\/fiscalia-en-el-carmen-de-bolivar-obtuvo-condena-de-13-anos-de-prision-contra-un-abusador-sexual\/\"},\"author\":{\"name\":\"Jordan Leandro Oviedo Anzola\",\"@id\":\"https:\/\/www.fiscalia.gov.co\/colombia\/#\/schema\/person\/bf84402cf293a5393e9c70b111020b24\"},\"headline\":\"Fiscal\u00eda en El Carmen de Bol\u00edvar obtuvo condena de 13 a\u00f1os de prisi\u00f3n contra un abusador sexual\",\"datePublished\":\"2024-09-17T21:49:40+00:00\",\"dateModified\":\"2024-09-17T21:49:40+00:00\",\"mainEntityOfPage\":{\"@id\":\"https:\/\/www.fiscalia.gov.co\/colombia\/noticias\/fiscalia-en-el-carmen-de-bolivar-obtuvo-condena-de-13-anos-de-prision-contra-un-abusador-sexual\/\"},\"wordCount\":462,\"publisher\":{\"@id\":\"https:\/\/www.fiscalia.gov.co\/colombia\/#organization\"},\"image\":{\"@id\":\"https:\/\/www.fiscalia.gov.co\/colombia\/noticias\/fiscalia-en-el-carmen-de-bolivar-obtuvo-condena-de-13-anos-de-prision-contra-un-abusador-sexual\/#primaryimage\"},\"thumbnailUrl\":\"https:\/\/www.fiscalia.gov.co\/colombia\/wp-content\/uploads\/Foto-boletin-17-de-septiembre-delitos-sexuales-El-Carmen-de-Bolivar--754x1024.jpeg\",\"keywords\":[\"Abuso sexual\",\"Bol\u00edvar\",\"c\u00e1rce.\",\"Cartagena (Bol\u00edvar)\",\"cuerpo t\u00e9cnico de investigaci\u00f3n\",\"El Carmen de Bol\u00edvar\",\"Fiscal\u00eda Colombia\",\"Fiscal\u00eda General de la Naci\u00f3n\",\"Menor de edad\",\"Polic\u00eda Nacional\",\"V\u00edctima\"],\"articleSection\":[\"Noticias\",\"Seccional Cartagena\",\"Seccionales\",\"Tr\u00e1fico de estupefacientes\"],\"inLanguage\":\"es-CO\"},{\"@type\":\"WebPage\",\"@id\":\"https:\/\/www.fiscalia.gov.co\/colombia\/noticias\/fiscalia-en-el-carmen-de-bolivar-obtuvo-condena-de-13-anos-de-prision-contra-un-abusador-sexual\/\",\"url\":\"https:\/\/www.fiscalia.gov.co\/colombia\/noticias\/fiscalia-en-el-carmen-de-bolivar-obtuvo-condena-de-13-anos-de-prision-contra-un-abusador-sexual\/\",\"name\":\"Fiscal\u00eda General de la Naci\u00f3n\",\"isPartOf\":{\"@id\":\"https:\/\/www.fiscalia.gov.co\/colombia\/#website\"},\"primaryImageOfPage\":{\"@id\":\"https:\/\/www.fiscalia.gov.co\/colombia\/noticias\/fiscalia-en-el-carmen-de-bolivar-obtuvo-condena-de-13-anos-de-prision-contra-un-abusador-sexual\/#primaryimage\"},\"image\":{\"@id\":\"https:\/\/www.fiscalia.gov.co\/colombia\/noticias\/fiscalia-en-el-carmen-de-bolivar-obtuvo-condena-de-13-anos-de-prision-contra-un-abusador-sexual\/#primaryimage\"},\"thumbnailUrl\":\"https:\/\/www.fiscalia.gov.co\/colombia\/wp-content\/uploads\/Foto-boletin-17-de-septiembre-delitos-sexuales-El-Carmen-de-Bolivar--754x1024.jpeg\",\"datePublished\":\"2024-09-17T21:49:40+00:00\",\"dateModified\":\"2024-09-17T21:49:40+00:00\",\"description\":\"P\u00e1gina oficial de la Fiscal\u00eda General de la Naci\u00f3n \u2013 Colombia. Garantizamos el acceso efectivo a la justicia, la verdad y la reparaci\u00f3n de las v\u00edctimas de los delitos.\",\"breadcrumb\":{\"@id\":\"https:\/\/www.fiscalia.gov.co\/colombia\/noticias\/fiscalia-en-el-carmen-de-bolivar-obtuvo-condena-de-13-anos-de-prision-contra-un-abusador-sexual\/#breadcrumb\"},\"inLanguage\":\"es-CO\",\"potentialAction\":[{\"@type\":\"ReadAction\",\"target\":[\"https:\/\/www.fiscalia.gov.co\/colombia\/noticias\/fiscalia-en-el-carmen-de-bolivar-obtuvo-condena-de-13-anos-de-prision-contra-un-abusador-sexual\/\"]}]},{\"@type\":\"ImageObject\",\"inLanguage\":\"es-CO\",\"@id\":\"https:\/\/www.fiscalia.gov.co\/colombia\/noticias\/fiscalia-en-el-carmen-de-bolivar-obtuvo-condena-de-13-anos-de-prision-contra-un-abusador-sexual\/#primaryimage\",\"url\":\"https:\/\/www.fiscalia.gov.co\/colombia\/wp-content\/uploads\/Foto-boletin-17-de-septiembre-delitos-sexuales-El-Carmen-de-Bolivar-.jpeg\",\"contentUrl\":\"https:\/\/www.fiscalia.gov.co\/colombia\/wp-content\/uploads\/Foto-boletin-17-de-septiembre-delitos-sexuales-El-Carmen-de-Bolivar-.jpeg\",\"width\":1150,\"height\":1562,\"caption\":\"Al hombre le fue proferida medida de aseguramiento en la c\u00e1rcel Ternera de Cartagena por presuntamente abusar de una menor por espacio de cuatro a\u00f1os.\"},{\"@type\":\"BreadcrumbList\",\"@id\":\"https:\/\/www.fiscalia.gov.co\/colombia\/noticias\/fiscalia-en-el-carmen-de-bolivar-obtuvo-condena-de-13-anos-de-prision-contra-un-abusador-sexual\/#breadcrumb\",\"itemListElement\":[{\"@type\":\"ListItem\",\"position\":1,\"name\":\"Home\",\"item\":\"https:\/\/www.fiscalia.gov.co\/colombia\/\"},{\"@type\":\"ListItem\",\"position\":2,\"name\":\"Fiscal\u00eda en El Carmen de Bol\u00edvar obtuvo condena de 13 a\u00f1os de prisi\u00f3n contra un abusador sexual\"}]},{\"@type\":\"WebSite\",\"@id\":\"https:\/\/www.fiscalia.gov.co\/colombia\/#website\",\"url\":\"https:\/\/www.fiscalia.gov.co\/colombia\/\",\"name\":\"Fiscal\u00eda General de la Naci\u00f3n\",\"description\":\"P\u00e1gina oficial de la Fiscal\u00eda General de la Naci\u00f3n \u2013 Colombia. Garantizamos el acceso efectivo a la justicia, la verdad y la reparaci\u00f3n de las v\u00edctimas de los delitos.\",\"publisher\":{\"@id\":\"https:\/\/www.fiscalia.gov.co\/colombia\/#organization\"},\"potentialAction\":[{\"@type\":\"SearchAction\",\"target\":{\"@type\":\"EntryPoint\",\"urlTemplate\":\"https:\/\/www.fiscalia.gov.co\/colombia\/?s={search_term_string}\"},\"query-input\":{\"@type\":\"PropertyValueSpecification\",\"valueRequired\":true,\"valueName\":\"search_term_string\"}}],\"inLanguage\":\"es-CO\"},{\"@type\":\"Organization\",\"@id\":\"https:\/\/www.fiscalia.gov.co\/colombia\/#organization\",\"name\":\"Fiscal\u00eda General de la Naci\u00f3n\",\"url\":\"https:\/\/www.fiscalia.gov.co\/colombia\/\",\"logo\":{\"@type\":\"ImageObject\",\"inLanguage\":\"es-CO\",\"@id\":\"https:\/\/www.fiscalia.gov.co\/colombia\/#\/schema\/logo\/image\/\",\"url\":\"https:\/\/www.fiscalia.gov.co\/colombia\/wp-content\/uploads\/LogoHorizontal_1.jpg\",\"contentUrl\":\"https:\/\/www.fiscalia.gov.co\/colombia\/wp-content\/uploads\/LogoHorizontal_1.jpg\",\"width\":300,\"height\":90,\"caption\":\"Fiscal\u00eda General de la Naci\u00f3n\"},\"image\":{\"@id\":\"https:\/\/www.fiscalia.gov.co\/colombia\/#\/schema\/logo\/image\/\"},\"sameAs\":[\"https:\/\/www.facebook.com\/FiscaliaCol\",\"https:\/\/x.com\/FiscaliaCol\",\"https:\/\/www.instagram.com\/fiscaliacol\",\"https:\/\/www.linkedin.com\/company\/fiscalia-general-de-la-naci-n\/\",\"https:\/\/youtube.com\/@fiscaliageneraldelanacion-4668?si=6nN79nyQICPU5iTh\"]},{\"@type\":\"Person\",\"@id\":\"https:\/\/www.fiscalia.gov.co\/colombia\/#\/schema\/person\/bf84402cf293a5393e9c70b111020b24\",\"name\":\"Jordan Leandro Oviedo Anzola\",\"image\":{\"@type\":\"ImageObject\",\"inLanguage\":\"es-CO\",\"@id\":\"https:\/\/www.fiscalia.gov.co\/colombia\/#\/schema\/person\/image\/\",\"url\":\"https:\/\/secure.gravatar.com\/avatar\/dabba4346fa9b9207d96adafa8f92721?s=96&d=mm&r=g\",\"contentUrl\":\"https:\/\/secure.gravatar.com\/avatar\/dabba4346fa9b9207d96adafa8f92721?s=96&d=mm&r=g\",\"caption\":\"Jordan Leandro Oviedo Anzola\"},\"url\":\"https:\/\/www.fiscalia.gov.co\/colombia\/author\/joviedo\/\"}]}<\/script>\n<!-- \/ Yoast SEO plugin. -->","yoast_head_json":{"title":"Fiscal\u00eda General de la Naci\u00f3n","description":"P\u00e1gina oficial de la Fiscal\u00eda General de la Naci\u00f3n \u2013 Colombia. Garantizamos el acceso efectivo a la justicia, la verdad y la reparaci\u00f3n de las v\u00edctimas de los delitos.","robots":{"index":"noindex","follow":"follow"},"og_locale":"es_ES","og_type":"article","og_title":"Fiscal\u00eda General de la Naci\u00f3n","og_description":"P\u00e1gina oficial de la Fiscal\u00eda General de la Naci\u00f3n \u2013 Colombia. Garantizamos el acceso efectivo a la justicia, la verdad y la reparaci\u00f3n de las v\u00edctimas de los delitos.","og_url":"https:\/\/www.fiscalia.gov.co\/colombia\/noticias\/fiscalia-en-el-carmen-de-bolivar-obtuvo-condena-de-13-anos-de-prision-contra-un-abusador-sexual\/","og_site_name":"Fiscal\u00eda General de la Naci\u00f3n","article_publisher":"https:\/\/www.facebook.com\/FiscaliaCol","article_published_time":"2024-09-17T21:49:40+00:00","og_image":[{"url":"https:\/\/www.fiscalia.gov.co\/colombia\/wp-content\/uploads\/Foto-boletin-17-de-septiembre-delitos-sexuales-El-Carmen-de-Bolivar--754x1024.jpeg","type":"","width":"","height":""}],"author":"Jordan Leandro Oviedo Anzola","twitter_card":"summary_large_image","twitter_creator":"@FiscaliaCol","twitter_site":"@FiscaliaCol","twitter_misc":{"Escrito por":"Jordan Leandro Oviedo Anzola","Tiempo de lectura":"2 minutos"},"schema":{"@context":"https:\/\/schema.org","@graph":[{"@type":"Article","@id":"https:\/\/www.fiscalia.gov.co\/colombia\/noticias\/fiscalia-en-el-carmen-de-bolivar-obtuvo-condena-de-13-anos-de-prision-contra-un-abusador-sexual\/#article","isPartOf":{"@id":"https:\/\/www.fiscalia.gov.co\/colombia\/noticias\/fiscalia-en-el-carmen-de-bolivar-obtuvo-condena-de-13-anos-de-prision-contra-un-abusador-sexual\/"},"author":{"name":"Jordan Leandro Oviedo Anzola","@id":"https:\/\/www.fiscalia.gov.co\/colombia\/#\/schema\/person\/bf84402cf293a5393e9c70b111020b24"},"headline":"Fiscal\u00eda en El Carmen de Bol\u00edvar obtuvo condena de 13 a\u00f1os de prisi\u00f3n contra un abusador sexual","datePublished":"2024-09-17T21:49:40+00:00","dateModified":"2024-09-17T21:49:40+00:00","mainEntityOfPage":{"@id":"https:\/\/www.fiscalia.gov.co\/colombia\/noticias\/fiscalia-en-el-carmen-de-bolivar-obtuvo-condena-de-13-anos-de-prision-contra-un-abusador-sexual\/"},"wordCount":462,"publisher":{"@id":"https:\/\/www.fiscalia.gov.co\/colombia\/#organization"},"image":{"@id":"https:\/\/www.fiscalia.gov.co\/colombia\/noticias\/fiscalia-en-el-carmen-de-bolivar-obtuvo-condena-de-13-anos-de-prision-contra-un-abusador-sexual\/#primaryimage"},"thumbnailUrl":"https:\/\/www.fiscalia.gov.co\/colombia\/wp-content\/uploads\/Foto-boletin-17-de-septiembre-delitos-sexuales-El-Carmen-de-Bolivar--754x1024.jpeg","keywords":["Abuso sexual","Bol\u00edvar","c\u00e1rce.","Cartagena (Bol\u00edvar)","cuerpo t\u00e9cnico de investigaci\u00f3n","El Carmen de Bol\u00edvar","Fiscal\u00eda Colombia","Fiscal\u00eda General de la Naci\u00f3n","Menor de edad","Polic\u00eda Nacional","V\u00edctima"],"articleSection":["Noticias","Seccional Cartagena","Seccionales","Tr\u00e1fico de estupefacientes"],"inLanguage":"es-CO"},{"@type":"WebPage","@id":"https:\/\/www.fiscalia.gov.co\/colombia\/noticias\/fiscalia-en-el-carmen-de-bolivar-obtuvo-condena-de-13-anos-de-prision-contra-un-abusador-sexual\/","url":"https:\/\/www.fiscalia.gov.co\/colombia\/noticias\/fiscalia-en-el-carmen-de-bolivar-obtuvo-condena-de-13-anos-de-prision-contra-un-abusador-sexual\/","name":"Fiscal\u00eda General de la Naci\u00f3n","isPartOf":{"@id":"https:\/\/www.fiscalia.gov.co\/colombia\/#website"},"primaryImageOfPage":{"@id":"https:\/\/www.fiscalia.gov.co\/colombia\/noticias\/fiscalia-en-el-carmen-de-bolivar-obtuvo-condena-de-13-anos-de-prision-contra-un-abusador-sexual\/#primaryimage"},"image":{"@id":"https:\/\/www.fiscalia.gov.co\/colombia\/noticias\/fiscalia-en-el-carmen-de-bolivar-obtuvo-condena-de-13-anos-de-prision-contra-un-abusador-sexual\/#primaryimage"},"thumbnailUrl":"https:\/\/www.fiscalia.gov.co\/colombia\/wp-content\/uploads\/Foto-boletin-17-de-septiembre-delitos-sexuales-El-Carmen-de-Bolivar--754x1024.jpeg","datePublished":"2024-09-17T21:49:40+00:00","dateModified":"2024-09-17T21:49:40+00:00","description":"P\u00e1gina oficial de la Fiscal\u00eda General de la Naci\u00f3n \u2013 Colombia. Garantizamos el acceso efectivo a la justicia, la verdad y la reparaci\u00f3n de las v\u00edctimas de los delitos.","breadcrumb":{"@id":"https:\/\/www.fiscalia.gov.co\/colombia\/noticias\/fiscalia-en-el-carmen-de-bolivar-obtuvo-condena-de-13-anos-de-prision-contra-un-abusador-sexual\/#breadcrumb"},"inLanguage":"es-CO","potentialAction":[{"@type":"ReadAction","target":["https:\/\/www.fiscalia.gov.co\/colombia\/noticias\/fiscalia-en-el-carmen-de-bolivar-obtuvo-condena-de-13-anos-de-prision-contra-un-abusador-sexual\/"]}]},{"@type":"ImageObject","inLanguage":"es-CO","@id":"https:\/\/www.fiscalia.gov.co\/colombia\/noticias\/fiscalia-en-el-carmen-de-bolivar-obtuvo-condena-de-13-anos-de-prision-contra-un-abusador-sexual\/#primaryimage","url":"https:\/\/www.fiscalia.gov.co\/colombia\/wp-content\/uploads\/Foto-boletin-17-de-septiembre-delitos-sexuales-El-Carmen-de-Bolivar-.jpeg","contentUrl":"https:\/\/www.fiscalia.gov.co\/colombia\/wp-content\/uploads\/Foto-boletin-17-de-septiembre-delitos-sexuales-El-Carmen-de-Bolivar-.jpeg","width":1150,"height":1562,"caption":"Al hombre le fue proferida medida de aseguramiento en la c\u00e1rcel Ternera de Cartagena por presuntamente abusar de una menor por espacio de cuatro a\u00f1os."},{"@type":"BreadcrumbList","@id":"https:\/\/www.fiscalia.gov.co\/colombia\/noticias\/fiscalia-en-el-carmen-de-bolivar-obtuvo-condena-de-13-anos-de-prision-contra-un-abusador-sexual\/#breadcrumb","itemListElement":[{"@type":"ListItem","position":1,"name":"Home","item":"https:\/\/www.fiscalia.gov.co\/colombia\/"},{"@type":"ListItem","position":2,"name":"Fiscal\u00eda en El Carmen de Bol\u00edvar obtuvo condena de 13 a\u00f1os de prisi\u00f3n contra un abusador sexual"}]},{"@type":"WebSite","@id":"https:\/\/www.fiscalia.gov.co\/colombia\/#website","url":"https:\/\/www.fiscalia.gov.co\/colombia\/","name":"Fiscal\u00eda General de la Naci\u00f3n","description":"P\u00e1gina oficial de la Fiscal\u00eda General de la Naci\u00f3n \u2013 Colombia. Garantizamos el acceso efectivo a la justicia, la verdad y la reparaci\u00f3n de las v\u00edctimas de los delitos.","publisher":{"@id":"https:\/\/www.fiscalia.gov.co\/colombia\/#organization"},"potentialAction":[{"@type":"SearchAction","target":{"@type":"EntryPoint","urlTemplate":"https:\/\/www.fiscalia.gov.co\/colombia\/?s={search_term_string}"},"query-input":{"@type":"PropertyValueSpecification","valueRequired":true,"valueName":"search_term_string"}}],"inLanguage":"es-CO"},{"@type":"Organization","@id":"https:\/\/www.fiscalia.gov.co\/colombia\/#organization","name":"Fiscal\u00eda General de la Naci\u00f3n","url":"https:\/\/www.fiscalia.gov.co\/colombia\/","logo":{"@type":"ImageObject","inLanguage":"es-CO","@id":"https:\/\/www.fiscalia.gov.co\/colombia\/#\/schema\/logo\/image\/","url":"https:\/\/www.fiscalia.gov.co\/colombia\/wp-content\/uploads\/LogoHorizontal_1.jpg","contentUrl":"https:\/\/www.fiscalia.gov.co\/colombia\/wp-content\/uploads\/LogoHorizontal_1.jpg","width":300,"height":90,"caption":"Fiscal\u00eda General de la Naci\u00f3n"},"image":{"@id":"https:\/\/www.fiscalia.gov.co\/colombia\/#\/schema\/logo\/image\/"},"sameAs":["https:\/\/www.facebook.com\/FiscaliaCol","https:\/\/x.com\/FiscaliaCol","https:\/\/www.instagram.com\/fiscaliacol","https:\/\/www.linkedin.com\/company\/fiscalia-general-de-la-naci-n\/","https:\/\/youtube.com\/@fiscaliageneraldelanacion-4668?si=6nN79nyQICPU5iTh"]},{"@type":"Person","@id":"https:\/\/www.fiscalia.gov.co\/colombia\/#\/schema\/person\/bf84402cf293a5393e9c70b111020b24","name":"Jordan Leandro Oviedo Anzola","image":{"@type":"ImageObject","inLanguage":"es-CO","@id":"https:\/\/www.fiscalia.gov.co\/colombia\/#\/schema\/person\/image\/","url":"https:\/\/secure.gravatar.com\/avatar\/dabba4346fa9b9207d96adafa8f92721?s=96&d=mm&r=g","contentUrl":"https:\/\/secure.gravatar.com\/avatar\/dabba4346fa9b9207d96adafa8f92721?s=96&d=mm&r=g","caption":"Jordan Leandro Oviedo Anzola"},"url":"https:\/\/www.fiscalia.gov.co\/colombia\/author\/joviedo\/"}]}},"_links":{"self":[{"href":"https:\/\/www.fiscalia.gov.co\/colombia\/wp-json\/wp\/v2\/posts\/301893","targetHints":{"allow":["GET"]}}],"collection":[{"href":"https:\/\/www.fiscalia.gov.co\/colombia\/wp-json\/wp\/v2\/posts"}],"about":[{"href":"https:\/\/www.fiscalia.gov.co\/colombia\/wp-json\/wp\/v2\/types\/post"}],"author":[{"embeddable":true,"href":"https:\/\/www.fiscalia.gov.co\/colombia\/wp-json\/wp\/v2\/users\/177"}],"replies":[{"embeddable":true,"href":"https:\/\/www.fiscalia.gov.co\/colombia\/wp-json\/wp\/v2\/comments?post=301893"}],"version-history":[{"count":1,"href":"https:\/\/www.fiscalia.gov.co\/colombia\/wp-json\/wp\/v2\/posts\/301893\/revisions"}],"predecessor-version":[{"id":301895,"href":"https:\/\/www.fiscalia.gov.co\/colombia\/wp-json\/wp\/v2\/posts\/301893\/revisions\/301895"}],"wp:attachment":[{"href":"https:\/\/www.fiscalia.gov.co\/colombia\/wp-json\/wp\/v2\/media?parent=301893"}],"wp:term":[{"taxonomy":"category","embeddable":true,"href":"https:\/\/www.fiscalia.gov.co\/colombia\/wp-json\/wp\/v2\/categories?post=301893"},{"taxonomy":"post_tag","embeddable":true,"href":"https:\/\/www.fiscalia.gov.co\/colombia\/wp-json\/wp\/v2\/tags?post=301893"}],"curies":[{"name":"wp","href":"https:\/\/api.w.org\/{rel}","templated":true}]}}