{"id":301861,"date":"2024-09-17T09:27:57","date_gmt":"2024-09-17T14:27:57","guid":{"rendered":"https:\/\/www.fiscalia.gov.co\/colombia\/?p=301861"},"modified":"2024-09-17T09:27:57","modified_gmt":"2024-09-17T14:27:57","slug":"judicializado-otro-de-los-presuntos-implicados-en-millonario-hurto-a-la-alcaldia-de-purificacion-tolima","status":"publish","type":"post","link":"https:\/\/www.fiscalia.gov.co\/colombia\/noticias\/judicializado-otro-de-los-presuntos-implicados-en-millonario-hurto-a-la-alcaldia-de-purificacion-tolima\/","title":{"rendered":"Judicializado otro de los presuntos implicados en millonario hurto a la alcald\u00eda de Purificaci\u00f3n (Tolima)"},"content":{"rendered":"<h4 style=\"font-weight: 400; text-align: center;\"><strong><em>Nueve personas han sido judicializadas por estos hechos. En diciembre pasado las primeras ocho fueron capturadas.<\/em><\/strong><\/h4>\n<figure id=\"attachment_301862\" aria-describedby=\"caption-attachment-301862\" style=\"width: 880px\" class=\"wp-caption aligncenter\"><img loading=\"lazy\" decoding=\"async\" class=\"size-full wp-image-301862\" src=\"https:\/\/www.fiscalia.gov.co\/colombia\/wp-content\/uploads\/detenidos-por-hurto-alcaldia-purificacion-tolima-880x420-1.jpeg\" alt=\"En la imagen se ven seis personas detenidas bajo custodia del CTI, Ej\u00e9rcito y Polic\u00eda Nacional.\" width=\"880\" height=\"420\" srcset=\"https:\/\/www.fiscalia.gov.co\/colombia\/wp-content\/uploads\/detenidos-por-hurto-alcaldia-purificacion-tolima-880x420-1.jpeg 880w, https:\/\/www.fiscalia.gov.co\/colombia\/wp-content\/uploads\/detenidos-por-hurto-alcaldia-purificacion-tolima-880x420-1-300x143.jpeg 300w, https:\/\/www.fiscalia.gov.co\/colombia\/wp-content\/uploads\/detenidos-por-hurto-alcaldia-purificacion-tolima-880x420-1-768x367.jpeg 768w, https:\/\/www.fiscalia.gov.co\/colombia\/wp-content\/uploads\/detenidos-por-hurto-alcaldia-purificacion-tolima-880x420-1-696x332.jpeg 696w\" sizes=\"auto, (max-width: 880px) 100vw, 880px\" \/><figcaption id=\"caption-attachment-301862\" class=\"wp-caption-text\">Este grupo hace parte de los primeros capturados en diciembre del a\u00f1o 2023 en Antioquia, por estar vinculados al desfalco a las arcas del municipio tolimense de Purificaci\u00f3n en diciembre del a\u00f1o 2021. Se encuentran en etapa de acusaci\u00f3n.<\/figcaption><\/figure>\n<p style=\"font-weight: 400;\">La Fiscal\u00eda General de la Naci\u00f3n, a trav\u00e9s de un despacho especializado de la Seccional Tolima, judicializ\u00f3 a Alex\u00e1nder Perilla Vanegas por <a href=\"https:\/\/www.fiscalia.gov.co\/colombia\/noticias\/a-la-carcel-8-presuntos-responsables-del-desfalco-millonario-a-la-alcaldia-de-purificacion-tolima\/\">su presunta participaci\u00f3n en el desfalco a las arcas del municipio tolimense de Purificaci\u00f3n<\/a>, en diciembre del a\u00f1o 2021. Seg\u00fan la investigaci\u00f3n, el procesado fue contactado por presuntos integrantes del entramado ilegal para que los apoyara en la configuraci\u00f3n del delito, a cambio de recibir un porcentaje del dinero.<\/p>\n<p style=\"font-weight: 400;\">El investigado habr\u00eda utilizado, sin autorizaci\u00f3n, <strong>la cuenta de un empresario por \u00e9l conocido, para que a all\u00ed le transfirieran 750 millones de pesos<\/strong>, que estar\u00edan relacionados con el desfalco. Esto motiv\u00f3 la denuncia contra Perilla Vanegas, a quien la v\u00edctima de la transferencia denunci\u00f3 por el uso indebido de sus datos personales.<\/p>\n<p style=\"font-weight: 400;\">La Fiscal\u00eda imput\u00f3 al investigado <strong>los delitos de hurto por medios inform\u00e1ticos y semejantes, enriquecimiento il\u00edcito de particulares y lavado de activos<\/strong>, los cuales acept\u00f3.<\/p>\n<p style=\"font-weight: 400;\"><strong>La investigaci\u00f3n<\/strong><\/p>\n<p style=\"font-weight: 400;\">El CTI de la Estructura de Apoyo y peritos contables del Grupo de Criminal\u00edstica establecieron que quienes <strong>orquestaron el millonario hurto habr\u00edan accedido a n\u00fameros de seguridad (token) y a claves de nueve cuentas bancarias<\/strong> oficiales para concretar el il\u00edcito.<\/p>\n<p style=\"font-weight: 400;\">Esto les permiti\u00f3, <strong>entre el 24 y el 27 de diciembre de 2021, extraer 10.849\u2019588.333 de pesos de las cuentas de la Alcald\u00eda<\/strong>, y transferirlos a cuentas personales y de empresas; varias de ellas ficticias. De esta manera habr\u00edan querido desviar la atenci\u00f3n de las autoridades y darle apariencia de legalidad a los dineros.<\/p>\n<p style=\"font-weight: 400;\">Labores de polic\u00eda judicial evidenciaron que la planificaci\u00f3n del robo inici\u00f3 en julio de 2021 cuando un nutrido grupo de personas se coordin\u00f3 para concretar el delito. As\u00ed se defini\u00f3 <strong>quienes estar\u00edan a cargo de la manipulaci\u00f3n de los sistemas inform\u00e1ticos y de cuentas bancarias<\/strong>, y otros de la recepci\u00f3n de las sumas.<\/p>\n<p style=\"font-weight: 400;\">Cabe resaltar que en diciembre de 2023 ocho personas, presuntamente, implicadas en este caso fueron detenidas. En la actualidad sus procesos se encuentran en etapa de acusaci\u00f3n.<\/p>\n<p style=\"font-weight: 400;\">\n<p>&nbsp;<\/p>\n<p>&nbsp;<\/p>\n<p>&nbsp;<\/p>\n<p>&nbsp;<\/p>\n<p style=\"font-weight: 400;\">PAAM\/LMFO\/MAGA\/MCAA\/DST<\/p>\n<p style=\"font-weight: 400;\">\n<p>&nbsp;<\/p>\n<p>&nbsp;<\/p>\n<p>&nbsp;<\/p>\n<p>&nbsp;<\/p>\n<div class=\"td-post-content tagdiv-type\">\n<div class=\"td-post-content tagdiv-type\">\n<p><i>La informaci\u00f3n contenida en este bolet\u00edn de prensa corresponde a la narraci\u00f3n de los hechos noticiosos objetivos, suministrados por los funcionarios encargados de adelantar las investigaciones penales al interior de la Fiscal\u00eda General de la Naci\u00f3n. Para el momento de la divulgaci\u00f3n de este comunicado, la situaci\u00f3n jur\u00eddica de la(s) persona(s) relacionada(s) se encuentra pendiente de resolver por la autoridad judicial competente, siempre bajo los preceptos de la presunci\u00f3n de inocencia, consagrados en el art\u00edculo 29 de la Constituci\u00f3n Pol\u00edtica y el art\u00edculo 7\u00ba de la Ley 906 de 2004.\u00a0<\/i><\/p>\n<\/div>\n<footer>\n<div class=\"td-post-sharing-bottom\"><\/div>\n<\/footer>\n<\/div>\n<footer>\n<div class=\"td-post-source-tags\"><\/div>\n<div class=\"td-post-sharing-bottom\"><\/div>\n<\/footer>\n\n<div class=\"twitter-share\"><a href=\"https:\/\/twitter.com\/intent\/tweet?via=fiscaliacol\" class=\"twitter-share-button\">Tweet<\/a><\/div>\n","protected":false},"excerpt":{"rendered":"<p>Nueve personas han sido judicializadas por estos hechos. En diciembre pasado las primeras ocho fueron capturadas. La Fiscal\u00eda General de la Naci\u00f3n, a trav\u00e9s de un despacho especializado de la [&hellip;]<\/p>\n","protected":false},"author":177,"featured_media":0,"comment_status":"closed","ping_status":"open","sticky":false,"template":"","format":"standard","meta":{"tdm_status":"","tdm_grid_status":"","footnotes":""},"categories":[1,329,303,24099],"tags":[38622,36432,427,45,38623,36433,2095,36498,26039,1054,26761,1047,14961,147,15709,38624,36431,3399],"class_list":["post-301861","post","type-post","status-publish","format-standard","category-noticias","category-seccional-ibague","category-seccionales","category-seguridad-territorial","tag-alcaldia-de-purificacion","tag-claves","tag-corrupcion","tag-cti","tag-cuentahabientes","tag-cuentas-oficiales","tag-desfalco","tag-desvio-de-dineros","tag-eda","tag-enriquecimiento-ilicito","tag-fiscal-especializada","tag-fiscalia-general-de-la-nacion","tag-hurto-por-medios-informaticos","tag-lavado-de-activos","tag-purificacion-tolima","tag-receptores","tag-token","tag-violacion-de-datos-personales"],"yoast_head":"<!-- This site is optimized with the Yoast SEO plugin v24.3 - https:\/\/yoast.com\/wordpress\/plugins\/seo\/ -->\n<title>Fiscal\u00eda General de la Naci\u00f3n<\/title>\n<meta name=\"description\" content=\"P\u00e1gina oficial de la Fiscal\u00eda General de la Naci\u00f3n \u2013 Colombia. Garantizamos el acceso efectivo a la justicia, la verdad y la reparaci\u00f3n de las v\u00edctimas de los delitos.\" \/>\n<meta name=\"robots\" content=\"noindex, follow\" \/>\n<meta property=\"og:locale\" content=\"es_ES\" \/>\n<meta property=\"og:type\" content=\"article\" \/>\n<meta property=\"og:title\" content=\"Fiscal\u00eda General de la Naci\u00f3n\" \/>\n<meta property=\"og:description\" content=\"P\u00e1gina oficial de la Fiscal\u00eda General de la Naci\u00f3n \u2013 Colombia. Garantizamos el acceso efectivo a la justicia, la verdad y la reparaci\u00f3n de las v\u00edctimas de los delitos.\" \/>\n<meta property=\"og:url\" content=\"https:\/\/www.fiscalia.gov.co\/colombia\/noticias\/judicializado-otro-de-los-presuntos-implicados-en-millonario-hurto-a-la-alcaldia-de-purificacion-tolima\/\" \/>\n<meta property=\"og:site_name\" content=\"Fiscal\u00eda General de la Naci\u00f3n\" \/>\n<meta property=\"article:publisher\" content=\"https:\/\/www.facebook.com\/FiscaliaCol\" \/>\n<meta property=\"article:published_time\" content=\"2024-09-17T14:27:57+00:00\" \/>\n<meta property=\"og:image\" content=\"https:\/\/www.fiscalia.gov.co\/colombia\/wp-content\/uploads\/detenidos-por-hurto-alcaldia-purificacion-tolima-880x420-1.jpeg\" \/>\n<meta name=\"author\" content=\"Jordan Leandro Oviedo Anzola\" \/>\n<meta name=\"twitter:card\" content=\"summary_large_image\" \/>\n<meta name=\"twitter:creator\" content=\"@FiscaliaCol\" \/>\n<meta name=\"twitter:site\" content=\"@FiscaliaCol\" \/>\n<meta name=\"twitter:label1\" content=\"Escrito por\" \/>\n\t<meta name=\"twitter:data1\" content=\"Jordan Leandro Oviedo Anzola\" \/>\n\t<meta name=\"twitter:label2\" content=\"Tiempo de lectura\" \/>\n\t<meta name=\"twitter:data2\" content=\"3 minutos\" \/>\n<script type=\"application\/ld+json\" class=\"yoast-schema-graph\">{\"@context\":\"https:\/\/schema.org\",\"@graph\":[{\"@type\":\"Article\",\"@id\":\"https:\/\/www.fiscalia.gov.co\/colombia\/noticias\/judicializado-otro-de-los-presuntos-implicados-en-millonario-hurto-a-la-alcaldia-de-purificacion-tolima\/#article\",\"isPartOf\":{\"@id\":\"https:\/\/www.fiscalia.gov.co\/colombia\/noticias\/judicializado-otro-de-los-presuntos-implicados-en-millonario-hurto-a-la-alcaldia-de-purificacion-tolima\/\"},\"author\":{\"name\":\"Jordan Leandro Oviedo Anzola\",\"@id\":\"https:\/\/www.fiscalia.gov.co\/colombia\/#\/schema\/person\/bf84402cf293a5393e9c70b111020b24\"},\"headline\":\"Judicializado otro de los presuntos implicados en millonario hurto a la alcald\u00eda de Purificaci\u00f3n (Tolima)\",\"datePublished\":\"2024-09-17T14:27:57+00:00\",\"dateModified\":\"2024-09-17T14:27:57+00:00\",\"mainEntityOfPage\":{\"@id\":\"https:\/\/www.fiscalia.gov.co\/colombia\/noticias\/judicializado-otro-de-los-presuntos-implicados-en-millonario-hurto-a-la-alcaldia-de-purificacion-tolima\/\"},\"wordCount\":545,\"publisher\":{\"@id\":\"https:\/\/www.fiscalia.gov.co\/colombia\/#organization\"},\"image\":{\"@id\":\"https:\/\/www.fiscalia.gov.co\/colombia\/noticias\/judicializado-otro-de-los-presuntos-implicados-en-millonario-hurto-a-la-alcaldia-de-purificacion-tolima\/#primaryimage\"},\"thumbnailUrl\":\"https:\/\/www.fiscalia.gov.co\/colombia\/wp-content\/uploads\/detenidos-por-hurto-alcaldia-purificacion-tolima-880x420-1.jpeg\",\"keywords\":[\"Alcald\u00eda de Purificaci\u00f3n\",\"claves\",\"Corrupci\u00f3n\",\"CTI\",\"cuentahabientes\",\"cuentas oficiales\",\"Desfalco\",\"desv\u00edo de dineros\",\"EDA\",\"Enriquecimiento il\u00edcito\",\"Fiscal Especializada\",\"Fiscal\u00eda General de la Naci\u00f3n\",\"hurto por medios inform\u00e1ticos\",\"Lavado de activos\",\"Purificaci\u00f3n (Tolima)\",\"receptores\",\"token\",\"Violaci\u00f3n de datos personales\"],\"articleSection\":[\"Noticias\",\"Seccional Ibagu\u00e9\",\"Seccionales\",\"Seguridad territorial\"],\"inLanguage\":\"es-CO\"},{\"@type\":\"WebPage\",\"@id\":\"https:\/\/www.fiscalia.gov.co\/colombia\/noticias\/judicializado-otro-de-los-presuntos-implicados-en-millonario-hurto-a-la-alcaldia-de-purificacion-tolima\/\",\"url\":\"https:\/\/www.fiscalia.gov.co\/colombia\/noticias\/judicializado-otro-de-los-presuntos-implicados-en-millonario-hurto-a-la-alcaldia-de-purificacion-tolima\/\",\"name\":\"Fiscal\u00eda General de la Naci\u00f3n\",\"isPartOf\":{\"@id\":\"https:\/\/www.fiscalia.gov.co\/colombia\/#website\"},\"primaryImageOfPage\":{\"@id\":\"https:\/\/www.fiscalia.gov.co\/colombia\/noticias\/judicializado-otro-de-los-presuntos-implicados-en-millonario-hurto-a-la-alcaldia-de-purificacion-tolima\/#primaryimage\"},\"image\":{\"@id\":\"https:\/\/www.fiscalia.gov.co\/colombia\/noticias\/judicializado-otro-de-los-presuntos-implicados-en-millonario-hurto-a-la-alcaldia-de-purificacion-tolima\/#primaryimage\"},\"thumbnailUrl\":\"https:\/\/www.fiscalia.gov.co\/colombia\/wp-content\/uploads\/detenidos-por-hurto-alcaldia-purificacion-tolima-880x420-1.jpeg\",\"datePublished\":\"2024-09-17T14:27:57+00:00\",\"dateModified\":\"2024-09-17T14:27:57+00:00\",\"description\":\"P\u00e1gina oficial de la Fiscal\u00eda General de la Naci\u00f3n \u2013 Colombia. Garantizamos el acceso efectivo a la justicia, la verdad y la reparaci\u00f3n de las v\u00edctimas de los delitos.\",\"breadcrumb\":{\"@id\":\"https:\/\/www.fiscalia.gov.co\/colombia\/noticias\/judicializado-otro-de-los-presuntos-implicados-en-millonario-hurto-a-la-alcaldia-de-purificacion-tolima\/#breadcrumb\"},\"inLanguage\":\"es-CO\",\"potentialAction\":[{\"@type\":\"ReadAction\",\"target\":[\"https:\/\/www.fiscalia.gov.co\/colombia\/noticias\/judicializado-otro-de-los-presuntos-implicados-en-millonario-hurto-a-la-alcaldia-de-purificacion-tolima\/\"]}]},{\"@type\":\"ImageObject\",\"inLanguage\":\"es-CO\",\"@id\":\"https:\/\/www.fiscalia.gov.co\/colombia\/noticias\/judicializado-otro-de-los-presuntos-implicados-en-millonario-hurto-a-la-alcaldia-de-purificacion-tolima\/#primaryimage\",\"url\":\"https:\/\/www.fiscalia.gov.co\/colombia\/wp-content\/uploads\/detenidos-por-hurto-alcaldia-purificacion-tolima-880x420-1.jpeg\",\"contentUrl\":\"https:\/\/www.fiscalia.gov.co\/colombia\/wp-content\/uploads\/detenidos-por-hurto-alcaldia-purificacion-tolima-880x420-1.jpeg\",\"width\":880,\"height\":420,\"caption\":\"Este grupo hace parte de los primeros capturados en diciembre del a\u00f1o 2023 en Antioquia, por estar vinculados al desfalco a las arcas del municipio tolimense de Purificaci\u00f3n en diciembre del a\u00f1o 2021. Se encuentran en etapa de acusaci\u00f3n.\"},{\"@type\":\"BreadcrumbList\",\"@id\":\"https:\/\/www.fiscalia.gov.co\/colombia\/noticias\/judicializado-otro-de-los-presuntos-implicados-en-millonario-hurto-a-la-alcaldia-de-purificacion-tolima\/#breadcrumb\",\"itemListElement\":[{\"@type\":\"ListItem\",\"position\":1,\"name\":\"Home\",\"item\":\"https:\/\/www.fiscalia.gov.co\/colombia\/\"},{\"@type\":\"ListItem\",\"position\":2,\"name\":\"Judicializado otro de los presuntos implicados en millonario hurto a la alcald\u00eda de Purificaci\u00f3n (Tolima)\"}]},{\"@type\":\"WebSite\",\"@id\":\"https:\/\/www.fiscalia.gov.co\/colombia\/#website\",\"url\":\"https:\/\/www.fiscalia.gov.co\/colombia\/\",\"name\":\"Fiscal\u00eda General de la Naci\u00f3n\",\"description\":\"P\u00e1gina oficial de la Fiscal\u00eda General de la Naci\u00f3n \u2013 Colombia. Garantizamos el acceso efectivo a la justicia, la verdad y la reparaci\u00f3n de las v\u00edctimas de los delitos.\",\"publisher\":{\"@id\":\"https:\/\/www.fiscalia.gov.co\/colombia\/#organization\"},\"potentialAction\":[{\"@type\":\"SearchAction\",\"target\":{\"@type\":\"EntryPoint\",\"urlTemplate\":\"https:\/\/www.fiscalia.gov.co\/colombia\/?s={search_term_string}\"},\"query-input\":{\"@type\":\"PropertyValueSpecification\",\"valueRequired\":true,\"valueName\":\"search_term_string\"}}],\"inLanguage\":\"es-CO\"},{\"@type\":\"Organization\",\"@id\":\"https:\/\/www.fiscalia.gov.co\/colombia\/#organization\",\"name\":\"Fiscal\u00eda General de la Naci\u00f3n\",\"url\":\"https:\/\/www.fiscalia.gov.co\/colombia\/\",\"logo\":{\"@type\":\"ImageObject\",\"inLanguage\":\"es-CO\",\"@id\":\"https:\/\/www.fiscalia.gov.co\/colombia\/#\/schema\/logo\/image\/\",\"url\":\"https:\/\/www.fiscalia.gov.co\/colombia\/wp-content\/uploads\/LogoHorizontal_1.jpg\",\"contentUrl\":\"https:\/\/www.fiscalia.gov.co\/colombia\/wp-content\/uploads\/LogoHorizontal_1.jpg\",\"width\":300,\"height\":90,\"caption\":\"Fiscal\u00eda General de la Naci\u00f3n\"},\"image\":{\"@id\":\"https:\/\/www.fiscalia.gov.co\/colombia\/#\/schema\/logo\/image\/\"},\"sameAs\":[\"https:\/\/www.facebook.com\/FiscaliaCol\",\"https:\/\/x.com\/FiscaliaCol\",\"https:\/\/www.instagram.com\/fiscaliacol\",\"https:\/\/www.linkedin.com\/company\/fiscalia-general-de-la-naci-n\/\",\"https:\/\/youtube.com\/@fiscaliageneraldelanacion-4668?si=6nN79nyQICPU5iTh\"]},{\"@type\":\"Person\",\"@id\":\"https:\/\/www.fiscalia.gov.co\/colombia\/#\/schema\/person\/bf84402cf293a5393e9c70b111020b24\",\"name\":\"Jordan Leandro Oviedo Anzola\",\"image\":{\"@type\":\"ImageObject\",\"inLanguage\":\"es-CO\",\"@id\":\"https:\/\/www.fiscalia.gov.co\/colombia\/#\/schema\/person\/image\/\",\"url\":\"https:\/\/secure.gravatar.com\/avatar\/dabba4346fa9b9207d96adafa8f92721?s=96&d=mm&r=g\",\"contentUrl\":\"https:\/\/secure.gravatar.com\/avatar\/dabba4346fa9b9207d96adafa8f92721?s=96&d=mm&r=g\",\"caption\":\"Jordan Leandro Oviedo Anzola\"},\"url\":\"https:\/\/www.fiscalia.gov.co\/colombia\/author\/joviedo\/\"}]}<\/script>\n<!-- \/ Yoast SEO plugin. -->","yoast_head_json":{"title":"Fiscal\u00eda General de la Naci\u00f3n","description":"P\u00e1gina oficial de la Fiscal\u00eda General de la Naci\u00f3n \u2013 Colombia. Garantizamos el acceso efectivo a la justicia, la verdad y la reparaci\u00f3n de las v\u00edctimas de los delitos.","robots":{"index":"noindex","follow":"follow"},"og_locale":"es_ES","og_type":"article","og_title":"Fiscal\u00eda General de la Naci\u00f3n","og_description":"P\u00e1gina oficial de la Fiscal\u00eda General de la Naci\u00f3n \u2013 Colombia. Garantizamos el acceso efectivo a la justicia, la verdad y la reparaci\u00f3n de las v\u00edctimas de los delitos.","og_url":"https:\/\/www.fiscalia.gov.co\/colombia\/noticias\/judicializado-otro-de-los-presuntos-implicados-en-millonario-hurto-a-la-alcaldia-de-purificacion-tolima\/","og_site_name":"Fiscal\u00eda General de la Naci\u00f3n","article_publisher":"https:\/\/www.facebook.com\/FiscaliaCol","article_published_time":"2024-09-17T14:27:57+00:00","og_image":[{"url":"https:\/\/www.fiscalia.gov.co\/colombia\/wp-content\/uploads\/detenidos-por-hurto-alcaldia-purificacion-tolima-880x420-1.jpeg","type":"","width":"","height":""}],"author":"Jordan Leandro Oviedo Anzola","twitter_card":"summary_large_image","twitter_creator":"@FiscaliaCol","twitter_site":"@FiscaliaCol","twitter_misc":{"Escrito por":"Jordan Leandro Oviedo Anzola","Tiempo de lectura":"3 minutos"},"schema":{"@context":"https:\/\/schema.org","@graph":[{"@type":"Article","@id":"https:\/\/www.fiscalia.gov.co\/colombia\/noticias\/judicializado-otro-de-los-presuntos-implicados-en-millonario-hurto-a-la-alcaldia-de-purificacion-tolima\/#article","isPartOf":{"@id":"https:\/\/www.fiscalia.gov.co\/colombia\/noticias\/judicializado-otro-de-los-presuntos-implicados-en-millonario-hurto-a-la-alcaldia-de-purificacion-tolima\/"},"author":{"name":"Jordan Leandro Oviedo Anzola","@id":"https:\/\/www.fiscalia.gov.co\/colombia\/#\/schema\/person\/bf84402cf293a5393e9c70b111020b24"},"headline":"Judicializado otro de los presuntos implicados en millonario hurto a la alcald\u00eda de Purificaci\u00f3n (Tolima)","datePublished":"2024-09-17T14:27:57+00:00","dateModified":"2024-09-17T14:27:57+00:00","mainEntityOfPage":{"@id":"https:\/\/www.fiscalia.gov.co\/colombia\/noticias\/judicializado-otro-de-los-presuntos-implicados-en-millonario-hurto-a-la-alcaldia-de-purificacion-tolima\/"},"wordCount":545,"publisher":{"@id":"https:\/\/www.fiscalia.gov.co\/colombia\/#organization"},"image":{"@id":"https:\/\/www.fiscalia.gov.co\/colombia\/noticias\/judicializado-otro-de-los-presuntos-implicados-en-millonario-hurto-a-la-alcaldia-de-purificacion-tolima\/#primaryimage"},"thumbnailUrl":"https:\/\/www.fiscalia.gov.co\/colombia\/wp-content\/uploads\/detenidos-por-hurto-alcaldia-purificacion-tolima-880x420-1.jpeg","keywords":["Alcald\u00eda de Purificaci\u00f3n","claves","Corrupci\u00f3n","CTI","cuentahabientes","cuentas oficiales","Desfalco","desv\u00edo de dineros","EDA","Enriquecimiento il\u00edcito","Fiscal Especializada","Fiscal\u00eda General de la Naci\u00f3n","hurto por medios inform\u00e1ticos","Lavado de activos","Purificaci\u00f3n (Tolima)","receptores","token","Violaci\u00f3n de datos personales"],"articleSection":["Noticias","Seccional Ibagu\u00e9","Seccionales","Seguridad territorial"],"inLanguage":"es-CO"},{"@type":"WebPage","@id":"https:\/\/www.fiscalia.gov.co\/colombia\/noticias\/judicializado-otro-de-los-presuntos-implicados-en-millonario-hurto-a-la-alcaldia-de-purificacion-tolima\/","url":"https:\/\/www.fiscalia.gov.co\/colombia\/noticias\/judicializado-otro-de-los-presuntos-implicados-en-millonario-hurto-a-la-alcaldia-de-purificacion-tolima\/","name":"Fiscal\u00eda General de la Naci\u00f3n","isPartOf":{"@id":"https:\/\/www.fiscalia.gov.co\/colombia\/#website"},"primaryImageOfPage":{"@id":"https:\/\/www.fiscalia.gov.co\/colombia\/noticias\/judicializado-otro-de-los-presuntos-implicados-en-millonario-hurto-a-la-alcaldia-de-purificacion-tolima\/#primaryimage"},"image":{"@id":"https:\/\/www.fiscalia.gov.co\/colombia\/noticias\/judicializado-otro-de-los-presuntos-implicados-en-millonario-hurto-a-la-alcaldia-de-purificacion-tolima\/#primaryimage"},"thumbnailUrl":"https:\/\/www.fiscalia.gov.co\/colombia\/wp-content\/uploads\/detenidos-por-hurto-alcaldia-purificacion-tolima-880x420-1.jpeg","datePublished":"2024-09-17T14:27:57+00:00","dateModified":"2024-09-17T14:27:57+00:00","description":"P\u00e1gina oficial de la Fiscal\u00eda General de la Naci\u00f3n \u2013 Colombia. Garantizamos el acceso efectivo a la justicia, la verdad y la reparaci\u00f3n de las v\u00edctimas de los delitos.","breadcrumb":{"@id":"https:\/\/www.fiscalia.gov.co\/colombia\/noticias\/judicializado-otro-de-los-presuntos-implicados-en-millonario-hurto-a-la-alcaldia-de-purificacion-tolima\/#breadcrumb"},"inLanguage":"es-CO","potentialAction":[{"@type":"ReadAction","target":["https:\/\/www.fiscalia.gov.co\/colombia\/noticias\/judicializado-otro-de-los-presuntos-implicados-en-millonario-hurto-a-la-alcaldia-de-purificacion-tolima\/"]}]},{"@type":"ImageObject","inLanguage":"es-CO","@id":"https:\/\/www.fiscalia.gov.co\/colombia\/noticias\/judicializado-otro-de-los-presuntos-implicados-en-millonario-hurto-a-la-alcaldia-de-purificacion-tolima\/#primaryimage","url":"https:\/\/www.fiscalia.gov.co\/colombia\/wp-content\/uploads\/detenidos-por-hurto-alcaldia-purificacion-tolima-880x420-1.jpeg","contentUrl":"https:\/\/www.fiscalia.gov.co\/colombia\/wp-content\/uploads\/detenidos-por-hurto-alcaldia-purificacion-tolima-880x420-1.jpeg","width":880,"height":420,"caption":"Este grupo hace parte de los primeros capturados en diciembre del a\u00f1o 2023 en Antioquia, por estar vinculados al desfalco a las arcas del municipio tolimense de Purificaci\u00f3n en diciembre del a\u00f1o 2021. Se encuentran en etapa de acusaci\u00f3n."},{"@type":"BreadcrumbList","@id":"https:\/\/www.fiscalia.gov.co\/colombia\/noticias\/judicializado-otro-de-los-presuntos-implicados-en-millonario-hurto-a-la-alcaldia-de-purificacion-tolima\/#breadcrumb","itemListElement":[{"@type":"ListItem","position":1,"name":"Home","item":"https:\/\/www.fiscalia.gov.co\/colombia\/"},{"@type":"ListItem","position":2,"name":"Judicializado otro de los presuntos implicados en millonario hurto a la alcald\u00eda de Purificaci\u00f3n (Tolima)"}]},{"@type":"WebSite","@id":"https:\/\/www.fiscalia.gov.co\/colombia\/#website","url":"https:\/\/www.fiscalia.gov.co\/colombia\/","name":"Fiscal\u00eda General de la Naci\u00f3n","description":"P\u00e1gina oficial de la Fiscal\u00eda General de la Naci\u00f3n \u2013 Colombia. Garantizamos el acceso efectivo a la justicia, la verdad y la reparaci\u00f3n de las v\u00edctimas de los delitos.","publisher":{"@id":"https:\/\/www.fiscalia.gov.co\/colombia\/#organization"},"potentialAction":[{"@type":"SearchAction","target":{"@type":"EntryPoint","urlTemplate":"https:\/\/www.fiscalia.gov.co\/colombia\/?s={search_term_string}"},"query-input":{"@type":"PropertyValueSpecification","valueRequired":true,"valueName":"search_term_string"}}],"inLanguage":"es-CO"},{"@type":"Organization","@id":"https:\/\/www.fiscalia.gov.co\/colombia\/#organization","name":"Fiscal\u00eda General de la Naci\u00f3n","url":"https:\/\/www.fiscalia.gov.co\/colombia\/","logo":{"@type":"ImageObject","inLanguage":"es-CO","@id":"https:\/\/www.fiscalia.gov.co\/colombia\/#\/schema\/logo\/image\/","url":"https:\/\/www.fiscalia.gov.co\/colombia\/wp-content\/uploads\/LogoHorizontal_1.jpg","contentUrl":"https:\/\/www.fiscalia.gov.co\/colombia\/wp-content\/uploads\/LogoHorizontal_1.jpg","width":300,"height":90,"caption":"Fiscal\u00eda General de la Naci\u00f3n"},"image":{"@id":"https:\/\/www.fiscalia.gov.co\/colombia\/#\/schema\/logo\/image\/"},"sameAs":["https:\/\/www.facebook.com\/FiscaliaCol","https:\/\/x.com\/FiscaliaCol","https:\/\/www.instagram.com\/fiscaliacol","https:\/\/www.linkedin.com\/company\/fiscalia-general-de-la-naci-n\/","https:\/\/youtube.com\/@fiscaliageneraldelanacion-4668?si=6nN79nyQICPU5iTh"]},{"@type":"Person","@id":"https:\/\/www.fiscalia.gov.co\/colombia\/#\/schema\/person\/bf84402cf293a5393e9c70b111020b24","name":"Jordan Leandro Oviedo Anzola","image":{"@type":"ImageObject","inLanguage":"es-CO","@id":"https:\/\/www.fiscalia.gov.co\/colombia\/#\/schema\/person\/image\/","url":"https:\/\/secure.gravatar.com\/avatar\/dabba4346fa9b9207d96adafa8f92721?s=96&d=mm&r=g","contentUrl":"https:\/\/secure.gravatar.com\/avatar\/dabba4346fa9b9207d96adafa8f92721?s=96&d=mm&r=g","caption":"Jordan Leandro Oviedo Anzola"},"url":"https:\/\/www.fiscalia.gov.co\/colombia\/author\/joviedo\/"}]}},"_links":{"self":[{"href":"https:\/\/www.fiscalia.gov.co\/colombia\/wp-json\/wp\/v2\/posts\/301861","targetHints":{"allow":["GET"]}}],"collection":[{"href":"https:\/\/www.fiscalia.gov.co\/colombia\/wp-json\/wp\/v2\/posts"}],"about":[{"href":"https:\/\/www.fiscalia.gov.co\/colombia\/wp-json\/wp\/v2\/types\/post"}],"author":[{"embeddable":true,"href":"https:\/\/www.fiscalia.gov.co\/colombia\/wp-json\/wp\/v2\/users\/177"}],"replies":[{"embeddable":true,"href":"https:\/\/www.fiscalia.gov.co\/colombia\/wp-json\/wp\/v2\/comments?post=301861"}],"version-history":[{"count":1,"href":"https:\/\/www.fiscalia.gov.co\/colombia\/wp-json\/wp\/v2\/posts\/301861\/revisions"}],"predecessor-version":[{"id":301863,"href":"https:\/\/www.fiscalia.gov.co\/colombia\/wp-json\/wp\/v2\/posts\/301861\/revisions\/301863"}],"wp:attachment":[{"href":"https:\/\/www.fiscalia.gov.co\/colombia\/wp-json\/wp\/v2\/media?parent=301861"}],"wp:term":[{"taxonomy":"category","embeddable":true,"href":"https:\/\/www.fiscalia.gov.co\/colombia\/wp-json\/wp\/v2\/categories?post=301861"},{"taxonomy":"post_tag","embeddable":true,"href":"https:\/\/www.fiscalia.gov.co\/colombia\/wp-json\/wp\/v2\/tags?post=301861"}],"curies":[{"name":"wp","href":"https:\/\/api.w.org\/{rel}","templated":true}]}}