{"id":301493,"date":"2024-09-10T11:13:17","date_gmt":"2024-09-10T16:13:17","guid":{"rendered":"https:\/\/www.fiscalia.gov.co\/colombia\/?p=301493"},"modified":"2024-09-10T11:13:17","modified_gmt":"2024-09-10T16:13:17","slug":"a-la-carcel-hombre-senalado-del-abuso-sexual-y-fisico-de-su-propia-hermana","status":"publish","type":"post","link":"https:\/\/www.fiscalia.gov.co\/colombia\/noticias\/a-la-carcel-hombre-senalado-del-abuso-sexual-y-fisico-de-su-propia-hermana\/","title":{"rendered":"A la c\u00e1rcel hombre se\u00f1alado del abuso sexual y f\u00edsico de su propia hermana"},"content":{"rendered":"<p style=\"font-weight: 400;\">Un juez de control de garant\u00edas impuso medida de aseguramiento en establecimiento carcelario a un hombre, presuntamente r<strong>esponsable de los delitos de acceso carnal violento y violencia intrafamiliar agravada contra su propia hermana, de 37 a\u00f1os.<\/strong><\/p>\n<p style=\"font-weight: 400;\">La Fiscal\u00eda, a trav\u00e9s de un despacho del Centro de Atenci\u00f3n Integral a V\u00edctimas de Abuso Sexual (Caivas) de la Seccional Tolima lo investiga por hechos que ocurrieron desde el a\u00f1o 2022 cuando, al parecer, empez\u00f3 a maltratar a su familiar con palabras soeces y amenazas.<\/p>\n<p><em><strong>Le puede interesar<\/strong><\/em>: <a href=\"https:\/\/www.fiscalia.gov.co\/colombia\/noticias\/condenada-a-12-anos-de-carcel-una-mujer-que-abuso-sexualmente-de-su-hermanastra-menor-de-edad\/\">Condenada a 12 a\u00f1os de c\u00e1rcel una mujer que abus\u00f3 sexualmente de su hermanastra, menor de edad<\/a><\/p>\n<p style=\"font-weight: 400;\">En 2023, cuando la v\u00edctima termin\u00f3 la relaci\u00f3n de pareja con quien era su esposo,<strong> su hermano habr\u00eda aprovechado para controlarla, evitando que saliera y compartiera con otras personas.<\/strong> Adem\u00e1s, se encargar\u00eda de manejar el dinero producto del trabajo de ambos.<\/p>\n<figure id=\"attachment_301496\" aria-describedby=\"caption-attachment-301496\" style=\"width: 412px\" class=\"wp-caption aligncenter\"><img loading=\"lazy\" decoding=\"async\" class=\" wp-image-301496\" src=\"https:\/\/www.fiscalia.gov.co\/colombia\/wp-content\/uploads\/abuso-tolima-de-la-hermana-300x239.jpeg\" alt=\"en la imagen se ve una persona detenida bajo custodia de dos integrantes de la Polic\u00eda Nacional. \" width=\"412\" height=\"328\" srcset=\"https:\/\/www.fiscalia.gov.co\/colombia\/wp-content\/uploads\/abuso-tolima-de-la-hermana-300x239.jpeg 300w, https:\/\/www.fiscalia.gov.co\/colombia\/wp-content\/uploads\/abuso-tolima-de-la-hermana-1024x815.jpeg 1024w, https:\/\/www.fiscalia.gov.co\/colombia\/wp-content\/uploads\/abuso-tolima-de-la-hermana-768x611.jpeg 768w, https:\/\/www.fiscalia.gov.co\/colombia\/wp-content\/uploads\/abuso-tolima-de-la-hermana-1536x1222.jpeg 1536w, https:\/\/www.fiscalia.gov.co\/colombia\/wp-content\/uploads\/abuso-tolima-de-la-hermana-528x420.jpeg 528w, https:\/\/www.fiscalia.gov.co\/colombia\/wp-content\/uploads\/abuso-tolima-de-la-hermana-696x554.jpeg 696w, https:\/\/www.fiscalia.gov.co\/colombia\/wp-content\/uploads\/abuso-tolima-de-la-hermana-1068x850.jpeg 1068w, https:\/\/www.fiscalia.gov.co\/colombia\/wp-content\/uploads\/abuso-tolima-de-la-hermana.jpeg 1600w\" sizes=\"auto, (max-width: 412px) 100vw, 412px\" \/><figcaption id=\"caption-attachment-301496\" class=\"wp-caption-text\">El procesado fue detenido en v\u00eda p\u00fablica de Ibagu\u00e9 por la Polic\u00eda Nacional. Est\u00e1 siendo investigado por el abuso de su propia hermana.<\/figcaption><\/figure>\n<p style=\"font-weight: 400;\">Para esa misma \u00e9poca se cree que el procesado habr\u00eda sometido a la mujer a tocamientos de \u00edndole sexual y accedido carnalmente. E<strong>ste tipo de acciones ocurrieron en m\u00faltiples ocasiones, siendo el pasado 5 de marzo,<\/strong> la fecha m\u00e1s reciente en la que se presentaron las agresiones, cuando intent\u00f3 asfixiarla.<\/p>\n<p style=\"font-weight: 400;\">El hombre, de 29 a\u00f1os, fue capturado por la Polic\u00eda Nacional en Ibagu\u00e9 (Tolima).<\/p>\n<p style=\"font-weight: 400;\">El procesado no acept\u00f3 los cargos en su contra.<\/p>\n<p style=\"font-weight: 400;\">\n<p>&nbsp;<\/p>\n<p>&nbsp;<\/p>\n<p style=\"font-weight: 400;\">PAAM\/LMFO\/MAGA\/MCAA\/DST<\/p>\n<p style=\"font-weight: 400;\">\n<p style=\"font-weight: 400;\">\n<p><em>La informaci\u00f3n contenida en este bolet\u00edn de prensa corresponde a la narraci\u00f3n de los hechos noticiosos objetivos, suministrados por los funcionarios encargados de adelantar las investigaciones penales al interior de la Fiscal\u00eda General de la Naci\u00f3n. Para el momento de la divulgaci\u00f3n de este comunicado, la situaci\u00f3n jur\u00eddica de la(s) persona(s) relacionada(s) se encuentra pendiente de resolver por la autoridad judicial competente, siempre bajo los preceptos de la presunci\u00f3n de inocencia, consagrados en el art\u00edculo 29 de la Constituci\u00f3n Pol\u00edtica y el art\u00edculo 7\u00ba de la Ley 906 de 2004.<\/em><\/p>\n\n<div class=\"twitter-share\"><a href=\"https:\/\/twitter.com\/intent\/tweet?via=fiscaliacol\" class=\"twitter-share-button\">Tweet<\/a><\/div>\n","protected":false},"excerpt":{"rendered":"<p>Un juez de control de garant\u00edas impuso medida de aseguramiento en establecimiento carcelario a un hombre, presuntamente responsable de los delitos de acceso carnal violento y violencia intrafamiliar agravada contra [&hellip;]<\/p>\n","protected":false},"author":178,"featured_media":0,"comment_status":"closed","ping_status":"open","sticky":false,"template":"","format":"standard","meta":{"tdm_status":"","tdm_grid_status":"","footnotes":""},"categories":[1,329,303,24127],"tags":[696,23966,2245,24367,31217,45,1047,26516,10852,23838,23990,24277,23972,1176,682],"class_list":["post-301493","post","type-post","status-publish","format-standard","category-noticias","category-seccional-ibague","category-seccionales","category-violencia-sexual-e-intrafamiliar","tag-abuso","tag-acceso-carnal-violento","tag-caivas","tag-celos","tag-control","tag-cti","tag-fiscalia-general-de-la-nacion","tag-hermana","tag-hermano","tag-ibague","tag-ibague-tolima","tag-medida","tag-policia","tag-violencia-de-genero","tag-violencia-intrafamiliar"],"yoast_head":"<!-- This site is optimized with the Yoast SEO plugin v24.3 - https:\/\/yoast.com\/wordpress\/plugins\/seo\/ -->\n<title>Fiscal\u00eda General de la Naci\u00f3n<\/title>\n<meta name=\"description\" content=\"P\u00e1gina oficial de la Fiscal\u00eda General de la Naci\u00f3n \u2013 Colombia. Garantizamos el acceso efectivo a la justicia, la verdad y la reparaci\u00f3n de las v\u00edctimas de los delitos.\" \/>\n<meta name=\"robots\" content=\"noindex, follow\" \/>\n<meta property=\"og:locale\" content=\"es_ES\" \/>\n<meta property=\"og:type\" content=\"article\" \/>\n<meta property=\"og:title\" content=\"Fiscal\u00eda General de la Naci\u00f3n\" \/>\n<meta property=\"og:description\" content=\"P\u00e1gina oficial de la Fiscal\u00eda General de la Naci\u00f3n \u2013 Colombia. Garantizamos el acceso efectivo a la justicia, la verdad y la reparaci\u00f3n de las v\u00edctimas de los delitos.\" \/>\n<meta property=\"og:url\" content=\"https:\/\/www.fiscalia.gov.co\/colombia\/noticias\/a-la-carcel-hombre-senalado-del-abuso-sexual-y-fisico-de-su-propia-hermana\/\" \/>\n<meta property=\"og:site_name\" content=\"Fiscal\u00eda General de la Naci\u00f3n\" \/>\n<meta property=\"article:publisher\" content=\"https:\/\/www.facebook.com\/FiscaliaCol\" \/>\n<meta property=\"article:published_time\" content=\"2024-09-10T16:13:17+00:00\" \/>\n<meta property=\"og:image\" content=\"https:\/\/www.fiscalia.gov.co\/colombia\/wp-content\/uploads\/abuso-tolima-de-la-hermana-300x239.jpeg\" \/>\n<meta name=\"author\" content=\"Winnie Geraldine Rodr\u00edguez Navarrete\" \/>\n<meta name=\"twitter:card\" content=\"summary_large_image\" \/>\n<meta name=\"twitter:creator\" content=\"@FiscaliaCol\" \/>\n<meta name=\"twitter:site\" content=\"@FiscaliaCol\" \/>\n<meta name=\"twitter:label1\" content=\"Escrito por\" \/>\n\t<meta name=\"twitter:data1\" content=\"Winnie Geraldine Rodr\u00edguez Navarrete\" \/>\n\t<meta name=\"twitter:label2\" content=\"Tiempo de lectura\" \/>\n\t<meta name=\"twitter:data2\" content=\"2 minutos\" \/>\n<script type=\"application\/ld+json\" class=\"yoast-schema-graph\">{\"@context\":\"https:\/\/schema.org\",\"@graph\":[{\"@type\":\"Article\",\"@id\":\"https:\/\/www.fiscalia.gov.co\/colombia\/noticias\/a-la-carcel-hombre-senalado-del-abuso-sexual-y-fisico-de-su-propia-hermana\/#article\",\"isPartOf\":{\"@id\":\"https:\/\/www.fiscalia.gov.co\/colombia\/noticias\/a-la-carcel-hombre-senalado-del-abuso-sexual-y-fisico-de-su-propia-hermana\/\"},\"author\":{\"name\":\"Winnie Geraldine Rodr\u00edguez Navarrete\",\"@id\":\"https:\/\/www.fiscalia.gov.co\/colombia\/#\/schema\/person\/176195b99ebab0a52aafa15197e1bf80\"},\"headline\":\"A la c\u00e1rcel hombre se\u00f1alado del abuso sexual y f\u00edsico de su propia hermana\",\"datePublished\":\"2024-09-10T16:13:17+00:00\",\"dateModified\":\"2024-09-10T16:13:17+00:00\",\"mainEntityOfPage\":{\"@id\":\"https:\/\/www.fiscalia.gov.co\/colombia\/noticias\/a-la-carcel-hombre-senalado-del-abuso-sexual-y-fisico-de-su-propia-hermana\/\"},\"wordCount\":388,\"publisher\":{\"@id\":\"https:\/\/www.fiscalia.gov.co\/colombia\/#organization\"},\"image\":{\"@id\":\"https:\/\/www.fiscalia.gov.co\/colombia\/noticias\/a-la-carcel-hombre-senalado-del-abuso-sexual-y-fisico-de-su-propia-hermana\/#primaryimage\"},\"thumbnailUrl\":\"https:\/\/www.fiscalia.gov.co\/colombia\/wp-content\/uploads\/abuso-tolima-de-la-hermana-300x239.jpeg\",\"keywords\":[\"Abuso\",\"Acceso carnal violento\",\"Caivas\",\"celos\",\"control\",\"CTI\",\"Fiscal\u00eda General de la Naci\u00f3n\",\"hermana\",\"Hermano\",\"Ibagu\u00e9\",\"Ibagu\u00e9 (Tolima)\",\"medida\",\"Polic\u00eda\",\"Violencia de g\u00e9nero\",\"Violencia intrafamiliar\"],\"articleSection\":[\"Noticias\",\"Seccional Ibagu\u00e9\",\"Seccionales\",\"Violencia sexual e intrafamiliar\"],\"inLanguage\":\"es-CO\"},{\"@type\":\"WebPage\",\"@id\":\"https:\/\/www.fiscalia.gov.co\/colombia\/noticias\/a-la-carcel-hombre-senalado-del-abuso-sexual-y-fisico-de-su-propia-hermana\/\",\"url\":\"https:\/\/www.fiscalia.gov.co\/colombia\/noticias\/a-la-carcel-hombre-senalado-del-abuso-sexual-y-fisico-de-su-propia-hermana\/\",\"name\":\"Fiscal\u00eda General de la Naci\u00f3n\",\"isPartOf\":{\"@id\":\"https:\/\/www.fiscalia.gov.co\/colombia\/#website\"},\"primaryImageOfPage\":{\"@id\":\"https:\/\/www.fiscalia.gov.co\/colombia\/noticias\/a-la-carcel-hombre-senalado-del-abuso-sexual-y-fisico-de-su-propia-hermana\/#primaryimage\"},\"image\":{\"@id\":\"https:\/\/www.fiscalia.gov.co\/colombia\/noticias\/a-la-carcel-hombre-senalado-del-abuso-sexual-y-fisico-de-su-propia-hermana\/#primaryimage\"},\"thumbnailUrl\":\"https:\/\/www.fiscalia.gov.co\/colombia\/wp-content\/uploads\/abuso-tolima-de-la-hermana-300x239.jpeg\",\"datePublished\":\"2024-09-10T16:13:17+00:00\",\"dateModified\":\"2024-09-10T16:13:17+00:00\",\"description\":\"P\u00e1gina oficial de la Fiscal\u00eda General de la Naci\u00f3n \u2013 Colombia. Garantizamos el acceso efectivo a la justicia, la verdad y la reparaci\u00f3n de las v\u00edctimas de los delitos.\",\"breadcrumb\":{\"@id\":\"https:\/\/www.fiscalia.gov.co\/colombia\/noticias\/a-la-carcel-hombre-senalado-del-abuso-sexual-y-fisico-de-su-propia-hermana\/#breadcrumb\"},\"inLanguage\":\"es-CO\",\"potentialAction\":[{\"@type\":\"ReadAction\",\"target\":[\"https:\/\/www.fiscalia.gov.co\/colombia\/noticias\/a-la-carcel-hombre-senalado-del-abuso-sexual-y-fisico-de-su-propia-hermana\/\"]}]},{\"@type\":\"ImageObject\",\"inLanguage\":\"es-CO\",\"@id\":\"https:\/\/www.fiscalia.gov.co\/colombia\/noticias\/a-la-carcel-hombre-senalado-del-abuso-sexual-y-fisico-de-su-propia-hermana\/#primaryimage\",\"url\":\"https:\/\/www.fiscalia.gov.co\/colombia\/wp-content\/uploads\/abuso-tolima-de-la-hermana.jpeg\",\"contentUrl\":\"https:\/\/www.fiscalia.gov.co\/colombia\/wp-content\/uploads\/abuso-tolima-de-la-hermana.jpeg\",\"width\":1600,\"height\":1273,\"caption\":\"El procesado fue detenido en v\u00eda p\u00fablica de Ibagu\u00e9 por la Polic\u00eda Nacional. Est\u00e1 siendo investigado por el abuso de su propia hermana.\"},{\"@type\":\"BreadcrumbList\",\"@id\":\"https:\/\/www.fiscalia.gov.co\/colombia\/noticias\/a-la-carcel-hombre-senalado-del-abuso-sexual-y-fisico-de-su-propia-hermana\/#breadcrumb\",\"itemListElement\":[{\"@type\":\"ListItem\",\"position\":1,\"name\":\"Home\",\"item\":\"https:\/\/www.fiscalia.gov.co\/colombia\/\"},{\"@type\":\"ListItem\",\"position\":2,\"name\":\"A la c\u00e1rcel hombre se\u00f1alado del abuso sexual y f\u00edsico de su propia hermana\"}]},{\"@type\":\"WebSite\",\"@id\":\"https:\/\/www.fiscalia.gov.co\/colombia\/#website\",\"url\":\"https:\/\/www.fiscalia.gov.co\/colombia\/\",\"name\":\"Fiscal\u00eda General de la Naci\u00f3n\",\"description\":\"P\u00e1gina oficial de la Fiscal\u00eda General de la Naci\u00f3n \u2013 Colombia. Garantizamos el acceso efectivo a la justicia, la verdad y la reparaci\u00f3n de las v\u00edctimas de los delitos.\",\"publisher\":{\"@id\":\"https:\/\/www.fiscalia.gov.co\/colombia\/#organization\"},\"potentialAction\":[{\"@type\":\"SearchAction\",\"target\":{\"@type\":\"EntryPoint\",\"urlTemplate\":\"https:\/\/www.fiscalia.gov.co\/colombia\/?s={search_term_string}\"},\"query-input\":{\"@type\":\"PropertyValueSpecification\",\"valueRequired\":true,\"valueName\":\"search_term_string\"}}],\"inLanguage\":\"es-CO\"},{\"@type\":\"Organization\",\"@id\":\"https:\/\/www.fiscalia.gov.co\/colombia\/#organization\",\"name\":\"Fiscal\u00eda General de la Naci\u00f3n\",\"url\":\"https:\/\/www.fiscalia.gov.co\/colombia\/\",\"logo\":{\"@type\":\"ImageObject\",\"inLanguage\":\"es-CO\",\"@id\":\"https:\/\/www.fiscalia.gov.co\/colombia\/#\/schema\/logo\/image\/\",\"url\":\"https:\/\/www.fiscalia.gov.co\/colombia\/wp-content\/uploads\/LogoHorizontal_1.jpg\",\"contentUrl\":\"https:\/\/www.fiscalia.gov.co\/colombia\/wp-content\/uploads\/LogoHorizontal_1.jpg\",\"width\":300,\"height\":90,\"caption\":\"Fiscal\u00eda General de la Naci\u00f3n\"},\"image\":{\"@id\":\"https:\/\/www.fiscalia.gov.co\/colombia\/#\/schema\/logo\/image\/\"},\"sameAs\":[\"https:\/\/www.facebook.com\/FiscaliaCol\",\"https:\/\/x.com\/FiscaliaCol\",\"https:\/\/www.instagram.com\/fiscaliacol\",\"https:\/\/www.linkedin.com\/company\/fiscalia-general-de-la-naci-n\/\",\"https:\/\/youtube.com\/@fiscaliageneraldelanacion-4668?si=6nN79nyQICPU5iTh\"]},{\"@type\":\"Person\",\"@id\":\"https:\/\/www.fiscalia.gov.co\/colombia\/#\/schema\/person\/176195b99ebab0a52aafa15197e1bf80\",\"name\":\"Winnie Geraldine Rodr\u00edguez Navarrete\",\"image\":{\"@type\":\"ImageObject\",\"inLanguage\":\"es-CO\",\"@id\":\"https:\/\/www.fiscalia.gov.co\/colombia\/#\/schema\/person\/image\/\",\"url\":\"https:\/\/secure.gravatar.com\/avatar\/c24cf8481dc84fa5e8c7b20bc95ab0c6?s=96&d=mm&r=g\",\"contentUrl\":\"https:\/\/secure.gravatar.com\/avatar\/c24cf8481dc84fa5e8c7b20bc95ab0c6?s=96&d=mm&r=g\",\"caption\":\"Winnie Geraldine Rodr\u00edguez Navarrete\"},\"url\":\"https:\/\/www.fiscalia.gov.co\/colombia\/author\/winnierodriguez\/\"}]}<\/script>\n<!-- \/ Yoast SEO plugin. -->","yoast_head_json":{"title":"Fiscal\u00eda General de la Naci\u00f3n","description":"P\u00e1gina oficial de la Fiscal\u00eda General de la Naci\u00f3n \u2013 Colombia. Garantizamos el acceso efectivo a la justicia, la verdad y la reparaci\u00f3n de las v\u00edctimas de los delitos.","robots":{"index":"noindex","follow":"follow"},"og_locale":"es_ES","og_type":"article","og_title":"Fiscal\u00eda General de la Naci\u00f3n","og_description":"P\u00e1gina oficial de la Fiscal\u00eda General de la Naci\u00f3n \u2013 Colombia. Garantizamos el acceso efectivo a la justicia, la verdad y la reparaci\u00f3n de las v\u00edctimas de los delitos.","og_url":"https:\/\/www.fiscalia.gov.co\/colombia\/noticias\/a-la-carcel-hombre-senalado-del-abuso-sexual-y-fisico-de-su-propia-hermana\/","og_site_name":"Fiscal\u00eda General de la Naci\u00f3n","article_publisher":"https:\/\/www.facebook.com\/FiscaliaCol","article_published_time":"2024-09-10T16:13:17+00:00","og_image":[{"url":"https:\/\/www.fiscalia.gov.co\/colombia\/wp-content\/uploads\/abuso-tolima-de-la-hermana-300x239.jpeg","type":"","width":"","height":""}],"author":"Winnie Geraldine Rodr\u00edguez Navarrete","twitter_card":"summary_large_image","twitter_creator":"@FiscaliaCol","twitter_site":"@FiscaliaCol","twitter_misc":{"Escrito por":"Winnie Geraldine Rodr\u00edguez Navarrete","Tiempo de lectura":"2 minutos"},"schema":{"@context":"https:\/\/schema.org","@graph":[{"@type":"Article","@id":"https:\/\/www.fiscalia.gov.co\/colombia\/noticias\/a-la-carcel-hombre-senalado-del-abuso-sexual-y-fisico-de-su-propia-hermana\/#article","isPartOf":{"@id":"https:\/\/www.fiscalia.gov.co\/colombia\/noticias\/a-la-carcel-hombre-senalado-del-abuso-sexual-y-fisico-de-su-propia-hermana\/"},"author":{"name":"Winnie Geraldine Rodr\u00edguez Navarrete","@id":"https:\/\/www.fiscalia.gov.co\/colombia\/#\/schema\/person\/176195b99ebab0a52aafa15197e1bf80"},"headline":"A la c\u00e1rcel hombre se\u00f1alado del abuso sexual y f\u00edsico de su propia hermana","datePublished":"2024-09-10T16:13:17+00:00","dateModified":"2024-09-10T16:13:17+00:00","mainEntityOfPage":{"@id":"https:\/\/www.fiscalia.gov.co\/colombia\/noticias\/a-la-carcel-hombre-senalado-del-abuso-sexual-y-fisico-de-su-propia-hermana\/"},"wordCount":388,"publisher":{"@id":"https:\/\/www.fiscalia.gov.co\/colombia\/#organization"},"image":{"@id":"https:\/\/www.fiscalia.gov.co\/colombia\/noticias\/a-la-carcel-hombre-senalado-del-abuso-sexual-y-fisico-de-su-propia-hermana\/#primaryimage"},"thumbnailUrl":"https:\/\/www.fiscalia.gov.co\/colombia\/wp-content\/uploads\/abuso-tolima-de-la-hermana-300x239.jpeg","keywords":["Abuso","Acceso carnal violento","Caivas","celos","control","CTI","Fiscal\u00eda General de la Naci\u00f3n","hermana","Hermano","Ibagu\u00e9","Ibagu\u00e9 (Tolima)","medida","Polic\u00eda","Violencia de g\u00e9nero","Violencia intrafamiliar"],"articleSection":["Noticias","Seccional Ibagu\u00e9","Seccionales","Violencia sexual e intrafamiliar"],"inLanguage":"es-CO"},{"@type":"WebPage","@id":"https:\/\/www.fiscalia.gov.co\/colombia\/noticias\/a-la-carcel-hombre-senalado-del-abuso-sexual-y-fisico-de-su-propia-hermana\/","url":"https:\/\/www.fiscalia.gov.co\/colombia\/noticias\/a-la-carcel-hombre-senalado-del-abuso-sexual-y-fisico-de-su-propia-hermana\/","name":"Fiscal\u00eda General de la Naci\u00f3n","isPartOf":{"@id":"https:\/\/www.fiscalia.gov.co\/colombia\/#website"},"primaryImageOfPage":{"@id":"https:\/\/www.fiscalia.gov.co\/colombia\/noticias\/a-la-carcel-hombre-senalado-del-abuso-sexual-y-fisico-de-su-propia-hermana\/#primaryimage"},"image":{"@id":"https:\/\/www.fiscalia.gov.co\/colombia\/noticias\/a-la-carcel-hombre-senalado-del-abuso-sexual-y-fisico-de-su-propia-hermana\/#primaryimage"},"thumbnailUrl":"https:\/\/www.fiscalia.gov.co\/colombia\/wp-content\/uploads\/abuso-tolima-de-la-hermana-300x239.jpeg","datePublished":"2024-09-10T16:13:17+00:00","dateModified":"2024-09-10T16:13:17+00:00","description":"P\u00e1gina oficial de la Fiscal\u00eda General de la Naci\u00f3n \u2013 Colombia. Garantizamos el acceso efectivo a la justicia, la verdad y la reparaci\u00f3n de las v\u00edctimas de los delitos.","breadcrumb":{"@id":"https:\/\/www.fiscalia.gov.co\/colombia\/noticias\/a-la-carcel-hombre-senalado-del-abuso-sexual-y-fisico-de-su-propia-hermana\/#breadcrumb"},"inLanguage":"es-CO","potentialAction":[{"@type":"ReadAction","target":["https:\/\/www.fiscalia.gov.co\/colombia\/noticias\/a-la-carcel-hombre-senalado-del-abuso-sexual-y-fisico-de-su-propia-hermana\/"]}]},{"@type":"ImageObject","inLanguage":"es-CO","@id":"https:\/\/www.fiscalia.gov.co\/colombia\/noticias\/a-la-carcel-hombre-senalado-del-abuso-sexual-y-fisico-de-su-propia-hermana\/#primaryimage","url":"https:\/\/www.fiscalia.gov.co\/colombia\/wp-content\/uploads\/abuso-tolima-de-la-hermana.jpeg","contentUrl":"https:\/\/www.fiscalia.gov.co\/colombia\/wp-content\/uploads\/abuso-tolima-de-la-hermana.jpeg","width":1600,"height":1273,"caption":"El procesado fue detenido en v\u00eda p\u00fablica de Ibagu\u00e9 por la Polic\u00eda Nacional. Est\u00e1 siendo investigado por el abuso de su propia hermana."},{"@type":"BreadcrumbList","@id":"https:\/\/www.fiscalia.gov.co\/colombia\/noticias\/a-la-carcel-hombre-senalado-del-abuso-sexual-y-fisico-de-su-propia-hermana\/#breadcrumb","itemListElement":[{"@type":"ListItem","position":1,"name":"Home","item":"https:\/\/www.fiscalia.gov.co\/colombia\/"},{"@type":"ListItem","position":2,"name":"A la c\u00e1rcel hombre se\u00f1alado del abuso sexual y f\u00edsico de su propia hermana"}]},{"@type":"WebSite","@id":"https:\/\/www.fiscalia.gov.co\/colombia\/#website","url":"https:\/\/www.fiscalia.gov.co\/colombia\/","name":"Fiscal\u00eda General de la Naci\u00f3n","description":"P\u00e1gina oficial de la Fiscal\u00eda General de la Naci\u00f3n \u2013 Colombia. Garantizamos el acceso efectivo a la justicia, la verdad y la reparaci\u00f3n de las v\u00edctimas de los delitos.","publisher":{"@id":"https:\/\/www.fiscalia.gov.co\/colombia\/#organization"},"potentialAction":[{"@type":"SearchAction","target":{"@type":"EntryPoint","urlTemplate":"https:\/\/www.fiscalia.gov.co\/colombia\/?s={search_term_string}"},"query-input":{"@type":"PropertyValueSpecification","valueRequired":true,"valueName":"search_term_string"}}],"inLanguage":"es-CO"},{"@type":"Organization","@id":"https:\/\/www.fiscalia.gov.co\/colombia\/#organization","name":"Fiscal\u00eda General de la Naci\u00f3n","url":"https:\/\/www.fiscalia.gov.co\/colombia\/","logo":{"@type":"ImageObject","inLanguage":"es-CO","@id":"https:\/\/www.fiscalia.gov.co\/colombia\/#\/schema\/logo\/image\/","url":"https:\/\/www.fiscalia.gov.co\/colombia\/wp-content\/uploads\/LogoHorizontal_1.jpg","contentUrl":"https:\/\/www.fiscalia.gov.co\/colombia\/wp-content\/uploads\/LogoHorizontal_1.jpg","width":300,"height":90,"caption":"Fiscal\u00eda General de la Naci\u00f3n"},"image":{"@id":"https:\/\/www.fiscalia.gov.co\/colombia\/#\/schema\/logo\/image\/"},"sameAs":["https:\/\/www.facebook.com\/FiscaliaCol","https:\/\/x.com\/FiscaliaCol","https:\/\/www.instagram.com\/fiscaliacol","https:\/\/www.linkedin.com\/company\/fiscalia-general-de-la-naci-n\/","https:\/\/youtube.com\/@fiscaliageneraldelanacion-4668?si=6nN79nyQICPU5iTh"]},{"@type":"Person","@id":"https:\/\/www.fiscalia.gov.co\/colombia\/#\/schema\/person\/176195b99ebab0a52aafa15197e1bf80","name":"Winnie Geraldine Rodr\u00edguez Navarrete","image":{"@type":"ImageObject","inLanguage":"es-CO","@id":"https:\/\/www.fiscalia.gov.co\/colombia\/#\/schema\/person\/image\/","url":"https:\/\/secure.gravatar.com\/avatar\/c24cf8481dc84fa5e8c7b20bc95ab0c6?s=96&d=mm&r=g","contentUrl":"https:\/\/secure.gravatar.com\/avatar\/c24cf8481dc84fa5e8c7b20bc95ab0c6?s=96&d=mm&r=g","caption":"Winnie Geraldine Rodr\u00edguez Navarrete"},"url":"https:\/\/www.fiscalia.gov.co\/colombia\/author\/winnierodriguez\/"}]}},"_links":{"self":[{"href":"https:\/\/www.fiscalia.gov.co\/colombia\/wp-json\/wp\/v2\/posts\/301493","targetHints":{"allow":["GET"]}}],"collection":[{"href":"https:\/\/www.fiscalia.gov.co\/colombia\/wp-json\/wp\/v2\/posts"}],"about":[{"href":"https:\/\/www.fiscalia.gov.co\/colombia\/wp-json\/wp\/v2\/types\/post"}],"author":[{"embeddable":true,"href":"https:\/\/www.fiscalia.gov.co\/colombia\/wp-json\/wp\/v2\/users\/178"}],"replies":[{"embeddable":true,"href":"https:\/\/www.fiscalia.gov.co\/colombia\/wp-json\/wp\/v2\/comments?post=301493"}],"version-history":[{"count":1,"href":"https:\/\/www.fiscalia.gov.co\/colombia\/wp-json\/wp\/v2\/posts\/301493\/revisions"}],"predecessor-version":[{"id":301497,"href":"https:\/\/www.fiscalia.gov.co\/colombia\/wp-json\/wp\/v2\/posts\/301493\/revisions\/301497"}],"wp:attachment":[{"href":"https:\/\/www.fiscalia.gov.co\/colombia\/wp-json\/wp\/v2\/media?parent=301493"}],"wp:term":[{"taxonomy":"category","embeddable":true,"href":"https:\/\/www.fiscalia.gov.co\/colombia\/wp-json\/wp\/v2\/categories?post=301493"},{"taxonomy":"post_tag","embeddable":true,"href":"https:\/\/www.fiscalia.gov.co\/colombia\/wp-json\/wp\/v2\/tags?post=301493"}],"curies":[{"name":"wp","href":"https:\/\/api.w.org\/{rel}","templated":true}]}}