{"id":301392,"date":"2024-09-09T07:07:46","date_gmt":"2024-09-09T12:07:46","guid":{"rendered":"https:\/\/www.fiscalia.gov.co\/colombia\/?p=301392"},"modified":"2024-09-09T07:15:31","modified_gmt":"2024-09-09T12:15:31","slug":"confirmada-acusacion-en-contra-de-dos-exfuncionarios-de-la-petrolera-perenco-por-presuntos-nexos-con-grupos-paramilitares","status":"publish","type":"post","link":"https:\/\/www.fiscalia.gov.co\/colombia\/noticias\/confirmada-acusacion-en-contra-de-dos-exfuncionarios-de-la-petrolera-perenco-por-presuntos-nexos-con-grupos-paramilitares\/","title":{"rendered":"Confirmada acusaci\u00f3n en contra de dos exfuncionarios de la petrolera Perenco por presuntos nexos con grupos paramilitares"},"content":{"rendered":"<p style=\"text-align: center;\" data-originalfontsize=\"11pt\" data-originalcomputedfontsize=\"14.666667\"><strong><em>Son se\u00f1alados de intervenir en reuniones y acuerdos con integrantes del frente H\u00e9roes de San Fernando del Bloque Centauros y con las Autodefensas Campesinas del Casanare, para proveerlos de dinero, combustible, transporte y alimentos, a cambio de seguridad para los pozos petroleros.<\/em><\/strong><\/p>\n<p data-originalfontsize=\"11pt\" data-originalcomputedfontsize=\"14.666667\">Un fiscal delegado ante el Tribunal Superior de Bogot\u00e1 confirm\u00f3, en segunda instancia, la resoluci\u00f3n de acusaci\u00f3n en contra del exgerente de distrito de la petrolera Perenco, Antenor Sarmiento Delgado; y del exsupervisor de tierras de la misma compa\u00f1\u00eda, Ramiro Pinz\u00f3n Su\u00e1rez, como presuntos responsables del delito de concierto para delinquir agravado, conducta punible que fue declarada de lesa humanidad.<\/p>\n<p style=\"font-weight: 400;\" data-originalfontsize=\"11pt\" data-originalcomputedfontsize=\"14.666667\">De acuerdo con la investigaci\u00f3n liderada por un fiscal del Grupo de Compulsas de la Direcci\u00f3n de Justicia Transicional, los exdirectivos habr\u00edan intervenido en reuniones y acuerdos, o servido de intermediarios con integrantes del frente H\u00e9roes de San Fernando del Bloque Centauros y de las extintas Autodefensas Campesinas del Casanare.<\/p>\n<p style=\"font-weight: 400;\" data-originalfontsize=\"11pt\" data-originalcomputedfontsize=\"14.666667\">Al parecer, estos contactos il\u00edcitos se mantuvieron entre 1996 y 2005, y tendr\u00edan como prop\u00f3sito convenir, garantizar y asegurar un aporte mensual de la compa\u00f1\u00eda, de dinero, combustible, alimentaci\u00f3n y transporte, a cambio de un servicio de seguridad que ofrec\u00edan las estructuras armadas ilegales en los pozos de extracci\u00f3n de crudo.<\/p>\n<p style=\"font-weight: 400;\" data-originalfontsize=\"11pt\" data-originalcomputedfontsize=\"14.666667\">Este proceso se sigue bajo la ritualidad de la Ley 600 de 2000 (anterior Sistema Procesal Penal).<\/p>\n<p style=\"font-weight: 400;\" data-originalfontsize=\"11pt\" data-originalcomputedfontsize=\"14.666667\">LKSC\/JARG\/DS\/DJT<\/p>\n<p data-originalfontsize=\"11pt\" data-originalcomputedfontsize=\"14.666667\">\n<p data-originalfontsize=\"11pt\" data-originalcomputedfontsize=\"14.666667\"><em>La informaci\u00f3n contenida en este bolet\u00edn de prensa corresponde a la narraci\u00f3n de los hechos noticiosos objetivos, suministrados por los funcionarios encargados de adelantar las investigaciones penales al interior de la Fiscal\u00eda General de la Naci\u00f3n. Para el momento de la divulgaci\u00f3n de este comunicado, la situaci\u00f3n jur\u00eddica de la(s) persona(s) relacionada(s) se encuentra pendiente de resolver por la autoridad judicial competente, siempre bajo los preceptos de la presunci\u00f3n de inocencia, consagrados en el art\u00edculo 29 de la Constituci\u00f3n Pol\u00edtica y el art\u00edculo 7\u00ba de la Ley 906 de 2004.<\/em><\/p>\n<p data-originalfontsize=\"11pt\" data-originalcomputedfontsize=\"14.666667\">\n\n<div class=\"twitter-share\"><a href=\"https:\/\/twitter.com\/intent\/tweet?via=fiscaliacol\" class=\"twitter-share-button\">Tweet<\/a><\/div>\n","protected":false},"excerpt":{"rendered":"<p>Son se\u00f1alados de intervenir en reuniones y acuerdos con integrantes del frente H\u00e9roes de San Fernando del Bloque Centauros y con las Autodefensas Campesinas del Casanare, para proveerlos de dinero, [&hellip;]<\/p>\n","protected":false},"author":178,"featured_media":0,"comment_status":"closed","ping_status":"open","sticky":false,"template":"","format":"standard","meta":{"tdm_status":"","tdm_grid_status":"","footnotes":""},"categories":[1],"tags":[38549,592,425,38551,37492,1047,518,38548,38550],"class_list":["post-301392","post","type-post","status-publish","format-standard","category-noticias","tag-antenor-sarmiento-delgado","tag-autodefensas-campesinas-del-casanare","tag-bloque-centauros","tag-financiacion-paramilitares","tag-fiscal-luz-adriana-camargo","tag-fiscalia-general-de-la-nacion","tag-justicia-transicional","tag-perenco","tag-ramiro-pinzon-suarez"],"yoast_head":"<!-- This site is optimized with the Yoast SEO plugin v24.3 - https:\/\/yoast.com\/wordpress\/plugins\/seo\/ -->\n<title>Fiscal\u00eda General de la Naci\u00f3n<\/title>\n<meta name=\"description\" content=\"P\u00e1gina oficial de la Fiscal\u00eda General de la Naci\u00f3n \u2013 Colombia. Garantizamos el acceso efectivo a la justicia, la verdad y la reparaci\u00f3n de las v\u00edctimas de los delitos.\" \/>\n<meta name=\"robots\" content=\"noindex, follow\" \/>\n<meta property=\"og:locale\" content=\"es_ES\" \/>\n<meta property=\"og:type\" content=\"article\" \/>\n<meta property=\"og:title\" content=\"Fiscal\u00eda General de la Naci\u00f3n\" \/>\n<meta property=\"og:description\" content=\"P\u00e1gina oficial de la Fiscal\u00eda General de la Naci\u00f3n \u2013 Colombia. Garantizamos el acceso efectivo a la justicia, la verdad y la reparaci\u00f3n de las v\u00edctimas de los delitos.\" \/>\n<meta property=\"og:url\" content=\"https:\/\/www.fiscalia.gov.co\/colombia\/noticias\/confirmada-acusacion-en-contra-de-dos-exfuncionarios-de-la-petrolera-perenco-por-presuntos-nexos-con-grupos-paramilitares\/\" \/>\n<meta property=\"og:site_name\" content=\"Fiscal\u00eda General de la Naci\u00f3n\" \/>\n<meta property=\"article:publisher\" content=\"https:\/\/www.facebook.com\/FiscaliaCol\" \/>\n<meta property=\"article:published_time\" content=\"2024-09-09T12:07:46+00:00\" \/>\n<meta property=\"article:modified_time\" content=\"2024-09-09T12:15:31+00:00\" \/>\n<meta name=\"author\" content=\"Winnie Geraldine Rodr\u00edguez Navarrete\" \/>\n<meta name=\"twitter:card\" content=\"summary_large_image\" \/>\n<meta name=\"twitter:creator\" content=\"@FiscaliaCol\" \/>\n<meta name=\"twitter:site\" content=\"@FiscaliaCol\" \/>\n<meta name=\"twitter:label1\" content=\"Escrito por\" \/>\n\t<meta name=\"twitter:data1\" content=\"Winnie Geraldine Rodr\u00edguez Navarrete\" \/>\n\t<meta name=\"twitter:label2\" content=\"Tiempo de lectura\" \/>\n\t<meta name=\"twitter:data2\" content=\"2 minutos\" \/>\n<script type=\"application\/ld+json\" class=\"yoast-schema-graph\">{\"@context\":\"https:\/\/schema.org\",\"@graph\":[{\"@type\":\"Article\",\"@id\":\"https:\/\/www.fiscalia.gov.co\/colombia\/noticias\/confirmada-acusacion-en-contra-de-dos-exfuncionarios-de-la-petrolera-perenco-por-presuntos-nexos-con-grupos-paramilitares\/#article\",\"isPartOf\":{\"@id\":\"https:\/\/www.fiscalia.gov.co\/colombia\/noticias\/confirmada-acusacion-en-contra-de-dos-exfuncionarios-de-la-petrolera-perenco-por-presuntos-nexos-con-grupos-paramilitares\/\"},\"author\":{\"name\":\"Winnie Geraldine Rodr\u00edguez Navarrete\",\"@id\":\"https:\/\/www.fiscalia.gov.co\/colombia\/#\/schema\/person\/176195b99ebab0a52aafa15197e1bf80\"},\"headline\":\"Confirmada acusaci\u00f3n en contra de dos exfuncionarios de la petrolera Perenco por presuntos nexos con grupos paramilitares\",\"datePublished\":\"2024-09-09T12:07:46+00:00\",\"dateModified\":\"2024-09-09T12:15:31+00:00\",\"mainEntityOfPage\":{\"@id\":\"https:\/\/www.fiscalia.gov.co\/colombia\/noticias\/confirmada-acusacion-en-contra-de-dos-exfuncionarios-de-la-petrolera-perenco-por-presuntos-nexos-con-grupos-paramilitares\/\"},\"wordCount\":358,\"publisher\":{\"@id\":\"https:\/\/www.fiscalia.gov.co\/colombia\/#organization\"},\"keywords\":[\"Antenor Sarmiento Delgado\",\"Autodefensas Campesinas del Casanare\",\"Bloque Centauros\",\"financiaci\u00f3n paramilitares\",\"Fiscal Luz Adriana Camargo\",\"Fiscal\u00eda General de la Naci\u00f3n\",\"Justicia transicional\",\"Perenco\",\"Ramiro Pinz\u00f3n Su\u00e1rez\"],\"articleSection\":[\"Noticias\"],\"inLanguage\":\"es-CO\"},{\"@type\":\"WebPage\",\"@id\":\"https:\/\/www.fiscalia.gov.co\/colombia\/noticias\/confirmada-acusacion-en-contra-de-dos-exfuncionarios-de-la-petrolera-perenco-por-presuntos-nexos-con-grupos-paramilitares\/\",\"url\":\"https:\/\/www.fiscalia.gov.co\/colombia\/noticias\/confirmada-acusacion-en-contra-de-dos-exfuncionarios-de-la-petrolera-perenco-por-presuntos-nexos-con-grupos-paramilitares\/\",\"name\":\"Fiscal\u00eda General de la Naci\u00f3n\",\"isPartOf\":{\"@id\":\"https:\/\/www.fiscalia.gov.co\/colombia\/#website\"},\"datePublished\":\"2024-09-09T12:07:46+00:00\",\"dateModified\":\"2024-09-09T12:15:31+00:00\",\"description\":\"P\u00e1gina oficial de la Fiscal\u00eda General de la Naci\u00f3n \u2013 Colombia. Garantizamos el acceso efectivo a la justicia, la verdad y la reparaci\u00f3n de las v\u00edctimas de los delitos.\",\"breadcrumb\":{\"@id\":\"https:\/\/www.fiscalia.gov.co\/colombia\/noticias\/confirmada-acusacion-en-contra-de-dos-exfuncionarios-de-la-petrolera-perenco-por-presuntos-nexos-con-grupos-paramilitares\/#breadcrumb\"},\"inLanguage\":\"es-CO\",\"potentialAction\":[{\"@type\":\"ReadAction\",\"target\":[\"https:\/\/www.fiscalia.gov.co\/colombia\/noticias\/confirmada-acusacion-en-contra-de-dos-exfuncionarios-de-la-petrolera-perenco-por-presuntos-nexos-con-grupos-paramilitares\/\"]}]},{\"@type\":\"BreadcrumbList\",\"@id\":\"https:\/\/www.fiscalia.gov.co\/colombia\/noticias\/confirmada-acusacion-en-contra-de-dos-exfuncionarios-de-la-petrolera-perenco-por-presuntos-nexos-con-grupos-paramilitares\/#breadcrumb\",\"itemListElement\":[{\"@type\":\"ListItem\",\"position\":1,\"name\":\"Home\",\"item\":\"https:\/\/www.fiscalia.gov.co\/colombia\/\"},{\"@type\":\"ListItem\",\"position\":2,\"name\":\"Confirmada acusaci\u00f3n en contra de dos exfuncionarios de la petrolera Perenco por presuntos nexos con grupos paramilitares\"}]},{\"@type\":\"WebSite\",\"@id\":\"https:\/\/www.fiscalia.gov.co\/colombia\/#website\",\"url\":\"https:\/\/www.fiscalia.gov.co\/colombia\/\",\"name\":\"Fiscal\u00eda General de la Naci\u00f3n\",\"description\":\"P\u00e1gina oficial de la Fiscal\u00eda General de la Naci\u00f3n \u2013 Colombia. Garantizamos el acceso efectivo a la justicia, la verdad y la reparaci\u00f3n de las v\u00edctimas de los delitos.\",\"publisher\":{\"@id\":\"https:\/\/www.fiscalia.gov.co\/colombia\/#organization\"},\"potentialAction\":[{\"@type\":\"SearchAction\",\"target\":{\"@type\":\"EntryPoint\",\"urlTemplate\":\"https:\/\/www.fiscalia.gov.co\/colombia\/?s={search_term_string}\"},\"query-input\":{\"@type\":\"PropertyValueSpecification\",\"valueRequired\":true,\"valueName\":\"search_term_string\"}}],\"inLanguage\":\"es-CO\"},{\"@type\":\"Organization\",\"@id\":\"https:\/\/www.fiscalia.gov.co\/colombia\/#organization\",\"name\":\"Fiscal\u00eda General de la Naci\u00f3n\",\"url\":\"https:\/\/www.fiscalia.gov.co\/colombia\/\",\"logo\":{\"@type\":\"ImageObject\",\"inLanguage\":\"es-CO\",\"@id\":\"https:\/\/www.fiscalia.gov.co\/colombia\/#\/schema\/logo\/image\/\",\"url\":\"https:\/\/www.fiscalia.gov.co\/colombia\/wp-content\/uploads\/LogoHorizontal_1.jpg\",\"contentUrl\":\"https:\/\/www.fiscalia.gov.co\/colombia\/wp-content\/uploads\/LogoHorizontal_1.jpg\",\"width\":300,\"height\":90,\"caption\":\"Fiscal\u00eda General de la Naci\u00f3n\"},\"image\":{\"@id\":\"https:\/\/www.fiscalia.gov.co\/colombia\/#\/schema\/logo\/image\/\"},\"sameAs\":[\"https:\/\/www.facebook.com\/FiscaliaCol\",\"https:\/\/x.com\/FiscaliaCol\",\"https:\/\/www.instagram.com\/fiscaliacol\",\"https:\/\/www.linkedin.com\/company\/fiscalia-general-de-la-naci-n\/\",\"https:\/\/youtube.com\/@fiscaliageneraldelanacion-4668?si=6nN79nyQICPU5iTh\"]},{\"@type\":\"Person\",\"@id\":\"https:\/\/www.fiscalia.gov.co\/colombia\/#\/schema\/person\/176195b99ebab0a52aafa15197e1bf80\",\"name\":\"Winnie Geraldine Rodr\u00edguez Navarrete\",\"image\":{\"@type\":\"ImageObject\",\"inLanguage\":\"es-CO\",\"@id\":\"https:\/\/www.fiscalia.gov.co\/colombia\/#\/schema\/person\/image\/\",\"url\":\"https:\/\/secure.gravatar.com\/avatar\/c24cf8481dc84fa5e8c7b20bc95ab0c6?s=96&d=mm&r=g\",\"contentUrl\":\"https:\/\/secure.gravatar.com\/avatar\/c24cf8481dc84fa5e8c7b20bc95ab0c6?s=96&d=mm&r=g\",\"caption\":\"Winnie Geraldine Rodr\u00edguez Navarrete\"},\"url\":\"https:\/\/www.fiscalia.gov.co\/colombia\/author\/winnierodriguez\/\"}]}<\/script>\n<!-- \/ Yoast SEO plugin. -->","yoast_head_json":{"title":"Fiscal\u00eda General de la Naci\u00f3n","description":"P\u00e1gina oficial de la Fiscal\u00eda General de la Naci\u00f3n \u2013 Colombia. Garantizamos el acceso efectivo a la justicia, la verdad y la reparaci\u00f3n de las v\u00edctimas de los delitos.","robots":{"index":"noindex","follow":"follow"},"og_locale":"es_ES","og_type":"article","og_title":"Fiscal\u00eda General de la Naci\u00f3n","og_description":"P\u00e1gina oficial de la Fiscal\u00eda General de la Naci\u00f3n \u2013 Colombia. Garantizamos el acceso efectivo a la justicia, la verdad y la reparaci\u00f3n de las v\u00edctimas de los delitos.","og_url":"https:\/\/www.fiscalia.gov.co\/colombia\/noticias\/confirmada-acusacion-en-contra-de-dos-exfuncionarios-de-la-petrolera-perenco-por-presuntos-nexos-con-grupos-paramilitares\/","og_site_name":"Fiscal\u00eda General de la Naci\u00f3n","article_publisher":"https:\/\/www.facebook.com\/FiscaliaCol","article_published_time":"2024-09-09T12:07:46+00:00","article_modified_time":"2024-09-09T12:15:31+00:00","author":"Winnie Geraldine Rodr\u00edguez Navarrete","twitter_card":"summary_large_image","twitter_creator":"@FiscaliaCol","twitter_site":"@FiscaliaCol","twitter_misc":{"Escrito por":"Winnie Geraldine Rodr\u00edguez Navarrete","Tiempo de lectura":"2 minutos"},"schema":{"@context":"https:\/\/schema.org","@graph":[{"@type":"Article","@id":"https:\/\/www.fiscalia.gov.co\/colombia\/noticias\/confirmada-acusacion-en-contra-de-dos-exfuncionarios-de-la-petrolera-perenco-por-presuntos-nexos-con-grupos-paramilitares\/#article","isPartOf":{"@id":"https:\/\/www.fiscalia.gov.co\/colombia\/noticias\/confirmada-acusacion-en-contra-de-dos-exfuncionarios-de-la-petrolera-perenco-por-presuntos-nexos-con-grupos-paramilitares\/"},"author":{"name":"Winnie Geraldine Rodr\u00edguez Navarrete","@id":"https:\/\/www.fiscalia.gov.co\/colombia\/#\/schema\/person\/176195b99ebab0a52aafa15197e1bf80"},"headline":"Confirmada acusaci\u00f3n en contra de dos exfuncionarios de la petrolera Perenco por presuntos nexos con grupos paramilitares","datePublished":"2024-09-09T12:07:46+00:00","dateModified":"2024-09-09T12:15:31+00:00","mainEntityOfPage":{"@id":"https:\/\/www.fiscalia.gov.co\/colombia\/noticias\/confirmada-acusacion-en-contra-de-dos-exfuncionarios-de-la-petrolera-perenco-por-presuntos-nexos-con-grupos-paramilitares\/"},"wordCount":358,"publisher":{"@id":"https:\/\/www.fiscalia.gov.co\/colombia\/#organization"},"keywords":["Antenor Sarmiento Delgado","Autodefensas Campesinas del Casanare","Bloque Centauros","financiaci\u00f3n paramilitares","Fiscal Luz Adriana Camargo","Fiscal\u00eda General de la Naci\u00f3n","Justicia transicional","Perenco","Ramiro Pinz\u00f3n Su\u00e1rez"],"articleSection":["Noticias"],"inLanguage":"es-CO"},{"@type":"WebPage","@id":"https:\/\/www.fiscalia.gov.co\/colombia\/noticias\/confirmada-acusacion-en-contra-de-dos-exfuncionarios-de-la-petrolera-perenco-por-presuntos-nexos-con-grupos-paramilitares\/","url":"https:\/\/www.fiscalia.gov.co\/colombia\/noticias\/confirmada-acusacion-en-contra-de-dos-exfuncionarios-de-la-petrolera-perenco-por-presuntos-nexos-con-grupos-paramilitares\/","name":"Fiscal\u00eda General de la Naci\u00f3n","isPartOf":{"@id":"https:\/\/www.fiscalia.gov.co\/colombia\/#website"},"datePublished":"2024-09-09T12:07:46+00:00","dateModified":"2024-09-09T12:15:31+00:00","description":"P\u00e1gina oficial de la Fiscal\u00eda General de la Naci\u00f3n \u2013 Colombia. Garantizamos el acceso efectivo a la justicia, la verdad y la reparaci\u00f3n de las v\u00edctimas de los delitos.","breadcrumb":{"@id":"https:\/\/www.fiscalia.gov.co\/colombia\/noticias\/confirmada-acusacion-en-contra-de-dos-exfuncionarios-de-la-petrolera-perenco-por-presuntos-nexos-con-grupos-paramilitares\/#breadcrumb"},"inLanguage":"es-CO","potentialAction":[{"@type":"ReadAction","target":["https:\/\/www.fiscalia.gov.co\/colombia\/noticias\/confirmada-acusacion-en-contra-de-dos-exfuncionarios-de-la-petrolera-perenco-por-presuntos-nexos-con-grupos-paramilitares\/"]}]},{"@type":"BreadcrumbList","@id":"https:\/\/www.fiscalia.gov.co\/colombia\/noticias\/confirmada-acusacion-en-contra-de-dos-exfuncionarios-de-la-petrolera-perenco-por-presuntos-nexos-con-grupos-paramilitares\/#breadcrumb","itemListElement":[{"@type":"ListItem","position":1,"name":"Home","item":"https:\/\/www.fiscalia.gov.co\/colombia\/"},{"@type":"ListItem","position":2,"name":"Confirmada acusaci\u00f3n en contra de dos exfuncionarios de la petrolera Perenco por presuntos nexos con grupos paramilitares"}]},{"@type":"WebSite","@id":"https:\/\/www.fiscalia.gov.co\/colombia\/#website","url":"https:\/\/www.fiscalia.gov.co\/colombia\/","name":"Fiscal\u00eda General de la Naci\u00f3n","description":"P\u00e1gina oficial de la Fiscal\u00eda General de la Naci\u00f3n \u2013 Colombia. Garantizamos el acceso efectivo a la justicia, la verdad y la reparaci\u00f3n de las v\u00edctimas de los delitos.","publisher":{"@id":"https:\/\/www.fiscalia.gov.co\/colombia\/#organization"},"potentialAction":[{"@type":"SearchAction","target":{"@type":"EntryPoint","urlTemplate":"https:\/\/www.fiscalia.gov.co\/colombia\/?s={search_term_string}"},"query-input":{"@type":"PropertyValueSpecification","valueRequired":true,"valueName":"search_term_string"}}],"inLanguage":"es-CO"},{"@type":"Organization","@id":"https:\/\/www.fiscalia.gov.co\/colombia\/#organization","name":"Fiscal\u00eda General de la Naci\u00f3n","url":"https:\/\/www.fiscalia.gov.co\/colombia\/","logo":{"@type":"ImageObject","inLanguage":"es-CO","@id":"https:\/\/www.fiscalia.gov.co\/colombia\/#\/schema\/logo\/image\/","url":"https:\/\/www.fiscalia.gov.co\/colombia\/wp-content\/uploads\/LogoHorizontal_1.jpg","contentUrl":"https:\/\/www.fiscalia.gov.co\/colombia\/wp-content\/uploads\/LogoHorizontal_1.jpg","width":300,"height":90,"caption":"Fiscal\u00eda General de la Naci\u00f3n"},"image":{"@id":"https:\/\/www.fiscalia.gov.co\/colombia\/#\/schema\/logo\/image\/"},"sameAs":["https:\/\/www.facebook.com\/FiscaliaCol","https:\/\/x.com\/FiscaliaCol","https:\/\/www.instagram.com\/fiscaliacol","https:\/\/www.linkedin.com\/company\/fiscalia-general-de-la-naci-n\/","https:\/\/youtube.com\/@fiscaliageneraldelanacion-4668?si=6nN79nyQICPU5iTh"]},{"@type":"Person","@id":"https:\/\/www.fiscalia.gov.co\/colombia\/#\/schema\/person\/176195b99ebab0a52aafa15197e1bf80","name":"Winnie Geraldine Rodr\u00edguez Navarrete","image":{"@type":"ImageObject","inLanguage":"es-CO","@id":"https:\/\/www.fiscalia.gov.co\/colombia\/#\/schema\/person\/image\/","url":"https:\/\/secure.gravatar.com\/avatar\/c24cf8481dc84fa5e8c7b20bc95ab0c6?s=96&d=mm&r=g","contentUrl":"https:\/\/secure.gravatar.com\/avatar\/c24cf8481dc84fa5e8c7b20bc95ab0c6?s=96&d=mm&r=g","caption":"Winnie Geraldine Rodr\u00edguez Navarrete"},"url":"https:\/\/www.fiscalia.gov.co\/colombia\/author\/winnierodriguez\/"}]}},"_links":{"self":[{"href":"https:\/\/www.fiscalia.gov.co\/colombia\/wp-json\/wp\/v2\/posts\/301392","targetHints":{"allow":["GET"]}}],"collection":[{"href":"https:\/\/www.fiscalia.gov.co\/colombia\/wp-json\/wp\/v2\/posts"}],"about":[{"href":"https:\/\/www.fiscalia.gov.co\/colombia\/wp-json\/wp\/v2\/types\/post"}],"author":[{"embeddable":true,"href":"https:\/\/www.fiscalia.gov.co\/colombia\/wp-json\/wp\/v2\/users\/178"}],"replies":[{"embeddable":true,"href":"https:\/\/www.fiscalia.gov.co\/colombia\/wp-json\/wp\/v2\/comments?post=301392"}],"version-history":[{"count":3,"href":"https:\/\/www.fiscalia.gov.co\/colombia\/wp-json\/wp\/v2\/posts\/301392\/revisions"}],"predecessor-version":[{"id":301395,"href":"https:\/\/www.fiscalia.gov.co\/colombia\/wp-json\/wp\/v2\/posts\/301392\/revisions\/301395"}],"wp:attachment":[{"href":"https:\/\/www.fiscalia.gov.co\/colombia\/wp-json\/wp\/v2\/media?parent=301392"}],"wp:term":[{"taxonomy":"category","embeddable":true,"href":"https:\/\/www.fiscalia.gov.co\/colombia\/wp-json\/wp\/v2\/categories?post=301392"},{"taxonomy":"post_tag","embeddable":true,"href":"https:\/\/www.fiscalia.gov.co\/colombia\/wp-json\/wp\/v2\/tags?post=301392"}],"curies":[{"name":"wp","href":"https:\/\/api.w.org\/{rel}","templated":true}]}}