{"id":301281,"date":"2024-09-06T15:34:44","date_gmt":"2024-09-06T20:34:44","guid":{"rendered":"https:\/\/www.fiscalia.gov.co\/colombia\/?p=301281"},"modified":"2024-09-06T15:34:44","modified_gmt":"2024-09-06T20:34:44","slug":"jornada-de-atencion-a-victimas-de-desaparicion-y-desplazamiento-forzado-de-la-fiscalia-en-uraba","status":"publish","type":"post","link":"https:\/\/www.fiscalia.gov.co\/colombia\/noticias\/jornada-de-atencion-a-victimas-de-desaparicion-y-desplazamiento-forzado-de-la-fiscalia-en-uraba\/","title":{"rendered":"Jornada de atenci\u00f3n a v\u00edctimas de desaparici\u00f3n y desplazamiento forzado de la Fiscal\u00eda en Urab\u00e1"},"content":{"rendered":"<p>Desde el viernes 30 de agosto, D\u00eda Internacional de la Desaparici\u00f3n Forzada, hasta el 1 de septiembre de este a\u00f1o, la <strong>Fiscal\u00eda General de la Naci\u00f3n realiz\u00f3 una jornada de atenci\u00f3n a v\u00edctimas de Desaparici\u00f3n y Desplazamiento Forzado en el municipio de Apartad\u00f3 (Antioquia)<\/strong>.\u00a0 En\u00a0 el evento participaron tambi\u00e9n\u00a0 la Jurisdicci\u00f3n Especial para la Paz (JEP), la Unidad de B\u00fasqueda de Desaparecidos, la Unidad de Atenci\u00f3n y Reparaci\u00f3n Integral a V\u00edctimas (UARIV) y la alcald\u00eda municipal.<\/p>\n<figure id=\"attachment_301293\" aria-describedby=\"caption-attachment-301293\" style=\"width: 696px\" class=\"wp-caption aligncenter\"><img loading=\"lazy\" decoding=\"async\" class=\"size-large wp-image-301293\" src=\"https:\/\/www.fiscalia.gov.co\/colombia\/wp-content\/uploads\/ATENCION-A-VICTIMAS-1024x595.jpg\" alt=\"En la imagen aparecen servidores de la Fiscal\u00eda atendiendo las denucnias de la ciudadan\u00eda\" width=\"696\" height=\"404\" srcset=\"https:\/\/www.fiscalia.gov.co\/colombia\/wp-content\/uploads\/ATENCION-A-VICTIMAS-1024x595.jpg 1024w, https:\/\/www.fiscalia.gov.co\/colombia\/wp-content\/uploads\/ATENCION-A-VICTIMAS-300x174.jpg 300w, https:\/\/www.fiscalia.gov.co\/colombia\/wp-content\/uploads\/ATENCION-A-VICTIMAS-768x446.jpg 768w, https:\/\/www.fiscalia.gov.co\/colombia\/wp-content\/uploads\/ATENCION-A-VICTIMAS-1536x892.jpg 1536w, https:\/\/www.fiscalia.gov.co\/colombia\/wp-content\/uploads\/ATENCION-A-VICTIMAS-723x420.jpg 723w, https:\/\/www.fiscalia.gov.co\/colombia\/wp-content\/uploads\/ATENCION-A-VICTIMAS-696x404.jpg 696w, https:\/\/www.fiscalia.gov.co\/colombia\/wp-content\/uploads\/ATENCION-A-VICTIMAS-1068x620.jpg 1068w, https:\/\/www.fiscalia.gov.co\/colombia\/wp-content\/uploads\/ATENCION-A-VICTIMAS.jpg 1600w\" sizes=\"auto, (max-width: 696px) 100vw, 696px\" \/><figcaption id=\"caption-attachment-301293\" class=\"wp-caption-text\">Jornada de atenci\u00f3n a v\u00edctimas de desaparici\u00f3n y desplazamiento forzad en el municipio de Apartad\u00f3<\/figcaption><\/figure>\n<p>Aunque l<a href=\"https:\/\/www.fiscalia.gov.co\/colombia\/noticias\/fiscalia-realiza-jornadas-de-conciliacion-y-recepcion-de-denuncias-en-varios-municipios-de-huila\/\">a jornada estaba programada para atender especialmente a los habitantes<\/a> del corregimiento San Jos\u00e9 de Apartad\u00f3, <strong>se recibieron denuncias por casos de desaparici\u00f3n forzada y otros delitos ocurridos en la zona y en el departamento del Choc\u00f3.<\/strong><\/p>\n<p>Durante los tres d\u00edas del evento, que se realiz\u00f3\u00a0en la sede de la Universidad de Antioquia de la citada poblaci\u00f3n del Urab\u00e1 Antioque\u00f1o, <strong>fueron atendidas 173 personas y se tomaron 49 muestras biol\u00f3gicas para posteriores cotejos\u00a0de identificaci\u00f3n.<\/strong><\/p>\n<p><b>Exhumaci\u00f3n y entrega digna de restos<\/b><\/p>\n<p>El compromiso institucional de la Fiscal\u00eda con las v\u00edctimas de San Jos\u00e9 de Apartad\u00f3, uno de los municipios m\u00e1s afectados<strong> por el conflicto armado en la zona de Urab\u00e1, permiti\u00f3 adem\u00e1s la exhumaci\u00f3n de 6 cuerpos.<\/strong> Se trat\u00f3 de asesinatos motivados por los diferentes actores armados. <strong>Los hechos ocurrieron entre los a\u00f1os 1990 y 2002 en las veredas La Uni\u00f3n y la Esperanza.\u00a0<\/strong><\/p>\n<p><strong>Las diligencias para la recuperaci\u00f3n de los cuerpos fueron realizadas entre el 5 y el 12 de agosto pasado<\/strong> y en ellas<a href=\"https:\/\/www.fiscalia.gov.co\/colombia\/noticias\/fiscalia-hizo-entrega-digna-de-los-restos-de-dos-adolescentes-victimas-de-desaparicion-forzada-en-cartago-valle\/\"> intervinieron servidores el Grupo de Exhumaci\u00f3n, Identificaci\u00f3n y Entrega de Personas Desaparecidas<\/a> (GRUBE) de la Direcci\u00f3n Nacional de Justicia Transicional, con el apoyo del Ej\u00e9rcito Nacional.<\/p>\n<p>Adem\u00e1s, el pasado 31 de julio, la Fiscal\u00eda General de la Naci\u00f3n hizo entrega digna\u00a0de los restos de 5 v\u00edctimas del conflicto que fueron asesinadas en el mismo corregimiento entre los a\u00f1os 1986 y 2012.\u00a0 Tres de ellas eran integrantes de una misma familia.<\/p>\n<p>&nbsp;<\/p>\n<p>&nbsp;<\/p>\n<p>&nbsp;<\/p>\n<p>&nbsp;<\/p>\n<p>&nbsp;<\/p>\n<p>LFML\/MAM\/LMFO\/MAGA\/DSA<\/p>\n<p>&nbsp;<\/p>\n<p>&nbsp;<\/p>\n<p>&nbsp;<\/p>\n<p>&nbsp;<\/p>\n<div class=\"td-post-content tagdiv-type\">\n<p><em>La informaci\u00f3n contenida en este bolet\u00edn de prensa corresponde a la narraci\u00f3n de los hechos noticiosos objetivos, suministrados por los funcionarios encargados de adelantar las investigaciones penales al interior de la Fiscal\u00eda General de la Naci\u00f3n. Para el momento de la divulgaci\u00f3n de este comunicado, la situaci\u00f3n jur\u00eddica de la(s) persona(s) relacionada(s) se encuentra pendiente de resolver por la autoridad judicial competente, siempre bajo los preceptos de la presunci\u00f3n de inocencia, consagrados en el art\u00edculo 29 de la Constituci\u00f3n Pol\u00edtica y el art\u00edculo 7\u00ba de la Ley 906 de 2004<\/em><\/p>\n<\/div>\n<footer>\n<div class=\"td-post-source-tags\"><\/div>\n<div class=\"td-post-sharing-bottom\"><\/div>\n<\/footer>\n\n<div class=\"twitter-share\"><a href=\"https:\/\/twitter.com\/intent\/tweet?via=fiscaliacol\" class=\"twitter-share-button\">Tweet<\/a><\/div>\n","protected":false},"excerpt":{"rendered":"<p>Desde el viernes 30 de agosto, D\u00eda Internacional de la Desaparici\u00f3n Forzada, hasta el 1 de septiembre de este a\u00f1o, la Fiscal\u00eda General de la Naci\u00f3n realiz\u00f3 una jornada de [&hellip;]<\/p>\n","protected":false},"author":177,"featured_media":0,"comment_status":"closed","ping_status":"open","sticky":false,"template":"","format":"standard","meta":{"tdm_status":"","tdm_grid_status":"","footnotes":""},"categories":[1,318,303],"tags":[363,37492,1047,38546,23985,23970],"class_list":["post-301281","post","type-post","status-publish","format-standard","category-noticias","category-seccional-antioquia","category-seccionales","tag-desaparicion-forzada","tag-fiscal-luz-adriana-camargo","tag-fiscalia-general-de-la-nacion","tag-jornada-de-atencion","tag-medellin-antioquia","tag-victimas"],"yoast_head":"<!-- This site is optimized with the Yoast SEO plugin v24.3 - https:\/\/yoast.com\/wordpress\/plugins\/seo\/ -->\n<title>Fiscal\u00eda General de la Naci\u00f3n<\/title>\n<meta name=\"description\" content=\"P\u00e1gina oficial de la Fiscal\u00eda General de la Naci\u00f3n \u2013 Colombia. Garantizamos el acceso efectivo a la justicia, la verdad y la reparaci\u00f3n de las v\u00edctimas de los delitos.\" \/>\n<meta name=\"robots\" content=\"noindex, follow\" \/>\n<meta property=\"og:locale\" content=\"es_ES\" \/>\n<meta property=\"og:type\" content=\"article\" \/>\n<meta property=\"og:title\" content=\"Fiscal\u00eda General de la Naci\u00f3n\" \/>\n<meta property=\"og:description\" content=\"P\u00e1gina oficial de la Fiscal\u00eda General de la Naci\u00f3n \u2013 Colombia. Garantizamos el acceso efectivo a la justicia, la verdad y la reparaci\u00f3n de las v\u00edctimas de los delitos.\" \/>\n<meta property=\"og:url\" content=\"https:\/\/www.fiscalia.gov.co\/colombia\/noticias\/jornada-de-atencion-a-victimas-de-desaparicion-y-desplazamiento-forzado-de-la-fiscalia-en-uraba\/\" \/>\n<meta property=\"og:site_name\" content=\"Fiscal\u00eda General de la Naci\u00f3n\" \/>\n<meta property=\"article:publisher\" content=\"https:\/\/www.facebook.com\/FiscaliaCol\" \/>\n<meta property=\"article:published_time\" content=\"2024-09-06T20:34:44+00:00\" \/>\n<meta property=\"og:image\" content=\"https:\/\/www.fiscalia.gov.co\/colombia\/wp-content\/uploads\/ATENCION-A-VICTIMAS-1024x595.jpg\" \/>\n<meta name=\"author\" content=\"Jordan Leandro Oviedo Anzola\" \/>\n<meta name=\"twitter:card\" content=\"summary_large_image\" \/>\n<meta name=\"twitter:creator\" content=\"@FiscaliaCol\" \/>\n<meta name=\"twitter:site\" content=\"@FiscaliaCol\" \/>\n<meta name=\"twitter:label1\" content=\"Escrito por\" \/>\n\t<meta name=\"twitter:data1\" content=\"Jordan Leandro Oviedo Anzola\" \/>\n\t<meta name=\"twitter:label2\" content=\"Tiempo de lectura\" \/>\n\t<meta name=\"twitter:data2\" content=\"3 minutos\" \/>\n<script type=\"application\/ld+json\" class=\"yoast-schema-graph\">{\"@context\":\"https:\/\/schema.org\",\"@graph\":[{\"@type\":\"Article\",\"@id\":\"https:\/\/www.fiscalia.gov.co\/colombia\/noticias\/jornada-de-atencion-a-victimas-de-desaparicion-y-desplazamiento-forzado-de-la-fiscalia-en-uraba\/#article\",\"isPartOf\":{\"@id\":\"https:\/\/www.fiscalia.gov.co\/colombia\/noticias\/jornada-de-atencion-a-victimas-de-desaparicion-y-desplazamiento-forzado-de-la-fiscalia-en-uraba\/\"},\"author\":{\"name\":\"Jordan Leandro Oviedo Anzola\",\"@id\":\"https:\/\/www.fiscalia.gov.co\/colombia\/#\/schema\/person\/bf84402cf293a5393e9c70b111020b24\"},\"headline\":\"Jornada de atenci\u00f3n a v\u00edctimas de desaparici\u00f3n y desplazamiento forzado de la Fiscal\u00eda en Urab\u00e1\",\"datePublished\":\"2024-09-06T20:34:44+00:00\",\"dateModified\":\"2024-09-06T20:34:44+00:00\",\"mainEntityOfPage\":{\"@id\":\"https:\/\/www.fiscalia.gov.co\/colombia\/noticias\/jornada-de-atencion-a-victimas-de-desaparicion-y-desplazamiento-forzado-de-la-fiscalia-en-uraba\/\"},\"wordCount\":501,\"publisher\":{\"@id\":\"https:\/\/www.fiscalia.gov.co\/colombia\/#organization\"},\"image\":{\"@id\":\"https:\/\/www.fiscalia.gov.co\/colombia\/noticias\/jornada-de-atencion-a-victimas-de-desaparicion-y-desplazamiento-forzado-de-la-fiscalia-en-uraba\/#primaryimage\"},\"thumbnailUrl\":\"https:\/\/www.fiscalia.gov.co\/colombia\/wp-content\/uploads\/ATENCION-A-VICTIMAS-1024x595.jpg\",\"keywords\":[\"Desaparici\u00f3n forzada\",\"Fiscal Luz Adriana Camargo\",\"Fiscal\u00eda General de la Naci\u00f3n\",\"jornada de atenci\u00f3n\",\"Medell\u00edn (Antioquia)\",\"V\u00edctimas\"],\"articleSection\":[\"Noticias\",\"Seccional Antioquia\",\"Seccionales\"],\"inLanguage\":\"es-CO\"},{\"@type\":\"WebPage\",\"@id\":\"https:\/\/www.fiscalia.gov.co\/colombia\/noticias\/jornada-de-atencion-a-victimas-de-desaparicion-y-desplazamiento-forzado-de-la-fiscalia-en-uraba\/\",\"url\":\"https:\/\/www.fiscalia.gov.co\/colombia\/noticias\/jornada-de-atencion-a-victimas-de-desaparicion-y-desplazamiento-forzado-de-la-fiscalia-en-uraba\/\",\"name\":\"Fiscal\u00eda General de la Naci\u00f3n\",\"isPartOf\":{\"@id\":\"https:\/\/www.fiscalia.gov.co\/colombia\/#website\"},\"primaryImageOfPage\":{\"@id\":\"https:\/\/www.fiscalia.gov.co\/colombia\/noticias\/jornada-de-atencion-a-victimas-de-desaparicion-y-desplazamiento-forzado-de-la-fiscalia-en-uraba\/#primaryimage\"},\"image\":{\"@id\":\"https:\/\/www.fiscalia.gov.co\/colombia\/noticias\/jornada-de-atencion-a-victimas-de-desaparicion-y-desplazamiento-forzado-de-la-fiscalia-en-uraba\/#primaryimage\"},\"thumbnailUrl\":\"https:\/\/www.fiscalia.gov.co\/colombia\/wp-content\/uploads\/ATENCION-A-VICTIMAS-1024x595.jpg\",\"datePublished\":\"2024-09-06T20:34:44+00:00\",\"dateModified\":\"2024-09-06T20:34:44+00:00\",\"description\":\"P\u00e1gina oficial de la Fiscal\u00eda General de la Naci\u00f3n \u2013 Colombia. Garantizamos el acceso efectivo a la justicia, la verdad y la reparaci\u00f3n de las v\u00edctimas de los delitos.\",\"breadcrumb\":{\"@id\":\"https:\/\/www.fiscalia.gov.co\/colombia\/noticias\/jornada-de-atencion-a-victimas-de-desaparicion-y-desplazamiento-forzado-de-la-fiscalia-en-uraba\/#breadcrumb\"},\"inLanguage\":\"es-CO\",\"potentialAction\":[{\"@type\":\"ReadAction\",\"target\":[\"https:\/\/www.fiscalia.gov.co\/colombia\/noticias\/jornada-de-atencion-a-victimas-de-desaparicion-y-desplazamiento-forzado-de-la-fiscalia-en-uraba\/\"]}]},{\"@type\":\"ImageObject\",\"inLanguage\":\"es-CO\",\"@id\":\"https:\/\/www.fiscalia.gov.co\/colombia\/noticias\/jornada-de-atencion-a-victimas-de-desaparicion-y-desplazamiento-forzado-de-la-fiscalia-en-uraba\/#primaryimage\",\"url\":\"https:\/\/www.fiscalia.gov.co\/colombia\/wp-content\/uploads\/ATENCION-A-VICTIMAS.jpg\",\"contentUrl\":\"https:\/\/www.fiscalia.gov.co\/colombia\/wp-content\/uploads\/ATENCION-A-VICTIMAS.jpg\",\"width\":1600,\"height\":929,\"caption\":\"Jornada de atenci\u00f3n a v\u00edctimas de desaparici\u00f3n y desplazamiento forzad en el municipio de Apartad\u00f3\"},{\"@type\":\"BreadcrumbList\",\"@id\":\"https:\/\/www.fiscalia.gov.co\/colombia\/noticias\/jornada-de-atencion-a-victimas-de-desaparicion-y-desplazamiento-forzado-de-la-fiscalia-en-uraba\/#breadcrumb\",\"itemListElement\":[{\"@type\":\"ListItem\",\"position\":1,\"name\":\"Home\",\"item\":\"https:\/\/www.fiscalia.gov.co\/colombia\/\"},{\"@type\":\"ListItem\",\"position\":2,\"name\":\"Jornada de atenci\u00f3n a v\u00edctimas de desaparici\u00f3n y desplazamiento forzado de la Fiscal\u00eda en Urab\u00e1\"}]},{\"@type\":\"WebSite\",\"@id\":\"https:\/\/www.fiscalia.gov.co\/colombia\/#website\",\"url\":\"https:\/\/www.fiscalia.gov.co\/colombia\/\",\"name\":\"Fiscal\u00eda General de la Naci\u00f3n\",\"description\":\"P\u00e1gina oficial de la Fiscal\u00eda General de la Naci\u00f3n \u2013 Colombia. Garantizamos el acceso efectivo a la justicia, la verdad y la reparaci\u00f3n de las v\u00edctimas de los delitos.\",\"publisher\":{\"@id\":\"https:\/\/www.fiscalia.gov.co\/colombia\/#organization\"},\"potentialAction\":[{\"@type\":\"SearchAction\",\"target\":{\"@type\":\"EntryPoint\",\"urlTemplate\":\"https:\/\/www.fiscalia.gov.co\/colombia\/?s={search_term_string}\"},\"query-input\":{\"@type\":\"PropertyValueSpecification\",\"valueRequired\":true,\"valueName\":\"search_term_string\"}}],\"inLanguage\":\"es-CO\"},{\"@type\":\"Organization\",\"@id\":\"https:\/\/www.fiscalia.gov.co\/colombia\/#organization\",\"name\":\"Fiscal\u00eda General de la Naci\u00f3n\",\"url\":\"https:\/\/www.fiscalia.gov.co\/colombia\/\",\"logo\":{\"@type\":\"ImageObject\",\"inLanguage\":\"es-CO\",\"@id\":\"https:\/\/www.fiscalia.gov.co\/colombia\/#\/schema\/logo\/image\/\",\"url\":\"https:\/\/www.fiscalia.gov.co\/colombia\/wp-content\/uploads\/LogoHorizontal_1.jpg\",\"contentUrl\":\"https:\/\/www.fiscalia.gov.co\/colombia\/wp-content\/uploads\/LogoHorizontal_1.jpg\",\"width\":300,\"height\":90,\"caption\":\"Fiscal\u00eda General de la Naci\u00f3n\"},\"image\":{\"@id\":\"https:\/\/www.fiscalia.gov.co\/colombia\/#\/schema\/logo\/image\/\"},\"sameAs\":[\"https:\/\/www.facebook.com\/FiscaliaCol\",\"https:\/\/x.com\/FiscaliaCol\",\"https:\/\/www.instagram.com\/fiscaliacol\",\"https:\/\/www.linkedin.com\/company\/fiscalia-general-de-la-naci-n\/\",\"https:\/\/youtube.com\/@fiscaliageneraldelanacion-4668?si=6nN79nyQICPU5iTh\"]},{\"@type\":\"Person\",\"@id\":\"https:\/\/www.fiscalia.gov.co\/colombia\/#\/schema\/person\/bf84402cf293a5393e9c70b111020b24\",\"name\":\"Jordan Leandro Oviedo Anzola\",\"image\":{\"@type\":\"ImageObject\",\"inLanguage\":\"es-CO\",\"@id\":\"https:\/\/www.fiscalia.gov.co\/colombia\/#\/schema\/person\/image\/\",\"url\":\"https:\/\/secure.gravatar.com\/avatar\/dabba4346fa9b9207d96adafa8f92721?s=96&d=mm&r=g\",\"contentUrl\":\"https:\/\/secure.gravatar.com\/avatar\/dabba4346fa9b9207d96adafa8f92721?s=96&d=mm&r=g\",\"caption\":\"Jordan Leandro Oviedo Anzola\"},\"url\":\"https:\/\/www.fiscalia.gov.co\/colombia\/author\/joviedo\/\"}]}<\/script>\n<!-- \/ Yoast SEO plugin. -->","yoast_head_json":{"title":"Fiscal\u00eda General de la Naci\u00f3n","description":"P\u00e1gina oficial de la Fiscal\u00eda General de la Naci\u00f3n \u2013 Colombia. Garantizamos el acceso efectivo a la justicia, la verdad y la reparaci\u00f3n de las v\u00edctimas de los delitos.","robots":{"index":"noindex","follow":"follow"},"og_locale":"es_ES","og_type":"article","og_title":"Fiscal\u00eda General de la Naci\u00f3n","og_description":"P\u00e1gina oficial de la Fiscal\u00eda General de la Naci\u00f3n \u2013 Colombia. Garantizamos el acceso efectivo a la justicia, la verdad y la reparaci\u00f3n de las v\u00edctimas de los delitos.","og_url":"https:\/\/www.fiscalia.gov.co\/colombia\/noticias\/jornada-de-atencion-a-victimas-de-desaparicion-y-desplazamiento-forzado-de-la-fiscalia-en-uraba\/","og_site_name":"Fiscal\u00eda General de la Naci\u00f3n","article_publisher":"https:\/\/www.facebook.com\/FiscaliaCol","article_published_time":"2024-09-06T20:34:44+00:00","og_image":[{"url":"https:\/\/www.fiscalia.gov.co\/colombia\/wp-content\/uploads\/ATENCION-A-VICTIMAS-1024x595.jpg","type":"","width":"","height":""}],"author":"Jordan Leandro Oviedo Anzola","twitter_card":"summary_large_image","twitter_creator":"@FiscaliaCol","twitter_site":"@FiscaliaCol","twitter_misc":{"Escrito por":"Jordan Leandro Oviedo Anzola","Tiempo de lectura":"3 minutos"},"schema":{"@context":"https:\/\/schema.org","@graph":[{"@type":"Article","@id":"https:\/\/www.fiscalia.gov.co\/colombia\/noticias\/jornada-de-atencion-a-victimas-de-desaparicion-y-desplazamiento-forzado-de-la-fiscalia-en-uraba\/#article","isPartOf":{"@id":"https:\/\/www.fiscalia.gov.co\/colombia\/noticias\/jornada-de-atencion-a-victimas-de-desaparicion-y-desplazamiento-forzado-de-la-fiscalia-en-uraba\/"},"author":{"name":"Jordan Leandro Oviedo Anzola","@id":"https:\/\/www.fiscalia.gov.co\/colombia\/#\/schema\/person\/bf84402cf293a5393e9c70b111020b24"},"headline":"Jornada de atenci\u00f3n a v\u00edctimas de desaparici\u00f3n y desplazamiento forzado de la Fiscal\u00eda en Urab\u00e1","datePublished":"2024-09-06T20:34:44+00:00","dateModified":"2024-09-06T20:34:44+00:00","mainEntityOfPage":{"@id":"https:\/\/www.fiscalia.gov.co\/colombia\/noticias\/jornada-de-atencion-a-victimas-de-desaparicion-y-desplazamiento-forzado-de-la-fiscalia-en-uraba\/"},"wordCount":501,"publisher":{"@id":"https:\/\/www.fiscalia.gov.co\/colombia\/#organization"},"image":{"@id":"https:\/\/www.fiscalia.gov.co\/colombia\/noticias\/jornada-de-atencion-a-victimas-de-desaparicion-y-desplazamiento-forzado-de-la-fiscalia-en-uraba\/#primaryimage"},"thumbnailUrl":"https:\/\/www.fiscalia.gov.co\/colombia\/wp-content\/uploads\/ATENCION-A-VICTIMAS-1024x595.jpg","keywords":["Desaparici\u00f3n forzada","Fiscal Luz Adriana Camargo","Fiscal\u00eda General de la Naci\u00f3n","jornada de atenci\u00f3n","Medell\u00edn (Antioquia)","V\u00edctimas"],"articleSection":["Noticias","Seccional Antioquia","Seccionales"],"inLanguage":"es-CO"},{"@type":"WebPage","@id":"https:\/\/www.fiscalia.gov.co\/colombia\/noticias\/jornada-de-atencion-a-victimas-de-desaparicion-y-desplazamiento-forzado-de-la-fiscalia-en-uraba\/","url":"https:\/\/www.fiscalia.gov.co\/colombia\/noticias\/jornada-de-atencion-a-victimas-de-desaparicion-y-desplazamiento-forzado-de-la-fiscalia-en-uraba\/","name":"Fiscal\u00eda General de la Naci\u00f3n","isPartOf":{"@id":"https:\/\/www.fiscalia.gov.co\/colombia\/#website"},"primaryImageOfPage":{"@id":"https:\/\/www.fiscalia.gov.co\/colombia\/noticias\/jornada-de-atencion-a-victimas-de-desaparicion-y-desplazamiento-forzado-de-la-fiscalia-en-uraba\/#primaryimage"},"image":{"@id":"https:\/\/www.fiscalia.gov.co\/colombia\/noticias\/jornada-de-atencion-a-victimas-de-desaparicion-y-desplazamiento-forzado-de-la-fiscalia-en-uraba\/#primaryimage"},"thumbnailUrl":"https:\/\/www.fiscalia.gov.co\/colombia\/wp-content\/uploads\/ATENCION-A-VICTIMAS-1024x595.jpg","datePublished":"2024-09-06T20:34:44+00:00","dateModified":"2024-09-06T20:34:44+00:00","description":"P\u00e1gina oficial de la Fiscal\u00eda General de la Naci\u00f3n \u2013 Colombia. Garantizamos el acceso efectivo a la justicia, la verdad y la reparaci\u00f3n de las v\u00edctimas de los delitos.","breadcrumb":{"@id":"https:\/\/www.fiscalia.gov.co\/colombia\/noticias\/jornada-de-atencion-a-victimas-de-desaparicion-y-desplazamiento-forzado-de-la-fiscalia-en-uraba\/#breadcrumb"},"inLanguage":"es-CO","potentialAction":[{"@type":"ReadAction","target":["https:\/\/www.fiscalia.gov.co\/colombia\/noticias\/jornada-de-atencion-a-victimas-de-desaparicion-y-desplazamiento-forzado-de-la-fiscalia-en-uraba\/"]}]},{"@type":"ImageObject","inLanguage":"es-CO","@id":"https:\/\/www.fiscalia.gov.co\/colombia\/noticias\/jornada-de-atencion-a-victimas-de-desaparicion-y-desplazamiento-forzado-de-la-fiscalia-en-uraba\/#primaryimage","url":"https:\/\/www.fiscalia.gov.co\/colombia\/wp-content\/uploads\/ATENCION-A-VICTIMAS.jpg","contentUrl":"https:\/\/www.fiscalia.gov.co\/colombia\/wp-content\/uploads\/ATENCION-A-VICTIMAS.jpg","width":1600,"height":929,"caption":"Jornada de atenci\u00f3n a v\u00edctimas de desaparici\u00f3n y desplazamiento forzad en el municipio de Apartad\u00f3"},{"@type":"BreadcrumbList","@id":"https:\/\/www.fiscalia.gov.co\/colombia\/noticias\/jornada-de-atencion-a-victimas-de-desaparicion-y-desplazamiento-forzado-de-la-fiscalia-en-uraba\/#breadcrumb","itemListElement":[{"@type":"ListItem","position":1,"name":"Home","item":"https:\/\/www.fiscalia.gov.co\/colombia\/"},{"@type":"ListItem","position":2,"name":"Jornada de atenci\u00f3n a v\u00edctimas de desaparici\u00f3n y desplazamiento forzado de la Fiscal\u00eda en Urab\u00e1"}]},{"@type":"WebSite","@id":"https:\/\/www.fiscalia.gov.co\/colombia\/#website","url":"https:\/\/www.fiscalia.gov.co\/colombia\/","name":"Fiscal\u00eda General de la Naci\u00f3n","description":"P\u00e1gina oficial de la Fiscal\u00eda General de la Naci\u00f3n \u2013 Colombia. Garantizamos el acceso efectivo a la justicia, la verdad y la reparaci\u00f3n de las v\u00edctimas de los delitos.","publisher":{"@id":"https:\/\/www.fiscalia.gov.co\/colombia\/#organization"},"potentialAction":[{"@type":"SearchAction","target":{"@type":"EntryPoint","urlTemplate":"https:\/\/www.fiscalia.gov.co\/colombia\/?s={search_term_string}"},"query-input":{"@type":"PropertyValueSpecification","valueRequired":true,"valueName":"search_term_string"}}],"inLanguage":"es-CO"},{"@type":"Organization","@id":"https:\/\/www.fiscalia.gov.co\/colombia\/#organization","name":"Fiscal\u00eda General de la Naci\u00f3n","url":"https:\/\/www.fiscalia.gov.co\/colombia\/","logo":{"@type":"ImageObject","inLanguage":"es-CO","@id":"https:\/\/www.fiscalia.gov.co\/colombia\/#\/schema\/logo\/image\/","url":"https:\/\/www.fiscalia.gov.co\/colombia\/wp-content\/uploads\/LogoHorizontal_1.jpg","contentUrl":"https:\/\/www.fiscalia.gov.co\/colombia\/wp-content\/uploads\/LogoHorizontal_1.jpg","width":300,"height":90,"caption":"Fiscal\u00eda General de la Naci\u00f3n"},"image":{"@id":"https:\/\/www.fiscalia.gov.co\/colombia\/#\/schema\/logo\/image\/"},"sameAs":["https:\/\/www.facebook.com\/FiscaliaCol","https:\/\/x.com\/FiscaliaCol","https:\/\/www.instagram.com\/fiscaliacol","https:\/\/www.linkedin.com\/company\/fiscalia-general-de-la-naci-n\/","https:\/\/youtube.com\/@fiscaliageneraldelanacion-4668?si=6nN79nyQICPU5iTh"]},{"@type":"Person","@id":"https:\/\/www.fiscalia.gov.co\/colombia\/#\/schema\/person\/bf84402cf293a5393e9c70b111020b24","name":"Jordan Leandro Oviedo Anzola","image":{"@type":"ImageObject","inLanguage":"es-CO","@id":"https:\/\/www.fiscalia.gov.co\/colombia\/#\/schema\/person\/image\/","url":"https:\/\/secure.gravatar.com\/avatar\/dabba4346fa9b9207d96adafa8f92721?s=96&d=mm&r=g","contentUrl":"https:\/\/secure.gravatar.com\/avatar\/dabba4346fa9b9207d96adafa8f92721?s=96&d=mm&r=g","caption":"Jordan Leandro Oviedo Anzola"},"url":"https:\/\/www.fiscalia.gov.co\/colombia\/author\/joviedo\/"}]}},"_links":{"self":[{"href":"https:\/\/www.fiscalia.gov.co\/colombia\/wp-json\/wp\/v2\/posts\/301281","targetHints":{"allow":["GET"]}}],"collection":[{"href":"https:\/\/www.fiscalia.gov.co\/colombia\/wp-json\/wp\/v2\/posts"}],"about":[{"href":"https:\/\/www.fiscalia.gov.co\/colombia\/wp-json\/wp\/v2\/types\/post"}],"author":[{"embeddable":true,"href":"https:\/\/www.fiscalia.gov.co\/colombia\/wp-json\/wp\/v2\/users\/177"}],"replies":[{"embeddable":true,"href":"https:\/\/www.fiscalia.gov.co\/colombia\/wp-json\/wp\/v2\/comments?post=301281"}],"version-history":[{"count":1,"href":"https:\/\/www.fiscalia.gov.co\/colombia\/wp-json\/wp\/v2\/posts\/301281\/revisions"}],"predecessor-version":[{"id":301294,"href":"https:\/\/www.fiscalia.gov.co\/colombia\/wp-json\/wp\/v2\/posts\/301281\/revisions\/301294"}],"wp:attachment":[{"href":"https:\/\/www.fiscalia.gov.co\/colombia\/wp-json\/wp\/v2\/media?parent=301281"}],"wp:term":[{"taxonomy":"category","embeddable":true,"href":"https:\/\/www.fiscalia.gov.co\/colombia\/wp-json\/wp\/v2\/categories?post=301281"},{"taxonomy":"post_tag","embeddable":true,"href":"https:\/\/www.fiscalia.gov.co\/colombia\/wp-json\/wp\/v2\/tags?post=301281"}],"curies":[{"name":"wp","href":"https:\/\/api.w.org\/{rel}","templated":true}]}}