{"id":301231,"date":"2024-09-06T11:16:37","date_gmt":"2024-09-06T16:16:37","guid":{"rendered":"https:\/\/www.fiscalia.gov.co\/colombia\/?p=301231"},"modified":"2024-09-06T11:16:37","modified_gmt":"2024-09-06T16:16:37","slug":"en-cartagena-fiscalia-obtuvo-condena-de-27-anos-contra-padre-de-familia-que-abuso-de-su-hija","status":"publish","type":"post","link":"https:\/\/www.fiscalia.gov.co\/colombia\/noticias\/en-cartagena-fiscalia-obtuvo-condena-de-27-anos-contra-padre-de-familia-que-abuso-de-su-hija\/","title":{"rendered":"En Cartagena, Fiscal\u00eda obtuvo condena de 27 a\u00f1os contra padre de familia que abus\u00f3 de su hija"},"content":{"rendered":"<h4 style=\"font-weight: 400; text-align: center;\"><strong><em>En una segunda investigaci\u00f3n tambi\u00e9n fue enviado a la c\u00e1rcel otro hombre que, al parecer, cometi\u00f3 vej\u00e1menes sexuales a su hija por 10 a\u00f1os.<\/em><\/strong><\/h4>\n<p style=\"font-weight: 400;\">Las pruebas presentadas por un fiscal de la Seccional Bol\u00edvar permitieron que un juez de conocimiento<strong> condenara a un hombre a 27 a\u00f1os de prisi\u00f3n<\/strong>, como responsable del delito de <a href=\"https:\/\/www.fiscalia.gov.co\/colombia\/noticias\/condenado-a-mas-de-21-anos-de-prision-padre-que-abuso-sexualmente-de-su-hijo-de-13-anos\/\">acceso carnal violento agravado contra su hija de 12 a\u00f1os.<\/a><\/p>\n<p style=\"font-weight: 400;\">La investigaci\u00f3n demostr\u00f3 que para los meses de mayo y junio de 2012 el sentenciado <strong>amenaz\u00f3 con arma cortopunzante a su hija para accederla carnalmente en varias oportunidades.<\/strong><\/p>\n<p style=\"font-weight: 400;\">La Fiscal\u00eda prob\u00f3 que este hombre aprovechaba los momentos en los que se encontraba solo con la menor para agredirla sexualmente en su casa, ubicada en el barrio La Esperanza de Cartagena.<\/p>\n<p style=\"font-weight: 400;\"><strong>Judicializado por presuntamente abusar de su hija por 10 a\u00f1os<\/strong><\/p>\n<p style=\"font-weight: 400;\">Por solicitud de la Fiscal\u00eda, un juez de control de garant\u00edas impuso medida de aseguramiento en establecimiento carcelario a un hombre presuntamente responsable de los delitos de actos sexuales con menor de 14 a\u00f1os,<a href=\"https:\/\/www.fiscalia.gov.co\/colombia\/noticias\/condenada-a-12-anos-de-carcel-una-mujer-que-abuso-sexualmente-de-su-hermanastra-menor-de-edad\/\"> acceso carnal abusivo con menor de 14 a\u00f1os y acto sexual violento,<\/a> todas las conductas agravadas.<\/p>\n<figure id=\"attachment_301267\" aria-describedby=\"caption-attachment-301267\" style=\"width: 696px\" class=\"wp-caption aligncenter\"><img loading=\"lazy\" decoding=\"async\" class=\"size-large wp-image-301267\" src=\"https:\/\/www.fiscalia.gov.co\/colombia\/wp-content\/uploads\/Foto-boletin-6-de-septiembre-papa-abusador-sexual--1024x1022.jpeg\" alt=\"En la fotograf\u00eda aparece un hombre de pie, con el rostro difuso, los brazos atr\u00e1s, de estatura media, vestido con camiseta azul oscura, jean azul y tenis negros, custodiado por un uniformado de la Polic\u00eda Nacional. \" width=\"696\" height=\"695\" srcset=\"https:\/\/www.fiscalia.gov.co\/colombia\/wp-content\/uploads\/Foto-boletin-6-de-septiembre-papa-abusador-sexual--1024x1022.jpeg 1024w, https:\/\/www.fiscalia.gov.co\/colombia\/wp-content\/uploads\/Foto-boletin-6-de-septiembre-papa-abusador-sexual--300x300.jpeg 300w, https:\/\/www.fiscalia.gov.co\/colombia\/wp-content\/uploads\/Foto-boletin-6-de-septiembre-papa-abusador-sexual--150x150.jpeg 150w, https:\/\/www.fiscalia.gov.co\/colombia\/wp-content\/uploads\/Foto-boletin-6-de-septiembre-papa-abusador-sexual--768x767.jpeg 768w, https:\/\/www.fiscalia.gov.co\/colombia\/wp-content\/uploads\/Foto-boletin-6-de-septiembre-papa-abusador-sexual--421x420.jpeg 421w, https:\/\/www.fiscalia.gov.co\/colombia\/wp-content\/uploads\/Foto-boletin-6-de-septiembre-papa-abusador-sexual--696x695.jpeg 696w, https:\/\/www.fiscalia.gov.co\/colombia\/wp-content\/uploads\/Foto-boletin-6-de-septiembre-papa-abusador-sexual--1068x1066.jpeg 1068w, https:\/\/www.fiscalia.gov.co\/colombia\/wp-content\/uploads\/Foto-boletin-6-de-septiembre-papa-abusador-sexual-.jpeg 1218w\" sizes=\"auto, (max-width: 696px) 100vw, 696px\" \/><figcaption id=\"caption-attachment-301267\" class=\"wp-caption-text\">El padre de familia fue enviado a la c\u00e1rcel por su presunta responsabilidad en los delitos de actos sexuales con menor de 14 a\u00f1os, acceso carnal abusivo con menor de 14 a\u00f1os y acto sexual violento, todas las conductas agravadas.<\/figcaption><\/figure>\n<p style=\"font-weight: 400;\">La investigaci\u00f3n evidenci\u00f3 que<strong> el progenitor, al parecer le realizaba los vej\u00e1menes sexuales a su hija desde que ten\u00eda 7 a\u00f1os<\/strong>, y cuando ella opon\u00eda resistencia la agred\u00eda f\u00edsicamente. Los hechos ocurrieron en los barrios El Reposo y San Fernando. El procesado no acept\u00f3 los cargos y por disposici\u00f3n judicial ser\u00e1 enviado a la c\u00e1rcel San Sebasti\u00e1n de Ternera de Cartagena.<\/p>\n<p>&nbsp;<\/p>\n<p>&nbsp;<\/p>\n<p>&nbsp;<\/p>\n<p>&nbsp;<\/p>\n<p>&nbsp;<\/p>\n<p style=\"font-weight: 400;\">MEVA\/LMFO\/MAGA\/PG\/YQ\/EGM\/DSB<\/p>\n<p>&nbsp;<\/p>\n<p>&nbsp;<\/p>\n<p>&nbsp;<\/p>\n<p>&nbsp;<\/p>\n<p>&nbsp;<\/p>\n<p style=\"font-weight: 400;\"><em>La informaci\u00f3n contenida en este bolet\u00edn de prensa corresponde a la narraci\u00f3n de los hechos noticiosos objetivos, suministrados por los funcionarios encargados de adelantar las investigaciones penales al interior de la Fiscal\u00eda General de la Naci\u00f3n. Para el momento de la divulgaci\u00f3n de este comunicado, la situaci\u00f3n jur\u00eddica de la(s) persona(s) relacionada(s) se encuentra pendiente de resolver por la autoridad judicial competente, siempre bajo los preceptos de la presunci\u00f3n de inocencia, consagrados en el art\u00edculo 29 de la Constituci\u00f3n Pol\u00edtica y el art\u00edculo 7\u00ba de la Ley 906 de 2004.<\/em><\/p>\n\n<div class=\"twitter-share\"><a href=\"https:\/\/twitter.com\/intent\/tweet?via=fiscaliacol\" class=\"twitter-share-button\">Tweet<\/a><\/div>\n","protected":false},"excerpt":{"rendered":"<p>En una segunda investigaci\u00f3n tambi\u00e9n fue enviado a la c\u00e1rcel otro hombre que, al parecer, cometi\u00f3 vej\u00e1menes sexuales a su hija por 10 a\u00f1os. Las pruebas presentadas por un fiscal [&hellip;]<\/p>\n","protected":false},"author":177,"featured_media":0,"comment_status":"closed","ping_status":"open","sticky":false,"template":"","format":"standard","meta":{"tdm_status":"","tdm_grid_status":"","footnotes":""},"categories":[1,325,303,24127],"tags":[863,7806,14550,23819,23998,293,37492,24187,1047,28666,1628,38545,558,23970],"class_list":["post-301231","post","type-post","status-publish","format-standard","category-noticias","category-seccional-cartagena","category-seccionales","category-violencia-sexual-e-intrafamiliar","tag-actos-sexuales","tag-asegurado","tag-carcel","tag-cartagena","tag-cartagena-bolivar","tag-condena","tag-fiscal-luz-adriana-camargo","tag-fiscalia-colombia","tag-fiscalia-general-de-la-nacion","tag-hijas","tag-menores-de-edad","tag-padres-de-familia","tag-policia-nacional","tag-victimas"],"yoast_head":"<!-- This site is optimized with the Yoast SEO plugin v24.3 - https:\/\/yoast.com\/wordpress\/plugins\/seo\/ -->\n<title>Fiscal\u00eda General de la Naci\u00f3n<\/title>\n<meta name=\"description\" content=\"P\u00e1gina oficial de la Fiscal\u00eda General de la Naci\u00f3n \u2013 Colombia. Garantizamos el acceso efectivo a la justicia, la verdad y la reparaci\u00f3n de las v\u00edctimas de los delitos.\" \/>\n<meta name=\"robots\" content=\"noindex, follow\" \/>\n<meta property=\"og:locale\" content=\"es_ES\" \/>\n<meta property=\"og:type\" content=\"article\" \/>\n<meta property=\"og:title\" content=\"Fiscal\u00eda General de la Naci\u00f3n\" \/>\n<meta property=\"og:description\" content=\"P\u00e1gina oficial de la Fiscal\u00eda General de la Naci\u00f3n \u2013 Colombia. Garantizamos el acceso efectivo a la justicia, la verdad y la reparaci\u00f3n de las v\u00edctimas de los delitos.\" \/>\n<meta property=\"og:url\" content=\"https:\/\/www.fiscalia.gov.co\/colombia\/noticias\/en-cartagena-fiscalia-obtuvo-condena-de-27-anos-contra-padre-de-familia-que-abuso-de-su-hija\/\" \/>\n<meta property=\"og:site_name\" content=\"Fiscal\u00eda General de la Naci\u00f3n\" \/>\n<meta property=\"article:publisher\" content=\"https:\/\/www.facebook.com\/FiscaliaCol\" \/>\n<meta property=\"article:published_time\" content=\"2024-09-06T16:16:37+00:00\" \/>\n<meta property=\"og:image\" content=\"https:\/\/www.fiscalia.gov.co\/colombia\/wp-content\/uploads\/Foto-boletin-6-de-septiembre-papa-abusador-sexual--1024x1022.jpeg\" \/>\n<meta name=\"author\" content=\"Jordan Leandro Oviedo Anzola\" \/>\n<meta name=\"twitter:card\" content=\"summary_large_image\" \/>\n<meta name=\"twitter:creator\" content=\"@FiscaliaCol\" \/>\n<meta name=\"twitter:site\" content=\"@FiscaliaCol\" \/>\n<meta name=\"twitter:label1\" content=\"Escrito por\" \/>\n\t<meta name=\"twitter:data1\" content=\"Jordan Leandro Oviedo Anzola\" \/>\n\t<meta name=\"twitter:label2\" content=\"Tiempo de lectura\" \/>\n\t<meta name=\"twitter:data2\" content=\"2 minutos\" \/>\n<script type=\"application\/ld+json\" class=\"yoast-schema-graph\">{\"@context\":\"https:\/\/schema.org\",\"@graph\":[{\"@type\":\"Article\",\"@id\":\"https:\/\/www.fiscalia.gov.co\/colombia\/noticias\/en-cartagena-fiscalia-obtuvo-condena-de-27-anos-contra-padre-de-familia-que-abuso-de-su-hija\/#article\",\"isPartOf\":{\"@id\":\"https:\/\/www.fiscalia.gov.co\/colombia\/noticias\/en-cartagena-fiscalia-obtuvo-condena-de-27-anos-contra-padre-de-familia-que-abuso-de-su-hija\/\"},\"author\":{\"name\":\"Jordan Leandro Oviedo Anzola\",\"@id\":\"https:\/\/www.fiscalia.gov.co\/colombia\/#\/schema\/person\/bf84402cf293a5393e9c70b111020b24\"},\"headline\":\"En Cartagena, Fiscal\u00eda obtuvo condena de 27 a\u00f1os contra padre de familia que abus\u00f3 de su hija\",\"datePublished\":\"2024-09-06T16:16:37+00:00\",\"dateModified\":\"2024-09-06T16:16:37+00:00\",\"mainEntityOfPage\":{\"@id\":\"https:\/\/www.fiscalia.gov.co\/colombia\/noticias\/en-cartagena-fiscalia-obtuvo-condena-de-27-anos-contra-padre-de-familia-que-abuso-de-su-hija\/\"},\"wordCount\":448,\"publisher\":{\"@id\":\"https:\/\/www.fiscalia.gov.co\/colombia\/#organization\"},\"image\":{\"@id\":\"https:\/\/www.fiscalia.gov.co\/colombia\/noticias\/en-cartagena-fiscalia-obtuvo-condena-de-27-anos-contra-padre-de-familia-que-abuso-de-su-hija\/#primaryimage\"},\"thumbnailUrl\":\"https:\/\/www.fiscalia.gov.co\/colombia\/wp-content\/uploads\/Foto-boletin-6-de-septiembre-papa-abusador-sexual--1024x1022.jpeg\",\"keywords\":[\"Actos sexuales\",\"Asegurado\",\"C\u00e1rcel\",\"Cartagena\",\"Cartagena (Bol\u00edvar)\",\"Condena\",\"Fiscal Luz Adriana Camargo\",\"Fiscal\u00eda Colombia\",\"Fiscal\u00eda General de la Naci\u00f3n\",\"hijas\",\"Menores de edad\",\"padres de familia\",\"Polic\u00eda Nacional\",\"V\u00edctimas\"],\"articleSection\":[\"Noticias\",\"Seccional Cartagena\",\"Seccionales\",\"Violencia sexual e intrafamiliar\"],\"inLanguage\":\"es-CO\"},{\"@type\":\"WebPage\",\"@id\":\"https:\/\/www.fiscalia.gov.co\/colombia\/noticias\/en-cartagena-fiscalia-obtuvo-condena-de-27-anos-contra-padre-de-familia-que-abuso-de-su-hija\/\",\"url\":\"https:\/\/www.fiscalia.gov.co\/colombia\/noticias\/en-cartagena-fiscalia-obtuvo-condena-de-27-anos-contra-padre-de-familia-que-abuso-de-su-hija\/\",\"name\":\"Fiscal\u00eda General de la Naci\u00f3n\",\"isPartOf\":{\"@id\":\"https:\/\/www.fiscalia.gov.co\/colombia\/#website\"},\"primaryImageOfPage\":{\"@id\":\"https:\/\/www.fiscalia.gov.co\/colombia\/noticias\/en-cartagena-fiscalia-obtuvo-condena-de-27-anos-contra-padre-de-familia-que-abuso-de-su-hija\/#primaryimage\"},\"image\":{\"@id\":\"https:\/\/www.fiscalia.gov.co\/colombia\/noticias\/en-cartagena-fiscalia-obtuvo-condena-de-27-anos-contra-padre-de-familia-que-abuso-de-su-hija\/#primaryimage\"},\"thumbnailUrl\":\"https:\/\/www.fiscalia.gov.co\/colombia\/wp-content\/uploads\/Foto-boletin-6-de-septiembre-papa-abusador-sexual--1024x1022.jpeg\",\"datePublished\":\"2024-09-06T16:16:37+00:00\",\"dateModified\":\"2024-09-06T16:16:37+00:00\",\"description\":\"P\u00e1gina oficial de la Fiscal\u00eda General de la Naci\u00f3n \u2013 Colombia. Garantizamos el acceso efectivo a la justicia, la verdad y la reparaci\u00f3n de las v\u00edctimas de los delitos.\",\"breadcrumb\":{\"@id\":\"https:\/\/www.fiscalia.gov.co\/colombia\/noticias\/en-cartagena-fiscalia-obtuvo-condena-de-27-anos-contra-padre-de-familia-que-abuso-de-su-hija\/#breadcrumb\"},\"inLanguage\":\"es-CO\",\"potentialAction\":[{\"@type\":\"ReadAction\",\"target\":[\"https:\/\/www.fiscalia.gov.co\/colombia\/noticias\/en-cartagena-fiscalia-obtuvo-condena-de-27-anos-contra-padre-de-familia-que-abuso-de-su-hija\/\"]}]},{\"@type\":\"ImageObject\",\"inLanguage\":\"es-CO\",\"@id\":\"https:\/\/www.fiscalia.gov.co\/colombia\/noticias\/en-cartagena-fiscalia-obtuvo-condena-de-27-anos-contra-padre-de-familia-que-abuso-de-su-hija\/#primaryimage\",\"url\":\"https:\/\/www.fiscalia.gov.co\/colombia\/wp-content\/uploads\/Foto-boletin-6-de-septiembre-papa-abusador-sexual-.jpeg\",\"contentUrl\":\"https:\/\/www.fiscalia.gov.co\/colombia\/wp-content\/uploads\/Foto-boletin-6-de-septiembre-papa-abusador-sexual-.jpeg\",\"width\":1218,\"height\":1216,\"caption\":\"El padre de familia fue enviado a la c\u00e1rcel por su presunta responsabilidad en los delitos de actos sexuales con menor de 14 a\u00f1os, acceso carnal abusivo con menor de 14 a\u00f1os y acto sexual violento, todas las conductas agravadas.\"},{\"@type\":\"BreadcrumbList\",\"@id\":\"https:\/\/www.fiscalia.gov.co\/colombia\/noticias\/en-cartagena-fiscalia-obtuvo-condena-de-27-anos-contra-padre-de-familia-que-abuso-de-su-hija\/#breadcrumb\",\"itemListElement\":[{\"@type\":\"ListItem\",\"position\":1,\"name\":\"Home\",\"item\":\"https:\/\/www.fiscalia.gov.co\/colombia\/\"},{\"@type\":\"ListItem\",\"position\":2,\"name\":\"En Cartagena, Fiscal\u00eda obtuvo condena de 27 a\u00f1os contra padre de familia que abus\u00f3 de su hija\"}]},{\"@type\":\"WebSite\",\"@id\":\"https:\/\/www.fiscalia.gov.co\/colombia\/#website\",\"url\":\"https:\/\/www.fiscalia.gov.co\/colombia\/\",\"name\":\"Fiscal\u00eda General de la Naci\u00f3n\",\"description\":\"P\u00e1gina oficial de la Fiscal\u00eda General de la Naci\u00f3n \u2013 Colombia. Garantizamos el acceso efectivo a la justicia, la verdad y la reparaci\u00f3n de las v\u00edctimas de los delitos.\",\"publisher\":{\"@id\":\"https:\/\/www.fiscalia.gov.co\/colombia\/#organization\"},\"potentialAction\":[{\"@type\":\"SearchAction\",\"target\":{\"@type\":\"EntryPoint\",\"urlTemplate\":\"https:\/\/www.fiscalia.gov.co\/colombia\/?s={search_term_string}\"},\"query-input\":{\"@type\":\"PropertyValueSpecification\",\"valueRequired\":true,\"valueName\":\"search_term_string\"}}],\"inLanguage\":\"es-CO\"},{\"@type\":\"Organization\",\"@id\":\"https:\/\/www.fiscalia.gov.co\/colombia\/#organization\",\"name\":\"Fiscal\u00eda General de la Naci\u00f3n\",\"url\":\"https:\/\/www.fiscalia.gov.co\/colombia\/\",\"logo\":{\"@type\":\"ImageObject\",\"inLanguage\":\"es-CO\",\"@id\":\"https:\/\/www.fiscalia.gov.co\/colombia\/#\/schema\/logo\/image\/\",\"url\":\"https:\/\/www.fiscalia.gov.co\/colombia\/wp-content\/uploads\/LogoHorizontal_1.jpg\",\"contentUrl\":\"https:\/\/www.fiscalia.gov.co\/colombia\/wp-content\/uploads\/LogoHorizontal_1.jpg\",\"width\":300,\"height\":90,\"caption\":\"Fiscal\u00eda General de la Naci\u00f3n\"},\"image\":{\"@id\":\"https:\/\/www.fiscalia.gov.co\/colombia\/#\/schema\/logo\/image\/\"},\"sameAs\":[\"https:\/\/www.facebook.com\/FiscaliaCol\",\"https:\/\/x.com\/FiscaliaCol\",\"https:\/\/www.instagram.com\/fiscaliacol\",\"https:\/\/www.linkedin.com\/company\/fiscalia-general-de-la-naci-n\/\",\"https:\/\/youtube.com\/@fiscaliageneraldelanacion-4668?si=6nN79nyQICPU5iTh\"]},{\"@type\":\"Person\",\"@id\":\"https:\/\/www.fiscalia.gov.co\/colombia\/#\/schema\/person\/bf84402cf293a5393e9c70b111020b24\",\"name\":\"Jordan Leandro Oviedo Anzola\",\"image\":{\"@type\":\"ImageObject\",\"inLanguage\":\"es-CO\",\"@id\":\"https:\/\/www.fiscalia.gov.co\/colombia\/#\/schema\/person\/image\/\",\"url\":\"https:\/\/secure.gravatar.com\/avatar\/dabba4346fa9b9207d96adafa8f92721?s=96&d=mm&r=g\",\"contentUrl\":\"https:\/\/secure.gravatar.com\/avatar\/dabba4346fa9b9207d96adafa8f92721?s=96&d=mm&r=g\",\"caption\":\"Jordan Leandro Oviedo Anzola\"},\"url\":\"https:\/\/www.fiscalia.gov.co\/colombia\/author\/joviedo\/\"}]}<\/script>\n<!-- \/ Yoast SEO plugin. -->","yoast_head_json":{"title":"Fiscal\u00eda General de la Naci\u00f3n","description":"P\u00e1gina oficial de la Fiscal\u00eda General de la Naci\u00f3n \u2013 Colombia. Garantizamos el acceso efectivo a la justicia, la verdad y la reparaci\u00f3n de las v\u00edctimas de los delitos.","robots":{"index":"noindex","follow":"follow"},"og_locale":"es_ES","og_type":"article","og_title":"Fiscal\u00eda General de la Naci\u00f3n","og_description":"P\u00e1gina oficial de la Fiscal\u00eda General de la Naci\u00f3n \u2013 Colombia. Garantizamos el acceso efectivo a la justicia, la verdad y la reparaci\u00f3n de las v\u00edctimas de los delitos.","og_url":"https:\/\/www.fiscalia.gov.co\/colombia\/noticias\/en-cartagena-fiscalia-obtuvo-condena-de-27-anos-contra-padre-de-familia-que-abuso-de-su-hija\/","og_site_name":"Fiscal\u00eda General de la Naci\u00f3n","article_publisher":"https:\/\/www.facebook.com\/FiscaliaCol","article_published_time":"2024-09-06T16:16:37+00:00","og_image":[{"url":"https:\/\/www.fiscalia.gov.co\/colombia\/wp-content\/uploads\/Foto-boletin-6-de-septiembre-papa-abusador-sexual--1024x1022.jpeg","type":"","width":"","height":""}],"author":"Jordan Leandro Oviedo Anzola","twitter_card":"summary_large_image","twitter_creator":"@FiscaliaCol","twitter_site":"@FiscaliaCol","twitter_misc":{"Escrito por":"Jordan Leandro Oviedo Anzola","Tiempo de lectura":"2 minutos"},"schema":{"@context":"https:\/\/schema.org","@graph":[{"@type":"Article","@id":"https:\/\/www.fiscalia.gov.co\/colombia\/noticias\/en-cartagena-fiscalia-obtuvo-condena-de-27-anos-contra-padre-de-familia-que-abuso-de-su-hija\/#article","isPartOf":{"@id":"https:\/\/www.fiscalia.gov.co\/colombia\/noticias\/en-cartagena-fiscalia-obtuvo-condena-de-27-anos-contra-padre-de-familia-que-abuso-de-su-hija\/"},"author":{"name":"Jordan Leandro Oviedo Anzola","@id":"https:\/\/www.fiscalia.gov.co\/colombia\/#\/schema\/person\/bf84402cf293a5393e9c70b111020b24"},"headline":"En Cartagena, Fiscal\u00eda obtuvo condena de 27 a\u00f1os contra padre de familia que abus\u00f3 de su hija","datePublished":"2024-09-06T16:16:37+00:00","dateModified":"2024-09-06T16:16:37+00:00","mainEntityOfPage":{"@id":"https:\/\/www.fiscalia.gov.co\/colombia\/noticias\/en-cartagena-fiscalia-obtuvo-condena-de-27-anos-contra-padre-de-familia-que-abuso-de-su-hija\/"},"wordCount":448,"publisher":{"@id":"https:\/\/www.fiscalia.gov.co\/colombia\/#organization"},"image":{"@id":"https:\/\/www.fiscalia.gov.co\/colombia\/noticias\/en-cartagena-fiscalia-obtuvo-condena-de-27-anos-contra-padre-de-familia-que-abuso-de-su-hija\/#primaryimage"},"thumbnailUrl":"https:\/\/www.fiscalia.gov.co\/colombia\/wp-content\/uploads\/Foto-boletin-6-de-septiembre-papa-abusador-sexual--1024x1022.jpeg","keywords":["Actos sexuales","Asegurado","C\u00e1rcel","Cartagena","Cartagena (Bol\u00edvar)","Condena","Fiscal Luz Adriana Camargo","Fiscal\u00eda Colombia","Fiscal\u00eda General de la Naci\u00f3n","hijas","Menores de edad","padres de familia","Polic\u00eda Nacional","V\u00edctimas"],"articleSection":["Noticias","Seccional Cartagena","Seccionales","Violencia sexual e intrafamiliar"],"inLanguage":"es-CO"},{"@type":"WebPage","@id":"https:\/\/www.fiscalia.gov.co\/colombia\/noticias\/en-cartagena-fiscalia-obtuvo-condena-de-27-anos-contra-padre-de-familia-que-abuso-de-su-hija\/","url":"https:\/\/www.fiscalia.gov.co\/colombia\/noticias\/en-cartagena-fiscalia-obtuvo-condena-de-27-anos-contra-padre-de-familia-que-abuso-de-su-hija\/","name":"Fiscal\u00eda General de la Naci\u00f3n","isPartOf":{"@id":"https:\/\/www.fiscalia.gov.co\/colombia\/#website"},"primaryImageOfPage":{"@id":"https:\/\/www.fiscalia.gov.co\/colombia\/noticias\/en-cartagena-fiscalia-obtuvo-condena-de-27-anos-contra-padre-de-familia-que-abuso-de-su-hija\/#primaryimage"},"image":{"@id":"https:\/\/www.fiscalia.gov.co\/colombia\/noticias\/en-cartagena-fiscalia-obtuvo-condena-de-27-anos-contra-padre-de-familia-que-abuso-de-su-hija\/#primaryimage"},"thumbnailUrl":"https:\/\/www.fiscalia.gov.co\/colombia\/wp-content\/uploads\/Foto-boletin-6-de-septiembre-papa-abusador-sexual--1024x1022.jpeg","datePublished":"2024-09-06T16:16:37+00:00","dateModified":"2024-09-06T16:16:37+00:00","description":"P\u00e1gina oficial de la Fiscal\u00eda General de la Naci\u00f3n \u2013 Colombia. Garantizamos el acceso efectivo a la justicia, la verdad y la reparaci\u00f3n de las v\u00edctimas de los delitos.","breadcrumb":{"@id":"https:\/\/www.fiscalia.gov.co\/colombia\/noticias\/en-cartagena-fiscalia-obtuvo-condena-de-27-anos-contra-padre-de-familia-que-abuso-de-su-hija\/#breadcrumb"},"inLanguage":"es-CO","potentialAction":[{"@type":"ReadAction","target":["https:\/\/www.fiscalia.gov.co\/colombia\/noticias\/en-cartagena-fiscalia-obtuvo-condena-de-27-anos-contra-padre-de-familia-que-abuso-de-su-hija\/"]}]},{"@type":"ImageObject","inLanguage":"es-CO","@id":"https:\/\/www.fiscalia.gov.co\/colombia\/noticias\/en-cartagena-fiscalia-obtuvo-condena-de-27-anos-contra-padre-de-familia-que-abuso-de-su-hija\/#primaryimage","url":"https:\/\/www.fiscalia.gov.co\/colombia\/wp-content\/uploads\/Foto-boletin-6-de-septiembre-papa-abusador-sexual-.jpeg","contentUrl":"https:\/\/www.fiscalia.gov.co\/colombia\/wp-content\/uploads\/Foto-boletin-6-de-septiembre-papa-abusador-sexual-.jpeg","width":1218,"height":1216,"caption":"El padre de familia fue enviado a la c\u00e1rcel por su presunta responsabilidad en los delitos de actos sexuales con menor de 14 a\u00f1os, acceso carnal abusivo con menor de 14 a\u00f1os y acto sexual violento, todas las conductas agravadas."},{"@type":"BreadcrumbList","@id":"https:\/\/www.fiscalia.gov.co\/colombia\/noticias\/en-cartagena-fiscalia-obtuvo-condena-de-27-anos-contra-padre-de-familia-que-abuso-de-su-hija\/#breadcrumb","itemListElement":[{"@type":"ListItem","position":1,"name":"Home","item":"https:\/\/www.fiscalia.gov.co\/colombia\/"},{"@type":"ListItem","position":2,"name":"En Cartagena, Fiscal\u00eda obtuvo condena de 27 a\u00f1os contra padre de familia que abus\u00f3 de su hija"}]},{"@type":"WebSite","@id":"https:\/\/www.fiscalia.gov.co\/colombia\/#website","url":"https:\/\/www.fiscalia.gov.co\/colombia\/","name":"Fiscal\u00eda General de la Naci\u00f3n","description":"P\u00e1gina oficial de la Fiscal\u00eda General de la Naci\u00f3n \u2013 Colombia. Garantizamos el acceso efectivo a la justicia, la verdad y la reparaci\u00f3n de las v\u00edctimas de los delitos.","publisher":{"@id":"https:\/\/www.fiscalia.gov.co\/colombia\/#organization"},"potentialAction":[{"@type":"SearchAction","target":{"@type":"EntryPoint","urlTemplate":"https:\/\/www.fiscalia.gov.co\/colombia\/?s={search_term_string}"},"query-input":{"@type":"PropertyValueSpecification","valueRequired":true,"valueName":"search_term_string"}}],"inLanguage":"es-CO"},{"@type":"Organization","@id":"https:\/\/www.fiscalia.gov.co\/colombia\/#organization","name":"Fiscal\u00eda General de la Naci\u00f3n","url":"https:\/\/www.fiscalia.gov.co\/colombia\/","logo":{"@type":"ImageObject","inLanguage":"es-CO","@id":"https:\/\/www.fiscalia.gov.co\/colombia\/#\/schema\/logo\/image\/","url":"https:\/\/www.fiscalia.gov.co\/colombia\/wp-content\/uploads\/LogoHorizontal_1.jpg","contentUrl":"https:\/\/www.fiscalia.gov.co\/colombia\/wp-content\/uploads\/LogoHorizontal_1.jpg","width":300,"height":90,"caption":"Fiscal\u00eda General de la Naci\u00f3n"},"image":{"@id":"https:\/\/www.fiscalia.gov.co\/colombia\/#\/schema\/logo\/image\/"},"sameAs":["https:\/\/www.facebook.com\/FiscaliaCol","https:\/\/x.com\/FiscaliaCol","https:\/\/www.instagram.com\/fiscaliacol","https:\/\/www.linkedin.com\/company\/fiscalia-general-de-la-naci-n\/","https:\/\/youtube.com\/@fiscaliageneraldelanacion-4668?si=6nN79nyQICPU5iTh"]},{"@type":"Person","@id":"https:\/\/www.fiscalia.gov.co\/colombia\/#\/schema\/person\/bf84402cf293a5393e9c70b111020b24","name":"Jordan Leandro Oviedo Anzola","image":{"@type":"ImageObject","inLanguage":"es-CO","@id":"https:\/\/www.fiscalia.gov.co\/colombia\/#\/schema\/person\/image\/","url":"https:\/\/secure.gravatar.com\/avatar\/dabba4346fa9b9207d96adafa8f92721?s=96&d=mm&r=g","contentUrl":"https:\/\/secure.gravatar.com\/avatar\/dabba4346fa9b9207d96adafa8f92721?s=96&d=mm&r=g","caption":"Jordan Leandro Oviedo Anzola"},"url":"https:\/\/www.fiscalia.gov.co\/colombia\/author\/joviedo\/"}]}},"_links":{"self":[{"href":"https:\/\/www.fiscalia.gov.co\/colombia\/wp-json\/wp\/v2\/posts\/301231","targetHints":{"allow":["GET"]}}],"collection":[{"href":"https:\/\/www.fiscalia.gov.co\/colombia\/wp-json\/wp\/v2\/posts"}],"about":[{"href":"https:\/\/www.fiscalia.gov.co\/colombia\/wp-json\/wp\/v2\/types\/post"}],"author":[{"embeddable":true,"href":"https:\/\/www.fiscalia.gov.co\/colombia\/wp-json\/wp\/v2\/users\/177"}],"replies":[{"embeddable":true,"href":"https:\/\/www.fiscalia.gov.co\/colombia\/wp-json\/wp\/v2\/comments?post=301231"}],"version-history":[{"count":1,"href":"https:\/\/www.fiscalia.gov.co\/colombia\/wp-json\/wp\/v2\/posts\/301231\/revisions"}],"predecessor-version":[{"id":301268,"href":"https:\/\/www.fiscalia.gov.co\/colombia\/wp-json\/wp\/v2\/posts\/301231\/revisions\/301268"}],"wp:attachment":[{"href":"https:\/\/www.fiscalia.gov.co\/colombia\/wp-json\/wp\/v2\/media?parent=301231"}],"wp:term":[{"taxonomy":"category","embeddable":true,"href":"https:\/\/www.fiscalia.gov.co\/colombia\/wp-json\/wp\/v2\/categories?post=301231"},{"taxonomy":"post_tag","embeddable":true,"href":"https:\/\/www.fiscalia.gov.co\/colombia\/wp-json\/wp\/v2\/tags?post=301231"}],"curies":[{"name":"wp","href":"https:\/\/api.w.org\/{rel}","templated":true}]}}