{"id":301081,"date":"2024-09-04T12:22:16","date_gmt":"2024-09-04T17:22:16","guid":{"rendered":"https:\/\/www.fiscalia.gov.co\/colombia\/?p=301081"},"modified":"2024-09-04T12:22:16","modified_gmt":"2024-09-04T17:22:16","slug":"judicializadas-cinco-personas-capturadas-en-flagrancia-con-armas-y-municiones-de-corto-y-largo-alcance","status":"publish","type":"post","link":"https:\/\/www.fiscalia.gov.co\/colombia\/noticias\/judicializadas-cinco-personas-capturadas-en-flagrancia-con-armas-y-municiones-de-corto-y-largo-alcance\/","title":{"rendered":"Judicializadas cinco personas capturadas en flagrancia con armas y municiones de corto y largo alcance"},"content":{"rendered":"<div id=\"m_6066071407128925536m_7864136574492051681divRplyFwdMsg\" dir=\"ltr\">\n<h4 style=\"text-align: center;\"><strong><i>El material b\u00e9lico ser\u00eda de propiedad de una estructura criminal de delinque en el Bajo Cauca antioque\u00f1o.<\/i><\/strong><\/h4>\n<figure id=\"attachment_301082\" aria-describedby=\"caption-attachment-301082\" style=\"width: 696px\" class=\"wp-caption aligncenter\"><img loading=\"lazy\" decoding=\"async\" class=\"size-large wp-image-301082\" src=\"https:\/\/www.fiscalia.gov.co\/colombia\/wp-content\/uploads\/Andres-Felipe-Pineda-alias-Lans-y-Juan-Carlos-Lozano-1024x576.jpg\" alt=\"En la fotograf\u00eda est\u00e1n los 2 hombres y las 3 mujeres capturados con armas de corto y largo alcance en  municipio de Barbosa (Antioquia)\" width=\"696\" height=\"392\" srcset=\"https:\/\/www.fiscalia.gov.co\/colombia\/wp-content\/uploads\/Andres-Felipe-Pineda-alias-Lans-y-Juan-Carlos-Lozano-1024x576.jpg 1024w, https:\/\/www.fiscalia.gov.co\/colombia\/wp-content\/uploads\/Andres-Felipe-Pineda-alias-Lans-y-Juan-Carlos-Lozano-300x169.jpg 300w, https:\/\/www.fiscalia.gov.co\/colombia\/wp-content\/uploads\/Andres-Felipe-Pineda-alias-Lans-y-Juan-Carlos-Lozano-768x432.jpg 768w, https:\/\/www.fiscalia.gov.co\/colombia\/wp-content\/uploads\/Andres-Felipe-Pineda-alias-Lans-y-Juan-Carlos-Lozano-1536x864.jpg 1536w, https:\/\/www.fiscalia.gov.co\/colombia\/wp-content\/uploads\/Andres-Felipe-Pineda-alias-Lans-y-Juan-Carlos-Lozano-747x420.jpg 747w, https:\/\/www.fiscalia.gov.co\/colombia\/wp-content\/uploads\/Andres-Felipe-Pineda-alias-Lans-y-Juan-Carlos-Lozano-696x392.jpg 696w, https:\/\/www.fiscalia.gov.co\/colombia\/wp-content\/uploads\/Andres-Felipe-Pineda-alias-Lans-y-Juan-Carlos-Lozano-1068x601.jpg 1068w, https:\/\/www.fiscalia.gov.co\/colombia\/wp-content\/uploads\/Andres-Felipe-Pineda-alias-Lans-y-Juan-Carlos-Lozano.jpg 1600w\" sizes=\"auto, (max-width: 696px) 100vw, 696px\" \/><figcaption id=\"caption-attachment-301082\" class=\"wp-caption-text\">Judicializados dos hombres y tres mujeres capturados en flagrancia con armas y municiones de corto y largo alcance<\/figcaption><\/figure>\n<p>Por solicitud de la Fiscal\u00eda General de la Naci\u00f3n, un juez de control de garant\u00edas impuso medidas de aseguramiento privativas de la libertad contra cinco personas capturadas en Barbosa (Antioquia). Estas acciones se lograron durante un allanamiento en el que; adem\u00e1s, <strong><a href=\"https:\/\/www.fiscalia.gov.co\/colombia\/noticias\/a-la-carcel-presuntos-integrantes-del-clan-del-golfo-capturados-en-flagrancia-con-armas-de-fuego\/\">fueron incautados un fusil calibre 5.56, 3 pistolas calibre 9 mil\u00edmetros y m\u00e1s 1.300 cartuchos para armamento de corto y largo alcance.<\/a><\/strong><\/p>\n<p>Se trata de Andr\u00e9s Felipe Pineda, alias Lans, y\u00a0 Juan Carlos Lozano quienes fueron cobijados con detenci\u00f3n preventiva en centro carcelario por los delitos de fabricaci\u00f3n, <strong>tr\u00e1fico, porte o tenencia de armas de fuego de uso privativo de las fuerzas armadas y fabricaci\u00f3n<\/strong>, tr\u00e1fico o porte de armas de fuego de defensa personal, ambas conductas agravadas.<\/p>\n<p>En la misma decisi\u00f3n y por los mismos delitos fueron afectadas con medida de aseguramiento domiciliaria Natalia Le\u00f3n Carabal\u00ed, Rebeca Gonz\u00e1lez Montoya y Dahiana Hoyos Salazar.<\/p>\n<p>Los procesados fueron capturados por la Polic\u00eda Nacional\u00a0durante un allanamiento a un inmueble ubicado en la Parcelaci\u00f3n Popalito del municipio de Barbosa, norte del Valle de Aburr\u00e1.\u00a0 Seg\u00fan la investigaci\u00f3n, el material b\u00e9lico pertenecer\u00eda al grupo delincuencial Los del Bajo, estructura criminal que sostiene una confrontaci\u00f3n armada en al <strong>Bajo Cauca antioque\u00f1o con integrantes del Clan del Golfo por el control territorial que les facilita el tr\u00e1fico de estupefacientes y la extorsi\u00f3n.<\/strong><\/p>\n<p>El juez orden\u00f3 la incautaci\u00f3n, con fines de comiso, de tres motocicletas de alta gama que fueron inmovilizadas durante las diligencias de allanamiento y captura.<\/p>\n<p>Ninguno de los procesados se allan\u00f3 a los cargos imputados y la defensa apel\u00f3 ante la segunda instancia las medidas intramuros.\u00a0\u00a0\u00a0\u00a0\u00a0\u00a0\u00a0\u00a0\u00a0\u00a0\u00a0\u00a0\u00a0\u00a0\u00a0\u00a0\u00a0\u00a0\u00a0<wbr \/><\/p>\n<p>&nbsp;<\/p>\n<\/div>\n<p>&nbsp;<\/p>\n<p>&nbsp;<\/p>\n<p>&nbsp;<\/p>\n<p>&nbsp;<\/p>\n<div id=\"m_6066071407128925536m_7864136574492051681divRplyFwdMsg\" dir=\"ltr\">\n<p>LFML\/LFV\/LMFO\/MAGA\/DSA<\/p>\n<p>&nbsp;<\/p>\n<\/div>\n<div dir=\"ltr\"><\/div>\n<div dir=\"ltr\"><\/div>\n<div dir=\"ltr\"><\/div>\n<div dir=\"ltr\"><\/div>\n<div dir=\"ltr\">\n<div class=\"td-post-content tagdiv-type\">\n<div class=\"td-post-content tagdiv-type\">\n<p><em>La informaci\u00f3n contenida en este bolet\u00edn de prensa corresponde a la narraci\u00f3n de los hechos noticiosos objetivos, suministrados por los funcionarios encargados de adelantar las investigaciones penales al interior de la Fiscal\u00eda General de la Naci\u00f3n. Para el momento de la divulgaci\u00f3n de este comunicado, la situaci\u00f3n jur\u00eddica de la(s) persona(s) relacionada(s) se encuentra pendiente de resolver por la autoridad judicial competente, siempre bajo los preceptos de la presunci\u00f3n de inocencia, consagrados en el art\u00edculo 29 de la Constituci\u00f3n Pol\u00edtica y el art\u00edculo 7\u00ba de la Ley 906 de 2004.<\/em><\/p>\n<\/div>\n<\/div>\n<\/div>\n\n<div class=\"twitter-share\"><a href=\"https:\/\/twitter.com\/intent\/tweet?via=fiscaliacol\" class=\"twitter-share-button\">Tweet<\/a><\/div>\n","protected":false},"excerpt":{"rendered":"<p>El material b\u00e9lico ser\u00eda de propiedad de una estructura criminal de delinque en el Bajo Cauca antioque\u00f1o. Por solicitud de la Fiscal\u00eda General de la Naci\u00f3n, un juez de control [&hellip;]<\/p>\n","protected":false},"author":177,"featured_media":0,"comment_status":"closed","ping_status":"open","sticky":false,"template":"","format":"standard","meta":{"tdm_status":"","tdm_grid_status":"","footnotes":""},"categories":[1,318,303,24099],"tags":[26281,38523,38518,1047,38521,7439,38522,558,38520,38519],"class_list":["post-301081","post","type-post","status-publish","format-standard","category-noticias","category-seccional-antioquia","category-seccionales","category-seguridad-territorial","tag-barbosa-antioquia","tag-barbosa-antioquia-gdo-los-del-bajo","tag-dos-hombres-y-tres-mujeres-porte-ilegal-de-armas-de-fuego-de-uso-civil-y-militar","tag-fiscalia-general-de-la-nacion","tag-mas-de-1300-cartuchos-de-diferente-calibre","tag-medida-intramuros","tag-parcelacion-papalito","tag-policia-nacional","tag-tres-pistolas","tag-un-fusil"],"yoast_head":"<!-- This site is optimized with the Yoast SEO plugin v24.3 - https:\/\/yoast.com\/wordpress\/plugins\/seo\/ -->\n<title>Fiscal\u00eda General de la Naci\u00f3n<\/title>\n<meta name=\"description\" content=\"P\u00e1gina oficial de la Fiscal\u00eda General de la Naci\u00f3n \u2013 Colombia. Garantizamos el acceso efectivo a la justicia, la verdad y la reparaci\u00f3n de las v\u00edctimas de los delitos.\" \/>\n<meta name=\"robots\" content=\"noindex, follow\" \/>\n<meta property=\"og:locale\" content=\"es_ES\" \/>\n<meta property=\"og:type\" content=\"article\" \/>\n<meta property=\"og:title\" content=\"Fiscal\u00eda General de la Naci\u00f3n\" \/>\n<meta property=\"og:description\" content=\"P\u00e1gina oficial de la Fiscal\u00eda General de la Naci\u00f3n \u2013 Colombia. Garantizamos el acceso efectivo a la justicia, la verdad y la reparaci\u00f3n de las v\u00edctimas de los delitos.\" \/>\n<meta property=\"og:url\" content=\"https:\/\/www.fiscalia.gov.co\/colombia\/noticias\/judicializadas-cinco-personas-capturadas-en-flagrancia-con-armas-y-municiones-de-corto-y-largo-alcance\/\" \/>\n<meta property=\"og:site_name\" content=\"Fiscal\u00eda General de la Naci\u00f3n\" \/>\n<meta property=\"article:publisher\" content=\"https:\/\/www.facebook.com\/FiscaliaCol\" \/>\n<meta property=\"article:published_time\" content=\"2024-09-04T17:22:16+00:00\" \/>\n<meta property=\"og:image\" content=\"https:\/\/www.fiscalia.gov.co\/colombia\/wp-content\/uploads\/Andres-Felipe-Pineda-alias-Lans-y-Juan-Carlos-Lozano-1024x576.jpg\" \/>\n<meta name=\"author\" content=\"Jordan Leandro Oviedo Anzola\" \/>\n<meta name=\"twitter:card\" content=\"summary_large_image\" \/>\n<meta name=\"twitter:creator\" content=\"@FiscaliaCol\" \/>\n<meta name=\"twitter:site\" content=\"@FiscaliaCol\" \/>\n<meta name=\"twitter:label1\" content=\"Escrito por\" \/>\n\t<meta name=\"twitter:data1\" content=\"Jordan Leandro Oviedo Anzola\" \/>\n\t<meta name=\"twitter:label2\" content=\"Tiempo de lectura\" \/>\n\t<meta name=\"twitter:data2\" content=\"3 minutos\" \/>\n<script type=\"application\/ld+json\" class=\"yoast-schema-graph\">{\"@context\":\"https:\/\/schema.org\",\"@graph\":[{\"@type\":\"Article\",\"@id\":\"https:\/\/www.fiscalia.gov.co\/colombia\/noticias\/judicializadas-cinco-personas-capturadas-en-flagrancia-con-armas-y-municiones-de-corto-y-largo-alcance\/#article\",\"isPartOf\":{\"@id\":\"https:\/\/www.fiscalia.gov.co\/colombia\/noticias\/judicializadas-cinco-personas-capturadas-en-flagrancia-con-armas-y-municiones-de-corto-y-largo-alcance\/\"},\"author\":{\"name\":\"Jordan Leandro Oviedo Anzola\",\"@id\":\"https:\/\/www.fiscalia.gov.co\/colombia\/#\/schema\/person\/bf84402cf293a5393e9c70b111020b24\"},\"headline\":\"Judicializadas cinco personas capturadas en flagrancia con armas y municiones de corto y largo alcance\",\"datePublished\":\"2024-09-04T17:22:16+00:00\",\"dateModified\":\"2024-09-04T17:22:16+00:00\",\"mainEntityOfPage\":{\"@id\":\"https:\/\/www.fiscalia.gov.co\/colombia\/noticias\/judicializadas-cinco-personas-capturadas-en-flagrancia-con-armas-y-municiones-de-corto-y-largo-alcance\/\"},\"wordCount\":459,\"publisher\":{\"@id\":\"https:\/\/www.fiscalia.gov.co\/colombia\/#organization\"},\"image\":{\"@id\":\"https:\/\/www.fiscalia.gov.co\/colombia\/noticias\/judicializadas-cinco-personas-capturadas-en-flagrancia-con-armas-y-municiones-de-corto-y-largo-alcance\/#primaryimage\"},\"thumbnailUrl\":\"https:\/\/www.fiscalia.gov.co\/colombia\/wp-content\/uploads\/Andres-Felipe-Pineda-alias-Lans-y-Juan-Carlos-Lozano-1024x576.jpg\",\"keywords\":[\"BARBOSA (ANTIOQUIA)\",\"Barbosa Antioquia) GDO Los del Bajo\",\"dos hombres y tres mujeres; porte ilegal de armas de fuego de uso civil y militar\",\"Fiscal\u00eda General de la Naci\u00f3n\",\"mas de 1300 cartuchos de diferente calibre\",\"medida intramuros\",\"parcelaci\u00f3n Papalito\",\"Polic\u00eda Nacional\",\"tres pistolas\",\"un fusil\"],\"articleSection\":[\"Noticias\",\"Seccional Antioquia\",\"Seccionales\",\"Seguridad territorial\"],\"inLanguage\":\"es-CO\"},{\"@type\":\"WebPage\",\"@id\":\"https:\/\/www.fiscalia.gov.co\/colombia\/noticias\/judicializadas-cinco-personas-capturadas-en-flagrancia-con-armas-y-municiones-de-corto-y-largo-alcance\/\",\"url\":\"https:\/\/www.fiscalia.gov.co\/colombia\/noticias\/judicializadas-cinco-personas-capturadas-en-flagrancia-con-armas-y-municiones-de-corto-y-largo-alcance\/\",\"name\":\"Fiscal\u00eda General de la Naci\u00f3n\",\"isPartOf\":{\"@id\":\"https:\/\/www.fiscalia.gov.co\/colombia\/#website\"},\"primaryImageOfPage\":{\"@id\":\"https:\/\/www.fiscalia.gov.co\/colombia\/noticias\/judicializadas-cinco-personas-capturadas-en-flagrancia-con-armas-y-municiones-de-corto-y-largo-alcance\/#primaryimage\"},\"image\":{\"@id\":\"https:\/\/www.fiscalia.gov.co\/colombia\/noticias\/judicializadas-cinco-personas-capturadas-en-flagrancia-con-armas-y-municiones-de-corto-y-largo-alcance\/#primaryimage\"},\"thumbnailUrl\":\"https:\/\/www.fiscalia.gov.co\/colombia\/wp-content\/uploads\/Andres-Felipe-Pineda-alias-Lans-y-Juan-Carlos-Lozano-1024x576.jpg\",\"datePublished\":\"2024-09-04T17:22:16+00:00\",\"dateModified\":\"2024-09-04T17:22:16+00:00\",\"description\":\"P\u00e1gina oficial de la Fiscal\u00eda General de la Naci\u00f3n \u2013 Colombia. Garantizamos el acceso efectivo a la justicia, la verdad y la reparaci\u00f3n de las v\u00edctimas de los delitos.\",\"breadcrumb\":{\"@id\":\"https:\/\/www.fiscalia.gov.co\/colombia\/noticias\/judicializadas-cinco-personas-capturadas-en-flagrancia-con-armas-y-municiones-de-corto-y-largo-alcance\/#breadcrumb\"},\"inLanguage\":\"es-CO\",\"potentialAction\":[{\"@type\":\"ReadAction\",\"target\":[\"https:\/\/www.fiscalia.gov.co\/colombia\/noticias\/judicializadas-cinco-personas-capturadas-en-flagrancia-con-armas-y-municiones-de-corto-y-largo-alcance\/\"]}]},{\"@type\":\"ImageObject\",\"inLanguage\":\"es-CO\",\"@id\":\"https:\/\/www.fiscalia.gov.co\/colombia\/noticias\/judicializadas-cinco-personas-capturadas-en-flagrancia-con-armas-y-municiones-de-corto-y-largo-alcance\/#primaryimage\",\"url\":\"https:\/\/www.fiscalia.gov.co\/colombia\/wp-content\/uploads\/Andres-Felipe-Pineda-alias-Lans-y-Juan-Carlos-Lozano.jpg\",\"contentUrl\":\"https:\/\/www.fiscalia.gov.co\/colombia\/wp-content\/uploads\/Andres-Felipe-Pineda-alias-Lans-y-Juan-Carlos-Lozano.jpg\",\"width\":1600,\"height\":900,\"caption\":\"Judicializados dos hombres y tres mujeres capturados en flagrancia con armas y municiones de corto y largo alcance\"},{\"@type\":\"BreadcrumbList\",\"@id\":\"https:\/\/www.fiscalia.gov.co\/colombia\/noticias\/judicializadas-cinco-personas-capturadas-en-flagrancia-con-armas-y-municiones-de-corto-y-largo-alcance\/#breadcrumb\",\"itemListElement\":[{\"@type\":\"ListItem\",\"position\":1,\"name\":\"Home\",\"item\":\"https:\/\/www.fiscalia.gov.co\/colombia\/\"},{\"@type\":\"ListItem\",\"position\":2,\"name\":\"Judicializadas cinco personas capturadas en flagrancia con armas y municiones de corto y largo alcance\"}]},{\"@type\":\"WebSite\",\"@id\":\"https:\/\/www.fiscalia.gov.co\/colombia\/#website\",\"url\":\"https:\/\/www.fiscalia.gov.co\/colombia\/\",\"name\":\"Fiscal\u00eda General de la Naci\u00f3n\",\"description\":\"P\u00e1gina oficial de la Fiscal\u00eda General de la Naci\u00f3n \u2013 Colombia. Garantizamos el acceso efectivo a la justicia, la verdad y la reparaci\u00f3n de las v\u00edctimas de los delitos.\",\"publisher\":{\"@id\":\"https:\/\/www.fiscalia.gov.co\/colombia\/#organization\"},\"potentialAction\":[{\"@type\":\"SearchAction\",\"target\":{\"@type\":\"EntryPoint\",\"urlTemplate\":\"https:\/\/www.fiscalia.gov.co\/colombia\/?s={search_term_string}\"},\"query-input\":{\"@type\":\"PropertyValueSpecification\",\"valueRequired\":true,\"valueName\":\"search_term_string\"}}],\"inLanguage\":\"es-CO\"},{\"@type\":\"Organization\",\"@id\":\"https:\/\/www.fiscalia.gov.co\/colombia\/#organization\",\"name\":\"Fiscal\u00eda General de la Naci\u00f3n\",\"url\":\"https:\/\/www.fiscalia.gov.co\/colombia\/\",\"logo\":{\"@type\":\"ImageObject\",\"inLanguage\":\"es-CO\",\"@id\":\"https:\/\/www.fiscalia.gov.co\/colombia\/#\/schema\/logo\/image\/\",\"url\":\"https:\/\/www.fiscalia.gov.co\/colombia\/wp-content\/uploads\/LogoHorizontal_1.jpg\",\"contentUrl\":\"https:\/\/www.fiscalia.gov.co\/colombia\/wp-content\/uploads\/LogoHorizontal_1.jpg\",\"width\":300,\"height\":90,\"caption\":\"Fiscal\u00eda General de la Naci\u00f3n\"},\"image\":{\"@id\":\"https:\/\/www.fiscalia.gov.co\/colombia\/#\/schema\/logo\/image\/\"},\"sameAs\":[\"https:\/\/www.facebook.com\/FiscaliaCol\",\"https:\/\/x.com\/FiscaliaCol\",\"https:\/\/www.instagram.com\/fiscaliacol\",\"https:\/\/www.linkedin.com\/company\/fiscalia-general-de-la-naci-n\/\",\"https:\/\/youtube.com\/@fiscaliageneraldelanacion-4668?si=6nN79nyQICPU5iTh\"]},{\"@type\":\"Person\",\"@id\":\"https:\/\/www.fiscalia.gov.co\/colombia\/#\/schema\/person\/bf84402cf293a5393e9c70b111020b24\",\"name\":\"Jordan Leandro Oviedo Anzola\",\"image\":{\"@type\":\"ImageObject\",\"inLanguage\":\"es-CO\",\"@id\":\"https:\/\/www.fiscalia.gov.co\/colombia\/#\/schema\/person\/image\/\",\"url\":\"https:\/\/secure.gravatar.com\/avatar\/dabba4346fa9b9207d96adafa8f92721?s=96&d=mm&r=g\",\"contentUrl\":\"https:\/\/secure.gravatar.com\/avatar\/dabba4346fa9b9207d96adafa8f92721?s=96&d=mm&r=g\",\"caption\":\"Jordan Leandro Oviedo Anzola\"},\"url\":\"https:\/\/www.fiscalia.gov.co\/colombia\/author\/joviedo\/\"}]}<\/script>\n<!-- \/ Yoast SEO plugin. -->","yoast_head_json":{"title":"Fiscal\u00eda General de la Naci\u00f3n","description":"P\u00e1gina oficial de la Fiscal\u00eda General de la Naci\u00f3n \u2013 Colombia. Garantizamos el acceso efectivo a la justicia, la verdad y la reparaci\u00f3n de las v\u00edctimas de los delitos.","robots":{"index":"noindex","follow":"follow"},"og_locale":"es_ES","og_type":"article","og_title":"Fiscal\u00eda General de la Naci\u00f3n","og_description":"P\u00e1gina oficial de la Fiscal\u00eda General de la Naci\u00f3n \u2013 Colombia. Garantizamos el acceso efectivo a la justicia, la verdad y la reparaci\u00f3n de las v\u00edctimas de los delitos.","og_url":"https:\/\/www.fiscalia.gov.co\/colombia\/noticias\/judicializadas-cinco-personas-capturadas-en-flagrancia-con-armas-y-municiones-de-corto-y-largo-alcance\/","og_site_name":"Fiscal\u00eda General de la Naci\u00f3n","article_publisher":"https:\/\/www.facebook.com\/FiscaliaCol","article_published_time":"2024-09-04T17:22:16+00:00","og_image":[{"url":"https:\/\/www.fiscalia.gov.co\/colombia\/wp-content\/uploads\/Andres-Felipe-Pineda-alias-Lans-y-Juan-Carlos-Lozano-1024x576.jpg","type":"","width":"","height":""}],"author":"Jordan Leandro Oviedo Anzola","twitter_card":"summary_large_image","twitter_creator":"@FiscaliaCol","twitter_site":"@FiscaliaCol","twitter_misc":{"Escrito por":"Jordan Leandro Oviedo Anzola","Tiempo de lectura":"3 minutos"},"schema":{"@context":"https:\/\/schema.org","@graph":[{"@type":"Article","@id":"https:\/\/www.fiscalia.gov.co\/colombia\/noticias\/judicializadas-cinco-personas-capturadas-en-flagrancia-con-armas-y-municiones-de-corto-y-largo-alcance\/#article","isPartOf":{"@id":"https:\/\/www.fiscalia.gov.co\/colombia\/noticias\/judicializadas-cinco-personas-capturadas-en-flagrancia-con-armas-y-municiones-de-corto-y-largo-alcance\/"},"author":{"name":"Jordan Leandro Oviedo Anzola","@id":"https:\/\/www.fiscalia.gov.co\/colombia\/#\/schema\/person\/bf84402cf293a5393e9c70b111020b24"},"headline":"Judicializadas cinco personas capturadas en flagrancia con armas y municiones de corto y largo alcance","datePublished":"2024-09-04T17:22:16+00:00","dateModified":"2024-09-04T17:22:16+00:00","mainEntityOfPage":{"@id":"https:\/\/www.fiscalia.gov.co\/colombia\/noticias\/judicializadas-cinco-personas-capturadas-en-flagrancia-con-armas-y-municiones-de-corto-y-largo-alcance\/"},"wordCount":459,"publisher":{"@id":"https:\/\/www.fiscalia.gov.co\/colombia\/#organization"},"image":{"@id":"https:\/\/www.fiscalia.gov.co\/colombia\/noticias\/judicializadas-cinco-personas-capturadas-en-flagrancia-con-armas-y-municiones-de-corto-y-largo-alcance\/#primaryimage"},"thumbnailUrl":"https:\/\/www.fiscalia.gov.co\/colombia\/wp-content\/uploads\/Andres-Felipe-Pineda-alias-Lans-y-Juan-Carlos-Lozano-1024x576.jpg","keywords":["BARBOSA (ANTIOQUIA)","Barbosa Antioquia) GDO Los del Bajo","dos hombres y tres mujeres; porte ilegal de armas de fuego de uso civil y militar","Fiscal\u00eda General de la Naci\u00f3n","mas de 1300 cartuchos de diferente calibre","medida intramuros","parcelaci\u00f3n Papalito","Polic\u00eda Nacional","tres pistolas","un fusil"],"articleSection":["Noticias","Seccional Antioquia","Seccionales","Seguridad territorial"],"inLanguage":"es-CO"},{"@type":"WebPage","@id":"https:\/\/www.fiscalia.gov.co\/colombia\/noticias\/judicializadas-cinco-personas-capturadas-en-flagrancia-con-armas-y-municiones-de-corto-y-largo-alcance\/","url":"https:\/\/www.fiscalia.gov.co\/colombia\/noticias\/judicializadas-cinco-personas-capturadas-en-flagrancia-con-armas-y-municiones-de-corto-y-largo-alcance\/","name":"Fiscal\u00eda General de la Naci\u00f3n","isPartOf":{"@id":"https:\/\/www.fiscalia.gov.co\/colombia\/#website"},"primaryImageOfPage":{"@id":"https:\/\/www.fiscalia.gov.co\/colombia\/noticias\/judicializadas-cinco-personas-capturadas-en-flagrancia-con-armas-y-municiones-de-corto-y-largo-alcance\/#primaryimage"},"image":{"@id":"https:\/\/www.fiscalia.gov.co\/colombia\/noticias\/judicializadas-cinco-personas-capturadas-en-flagrancia-con-armas-y-municiones-de-corto-y-largo-alcance\/#primaryimage"},"thumbnailUrl":"https:\/\/www.fiscalia.gov.co\/colombia\/wp-content\/uploads\/Andres-Felipe-Pineda-alias-Lans-y-Juan-Carlos-Lozano-1024x576.jpg","datePublished":"2024-09-04T17:22:16+00:00","dateModified":"2024-09-04T17:22:16+00:00","description":"P\u00e1gina oficial de la Fiscal\u00eda General de la Naci\u00f3n \u2013 Colombia. Garantizamos el acceso efectivo a la justicia, la verdad y la reparaci\u00f3n de las v\u00edctimas de los delitos.","breadcrumb":{"@id":"https:\/\/www.fiscalia.gov.co\/colombia\/noticias\/judicializadas-cinco-personas-capturadas-en-flagrancia-con-armas-y-municiones-de-corto-y-largo-alcance\/#breadcrumb"},"inLanguage":"es-CO","potentialAction":[{"@type":"ReadAction","target":["https:\/\/www.fiscalia.gov.co\/colombia\/noticias\/judicializadas-cinco-personas-capturadas-en-flagrancia-con-armas-y-municiones-de-corto-y-largo-alcance\/"]}]},{"@type":"ImageObject","inLanguage":"es-CO","@id":"https:\/\/www.fiscalia.gov.co\/colombia\/noticias\/judicializadas-cinco-personas-capturadas-en-flagrancia-con-armas-y-municiones-de-corto-y-largo-alcance\/#primaryimage","url":"https:\/\/www.fiscalia.gov.co\/colombia\/wp-content\/uploads\/Andres-Felipe-Pineda-alias-Lans-y-Juan-Carlos-Lozano.jpg","contentUrl":"https:\/\/www.fiscalia.gov.co\/colombia\/wp-content\/uploads\/Andres-Felipe-Pineda-alias-Lans-y-Juan-Carlos-Lozano.jpg","width":1600,"height":900,"caption":"Judicializados dos hombres y tres mujeres capturados en flagrancia con armas y municiones de corto y largo alcance"},{"@type":"BreadcrumbList","@id":"https:\/\/www.fiscalia.gov.co\/colombia\/noticias\/judicializadas-cinco-personas-capturadas-en-flagrancia-con-armas-y-municiones-de-corto-y-largo-alcance\/#breadcrumb","itemListElement":[{"@type":"ListItem","position":1,"name":"Home","item":"https:\/\/www.fiscalia.gov.co\/colombia\/"},{"@type":"ListItem","position":2,"name":"Judicializadas cinco personas capturadas en flagrancia con armas y municiones de corto y largo alcance"}]},{"@type":"WebSite","@id":"https:\/\/www.fiscalia.gov.co\/colombia\/#website","url":"https:\/\/www.fiscalia.gov.co\/colombia\/","name":"Fiscal\u00eda General de la Naci\u00f3n","description":"P\u00e1gina oficial de la Fiscal\u00eda General de la Naci\u00f3n \u2013 Colombia. Garantizamos el acceso efectivo a la justicia, la verdad y la reparaci\u00f3n de las v\u00edctimas de los delitos.","publisher":{"@id":"https:\/\/www.fiscalia.gov.co\/colombia\/#organization"},"potentialAction":[{"@type":"SearchAction","target":{"@type":"EntryPoint","urlTemplate":"https:\/\/www.fiscalia.gov.co\/colombia\/?s={search_term_string}"},"query-input":{"@type":"PropertyValueSpecification","valueRequired":true,"valueName":"search_term_string"}}],"inLanguage":"es-CO"},{"@type":"Organization","@id":"https:\/\/www.fiscalia.gov.co\/colombia\/#organization","name":"Fiscal\u00eda General de la Naci\u00f3n","url":"https:\/\/www.fiscalia.gov.co\/colombia\/","logo":{"@type":"ImageObject","inLanguage":"es-CO","@id":"https:\/\/www.fiscalia.gov.co\/colombia\/#\/schema\/logo\/image\/","url":"https:\/\/www.fiscalia.gov.co\/colombia\/wp-content\/uploads\/LogoHorizontal_1.jpg","contentUrl":"https:\/\/www.fiscalia.gov.co\/colombia\/wp-content\/uploads\/LogoHorizontal_1.jpg","width":300,"height":90,"caption":"Fiscal\u00eda General de la Naci\u00f3n"},"image":{"@id":"https:\/\/www.fiscalia.gov.co\/colombia\/#\/schema\/logo\/image\/"},"sameAs":["https:\/\/www.facebook.com\/FiscaliaCol","https:\/\/x.com\/FiscaliaCol","https:\/\/www.instagram.com\/fiscaliacol","https:\/\/www.linkedin.com\/company\/fiscalia-general-de-la-naci-n\/","https:\/\/youtube.com\/@fiscaliageneraldelanacion-4668?si=6nN79nyQICPU5iTh"]},{"@type":"Person","@id":"https:\/\/www.fiscalia.gov.co\/colombia\/#\/schema\/person\/bf84402cf293a5393e9c70b111020b24","name":"Jordan Leandro Oviedo Anzola","image":{"@type":"ImageObject","inLanguage":"es-CO","@id":"https:\/\/www.fiscalia.gov.co\/colombia\/#\/schema\/person\/image\/","url":"https:\/\/secure.gravatar.com\/avatar\/dabba4346fa9b9207d96adafa8f92721?s=96&d=mm&r=g","contentUrl":"https:\/\/secure.gravatar.com\/avatar\/dabba4346fa9b9207d96adafa8f92721?s=96&d=mm&r=g","caption":"Jordan Leandro Oviedo Anzola"},"url":"https:\/\/www.fiscalia.gov.co\/colombia\/author\/joviedo\/"}]}},"_links":{"self":[{"href":"https:\/\/www.fiscalia.gov.co\/colombia\/wp-json\/wp\/v2\/posts\/301081","targetHints":{"allow":["GET"]}}],"collection":[{"href":"https:\/\/www.fiscalia.gov.co\/colombia\/wp-json\/wp\/v2\/posts"}],"about":[{"href":"https:\/\/www.fiscalia.gov.co\/colombia\/wp-json\/wp\/v2\/types\/post"}],"author":[{"embeddable":true,"href":"https:\/\/www.fiscalia.gov.co\/colombia\/wp-json\/wp\/v2\/users\/177"}],"replies":[{"embeddable":true,"href":"https:\/\/www.fiscalia.gov.co\/colombia\/wp-json\/wp\/v2\/comments?post=301081"}],"version-history":[{"count":1,"href":"https:\/\/www.fiscalia.gov.co\/colombia\/wp-json\/wp\/v2\/posts\/301081\/revisions"}],"predecessor-version":[{"id":301083,"href":"https:\/\/www.fiscalia.gov.co\/colombia\/wp-json\/wp\/v2\/posts\/301081\/revisions\/301083"}],"wp:attachment":[{"href":"https:\/\/www.fiscalia.gov.co\/colombia\/wp-json\/wp\/v2\/media?parent=301081"}],"wp:term":[{"taxonomy":"category","embeddable":true,"href":"https:\/\/www.fiscalia.gov.co\/colombia\/wp-json\/wp\/v2\/categories?post=301081"},{"taxonomy":"post_tag","embeddable":true,"href":"https:\/\/www.fiscalia.gov.co\/colombia\/wp-json\/wp\/v2\/tags?post=301081"}],"curies":[{"name":"wp","href":"https:\/\/api.w.org\/{rel}","templated":true}]}}