{"id":300834,"date":"2024-08-29T17:00:58","date_gmt":"2024-08-29T22:00:58","guid":{"rendered":"https:\/\/www.fiscalia.gov.co\/colombia\/?p=300834"},"modified":"2024-08-29T17:00:58","modified_gmt":"2024-08-29T22:00:58","slug":"a-la-carcel-fue-enviado-un-hombre-que-habria-abusado-sexualmente-a-sus-cinco-hijos-en-barranquilla","status":"publish","type":"post","link":"https:\/\/www.fiscalia.gov.co\/colombia\/noticias\/a-la-carcel-fue-enviado-un-hombre-que-habria-abusado-sexualmente-a-sus-cinco-hijos-en-barranquilla\/","title":{"rendered":"A la c\u00e1rcel fue enviado un hombre que habr\u00eda abusado sexualmente a sus cinco hijos en Barranquilla"},"content":{"rendered":"<h4 style=\"font-weight: 400; text-align: center;\"><strong><em>Las agresiones iniciaron en 2015 y se prolongaron hasta el 2023. Los hechos ocurrieron en una vivienda del barrio Villa de San Pedro II.<\/em><\/strong><\/h4>\n<p style=\"font-weight: 400;\">Una fiscal del Centro de Atenci\u00f3n Integral a V\u00edctimas de Abuso Sexual (Caivas) de la Seccional Atl\u00e1ntico logr\u00f3 que un juez de control de garant\u00edas de Barranquilla enviara a la c\u00e1rcel a un hombre presuntamente responsable de someter, durante ochos a\u00f1os, a <strong>m\u00faltiples vej\u00e1menes sexualmente a sus cinco hijos, cuyas edades, para la \u00e9poca de los hechos, oscilaban entre 8 y 14 a\u00f1os.<\/strong><\/p>\n<figure id=\"attachment_300836\" aria-describedby=\"caption-attachment-300836\" style=\"width: 476px\" class=\"wp-caption aligncenter\"><img loading=\"lazy\" decoding=\"async\" class=\" wp-image-300836\" src=\"https:\/\/www.fiscalia.gov.co\/colombia\/wp-content\/uploads\/A-LA-CARCEL-FUE-ENVIADO-UN-HOMBRE-QUE-HABRIA-ABUSADO-SEXUALMENTE-A-SUS-CINCO-HIJOS-EN-BARRANQUILLA-300x255.jpeg\" alt=\"En la imagen aparece el denenido con una camiseta gris acompa\u00f1ado de un funcionario de la Polic\u00eda y un funcionario del CTI \" width=\"476\" height=\"405\" srcset=\"https:\/\/www.fiscalia.gov.co\/colombia\/wp-content\/uploads\/A-LA-CARCEL-FUE-ENVIADO-UN-HOMBRE-QUE-HABRIA-ABUSADO-SEXUALMENTE-A-SUS-CINCO-HIJOS-EN-BARRANQUILLA-300x255.jpeg 300w, https:\/\/www.fiscalia.gov.co\/colombia\/wp-content\/uploads\/A-LA-CARCEL-FUE-ENVIADO-UN-HOMBRE-QUE-HABRIA-ABUSADO-SEXUALMENTE-A-SUS-CINCO-HIJOS-EN-BARRANQUILLA-1024x869.jpeg 1024w, https:\/\/www.fiscalia.gov.co\/colombia\/wp-content\/uploads\/A-LA-CARCEL-FUE-ENVIADO-UN-HOMBRE-QUE-HABRIA-ABUSADO-SEXUALMENTE-A-SUS-CINCO-HIJOS-EN-BARRANQUILLA-768x652.jpeg 768w, https:\/\/www.fiscalia.gov.co\/colombia\/wp-content\/uploads\/A-LA-CARCEL-FUE-ENVIADO-UN-HOMBRE-QUE-HABRIA-ABUSADO-SEXUALMENTE-A-SUS-CINCO-HIJOS-EN-BARRANQUILLA-1536x1304.jpeg 1536w, https:\/\/www.fiscalia.gov.co\/colombia\/wp-content\/uploads\/A-LA-CARCEL-FUE-ENVIADO-UN-HOMBRE-QUE-HABRIA-ABUSADO-SEXUALMENTE-A-SUS-CINCO-HIJOS-EN-BARRANQUILLA-495x420.jpeg 495w, https:\/\/www.fiscalia.gov.co\/colombia\/wp-content\/uploads\/A-LA-CARCEL-FUE-ENVIADO-UN-HOMBRE-QUE-HABRIA-ABUSADO-SEXUALMENTE-A-SUS-CINCO-HIJOS-EN-BARRANQUILLA-696x591.jpeg 696w, https:\/\/www.fiscalia.gov.co\/colombia\/wp-content\/uploads\/A-LA-CARCEL-FUE-ENVIADO-UN-HOMBRE-QUE-HABRIA-ABUSADO-SEXUALMENTE-A-SUS-CINCO-HIJOS-EN-BARRANQUILLA-1068x906.jpeg 1068w, https:\/\/www.fiscalia.gov.co\/colombia\/wp-content\/uploads\/A-LA-CARCEL-FUE-ENVIADO-UN-HOMBRE-QUE-HABRIA-ABUSADO-SEXUALMENTE-A-SUS-CINCO-HIJOS-EN-BARRANQUILLA.jpeg 1600w\" sizes=\"auto, (max-width: 476px) 100vw, 476px\" \/><figcaption id=\"caption-attachment-300836\" class=\"wp-caption-text\">Las agresiones iniciaron en 2015 y se prolongaron hasta el 2023. Los hechos ocurrieron en una vivienda del barrio Villa de San Pedro II.<\/figcaption><\/figure>\n<p style=\"font-weight: 400;\">El material de prueba aportado por la Fiscal\u00eda General de la Naci\u00f3n permiti\u00f3 imputar al procesado los delitos de acceso carnal violento y acto sexual violento, cargos a los cuales no se allan\u00f3.<\/p>\n<p><strong><em>Le puede interesar:<\/em> <\/strong><a href=\"https:\/\/www.fiscalia.gov.co\/colombia\/noticias\/a-la-carcel-dos-hombres-que-habrian-extorsionado-a-un-comerciante-en-cartagena\/\">A la c\u00e1rcel dos hombres que habr\u00edan extorsionado a un comerciante en Cartagena<\/a><\/p>\n<p style=\"font-weight: 400;\">Pruebas testimoniales en poder del ente acusador evidenciaron que el procesado habr\u00eda aprovechado su condici\u00f3n de padre para someter a los menores,<strong> a quienes adem\u00e1s habr\u00eda obligado a incurrir en distintas pr\u00e1cticas de \u00edndole sexual.<\/strong><\/p>\n<p style=\"font-weight: 400;\">Los hechos ocurrieron en una vivienda del barrio Villa de San Pedro II al suroccidente de la capital del Atl\u00e1ntico, donde el investigado viv\u00eda junto con las v\u00edctimas.<\/p>\n<p style=\"font-weight: 400;\">En cumplimiento de una orden judicial, el procesado, de 45 a\u00f1os, fue capturado por funcionarios del Cuerpo T\u00e9cnico de Investigaci\u00f3n (CTI) y la Polic\u00eda Nacional el pasado 20 de agosto en el lugar donde se presume sucedieron las agresiones.<\/p>\n<p style=\"font-weight: 400;\">\n<p style=\"font-weight: 400;\">SKCR\/MAGA\/LG\/WFOJ\/DSA<\/p>\n<p>&nbsp;<\/p>\n<p>&nbsp;<\/p>\n<p><em>La informaci\u00f3n contenida en este bolet\u00edn de prensa corresponde a la narraci\u00f3n de los hechos noticiosos objetivos, suministrados por los funcionarios encargados de adelantar las investigaciones penales al interior de la Fiscal\u00eda General de la Naci\u00f3n. Para el momento de la divulgaci\u00f3n de este comunicado, la situaci\u00f3n jur\u00eddica de la(s) persona(s) relacionada(s) se encuentra pendiente de resolver por la autoridad judicial competente, siempre bajo los preceptos de la presunci\u00f3n de inocencia, consagrados en el art\u00edculo 29 de la Constituci\u00f3n Pol\u00edtica y el art\u00edculo 7\u00ba de la Ley 906 de 2004.<\/em><\/p>\n\n<div class=\"twitter-share\"><a href=\"https:\/\/twitter.com\/intent\/tweet?via=fiscaliacol\" class=\"twitter-share-button\">Tweet<\/a><\/div>\n","protected":false},"excerpt":{"rendered":"<p>Las agresiones iniciaron en 2015 y se prolongaron hasta el 2023. Los hechos ocurrieron en una vivienda del barrio Villa de San Pedro II. Una fiscal del Centro de Atenci\u00f3n [&hellip;]<\/p>\n","protected":false},"author":178,"featured_media":0,"comment_status":"closed","ping_status":"open","sticky":false,"template":"","format":"standard","meta":{"tdm_status":"","tdm_grid_status":"","footnotes":""},"categories":[1,320,303,24127],"tags":[801,23982,37492,1047,2299],"class_list":["post-300834","post","type-post","status-publish","format-standard","category-noticias","category-seccional-barranquilla","category-seccionales","category-violencia-sexual-e-intrafamiliar","tag-abuso-sexual","tag-barranquilla-atlantico","tag-fiscal-luz-adriana-camargo","tag-fiscalia-general-de-la-nacion","tag-violencia-sexual"],"yoast_head":"<!-- This site is optimized with the Yoast SEO plugin v24.3 - https:\/\/yoast.com\/wordpress\/plugins\/seo\/ -->\n<title>Fiscal\u00eda General de la Naci\u00f3n<\/title>\n<meta name=\"description\" content=\"P\u00e1gina oficial de la Fiscal\u00eda General de la Naci\u00f3n \u2013 Colombia. Garantizamos el acceso efectivo a la justicia, la verdad y la reparaci\u00f3n de las v\u00edctimas de los delitos.\" \/>\n<meta name=\"robots\" content=\"noindex, follow\" \/>\n<meta property=\"og:locale\" content=\"es_ES\" \/>\n<meta property=\"og:type\" content=\"article\" \/>\n<meta property=\"og:title\" content=\"Fiscal\u00eda General de la Naci\u00f3n\" \/>\n<meta property=\"og:description\" content=\"P\u00e1gina oficial de la Fiscal\u00eda General de la Naci\u00f3n \u2013 Colombia. Garantizamos el acceso efectivo a la justicia, la verdad y la reparaci\u00f3n de las v\u00edctimas de los delitos.\" \/>\n<meta property=\"og:url\" content=\"https:\/\/www.fiscalia.gov.co\/colombia\/noticias\/a-la-carcel-fue-enviado-un-hombre-que-habria-abusado-sexualmente-a-sus-cinco-hijos-en-barranquilla\/\" \/>\n<meta property=\"og:site_name\" content=\"Fiscal\u00eda General de la Naci\u00f3n\" \/>\n<meta property=\"article:publisher\" content=\"https:\/\/www.facebook.com\/FiscaliaCol\" \/>\n<meta property=\"article:published_time\" content=\"2024-08-29T22:00:58+00:00\" \/>\n<meta property=\"og:image\" content=\"https:\/\/www.fiscalia.gov.co\/colombia\/wp-content\/uploads\/A-LA-CARCEL-FUE-ENVIADO-UN-HOMBRE-QUE-HABRIA-ABUSADO-SEXUALMENTE-A-SUS-CINCO-HIJOS-EN-BARRANQUILLA-300x255.jpeg\" \/>\n<meta name=\"author\" content=\"Winnie Geraldine Rodr\u00edguez Navarrete\" \/>\n<meta name=\"twitter:card\" content=\"summary_large_image\" \/>\n<meta name=\"twitter:creator\" content=\"@FiscaliaCol\" \/>\n<meta name=\"twitter:site\" content=\"@FiscaliaCol\" \/>\n<meta name=\"twitter:label1\" content=\"Escrito por\" \/>\n\t<meta name=\"twitter:data1\" content=\"Winnie Geraldine Rodr\u00edguez Navarrete\" \/>\n\t<meta name=\"twitter:label2\" content=\"Tiempo de lectura\" \/>\n\t<meta name=\"twitter:data2\" content=\"2 minutos\" \/>\n<script type=\"application\/ld+json\" class=\"yoast-schema-graph\">{\"@context\":\"https:\/\/schema.org\",\"@graph\":[{\"@type\":\"Article\",\"@id\":\"https:\/\/www.fiscalia.gov.co\/colombia\/noticias\/a-la-carcel-fue-enviado-un-hombre-que-habria-abusado-sexualmente-a-sus-cinco-hijos-en-barranquilla\/#article\",\"isPartOf\":{\"@id\":\"https:\/\/www.fiscalia.gov.co\/colombia\/noticias\/a-la-carcel-fue-enviado-un-hombre-que-habria-abusado-sexualmente-a-sus-cinco-hijos-en-barranquilla\/\"},\"author\":{\"name\":\"Winnie Geraldine Rodr\u00edguez Navarrete\",\"@id\":\"https:\/\/www.fiscalia.gov.co\/colombia\/#\/schema\/person\/176195b99ebab0a52aafa15197e1bf80\"},\"headline\":\"A la c\u00e1rcel fue enviado un hombre que habr\u00eda abusado sexualmente a sus cinco hijos en Barranquilla\",\"datePublished\":\"2024-08-29T22:00:58+00:00\",\"dateModified\":\"2024-08-29T22:00:58+00:00\",\"mainEntityOfPage\":{\"@id\":\"https:\/\/www.fiscalia.gov.co\/colombia\/noticias\/a-la-carcel-fue-enviado-un-hombre-que-habria-abusado-sexualmente-a-sus-cinco-hijos-en-barranquilla\/\"},\"wordCount\":414,\"publisher\":{\"@id\":\"https:\/\/www.fiscalia.gov.co\/colombia\/#organization\"},\"image\":{\"@id\":\"https:\/\/www.fiscalia.gov.co\/colombia\/noticias\/a-la-carcel-fue-enviado-un-hombre-que-habria-abusado-sexualmente-a-sus-cinco-hijos-en-barranquilla\/#primaryimage\"},\"thumbnailUrl\":\"https:\/\/www.fiscalia.gov.co\/colombia\/wp-content\/uploads\/A-LA-CARCEL-FUE-ENVIADO-UN-HOMBRE-QUE-HABRIA-ABUSADO-SEXUALMENTE-A-SUS-CINCO-HIJOS-EN-BARRANQUILLA-300x255.jpeg\",\"keywords\":[\"Abuso sexual\",\"Barranquilla (Atl\u00e1ntico)\",\"Fiscal Luz Adriana Camargo\",\"Fiscal\u00eda General de la Naci\u00f3n\",\"Violencia sexual\"],\"articleSection\":[\"Noticias\",\"Seccional Barranquilla\",\"Seccionales\",\"Violencia sexual e intrafamiliar\"],\"inLanguage\":\"es-CO\"},{\"@type\":\"WebPage\",\"@id\":\"https:\/\/www.fiscalia.gov.co\/colombia\/noticias\/a-la-carcel-fue-enviado-un-hombre-que-habria-abusado-sexualmente-a-sus-cinco-hijos-en-barranquilla\/\",\"url\":\"https:\/\/www.fiscalia.gov.co\/colombia\/noticias\/a-la-carcel-fue-enviado-un-hombre-que-habria-abusado-sexualmente-a-sus-cinco-hijos-en-barranquilla\/\",\"name\":\"Fiscal\u00eda General de la Naci\u00f3n\",\"isPartOf\":{\"@id\":\"https:\/\/www.fiscalia.gov.co\/colombia\/#website\"},\"primaryImageOfPage\":{\"@id\":\"https:\/\/www.fiscalia.gov.co\/colombia\/noticias\/a-la-carcel-fue-enviado-un-hombre-que-habria-abusado-sexualmente-a-sus-cinco-hijos-en-barranquilla\/#primaryimage\"},\"image\":{\"@id\":\"https:\/\/www.fiscalia.gov.co\/colombia\/noticias\/a-la-carcel-fue-enviado-un-hombre-que-habria-abusado-sexualmente-a-sus-cinco-hijos-en-barranquilla\/#primaryimage\"},\"thumbnailUrl\":\"https:\/\/www.fiscalia.gov.co\/colombia\/wp-content\/uploads\/A-LA-CARCEL-FUE-ENVIADO-UN-HOMBRE-QUE-HABRIA-ABUSADO-SEXUALMENTE-A-SUS-CINCO-HIJOS-EN-BARRANQUILLA-300x255.jpeg\",\"datePublished\":\"2024-08-29T22:00:58+00:00\",\"dateModified\":\"2024-08-29T22:00:58+00:00\",\"description\":\"P\u00e1gina oficial de la Fiscal\u00eda General de la Naci\u00f3n \u2013 Colombia. Garantizamos el acceso efectivo a la justicia, la verdad y la reparaci\u00f3n de las v\u00edctimas de los delitos.\",\"breadcrumb\":{\"@id\":\"https:\/\/www.fiscalia.gov.co\/colombia\/noticias\/a-la-carcel-fue-enviado-un-hombre-que-habria-abusado-sexualmente-a-sus-cinco-hijos-en-barranquilla\/#breadcrumb\"},\"inLanguage\":\"es-CO\",\"potentialAction\":[{\"@type\":\"ReadAction\",\"target\":[\"https:\/\/www.fiscalia.gov.co\/colombia\/noticias\/a-la-carcel-fue-enviado-un-hombre-que-habria-abusado-sexualmente-a-sus-cinco-hijos-en-barranquilla\/\"]}]},{\"@type\":\"ImageObject\",\"inLanguage\":\"es-CO\",\"@id\":\"https:\/\/www.fiscalia.gov.co\/colombia\/noticias\/a-la-carcel-fue-enviado-un-hombre-que-habria-abusado-sexualmente-a-sus-cinco-hijos-en-barranquilla\/#primaryimage\",\"url\":\"https:\/\/www.fiscalia.gov.co\/colombia\/wp-content\/uploads\/A-LA-CARCEL-FUE-ENVIADO-UN-HOMBRE-QUE-HABRIA-ABUSADO-SEXUALMENTE-A-SUS-CINCO-HIJOS-EN-BARRANQUILLA.jpeg\",\"contentUrl\":\"https:\/\/www.fiscalia.gov.co\/colombia\/wp-content\/uploads\/A-LA-CARCEL-FUE-ENVIADO-UN-HOMBRE-QUE-HABRIA-ABUSADO-SEXUALMENTE-A-SUS-CINCO-HIJOS-EN-BARRANQUILLA.jpeg\",\"width\":1600,\"height\":1358,\"caption\":\"Las agresiones iniciaron en 2015 y se prolongaron hasta el 2023. Los hechos ocurrieron en una vivienda del barrio Villa de San Pedro II.\"},{\"@type\":\"BreadcrumbList\",\"@id\":\"https:\/\/www.fiscalia.gov.co\/colombia\/noticias\/a-la-carcel-fue-enviado-un-hombre-que-habria-abusado-sexualmente-a-sus-cinco-hijos-en-barranquilla\/#breadcrumb\",\"itemListElement\":[{\"@type\":\"ListItem\",\"position\":1,\"name\":\"Home\",\"item\":\"https:\/\/www.fiscalia.gov.co\/colombia\/\"},{\"@type\":\"ListItem\",\"position\":2,\"name\":\"A la c\u00e1rcel fue enviado un hombre que habr\u00eda abusado sexualmente a sus cinco hijos en Barranquilla\"}]},{\"@type\":\"WebSite\",\"@id\":\"https:\/\/www.fiscalia.gov.co\/colombia\/#website\",\"url\":\"https:\/\/www.fiscalia.gov.co\/colombia\/\",\"name\":\"Fiscal\u00eda General de la Naci\u00f3n\",\"description\":\"P\u00e1gina oficial de la Fiscal\u00eda General de la Naci\u00f3n \u2013 Colombia. Garantizamos el acceso efectivo a la justicia, la verdad y la reparaci\u00f3n de las v\u00edctimas de los delitos.\",\"publisher\":{\"@id\":\"https:\/\/www.fiscalia.gov.co\/colombia\/#organization\"},\"potentialAction\":[{\"@type\":\"SearchAction\",\"target\":{\"@type\":\"EntryPoint\",\"urlTemplate\":\"https:\/\/www.fiscalia.gov.co\/colombia\/?s={search_term_string}\"},\"query-input\":{\"@type\":\"PropertyValueSpecification\",\"valueRequired\":true,\"valueName\":\"search_term_string\"}}],\"inLanguage\":\"es-CO\"},{\"@type\":\"Organization\",\"@id\":\"https:\/\/www.fiscalia.gov.co\/colombia\/#organization\",\"name\":\"Fiscal\u00eda General de la Naci\u00f3n\",\"url\":\"https:\/\/www.fiscalia.gov.co\/colombia\/\",\"logo\":{\"@type\":\"ImageObject\",\"inLanguage\":\"es-CO\",\"@id\":\"https:\/\/www.fiscalia.gov.co\/colombia\/#\/schema\/logo\/image\/\",\"url\":\"https:\/\/www.fiscalia.gov.co\/colombia\/wp-content\/uploads\/LogoHorizontal_1.jpg\",\"contentUrl\":\"https:\/\/www.fiscalia.gov.co\/colombia\/wp-content\/uploads\/LogoHorizontal_1.jpg\",\"width\":300,\"height\":90,\"caption\":\"Fiscal\u00eda General de la Naci\u00f3n\"},\"image\":{\"@id\":\"https:\/\/www.fiscalia.gov.co\/colombia\/#\/schema\/logo\/image\/\"},\"sameAs\":[\"https:\/\/www.facebook.com\/FiscaliaCol\",\"https:\/\/x.com\/FiscaliaCol\",\"https:\/\/www.instagram.com\/fiscaliacol\",\"https:\/\/www.linkedin.com\/company\/fiscalia-general-de-la-naci-n\/\",\"https:\/\/youtube.com\/@fiscaliageneraldelanacion-4668?si=6nN79nyQICPU5iTh\"]},{\"@type\":\"Person\",\"@id\":\"https:\/\/www.fiscalia.gov.co\/colombia\/#\/schema\/person\/176195b99ebab0a52aafa15197e1bf80\",\"name\":\"Winnie Geraldine Rodr\u00edguez Navarrete\",\"image\":{\"@type\":\"ImageObject\",\"inLanguage\":\"es-CO\",\"@id\":\"https:\/\/www.fiscalia.gov.co\/colombia\/#\/schema\/person\/image\/\",\"url\":\"https:\/\/secure.gravatar.com\/avatar\/c24cf8481dc84fa5e8c7b20bc95ab0c6?s=96&d=mm&r=g\",\"contentUrl\":\"https:\/\/secure.gravatar.com\/avatar\/c24cf8481dc84fa5e8c7b20bc95ab0c6?s=96&d=mm&r=g\",\"caption\":\"Winnie Geraldine Rodr\u00edguez Navarrete\"},\"url\":\"https:\/\/www.fiscalia.gov.co\/colombia\/author\/winnierodriguez\/\"}]}<\/script>\n<!-- \/ Yoast SEO plugin. -->","yoast_head_json":{"title":"Fiscal\u00eda General de la Naci\u00f3n","description":"P\u00e1gina oficial de la Fiscal\u00eda General de la Naci\u00f3n \u2013 Colombia. Garantizamos el acceso efectivo a la justicia, la verdad y la reparaci\u00f3n de las v\u00edctimas de los delitos.","robots":{"index":"noindex","follow":"follow"},"og_locale":"es_ES","og_type":"article","og_title":"Fiscal\u00eda General de la Naci\u00f3n","og_description":"P\u00e1gina oficial de la Fiscal\u00eda General de la Naci\u00f3n \u2013 Colombia. Garantizamos el acceso efectivo a la justicia, la verdad y la reparaci\u00f3n de las v\u00edctimas de los delitos.","og_url":"https:\/\/www.fiscalia.gov.co\/colombia\/noticias\/a-la-carcel-fue-enviado-un-hombre-que-habria-abusado-sexualmente-a-sus-cinco-hijos-en-barranquilla\/","og_site_name":"Fiscal\u00eda General de la Naci\u00f3n","article_publisher":"https:\/\/www.facebook.com\/FiscaliaCol","article_published_time":"2024-08-29T22:00:58+00:00","og_image":[{"url":"https:\/\/www.fiscalia.gov.co\/colombia\/wp-content\/uploads\/A-LA-CARCEL-FUE-ENVIADO-UN-HOMBRE-QUE-HABRIA-ABUSADO-SEXUALMENTE-A-SUS-CINCO-HIJOS-EN-BARRANQUILLA-300x255.jpeg","type":"","width":"","height":""}],"author":"Winnie Geraldine Rodr\u00edguez Navarrete","twitter_card":"summary_large_image","twitter_creator":"@FiscaliaCol","twitter_site":"@FiscaliaCol","twitter_misc":{"Escrito por":"Winnie Geraldine Rodr\u00edguez Navarrete","Tiempo de lectura":"2 minutos"},"schema":{"@context":"https:\/\/schema.org","@graph":[{"@type":"Article","@id":"https:\/\/www.fiscalia.gov.co\/colombia\/noticias\/a-la-carcel-fue-enviado-un-hombre-que-habria-abusado-sexualmente-a-sus-cinco-hijos-en-barranquilla\/#article","isPartOf":{"@id":"https:\/\/www.fiscalia.gov.co\/colombia\/noticias\/a-la-carcel-fue-enviado-un-hombre-que-habria-abusado-sexualmente-a-sus-cinco-hijos-en-barranquilla\/"},"author":{"name":"Winnie Geraldine Rodr\u00edguez Navarrete","@id":"https:\/\/www.fiscalia.gov.co\/colombia\/#\/schema\/person\/176195b99ebab0a52aafa15197e1bf80"},"headline":"A la c\u00e1rcel fue enviado un hombre que habr\u00eda abusado sexualmente a sus cinco hijos en Barranquilla","datePublished":"2024-08-29T22:00:58+00:00","dateModified":"2024-08-29T22:00:58+00:00","mainEntityOfPage":{"@id":"https:\/\/www.fiscalia.gov.co\/colombia\/noticias\/a-la-carcel-fue-enviado-un-hombre-que-habria-abusado-sexualmente-a-sus-cinco-hijos-en-barranquilla\/"},"wordCount":414,"publisher":{"@id":"https:\/\/www.fiscalia.gov.co\/colombia\/#organization"},"image":{"@id":"https:\/\/www.fiscalia.gov.co\/colombia\/noticias\/a-la-carcel-fue-enviado-un-hombre-que-habria-abusado-sexualmente-a-sus-cinco-hijos-en-barranquilla\/#primaryimage"},"thumbnailUrl":"https:\/\/www.fiscalia.gov.co\/colombia\/wp-content\/uploads\/A-LA-CARCEL-FUE-ENVIADO-UN-HOMBRE-QUE-HABRIA-ABUSADO-SEXUALMENTE-A-SUS-CINCO-HIJOS-EN-BARRANQUILLA-300x255.jpeg","keywords":["Abuso sexual","Barranquilla (Atl\u00e1ntico)","Fiscal Luz Adriana Camargo","Fiscal\u00eda General de la Naci\u00f3n","Violencia sexual"],"articleSection":["Noticias","Seccional Barranquilla","Seccionales","Violencia sexual e intrafamiliar"],"inLanguage":"es-CO"},{"@type":"WebPage","@id":"https:\/\/www.fiscalia.gov.co\/colombia\/noticias\/a-la-carcel-fue-enviado-un-hombre-que-habria-abusado-sexualmente-a-sus-cinco-hijos-en-barranquilla\/","url":"https:\/\/www.fiscalia.gov.co\/colombia\/noticias\/a-la-carcel-fue-enviado-un-hombre-que-habria-abusado-sexualmente-a-sus-cinco-hijos-en-barranquilla\/","name":"Fiscal\u00eda General de la Naci\u00f3n","isPartOf":{"@id":"https:\/\/www.fiscalia.gov.co\/colombia\/#website"},"primaryImageOfPage":{"@id":"https:\/\/www.fiscalia.gov.co\/colombia\/noticias\/a-la-carcel-fue-enviado-un-hombre-que-habria-abusado-sexualmente-a-sus-cinco-hijos-en-barranquilla\/#primaryimage"},"image":{"@id":"https:\/\/www.fiscalia.gov.co\/colombia\/noticias\/a-la-carcel-fue-enviado-un-hombre-que-habria-abusado-sexualmente-a-sus-cinco-hijos-en-barranquilla\/#primaryimage"},"thumbnailUrl":"https:\/\/www.fiscalia.gov.co\/colombia\/wp-content\/uploads\/A-LA-CARCEL-FUE-ENVIADO-UN-HOMBRE-QUE-HABRIA-ABUSADO-SEXUALMENTE-A-SUS-CINCO-HIJOS-EN-BARRANQUILLA-300x255.jpeg","datePublished":"2024-08-29T22:00:58+00:00","dateModified":"2024-08-29T22:00:58+00:00","description":"P\u00e1gina oficial de la Fiscal\u00eda General de la Naci\u00f3n \u2013 Colombia. Garantizamos el acceso efectivo a la justicia, la verdad y la reparaci\u00f3n de las v\u00edctimas de los delitos.","breadcrumb":{"@id":"https:\/\/www.fiscalia.gov.co\/colombia\/noticias\/a-la-carcel-fue-enviado-un-hombre-que-habria-abusado-sexualmente-a-sus-cinco-hijos-en-barranquilla\/#breadcrumb"},"inLanguage":"es-CO","potentialAction":[{"@type":"ReadAction","target":["https:\/\/www.fiscalia.gov.co\/colombia\/noticias\/a-la-carcel-fue-enviado-un-hombre-que-habria-abusado-sexualmente-a-sus-cinco-hijos-en-barranquilla\/"]}]},{"@type":"ImageObject","inLanguage":"es-CO","@id":"https:\/\/www.fiscalia.gov.co\/colombia\/noticias\/a-la-carcel-fue-enviado-un-hombre-que-habria-abusado-sexualmente-a-sus-cinco-hijos-en-barranquilla\/#primaryimage","url":"https:\/\/www.fiscalia.gov.co\/colombia\/wp-content\/uploads\/A-LA-CARCEL-FUE-ENVIADO-UN-HOMBRE-QUE-HABRIA-ABUSADO-SEXUALMENTE-A-SUS-CINCO-HIJOS-EN-BARRANQUILLA.jpeg","contentUrl":"https:\/\/www.fiscalia.gov.co\/colombia\/wp-content\/uploads\/A-LA-CARCEL-FUE-ENVIADO-UN-HOMBRE-QUE-HABRIA-ABUSADO-SEXUALMENTE-A-SUS-CINCO-HIJOS-EN-BARRANQUILLA.jpeg","width":1600,"height":1358,"caption":"Las agresiones iniciaron en 2015 y se prolongaron hasta el 2023. Los hechos ocurrieron en una vivienda del barrio Villa de San Pedro II."},{"@type":"BreadcrumbList","@id":"https:\/\/www.fiscalia.gov.co\/colombia\/noticias\/a-la-carcel-fue-enviado-un-hombre-que-habria-abusado-sexualmente-a-sus-cinco-hijos-en-barranquilla\/#breadcrumb","itemListElement":[{"@type":"ListItem","position":1,"name":"Home","item":"https:\/\/www.fiscalia.gov.co\/colombia\/"},{"@type":"ListItem","position":2,"name":"A la c\u00e1rcel fue enviado un hombre que habr\u00eda abusado sexualmente a sus cinco hijos en Barranquilla"}]},{"@type":"WebSite","@id":"https:\/\/www.fiscalia.gov.co\/colombia\/#website","url":"https:\/\/www.fiscalia.gov.co\/colombia\/","name":"Fiscal\u00eda General de la Naci\u00f3n","description":"P\u00e1gina oficial de la Fiscal\u00eda General de la Naci\u00f3n \u2013 Colombia. Garantizamos el acceso efectivo a la justicia, la verdad y la reparaci\u00f3n de las v\u00edctimas de los delitos.","publisher":{"@id":"https:\/\/www.fiscalia.gov.co\/colombia\/#organization"},"potentialAction":[{"@type":"SearchAction","target":{"@type":"EntryPoint","urlTemplate":"https:\/\/www.fiscalia.gov.co\/colombia\/?s={search_term_string}"},"query-input":{"@type":"PropertyValueSpecification","valueRequired":true,"valueName":"search_term_string"}}],"inLanguage":"es-CO"},{"@type":"Organization","@id":"https:\/\/www.fiscalia.gov.co\/colombia\/#organization","name":"Fiscal\u00eda General de la Naci\u00f3n","url":"https:\/\/www.fiscalia.gov.co\/colombia\/","logo":{"@type":"ImageObject","inLanguage":"es-CO","@id":"https:\/\/www.fiscalia.gov.co\/colombia\/#\/schema\/logo\/image\/","url":"https:\/\/www.fiscalia.gov.co\/colombia\/wp-content\/uploads\/LogoHorizontal_1.jpg","contentUrl":"https:\/\/www.fiscalia.gov.co\/colombia\/wp-content\/uploads\/LogoHorizontal_1.jpg","width":300,"height":90,"caption":"Fiscal\u00eda General de la Naci\u00f3n"},"image":{"@id":"https:\/\/www.fiscalia.gov.co\/colombia\/#\/schema\/logo\/image\/"},"sameAs":["https:\/\/www.facebook.com\/FiscaliaCol","https:\/\/x.com\/FiscaliaCol","https:\/\/www.instagram.com\/fiscaliacol","https:\/\/www.linkedin.com\/company\/fiscalia-general-de-la-naci-n\/","https:\/\/youtube.com\/@fiscaliageneraldelanacion-4668?si=6nN79nyQICPU5iTh"]},{"@type":"Person","@id":"https:\/\/www.fiscalia.gov.co\/colombia\/#\/schema\/person\/176195b99ebab0a52aafa15197e1bf80","name":"Winnie Geraldine Rodr\u00edguez Navarrete","image":{"@type":"ImageObject","inLanguage":"es-CO","@id":"https:\/\/www.fiscalia.gov.co\/colombia\/#\/schema\/person\/image\/","url":"https:\/\/secure.gravatar.com\/avatar\/c24cf8481dc84fa5e8c7b20bc95ab0c6?s=96&d=mm&r=g","contentUrl":"https:\/\/secure.gravatar.com\/avatar\/c24cf8481dc84fa5e8c7b20bc95ab0c6?s=96&d=mm&r=g","caption":"Winnie Geraldine Rodr\u00edguez Navarrete"},"url":"https:\/\/www.fiscalia.gov.co\/colombia\/author\/winnierodriguez\/"}]}},"_links":{"self":[{"href":"https:\/\/www.fiscalia.gov.co\/colombia\/wp-json\/wp\/v2\/posts\/300834","targetHints":{"allow":["GET"]}}],"collection":[{"href":"https:\/\/www.fiscalia.gov.co\/colombia\/wp-json\/wp\/v2\/posts"}],"about":[{"href":"https:\/\/www.fiscalia.gov.co\/colombia\/wp-json\/wp\/v2\/types\/post"}],"author":[{"embeddable":true,"href":"https:\/\/www.fiscalia.gov.co\/colombia\/wp-json\/wp\/v2\/users\/178"}],"replies":[{"embeddable":true,"href":"https:\/\/www.fiscalia.gov.co\/colombia\/wp-json\/wp\/v2\/comments?post=300834"}],"version-history":[{"count":2,"href":"https:\/\/www.fiscalia.gov.co\/colombia\/wp-json\/wp\/v2\/posts\/300834\/revisions"}],"predecessor-version":[{"id":300837,"href":"https:\/\/www.fiscalia.gov.co\/colombia\/wp-json\/wp\/v2\/posts\/300834\/revisions\/300837"}],"wp:attachment":[{"href":"https:\/\/www.fiscalia.gov.co\/colombia\/wp-json\/wp\/v2\/media?parent=300834"}],"wp:term":[{"taxonomy":"category","embeddable":true,"href":"https:\/\/www.fiscalia.gov.co\/colombia\/wp-json\/wp\/v2\/categories?post=300834"},{"taxonomy":"post_tag","embeddable":true,"href":"https:\/\/www.fiscalia.gov.co\/colombia\/wp-json\/wp\/v2\/tags?post=300834"}],"curies":[{"name":"wp","href":"https:\/\/api.w.org\/{rel}","templated":true}]}}