{"id":300814,"date":"2024-08-29T16:39:12","date_gmt":"2024-08-29T21:39:12","guid":{"rendered":"https:\/\/www.fiscalia.gov.co\/colombia\/?p=300814"},"modified":"2024-08-29T16:39:12","modified_gmt":"2024-08-29T21:39:12","slug":"a-la-carcel-presunto-responsable-de-reclutar-menores-de-edad-para-grupos-armados-ilegales","status":"publish","type":"post","link":"https:\/\/www.fiscalia.gov.co\/colombia\/noticias\/a-la-carcel-presunto-responsable-de-reclutar-menores-de-edad-para-grupos-armados-ilegales\/","title":{"rendered":"A la c\u00e1rcel presunto responsable de reclutar menores de edad para grupos armados ilegales"},"content":{"rendered":"<h4 style=\"font-weight: 400; text-align: center;\"><strong><em>Las v\u00edctimas ser\u00edan dos j\u00f3venes, de 13 y 17 a\u00f1os. Una denuncia evit\u00f3 que las adolescentes fueran entregadas a grupos armados ilegales que delinquen en Caquet\u00e1.<\/em><\/strong><\/h4>\n<p style=\"font-weight: 400;\">Cristian Camilo Serna Hurtado fue judicializado por un fiscal de la Seccional Tolima debido a su aparente responsabilidad en el delito de reclutamiento il\u00edcito, del cual habr\u00edan sido v\u00edctimas dos menores, de 13 y 17 a\u00f1os, en hechos ocurridos entre el 16 y 27 de agosto.<\/p>\n<p style=\"font-weight: 400;\">Seg\u00fan la investigaci\u00f3n,<strong> el procesado habr\u00eda contactado a las v\u00edctimas a trav\u00e9s de redes sociales.<\/strong> Con una de ellas inicialmente hab\u00eda establecido contacto durante las festividades que se cumplieron en el municipio tolimense de Roncesvalles. En reuniones posteriores, <strong>se presume que el hombre le propuso a la joven viajar a Caquet\u00e1,<\/strong> junto con otras menores, para que hicieran parte de un grupo armado ilegal.<\/p>\n<p><em><strong>Le puede interesar<\/strong><\/em>:<a href=\"https:\/\/www.fiscalia.gov.co\/colombia\/noticias\/carcel-para-un-hombre-capturado-en-flagrancia-por-el-delito-de-reclutamiento-ilicito-en-el-meta\/\"> C\u00e1rcel para un hombre capturado en flagrancia por el delito de reclutamiento il\u00edcito en el Meta<\/a><\/p>\n<p style=\"font-weight: 400;\">La negativa de la joven motiv\u00f3 en su contra amenazas que terminaron por obligarla a aceptar el viaje. La menor fue recogida en el colegio por un motociclista, quien la llev\u00f3 al municipio de San Antonio. L<strong>as \u00f3rdenes acerca de c\u00f3mo proceder, al parecer, eran dadas por el ahora detenido.<\/strong><\/p>\n<figure id=\"attachment_300817\" aria-describedby=\"caption-attachment-300817\" style=\"width: 549px\" class=\"wp-caption aligncenter\"><img loading=\"lazy\" decoding=\"async\" class=\" wp-image-300817\" src=\"https:\/\/www.fiscalia.gov.co\/colombia\/wp-content\/uploads\/reclutamiento-menores-chaparral-caqueta-300x184.jpeg\" alt=\"En la imagen se ve una persona detenida bajo custodia de integrantes de la Polic\u00eda Nacional y el Ej\u00e9rcito. Detr\u00e1s suyo un backing institucional.\" width=\"549\" height=\"337\" srcset=\"https:\/\/www.fiscalia.gov.co\/colombia\/wp-content\/uploads\/reclutamiento-menores-chaparral-caqueta-300x184.jpeg 300w, https:\/\/www.fiscalia.gov.co\/colombia\/wp-content\/uploads\/reclutamiento-menores-chaparral-caqueta-1024x627.jpeg 1024w, https:\/\/www.fiscalia.gov.co\/colombia\/wp-content\/uploads\/reclutamiento-menores-chaparral-caqueta-768x470.jpeg 768w, https:\/\/www.fiscalia.gov.co\/colombia\/wp-content\/uploads\/reclutamiento-menores-chaparral-caqueta-686x420.jpeg 686w, https:\/\/www.fiscalia.gov.co\/colombia\/wp-content\/uploads\/reclutamiento-menores-chaparral-caqueta-696x426.jpeg 696w, https:\/\/www.fiscalia.gov.co\/colombia\/wp-content\/uploads\/reclutamiento-menores-chaparral-caqueta-1068x654.jpeg 1068w, https:\/\/www.fiscalia.gov.co\/colombia\/wp-content\/uploads\/reclutamiento-menores-chaparral-caqueta-356x220.jpeg 356w, https:\/\/www.fiscalia.gov.co\/colombia\/wp-content\/uploads\/reclutamiento-menores-chaparral-caqueta.jpeg 1470w\" sizes=\"auto, (max-width: 549px) 100vw, 549px\" \/><figcaption id=\"caption-attachment-300817\" class=\"wp-caption-text\">El hombre fue detenido en flagrancia cuando hu\u00eda con una menor de 17 a\u00f1os en un bus de servicio intermunicipal que ten\u00eda la ruta Chaparral, Guamo, Tolima.<\/figcaption><\/figure>\n<p style=\"font-weight: 400;\">El 27 de agosto la v\u00edctima del reclutamiento fue obligada a cambiarse el uniforme del colegio, por ropa suministrada por el acompa\u00f1ante y as\u00ed evadir el control de las autoridades. En la terminal local de Chaparral las dos personas se reunieron con Serna Hurtado, quien estar\u00eda con otra menor, que ser\u00eda entregada a organizaciones criminales.<\/p>\n<p style=\"font-weight: 400;\">La denuncia realizada por la mam\u00e1 de una de las menores permiti\u00f3 que el procesado fuera capturado por la Polic\u00eda, con el apoyo del Ej\u00e9rcito Nacional; logrando adem\u00e1s recuperar a las dos adolescentes.<\/p>\n<p style=\"font-weight: 400;\">El investigado neg\u00f3 su responsabilidad frente a los cargos imputados por la Fiscal\u00eda General de la Naci\u00f3n, y el juez de control de garant\u00edas le impuso medida de aseguramiento en centro carcelario.<\/p>\n<p>&nbsp;<\/p>\n<p>&nbsp;<\/p>\n<p>&nbsp;<\/p>\n<p>&nbsp;<\/p>\n<p style=\"font-weight: 400;\">PAAM\/LMFO\/MAGA\/MCAA\/DST<\/p>\n<p style=\"font-weight: 400;\">\n<p style=\"font-weight: 400;\">\n<p>&nbsp;<\/p>\n<p><em>La informaci\u00f3n contenida en este bolet\u00edn de prensa corresponde a la narraci\u00f3n de los hechos noticiosos objetivos, suministrados por los funcionarios encargados de adelantar las investigaciones penales al interior de la Fiscal\u00eda General de la Naci\u00f3n. Para el momento de la divulgaci\u00f3n de este comunicado, la situaci\u00f3n jur\u00eddica de la(s) persona(s) relacionada(s) se encuentra pendiente de resolver por la autoridad judicial competente, siempre bajo los preceptos de la presunci\u00f3n de inocencia, consagrados en el art\u00edculo 29 de la Constituci\u00f3n Pol\u00edtica y el art\u00edculo 7\u00ba de la Ley 906 de 2004.<\/em><\/p>\n\n<div class=\"twitter-share\"><a href=\"https:\/\/twitter.com\/intent\/tweet?via=fiscaliacol\" class=\"twitter-share-button\">Tweet<\/a><\/div>\n","protected":false},"excerpt":{"rendered":"<p>Las v\u00edctimas ser\u00edan dos j\u00f3venes, de 13 y 17 a\u00f1os. Una denuncia evit\u00f3 que las adolescentes fueran entregadas a grupos armados ilegales que delinquen en Caquet\u00e1. Cristian Camilo Serna Hurtado fue judicializado por un fiscal de la Seccional Tolima debido a su aparente responsabilidad en el delito de reclutamiento il\u00edcito, del cual habr\u00edan sido v\u00edctimas [&hellip;]<\/p>\n","protected":false},"author":178,"featured_media":0,"comment_status":"closed","ping_status":"open","sticky":false,"template":"","format":"standard","meta":{"_price":"","_stock":"","_tribe_ticket_header":"","_tribe_default_ticket_provider":"","_tribe_ticket_capacity":"0","_ticket_start_date":"","_ticket_end_date":"","_tribe_ticket_show_description":"","_tribe_ticket_show_not_going":false,"_tribe_ticket_use_global_stock":"","_tribe_ticket_global_stock_level":"","_global_stock_mode":"","_global_stock_cap":"","_tribe_rsvp_for_event":"","_tribe_ticket_going_count":"","_tribe_ticket_not_going_count":"","_tribe_tickets_list":"[]","_tribe_ticket_has_attendee_info_fields":false,"tdm_status":"","tdm_grid_status":"","footnotes":""},"categories":[1,329,303,24099],"tags":[25444,32044,24205,667,1047,24915,25204,437,38494,1628,23972,1169,29858,24211,11101,12189],"class_list":{"0":"post-300814","1":"post","2":"type-post","3":"status-publish","4":"format-standard","6":"category-noticias","7":"category-seccional-ibague","8":"category-seccionales","9":"category-seguridad-territorial","10":"tag-chaparral","11":"tag-chaparral-tolima","12":"tag-disidencias","13":"tag-ejercito","14":"tag-fiscalia-general-de-la-nacion","15":"tag-fiscalia","16":"tag-guamo","17":"tag-guerrilla","18":"tag-llevadas-a-la-fuerza","19":"tag-menores-de-edad","20":"tag-policia","21":"tag-reclutamiento-ilicito","22":"tag-san-antonio","23":"tag-seccional-tolima","24":"tag-seguridad-ciudadana","25":"tag-tolima"},"yoast_head":"<!-- This site is optimized with the Yoast SEO plugin v24.3 - https:\/\/yoast.com\/wordpress\/plugins\/seo\/ -->\n<title>Fiscal\u00eda General de la Naci\u00f3n<\/title>\n<meta name=\"description\" content=\"P\u00e1gina oficial de la Fiscal\u00eda General de la Naci\u00f3n \u2013 Colombia. Garantizamos el acceso efectivo a la justicia, la verdad y la reparaci\u00f3n de las v\u00edctimas de los delitos.\" \/>\n<meta name=\"robots\" content=\"noindex, follow\" \/>\n<meta property=\"og:locale\" content=\"es_ES\" \/>\n<meta property=\"og:type\" content=\"article\" \/>\n<meta property=\"og:title\" content=\"Fiscal\u00eda General de la Naci\u00f3n\" \/>\n<meta property=\"og:description\" content=\"P\u00e1gina oficial de la Fiscal\u00eda General de la Naci\u00f3n \u2013 Colombia. Garantizamos el acceso efectivo a la justicia, la verdad y la reparaci\u00f3n de las v\u00edctimas de los delitos.\" \/>\n<meta property=\"og:url\" content=\"https:\/\/www.fiscalia.gov.co\/colombia\/noticias\/a-la-carcel-presunto-responsable-de-reclutar-menores-de-edad-para-grupos-armados-ilegales\/\" \/>\n<meta property=\"og:site_name\" content=\"Fiscal\u00eda General de la Naci\u00f3n\" \/>\n<meta property=\"article:publisher\" content=\"https:\/\/www.facebook.com\/FiscaliaCol\" \/>\n<meta property=\"article:published_time\" content=\"2024-08-29T21:39:12+00:00\" \/>\n<meta property=\"og:image\" content=\"https:\/\/www.fiscalia.gov.co\/colombia\/wp-content\/uploads\/reclutamiento-menores-chaparral-caqueta-300x184.jpeg\" \/>\n<meta name=\"author\" content=\"Winnie Geraldine Rodr\u00edguez Navarrete\" \/>\n<meta name=\"twitter:card\" content=\"summary_large_image\" \/>\n<meta name=\"twitter:creator\" content=\"@FiscaliaCol\" \/>\n<meta name=\"twitter:site\" content=\"@FiscaliaCol\" \/>\n<meta name=\"twitter:label1\" content=\"Escrito por\" \/>\n\t<meta name=\"twitter:data1\" content=\"Winnie Geraldine Rodr\u00edguez Navarrete\" \/>\n\t<meta name=\"twitter:label2\" content=\"Tiempo de lectura\" \/>\n\t<meta name=\"twitter:data2\" content=\"3 minutos\" \/>\n<script type=\"application\/ld+json\" class=\"yoast-schema-graph\">{\"@context\":\"https:\/\/schema.org\",\"@graph\":[{\"@type\":\"Article\",\"@id\":\"https:\/\/www.fiscalia.gov.co\/colombia\/noticias\/a-la-carcel-presunto-responsable-de-reclutar-menores-de-edad-para-grupos-armados-ilegales\/#article\",\"isPartOf\":{\"@id\":\"https:\/\/www.fiscalia.gov.co\/colombia\/noticias\/a-la-carcel-presunto-responsable-de-reclutar-menores-de-edad-para-grupos-armados-ilegales\/\"},\"author\":{\"name\":\"Winnie Geraldine Rodr\u00edguez Navarrete\",\"@id\":\"https:\/\/www.fiscalia.gov.co\/colombia\/#\/schema\/person\/176195b99ebab0a52aafa15197e1bf80\"},\"headline\":\"A la c\u00e1rcel presunto responsable de reclutar menores de edad para grupos armados ilegales\",\"datePublished\":\"2024-08-29T21:39:12+00:00\",\"dateModified\":\"2024-08-29T21:39:12+00:00\",\"mainEntityOfPage\":{\"@id\":\"https:\/\/www.fiscalia.gov.co\/colombia\/noticias\/a-la-carcel-presunto-responsable-de-reclutar-menores-de-edad-para-grupos-armados-ilegales\/\"},\"wordCount\":508,\"publisher\":{\"@id\":\"https:\/\/www.fiscalia.gov.co\/colombia\/#organization\"},\"image\":{\"@id\":\"https:\/\/www.fiscalia.gov.co\/colombia\/noticias\/a-la-carcel-presunto-responsable-de-reclutar-menores-de-edad-para-grupos-armados-ilegales\/#primaryimage\"},\"thumbnailUrl\":\"https:\/\/www.fiscalia.gov.co\/colombia\/wp-content\/uploads\/reclutamiento-menores-chaparral-caqueta-300x184.jpeg\",\"keywords\":[\"Chaparral\",\"Chaparral (Tolima)\",\"disidencias\",\"Ej\u00e9rcito\",\"Fiscal\u00eda General de la Naci\u00f3n\",\"Fiscal\u00eda.\",\"Guamo\",\"Guerrilla\",\"llevadas a la fuerza\",\"Menores de edad\",\"Polic\u00eda\",\"Reclutamiento il\u00edcito\",\"San Antonio\",\"Seccional Tolima\",\"Seguridad ciudadana\",\"Tolima\"],\"articleSection\":[\"Noticias\",\"Seccional Ibagu\u00e9\",\"Seccionales\",\"Seguridad territorial\"],\"inLanguage\":\"es-CO\"},{\"@type\":\"WebPage\",\"@id\":\"https:\/\/www.fiscalia.gov.co\/colombia\/noticias\/a-la-carcel-presunto-responsable-de-reclutar-menores-de-edad-para-grupos-armados-ilegales\/\",\"url\":\"https:\/\/www.fiscalia.gov.co\/colombia\/noticias\/a-la-carcel-presunto-responsable-de-reclutar-menores-de-edad-para-grupos-armados-ilegales\/\",\"name\":\"Fiscal\u00eda General de la Naci\u00f3n\",\"isPartOf\":{\"@id\":\"https:\/\/www.fiscalia.gov.co\/colombia\/#website\"},\"primaryImageOfPage\":{\"@id\":\"https:\/\/www.fiscalia.gov.co\/colombia\/noticias\/a-la-carcel-presunto-responsable-de-reclutar-menores-de-edad-para-grupos-armados-ilegales\/#primaryimage\"},\"image\":{\"@id\":\"https:\/\/www.fiscalia.gov.co\/colombia\/noticias\/a-la-carcel-presunto-responsable-de-reclutar-menores-de-edad-para-grupos-armados-ilegales\/#primaryimage\"},\"thumbnailUrl\":\"https:\/\/www.fiscalia.gov.co\/colombia\/wp-content\/uploads\/reclutamiento-menores-chaparral-caqueta-300x184.jpeg\",\"datePublished\":\"2024-08-29T21:39:12+00:00\",\"dateModified\":\"2024-08-29T21:39:12+00:00\",\"description\":\"P\u00e1gina oficial de la Fiscal\u00eda General de la Naci\u00f3n \u2013 Colombia. Garantizamos el acceso efectivo a la justicia, la verdad y la reparaci\u00f3n de las v\u00edctimas de los delitos.\",\"breadcrumb\":{\"@id\":\"https:\/\/www.fiscalia.gov.co\/colombia\/noticias\/a-la-carcel-presunto-responsable-de-reclutar-menores-de-edad-para-grupos-armados-ilegales\/#breadcrumb\"},\"inLanguage\":\"es-CO\",\"potentialAction\":[{\"@type\":\"ReadAction\",\"target\":[\"https:\/\/www.fiscalia.gov.co\/colombia\/noticias\/a-la-carcel-presunto-responsable-de-reclutar-menores-de-edad-para-grupos-armados-ilegales\/\"]}]},{\"@type\":\"ImageObject\",\"inLanguage\":\"es-CO\",\"@id\":\"https:\/\/www.fiscalia.gov.co\/colombia\/noticias\/a-la-carcel-presunto-responsable-de-reclutar-menores-de-edad-para-grupos-armados-ilegales\/#primaryimage\",\"url\":\"https:\/\/www.fiscalia.gov.co\/colombia\/wp-content\/uploads\/reclutamiento-menores-chaparral-caqueta.jpeg\",\"contentUrl\":\"https:\/\/www.fiscalia.gov.co\/colombia\/wp-content\/uploads\/reclutamiento-menores-chaparral-caqueta.jpeg\",\"width\":1470,\"height\":900,\"caption\":\"El hombre fue detenido en flagrancia cuando hu\u00eda con una menor de 17 a\u00f1os en un bus de servicio intermunicipal que ten\u00eda la ruta Chaparral, Guamo, Tolima.\"},{\"@type\":\"BreadcrumbList\",\"@id\":\"https:\/\/www.fiscalia.gov.co\/colombia\/noticias\/a-la-carcel-presunto-responsable-de-reclutar-menores-de-edad-para-grupos-armados-ilegales\/#breadcrumb\",\"itemListElement\":[{\"@type\":\"ListItem\",\"position\":1,\"name\":\"Home\",\"item\":\"https:\/\/www.fiscalia.gov.co\/colombia\/\"},{\"@type\":\"ListItem\",\"position\":2,\"name\":\"A la c\u00e1rcel presunto responsable de reclutar menores de edad para grupos armados ilegales\"}]},{\"@type\":\"WebSite\",\"@id\":\"https:\/\/www.fiscalia.gov.co\/colombia\/#website\",\"url\":\"https:\/\/www.fiscalia.gov.co\/colombia\/\",\"name\":\"Fiscal\u00eda General de la Naci\u00f3n\",\"description\":\"P\u00e1gina oficial de la Fiscal\u00eda General de la Naci\u00f3n \u2013 Colombia. Garantizamos el acceso efectivo a la justicia, la verdad y la reparaci\u00f3n de las v\u00edctimas de los delitos.\",\"publisher\":{\"@id\":\"https:\/\/www.fiscalia.gov.co\/colombia\/#organization\"},\"potentialAction\":[{\"@type\":\"SearchAction\",\"target\":{\"@type\":\"EntryPoint\",\"urlTemplate\":\"https:\/\/www.fiscalia.gov.co\/colombia\/?s={search_term_string}\"},\"query-input\":{\"@type\":\"PropertyValueSpecification\",\"valueRequired\":true,\"valueName\":\"search_term_string\"}}],\"inLanguage\":\"es-CO\"},{\"@type\":\"Organization\",\"@id\":\"https:\/\/www.fiscalia.gov.co\/colombia\/#organization\",\"name\":\"Fiscal\u00eda General de la Naci\u00f3n\",\"url\":\"https:\/\/www.fiscalia.gov.co\/colombia\/\",\"logo\":{\"@type\":\"ImageObject\",\"inLanguage\":\"es-CO\",\"@id\":\"https:\/\/www.fiscalia.gov.co\/colombia\/#\/schema\/logo\/image\/\",\"url\":\"https:\/\/www.fiscalia.gov.co\/colombia\/wp-content\/uploads\/LogoHorizontal_1.jpg\",\"contentUrl\":\"https:\/\/www.fiscalia.gov.co\/colombia\/wp-content\/uploads\/LogoHorizontal_1.jpg\",\"width\":300,\"height\":90,\"caption\":\"Fiscal\u00eda General de la Naci\u00f3n\"},\"image\":{\"@id\":\"https:\/\/www.fiscalia.gov.co\/colombia\/#\/schema\/logo\/image\/\"},\"sameAs\":[\"https:\/\/www.facebook.com\/FiscaliaCol\",\"https:\/\/x.com\/FiscaliaCol\",\"https:\/\/www.instagram.com\/fiscaliacol\",\"https:\/\/www.linkedin.com\/company\/fiscalia-general-de-la-naci-n\/\",\"https:\/\/youtube.com\/@fiscaliageneraldelanacion-4668?si=6nN79nyQICPU5iTh\"]},{\"@type\":\"Person\",\"@id\":\"https:\/\/www.fiscalia.gov.co\/colombia\/#\/schema\/person\/176195b99ebab0a52aafa15197e1bf80\",\"name\":\"Winnie Geraldine Rodr\u00edguez Navarrete\",\"image\":{\"@type\":\"ImageObject\",\"inLanguage\":\"es-CO\",\"@id\":\"https:\/\/www.fiscalia.gov.co\/colombia\/#\/schema\/person\/image\/\",\"url\":\"https:\/\/secure.gravatar.com\/avatar\/c24cf8481dc84fa5e8c7b20bc95ab0c6?s=96&d=mm&r=g\",\"contentUrl\":\"https:\/\/secure.gravatar.com\/avatar\/c24cf8481dc84fa5e8c7b20bc95ab0c6?s=96&d=mm&r=g\",\"caption\":\"Winnie Geraldine Rodr\u00edguez Navarrete\"},\"url\":\"https:\/\/www.fiscalia.gov.co\/colombia\/author\/winnierodriguez\/\"}]}<\/script>\n<!-- \/ Yoast SEO plugin. -->","yoast_head_json":{"title":"Fiscal\u00eda General de la Naci\u00f3n","description":"P\u00e1gina oficial de la Fiscal\u00eda General de la Naci\u00f3n \u2013 Colombia. Garantizamos el acceso efectivo a la justicia, la verdad y la reparaci\u00f3n de las v\u00edctimas de los delitos.","robots":{"index":"noindex","follow":"follow"},"og_locale":"es_ES","og_type":"article","og_title":"Fiscal\u00eda General de la Naci\u00f3n","og_description":"P\u00e1gina oficial de la Fiscal\u00eda General de la Naci\u00f3n \u2013 Colombia. Garantizamos el acceso efectivo a la justicia, la verdad y la reparaci\u00f3n de las v\u00edctimas de los delitos.","og_url":"https:\/\/www.fiscalia.gov.co\/colombia\/noticias\/a-la-carcel-presunto-responsable-de-reclutar-menores-de-edad-para-grupos-armados-ilegales\/","og_site_name":"Fiscal\u00eda General de la Naci\u00f3n","article_publisher":"https:\/\/www.facebook.com\/FiscaliaCol","article_published_time":"2024-08-29T21:39:12+00:00","og_image":[{"url":"https:\/\/www.fiscalia.gov.co\/colombia\/wp-content\/uploads\/reclutamiento-menores-chaparral-caqueta-300x184.jpeg","type":"","width":"","height":""}],"author":"Winnie Geraldine Rodr\u00edguez Navarrete","twitter_card":"summary_large_image","twitter_creator":"@FiscaliaCol","twitter_site":"@FiscaliaCol","twitter_misc":{"Escrito por":"Winnie Geraldine Rodr\u00edguez Navarrete","Tiempo de lectura":"3 minutos"},"schema":{"@context":"https:\/\/schema.org","@graph":[{"@type":"Article","@id":"https:\/\/www.fiscalia.gov.co\/colombia\/noticias\/a-la-carcel-presunto-responsable-de-reclutar-menores-de-edad-para-grupos-armados-ilegales\/#article","isPartOf":{"@id":"https:\/\/www.fiscalia.gov.co\/colombia\/noticias\/a-la-carcel-presunto-responsable-de-reclutar-menores-de-edad-para-grupos-armados-ilegales\/"},"author":{"name":"Winnie Geraldine Rodr\u00edguez Navarrete","@id":"https:\/\/www.fiscalia.gov.co\/colombia\/#\/schema\/person\/176195b99ebab0a52aafa15197e1bf80"},"headline":"A la c\u00e1rcel presunto responsable de reclutar menores de edad para grupos armados ilegales","datePublished":"2024-08-29T21:39:12+00:00","dateModified":"2024-08-29T21:39:12+00:00","mainEntityOfPage":{"@id":"https:\/\/www.fiscalia.gov.co\/colombia\/noticias\/a-la-carcel-presunto-responsable-de-reclutar-menores-de-edad-para-grupos-armados-ilegales\/"},"wordCount":508,"publisher":{"@id":"https:\/\/www.fiscalia.gov.co\/colombia\/#organization"},"image":{"@id":"https:\/\/www.fiscalia.gov.co\/colombia\/noticias\/a-la-carcel-presunto-responsable-de-reclutar-menores-de-edad-para-grupos-armados-ilegales\/#primaryimage"},"thumbnailUrl":"https:\/\/www.fiscalia.gov.co\/colombia\/wp-content\/uploads\/reclutamiento-menores-chaparral-caqueta-300x184.jpeg","keywords":["Chaparral","Chaparral (Tolima)","disidencias","Ej\u00e9rcito","Fiscal\u00eda General de la Naci\u00f3n","Fiscal\u00eda.","Guamo","Guerrilla","llevadas a la fuerza","Menores de edad","Polic\u00eda","Reclutamiento il\u00edcito","San Antonio","Seccional Tolima","Seguridad ciudadana","Tolima"],"articleSection":["Noticias","Seccional Ibagu\u00e9","Seccionales","Seguridad territorial"],"inLanguage":"es-CO"},{"@type":"WebPage","@id":"https:\/\/www.fiscalia.gov.co\/colombia\/noticias\/a-la-carcel-presunto-responsable-de-reclutar-menores-de-edad-para-grupos-armados-ilegales\/","url":"https:\/\/www.fiscalia.gov.co\/colombia\/noticias\/a-la-carcel-presunto-responsable-de-reclutar-menores-de-edad-para-grupos-armados-ilegales\/","name":"Fiscal\u00eda General de la Naci\u00f3n","isPartOf":{"@id":"https:\/\/www.fiscalia.gov.co\/colombia\/#website"},"primaryImageOfPage":{"@id":"https:\/\/www.fiscalia.gov.co\/colombia\/noticias\/a-la-carcel-presunto-responsable-de-reclutar-menores-de-edad-para-grupos-armados-ilegales\/#primaryimage"},"image":{"@id":"https:\/\/www.fiscalia.gov.co\/colombia\/noticias\/a-la-carcel-presunto-responsable-de-reclutar-menores-de-edad-para-grupos-armados-ilegales\/#primaryimage"},"thumbnailUrl":"https:\/\/www.fiscalia.gov.co\/colombia\/wp-content\/uploads\/reclutamiento-menores-chaparral-caqueta-300x184.jpeg","datePublished":"2024-08-29T21:39:12+00:00","dateModified":"2024-08-29T21:39:12+00:00","description":"P\u00e1gina oficial de la Fiscal\u00eda General de la Naci\u00f3n \u2013 Colombia. Garantizamos el acceso efectivo a la justicia, la verdad y la reparaci\u00f3n de las v\u00edctimas de los delitos.","breadcrumb":{"@id":"https:\/\/www.fiscalia.gov.co\/colombia\/noticias\/a-la-carcel-presunto-responsable-de-reclutar-menores-de-edad-para-grupos-armados-ilegales\/#breadcrumb"},"inLanguage":"es-CO","potentialAction":[{"@type":"ReadAction","target":["https:\/\/www.fiscalia.gov.co\/colombia\/noticias\/a-la-carcel-presunto-responsable-de-reclutar-menores-de-edad-para-grupos-armados-ilegales\/"]}]},{"@type":"ImageObject","inLanguage":"es-CO","@id":"https:\/\/www.fiscalia.gov.co\/colombia\/noticias\/a-la-carcel-presunto-responsable-de-reclutar-menores-de-edad-para-grupos-armados-ilegales\/#primaryimage","url":"https:\/\/www.fiscalia.gov.co\/colombia\/wp-content\/uploads\/reclutamiento-menores-chaparral-caqueta.jpeg","contentUrl":"https:\/\/www.fiscalia.gov.co\/colombia\/wp-content\/uploads\/reclutamiento-menores-chaparral-caqueta.jpeg","width":1470,"height":900,"caption":"El hombre fue detenido en flagrancia cuando hu\u00eda con una menor de 17 a\u00f1os en un bus de servicio intermunicipal que ten\u00eda la ruta Chaparral, Guamo, Tolima."},{"@type":"BreadcrumbList","@id":"https:\/\/www.fiscalia.gov.co\/colombia\/noticias\/a-la-carcel-presunto-responsable-de-reclutar-menores-de-edad-para-grupos-armados-ilegales\/#breadcrumb","itemListElement":[{"@type":"ListItem","position":1,"name":"Home","item":"https:\/\/www.fiscalia.gov.co\/colombia\/"},{"@type":"ListItem","position":2,"name":"A la c\u00e1rcel presunto responsable de reclutar menores de edad para grupos armados ilegales"}]},{"@type":"WebSite","@id":"https:\/\/www.fiscalia.gov.co\/colombia\/#website","url":"https:\/\/www.fiscalia.gov.co\/colombia\/","name":"Fiscal\u00eda General de la Naci\u00f3n","description":"P\u00e1gina oficial de la Fiscal\u00eda General de la Naci\u00f3n \u2013 Colombia. Garantizamos el acceso efectivo a la justicia, la verdad y la reparaci\u00f3n de las v\u00edctimas de los delitos.","publisher":{"@id":"https:\/\/www.fiscalia.gov.co\/colombia\/#organization"},"potentialAction":[{"@type":"SearchAction","target":{"@type":"EntryPoint","urlTemplate":"https:\/\/www.fiscalia.gov.co\/colombia\/?s={search_term_string}"},"query-input":{"@type":"PropertyValueSpecification","valueRequired":true,"valueName":"search_term_string"}}],"inLanguage":"es-CO"},{"@type":"Organization","@id":"https:\/\/www.fiscalia.gov.co\/colombia\/#organization","name":"Fiscal\u00eda General de la Naci\u00f3n","url":"https:\/\/www.fiscalia.gov.co\/colombia\/","logo":{"@type":"ImageObject","inLanguage":"es-CO","@id":"https:\/\/www.fiscalia.gov.co\/colombia\/#\/schema\/logo\/image\/","url":"https:\/\/www.fiscalia.gov.co\/colombia\/wp-content\/uploads\/LogoHorizontal_1.jpg","contentUrl":"https:\/\/www.fiscalia.gov.co\/colombia\/wp-content\/uploads\/LogoHorizontal_1.jpg","width":300,"height":90,"caption":"Fiscal\u00eda General de la Naci\u00f3n"},"image":{"@id":"https:\/\/www.fiscalia.gov.co\/colombia\/#\/schema\/logo\/image\/"},"sameAs":["https:\/\/www.facebook.com\/FiscaliaCol","https:\/\/x.com\/FiscaliaCol","https:\/\/www.instagram.com\/fiscaliacol","https:\/\/www.linkedin.com\/company\/fiscalia-general-de-la-naci-n\/","https:\/\/youtube.com\/@fiscaliageneraldelanacion-4668?si=6nN79nyQICPU5iTh"]},{"@type":"Person","@id":"https:\/\/www.fiscalia.gov.co\/colombia\/#\/schema\/person\/176195b99ebab0a52aafa15197e1bf80","name":"Winnie Geraldine Rodr\u00edguez Navarrete","image":{"@type":"ImageObject","inLanguage":"es-CO","@id":"https:\/\/www.fiscalia.gov.co\/colombia\/#\/schema\/person\/image\/","url":"https:\/\/secure.gravatar.com\/avatar\/c24cf8481dc84fa5e8c7b20bc95ab0c6?s=96&d=mm&r=g","contentUrl":"https:\/\/secure.gravatar.com\/avatar\/c24cf8481dc84fa5e8c7b20bc95ab0c6?s=96&d=mm&r=g","caption":"Winnie Geraldine Rodr\u00edguez Navarrete"},"url":"https:\/\/www.fiscalia.gov.co\/colombia\/author\/winnierodriguez\/"}]}},"_links":{"self":[{"href":"https:\/\/www.fiscalia.gov.co\/colombia\/wp-json\/wp\/v2\/posts\/300814","targetHints":{"allow":["GET"]}}],"collection":[{"href":"https:\/\/www.fiscalia.gov.co\/colombia\/wp-json\/wp\/v2\/posts"}],"about":[{"href":"https:\/\/www.fiscalia.gov.co\/colombia\/wp-json\/wp\/v2\/types\/post"}],"author":[{"embeddable":true,"href":"https:\/\/www.fiscalia.gov.co\/colombia\/wp-json\/wp\/v2\/users\/178"}],"replies":[{"embeddable":true,"href":"https:\/\/www.fiscalia.gov.co\/colombia\/wp-json\/wp\/v2\/comments?post=300814"}],"version-history":[{"count":1,"href":"https:\/\/www.fiscalia.gov.co\/colombia\/wp-json\/wp\/v2\/posts\/300814\/revisions"}],"predecessor-version":[{"id":300819,"href":"https:\/\/www.fiscalia.gov.co\/colombia\/wp-json\/wp\/v2\/posts\/300814\/revisions\/300819"}],"wp:attachment":[{"href":"https:\/\/www.fiscalia.gov.co\/colombia\/wp-json\/wp\/v2\/media?parent=300814"}],"wp:term":[{"taxonomy":"category","embeddable":true,"href":"https:\/\/www.fiscalia.gov.co\/colombia\/wp-json\/wp\/v2\/categories?post=300814"},{"taxonomy":"post_tag","embeddable":true,"href":"https:\/\/www.fiscalia.gov.co\/colombia\/wp-json\/wp\/v2\/tags?post=300814"}],"curies":[{"name":"wp","href":"https:\/\/api.w.org\/{rel}","templated":true}]}}