{"id":300715,"date":"2024-08-28T09:45:20","date_gmt":"2024-08-28T14:45:20","guid":{"rendered":"https:\/\/www.fiscalia.gov.co\/colombia\/?p=300715"},"modified":"2024-08-28T10:35:03","modified_gmt":"2024-08-28T15:35:03","slug":"mas-de-40-capturados-durante-jornada-contra-el-abuso-sexual-en-medellin-y-el-area-metropolitana","status":"publish","type":"post","link":"https:\/\/www.fiscalia.gov.co\/colombia\/noticias\/mas-de-40-capturados-durante-jornada-contra-el-abuso-sexual-en-medellin-y-el-area-metropolitana\/","title":{"rendered":"M\u00e1s de 40 capturados durante jornada contra el abuso sexual en Medell\u00edn y el \u00e1rea metropolitana"},"content":{"rendered":"<h4 style=\"text-align: center;\"><em><strong>Seis personas m\u00e1s fueron capturadas en cumplimiento de \u00f3rdenes judiciales, por violencia intrafamiliar.<\/strong><\/em><\/h4>\n<p>En una jornada masiva de capturas contra los presuntos abusadores sexuales de ni\u00f1os, ni\u00f1as, adolescentes y mujeres en <strong>Medell\u00edn<\/strong> y el \u00c1rea Metropolitana, se materializaron 41 \u00f3rdenes de captura, obtenidas por la Fiscal\u00eda General de la Naci\u00f3n.<\/p>\n<div style=\"text-align: left;\">Estas personas son se\u00f1aladas de los delitos de actos y accesos carnales abusivos con menor de 14 a\u00f1os; actos y accesos carnales violentos, y accesos carnales con incapaz de resistir.\u00a0 Del total de capturas,<strong> 33 corresponden a casos con v\u00edctimas menores y el resto a supuestos victimarios de mujeres adultas.<\/strong><\/div>\n<div><\/div>\n<div style=\"text-align: left;\">Durante la jornada, que se extendi\u00f3 por dos semanas, <strong>se hicieron efectivas tambi\u00e9n 6 \u00f3rdenes de captura por el delito de violencia intrafamiliar.<\/strong><\/div>\n<div><\/div>\n<div style=\"text-align: left;\">De acuerdo con los procesos que adelantan fiscales del Centro de Atenci\u00f3n Integral a V\u00edctimas de Abuso Sexual (Caivas) de la Seccional Medell\u00edn, en el caso de los menores,<strong> los presuntos agresores sexuales son, en su mayor\u00eda, padres de familia, padrastros, t\u00edos y personas cercanas al n\u00facleo familiar de las v\u00edctimas,<\/strong> cuyas edades oscilan entre los 2 y 13 a\u00f1os.\u00a0En los eventos de agresi\u00f3n sexual contra las mujeres mayores de edad, los victimarios ser\u00edan parejas o exparejas sentimentales.<\/div>\n<div><\/div>\n<div style=\"text-align: left;\">La fiscal\u00eda evidenci\u00f3 que m\u00e1s del 95% de los abusos fueron perpetrados presuntamente en los inmuebles donde resid\u00edan las v\u00edctimas y las\u00a0edades de los supuestos\u00a0agresores fluct\u00faan entre los 27 y los 78 a\u00f1os.<\/div>\n<div style=\"text-align: left;\"><strong>Le puede interesar:<\/strong> <a href=\"https:\/\/www.fiscalia.gov.co\/colombia\/noticias\/mujer-que-explotaria-sexualmente-a-sus-dos-hermanas-menores-de-edad-fue-enviada-a-prision\/\">Mujer que explotar\u00eda sexualmente a sus dos hermanas menores de edad fue enviada a prisi\u00f3n<\/a><\/div>\n<div><\/div>\n<div style=\"text-align: left;\">La jornada permiti\u00f3 tambi\u00e9n la captura de un hombre, de 64 a\u00f1os, para que cumpla una condena de 16 a\u00f1os y 3 meses de prisi\u00f3n por el delito de acceso carnal abusivo con menor de 14 a\u00f1os agravado. En este caso, la fiscal\u00eda prob\u00f3 que en dos oportunidades el hoy sentenciado accedi\u00f3 carnalmente a su sobrino, de 11 a\u00f1os. Los hechos sucedieron en una vivienda del barrio Santander de Medell\u00edn. Los abusos ocurrieron cuando el menor visitaba al agresor.<\/div>\n<div><\/div>\n<div style=\"text-align: left;\">En los casos de violencia dom\u00e9stica investigados por fiscales del<strong> Centro de Atenci\u00f3n a V\u00edctimas de Violencia Intrafamiliar (Cavif)<\/strong>, se estableci\u00f3 que cinco de los eventos habr\u00edan sido\u00a0cometidos por los excompa\u00f1eros sentimentales de las agredidas.<\/div>\n<div style=\"text-align: left;\">Todas las capturas fueron materializadas por servidores del Cuerpo T\u00e9cnico de Investigaci\u00f3n y\u00a0de la Polic\u00eda Nacional en la capital antioque\u00f1a y otras poblaciones del Valle de Aburr\u00e1.<\/div>\n<div style=\"text-align: left;\">\n<p>&nbsp;<\/p>\n<p>&nbsp;<\/p>\n<p>&nbsp;<\/p>\n<p>&nbsp;<\/p>\n<p>LFML\/JA\/AEV\/LMFO\/MAGA\/DSM<\/p>\n<\/div>\n<p>&nbsp;<\/p>\n<div style=\"text-align: left;\">\n<p>La informaci\u00f3n contenida en este bolet\u00edn de prensa corresponde a la narraci\u00f3n de los hechos noticiosos objetivos, suministrados por los funcionarios encargados de adelantar las investigaciones penales al interior de la Fiscal\u00eda General de la Naci\u00f3n. Para el momento de la divulgaci\u00f3n de este comunicado, la situaci\u00f3n jur\u00eddica de la(s) persona(s) relacionada(s) se encuentra pendiente de resolver por la autoridad judicial competente, siempre bajo los preceptos de la presunci\u00f3n de inocencia, consagrados en el art\u00edculo 29 de la Constituci\u00f3n Pol\u00edtica y el art\u00edculo 7\u00ba de la Ley 906 de 2004.<\/p>\n<\/div>\n\n<div class=\"twitter-share\"><a href=\"https:\/\/twitter.com\/intent\/tweet?via=fiscaliacol\" class=\"twitter-share-button\">Tweet<\/a><\/div>\n","protected":false},"excerpt":{"rendered":"<p>Seis personas m\u00e1s fueron capturadas en cumplimiento de \u00f3rdenes judiciales, por violencia intrafamiliar. En una jornada masiva de capturas contra los presuntos abusadores sexuales de ni\u00f1os, ni\u00f1as, adolescentes y mujeres en Medell\u00edn y el \u00c1rea Metropolitana, se materializaron 41 \u00f3rdenes de captura, obtenidas por la Fiscal\u00eda General de la Naci\u00f3n. Estas personas son se\u00f1aladas de [&hellip;]<\/p>\n","protected":false},"author":178,"featured_media":0,"comment_status":"closed","ping_status":"open","sticky":false,"template":"","format":"standard","meta":{"_price":"","_stock":"","_tribe_ticket_header":"","_tribe_default_ticket_provider":"","_tribe_ticket_capacity":"0","_ticket_start_date":"","_ticket_end_date":"","_tribe_ticket_show_description":"","_tribe_ticket_show_not_going":false,"_tribe_ticket_use_global_stock":"","_tribe_ticket_global_stock_level":"","_global_stock_mode":"","_global_stock_cap":"","_tribe_rsvp_for_event":"","_tribe_ticket_going_count":"","_tribe_ticket_not_going_count":"","_tribe_tickets_list":"[]","_tribe_ticket_has_attendee_info_fields":false,"tdm_status":"","tdm_grid_status":"","footnotes":""},"categories":[1,331,303,24127],"tags":[38482,38483,2245,1330,45,1047,38481,23985,38484,558],"class_list":{"0":"post-300715","1":"post","2":"type-post","3":"status-publish","4":"format-standard","6":"category-noticias","7":"category-seccional-medellin","8":"category-seccionales","9":"category-violencia-sexual-e-intrafamiliar","10":"tag-41-capturas-por-delitos-sexuales","11":"tag-6-capturas-por-violencia-intrafamiliar","12":"tag-caivas","13":"tag-cavif","14":"tag-cti","15":"tag-fiscalia-general-de-la-nacion","16":"tag-jornada-contra-el-abuso-sexual-y-violencia-intrafamiliar","17":"tag-medellin-antioquia","18":"tag-medellin-y-area-metropolitana","19":"tag-policia-nacional"},"yoast_head":"<!-- This site is optimized with the Yoast SEO plugin v24.3 - https:\/\/yoast.com\/wordpress\/plugins\/seo\/ -->\n<title>Fiscal\u00eda General de la Naci\u00f3n<\/title>\n<meta name=\"description\" content=\"P\u00e1gina oficial de la Fiscal\u00eda General de la Naci\u00f3n \u2013 Colombia. Garantizamos el acceso efectivo a la justicia, la verdad y la reparaci\u00f3n de las v\u00edctimas de los delitos.\" \/>\n<meta name=\"robots\" content=\"noindex, follow\" \/>\n<meta property=\"og:locale\" content=\"es_ES\" \/>\n<meta property=\"og:type\" content=\"article\" \/>\n<meta property=\"og:title\" content=\"Fiscal\u00eda General de la Naci\u00f3n\" \/>\n<meta property=\"og:description\" content=\"P\u00e1gina oficial de la Fiscal\u00eda General de la Naci\u00f3n \u2013 Colombia. Garantizamos el acceso efectivo a la justicia, la verdad y la reparaci\u00f3n de las v\u00edctimas de los delitos.\" \/>\n<meta property=\"og:url\" content=\"https:\/\/www.fiscalia.gov.co\/colombia\/noticias\/mas-de-40-capturados-durante-jornada-contra-el-abuso-sexual-en-medellin-y-el-area-metropolitana\/\" \/>\n<meta property=\"og:site_name\" content=\"Fiscal\u00eda General de la Naci\u00f3n\" \/>\n<meta property=\"article:publisher\" content=\"https:\/\/www.facebook.com\/FiscaliaCol\" \/>\n<meta property=\"article:published_time\" content=\"2024-08-28T14:45:20+00:00\" \/>\n<meta property=\"article:modified_time\" content=\"2024-08-28T15:35:03+00:00\" \/>\n<meta name=\"author\" content=\"Winnie Geraldine Rodr\u00edguez Navarrete\" \/>\n<meta name=\"twitter:card\" content=\"summary_large_image\" \/>\n<meta name=\"twitter:creator\" content=\"@FiscaliaCol\" \/>\n<meta name=\"twitter:site\" content=\"@FiscaliaCol\" \/>\n<meta name=\"twitter:label1\" content=\"Escrito por\" \/>\n\t<meta name=\"twitter:data1\" content=\"Winnie Geraldine Rodr\u00edguez Navarrete\" \/>\n\t<meta name=\"twitter:label2\" content=\"Tiempo de lectura\" \/>\n\t<meta name=\"twitter:data2\" content=\"3 minutos\" \/>\n<script type=\"application\/ld+json\" class=\"yoast-schema-graph\">{\"@context\":\"https:\/\/schema.org\",\"@graph\":[{\"@type\":\"Article\",\"@id\":\"https:\/\/www.fiscalia.gov.co\/colombia\/noticias\/mas-de-40-capturados-durante-jornada-contra-el-abuso-sexual-en-medellin-y-el-area-metropolitana\/#article\",\"isPartOf\":{\"@id\":\"https:\/\/www.fiscalia.gov.co\/colombia\/noticias\/mas-de-40-capturados-durante-jornada-contra-el-abuso-sexual-en-medellin-y-el-area-metropolitana\/\"},\"author\":{\"name\":\"Winnie Geraldine Rodr\u00edguez Navarrete\",\"@id\":\"https:\/\/www.fiscalia.gov.co\/colombia\/#\/schema\/person\/176195b99ebab0a52aafa15197e1bf80\"},\"headline\":\"M\u00e1s de 40 capturados durante jornada contra el abuso sexual en Medell\u00edn y el \u00e1rea metropolitana\",\"datePublished\":\"2024-08-28T14:45:20+00:00\",\"dateModified\":\"2024-08-28T15:35:03+00:00\",\"mainEntityOfPage\":{\"@id\":\"https:\/\/www.fiscalia.gov.co\/colombia\/noticias\/mas-de-40-capturados-durante-jornada-contra-el-abuso-sexual-en-medellin-y-el-area-metropolitana\/\"},\"wordCount\":559,\"publisher\":{\"@id\":\"https:\/\/www.fiscalia.gov.co\/colombia\/#organization\"},\"keywords\":[\"41 capturas por delitos sexuales\",\"6 capturas por violencia intrafamiliar\",\"Caivas\",\"Cavif\",\"CTI\",\"Fiscal\u00eda General de la Naci\u00f3n\",\"Jornada contra el abuso sexual y violencia intrafamiliar\",\"Medell\u00edn (Antioquia)\",\"Medell\u00edn y \u00c1rea Metropolitana\",\"Polic\u00eda Nacional\"],\"articleSection\":[\"Noticias\",\"Seccional Medell\u00edn\",\"Seccionales\",\"Violencia sexual e intrafamiliar\"],\"inLanguage\":\"es-CO\"},{\"@type\":\"WebPage\",\"@id\":\"https:\/\/www.fiscalia.gov.co\/colombia\/noticias\/mas-de-40-capturados-durante-jornada-contra-el-abuso-sexual-en-medellin-y-el-area-metropolitana\/\",\"url\":\"https:\/\/www.fiscalia.gov.co\/colombia\/noticias\/mas-de-40-capturados-durante-jornada-contra-el-abuso-sexual-en-medellin-y-el-area-metropolitana\/\",\"name\":\"Fiscal\u00eda General de la Naci\u00f3n\",\"isPartOf\":{\"@id\":\"https:\/\/www.fiscalia.gov.co\/colombia\/#website\"},\"datePublished\":\"2024-08-28T14:45:20+00:00\",\"dateModified\":\"2024-08-28T15:35:03+00:00\",\"description\":\"P\u00e1gina oficial de la Fiscal\u00eda General de la Naci\u00f3n \u2013 Colombia. Garantizamos el acceso efectivo a la justicia, la verdad y la reparaci\u00f3n de las v\u00edctimas de los delitos.\",\"breadcrumb\":{\"@id\":\"https:\/\/www.fiscalia.gov.co\/colombia\/noticias\/mas-de-40-capturados-durante-jornada-contra-el-abuso-sexual-en-medellin-y-el-area-metropolitana\/#breadcrumb\"},\"inLanguage\":\"es-CO\",\"potentialAction\":[{\"@type\":\"ReadAction\",\"target\":[\"https:\/\/www.fiscalia.gov.co\/colombia\/noticias\/mas-de-40-capturados-durante-jornada-contra-el-abuso-sexual-en-medellin-y-el-area-metropolitana\/\"]}]},{\"@type\":\"BreadcrumbList\",\"@id\":\"https:\/\/www.fiscalia.gov.co\/colombia\/noticias\/mas-de-40-capturados-durante-jornada-contra-el-abuso-sexual-en-medellin-y-el-area-metropolitana\/#breadcrumb\",\"itemListElement\":[{\"@type\":\"ListItem\",\"position\":1,\"name\":\"Home\",\"item\":\"https:\/\/www.fiscalia.gov.co\/colombia\/\"},{\"@type\":\"ListItem\",\"position\":2,\"name\":\"M\u00e1s de 40 capturados durante jornada contra el abuso sexual en Medell\u00edn y el \u00e1rea metropolitana\"}]},{\"@type\":\"WebSite\",\"@id\":\"https:\/\/www.fiscalia.gov.co\/colombia\/#website\",\"url\":\"https:\/\/www.fiscalia.gov.co\/colombia\/\",\"name\":\"Fiscal\u00eda General de la Naci\u00f3n\",\"description\":\"P\u00e1gina oficial de la Fiscal\u00eda General de la Naci\u00f3n \u2013 Colombia. Garantizamos el acceso efectivo a la justicia, la verdad y la reparaci\u00f3n de las v\u00edctimas de los delitos.\",\"publisher\":{\"@id\":\"https:\/\/www.fiscalia.gov.co\/colombia\/#organization\"},\"potentialAction\":[{\"@type\":\"SearchAction\",\"target\":{\"@type\":\"EntryPoint\",\"urlTemplate\":\"https:\/\/www.fiscalia.gov.co\/colombia\/?s={search_term_string}\"},\"query-input\":{\"@type\":\"PropertyValueSpecification\",\"valueRequired\":true,\"valueName\":\"search_term_string\"}}],\"inLanguage\":\"es-CO\"},{\"@type\":\"Organization\",\"@id\":\"https:\/\/www.fiscalia.gov.co\/colombia\/#organization\",\"name\":\"Fiscal\u00eda General de la Naci\u00f3n\",\"url\":\"https:\/\/www.fiscalia.gov.co\/colombia\/\",\"logo\":{\"@type\":\"ImageObject\",\"inLanguage\":\"es-CO\",\"@id\":\"https:\/\/www.fiscalia.gov.co\/colombia\/#\/schema\/logo\/image\/\",\"url\":\"https:\/\/www.fiscalia.gov.co\/colombia\/wp-content\/uploads\/LogoHorizontal_1.jpg\",\"contentUrl\":\"https:\/\/www.fiscalia.gov.co\/colombia\/wp-content\/uploads\/LogoHorizontal_1.jpg\",\"width\":300,\"height\":90,\"caption\":\"Fiscal\u00eda General de la Naci\u00f3n\"},\"image\":{\"@id\":\"https:\/\/www.fiscalia.gov.co\/colombia\/#\/schema\/logo\/image\/\"},\"sameAs\":[\"https:\/\/www.facebook.com\/FiscaliaCol\",\"https:\/\/x.com\/FiscaliaCol\",\"https:\/\/www.instagram.com\/fiscaliacol\",\"https:\/\/www.linkedin.com\/company\/fiscalia-general-de-la-naci-n\/\",\"https:\/\/youtube.com\/@fiscaliageneraldelanacion-4668?si=6nN79nyQICPU5iTh\"]},{\"@type\":\"Person\",\"@id\":\"https:\/\/www.fiscalia.gov.co\/colombia\/#\/schema\/person\/176195b99ebab0a52aafa15197e1bf80\",\"name\":\"Winnie Geraldine Rodr\u00edguez Navarrete\",\"image\":{\"@type\":\"ImageObject\",\"inLanguage\":\"es-CO\",\"@id\":\"https:\/\/www.fiscalia.gov.co\/colombia\/#\/schema\/person\/image\/\",\"url\":\"https:\/\/secure.gravatar.com\/avatar\/c24cf8481dc84fa5e8c7b20bc95ab0c6?s=96&d=mm&r=g\",\"contentUrl\":\"https:\/\/secure.gravatar.com\/avatar\/c24cf8481dc84fa5e8c7b20bc95ab0c6?s=96&d=mm&r=g\",\"caption\":\"Winnie Geraldine Rodr\u00edguez Navarrete\"},\"url\":\"https:\/\/www.fiscalia.gov.co\/colombia\/author\/winnierodriguez\/\"}]}<\/script>\n<!-- \/ Yoast SEO plugin. -->","yoast_head_json":{"title":"Fiscal\u00eda General de la Naci\u00f3n","description":"P\u00e1gina oficial de la Fiscal\u00eda General de la Naci\u00f3n \u2013 Colombia. Garantizamos el acceso efectivo a la justicia, la verdad y la reparaci\u00f3n de las v\u00edctimas de los delitos.","robots":{"index":"noindex","follow":"follow"},"og_locale":"es_ES","og_type":"article","og_title":"Fiscal\u00eda General de la Naci\u00f3n","og_description":"P\u00e1gina oficial de la Fiscal\u00eda General de la Naci\u00f3n \u2013 Colombia. Garantizamos el acceso efectivo a la justicia, la verdad y la reparaci\u00f3n de las v\u00edctimas de los delitos.","og_url":"https:\/\/www.fiscalia.gov.co\/colombia\/noticias\/mas-de-40-capturados-durante-jornada-contra-el-abuso-sexual-en-medellin-y-el-area-metropolitana\/","og_site_name":"Fiscal\u00eda General de la Naci\u00f3n","article_publisher":"https:\/\/www.facebook.com\/FiscaliaCol","article_published_time":"2024-08-28T14:45:20+00:00","article_modified_time":"2024-08-28T15:35:03+00:00","author":"Winnie Geraldine Rodr\u00edguez Navarrete","twitter_card":"summary_large_image","twitter_creator":"@FiscaliaCol","twitter_site":"@FiscaliaCol","twitter_misc":{"Escrito por":"Winnie Geraldine Rodr\u00edguez Navarrete","Tiempo de lectura":"3 minutos"},"schema":{"@context":"https:\/\/schema.org","@graph":[{"@type":"Article","@id":"https:\/\/www.fiscalia.gov.co\/colombia\/noticias\/mas-de-40-capturados-durante-jornada-contra-el-abuso-sexual-en-medellin-y-el-area-metropolitana\/#article","isPartOf":{"@id":"https:\/\/www.fiscalia.gov.co\/colombia\/noticias\/mas-de-40-capturados-durante-jornada-contra-el-abuso-sexual-en-medellin-y-el-area-metropolitana\/"},"author":{"name":"Winnie Geraldine Rodr\u00edguez Navarrete","@id":"https:\/\/www.fiscalia.gov.co\/colombia\/#\/schema\/person\/176195b99ebab0a52aafa15197e1bf80"},"headline":"M\u00e1s de 40 capturados durante jornada contra el abuso sexual en Medell\u00edn y el \u00e1rea metropolitana","datePublished":"2024-08-28T14:45:20+00:00","dateModified":"2024-08-28T15:35:03+00:00","mainEntityOfPage":{"@id":"https:\/\/www.fiscalia.gov.co\/colombia\/noticias\/mas-de-40-capturados-durante-jornada-contra-el-abuso-sexual-en-medellin-y-el-area-metropolitana\/"},"wordCount":559,"publisher":{"@id":"https:\/\/www.fiscalia.gov.co\/colombia\/#organization"},"keywords":["41 capturas por delitos sexuales","6 capturas por violencia intrafamiliar","Caivas","Cavif","CTI","Fiscal\u00eda General de la Naci\u00f3n","Jornada contra el abuso sexual y violencia intrafamiliar","Medell\u00edn (Antioquia)","Medell\u00edn y \u00c1rea Metropolitana","Polic\u00eda Nacional"],"articleSection":["Noticias","Seccional Medell\u00edn","Seccionales","Violencia sexual e intrafamiliar"],"inLanguage":"es-CO"},{"@type":"WebPage","@id":"https:\/\/www.fiscalia.gov.co\/colombia\/noticias\/mas-de-40-capturados-durante-jornada-contra-el-abuso-sexual-en-medellin-y-el-area-metropolitana\/","url":"https:\/\/www.fiscalia.gov.co\/colombia\/noticias\/mas-de-40-capturados-durante-jornada-contra-el-abuso-sexual-en-medellin-y-el-area-metropolitana\/","name":"Fiscal\u00eda General de la Naci\u00f3n","isPartOf":{"@id":"https:\/\/www.fiscalia.gov.co\/colombia\/#website"},"datePublished":"2024-08-28T14:45:20+00:00","dateModified":"2024-08-28T15:35:03+00:00","description":"P\u00e1gina oficial de la Fiscal\u00eda General de la Naci\u00f3n \u2013 Colombia. Garantizamos el acceso efectivo a la justicia, la verdad y la reparaci\u00f3n de las v\u00edctimas de los delitos.","breadcrumb":{"@id":"https:\/\/www.fiscalia.gov.co\/colombia\/noticias\/mas-de-40-capturados-durante-jornada-contra-el-abuso-sexual-en-medellin-y-el-area-metropolitana\/#breadcrumb"},"inLanguage":"es-CO","potentialAction":[{"@type":"ReadAction","target":["https:\/\/www.fiscalia.gov.co\/colombia\/noticias\/mas-de-40-capturados-durante-jornada-contra-el-abuso-sexual-en-medellin-y-el-area-metropolitana\/"]}]},{"@type":"BreadcrumbList","@id":"https:\/\/www.fiscalia.gov.co\/colombia\/noticias\/mas-de-40-capturados-durante-jornada-contra-el-abuso-sexual-en-medellin-y-el-area-metropolitana\/#breadcrumb","itemListElement":[{"@type":"ListItem","position":1,"name":"Home","item":"https:\/\/www.fiscalia.gov.co\/colombia\/"},{"@type":"ListItem","position":2,"name":"M\u00e1s de 40 capturados durante jornada contra el abuso sexual en Medell\u00edn y el \u00e1rea metropolitana"}]},{"@type":"WebSite","@id":"https:\/\/www.fiscalia.gov.co\/colombia\/#website","url":"https:\/\/www.fiscalia.gov.co\/colombia\/","name":"Fiscal\u00eda General de la Naci\u00f3n","description":"P\u00e1gina oficial de la Fiscal\u00eda General de la Naci\u00f3n \u2013 Colombia. Garantizamos el acceso efectivo a la justicia, la verdad y la reparaci\u00f3n de las v\u00edctimas de los delitos.","publisher":{"@id":"https:\/\/www.fiscalia.gov.co\/colombia\/#organization"},"potentialAction":[{"@type":"SearchAction","target":{"@type":"EntryPoint","urlTemplate":"https:\/\/www.fiscalia.gov.co\/colombia\/?s={search_term_string}"},"query-input":{"@type":"PropertyValueSpecification","valueRequired":true,"valueName":"search_term_string"}}],"inLanguage":"es-CO"},{"@type":"Organization","@id":"https:\/\/www.fiscalia.gov.co\/colombia\/#organization","name":"Fiscal\u00eda General de la Naci\u00f3n","url":"https:\/\/www.fiscalia.gov.co\/colombia\/","logo":{"@type":"ImageObject","inLanguage":"es-CO","@id":"https:\/\/www.fiscalia.gov.co\/colombia\/#\/schema\/logo\/image\/","url":"https:\/\/www.fiscalia.gov.co\/colombia\/wp-content\/uploads\/LogoHorizontal_1.jpg","contentUrl":"https:\/\/www.fiscalia.gov.co\/colombia\/wp-content\/uploads\/LogoHorizontal_1.jpg","width":300,"height":90,"caption":"Fiscal\u00eda General de la Naci\u00f3n"},"image":{"@id":"https:\/\/www.fiscalia.gov.co\/colombia\/#\/schema\/logo\/image\/"},"sameAs":["https:\/\/www.facebook.com\/FiscaliaCol","https:\/\/x.com\/FiscaliaCol","https:\/\/www.instagram.com\/fiscaliacol","https:\/\/www.linkedin.com\/company\/fiscalia-general-de-la-naci-n\/","https:\/\/youtube.com\/@fiscaliageneraldelanacion-4668?si=6nN79nyQICPU5iTh"]},{"@type":"Person","@id":"https:\/\/www.fiscalia.gov.co\/colombia\/#\/schema\/person\/176195b99ebab0a52aafa15197e1bf80","name":"Winnie Geraldine Rodr\u00edguez Navarrete","image":{"@type":"ImageObject","inLanguage":"es-CO","@id":"https:\/\/www.fiscalia.gov.co\/colombia\/#\/schema\/person\/image\/","url":"https:\/\/secure.gravatar.com\/avatar\/c24cf8481dc84fa5e8c7b20bc95ab0c6?s=96&d=mm&r=g","contentUrl":"https:\/\/secure.gravatar.com\/avatar\/c24cf8481dc84fa5e8c7b20bc95ab0c6?s=96&d=mm&r=g","caption":"Winnie Geraldine Rodr\u00edguez Navarrete"},"url":"https:\/\/www.fiscalia.gov.co\/colombia\/author\/winnierodriguez\/"}]}},"_links":{"self":[{"href":"https:\/\/www.fiscalia.gov.co\/colombia\/wp-json\/wp\/v2\/posts\/300715","targetHints":{"allow":["GET"]}}],"collection":[{"href":"https:\/\/www.fiscalia.gov.co\/colombia\/wp-json\/wp\/v2\/posts"}],"about":[{"href":"https:\/\/www.fiscalia.gov.co\/colombia\/wp-json\/wp\/v2\/types\/post"}],"author":[{"embeddable":true,"href":"https:\/\/www.fiscalia.gov.co\/colombia\/wp-json\/wp\/v2\/users\/178"}],"replies":[{"embeddable":true,"href":"https:\/\/www.fiscalia.gov.co\/colombia\/wp-json\/wp\/v2\/comments?post=300715"}],"version-history":[{"count":4,"href":"https:\/\/www.fiscalia.gov.co\/colombia\/wp-json\/wp\/v2\/posts\/300715\/revisions"}],"predecessor-version":[{"id":300733,"href":"https:\/\/www.fiscalia.gov.co\/colombia\/wp-json\/wp\/v2\/posts\/300715\/revisions\/300733"}],"wp:attachment":[{"href":"https:\/\/www.fiscalia.gov.co\/colombia\/wp-json\/wp\/v2\/media?parent=300715"}],"wp:term":[{"taxonomy":"category","embeddable":true,"href":"https:\/\/www.fiscalia.gov.co\/colombia\/wp-json\/wp\/v2\/categories?post=300715"},{"taxonomy":"post_tag","embeddable":true,"href":"https:\/\/www.fiscalia.gov.co\/colombia\/wp-json\/wp\/v2\/tags?post=300715"}],"curies":[{"name":"wp","href":"https:\/\/api.w.org\/{rel}","templated":true}]}}