{"id":300699,"date":"2024-08-27T16:45:44","date_gmt":"2024-08-27T21:45:44","guid":{"rendered":"https:\/\/www.fiscalia.gov.co\/colombia\/?p=300699"},"modified":"2024-08-27T16:51:46","modified_gmt":"2024-08-27T21:51:46","slug":"mujer-que-explotaria-sexualmente-a-sus-dos-hermanas-menores-de-edad-fue-enviada-a-prision","status":"publish","type":"post","link":"https:\/\/www.fiscalia.gov.co\/colombia\/noticias\/mujer-que-explotaria-sexualmente-a-sus-dos-hermanas-menores-de-edad-fue-enviada-a-prision\/","title":{"rendered":"Mujer que explotar\u00eda sexualmente a sus dos hermanas menores de edad fue enviada a prisi\u00f3n"},"content":{"rendered":"<h4 style=\"font-weight: 400; text-align: center;\"><strong><em>Los servicios sexuales eran ofrecidos en establecimientos de lenocinio y en fiestas realizadas en fincas y hoteles.<\/em><\/strong><\/h4>\n<p style=\"font-weight: 400;\">La Fiscal\u00eda General de la Naci\u00f3n logr\u00f3 que dos mujeres y un hombre fueran afectados con medidas de aseguramiento en centro carcelario por su presunta responsabilidad en la explotaci\u00f3n sexual comercial, <strong>de la que fueron v\u00edctimas tres mujeres, entre ellas dos menores de edad.<\/strong> Los hechos investigados ocurrieron en Salda\u00f1a (Tolima) en 2023 y abril de 2024.<\/p>\n<p style=\"font-weight: 400;\">Los procesados son la hermana de las adolescentes, adem\u00e1s de \u00c9dgar Eduardo Maez Triana, alias Tamayo; y Nelvis Mar\u00eda Guti\u00e9rrez Vega, alias Mafe. Las tres personas fueron capturadas por la Polic\u00eda Nacional en dos diligencias de registro y allanamiento, adelantadas en inmuebles ubicados en esa misma localidad. En los procedimientos se incautaron celulares y computadores que ser\u00e1n analizados en el transcurso de la investigaci\u00f3n.<\/p>\n<figure id=\"attachment_300704\" aria-describedby=\"caption-attachment-300704\" style=\"width: 362px\" class=\"wp-caption aligncenter\"><img loading=\"lazy\" decoding=\"async\" class=\" wp-image-300704\" src=\"https:\/\/www.fiscalia.gov.co\/colombia\/wp-content\/uploads\/proxenetismo-guamo-tolima-300x224.jpeg\" alt=\" en la imagen se ven tres personas detenidas bajo custodia de dos integrantes de la Polic\u00eda Nacional. Detr\u00e1s suyo un backing institucional, delante de ellos una mesa con elementos incautados.\" width=\"362\" height=\"270\" srcset=\"https:\/\/www.fiscalia.gov.co\/colombia\/wp-content\/uploads\/proxenetismo-guamo-tolima-300x224.jpeg 300w, https:\/\/www.fiscalia.gov.co\/colombia\/wp-content\/uploads\/proxenetismo-guamo-tolima-1024x765.jpeg 1024w, https:\/\/www.fiscalia.gov.co\/colombia\/wp-content\/uploads\/proxenetismo-guamo-tolima-768x574.jpeg 768w, https:\/\/www.fiscalia.gov.co\/colombia\/wp-content\/uploads\/proxenetismo-guamo-tolima-562x420.jpeg 562w, https:\/\/www.fiscalia.gov.co\/colombia\/wp-content\/uploads\/proxenetismo-guamo-tolima-80x60.jpeg 80w, https:\/\/www.fiscalia.gov.co\/colombia\/wp-content\/uploads\/proxenetismo-guamo-tolima-485x360.jpeg 485w, https:\/\/www.fiscalia.gov.co\/colombia\/wp-content\/uploads\/proxenetismo-guamo-tolima-696x520.jpeg 696w, https:\/\/www.fiscalia.gov.co\/colombia\/wp-content\/uploads\/proxenetismo-guamo-tolima-1068x798.jpeg 1068w, https:\/\/www.fiscalia.gov.co\/colombia\/wp-content\/uploads\/proxenetismo-guamo-tolima-265x198.jpeg 265w, https:\/\/www.fiscalia.gov.co\/colombia\/wp-content\/uploads\/proxenetismo-guamo-tolima.jpeg 1175w\" sizes=\"auto, (max-width: 362px) 100vw, 362px\" \/><figcaption id=\"caption-attachment-300704\" class=\"wp-caption-text\">Los procesados son la hermana de dos de las v\u00edctimas y dos administradores de los sitios donde fueron explotadas sexualmente en Salda\u00f1a, Tolima.<\/figcaption><\/figure>\n<p style=\"font-weight: 400;\">Labores de polic\u00eda judicial evidenciaron<strong> la aparente participaci\u00f3n de estas tres personas en el delito de proxenetismo con menor de edad<\/strong>; para el caso de la hermana de las menores, el delito fue agravado.<\/p>\n<p style=\"font-weight: 400;\">La investigaci\u00f3n determin\u00f3 que en dos establecimientos nocturnos la hermana de las v\u00edctimas, de 15 y 17 a\u00f1os, y quien se desempe\u00f1aba como trabajadora sexual, habr\u00eda facilitado la explotaci\u00f3n sexual de las adolescentes.<strong> Alias Tamayo, administrador de uno de los locales, se cree, facilit\u00f3 su negocio para que hombres adultos sostuvieran relaciones \u00edntimas con las menores.<\/strong><\/p>\n<p style=\"font-weight: 400;\">Alias Mafe, aprovechando su posici\u00f3n de administradora del otro establecimiento, habr\u00eda instrumentalizado a una menor de 16 a\u00f1os quien vivi\u00f3 en el lugar durante un mes. Ninguno de los procesados acept\u00f3 los cargos.<\/p>\n<p>&nbsp;<\/p>\n<p>&nbsp;<\/p>\n<p style=\"font-weight: 400;\">PAAM\/LMFO\/MAGA\/MCAA\/DST<\/p>\n<p>&nbsp;<\/p>\n<p>&nbsp;<\/p>\n<p>&nbsp;<\/p>\n<p><em>La informaci\u00f3n contenida en este bolet\u00edn de prensa corresponde a la narraci\u00f3n de los hechos noticiosos objetivos, suministrados por los funcionarios encargados de adelantar las investigaciones penales al interior de la Fiscal\u00eda General de la Naci\u00f3n. Para el momento de la divulgaci\u00f3n de este comunicado, la situaci\u00f3n jur\u00eddica de la(s) persona(s) relacionada(s) se encuentra pendiente de resolver por la autoridad judicial competente, siempre bajo los preceptos de la presunci\u00f3n de inocencia, consagrados en el art\u00edculo 29 de la Constituci\u00f3n Pol\u00edtica y el art\u00edculo 7\u00ba de la Ley 906 de 2004.<\/em><\/p>\n\n<div class=\"twitter-share\"><a href=\"https:\/\/twitter.com\/intent\/tweet?via=fiscaliacol\" class=\"twitter-share-button\">Tweet<\/a><\/div>\n","protected":false},"excerpt":{"rendered":"<p>Los servicios sexuales eran ofrecidos en establecimientos de lenocinio y en fiestas realizadas en fincas y hoteles. La Fiscal\u00eda General de la Naci\u00f3n logr\u00f3 que dos mujeres y un hombre fueran afectados con medidas de aseguramiento en centro carcelario por su presunta responsabilidad en la explotaci\u00f3n sexual comercial, de la que fueron v\u00edctimas tres mujeres, [&hellip;]<\/p>\n","protected":false},"author":178,"featured_media":0,"comment_status":"closed","ping_status":"open","sticky":false,"template":"","format":"standard","meta":{"_price":"","_stock":"","_tribe_ticket_header":"","_tribe_default_ticket_provider":"","_tribe_ticket_capacity":"0","_ticket_start_date":"","_ticket_end_date":"","_tribe_ticket_show_description":"","_tribe_ticket_show_not_going":false,"_tribe_ticket_use_global_stock":"","_tribe_ticket_global_stock_level":"","_global_stock_mode":"","_global_stock_cap":"","_tribe_rsvp_for_event":"","_tribe_ticket_going_count":"","_tribe_ticket_not_going_count":"","_tribe_tickets_list":"[]","_tribe_ticket_has_attendee_info_fields":false,"tdm_status":"","tdm_grid_status":"","footnotes":""},"categories":[1,24127],"tags":[567,1047,25204,26516,38479,558,421,38478,25205,31764,24211,12189,34789],"class_list":{"0":"post-300699","1":"post","2":"type-post","3":"status-publish","4":"format-standard","6":"category-noticias","7":"category-violencia-sexual-e-intrafamiliar","8":"tag-explotacion-sexual","9":"tag-fiscalia-general-de-la-nacion","10":"tag-guamo","11":"tag-hermana","12":"tag-lenocinio","13":"tag-policia-nacional","14":"tag-prostitucion","15":"tag-proxenetismo-con-menor-de-14-anos","16":"tag-saldana","17":"tag-saldana-tolima","18":"tag-seccional-tolima","19":"tag-tolima","20":"tag-trabajadora-sexual"},"yoast_head":"<!-- This site is optimized with the Yoast SEO plugin v24.3 - https:\/\/yoast.com\/wordpress\/plugins\/seo\/ -->\n<title>Fiscal\u00eda General de la Naci\u00f3n<\/title>\n<meta name=\"description\" content=\"P\u00e1gina oficial de la Fiscal\u00eda General de la Naci\u00f3n \u2013 Colombia. Garantizamos el acceso efectivo a la justicia, la verdad y la reparaci\u00f3n de las v\u00edctimas de los delitos.\" \/>\n<meta name=\"robots\" content=\"noindex, follow\" \/>\n<meta property=\"og:locale\" content=\"es_ES\" \/>\n<meta property=\"og:type\" content=\"article\" \/>\n<meta property=\"og:title\" content=\"Fiscal\u00eda General de la Naci\u00f3n\" \/>\n<meta property=\"og:description\" content=\"P\u00e1gina oficial de la Fiscal\u00eda General de la Naci\u00f3n \u2013 Colombia. Garantizamos el acceso efectivo a la justicia, la verdad y la reparaci\u00f3n de las v\u00edctimas de los delitos.\" \/>\n<meta property=\"og:url\" content=\"https:\/\/www.fiscalia.gov.co\/colombia\/noticias\/mujer-que-explotaria-sexualmente-a-sus-dos-hermanas-menores-de-edad-fue-enviada-a-prision\/\" \/>\n<meta property=\"og:site_name\" content=\"Fiscal\u00eda General de la Naci\u00f3n\" \/>\n<meta property=\"article:publisher\" content=\"https:\/\/www.facebook.com\/FiscaliaCol\" \/>\n<meta property=\"article:published_time\" content=\"2024-08-27T21:45:44+00:00\" \/>\n<meta property=\"article:modified_time\" content=\"2024-08-27T21:51:46+00:00\" \/>\n<meta property=\"og:image\" content=\"https:\/\/www.fiscalia.gov.co\/colombia\/wp-content\/uploads\/proxenetismo-guamo-tolima-300x224.jpeg\" \/>\n<meta name=\"author\" content=\"Winnie Geraldine Rodr\u00edguez Navarrete\" \/>\n<meta name=\"twitter:card\" content=\"summary_large_image\" \/>\n<meta name=\"twitter:creator\" content=\"@FiscaliaCol\" \/>\n<meta name=\"twitter:site\" content=\"@FiscaliaCol\" \/>\n<meta name=\"twitter:label1\" content=\"Escrito por\" \/>\n\t<meta name=\"twitter:data1\" content=\"Winnie Geraldine Rodr\u00edguez Navarrete\" \/>\n\t<meta name=\"twitter:label2\" content=\"Tiempo de lectura\" \/>\n\t<meta name=\"twitter:data2\" content=\"2 minutos\" \/>\n<script type=\"application\/ld+json\" class=\"yoast-schema-graph\">{\"@context\":\"https:\/\/schema.org\",\"@graph\":[{\"@type\":\"Article\",\"@id\":\"https:\/\/www.fiscalia.gov.co\/colombia\/noticias\/mujer-que-explotaria-sexualmente-a-sus-dos-hermanas-menores-de-edad-fue-enviada-a-prision\/#article\",\"isPartOf\":{\"@id\":\"https:\/\/www.fiscalia.gov.co\/colombia\/noticias\/mujer-que-explotaria-sexualmente-a-sus-dos-hermanas-menores-de-edad-fue-enviada-a-prision\/\"},\"author\":{\"name\":\"Winnie Geraldine Rodr\u00edguez Navarrete\",\"@id\":\"https:\/\/www.fiscalia.gov.co\/colombia\/#\/schema\/person\/176195b99ebab0a52aafa15197e1bf80\"},\"headline\":\"Mujer que explotar\u00eda sexualmente a sus dos hermanas menores de edad fue enviada a prisi\u00f3n\",\"datePublished\":\"2024-08-27T21:45:44+00:00\",\"dateModified\":\"2024-08-27T21:51:46+00:00\",\"mainEntityOfPage\":{\"@id\":\"https:\/\/www.fiscalia.gov.co\/colombia\/noticias\/mujer-que-explotaria-sexualmente-a-sus-dos-hermanas-menores-de-edad-fue-enviada-a-prision\/\"},\"wordCount\":439,\"publisher\":{\"@id\":\"https:\/\/www.fiscalia.gov.co\/colombia\/#organization\"},\"image\":{\"@id\":\"https:\/\/www.fiscalia.gov.co\/colombia\/noticias\/mujer-que-explotaria-sexualmente-a-sus-dos-hermanas-menores-de-edad-fue-enviada-a-prision\/#primaryimage\"},\"thumbnailUrl\":\"https:\/\/www.fiscalia.gov.co\/colombia\/wp-content\/uploads\/proxenetismo-guamo-tolima-300x224.jpeg\",\"keywords\":[\"Explotaci\u00f3n sexual\",\"Fiscal\u00eda General de la Naci\u00f3n\",\"Guamo\",\"hermana\",\"lenocinio\",\"Polic\u00eda Nacional\",\"Prostituci\u00f3n\",\"proxenetismo con menor de 14 a\u00f1os\",\"Salda\u00f1a\",\"Salda\u00f1a (Tolima)\",\"Seccional Tolima\",\"Tolima\",\"trabajadora sexual.\"],\"articleSection\":[\"Noticias\",\"Violencia sexual e intrafamiliar\"],\"inLanguage\":\"es-CO\"},{\"@type\":\"WebPage\",\"@id\":\"https:\/\/www.fiscalia.gov.co\/colombia\/noticias\/mujer-que-explotaria-sexualmente-a-sus-dos-hermanas-menores-de-edad-fue-enviada-a-prision\/\",\"url\":\"https:\/\/www.fiscalia.gov.co\/colombia\/noticias\/mujer-que-explotaria-sexualmente-a-sus-dos-hermanas-menores-de-edad-fue-enviada-a-prision\/\",\"name\":\"Fiscal\u00eda General de la Naci\u00f3n\",\"isPartOf\":{\"@id\":\"https:\/\/www.fiscalia.gov.co\/colombia\/#website\"},\"primaryImageOfPage\":{\"@id\":\"https:\/\/www.fiscalia.gov.co\/colombia\/noticias\/mujer-que-explotaria-sexualmente-a-sus-dos-hermanas-menores-de-edad-fue-enviada-a-prision\/#primaryimage\"},\"image\":{\"@id\":\"https:\/\/www.fiscalia.gov.co\/colombia\/noticias\/mujer-que-explotaria-sexualmente-a-sus-dos-hermanas-menores-de-edad-fue-enviada-a-prision\/#primaryimage\"},\"thumbnailUrl\":\"https:\/\/www.fiscalia.gov.co\/colombia\/wp-content\/uploads\/proxenetismo-guamo-tolima-300x224.jpeg\",\"datePublished\":\"2024-08-27T21:45:44+00:00\",\"dateModified\":\"2024-08-27T21:51:46+00:00\",\"description\":\"P\u00e1gina oficial de la Fiscal\u00eda General de la Naci\u00f3n \u2013 Colombia. Garantizamos el acceso efectivo a la justicia, la verdad y la reparaci\u00f3n de las v\u00edctimas de los delitos.\",\"breadcrumb\":{\"@id\":\"https:\/\/www.fiscalia.gov.co\/colombia\/noticias\/mujer-que-explotaria-sexualmente-a-sus-dos-hermanas-menores-de-edad-fue-enviada-a-prision\/#breadcrumb\"},\"inLanguage\":\"es-CO\",\"potentialAction\":[{\"@type\":\"ReadAction\",\"target\":[\"https:\/\/www.fiscalia.gov.co\/colombia\/noticias\/mujer-que-explotaria-sexualmente-a-sus-dos-hermanas-menores-de-edad-fue-enviada-a-prision\/\"]}]},{\"@type\":\"ImageObject\",\"inLanguage\":\"es-CO\",\"@id\":\"https:\/\/www.fiscalia.gov.co\/colombia\/noticias\/mujer-que-explotaria-sexualmente-a-sus-dos-hermanas-menores-de-edad-fue-enviada-a-prision\/#primaryimage\",\"url\":\"https:\/\/www.fiscalia.gov.co\/colombia\/wp-content\/uploads\/proxenetismo-guamo-tolima.jpeg\",\"contentUrl\":\"https:\/\/www.fiscalia.gov.co\/colombia\/wp-content\/uploads\/proxenetismo-guamo-tolima.jpeg\",\"width\":1175,\"height\":878,\"caption\":\"Los procesados son la hermana de dos de las v\u00edctimas y dos administradores de los sitios donde fueron explotadas sexualmente en Salda\u00f1a, Tolima.\"},{\"@type\":\"BreadcrumbList\",\"@id\":\"https:\/\/www.fiscalia.gov.co\/colombia\/noticias\/mujer-que-explotaria-sexualmente-a-sus-dos-hermanas-menores-de-edad-fue-enviada-a-prision\/#breadcrumb\",\"itemListElement\":[{\"@type\":\"ListItem\",\"position\":1,\"name\":\"Home\",\"item\":\"https:\/\/www.fiscalia.gov.co\/colombia\/\"},{\"@type\":\"ListItem\",\"position\":2,\"name\":\"Mujer que explotar\u00eda sexualmente a sus dos hermanas menores de edad fue enviada a prisi\u00f3n\"}]},{\"@type\":\"WebSite\",\"@id\":\"https:\/\/www.fiscalia.gov.co\/colombia\/#website\",\"url\":\"https:\/\/www.fiscalia.gov.co\/colombia\/\",\"name\":\"Fiscal\u00eda General de la Naci\u00f3n\",\"description\":\"P\u00e1gina oficial de la Fiscal\u00eda General de la Naci\u00f3n \u2013 Colombia. Garantizamos el acceso efectivo a la justicia, la verdad y la reparaci\u00f3n de las v\u00edctimas de los delitos.\",\"publisher\":{\"@id\":\"https:\/\/www.fiscalia.gov.co\/colombia\/#organization\"},\"potentialAction\":[{\"@type\":\"SearchAction\",\"target\":{\"@type\":\"EntryPoint\",\"urlTemplate\":\"https:\/\/www.fiscalia.gov.co\/colombia\/?s={search_term_string}\"},\"query-input\":{\"@type\":\"PropertyValueSpecification\",\"valueRequired\":true,\"valueName\":\"search_term_string\"}}],\"inLanguage\":\"es-CO\"},{\"@type\":\"Organization\",\"@id\":\"https:\/\/www.fiscalia.gov.co\/colombia\/#organization\",\"name\":\"Fiscal\u00eda General de la Naci\u00f3n\",\"url\":\"https:\/\/www.fiscalia.gov.co\/colombia\/\",\"logo\":{\"@type\":\"ImageObject\",\"inLanguage\":\"es-CO\",\"@id\":\"https:\/\/www.fiscalia.gov.co\/colombia\/#\/schema\/logo\/image\/\",\"url\":\"https:\/\/www.fiscalia.gov.co\/colombia\/wp-content\/uploads\/LogoHorizontal_1.jpg\",\"contentUrl\":\"https:\/\/www.fiscalia.gov.co\/colombia\/wp-content\/uploads\/LogoHorizontal_1.jpg\",\"width\":300,\"height\":90,\"caption\":\"Fiscal\u00eda General de la Naci\u00f3n\"},\"image\":{\"@id\":\"https:\/\/www.fiscalia.gov.co\/colombia\/#\/schema\/logo\/image\/\"},\"sameAs\":[\"https:\/\/www.facebook.com\/FiscaliaCol\",\"https:\/\/x.com\/FiscaliaCol\",\"https:\/\/www.instagram.com\/fiscaliacol\",\"https:\/\/www.linkedin.com\/company\/fiscalia-general-de-la-naci-n\/\",\"https:\/\/youtube.com\/@fiscaliageneraldelanacion-4668?si=6nN79nyQICPU5iTh\"]},{\"@type\":\"Person\",\"@id\":\"https:\/\/www.fiscalia.gov.co\/colombia\/#\/schema\/person\/176195b99ebab0a52aafa15197e1bf80\",\"name\":\"Winnie Geraldine Rodr\u00edguez Navarrete\",\"image\":{\"@type\":\"ImageObject\",\"inLanguage\":\"es-CO\",\"@id\":\"https:\/\/www.fiscalia.gov.co\/colombia\/#\/schema\/person\/image\/\",\"url\":\"https:\/\/secure.gravatar.com\/avatar\/c24cf8481dc84fa5e8c7b20bc95ab0c6?s=96&d=mm&r=g\",\"contentUrl\":\"https:\/\/secure.gravatar.com\/avatar\/c24cf8481dc84fa5e8c7b20bc95ab0c6?s=96&d=mm&r=g\",\"caption\":\"Winnie Geraldine Rodr\u00edguez Navarrete\"},\"url\":\"https:\/\/www.fiscalia.gov.co\/colombia\/author\/winnierodriguez\/\"}]}<\/script>\n<!-- \/ Yoast SEO plugin. -->","yoast_head_json":{"title":"Fiscal\u00eda General de la Naci\u00f3n","description":"P\u00e1gina oficial de la Fiscal\u00eda General de la Naci\u00f3n \u2013 Colombia. Garantizamos el acceso efectivo a la justicia, la verdad y la reparaci\u00f3n de las v\u00edctimas de los delitos.","robots":{"index":"noindex","follow":"follow"},"og_locale":"es_ES","og_type":"article","og_title":"Fiscal\u00eda General de la Naci\u00f3n","og_description":"P\u00e1gina oficial de la Fiscal\u00eda General de la Naci\u00f3n \u2013 Colombia. Garantizamos el acceso efectivo a la justicia, la verdad y la reparaci\u00f3n de las v\u00edctimas de los delitos.","og_url":"https:\/\/www.fiscalia.gov.co\/colombia\/noticias\/mujer-que-explotaria-sexualmente-a-sus-dos-hermanas-menores-de-edad-fue-enviada-a-prision\/","og_site_name":"Fiscal\u00eda General de la Naci\u00f3n","article_publisher":"https:\/\/www.facebook.com\/FiscaliaCol","article_published_time":"2024-08-27T21:45:44+00:00","article_modified_time":"2024-08-27T21:51:46+00:00","og_image":[{"url":"https:\/\/www.fiscalia.gov.co\/colombia\/wp-content\/uploads\/proxenetismo-guamo-tolima-300x224.jpeg","type":"","width":"","height":""}],"author":"Winnie Geraldine Rodr\u00edguez Navarrete","twitter_card":"summary_large_image","twitter_creator":"@FiscaliaCol","twitter_site":"@FiscaliaCol","twitter_misc":{"Escrito por":"Winnie Geraldine Rodr\u00edguez Navarrete","Tiempo de lectura":"2 minutos"},"schema":{"@context":"https:\/\/schema.org","@graph":[{"@type":"Article","@id":"https:\/\/www.fiscalia.gov.co\/colombia\/noticias\/mujer-que-explotaria-sexualmente-a-sus-dos-hermanas-menores-de-edad-fue-enviada-a-prision\/#article","isPartOf":{"@id":"https:\/\/www.fiscalia.gov.co\/colombia\/noticias\/mujer-que-explotaria-sexualmente-a-sus-dos-hermanas-menores-de-edad-fue-enviada-a-prision\/"},"author":{"name":"Winnie Geraldine Rodr\u00edguez Navarrete","@id":"https:\/\/www.fiscalia.gov.co\/colombia\/#\/schema\/person\/176195b99ebab0a52aafa15197e1bf80"},"headline":"Mujer que explotar\u00eda sexualmente a sus dos hermanas menores de edad fue enviada a prisi\u00f3n","datePublished":"2024-08-27T21:45:44+00:00","dateModified":"2024-08-27T21:51:46+00:00","mainEntityOfPage":{"@id":"https:\/\/www.fiscalia.gov.co\/colombia\/noticias\/mujer-que-explotaria-sexualmente-a-sus-dos-hermanas-menores-de-edad-fue-enviada-a-prision\/"},"wordCount":439,"publisher":{"@id":"https:\/\/www.fiscalia.gov.co\/colombia\/#organization"},"image":{"@id":"https:\/\/www.fiscalia.gov.co\/colombia\/noticias\/mujer-que-explotaria-sexualmente-a-sus-dos-hermanas-menores-de-edad-fue-enviada-a-prision\/#primaryimage"},"thumbnailUrl":"https:\/\/www.fiscalia.gov.co\/colombia\/wp-content\/uploads\/proxenetismo-guamo-tolima-300x224.jpeg","keywords":["Explotaci\u00f3n sexual","Fiscal\u00eda General de la Naci\u00f3n","Guamo","hermana","lenocinio","Polic\u00eda Nacional","Prostituci\u00f3n","proxenetismo con menor de 14 a\u00f1os","Salda\u00f1a","Salda\u00f1a (Tolima)","Seccional Tolima","Tolima","trabajadora sexual."],"articleSection":["Noticias","Violencia sexual e intrafamiliar"],"inLanguage":"es-CO"},{"@type":"WebPage","@id":"https:\/\/www.fiscalia.gov.co\/colombia\/noticias\/mujer-que-explotaria-sexualmente-a-sus-dos-hermanas-menores-de-edad-fue-enviada-a-prision\/","url":"https:\/\/www.fiscalia.gov.co\/colombia\/noticias\/mujer-que-explotaria-sexualmente-a-sus-dos-hermanas-menores-de-edad-fue-enviada-a-prision\/","name":"Fiscal\u00eda General de la Naci\u00f3n","isPartOf":{"@id":"https:\/\/www.fiscalia.gov.co\/colombia\/#website"},"primaryImageOfPage":{"@id":"https:\/\/www.fiscalia.gov.co\/colombia\/noticias\/mujer-que-explotaria-sexualmente-a-sus-dos-hermanas-menores-de-edad-fue-enviada-a-prision\/#primaryimage"},"image":{"@id":"https:\/\/www.fiscalia.gov.co\/colombia\/noticias\/mujer-que-explotaria-sexualmente-a-sus-dos-hermanas-menores-de-edad-fue-enviada-a-prision\/#primaryimage"},"thumbnailUrl":"https:\/\/www.fiscalia.gov.co\/colombia\/wp-content\/uploads\/proxenetismo-guamo-tolima-300x224.jpeg","datePublished":"2024-08-27T21:45:44+00:00","dateModified":"2024-08-27T21:51:46+00:00","description":"P\u00e1gina oficial de la Fiscal\u00eda General de la Naci\u00f3n \u2013 Colombia. Garantizamos el acceso efectivo a la justicia, la verdad y la reparaci\u00f3n de las v\u00edctimas de los delitos.","breadcrumb":{"@id":"https:\/\/www.fiscalia.gov.co\/colombia\/noticias\/mujer-que-explotaria-sexualmente-a-sus-dos-hermanas-menores-de-edad-fue-enviada-a-prision\/#breadcrumb"},"inLanguage":"es-CO","potentialAction":[{"@type":"ReadAction","target":["https:\/\/www.fiscalia.gov.co\/colombia\/noticias\/mujer-que-explotaria-sexualmente-a-sus-dos-hermanas-menores-de-edad-fue-enviada-a-prision\/"]}]},{"@type":"ImageObject","inLanguage":"es-CO","@id":"https:\/\/www.fiscalia.gov.co\/colombia\/noticias\/mujer-que-explotaria-sexualmente-a-sus-dos-hermanas-menores-de-edad-fue-enviada-a-prision\/#primaryimage","url":"https:\/\/www.fiscalia.gov.co\/colombia\/wp-content\/uploads\/proxenetismo-guamo-tolima.jpeg","contentUrl":"https:\/\/www.fiscalia.gov.co\/colombia\/wp-content\/uploads\/proxenetismo-guamo-tolima.jpeg","width":1175,"height":878,"caption":"Los procesados son la hermana de dos de las v\u00edctimas y dos administradores de los sitios donde fueron explotadas sexualmente en Salda\u00f1a, Tolima."},{"@type":"BreadcrumbList","@id":"https:\/\/www.fiscalia.gov.co\/colombia\/noticias\/mujer-que-explotaria-sexualmente-a-sus-dos-hermanas-menores-de-edad-fue-enviada-a-prision\/#breadcrumb","itemListElement":[{"@type":"ListItem","position":1,"name":"Home","item":"https:\/\/www.fiscalia.gov.co\/colombia\/"},{"@type":"ListItem","position":2,"name":"Mujer que explotar\u00eda sexualmente a sus dos hermanas menores de edad fue enviada a prisi\u00f3n"}]},{"@type":"WebSite","@id":"https:\/\/www.fiscalia.gov.co\/colombia\/#website","url":"https:\/\/www.fiscalia.gov.co\/colombia\/","name":"Fiscal\u00eda General de la Naci\u00f3n","description":"P\u00e1gina oficial de la Fiscal\u00eda General de la Naci\u00f3n \u2013 Colombia. Garantizamos el acceso efectivo a la justicia, la verdad y la reparaci\u00f3n de las v\u00edctimas de los delitos.","publisher":{"@id":"https:\/\/www.fiscalia.gov.co\/colombia\/#organization"},"potentialAction":[{"@type":"SearchAction","target":{"@type":"EntryPoint","urlTemplate":"https:\/\/www.fiscalia.gov.co\/colombia\/?s={search_term_string}"},"query-input":{"@type":"PropertyValueSpecification","valueRequired":true,"valueName":"search_term_string"}}],"inLanguage":"es-CO"},{"@type":"Organization","@id":"https:\/\/www.fiscalia.gov.co\/colombia\/#organization","name":"Fiscal\u00eda General de la Naci\u00f3n","url":"https:\/\/www.fiscalia.gov.co\/colombia\/","logo":{"@type":"ImageObject","inLanguage":"es-CO","@id":"https:\/\/www.fiscalia.gov.co\/colombia\/#\/schema\/logo\/image\/","url":"https:\/\/www.fiscalia.gov.co\/colombia\/wp-content\/uploads\/LogoHorizontal_1.jpg","contentUrl":"https:\/\/www.fiscalia.gov.co\/colombia\/wp-content\/uploads\/LogoHorizontal_1.jpg","width":300,"height":90,"caption":"Fiscal\u00eda General de la Naci\u00f3n"},"image":{"@id":"https:\/\/www.fiscalia.gov.co\/colombia\/#\/schema\/logo\/image\/"},"sameAs":["https:\/\/www.facebook.com\/FiscaliaCol","https:\/\/x.com\/FiscaliaCol","https:\/\/www.instagram.com\/fiscaliacol","https:\/\/www.linkedin.com\/company\/fiscalia-general-de-la-naci-n\/","https:\/\/youtube.com\/@fiscaliageneraldelanacion-4668?si=6nN79nyQICPU5iTh"]},{"@type":"Person","@id":"https:\/\/www.fiscalia.gov.co\/colombia\/#\/schema\/person\/176195b99ebab0a52aafa15197e1bf80","name":"Winnie Geraldine Rodr\u00edguez Navarrete","image":{"@type":"ImageObject","inLanguage":"es-CO","@id":"https:\/\/www.fiscalia.gov.co\/colombia\/#\/schema\/person\/image\/","url":"https:\/\/secure.gravatar.com\/avatar\/c24cf8481dc84fa5e8c7b20bc95ab0c6?s=96&d=mm&r=g","contentUrl":"https:\/\/secure.gravatar.com\/avatar\/c24cf8481dc84fa5e8c7b20bc95ab0c6?s=96&d=mm&r=g","caption":"Winnie Geraldine Rodr\u00edguez Navarrete"},"url":"https:\/\/www.fiscalia.gov.co\/colombia\/author\/winnierodriguez\/"}]}},"_links":{"self":[{"href":"https:\/\/www.fiscalia.gov.co\/colombia\/wp-json\/wp\/v2\/posts\/300699","targetHints":{"allow":["GET"]}}],"collection":[{"href":"https:\/\/www.fiscalia.gov.co\/colombia\/wp-json\/wp\/v2\/posts"}],"about":[{"href":"https:\/\/www.fiscalia.gov.co\/colombia\/wp-json\/wp\/v2\/types\/post"}],"author":[{"embeddable":true,"href":"https:\/\/www.fiscalia.gov.co\/colombia\/wp-json\/wp\/v2\/users\/178"}],"replies":[{"embeddable":true,"href":"https:\/\/www.fiscalia.gov.co\/colombia\/wp-json\/wp\/v2\/comments?post=300699"}],"version-history":[{"count":2,"href":"https:\/\/www.fiscalia.gov.co\/colombia\/wp-json\/wp\/v2\/posts\/300699\/revisions"}],"predecessor-version":[{"id":300705,"href":"https:\/\/www.fiscalia.gov.co\/colombia\/wp-json\/wp\/v2\/posts\/300699\/revisions\/300705"}],"wp:attachment":[{"href":"https:\/\/www.fiscalia.gov.co\/colombia\/wp-json\/wp\/v2\/media?parent=300699"}],"wp:term":[{"taxonomy":"category","embeddable":true,"href":"https:\/\/www.fiscalia.gov.co\/colombia\/wp-json\/wp\/v2\/categories?post=300699"},{"taxonomy":"post_tag","embeddable":true,"href":"https:\/\/www.fiscalia.gov.co\/colombia\/wp-json\/wp\/v2\/tags?post=300699"}],"curies":[{"name":"wp","href":"https:\/\/api.w.org\/{rel}","templated":true}]}}