{"id":300671,"date":"2024-08-27T14:55:24","date_gmt":"2024-08-27T19:55:24","guid":{"rendered":"https:\/\/www.fiscalia.gov.co\/colombia\/?p=300671"},"modified":"2024-08-27T14:55:24","modified_gmt":"2024-08-27T19:55:24","slug":"fiscalia-logra-aseguramiento-carcelario-para-tres-hombres-que-habrian-participado-en-dos-asesinatos-en-cartagena","status":"publish","type":"post","link":"https:\/\/www.fiscalia.gov.co\/colombia\/noticias\/fiscalia-logra-aseguramiento-carcelario-para-tres-hombres-que-habrian-participado-en-dos-asesinatos-en-cartagena\/","title":{"rendered":"Fiscal\u00eda logra aseguramiento carcelario para tres hombres que habr\u00edan participado en dos asesinatos en Cartagena"},"content":{"rendered":"<p style=\"font-weight: 400;\">Por petici\u00f3n de fiscales de la Unidad de Vida de Cartagena, jueces de control de garant\u00edas impusieron medida de aseguramiento carcelario a tres hombres, presuntamente implicados en el delito de homicidio agravado. Los hechos investigados ocurrieron en la capital de Bol\u00edvar.<\/p>\n<p><em><strong>Le\u00a0<\/strong><\/em><em><strong>puede<\/strong><\/em><em><strong>\u00a0interesar: <\/strong><\/em><a href=\"https:\/\/www.fiscalia.gov.co\/colombia\/noticias\/condenado-alias-cucaracho-por-el-homicidio-de-un-lider-social-de-las-comunidades-negras-de-colombia\/\" data-saferedirecturl=\"https:\/\/www.google.com\/url?q=https:\/\/www.fiscalia.gov.co\/colombia\/noticias\/condenado-alias-cucaracho-por-el-homicidio-de-un-lider-social-de-las-comunidades-negras-de-colombia\/&amp;source=gmail&amp;ust=1724874334745000&amp;usg=AOvVaw2FU8eH-avdt1PK0Emc8o9X\">Condenado alias Cucaracho por el homicidio de un l\u00edder social de las comunidades negras de Colombia<\/a><\/p>\n<p style=\"font-weight: 400;\">Se trata de Jorge Mois\u00e9s Gonz\u00e1lez Altahona, de 21 a\u00f1os, y Jorge Luis Chico Cortez, alias Pirata, de 26; quienes el pasado 20 de agosto habr\u00edan atacado con armas cortopunzantes a un empelado de un lavadero de carros ubicado en el barrio Ret\u00e9n Do\u00f1a Manuela. Producto de la agresi\u00f3n la v\u00edctima, de 37 a\u00f1os, perdi\u00f3 la vida en el lugar de los hechos.<\/p>\n<figure id=\"attachment_300672\" aria-describedby=\"caption-attachment-300672\" style=\"width: 378px\" class=\"wp-caption aligncenter\"><img loading=\"lazy\" decoding=\"async\" class=\" wp-image-300672\" src=\"https:\/\/www.fiscalia.gov.co\/colombia\/wp-content\/uploads\/Foto-1-boletin-27-de-agosto-homicidio--300x169.jpeg\" alt=\"En la fotograf\u00eda aparecen dos hombres delgados, sentados en frente de un escritorio de madera con micr\u00f3fonos al interior de la sala de audiencia donde se les proces\u00f3. \" width=\"378\" height=\"213\" srcset=\"https:\/\/www.fiscalia.gov.co\/colombia\/wp-content\/uploads\/Foto-1-boletin-27-de-agosto-homicidio--300x169.jpeg 300w, https:\/\/www.fiscalia.gov.co\/colombia\/wp-content\/uploads\/Foto-1-boletin-27-de-agosto-homicidio--1024x576.jpeg 1024w, https:\/\/www.fiscalia.gov.co\/colombia\/wp-content\/uploads\/Foto-1-boletin-27-de-agosto-homicidio--768x432.jpeg 768w, https:\/\/www.fiscalia.gov.co\/colombia\/wp-content\/uploads\/Foto-1-boletin-27-de-agosto-homicidio--1536x864.jpeg 1536w, https:\/\/www.fiscalia.gov.co\/colombia\/wp-content\/uploads\/Foto-1-boletin-27-de-agosto-homicidio--747x420.jpeg 747w, https:\/\/www.fiscalia.gov.co\/colombia\/wp-content\/uploads\/Foto-1-boletin-27-de-agosto-homicidio--696x392.jpeg 696w, https:\/\/www.fiscalia.gov.co\/colombia\/wp-content\/uploads\/Foto-1-boletin-27-de-agosto-homicidio--1068x601.jpeg 1068w, https:\/\/www.fiscalia.gov.co\/colombia\/wp-content\/uploads\/Foto-1-boletin-27-de-agosto-homicidio-.jpeg 1600w\" sizes=\"auto, (max-width: 378px) 100vw, 378px\" \/><figcaption id=\"caption-attachment-300672\" class=\"wp-caption-text\">Imagen de audiencia. Jorge Mois\u00e9s Gonz\u00e1lez Altahona y Jorge Luis Chico Cortez judicializados.<\/figcaption><\/figure>\n<p><em><strong>Lea tambi\u00e9n:<\/strong><\/em> <a href=\"https:\/\/www.fiscalia.gov.co\/colombia\/noticias\/los-gallinas-fueron-enviados-a-la-carcel-por-su-presunta-participacion-en-siete-homicidios-cometidos-en-ibague\/\" data-saferedirecturl=\"https:\/\/www.google.com\/url?q=https:\/\/www.fiscalia.gov.co\/colombia\/noticias\/los-gallinas-fueron-enviados-a-la-carcel-por-su-presunta-participacion-en-siete-homicidios-cometidos-en-ibague\/&amp;source=gmail&amp;ust=1724874334745000&amp;usg=AOvVaw1ymSELApgjj2FYjxCqWM2v\">\u2018Los Gallinas\u2019 fueron enviados a la c\u00e1rcel por su presunta participaci\u00f3n en siete homicidios cometidos en Ibagu\u00e9<\/a><\/p>\n<p style=\"font-weight: 400;\">As\u00ed mismo, fue judicializado \u00d3scar Jos\u00e9 Guerra Ni\u00f1o, de 30 a\u00f1os. La investigaci\u00f3n evidenci\u00f3 que el pasado 21 de agosto el procesado, quien estaba recluido en la c\u00e1rcel San Sebasti\u00e1n Ternera de Cartagena, habr\u00eda atacado a otro interno de 40 a\u00f1os con la tapa de una alcantarilla. La agresi\u00f3n caus\u00f3 la muerte de la v\u00edctima.<\/p>\n<figure id=\"attachment_300673\" aria-describedby=\"caption-attachment-300673\" style=\"width: 341px\" class=\"wp-caption aligncenter\"><img loading=\"lazy\" decoding=\"async\" class=\" wp-image-300673\" src=\"https:\/\/www.fiscalia.gov.co\/colombia\/wp-content\/uploads\/Foto-2-boletin-27-de-agosto-homicidio--300x169.jpeg\" alt=\" En la imagen est\u00e1 un hombre moreno con barba, labios gruesos, semi calvo, vestido con camiseta verde. Tiene unos aud\u00edfonos y se encuentra al interior de una oficina asistiendo virtualmente a la audiencia en la que se le proces\u00f3.\" width=\"341\" height=\"192\" srcset=\"https:\/\/www.fiscalia.gov.co\/colombia\/wp-content\/uploads\/Foto-2-boletin-27-de-agosto-homicidio--300x169.jpeg 300w, https:\/\/www.fiscalia.gov.co\/colombia\/wp-content\/uploads\/Foto-2-boletin-27-de-agosto-homicidio--1024x576.jpeg 1024w, https:\/\/www.fiscalia.gov.co\/colombia\/wp-content\/uploads\/Foto-2-boletin-27-de-agosto-homicidio--768x432.jpeg 768w, https:\/\/www.fiscalia.gov.co\/colombia\/wp-content\/uploads\/Foto-2-boletin-27-de-agosto-homicidio--1536x864.jpeg 1536w, https:\/\/www.fiscalia.gov.co\/colombia\/wp-content\/uploads\/Foto-2-boletin-27-de-agosto-homicidio--747x420.jpeg 747w, https:\/\/www.fiscalia.gov.co\/colombia\/wp-content\/uploads\/Foto-2-boletin-27-de-agosto-homicidio--696x392.jpeg 696w, https:\/\/www.fiscalia.gov.co\/colombia\/wp-content\/uploads\/Foto-2-boletin-27-de-agosto-homicidio--1068x601.jpeg 1068w, https:\/\/www.fiscalia.gov.co\/colombia\/wp-content\/uploads\/Foto-2-boletin-27-de-agosto-homicidio-.jpeg 1600w\" sizes=\"auto, (max-width: 341px) 100vw, 341px\" \/><figcaption id=\"caption-attachment-300673\" class=\"wp-caption-text\">Imagen de audiencia. Oscar Jos\u00e9 Guerra Ni\u00f1o, procesado.<\/figcaption><\/figure>\n<p style=\"font-weight: 400;\">Ninguno de los procesados acept\u00f3 los cargos imputados.<\/p>\n<p>&nbsp;<\/p>\n<p>&nbsp;<\/p>\n<p style=\"font-weight: 400;\">MEVA\/LMFO\/MAGA\/JB\/DS\/EGM\/DSB<\/p>\n<p style=\"font-weight: 400;\">\n<p style=\"font-weight: 400;\"><em>La informaci\u00f3n contenida en este bolet\u00edn de prensa corresponde a la narraci\u00f3n de los hechos noticiosos objetivos, suministrados por los funcionarios encargados de adelantar las investigaciones penales al interior de la Fiscal\u00eda General de la Naci\u00f3n. Para el momento de la divulgaci\u00f3n de este comunicado, la situaci\u00f3n jur\u00eddica de la(s) persona(s) relacionada(s) se encuentra pendiente de resolver por la autoridad judicial competente, siempre bajo los preceptos de la presunci\u00f3n de inocencia, consagrados en el art\u00edculo 29 de la Constituci\u00f3n Pol\u00edtica y el art\u00edculo 7\u00ba de la Ley 906 de 2004.<\/em><\/p>\n\n<div class=\"twitter-share\"><a href=\"https:\/\/twitter.com\/intent\/tweet?via=fiscaliacol\" class=\"twitter-share-button\">Tweet<\/a><\/div>\n","protected":false},"excerpt":{"rendered":"<p>Por petici\u00f3n de fiscales de la Unidad de Vida de Cartagena, jueces de control de garant\u00edas impusieron medida de aseguramiento carcelario a tres hombres, presuntamente implicados en el delito de homicidio agravado. Los hechos investigados ocurrieron en la capital de Bol\u00edvar. Le\u00a0puede\u00a0interesar: Condenado alias Cucaracho por el homicidio de un l\u00edder social de las comunidades [&hellip;]<\/p>\n","protected":false},"author":178,"featured_media":0,"comment_status":"closed","ping_status":"open","sticky":false,"template":"","format":"standard","meta":{"tdm_status":"","tdm_grid_status":"","footnotes":""},"categories":[1,24099],"tags":[38472,14550,23819,23998,24187,1047,5187,26787,38473,558,26165,23970],"class_list":{"0":"post-300671","1":"post","2":"type-post","3":"status-publish","4":"format-standard","6":"category-noticias","7":"category-seguridad-territorial","8":"tag-armas-contundentes","9":"tag-carcel","10":"tag-cartagena","11":"tag-cartagena-bolivar","12":"tag-fiscalia-colombia","13":"tag-fiscalia-general-de-la-nacion","14":"tag-homicidios","15":"tag-interno","16":"tag-lavadero-de-carro","17":"tag-policia-nacional","18":"tag-procesados","19":"tag-victimas"},"yoast_head":"<!-- This site is optimized with the Yoast SEO plugin v24.3 - https:\/\/yoast.com\/wordpress\/plugins\/seo\/ -->\n<title>Fiscal\u00eda General de la Naci\u00f3n<\/title>\n<meta name=\"description\" content=\"P\u00e1gina oficial de la Fiscal\u00eda General de la Naci\u00f3n \u2013 Colombia. Garantizamos el acceso efectivo a la justicia, la verdad y la reparaci\u00f3n de las v\u00edctimas de los delitos.\" \/>\n<meta name=\"robots\" content=\"noindex, follow\" \/>\n<meta property=\"og:locale\" content=\"es_ES\" \/>\n<meta property=\"og:type\" content=\"article\" \/>\n<meta property=\"og:title\" content=\"Fiscal\u00eda General de la Naci\u00f3n\" \/>\n<meta property=\"og:description\" content=\"P\u00e1gina oficial de la Fiscal\u00eda General de la Naci\u00f3n \u2013 Colombia. Garantizamos el acceso efectivo a la justicia, la verdad y la reparaci\u00f3n de las v\u00edctimas de los delitos.\" \/>\n<meta property=\"og:url\" content=\"https:\/\/www.fiscalia.gov.co\/colombia\/noticias\/fiscalia-logra-aseguramiento-carcelario-para-tres-hombres-que-habrian-participado-en-dos-asesinatos-en-cartagena\/\" \/>\n<meta property=\"og:site_name\" content=\"Fiscal\u00eda General de la Naci\u00f3n\" \/>\n<meta property=\"article:publisher\" content=\"https:\/\/www.facebook.com\/FiscaliaCol\" \/>\n<meta property=\"article:published_time\" content=\"2024-08-27T19:55:24+00:00\" \/>\n<meta property=\"og:image\" content=\"https:\/\/www.fiscalia.gov.co\/colombia\/wp-content\/uploads\/Foto-1-boletin-27-de-agosto-homicidio--300x169.jpeg\" \/>\n<meta name=\"author\" content=\"Winnie Geraldine Rodr\u00edguez Navarrete\" \/>\n<meta name=\"twitter:card\" content=\"summary_large_image\" \/>\n<meta name=\"twitter:creator\" content=\"@FiscaliaCol\" \/>\n<meta name=\"twitter:site\" content=\"@FiscaliaCol\" \/>\n<meta name=\"twitter:label1\" content=\"Escrito por\" \/>\n\t<meta name=\"twitter:data1\" content=\"Winnie Geraldine Rodr\u00edguez Navarrete\" \/>\n\t<meta name=\"twitter:label2\" content=\"Tiempo de lectura\" \/>\n\t<meta name=\"twitter:data2\" content=\"2 minutos\" \/>\n<script type=\"application\/ld+json\" class=\"yoast-schema-graph\">{\"@context\":\"https:\/\/schema.org\",\"@graph\":[{\"@type\":\"Article\",\"@id\":\"https:\/\/www.fiscalia.gov.co\/colombia\/noticias\/fiscalia-logra-aseguramiento-carcelario-para-tres-hombres-que-habrian-participado-en-dos-asesinatos-en-cartagena\/#article\",\"isPartOf\":{\"@id\":\"https:\/\/www.fiscalia.gov.co\/colombia\/noticias\/fiscalia-logra-aseguramiento-carcelario-para-tres-hombres-que-habrian-participado-en-dos-asesinatos-en-cartagena\/\"},\"author\":{\"name\":\"Winnie Geraldine Rodr\u00edguez Navarrete\",\"@id\":\"https:\/\/www.fiscalia.gov.co\/colombia\/#\/schema\/person\/176195b99ebab0a52aafa15197e1bf80\"},\"headline\":\"Fiscal\u00eda logra aseguramiento carcelario para tres hombres que habr\u00edan participado en dos asesinatos en Cartagena\",\"datePublished\":\"2024-08-27T19:55:24+00:00\",\"dateModified\":\"2024-08-27T19:55:24+00:00\",\"mainEntityOfPage\":{\"@id\":\"https:\/\/www.fiscalia.gov.co\/colombia\/noticias\/fiscalia-logra-aseguramiento-carcelario-para-tres-hombres-que-habrian-participado-en-dos-asesinatos-en-cartagena\/\"},\"wordCount\":389,\"publisher\":{\"@id\":\"https:\/\/www.fiscalia.gov.co\/colombia\/#organization\"},\"image\":{\"@id\":\"https:\/\/www.fiscalia.gov.co\/colombia\/noticias\/fiscalia-logra-aseguramiento-carcelario-para-tres-hombres-que-habrian-participado-en-dos-asesinatos-en-cartagena\/#primaryimage\"},\"thumbnailUrl\":\"https:\/\/www.fiscalia.gov.co\/colombia\/wp-content\/uploads\/Foto-1-boletin-27-de-agosto-homicidio--300x169.jpeg\",\"keywords\":[\"armas contundentes\",\"C\u00e1rcel\",\"Cartagena\",\"Cartagena (Bol\u00edvar)\",\"Fiscal\u00eda Colombia\",\"Fiscal\u00eda General de la Naci\u00f3n\",\"Homicidios\",\"interno\",\"lavadero de carro\",\"Polic\u00eda Nacional\",\"procesados\",\"V\u00edctimas\"],\"articleSection\":[\"Noticias\",\"Seguridad territorial\"],\"inLanguage\":\"es-CO\"},{\"@type\":\"WebPage\",\"@id\":\"https:\/\/www.fiscalia.gov.co\/colombia\/noticias\/fiscalia-logra-aseguramiento-carcelario-para-tres-hombres-que-habrian-participado-en-dos-asesinatos-en-cartagena\/\",\"url\":\"https:\/\/www.fiscalia.gov.co\/colombia\/noticias\/fiscalia-logra-aseguramiento-carcelario-para-tres-hombres-que-habrian-participado-en-dos-asesinatos-en-cartagena\/\",\"name\":\"Fiscal\u00eda General de la Naci\u00f3n\",\"isPartOf\":{\"@id\":\"https:\/\/www.fiscalia.gov.co\/colombia\/#website\"},\"primaryImageOfPage\":{\"@id\":\"https:\/\/www.fiscalia.gov.co\/colombia\/noticias\/fiscalia-logra-aseguramiento-carcelario-para-tres-hombres-que-habrian-participado-en-dos-asesinatos-en-cartagena\/#primaryimage\"},\"image\":{\"@id\":\"https:\/\/www.fiscalia.gov.co\/colombia\/noticias\/fiscalia-logra-aseguramiento-carcelario-para-tres-hombres-que-habrian-participado-en-dos-asesinatos-en-cartagena\/#primaryimage\"},\"thumbnailUrl\":\"https:\/\/www.fiscalia.gov.co\/colombia\/wp-content\/uploads\/Foto-1-boletin-27-de-agosto-homicidio--300x169.jpeg\",\"datePublished\":\"2024-08-27T19:55:24+00:00\",\"dateModified\":\"2024-08-27T19:55:24+00:00\",\"description\":\"P\u00e1gina oficial de la Fiscal\u00eda General de la Naci\u00f3n \u2013 Colombia. Garantizamos el acceso efectivo a la justicia, la verdad y la reparaci\u00f3n de las v\u00edctimas de los delitos.\",\"breadcrumb\":{\"@id\":\"https:\/\/www.fiscalia.gov.co\/colombia\/noticias\/fiscalia-logra-aseguramiento-carcelario-para-tres-hombres-que-habrian-participado-en-dos-asesinatos-en-cartagena\/#breadcrumb\"},\"inLanguage\":\"es-CO\",\"potentialAction\":[{\"@type\":\"ReadAction\",\"target\":[\"https:\/\/www.fiscalia.gov.co\/colombia\/noticias\/fiscalia-logra-aseguramiento-carcelario-para-tres-hombres-que-habrian-participado-en-dos-asesinatos-en-cartagena\/\"]}]},{\"@type\":\"ImageObject\",\"inLanguage\":\"es-CO\",\"@id\":\"https:\/\/www.fiscalia.gov.co\/colombia\/noticias\/fiscalia-logra-aseguramiento-carcelario-para-tres-hombres-que-habrian-participado-en-dos-asesinatos-en-cartagena\/#primaryimage\",\"url\":\"https:\/\/www.fiscalia.gov.co\/colombia\/wp-content\/uploads\/Foto-1-boletin-27-de-agosto-homicidio-.jpeg\",\"contentUrl\":\"https:\/\/www.fiscalia.gov.co\/colombia\/wp-content\/uploads\/Foto-1-boletin-27-de-agosto-homicidio-.jpeg\",\"width\":1600,\"height\":900,\"caption\":\"Imagen de audiencia. Jorge Mois\u00e9s Gonz\u00e1lez Altahona y Jorge Luis Chico Cortez judicializados.\"},{\"@type\":\"BreadcrumbList\",\"@id\":\"https:\/\/www.fiscalia.gov.co\/colombia\/noticias\/fiscalia-logra-aseguramiento-carcelario-para-tres-hombres-que-habrian-participado-en-dos-asesinatos-en-cartagena\/#breadcrumb\",\"itemListElement\":[{\"@type\":\"ListItem\",\"position\":1,\"name\":\"Home\",\"item\":\"https:\/\/www.fiscalia.gov.co\/colombia\/\"},{\"@type\":\"ListItem\",\"position\":2,\"name\":\"Fiscal\u00eda logra aseguramiento carcelario para tres hombres que habr\u00edan participado en dos asesinatos en Cartagena\"}]},{\"@type\":\"WebSite\",\"@id\":\"https:\/\/www.fiscalia.gov.co\/colombia\/#website\",\"url\":\"https:\/\/www.fiscalia.gov.co\/colombia\/\",\"name\":\"Fiscal\u00eda General de la Naci\u00f3n\",\"description\":\"P\u00e1gina oficial de la Fiscal\u00eda General de la Naci\u00f3n \u2013 Colombia. Garantizamos el acceso efectivo a la justicia, la verdad y la reparaci\u00f3n de las v\u00edctimas de los delitos.\",\"publisher\":{\"@id\":\"https:\/\/www.fiscalia.gov.co\/colombia\/#organization\"},\"potentialAction\":[{\"@type\":\"SearchAction\",\"target\":{\"@type\":\"EntryPoint\",\"urlTemplate\":\"https:\/\/www.fiscalia.gov.co\/colombia\/?s={search_term_string}\"},\"query-input\":{\"@type\":\"PropertyValueSpecification\",\"valueRequired\":true,\"valueName\":\"search_term_string\"}}],\"inLanguage\":\"es-CO\"},{\"@type\":\"Organization\",\"@id\":\"https:\/\/www.fiscalia.gov.co\/colombia\/#organization\",\"name\":\"Fiscal\u00eda General de la Naci\u00f3n\",\"url\":\"https:\/\/www.fiscalia.gov.co\/colombia\/\",\"logo\":{\"@type\":\"ImageObject\",\"inLanguage\":\"es-CO\",\"@id\":\"https:\/\/www.fiscalia.gov.co\/colombia\/#\/schema\/logo\/image\/\",\"url\":\"https:\/\/www.fiscalia.gov.co\/colombia\/wp-content\/uploads\/LogoHorizontal_1.jpg\",\"contentUrl\":\"https:\/\/www.fiscalia.gov.co\/colombia\/wp-content\/uploads\/LogoHorizontal_1.jpg\",\"width\":300,\"height\":90,\"caption\":\"Fiscal\u00eda General de la Naci\u00f3n\"},\"image\":{\"@id\":\"https:\/\/www.fiscalia.gov.co\/colombia\/#\/schema\/logo\/image\/\"},\"sameAs\":[\"https:\/\/www.facebook.com\/FiscaliaCol\",\"https:\/\/x.com\/FiscaliaCol\",\"https:\/\/www.instagram.com\/fiscaliacol\",\"https:\/\/www.linkedin.com\/company\/fiscalia-general-de-la-naci-n\/\",\"https:\/\/youtube.com\/@fiscaliageneraldelanacion-4668?si=6nN79nyQICPU5iTh\"]},{\"@type\":\"Person\",\"@id\":\"https:\/\/www.fiscalia.gov.co\/colombia\/#\/schema\/person\/176195b99ebab0a52aafa15197e1bf80\",\"name\":\"Winnie Geraldine Rodr\u00edguez Navarrete\",\"image\":{\"@type\":\"ImageObject\",\"inLanguage\":\"es-CO\",\"@id\":\"https:\/\/www.fiscalia.gov.co\/colombia\/#\/schema\/person\/image\/\",\"url\":\"https:\/\/secure.gravatar.com\/avatar\/c24cf8481dc84fa5e8c7b20bc95ab0c6?s=96&d=mm&r=g\",\"contentUrl\":\"https:\/\/secure.gravatar.com\/avatar\/c24cf8481dc84fa5e8c7b20bc95ab0c6?s=96&d=mm&r=g\",\"caption\":\"Winnie Geraldine Rodr\u00edguez Navarrete\"},\"url\":\"https:\/\/www.fiscalia.gov.co\/colombia\/author\/winnierodriguez\/\"}]}<\/script>\n<!-- \/ Yoast SEO plugin. -->","yoast_head_json":{"title":"Fiscal\u00eda General de la Naci\u00f3n","description":"P\u00e1gina oficial de la Fiscal\u00eda General de la Naci\u00f3n \u2013 Colombia. Garantizamos el acceso efectivo a la justicia, la verdad y la reparaci\u00f3n de las v\u00edctimas de los delitos.","robots":{"index":"noindex","follow":"follow"},"og_locale":"es_ES","og_type":"article","og_title":"Fiscal\u00eda General de la Naci\u00f3n","og_description":"P\u00e1gina oficial de la Fiscal\u00eda General de la Naci\u00f3n \u2013 Colombia. Garantizamos el acceso efectivo a la justicia, la verdad y la reparaci\u00f3n de las v\u00edctimas de los delitos.","og_url":"https:\/\/www.fiscalia.gov.co\/colombia\/noticias\/fiscalia-logra-aseguramiento-carcelario-para-tres-hombres-que-habrian-participado-en-dos-asesinatos-en-cartagena\/","og_site_name":"Fiscal\u00eda General de la Naci\u00f3n","article_publisher":"https:\/\/www.facebook.com\/FiscaliaCol","article_published_time":"2024-08-27T19:55:24+00:00","og_image":[{"url":"https:\/\/www.fiscalia.gov.co\/colombia\/wp-content\/uploads\/Foto-1-boletin-27-de-agosto-homicidio--300x169.jpeg","type":"","width":"","height":""}],"author":"Winnie Geraldine Rodr\u00edguez Navarrete","twitter_card":"summary_large_image","twitter_creator":"@FiscaliaCol","twitter_site":"@FiscaliaCol","twitter_misc":{"Escrito por":"Winnie Geraldine Rodr\u00edguez Navarrete","Tiempo de lectura":"2 minutos"},"schema":{"@context":"https:\/\/schema.org","@graph":[{"@type":"Article","@id":"https:\/\/www.fiscalia.gov.co\/colombia\/noticias\/fiscalia-logra-aseguramiento-carcelario-para-tres-hombres-que-habrian-participado-en-dos-asesinatos-en-cartagena\/#article","isPartOf":{"@id":"https:\/\/www.fiscalia.gov.co\/colombia\/noticias\/fiscalia-logra-aseguramiento-carcelario-para-tres-hombres-que-habrian-participado-en-dos-asesinatos-en-cartagena\/"},"author":{"name":"Winnie Geraldine Rodr\u00edguez Navarrete","@id":"https:\/\/www.fiscalia.gov.co\/colombia\/#\/schema\/person\/176195b99ebab0a52aafa15197e1bf80"},"headline":"Fiscal\u00eda logra aseguramiento carcelario para tres hombres que habr\u00edan participado en dos asesinatos en Cartagena","datePublished":"2024-08-27T19:55:24+00:00","dateModified":"2024-08-27T19:55:24+00:00","mainEntityOfPage":{"@id":"https:\/\/www.fiscalia.gov.co\/colombia\/noticias\/fiscalia-logra-aseguramiento-carcelario-para-tres-hombres-que-habrian-participado-en-dos-asesinatos-en-cartagena\/"},"wordCount":389,"publisher":{"@id":"https:\/\/www.fiscalia.gov.co\/colombia\/#organization"},"image":{"@id":"https:\/\/www.fiscalia.gov.co\/colombia\/noticias\/fiscalia-logra-aseguramiento-carcelario-para-tres-hombres-que-habrian-participado-en-dos-asesinatos-en-cartagena\/#primaryimage"},"thumbnailUrl":"https:\/\/www.fiscalia.gov.co\/colombia\/wp-content\/uploads\/Foto-1-boletin-27-de-agosto-homicidio--300x169.jpeg","keywords":["armas contundentes","C\u00e1rcel","Cartagena","Cartagena (Bol\u00edvar)","Fiscal\u00eda Colombia","Fiscal\u00eda General de la Naci\u00f3n","Homicidios","interno","lavadero de carro","Polic\u00eda Nacional","procesados","V\u00edctimas"],"articleSection":["Noticias","Seguridad territorial"],"inLanguage":"es-CO"},{"@type":"WebPage","@id":"https:\/\/www.fiscalia.gov.co\/colombia\/noticias\/fiscalia-logra-aseguramiento-carcelario-para-tres-hombres-que-habrian-participado-en-dos-asesinatos-en-cartagena\/","url":"https:\/\/www.fiscalia.gov.co\/colombia\/noticias\/fiscalia-logra-aseguramiento-carcelario-para-tres-hombres-que-habrian-participado-en-dos-asesinatos-en-cartagena\/","name":"Fiscal\u00eda General de la Naci\u00f3n","isPartOf":{"@id":"https:\/\/www.fiscalia.gov.co\/colombia\/#website"},"primaryImageOfPage":{"@id":"https:\/\/www.fiscalia.gov.co\/colombia\/noticias\/fiscalia-logra-aseguramiento-carcelario-para-tres-hombres-que-habrian-participado-en-dos-asesinatos-en-cartagena\/#primaryimage"},"image":{"@id":"https:\/\/www.fiscalia.gov.co\/colombia\/noticias\/fiscalia-logra-aseguramiento-carcelario-para-tres-hombres-que-habrian-participado-en-dos-asesinatos-en-cartagena\/#primaryimage"},"thumbnailUrl":"https:\/\/www.fiscalia.gov.co\/colombia\/wp-content\/uploads\/Foto-1-boletin-27-de-agosto-homicidio--300x169.jpeg","datePublished":"2024-08-27T19:55:24+00:00","dateModified":"2024-08-27T19:55:24+00:00","description":"P\u00e1gina oficial de la Fiscal\u00eda General de la Naci\u00f3n \u2013 Colombia. Garantizamos el acceso efectivo a la justicia, la verdad y la reparaci\u00f3n de las v\u00edctimas de los delitos.","breadcrumb":{"@id":"https:\/\/www.fiscalia.gov.co\/colombia\/noticias\/fiscalia-logra-aseguramiento-carcelario-para-tres-hombres-que-habrian-participado-en-dos-asesinatos-en-cartagena\/#breadcrumb"},"inLanguage":"es-CO","potentialAction":[{"@type":"ReadAction","target":["https:\/\/www.fiscalia.gov.co\/colombia\/noticias\/fiscalia-logra-aseguramiento-carcelario-para-tres-hombres-que-habrian-participado-en-dos-asesinatos-en-cartagena\/"]}]},{"@type":"ImageObject","inLanguage":"es-CO","@id":"https:\/\/www.fiscalia.gov.co\/colombia\/noticias\/fiscalia-logra-aseguramiento-carcelario-para-tres-hombres-que-habrian-participado-en-dos-asesinatos-en-cartagena\/#primaryimage","url":"https:\/\/www.fiscalia.gov.co\/colombia\/wp-content\/uploads\/Foto-1-boletin-27-de-agosto-homicidio-.jpeg","contentUrl":"https:\/\/www.fiscalia.gov.co\/colombia\/wp-content\/uploads\/Foto-1-boletin-27-de-agosto-homicidio-.jpeg","width":1600,"height":900,"caption":"Imagen de audiencia. Jorge Mois\u00e9s Gonz\u00e1lez Altahona y Jorge Luis Chico Cortez judicializados."},{"@type":"BreadcrumbList","@id":"https:\/\/www.fiscalia.gov.co\/colombia\/noticias\/fiscalia-logra-aseguramiento-carcelario-para-tres-hombres-que-habrian-participado-en-dos-asesinatos-en-cartagena\/#breadcrumb","itemListElement":[{"@type":"ListItem","position":1,"name":"Home","item":"https:\/\/www.fiscalia.gov.co\/colombia\/"},{"@type":"ListItem","position":2,"name":"Fiscal\u00eda logra aseguramiento carcelario para tres hombres que habr\u00edan participado en dos asesinatos en Cartagena"}]},{"@type":"WebSite","@id":"https:\/\/www.fiscalia.gov.co\/colombia\/#website","url":"https:\/\/www.fiscalia.gov.co\/colombia\/","name":"Fiscal\u00eda General de la Naci\u00f3n","description":"P\u00e1gina oficial de la Fiscal\u00eda General de la Naci\u00f3n \u2013 Colombia. Garantizamos el acceso efectivo a la justicia, la verdad y la reparaci\u00f3n de las v\u00edctimas de los delitos.","publisher":{"@id":"https:\/\/www.fiscalia.gov.co\/colombia\/#organization"},"potentialAction":[{"@type":"SearchAction","target":{"@type":"EntryPoint","urlTemplate":"https:\/\/www.fiscalia.gov.co\/colombia\/?s={search_term_string}"},"query-input":{"@type":"PropertyValueSpecification","valueRequired":true,"valueName":"search_term_string"}}],"inLanguage":"es-CO"},{"@type":"Organization","@id":"https:\/\/www.fiscalia.gov.co\/colombia\/#organization","name":"Fiscal\u00eda General de la Naci\u00f3n","url":"https:\/\/www.fiscalia.gov.co\/colombia\/","logo":{"@type":"ImageObject","inLanguage":"es-CO","@id":"https:\/\/www.fiscalia.gov.co\/colombia\/#\/schema\/logo\/image\/","url":"https:\/\/www.fiscalia.gov.co\/colombia\/wp-content\/uploads\/LogoHorizontal_1.jpg","contentUrl":"https:\/\/www.fiscalia.gov.co\/colombia\/wp-content\/uploads\/LogoHorizontal_1.jpg","width":300,"height":90,"caption":"Fiscal\u00eda General de la Naci\u00f3n"},"image":{"@id":"https:\/\/www.fiscalia.gov.co\/colombia\/#\/schema\/logo\/image\/"},"sameAs":["https:\/\/www.facebook.com\/FiscaliaCol","https:\/\/x.com\/FiscaliaCol","https:\/\/www.instagram.com\/fiscaliacol","https:\/\/www.linkedin.com\/company\/fiscalia-general-de-la-naci-n\/","https:\/\/youtube.com\/@fiscaliageneraldelanacion-4668?si=6nN79nyQICPU5iTh"]},{"@type":"Person","@id":"https:\/\/www.fiscalia.gov.co\/colombia\/#\/schema\/person\/176195b99ebab0a52aafa15197e1bf80","name":"Winnie Geraldine Rodr\u00edguez Navarrete","image":{"@type":"ImageObject","inLanguage":"es-CO","@id":"https:\/\/www.fiscalia.gov.co\/colombia\/#\/schema\/person\/image\/","url":"https:\/\/secure.gravatar.com\/avatar\/c24cf8481dc84fa5e8c7b20bc95ab0c6?s=96&d=mm&r=g","contentUrl":"https:\/\/secure.gravatar.com\/avatar\/c24cf8481dc84fa5e8c7b20bc95ab0c6?s=96&d=mm&r=g","caption":"Winnie Geraldine Rodr\u00edguez Navarrete"},"url":"https:\/\/www.fiscalia.gov.co\/colombia\/author\/winnierodriguez\/"}]}},"_links":{"self":[{"href":"https:\/\/www.fiscalia.gov.co\/colombia\/wp-json\/wp\/v2\/posts\/300671","targetHints":{"allow":["GET"]}}],"collection":[{"href":"https:\/\/www.fiscalia.gov.co\/colombia\/wp-json\/wp\/v2\/posts"}],"about":[{"href":"https:\/\/www.fiscalia.gov.co\/colombia\/wp-json\/wp\/v2\/types\/post"}],"author":[{"embeddable":true,"href":"https:\/\/www.fiscalia.gov.co\/colombia\/wp-json\/wp\/v2\/users\/178"}],"replies":[{"embeddable":true,"href":"https:\/\/www.fiscalia.gov.co\/colombia\/wp-json\/wp\/v2\/comments?post=300671"}],"version-history":[{"count":1,"href":"https:\/\/www.fiscalia.gov.co\/colombia\/wp-json\/wp\/v2\/posts\/300671\/revisions"}],"predecessor-version":[{"id":300674,"href":"https:\/\/www.fiscalia.gov.co\/colombia\/wp-json\/wp\/v2\/posts\/300671\/revisions\/300674"}],"wp:attachment":[{"href":"https:\/\/www.fiscalia.gov.co\/colombia\/wp-json\/wp\/v2\/media?parent=300671"}],"wp:term":[{"taxonomy":"category","embeddable":true,"href":"https:\/\/www.fiscalia.gov.co\/colombia\/wp-json\/wp\/v2\/categories?post=300671"},{"taxonomy":"post_tag","embeddable":true,"href":"https:\/\/www.fiscalia.gov.co\/colombia\/wp-json\/wp\/v2\/tags?post=300671"}],"curies":[{"name":"wp","href":"https:\/\/api.w.org\/{rel}","templated":true}]}}