{"id":300657,"date":"2024-08-27T10:00:32","date_gmt":"2024-08-27T15:00:32","guid":{"rendered":"https:\/\/www.fiscalia.gov.co\/colombia\/?p=300657"},"modified":"2024-08-27T10:00:32","modified_gmt":"2024-08-27T15:00:32","slug":"fiscalia-judicializa-a-un-hombre-por-presuntamente-transportar-municion-camuflada-en-tulas","status":"publish","type":"post","link":"https:\/\/www.fiscalia.gov.co\/colombia\/noticias\/fiscalia-judicializa-a-un-hombre-por-presuntamente-transportar-municion-camuflada-en-tulas\/","title":{"rendered":"Fiscal\u00eda judicializa a un hombre por presuntamente transportar munici\u00f3n camuflada en tulas"},"content":{"rendered":"<p style=\"font-weight: 400;\">Por solicitud de la Fiscal\u00eda General de la Naci\u00f3n, un juez de control de garant\u00edas impuso medida de aseguramiento en el centro carcelario contra Jonier Meneses Cabrera, de 24 a\u00f1os, quien ser\u00eda el responsable del delito de fabricaci\u00f3n, tr\u00e1fico, porte o tenencia de armas de fuego, accesorios o municiones agravado.<\/p>\n<figure id=\"attachment_300658\" aria-describedby=\"caption-attachment-300658\" style=\"width: 357px\" class=\"wp-caption aligncenter\"><img loading=\"lazy\" decoding=\"async\" class=\" wp-image-300658\" src=\"https:\/\/www.fiscalia.gov.co\/colombia\/wp-content\/uploads\/FISCALIA-JUDICIALIZA-A-UN-HOMBRE-POR-PRESUNTAMENTE-TRANSPORTAR-MUNICION-CAMUFLADA-EN-TULAS-300x226.jpeg\" alt=\" El capturado se encuentra en custodia por dos uniformados de  la Polic\u00eda Nacional. En la foto se observa  la munici\u00f3n incautada y las dos motocicletas . Detr\u00e1s se observa un backing de la Polic\u00eda. \" width=\"357\" height=\"269\" srcset=\"https:\/\/www.fiscalia.gov.co\/colombia\/wp-content\/uploads\/FISCALIA-JUDICIALIZA-A-UN-HOMBRE-POR-PRESUNTAMENTE-TRANSPORTAR-MUNICION-CAMUFLADA-EN-TULAS-300x226.jpeg 300w, https:\/\/www.fiscalia.gov.co\/colombia\/wp-content\/uploads\/FISCALIA-JUDICIALIZA-A-UN-HOMBRE-POR-PRESUNTAMENTE-TRANSPORTAR-MUNICION-CAMUFLADA-EN-TULAS-1024x771.jpeg 1024w, https:\/\/www.fiscalia.gov.co\/colombia\/wp-content\/uploads\/FISCALIA-JUDICIALIZA-A-UN-HOMBRE-POR-PRESUNTAMENTE-TRANSPORTAR-MUNICION-CAMUFLADA-EN-TULAS-768x579.jpeg 768w, https:\/\/www.fiscalia.gov.co\/colombia\/wp-content\/uploads\/FISCALIA-JUDICIALIZA-A-UN-HOMBRE-POR-PRESUNTAMENTE-TRANSPORTAR-MUNICION-CAMUFLADA-EN-TULAS-558x420.jpeg 558w, https:\/\/www.fiscalia.gov.co\/colombia\/wp-content\/uploads\/FISCALIA-JUDICIALIZA-A-UN-HOMBRE-POR-PRESUNTAMENTE-TRANSPORTAR-MUNICION-CAMUFLADA-EN-TULAS-80x60.jpeg 80w, https:\/\/www.fiscalia.gov.co\/colombia\/wp-content\/uploads\/FISCALIA-JUDICIALIZA-A-UN-HOMBRE-POR-PRESUNTAMENTE-TRANSPORTAR-MUNICION-CAMUFLADA-EN-TULAS-696x524.jpeg 696w, https:\/\/www.fiscalia.gov.co\/colombia\/wp-content\/uploads\/FISCALIA-JUDICIALIZA-A-UN-HOMBRE-POR-PRESUNTAMENTE-TRANSPORTAR-MUNICION-CAMUFLADA-EN-TULAS-1068x805.jpeg 1068w, https:\/\/www.fiscalia.gov.co\/colombia\/wp-content\/uploads\/FISCALIA-JUDICIALIZA-A-UN-HOMBRE-POR-PRESUNTAMENTE-TRANSPORTAR-MUNICION-CAMUFLADA-EN-TULAS.jpeg 1524w\" sizes=\"auto, (max-width: 357px) 100vw, 357px\" \/><figcaption id=\"caption-attachment-300658\" class=\"wp-caption-text\">La munici\u00f3n ser\u00eda destinada a la comisi\u00f3n de delitos a cargo de grupos al margen de la ley que delinquen en el suroccidente del Putumayo.<\/figcaption><\/figure>\n<p style=\"font-weight: 400;\">Este hombre, al parecer, <strong>transportaba en dos tulas cajas con aproximadamente 3.000 cartuchos calibre 16 para escopeta de fabricaci\u00f3n espa\u00f1ola<\/strong>. La munici\u00f3n ser\u00eda destinada a la comisi\u00f3n de delitos a cargo de grupos al margen de la ley que delinquen en el suroccidente del Putumayo.<\/p>\n<figure id=\"attachment_300659\" aria-describedby=\"caption-attachment-300659\" style=\"width: 387px\" class=\"wp-caption aligncenter\"><img loading=\"lazy\" decoding=\"async\" class=\" wp-image-300659\" src=\"https:\/\/www.fiscalia.gov.co\/colombia\/wp-content\/uploads\/Municion-transportada-en-tulas-300x168.jpeg\" alt=\"En la im\u00e1gen se observa a los polic\u00edas cuando hacen la revisi\u00f3n de las tulas y se encuentran con las cajas que en su interior tienen las municiones.\" width=\"387\" height=\"217\" srcset=\"https:\/\/www.fiscalia.gov.co\/colombia\/wp-content\/uploads\/Municion-transportada-en-tulas-300x168.jpeg 300w, https:\/\/www.fiscalia.gov.co\/colombia\/wp-content\/uploads\/Municion-transportada-en-tulas-1024x573.jpeg 1024w, https:\/\/www.fiscalia.gov.co\/colombia\/wp-content\/uploads\/Municion-transportada-en-tulas-768x430.jpeg 768w, https:\/\/www.fiscalia.gov.co\/colombia\/wp-content\/uploads\/Municion-transportada-en-tulas-1536x859.jpeg 1536w, https:\/\/www.fiscalia.gov.co\/colombia\/wp-content\/uploads\/Municion-transportada-en-tulas-751x420.jpeg 751w, https:\/\/www.fiscalia.gov.co\/colombia\/wp-content\/uploads\/Municion-transportada-en-tulas-696x389.jpeg 696w, https:\/\/www.fiscalia.gov.co\/colombia\/wp-content\/uploads\/Municion-transportada-en-tulas-1068x597.jpeg 1068w, https:\/\/www.fiscalia.gov.co\/colombia\/wp-content\/uploads\/Municion-transportada-en-tulas.jpeg 1600w\" sizes=\"auto, (max-width: 387px) 100vw, 387px\" \/><figcaption id=\"caption-attachment-300659\" class=\"wp-caption-text\">Este hombre, al parecer, transportaba en dos tulas cajas con aproximadamente 3.000 cartuchos calibre 16 para escopeta de fabricaci\u00f3n espa\u00f1ola<\/figcaption><\/figure>\n<p style=\"font-weight: 400;\">Meneses Cabrera fue capturado en flagrancia por la Polic\u00eda Nacional durante procedimientos de registro y control que se adelantaban en la v\u00eda que comunica a Mocoa con distintos municipios del medio y bajo Putumayo. <strong>El investigado no acept\u00f3 los cargos en su contra.<\/strong><\/p>\n<p style=\"font-weight: 400;\">\n<p style=\"font-weight: 400;\">WAGG\/LMFO\/MAGA\/LAC\/AR\/DSP<\/p>\n<p>&nbsp;<\/p>\n<p>&nbsp;<\/p>\n<p>&nbsp;<\/p>\n<p><em>La informaci\u00f3n contenida en este bolet\u00edn de prensa corresponde a la narraci\u00f3n de los hechos noticiosos objetivos, suministrados por los funcionarios encargados de adelantar las investigaciones penales al interior de la Fiscal\u00eda General de la Naci\u00f3n. Para el momento de la divulgaci\u00f3n de este comunicado, la situaci\u00f3n jur\u00eddica de la(s) persona(s) relacionada(s) se encuentra pendiente de resolver por la autoridad judicial competente, siempre bajo los preceptos de la presunci\u00f3n de inocencia, consagrados en el art\u00edculo 29 de la Constituci\u00f3n Pol\u00edtica y el art\u00edculo 7\u00ba de la Ley 906 de 2004.<\/em><\/p>\n\n<div class=\"twitter-share\"><a href=\"https:\/\/twitter.com\/intent\/tweet?via=fiscaliacol\" class=\"twitter-share-button\">Tweet<\/a><\/div>\n","protected":false},"excerpt":{"rendered":"<p>Por solicitud de la Fiscal\u00eda General de la Naci\u00f3n, un juez de control de garant\u00edas impuso medida de aseguramiento en el centro carcelario contra Jonier Meneses Cabrera, de 24 a\u00f1os, quien ser\u00eda el responsable del delito de fabricaci\u00f3n, tr\u00e1fico, porte o tenencia de armas de fuego, accesorios o municiones agravado. Este hombre, al parecer, transportaba [&hellip;]<\/p>\n","protected":false},"author":178,"featured_media":0,"comment_status":"closed","ping_status":"open","sticky":false,"template":"","format":"standard","meta":{"_price":"","_stock":"","_tribe_ticket_header":"","_tribe_default_ticket_provider":"","_tribe_ticket_capacity":"0","_ticket_start_date":"","_ticket_end_date":"","_tribe_ticket_show_description":"","_tribe_ticket_show_not_going":false,"_tribe_ticket_use_global_stock":"","_tribe_ticket_global_stock_level":"","_global_stock_mode":"","_global_stock_cap":"","_tribe_rsvp_for_event":"","_tribe_ticket_going_count":"","_tribe_ticket_not_going_count":"","_tribe_tickets_list":"[]","_tribe_ticket_has_attendee_info_fields":false,"tdm_status":"","tdm_grid_status":"","footnotes":""},"categories":[1,24099],"tags":[25146,8448,4345,4140,1047,14926,23889,31780,26200,14817,2279,35042,916],"class_list":{"0":"post-300657","1":"post","2":"type-post","3":"status-publish","4":"format-standard","6":"category-noticias","7":"category-seguridad-territorial","8":"tag-accesorios","9":"tag-agravado","10":"tag-delitos","11":"tag-fabricacion","12":"tag-fiscalia-general-de-la-nacion","13":"tag-grupos-armados","14":"tag-mocoa","15":"tag-mocoa-putumayo","16":"tag-partes-o-municiones","17":"tag-porte-o-tenencia-de-armas-de-fuego","18":"tag-putumayo","19":"tag-seccional-putumayo","20":"tag-trafico"},"yoast_head":"<!-- This site is optimized with the Yoast SEO plugin v24.3 - https:\/\/yoast.com\/wordpress\/plugins\/seo\/ -->\n<title>Fiscal\u00eda General de la Naci\u00f3n<\/title>\n<meta name=\"description\" content=\"P\u00e1gina oficial de la Fiscal\u00eda General de la Naci\u00f3n \u2013 Colombia. Garantizamos el acceso efectivo a la justicia, la verdad y la reparaci\u00f3n de las v\u00edctimas de los delitos.\" \/>\n<meta name=\"robots\" content=\"noindex, follow\" \/>\n<meta property=\"og:locale\" content=\"es_ES\" \/>\n<meta property=\"og:type\" content=\"article\" \/>\n<meta property=\"og:title\" content=\"Fiscal\u00eda General de la Naci\u00f3n\" \/>\n<meta property=\"og:description\" content=\"P\u00e1gina oficial de la Fiscal\u00eda General de la Naci\u00f3n \u2013 Colombia. Garantizamos el acceso efectivo a la justicia, la verdad y la reparaci\u00f3n de las v\u00edctimas de los delitos.\" \/>\n<meta property=\"og:url\" content=\"https:\/\/www.fiscalia.gov.co\/colombia\/noticias\/fiscalia-judicializa-a-un-hombre-por-presuntamente-transportar-municion-camuflada-en-tulas\/\" \/>\n<meta property=\"og:site_name\" content=\"Fiscal\u00eda General de la Naci\u00f3n\" \/>\n<meta property=\"article:publisher\" content=\"https:\/\/www.facebook.com\/FiscaliaCol\" \/>\n<meta property=\"article:published_time\" content=\"2024-08-27T15:00:32+00:00\" \/>\n<meta property=\"og:image\" content=\"https:\/\/www.fiscalia.gov.co\/colombia\/wp-content\/uploads\/FISCALIA-JUDICIALIZA-A-UN-HOMBRE-POR-PRESUNTAMENTE-TRANSPORTAR-MUNICION-CAMUFLADA-EN-TULAS-300x226.jpeg\" \/>\n<meta name=\"author\" content=\"Winnie Geraldine Rodr\u00edguez Navarrete\" \/>\n<meta name=\"twitter:card\" content=\"summary_large_image\" \/>\n<meta name=\"twitter:creator\" content=\"@FiscaliaCol\" \/>\n<meta name=\"twitter:site\" content=\"@FiscaliaCol\" \/>\n<meta name=\"twitter:label1\" content=\"Escrito por\" \/>\n\t<meta name=\"twitter:data1\" content=\"Winnie Geraldine Rodr\u00edguez Navarrete\" \/>\n\t<meta name=\"twitter:label2\" content=\"Tiempo de lectura\" \/>\n\t<meta name=\"twitter:data2\" content=\"2 minutos\" \/>\n<script type=\"application\/ld+json\" class=\"yoast-schema-graph\">{\"@context\":\"https:\/\/schema.org\",\"@graph\":[{\"@type\":\"Article\",\"@id\":\"https:\/\/www.fiscalia.gov.co\/colombia\/noticias\/fiscalia-judicializa-a-un-hombre-por-presuntamente-transportar-municion-camuflada-en-tulas\/#article\",\"isPartOf\":{\"@id\":\"https:\/\/www.fiscalia.gov.co\/colombia\/noticias\/fiscalia-judicializa-a-un-hombre-por-presuntamente-transportar-municion-camuflada-en-tulas\/\"},\"author\":{\"name\":\"Winnie Geraldine Rodr\u00edguez Navarrete\",\"@id\":\"https:\/\/www.fiscalia.gov.co\/colombia\/#\/schema\/person\/176195b99ebab0a52aafa15197e1bf80\"},\"headline\":\"Fiscal\u00eda judicializa a un hombre por presuntamente transportar munici\u00f3n camuflada en tulas\",\"datePublished\":\"2024-08-27T15:00:32+00:00\",\"dateModified\":\"2024-08-27T15:00:32+00:00\",\"mainEntityOfPage\":{\"@id\":\"https:\/\/www.fiscalia.gov.co\/colombia\/noticias\/fiscalia-judicializa-a-un-hombre-por-presuntamente-transportar-municion-camuflada-en-tulas\/\"},\"wordCount\":336,\"publisher\":{\"@id\":\"https:\/\/www.fiscalia.gov.co\/colombia\/#organization\"},\"image\":{\"@id\":\"https:\/\/www.fiscalia.gov.co\/colombia\/noticias\/fiscalia-judicializa-a-un-hombre-por-presuntamente-transportar-municion-camuflada-en-tulas\/#primaryimage\"},\"thumbnailUrl\":\"https:\/\/www.fiscalia.gov.co\/colombia\/wp-content\/uploads\/FISCALIA-JUDICIALIZA-A-UN-HOMBRE-POR-PRESUNTAMENTE-TRANSPORTAR-MUNICION-CAMUFLADA-EN-TULAS-300x226.jpeg\",\"keywords\":[\"accesorios\",\"Agravado\",\"Delitos\",\"Fabricaci\u00f3n\",\"Fiscal\u00eda General de la Naci\u00f3n\",\"Grupos armados\",\"Mocoa\",\"Mocoa (Putumayo)\",\"partes o municiones.\",\"porte o tenencia de armas de fuego\",\"Putumayo\",\"Seccional Putumayo\",\"Tr\u00e1fico\"],\"articleSection\":[\"Noticias\",\"Seguridad territorial\"],\"inLanguage\":\"es-CO\"},{\"@type\":\"WebPage\",\"@id\":\"https:\/\/www.fiscalia.gov.co\/colombia\/noticias\/fiscalia-judicializa-a-un-hombre-por-presuntamente-transportar-municion-camuflada-en-tulas\/\",\"url\":\"https:\/\/www.fiscalia.gov.co\/colombia\/noticias\/fiscalia-judicializa-a-un-hombre-por-presuntamente-transportar-municion-camuflada-en-tulas\/\",\"name\":\"Fiscal\u00eda General de la Naci\u00f3n\",\"isPartOf\":{\"@id\":\"https:\/\/www.fiscalia.gov.co\/colombia\/#website\"},\"primaryImageOfPage\":{\"@id\":\"https:\/\/www.fiscalia.gov.co\/colombia\/noticias\/fiscalia-judicializa-a-un-hombre-por-presuntamente-transportar-municion-camuflada-en-tulas\/#primaryimage\"},\"image\":{\"@id\":\"https:\/\/www.fiscalia.gov.co\/colombia\/noticias\/fiscalia-judicializa-a-un-hombre-por-presuntamente-transportar-municion-camuflada-en-tulas\/#primaryimage\"},\"thumbnailUrl\":\"https:\/\/www.fiscalia.gov.co\/colombia\/wp-content\/uploads\/FISCALIA-JUDICIALIZA-A-UN-HOMBRE-POR-PRESUNTAMENTE-TRANSPORTAR-MUNICION-CAMUFLADA-EN-TULAS-300x226.jpeg\",\"datePublished\":\"2024-08-27T15:00:32+00:00\",\"dateModified\":\"2024-08-27T15:00:32+00:00\",\"description\":\"P\u00e1gina oficial de la Fiscal\u00eda General de la Naci\u00f3n \u2013 Colombia. Garantizamos el acceso efectivo a la justicia, la verdad y la reparaci\u00f3n de las v\u00edctimas de los delitos.\",\"breadcrumb\":{\"@id\":\"https:\/\/www.fiscalia.gov.co\/colombia\/noticias\/fiscalia-judicializa-a-un-hombre-por-presuntamente-transportar-municion-camuflada-en-tulas\/#breadcrumb\"},\"inLanguage\":\"es-CO\",\"potentialAction\":[{\"@type\":\"ReadAction\",\"target\":[\"https:\/\/www.fiscalia.gov.co\/colombia\/noticias\/fiscalia-judicializa-a-un-hombre-por-presuntamente-transportar-municion-camuflada-en-tulas\/\"]}]},{\"@type\":\"ImageObject\",\"inLanguage\":\"es-CO\",\"@id\":\"https:\/\/www.fiscalia.gov.co\/colombia\/noticias\/fiscalia-judicializa-a-un-hombre-por-presuntamente-transportar-municion-camuflada-en-tulas\/#primaryimage\",\"url\":\"https:\/\/www.fiscalia.gov.co\/colombia\/wp-content\/uploads\/FISCALIA-JUDICIALIZA-A-UN-HOMBRE-POR-PRESUNTAMENTE-TRANSPORTAR-MUNICION-CAMUFLADA-EN-TULAS.jpeg\",\"contentUrl\":\"https:\/\/www.fiscalia.gov.co\/colombia\/wp-content\/uploads\/FISCALIA-JUDICIALIZA-A-UN-HOMBRE-POR-PRESUNTAMENTE-TRANSPORTAR-MUNICION-CAMUFLADA-EN-TULAS.jpeg\",\"width\":1524,\"height\":1148,\"caption\":\"La munici\u00f3n ser\u00eda destinada a la comisi\u00f3n de delitos a cargo de grupos al margen de la ley que delinquen en el suroccidente del Putumayo.\"},{\"@type\":\"BreadcrumbList\",\"@id\":\"https:\/\/www.fiscalia.gov.co\/colombia\/noticias\/fiscalia-judicializa-a-un-hombre-por-presuntamente-transportar-municion-camuflada-en-tulas\/#breadcrumb\",\"itemListElement\":[{\"@type\":\"ListItem\",\"position\":1,\"name\":\"Home\",\"item\":\"https:\/\/www.fiscalia.gov.co\/colombia\/\"},{\"@type\":\"ListItem\",\"position\":2,\"name\":\"Fiscal\u00eda judicializa a un hombre por presuntamente transportar munici\u00f3n camuflada en tulas\"}]},{\"@type\":\"WebSite\",\"@id\":\"https:\/\/www.fiscalia.gov.co\/colombia\/#website\",\"url\":\"https:\/\/www.fiscalia.gov.co\/colombia\/\",\"name\":\"Fiscal\u00eda General de la Naci\u00f3n\",\"description\":\"P\u00e1gina oficial de la Fiscal\u00eda General de la Naci\u00f3n \u2013 Colombia. Garantizamos el acceso efectivo a la justicia, la verdad y la reparaci\u00f3n de las v\u00edctimas de los delitos.\",\"publisher\":{\"@id\":\"https:\/\/www.fiscalia.gov.co\/colombia\/#organization\"},\"potentialAction\":[{\"@type\":\"SearchAction\",\"target\":{\"@type\":\"EntryPoint\",\"urlTemplate\":\"https:\/\/www.fiscalia.gov.co\/colombia\/?s={search_term_string}\"},\"query-input\":{\"@type\":\"PropertyValueSpecification\",\"valueRequired\":true,\"valueName\":\"search_term_string\"}}],\"inLanguage\":\"es-CO\"},{\"@type\":\"Organization\",\"@id\":\"https:\/\/www.fiscalia.gov.co\/colombia\/#organization\",\"name\":\"Fiscal\u00eda General de la Naci\u00f3n\",\"url\":\"https:\/\/www.fiscalia.gov.co\/colombia\/\",\"logo\":{\"@type\":\"ImageObject\",\"inLanguage\":\"es-CO\",\"@id\":\"https:\/\/www.fiscalia.gov.co\/colombia\/#\/schema\/logo\/image\/\",\"url\":\"https:\/\/www.fiscalia.gov.co\/colombia\/wp-content\/uploads\/LogoHorizontal_1.jpg\",\"contentUrl\":\"https:\/\/www.fiscalia.gov.co\/colombia\/wp-content\/uploads\/LogoHorizontal_1.jpg\",\"width\":300,\"height\":90,\"caption\":\"Fiscal\u00eda General de la Naci\u00f3n\"},\"image\":{\"@id\":\"https:\/\/www.fiscalia.gov.co\/colombia\/#\/schema\/logo\/image\/\"},\"sameAs\":[\"https:\/\/www.facebook.com\/FiscaliaCol\",\"https:\/\/x.com\/FiscaliaCol\",\"https:\/\/www.instagram.com\/fiscaliacol\",\"https:\/\/www.linkedin.com\/company\/fiscalia-general-de-la-naci-n\/\",\"https:\/\/youtube.com\/@fiscaliageneraldelanacion-4668?si=6nN79nyQICPU5iTh\"]},{\"@type\":\"Person\",\"@id\":\"https:\/\/www.fiscalia.gov.co\/colombia\/#\/schema\/person\/176195b99ebab0a52aafa15197e1bf80\",\"name\":\"Winnie Geraldine Rodr\u00edguez Navarrete\",\"image\":{\"@type\":\"ImageObject\",\"inLanguage\":\"es-CO\",\"@id\":\"https:\/\/www.fiscalia.gov.co\/colombia\/#\/schema\/person\/image\/\",\"url\":\"https:\/\/secure.gravatar.com\/avatar\/c24cf8481dc84fa5e8c7b20bc95ab0c6?s=96&d=mm&r=g\",\"contentUrl\":\"https:\/\/secure.gravatar.com\/avatar\/c24cf8481dc84fa5e8c7b20bc95ab0c6?s=96&d=mm&r=g\",\"caption\":\"Winnie Geraldine Rodr\u00edguez Navarrete\"},\"url\":\"https:\/\/www.fiscalia.gov.co\/colombia\/author\/winnierodriguez\/\"}]}<\/script>\n<!-- \/ Yoast SEO plugin. -->","yoast_head_json":{"title":"Fiscal\u00eda General de la Naci\u00f3n","description":"P\u00e1gina oficial de la Fiscal\u00eda General de la Naci\u00f3n \u2013 Colombia. Garantizamos el acceso efectivo a la justicia, la verdad y la reparaci\u00f3n de las v\u00edctimas de los delitos.","robots":{"index":"noindex","follow":"follow"},"og_locale":"es_ES","og_type":"article","og_title":"Fiscal\u00eda General de la Naci\u00f3n","og_description":"P\u00e1gina oficial de la Fiscal\u00eda General de la Naci\u00f3n \u2013 Colombia. Garantizamos el acceso efectivo a la justicia, la verdad y la reparaci\u00f3n de las v\u00edctimas de los delitos.","og_url":"https:\/\/www.fiscalia.gov.co\/colombia\/noticias\/fiscalia-judicializa-a-un-hombre-por-presuntamente-transportar-municion-camuflada-en-tulas\/","og_site_name":"Fiscal\u00eda General de la Naci\u00f3n","article_publisher":"https:\/\/www.facebook.com\/FiscaliaCol","article_published_time":"2024-08-27T15:00:32+00:00","og_image":[{"url":"https:\/\/www.fiscalia.gov.co\/colombia\/wp-content\/uploads\/FISCALIA-JUDICIALIZA-A-UN-HOMBRE-POR-PRESUNTAMENTE-TRANSPORTAR-MUNICION-CAMUFLADA-EN-TULAS-300x226.jpeg","type":"","width":"","height":""}],"author":"Winnie Geraldine Rodr\u00edguez Navarrete","twitter_card":"summary_large_image","twitter_creator":"@FiscaliaCol","twitter_site":"@FiscaliaCol","twitter_misc":{"Escrito por":"Winnie Geraldine Rodr\u00edguez Navarrete","Tiempo de lectura":"2 minutos"},"schema":{"@context":"https:\/\/schema.org","@graph":[{"@type":"Article","@id":"https:\/\/www.fiscalia.gov.co\/colombia\/noticias\/fiscalia-judicializa-a-un-hombre-por-presuntamente-transportar-municion-camuflada-en-tulas\/#article","isPartOf":{"@id":"https:\/\/www.fiscalia.gov.co\/colombia\/noticias\/fiscalia-judicializa-a-un-hombre-por-presuntamente-transportar-municion-camuflada-en-tulas\/"},"author":{"name":"Winnie Geraldine Rodr\u00edguez Navarrete","@id":"https:\/\/www.fiscalia.gov.co\/colombia\/#\/schema\/person\/176195b99ebab0a52aafa15197e1bf80"},"headline":"Fiscal\u00eda judicializa a un hombre por presuntamente transportar munici\u00f3n camuflada en tulas","datePublished":"2024-08-27T15:00:32+00:00","dateModified":"2024-08-27T15:00:32+00:00","mainEntityOfPage":{"@id":"https:\/\/www.fiscalia.gov.co\/colombia\/noticias\/fiscalia-judicializa-a-un-hombre-por-presuntamente-transportar-municion-camuflada-en-tulas\/"},"wordCount":336,"publisher":{"@id":"https:\/\/www.fiscalia.gov.co\/colombia\/#organization"},"image":{"@id":"https:\/\/www.fiscalia.gov.co\/colombia\/noticias\/fiscalia-judicializa-a-un-hombre-por-presuntamente-transportar-municion-camuflada-en-tulas\/#primaryimage"},"thumbnailUrl":"https:\/\/www.fiscalia.gov.co\/colombia\/wp-content\/uploads\/FISCALIA-JUDICIALIZA-A-UN-HOMBRE-POR-PRESUNTAMENTE-TRANSPORTAR-MUNICION-CAMUFLADA-EN-TULAS-300x226.jpeg","keywords":["accesorios","Agravado","Delitos","Fabricaci\u00f3n","Fiscal\u00eda General de la Naci\u00f3n","Grupos armados","Mocoa","Mocoa (Putumayo)","partes o municiones.","porte o tenencia de armas de fuego","Putumayo","Seccional Putumayo","Tr\u00e1fico"],"articleSection":["Noticias","Seguridad territorial"],"inLanguage":"es-CO"},{"@type":"WebPage","@id":"https:\/\/www.fiscalia.gov.co\/colombia\/noticias\/fiscalia-judicializa-a-un-hombre-por-presuntamente-transportar-municion-camuflada-en-tulas\/","url":"https:\/\/www.fiscalia.gov.co\/colombia\/noticias\/fiscalia-judicializa-a-un-hombre-por-presuntamente-transportar-municion-camuflada-en-tulas\/","name":"Fiscal\u00eda General de la Naci\u00f3n","isPartOf":{"@id":"https:\/\/www.fiscalia.gov.co\/colombia\/#website"},"primaryImageOfPage":{"@id":"https:\/\/www.fiscalia.gov.co\/colombia\/noticias\/fiscalia-judicializa-a-un-hombre-por-presuntamente-transportar-municion-camuflada-en-tulas\/#primaryimage"},"image":{"@id":"https:\/\/www.fiscalia.gov.co\/colombia\/noticias\/fiscalia-judicializa-a-un-hombre-por-presuntamente-transportar-municion-camuflada-en-tulas\/#primaryimage"},"thumbnailUrl":"https:\/\/www.fiscalia.gov.co\/colombia\/wp-content\/uploads\/FISCALIA-JUDICIALIZA-A-UN-HOMBRE-POR-PRESUNTAMENTE-TRANSPORTAR-MUNICION-CAMUFLADA-EN-TULAS-300x226.jpeg","datePublished":"2024-08-27T15:00:32+00:00","dateModified":"2024-08-27T15:00:32+00:00","description":"P\u00e1gina oficial de la Fiscal\u00eda General de la Naci\u00f3n \u2013 Colombia. Garantizamos el acceso efectivo a la justicia, la verdad y la reparaci\u00f3n de las v\u00edctimas de los delitos.","breadcrumb":{"@id":"https:\/\/www.fiscalia.gov.co\/colombia\/noticias\/fiscalia-judicializa-a-un-hombre-por-presuntamente-transportar-municion-camuflada-en-tulas\/#breadcrumb"},"inLanguage":"es-CO","potentialAction":[{"@type":"ReadAction","target":["https:\/\/www.fiscalia.gov.co\/colombia\/noticias\/fiscalia-judicializa-a-un-hombre-por-presuntamente-transportar-municion-camuflada-en-tulas\/"]}]},{"@type":"ImageObject","inLanguage":"es-CO","@id":"https:\/\/www.fiscalia.gov.co\/colombia\/noticias\/fiscalia-judicializa-a-un-hombre-por-presuntamente-transportar-municion-camuflada-en-tulas\/#primaryimage","url":"https:\/\/www.fiscalia.gov.co\/colombia\/wp-content\/uploads\/FISCALIA-JUDICIALIZA-A-UN-HOMBRE-POR-PRESUNTAMENTE-TRANSPORTAR-MUNICION-CAMUFLADA-EN-TULAS.jpeg","contentUrl":"https:\/\/www.fiscalia.gov.co\/colombia\/wp-content\/uploads\/FISCALIA-JUDICIALIZA-A-UN-HOMBRE-POR-PRESUNTAMENTE-TRANSPORTAR-MUNICION-CAMUFLADA-EN-TULAS.jpeg","width":1524,"height":1148,"caption":"La munici\u00f3n ser\u00eda destinada a la comisi\u00f3n de delitos a cargo de grupos al margen de la ley que delinquen en el suroccidente del Putumayo."},{"@type":"BreadcrumbList","@id":"https:\/\/www.fiscalia.gov.co\/colombia\/noticias\/fiscalia-judicializa-a-un-hombre-por-presuntamente-transportar-municion-camuflada-en-tulas\/#breadcrumb","itemListElement":[{"@type":"ListItem","position":1,"name":"Home","item":"https:\/\/www.fiscalia.gov.co\/colombia\/"},{"@type":"ListItem","position":2,"name":"Fiscal\u00eda judicializa a un hombre por presuntamente transportar munici\u00f3n camuflada en tulas"}]},{"@type":"WebSite","@id":"https:\/\/www.fiscalia.gov.co\/colombia\/#website","url":"https:\/\/www.fiscalia.gov.co\/colombia\/","name":"Fiscal\u00eda General de la Naci\u00f3n","description":"P\u00e1gina oficial de la Fiscal\u00eda General de la Naci\u00f3n \u2013 Colombia. Garantizamos el acceso efectivo a la justicia, la verdad y la reparaci\u00f3n de las v\u00edctimas de los delitos.","publisher":{"@id":"https:\/\/www.fiscalia.gov.co\/colombia\/#organization"},"potentialAction":[{"@type":"SearchAction","target":{"@type":"EntryPoint","urlTemplate":"https:\/\/www.fiscalia.gov.co\/colombia\/?s={search_term_string}"},"query-input":{"@type":"PropertyValueSpecification","valueRequired":true,"valueName":"search_term_string"}}],"inLanguage":"es-CO"},{"@type":"Organization","@id":"https:\/\/www.fiscalia.gov.co\/colombia\/#organization","name":"Fiscal\u00eda General de la Naci\u00f3n","url":"https:\/\/www.fiscalia.gov.co\/colombia\/","logo":{"@type":"ImageObject","inLanguage":"es-CO","@id":"https:\/\/www.fiscalia.gov.co\/colombia\/#\/schema\/logo\/image\/","url":"https:\/\/www.fiscalia.gov.co\/colombia\/wp-content\/uploads\/LogoHorizontal_1.jpg","contentUrl":"https:\/\/www.fiscalia.gov.co\/colombia\/wp-content\/uploads\/LogoHorizontal_1.jpg","width":300,"height":90,"caption":"Fiscal\u00eda General de la Naci\u00f3n"},"image":{"@id":"https:\/\/www.fiscalia.gov.co\/colombia\/#\/schema\/logo\/image\/"},"sameAs":["https:\/\/www.facebook.com\/FiscaliaCol","https:\/\/x.com\/FiscaliaCol","https:\/\/www.instagram.com\/fiscaliacol","https:\/\/www.linkedin.com\/company\/fiscalia-general-de-la-naci-n\/","https:\/\/youtube.com\/@fiscaliageneraldelanacion-4668?si=6nN79nyQICPU5iTh"]},{"@type":"Person","@id":"https:\/\/www.fiscalia.gov.co\/colombia\/#\/schema\/person\/176195b99ebab0a52aafa15197e1bf80","name":"Winnie Geraldine Rodr\u00edguez Navarrete","image":{"@type":"ImageObject","inLanguage":"es-CO","@id":"https:\/\/www.fiscalia.gov.co\/colombia\/#\/schema\/person\/image\/","url":"https:\/\/secure.gravatar.com\/avatar\/c24cf8481dc84fa5e8c7b20bc95ab0c6?s=96&d=mm&r=g","contentUrl":"https:\/\/secure.gravatar.com\/avatar\/c24cf8481dc84fa5e8c7b20bc95ab0c6?s=96&d=mm&r=g","caption":"Winnie Geraldine Rodr\u00edguez Navarrete"},"url":"https:\/\/www.fiscalia.gov.co\/colombia\/author\/winnierodriguez\/"}]}},"_links":{"self":[{"href":"https:\/\/www.fiscalia.gov.co\/colombia\/wp-json\/wp\/v2\/posts\/300657","targetHints":{"allow":["GET"]}}],"collection":[{"href":"https:\/\/www.fiscalia.gov.co\/colombia\/wp-json\/wp\/v2\/posts"}],"about":[{"href":"https:\/\/www.fiscalia.gov.co\/colombia\/wp-json\/wp\/v2\/types\/post"}],"author":[{"embeddable":true,"href":"https:\/\/www.fiscalia.gov.co\/colombia\/wp-json\/wp\/v2\/users\/178"}],"replies":[{"embeddable":true,"href":"https:\/\/www.fiscalia.gov.co\/colombia\/wp-json\/wp\/v2\/comments?post=300657"}],"version-history":[{"count":1,"href":"https:\/\/www.fiscalia.gov.co\/colombia\/wp-json\/wp\/v2\/posts\/300657\/revisions"}],"predecessor-version":[{"id":300660,"href":"https:\/\/www.fiscalia.gov.co\/colombia\/wp-json\/wp\/v2\/posts\/300657\/revisions\/300660"}],"wp:attachment":[{"href":"https:\/\/www.fiscalia.gov.co\/colombia\/wp-json\/wp\/v2\/media?parent=300657"}],"wp:term":[{"taxonomy":"category","embeddable":true,"href":"https:\/\/www.fiscalia.gov.co\/colombia\/wp-json\/wp\/v2\/categories?post=300657"},{"taxonomy":"post_tag","embeddable":true,"href":"https:\/\/www.fiscalia.gov.co\/colombia\/wp-json\/wp\/v2\/tags?post=300657"}],"curies":[{"name":"wp","href":"https:\/\/api.w.org\/{rel}","templated":true}]}}