{"id":300625,"date":"2024-08-26T14:54:53","date_gmt":"2024-08-26T19:54:53","guid":{"rendered":"https:\/\/www.fiscalia.gov.co\/colombia\/?p=300625"},"modified":"2024-08-26T14:54:53","modified_gmt":"2024-08-26T19:54:53","slug":"nueve-personas-fueron-judicializadas-por-presunto-dano-al-medio-ambiente-en-caqueta","status":"publish","type":"post","link":"https:\/\/www.fiscalia.gov.co\/colombia\/noticias\/nueve-personas-fueron-judicializadas-por-presunto-dano-al-medio-ambiente-en-caqueta\/","title":{"rendered":"Nueve personas fueron judicializadas por presunto da\u00f1o al medio ambiente en Caquet\u00e1"},"content":{"rendered":"<p style=\"font-weight: 400;\">Ante un juez con funci\u00f3n de control de garant\u00edas de Caquet\u00e1, una fiscal especializada imput\u00f3 a nueve personas por los delitos de <strong>aprovechamiento il\u00edcito de los recursos naturales renovables,<\/strong> invasi\u00f3n de \u00e1reas de especial importancia ecol\u00f3gica, da\u00f1os en los recursos naturales y ecocidio; cargos que ninguno acept\u00f3 haber cometido.<\/p>\n<p style=\"font-weight: 400;\">Los procesados fueron detenidos durante cuatro diligencias de registro y allanamiento adelantadas por personal del\u00a0CTI y la\u00a0Polic\u00eda Nacional en diferentes puntos de Florencia.<\/p>\n<p><em><strong>Le puede interesar:<\/strong><\/em> <a href=\"https:\/\/www.fiscalia.gov.co\/colombia\/noticias\/capturado-en-el-huila-hombre-requerido-para-cumplir-condena-por-delitos-ambientales-ocurridos-en-caqueta\/\">Capturado en el Huila hombre requerido para cumplir condena por delitos ambientales ocurridos en Caquet\u00e1<\/a><\/p>\n<p style=\"font-weight: 400;\">La Fiscal\u00eda cuenta con elementos materiales probatorios para inferir que los procesados, desde 2020 y hasta 2023, habr\u00edan talado bosques, realizado quemas e invadido terrenos\u00a0de propiedad de particulares.<\/p>\n<figure id=\"attachment_300626\" aria-describedby=\"caption-attachment-300626\" style=\"width: 418px\" class=\"wp-caption aligncenter\"><img loading=\"lazy\" decoding=\"async\" class=\" wp-image-300626\" src=\"https:\/\/www.fiscalia.gov.co\/colombia\/wp-content\/uploads\/delitos-ambientales-caqueta-florencia-rio-hacha-300x204.jpeg\" alt=\" en la imagen se ven varias personas detenidas bajo custodia de la Polic\u00eda Nacional. Detr\u00e1s suyo un backing institucional. \" width=\"418\" height=\"284\" srcset=\"https:\/\/www.fiscalia.gov.co\/colombia\/wp-content\/uploads\/delitos-ambientales-caqueta-florencia-rio-hacha-300x204.jpeg 300w, https:\/\/www.fiscalia.gov.co\/colombia\/wp-content\/uploads\/delitos-ambientales-caqueta-florencia-rio-hacha-1024x695.jpeg 1024w, https:\/\/www.fiscalia.gov.co\/colombia\/wp-content\/uploads\/delitos-ambientales-caqueta-florencia-rio-hacha-768x521.jpeg 768w, https:\/\/www.fiscalia.gov.co\/colombia\/wp-content\/uploads\/delitos-ambientales-caqueta-florencia-rio-hacha-619x420.jpeg 619w, https:\/\/www.fiscalia.gov.co\/colombia\/wp-content\/uploads\/delitos-ambientales-caqueta-florencia-rio-hacha-696x473.jpeg 696w, https:\/\/www.fiscalia.gov.co\/colombia\/wp-content\/uploads\/delitos-ambientales-caqueta-florencia-rio-hacha-1068x725.jpeg 1068w, https:\/\/www.fiscalia.gov.co\/colombia\/wp-content\/uploads\/delitos-ambientales-caqueta-florencia-rio-hacha.jpeg 1324w\" sizes=\"auto, (max-width: 418px) 100vw, 418px\" \/><figcaption id=\"caption-attachment-300626\" class=\"wp-caption-text\">Todos fueron detenidos en cumplimiento a \u00f3rdenes judiciales que pesaban en su contra en cuatro diligencias de registro y allanamiento.<\/figcaption><\/figure>\n<p style=\"font-weight: 400;\">Las tierras estar\u00edan ubicadas en la vereda Caldas de Florencia y estar\u00edan aleda\u00f1as a la cuenca h\u00eddrica del Hacha, aprovech\u00e1ndose as\u00ed de los recursos naturales del lugar y afectando \u00e1reas que tienen especial protecci\u00f3n. Al parecer,<strong> de all\u00ed habr\u00edan extra\u00eddo carb\u00f3n vegetal para comercializarlo,<\/strong> ocasionando con ello una grave afectaci\u00f3n a esta reserva forestal, por el da\u00f1o ocasionado a la fauna, flora y fuentes h\u00eddricas.<\/p>\n<p style=\"font-weight: 400;\">Las personas investigadas son Armando Mart\u00ednez Leguizam\u00f3n, Mar\u00eda del Rocio Ib\u00e1\u00f1ez Morales, El\u00edas Cano Capera, Sebasti\u00e1n Buitr\u00f3n Delgado, Duverney Rojas Calder\u00f3n, Albeiro Valenzuela Soto, Miguel \u00c1ngel Salguero Mart\u00ednez, Abraham Hoyos Cardona y Nidia Estella Calder\u00f3n.<\/p>\n<p style=\"font-weight: 400;\">Los vinculados a esta investigaci\u00f3n deber\u00e1n seguir compareciendo al proceso en libertad.<\/p>\n<p style=\"font-weight: 400;\">\n<p style=\"font-weight: 400;\">PAAM\/LMFO\/MAGA\/LABB\/DSC<\/p>\n<p>&nbsp;<\/p>\n<p>&nbsp;<\/p>\n<p>&nbsp;<\/p>\n<p><em>La informaci\u00f3n contenida en este bolet\u00edn de prensa corresponde a la narraci\u00f3n de los hechos noticiosos objetivos, suministrados por los funcionarios encargados de adelantar las investigaciones penales al interior de la Fiscal\u00eda General de la Naci\u00f3n. Para el momento de la divulgaci\u00f3n de este comunicado, la situaci\u00f3n jur\u00eddica de la(s) persona(s) relacionada(s) se encuentra pendiente de resolver por la autoridad judicial competente, siempre bajo los preceptos de la presunci\u00f3n de inocencia, consagrados en el art\u00edculo 29 de la Constituci\u00f3n Pol\u00edtica y el art\u00edculo 7\u00ba de la Ley 906 de 2004.<\/em><\/p>\n\n<div class=\"twitter-share\"><a href=\"https:\/\/twitter.com\/intent\/tweet?via=fiscaliacol\" class=\"twitter-share-button\">Tweet<\/a><\/div>\n","protected":false},"excerpt":{"rendered":"<p>Ante un juez con funci\u00f3n de control de garant\u00edas de Caquet\u00e1, una fiscal especializada imput\u00f3 a nueve personas por los delitos de aprovechamiento il\u00edcito de los recursos naturales renovables, invasi\u00f3n [&hellip;]<\/p>\n","protected":false},"author":178,"featured_media":0,"comment_status":"closed","ping_status":"open","sticky":false,"template":"","format":"standard","meta":{"tdm_status":"","tdm_grid_status":"","footnotes":""},"categories":[24124,1],"tags":[38460,38462,38464,37666,416,29899,25268,1047,23822,24022,13858,38461,1148,35345,24379,38463],"class_list":["post-300625","post","type-post","status-publish","format-standard","category-dano-al-medio-ambiente","category-noticias","tag-aprovechamiento-ilicito-de-los-recursos-naturales-renovables","tag-areas-de-especial-proteccion","tag-carbon-mineral","tag-danos-en-los-recursos-naturales","tag-delitos-contra-el-medio-ambiente","tag-ecocidio","tag-fiscal-especializado","tag-fiscalia-general-de-la-nacion","tag-florencia","tag-florencia-caqueta","tag-imputacion","tag-invasion-de-areas-de-especial-importancia-ecologica","tag-recursos-naturales","tag-rio-hacha","tag-seccional-caqueta","tag-vegetacion"],"yoast_head":"<!-- This site is optimized with the Yoast SEO plugin v24.3 - https:\/\/yoast.com\/wordpress\/plugins\/seo\/ -->\n<title>Fiscal\u00eda General de la Naci\u00f3n<\/title>\n<meta name=\"description\" content=\"P\u00e1gina oficial de la Fiscal\u00eda General de la Naci\u00f3n \u2013 Colombia. Garantizamos el acceso efectivo a la justicia, la verdad y la reparaci\u00f3n de las v\u00edctimas de los delitos.\" \/>\n<meta name=\"robots\" content=\"noindex, follow\" \/>\n<meta property=\"og:locale\" content=\"es_ES\" \/>\n<meta property=\"og:type\" content=\"article\" \/>\n<meta property=\"og:title\" content=\"Fiscal\u00eda General de la Naci\u00f3n\" \/>\n<meta property=\"og:description\" content=\"P\u00e1gina oficial de la Fiscal\u00eda General de la Naci\u00f3n \u2013 Colombia. Garantizamos el acceso efectivo a la justicia, la verdad y la reparaci\u00f3n de las v\u00edctimas de los delitos.\" \/>\n<meta property=\"og:url\" content=\"https:\/\/www.fiscalia.gov.co\/colombia\/noticias\/nueve-personas-fueron-judicializadas-por-presunto-dano-al-medio-ambiente-en-caqueta\/\" \/>\n<meta property=\"og:site_name\" content=\"Fiscal\u00eda General de la Naci\u00f3n\" \/>\n<meta property=\"article:publisher\" content=\"https:\/\/www.facebook.com\/FiscaliaCol\" \/>\n<meta property=\"article:published_time\" content=\"2024-08-26T19:54:53+00:00\" \/>\n<meta property=\"og:image\" content=\"https:\/\/www.fiscalia.gov.co\/colombia\/wp-content\/uploads\/delitos-ambientales-caqueta-florencia-rio-hacha-300x204.jpeg\" \/>\n<meta name=\"author\" content=\"Winnie Geraldine Rodr\u00edguez Navarrete\" \/>\n<meta name=\"twitter:card\" content=\"summary_large_image\" \/>\n<meta name=\"twitter:creator\" content=\"@FiscaliaCol\" \/>\n<meta name=\"twitter:site\" content=\"@FiscaliaCol\" \/>\n<meta name=\"twitter:label1\" content=\"Escrito por\" \/>\n\t<meta name=\"twitter:data1\" content=\"Winnie Geraldine Rodr\u00edguez Navarrete\" \/>\n\t<meta name=\"twitter:label2\" content=\"Tiempo de lectura\" \/>\n\t<meta name=\"twitter:data2\" content=\"2 minutos\" \/>\n<script type=\"application\/ld+json\" class=\"yoast-schema-graph\">{\"@context\":\"https:\/\/schema.org\",\"@graph\":[{\"@type\":\"Article\",\"@id\":\"https:\/\/www.fiscalia.gov.co\/colombia\/noticias\/nueve-personas-fueron-judicializadas-por-presunto-dano-al-medio-ambiente-en-caqueta\/#article\",\"isPartOf\":{\"@id\":\"https:\/\/www.fiscalia.gov.co\/colombia\/noticias\/nueve-personas-fueron-judicializadas-por-presunto-dano-al-medio-ambiente-en-caqueta\/\"},\"author\":{\"name\":\"Winnie Geraldine Rodr\u00edguez Navarrete\",\"@id\":\"https:\/\/www.fiscalia.gov.co\/colombia\/#\/schema\/person\/176195b99ebab0a52aafa15197e1bf80\"},\"headline\":\"Nueve personas fueron judicializadas por presunto da\u00f1o al medio ambiente en Caquet\u00e1\",\"datePublished\":\"2024-08-26T19:54:53+00:00\",\"dateModified\":\"2024-08-26T19:54:53+00:00\",\"mainEntityOfPage\":{\"@id\":\"https:\/\/www.fiscalia.gov.co\/colombia\/noticias\/nueve-personas-fueron-judicializadas-por-presunto-dano-al-medio-ambiente-en-caqueta\/\"},\"wordCount\":414,\"publisher\":{\"@id\":\"https:\/\/www.fiscalia.gov.co\/colombia\/#organization\"},\"image\":{\"@id\":\"https:\/\/www.fiscalia.gov.co\/colombia\/noticias\/nueve-personas-fueron-judicializadas-por-presunto-dano-al-medio-ambiente-en-caqueta\/#primaryimage\"},\"thumbnailUrl\":\"https:\/\/www.fiscalia.gov.co\/colombia\/wp-content\/uploads\/delitos-ambientales-caqueta-florencia-rio-hacha-300x204.jpeg\",\"keywords\":[\"aprovechamiento il\u00edcito de los recursos naturales renovables\",\"\u00e1reas de especial protecci\u00f3n\",\"carb\u00f3n mineral\",\"da\u00f1os en los recursos naturales\",\"Delitos contra el medio ambiente\",\"ecocidio\",\"fiscal especializado\",\"Fiscal\u00eda General de la Naci\u00f3n\",\"Florencia\",\"Florencia (Caquet\u00e1)\",\"Imputaci\u00f3n\",\"invasi\u00f3n de \u00e1reas de especial importancia ecol\u00f3gica\",\"Recursos naturales\",\"rio hacha\",\"Seccional Caquet\u00e1.\",\"vegetaci\u00f3n\"],\"articleSection\":[\"Da\u00f1o al medio ambiente\",\"Noticias\"],\"inLanguage\":\"es-CO\"},{\"@type\":\"WebPage\",\"@id\":\"https:\/\/www.fiscalia.gov.co\/colombia\/noticias\/nueve-personas-fueron-judicializadas-por-presunto-dano-al-medio-ambiente-en-caqueta\/\",\"url\":\"https:\/\/www.fiscalia.gov.co\/colombia\/noticias\/nueve-personas-fueron-judicializadas-por-presunto-dano-al-medio-ambiente-en-caqueta\/\",\"name\":\"Fiscal\u00eda General de la Naci\u00f3n\",\"isPartOf\":{\"@id\":\"https:\/\/www.fiscalia.gov.co\/colombia\/#website\"},\"primaryImageOfPage\":{\"@id\":\"https:\/\/www.fiscalia.gov.co\/colombia\/noticias\/nueve-personas-fueron-judicializadas-por-presunto-dano-al-medio-ambiente-en-caqueta\/#primaryimage\"},\"image\":{\"@id\":\"https:\/\/www.fiscalia.gov.co\/colombia\/noticias\/nueve-personas-fueron-judicializadas-por-presunto-dano-al-medio-ambiente-en-caqueta\/#primaryimage\"},\"thumbnailUrl\":\"https:\/\/www.fiscalia.gov.co\/colombia\/wp-content\/uploads\/delitos-ambientales-caqueta-florencia-rio-hacha-300x204.jpeg\",\"datePublished\":\"2024-08-26T19:54:53+00:00\",\"dateModified\":\"2024-08-26T19:54:53+00:00\",\"description\":\"P\u00e1gina oficial de la Fiscal\u00eda General de la Naci\u00f3n \u2013 Colombia. Garantizamos el acceso efectivo a la justicia, la verdad y la reparaci\u00f3n de las v\u00edctimas de los delitos.\",\"breadcrumb\":{\"@id\":\"https:\/\/www.fiscalia.gov.co\/colombia\/noticias\/nueve-personas-fueron-judicializadas-por-presunto-dano-al-medio-ambiente-en-caqueta\/#breadcrumb\"},\"inLanguage\":\"es-CO\",\"potentialAction\":[{\"@type\":\"ReadAction\",\"target\":[\"https:\/\/www.fiscalia.gov.co\/colombia\/noticias\/nueve-personas-fueron-judicializadas-por-presunto-dano-al-medio-ambiente-en-caqueta\/\"]}]},{\"@type\":\"ImageObject\",\"inLanguage\":\"es-CO\",\"@id\":\"https:\/\/www.fiscalia.gov.co\/colombia\/noticias\/nueve-personas-fueron-judicializadas-por-presunto-dano-al-medio-ambiente-en-caqueta\/#primaryimage\",\"url\":\"https:\/\/www.fiscalia.gov.co\/colombia\/wp-content\/uploads\/delitos-ambientales-caqueta-florencia-rio-hacha.jpeg\",\"contentUrl\":\"https:\/\/www.fiscalia.gov.co\/colombia\/wp-content\/uploads\/delitos-ambientales-caqueta-florencia-rio-hacha.jpeg\",\"width\":1324,\"height\":899,\"caption\":\"Todos fueron detenidos en cumplimiento a \u00f3rdenes judiciales que pesaban en su contra en cuatro diligencias de registro y allanamiento.\"},{\"@type\":\"BreadcrumbList\",\"@id\":\"https:\/\/www.fiscalia.gov.co\/colombia\/noticias\/nueve-personas-fueron-judicializadas-por-presunto-dano-al-medio-ambiente-en-caqueta\/#breadcrumb\",\"itemListElement\":[{\"@type\":\"ListItem\",\"position\":1,\"name\":\"Home\",\"item\":\"https:\/\/www.fiscalia.gov.co\/colombia\/\"},{\"@type\":\"ListItem\",\"position\":2,\"name\":\"Nueve personas fueron judicializadas por presunto da\u00f1o al medio ambiente en Caquet\u00e1\"}]},{\"@type\":\"WebSite\",\"@id\":\"https:\/\/www.fiscalia.gov.co\/colombia\/#website\",\"url\":\"https:\/\/www.fiscalia.gov.co\/colombia\/\",\"name\":\"Fiscal\u00eda General de la Naci\u00f3n\",\"description\":\"P\u00e1gina oficial de la Fiscal\u00eda General de la Naci\u00f3n \u2013 Colombia. Garantizamos el acceso efectivo a la justicia, la verdad y la reparaci\u00f3n de las v\u00edctimas de los delitos.\",\"publisher\":{\"@id\":\"https:\/\/www.fiscalia.gov.co\/colombia\/#organization\"},\"potentialAction\":[{\"@type\":\"SearchAction\",\"target\":{\"@type\":\"EntryPoint\",\"urlTemplate\":\"https:\/\/www.fiscalia.gov.co\/colombia\/?s={search_term_string}\"},\"query-input\":{\"@type\":\"PropertyValueSpecification\",\"valueRequired\":true,\"valueName\":\"search_term_string\"}}],\"inLanguage\":\"es-CO\"},{\"@type\":\"Organization\",\"@id\":\"https:\/\/www.fiscalia.gov.co\/colombia\/#organization\",\"name\":\"Fiscal\u00eda General de la Naci\u00f3n\",\"url\":\"https:\/\/www.fiscalia.gov.co\/colombia\/\",\"logo\":{\"@type\":\"ImageObject\",\"inLanguage\":\"es-CO\",\"@id\":\"https:\/\/www.fiscalia.gov.co\/colombia\/#\/schema\/logo\/image\/\",\"url\":\"https:\/\/www.fiscalia.gov.co\/colombia\/wp-content\/uploads\/LogoHorizontal_1.jpg\",\"contentUrl\":\"https:\/\/www.fiscalia.gov.co\/colombia\/wp-content\/uploads\/LogoHorizontal_1.jpg\",\"width\":300,\"height\":90,\"caption\":\"Fiscal\u00eda General de la Naci\u00f3n\"},\"image\":{\"@id\":\"https:\/\/www.fiscalia.gov.co\/colombia\/#\/schema\/logo\/image\/\"},\"sameAs\":[\"https:\/\/www.facebook.com\/FiscaliaCol\",\"https:\/\/x.com\/FiscaliaCol\",\"https:\/\/www.instagram.com\/fiscaliacol\",\"https:\/\/www.linkedin.com\/company\/fiscalia-general-de-la-naci-n\/\",\"https:\/\/youtube.com\/@fiscaliageneraldelanacion-4668?si=6nN79nyQICPU5iTh\"]},{\"@type\":\"Person\",\"@id\":\"https:\/\/www.fiscalia.gov.co\/colombia\/#\/schema\/person\/176195b99ebab0a52aafa15197e1bf80\",\"name\":\"Winnie Geraldine Rodr\u00edguez Navarrete\",\"image\":{\"@type\":\"ImageObject\",\"inLanguage\":\"es-CO\",\"@id\":\"https:\/\/www.fiscalia.gov.co\/colombia\/#\/schema\/person\/image\/\",\"url\":\"https:\/\/secure.gravatar.com\/avatar\/c24cf8481dc84fa5e8c7b20bc95ab0c6?s=96&d=mm&r=g\",\"contentUrl\":\"https:\/\/secure.gravatar.com\/avatar\/c24cf8481dc84fa5e8c7b20bc95ab0c6?s=96&d=mm&r=g\",\"caption\":\"Winnie Geraldine Rodr\u00edguez Navarrete\"},\"url\":\"https:\/\/www.fiscalia.gov.co\/colombia\/author\/winnierodriguez\/\"}]}<\/script>\n<!-- \/ Yoast SEO plugin. -->","yoast_head_json":{"title":"Fiscal\u00eda General de la Naci\u00f3n","description":"P\u00e1gina oficial de la Fiscal\u00eda General de la Naci\u00f3n \u2013 Colombia. Garantizamos el acceso efectivo a la justicia, la verdad y la reparaci\u00f3n de las v\u00edctimas de los delitos.","robots":{"index":"noindex","follow":"follow"},"og_locale":"es_ES","og_type":"article","og_title":"Fiscal\u00eda General de la Naci\u00f3n","og_description":"P\u00e1gina oficial de la Fiscal\u00eda General de la Naci\u00f3n \u2013 Colombia. Garantizamos el acceso efectivo a la justicia, la verdad y la reparaci\u00f3n de las v\u00edctimas de los delitos.","og_url":"https:\/\/www.fiscalia.gov.co\/colombia\/noticias\/nueve-personas-fueron-judicializadas-por-presunto-dano-al-medio-ambiente-en-caqueta\/","og_site_name":"Fiscal\u00eda General de la Naci\u00f3n","article_publisher":"https:\/\/www.facebook.com\/FiscaliaCol","article_published_time":"2024-08-26T19:54:53+00:00","og_image":[{"url":"https:\/\/www.fiscalia.gov.co\/colombia\/wp-content\/uploads\/delitos-ambientales-caqueta-florencia-rio-hacha-300x204.jpeg","type":"","width":"","height":""}],"author":"Winnie Geraldine Rodr\u00edguez Navarrete","twitter_card":"summary_large_image","twitter_creator":"@FiscaliaCol","twitter_site":"@FiscaliaCol","twitter_misc":{"Escrito por":"Winnie Geraldine Rodr\u00edguez Navarrete","Tiempo de lectura":"2 minutos"},"schema":{"@context":"https:\/\/schema.org","@graph":[{"@type":"Article","@id":"https:\/\/www.fiscalia.gov.co\/colombia\/noticias\/nueve-personas-fueron-judicializadas-por-presunto-dano-al-medio-ambiente-en-caqueta\/#article","isPartOf":{"@id":"https:\/\/www.fiscalia.gov.co\/colombia\/noticias\/nueve-personas-fueron-judicializadas-por-presunto-dano-al-medio-ambiente-en-caqueta\/"},"author":{"name":"Winnie Geraldine Rodr\u00edguez Navarrete","@id":"https:\/\/www.fiscalia.gov.co\/colombia\/#\/schema\/person\/176195b99ebab0a52aafa15197e1bf80"},"headline":"Nueve personas fueron judicializadas por presunto da\u00f1o al medio ambiente en Caquet\u00e1","datePublished":"2024-08-26T19:54:53+00:00","dateModified":"2024-08-26T19:54:53+00:00","mainEntityOfPage":{"@id":"https:\/\/www.fiscalia.gov.co\/colombia\/noticias\/nueve-personas-fueron-judicializadas-por-presunto-dano-al-medio-ambiente-en-caqueta\/"},"wordCount":414,"publisher":{"@id":"https:\/\/www.fiscalia.gov.co\/colombia\/#organization"},"image":{"@id":"https:\/\/www.fiscalia.gov.co\/colombia\/noticias\/nueve-personas-fueron-judicializadas-por-presunto-dano-al-medio-ambiente-en-caqueta\/#primaryimage"},"thumbnailUrl":"https:\/\/www.fiscalia.gov.co\/colombia\/wp-content\/uploads\/delitos-ambientales-caqueta-florencia-rio-hacha-300x204.jpeg","keywords":["aprovechamiento il\u00edcito de los recursos naturales renovables","\u00e1reas de especial protecci\u00f3n","carb\u00f3n mineral","da\u00f1os en los recursos naturales","Delitos contra el medio ambiente","ecocidio","fiscal especializado","Fiscal\u00eda General de la Naci\u00f3n","Florencia","Florencia (Caquet\u00e1)","Imputaci\u00f3n","invasi\u00f3n de \u00e1reas de especial importancia ecol\u00f3gica","Recursos naturales","rio hacha","Seccional Caquet\u00e1.","vegetaci\u00f3n"],"articleSection":["Da\u00f1o al medio ambiente","Noticias"],"inLanguage":"es-CO"},{"@type":"WebPage","@id":"https:\/\/www.fiscalia.gov.co\/colombia\/noticias\/nueve-personas-fueron-judicializadas-por-presunto-dano-al-medio-ambiente-en-caqueta\/","url":"https:\/\/www.fiscalia.gov.co\/colombia\/noticias\/nueve-personas-fueron-judicializadas-por-presunto-dano-al-medio-ambiente-en-caqueta\/","name":"Fiscal\u00eda General de la Naci\u00f3n","isPartOf":{"@id":"https:\/\/www.fiscalia.gov.co\/colombia\/#website"},"primaryImageOfPage":{"@id":"https:\/\/www.fiscalia.gov.co\/colombia\/noticias\/nueve-personas-fueron-judicializadas-por-presunto-dano-al-medio-ambiente-en-caqueta\/#primaryimage"},"image":{"@id":"https:\/\/www.fiscalia.gov.co\/colombia\/noticias\/nueve-personas-fueron-judicializadas-por-presunto-dano-al-medio-ambiente-en-caqueta\/#primaryimage"},"thumbnailUrl":"https:\/\/www.fiscalia.gov.co\/colombia\/wp-content\/uploads\/delitos-ambientales-caqueta-florencia-rio-hacha-300x204.jpeg","datePublished":"2024-08-26T19:54:53+00:00","dateModified":"2024-08-26T19:54:53+00:00","description":"P\u00e1gina oficial de la Fiscal\u00eda General de la Naci\u00f3n \u2013 Colombia. Garantizamos el acceso efectivo a la justicia, la verdad y la reparaci\u00f3n de las v\u00edctimas de los delitos.","breadcrumb":{"@id":"https:\/\/www.fiscalia.gov.co\/colombia\/noticias\/nueve-personas-fueron-judicializadas-por-presunto-dano-al-medio-ambiente-en-caqueta\/#breadcrumb"},"inLanguage":"es-CO","potentialAction":[{"@type":"ReadAction","target":["https:\/\/www.fiscalia.gov.co\/colombia\/noticias\/nueve-personas-fueron-judicializadas-por-presunto-dano-al-medio-ambiente-en-caqueta\/"]}]},{"@type":"ImageObject","inLanguage":"es-CO","@id":"https:\/\/www.fiscalia.gov.co\/colombia\/noticias\/nueve-personas-fueron-judicializadas-por-presunto-dano-al-medio-ambiente-en-caqueta\/#primaryimage","url":"https:\/\/www.fiscalia.gov.co\/colombia\/wp-content\/uploads\/delitos-ambientales-caqueta-florencia-rio-hacha.jpeg","contentUrl":"https:\/\/www.fiscalia.gov.co\/colombia\/wp-content\/uploads\/delitos-ambientales-caqueta-florencia-rio-hacha.jpeg","width":1324,"height":899,"caption":"Todos fueron detenidos en cumplimiento a \u00f3rdenes judiciales que pesaban en su contra en cuatro diligencias de registro y allanamiento."},{"@type":"BreadcrumbList","@id":"https:\/\/www.fiscalia.gov.co\/colombia\/noticias\/nueve-personas-fueron-judicializadas-por-presunto-dano-al-medio-ambiente-en-caqueta\/#breadcrumb","itemListElement":[{"@type":"ListItem","position":1,"name":"Home","item":"https:\/\/www.fiscalia.gov.co\/colombia\/"},{"@type":"ListItem","position":2,"name":"Nueve personas fueron judicializadas por presunto da\u00f1o al medio ambiente en Caquet\u00e1"}]},{"@type":"WebSite","@id":"https:\/\/www.fiscalia.gov.co\/colombia\/#website","url":"https:\/\/www.fiscalia.gov.co\/colombia\/","name":"Fiscal\u00eda General de la Naci\u00f3n","description":"P\u00e1gina oficial de la Fiscal\u00eda General de la Naci\u00f3n \u2013 Colombia. Garantizamos el acceso efectivo a la justicia, la verdad y la reparaci\u00f3n de las v\u00edctimas de los delitos.","publisher":{"@id":"https:\/\/www.fiscalia.gov.co\/colombia\/#organization"},"potentialAction":[{"@type":"SearchAction","target":{"@type":"EntryPoint","urlTemplate":"https:\/\/www.fiscalia.gov.co\/colombia\/?s={search_term_string}"},"query-input":{"@type":"PropertyValueSpecification","valueRequired":true,"valueName":"search_term_string"}}],"inLanguage":"es-CO"},{"@type":"Organization","@id":"https:\/\/www.fiscalia.gov.co\/colombia\/#organization","name":"Fiscal\u00eda General de la Naci\u00f3n","url":"https:\/\/www.fiscalia.gov.co\/colombia\/","logo":{"@type":"ImageObject","inLanguage":"es-CO","@id":"https:\/\/www.fiscalia.gov.co\/colombia\/#\/schema\/logo\/image\/","url":"https:\/\/www.fiscalia.gov.co\/colombia\/wp-content\/uploads\/LogoHorizontal_1.jpg","contentUrl":"https:\/\/www.fiscalia.gov.co\/colombia\/wp-content\/uploads\/LogoHorizontal_1.jpg","width":300,"height":90,"caption":"Fiscal\u00eda General de la Naci\u00f3n"},"image":{"@id":"https:\/\/www.fiscalia.gov.co\/colombia\/#\/schema\/logo\/image\/"},"sameAs":["https:\/\/www.facebook.com\/FiscaliaCol","https:\/\/x.com\/FiscaliaCol","https:\/\/www.instagram.com\/fiscaliacol","https:\/\/www.linkedin.com\/company\/fiscalia-general-de-la-naci-n\/","https:\/\/youtube.com\/@fiscaliageneraldelanacion-4668?si=6nN79nyQICPU5iTh"]},{"@type":"Person","@id":"https:\/\/www.fiscalia.gov.co\/colombia\/#\/schema\/person\/176195b99ebab0a52aafa15197e1bf80","name":"Winnie Geraldine Rodr\u00edguez Navarrete","image":{"@type":"ImageObject","inLanguage":"es-CO","@id":"https:\/\/www.fiscalia.gov.co\/colombia\/#\/schema\/person\/image\/","url":"https:\/\/secure.gravatar.com\/avatar\/c24cf8481dc84fa5e8c7b20bc95ab0c6?s=96&d=mm&r=g","contentUrl":"https:\/\/secure.gravatar.com\/avatar\/c24cf8481dc84fa5e8c7b20bc95ab0c6?s=96&d=mm&r=g","caption":"Winnie Geraldine Rodr\u00edguez Navarrete"},"url":"https:\/\/www.fiscalia.gov.co\/colombia\/author\/winnierodriguez\/"}]}},"_links":{"self":[{"href":"https:\/\/www.fiscalia.gov.co\/colombia\/wp-json\/wp\/v2\/posts\/300625","targetHints":{"allow":["GET"]}}],"collection":[{"href":"https:\/\/www.fiscalia.gov.co\/colombia\/wp-json\/wp\/v2\/posts"}],"about":[{"href":"https:\/\/www.fiscalia.gov.co\/colombia\/wp-json\/wp\/v2\/types\/post"}],"author":[{"embeddable":true,"href":"https:\/\/www.fiscalia.gov.co\/colombia\/wp-json\/wp\/v2\/users\/178"}],"replies":[{"embeddable":true,"href":"https:\/\/www.fiscalia.gov.co\/colombia\/wp-json\/wp\/v2\/comments?post=300625"}],"version-history":[{"count":1,"href":"https:\/\/www.fiscalia.gov.co\/colombia\/wp-json\/wp\/v2\/posts\/300625\/revisions"}],"predecessor-version":[{"id":300627,"href":"https:\/\/www.fiscalia.gov.co\/colombia\/wp-json\/wp\/v2\/posts\/300625\/revisions\/300627"}],"wp:attachment":[{"href":"https:\/\/www.fiscalia.gov.co\/colombia\/wp-json\/wp\/v2\/media?parent=300625"}],"wp:term":[{"taxonomy":"category","embeddable":true,"href":"https:\/\/www.fiscalia.gov.co\/colombia\/wp-json\/wp\/v2\/categories?post=300625"},{"taxonomy":"post_tag","embeddable":true,"href":"https:\/\/www.fiscalia.gov.co\/colombia\/wp-json\/wp\/v2\/tags?post=300625"}],"curies":[{"name":"wp","href":"https:\/\/api.w.org\/{rel}","templated":true}]}}