{"id":300564,"date":"2024-08-25T10:32:04","date_gmt":"2024-08-25T15:32:04","guid":{"rendered":"https:\/\/www.fiscalia.gov.co\/colombia\/?p=300564"},"modified":"2024-08-25T10:32:04","modified_gmt":"2024-08-25T15:32:04","slug":"intervencion-judicial-contra-la-deforestacion-en-el-parque-nacional-natural-chiribiquete","status":"publish","type":"post","link":"https:\/\/www.fiscalia.gov.co\/colombia\/noticias\/intervencion-judicial-contra-la-deforestacion-en-el-parque-nacional-natural-chiribiquete\/","title":{"rendered":"Intervenci\u00f3n judicial contra la deforestaci\u00f3n en el Parque Nacional Natural Chiribiquete"},"content":{"rendered":"<h4 style=\"text-align: center;\"><strong><em>En una acci\u00f3n interinstitucional se verificaron diferentes \u00e1reas en las que fueron arrasadas varias hect\u00e1reas de selva para actividades agropecuarias, mantener en funcionamiento laboratorios de procesamiento de hoja de coca, y construir puentes y v\u00edas.<\/em><\/strong><\/h4>\n<p>La labores investigativas realizadas por la <strong>Fiscal\u00eda General de la Naci\u00f3n<\/strong>, en coordinaci\u00f3n con la Polic\u00eda Nacional, el Ej\u00e9rcito Nacional y el Instituto de Hidrolog\u00eda, Meteorolog\u00eda y Estudios Ambientales (IDEAM), permitieron llegar a diferentes <strong>pol\u00edgonos de deforestaci\u00f3n <\/strong>detectados en <a href=\"https:\/\/www.fiscalia.gov.co\/colombia\/noticias\/capturado-en-el-huila-hombre-requerido-para-cumplir-condena-por-delitos-ambientales-ocurridos-en-caqueta\/\">el Parque Nacional Natural Serran\u00eda de Chiribiquete.<\/a><\/p>\n<p>En tres puntos distintos localizados en la vereda Itilla, en jurisdicci\u00f3n de <strong>Calamar (Guaviare<\/strong>), se constat\u00f3 la <strong>praderizaci\u00f3n<\/strong> para realizar actividades agropecuarias como ganader\u00eda extensiva. Precisamente, en uno de los predios fue ubicado un corral con ganado; <a href=\"https:\/\/www.fiscalia.gov.co\/colombia\/noticias\/judicializados-por-delitos-ambientales-presuntos-miembros-de-la-banda-golden-north-dedicada-a-la-explotacion-ilegal-de-oro-en-cauca\/\">mientras que, en las otras dos \u00e1reas, fueron encontrados laboratorios para el procesamiento de hoja de coca<\/a>, los cuales fueron destruidos.<\/p>\n<p>Durante las diligencias las autoridades tambi\u00e9n inhabilitaron <strong>cinco puentes ilegales<\/strong> en inmediaciones de los predios intervenidos, que serv\u00edan para comunicar corredores viales construidos de manera il\u00edcita. De otra parte, personal <strong>del CTI de la Fiscal\u00eda<\/strong> incaut\u00f3 celulares, libretas y otros elementos de prueba que servir\u00e1n para identificar a los determinadores y financiadores de <strong>la deforestaci\u00f3n en el parque.<\/strong><\/p>\n<p>En ese sentido, fiscales de la <strong>Direcci\u00f3n Especializada para los Delitos contra los Recursos Naturales y el Medio Ambiente<\/strong> avanzar\u00e1n en un frente investigativo por invasi\u00f3n de \u00e1rea de especial importancia ecol\u00f3gica, aprovechamiento il\u00edcito de recursos naturales y da\u00f1o en los recursos naturales, entre otros delitos.<\/p>\n<p>El <strong>Parque Nacional Chibiriquete<\/strong> es un \u00e1rea de especial protecci\u00f3n ambiental que est\u00e1 conectada al ecosistema de la Amazon\u00eda. Adem\u00e1s, representa una reserva arqueol\u00f3gica por la diversidad de expresiones pict\u00f3ricas y culturales de las comunidades ind\u00edgenas que habitaron la zona, as\u00ed que est\u00e1 prohibida cualquier actividad con fines comerciales.<\/p>\n<p>&nbsp;<\/p>\n<p>&nbsp;<\/p>\n<p>&nbsp;<\/p>\n<p>&nbsp;<\/p>\n<p>LKSC\/JARG\/DEMA\/YEA<\/p>\n<p>&nbsp;<\/p>\n<p>&nbsp;<\/p>\n<p>&nbsp;<\/p>\n<p>&nbsp;<\/p>\n<p>&nbsp;<\/p>\n<div class=\"td-post-content tagdiv-type\">\n<div class=\"td-post-content tagdiv-type\">\n<div class=\"td-post-content tagdiv-type\">\n<div class=\"td-post-content tagdiv-type\">\n<p><em>La informaci\u00f3n contenida en este bolet\u00edn de prensa corresponde a la narraci\u00f3n de los hechos noticiosos objetivos, y las investigaciones penales al interior de la Fiscal\u00eda General de la Naci\u00f3n. Para el momento de la divulgaci\u00f3n de este comunicado, la situaci\u00f3n jur\u00eddica de la(s) persona(s) relacionada(s) se encuentra pendiente de resolver por la autoridad judicial competente, siempre bajo los preceptos de la presunci\u00f3n de inocencia, consagrados en el art\u00edculo 29 de la Constituci\u00f3n Pol\u00edtica y el art\u00edculo 7\u00ba de la Ley 906 de 2004.<\/em><\/p>\n<\/div>\n<\/div>\n<\/div>\n<\/div>\n<footer>\n<div class=\"td-post-source-tags\"><\/div>\n<div class=\"td-post-sharing-bottom\"><\/div>\n<\/footer>\n<p>&nbsp;<\/p>\n\n<div class=\"twitter-share\"><a href=\"https:\/\/twitter.com\/intent\/tweet?via=fiscaliacol\" class=\"twitter-share-button\">Tweet<\/a><\/div>\n","protected":false},"excerpt":{"rendered":"<p>En una acci\u00f3n interinstitucional se verificaron diferentes \u00e1reas en las que fueron arrasadas varias hect\u00e1reas de selva para actividades agropecuarias, mantener en funcionamiento laboratorios de procesamiento de hoja de coca, [&hellip;]<\/p>\n","protected":false},"author":177,"featured_media":0,"comment_status":"closed","ping_status":"open","sticky":false,"template":"","format":"standard","meta":{"tdm_status":"","tdm_grid_status":"","footnotes":""},"categories":[24124,1],"tags":[25170,45,25003,38450,37491,24187,1047,29748,38452,38449,38451],"class_list":["post-300564","post","type-post","status-publish","format-standard","category-dano-al-medio-ambiente","category-noticias","tag-amazonia","tag-cti","tag-deforestacion","tag-direccion-especializada-para-los-delitos-contra-recursos-naturales","tag-fiscal-camargo","tag-fiscalia-colombia","tag-fiscalia-general-de-la-nacion","tag-ganaderia-extensiva","tag-laboratorios-de-cocaina","tag-parque-natural-chibiriquete","tag-praderizacion"],"yoast_head":"<!-- This site is optimized with the Yoast SEO plugin v24.3 - https:\/\/yoast.com\/wordpress\/plugins\/seo\/ -->\n<title>Fiscal\u00eda General de la Naci\u00f3n<\/title>\n<meta name=\"description\" content=\"P\u00e1gina oficial de la Fiscal\u00eda General de la Naci\u00f3n \u2013 Colombia. Garantizamos el acceso efectivo a la justicia, la verdad y la reparaci\u00f3n de las v\u00edctimas de los delitos.\" \/>\n<meta name=\"robots\" content=\"noindex, follow\" \/>\n<meta property=\"og:locale\" content=\"es_ES\" \/>\n<meta property=\"og:type\" content=\"article\" \/>\n<meta property=\"og:title\" content=\"Fiscal\u00eda General de la Naci\u00f3n\" \/>\n<meta property=\"og:description\" content=\"P\u00e1gina oficial de la Fiscal\u00eda General de la Naci\u00f3n \u2013 Colombia. Garantizamos el acceso efectivo a la justicia, la verdad y la reparaci\u00f3n de las v\u00edctimas de los delitos.\" \/>\n<meta property=\"og:url\" content=\"https:\/\/www.fiscalia.gov.co\/colombia\/noticias\/intervencion-judicial-contra-la-deforestacion-en-el-parque-nacional-natural-chiribiquete\/\" \/>\n<meta property=\"og:site_name\" content=\"Fiscal\u00eda General de la Naci\u00f3n\" \/>\n<meta property=\"article:publisher\" content=\"https:\/\/www.facebook.com\/FiscaliaCol\" \/>\n<meta property=\"article:published_time\" content=\"2024-08-25T15:32:04+00:00\" \/>\n<meta name=\"author\" content=\"Jordan Leandro Oviedo Anzola\" \/>\n<meta name=\"twitter:card\" content=\"summary_large_image\" \/>\n<meta name=\"twitter:creator\" content=\"@FiscaliaCol\" \/>\n<meta name=\"twitter:site\" content=\"@FiscaliaCol\" \/>\n<meta name=\"twitter:label1\" content=\"Escrito por\" \/>\n\t<meta name=\"twitter:data1\" content=\"Jordan Leandro Oviedo Anzola\" \/>\n\t<meta name=\"twitter:label2\" content=\"Tiempo de lectura\" \/>\n\t<meta name=\"twitter:data2\" content=\"2 minutos\" \/>\n<script type=\"application\/ld+json\" class=\"yoast-schema-graph\">{\"@context\":\"https:\/\/schema.org\",\"@graph\":[{\"@type\":\"Article\",\"@id\":\"https:\/\/www.fiscalia.gov.co\/colombia\/noticias\/intervencion-judicial-contra-la-deforestacion-en-el-parque-nacional-natural-chiribiquete\/#article\",\"isPartOf\":{\"@id\":\"https:\/\/www.fiscalia.gov.co\/colombia\/noticias\/intervencion-judicial-contra-la-deforestacion-en-el-parque-nacional-natural-chiribiquete\/\"},\"author\":{\"name\":\"Jordan Leandro Oviedo Anzola\",\"@id\":\"https:\/\/www.fiscalia.gov.co\/colombia\/#\/schema\/person\/bf84402cf293a5393e9c70b111020b24\"},\"headline\":\"Intervenci\u00f3n judicial contra la deforestaci\u00f3n en el Parque Nacional Natural Chiribiquete\",\"datePublished\":\"2024-08-25T15:32:04+00:00\",\"dateModified\":\"2024-08-25T15:32:04+00:00\",\"mainEntityOfPage\":{\"@id\":\"https:\/\/www.fiscalia.gov.co\/colombia\/noticias\/intervencion-judicial-contra-la-deforestacion-en-el-parque-nacional-natural-chiribiquete\/\"},\"wordCount\":449,\"publisher\":{\"@id\":\"https:\/\/www.fiscalia.gov.co\/colombia\/#organization\"},\"keywords\":[\"Amazon\u00eda\",\"CTI\",\"deforestaci\u00f3n\",\"direcci\u00f3n especializada para los delitos contra recursos naturales\",\"fiscal Camargo\",\"Fiscal\u00eda Colombia\",\"Fiscal\u00eda General de la Naci\u00f3n\",\"ganader\u00eda extensiva\",\"laboratorios de coca\u00edna\",\"Parque Natural Chibiriquete\",\"praderizaci\u00f3n\"],\"articleSection\":[\"Da\u00f1o al medio ambiente\",\"Noticias\"],\"inLanguage\":\"es-CO\"},{\"@type\":\"WebPage\",\"@id\":\"https:\/\/www.fiscalia.gov.co\/colombia\/noticias\/intervencion-judicial-contra-la-deforestacion-en-el-parque-nacional-natural-chiribiquete\/\",\"url\":\"https:\/\/www.fiscalia.gov.co\/colombia\/noticias\/intervencion-judicial-contra-la-deforestacion-en-el-parque-nacional-natural-chiribiquete\/\",\"name\":\"Fiscal\u00eda General de la Naci\u00f3n\",\"isPartOf\":{\"@id\":\"https:\/\/www.fiscalia.gov.co\/colombia\/#website\"},\"datePublished\":\"2024-08-25T15:32:04+00:00\",\"dateModified\":\"2024-08-25T15:32:04+00:00\",\"description\":\"P\u00e1gina oficial de la Fiscal\u00eda General de la Naci\u00f3n \u2013 Colombia. Garantizamos el acceso efectivo a la justicia, la verdad y la reparaci\u00f3n de las v\u00edctimas de los delitos.\",\"breadcrumb\":{\"@id\":\"https:\/\/www.fiscalia.gov.co\/colombia\/noticias\/intervencion-judicial-contra-la-deforestacion-en-el-parque-nacional-natural-chiribiquete\/#breadcrumb\"},\"inLanguage\":\"es-CO\",\"potentialAction\":[{\"@type\":\"ReadAction\",\"target\":[\"https:\/\/www.fiscalia.gov.co\/colombia\/noticias\/intervencion-judicial-contra-la-deforestacion-en-el-parque-nacional-natural-chiribiquete\/\"]}]},{\"@type\":\"BreadcrumbList\",\"@id\":\"https:\/\/www.fiscalia.gov.co\/colombia\/noticias\/intervencion-judicial-contra-la-deforestacion-en-el-parque-nacional-natural-chiribiquete\/#breadcrumb\",\"itemListElement\":[{\"@type\":\"ListItem\",\"position\":1,\"name\":\"Home\",\"item\":\"https:\/\/www.fiscalia.gov.co\/colombia\/\"},{\"@type\":\"ListItem\",\"position\":2,\"name\":\"Intervenci\u00f3n judicial contra la deforestaci\u00f3n en el Parque Nacional Natural Chiribiquete\"}]},{\"@type\":\"WebSite\",\"@id\":\"https:\/\/www.fiscalia.gov.co\/colombia\/#website\",\"url\":\"https:\/\/www.fiscalia.gov.co\/colombia\/\",\"name\":\"Fiscal\u00eda General de la Naci\u00f3n\",\"description\":\"P\u00e1gina oficial de la Fiscal\u00eda General de la Naci\u00f3n \u2013 Colombia. Garantizamos el acceso efectivo a la justicia, la verdad y la reparaci\u00f3n de las v\u00edctimas de los delitos.\",\"publisher\":{\"@id\":\"https:\/\/www.fiscalia.gov.co\/colombia\/#organization\"},\"potentialAction\":[{\"@type\":\"SearchAction\",\"target\":{\"@type\":\"EntryPoint\",\"urlTemplate\":\"https:\/\/www.fiscalia.gov.co\/colombia\/?s={search_term_string}\"},\"query-input\":{\"@type\":\"PropertyValueSpecification\",\"valueRequired\":true,\"valueName\":\"search_term_string\"}}],\"inLanguage\":\"es-CO\"},{\"@type\":\"Organization\",\"@id\":\"https:\/\/www.fiscalia.gov.co\/colombia\/#organization\",\"name\":\"Fiscal\u00eda General de la Naci\u00f3n\",\"url\":\"https:\/\/www.fiscalia.gov.co\/colombia\/\",\"logo\":{\"@type\":\"ImageObject\",\"inLanguage\":\"es-CO\",\"@id\":\"https:\/\/www.fiscalia.gov.co\/colombia\/#\/schema\/logo\/image\/\",\"url\":\"https:\/\/www.fiscalia.gov.co\/colombia\/wp-content\/uploads\/LogoHorizontal_1.jpg\",\"contentUrl\":\"https:\/\/www.fiscalia.gov.co\/colombia\/wp-content\/uploads\/LogoHorizontal_1.jpg\",\"width\":300,\"height\":90,\"caption\":\"Fiscal\u00eda General de la Naci\u00f3n\"},\"image\":{\"@id\":\"https:\/\/www.fiscalia.gov.co\/colombia\/#\/schema\/logo\/image\/\"},\"sameAs\":[\"https:\/\/www.facebook.com\/FiscaliaCol\",\"https:\/\/x.com\/FiscaliaCol\",\"https:\/\/www.instagram.com\/fiscaliacol\",\"https:\/\/www.linkedin.com\/company\/fiscalia-general-de-la-naci-n\/\",\"https:\/\/youtube.com\/@fiscaliageneraldelanacion-4668?si=6nN79nyQICPU5iTh\"]},{\"@type\":\"Person\",\"@id\":\"https:\/\/www.fiscalia.gov.co\/colombia\/#\/schema\/person\/bf84402cf293a5393e9c70b111020b24\",\"name\":\"Jordan Leandro Oviedo Anzola\",\"image\":{\"@type\":\"ImageObject\",\"inLanguage\":\"es-CO\",\"@id\":\"https:\/\/www.fiscalia.gov.co\/colombia\/#\/schema\/person\/image\/\",\"url\":\"https:\/\/secure.gravatar.com\/avatar\/dabba4346fa9b9207d96adafa8f92721?s=96&d=mm&r=g\",\"contentUrl\":\"https:\/\/secure.gravatar.com\/avatar\/dabba4346fa9b9207d96adafa8f92721?s=96&d=mm&r=g\",\"caption\":\"Jordan Leandro Oviedo Anzola\"},\"url\":\"https:\/\/www.fiscalia.gov.co\/colombia\/author\/joviedo\/\"}]}<\/script>\n<!-- \/ Yoast SEO plugin. -->","yoast_head_json":{"title":"Fiscal\u00eda General de la Naci\u00f3n","description":"P\u00e1gina oficial de la Fiscal\u00eda General de la Naci\u00f3n \u2013 Colombia. Garantizamos el acceso efectivo a la justicia, la verdad y la reparaci\u00f3n de las v\u00edctimas de los delitos.","robots":{"index":"noindex","follow":"follow"},"og_locale":"es_ES","og_type":"article","og_title":"Fiscal\u00eda General de la Naci\u00f3n","og_description":"P\u00e1gina oficial de la Fiscal\u00eda General de la Naci\u00f3n \u2013 Colombia. Garantizamos el acceso efectivo a la justicia, la verdad y la reparaci\u00f3n de las v\u00edctimas de los delitos.","og_url":"https:\/\/www.fiscalia.gov.co\/colombia\/noticias\/intervencion-judicial-contra-la-deforestacion-en-el-parque-nacional-natural-chiribiquete\/","og_site_name":"Fiscal\u00eda General de la Naci\u00f3n","article_publisher":"https:\/\/www.facebook.com\/FiscaliaCol","article_published_time":"2024-08-25T15:32:04+00:00","author":"Jordan Leandro Oviedo Anzola","twitter_card":"summary_large_image","twitter_creator":"@FiscaliaCol","twitter_site":"@FiscaliaCol","twitter_misc":{"Escrito por":"Jordan Leandro Oviedo Anzola","Tiempo de lectura":"2 minutos"},"schema":{"@context":"https:\/\/schema.org","@graph":[{"@type":"Article","@id":"https:\/\/www.fiscalia.gov.co\/colombia\/noticias\/intervencion-judicial-contra-la-deforestacion-en-el-parque-nacional-natural-chiribiquete\/#article","isPartOf":{"@id":"https:\/\/www.fiscalia.gov.co\/colombia\/noticias\/intervencion-judicial-contra-la-deforestacion-en-el-parque-nacional-natural-chiribiquete\/"},"author":{"name":"Jordan Leandro Oviedo Anzola","@id":"https:\/\/www.fiscalia.gov.co\/colombia\/#\/schema\/person\/bf84402cf293a5393e9c70b111020b24"},"headline":"Intervenci\u00f3n judicial contra la deforestaci\u00f3n en el Parque Nacional Natural Chiribiquete","datePublished":"2024-08-25T15:32:04+00:00","dateModified":"2024-08-25T15:32:04+00:00","mainEntityOfPage":{"@id":"https:\/\/www.fiscalia.gov.co\/colombia\/noticias\/intervencion-judicial-contra-la-deforestacion-en-el-parque-nacional-natural-chiribiquete\/"},"wordCount":449,"publisher":{"@id":"https:\/\/www.fiscalia.gov.co\/colombia\/#organization"},"keywords":["Amazon\u00eda","CTI","deforestaci\u00f3n","direcci\u00f3n especializada para los delitos contra recursos naturales","fiscal Camargo","Fiscal\u00eda Colombia","Fiscal\u00eda General de la Naci\u00f3n","ganader\u00eda extensiva","laboratorios de coca\u00edna","Parque Natural Chibiriquete","praderizaci\u00f3n"],"articleSection":["Da\u00f1o al medio ambiente","Noticias"],"inLanguage":"es-CO"},{"@type":"WebPage","@id":"https:\/\/www.fiscalia.gov.co\/colombia\/noticias\/intervencion-judicial-contra-la-deforestacion-en-el-parque-nacional-natural-chiribiquete\/","url":"https:\/\/www.fiscalia.gov.co\/colombia\/noticias\/intervencion-judicial-contra-la-deforestacion-en-el-parque-nacional-natural-chiribiquete\/","name":"Fiscal\u00eda General de la Naci\u00f3n","isPartOf":{"@id":"https:\/\/www.fiscalia.gov.co\/colombia\/#website"},"datePublished":"2024-08-25T15:32:04+00:00","dateModified":"2024-08-25T15:32:04+00:00","description":"P\u00e1gina oficial de la Fiscal\u00eda General de la Naci\u00f3n \u2013 Colombia. Garantizamos el acceso efectivo a la justicia, la verdad y la reparaci\u00f3n de las v\u00edctimas de los delitos.","breadcrumb":{"@id":"https:\/\/www.fiscalia.gov.co\/colombia\/noticias\/intervencion-judicial-contra-la-deforestacion-en-el-parque-nacional-natural-chiribiquete\/#breadcrumb"},"inLanguage":"es-CO","potentialAction":[{"@type":"ReadAction","target":["https:\/\/www.fiscalia.gov.co\/colombia\/noticias\/intervencion-judicial-contra-la-deforestacion-en-el-parque-nacional-natural-chiribiquete\/"]}]},{"@type":"BreadcrumbList","@id":"https:\/\/www.fiscalia.gov.co\/colombia\/noticias\/intervencion-judicial-contra-la-deforestacion-en-el-parque-nacional-natural-chiribiquete\/#breadcrumb","itemListElement":[{"@type":"ListItem","position":1,"name":"Home","item":"https:\/\/www.fiscalia.gov.co\/colombia\/"},{"@type":"ListItem","position":2,"name":"Intervenci\u00f3n judicial contra la deforestaci\u00f3n en el Parque Nacional Natural Chiribiquete"}]},{"@type":"WebSite","@id":"https:\/\/www.fiscalia.gov.co\/colombia\/#website","url":"https:\/\/www.fiscalia.gov.co\/colombia\/","name":"Fiscal\u00eda General de la Naci\u00f3n","description":"P\u00e1gina oficial de la Fiscal\u00eda General de la Naci\u00f3n \u2013 Colombia. Garantizamos el acceso efectivo a la justicia, la verdad y la reparaci\u00f3n de las v\u00edctimas de los delitos.","publisher":{"@id":"https:\/\/www.fiscalia.gov.co\/colombia\/#organization"},"potentialAction":[{"@type":"SearchAction","target":{"@type":"EntryPoint","urlTemplate":"https:\/\/www.fiscalia.gov.co\/colombia\/?s={search_term_string}"},"query-input":{"@type":"PropertyValueSpecification","valueRequired":true,"valueName":"search_term_string"}}],"inLanguage":"es-CO"},{"@type":"Organization","@id":"https:\/\/www.fiscalia.gov.co\/colombia\/#organization","name":"Fiscal\u00eda General de la Naci\u00f3n","url":"https:\/\/www.fiscalia.gov.co\/colombia\/","logo":{"@type":"ImageObject","inLanguage":"es-CO","@id":"https:\/\/www.fiscalia.gov.co\/colombia\/#\/schema\/logo\/image\/","url":"https:\/\/www.fiscalia.gov.co\/colombia\/wp-content\/uploads\/LogoHorizontal_1.jpg","contentUrl":"https:\/\/www.fiscalia.gov.co\/colombia\/wp-content\/uploads\/LogoHorizontal_1.jpg","width":300,"height":90,"caption":"Fiscal\u00eda General de la Naci\u00f3n"},"image":{"@id":"https:\/\/www.fiscalia.gov.co\/colombia\/#\/schema\/logo\/image\/"},"sameAs":["https:\/\/www.facebook.com\/FiscaliaCol","https:\/\/x.com\/FiscaliaCol","https:\/\/www.instagram.com\/fiscaliacol","https:\/\/www.linkedin.com\/company\/fiscalia-general-de-la-naci-n\/","https:\/\/youtube.com\/@fiscaliageneraldelanacion-4668?si=6nN79nyQICPU5iTh"]},{"@type":"Person","@id":"https:\/\/www.fiscalia.gov.co\/colombia\/#\/schema\/person\/bf84402cf293a5393e9c70b111020b24","name":"Jordan Leandro Oviedo Anzola","image":{"@type":"ImageObject","inLanguage":"es-CO","@id":"https:\/\/www.fiscalia.gov.co\/colombia\/#\/schema\/person\/image\/","url":"https:\/\/secure.gravatar.com\/avatar\/dabba4346fa9b9207d96adafa8f92721?s=96&d=mm&r=g","contentUrl":"https:\/\/secure.gravatar.com\/avatar\/dabba4346fa9b9207d96adafa8f92721?s=96&d=mm&r=g","caption":"Jordan Leandro Oviedo Anzola"},"url":"https:\/\/www.fiscalia.gov.co\/colombia\/author\/joviedo\/"}]}},"_links":{"self":[{"href":"https:\/\/www.fiscalia.gov.co\/colombia\/wp-json\/wp\/v2\/posts\/300564","targetHints":{"allow":["GET"]}}],"collection":[{"href":"https:\/\/www.fiscalia.gov.co\/colombia\/wp-json\/wp\/v2\/posts"}],"about":[{"href":"https:\/\/www.fiscalia.gov.co\/colombia\/wp-json\/wp\/v2\/types\/post"}],"author":[{"embeddable":true,"href":"https:\/\/www.fiscalia.gov.co\/colombia\/wp-json\/wp\/v2\/users\/177"}],"replies":[{"embeddable":true,"href":"https:\/\/www.fiscalia.gov.co\/colombia\/wp-json\/wp\/v2\/comments?post=300564"}],"version-history":[{"count":1,"href":"https:\/\/www.fiscalia.gov.co\/colombia\/wp-json\/wp\/v2\/posts\/300564\/revisions"}],"predecessor-version":[{"id":300565,"href":"https:\/\/www.fiscalia.gov.co\/colombia\/wp-json\/wp\/v2\/posts\/300564\/revisions\/300565"}],"wp:attachment":[{"href":"https:\/\/www.fiscalia.gov.co\/colombia\/wp-json\/wp\/v2\/media?parent=300564"}],"wp:term":[{"taxonomy":"category","embeddable":true,"href":"https:\/\/www.fiscalia.gov.co\/colombia\/wp-json\/wp\/v2\/categories?post=300564"},{"taxonomy":"post_tag","embeddable":true,"href":"https:\/\/www.fiscalia.gov.co\/colombia\/wp-json\/wp\/v2\/tags?post=300564"}],"curies":[{"name":"wp","href":"https:\/\/api.w.org\/{rel}","templated":true}]}}