{"id":300562,"date":"2024-08-25T08:01:13","date_gmt":"2024-08-25T13:01:13","guid":{"rendered":"https:\/\/www.fiscalia.gov.co\/colombia\/?p=300562"},"modified":"2024-08-25T08:01:13","modified_gmt":"2024-08-25T13:01:13","slug":"a-la-carcel-senalado-cabecilla-del-clan-del-golfo-que-estaria-implicado-en-homicidios-extorsiones-y-otras-conductas-delictivas-en-cordoba","status":"publish","type":"post","link":"https:\/\/www.fiscalia.gov.co\/colombia\/crimen-organizado\/a-la-carcel-senalado-cabecilla-del-clan-del-golfo-que-estaria-implicado-en-homicidios-extorsiones-y-otras-conductas-delictivas-en-cordoba\/","title":{"rendered":"A la c\u00e1rcel se\u00f1alado cabecilla del \u2018Clan del Golfo\u2019 que estar\u00eda implicado en homicidios, extorsiones y otras conductas delictivas en C\u00f3rdoba"},"content":{"rendered":"<h4 style=\"text-align: center;\"><strong><em>Alias Flaco fue imputado por el delito de concierto para delinquir. En los pr\u00f3ximos d\u00edas ser\u00e1 vinculado a otra investigaci\u00f3n por su posible participaci\u00f3n en el ataque armado que dej\u00f3 siete polic\u00edas muertos entre Puerto Libertador y Tierradentro (C\u00f3rdoba), en 2014.<\/em><\/strong><\/h4>\n<p>La Fiscal\u00eda General de la Naci\u00f3n obtuvo elementos de prueba que dan cuenta de que Edinso Alfonso Polo Jim\u00e9nez, alias Flaco o Juan Pablo, ser\u00eda uno de los <a href=\"https:\/\/www.fiscalia.gov.co\/colombia\/noticias\/asegurado-presunto-integrante-del-clan-del-golfo-que-habria-participado-en-seis-homicidios-en-sincelejo\/\">cabecillas principales de una estructura del \u2018Clan del Golfo\u2019<\/a> a la que se le atribuyen <strong>ataques en contra de la fuerza p\u00fablica y la poblaci\u00f3n civil, cobro de extorsiones y otras conductas delictivas en C\u00f3rdoba.<\/strong><\/p>\n<p>Este hombre estar\u00eda implicado en las amenazas y exigencias de dinero a comerciantes, ganaderos y contratistas por permitirles ejercer sus actividades econ\u00f3micas en Puerto Libertador, Montel\u00edbano y San Jorge (C\u00f3rdoba); <strong>as\u00ed como en el tr\u00e1fico de estupefaciente y otras rentas criminales en la regi\u00f3n.<\/strong><\/p>\n<p>Inicialmente, una fiscal de la <a href=\"https:\/\/www.fiscalia.gov.co\/colombia\/noticias\/fiscalia-obtiene-condena-para-integrante-del-clan-del-golfo-que-exigia-dinero-a-ganaderos-y-comerciantes-en-sucre\/\">Direcci\u00f3n Especializada contra las Organizaciones Criminales<\/a> <strong>le imput\u00f3 el delito de concierto para delinquir agravado.<\/strong> El cargo no fue aceptado por el procesado que, por disposici\u00f3n de un juez de control de garant\u00edas, deber\u00e1 cumplir medida de aseguramiento en centro carcelario.<\/p>\n<p>De otra parte, en los pr\u00f3ximos d\u00edas, la Fiscal\u00eda vincular\u00e1 a alias Flaco a una investigaci\u00f3n por <strong>su posible participaci\u00f3n en un acci\u00f3n armada del \u2018Clan del Golfo\u2019 que dej\u00f3 siete polic\u00edas muertos y ocho m\u00e1s heridos en septiembre de 2014,<\/strong> en la v\u00eda que comunica a Puerto Libertador con Tierradentro (C\u00f3rdoba).<\/p>\n<p>Edinso Alfonso Polo Jim\u00e9nez fue capturado en una acci\u00f3n conjunta con la Polic\u00eda Nacional en un hotel de Pueblo Viejo (Magdalena). Durante la diligencias se incautaron varios celulares con <em>simcard<\/em> de diferentes operadores, y una libreta que relaciona cuentas y movimiento de dinero del grupo armado ilegal.<\/p>\n<p>Esta informaci\u00f3n se publica por razones de inter\u00e9s general.<\/p>\n<p>&nbsp;<\/p>\n<p>&nbsp;<\/p>\n<p>&nbsp;<\/p>\n<p>&nbsp;<\/p>\n<p>JMSV\/JARG\/YBR\/DECOC\/<\/p>\n<p>&nbsp;<\/p>\n<p>&nbsp;<\/p>\n<p>&nbsp;<\/p>\n<p>&nbsp;<\/p>\n<p>&nbsp;<\/p>\n<div class=\"td-post-content tagdiv-type\">\n<div class=\"td-post-content tagdiv-type\">\n<div class=\"td-post-content tagdiv-type\">\n<p><em>La informaci\u00f3n contenida en este bolet\u00edn de prensa corresponde a la narraci\u00f3n de los hechos noticiosos objetivos, y las investigaciones penales al interior de la Fiscal\u00eda General de la Naci\u00f3n. Para el momento de la divulgaci\u00f3n de este comunicado, la situaci\u00f3n jur\u00eddica de la(s) persona(s) relacionada(s) se encuentra pendiente de resolver por la autoridad judicial competente, siempre bajo los preceptos de la presunci\u00f3n de inocencia, consagrados en el art\u00edculo 29 de la Constituci\u00f3n Pol\u00edtica y el art\u00edculo 7\u00ba de la Ley 906 de 2004.<\/em><\/p>\n<\/div>\n<\/div>\n<\/div>\n\n<div class=\"twitter-share\"><a href=\"https:\/\/twitter.com\/intent\/tweet?via=fiscaliacol\" class=\"twitter-share-button\">Tweet<\/a><\/div>\n","protected":false},"excerpt":{"rendered":"<p>Alias Flaco fue imputado por el delito de concierto para delinquir. En los pr\u00f3ximos d\u00edas ser\u00e1 vinculado a otra investigaci\u00f3n por su posible participaci\u00f3n en el ataque armado que dej\u00f3 siete polic\u00edas muertos entre Puerto Libertador y Tierradentro (C\u00f3rdoba), en 2014. La Fiscal\u00eda General de la Naci\u00f3n obtuvo elementos de prueba que dan cuenta de [&hellip;]<\/p>\n","protected":false},"author":177,"featured_media":0,"comment_status":"closed","ping_status":"open","sticky":false,"template":"","format":"standard","meta":{"_price":"","_stock":"","_tribe_ticket_header":"","_tribe_default_ticket_provider":"","_tribe_ticket_capacity":"0","_ticket_start_date":"","_ticket_end_date":"","_tribe_ticket_show_description":"","_tribe_ticket_show_not_going":false,"_tribe_ticket_use_global_stock":"","_tribe_ticket_global_stock_level":"","_global_stock_mode":"","_global_stock_cap":"","_tribe_rsvp_for_event":"","_tribe_ticket_going_count":"","_tribe_ticket_not_going_count":"","_tribe_tickets_list":"[]","_tribe_ticket_has_attendee_info_fields":false,"tdm_status":"","tdm_grid_status":"","footnotes":""},"categories":[24098,1],"tags":[38448,38447,13531,33408,38446,1047,409],"class_list":{"0":"post-300562","1":"post","2":"type-post","3":"status-publish","4":"format-standard","6":"category-crimen-organizado","7":"category-noticias","8":"tag-ataques-contra-la-fuerza-publica","9":"tag-caln-del-golfo","10":"tag-cordoba","11":"tag-estupefaceintes","12":"tag-fiscal-luz-adriana-mancera","13":"tag-fiscalia-general-de-la-nacion","14":"tag-homicidio"},"yoast_head":"<!-- This site is optimized with the Yoast SEO plugin v24.3 - https:\/\/yoast.com\/wordpress\/plugins\/seo\/ -->\n<title>Fiscal\u00eda General de la Naci\u00f3n<\/title>\n<meta name=\"description\" content=\"P\u00e1gina oficial de la Fiscal\u00eda General de la Naci\u00f3n \u2013 Colombia. Garantizamos el acceso efectivo a la justicia, la verdad y la reparaci\u00f3n de las v\u00edctimas de los delitos.\" \/>\n<meta name=\"robots\" content=\"noindex, follow\" \/>\n<meta property=\"og:locale\" content=\"es_ES\" \/>\n<meta property=\"og:type\" content=\"article\" \/>\n<meta property=\"og:title\" content=\"Fiscal\u00eda General de la Naci\u00f3n\" \/>\n<meta property=\"og:description\" content=\"P\u00e1gina oficial de la Fiscal\u00eda General de la Naci\u00f3n \u2013 Colombia. Garantizamos el acceso efectivo a la justicia, la verdad y la reparaci\u00f3n de las v\u00edctimas de los delitos.\" \/>\n<meta property=\"og:url\" content=\"https:\/\/www.fiscalia.gov.co\/colombia\/crimen-organizado\/a-la-carcel-senalado-cabecilla-del-clan-del-golfo-que-estaria-implicado-en-homicidios-extorsiones-y-otras-conductas-delictivas-en-cordoba\/\" \/>\n<meta property=\"og:site_name\" content=\"Fiscal\u00eda General de la Naci\u00f3n\" \/>\n<meta property=\"article:publisher\" content=\"https:\/\/www.facebook.com\/FiscaliaCol\" \/>\n<meta property=\"article:published_time\" content=\"2024-08-25T13:01:13+00:00\" \/>\n<meta name=\"author\" content=\"Jordan Leandro Oviedo Anzola\" \/>\n<meta name=\"twitter:card\" content=\"summary_large_image\" \/>\n<meta name=\"twitter:creator\" content=\"@FiscaliaCol\" \/>\n<meta name=\"twitter:site\" content=\"@FiscaliaCol\" \/>\n<meta name=\"twitter:label1\" content=\"Escrito por\" \/>\n\t<meta name=\"twitter:data1\" content=\"Jordan Leandro Oviedo Anzola\" \/>\n\t<meta name=\"twitter:label2\" content=\"Tiempo de lectura\" \/>\n\t<meta name=\"twitter:data2\" content=\"2 minutos\" \/>\n<script type=\"application\/ld+json\" class=\"yoast-schema-graph\">{\"@context\":\"https:\/\/schema.org\",\"@graph\":[{\"@type\":\"Article\",\"@id\":\"https:\/\/www.fiscalia.gov.co\/colombia\/crimen-organizado\/a-la-carcel-senalado-cabecilla-del-clan-del-golfo-que-estaria-implicado-en-homicidios-extorsiones-y-otras-conductas-delictivas-en-cordoba\/#article\",\"isPartOf\":{\"@id\":\"https:\/\/www.fiscalia.gov.co\/colombia\/crimen-organizado\/a-la-carcel-senalado-cabecilla-del-clan-del-golfo-que-estaria-implicado-en-homicidios-extorsiones-y-otras-conductas-delictivas-en-cordoba\/\"},\"author\":{\"name\":\"Jordan Leandro Oviedo Anzola\",\"@id\":\"https:\/\/www.fiscalia.gov.co\/colombia\/#\/schema\/person\/bf84402cf293a5393e9c70b111020b24\"},\"headline\":\"A la c\u00e1rcel se\u00f1alado cabecilla del \u2018Clan del Golfo\u2019 que estar\u00eda implicado en homicidios, extorsiones y otras conductas delictivas en C\u00f3rdoba\",\"datePublished\":\"2024-08-25T13:01:13+00:00\",\"dateModified\":\"2024-08-25T13:01:13+00:00\",\"mainEntityOfPage\":{\"@id\":\"https:\/\/www.fiscalia.gov.co\/colombia\/crimen-organizado\/a-la-carcel-senalado-cabecilla-del-clan-del-golfo-que-estaria-implicado-en-homicidios-extorsiones-y-otras-conductas-delictivas-en-cordoba\/\"},\"wordCount\":471,\"publisher\":{\"@id\":\"https:\/\/www.fiscalia.gov.co\/colombia\/#organization\"},\"keywords\":[\"ataques contra la fuerza publica\",\"caln del golfo\",\"C\u00f3rdoba\",\"estupefaceintes\",\"fiscal luz adriana mancera\",\"Fiscal\u00eda General de la Naci\u00f3n\",\"Homicidio\"],\"articleSection\":[\"Crimen organizado\",\"Noticias\"],\"inLanguage\":\"es-CO\"},{\"@type\":\"WebPage\",\"@id\":\"https:\/\/www.fiscalia.gov.co\/colombia\/crimen-organizado\/a-la-carcel-senalado-cabecilla-del-clan-del-golfo-que-estaria-implicado-en-homicidios-extorsiones-y-otras-conductas-delictivas-en-cordoba\/\",\"url\":\"https:\/\/www.fiscalia.gov.co\/colombia\/crimen-organizado\/a-la-carcel-senalado-cabecilla-del-clan-del-golfo-que-estaria-implicado-en-homicidios-extorsiones-y-otras-conductas-delictivas-en-cordoba\/\",\"name\":\"Fiscal\u00eda General de la Naci\u00f3n\",\"isPartOf\":{\"@id\":\"https:\/\/www.fiscalia.gov.co\/colombia\/#website\"},\"datePublished\":\"2024-08-25T13:01:13+00:00\",\"dateModified\":\"2024-08-25T13:01:13+00:00\",\"description\":\"P\u00e1gina oficial de la Fiscal\u00eda General de la Naci\u00f3n \u2013 Colombia. Garantizamos el acceso efectivo a la justicia, la verdad y la reparaci\u00f3n de las v\u00edctimas de los delitos.\",\"breadcrumb\":{\"@id\":\"https:\/\/www.fiscalia.gov.co\/colombia\/crimen-organizado\/a-la-carcel-senalado-cabecilla-del-clan-del-golfo-que-estaria-implicado-en-homicidios-extorsiones-y-otras-conductas-delictivas-en-cordoba\/#breadcrumb\"},\"inLanguage\":\"es-CO\",\"potentialAction\":[{\"@type\":\"ReadAction\",\"target\":[\"https:\/\/www.fiscalia.gov.co\/colombia\/crimen-organizado\/a-la-carcel-senalado-cabecilla-del-clan-del-golfo-que-estaria-implicado-en-homicidios-extorsiones-y-otras-conductas-delictivas-en-cordoba\/\"]}]},{\"@type\":\"BreadcrumbList\",\"@id\":\"https:\/\/www.fiscalia.gov.co\/colombia\/crimen-organizado\/a-la-carcel-senalado-cabecilla-del-clan-del-golfo-que-estaria-implicado-en-homicidios-extorsiones-y-otras-conductas-delictivas-en-cordoba\/#breadcrumb\",\"itemListElement\":[{\"@type\":\"ListItem\",\"position\":1,\"name\":\"Home\",\"item\":\"https:\/\/www.fiscalia.gov.co\/colombia\/\"},{\"@type\":\"ListItem\",\"position\":2,\"name\":\"A la c\u00e1rcel se\u00f1alado cabecilla del \u2018Clan del Golfo\u2019 que estar\u00eda implicado en homicidios, extorsiones y otras conductas delictivas en C\u00f3rdoba\"}]},{\"@type\":\"WebSite\",\"@id\":\"https:\/\/www.fiscalia.gov.co\/colombia\/#website\",\"url\":\"https:\/\/www.fiscalia.gov.co\/colombia\/\",\"name\":\"Fiscal\u00eda General de la Naci\u00f3n\",\"description\":\"P\u00e1gina oficial de la Fiscal\u00eda General de la Naci\u00f3n \u2013 Colombia. Garantizamos el acceso efectivo a la justicia, la verdad y la reparaci\u00f3n de las v\u00edctimas de los delitos.\",\"publisher\":{\"@id\":\"https:\/\/www.fiscalia.gov.co\/colombia\/#organization\"},\"potentialAction\":[{\"@type\":\"SearchAction\",\"target\":{\"@type\":\"EntryPoint\",\"urlTemplate\":\"https:\/\/www.fiscalia.gov.co\/colombia\/?s={search_term_string}\"},\"query-input\":{\"@type\":\"PropertyValueSpecification\",\"valueRequired\":true,\"valueName\":\"search_term_string\"}}],\"inLanguage\":\"es-CO\"},{\"@type\":\"Organization\",\"@id\":\"https:\/\/www.fiscalia.gov.co\/colombia\/#organization\",\"name\":\"Fiscal\u00eda General de la Naci\u00f3n\",\"url\":\"https:\/\/www.fiscalia.gov.co\/colombia\/\",\"logo\":{\"@type\":\"ImageObject\",\"inLanguage\":\"es-CO\",\"@id\":\"https:\/\/www.fiscalia.gov.co\/colombia\/#\/schema\/logo\/image\/\",\"url\":\"https:\/\/www.fiscalia.gov.co\/colombia\/wp-content\/uploads\/LogoHorizontal_1.jpg\",\"contentUrl\":\"https:\/\/www.fiscalia.gov.co\/colombia\/wp-content\/uploads\/LogoHorizontal_1.jpg\",\"width\":300,\"height\":90,\"caption\":\"Fiscal\u00eda General de la Naci\u00f3n\"},\"image\":{\"@id\":\"https:\/\/www.fiscalia.gov.co\/colombia\/#\/schema\/logo\/image\/\"},\"sameAs\":[\"https:\/\/www.facebook.com\/FiscaliaCol\",\"https:\/\/x.com\/FiscaliaCol\",\"https:\/\/www.instagram.com\/fiscaliacol\",\"https:\/\/www.linkedin.com\/company\/fiscalia-general-de-la-naci-n\/\",\"https:\/\/youtube.com\/@fiscaliageneraldelanacion-4668?si=6nN79nyQICPU5iTh\"]},{\"@type\":\"Person\",\"@id\":\"https:\/\/www.fiscalia.gov.co\/colombia\/#\/schema\/person\/bf84402cf293a5393e9c70b111020b24\",\"name\":\"Jordan Leandro Oviedo Anzola\",\"image\":{\"@type\":\"ImageObject\",\"inLanguage\":\"es-CO\",\"@id\":\"https:\/\/www.fiscalia.gov.co\/colombia\/#\/schema\/person\/image\/\",\"url\":\"https:\/\/secure.gravatar.com\/avatar\/dabba4346fa9b9207d96adafa8f92721?s=96&d=mm&r=g\",\"contentUrl\":\"https:\/\/secure.gravatar.com\/avatar\/dabba4346fa9b9207d96adafa8f92721?s=96&d=mm&r=g\",\"caption\":\"Jordan Leandro Oviedo Anzola\"},\"url\":\"https:\/\/www.fiscalia.gov.co\/colombia\/author\/joviedo\/\"}]}<\/script>\n<!-- \/ Yoast SEO plugin. -->","yoast_head_json":{"title":"Fiscal\u00eda General de la Naci\u00f3n","description":"P\u00e1gina oficial de la Fiscal\u00eda General de la Naci\u00f3n \u2013 Colombia. Garantizamos el acceso efectivo a la justicia, la verdad y la reparaci\u00f3n de las v\u00edctimas de los delitos.","robots":{"index":"noindex","follow":"follow"},"og_locale":"es_ES","og_type":"article","og_title":"Fiscal\u00eda General de la Naci\u00f3n","og_description":"P\u00e1gina oficial de la Fiscal\u00eda General de la Naci\u00f3n \u2013 Colombia. Garantizamos el acceso efectivo a la justicia, la verdad y la reparaci\u00f3n de las v\u00edctimas de los delitos.","og_url":"https:\/\/www.fiscalia.gov.co\/colombia\/crimen-organizado\/a-la-carcel-senalado-cabecilla-del-clan-del-golfo-que-estaria-implicado-en-homicidios-extorsiones-y-otras-conductas-delictivas-en-cordoba\/","og_site_name":"Fiscal\u00eda General de la Naci\u00f3n","article_publisher":"https:\/\/www.facebook.com\/FiscaliaCol","article_published_time":"2024-08-25T13:01:13+00:00","author":"Jordan Leandro Oviedo Anzola","twitter_card":"summary_large_image","twitter_creator":"@FiscaliaCol","twitter_site":"@FiscaliaCol","twitter_misc":{"Escrito por":"Jordan Leandro Oviedo Anzola","Tiempo de lectura":"2 minutos"},"schema":{"@context":"https:\/\/schema.org","@graph":[{"@type":"Article","@id":"https:\/\/www.fiscalia.gov.co\/colombia\/crimen-organizado\/a-la-carcel-senalado-cabecilla-del-clan-del-golfo-que-estaria-implicado-en-homicidios-extorsiones-y-otras-conductas-delictivas-en-cordoba\/#article","isPartOf":{"@id":"https:\/\/www.fiscalia.gov.co\/colombia\/crimen-organizado\/a-la-carcel-senalado-cabecilla-del-clan-del-golfo-que-estaria-implicado-en-homicidios-extorsiones-y-otras-conductas-delictivas-en-cordoba\/"},"author":{"name":"Jordan Leandro Oviedo Anzola","@id":"https:\/\/www.fiscalia.gov.co\/colombia\/#\/schema\/person\/bf84402cf293a5393e9c70b111020b24"},"headline":"A la c\u00e1rcel se\u00f1alado cabecilla del \u2018Clan del Golfo\u2019 que estar\u00eda implicado en homicidios, extorsiones y otras conductas delictivas en C\u00f3rdoba","datePublished":"2024-08-25T13:01:13+00:00","dateModified":"2024-08-25T13:01:13+00:00","mainEntityOfPage":{"@id":"https:\/\/www.fiscalia.gov.co\/colombia\/crimen-organizado\/a-la-carcel-senalado-cabecilla-del-clan-del-golfo-que-estaria-implicado-en-homicidios-extorsiones-y-otras-conductas-delictivas-en-cordoba\/"},"wordCount":471,"publisher":{"@id":"https:\/\/www.fiscalia.gov.co\/colombia\/#organization"},"keywords":["ataques contra la fuerza publica","caln del golfo","C\u00f3rdoba","estupefaceintes","fiscal luz adriana mancera","Fiscal\u00eda General de la Naci\u00f3n","Homicidio"],"articleSection":["Crimen organizado","Noticias"],"inLanguage":"es-CO"},{"@type":"WebPage","@id":"https:\/\/www.fiscalia.gov.co\/colombia\/crimen-organizado\/a-la-carcel-senalado-cabecilla-del-clan-del-golfo-que-estaria-implicado-en-homicidios-extorsiones-y-otras-conductas-delictivas-en-cordoba\/","url":"https:\/\/www.fiscalia.gov.co\/colombia\/crimen-organizado\/a-la-carcel-senalado-cabecilla-del-clan-del-golfo-que-estaria-implicado-en-homicidios-extorsiones-y-otras-conductas-delictivas-en-cordoba\/","name":"Fiscal\u00eda General de la Naci\u00f3n","isPartOf":{"@id":"https:\/\/www.fiscalia.gov.co\/colombia\/#website"},"datePublished":"2024-08-25T13:01:13+00:00","dateModified":"2024-08-25T13:01:13+00:00","description":"P\u00e1gina oficial de la Fiscal\u00eda General de la Naci\u00f3n \u2013 Colombia. Garantizamos el acceso efectivo a la justicia, la verdad y la reparaci\u00f3n de las v\u00edctimas de los delitos.","breadcrumb":{"@id":"https:\/\/www.fiscalia.gov.co\/colombia\/crimen-organizado\/a-la-carcel-senalado-cabecilla-del-clan-del-golfo-que-estaria-implicado-en-homicidios-extorsiones-y-otras-conductas-delictivas-en-cordoba\/#breadcrumb"},"inLanguage":"es-CO","potentialAction":[{"@type":"ReadAction","target":["https:\/\/www.fiscalia.gov.co\/colombia\/crimen-organizado\/a-la-carcel-senalado-cabecilla-del-clan-del-golfo-que-estaria-implicado-en-homicidios-extorsiones-y-otras-conductas-delictivas-en-cordoba\/"]}]},{"@type":"BreadcrumbList","@id":"https:\/\/www.fiscalia.gov.co\/colombia\/crimen-organizado\/a-la-carcel-senalado-cabecilla-del-clan-del-golfo-que-estaria-implicado-en-homicidios-extorsiones-y-otras-conductas-delictivas-en-cordoba\/#breadcrumb","itemListElement":[{"@type":"ListItem","position":1,"name":"Home","item":"https:\/\/www.fiscalia.gov.co\/colombia\/"},{"@type":"ListItem","position":2,"name":"A la c\u00e1rcel se\u00f1alado cabecilla del \u2018Clan del Golfo\u2019 que estar\u00eda implicado en homicidios, extorsiones y otras conductas delictivas en C\u00f3rdoba"}]},{"@type":"WebSite","@id":"https:\/\/www.fiscalia.gov.co\/colombia\/#website","url":"https:\/\/www.fiscalia.gov.co\/colombia\/","name":"Fiscal\u00eda General de la Naci\u00f3n","description":"P\u00e1gina oficial de la Fiscal\u00eda General de la Naci\u00f3n \u2013 Colombia. Garantizamos el acceso efectivo a la justicia, la verdad y la reparaci\u00f3n de las v\u00edctimas de los delitos.","publisher":{"@id":"https:\/\/www.fiscalia.gov.co\/colombia\/#organization"},"potentialAction":[{"@type":"SearchAction","target":{"@type":"EntryPoint","urlTemplate":"https:\/\/www.fiscalia.gov.co\/colombia\/?s={search_term_string}"},"query-input":{"@type":"PropertyValueSpecification","valueRequired":true,"valueName":"search_term_string"}}],"inLanguage":"es-CO"},{"@type":"Organization","@id":"https:\/\/www.fiscalia.gov.co\/colombia\/#organization","name":"Fiscal\u00eda General de la Naci\u00f3n","url":"https:\/\/www.fiscalia.gov.co\/colombia\/","logo":{"@type":"ImageObject","inLanguage":"es-CO","@id":"https:\/\/www.fiscalia.gov.co\/colombia\/#\/schema\/logo\/image\/","url":"https:\/\/www.fiscalia.gov.co\/colombia\/wp-content\/uploads\/LogoHorizontal_1.jpg","contentUrl":"https:\/\/www.fiscalia.gov.co\/colombia\/wp-content\/uploads\/LogoHorizontal_1.jpg","width":300,"height":90,"caption":"Fiscal\u00eda General de la Naci\u00f3n"},"image":{"@id":"https:\/\/www.fiscalia.gov.co\/colombia\/#\/schema\/logo\/image\/"},"sameAs":["https:\/\/www.facebook.com\/FiscaliaCol","https:\/\/x.com\/FiscaliaCol","https:\/\/www.instagram.com\/fiscaliacol","https:\/\/www.linkedin.com\/company\/fiscalia-general-de-la-naci-n\/","https:\/\/youtube.com\/@fiscaliageneraldelanacion-4668?si=6nN79nyQICPU5iTh"]},{"@type":"Person","@id":"https:\/\/www.fiscalia.gov.co\/colombia\/#\/schema\/person\/bf84402cf293a5393e9c70b111020b24","name":"Jordan Leandro Oviedo Anzola","image":{"@type":"ImageObject","inLanguage":"es-CO","@id":"https:\/\/www.fiscalia.gov.co\/colombia\/#\/schema\/person\/image\/","url":"https:\/\/secure.gravatar.com\/avatar\/dabba4346fa9b9207d96adafa8f92721?s=96&d=mm&r=g","contentUrl":"https:\/\/secure.gravatar.com\/avatar\/dabba4346fa9b9207d96adafa8f92721?s=96&d=mm&r=g","caption":"Jordan Leandro Oviedo Anzola"},"url":"https:\/\/www.fiscalia.gov.co\/colombia\/author\/joviedo\/"}]}},"_links":{"self":[{"href":"https:\/\/www.fiscalia.gov.co\/colombia\/wp-json\/wp\/v2\/posts\/300562","targetHints":{"allow":["GET"]}}],"collection":[{"href":"https:\/\/www.fiscalia.gov.co\/colombia\/wp-json\/wp\/v2\/posts"}],"about":[{"href":"https:\/\/www.fiscalia.gov.co\/colombia\/wp-json\/wp\/v2\/types\/post"}],"author":[{"embeddable":true,"href":"https:\/\/www.fiscalia.gov.co\/colombia\/wp-json\/wp\/v2\/users\/177"}],"replies":[{"embeddable":true,"href":"https:\/\/www.fiscalia.gov.co\/colombia\/wp-json\/wp\/v2\/comments?post=300562"}],"version-history":[{"count":1,"href":"https:\/\/www.fiscalia.gov.co\/colombia\/wp-json\/wp\/v2\/posts\/300562\/revisions"}],"predecessor-version":[{"id":300563,"href":"https:\/\/www.fiscalia.gov.co\/colombia\/wp-json\/wp\/v2\/posts\/300562\/revisions\/300563"}],"wp:attachment":[{"href":"https:\/\/www.fiscalia.gov.co\/colombia\/wp-json\/wp\/v2\/media?parent=300562"}],"wp:term":[{"taxonomy":"category","embeddable":true,"href":"https:\/\/www.fiscalia.gov.co\/colombia\/wp-json\/wp\/v2\/categories?post=300562"},{"taxonomy":"post_tag","embeddable":true,"href":"https:\/\/www.fiscalia.gov.co\/colombia\/wp-json\/wp\/v2\/tags?post=300562"}],"curies":[{"name":"wp","href":"https:\/\/api.w.org\/{rel}","templated":true}]}}