{"id":300538,"date":"2024-08-23T16:43:05","date_gmt":"2024-08-23T21:43:05","guid":{"rendered":"https:\/\/www.fiscalia.gov.co\/colombia\/?p=300538"},"modified":"2024-08-23T16:43:38","modified_gmt":"2024-08-23T21:43:38","slug":"fiscalia-impacta-red-ilegal-que-usando-documentacion-falsa-se-habria-apropiado-de-seis-apartamentos-en-ibague","status":"publish","type":"post","link":"https:\/\/www.fiscalia.gov.co\/colombia\/noticias\/fiscalia-impacta-red-ilegal-que-usando-documentacion-falsa-se-habria-apropiado-de-seis-apartamentos-en-ibague\/","title":{"rendered":"Fiscal\u00eda impacta red ilegal que usando documentaci\u00f3n falsa se habr\u00eda apropiado de seis apartamentos en Ibagu\u00e9"},"content":{"rendered":"<blockquote>\n<h4><b>La red delictiva estar\u00eda conformada por integrantes de una misma familia. Tres primos eran requeridos para cumplir medida de aseguramiento en un centro de reclusi\u00f3n del Tolima.<\/b><\/h4>\n<\/blockquote>\n<p><strong>Un fiscal de Purificaci\u00f3n (Tolima) judicializ\u00f3 a tres hombres se\u00f1alados de pertenecer a un grupo de delincuencia com\u00fan organizado denominado Los Tierreros<\/strong>, dedicado a la falsificaci\u00f3n de documentos p\u00fablicos con los que se habr\u00edan apropiado de seis apartamentos ubicados en Ibagu\u00e9.<\/p>\n<figure id=\"attachment_300541\" aria-describedby=\"caption-attachment-300541\" style=\"width: 300px\" class=\"wp-caption alignnone\"><img loading=\"lazy\" decoding=\"async\" class=\"size-medium wp-image-300541\" src=\"https:\/\/www.fiscalia.gov.co\/colombia\/wp-content\/uploads\/Marco-Antonio-Ramirez-Rodriguez-los-tierreros-flandes-300x159.jpeg\" alt=\" en la imagen un hombre (de camiseta negra con pantaloneta blanca) detenido bajo custodia del Ej\u00e9rcito y el CTI.\" width=\"300\" height=\"159\" srcset=\"https:\/\/www.fiscalia.gov.co\/colombia\/wp-content\/uploads\/Marco-Antonio-Ramirez-Rodriguez-los-tierreros-flandes-300x159.jpeg 300w, https:\/\/www.fiscalia.gov.co\/colombia\/wp-content\/uploads\/Marco-Antonio-Ramirez-Rodriguez-los-tierreros-flandes-1024x544.jpeg 1024w, https:\/\/www.fiscalia.gov.co\/colombia\/wp-content\/uploads\/Marco-Antonio-Ramirez-Rodriguez-los-tierreros-flandes-768x408.jpeg 768w, https:\/\/www.fiscalia.gov.co\/colombia\/wp-content\/uploads\/Marco-Antonio-Ramirez-Rodriguez-los-tierreros-flandes-1536x816.jpeg 1536w, https:\/\/www.fiscalia.gov.co\/colombia\/wp-content\/uploads\/Marco-Antonio-Ramirez-Rodriguez-los-tierreros-flandes-791x420.jpeg 791w, https:\/\/www.fiscalia.gov.co\/colombia\/wp-content\/uploads\/Marco-Antonio-Ramirez-Rodriguez-los-tierreros-flandes-696x370.jpeg 696w, https:\/\/www.fiscalia.gov.co\/colombia\/wp-content\/uploads\/Marco-Antonio-Ramirez-Rodriguez-los-tierreros-flandes-1068x567.jpeg 1068w, https:\/\/www.fiscalia.gov.co\/colombia\/wp-content\/uploads\/Marco-Antonio-Ramirez-Rodriguez-los-tierreros-flandes.jpeg 1600w\" sizes=\"auto, (max-width: 300px) 100vw, 300px\" \/><figcaption id=\"caption-attachment-300541\" class=\"wp-caption-text\">Los procesados, primos entre s\u00ed, fueron detenidos en diferentes diligencias en Bogot\u00e1 y Tolima. En la imagen Marco Antonio Ram\u00edrez Rodriguez.<\/figcaption><\/figure>\n<p>Se trata de los primos Marco Antonio, Jos\u00e9 Luis y Javier Alonso Ram\u00edrez Rodr\u00edguez, capturados en Flandes e Ibagu\u00e9 (Tolima), y en Bogot\u00e1, respectivamente. <strong>Los tres hombres eran requeridos para cumplir las medidas de aseguramiento carcelarias impuestas en su contra el pasado 16 de enero<\/strong> por un juez con funci\u00f3n de control de garant\u00edas que los encontr\u00f3 responsables de los delitos de concierto para delinquir, fraude procesal, obtenci\u00f3n de documento p\u00fablico falso y falsedad en documento privado.<\/p>\n<figure id=\"attachment_300539\" aria-describedby=\"caption-attachment-300539\" style=\"width: 300px\" class=\"wp-caption alignnone\"><img loading=\"lazy\" decoding=\"async\" class=\"wp-image-300539 size-medium\" src=\"https:\/\/www.fiscalia.gov.co\/colombia\/wp-content\/uploads\/Jose-Luis-Ramirez-Rodriguez-los-tierreros-ibague-300x172.jpeg\" alt=\"En la imagen un hombre detenido (pantaloneta roja camiseta negra) bajo custodia del CTI y el Ej\u00e9rcito. \" width=\"300\" height=\"172\" srcset=\"https:\/\/www.fiscalia.gov.co\/colombia\/wp-content\/uploads\/Jose-Luis-Ramirez-Rodriguez-los-tierreros-ibague-300x172.jpeg 300w, https:\/\/www.fiscalia.gov.co\/colombia\/wp-content\/uploads\/Jose-Luis-Ramirez-Rodriguez-los-tierreros-ibague-1024x586.jpeg 1024w, https:\/\/www.fiscalia.gov.co\/colombia\/wp-content\/uploads\/Jose-Luis-Ramirez-Rodriguez-los-tierreros-ibague-768x439.jpeg 768w, https:\/\/www.fiscalia.gov.co\/colombia\/wp-content\/uploads\/Jose-Luis-Ramirez-Rodriguez-los-tierreros-ibague-1536x878.jpeg 1536w, https:\/\/www.fiscalia.gov.co\/colombia\/wp-content\/uploads\/Jose-Luis-Ramirez-Rodriguez-los-tierreros-ibague-734x420.jpeg 734w, https:\/\/www.fiscalia.gov.co\/colombia\/wp-content\/uploads\/Jose-Luis-Ramirez-Rodriguez-los-tierreros-ibague-696x398.jpeg 696w, https:\/\/www.fiscalia.gov.co\/colombia\/wp-content\/uploads\/Jose-Luis-Ramirez-Rodriguez-los-tierreros-ibague-1068x611.jpeg 1068w, https:\/\/www.fiscalia.gov.co\/colombia\/wp-content\/uploads\/Jose-Luis-Ramirez-Rodriguez-los-tierreros-ibague.jpeg 1600w\" sizes=\"auto, (max-width: 300px) 100vw, 300px\" \/><figcaption id=\"caption-attachment-300539\" class=\"wp-caption-text\">Jos\u00e9 Luis Ram\u00edrez Rodr\u00edguez.<\/figcaption><\/figure>\n<p><strong>Las capturas las concretaron servidores del CTI de la Seccional Tolima<\/strong>, con el acompa\u00f1amiento de la Sijin de la Polic\u00eda y el Ej\u00e9rcito Nacional.<b><br \/>\n<\/b><b><br \/>\n<\/b><b>La investigaci\u00f3n<\/b><b><br \/>\n<\/b><br \/>\nLos un procesados y dos personas m\u00e1s habr\u00edan acordado suscribir seis escrituras p\u00fablicas sustentas en informaci\u00f3n falsa. <strong>El ente acusador evidenci\u00f3 que la firma del real propietario de los inmuebles era espuria por lo que el tr\u00e1mite no pod\u00eda adelantarse.<\/strong><\/p>\n<figure id=\"attachment_300540\" aria-describedby=\"caption-attachment-300540\" style=\"width: 300px\" class=\"wp-caption alignnone\"><img loading=\"lazy\" decoding=\"async\" class=\"size-medium wp-image-300540\" src=\"https:\/\/www.fiscalia.gov.co\/colombia\/wp-content\/uploads\/Javier-Alonso-Ramirez-Rodriguez-los-tierreros-bogota-300x167.jpeg\" alt=\"en la imagen un hombre detenido (de chaqueta con jean), bajo custodia de la Ponal, Ejercol y CTI de la Fiscal\u00eda. \" width=\"300\" height=\"167\" srcset=\"https:\/\/www.fiscalia.gov.co\/colombia\/wp-content\/uploads\/Javier-Alonso-Ramirez-Rodriguez-los-tierreros-bogota-300x167.jpeg 300w, https:\/\/www.fiscalia.gov.co\/colombia\/wp-content\/uploads\/Javier-Alonso-Ramirez-Rodriguez-los-tierreros-bogota-1024x572.jpeg 1024w, https:\/\/www.fiscalia.gov.co\/colombia\/wp-content\/uploads\/Javier-Alonso-Ramirez-Rodriguez-los-tierreros-bogota-768x429.jpeg 768w, https:\/\/www.fiscalia.gov.co\/colombia\/wp-content\/uploads\/Javier-Alonso-Ramirez-Rodriguez-los-tierreros-bogota-1536x857.jpeg 1536w, https:\/\/www.fiscalia.gov.co\/colombia\/wp-content\/uploads\/Javier-Alonso-Ramirez-Rodriguez-los-tierreros-bogota-753x420.jpeg 753w, https:\/\/www.fiscalia.gov.co\/colombia\/wp-content\/uploads\/Javier-Alonso-Ramirez-Rodriguez-los-tierreros-bogota-696x385.jpeg 696w, https:\/\/www.fiscalia.gov.co\/colombia\/wp-content\/uploads\/Javier-Alonso-Ramirez-Rodriguez-los-tierreros-bogota-1068x596.jpeg 1068w, https:\/\/www.fiscalia.gov.co\/colombia\/wp-content\/uploads\/Javier-Alonso-Ramirez-Rodriguez-los-tierreros-bogota.jpeg 1600w\" sizes=\"auto, (max-width: 300px) 100vw, 300px\" \/><figcaption id=\"caption-attachment-300540\" class=\"wp-caption-text\">Javier Alonso Ram\u00edrez Rodriguez, presunto l\u00edder.<\/figcaption><\/figure>\n<p>Con este proceder la red ilegal habr\u00eda hecho incurrir en error a la oficina de <strong>Registros P\u00fablicos de Ibagu\u00e9 que aval\u00f3 la documentaci\u00f3n<\/strong> y procedi\u00f3 al registro de los inmuebles.<\/p>\n<p>Durante allanamientos adelantados por las autoridades fueron recolectados elementos materiales probatorios como contratos de compraventa de varios inmuebles.<\/p>\n<p>PAAM\/LMFO\/MAGA\/MCAA\/DST<\/p>\n<p>&nbsp;<\/p>\n<p>&nbsp;<\/p>\n<p>&nbsp;<\/p>\n<p><em>La informaci\u00f3n contenida en este bolet\u00edn de prensa corresponde a la narraci\u00f3n de los hechos noticiosos objetivos, suministrados por los funcionarios encargados de adelantar las investigaciones penales al interior de la Fiscal\u00eda General de la Naci\u00f3n. Para el momento de la divulgaci\u00f3n de este comunicado, la situaci\u00f3n jur\u00eddica de la(s) persona(s) relacionada(s) se encuentra pendiente de resolver por la autoridad judicial competente, siempre bajo los preceptos de la presunci\u00f3n de inocencia, consagrados en el art\u00edculo 29 de la Constituci\u00f3n Pol\u00edtica y el art\u00edculo 7\u00ba de la Ley 906 de 2004.<\/em><\/p>\n\n<div class=\"twitter-share\"><a href=\"https:\/\/twitter.com\/intent\/tweet?via=fiscaliacol\" class=\"twitter-share-button\">Tweet<\/a><\/div>\n","protected":false},"excerpt":{"rendered":"<p>La red delictiva estar\u00eda conformada por integrantes de una misma familia. Tres primos eran requeridos para cumplir medida de aseguramiento en un centro de reclusi\u00f3n del Tolima. Un fiscal de Purificaci\u00f3n (Tolima) judicializ\u00f3 a tres hombres se\u00f1alados de pertenecer a un grupo de delincuencia com\u00fan organizado denominado Los Tierreros, dedicado a la falsificaci\u00f3n de documentos [&hellip;]<\/p>\n","protected":false},"author":181,"featured_media":0,"comment_status":"closed","ping_status":"open","sticky":false,"template":"","format":"standard","meta":{"_price":"","_stock":"","_tribe_ticket_header":"","_tribe_default_ticket_provider":"","_tribe_ticket_capacity":"0","_ticket_start_date":"","_ticket_end_date":"","_tribe_ticket_show_description":"","_tribe_ticket_show_not_going":false,"_tribe_ticket_use_global_stock":"","_tribe_ticket_global_stock_level":"","_global_stock_mode":"","_global_stock_cap":"","_tribe_rsvp_for_event":"","_tribe_ticket_going_count":"","_tribe_ticket_not_going_count":"","_tribe_tickets_list":"[]","_tribe_ticket_has_attendee_info_fields":false,"tdm_status":"","tdm_grid_status":"","footnotes":""},"categories":[1,329],"tags":[45,26039,667,1047,1764,25201,6748,38445,23972,31372],"class_list":{"0":"post-300538","1":"post","2":"type-post","3":"status-publish","4":"format-standard","6":"category-noticias","7":"category-seccional-ibague","8":"tag-cti","9":"tag-eda","10":"tag-ejercito","11":"tag-fiscalia-general-de-la-nacion","12":"tag-fraude-procesal","13":"tag-grupo-de-delincuencia-organizada","14":"tag-los-tierreros","15":"tag-obtencion-de-documento-publico-falso-y-concierto-para-delinquir-falsedad-en-documento-privado","16":"tag-policia","17":"tag-sac"},"yoast_head":"<!-- This site is optimized with the Yoast SEO plugin v24.3 - https:\/\/yoast.com\/wordpress\/plugins\/seo\/ -->\n<title>Fiscal\u00eda General de la Naci\u00f3n<\/title>\n<meta name=\"description\" content=\"P\u00e1gina oficial de la Fiscal\u00eda General de la Naci\u00f3n \u2013 Colombia. Garantizamos el acceso efectivo a la justicia, la verdad y la reparaci\u00f3n de las v\u00edctimas de los delitos.\" \/>\n<meta name=\"robots\" content=\"noindex, follow\" \/>\n<meta property=\"og:locale\" content=\"es_ES\" \/>\n<meta property=\"og:type\" content=\"article\" \/>\n<meta property=\"og:title\" content=\"Fiscal\u00eda General de la Naci\u00f3n\" \/>\n<meta property=\"og:description\" content=\"P\u00e1gina oficial de la Fiscal\u00eda General de la Naci\u00f3n \u2013 Colombia. Garantizamos el acceso efectivo a la justicia, la verdad y la reparaci\u00f3n de las v\u00edctimas de los delitos.\" \/>\n<meta property=\"og:url\" content=\"https:\/\/www.fiscalia.gov.co\/colombia\/noticias\/fiscalia-impacta-red-ilegal-que-usando-documentacion-falsa-se-habria-apropiado-de-seis-apartamentos-en-ibague\/\" \/>\n<meta property=\"og:site_name\" content=\"Fiscal\u00eda General de la Naci\u00f3n\" \/>\n<meta property=\"article:publisher\" content=\"https:\/\/www.facebook.com\/FiscaliaCol\" \/>\n<meta property=\"article:published_time\" content=\"2024-08-23T21:43:05+00:00\" \/>\n<meta property=\"article:modified_time\" content=\"2024-08-23T21:43:38+00:00\" \/>\n<meta property=\"og:image\" content=\"https:\/\/www.fiscalia.gov.co\/colombia\/wp-content\/uploads\/Marco-Antonio-Ramirez-Rodriguez-los-tierreros-flandes-300x159.jpeg\" \/>\n<meta name=\"author\" content=\"Johanna Islenny Prieto Pe\u00f1a\" \/>\n<meta name=\"twitter:card\" content=\"summary_large_image\" \/>\n<meta name=\"twitter:creator\" content=\"@FiscaliaCol\" \/>\n<meta name=\"twitter:site\" content=\"@FiscaliaCol\" \/>\n<meta name=\"twitter:label1\" content=\"Escrito por\" \/>\n\t<meta name=\"twitter:data1\" content=\"Johanna Islenny Prieto Pe\u00f1a\" \/>\n\t<meta name=\"twitter:label2\" content=\"Tiempo de lectura\" \/>\n\t<meta name=\"twitter:data2\" content=\"3 minutos\" \/>\n<script type=\"application\/ld+json\" class=\"yoast-schema-graph\">{\"@context\":\"https:\/\/schema.org\",\"@graph\":[{\"@type\":\"Article\",\"@id\":\"https:\/\/www.fiscalia.gov.co\/colombia\/noticias\/fiscalia-impacta-red-ilegal-que-usando-documentacion-falsa-se-habria-apropiado-de-seis-apartamentos-en-ibague\/#article\",\"isPartOf\":{\"@id\":\"https:\/\/www.fiscalia.gov.co\/colombia\/noticias\/fiscalia-impacta-red-ilegal-que-usando-documentacion-falsa-se-habria-apropiado-de-seis-apartamentos-en-ibague\/\"},\"author\":{\"name\":\"Johanna Islenny Prieto Pe\u00f1a\",\"@id\":\"https:\/\/www.fiscalia.gov.co\/colombia\/#\/schema\/person\/ba9eca435947489fb25117a0cd75bf3e\"},\"headline\":\"Fiscal\u00eda impacta red ilegal que usando documentaci\u00f3n falsa se habr\u00eda apropiado de seis apartamentos en Ibagu\u00e9\",\"datePublished\":\"2024-08-23T21:43:05+00:00\",\"dateModified\":\"2024-08-23T21:43:38+00:00\",\"mainEntityOfPage\":{\"@id\":\"https:\/\/www.fiscalia.gov.co\/colombia\/noticias\/fiscalia-impacta-red-ilegal-que-usando-documentacion-falsa-se-habria-apropiado-de-seis-apartamentos-en-ibague\/\"},\"wordCount\":471,\"publisher\":{\"@id\":\"https:\/\/www.fiscalia.gov.co\/colombia\/#organization\"},\"image\":{\"@id\":\"https:\/\/www.fiscalia.gov.co\/colombia\/noticias\/fiscalia-impacta-red-ilegal-que-usando-documentacion-falsa-se-habria-apropiado-de-seis-apartamentos-en-ibague\/#primaryimage\"},\"thumbnailUrl\":\"https:\/\/www.fiscalia.gov.co\/colombia\/wp-content\/uploads\/Marco-Antonio-Ramirez-Rodriguez-los-tierreros-flandes-300x159.jpeg\",\"keywords\":[\"CTI\",\"EDA\",\"Ej\u00e9rcito\",\"Fiscal\u00eda General de la Naci\u00f3n\",\"Fraude procesal\",\"grupo de delincuencia organizada\",\"Los Tierreros\",\"obtenci\u00f3n de documento p\u00fablico falso y concierto para delinquir falsedad en documento privado.\",\"Polic\u00eda\",\"SAC\"],\"articleSection\":[\"Noticias\",\"Seccional Ibagu\u00e9\"],\"inLanguage\":\"es-CO\"},{\"@type\":\"WebPage\",\"@id\":\"https:\/\/www.fiscalia.gov.co\/colombia\/noticias\/fiscalia-impacta-red-ilegal-que-usando-documentacion-falsa-se-habria-apropiado-de-seis-apartamentos-en-ibague\/\",\"url\":\"https:\/\/www.fiscalia.gov.co\/colombia\/noticias\/fiscalia-impacta-red-ilegal-que-usando-documentacion-falsa-se-habria-apropiado-de-seis-apartamentos-en-ibague\/\",\"name\":\"Fiscal\u00eda General de la Naci\u00f3n\",\"isPartOf\":{\"@id\":\"https:\/\/www.fiscalia.gov.co\/colombia\/#website\"},\"primaryImageOfPage\":{\"@id\":\"https:\/\/www.fiscalia.gov.co\/colombia\/noticias\/fiscalia-impacta-red-ilegal-que-usando-documentacion-falsa-se-habria-apropiado-de-seis-apartamentos-en-ibague\/#primaryimage\"},\"image\":{\"@id\":\"https:\/\/www.fiscalia.gov.co\/colombia\/noticias\/fiscalia-impacta-red-ilegal-que-usando-documentacion-falsa-se-habria-apropiado-de-seis-apartamentos-en-ibague\/#primaryimage\"},\"thumbnailUrl\":\"https:\/\/www.fiscalia.gov.co\/colombia\/wp-content\/uploads\/Marco-Antonio-Ramirez-Rodriguez-los-tierreros-flandes-300x159.jpeg\",\"datePublished\":\"2024-08-23T21:43:05+00:00\",\"dateModified\":\"2024-08-23T21:43:38+00:00\",\"description\":\"P\u00e1gina oficial de la Fiscal\u00eda General de la Naci\u00f3n \u2013 Colombia. Garantizamos el acceso efectivo a la justicia, la verdad y la reparaci\u00f3n de las v\u00edctimas de los delitos.\",\"breadcrumb\":{\"@id\":\"https:\/\/www.fiscalia.gov.co\/colombia\/noticias\/fiscalia-impacta-red-ilegal-que-usando-documentacion-falsa-se-habria-apropiado-de-seis-apartamentos-en-ibague\/#breadcrumb\"},\"inLanguage\":\"es-CO\",\"potentialAction\":[{\"@type\":\"ReadAction\",\"target\":[\"https:\/\/www.fiscalia.gov.co\/colombia\/noticias\/fiscalia-impacta-red-ilegal-que-usando-documentacion-falsa-se-habria-apropiado-de-seis-apartamentos-en-ibague\/\"]}]},{\"@type\":\"ImageObject\",\"inLanguage\":\"es-CO\",\"@id\":\"https:\/\/www.fiscalia.gov.co\/colombia\/noticias\/fiscalia-impacta-red-ilegal-que-usando-documentacion-falsa-se-habria-apropiado-de-seis-apartamentos-en-ibague\/#primaryimage\",\"url\":\"https:\/\/www.fiscalia.gov.co\/colombia\/wp-content\/uploads\/Marco-Antonio-Ramirez-Rodriguez-los-tierreros-flandes.jpeg\",\"contentUrl\":\"https:\/\/www.fiscalia.gov.co\/colombia\/wp-content\/uploads\/Marco-Antonio-Ramirez-Rodriguez-los-tierreros-flandes.jpeg\",\"width\":1600,\"height\":850,\"caption\":\"Los procesados, primos entre s\u00ed, fueron detenidos en diferentes diligencias en Bogot\u00e1 y Tolima. En la imagen Marco Antonio Ram\u00edrez Rodriguez.\"},{\"@type\":\"BreadcrumbList\",\"@id\":\"https:\/\/www.fiscalia.gov.co\/colombia\/noticias\/fiscalia-impacta-red-ilegal-que-usando-documentacion-falsa-se-habria-apropiado-de-seis-apartamentos-en-ibague\/#breadcrumb\",\"itemListElement\":[{\"@type\":\"ListItem\",\"position\":1,\"name\":\"Home\",\"item\":\"https:\/\/www.fiscalia.gov.co\/colombia\/\"},{\"@type\":\"ListItem\",\"position\":2,\"name\":\"Fiscal\u00eda impacta red ilegal que usando documentaci\u00f3n falsa se habr\u00eda apropiado de seis apartamentos en Ibagu\u00e9\"}]},{\"@type\":\"WebSite\",\"@id\":\"https:\/\/www.fiscalia.gov.co\/colombia\/#website\",\"url\":\"https:\/\/www.fiscalia.gov.co\/colombia\/\",\"name\":\"Fiscal\u00eda General de la Naci\u00f3n\",\"description\":\"P\u00e1gina oficial de la Fiscal\u00eda General de la Naci\u00f3n \u2013 Colombia. Garantizamos el acceso efectivo a la justicia, la verdad y la reparaci\u00f3n de las v\u00edctimas de los delitos.\",\"publisher\":{\"@id\":\"https:\/\/www.fiscalia.gov.co\/colombia\/#organization\"},\"potentialAction\":[{\"@type\":\"SearchAction\",\"target\":{\"@type\":\"EntryPoint\",\"urlTemplate\":\"https:\/\/www.fiscalia.gov.co\/colombia\/?s={search_term_string}\"},\"query-input\":{\"@type\":\"PropertyValueSpecification\",\"valueRequired\":true,\"valueName\":\"search_term_string\"}}],\"inLanguage\":\"es-CO\"},{\"@type\":\"Organization\",\"@id\":\"https:\/\/www.fiscalia.gov.co\/colombia\/#organization\",\"name\":\"Fiscal\u00eda General de la Naci\u00f3n\",\"url\":\"https:\/\/www.fiscalia.gov.co\/colombia\/\",\"logo\":{\"@type\":\"ImageObject\",\"inLanguage\":\"es-CO\",\"@id\":\"https:\/\/www.fiscalia.gov.co\/colombia\/#\/schema\/logo\/image\/\",\"url\":\"https:\/\/www.fiscalia.gov.co\/colombia\/wp-content\/uploads\/LogoHorizontal_1.jpg\",\"contentUrl\":\"https:\/\/www.fiscalia.gov.co\/colombia\/wp-content\/uploads\/LogoHorizontal_1.jpg\",\"width\":300,\"height\":90,\"caption\":\"Fiscal\u00eda General de la Naci\u00f3n\"},\"image\":{\"@id\":\"https:\/\/www.fiscalia.gov.co\/colombia\/#\/schema\/logo\/image\/\"},\"sameAs\":[\"https:\/\/www.facebook.com\/FiscaliaCol\",\"https:\/\/x.com\/FiscaliaCol\",\"https:\/\/www.instagram.com\/fiscaliacol\",\"https:\/\/www.linkedin.com\/company\/fiscalia-general-de-la-naci-n\/\",\"https:\/\/youtube.com\/@fiscaliageneraldelanacion-4668?si=6nN79nyQICPU5iTh\"]},{\"@type\":\"Person\",\"@id\":\"https:\/\/www.fiscalia.gov.co\/colombia\/#\/schema\/person\/ba9eca435947489fb25117a0cd75bf3e\",\"name\":\"Johanna Islenny Prieto Pe\u00f1a\",\"image\":{\"@type\":\"ImageObject\",\"inLanguage\":\"es-CO\",\"@id\":\"https:\/\/www.fiscalia.gov.co\/colombia\/#\/schema\/person\/image\/\",\"url\":\"https:\/\/secure.gravatar.com\/avatar\/111433fc2acb037ffb768f6a3ca47864?s=96&d=mm&r=g\",\"contentUrl\":\"https:\/\/secure.gravatar.com\/avatar\/111433fc2acb037ffb768f6a3ca47864?s=96&d=mm&r=g\",\"caption\":\"Johanna Islenny Prieto Pe\u00f1a\"},\"url\":\"https:\/\/www.fiscalia.gov.co\/colombia\/author\/jprietop\/\"}]}<\/script>\n<!-- \/ Yoast SEO plugin. -->","yoast_head_json":{"title":"Fiscal\u00eda General de la Naci\u00f3n","description":"P\u00e1gina oficial de la Fiscal\u00eda General de la Naci\u00f3n \u2013 Colombia. Garantizamos el acceso efectivo a la justicia, la verdad y la reparaci\u00f3n de las v\u00edctimas de los delitos.","robots":{"index":"noindex","follow":"follow"},"og_locale":"es_ES","og_type":"article","og_title":"Fiscal\u00eda General de la Naci\u00f3n","og_description":"P\u00e1gina oficial de la Fiscal\u00eda General de la Naci\u00f3n \u2013 Colombia. Garantizamos el acceso efectivo a la justicia, la verdad y la reparaci\u00f3n de las v\u00edctimas de los delitos.","og_url":"https:\/\/www.fiscalia.gov.co\/colombia\/noticias\/fiscalia-impacta-red-ilegal-que-usando-documentacion-falsa-se-habria-apropiado-de-seis-apartamentos-en-ibague\/","og_site_name":"Fiscal\u00eda General de la Naci\u00f3n","article_publisher":"https:\/\/www.facebook.com\/FiscaliaCol","article_published_time":"2024-08-23T21:43:05+00:00","article_modified_time":"2024-08-23T21:43:38+00:00","og_image":[{"url":"https:\/\/www.fiscalia.gov.co\/colombia\/wp-content\/uploads\/Marco-Antonio-Ramirez-Rodriguez-los-tierreros-flandes-300x159.jpeg","type":"","width":"","height":""}],"author":"Johanna Islenny Prieto Pe\u00f1a","twitter_card":"summary_large_image","twitter_creator":"@FiscaliaCol","twitter_site":"@FiscaliaCol","twitter_misc":{"Escrito por":"Johanna Islenny Prieto Pe\u00f1a","Tiempo de lectura":"3 minutos"},"schema":{"@context":"https:\/\/schema.org","@graph":[{"@type":"Article","@id":"https:\/\/www.fiscalia.gov.co\/colombia\/noticias\/fiscalia-impacta-red-ilegal-que-usando-documentacion-falsa-se-habria-apropiado-de-seis-apartamentos-en-ibague\/#article","isPartOf":{"@id":"https:\/\/www.fiscalia.gov.co\/colombia\/noticias\/fiscalia-impacta-red-ilegal-que-usando-documentacion-falsa-se-habria-apropiado-de-seis-apartamentos-en-ibague\/"},"author":{"name":"Johanna Islenny Prieto Pe\u00f1a","@id":"https:\/\/www.fiscalia.gov.co\/colombia\/#\/schema\/person\/ba9eca435947489fb25117a0cd75bf3e"},"headline":"Fiscal\u00eda impacta red ilegal que usando documentaci\u00f3n falsa se habr\u00eda apropiado de seis apartamentos en Ibagu\u00e9","datePublished":"2024-08-23T21:43:05+00:00","dateModified":"2024-08-23T21:43:38+00:00","mainEntityOfPage":{"@id":"https:\/\/www.fiscalia.gov.co\/colombia\/noticias\/fiscalia-impacta-red-ilegal-que-usando-documentacion-falsa-se-habria-apropiado-de-seis-apartamentos-en-ibague\/"},"wordCount":471,"publisher":{"@id":"https:\/\/www.fiscalia.gov.co\/colombia\/#organization"},"image":{"@id":"https:\/\/www.fiscalia.gov.co\/colombia\/noticias\/fiscalia-impacta-red-ilegal-que-usando-documentacion-falsa-se-habria-apropiado-de-seis-apartamentos-en-ibague\/#primaryimage"},"thumbnailUrl":"https:\/\/www.fiscalia.gov.co\/colombia\/wp-content\/uploads\/Marco-Antonio-Ramirez-Rodriguez-los-tierreros-flandes-300x159.jpeg","keywords":["CTI","EDA","Ej\u00e9rcito","Fiscal\u00eda General de la Naci\u00f3n","Fraude procesal","grupo de delincuencia organizada","Los Tierreros","obtenci\u00f3n de documento p\u00fablico falso y concierto para delinquir falsedad en documento privado.","Polic\u00eda","SAC"],"articleSection":["Noticias","Seccional Ibagu\u00e9"],"inLanguage":"es-CO"},{"@type":"WebPage","@id":"https:\/\/www.fiscalia.gov.co\/colombia\/noticias\/fiscalia-impacta-red-ilegal-que-usando-documentacion-falsa-se-habria-apropiado-de-seis-apartamentos-en-ibague\/","url":"https:\/\/www.fiscalia.gov.co\/colombia\/noticias\/fiscalia-impacta-red-ilegal-que-usando-documentacion-falsa-se-habria-apropiado-de-seis-apartamentos-en-ibague\/","name":"Fiscal\u00eda General de la Naci\u00f3n","isPartOf":{"@id":"https:\/\/www.fiscalia.gov.co\/colombia\/#website"},"primaryImageOfPage":{"@id":"https:\/\/www.fiscalia.gov.co\/colombia\/noticias\/fiscalia-impacta-red-ilegal-que-usando-documentacion-falsa-se-habria-apropiado-de-seis-apartamentos-en-ibague\/#primaryimage"},"image":{"@id":"https:\/\/www.fiscalia.gov.co\/colombia\/noticias\/fiscalia-impacta-red-ilegal-que-usando-documentacion-falsa-se-habria-apropiado-de-seis-apartamentos-en-ibague\/#primaryimage"},"thumbnailUrl":"https:\/\/www.fiscalia.gov.co\/colombia\/wp-content\/uploads\/Marco-Antonio-Ramirez-Rodriguez-los-tierreros-flandes-300x159.jpeg","datePublished":"2024-08-23T21:43:05+00:00","dateModified":"2024-08-23T21:43:38+00:00","description":"P\u00e1gina oficial de la Fiscal\u00eda General de la Naci\u00f3n \u2013 Colombia. Garantizamos el acceso efectivo a la justicia, la verdad y la reparaci\u00f3n de las v\u00edctimas de los delitos.","breadcrumb":{"@id":"https:\/\/www.fiscalia.gov.co\/colombia\/noticias\/fiscalia-impacta-red-ilegal-que-usando-documentacion-falsa-se-habria-apropiado-de-seis-apartamentos-en-ibague\/#breadcrumb"},"inLanguage":"es-CO","potentialAction":[{"@type":"ReadAction","target":["https:\/\/www.fiscalia.gov.co\/colombia\/noticias\/fiscalia-impacta-red-ilegal-que-usando-documentacion-falsa-se-habria-apropiado-de-seis-apartamentos-en-ibague\/"]}]},{"@type":"ImageObject","inLanguage":"es-CO","@id":"https:\/\/www.fiscalia.gov.co\/colombia\/noticias\/fiscalia-impacta-red-ilegal-que-usando-documentacion-falsa-se-habria-apropiado-de-seis-apartamentos-en-ibague\/#primaryimage","url":"https:\/\/www.fiscalia.gov.co\/colombia\/wp-content\/uploads\/Marco-Antonio-Ramirez-Rodriguez-los-tierreros-flandes.jpeg","contentUrl":"https:\/\/www.fiscalia.gov.co\/colombia\/wp-content\/uploads\/Marco-Antonio-Ramirez-Rodriguez-los-tierreros-flandes.jpeg","width":1600,"height":850,"caption":"Los procesados, primos entre s\u00ed, fueron detenidos en diferentes diligencias en Bogot\u00e1 y Tolima. En la imagen Marco Antonio Ram\u00edrez Rodriguez."},{"@type":"BreadcrumbList","@id":"https:\/\/www.fiscalia.gov.co\/colombia\/noticias\/fiscalia-impacta-red-ilegal-que-usando-documentacion-falsa-se-habria-apropiado-de-seis-apartamentos-en-ibague\/#breadcrumb","itemListElement":[{"@type":"ListItem","position":1,"name":"Home","item":"https:\/\/www.fiscalia.gov.co\/colombia\/"},{"@type":"ListItem","position":2,"name":"Fiscal\u00eda impacta red ilegal que usando documentaci\u00f3n falsa se habr\u00eda apropiado de seis apartamentos en Ibagu\u00e9"}]},{"@type":"WebSite","@id":"https:\/\/www.fiscalia.gov.co\/colombia\/#website","url":"https:\/\/www.fiscalia.gov.co\/colombia\/","name":"Fiscal\u00eda General de la Naci\u00f3n","description":"P\u00e1gina oficial de la Fiscal\u00eda General de la Naci\u00f3n \u2013 Colombia. Garantizamos el acceso efectivo a la justicia, la verdad y la reparaci\u00f3n de las v\u00edctimas de los delitos.","publisher":{"@id":"https:\/\/www.fiscalia.gov.co\/colombia\/#organization"},"potentialAction":[{"@type":"SearchAction","target":{"@type":"EntryPoint","urlTemplate":"https:\/\/www.fiscalia.gov.co\/colombia\/?s={search_term_string}"},"query-input":{"@type":"PropertyValueSpecification","valueRequired":true,"valueName":"search_term_string"}}],"inLanguage":"es-CO"},{"@type":"Organization","@id":"https:\/\/www.fiscalia.gov.co\/colombia\/#organization","name":"Fiscal\u00eda General de la Naci\u00f3n","url":"https:\/\/www.fiscalia.gov.co\/colombia\/","logo":{"@type":"ImageObject","inLanguage":"es-CO","@id":"https:\/\/www.fiscalia.gov.co\/colombia\/#\/schema\/logo\/image\/","url":"https:\/\/www.fiscalia.gov.co\/colombia\/wp-content\/uploads\/LogoHorizontal_1.jpg","contentUrl":"https:\/\/www.fiscalia.gov.co\/colombia\/wp-content\/uploads\/LogoHorizontal_1.jpg","width":300,"height":90,"caption":"Fiscal\u00eda General de la Naci\u00f3n"},"image":{"@id":"https:\/\/www.fiscalia.gov.co\/colombia\/#\/schema\/logo\/image\/"},"sameAs":["https:\/\/www.facebook.com\/FiscaliaCol","https:\/\/x.com\/FiscaliaCol","https:\/\/www.instagram.com\/fiscaliacol","https:\/\/www.linkedin.com\/company\/fiscalia-general-de-la-naci-n\/","https:\/\/youtube.com\/@fiscaliageneraldelanacion-4668?si=6nN79nyQICPU5iTh"]},{"@type":"Person","@id":"https:\/\/www.fiscalia.gov.co\/colombia\/#\/schema\/person\/ba9eca435947489fb25117a0cd75bf3e","name":"Johanna Islenny Prieto Pe\u00f1a","image":{"@type":"ImageObject","inLanguage":"es-CO","@id":"https:\/\/www.fiscalia.gov.co\/colombia\/#\/schema\/person\/image\/","url":"https:\/\/secure.gravatar.com\/avatar\/111433fc2acb037ffb768f6a3ca47864?s=96&d=mm&r=g","contentUrl":"https:\/\/secure.gravatar.com\/avatar\/111433fc2acb037ffb768f6a3ca47864?s=96&d=mm&r=g","caption":"Johanna Islenny Prieto Pe\u00f1a"},"url":"https:\/\/www.fiscalia.gov.co\/colombia\/author\/jprietop\/"}]}},"_links":{"self":[{"href":"https:\/\/www.fiscalia.gov.co\/colombia\/wp-json\/wp\/v2\/posts\/300538","targetHints":{"allow":["GET"]}}],"collection":[{"href":"https:\/\/www.fiscalia.gov.co\/colombia\/wp-json\/wp\/v2\/posts"}],"about":[{"href":"https:\/\/www.fiscalia.gov.co\/colombia\/wp-json\/wp\/v2\/types\/post"}],"author":[{"embeddable":true,"href":"https:\/\/www.fiscalia.gov.co\/colombia\/wp-json\/wp\/v2\/users\/181"}],"replies":[{"embeddable":true,"href":"https:\/\/www.fiscalia.gov.co\/colombia\/wp-json\/wp\/v2\/comments?post=300538"}],"version-history":[{"count":1,"href":"https:\/\/www.fiscalia.gov.co\/colombia\/wp-json\/wp\/v2\/posts\/300538\/revisions"}],"predecessor-version":[{"id":300545,"href":"https:\/\/www.fiscalia.gov.co\/colombia\/wp-json\/wp\/v2\/posts\/300538\/revisions\/300545"}],"wp:attachment":[{"href":"https:\/\/www.fiscalia.gov.co\/colombia\/wp-json\/wp\/v2\/media?parent=300538"}],"wp:term":[{"taxonomy":"category","embeddable":true,"href":"https:\/\/www.fiscalia.gov.co\/colombia\/wp-json\/wp\/v2\/categories?post=300538"},{"taxonomy":"post_tag","embeddable":true,"href":"https:\/\/www.fiscalia.gov.co\/colombia\/wp-json\/wp\/v2\/tags?post=300538"}],"curies":[{"name":"wp","href":"https:\/\/api.w.org\/{rel}","templated":true}]}}