{"id":300481,"date":"2024-08-22T15:49:45","date_gmt":"2024-08-22T20:49:45","guid":{"rendered":"https:\/\/www.fiscalia.gov.co\/colombia\/?p=300481"},"modified":"2024-08-22T15:51:19","modified_gmt":"2024-08-22T20:51:19","slug":"fiscalia-judicializa-a-un-hombre-presuntamente-responsable-del-feminicidio-de-su-pareja-sentimental","status":"publish","type":"post","link":"https:\/\/www.fiscalia.gov.co\/colombia\/noticias\/fiscalia-judicializa-a-un-hombre-presuntamente-responsable-del-feminicidio-de-su-pareja-sentimental\/","title":{"rendered":"Fiscal\u00eda judicializa a un hombre, presuntamente responsable del feminicidio de su pareja sentimental"},"content":{"rendered":"<p style=\"text-align: left;\" align=\"center\">Un fiscal de la Estructura de Apoyo (EDA) de la Seccional Valle del Cauca consigui\u00f3 que <strong>un juez enviara a la c\u00e1rcel a Silvio Andr\u00e9s Ram\u00edrez Dom\u00ednguez, de 38 a\u00f1os,<\/strong> luego de ser imputado por el delito de feminicidio agravado.<\/p>\n<p>Los hechos investigados ocurrieron el 8 de diciembre de 2021 en una vereda del municipio de Guacar\u00ed, centro del Valle del Cauca, donde <strong>el hombre habr\u00eda provocado un accidente motocicl\u00edstico que involucr\u00f3 a su pareja sentimental<\/strong>, a quien luego atac\u00f3 <a href=\"https:\/\/www.fiscalia.gov.co\/colombia\/noticias\/condenado-papa-que-hirio-con-arma-cortopunzante-a-sus-dos-hijos-en-miraflores-guaviare\/\" target=\"_blank\" rel=\"noopener\">con un arma cortopunzante<\/a> hasta causarle la muerte.<\/p>\n<figure id=\"attachment_300482\" aria-describedby=\"caption-attachment-300482\" style=\"width: 300px\" class=\"wp-caption aligncenter\"><img loading=\"lazy\" decoding=\"async\" class=\"size-medium wp-image-300482\" src=\"https:\/\/www.fiscalia.gov.co\/colombia\/wp-content\/uploads\/FEMINICIDA-2-1-300x193.jpg\" alt=\"En la fotograf\u00eda aparece el capturado junto un servidor del CTI y un agente de la Polic\u00eda Nacional. En la parte superior est\u00e1 un banner del grupo EDA de la Fiscal\u00eda General y un banner de la Polic\u00eda NacionalPie de foto: Silvio Andr\u00e9s Ram\u00edrez Dom\u00ednguez fue imputado con cargos coMo presunto autor de feminicidio agravado \" width=\"300\" height=\"193\" srcset=\"https:\/\/www.fiscalia.gov.co\/colombia\/wp-content\/uploads\/FEMINICIDA-2-1-300x193.jpg 300w, https:\/\/www.fiscalia.gov.co\/colombia\/wp-content\/uploads\/FEMINICIDA-2-1-1024x659.jpg 1024w, https:\/\/www.fiscalia.gov.co\/colombia\/wp-content\/uploads\/FEMINICIDA-2-1-768x494.jpg 768w, https:\/\/www.fiscalia.gov.co\/colombia\/wp-content\/uploads\/FEMINICIDA-2-1-1536x989.jpg 1536w, https:\/\/www.fiscalia.gov.co\/colombia\/wp-content\/uploads\/FEMINICIDA-2-1-652x420.jpg 652w, https:\/\/www.fiscalia.gov.co\/colombia\/wp-content\/uploads\/FEMINICIDA-2-1-696x448.jpg 696w, https:\/\/www.fiscalia.gov.co\/colombia\/wp-content\/uploads\/FEMINICIDA-2-1-1068x688.jpg 1068w, https:\/\/www.fiscalia.gov.co\/colombia\/wp-content\/uploads\/FEMINICIDA-2-1.jpg 1600w\" sizes=\"auto, (max-width: 300px) 100vw, 300px\" \/><figcaption id=\"caption-attachment-300482\" class=\"wp-caption-text\">Silvio Andr\u00e9s Ram\u00edrez Dom\u00ednguez fue imputado con cargos coMo presunto autor de feminicidio agravado<\/figcaption><\/figure>\n<p style=\"text-align: left;\" align=\"center\">Entrevistas a testigos, <a href=\"https:\/\/www.fiscalia.gov.co\/colombia\/noticias\/fiscalia-obtiene-condena-de-17-anos-contra-responsable-de-homicidio-de-un-hombre-en-zona-metropolitana-de-cucuta\/\" target=\"_blank\" rel=\"noopener\">reconocimientos fotogr\u00e1ficos<\/a> e inspecciones al lugar de los hechos <strong>permitieron individualizar al presunto homicida.<\/strong><\/p>\n<p style=\"text-align: left;\" align=\"center\"><strong>La fiscal\u00eda estableci\u00f3 que Ram\u00edrez Dom\u00ednguez vendr\u00eda incurriendo en episodios de violencia verbal y sicol\u00f3gica<\/strong> debido a que la mujer habr\u00eda tomado la determinaci\u00f3n de terminar la relaci\u00f3n sentimental.<\/p>\n<p style=\"text-align: left;\" align=\"center\">El trabajo articulado entre el CTI y la Sijin de la Polic\u00eda Nacional <strong>permiti\u00f3 la captura del procesado cerca al puente de Guacar\u00ed.<\/strong><\/p>\n<p style=\"text-align: left;\" align=\"center\">El investigado neg\u00f3 su responsabilidad en cuanto a los delitos imputados por la fiscal\u00eda. Por su parte, <strong>el juez de control de garant\u00edas dict\u00f3 medida de aseguramiento en centro carcelario.<\/strong><\/p>\n<p>JGPV\/AICR\/DSV\/MAGA.<\/p>\n<p>&nbsp;<\/p>\n<p>&nbsp;<\/p>\n<p>&nbsp;<\/p>\n<p><em><span lang=\"ES\">La informaci\u00f3n contenida en este bolet\u00edn de prensa corresponde a la narraci\u00f3n de los hechos noticiosos objetivos, suministrados por los funcionarios encargados de adelantar las investigaciones penales al interior de la Fiscal\u00eda General de la Naci\u00f3n. Para el momento de la divulgaci\u00f3n de este comunicado, la situaci\u00f3n jur\u00eddica de la(s) persona(s) relacionada(s) se encuentra pendiente de resolver por la autoridad judicial competente, siempre bajo los preceptos de la presunci\u00f3n de inocencia, consagrados en el art\u00edculo 29 de la Constituci\u00f3n Pol\u00edtica y el art\u00edculo 7\u00ba de la Ley 906 de 2004.<\/span><\/em><\/p>\n<div><\/div>\n\n<div class=\"twitter-share\"><a href=\"https:\/\/twitter.com\/intent\/tweet?via=fiscaliacol\" class=\"twitter-share-button\">Tweet<\/a><\/div>\n","protected":false},"excerpt":{"rendered":"<p>Un fiscal de la Estructura de Apoyo (EDA) de la Seccional Valle del Cauca consigui\u00f3 que un juez enviara a la c\u00e1rcel a Silvio Andr\u00e9s Ram\u00edrez Dom\u00ednguez, de 38 a\u00f1os, luego de ser imputado por el delito de feminicidio agravado. Los hechos investigados ocurrieron el 8 de diciembre de 2021 en una vereda del municipio [&hellip;]<\/p>\n","protected":false},"author":181,"featured_media":0,"comment_status":"closed","ping_status":"open","sticky":false,"template":"","format":"standard","meta":{"_price":"","_stock":"","_tribe_ticket_header":"","_tribe_default_ticket_provider":"","_tribe_ticket_capacity":"0","_ticket_start_date":"","_ticket_end_date":"","_tribe_ticket_show_description":"","_tribe_ticket_show_not_going":false,"_tribe_ticket_use_global_stock":"","_tribe_ticket_global_stock_level":"","_global_stock_mode":"","_global_stock_cap":"","_tribe_rsvp_for_event":"","_tribe_ticket_going_count":"","_tribe_ticket_not_going_count":"","_tribe_tickets_list":"[]","_tribe_ticket_has_attendee_info_fields":false,"tdm_status":"","tdm_grid_status":"","footnotes":""},"categories":[1],"tags":[37492,4614,1047,37671],"class_list":{"0":"post-300481","1":"post","2":"type-post","3":"status-publish","4":"format-standard","6":"category-noticias","7":"tag-fiscal-luz-adriana-camargo","8":"tag-fiscalia-2","9":"tag-fiscalia-general-de-la-nacion","10":"tag-noticias"},"yoast_head":"<!-- This site is optimized with the Yoast SEO plugin v24.3 - https:\/\/yoast.com\/wordpress\/plugins\/seo\/ -->\n<title>Fiscal\u00eda General de la Naci\u00f3n<\/title>\n<meta name=\"description\" content=\"P\u00e1gina oficial de la Fiscal\u00eda General de la Naci\u00f3n \u2013 Colombia. Garantizamos el acceso efectivo a la justicia, la verdad y la reparaci\u00f3n de las v\u00edctimas de los delitos.\" \/>\n<meta name=\"robots\" content=\"noindex, follow\" \/>\n<meta property=\"og:locale\" content=\"es_ES\" \/>\n<meta property=\"og:type\" content=\"article\" \/>\n<meta property=\"og:title\" content=\"Fiscal\u00eda General de la Naci\u00f3n\" \/>\n<meta property=\"og:description\" content=\"P\u00e1gina oficial de la Fiscal\u00eda General de la Naci\u00f3n \u2013 Colombia. Garantizamos el acceso efectivo a la justicia, la verdad y la reparaci\u00f3n de las v\u00edctimas de los delitos.\" \/>\n<meta property=\"og:url\" content=\"https:\/\/www.fiscalia.gov.co\/colombia\/noticias\/fiscalia-judicializa-a-un-hombre-presuntamente-responsable-del-feminicidio-de-su-pareja-sentimental\/\" \/>\n<meta property=\"og:site_name\" content=\"Fiscal\u00eda General de la Naci\u00f3n\" \/>\n<meta property=\"article:publisher\" content=\"https:\/\/www.facebook.com\/FiscaliaCol\" \/>\n<meta property=\"article:published_time\" content=\"2024-08-22T20:49:45+00:00\" \/>\n<meta property=\"article:modified_time\" content=\"2024-08-22T20:51:19+00:00\" \/>\n<meta property=\"og:image\" content=\"https:\/\/www.fiscalia.gov.co\/colombia\/wp-content\/uploads\/FEMINICIDA-2-1-300x193.jpg\" \/>\n<meta name=\"author\" content=\"Johanna Islenny Prieto Pe\u00f1a\" \/>\n<meta name=\"twitter:card\" content=\"summary_large_image\" \/>\n<meta name=\"twitter:creator\" content=\"@FiscaliaCol\" \/>\n<meta name=\"twitter:site\" content=\"@FiscaliaCol\" \/>\n<meta name=\"twitter:label1\" content=\"Escrito por\" \/>\n\t<meta name=\"twitter:data1\" content=\"Johanna Islenny Prieto Pe\u00f1a\" \/>\n\t<meta name=\"twitter:label2\" content=\"Tiempo de lectura\" \/>\n\t<meta name=\"twitter:data2\" content=\"2 minutos\" \/>\n<script type=\"application\/ld+json\" class=\"yoast-schema-graph\">{\"@context\":\"https:\/\/schema.org\",\"@graph\":[{\"@type\":\"Article\",\"@id\":\"https:\/\/www.fiscalia.gov.co\/colombia\/noticias\/fiscalia-judicializa-a-un-hombre-presuntamente-responsable-del-feminicidio-de-su-pareja-sentimental\/#article\",\"isPartOf\":{\"@id\":\"https:\/\/www.fiscalia.gov.co\/colombia\/noticias\/fiscalia-judicializa-a-un-hombre-presuntamente-responsable-del-feminicidio-de-su-pareja-sentimental\/\"},\"author\":{\"name\":\"Johanna Islenny Prieto Pe\u00f1a\",\"@id\":\"https:\/\/www.fiscalia.gov.co\/colombia\/#\/schema\/person\/ba9eca435947489fb25117a0cd75bf3e\"},\"headline\":\"Fiscal\u00eda judicializa a un hombre, presuntamente responsable del feminicidio de su pareja sentimental\",\"datePublished\":\"2024-08-22T20:49:45+00:00\",\"dateModified\":\"2024-08-22T20:51:19+00:00\",\"mainEntityOfPage\":{\"@id\":\"https:\/\/www.fiscalia.gov.co\/colombia\/noticias\/fiscalia-judicializa-a-un-hombre-presuntamente-responsable-del-feminicidio-de-su-pareja-sentimental\/\"},\"wordCount\":350,\"publisher\":{\"@id\":\"https:\/\/www.fiscalia.gov.co\/colombia\/#organization\"},\"image\":{\"@id\":\"https:\/\/www.fiscalia.gov.co\/colombia\/noticias\/fiscalia-judicializa-a-un-hombre-presuntamente-responsable-del-feminicidio-de-su-pareja-sentimental\/#primaryimage\"},\"thumbnailUrl\":\"https:\/\/www.fiscalia.gov.co\/colombia\/wp-content\/uploads\/FEMINICIDA-2-1-300x193.jpg\",\"keywords\":[\"Fiscal Luz Adriana Camargo\",\"Fiscal\u00eda\",\"Fiscal\u00eda General de la Naci\u00f3n\",\"Noticias\"],\"articleSection\":[\"Noticias\"],\"inLanguage\":\"es-CO\"},{\"@type\":\"WebPage\",\"@id\":\"https:\/\/www.fiscalia.gov.co\/colombia\/noticias\/fiscalia-judicializa-a-un-hombre-presuntamente-responsable-del-feminicidio-de-su-pareja-sentimental\/\",\"url\":\"https:\/\/www.fiscalia.gov.co\/colombia\/noticias\/fiscalia-judicializa-a-un-hombre-presuntamente-responsable-del-feminicidio-de-su-pareja-sentimental\/\",\"name\":\"Fiscal\u00eda General de la Naci\u00f3n\",\"isPartOf\":{\"@id\":\"https:\/\/www.fiscalia.gov.co\/colombia\/#website\"},\"primaryImageOfPage\":{\"@id\":\"https:\/\/www.fiscalia.gov.co\/colombia\/noticias\/fiscalia-judicializa-a-un-hombre-presuntamente-responsable-del-feminicidio-de-su-pareja-sentimental\/#primaryimage\"},\"image\":{\"@id\":\"https:\/\/www.fiscalia.gov.co\/colombia\/noticias\/fiscalia-judicializa-a-un-hombre-presuntamente-responsable-del-feminicidio-de-su-pareja-sentimental\/#primaryimage\"},\"thumbnailUrl\":\"https:\/\/www.fiscalia.gov.co\/colombia\/wp-content\/uploads\/FEMINICIDA-2-1-300x193.jpg\",\"datePublished\":\"2024-08-22T20:49:45+00:00\",\"dateModified\":\"2024-08-22T20:51:19+00:00\",\"description\":\"P\u00e1gina oficial de la Fiscal\u00eda General de la Naci\u00f3n \u2013 Colombia. Garantizamos el acceso efectivo a la justicia, la verdad y la reparaci\u00f3n de las v\u00edctimas de los delitos.\",\"breadcrumb\":{\"@id\":\"https:\/\/www.fiscalia.gov.co\/colombia\/noticias\/fiscalia-judicializa-a-un-hombre-presuntamente-responsable-del-feminicidio-de-su-pareja-sentimental\/#breadcrumb\"},\"inLanguage\":\"es-CO\",\"potentialAction\":[{\"@type\":\"ReadAction\",\"target\":[\"https:\/\/www.fiscalia.gov.co\/colombia\/noticias\/fiscalia-judicializa-a-un-hombre-presuntamente-responsable-del-feminicidio-de-su-pareja-sentimental\/\"]}]},{\"@type\":\"ImageObject\",\"inLanguage\":\"es-CO\",\"@id\":\"https:\/\/www.fiscalia.gov.co\/colombia\/noticias\/fiscalia-judicializa-a-un-hombre-presuntamente-responsable-del-feminicidio-de-su-pareja-sentimental\/#primaryimage\",\"url\":\"https:\/\/www.fiscalia.gov.co\/colombia\/wp-content\/uploads\/FEMINICIDA-2-1.jpg\",\"contentUrl\":\"https:\/\/www.fiscalia.gov.co\/colombia\/wp-content\/uploads\/FEMINICIDA-2-1.jpg\",\"width\":1600,\"height\":1030,\"caption\":\"Silvio Andr\u00e9s Ram\u00edrez Dom\u00ednguez fue imputado con cargos coMo presunto autor de feminicidio agravado\"},{\"@type\":\"BreadcrumbList\",\"@id\":\"https:\/\/www.fiscalia.gov.co\/colombia\/noticias\/fiscalia-judicializa-a-un-hombre-presuntamente-responsable-del-feminicidio-de-su-pareja-sentimental\/#breadcrumb\",\"itemListElement\":[{\"@type\":\"ListItem\",\"position\":1,\"name\":\"Home\",\"item\":\"https:\/\/www.fiscalia.gov.co\/colombia\/\"},{\"@type\":\"ListItem\",\"position\":2,\"name\":\"Fiscal\u00eda judicializa a un hombre, presuntamente responsable del feminicidio de su pareja sentimental\"}]},{\"@type\":\"WebSite\",\"@id\":\"https:\/\/www.fiscalia.gov.co\/colombia\/#website\",\"url\":\"https:\/\/www.fiscalia.gov.co\/colombia\/\",\"name\":\"Fiscal\u00eda General de la Naci\u00f3n\",\"description\":\"P\u00e1gina oficial de la Fiscal\u00eda General de la Naci\u00f3n \u2013 Colombia. Garantizamos el acceso efectivo a la justicia, la verdad y la reparaci\u00f3n de las v\u00edctimas de los delitos.\",\"publisher\":{\"@id\":\"https:\/\/www.fiscalia.gov.co\/colombia\/#organization\"},\"potentialAction\":[{\"@type\":\"SearchAction\",\"target\":{\"@type\":\"EntryPoint\",\"urlTemplate\":\"https:\/\/www.fiscalia.gov.co\/colombia\/?s={search_term_string}\"},\"query-input\":{\"@type\":\"PropertyValueSpecification\",\"valueRequired\":true,\"valueName\":\"search_term_string\"}}],\"inLanguage\":\"es-CO\"},{\"@type\":\"Organization\",\"@id\":\"https:\/\/www.fiscalia.gov.co\/colombia\/#organization\",\"name\":\"Fiscal\u00eda General de la Naci\u00f3n\",\"url\":\"https:\/\/www.fiscalia.gov.co\/colombia\/\",\"logo\":{\"@type\":\"ImageObject\",\"inLanguage\":\"es-CO\",\"@id\":\"https:\/\/www.fiscalia.gov.co\/colombia\/#\/schema\/logo\/image\/\",\"url\":\"https:\/\/www.fiscalia.gov.co\/colombia\/wp-content\/uploads\/LogoHorizontal_1.jpg\",\"contentUrl\":\"https:\/\/www.fiscalia.gov.co\/colombia\/wp-content\/uploads\/LogoHorizontal_1.jpg\",\"width\":300,\"height\":90,\"caption\":\"Fiscal\u00eda General de la Naci\u00f3n\"},\"image\":{\"@id\":\"https:\/\/www.fiscalia.gov.co\/colombia\/#\/schema\/logo\/image\/\"},\"sameAs\":[\"https:\/\/www.facebook.com\/FiscaliaCol\",\"https:\/\/x.com\/FiscaliaCol\",\"https:\/\/www.instagram.com\/fiscaliacol\",\"https:\/\/www.linkedin.com\/company\/fiscalia-general-de-la-naci-n\/\",\"https:\/\/youtube.com\/@fiscaliageneraldelanacion-4668?si=6nN79nyQICPU5iTh\"]},{\"@type\":\"Person\",\"@id\":\"https:\/\/www.fiscalia.gov.co\/colombia\/#\/schema\/person\/ba9eca435947489fb25117a0cd75bf3e\",\"name\":\"Johanna Islenny Prieto Pe\u00f1a\",\"image\":{\"@type\":\"ImageObject\",\"inLanguage\":\"es-CO\",\"@id\":\"https:\/\/www.fiscalia.gov.co\/colombia\/#\/schema\/person\/image\/\",\"url\":\"https:\/\/secure.gravatar.com\/avatar\/111433fc2acb037ffb768f6a3ca47864?s=96&d=mm&r=g\",\"contentUrl\":\"https:\/\/secure.gravatar.com\/avatar\/111433fc2acb037ffb768f6a3ca47864?s=96&d=mm&r=g\",\"caption\":\"Johanna Islenny Prieto Pe\u00f1a\"},\"url\":\"https:\/\/www.fiscalia.gov.co\/colombia\/author\/jprietop\/\"}]}<\/script>\n<!-- \/ Yoast SEO plugin. -->","yoast_head_json":{"title":"Fiscal\u00eda General de la Naci\u00f3n","description":"P\u00e1gina oficial de la Fiscal\u00eda General de la Naci\u00f3n \u2013 Colombia. Garantizamos el acceso efectivo a la justicia, la verdad y la reparaci\u00f3n de las v\u00edctimas de los delitos.","robots":{"index":"noindex","follow":"follow"},"og_locale":"es_ES","og_type":"article","og_title":"Fiscal\u00eda General de la Naci\u00f3n","og_description":"P\u00e1gina oficial de la Fiscal\u00eda General de la Naci\u00f3n \u2013 Colombia. Garantizamos el acceso efectivo a la justicia, la verdad y la reparaci\u00f3n de las v\u00edctimas de los delitos.","og_url":"https:\/\/www.fiscalia.gov.co\/colombia\/noticias\/fiscalia-judicializa-a-un-hombre-presuntamente-responsable-del-feminicidio-de-su-pareja-sentimental\/","og_site_name":"Fiscal\u00eda General de la Naci\u00f3n","article_publisher":"https:\/\/www.facebook.com\/FiscaliaCol","article_published_time":"2024-08-22T20:49:45+00:00","article_modified_time":"2024-08-22T20:51:19+00:00","og_image":[{"url":"https:\/\/www.fiscalia.gov.co\/colombia\/wp-content\/uploads\/FEMINICIDA-2-1-300x193.jpg","type":"","width":"","height":""}],"author":"Johanna Islenny Prieto Pe\u00f1a","twitter_card":"summary_large_image","twitter_creator":"@FiscaliaCol","twitter_site":"@FiscaliaCol","twitter_misc":{"Escrito por":"Johanna Islenny Prieto Pe\u00f1a","Tiempo de lectura":"2 minutos"},"schema":{"@context":"https:\/\/schema.org","@graph":[{"@type":"Article","@id":"https:\/\/www.fiscalia.gov.co\/colombia\/noticias\/fiscalia-judicializa-a-un-hombre-presuntamente-responsable-del-feminicidio-de-su-pareja-sentimental\/#article","isPartOf":{"@id":"https:\/\/www.fiscalia.gov.co\/colombia\/noticias\/fiscalia-judicializa-a-un-hombre-presuntamente-responsable-del-feminicidio-de-su-pareja-sentimental\/"},"author":{"name":"Johanna Islenny Prieto Pe\u00f1a","@id":"https:\/\/www.fiscalia.gov.co\/colombia\/#\/schema\/person\/ba9eca435947489fb25117a0cd75bf3e"},"headline":"Fiscal\u00eda judicializa a un hombre, presuntamente responsable del feminicidio de su pareja sentimental","datePublished":"2024-08-22T20:49:45+00:00","dateModified":"2024-08-22T20:51:19+00:00","mainEntityOfPage":{"@id":"https:\/\/www.fiscalia.gov.co\/colombia\/noticias\/fiscalia-judicializa-a-un-hombre-presuntamente-responsable-del-feminicidio-de-su-pareja-sentimental\/"},"wordCount":350,"publisher":{"@id":"https:\/\/www.fiscalia.gov.co\/colombia\/#organization"},"image":{"@id":"https:\/\/www.fiscalia.gov.co\/colombia\/noticias\/fiscalia-judicializa-a-un-hombre-presuntamente-responsable-del-feminicidio-de-su-pareja-sentimental\/#primaryimage"},"thumbnailUrl":"https:\/\/www.fiscalia.gov.co\/colombia\/wp-content\/uploads\/FEMINICIDA-2-1-300x193.jpg","keywords":["Fiscal Luz Adriana Camargo","Fiscal\u00eda","Fiscal\u00eda General de la Naci\u00f3n","Noticias"],"articleSection":["Noticias"],"inLanguage":"es-CO"},{"@type":"WebPage","@id":"https:\/\/www.fiscalia.gov.co\/colombia\/noticias\/fiscalia-judicializa-a-un-hombre-presuntamente-responsable-del-feminicidio-de-su-pareja-sentimental\/","url":"https:\/\/www.fiscalia.gov.co\/colombia\/noticias\/fiscalia-judicializa-a-un-hombre-presuntamente-responsable-del-feminicidio-de-su-pareja-sentimental\/","name":"Fiscal\u00eda General de la Naci\u00f3n","isPartOf":{"@id":"https:\/\/www.fiscalia.gov.co\/colombia\/#website"},"primaryImageOfPage":{"@id":"https:\/\/www.fiscalia.gov.co\/colombia\/noticias\/fiscalia-judicializa-a-un-hombre-presuntamente-responsable-del-feminicidio-de-su-pareja-sentimental\/#primaryimage"},"image":{"@id":"https:\/\/www.fiscalia.gov.co\/colombia\/noticias\/fiscalia-judicializa-a-un-hombre-presuntamente-responsable-del-feminicidio-de-su-pareja-sentimental\/#primaryimage"},"thumbnailUrl":"https:\/\/www.fiscalia.gov.co\/colombia\/wp-content\/uploads\/FEMINICIDA-2-1-300x193.jpg","datePublished":"2024-08-22T20:49:45+00:00","dateModified":"2024-08-22T20:51:19+00:00","description":"P\u00e1gina oficial de la Fiscal\u00eda General de la Naci\u00f3n \u2013 Colombia. Garantizamos el acceso efectivo a la justicia, la verdad y la reparaci\u00f3n de las v\u00edctimas de los delitos.","breadcrumb":{"@id":"https:\/\/www.fiscalia.gov.co\/colombia\/noticias\/fiscalia-judicializa-a-un-hombre-presuntamente-responsable-del-feminicidio-de-su-pareja-sentimental\/#breadcrumb"},"inLanguage":"es-CO","potentialAction":[{"@type":"ReadAction","target":["https:\/\/www.fiscalia.gov.co\/colombia\/noticias\/fiscalia-judicializa-a-un-hombre-presuntamente-responsable-del-feminicidio-de-su-pareja-sentimental\/"]}]},{"@type":"ImageObject","inLanguage":"es-CO","@id":"https:\/\/www.fiscalia.gov.co\/colombia\/noticias\/fiscalia-judicializa-a-un-hombre-presuntamente-responsable-del-feminicidio-de-su-pareja-sentimental\/#primaryimage","url":"https:\/\/www.fiscalia.gov.co\/colombia\/wp-content\/uploads\/FEMINICIDA-2-1.jpg","contentUrl":"https:\/\/www.fiscalia.gov.co\/colombia\/wp-content\/uploads\/FEMINICIDA-2-1.jpg","width":1600,"height":1030,"caption":"Silvio Andr\u00e9s Ram\u00edrez Dom\u00ednguez fue imputado con cargos coMo presunto autor de feminicidio agravado"},{"@type":"BreadcrumbList","@id":"https:\/\/www.fiscalia.gov.co\/colombia\/noticias\/fiscalia-judicializa-a-un-hombre-presuntamente-responsable-del-feminicidio-de-su-pareja-sentimental\/#breadcrumb","itemListElement":[{"@type":"ListItem","position":1,"name":"Home","item":"https:\/\/www.fiscalia.gov.co\/colombia\/"},{"@type":"ListItem","position":2,"name":"Fiscal\u00eda judicializa a un hombre, presuntamente responsable del feminicidio de su pareja sentimental"}]},{"@type":"WebSite","@id":"https:\/\/www.fiscalia.gov.co\/colombia\/#website","url":"https:\/\/www.fiscalia.gov.co\/colombia\/","name":"Fiscal\u00eda General de la Naci\u00f3n","description":"P\u00e1gina oficial de la Fiscal\u00eda General de la Naci\u00f3n \u2013 Colombia. Garantizamos el acceso efectivo a la justicia, la verdad y la reparaci\u00f3n de las v\u00edctimas de los delitos.","publisher":{"@id":"https:\/\/www.fiscalia.gov.co\/colombia\/#organization"},"potentialAction":[{"@type":"SearchAction","target":{"@type":"EntryPoint","urlTemplate":"https:\/\/www.fiscalia.gov.co\/colombia\/?s={search_term_string}"},"query-input":{"@type":"PropertyValueSpecification","valueRequired":true,"valueName":"search_term_string"}}],"inLanguage":"es-CO"},{"@type":"Organization","@id":"https:\/\/www.fiscalia.gov.co\/colombia\/#organization","name":"Fiscal\u00eda General de la Naci\u00f3n","url":"https:\/\/www.fiscalia.gov.co\/colombia\/","logo":{"@type":"ImageObject","inLanguage":"es-CO","@id":"https:\/\/www.fiscalia.gov.co\/colombia\/#\/schema\/logo\/image\/","url":"https:\/\/www.fiscalia.gov.co\/colombia\/wp-content\/uploads\/LogoHorizontal_1.jpg","contentUrl":"https:\/\/www.fiscalia.gov.co\/colombia\/wp-content\/uploads\/LogoHorizontal_1.jpg","width":300,"height":90,"caption":"Fiscal\u00eda General de la Naci\u00f3n"},"image":{"@id":"https:\/\/www.fiscalia.gov.co\/colombia\/#\/schema\/logo\/image\/"},"sameAs":["https:\/\/www.facebook.com\/FiscaliaCol","https:\/\/x.com\/FiscaliaCol","https:\/\/www.instagram.com\/fiscaliacol","https:\/\/www.linkedin.com\/company\/fiscalia-general-de-la-naci-n\/","https:\/\/youtube.com\/@fiscaliageneraldelanacion-4668?si=6nN79nyQICPU5iTh"]},{"@type":"Person","@id":"https:\/\/www.fiscalia.gov.co\/colombia\/#\/schema\/person\/ba9eca435947489fb25117a0cd75bf3e","name":"Johanna Islenny Prieto Pe\u00f1a","image":{"@type":"ImageObject","inLanguage":"es-CO","@id":"https:\/\/www.fiscalia.gov.co\/colombia\/#\/schema\/person\/image\/","url":"https:\/\/secure.gravatar.com\/avatar\/111433fc2acb037ffb768f6a3ca47864?s=96&d=mm&r=g","contentUrl":"https:\/\/secure.gravatar.com\/avatar\/111433fc2acb037ffb768f6a3ca47864?s=96&d=mm&r=g","caption":"Johanna Islenny Prieto Pe\u00f1a"},"url":"https:\/\/www.fiscalia.gov.co\/colombia\/author\/jprietop\/"}]}},"_links":{"self":[{"href":"https:\/\/www.fiscalia.gov.co\/colombia\/wp-json\/wp\/v2\/posts\/300481","targetHints":{"allow":["GET"]}}],"collection":[{"href":"https:\/\/www.fiscalia.gov.co\/colombia\/wp-json\/wp\/v2\/posts"}],"about":[{"href":"https:\/\/www.fiscalia.gov.co\/colombia\/wp-json\/wp\/v2\/types\/post"}],"author":[{"embeddable":true,"href":"https:\/\/www.fiscalia.gov.co\/colombia\/wp-json\/wp\/v2\/users\/181"}],"replies":[{"embeddable":true,"href":"https:\/\/www.fiscalia.gov.co\/colombia\/wp-json\/wp\/v2\/comments?post=300481"}],"version-history":[{"count":4,"href":"https:\/\/www.fiscalia.gov.co\/colombia\/wp-json\/wp\/v2\/posts\/300481\/revisions"}],"predecessor-version":[{"id":300486,"href":"https:\/\/www.fiscalia.gov.co\/colombia\/wp-json\/wp\/v2\/posts\/300481\/revisions\/300486"}],"wp:attachment":[{"href":"https:\/\/www.fiscalia.gov.co\/colombia\/wp-json\/wp\/v2\/media?parent=300481"}],"wp:term":[{"taxonomy":"category","embeddable":true,"href":"https:\/\/www.fiscalia.gov.co\/colombia\/wp-json\/wp\/v2\/categories?post=300481"},{"taxonomy":"post_tag","embeddable":true,"href":"https:\/\/www.fiscalia.gov.co\/colombia\/wp-json\/wp\/v2\/tags?post=300481"}],"curies":[{"name":"wp","href":"https:\/\/api.w.org\/{rel}","templated":true}]}}