{"id":300475,"date":"2024-08-22T15:24:34","date_gmt":"2024-08-22T20:24:34","guid":{"rendered":"https:\/\/www.fiscalia.gov.co\/colombia\/?p=300475"},"modified":"2024-08-22T15:26:45","modified_gmt":"2024-08-22T20:26:45","slug":"en-cartagena-la-fiscalia-judicializo-a-un-ciudadano-italiano-por-presunto-trafico-de-estupefacientes","status":"publish","type":"post","link":"https:\/\/www.fiscalia.gov.co\/colombia\/noticias\/en-cartagena-la-fiscalia-judicializo-a-un-ciudadano-italiano-por-presunto-trafico-de-estupefacientes\/","title":{"rendered":"En Cartagena la fiscal\u00eda judicializ\u00f3 a un ciudadano italiano por presunto tr\u00e1fico de estupefacientes"},"content":{"rendered":"<blockquote>\n<h4><strong><i>En otro hecho, un fiscal de la Seccional Bol\u00edvar imput\u00f3 a un colombiano se\u00f1alado de acopiar estupefacientes en una vivienda.<\/i><\/strong><\/h4>\n<\/blockquote>\n<p><strong>Un fiscal de la Unidad de Reacci\u00f3n Inmediata<\/strong> (URI) de la Seccional Bol\u00edvar, logr\u00f3 que jueces de control de garant\u00edas impusieran medida de <strong>aseguramiento en establecimiento carcelario a dos hombres,<\/strong> presuntamente implicados en el delito de fabricaci\u00f3n, tr\u00e1fico o <a href=\"https:\/\/www.fiscalia.gov.co\/colombia\/noticias\/fiscalia-judicializa-a-tres-presuntos-dinamizadores-del-narcomenudeo-en-establecimientos-nocturnos-y-zonas-residenciales-de-putumayo\/\" target=\"_blank\" rel=\"noopener\">porte de estupefacientes<\/a>.<\/p>\n<p><strong>En el primer caso fue afectado con la medida privativa de la libertad el ciudadano italiano Oreste Agostinette, de 57 a\u00f1os.<\/strong> Esta persona fue capturada en flagrancia por la Polic\u00eda Nacional en el aeropuerto de Cartagena cuando, al parecer, pretend\u00eda abordar un vuelo hacia Madrid (Espa\u00f1a).<\/p>\n<figure id=\"attachment_300477\" aria-describedby=\"caption-attachment-300477\" style=\"width: 300px\" class=\"wp-caption alignnone\"><img loading=\"lazy\" decoding=\"async\" class=\"size-medium wp-image-300477\" src=\"https:\/\/www.fiscalia.gov.co\/colombia\/wp-content\/uploads\/Foto-1-boletin-22-de-agosto-trafico-de-estupefacientes-300x230.jpeg\" alt=\" En la fotograf\u00eda aparece un hombre blanco, semi calvo, con la mano puesta en la boca, vestido con una camisilla blanca y se encuentra sentado en un escritorio de madera con un micr\u00f3fono, en la sala de audiencia donde se le proces\u00f3.\" width=\"300\" height=\"230\" srcset=\"https:\/\/www.fiscalia.gov.co\/colombia\/wp-content\/uploads\/Foto-1-boletin-22-de-agosto-trafico-de-estupefacientes-300x230.jpeg 300w, https:\/\/www.fiscalia.gov.co\/colombia\/wp-content\/uploads\/Foto-1-boletin-22-de-agosto-trafico-de-estupefacientes-1024x785.jpeg 1024w, https:\/\/www.fiscalia.gov.co\/colombia\/wp-content\/uploads\/Foto-1-boletin-22-de-agosto-trafico-de-estupefacientes-768x588.jpeg 768w, https:\/\/www.fiscalia.gov.co\/colombia\/wp-content\/uploads\/Foto-1-boletin-22-de-agosto-trafico-de-estupefacientes-1536x1177.jpeg 1536w, https:\/\/www.fiscalia.gov.co\/colombia\/wp-content\/uploads\/Foto-1-boletin-22-de-agosto-trafico-de-estupefacientes-548x420.jpeg 548w, https:\/\/www.fiscalia.gov.co\/colombia\/wp-content\/uploads\/Foto-1-boletin-22-de-agosto-trafico-de-estupefacientes-80x60.jpeg 80w, https:\/\/www.fiscalia.gov.co\/colombia\/wp-content\/uploads\/Foto-1-boletin-22-de-agosto-trafico-de-estupefacientes-696x533.jpeg 696w, https:\/\/www.fiscalia.gov.co\/colombia\/wp-content\/uploads\/Foto-1-boletin-22-de-agosto-trafico-de-estupefacientes-1068x818.jpeg 1068w, https:\/\/www.fiscalia.gov.co\/colombia\/wp-content\/uploads\/Foto-1-boletin-22-de-agosto-trafico-de-estupefacientes.jpeg 1600w\" sizes=\"auto, (max-width: 300px) 100vw, 300px\" \/><figcaption id=\"caption-attachment-300477\" class=\"wp-caption-text\">Imagen de audiencia. Oreste Agostinetti, judicializado.<\/figcaption><\/figure>\n<p>El peso que registr\u00f3 el equipaje de mano del turista llam\u00f3 la atenci\u00f3n de las autoridades quienes, tras analizar el contenido,<strong> evidenciaron la existencia de dos paquetes que conten\u00edan 3 kilos de coca\u00edna, sustancia que iba cubierta por un forro.<\/strong><\/p>\n<p>Por el segundo hecho fue privado de la libertad Brayan David Guzm\u00e1n Iriarte, quien <strong>fue capturado durante un allanamiento realizado a una vivienda del barrio San Francisco.<\/strong> <a href=\"https:\/\/www.fiscalia.gov.co\/colombia\/noticias\/fiscalia-desarticula-los-americanos-red-dinamizadora-del-narcomenudeo-en-quindio\/\" target=\"_blank\" rel=\"noopener\">En el lugar fueron encontradas 64 bolsas de marihuana<\/a> y varios elementos para la dosificaci\u00f3n de sustancias il\u00edcitas. <strong>El procesado de 27 a\u00f1os, al parecer, usaba el inmueble para acopiar el estupefaciente que luego comercializar\u00eda.<\/strong><\/p>\n<figure id=\"attachment_300479\" aria-describedby=\"caption-attachment-300479\" style=\"width: 300px\" class=\"wp-caption alignnone\"><img loading=\"lazy\" decoding=\"async\" class=\"size-medium wp-image-300479\" src=\"https:\/\/www.fiscalia.gov.co\/colombia\/wp-content\/uploads\/Foto-2-boletin-22-de-agosto-trafico-de-estupefacientes--300x240.jpeg\" alt=\"En la imagen est\u00e1 un hombre delgado, moreno, cabellos negros, vestido con camiseta roja, se encuentra sentado en un escritorio de madera con un micr\u00f3fono, en la sala de audiencia donde se le proces\u00f3. \" width=\"300\" height=\"240\" srcset=\"https:\/\/www.fiscalia.gov.co\/colombia\/wp-content\/uploads\/Foto-2-boletin-22-de-agosto-trafico-de-estupefacientes--300x240.jpeg 300w, https:\/\/www.fiscalia.gov.co\/colombia\/wp-content\/uploads\/Foto-2-boletin-22-de-agosto-trafico-de-estupefacientes--1024x820.jpeg 1024w, https:\/\/www.fiscalia.gov.co\/colombia\/wp-content\/uploads\/Foto-2-boletin-22-de-agosto-trafico-de-estupefacientes--768x615.jpeg 768w, https:\/\/www.fiscalia.gov.co\/colombia\/wp-content\/uploads\/Foto-2-boletin-22-de-agosto-trafico-de-estupefacientes--1536x1230.jpeg 1536w, https:\/\/www.fiscalia.gov.co\/colombia\/wp-content\/uploads\/Foto-2-boletin-22-de-agosto-trafico-de-estupefacientes--525x420.jpeg 525w, https:\/\/www.fiscalia.gov.co\/colombia\/wp-content\/uploads\/Foto-2-boletin-22-de-agosto-trafico-de-estupefacientes--696x557.jpeg 696w, https:\/\/www.fiscalia.gov.co\/colombia\/wp-content\/uploads\/Foto-2-boletin-22-de-agosto-trafico-de-estupefacientes--1068x855.jpeg 1068w, https:\/\/www.fiscalia.gov.co\/colombia\/wp-content\/uploads\/Foto-2-boletin-22-de-agosto-trafico-de-estupefacientes-.jpeg 1594w\" sizes=\"auto, (max-width: 300px) 100vw, 300px\" \/><figcaption id=\"caption-attachment-300479\" class=\"wp-caption-text\">Imagen de audiencia. Brayan David Guzm\u00e1n Iriarte, procesado.<\/figcaption><\/figure>\n<p><strong>Ninguno de los investigados acept\u00f3 los cargos imputados por el ente acusador.<\/strong> Por decisi\u00f3n de los jueces, ambos hombres cumplir\u00e1n las medidas de aseguramiento en la c\u00e1rcel San Sebasti\u00e1n Ternera en la capital de Bol\u00edvar.<\/p>\n<p><span lang=\"EN-US\">MEVA\/LMFO\/MAGA\/FP\/EGM\/DSB<\/span><\/p>\n<p>&nbsp;<\/p>\n<p>&nbsp;<\/p>\n<p>&nbsp;<\/p>\n<p>&nbsp;<\/p>\n<p><span lang=\"EN-US\">\u00a0<\/span><em><span lang=\"ES\">La informaci\u00f3n contenida en este bolet\u00edn de prensa corresponde a la narraci\u00f3n de los hechos noticiosos objetivos, suministrados por los funcionarios encargados de adelantar las investigaciones penales al interior de la Fiscal\u00eda General de la Naci\u00f3n. Para el momento de la divulgaci\u00f3n de este comunicado, la situaci\u00f3n jur\u00eddica de la(s) persona(s) relacionada(s) se encuentra pendiente de resolver por la autoridad judicial competente, siempre bajo los preceptos de la presunci\u00f3n de inocencia, consagrados en el art\u00edculo 29 de la Constituci\u00f3n Pol\u00edtica y el art\u00edculo 7\u00ba de la Ley 906 de 2004.<\/span><\/em><\/p>\n<p>&nbsp;<\/p>\n\n<div class=\"twitter-share\"><a href=\"https:\/\/twitter.com\/intent\/tweet?via=fiscaliacol\" class=\"twitter-share-button\">Tweet<\/a><\/div>\n","protected":false},"excerpt":{"rendered":"<p>En otro hecho, un fiscal de la Seccional Bol\u00edvar imput\u00f3 a un colombiano se\u00f1alado de acopiar estupefacientes en una vivienda. Un fiscal de la Unidad de Reacci\u00f3n Inmediata (URI) de la Seccional Bol\u00edvar, logr\u00f3 que jueces de control de garant\u00edas impusieran medida de aseguramiento en establecimiento carcelario a dos hombres, presuntamente implicados en el delito [&hellip;]<\/p>\n","protected":false},"author":181,"featured_media":0,"comment_status":"closed","ping_status":"open","sticky":false,"template":"","format":"standard","meta":{"_price":"","_stock":"","_tribe_ticket_header":"","_tribe_default_ticket_provider":"","_tribe_ticket_capacity":"0","_ticket_start_date":"","_ticket_end_date":"","_tribe_ticket_show_description":"","_tribe_ticket_show_not_going":false,"_tribe_ticket_use_global_stock":"","_tribe_ticket_global_stock_level":"","_global_stock_mode":"","_global_stock_cap":"","_tribe_rsvp_for_event":"","_tribe_ticket_going_count":"","_tribe_ticket_not_going_count":"","_tribe_tickets_list":"[]","_tribe_ticket_has_attendee_info_fields":false,"tdm_status":"","tdm_grid_status":"","footnotes":""},"categories":[1],"tags":[3265,3148,14550,23819,19,24345,24187,1047,10149,31046,1264,558,155],"class_list":{"0":"post-300475","1":"post","2":"type-post","3":"status-publish","4":"format-standard","6":"category-noticias","7":"tag-aeropuerto","8":"tag-allanamiento","9":"tag-carcel","10":"tag-cartagena","11":"tag-cocaina","12":"tag-extranjero","13":"tag-fiscalia-colombia","14":"tag-fiscalia-general-de-la-nacion","15":"tag-italiano","16":"tag-maleta","17":"tag-marihuana","18":"tag-policia-nacional","19":"tag-trafico-de-estupefacientes"},"yoast_head":"<!-- This site is optimized with the Yoast SEO plugin v24.3 - https:\/\/yoast.com\/wordpress\/plugins\/seo\/ -->\n<title>Fiscal\u00eda General de la Naci\u00f3n<\/title>\n<meta name=\"description\" content=\"P\u00e1gina oficial de la Fiscal\u00eda General de la Naci\u00f3n \u2013 Colombia. Garantizamos el acceso efectivo a la justicia, la verdad y la reparaci\u00f3n de las v\u00edctimas de los delitos.\" \/>\n<meta name=\"robots\" content=\"noindex, follow\" \/>\n<meta property=\"og:locale\" content=\"es_ES\" \/>\n<meta property=\"og:type\" content=\"article\" \/>\n<meta property=\"og:title\" content=\"Fiscal\u00eda General de la Naci\u00f3n\" \/>\n<meta property=\"og:description\" content=\"P\u00e1gina oficial de la Fiscal\u00eda General de la Naci\u00f3n \u2013 Colombia. Garantizamos el acceso efectivo a la justicia, la verdad y la reparaci\u00f3n de las v\u00edctimas de los delitos.\" \/>\n<meta property=\"og:url\" content=\"https:\/\/www.fiscalia.gov.co\/colombia\/noticias\/en-cartagena-la-fiscalia-judicializo-a-un-ciudadano-italiano-por-presunto-trafico-de-estupefacientes\/\" \/>\n<meta property=\"og:site_name\" content=\"Fiscal\u00eda General de la Naci\u00f3n\" \/>\n<meta property=\"article:publisher\" content=\"https:\/\/www.facebook.com\/FiscaliaCol\" \/>\n<meta property=\"article:published_time\" content=\"2024-08-22T20:24:34+00:00\" \/>\n<meta property=\"article:modified_time\" content=\"2024-08-22T20:26:45+00:00\" \/>\n<meta property=\"og:image\" content=\"https:\/\/www.fiscalia.gov.co\/colombia\/wp-content\/uploads\/Foto-1-boletin-22-de-agosto-trafico-de-estupefacientes-300x230.jpeg\" \/>\n<meta name=\"author\" content=\"Johanna Islenny Prieto Pe\u00f1a\" \/>\n<meta name=\"twitter:card\" content=\"summary_large_image\" \/>\n<meta name=\"twitter:creator\" content=\"@FiscaliaCol\" \/>\n<meta name=\"twitter:site\" content=\"@FiscaliaCol\" \/>\n<meta name=\"twitter:label1\" content=\"Escrito por\" \/>\n\t<meta name=\"twitter:data1\" content=\"Johanna Islenny Prieto Pe\u00f1a\" \/>\n\t<meta name=\"twitter:label2\" content=\"Tiempo de lectura\" \/>\n\t<meta name=\"twitter:data2\" content=\"2 minutos\" \/>\n<script type=\"application\/ld+json\" class=\"yoast-schema-graph\">{\"@context\":\"https:\/\/schema.org\",\"@graph\":[{\"@type\":\"Article\",\"@id\":\"https:\/\/www.fiscalia.gov.co\/colombia\/noticias\/en-cartagena-la-fiscalia-judicializo-a-un-ciudadano-italiano-por-presunto-trafico-de-estupefacientes\/#article\",\"isPartOf\":{\"@id\":\"https:\/\/www.fiscalia.gov.co\/colombia\/noticias\/en-cartagena-la-fiscalia-judicializo-a-un-ciudadano-italiano-por-presunto-trafico-de-estupefacientes\/\"},\"author\":{\"name\":\"Johanna Islenny Prieto Pe\u00f1a\",\"@id\":\"https:\/\/www.fiscalia.gov.co\/colombia\/#\/schema\/person\/ba9eca435947489fb25117a0cd75bf3e\"},\"headline\":\"En Cartagena la fiscal\u00eda judicializ\u00f3 a un ciudadano italiano por presunto tr\u00e1fico de estupefacientes\",\"datePublished\":\"2024-08-22T20:24:34+00:00\",\"dateModified\":\"2024-08-22T20:26:45+00:00\",\"mainEntityOfPage\":{\"@id\":\"https:\/\/www.fiscalia.gov.co\/colombia\/noticias\/en-cartagena-la-fiscalia-judicializo-a-un-ciudadano-italiano-por-presunto-trafico-de-estupefacientes\/\"},\"wordCount\":423,\"publisher\":{\"@id\":\"https:\/\/www.fiscalia.gov.co\/colombia\/#organization\"},\"image\":{\"@id\":\"https:\/\/www.fiscalia.gov.co\/colombia\/noticias\/en-cartagena-la-fiscalia-judicializo-a-un-ciudadano-italiano-por-presunto-trafico-de-estupefacientes\/#primaryimage\"},\"thumbnailUrl\":\"https:\/\/www.fiscalia.gov.co\/colombia\/wp-content\/uploads\/Foto-1-boletin-22-de-agosto-trafico-de-estupefacientes-300x230.jpeg\",\"keywords\":[\"Aeropuerto\",\"Allanamiento\",\"C\u00e1rcel\",\"Cartagena\",\"Coca\u00edna\",\"extranjero\",\"Fiscal\u00eda Colombia\",\"Fiscal\u00eda General de la Naci\u00f3n\",\"Italiano\",\"Maleta\",\"Marihuana\",\"Polic\u00eda Nacional\",\"Tr\u00e1fico de estupefacientes\"],\"articleSection\":[\"Noticias\"],\"inLanguage\":\"es-CO\"},{\"@type\":\"WebPage\",\"@id\":\"https:\/\/www.fiscalia.gov.co\/colombia\/noticias\/en-cartagena-la-fiscalia-judicializo-a-un-ciudadano-italiano-por-presunto-trafico-de-estupefacientes\/\",\"url\":\"https:\/\/www.fiscalia.gov.co\/colombia\/noticias\/en-cartagena-la-fiscalia-judicializo-a-un-ciudadano-italiano-por-presunto-trafico-de-estupefacientes\/\",\"name\":\"Fiscal\u00eda General de la Naci\u00f3n\",\"isPartOf\":{\"@id\":\"https:\/\/www.fiscalia.gov.co\/colombia\/#website\"},\"primaryImageOfPage\":{\"@id\":\"https:\/\/www.fiscalia.gov.co\/colombia\/noticias\/en-cartagena-la-fiscalia-judicializo-a-un-ciudadano-italiano-por-presunto-trafico-de-estupefacientes\/#primaryimage\"},\"image\":{\"@id\":\"https:\/\/www.fiscalia.gov.co\/colombia\/noticias\/en-cartagena-la-fiscalia-judicializo-a-un-ciudadano-italiano-por-presunto-trafico-de-estupefacientes\/#primaryimage\"},\"thumbnailUrl\":\"https:\/\/www.fiscalia.gov.co\/colombia\/wp-content\/uploads\/Foto-1-boletin-22-de-agosto-trafico-de-estupefacientes-300x230.jpeg\",\"datePublished\":\"2024-08-22T20:24:34+00:00\",\"dateModified\":\"2024-08-22T20:26:45+00:00\",\"description\":\"P\u00e1gina oficial de la Fiscal\u00eda General de la Naci\u00f3n \u2013 Colombia. Garantizamos el acceso efectivo a la justicia, la verdad y la reparaci\u00f3n de las v\u00edctimas de los delitos.\",\"breadcrumb\":{\"@id\":\"https:\/\/www.fiscalia.gov.co\/colombia\/noticias\/en-cartagena-la-fiscalia-judicializo-a-un-ciudadano-italiano-por-presunto-trafico-de-estupefacientes\/#breadcrumb\"},\"inLanguage\":\"es-CO\",\"potentialAction\":[{\"@type\":\"ReadAction\",\"target\":[\"https:\/\/www.fiscalia.gov.co\/colombia\/noticias\/en-cartagena-la-fiscalia-judicializo-a-un-ciudadano-italiano-por-presunto-trafico-de-estupefacientes\/\"]}]},{\"@type\":\"ImageObject\",\"inLanguage\":\"es-CO\",\"@id\":\"https:\/\/www.fiscalia.gov.co\/colombia\/noticias\/en-cartagena-la-fiscalia-judicializo-a-un-ciudadano-italiano-por-presunto-trafico-de-estupefacientes\/#primaryimage\",\"url\":\"https:\/\/www.fiscalia.gov.co\/colombia\/wp-content\/uploads\/Foto-1-boletin-22-de-agosto-trafico-de-estupefacientes.jpeg\",\"contentUrl\":\"https:\/\/www.fiscalia.gov.co\/colombia\/wp-content\/uploads\/Foto-1-boletin-22-de-agosto-trafico-de-estupefacientes.jpeg\",\"width\":1600,\"height\":1226,\"caption\":\"Imagen de audiencia. Oreste Agostinetti, judicializado.\"},{\"@type\":\"BreadcrumbList\",\"@id\":\"https:\/\/www.fiscalia.gov.co\/colombia\/noticias\/en-cartagena-la-fiscalia-judicializo-a-un-ciudadano-italiano-por-presunto-trafico-de-estupefacientes\/#breadcrumb\",\"itemListElement\":[{\"@type\":\"ListItem\",\"position\":1,\"name\":\"Home\",\"item\":\"https:\/\/www.fiscalia.gov.co\/colombia\/\"},{\"@type\":\"ListItem\",\"position\":2,\"name\":\"En Cartagena la fiscal\u00eda judicializ\u00f3 a un ciudadano italiano por presunto tr\u00e1fico de estupefacientes\"}]},{\"@type\":\"WebSite\",\"@id\":\"https:\/\/www.fiscalia.gov.co\/colombia\/#website\",\"url\":\"https:\/\/www.fiscalia.gov.co\/colombia\/\",\"name\":\"Fiscal\u00eda General de la Naci\u00f3n\",\"description\":\"P\u00e1gina oficial de la Fiscal\u00eda General de la Naci\u00f3n \u2013 Colombia. Garantizamos el acceso efectivo a la justicia, la verdad y la reparaci\u00f3n de las v\u00edctimas de los delitos.\",\"publisher\":{\"@id\":\"https:\/\/www.fiscalia.gov.co\/colombia\/#organization\"},\"potentialAction\":[{\"@type\":\"SearchAction\",\"target\":{\"@type\":\"EntryPoint\",\"urlTemplate\":\"https:\/\/www.fiscalia.gov.co\/colombia\/?s={search_term_string}\"},\"query-input\":{\"@type\":\"PropertyValueSpecification\",\"valueRequired\":true,\"valueName\":\"search_term_string\"}}],\"inLanguage\":\"es-CO\"},{\"@type\":\"Organization\",\"@id\":\"https:\/\/www.fiscalia.gov.co\/colombia\/#organization\",\"name\":\"Fiscal\u00eda General de la Naci\u00f3n\",\"url\":\"https:\/\/www.fiscalia.gov.co\/colombia\/\",\"logo\":{\"@type\":\"ImageObject\",\"inLanguage\":\"es-CO\",\"@id\":\"https:\/\/www.fiscalia.gov.co\/colombia\/#\/schema\/logo\/image\/\",\"url\":\"https:\/\/www.fiscalia.gov.co\/colombia\/wp-content\/uploads\/LogoHorizontal_1.jpg\",\"contentUrl\":\"https:\/\/www.fiscalia.gov.co\/colombia\/wp-content\/uploads\/LogoHorizontal_1.jpg\",\"width\":300,\"height\":90,\"caption\":\"Fiscal\u00eda General de la Naci\u00f3n\"},\"image\":{\"@id\":\"https:\/\/www.fiscalia.gov.co\/colombia\/#\/schema\/logo\/image\/\"},\"sameAs\":[\"https:\/\/www.facebook.com\/FiscaliaCol\",\"https:\/\/x.com\/FiscaliaCol\",\"https:\/\/www.instagram.com\/fiscaliacol\",\"https:\/\/www.linkedin.com\/company\/fiscalia-general-de-la-naci-n\/\",\"https:\/\/youtube.com\/@fiscaliageneraldelanacion-4668?si=6nN79nyQICPU5iTh\"]},{\"@type\":\"Person\",\"@id\":\"https:\/\/www.fiscalia.gov.co\/colombia\/#\/schema\/person\/ba9eca435947489fb25117a0cd75bf3e\",\"name\":\"Johanna Islenny Prieto Pe\u00f1a\",\"image\":{\"@type\":\"ImageObject\",\"inLanguage\":\"es-CO\",\"@id\":\"https:\/\/www.fiscalia.gov.co\/colombia\/#\/schema\/person\/image\/\",\"url\":\"https:\/\/secure.gravatar.com\/avatar\/111433fc2acb037ffb768f6a3ca47864?s=96&d=mm&r=g\",\"contentUrl\":\"https:\/\/secure.gravatar.com\/avatar\/111433fc2acb037ffb768f6a3ca47864?s=96&d=mm&r=g\",\"caption\":\"Johanna Islenny Prieto Pe\u00f1a\"},\"url\":\"https:\/\/www.fiscalia.gov.co\/colombia\/author\/jprietop\/\"}]}<\/script>\n<!-- \/ Yoast SEO plugin. -->","yoast_head_json":{"title":"Fiscal\u00eda General de la Naci\u00f3n","description":"P\u00e1gina oficial de la Fiscal\u00eda General de la Naci\u00f3n \u2013 Colombia. Garantizamos el acceso efectivo a la justicia, la verdad y la reparaci\u00f3n de las v\u00edctimas de los delitos.","robots":{"index":"noindex","follow":"follow"},"og_locale":"es_ES","og_type":"article","og_title":"Fiscal\u00eda General de la Naci\u00f3n","og_description":"P\u00e1gina oficial de la Fiscal\u00eda General de la Naci\u00f3n \u2013 Colombia. Garantizamos el acceso efectivo a la justicia, la verdad y la reparaci\u00f3n de las v\u00edctimas de los delitos.","og_url":"https:\/\/www.fiscalia.gov.co\/colombia\/noticias\/en-cartagena-la-fiscalia-judicializo-a-un-ciudadano-italiano-por-presunto-trafico-de-estupefacientes\/","og_site_name":"Fiscal\u00eda General de la Naci\u00f3n","article_publisher":"https:\/\/www.facebook.com\/FiscaliaCol","article_published_time":"2024-08-22T20:24:34+00:00","article_modified_time":"2024-08-22T20:26:45+00:00","og_image":[{"url":"https:\/\/www.fiscalia.gov.co\/colombia\/wp-content\/uploads\/Foto-1-boletin-22-de-agosto-trafico-de-estupefacientes-300x230.jpeg","type":"","width":"","height":""}],"author":"Johanna Islenny Prieto Pe\u00f1a","twitter_card":"summary_large_image","twitter_creator":"@FiscaliaCol","twitter_site":"@FiscaliaCol","twitter_misc":{"Escrito por":"Johanna Islenny Prieto Pe\u00f1a","Tiempo de lectura":"2 minutos"},"schema":{"@context":"https:\/\/schema.org","@graph":[{"@type":"Article","@id":"https:\/\/www.fiscalia.gov.co\/colombia\/noticias\/en-cartagena-la-fiscalia-judicializo-a-un-ciudadano-italiano-por-presunto-trafico-de-estupefacientes\/#article","isPartOf":{"@id":"https:\/\/www.fiscalia.gov.co\/colombia\/noticias\/en-cartagena-la-fiscalia-judicializo-a-un-ciudadano-italiano-por-presunto-trafico-de-estupefacientes\/"},"author":{"name":"Johanna Islenny Prieto Pe\u00f1a","@id":"https:\/\/www.fiscalia.gov.co\/colombia\/#\/schema\/person\/ba9eca435947489fb25117a0cd75bf3e"},"headline":"En Cartagena la fiscal\u00eda judicializ\u00f3 a un ciudadano italiano por presunto tr\u00e1fico de estupefacientes","datePublished":"2024-08-22T20:24:34+00:00","dateModified":"2024-08-22T20:26:45+00:00","mainEntityOfPage":{"@id":"https:\/\/www.fiscalia.gov.co\/colombia\/noticias\/en-cartagena-la-fiscalia-judicializo-a-un-ciudadano-italiano-por-presunto-trafico-de-estupefacientes\/"},"wordCount":423,"publisher":{"@id":"https:\/\/www.fiscalia.gov.co\/colombia\/#organization"},"image":{"@id":"https:\/\/www.fiscalia.gov.co\/colombia\/noticias\/en-cartagena-la-fiscalia-judicializo-a-un-ciudadano-italiano-por-presunto-trafico-de-estupefacientes\/#primaryimage"},"thumbnailUrl":"https:\/\/www.fiscalia.gov.co\/colombia\/wp-content\/uploads\/Foto-1-boletin-22-de-agosto-trafico-de-estupefacientes-300x230.jpeg","keywords":["Aeropuerto","Allanamiento","C\u00e1rcel","Cartagena","Coca\u00edna","extranjero","Fiscal\u00eda Colombia","Fiscal\u00eda General de la Naci\u00f3n","Italiano","Maleta","Marihuana","Polic\u00eda Nacional","Tr\u00e1fico de estupefacientes"],"articleSection":["Noticias"],"inLanguage":"es-CO"},{"@type":"WebPage","@id":"https:\/\/www.fiscalia.gov.co\/colombia\/noticias\/en-cartagena-la-fiscalia-judicializo-a-un-ciudadano-italiano-por-presunto-trafico-de-estupefacientes\/","url":"https:\/\/www.fiscalia.gov.co\/colombia\/noticias\/en-cartagena-la-fiscalia-judicializo-a-un-ciudadano-italiano-por-presunto-trafico-de-estupefacientes\/","name":"Fiscal\u00eda General de la Naci\u00f3n","isPartOf":{"@id":"https:\/\/www.fiscalia.gov.co\/colombia\/#website"},"primaryImageOfPage":{"@id":"https:\/\/www.fiscalia.gov.co\/colombia\/noticias\/en-cartagena-la-fiscalia-judicializo-a-un-ciudadano-italiano-por-presunto-trafico-de-estupefacientes\/#primaryimage"},"image":{"@id":"https:\/\/www.fiscalia.gov.co\/colombia\/noticias\/en-cartagena-la-fiscalia-judicializo-a-un-ciudadano-italiano-por-presunto-trafico-de-estupefacientes\/#primaryimage"},"thumbnailUrl":"https:\/\/www.fiscalia.gov.co\/colombia\/wp-content\/uploads\/Foto-1-boletin-22-de-agosto-trafico-de-estupefacientes-300x230.jpeg","datePublished":"2024-08-22T20:24:34+00:00","dateModified":"2024-08-22T20:26:45+00:00","description":"P\u00e1gina oficial de la Fiscal\u00eda General de la Naci\u00f3n \u2013 Colombia. Garantizamos el acceso efectivo a la justicia, la verdad y la reparaci\u00f3n de las v\u00edctimas de los delitos.","breadcrumb":{"@id":"https:\/\/www.fiscalia.gov.co\/colombia\/noticias\/en-cartagena-la-fiscalia-judicializo-a-un-ciudadano-italiano-por-presunto-trafico-de-estupefacientes\/#breadcrumb"},"inLanguage":"es-CO","potentialAction":[{"@type":"ReadAction","target":["https:\/\/www.fiscalia.gov.co\/colombia\/noticias\/en-cartagena-la-fiscalia-judicializo-a-un-ciudadano-italiano-por-presunto-trafico-de-estupefacientes\/"]}]},{"@type":"ImageObject","inLanguage":"es-CO","@id":"https:\/\/www.fiscalia.gov.co\/colombia\/noticias\/en-cartagena-la-fiscalia-judicializo-a-un-ciudadano-italiano-por-presunto-trafico-de-estupefacientes\/#primaryimage","url":"https:\/\/www.fiscalia.gov.co\/colombia\/wp-content\/uploads\/Foto-1-boletin-22-de-agosto-trafico-de-estupefacientes.jpeg","contentUrl":"https:\/\/www.fiscalia.gov.co\/colombia\/wp-content\/uploads\/Foto-1-boletin-22-de-agosto-trafico-de-estupefacientes.jpeg","width":1600,"height":1226,"caption":"Imagen de audiencia. Oreste Agostinetti, judicializado."},{"@type":"BreadcrumbList","@id":"https:\/\/www.fiscalia.gov.co\/colombia\/noticias\/en-cartagena-la-fiscalia-judicializo-a-un-ciudadano-italiano-por-presunto-trafico-de-estupefacientes\/#breadcrumb","itemListElement":[{"@type":"ListItem","position":1,"name":"Home","item":"https:\/\/www.fiscalia.gov.co\/colombia\/"},{"@type":"ListItem","position":2,"name":"En Cartagena la fiscal\u00eda judicializ\u00f3 a un ciudadano italiano por presunto tr\u00e1fico de estupefacientes"}]},{"@type":"WebSite","@id":"https:\/\/www.fiscalia.gov.co\/colombia\/#website","url":"https:\/\/www.fiscalia.gov.co\/colombia\/","name":"Fiscal\u00eda General de la Naci\u00f3n","description":"P\u00e1gina oficial de la Fiscal\u00eda General de la Naci\u00f3n \u2013 Colombia. Garantizamos el acceso efectivo a la justicia, la verdad y la reparaci\u00f3n de las v\u00edctimas de los delitos.","publisher":{"@id":"https:\/\/www.fiscalia.gov.co\/colombia\/#organization"},"potentialAction":[{"@type":"SearchAction","target":{"@type":"EntryPoint","urlTemplate":"https:\/\/www.fiscalia.gov.co\/colombia\/?s={search_term_string}"},"query-input":{"@type":"PropertyValueSpecification","valueRequired":true,"valueName":"search_term_string"}}],"inLanguage":"es-CO"},{"@type":"Organization","@id":"https:\/\/www.fiscalia.gov.co\/colombia\/#organization","name":"Fiscal\u00eda General de la Naci\u00f3n","url":"https:\/\/www.fiscalia.gov.co\/colombia\/","logo":{"@type":"ImageObject","inLanguage":"es-CO","@id":"https:\/\/www.fiscalia.gov.co\/colombia\/#\/schema\/logo\/image\/","url":"https:\/\/www.fiscalia.gov.co\/colombia\/wp-content\/uploads\/LogoHorizontal_1.jpg","contentUrl":"https:\/\/www.fiscalia.gov.co\/colombia\/wp-content\/uploads\/LogoHorizontal_1.jpg","width":300,"height":90,"caption":"Fiscal\u00eda General de la Naci\u00f3n"},"image":{"@id":"https:\/\/www.fiscalia.gov.co\/colombia\/#\/schema\/logo\/image\/"},"sameAs":["https:\/\/www.facebook.com\/FiscaliaCol","https:\/\/x.com\/FiscaliaCol","https:\/\/www.instagram.com\/fiscaliacol","https:\/\/www.linkedin.com\/company\/fiscalia-general-de-la-naci-n\/","https:\/\/youtube.com\/@fiscaliageneraldelanacion-4668?si=6nN79nyQICPU5iTh"]},{"@type":"Person","@id":"https:\/\/www.fiscalia.gov.co\/colombia\/#\/schema\/person\/ba9eca435947489fb25117a0cd75bf3e","name":"Johanna Islenny Prieto Pe\u00f1a","image":{"@type":"ImageObject","inLanguage":"es-CO","@id":"https:\/\/www.fiscalia.gov.co\/colombia\/#\/schema\/person\/image\/","url":"https:\/\/secure.gravatar.com\/avatar\/111433fc2acb037ffb768f6a3ca47864?s=96&d=mm&r=g","contentUrl":"https:\/\/secure.gravatar.com\/avatar\/111433fc2acb037ffb768f6a3ca47864?s=96&d=mm&r=g","caption":"Johanna Islenny Prieto Pe\u00f1a"},"url":"https:\/\/www.fiscalia.gov.co\/colombia\/author\/jprietop\/"}]}},"_links":{"self":[{"href":"https:\/\/www.fiscalia.gov.co\/colombia\/wp-json\/wp\/v2\/posts\/300475","targetHints":{"allow":["GET"]}}],"collection":[{"href":"https:\/\/www.fiscalia.gov.co\/colombia\/wp-json\/wp\/v2\/posts"}],"about":[{"href":"https:\/\/www.fiscalia.gov.co\/colombia\/wp-json\/wp\/v2\/types\/post"}],"author":[{"embeddable":true,"href":"https:\/\/www.fiscalia.gov.co\/colombia\/wp-json\/wp\/v2\/users\/181"}],"replies":[{"embeddable":true,"href":"https:\/\/www.fiscalia.gov.co\/colombia\/wp-json\/wp\/v2\/comments?post=300475"}],"version-history":[{"count":3,"href":"https:\/\/www.fiscalia.gov.co\/colombia\/wp-json\/wp\/v2\/posts\/300475\/revisions"}],"predecessor-version":[{"id":300480,"href":"https:\/\/www.fiscalia.gov.co\/colombia\/wp-json\/wp\/v2\/posts\/300475\/revisions\/300480"}],"wp:attachment":[{"href":"https:\/\/www.fiscalia.gov.co\/colombia\/wp-json\/wp\/v2\/media?parent=300475"}],"wp:term":[{"taxonomy":"category","embeddable":true,"href":"https:\/\/www.fiscalia.gov.co\/colombia\/wp-json\/wp\/v2\/categories?post=300475"},{"taxonomy":"post_tag","embeddable":true,"href":"https:\/\/www.fiscalia.gov.co\/colombia\/wp-json\/wp\/v2\/tags?post=300475"}],"curies":[{"name":"wp","href":"https:\/\/api.w.org\/{rel}","templated":true}]}}