{"id":300290,"date":"2024-08-17T07:16:14","date_gmt":"2024-08-17T12:16:14","guid":{"rendered":"https:\/\/www.fiscalia.gov.co\/colombia\/?p=300290"},"modified":"2024-08-17T07:16:15","modified_gmt":"2024-08-17T12:16:15","slug":"cti-y-ejercito-capturan-a-venezolana-pedida-en-extradicion-por-estados-unidos-por-presuntamente-hacer-parte-de-una-red-de-trata-de-personas","status":"publish","type":"post","link":"https:\/\/www.fiscalia.gov.co\/colombia\/noticias\/cti-y-ejercito-capturan-a-venezolana-pedida-en-extradicion-por-estados-unidos-por-presuntamente-hacer-parte-de-una-red-de-trata-de-personas\/","title":{"rendered":"CTI y Ej\u00e9rcito capturan a venezolana pedida en extradici\u00f3n por Estados Unidos por, presuntamente hacer parte de una red de trata de personas"},"content":{"rendered":"<blockquote>\n<h4 style=\"text-align: left;\"><strong><em>La mujer habr\u00eda intentado manipular el testimonio de una menor v\u00edctima para impedir que cooperara con las autoridades y evitar el procesamiento de los otros integrantes de la banda.<\/em><\/strong><\/h4>\n<\/blockquote>\n<p>&nbsp;<\/p>\n<p>Funcionarios del Cuerpo T\u00e9cnico de Investigaci\u00f3n (CTI) con el apoyo de uniformados de la Octava Brigada del Ej\u00e9rcito Nacional, capturaron el pasado 15 de agosto en Armenia a la ciudadana venezolana Daniela C\u00e1mara Perico, quien es requerida en extradici\u00f3n por el Tribunal Superior del condado de Mercer, Nueva Jersey de Estados Unidos. La mujer deber\u00e1 comparecer por los delitos de Crimen Organizado y trata de personas, promover la prostituci\u00f3n, poner en peligro el bienestar de un ni\u00f1o y facilitar econ\u00f3micamente una actividad delictiva.<\/p>\n<figure id=\"attachment_300291\" aria-describedby=\"caption-attachment-300291\" style=\"width: 1560px\" class=\"wp-caption aligncenter\"><img loading=\"lazy\" decoding=\"async\" class=\"size-full wp-image-300291\" src=\"https:\/\/www.fiscalia.gov.co\/colombia\/wp-content\/uploads\/Daniela-Camara.jpeg\" alt=\"La mujer capturada aparece en el centro de la imagen, sobre unas escaleras y en medio de miembros del Ej\u00e9rcito y el CTI de la Fiscal\u00eda. Al fondo se ve el letrero &quot;comando Octava Brigada&quot;.\" width=\"1560\" height=\"1202\" srcset=\"https:\/\/www.fiscalia.gov.co\/colombia\/wp-content\/uploads\/Daniela-Camara.jpeg 1560w, https:\/\/www.fiscalia.gov.co\/colombia\/wp-content\/uploads\/Daniela-Camara-300x231.jpeg 300w, https:\/\/www.fiscalia.gov.co\/colombia\/wp-content\/uploads\/Daniela-Camara-1024x789.jpeg 1024w, https:\/\/www.fiscalia.gov.co\/colombia\/wp-content\/uploads\/Daniela-Camara-768x592.jpeg 768w, https:\/\/www.fiscalia.gov.co\/colombia\/wp-content\/uploads\/Daniela-Camara-1536x1184.jpeg 1536w, https:\/\/www.fiscalia.gov.co\/colombia\/wp-content\/uploads\/Daniela-Camara-545x420.jpeg 545w, https:\/\/www.fiscalia.gov.co\/colombia\/wp-content\/uploads\/Daniela-Camara-696x536.jpeg 696w, https:\/\/www.fiscalia.gov.co\/colombia\/wp-content\/uploads\/Daniela-Camara-1068x823.jpeg 1068w\" sizes=\"auto, (max-width: 1560px) 100vw, 1560px\" \/><figcaption id=\"caption-attachment-300291\" class=\"wp-caption-text\">Daniela C\u00e1mara Perico, quien es requerida en extradici\u00f3n por el Tribunal Superior del condado de Mercer, Nueva Jersey de Estados Unidos.<\/figcaption><\/figure>\n<p>Seg\u00fan el requerimiento internacional desde diciembre de 2021 y, al menos, hasta mayo de 2022 C\u00e1mara Perico habr\u00eda hecho parte de una organizaci\u00f3n ilegal dedicada a la trata de personas. Entre las v\u00edctimas habr\u00edan estado tres mujeres, una de ellas de 17 a\u00f1os, quienes fueron retenidas contra su voluntad y sometidas a m\u00faltiples agresiones sexuales.<\/p>\n<p>La acci\u00f3n coordinada por autoridades de ambos pa\u00edses evidenci\u00f3 que la persona requerida con circular roja se encargar\u00eda de contactar, mediante perfiles falsos en redes sociales, a las posibles v\u00edctimas. Adem\u00e1s, habr\u00eda fingido ser v\u00edctima para acercarse a una menor que estaba colaborando con la investigaci\u00f3n, y as\u00ed entorpecer la acci\u00f3n judicial.<\/p>\n<p>Labores de polic\u00eda judicial evidenciaron que la red ilegal usaba tres inmuebles ubicados en Trenton, el condado de Mercer y Nueva Jersey (Estados Unidos) para all\u00ed someter a las v\u00edctimas a vej\u00e1menes sexuales.<\/p>\n<p>Tambi\u00e9n se evidenci\u00f3 que la organizaci\u00f3n criminal contactaba hombres adultos a quienes, tras realizar pagos por servicios sexuales, les entregaban fichas de p\u00f3ker con las que se identificaban en los distintos lugares a los que llegaban para abusar sexualmente de las mujeres que all\u00ed se encontraban.<\/p>\n<p>&nbsp;<\/p>\n<p>Esta operaci\u00f3n fue realizada en trabajo articulado con el Grupo Transnacional de Trabajo de Investigaci\u00f3n de Fugitivos (FIU-CTI) de la Direcci\u00f3n del Cuerpo T\u00e9cnico de Investigaci\u00f3n (CTI) y hace parte del acuerdo de cooperaci\u00f3n y ubicaci\u00f3n de fugitivos internacionales suscrito entre la Fiscal\u00eda General de la Naci\u00f3n y la Agencia U.S. Marshals del Departamento de Justicia de los Estados Unidos de Am\u00e9rica.<\/p>\n<p>La Fiscal\u00eda General de la Naci\u00f3n, por conducto del Ministerio de Relaciones Exteriores informar\u00e1 a la Embajada de los Estados Unidos para los fines de la formalizaci\u00f3n del pedido de extradici\u00f3n.<\/p>\n<p>MARA\/MAGA\/CMR\/AGP<\/p>\n<p>&nbsp;<\/p>\n<p><em>La informaci\u00f3n contenida en este bolet\u00edn de prensa corresponde a la narraci\u00f3n de los hechos noticiosos objetivos, suministrados por los funcionarios encargados de adelantar las investigaciones penales al interior de la Fiscal\u00eda General de la Naci\u00f3n. Para el momento de la divulgaci\u00f3n de este comunicado, la situaci\u00f3n jur\u00eddica de la(s) persona(s) relacionada(s) se encuentra pendiente de resolver por la autoridad judicial competente, siempre bajo los preceptos de la presunci\u00f3n de inocencia, consagrados en el art\u00edculo 29 de la Constituci\u00f3n Pol\u00edtica y el art\u00edculo 7\u00ba de la Ley 906 de 2004.<\/em><\/p>\n<p>&nbsp;<\/p>\n\n<div class=\"twitter-share\"><a href=\"https:\/\/twitter.com\/intent\/tweet?via=fiscaliacol\" class=\"twitter-share-button\">Tweet<\/a><\/div>\n","protected":false},"excerpt":{"rendered":"<p>La mujer habr\u00eda intentado manipular el testimonio de una menor v\u00edctima para impedir que cooperara con las autoridades y evitar el procesamiento de los otros integrantes de la banda. &nbsp; [&hellip;]<\/p>\n","protected":false},"author":175,"featured_media":0,"comment_status":"closed","ping_status":"open","sticky":false,"template":"","format":"standard","meta":{"tdm_status":"","tdm_grid_status":"","footnotes":""},"categories":[1],"tags":[37491,37514,37892],"class_list":["post-300290","post","type-post","status-publish","format-standard","category-noticias","tag-fiscal-camargo","tag-fiscal-general-luz-adriana-camargo","tag-fiscal-luz-adriana-camargo-garzon"],"yoast_head":"<!-- This site is optimized with the Yoast SEO plugin v24.3 - https:\/\/yoast.com\/wordpress\/plugins\/seo\/ -->\n<title>Fiscal\u00eda General de la Naci\u00f3n<\/title>\n<meta name=\"description\" content=\"P\u00e1gina oficial de la Fiscal\u00eda General de la Naci\u00f3n \u2013 Colombia. Garantizamos el acceso efectivo a la justicia, la verdad y la reparaci\u00f3n de las v\u00edctimas de los delitos.\" \/>\n<meta name=\"robots\" content=\"noindex, follow\" \/>\n<meta property=\"og:locale\" content=\"es_ES\" \/>\n<meta property=\"og:type\" content=\"article\" \/>\n<meta property=\"og:title\" content=\"Fiscal\u00eda General de la Naci\u00f3n\" \/>\n<meta property=\"og:description\" content=\"P\u00e1gina oficial de la Fiscal\u00eda General de la Naci\u00f3n \u2013 Colombia. Garantizamos el acceso efectivo a la justicia, la verdad y la reparaci\u00f3n de las v\u00edctimas de los delitos.\" \/>\n<meta property=\"og:url\" content=\"https:\/\/www.fiscalia.gov.co\/colombia\/noticias\/cti-y-ejercito-capturan-a-venezolana-pedida-en-extradicion-por-estados-unidos-por-presuntamente-hacer-parte-de-una-red-de-trata-de-personas\/\" \/>\n<meta property=\"og:site_name\" content=\"Fiscal\u00eda General de la Naci\u00f3n\" \/>\n<meta property=\"article:publisher\" content=\"https:\/\/www.facebook.com\/FiscaliaCol\" \/>\n<meta property=\"article:published_time\" content=\"2024-08-17T12:16:14+00:00\" \/>\n<meta property=\"article:modified_time\" content=\"2024-08-17T12:16:15+00:00\" \/>\n<meta property=\"og:image\" content=\"https:\/\/www.fiscalia.gov.co\/colombia\/wp-content\/uploads\/Daniela-Camara.jpeg\" \/>\n<meta name=\"author\" content=\"Katherine Loaiza Mart\u00ednez\" \/>\n<meta name=\"twitter:card\" content=\"summary_large_image\" \/>\n<meta name=\"twitter:creator\" content=\"@FiscaliaCol\" \/>\n<meta name=\"twitter:site\" content=\"@FiscaliaCol\" \/>\n<meta name=\"twitter:label1\" content=\"Escrito por\" \/>\n\t<meta name=\"twitter:data1\" content=\"Katherine Loaiza Mart\u00ednez\" \/>\n\t<meta name=\"twitter:label2\" content=\"Tiempo de lectura\" \/>\n\t<meta name=\"twitter:data2\" content=\"3 minutos\" \/>\n<script type=\"application\/ld+json\" class=\"yoast-schema-graph\">{\"@context\":\"https:\/\/schema.org\",\"@graph\":[{\"@type\":\"Article\",\"@id\":\"https:\/\/www.fiscalia.gov.co\/colombia\/noticias\/cti-y-ejercito-capturan-a-venezolana-pedida-en-extradicion-por-estados-unidos-por-presuntamente-hacer-parte-de-una-red-de-trata-de-personas\/#article\",\"isPartOf\":{\"@id\":\"https:\/\/www.fiscalia.gov.co\/colombia\/noticias\/cti-y-ejercito-capturan-a-venezolana-pedida-en-extradicion-por-estados-unidos-por-presuntamente-hacer-parte-de-una-red-de-trata-de-personas\/\"},\"author\":{\"name\":\"Katherine Loaiza Mart\u00ednez\",\"@id\":\"https:\/\/www.fiscalia.gov.co\/colombia\/#\/schema\/person\/2e76b9aba5ecf875ed565ce4de0e0415\"},\"headline\":\"CTI y Ej\u00e9rcito capturan a venezolana pedida en extradici\u00f3n por Estados Unidos por, presuntamente hacer parte de una red de trata de personas\",\"datePublished\":\"2024-08-17T12:16:14+00:00\",\"dateModified\":\"2024-08-17T12:16:15+00:00\",\"mainEntityOfPage\":{\"@id\":\"https:\/\/www.fiscalia.gov.co\/colombia\/noticias\/cti-y-ejercito-capturan-a-venezolana-pedida-en-extradicion-por-estados-unidos-por-presuntamente-hacer-parte-de-una-red-de-trata-de-personas\/\"},\"wordCount\":600,\"publisher\":{\"@id\":\"https:\/\/www.fiscalia.gov.co\/colombia\/#organization\"},\"image\":{\"@id\":\"https:\/\/www.fiscalia.gov.co\/colombia\/noticias\/cti-y-ejercito-capturan-a-venezolana-pedida-en-extradicion-por-estados-unidos-por-presuntamente-hacer-parte-de-una-red-de-trata-de-personas\/#primaryimage\"},\"thumbnailUrl\":\"https:\/\/www.fiscalia.gov.co\/colombia\/wp-content\/uploads\/Daniela-Camara.jpeg\",\"keywords\":[\"fiscal Camargo\",\"Fiscal General Luz Adriana Camargo\",\"Fiscal Luz Adriana Camargo Garz\u00f3n\"],\"articleSection\":[\"Noticias\"],\"inLanguage\":\"es-CO\"},{\"@type\":\"WebPage\",\"@id\":\"https:\/\/www.fiscalia.gov.co\/colombia\/noticias\/cti-y-ejercito-capturan-a-venezolana-pedida-en-extradicion-por-estados-unidos-por-presuntamente-hacer-parte-de-una-red-de-trata-de-personas\/\",\"url\":\"https:\/\/www.fiscalia.gov.co\/colombia\/noticias\/cti-y-ejercito-capturan-a-venezolana-pedida-en-extradicion-por-estados-unidos-por-presuntamente-hacer-parte-de-una-red-de-trata-de-personas\/\",\"name\":\"Fiscal\u00eda General de la Naci\u00f3n\",\"isPartOf\":{\"@id\":\"https:\/\/www.fiscalia.gov.co\/colombia\/#website\"},\"primaryImageOfPage\":{\"@id\":\"https:\/\/www.fiscalia.gov.co\/colombia\/noticias\/cti-y-ejercito-capturan-a-venezolana-pedida-en-extradicion-por-estados-unidos-por-presuntamente-hacer-parte-de-una-red-de-trata-de-personas\/#primaryimage\"},\"image\":{\"@id\":\"https:\/\/www.fiscalia.gov.co\/colombia\/noticias\/cti-y-ejercito-capturan-a-venezolana-pedida-en-extradicion-por-estados-unidos-por-presuntamente-hacer-parte-de-una-red-de-trata-de-personas\/#primaryimage\"},\"thumbnailUrl\":\"https:\/\/www.fiscalia.gov.co\/colombia\/wp-content\/uploads\/Daniela-Camara.jpeg\",\"datePublished\":\"2024-08-17T12:16:14+00:00\",\"dateModified\":\"2024-08-17T12:16:15+00:00\",\"description\":\"P\u00e1gina oficial de la Fiscal\u00eda General de la Naci\u00f3n \u2013 Colombia. Garantizamos el acceso efectivo a la justicia, la verdad y la reparaci\u00f3n de las v\u00edctimas de los delitos.\",\"breadcrumb\":{\"@id\":\"https:\/\/www.fiscalia.gov.co\/colombia\/noticias\/cti-y-ejercito-capturan-a-venezolana-pedida-en-extradicion-por-estados-unidos-por-presuntamente-hacer-parte-de-una-red-de-trata-de-personas\/#breadcrumb\"},\"inLanguage\":\"es-CO\",\"potentialAction\":[{\"@type\":\"ReadAction\",\"target\":[\"https:\/\/www.fiscalia.gov.co\/colombia\/noticias\/cti-y-ejercito-capturan-a-venezolana-pedida-en-extradicion-por-estados-unidos-por-presuntamente-hacer-parte-de-una-red-de-trata-de-personas\/\"]}]},{\"@type\":\"ImageObject\",\"inLanguage\":\"es-CO\",\"@id\":\"https:\/\/www.fiscalia.gov.co\/colombia\/noticias\/cti-y-ejercito-capturan-a-venezolana-pedida-en-extradicion-por-estados-unidos-por-presuntamente-hacer-parte-de-una-red-de-trata-de-personas\/#primaryimage\",\"url\":\"https:\/\/www.fiscalia.gov.co\/colombia\/wp-content\/uploads\/Daniela-Camara.jpeg\",\"contentUrl\":\"https:\/\/www.fiscalia.gov.co\/colombia\/wp-content\/uploads\/Daniela-Camara.jpeg\",\"width\":1560,\"height\":1202,\"caption\":\"Daniela C\u00e1mara Perico, quien es requerida en extradici\u00f3n por el Tribunal Superior del condado de Mercer, Nueva Jersey de Estados Unidos.\"},{\"@type\":\"BreadcrumbList\",\"@id\":\"https:\/\/www.fiscalia.gov.co\/colombia\/noticias\/cti-y-ejercito-capturan-a-venezolana-pedida-en-extradicion-por-estados-unidos-por-presuntamente-hacer-parte-de-una-red-de-trata-de-personas\/#breadcrumb\",\"itemListElement\":[{\"@type\":\"ListItem\",\"position\":1,\"name\":\"Home\",\"item\":\"https:\/\/www.fiscalia.gov.co\/colombia\/\"},{\"@type\":\"ListItem\",\"position\":2,\"name\":\"CTI y Ej\u00e9rcito capturan a venezolana pedida en extradici\u00f3n por Estados Unidos por, presuntamente hacer parte de una red de trata de personas\"}]},{\"@type\":\"WebSite\",\"@id\":\"https:\/\/www.fiscalia.gov.co\/colombia\/#website\",\"url\":\"https:\/\/www.fiscalia.gov.co\/colombia\/\",\"name\":\"Fiscal\u00eda General de la Naci\u00f3n\",\"description\":\"P\u00e1gina oficial de la Fiscal\u00eda General de la Naci\u00f3n \u2013 Colombia. Garantizamos el acceso efectivo a la justicia, la verdad y la reparaci\u00f3n de las v\u00edctimas de los delitos.\",\"publisher\":{\"@id\":\"https:\/\/www.fiscalia.gov.co\/colombia\/#organization\"},\"potentialAction\":[{\"@type\":\"SearchAction\",\"target\":{\"@type\":\"EntryPoint\",\"urlTemplate\":\"https:\/\/www.fiscalia.gov.co\/colombia\/?s={search_term_string}\"},\"query-input\":{\"@type\":\"PropertyValueSpecification\",\"valueRequired\":true,\"valueName\":\"search_term_string\"}}],\"inLanguage\":\"es-CO\"},{\"@type\":\"Organization\",\"@id\":\"https:\/\/www.fiscalia.gov.co\/colombia\/#organization\",\"name\":\"Fiscal\u00eda General de la Naci\u00f3n\",\"url\":\"https:\/\/www.fiscalia.gov.co\/colombia\/\",\"logo\":{\"@type\":\"ImageObject\",\"inLanguage\":\"es-CO\",\"@id\":\"https:\/\/www.fiscalia.gov.co\/colombia\/#\/schema\/logo\/image\/\",\"url\":\"https:\/\/www.fiscalia.gov.co\/colombia\/wp-content\/uploads\/LogoHorizontal_1.jpg\",\"contentUrl\":\"https:\/\/www.fiscalia.gov.co\/colombia\/wp-content\/uploads\/LogoHorizontal_1.jpg\",\"width\":300,\"height\":90,\"caption\":\"Fiscal\u00eda General de la Naci\u00f3n\"},\"image\":{\"@id\":\"https:\/\/www.fiscalia.gov.co\/colombia\/#\/schema\/logo\/image\/\"},\"sameAs\":[\"https:\/\/www.facebook.com\/FiscaliaCol\",\"https:\/\/x.com\/FiscaliaCol\",\"https:\/\/www.instagram.com\/fiscaliacol\",\"https:\/\/www.linkedin.com\/company\/fiscalia-general-de-la-naci-n\/\",\"https:\/\/youtube.com\/@fiscaliageneraldelanacion-4668?si=6nN79nyQICPU5iTh\"]},{\"@type\":\"Person\",\"@id\":\"https:\/\/www.fiscalia.gov.co\/colombia\/#\/schema\/person\/2e76b9aba5ecf875ed565ce4de0e0415\",\"name\":\"Katherine Loaiza Mart\u00ednez\",\"image\":{\"@type\":\"ImageObject\",\"inLanguage\":\"es-CO\",\"@id\":\"https:\/\/www.fiscalia.gov.co\/colombia\/#\/schema\/person\/image\/\",\"url\":\"https:\/\/secure.gravatar.com\/avatar\/ab775a2f394c1b83b6d6f78680e57b50?s=96&d=mm&r=g\",\"contentUrl\":\"https:\/\/secure.gravatar.com\/avatar\/ab775a2f394c1b83b6d6f78680e57b50?s=96&d=mm&r=g\",\"caption\":\"Katherine Loaiza Mart\u00ednez\"},\"url\":\"https:\/\/www.fiscalia.gov.co\/colombia\/author\/kloaiza\/\"}]}<\/script>\n<!-- \/ Yoast SEO plugin. -->","yoast_head_json":{"title":"Fiscal\u00eda General de la Naci\u00f3n","description":"P\u00e1gina oficial de la Fiscal\u00eda General de la Naci\u00f3n \u2013 Colombia. Garantizamos el acceso efectivo a la justicia, la verdad y la reparaci\u00f3n de las v\u00edctimas de los delitos.","robots":{"index":"noindex","follow":"follow"},"og_locale":"es_ES","og_type":"article","og_title":"Fiscal\u00eda General de la Naci\u00f3n","og_description":"P\u00e1gina oficial de la Fiscal\u00eda General de la Naci\u00f3n \u2013 Colombia. Garantizamos el acceso efectivo a la justicia, la verdad y la reparaci\u00f3n de las v\u00edctimas de los delitos.","og_url":"https:\/\/www.fiscalia.gov.co\/colombia\/noticias\/cti-y-ejercito-capturan-a-venezolana-pedida-en-extradicion-por-estados-unidos-por-presuntamente-hacer-parte-de-una-red-de-trata-de-personas\/","og_site_name":"Fiscal\u00eda General de la Naci\u00f3n","article_publisher":"https:\/\/www.facebook.com\/FiscaliaCol","article_published_time":"2024-08-17T12:16:14+00:00","article_modified_time":"2024-08-17T12:16:15+00:00","og_image":[{"url":"https:\/\/www.fiscalia.gov.co\/colombia\/wp-content\/uploads\/Daniela-Camara.jpeg","type":"","width":"","height":""}],"author":"Katherine Loaiza Mart\u00ednez","twitter_card":"summary_large_image","twitter_creator":"@FiscaliaCol","twitter_site":"@FiscaliaCol","twitter_misc":{"Escrito por":"Katherine Loaiza Mart\u00ednez","Tiempo de lectura":"3 minutos"},"schema":{"@context":"https:\/\/schema.org","@graph":[{"@type":"Article","@id":"https:\/\/www.fiscalia.gov.co\/colombia\/noticias\/cti-y-ejercito-capturan-a-venezolana-pedida-en-extradicion-por-estados-unidos-por-presuntamente-hacer-parte-de-una-red-de-trata-de-personas\/#article","isPartOf":{"@id":"https:\/\/www.fiscalia.gov.co\/colombia\/noticias\/cti-y-ejercito-capturan-a-venezolana-pedida-en-extradicion-por-estados-unidos-por-presuntamente-hacer-parte-de-una-red-de-trata-de-personas\/"},"author":{"name":"Katherine Loaiza Mart\u00ednez","@id":"https:\/\/www.fiscalia.gov.co\/colombia\/#\/schema\/person\/2e76b9aba5ecf875ed565ce4de0e0415"},"headline":"CTI y Ej\u00e9rcito capturan a venezolana pedida en extradici\u00f3n por Estados Unidos por, presuntamente hacer parte de una red de trata de personas","datePublished":"2024-08-17T12:16:14+00:00","dateModified":"2024-08-17T12:16:15+00:00","mainEntityOfPage":{"@id":"https:\/\/www.fiscalia.gov.co\/colombia\/noticias\/cti-y-ejercito-capturan-a-venezolana-pedida-en-extradicion-por-estados-unidos-por-presuntamente-hacer-parte-de-una-red-de-trata-de-personas\/"},"wordCount":600,"publisher":{"@id":"https:\/\/www.fiscalia.gov.co\/colombia\/#organization"},"image":{"@id":"https:\/\/www.fiscalia.gov.co\/colombia\/noticias\/cti-y-ejercito-capturan-a-venezolana-pedida-en-extradicion-por-estados-unidos-por-presuntamente-hacer-parte-de-una-red-de-trata-de-personas\/#primaryimage"},"thumbnailUrl":"https:\/\/www.fiscalia.gov.co\/colombia\/wp-content\/uploads\/Daniela-Camara.jpeg","keywords":["fiscal Camargo","Fiscal General Luz Adriana Camargo","Fiscal Luz Adriana Camargo Garz\u00f3n"],"articleSection":["Noticias"],"inLanguage":"es-CO"},{"@type":"WebPage","@id":"https:\/\/www.fiscalia.gov.co\/colombia\/noticias\/cti-y-ejercito-capturan-a-venezolana-pedida-en-extradicion-por-estados-unidos-por-presuntamente-hacer-parte-de-una-red-de-trata-de-personas\/","url":"https:\/\/www.fiscalia.gov.co\/colombia\/noticias\/cti-y-ejercito-capturan-a-venezolana-pedida-en-extradicion-por-estados-unidos-por-presuntamente-hacer-parte-de-una-red-de-trata-de-personas\/","name":"Fiscal\u00eda General de la Naci\u00f3n","isPartOf":{"@id":"https:\/\/www.fiscalia.gov.co\/colombia\/#website"},"primaryImageOfPage":{"@id":"https:\/\/www.fiscalia.gov.co\/colombia\/noticias\/cti-y-ejercito-capturan-a-venezolana-pedida-en-extradicion-por-estados-unidos-por-presuntamente-hacer-parte-de-una-red-de-trata-de-personas\/#primaryimage"},"image":{"@id":"https:\/\/www.fiscalia.gov.co\/colombia\/noticias\/cti-y-ejercito-capturan-a-venezolana-pedida-en-extradicion-por-estados-unidos-por-presuntamente-hacer-parte-de-una-red-de-trata-de-personas\/#primaryimage"},"thumbnailUrl":"https:\/\/www.fiscalia.gov.co\/colombia\/wp-content\/uploads\/Daniela-Camara.jpeg","datePublished":"2024-08-17T12:16:14+00:00","dateModified":"2024-08-17T12:16:15+00:00","description":"P\u00e1gina oficial de la Fiscal\u00eda General de la Naci\u00f3n \u2013 Colombia. Garantizamos el acceso efectivo a la justicia, la verdad y la reparaci\u00f3n de las v\u00edctimas de los delitos.","breadcrumb":{"@id":"https:\/\/www.fiscalia.gov.co\/colombia\/noticias\/cti-y-ejercito-capturan-a-venezolana-pedida-en-extradicion-por-estados-unidos-por-presuntamente-hacer-parte-de-una-red-de-trata-de-personas\/#breadcrumb"},"inLanguage":"es-CO","potentialAction":[{"@type":"ReadAction","target":["https:\/\/www.fiscalia.gov.co\/colombia\/noticias\/cti-y-ejercito-capturan-a-venezolana-pedida-en-extradicion-por-estados-unidos-por-presuntamente-hacer-parte-de-una-red-de-trata-de-personas\/"]}]},{"@type":"ImageObject","inLanguage":"es-CO","@id":"https:\/\/www.fiscalia.gov.co\/colombia\/noticias\/cti-y-ejercito-capturan-a-venezolana-pedida-en-extradicion-por-estados-unidos-por-presuntamente-hacer-parte-de-una-red-de-trata-de-personas\/#primaryimage","url":"https:\/\/www.fiscalia.gov.co\/colombia\/wp-content\/uploads\/Daniela-Camara.jpeg","contentUrl":"https:\/\/www.fiscalia.gov.co\/colombia\/wp-content\/uploads\/Daniela-Camara.jpeg","width":1560,"height":1202,"caption":"Daniela C\u00e1mara Perico, quien es requerida en extradici\u00f3n por el Tribunal Superior del condado de Mercer, Nueva Jersey de Estados Unidos."},{"@type":"BreadcrumbList","@id":"https:\/\/www.fiscalia.gov.co\/colombia\/noticias\/cti-y-ejercito-capturan-a-venezolana-pedida-en-extradicion-por-estados-unidos-por-presuntamente-hacer-parte-de-una-red-de-trata-de-personas\/#breadcrumb","itemListElement":[{"@type":"ListItem","position":1,"name":"Home","item":"https:\/\/www.fiscalia.gov.co\/colombia\/"},{"@type":"ListItem","position":2,"name":"CTI y Ej\u00e9rcito capturan a venezolana pedida en extradici\u00f3n por Estados Unidos por, presuntamente hacer parte de una red de trata de personas"}]},{"@type":"WebSite","@id":"https:\/\/www.fiscalia.gov.co\/colombia\/#website","url":"https:\/\/www.fiscalia.gov.co\/colombia\/","name":"Fiscal\u00eda General de la Naci\u00f3n","description":"P\u00e1gina oficial de la Fiscal\u00eda General de la Naci\u00f3n \u2013 Colombia. Garantizamos el acceso efectivo a la justicia, la verdad y la reparaci\u00f3n de las v\u00edctimas de los delitos.","publisher":{"@id":"https:\/\/www.fiscalia.gov.co\/colombia\/#organization"},"potentialAction":[{"@type":"SearchAction","target":{"@type":"EntryPoint","urlTemplate":"https:\/\/www.fiscalia.gov.co\/colombia\/?s={search_term_string}"},"query-input":{"@type":"PropertyValueSpecification","valueRequired":true,"valueName":"search_term_string"}}],"inLanguage":"es-CO"},{"@type":"Organization","@id":"https:\/\/www.fiscalia.gov.co\/colombia\/#organization","name":"Fiscal\u00eda General de la Naci\u00f3n","url":"https:\/\/www.fiscalia.gov.co\/colombia\/","logo":{"@type":"ImageObject","inLanguage":"es-CO","@id":"https:\/\/www.fiscalia.gov.co\/colombia\/#\/schema\/logo\/image\/","url":"https:\/\/www.fiscalia.gov.co\/colombia\/wp-content\/uploads\/LogoHorizontal_1.jpg","contentUrl":"https:\/\/www.fiscalia.gov.co\/colombia\/wp-content\/uploads\/LogoHorizontal_1.jpg","width":300,"height":90,"caption":"Fiscal\u00eda General de la Naci\u00f3n"},"image":{"@id":"https:\/\/www.fiscalia.gov.co\/colombia\/#\/schema\/logo\/image\/"},"sameAs":["https:\/\/www.facebook.com\/FiscaliaCol","https:\/\/x.com\/FiscaliaCol","https:\/\/www.instagram.com\/fiscaliacol","https:\/\/www.linkedin.com\/company\/fiscalia-general-de-la-naci-n\/","https:\/\/youtube.com\/@fiscaliageneraldelanacion-4668?si=6nN79nyQICPU5iTh"]},{"@type":"Person","@id":"https:\/\/www.fiscalia.gov.co\/colombia\/#\/schema\/person\/2e76b9aba5ecf875ed565ce4de0e0415","name":"Katherine Loaiza Mart\u00ednez","image":{"@type":"ImageObject","inLanguage":"es-CO","@id":"https:\/\/www.fiscalia.gov.co\/colombia\/#\/schema\/person\/image\/","url":"https:\/\/secure.gravatar.com\/avatar\/ab775a2f394c1b83b6d6f78680e57b50?s=96&d=mm&r=g","contentUrl":"https:\/\/secure.gravatar.com\/avatar\/ab775a2f394c1b83b6d6f78680e57b50?s=96&d=mm&r=g","caption":"Katherine Loaiza Mart\u00ednez"},"url":"https:\/\/www.fiscalia.gov.co\/colombia\/author\/kloaiza\/"}]}},"_links":{"self":[{"href":"https:\/\/www.fiscalia.gov.co\/colombia\/wp-json\/wp\/v2\/posts\/300290","targetHints":{"allow":["GET"]}}],"collection":[{"href":"https:\/\/www.fiscalia.gov.co\/colombia\/wp-json\/wp\/v2\/posts"}],"about":[{"href":"https:\/\/www.fiscalia.gov.co\/colombia\/wp-json\/wp\/v2\/types\/post"}],"author":[{"embeddable":true,"href":"https:\/\/www.fiscalia.gov.co\/colombia\/wp-json\/wp\/v2\/users\/175"}],"replies":[{"embeddable":true,"href":"https:\/\/www.fiscalia.gov.co\/colombia\/wp-json\/wp\/v2\/comments?post=300290"}],"version-history":[{"count":1,"href":"https:\/\/www.fiscalia.gov.co\/colombia\/wp-json\/wp\/v2\/posts\/300290\/revisions"}],"predecessor-version":[{"id":300292,"href":"https:\/\/www.fiscalia.gov.co\/colombia\/wp-json\/wp\/v2\/posts\/300290\/revisions\/300292"}],"wp:attachment":[{"href":"https:\/\/www.fiscalia.gov.co\/colombia\/wp-json\/wp\/v2\/media?parent=300290"}],"wp:term":[{"taxonomy":"category","embeddable":true,"href":"https:\/\/www.fiscalia.gov.co\/colombia\/wp-json\/wp\/v2\/categories?post=300290"},{"taxonomy":"post_tag","embeddable":true,"href":"https:\/\/www.fiscalia.gov.co\/colombia\/wp-json\/wp\/v2\/tags?post=300290"}],"curies":[{"name":"wp","href":"https:\/\/api.w.org\/{rel}","templated":true}]}}