{"id":300202,"date":"2024-08-15T15:51:11","date_gmt":"2024-08-15T20:51:11","guid":{"rendered":"https:\/\/www.fiscalia.gov.co\/colombia\/?p=300202"},"modified":"2024-08-15T15:51:11","modified_gmt":"2024-08-15T20:51:11","slug":"tribunal-superior-de-ibague-condeno-a-20-anos-de-prision-a-un-hombre-por-feminicidio","status":"publish","type":"post","link":"https:\/\/www.fiscalia.gov.co\/colombia\/noticias\/tribunal-superior-de-ibague-condeno-a-20-anos-de-prision-a-un-hombre-por-feminicidio\/","title":{"rendered":"Tribunal superior de Ibagu\u00e9 conden\u00f3 a 20 a\u00f1os de prisi\u00f3n a un hombre por feminicidio"},"content":{"rendered":"<h4 style=\"font-weight: 400; text-align: center;\"><strong><em>Un juzgado de Honda (Tolima) lo hab\u00eda sentenciado en 2022 a 19 a\u00f1os de prisi\u00f3n homicidio simple. La Fiscal\u00eda apel\u00f3 la decisi\u00f3n.<\/em><\/strong><\/h4>\n<figure id=\"attachment_300205\" aria-describedby=\"caption-attachment-300205\" style=\"width: 696px\" class=\"wp-caption aligncenter\"><img loading=\"lazy\" decoding=\"async\" class=\"size-large wp-image-300205\" src=\"https:\/\/www.fiscalia.gov.co\/colombia\/wp-content\/uploads\/feminicidio-mariquita-tribunal-de-ibague-condena-1024x637.jpeg\" alt=\"En la imagen se ve una persona detenida bajo custodia de dos uniformados de la Polic\u00eda Nacional.\" width=\"696\" height=\"433\" srcset=\"https:\/\/www.fiscalia.gov.co\/colombia\/wp-content\/uploads\/feminicidio-mariquita-tribunal-de-ibague-condena-1024x637.jpeg 1024w, https:\/\/www.fiscalia.gov.co\/colombia\/wp-content\/uploads\/feminicidio-mariquita-tribunal-de-ibague-condena-300x187.jpeg 300w, https:\/\/www.fiscalia.gov.co\/colombia\/wp-content\/uploads\/feminicidio-mariquita-tribunal-de-ibague-condena-768x478.jpeg 768w, https:\/\/www.fiscalia.gov.co\/colombia\/wp-content\/uploads\/feminicidio-mariquita-tribunal-de-ibague-condena-675x420.jpeg 675w, https:\/\/www.fiscalia.gov.co\/colombia\/wp-content\/uploads\/feminicidio-mariquita-tribunal-de-ibague-condena-696x433.jpeg 696w, https:\/\/www.fiscalia.gov.co\/colombia\/wp-content\/uploads\/feminicidio-mariquita-tribunal-de-ibague-condena-1068x664.jpeg 1068w, https:\/\/www.fiscalia.gov.co\/colombia\/wp-content\/uploads\/feminicidio-mariquita-tribunal-de-ibague-condena-356x220.jpeg 356w, https:\/\/www.fiscalia.gov.co\/colombia\/wp-content\/uploads\/feminicidio-mariquita-tribunal-de-ibague-condena.jpeg 1447w\" sizes=\"auto, (max-width: 696px) 100vw, 696px\" \/><figcaption id=\"caption-attachment-300205\" class=\"wp-caption-text\">El hombre se encuentra detenido desde el d\u00eda de los hechos cuando fue detenido en flagrancia.<\/figcaption><\/figure>\n<p style=\"font-weight: 400;\">La Fiscal\u00eda General de la Naci\u00f3n consigui\u00f3 que el Tribunal Superior de Ibagu\u00e9 revocara una decisi\u00f3n de primera instancia y en su lugar condenara a 20 a\u00f1os y 10 meses de prisi\u00f3n a <strong>Marco Tulio Carranza Pineda, responsable del delito de feminicidio del que fue v\u00edctima su expareja sentimental.<\/strong><\/p>\n<p style=\"font-weight: 400;\">La sentencia inicial fue proferida el 7 de abril del 2022 por un juzgado de conocimiento de Honda, que <strong>lo conden\u00f3 a 19 a\u00f1os de prisi\u00f3n por homicidio simple.<\/strong> Asimismo, le fue modificada la pena accesoria de inhabilitaci\u00f3n para el ejercicio de derechos y funciones p\u00fablicas en un t\u00e9rmino de 20 a\u00f1os.<\/p>\n<p style=\"font-weight: 400;\"><strong>El caso<\/strong><\/p>\n<p style=\"font-weight: 400;\">Los hechos ocurrieron en horas de la noche en una vivienda del barrio Carlos Alberto Rubio del municipio Mariquita (Tolima), <a href=\"https:\/\/www.fiscalia.gov.co\/colombia\/seccionales\/por-feminicidio-de-su-companera-sentimental-en-el-norte-de-tolima-un-asegurado\/?preview_id=191106&amp;preview_nonce=a9aff6ff6f&amp;post_format=standard&amp;_thumbnail_id=-1&amp;preview=true\">d<strong>onde fue asesinada una mujer caus\u00e1ndole m\u00faltiples heridas con arma cortopunzante.<\/strong><\/a><\/p>\n<p style=\"font-weight: 400;\">El d\u00eda de los hechos la comunidad advirti\u00f3 a las autoridades luego de que escucharan gritos de auxilio.<strong> Al llegar al sitio la Polic\u00eda encontr\u00f3 a la v\u00edctima tendida en el piso sin signos vitales.<\/strong> Uno de los patrulleros que atendi\u00f3 el caso observ\u00f3 salir un sujeto por una ventana, quien fue perseguido por las autoridades que lo detuvieron cerca de su casa.<\/p>\n<p style=\"font-weight: 400;\"><strong>La pareja hab\u00eda convivido 3 a\u00f1os y llevaba 8 d\u00edas de haber culminado una relaci\u00f3n<\/strong> marcada por constantes episodios de celos y violencia f\u00edsica.<\/p>\n<p style=\"font-weight: 400;\">\n<p>&nbsp;<\/p>\n<p>&nbsp;<\/p>\n<p>&nbsp;<\/p>\n<p style=\"font-weight: 400;\">PAAM\/LMFO\/MAGA\/MCAA\/DST<\/p>\n<p style=\"font-weight: 400;\">\n<p>&nbsp;<\/p>\n<p>&nbsp;<\/p>\n<p>&nbsp;<\/p>\n<div class=\"td-post-content tagdiv-type\">\n<div class=\"td-post-content tagdiv-type\">\n<p><em>La informaci\u00f3n contenida en este bolet\u00edn de prensa corresponde a la\u00a0narraci\u00f3n de los hechos noticiosos objetivos, suministrados por los funcionarios encargados de adelantar las investigaciones penales al interior de la Fiscal\u00eda General de la Naci\u00f3n. Para el momento de la divulgaci\u00f3n de este comunicado, la situaci\u00f3n jur\u00eddica de la(s) persona(s) relacionada(s) se encuentra pendiente de resolver por la autoridad judicial competente, siempre bajo los preceptos de la presunci\u00f3n de inocencia, consagrados en el art\u00edculo 29 de la Constituci\u00f3n Pol\u00edtica y el art\u00edculo 7\u00ba de la Ley 906 de 2004.<\/em><\/p>\n<\/div>\n<footer>\n<div class=\"td-post-source-tags\"><\/div>\n<div class=\"td-post-sharing-bottom\"><\/div>\n<\/footer>\n<\/div>\n<footer>\n<div class=\"td-post-source-tags\"><\/div>\n<div class=\"td-post-sharing-bottom\"><\/div>\n<\/footer>\n\n<div class=\"twitter-share\"><a href=\"https:\/\/twitter.com\/intent\/tweet?via=fiscaliacol\" class=\"twitter-share-button\">Tweet<\/a><\/div>\n","protected":false},"excerpt":{"rendered":"<p>Un juzgado de Honda (Tolima) lo hab\u00eda sentenciado en 2022 a 19 a\u00f1os de prisi\u00f3n homicidio simple. La Fiscal\u00eda apel\u00f3 la decisi\u00f3n. La Fiscal\u00eda General de la Naci\u00f3n consigui\u00f3 que [&hellip;]<\/p>\n","protected":false},"author":177,"featured_media":0,"comment_status":"closed","ping_status":"open","sticky":false,"template":"","format":"standard","meta":{"tdm_status":"","tdm_grid_status":"","footnotes":""},"categories":[1,329,303,24127],"tags":[45,13065,13442,30205,1047,23885,5864,24443,32583,23972,25173,702,12189,26697,1176],"class_list":["post-300202","post","type-post","status-publish","format-standard","category-noticias","category-seccional-ibague","category-seccionales","category-violencia-sexual-e-intrafamiliar","tag-cti","tag-expareja","tag-feminicidio","tag-fiscal-seccional","tag-fiscalia-general-de-la-nacion","tag-honda","tag-juzgado","tag-mariquita","tag-mariquita-tolima","tag-policia","tag-revocar","tag-segunda-instancia","tag-tolima","tag-tribunal-superior","tag-violencia-de-genero"],"yoast_head":"<!-- This site is optimized with the Yoast SEO plugin v24.3 - https:\/\/yoast.com\/wordpress\/plugins\/seo\/ -->\n<title>Fiscal\u00eda General de la Naci\u00f3n<\/title>\n<meta name=\"description\" content=\"P\u00e1gina oficial de la Fiscal\u00eda General de la Naci\u00f3n \u2013 Colombia. Garantizamos el acceso efectivo a la justicia, la verdad y la reparaci\u00f3n de las v\u00edctimas de los delitos.\" \/>\n<meta name=\"robots\" content=\"noindex, follow\" \/>\n<meta property=\"og:locale\" content=\"es_ES\" \/>\n<meta property=\"og:type\" content=\"article\" \/>\n<meta property=\"og:title\" content=\"Fiscal\u00eda General de la Naci\u00f3n\" \/>\n<meta property=\"og:description\" content=\"P\u00e1gina oficial de la Fiscal\u00eda General de la Naci\u00f3n \u2013 Colombia. Garantizamos el acceso efectivo a la justicia, la verdad y la reparaci\u00f3n de las v\u00edctimas de los delitos.\" \/>\n<meta property=\"og:url\" content=\"https:\/\/www.fiscalia.gov.co\/colombia\/noticias\/tribunal-superior-de-ibague-condeno-a-20-anos-de-prision-a-un-hombre-por-feminicidio\/\" \/>\n<meta property=\"og:site_name\" content=\"Fiscal\u00eda General de la Naci\u00f3n\" \/>\n<meta property=\"article:publisher\" content=\"https:\/\/www.facebook.com\/FiscaliaCol\" \/>\n<meta property=\"article:published_time\" content=\"2024-08-15T20:51:11+00:00\" \/>\n<meta property=\"og:image\" content=\"https:\/\/www.fiscalia.gov.co\/colombia\/wp-content\/uploads\/feminicidio-mariquita-tribunal-de-ibague-condena-1024x637.jpeg\" \/>\n<meta name=\"author\" content=\"Jordan Leandro Oviedo Anzola\" \/>\n<meta name=\"twitter:card\" content=\"summary_large_image\" \/>\n<meta name=\"twitter:creator\" content=\"@FiscaliaCol\" \/>\n<meta name=\"twitter:site\" content=\"@FiscaliaCol\" \/>\n<meta name=\"twitter:label1\" content=\"Escrito por\" \/>\n\t<meta name=\"twitter:data1\" content=\"Jordan Leandro Oviedo Anzola\" \/>\n\t<meta name=\"twitter:label2\" content=\"Tiempo de lectura\" \/>\n\t<meta name=\"twitter:data2\" content=\"2 minutos\" \/>\n<script type=\"application\/ld+json\" class=\"yoast-schema-graph\">{\"@context\":\"https:\/\/schema.org\",\"@graph\":[{\"@type\":\"Article\",\"@id\":\"https:\/\/www.fiscalia.gov.co\/colombia\/noticias\/tribunal-superior-de-ibague-condeno-a-20-anos-de-prision-a-un-hombre-por-feminicidio\/#article\",\"isPartOf\":{\"@id\":\"https:\/\/www.fiscalia.gov.co\/colombia\/noticias\/tribunal-superior-de-ibague-condeno-a-20-anos-de-prision-a-un-hombre-por-feminicidio\/\"},\"author\":{\"name\":\"Jordan Leandro Oviedo Anzola\",\"@id\":\"https:\/\/www.fiscalia.gov.co\/colombia\/#\/schema\/person\/bf84402cf293a5393e9c70b111020b24\"},\"headline\":\"Tribunal superior de Ibagu\u00e9 conden\u00f3 a 20 a\u00f1os de prisi\u00f3n a un hombre por feminicidio\",\"datePublished\":\"2024-08-15T20:51:11+00:00\",\"dateModified\":\"2024-08-15T20:51:11+00:00\",\"mainEntityOfPage\":{\"@id\":\"https:\/\/www.fiscalia.gov.co\/colombia\/noticias\/tribunal-superior-de-ibague-condeno-a-20-anos-de-prision-a-un-hombre-por-feminicidio\/\"},\"wordCount\":413,\"publisher\":{\"@id\":\"https:\/\/www.fiscalia.gov.co\/colombia\/#organization\"},\"image\":{\"@id\":\"https:\/\/www.fiscalia.gov.co\/colombia\/noticias\/tribunal-superior-de-ibague-condeno-a-20-anos-de-prision-a-un-hombre-por-feminicidio\/#primaryimage\"},\"thumbnailUrl\":\"https:\/\/www.fiscalia.gov.co\/colombia\/wp-content\/uploads\/feminicidio-mariquita-tribunal-de-ibague-condena-1024x637.jpeg\",\"keywords\":[\"CTI\",\"Expareja\",\"Feminicidio\",\"fiscal seccional\",\"Fiscal\u00eda General de la Naci\u00f3n\",\"Honda\",\"Juzgado\",\"Mariquita\",\"Mariquita (Tolima)\",\"Polic\u00eda\",\"revocar\",\"Segunda instancia\",\"Tolima\",\"Tribunal superior\",\"Violencia de g\u00e9nero\"],\"articleSection\":[\"Noticias\",\"Seccional Ibagu\u00e9\",\"Seccionales\",\"Violencia sexual e intrafamiliar\"],\"inLanguage\":\"es-CO\"},{\"@type\":\"WebPage\",\"@id\":\"https:\/\/www.fiscalia.gov.co\/colombia\/noticias\/tribunal-superior-de-ibague-condeno-a-20-anos-de-prision-a-un-hombre-por-feminicidio\/\",\"url\":\"https:\/\/www.fiscalia.gov.co\/colombia\/noticias\/tribunal-superior-de-ibague-condeno-a-20-anos-de-prision-a-un-hombre-por-feminicidio\/\",\"name\":\"Fiscal\u00eda General de la Naci\u00f3n\",\"isPartOf\":{\"@id\":\"https:\/\/www.fiscalia.gov.co\/colombia\/#website\"},\"primaryImageOfPage\":{\"@id\":\"https:\/\/www.fiscalia.gov.co\/colombia\/noticias\/tribunal-superior-de-ibague-condeno-a-20-anos-de-prision-a-un-hombre-por-feminicidio\/#primaryimage\"},\"image\":{\"@id\":\"https:\/\/www.fiscalia.gov.co\/colombia\/noticias\/tribunal-superior-de-ibague-condeno-a-20-anos-de-prision-a-un-hombre-por-feminicidio\/#primaryimage\"},\"thumbnailUrl\":\"https:\/\/www.fiscalia.gov.co\/colombia\/wp-content\/uploads\/feminicidio-mariquita-tribunal-de-ibague-condena-1024x637.jpeg\",\"datePublished\":\"2024-08-15T20:51:11+00:00\",\"dateModified\":\"2024-08-15T20:51:11+00:00\",\"description\":\"P\u00e1gina oficial de la Fiscal\u00eda General de la Naci\u00f3n \u2013 Colombia. Garantizamos el acceso efectivo a la justicia, la verdad y la reparaci\u00f3n de las v\u00edctimas de los delitos.\",\"breadcrumb\":{\"@id\":\"https:\/\/www.fiscalia.gov.co\/colombia\/noticias\/tribunal-superior-de-ibague-condeno-a-20-anos-de-prision-a-un-hombre-por-feminicidio\/#breadcrumb\"},\"inLanguage\":\"es-CO\",\"potentialAction\":[{\"@type\":\"ReadAction\",\"target\":[\"https:\/\/www.fiscalia.gov.co\/colombia\/noticias\/tribunal-superior-de-ibague-condeno-a-20-anos-de-prision-a-un-hombre-por-feminicidio\/\"]}]},{\"@type\":\"ImageObject\",\"inLanguage\":\"es-CO\",\"@id\":\"https:\/\/www.fiscalia.gov.co\/colombia\/noticias\/tribunal-superior-de-ibague-condeno-a-20-anos-de-prision-a-un-hombre-por-feminicidio\/#primaryimage\",\"url\":\"https:\/\/www.fiscalia.gov.co\/colombia\/wp-content\/uploads\/feminicidio-mariquita-tribunal-de-ibague-condena.jpeg\",\"contentUrl\":\"https:\/\/www.fiscalia.gov.co\/colombia\/wp-content\/uploads\/feminicidio-mariquita-tribunal-de-ibague-condena.jpeg\",\"width\":1447,\"height\":900,\"caption\":\"El hombre se encuentra detenido desde el d\u00eda de los hechos cuando fue detenido en flagrancia.\"},{\"@type\":\"BreadcrumbList\",\"@id\":\"https:\/\/www.fiscalia.gov.co\/colombia\/noticias\/tribunal-superior-de-ibague-condeno-a-20-anos-de-prision-a-un-hombre-por-feminicidio\/#breadcrumb\",\"itemListElement\":[{\"@type\":\"ListItem\",\"position\":1,\"name\":\"Home\",\"item\":\"https:\/\/www.fiscalia.gov.co\/colombia\/\"},{\"@type\":\"ListItem\",\"position\":2,\"name\":\"Tribunal superior de Ibagu\u00e9 conden\u00f3 a 20 a\u00f1os de prisi\u00f3n a un hombre por feminicidio\"}]},{\"@type\":\"WebSite\",\"@id\":\"https:\/\/www.fiscalia.gov.co\/colombia\/#website\",\"url\":\"https:\/\/www.fiscalia.gov.co\/colombia\/\",\"name\":\"Fiscal\u00eda General de la Naci\u00f3n\",\"description\":\"P\u00e1gina oficial de la Fiscal\u00eda General de la Naci\u00f3n \u2013 Colombia. Garantizamos el acceso efectivo a la justicia, la verdad y la reparaci\u00f3n de las v\u00edctimas de los delitos.\",\"publisher\":{\"@id\":\"https:\/\/www.fiscalia.gov.co\/colombia\/#organization\"},\"potentialAction\":[{\"@type\":\"SearchAction\",\"target\":{\"@type\":\"EntryPoint\",\"urlTemplate\":\"https:\/\/www.fiscalia.gov.co\/colombia\/?s={search_term_string}\"},\"query-input\":{\"@type\":\"PropertyValueSpecification\",\"valueRequired\":true,\"valueName\":\"search_term_string\"}}],\"inLanguage\":\"es-CO\"},{\"@type\":\"Organization\",\"@id\":\"https:\/\/www.fiscalia.gov.co\/colombia\/#organization\",\"name\":\"Fiscal\u00eda General de la Naci\u00f3n\",\"url\":\"https:\/\/www.fiscalia.gov.co\/colombia\/\",\"logo\":{\"@type\":\"ImageObject\",\"inLanguage\":\"es-CO\",\"@id\":\"https:\/\/www.fiscalia.gov.co\/colombia\/#\/schema\/logo\/image\/\",\"url\":\"https:\/\/www.fiscalia.gov.co\/colombia\/wp-content\/uploads\/LogoHorizontal_1.jpg\",\"contentUrl\":\"https:\/\/www.fiscalia.gov.co\/colombia\/wp-content\/uploads\/LogoHorizontal_1.jpg\",\"width\":300,\"height\":90,\"caption\":\"Fiscal\u00eda General de la Naci\u00f3n\"},\"image\":{\"@id\":\"https:\/\/www.fiscalia.gov.co\/colombia\/#\/schema\/logo\/image\/\"},\"sameAs\":[\"https:\/\/www.facebook.com\/FiscaliaCol\",\"https:\/\/x.com\/FiscaliaCol\",\"https:\/\/www.instagram.com\/fiscaliacol\",\"https:\/\/www.linkedin.com\/company\/fiscalia-general-de-la-naci-n\/\",\"https:\/\/youtube.com\/@fiscaliageneraldelanacion-4668?si=6nN79nyQICPU5iTh\"]},{\"@type\":\"Person\",\"@id\":\"https:\/\/www.fiscalia.gov.co\/colombia\/#\/schema\/person\/bf84402cf293a5393e9c70b111020b24\",\"name\":\"Jordan Leandro Oviedo Anzola\",\"image\":{\"@type\":\"ImageObject\",\"inLanguage\":\"es-CO\",\"@id\":\"https:\/\/www.fiscalia.gov.co\/colombia\/#\/schema\/person\/image\/\",\"url\":\"https:\/\/secure.gravatar.com\/avatar\/dabba4346fa9b9207d96adafa8f92721?s=96&d=mm&r=g\",\"contentUrl\":\"https:\/\/secure.gravatar.com\/avatar\/dabba4346fa9b9207d96adafa8f92721?s=96&d=mm&r=g\",\"caption\":\"Jordan Leandro Oviedo Anzola\"},\"url\":\"https:\/\/www.fiscalia.gov.co\/colombia\/author\/joviedo\/\"}]}<\/script>\n<!-- \/ Yoast SEO plugin. -->","yoast_head_json":{"title":"Fiscal\u00eda General de la Naci\u00f3n","description":"P\u00e1gina oficial de la Fiscal\u00eda General de la Naci\u00f3n \u2013 Colombia. Garantizamos el acceso efectivo a la justicia, la verdad y la reparaci\u00f3n de las v\u00edctimas de los delitos.","robots":{"index":"noindex","follow":"follow"},"og_locale":"es_ES","og_type":"article","og_title":"Fiscal\u00eda General de la Naci\u00f3n","og_description":"P\u00e1gina oficial de la Fiscal\u00eda General de la Naci\u00f3n \u2013 Colombia. Garantizamos el acceso efectivo a la justicia, la verdad y la reparaci\u00f3n de las v\u00edctimas de los delitos.","og_url":"https:\/\/www.fiscalia.gov.co\/colombia\/noticias\/tribunal-superior-de-ibague-condeno-a-20-anos-de-prision-a-un-hombre-por-feminicidio\/","og_site_name":"Fiscal\u00eda General de la Naci\u00f3n","article_publisher":"https:\/\/www.facebook.com\/FiscaliaCol","article_published_time":"2024-08-15T20:51:11+00:00","og_image":[{"url":"https:\/\/www.fiscalia.gov.co\/colombia\/wp-content\/uploads\/feminicidio-mariquita-tribunal-de-ibague-condena-1024x637.jpeg","type":"","width":"","height":""}],"author":"Jordan Leandro Oviedo Anzola","twitter_card":"summary_large_image","twitter_creator":"@FiscaliaCol","twitter_site":"@FiscaliaCol","twitter_misc":{"Escrito por":"Jordan Leandro Oviedo Anzola","Tiempo de lectura":"2 minutos"},"schema":{"@context":"https:\/\/schema.org","@graph":[{"@type":"Article","@id":"https:\/\/www.fiscalia.gov.co\/colombia\/noticias\/tribunal-superior-de-ibague-condeno-a-20-anos-de-prision-a-un-hombre-por-feminicidio\/#article","isPartOf":{"@id":"https:\/\/www.fiscalia.gov.co\/colombia\/noticias\/tribunal-superior-de-ibague-condeno-a-20-anos-de-prision-a-un-hombre-por-feminicidio\/"},"author":{"name":"Jordan Leandro Oviedo Anzola","@id":"https:\/\/www.fiscalia.gov.co\/colombia\/#\/schema\/person\/bf84402cf293a5393e9c70b111020b24"},"headline":"Tribunal superior de Ibagu\u00e9 conden\u00f3 a 20 a\u00f1os de prisi\u00f3n a un hombre por feminicidio","datePublished":"2024-08-15T20:51:11+00:00","dateModified":"2024-08-15T20:51:11+00:00","mainEntityOfPage":{"@id":"https:\/\/www.fiscalia.gov.co\/colombia\/noticias\/tribunal-superior-de-ibague-condeno-a-20-anos-de-prision-a-un-hombre-por-feminicidio\/"},"wordCount":413,"publisher":{"@id":"https:\/\/www.fiscalia.gov.co\/colombia\/#organization"},"image":{"@id":"https:\/\/www.fiscalia.gov.co\/colombia\/noticias\/tribunal-superior-de-ibague-condeno-a-20-anos-de-prision-a-un-hombre-por-feminicidio\/#primaryimage"},"thumbnailUrl":"https:\/\/www.fiscalia.gov.co\/colombia\/wp-content\/uploads\/feminicidio-mariquita-tribunal-de-ibague-condena-1024x637.jpeg","keywords":["CTI","Expareja","Feminicidio","fiscal seccional","Fiscal\u00eda General de la Naci\u00f3n","Honda","Juzgado","Mariquita","Mariquita (Tolima)","Polic\u00eda","revocar","Segunda instancia","Tolima","Tribunal superior","Violencia de g\u00e9nero"],"articleSection":["Noticias","Seccional Ibagu\u00e9","Seccionales","Violencia sexual e intrafamiliar"],"inLanguage":"es-CO"},{"@type":"WebPage","@id":"https:\/\/www.fiscalia.gov.co\/colombia\/noticias\/tribunal-superior-de-ibague-condeno-a-20-anos-de-prision-a-un-hombre-por-feminicidio\/","url":"https:\/\/www.fiscalia.gov.co\/colombia\/noticias\/tribunal-superior-de-ibague-condeno-a-20-anos-de-prision-a-un-hombre-por-feminicidio\/","name":"Fiscal\u00eda General de la Naci\u00f3n","isPartOf":{"@id":"https:\/\/www.fiscalia.gov.co\/colombia\/#website"},"primaryImageOfPage":{"@id":"https:\/\/www.fiscalia.gov.co\/colombia\/noticias\/tribunal-superior-de-ibague-condeno-a-20-anos-de-prision-a-un-hombre-por-feminicidio\/#primaryimage"},"image":{"@id":"https:\/\/www.fiscalia.gov.co\/colombia\/noticias\/tribunal-superior-de-ibague-condeno-a-20-anos-de-prision-a-un-hombre-por-feminicidio\/#primaryimage"},"thumbnailUrl":"https:\/\/www.fiscalia.gov.co\/colombia\/wp-content\/uploads\/feminicidio-mariquita-tribunal-de-ibague-condena-1024x637.jpeg","datePublished":"2024-08-15T20:51:11+00:00","dateModified":"2024-08-15T20:51:11+00:00","description":"P\u00e1gina oficial de la Fiscal\u00eda General de la Naci\u00f3n \u2013 Colombia. Garantizamos el acceso efectivo a la justicia, la verdad y la reparaci\u00f3n de las v\u00edctimas de los delitos.","breadcrumb":{"@id":"https:\/\/www.fiscalia.gov.co\/colombia\/noticias\/tribunal-superior-de-ibague-condeno-a-20-anos-de-prision-a-un-hombre-por-feminicidio\/#breadcrumb"},"inLanguage":"es-CO","potentialAction":[{"@type":"ReadAction","target":["https:\/\/www.fiscalia.gov.co\/colombia\/noticias\/tribunal-superior-de-ibague-condeno-a-20-anos-de-prision-a-un-hombre-por-feminicidio\/"]}]},{"@type":"ImageObject","inLanguage":"es-CO","@id":"https:\/\/www.fiscalia.gov.co\/colombia\/noticias\/tribunal-superior-de-ibague-condeno-a-20-anos-de-prision-a-un-hombre-por-feminicidio\/#primaryimage","url":"https:\/\/www.fiscalia.gov.co\/colombia\/wp-content\/uploads\/feminicidio-mariquita-tribunal-de-ibague-condena.jpeg","contentUrl":"https:\/\/www.fiscalia.gov.co\/colombia\/wp-content\/uploads\/feminicidio-mariquita-tribunal-de-ibague-condena.jpeg","width":1447,"height":900,"caption":"El hombre se encuentra detenido desde el d\u00eda de los hechos cuando fue detenido en flagrancia."},{"@type":"BreadcrumbList","@id":"https:\/\/www.fiscalia.gov.co\/colombia\/noticias\/tribunal-superior-de-ibague-condeno-a-20-anos-de-prision-a-un-hombre-por-feminicidio\/#breadcrumb","itemListElement":[{"@type":"ListItem","position":1,"name":"Home","item":"https:\/\/www.fiscalia.gov.co\/colombia\/"},{"@type":"ListItem","position":2,"name":"Tribunal superior de Ibagu\u00e9 conden\u00f3 a 20 a\u00f1os de prisi\u00f3n a un hombre por feminicidio"}]},{"@type":"WebSite","@id":"https:\/\/www.fiscalia.gov.co\/colombia\/#website","url":"https:\/\/www.fiscalia.gov.co\/colombia\/","name":"Fiscal\u00eda General de la Naci\u00f3n","description":"P\u00e1gina oficial de la Fiscal\u00eda General de la Naci\u00f3n \u2013 Colombia. Garantizamos el acceso efectivo a la justicia, la verdad y la reparaci\u00f3n de las v\u00edctimas de los delitos.","publisher":{"@id":"https:\/\/www.fiscalia.gov.co\/colombia\/#organization"},"potentialAction":[{"@type":"SearchAction","target":{"@type":"EntryPoint","urlTemplate":"https:\/\/www.fiscalia.gov.co\/colombia\/?s={search_term_string}"},"query-input":{"@type":"PropertyValueSpecification","valueRequired":true,"valueName":"search_term_string"}}],"inLanguage":"es-CO"},{"@type":"Organization","@id":"https:\/\/www.fiscalia.gov.co\/colombia\/#organization","name":"Fiscal\u00eda General de la Naci\u00f3n","url":"https:\/\/www.fiscalia.gov.co\/colombia\/","logo":{"@type":"ImageObject","inLanguage":"es-CO","@id":"https:\/\/www.fiscalia.gov.co\/colombia\/#\/schema\/logo\/image\/","url":"https:\/\/www.fiscalia.gov.co\/colombia\/wp-content\/uploads\/LogoHorizontal_1.jpg","contentUrl":"https:\/\/www.fiscalia.gov.co\/colombia\/wp-content\/uploads\/LogoHorizontal_1.jpg","width":300,"height":90,"caption":"Fiscal\u00eda General de la Naci\u00f3n"},"image":{"@id":"https:\/\/www.fiscalia.gov.co\/colombia\/#\/schema\/logo\/image\/"},"sameAs":["https:\/\/www.facebook.com\/FiscaliaCol","https:\/\/x.com\/FiscaliaCol","https:\/\/www.instagram.com\/fiscaliacol","https:\/\/www.linkedin.com\/company\/fiscalia-general-de-la-naci-n\/","https:\/\/youtube.com\/@fiscaliageneraldelanacion-4668?si=6nN79nyQICPU5iTh"]},{"@type":"Person","@id":"https:\/\/www.fiscalia.gov.co\/colombia\/#\/schema\/person\/bf84402cf293a5393e9c70b111020b24","name":"Jordan Leandro Oviedo Anzola","image":{"@type":"ImageObject","inLanguage":"es-CO","@id":"https:\/\/www.fiscalia.gov.co\/colombia\/#\/schema\/person\/image\/","url":"https:\/\/secure.gravatar.com\/avatar\/dabba4346fa9b9207d96adafa8f92721?s=96&d=mm&r=g","contentUrl":"https:\/\/secure.gravatar.com\/avatar\/dabba4346fa9b9207d96adafa8f92721?s=96&d=mm&r=g","caption":"Jordan Leandro Oviedo Anzola"},"url":"https:\/\/www.fiscalia.gov.co\/colombia\/author\/joviedo\/"}]}},"_links":{"self":[{"href":"https:\/\/www.fiscalia.gov.co\/colombia\/wp-json\/wp\/v2\/posts\/300202","targetHints":{"allow":["GET"]}}],"collection":[{"href":"https:\/\/www.fiscalia.gov.co\/colombia\/wp-json\/wp\/v2\/posts"}],"about":[{"href":"https:\/\/www.fiscalia.gov.co\/colombia\/wp-json\/wp\/v2\/types\/post"}],"author":[{"embeddable":true,"href":"https:\/\/www.fiscalia.gov.co\/colombia\/wp-json\/wp\/v2\/users\/177"}],"replies":[{"embeddable":true,"href":"https:\/\/www.fiscalia.gov.co\/colombia\/wp-json\/wp\/v2\/comments?post=300202"}],"version-history":[{"count":1,"href":"https:\/\/www.fiscalia.gov.co\/colombia\/wp-json\/wp\/v2\/posts\/300202\/revisions"}],"predecessor-version":[{"id":300206,"href":"https:\/\/www.fiscalia.gov.co\/colombia\/wp-json\/wp\/v2\/posts\/300202\/revisions\/300206"}],"wp:attachment":[{"href":"https:\/\/www.fiscalia.gov.co\/colombia\/wp-json\/wp\/v2\/media?parent=300202"}],"wp:term":[{"taxonomy":"category","embeddable":true,"href":"https:\/\/www.fiscalia.gov.co\/colombia\/wp-json\/wp\/v2\/categories?post=300202"},{"taxonomy":"post_tag","embeddable":true,"href":"https:\/\/www.fiscalia.gov.co\/colombia\/wp-json\/wp\/v2\/tags?post=300202"}],"curies":[{"name":"wp","href":"https:\/\/api.w.org\/{rel}","templated":true}]}}