{"id":300089,"date":"2024-08-13T14:40:51","date_gmt":"2024-08-13T19:40:51","guid":{"rendered":"https:\/\/www.fiscalia.gov.co\/colombia\/?p=300089"},"modified":"2024-08-13T14:40:51","modified_gmt":"2024-08-13T19:40:51","slug":"en-tolima-fiscalia-allano-20-inmuebles-donde-seria-fabricado-y-comercializado-material-de-intendencia","status":"publish","type":"post","link":"https:\/\/www.fiscalia.gov.co\/colombia\/noticias\/en-tolima-fiscalia-allano-20-inmuebles-donde-seria-fabricado-y-comercializado-material-de-intendencia\/","title":{"rendered":"En Tolima Fiscal\u00eda allan\u00f3 20 inmuebles donde ser\u00eda fabricado y comercializado material de intendencia"},"content":{"rendered":"<h4 style=\"font-weight: 400; text-align: center;\"><strong><em>Dos mujeres fueron capturadas en Ibagu\u00e9 y Chaparral, se les imput\u00f3 el delito de utilizaci\u00f3n ilegal de uniformes e insignias agravado.<\/em><\/strong><\/h4>\n<figure id=\"attachment_300090\" aria-describedby=\"caption-attachment-300090\" style=\"width: 696px\" class=\"wp-caption aligncenter\"><img loading=\"lazy\" decoding=\"async\" class=\"size-large wp-image-300090\" src=\"https:\/\/www.fiscalia.gov.co\/colombia\/wp-content\/uploads\/foto-paredon-icnautaciones-uso-de-uniformes-e-insignias-tolima-1024x576.jpeg\" alt=\"En la fotograf\u00eda se puede observar a 6 funcionarios de la Polic\u00eda y el Ejercito Nacional formados, en frente de ellos esta todo el material incautado\" width=\"696\" height=\"392\" srcset=\"https:\/\/www.fiscalia.gov.co\/colombia\/wp-content\/uploads\/foto-paredon-icnautaciones-uso-de-uniformes-e-insignias-tolima-1024x576.jpeg 1024w, https:\/\/www.fiscalia.gov.co\/colombia\/wp-content\/uploads\/foto-paredon-icnautaciones-uso-de-uniformes-e-insignias-tolima-300x169.jpeg 300w, https:\/\/www.fiscalia.gov.co\/colombia\/wp-content\/uploads\/foto-paredon-icnautaciones-uso-de-uniformes-e-insignias-tolima-768x432.jpeg 768w, https:\/\/www.fiscalia.gov.co\/colombia\/wp-content\/uploads\/foto-paredon-icnautaciones-uso-de-uniformes-e-insignias-tolima-1536x864.jpeg 1536w, https:\/\/www.fiscalia.gov.co\/colombia\/wp-content\/uploads\/foto-paredon-icnautaciones-uso-de-uniformes-e-insignias-tolima-747x420.jpeg 747w, https:\/\/www.fiscalia.gov.co\/colombia\/wp-content\/uploads\/foto-paredon-icnautaciones-uso-de-uniformes-e-insignias-tolima-696x392.jpeg 696w, https:\/\/www.fiscalia.gov.co\/colombia\/wp-content\/uploads\/foto-paredon-icnautaciones-uso-de-uniformes-e-insignias-tolima-1068x601.jpeg 1068w, https:\/\/www.fiscalia.gov.co\/colombia\/wp-content\/uploads\/foto-paredon-icnautaciones-uso-de-uniformes-e-insignias-tolima.jpeg 1600w\" sizes=\"auto, (max-width: 696px) 100vw, 696px\" \/><figcaption id=\"caption-attachment-300090\" class=\"wp-caption-text\">El CTI en un trabajo coordinado con la Polic\u00eda y el Ej\u00e9rcito incautaron un n\u00famero importante de material de intendencia, uniformes y elementos de uso privativo de las Fuerzas Militares.<\/figcaption><\/figure>\n<p style=\"font-weight: 400;\">Servidores del Cuerpo T\u00e9cnico de Investigaci\u00f3n (CTI), con apoyo del Ej\u00e9rcito y de la Polic\u00eda Nacional realizaron diligencias de registro y allanamiento en 20 establecimientos de comercio ubicados en Tolima, <a href=\"https:\/\/www.fiscalia.gov.co\/colombia\/noticias\/judicializados-tres-hombres-capturados-con-armas-de-fuego-y-prendas-de-uso-privativo-de-las-fuerzas-militares-en-el-espinal-tolima\/\">donde eran comercializados uniformes y elementos de uso exclusivo de las Fuerzas Militares.<\/a><\/p>\n<p style=\"font-weight: 400;\">Acciones adelantadas en Ibagu\u00e9 y Chaparral permitieron la captura de<strong> dos mujeres a quienes se les imput\u00f3 el delito de utilizaci\u00f3n ilegal de uniformes e insignias agravad<\/strong>o, cargos que negaron. Las dos personas deber\u00e1n seguir compareciendo al proceso en libertad.<\/p>\n<p style=\"font-weight: 400;\"><strong>Entre tanto, en Ibagu\u00e9 fueron allanados 13 locales, en Honda 1, en Melgar 2 y en Chaparral 4.<\/strong> En estos lugares se incaut\u00f3 gran cantidad de elementos de intendencia, prendas pixeladas, maquinaria para confecci\u00f3n y bordado.<\/p>\n<p style=\"font-weight: 400;\">La Fiscal\u00eda a trav\u00e9s de un despacho especializado autoriz\u00f3 dichas diligencias tras verificar que los almacenes en menci\u00f3n no contaban con los permisos para adelantar la referida fabricaci\u00f3n ni su comercializaci\u00f3n.<\/p>\n<p style=\"font-weight: 400;\"><strong>Tambi\u00e9n fueron incautadas m\u00e1quinas de coser industriales y de bordado<\/strong>; m\u00e1s de 400 camisetas t\u00e1cticas y de la Fuerza A\u00e9rea, 68 goleanas, 45 gorras tipo pava pixeladas, 11 cascos t\u00e1cticos pixelados, 112 cubre cascos pixelados, 31 cubre mo\u00f1as pixeladas, 6 morrales de campa\u00f1a.<\/p>\n<p style=\"font-weight: 400;\"><strong>As\u00ed mismo, 5 chalecos t\u00e1cticos, 72 toallas estampadas con logos de las Fuerzas Militares,<\/strong> documentaci\u00f3n contable, 30 insignias militares, brazaletes de la Polic\u00eda Nacional y militar y 280 parches tipo escudo del Ej\u00e9rcito, 29 cartuchos de diferentes calibres, entre otros elementos.<\/p>\n<p>&nbsp;<\/p>\n<p>&nbsp;<\/p>\n<p>&nbsp;<\/p>\n<p>&nbsp;<\/p>\n<p>&nbsp;<\/p>\n<p style=\"font-weight: 400;\">PAAM\/LMFO\/MAGA\/MCAA\/DST<\/p>\n<p style=\"font-weight: 400;\">\n<p>&nbsp;<\/p>\n<p>&nbsp;<\/p>\n<p>&nbsp;<\/p>\n<p>&nbsp;<\/p>\n<div class=\"td-post-content tagdiv-type\">\n<div class=\"td-post-content tagdiv-type\">\n<p><em>La informaci\u00f3n contenida en este bolet\u00edn de prensa corresponde a la narraci\u00f3n de los hechos noticiosos objetivos, suministrados por los funcionarios encargados de adelantar las investigaciones penales al interior de la Fiscal\u00eda General de la Naci\u00f3n. Para el momento de la divulgaci\u00f3n de este comunicado, la situaci\u00f3n jur\u00eddica de la(s) persona(s) relacionada(s) se encuentra pendiente de resolver por la autoridad judicial competente, siempre bajo los preceptos de la presunci\u00f3n de inocencia, consagrados en el art\u00edculo 29 de la Constituci\u00f3n Pol\u00edtica y el art\u00edculo 7\u00ba de la Ley 906 de 2004.<\/em><\/p>\n<\/div>\n<\/div>\n\n<div class=\"twitter-share\"><a href=\"https:\/\/twitter.com\/intent\/tweet?via=fiscaliacol\" class=\"twitter-share-button\">Tweet<\/a><\/div>\n","protected":false},"excerpt":{"rendered":"<p>Dos mujeres fueron capturadas en Ibagu\u00e9 y Chaparral, se les imput\u00f3 el delito de utilizaci\u00f3n ilegal de uniformes e insignias agravado. Servidores del Cuerpo T\u00e9cnico de Investigaci\u00f3n (CTI), con apoyo [&hellip;]<\/p>\n","protected":false},"author":177,"featured_media":0,"comment_status":"closed","ping_status":"open","sticky":false,"template":"","format":"standard","meta":{"tdm_status":"","tdm_grid_status":"","footnotes":""},"categories":[1,329,303,24099],"tags":[3148,924,25444,45,667,1047,793,38403,23885,23838,23990,38404,31128,5553,23853,5699,558,36645,32637],"class_list":["post-300089","post","type-post","status-publish","format-standard","category-noticias","category-seccional-ibague","category-seccionales","category-seguridad-territorial","tag-allanamiento","tag-captura","tag-chaparral","tag-cti","tag-ejercito","tag-fiscalia-general-de-la-nacion","tag-fuerzas-militares","tag-goleanas","tag-honda","tag-ibague","tag-ibague-tolima","tag-insignias","tag-locales-comerciales","tag-material-de-intendencia","tag-melgar","tag-municiones","tag-policia-nacional","tag-registro","tag-uniformes"],"yoast_head":"<!-- This site is optimized with the Yoast SEO plugin v24.3 - https:\/\/yoast.com\/wordpress\/plugins\/seo\/ -->\n<title>Fiscal\u00eda General de la Naci\u00f3n<\/title>\n<meta name=\"description\" content=\"P\u00e1gina oficial de la Fiscal\u00eda General de la Naci\u00f3n \u2013 Colombia. Garantizamos el acceso efectivo a la justicia, la verdad y la reparaci\u00f3n de las v\u00edctimas de los delitos.\" \/>\n<meta name=\"robots\" content=\"noindex, follow\" \/>\n<meta property=\"og:locale\" content=\"es_ES\" \/>\n<meta property=\"og:type\" content=\"article\" \/>\n<meta property=\"og:title\" content=\"Fiscal\u00eda General de la Naci\u00f3n\" \/>\n<meta property=\"og:description\" content=\"P\u00e1gina oficial de la Fiscal\u00eda General de la Naci\u00f3n \u2013 Colombia. Garantizamos el acceso efectivo a la justicia, la verdad y la reparaci\u00f3n de las v\u00edctimas de los delitos.\" \/>\n<meta property=\"og:url\" content=\"https:\/\/www.fiscalia.gov.co\/colombia\/noticias\/en-tolima-fiscalia-allano-20-inmuebles-donde-seria-fabricado-y-comercializado-material-de-intendencia\/\" \/>\n<meta property=\"og:site_name\" content=\"Fiscal\u00eda General de la Naci\u00f3n\" \/>\n<meta property=\"article:publisher\" content=\"https:\/\/www.facebook.com\/FiscaliaCol\" \/>\n<meta property=\"article:published_time\" content=\"2024-08-13T19:40:51+00:00\" \/>\n<meta property=\"og:image\" content=\"https:\/\/www.fiscalia.gov.co\/colombia\/wp-content\/uploads\/foto-paredon-icnautaciones-uso-de-uniformes-e-insignias-tolima-1024x576.jpeg\" \/>\n<meta name=\"author\" content=\"Jordan Leandro Oviedo Anzola\" \/>\n<meta name=\"twitter:card\" content=\"summary_large_image\" \/>\n<meta name=\"twitter:creator\" content=\"@FiscaliaCol\" \/>\n<meta name=\"twitter:site\" content=\"@FiscaliaCol\" \/>\n<meta name=\"twitter:label1\" content=\"Escrito por\" \/>\n\t<meta name=\"twitter:data1\" content=\"Jordan Leandro Oviedo Anzola\" \/>\n\t<meta name=\"twitter:label2\" content=\"Tiempo de lectura\" \/>\n\t<meta name=\"twitter:data2\" content=\"2 minutos\" \/>\n<script type=\"application\/ld+json\" class=\"yoast-schema-graph\">{\"@context\":\"https:\/\/schema.org\",\"@graph\":[{\"@type\":\"Article\",\"@id\":\"https:\/\/www.fiscalia.gov.co\/colombia\/noticias\/en-tolima-fiscalia-allano-20-inmuebles-donde-seria-fabricado-y-comercializado-material-de-intendencia\/#article\",\"isPartOf\":{\"@id\":\"https:\/\/www.fiscalia.gov.co\/colombia\/noticias\/en-tolima-fiscalia-allano-20-inmuebles-donde-seria-fabricado-y-comercializado-material-de-intendencia\/\"},\"author\":{\"name\":\"Jordan Leandro Oviedo Anzola\",\"@id\":\"https:\/\/www.fiscalia.gov.co\/colombia\/#\/schema\/person\/bf84402cf293a5393e9c70b111020b24\"},\"headline\":\"En Tolima Fiscal\u00eda allan\u00f3 20 inmuebles donde ser\u00eda fabricado y comercializado material de intendencia\",\"datePublished\":\"2024-08-13T19:40:51+00:00\",\"dateModified\":\"2024-08-13T19:40:51+00:00\",\"mainEntityOfPage\":{\"@id\":\"https:\/\/www.fiscalia.gov.co\/colombia\/noticias\/en-tolima-fiscalia-allano-20-inmuebles-donde-seria-fabricado-y-comercializado-material-de-intendencia\/\"},\"wordCount\":434,\"publisher\":{\"@id\":\"https:\/\/www.fiscalia.gov.co\/colombia\/#organization\"},\"image\":{\"@id\":\"https:\/\/www.fiscalia.gov.co\/colombia\/noticias\/en-tolima-fiscalia-allano-20-inmuebles-donde-seria-fabricado-y-comercializado-material-de-intendencia\/#primaryimage\"},\"thumbnailUrl\":\"https:\/\/www.fiscalia.gov.co\/colombia\/wp-content\/uploads\/foto-paredon-icnautaciones-uso-de-uniformes-e-insignias-tolima-1024x576.jpeg\",\"keywords\":[\"Allanamiento\",\"Captura\",\"Chaparral\",\"CTI\",\"Ej\u00e9rcito\",\"Fiscal\u00eda General de la Naci\u00f3n\",\"Fuerzas Militares\",\"goleanas\",\"Honda\",\"Ibagu\u00e9\",\"Ibagu\u00e9 (Tolima)\",\"insignias\",\"locales comerciales\",\"Material de intendencia\",\"Melgar\",\"Municiones\",\"Polic\u00eda Nacional\",\"registro\",\"uniformes\"],\"articleSection\":[\"Noticias\",\"Seccional Ibagu\u00e9\",\"Seccionales\",\"Seguridad territorial\"],\"inLanguage\":\"es-CO\"},{\"@type\":\"WebPage\",\"@id\":\"https:\/\/www.fiscalia.gov.co\/colombia\/noticias\/en-tolima-fiscalia-allano-20-inmuebles-donde-seria-fabricado-y-comercializado-material-de-intendencia\/\",\"url\":\"https:\/\/www.fiscalia.gov.co\/colombia\/noticias\/en-tolima-fiscalia-allano-20-inmuebles-donde-seria-fabricado-y-comercializado-material-de-intendencia\/\",\"name\":\"Fiscal\u00eda General de la Naci\u00f3n\",\"isPartOf\":{\"@id\":\"https:\/\/www.fiscalia.gov.co\/colombia\/#website\"},\"primaryImageOfPage\":{\"@id\":\"https:\/\/www.fiscalia.gov.co\/colombia\/noticias\/en-tolima-fiscalia-allano-20-inmuebles-donde-seria-fabricado-y-comercializado-material-de-intendencia\/#primaryimage\"},\"image\":{\"@id\":\"https:\/\/www.fiscalia.gov.co\/colombia\/noticias\/en-tolima-fiscalia-allano-20-inmuebles-donde-seria-fabricado-y-comercializado-material-de-intendencia\/#primaryimage\"},\"thumbnailUrl\":\"https:\/\/www.fiscalia.gov.co\/colombia\/wp-content\/uploads\/foto-paredon-icnautaciones-uso-de-uniformes-e-insignias-tolima-1024x576.jpeg\",\"datePublished\":\"2024-08-13T19:40:51+00:00\",\"dateModified\":\"2024-08-13T19:40:51+00:00\",\"description\":\"P\u00e1gina oficial de la Fiscal\u00eda General de la Naci\u00f3n \u2013 Colombia. Garantizamos el acceso efectivo a la justicia, la verdad y la reparaci\u00f3n de las v\u00edctimas de los delitos.\",\"breadcrumb\":{\"@id\":\"https:\/\/www.fiscalia.gov.co\/colombia\/noticias\/en-tolima-fiscalia-allano-20-inmuebles-donde-seria-fabricado-y-comercializado-material-de-intendencia\/#breadcrumb\"},\"inLanguage\":\"es-CO\",\"potentialAction\":[{\"@type\":\"ReadAction\",\"target\":[\"https:\/\/www.fiscalia.gov.co\/colombia\/noticias\/en-tolima-fiscalia-allano-20-inmuebles-donde-seria-fabricado-y-comercializado-material-de-intendencia\/\"]}]},{\"@type\":\"ImageObject\",\"inLanguage\":\"es-CO\",\"@id\":\"https:\/\/www.fiscalia.gov.co\/colombia\/noticias\/en-tolima-fiscalia-allano-20-inmuebles-donde-seria-fabricado-y-comercializado-material-de-intendencia\/#primaryimage\",\"url\":\"https:\/\/www.fiscalia.gov.co\/colombia\/wp-content\/uploads\/foto-paredon-icnautaciones-uso-de-uniformes-e-insignias-tolima.jpeg\",\"contentUrl\":\"https:\/\/www.fiscalia.gov.co\/colombia\/wp-content\/uploads\/foto-paredon-icnautaciones-uso-de-uniformes-e-insignias-tolima.jpeg\",\"width\":1600,\"height\":900,\"caption\":\"El CTI en un trabajo coordinado con la Polic\u00eda y el Ej\u00e9rcito incautaron un n\u00famero importante de material de intendencia, uniformes y elementos de uso privativo de las Fuerzas Militares.\"},{\"@type\":\"BreadcrumbList\",\"@id\":\"https:\/\/www.fiscalia.gov.co\/colombia\/noticias\/en-tolima-fiscalia-allano-20-inmuebles-donde-seria-fabricado-y-comercializado-material-de-intendencia\/#breadcrumb\",\"itemListElement\":[{\"@type\":\"ListItem\",\"position\":1,\"name\":\"Home\",\"item\":\"https:\/\/www.fiscalia.gov.co\/colombia\/\"},{\"@type\":\"ListItem\",\"position\":2,\"name\":\"En Tolima Fiscal\u00eda allan\u00f3 20 inmuebles donde ser\u00eda fabricado y comercializado material de intendencia\"}]},{\"@type\":\"WebSite\",\"@id\":\"https:\/\/www.fiscalia.gov.co\/colombia\/#website\",\"url\":\"https:\/\/www.fiscalia.gov.co\/colombia\/\",\"name\":\"Fiscal\u00eda General de la Naci\u00f3n\",\"description\":\"P\u00e1gina oficial de la Fiscal\u00eda General de la Naci\u00f3n \u2013 Colombia. Garantizamos el acceso efectivo a la justicia, la verdad y la reparaci\u00f3n de las v\u00edctimas de los delitos.\",\"publisher\":{\"@id\":\"https:\/\/www.fiscalia.gov.co\/colombia\/#organization\"},\"potentialAction\":[{\"@type\":\"SearchAction\",\"target\":{\"@type\":\"EntryPoint\",\"urlTemplate\":\"https:\/\/www.fiscalia.gov.co\/colombia\/?s={search_term_string}\"},\"query-input\":{\"@type\":\"PropertyValueSpecification\",\"valueRequired\":true,\"valueName\":\"search_term_string\"}}],\"inLanguage\":\"es-CO\"},{\"@type\":\"Organization\",\"@id\":\"https:\/\/www.fiscalia.gov.co\/colombia\/#organization\",\"name\":\"Fiscal\u00eda General de la Naci\u00f3n\",\"url\":\"https:\/\/www.fiscalia.gov.co\/colombia\/\",\"logo\":{\"@type\":\"ImageObject\",\"inLanguage\":\"es-CO\",\"@id\":\"https:\/\/www.fiscalia.gov.co\/colombia\/#\/schema\/logo\/image\/\",\"url\":\"https:\/\/www.fiscalia.gov.co\/colombia\/wp-content\/uploads\/LogoHorizontal_1.jpg\",\"contentUrl\":\"https:\/\/www.fiscalia.gov.co\/colombia\/wp-content\/uploads\/LogoHorizontal_1.jpg\",\"width\":300,\"height\":90,\"caption\":\"Fiscal\u00eda General de la Naci\u00f3n\"},\"image\":{\"@id\":\"https:\/\/www.fiscalia.gov.co\/colombia\/#\/schema\/logo\/image\/\"},\"sameAs\":[\"https:\/\/www.facebook.com\/FiscaliaCol\",\"https:\/\/x.com\/FiscaliaCol\",\"https:\/\/www.instagram.com\/fiscaliacol\",\"https:\/\/www.linkedin.com\/company\/fiscalia-general-de-la-naci-n\/\",\"https:\/\/youtube.com\/@fiscaliageneraldelanacion-4668?si=6nN79nyQICPU5iTh\"]},{\"@type\":\"Person\",\"@id\":\"https:\/\/www.fiscalia.gov.co\/colombia\/#\/schema\/person\/bf84402cf293a5393e9c70b111020b24\",\"name\":\"Jordan Leandro Oviedo Anzola\",\"image\":{\"@type\":\"ImageObject\",\"inLanguage\":\"es-CO\",\"@id\":\"https:\/\/www.fiscalia.gov.co\/colombia\/#\/schema\/person\/image\/\",\"url\":\"https:\/\/secure.gravatar.com\/avatar\/dabba4346fa9b9207d96adafa8f92721?s=96&d=mm&r=g\",\"contentUrl\":\"https:\/\/secure.gravatar.com\/avatar\/dabba4346fa9b9207d96adafa8f92721?s=96&d=mm&r=g\",\"caption\":\"Jordan Leandro Oviedo Anzola\"},\"url\":\"https:\/\/www.fiscalia.gov.co\/colombia\/author\/joviedo\/\"}]}<\/script>\n<!-- \/ Yoast SEO plugin. -->","yoast_head_json":{"title":"Fiscal\u00eda General de la Naci\u00f3n","description":"P\u00e1gina oficial de la Fiscal\u00eda General de la Naci\u00f3n \u2013 Colombia. Garantizamos el acceso efectivo a la justicia, la verdad y la reparaci\u00f3n de las v\u00edctimas de los delitos.","robots":{"index":"noindex","follow":"follow"},"og_locale":"es_ES","og_type":"article","og_title":"Fiscal\u00eda General de la Naci\u00f3n","og_description":"P\u00e1gina oficial de la Fiscal\u00eda General de la Naci\u00f3n \u2013 Colombia. Garantizamos el acceso efectivo a la justicia, la verdad y la reparaci\u00f3n de las v\u00edctimas de los delitos.","og_url":"https:\/\/www.fiscalia.gov.co\/colombia\/noticias\/en-tolima-fiscalia-allano-20-inmuebles-donde-seria-fabricado-y-comercializado-material-de-intendencia\/","og_site_name":"Fiscal\u00eda General de la Naci\u00f3n","article_publisher":"https:\/\/www.facebook.com\/FiscaliaCol","article_published_time":"2024-08-13T19:40:51+00:00","og_image":[{"url":"https:\/\/www.fiscalia.gov.co\/colombia\/wp-content\/uploads\/foto-paredon-icnautaciones-uso-de-uniformes-e-insignias-tolima-1024x576.jpeg","type":"","width":"","height":""}],"author":"Jordan Leandro Oviedo Anzola","twitter_card":"summary_large_image","twitter_creator":"@FiscaliaCol","twitter_site":"@FiscaliaCol","twitter_misc":{"Escrito por":"Jordan Leandro Oviedo Anzola","Tiempo de lectura":"2 minutos"},"schema":{"@context":"https:\/\/schema.org","@graph":[{"@type":"Article","@id":"https:\/\/www.fiscalia.gov.co\/colombia\/noticias\/en-tolima-fiscalia-allano-20-inmuebles-donde-seria-fabricado-y-comercializado-material-de-intendencia\/#article","isPartOf":{"@id":"https:\/\/www.fiscalia.gov.co\/colombia\/noticias\/en-tolima-fiscalia-allano-20-inmuebles-donde-seria-fabricado-y-comercializado-material-de-intendencia\/"},"author":{"name":"Jordan Leandro Oviedo Anzola","@id":"https:\/\/www.fiscalia.gov.co\/colombia\/#\/schema\/person\/bf84402cf293a5393e9c70b111020b24"},"headline":"En Tolima Fiscal\u00eda allan\u00f3 20 inmuebles donde ser\u00eda fabricado y comercializado material de intendencia","datePublished":"2024-08-13T19:40:51+00:00","dateModified":"2024-08-13T19:40:51+00:00","mainEntityOfPage":{"@id":"https:\/\/www.fiscalia.gov.co\/colombia\/noticias\/en-tolima-fiscalia-allano-20-inmuebles-donde-seria-fabricado-y-comercializado-material-de-intendencia\/"},"wordCount":434,"publisher":{"@id":"https:\/\/www.fiscalia.gov.co\/colombia\/#organization"},"image":{"@id":"https:\/\/www.fiscalia.gov.co\/colombia\/noticias\/en-tolima-fiscalia-allano-20-inmuebles-donde-seria-fabricado-y-comercializado-material-de-intendencia\/#primaryimage"},"thumbnailUrl":"https:\/\/www.fiscalia.gov.co\/colombia\/wp-content\/uploads\/foto-paredon-icnautaciones-uso-de-uniformes-e-insignias-tolima-1024x576.jpeg","keywords":["Allanamiento","Captura","Chaparral","CTI","Ej\u00e9rcito","Fiscal\u00eda General de la Naci\u00f3n","Fuerzas Militares","goleanas","Honda","Ibagu\u00e9","Ibagu\u00e9 (Tolima)","insignias","locales comerciales","Material de intendencia","Melgar","Municiones","Polic\u00eda Nacional","registro","uniformes"],"articleSection":["Noticias","Seccional Ibagu\u00e9","Seccionales","Seguridad territorial"],"inLanguage":"es-CO"},{"@type":"WebPage","@id":"https:\/\/www.fiscalia.gov.co\/colombia\/noticias\/en-tolima-fiscalia-allano-20-inmuebles-donde-seria-fabricado-y-comercializado-material-de-intendencia\/","url":"https:\/\/www.fiscalia.gov.co\/colombia\/noticias\/en-tolima-fiscalia-allano-20-inmuebles-donde-seria-fabricado-y-comercializado-material-de-intendencia\/","name":"Fiscal\u00eda General de la Naci\u00f3n","isPartOf":{"@id":"https:\/\/www.fiscalia.gov.co\/colombia\/#website"},"primaryImageOfPage":{"@id":"https:\/\/www.fiscalia.gov.co\/colombia\/noticias\/en-tolima-fiscalia-allano-20-inmuebles-donde-seria-fabricado-y-comercializado-material-de-intendencia\/#primaryimage"},"image":{"@id":"https:\/\/www.fiscalia.gov.co\/colombia\/noticias\/en-tolima-fiscalia-allano-20-inmuebles-donde-seria-fabricado-y-comercializado-material-de-intendencia\/#primaryimage"},"thumbnailUrl":"https:\/\/www.fiscalia.gov.co\/colombia\/wp-content\/uploads\/foto-paredon-icnautaciones-uso-de-uniformes-e-insignias-tolima-1024x576.jpeg","datePublished":"2024-08-13T19:40:51+00:00","dateModified":"2024-08-13T19:40:51+00:00","description":"P\u00e1gina oficial de la Fiscal\u00eda General de la Naci\u00f3n \u2013 Colombia. Garantizamos el acceso efectivo a la justicia, la verdad y la reparaci\u00f3n de las v\u00edctimas de los delitos.","breadcrumb":{"@id":"https:\/\/www.fiscalia.gov.co\/colombia\/noticias\/en-tolima-fiscalia-allano-20-inmuebles-donde-seria-fabricado-y-comercializado-material-de-intendencia\/#breadcrumb"},"inLanguage":"es-CO","potentialAction":[{"@type":"ReadAction","target":["https:\/\/www.fiscalia.gov.co\/colombia\/noticias\/en-tolima-fiscalia-allano-20-inmuebles-donde-seria-fabricado-y-comercializado-material-de-intendencia\/"]}]},{"@type":"ImageObject","inLanguage":"es-CO","@id":"https:\/\/www.fiscalia.gov.co\/colombia\/noticias\/en-tolima-fiscalia-allano-20-inmuebles-donde-seria-fabricado-y-comercializado-material-de-intendencia\/#primaryimage","url":"https:\/\/www.fiscalia.gov.co\/colombia\/wp-content\/uploads\/foto-paredon-icnautaciones-uso-de-uniformes-e-insignias-tolima.jpeg","contentUrl":"https:\/\/www.fiscalia.gov.co\/colombia\/wp-content\/uploads\/foto-paredon-icnautaciones-uso-de-uniformes-e-insignias-tolima.jpeg","width":1600,"height":900,"caption":"El CTI en un trabajo coordinado con la Polic\u00eda y el Ej\u00e9rcito incautaron un n\u00famero importante de material de intendencia, uniformes y elementos de uso privativo de las Fuerzas Militares."},{"@type":"BreadcrumbList","@id":"https:\/\/www.fiscalia.gov.co\/colombia\/noticias\/en-tolima-fiscalia-allano-20-inmuebles-donde-seria-fabricado-y-comercializado-material-de-intendencia\/#breadcrumb","itemListElement":[{"@type":"ListItem","position":1,"name":"Home","item":"https:\/\/www.fiscalia.gov.co\/colombia\/"},{"@type":"ListItem","position":2,"name":"En Tolima Fiscal\u00eda allan\u00f3 20 inmuebles donde ser\u00eda fabricado y comercializado material de intendencia"}]},{"@type":"WebSite","@id":"https:\/\/www.fiscalia.gov.co\/colombia\/#website","url":"https:\/\/www.fiscalia.gov.co\/colombia\/","name":"Fiscal\u00eda General de la Naci\u00f3n","description":"P\u00e1gina oficial de la Fiscal\u00eda General de la Naci\u00f3n \u2013 Colombia. Garantizamos el acceso efectivo a la justicia, la verdad y la reparaci\u00f3n de las v\u00edctimas de los delitos.","publisher":{"@id":"https:\/\/www.fiscalia.gov.co\/colombia\/#organization"},"potentialAction":[{"@type":"SearchAction","target":{"@type":"EntryPoint","urlTemplate":"https:\/\/www.fiscalia.gov.co\/colombia\/?s={search_term_string}"},"query-input":{"@type":"PropertyValueSpecification","valueRequired":true,"valueName":"search_term_string"}}],"inLanguage":"es-CO"},{"@type":"Organization","@id":"https:\/\/www.fiscalia.gov.co\/colombia\/#organization","name":"Fiscal\u00eda General de la Naci\u00f3n","url":"https:\/\/www.fiscalia.gov.co\/colombia\/","logo":{"@type":"ImageObject","inLanguage":"es-CO","@id":"https:\/\/www.fiscalia.gov.co\/colombia\/#\/schema\/logo\/image\/","url":"https:\/\/www.fiscalia.gov.co\/colombia\/wp-content\/uploads\/LogoHorizontal_1.jpg","contentUrl":"https:\/\/www.fiscalia.gov.co\/colombia\/wp-content\/uploads\/LogoHorizontal_1.jpg","width":300,"height":90,"caption":"Fiscal\u00eda General de la Naci\u00f3n"},"image":{"@id":"https:\/\/www.fiscalia.gov.co\/colombia\/#\/schema\/logo\/image\/"},"sameAs":["https:\/\/www.facebook.com\/FiscaliaCol","https:\/\/x.com\/FiscaliaCol","https:\/\/www.instagram.com\/fiscaliacol","https:\/\/www.linkedin.com\/company\/fiscalia-general-de-la-naci-n\/","https:\/\/youtube.com\/@fiscaliageneraldelanacion-4668?si=6nN79nyQICPU5iTh"]},{"@type":"Person","@id":"https:\/\/www.fiscalia.gov.co\/colombia\/#\/schema\/person\/bf84402cf293a5393e9c70b111020b24","name":"Jordan Leandro Oviedo Anzola","image":{"@type":"ImageObject","inLanguage":"es-CO","@id":"https:\/\/www.fiscalia.gov.co\/colombia\/#\/schema\/person\/image\/","url":"https:\/\/secure.gravatar.com\/avatar\/dabba4346fa9b9207d96adafa8f92721?s=96&d=mm&r=g","contentUrl":"https:\/\/secure.gravatar.com\/avatar\/dabba4346fa9b9207d96adafa8f92721?s=96&d=mm&r=g","caption":"Jordan Leandro Oviedo Anzola"},"url":"https:\/\/www.fiscalia.gov.co\/colombia\/author\/joviedo\/"}]}},"_links":{"self":[{"href":"https:\/\/www.fiscalia.gov.co\/colombia\/wp-json\/wp\/v2\/posts\/300089","targetHints":{"allow":["GET"]}}],"collection":[{"href":"https:\/\/www.fiscalia.gov.co\/colombia\/wp-json\/wp\/v2\/posts"}],"about":[{"href":"https:\/\/www.fiscalia.gov.co\/colombia\/wp-json\/wp\/v2\/types\/post"}],"author":[{"embeddable":true,"href":"https:\/\/www.fiscalia.gov.co\/colombia\/wp-json\/wp\/v2\/users\/177"}],"replies":[{"embeddable":true,"href":"https:\/\/www.fiscalia.gov.co\/colombia\/wp-json\/wp\/v2\/comments?post=300089"}],"version-history":[{"count":1,"href":"https:\/\/www.fiscalia.gov.co\/colombia\/wp-json\/wp\/v2\/posts\/300089\/revisions"}],"predecessor-version":[{"id":300091,"href":"https:\/\/www.fiscalia.gov.co\/colombia\/wp-json\/wp\/v2\/posts\/300089\/revisions\/300091"}],"wp:attachment":[{"href":"https:\/\/www.fiscalia.gov.co\/colombia\/wp-json\/wp\/v2\/media?parent=300089"}],"wp:term":[{"taxonomy":"category","embeddable":true,"href":"https:\/\/www.fiscalia.gov.co\/colombia\/wp-json\/wp\/v2\/categories?post=300089"},{"taxonomy":"post_tag","embeddable":true,"href":"https:\/\/www.fiscalia.gov.co\/colombia\/wp-json\/wp\/v2\/tags?post=300089"}],"curies":[{"name":"wp","href":"https:\/\/api.w.org\/{rel}","templated":true}]}}