{"id":300046,"date":"2024-08-12T18:45:47","date_gmt":"2024-08-12T23:45:47","guid":{"rendered":"https:\/\/www.fiscalia.gov.co\/colombia\/?p=300046"},"modified":"2024-08-13T08:17:05","modified_gmt":"2024-08-13T13:17:05","slug":"fiscalia-imputa-al-exgobernador-de-santander-mauricio-aguilar-por-posible-direccionamiento-de-contratos-en-favor-de-aportantes-a-su-campana-electoral","status":"publish","type":"post","link":"https:\/\/www.fiscalia.gov.co\/colombia\/noticias\/fiscalia-imputa-al-exgobernador-de-santander-mauricio-aguilar-por-posible-direccionamiento-de-contratos-en-favor-de-aportantes-a-su-campana-electoral\/","title":{"rendered":"Fiscal\u00eda imputa al exgobernador de Santander, Mauricio Aguilar, por posible direccionamiento de contratos en favor de aportantes a su campa\u00f1a electoral"},"content":{"rendered":"<h4 class=\"s8\" style=\"text-align: center;\"><em><strong><span class=\"s7\">Se trata de dos convenios interadministrativos por valor de 8.593 millones de pesos<\/span><span class=\"s7\">, y estar\u00eda relacionado con un canal p\u00fablico de televisi\u00f3n regional.<\/span><\/strong><\/em><\/h4>\n<p class=\"s8\"><span class=\"s9\">Ante el Tribunal Superior de Bogot\u00e1 se present\u00f3 el exgobernador de Santander <\/span><span class=\"s9\">Nerthink Mauricio Aguilar Hurtado<\/span><span class=\"s9\">. All\u00ed el exmandatario<\/span><span class=\"s9\"> fue <\/span><span class=\"s9\">imputado por <strong>los delitos de peculado por apropiaci\u00f3n en favor de terceros agravado, contrato sin cumplimiento de <a href=\"https:\/\/www.fiscalia.gov.co\/colombia\/noticias\/fiscalia-radica-escrito-de-acusacion-en-contra-del-exgobernador-de-amazonas-carlos-arturo-rodriguez-celis-por-el-presunto-direccionamiento-de-un-contrato-de-construccion-de-vias-peatonales\/\">requisitos legales e inter\u00e9s indebido en la celebraci\u00f3n de contratos<\/a><\/strong><\/span><span class=\"s9\">, c<\/span><span class=\"s9\">argos no acept<\/span><span class=\"s9\">ados<\/span><span class=\"s9\">.<\/span><\/p>\n<p class=\"s8\"><span class=\"s9\">La investigaci\u00f3n<\/span><span class=\"s9\">,<\/span><span class=\"s9\"> adelantada por un fiscal delegado ante la Corte Suprema de Justicia<\/span><span class=\"s9\">,<\/span><span class=\"s9\"> recaud\u00f3 elementos probatorios que demostrar\u00edan <strong>la presunta responsabilidad de Aguilar Hurtado en el<a href=\"https:\/\/www.fiscalia.gov.co\/colombia\/noticias\/fiscalia-acusa-a-dos-exgobernadores-de-vichada-por-el-presunto-direccionamiento-de-un-contrato-de-suministro-de-inmobiliario-y-software\/\"> direccionamiento <\/a><\/strong><\/span><strong><span class=\"s9\">de contratos <\/span><span class=\"s9\">en favor de terceros<\/span><span class=\"s9\">.<\/span><\/strong><\/p>\n<p class=\"s8\"><strong><span class=\"s9\">Se tratar\u00eda de <\/span><span class=\"s9\">dos convenios interadministrativos <\/span><span class=\"s9\">suscritos <\/span><span class=\"s9\">por la gobernaci\u00f3n <\/span><span class=\"s9\">con el<\/span> <span class=\"s9\">canal p\u00fablico de televisi\u00f3n regional<\/span><span class=\"s9\"> (TRO)<\/span><\/strong><span class=\"s9\">. El primero <\/span><span class=\"s9\">fue suscrito <\/span><span class=\"s9\">el 11 de septiembre de 2020; y el segundo, el 18 de mayo de 2021. El valor total ser\u00eda de 8.593 millones de pesos y su <\/span><span class=\"s9\">objeto <\/span><span class=\"s9\">habr\u00eda sido estipulado para <\/span><span class=\"s9\">posiciona<\/span><span class=\"s9\">r <\/span><span class=\"s9\">la imagen<\/span><span class=\"s9\"> institucional<\/span><span class=\"s9\">, \u201c<\/span><a name=\"_GoBack\"><\/a><span class=\"s9\">Siempre Santander<\/span><span class=\"s9\">\u201d.<\/span><\/p>\n<p class=\"s8\"><span class=\"s9\">Seg\u00fan la investigaci\u00f3n, <\/span><span class=\"s9\">en los procesos contractuales se <\/span><span class=\"s9\">habr\u00eda<\/span> <span class=\"s9\">incurrido en <\/span><span class=\"s9\">anomal\u00edas <\/span><span class=\"s9\">tales como <\/span><span class=\"s9\">la <\/span><span class=\"s9\">usencia de<\/span><span class=\"s9\"> la <\/span><span class=\"s9\">necesidad <\/span><span class=\"s9\">para <\/span><span class=\"s9\">contrat<\/span><span class=\"s9\">ar<\/span><span class=\"s9\">,<\/span> <span class=\"s9\">pues <\/span><strong><span class=\"s9\">la <\/span><span class=\"s9\">iniciativa surgi\u00f3 <\/span><span class=\"s9\">de una propuesta hecha por el <\/span><span class=\"s9\">canal de televisi\u00f3n, no <\/span><span class=\"s9\">se cont\u00f3 con <\/span><span class=\"s9\">estudio<\/span><span class=\"s9\">s<\/span><span class=\"s9\"> de mercado <\/span><span class=\"s9\">en cuanto a los <\/span><span class=\"s9\">costos de cu\u00f1as, piezas y espacios publicitarios<\/span><span class=\"s9\">.<\/span><\/strong><\/p>\n<p class=\"s8\"><span class=\"s9\">Tampoco se cont\u00f3 con <\/span><span class=\"s9\">plan de medios, <\/span><span class=\"s9\">ni <\/span><span class=\"s9\">se estableci\u00f3 el impacto a alcanzar, <\/span><span class=\"s9\">adem\u00e1s se omiti\u00f3 la necesidad de publicaci\u00f3n del tr\u00e1mite contractual en <\/span><span class=\"s9\">el <\/span><span class=\"s9\">Sistema Electr\u00f3nico para la Contrataci\u00f3n P\u00fablica (<\/span><span class=\"s9\">Secop<\/span><span class=\"s9\">). <\/span><span class=\"s9\">Asimismo, <\/span><span class=\"s9\">no se habr\u00eda <\/span><span class=\"s9\">verific<\/span><span class=\"s9\">ado <\/span><span class=\"s9\">la idoneidad<\/span><span class=\"s9\">, ni <\/span><span class=\"s9\">experiencia<\/span><span class=\"s9\">, entre otros<\/span><span class=\"s9\">.<\/span><\/p>\n<p class=\"s8\"><span class=\"s9\">De la misma manera, la fiscal\u00eda evidenci\u00f3 que <\/span><span class=\"s9\">para el momento de los hechos <\/span><span class=\"s9\">la gobernaci\u00f3n contaba <\/span><span class=\"s9\">con <\/span><span class=\"s9\">numerosos <\/span><span class=\"s9\">profesional<\/span><span class=\"s9\">es<\/span><span class=\"s9\"> en distintas disciplinas comunicativas y periodistas <\/span><span class=\"s9\">que estaban en <\/span><span class=\"s9\">capacidad de ejecutar el objeto del contrato<\/span><span class=\"s9\">, sin contar tambi\u00e9n <\/span><span class=\"s9\">la <\/span><span class=\"s9\">p\u00e1gina web, <\/span><span class=\"s9\">los comunicados <\/span><span class=\"s9\">de prensa y redes social para <\/span><span class=\"s9\">realizar la <\/span><span class=\"s9\">difusi\u00f3n institucional<\/span><span class=\"s9\">,<\/span><span class=\"s9\"> sin acudir a terceros. \u00a0<\/span><\/p>\n<p class=\"s8\"><span class=\"s9\">Las irregularidades detectadas <\/span><span class=\"s9\">caus<\/span><span class=\"s9\">aron<\/span><span class=\"s9\"> un detrimento patrimonial que alcanza los 3.644 millones de pesos.<\/span><\/p>\n<p class=\"s8\"><span class=\"s9\">Esta informaci\u00f3n se publica por razones de inter\u00e9s general.<\/span><\/p>\n<p>&nbsp;<\/p>\n<p>&nbsp;<\/p>\n<p>&nbsp;<\/p>\n<p>&nbsp;<\/p>\n<p>&nbsp;<\/p>\n<p class=\"s8\"><span class=\"s12\"><span class=\"bumpedFont17\">LAGP\/MAGA\/<\/span><\/span><span class=\"s12\"><span class=\"bumpedFont17\">JO\/GFDACSJ\/<\/span><\/span><\/p>\n<p>&nbsp;<\/p>\n<p>&nbsp;<\/p>\n<p>&nbsp;<\/p>\n<p>&nbsp;<\/p>\n<p>&nbsp;<\/p>\n<div class=\"td-post-content tagdiv-type\">\n<div class=\"td-post-content tagdiv-type\">\n<div class=\"td-post-content tagdiv-type\">\n<div dir=\"ltr\">\n<div>\n<div class=\"td-post-content tagdiv-type\">\n<div class=\"td-post-content tagdiv-type\">\n<div class=\"td-post-content tagdiv-type\">\n<p><i>La informaci\u00f3n contenida en este bolet\u00edn de prensa corresponde a la narraci\u00f3n de los hechos noticiosos objetivos, suministrados por los funcionarios encargados de adelantar las investigaciones penales al interior de la Fiscal\u00eda General de la Naci\u00f3n. Para el momento de la divulgaci\u00f3n de este comunicado, la situaci\u00f3n jur\u00eddica de la(s) persona(s) relacionada(s) se encuentra pendiente de resolver por la autoridad judicial competente, siempre bajo los preceptos de la presunci\u00f3n de inocencia, consagrados en el art\u00edculo 29 de la Constituci\u00f3n Pol\u00edtica y el art\u00edculo 7\u00ba de la Ley 906 de 2004.\u00a0<\/i><\/p>\n<\/div>\n<\/div>\n<\/div>\n<\/div>\n<\/div>\n<\/div>\n<\/div>\n<footer>\n<div class=\"td-post-source-tags\"><\/div>\n<div class=\"td-post-sharing-bottom\"><\/div>\n<\/footer>\n<\/div>\n<footer>\n<div class=\"td-post-source-tags\"><\/div>\n<div class=\"td-post-sharing-bottom\"><\/div>\n<\/footer>\n\n<div class=\"twitter-share\"><a href=\"https:\/\/twitter.com\/intent\/tweet?via=fiscaliacol\" class=\"twitter-share-button\">Tweet<\/a><\/div>\n","protected":false},"excerpt":{"rendered":"<p>Se trata de dos convenios interadministrativos por valor de 8.593 millones de pesos, y estar\u00eda relacionado con un canal p\u00fablico de televisi\u00f3n regional. Ante el Tribunal Superior de Bogot\u00e1 se present\u00f3 el exgobernador de Santander Nerthink Mauricio Aguilar Hurtado. All\u00ed el exmandatario fue imputado por los delitos de peculado por apropiaci\u00f3n en favor de terceros [&hellip;]<\/p>\n","protected":false},"author":178,"featured_media":0,"comment_status":"closed","ping_status":"open","sticky":false,"template":"","format":"standard","meta":{"_price":"","_stock":"","_tribe_ticket_header":"","_tribe_default_ticket_provider":"","_tribe_ticket_capacity":"0","_ticket_start_date":"","_ticket_end_date":"","_tribe_ticket_show_description":"","_tribe_ticket_show_not_going":false,"_tribe_ticket_use_global_stock":"","_tribe_ticket_global_stock_level":"","_global_stock_mode":"","_global_stock_cap":"","_tribe_rsvp_for_event":"","_tribe_ticket_going_count":"","_tribe_ticket_not_going_count":"","_tribe_tickets_list":"[]","_tribe_ticket_has_attendee_info_fields":false,"tdm_status":"","tdm_grid_status":"","footnotes":""},"categories":[1],"tags":[38393,33997,2616,37492,1047,1561],"class_list":{"0":"post-300046","1":"post","2":"type-post","3":"status-publish","4":"format-standard","6":"category-noticias","7":"tag-campala-electoral","8":"tag-direccionamiento-de-contratos","9":"tag-exgobernador","10":"tag-fiscal-luz-adriana-camargo","11":"tag-fiscalia-general-de-la-nacion","12":"tag-santander"},"yoast_head":"<!-- This site is optimized with the Yoast SEO plugin v24.3 - https:\/\/yoast.com\/wordpress\/plugins\/seo\/ -->\n<title>Fiscal\u00eda General de la Naci\u00f3n<\/title>\n<meta name=\"description\" content=\"P\u00e1gina oficial de la Fiscal\u00eda General de la Naci\u00f3n \u2013 Colombia. Garantizamos el acceso efectivo a la justicia, la verdad y la reparaci\u00f3n de las v\u00edctimas de los delitos.\" \/>\n<meta name=\"robots\" content=\"noindex, follow\" \/>\n<meta property=\"og:locale\" content=\"es_ES\" \/>\n<meta property=\"og:type\" content=\"article\" \/>\n<meta property=\"og:title\" content=\"Fiscal\u00eda General de la Naci\u00f3n\" \/>\n<meta property=\"og:description\" content=\"P\u00e1gina oficial de la Fiscal\u00eda General de la Naci\u00f3n \u2013 Colombia. Garantizamos el acceso efectivo a la justicia, la verdad y la reparaci\u00f3n de las v\u00edctimas de los delitos.\" \/>\n<meta property=\"og:url\" content=\"https:\/\/www.fiscalia.gov.co\/colombia\/noticias\/fiscalia-imputa-al-exgobernador-de-santander-mauricio-aguilar-por-posible-direccionamiento-de-contratos-en-favor-de-aportantes-a-su-campana-electoral\/\" \/>\n<meta property=\"og:site_name\" content=\"Fiscal\u00eda General de la Naci\u00f3n\" \/>\n<meta property=\"article:publisher\" content=\"https:\/\/www.facebook.com\/FiscaliaCol\" \/>\n<meta property=\"article:published_time\" content=\"2024-08-12T23:45:47+00:00\" \/>\n<meta property=\"article:modified_time\" content=\"2024-08-13T13:17:05+00:00\" \/>\n<meta name=\"author\" content=\"Winnie Geraldine Rodr\u00edguez Navarrete\" \/>\n<meta name=\"twitter:card\" content=\"summary_large_image\" \/>\n<meta name=\"twitter:creator\" content=\"@FiscaliaCol\" \/>\n<meta name=\"twitter:site\" content=\"@FiscaliaCol\" \/>\n<meta name=\"twitter:label1\" content=\"Escrito por\" \/>\n\t<meta name=\"twitter:data1\" content=\"Winnie Geraldine Rodr\u00edguez Navarrete\" \/>\n\t<meta name=\"twitter:label2\" content=\"Tiempo de lectura\" \/>\n\t<meta name=\"twitter:data2\" content=\"3 minutos\" \/>\n<script type=\"application\/ld+json\" class=\"yoast-schema-graph\">{\"@context\":\"https:\/\/schema.org\",\"@graph\":[{\"@type\":\"Article\",\"@id\":\"https:\/\/www.fiscalia.gov.co\/colombia\/noticias\/fiscalia-imputa-al-exgobernador-de-santander-mauricio-aguilar-por-posible-direccionamiento-de-contratos-en-favor-de-aportantes-a-su-campana-electoral\/#article\",\"isPartOf\":{\"@id\":\"https:\/\/www.fiscalia.gov.co\/colombia\/noticias\/fiscalia-imputa-al-exgobernador-de-santander-mauricio-aguilar-por-posible-direccionamiento-de-contratos-en-favor-de-aportantes-a-su-campana-electoral\/\"},\"author\":{\"name\":\"Winnie Geraldine Rodr\u00edguez Navarrete\",\"@id\":\"https:\/\/www.fiscalia.gov.co\/colombia\/#\/schema\/person\/176195b99ebab0a52aafa15197e1bf80\"},\"headline\":\"Fiscal\u00eda imputa al exgobernador de Santander, Mauricio Aguilar, por posible direccionamiento de contratos en favor de aportantes a su campa\u00f1a electoral\",\"datePublished\":\"2024-08-12T23:45:47+00:00\",\"dateModified\":\"2024-08-13T13:17:05+00:00\",\"mainEntityOfPage\":{\"@id\":\"https:\/\/www.fiscalia.gov.co\/colombia\/noticias\/fiscalia-imputa-al-exgobernador-de-santander-mauricio-aguilar-por-posible-direccionamiento-de-contratos-en-favor-de-aportantes-a-su-campana-electoral\/\"},\"wordCount\":516,\"publisher\":{\"@id\":\"https:\/\/www.fiscalia.gov.co\/colombia\/#organization\"},\"keywords\":[\"campala electoral\",\"direccionamiento de contratos\",\"Exgobernador\",\"Fiscal Luz Adriana Camargo\",\"Fiscal\u00eda General de la Naci\u00f3n\",\"Santander\"],\"articleSection\":[\"Noticias\"],\"inLanguage\":\"es-CO\"},{\"@type\":\"WebPage\",\"@id\":\"https:\/\/www.fiscalia.gov.co\/colombia\/noticias\/fiscalia-imputa-al-exgobernador-de-santander-mauricio-aguilar-por-posible-direccionamiento-de-contratos-en-favor-de-aportantes-a-su-campana-electoral\/\",\"url\":\"https:\/\/www.fiscalia.gov.co\/colombia\/noticias\/fiscalia-imputa-al-exgobernador-de-santander-mauricio-aguilar-por-posible-direccionamiento-de-contratos-en-favor-de-aportantes-a-su-campana-electoral\/\",\"name\":\"Fiscal\u00eda General de la Naci\u00f3n\",\"isPartOf\":{\"@id\":\"https:\/\/www.fiscalia.gov.co\/colombia\/#website\"},\"datePublished\":\"2024-08-12T23:45:47+00:00\",\"dateModified\":\"2024-08-13T13:17:05+00:00\",\"description\":\"P\u00e1gina oficial de la Fiscal\u00eda General de la Naci\u00f3n \u2013 Colombia. Garantizamos el acceso efectivo a la justicia, la verdad y la reparaci\u00f3n de las v\u00edctimas de los delitos.\",\"breadcrumb\":{\"@id\":\"https:\/\/www.fiscalia.gov.co\/colombia\/noticias\/fiscalia-imputa-al-exgobernador-de-santander-mauricio-aguilar-por-posible-direccionamiento-de-contratos-en-favor-de-aportantes-a-su-campana-electoral\/#breadcrumb\"},\"inLanguage\":\"es-CO\",\"potentialAction\":[{\"@type\":\"ReadAction\",\"target\":[\"https:\/\/www.fiscalia.gov.co\/colombia\/noticias\/fiscalia-imputa-al-exgobernador-de-santander-mauricio-aguilar-por-posible-direccionamiento-de-contratos-en-favor-de-aportantes-a-su-campana-electoral\/\"]}]},{\"@type\":\"BreadcrumbList\",\"@id\":\"https:\/\/www.fiscalia.gov.co\/colombia\/noticias\/fiscalia-imputa-al-exgobernador-de-santander-mauricio-aguilar-por-posible-direccionamiento-de-contratos-en-favor-de-aportantes-a-su-campana-electoral\/#breadcrumb\",\"itemListElement\":[{\"@type\":\"ListItem\",\"position\":1,\"name\":\"Home\",\"item\":\"https:\/\/www.fiscalia.gov.co\/colombia\/\"},{\"@type\":\"ListItem\",\"position\":2,\"name\":\"Fiscal\u00eda imputa al exgobernador de Santander, Mauricio Aguilar, por posible direccionamiento de contratos en favor de aportantes a su campa\u00f1a electoral\"}]},{\"@type\":\"WebSite\",\"@id\":\"https:\/\/www.fiscalia.gov.co\/colombia\/#website\",\"url\":\"https:\/\/www.fiscalia.gov.co\/colombia\/\",\"name\":\"Fiscal\u00eda General de la Naci\u00f3n\",\"description\":\"P\u00e1gina oficial de la Fiscal\u00eda General de la Naci\u00f3n \u2013 Colombia. Garantizamos el acceso efectivo a la justicia, la verdad y la reparaci\u00f3n de las v\u00edctimas de los delitos.\",\"publisher\":{\"@id\":\"https:\/\/www.fiscalia.gov.co\/colombia\/#organization\"},\"potentialAction\":[{\"@type\":\"SearchAction\",\"target\":{\"@type\":\"EntryPoint\",\"urlTemplate\":\"https:\/\/www.fiscalia.gov.co\/colombia\/?s={search_term_string}\"},\"query-input\":{\"@type\":\"PropertyValueSpecification\",\"valueRequired\":true,\"valueName\":\"search_term_string\"}}],\"inLanguage\":\"es-CO\"},{\"@type\":\"Organization\",\"@id\":\"https:\/\/www.fiscalia.gov.co\/colombia\/#organization\",\"name\":\"Fiscal\u00eda General de la Naci\u00f3n\",\"url\":\"https:\/\/www.fiscalia.gov.co\/colombia\/\",\"logo\":{\"@type\":\"ImageObject\",\"inLanguage\":\"es-CO\",\"@id\":\"https:\/\/www.fiscalia.gov.co\/colombia\/#\/schema\/logo\/image\/\",\"url\":\"https:\/\/www.fiscalia.gov.co\/colombia\/wp-content\/uploads\/LogoHorizontal_1.jpg\",\"contentUrl\":\"https:\/\/www.fiscalia.gov.co\/colombia\/wp-content\/uploads\/LogoHorizontal_1.jpg\",\"width\":300,\"height\":90,\"caption\":\"Fiscal\u00eda General de la Naci\u00f3n\"},\"image\":{\"@id\":\"https:\/\/www.fiscalia.gov.co\/colombia\/#\/schema\/logo\/image\/\"},\"sameAs\":[\"https:\/\/www.facebook.com\/FiscaliaCol\",\"https:\/\/x.com\/FiscaliaCol\",\"https:\/\/www.instagram.com\/fiscaliacol\",\"https:\/\/www.linkedin.com\/company\/fiscalia-general-de-la-naci-n\/\",\"https:\/\/youtube.com\/@fiscaliageneraldelanacion-4668?si=6nN79nyQICPU5iTh\"]},{\"@type\":\"Person\",\"@id\":\"https:\/\/www.fiscalia.gov.co\/colombia\/#\/schema\/person\/176195b99ebab0a52aafa15197e1bf80\",\"name\":\"Winnie Geraldine Rodr\u00edguez Navarrete\",\"image\":{\"@type\":\"ImageObject\",\"inLanguage\":\"es-CO\",\"@id\":\"https:\/\/www.fiscalia.gov.co\/colombia\/#\/schema\/person\/image\/\",\"url\":\"https:\/\/secure.gravatar.com\/avatar\/c24cf8481dc84fa5e8c7b20bc95ab0c6?s=96&d=mm&r=g\",\"contentUrl\":\"https:\/\/secure.gravatar.com\/avatar\/c24cf8481dc84fa5e8c7b20bc95ab0c6?s=96&d=mm&r=g\",\"caption\":\"Winnie Geraldine Rodr\u00edguez Navarrete\"},\"url\":\"https:\/\/www.fiscalia.gov.co\/colombia\/author\/winnierodriguez\/\"}]}<\/script>\n<!-- \/ Yoast SEO plugin. -->","yoast_head_json":{"title":"Fiscal\u00eda General de la Naci\u00f3n","description":"P\u00e1gina oficial de la Fiscal\u00eda General de la Naci\u00f3n \u2013 Colombia. Garantizamos el acceso efectivo a la justicia, la verdad y la reparaci\u00f3n de las v\u00edctimas de los delitos.","robots":{"index":"noindex","follow":"follow"},"og_locale":"es_ES","og_type":"article","og_title":"Fiscal\u00eda General de la Naci\u00f3n","og_description":"P\u00e1gina oficial de la Fiscal\u00eda General de la Naci\u00f3n \u2013 Colombia. Garantizamos el acceso efectivo a la justicia, la verdad y la reparaci\u00f3n de las v\u00edctimas de los delitos.","og_url":"https:\/\/www.fiscalia.gov.co\/colombia\/noticias\/fiscalia-imputa-al-exgobernador-de-santander-mauricio-aguilar-por-posible-direccionamiento-de-contratos-en-favor-de-aportantes-a-su-campana-electoral\/","og_site_name":"Fiscal\u00eda General de la Naci\u00f3n","article_publisher":"https:\/\/www.facebook.com\/FiscaliaCol","article_published_time":"2024-08-12T23:45:47+00:00","article_modified_time":"2024-08-13T13:17:05+00:00","author":"Winnie Geraldine Rodr\u00edguez Navarrete","twitter_card":"summary_large_image","twitter_creator":"@FiscaliaCol","twitter_site":"@FiscaliaCol","twitter_misc":{"Escrito por":"Winnie Geraldine Rodr\u00edguez Navarrete","Tiempo de lectura":"3 minutos"},"schema":{"@context":"https:\/\/schema.org","@graph":[{"@type":"Article","@id":"https:\/\/www.fiscalia.gov.co\/colombia\/noticias\/fiscalia-imputa-al-exgobernador-de-santander-mauricio-aguilar-por-posible-direccionamiento-de-contratos-en-favor-de-aportantes-a-su-campana-electoral\/#article","isPartOf":{"@id":"https:\/\/www.fiscalia.gov.co\/colombia\/noticias\/fiscalia-imputa-al-exgobernador-de-santander-mauricio-aguilar-por-posible-direccionamiento-de-contratos-en-favor-de-aportantes-a-su-campana-electoral\/"},"author":{"name":"Winnie Geraldine Rodr\u00edguez Navarrete","@id":"https:\/\/www.fiscalia.gov.co\/colombia\/#\/schema\/person\/176195b99ebab0a52aafa15197e1bf80"},"headline":"Fiscal\u00eda imputa al exgobernador de Santander, Mauricio Aguilar, por posible direccionamiento de contratos en favor de aportantes a su campa\u00f1a electoral","datePublished":"2024-08-12T23:45:47+00:00","dateModified":"2024-08-13T13:17:05+00:00","mainEntityOfPage":{"@id":"https:\/\/www.fiscalia.gov.co\/colombia\/noticias\/fiscalia-imputa-al-exgobernador-de-santander-mauricio-aguilar-por-posible-direccionamiento-de-contratos-en-favor-de-aportantes-a-su-campana-electoral\/"},"wordCount":516,"publisher":{"@id":"https:\/\/www.fiscalia.gov.co\/colombia\/#organization"},"keywords":["campala electoral","direccionamiento de contratos","Exgobernador","Fiscal Luz Adriana Camargo","Fiscal\u00eda General de la Naci\u00f3n","Santander"],"articleSection":["Noticias"],"inLanguage":"es-CO"},{"@type":"WebPage","@id":"https:\/\/www.fiscalia.gov.co\/colombia\/noticias\/fiscalia-imputa-al-exgobernador-de-santander-mauricio-aguilar-por-posible-direccionamiento-de-contratos-en-favor-de-aportantes-a-su-campana-electoral\/","url":"https:\/\/www.fiscalia.gov.co\/colombia\/noticias\/fiscalia-imputa-al-exgobernador-de-santander-mauricio-aguilar-por-posible-direccionamiento-de-contratos-en-favor-de-aportantes-a-su-campana-electoral\/","name":"Fiscal\u00eda General de la Naci\u00f3n","isPartOf":{"@id":"https:\/\/www.fiscalia.gov.co\/colombia\/#website"},"datePublished":"2024-08-12T23:45:47+00:00","dateModified":"2024-08-13T13:17:05+00:00","description":"P\u00e1gina oficial de la Fiscal\u00eda General de la Naci\u00f3n \u2013 Colombia. Garantizamos el acceso efectivo a la justicia, la verdad y la reparaci\u00f3n de las v\u00edctimas de los delitos.","breadcrumb":{"@id":"https:\/\/www.fiscalia.gov.co\/colombia\/noticias\/fiscalia-imputa-al-exgobernador-de-santander-mauricio-aguilar-por-posible-direccionamiento-de-contratos-en-favor-de-aportantes-a-su-campana-electoral\/#breadcrumb"},"inLanguage":"es-CO","potentialAction":[{"@type":"ReadAction","target":["https:\/\/www.fiscalia.gov.co\/colombia\/noticias\/fiscalia-imputa-al-exgobernador-de-santander-mauricio-aguilar-por-posible-direccionamiento-de-contratos-en-favor-de-aportantes-a-su-campana-electoral\/"]}]},{"@type":"BreadcrumbList","@id":"https:\/\/www.fiscalia.gov.co\/colombia\/noticias\/fiscalia-imputa-al-exgobernador-de-santander-mauricio-aguilar-por-posible-direccionamiento-de-contratos-en-favor-de-aportantes-a-su-campana-electoral\/#breadcrumb","itemListElement":[{"@type":"ListItem","position":1,"name":"Home","item":"https:\/\/www.fiscalia.gov.co\/colombia\/"},{"@type":"ListItem","position":2,"name":"Fiscal\u00eda imputa al exgobernador de Santander, Mauricio Aguilar, por posible direccionamiento de contratos en favor de aportantes a su campa\u00f1a electoral"}]},{"@type":"WebSite","@id":"https:\/\/www.fiscalia.gov.co\/colombia\/#website","url":"https:\/\/www.fiscalia.gov.co\/colombia\/","name":"Fiscal\u00eda General de la Naci\u00f3n","description":"P\u00e1gina oficial de la Fiscal\u00eda General de la Naci\u00f3n \u2013 Colombia. Garantizamos el acceso efectivo a la justicia, la verdad y la reparaci\u00f3n de las v\u00edctimas de los delitos.","publisher":{"@id":"https:\/\/www.fiscalia.gov.co\/colombia\/#organization"},"potentialAction":[{"@type":"SearchAction","target":{"@type":"EntryPoint","urlTemplate":"https:\/\/www.fiscalia.gov.co\/colombia\/?s={search_term_string}"},"query-input":{"@type":"PropertyValueSpecification","valueRequired":true,"valueName":"search_term_string"}}],"inLanguage":"es-CO"},{"@type":"Organization","@id":"https:\/\/www.fiscalia.gov.co\/colombia\/#organization","name":"Fiscal\u00eda General de la Naci\u00f3n","url":"https:\/\/www.fiscalia.gov.co\/colombia\/","logo":{"@type":"ImageObject","inLanguage":"es-CO","@id":"https:\/\/www.fiscalia.gov.co\/colombia\/#\/schema\/logo\/image\/","url":"https:\/\/www.fiscalia.gov.co\/colombia\/wp-content\/uploads\/LogoHorizontal_1.jpg","contentUrl":"https:\/\/www.fiscalia.gov.co\/colombia\/wp-content\/uploads\/LogoHorizontal_1.jpg","width":300,"height":90,"caption":"Fiscal\u00eda General de la Naci\u00f3n"},"image":{"@id":"https:\/\/www.fiscalia.gov.co\/colombia\/#\/schema\/logo\/image\/"},"sameAs":["https:\/\/www.facebook.com\/FiscaliaCol","https:\/\/x.com\/FiscaliaCol","https:\/\/www.instagram.com\/fiscaliacol","https:\/\/www.linkedin.com\/company\/fiscalia-general-de-la-naci-n\/","https:\/\/youtube.com\/@fiscaliageneraldelanacion-4668?si=6nN79nyQICPU5iTh"]},{"@type":"Person","@id":"https:\/\/www.fiscalia.gov.co\/colombia\/#\/schema\/person\/176195b99ebab0a52aafa15197e1bf80","name":"Winnie Geraldine Rodr\u00edguez Navarrete","image":{"@type":"ImageObject","inLanguage":"es-CO","@id":"https:\/\/www.fiscalia.gov.co\/colombia\/#\/schema\/person\/image\/","url":"https:\/\/secure.gravatar.com\/avatar\/c24cf8481dc84fa5e8c7b20bc95ab0c6?s=96&d=mm&r=g","contentUrl":"https:\/\/secure.gravatar.com\/avatar\/c24cf8481dc84fa5e8c7b20bc95ab0c6?s=96&d=mm&r=g","caption":"Winnie Geraldine Rodr\u00edguez Navarrete"},"url":"https:\/\/www.fiscalia.gov.co\/colombia\/author\/winnierodriguez\/"}]}},"_links":{"self":[{"href":"https:\/\/www.fiscalia.gov.co\/colombia\/wp-json\/wp\/v2\/posts\/300046","targetHints":{"allow":["GET"]}}],"collection":[{"href":"https:\/\/www.fiscalia.gov.co\/colombia\/wp-json\/wp\/v2\/posts"}],"about":[{"href":"https:\/\/www.fiscalia.gov.co\/colombia\/wp-json\/wp\/v2\/types\/post"}],"author":[{"embeddable":true,"href":"https:\/\/www.fiscalia.gov.co\/colombia\/wp-json\/wp\/v2\/users\/178"}],"replies":[{"embeddable":true,"href":"https:\/\/www.fiscalia.gov.co\/colombia\/wp-json\/wp\/v2\/comments?post=300046"}],"version-history":[{"count":5,"href":"https:\/\/www.fiscalia.gov.co\/colombia\/wp-json\/wp\/v2\/posts\/300046\/revisions"}],"predecessor-version":[{"id":300055,"href":"https:\/\/www.fiscalia.gov.co\/colombia\/wp-json\/wp\/v2\/posts\/300046\/revisions\/300055"}],"wp:attachment":[{"href":"https:\/\/www.fiscalia.gov.co\/colombia\/wp-json\/wp\/v2\/media?parent=300046"}],"wp:term":[{"taxonomy":"category","embeddable":true,"href":"https:\/\/www.fiscalia.gov.co\/colombia\/wp-json\/wp\/v2\/categories?post=300046"},{"taxonomy":"post_tag","embeddable":true,"href":"https:\/\/www.fiscalia.gov.co\/colombia\/wp-json\/wp\/v2\/tags?post=300046"}],"curies":[{"name":"wp","href":"https:\/\/api.w.org\/{rel}","templated":true}]}}