{"id":300017,"date":"2024-08-12T14:32:13","date_gmt":"2024-08-12T19:32:13","guid":{"rendered":"https:\/\/www.fiscalia.gov.co\/colombia\/?p=300017"},"modified":"2024-08-12T14:34:29","modified_gmt":"2024-08-12T19:34:29","slug":"a-la-carcel-hombre-que-habria-participado-en-un-ataque-sicarial-en-cucuta-norte-de-santander","status":"publish","type":"post","link":"https:\/\/www.fiscalia.gov.co\/colombia\/noticias\/a-la-carcel-hombre-que-habria-participado-en-un-ataque-sicarial-en-cucuta-norte-de-santander\/","title":{"rendered":"A la c\u00e1rcel hombre que habr\u00eda participado en un ataque sicarial en C\u00facuta (Norte de Santander)"},"content":{"rendered":"<p style=\"font-weight: 400;\">Ante un juez con funciones de control de garant\u00edas, la Fiscal\u00eda General de la Naci\u00f3n judicializ\u00f3 a un hombre por su presunta responsabilidad en los delitos <strong>de tentativa de\u00a0<a href=\"https:\/\/www.fiscalia.gov.co\/colombia\/noticias\/a-la-carcel-tres-presuntos-responsables-de-homicidios-en-cucuta-norte-de-santander\/\" data-saferedirecturl=\"https:\/\/www.google.com\/url?q=https:\/\/www.fiscalia.gov.co\/colombia\/noticias\/a-la-carcel-tres-presuntos-responsables-de-homicidios-en-cucuta-norte-de-santander\/&amp;source=gmail&amp;ust=1723577345534000&amp;usg=AOvVaw2eOabwDxwUkC1P61Ks0eX7\">homicidio<\/a>\u00a0y fabricaci\u00f3n, tr\u00e1fico o porte de armas de fuego, partes, accesorios o municiones<\/strong>, ambos en circunstancias de agravaci\u00f3n.<\/p>\n<figure id=\"attachment_300021\" aria-describedby=\"caption-attachment-300021\" style=\"width: 586px\" class=\"wp-caption aligncenter\"><img loading=\"lazy\" decoding=\"async\" class=\"size-full wp-image-300021\" src=\"https:\/\/www.fiscalia.gov.co\/colombia\/wp-content\/uploads\/Winston-Daniel-Gonzalez-Rodriguez-judicializado-por-tentativa-de-homicidio-y-fabricacion-trafico-o-porte-de-armas-de-fuego-partes-accesorios-o-municiones-1.jpg\" alt=\" Se visualiza al capturado junto a uniformado de la Polic\u00eda Nacional e investigadora del CTI. Detr\u00e1s de ellos los banners que identifican a la Polic\u00eda Nacional y la Fiscal\u00eda General de la Naci\u00f3n.\" width=\"586\" height=\"330\" srcset=\"https:\/\/www.fiscalia.gov.co\/colombia\/wp-content\/uploads\/Winston-Daniel-Gonzalez-Rodriguez-judicializado-por-tentativa-de-homicidio-y-fabricacion-trafico-o-porte-de-armas-de-fuego-partes-accesorios-o-municiones-1.jpg 586w, https:\/\/www.fiscalia.gov.co\/colombia\/wp-content\/uploads\/Winston-Daniel-Gonzalez-Rodriguez-judicializado-por-tentativa-de-homicidio-y-fabricacion-trafico-o-porte-de-armas-de-fuego-partes-accesorios-o-municiones-1-300x169.jpg 300w\" sizes=\"auto, (max-width: 586px) 100vw, 586px\" \/><figcaption id=\"caption-attachment-300021\" class=\"wp-caption-text\">El hombre es se\u00f1alado de participar en un ataque con arma de fuego, hechos ocurridos en el barrio San Gerardo de C\u00facuta.<\/figcaption><\/figure>\n<p style=\"font-weight: 400;\">Se trata de Winston Daniel Gonz\u00e1lez Rodr\u00edguez, quien habr\u00eda participado en el ataque con arma de fuego contra <strong>un hombre que se encontraba con su esposa en un establecimiento comercial ubicado en el barrio San Gerardo de C\u00facuta (Norte de Santander)<\/strong>, el pasado 23 de junio.<\/p>\n<p style=\"font-weight: 400;\">El procesado fue capturado el pasado 9 de agosto, por servidores del Cuerpo T\u00e9cnico de Investigaci\u00f3n (CTI) y de la Sij\u00edn de la Polic\u00eda Metropolitana de C\u00facuta, tras labores de polic\u00eda judicial que permitieron su identificaci\u00f3n.<\/p>\n<p style=\"font-weight: 400;\">Gonz\u00e1lez Rodr\u00edguez\u00a0<a href=\"https:\/\/www.fiscalia.gov.co\/colombia\/noticias\/a-la-carcel-alias-cary-cary-presunto-integrante-del-grupo-delincuencial-los-del-martin-por-homicidios-selectivos-en-cucuta\/\" data-saferedirecturl=\"https:\/\/www.google.com\/url?q=https:\/\/www.fiscalia.gov.co\/colombia\/noticias\/a-la-carcel-alias-cary-cary-presunto-integrante-del-grupo-delincuencial-los-del-martin-por-homicidios-selectivos-en-cucuta\/&amp;source=gmail&amp;ust=1723577345534000&amp;usg=AOvVaw1ExNqxgjc98UFlzU1TZWbC\">no acept\u00f3<\/a>\u00a0los cargos imputados por la Fiscal\u00eda y un juez con funciones de control de garant\u00edas le impuso medida de aseguramiento privativa de la libertad en establecimiento carcelario.<\/p>\n<p>&nbsp;<\/p>\n<p>&nbsp;<\/p>\n<p>&nbsp;<\/p>\n<p style=\"font-weight: 400;\">MPHA\/AMCJ\/LYBT\/EDBC\/DSNS<\/p>\n<p>&nbsp;<\/p>\n<p>&nbsp;<\/p>\n<p>&nbsp;<\/p>\n<p style=\"font-weight: 400;\"><em>La informaci\u00f3n contenida en este bolet\u00edn de prensa corresponde a la\u00a0narraci\u00f3n de los hechos noticiosos objetivos, suministrados por los funcionarios encargados de adelantar las investigaciones penales al interior de la Fiscal\u00eda General de la Naci\u00f3n. Para el momento de la divulgaci\u00f3n de este comunicado, la situaci\u00f3n jur\u00eddica de la(s) persona(s) relacionada(s) se encuentra pendiente de resolver por la autoridad judicial competente, siempre bajo los preceptos de la presunci\u00f3n de inocencia, consagrados en el art\u00edculo 29 de la Constituci\u00f3n Pol\u00edtica y el art\u00edculo 7\u00ba de la Ley 906 de 2004.<\/em><\/p>\n\n<div class=\"twitter-share\"><a href=\"https:\/\/twitter.com\/intent\/tweet?via=fiscaliacol\" class=\"twitter-share-button\">Tweet<\/a><\/div>\n","protected":false},"excerpt":{"rendered":"<p>Ante un juez con funciones de control de garant\u00edas, la Fiscal\u00eda General de la Naci\u00f3n judicializ\u00f3 a un hombre por su presunta responsabilidad en los delitos de tentativa de\u00a0homicidio\u00a0y fabricaci\u00f3n, tr\u00e1fico o porte de armas de fuego, partes, accesorios o municiones, ambos en circunstancias de agravaci\u00f3n. Se trata de Winston Daniel Gonz\u00e1lez Rodr\u00edguez, quien habr\u00eda [&hellip;]<\/p>\n","protected":false},"author":177,"featured_media":0,"comment_status":"closed","ping_status":"open","sticky":false,"template":"","format":"standard","meta":{"tdm_status":"","tdm_grid_status":"","footnotes":""},"categories":[1,326,303,24099],"tags":[14550,45,31730,12184,4614,1047,17967,26839,20476],"class_list":{"0":"post-300017","1":"post","2":"type-post","3":"status-publish","4":"format-standard","6":"category-noticias","7":"category-seccional-cucuta","8":"category-seccionales","9":"category-seguridad-territorial","10":"tag-carcel","11":"tag-cti","12":"tag-cucuta-norte-de-santander","13":"tag-fiscal","14":"tag-fiscalia-2","15":"tag-fiscalia-general-de-la-nacion","16":"tag-investigacion","17":"tag-resolucion","18":"tag-sijin"},"yoast_head":"<!-- This site is optimized with the Yoast SEO plugin v24.3 - https:\/\/yoast.com\/wordpress\/plugins\/seo\/ -->\n<title>Fiscal\u00eda General de la Naci\u00f3n<\/title>\n<meta name=\"description\" content=\"P\u00e1gina oficial de la Fiscal\u00eda General de la Naci\u00f3n \u2013 Colombia. Garantizamos el acceso efectivo a la justicia, la verdad y la reparaci\u00f3n de las v\u00edctimas de los delitos.\" \/>\n<meta name=\"robots\" content=\"noindex, follow\" \/>\n<meta property=\"og:locale\" content=\"es_ES\" \/>\n<meta property=\"og:type\" content=\"article\" \/>\n<meta property=\"og:title\" content=\"Fiscal\u00eda General de la Naci\u00f3n\" \/>\n<meta property=\"og:description\" content=\"P\u00e1gina oficial de la Fiscal\u00eda General de la Naci\u00f3n \u2013 Colombia. Garantizamos el acceso efectivo a la justicia, la verdad y la reparaci\u00f3n de las v\u00edctimas de los delitos.\" \/>\n<meta property=\"og:url\" content=\"https:\/\/www.fiscalia.gov.co\/colombia\/noticias\/a-la-carcel-hombre-que-habria-participado-en-un-ataque-sicarial-en-cucuta-norte-de-santander\/\" \/>\n<meta property=\"og:site_name\" content=\"Fiscal\u00eda General de la Naci\u00f3n\" \/>\n<meta property=\"article:publisher\" content=\"https:\/\/www.facebook.com\/FiscaliaCol\" \/>\n<meta property=\"article:published_time\" content=\"2024-08-12T19:32:13+00:00\" \/>\n<meta property=\"article:modified_time\" content=\"2024-08-12T19:34:29+00:00\" \/>\n<meta property=\"og:image\" content=\"https:\/\/www.fiscalia.gov.co\/colombia\/wp-content\/uploads\/Winston-Daniel-Gonzalez-Rodriguez-judicializado-por-tentativa-de-homicidio-y-fabricacion-trafico-o-porte-de-armas-de-fuego-partes-accesorios-o-municiones-1.jpg\" \/>\n<meta name=\"author\" content=\"Jordan Leandro Oviedo Anzola\" \/>\n<meta name=\"twitter:card\" content=\"summary_large_image\" \/>\n<meta name=\"twitter:creator\" content=\"@FiscaliaCol\" \/>\n<meta name=\"twitter:site\" content=\"@FiscaliaCol\" \/>\n<meta name=\"twitter:label1\" content=\"Escrito por\" \/>\n\t<meta name=\"twitter:data1\" content=\"Jordan Leandro Oviedo Anzola\" \/>\n\t<meta name=\"twitter:label2\" content=\"Tiempo de lectura\" \/>\n\t<meta name=\"twitter:data2\" content=\"2 minutos\" \/>\n<script type=\"application\/ld+json\" class=\"yoast-schema-graph\">{\"@context\":\"https:\/\/schema.org\",\"@graph\":[{\"@type\":\"Article\",\"@id\":\"https:\/\/www.fiscalia.gov.co\/colombia\/noticias\/a-la-carcel-hombre-que-habria-participado-en-un-ataque-sicarial-en-cucuta-norte-de-santander\/#article\",\"isPartOf\":{\"@id\":\"https:\/\/www.fiscalia.gov.co\/colombia\/noticias\/a-la-carcel-hombre-que-habria-participado-en-un-ataque-sicarial-en-cucuta-norte-de-santander\/\"},\"author\":{\"name\":\"Jordan Leandro Oviedo Anzola\",\"@id\":\"https:\/\/www.fiscalia.gov.co\/colombia\/#\/schema\/person\/bf84402cf293a5393e9c70b111020b24\"},\"headline\":\"A la c\u00e1rcel hombre que habr\u00eda participado en un ataque sicarial en C\u00facuta (Norte de Santander)\",\"datePublished\":\"2024-08-12T19:32:13+00:00\",\"dateModified\":\"2024-08-12T19:34:29+00:00\",\"mainEntityOfPage\":{\"@id\":\"https:\/\/www.fiscalia.gov.co\/colombia\/noticias\/a-la-carcel-hombre-que-habria-participado-en-un-ataque-sicarial-en-cucuta-norte-de-santander\/\"},\"wordCount\":343,\"publisher\":{\"@id\":\"https:\/\/www.fiscalia.gov.co\/colombia\/#organization\"},\"image\":{\"@id\":\"https:\/\/www.fiscalia.gov.co\/colombia\/noticias\/a-la-carcel-hombre-que-habria-participado-en-un-ataque-sicarial-en-cucuta-norte-de-santander\/#primaryimage\"},\"thumbnailUrl\":\"https:\/\/www.fiscalia.gov.co\/colombia\/wp-content\/uploads\/Winston-Daniel-Gonzalez-Rodriguez-judicializado-por-tentativa-de-homicidio-y-fabricacion-trafico-o-porte-de-armas-de-fuego-partes-accesorios-o-municiones-1.jpg\",\"keywords\":[\"C\u00e1rcel\",\"CTI\",\"C\u00facuta (Norte de Santander)\",\"Fiscal\",\"Fiscal\u00eda\",\"Fiscal\u00eda General de la Naci\u00f3n\",\"Investigaci\u00f3n\",\"resoluci\u00f3n.\",\"Sij\u00edn\"],\"articleSection\":[\"Noticias\",\"Seccional C\u00facuta\",\"Seccionales\",\"Seguridad territorial\"],\"inLanguage\":\"es-CO\"},{\"@type\":\"WebPage\",\"@id\":\"https:\/\/www.fiscalia.gov.co\/colombia\/noticias\/a-la-carcel-hombre-que-habria-participado-en-un-ataque-sicarial-en-cucuta-norte-de-santander\/\",\"url\":\"https:\/\/www.fiscalia.gov.co\/colombia\/noticias\/a-la-carcel-hombre-que-habria-participado-en-un-ataque-sicarial-en-cucuta-norte-de-santander\/\",\"name\":\"Fiscal\u00eda General de la Naci\u00f3n\",\"isPartOf\":{\"@id\":\"https:\/\/www.fiscalia.gov.co\/colombia\/#website\"},\"primaryImageOfPage\":{\"@id\":\"https:\/\/www.fiscalia.gov.co\/colombia\/noticias\/a-la-carcel-hombre-que-habria-participado-en-un-ataque-sicarial-en-cucuta-norte-de-santander\/#primaryimage\"},\"image\":{\"@id\":\"https:\/\/www.fiscalia.gov.co\/colombia\/noticias\/a-la-carcel-hombre-que-habria-participado-en-un-ataque-sicarial-en-cucuta-norte-de-santander\/#primaryimage\"},\"thumbnailUrl\":\"https:\/\/www.fiscalia.gov.co\/colombia\/wp-content\/uploads\/Winston-Daniel-Gonzalez-Rodriguez-judicializado-por-tentativa-de-homicidio-y-fabricacion-trafico-o-porte-de-armas-de-fuego-partes-accesorios-o-municiones-1.jpg\",\"datePublished\":\"2024-08-12T19:32:13+00:00\",\"dateModified\":\"2024-08-12T19:34:29+00:00\",\"description\":\"P\u00e1gina oficial de la Fiscal\u00eda General de la Naci\u00f3n \u2013 Colombia. Garantizamos el acceso efectivo a la justicia, la verdad y la reparaci\u00f3n de las v\u00edctimas de los delitos.\",\"breadcrumb\":{\"@id\":\"https:\/\/www.fiscalia.gov.co\/colombia\/noticias\/a-la-carcel-hombre-que-habria-participado-en-un-ataque-sicarial-en-cucuta-norte-de-santander\/#breadcrumb\"},\"inLanguage\":\"es-CO\",\"potentialAction\":[{\"@type\":\"ReadAction\",\"target\":[\"https:\/\/www.fiscalia.gov.co\/colombia\/noticias\/a-la-carcel-hombre-que-habria-participado-en-un-ataque-sicarial-en-cucuta-norte-de-santander\/\"]}]},{\"@type\":\"ImageObject\",\"inLanguage\":\"es-CO\",\"@id\":\"https:\/\/www.fiscalia.gov.co\/colombia\/noticias\/a-la-carcel-hombre-que-habria-participado-en-un-ataque-sicarial-en-cucuta-norte-de-santander\/#primaryimage\",\"url\":\"https:\/\/www.fiscalia.gov.co\/colombia\/wp-content\/uploads\/Winston-Daniel-Gonzalez-Rodriguez-judicializado-por-tentativa-de-homicidio-y-fabricacion-trafico-o-porte-de-armas-de-fuego-partes-accesorios-o-municiones-1.jpg\",\"contentUrl\":\"https:\/\/www.fiscalia.gov.co\/colombia\/wp-content\/uploads\/Winston-Daniel-Gonzalez-Rodriguez-judicializado-por-tentativa-de-homicidio-y-fabricacion-trafico-o-porte-de-armas-de-fuego-partes-accesorios-o-municiones-1.jpg\",\"width\":586,\"height\":330,\"caption\":\"El hombre es se\u00f1alado de participar en un ataque con arma de fuego, hechos ocurridos en el barrio San Gerardo de C\u00facuta.\"},{\"@type\":\"BreadcrumbList\",\"@id\":\"https:\/\/www.fiscalia.gov.co\/colombia\/noticias\/a-la-carcel-hombre-que-habria-participado-en-un-ataque-sicarial-en-cucuta-norte-de-santander\/#breadcrumb\",\"itemListElement\":[{\"@type\":\"ListItem\",\"position\":1,\"name\":\"Home\",\"item\":\"https:\/\/www.fiscalia.gov.co\/colombia\/\"},{\"@type\":\"ListItem\",\"position\":2,\"name\":\"A la c\u00e1rcel hombre que habr\u00eda participado en un ataque sicarial en C\u00facuta (Norte de Santander)\"}]},{\"@type\":\"WebSite\",\"@id\":\"https:\/\/www.fiscalia.gov.co\/colombia\/#website\",\"url\":\"https:\/\/www.fiscalia.gov.co\/colombia\/\",\"name\":\"Fiscal\u00eda General de la Naci\u00f3n\",\"description\":\"P\u00e1gina oficial de la Fiscal\u00eda General de la Naci\u00f3n \u2013 Colombia. Garantizamos el acceso efectivo a la justicia, la verdad y la reparaci\u00f3n de las v\u00edctimas de los delitos.\",\"publisher\":{\"@id\":\"https:\/\/www.fiscalia.gov.co\/colombia\/#organization\"},\"potentialAction\":[{\"@type\":\"SearchAction\",\"target\":{\"@type\":\"EntryPoint\",\"urlTemplate\":\"https:\/\/www.fiscalia.gov.co\/colombia\/?s={search_term_string}\"},\"query-input\":{\"@type\":\"PropertyValueSpecification\",\"valueRequired\":true,\"valueName\":\"search_term_string\"}}],\"inLanguage\":\"es-CO\"},{\"@type\":\"Organization\",\"@id\":\"https:\/\/www.fiscalia.gov.co\/colombia\/#organization\",\"name\":\"Fiscal\u00eda General de la Naci\u00f3n\",\"url\":\"https:\/\/www.fiscalia.gov.co\/colombia\/\",\"logo\":{\"@type\":\"ImageObject\",\"inLanguage\":\"es-CO\",\"@id\":\"https:\/\/www.fiscalia.gov.co\/colombia\/#\/schema\/logo\/image\/\",\"url\":\"https:\/\/www.fiscalia.gov.co\/colombia\/wp-content\/uploads\/LogoHorizontal_1.jpg\",\"contentUrl\":\"https:\/\/www.fiscalia.gov.co\/colombia\/wp-content\/uploads\/LogoHorizontal_1.jpg\",\"width\":300,\"height\":90,\"caption\":\"Fiscal\u00eda General de la Naci\u00f3n\"},\"image\":{\"@id\":\"https:\/\/www.fiscalia.gov.co\/colombia\/#\/schema\/logo\/image\/\"},\"sameAs\":[\"https:\/\/www.facebook.com\/FiscaliaCol\",\"https:\/\/x.com\/FiscaliaCol\",\"https:\/\/www.instagram.com\/fiscaliacol\",\"https:\/\/www.linkedin.com\/company\/fiscalia-general-de-la-naci-n\/\",\"https:\/\/youtube.com\/@fiscaliageneraldelanacion-4668?si=6nN79nyQICPU5iTh\"]},{\"@type\":\"Person\",\"@id\":\"https:\/\/www.fiscalia.gov.co\/colombia\/#\/schema\/person\/bf84402cf293a5393e9c70b111020b24\",\"name\":\"Jordan Leandro Oviedo Anzola\",\"image\":{\"@type\":\"ImageObject\",\"inLanguage\":\"es-CO\",\"@id\":\"https:\/\/www.fiscalia.gov.co\/colombia\/#\/schema\/person\/image\/\",\"url\":\"https:\/\/secure.gravatar.com\/avatar\/dabba4346fa9b9207d96adafa8f92721?s=96&d=mm&r=g\",\"contentUrl\":\"https:\/\/secure.gravatar.com\/avatar\/dabba4346fa9b9207d96adafa8f92721?s=96&d=mm&r=g\",\"caption\":\"Jordan Leandro Oviedo Anzola\"},\"url\":\"https:\/\/www.fiscalia.gov.co\/colombia\/author\/joviedo\/\"}]}<\/script>\n<!-- \/ Yoast SEO plugin. -->","yoast_head_json":{"title":"Fiscal\u00eda General de la Naci\u00f3n","description":"P\u00e1gina oficial de la Fiscal\u00eda General de la Naci\u00f3n \u2013 Colombia. Garantizamos el acceso efectivo a la justicia, la verdad y la reparaci\u00f3n de las v\u00edctimas de los delitos.","robots":{"index":"noindex","follow":"follow"},"og_locale":"es_ES","og_type":"article","og_title":"Fiscal\u00eda General de la Naci\u00f3n","og_description":"P\u00e1gina oficial de la Fiscal\u00eda General de la Naci\u00f3n \u2013 Colombia. Garantizamos el acceso efectivo a la justicia, la verdad y la reparaci\u00f3n de las v\u00edctimas de los delitos.","og_url":"https:\/\/www.fiscalia.gov.co\/colombia\/noticias\/a-la-carcel-hombre-que-habria-participado-en-un-ataque-sicarial-en-cucuta-norte-de-santander\/","og_site_name":"Fiscal\u00eda General de la Naci\u00f3n","article_publisher":"https:\/\/www.facebook.com\/FiscaliaCol","article_published_time":"2024-08-12T19:32:13+00:00","article_modified_time":"2024-08-12T19:34:29+00:00","og_image":[{"url":"https:\/\/www.fiscalia.gov.co\/colombia\/wp-content\/uploads\/Winston-Daniel-Gonzalez-Rodriguez-judicializado-por-tentativa-de-homicidio-y-fabricacion-trafico-o-porte-de-armas-de-fuego-partes-accesorios-o-municiones-1.jpg","type":"","width":"","height":""}],"author":"Jordan Leandro Oviedo Anzola","twitter_card":"summary_large_image","twitter_creator":"@FiscaliaCol","twitter_site":"@FiscaliaCol","twitter_misc":{"Escrito por":"Jordan Leandro Oviedo Anzola","Tiempo de lectura":"2 minutos"},"schema":{"@context":"https:\/\/schema.org","@graph":[{"@type":"Article","@id":"https:\/\/www.fiscalia.gov.co\/colombia\/noticias\/a-la-carcel-hombre-que-habria-participado-en-un-ataque-sicarial-en-cucuta-norte-de-santander\/#article","isPartOf":{"@id":"https:\/\/www.fiscalia.gov.co\/colombia\/noticias\/a-la-carcel-hombre-que-habria-participado-en-un-ataque-sicarial-en-cucuta-norte-de-santander\/"},"author":{"name":"Jordan Leandro Oviedo Anzola","@id":"https:\/\/www.fiscalia.gov.co\/colombia\/#\/schema\/person\/bf84402cf293a5393e9c70b111020b24"},"headline":"A la c\u00e1rcel hombre que habr\u00eda participado en un ataque sicarial en C\u00facuta (Norte de Santander)","datePublished":"2024-08-12T19:32:13+00:00","dateModified":"2024-08-12T19:34:29+00:00","mainEntityOfPage":{"@id":"https:\/\/www.fiscalia.gov.co\/colombia\/noticias\/a-la-carcel-hombre-que-habria-participado-en-un-ataque-sicarial-en-cucuta-norte-de-santander\/"},"wordCount":343,"publisher":{"@id":"https:\/\/www.fiscalia.gov.co\/colombia\/#organization"},"image":{"@id":"https:\/\/www.fiscalia.gov.co\/colombia\/noticias\/a-la-carcel-hombre-que-habria-participado-en-un-ataque-sicarial-en-cucuta-norte-de-santander\/#primaryimage"},"thumbnailUrl":"https:\/\/www.fiscalia.gov.co\/colombia\/wp-content\/uploads\/Winston-Daniel-Gonzalez-Rodriguez-judicializado-por-tentativa-de-homicidio-y-fabricacion-trafico-o-porte-de-armas-de-fuego-partes-accesorios-o-municiones-1.jpg","keywords":["C\u00e1rcel","CTI","C\u00facuta (Norte de Santander)","Fiscal","Fiscal\u00eda","Fiscal\u00eda General de la Naci\u00f3n","Investigaci\u00f3n","resoluci\u00f3n.","Sij\u00edn"],"articleSection":["Noticias","Seccional C\u00facuta","Seccionales","Seguridad territorial"],"inLanguage":"es-CO"},{"@type":"WebPage","@id":"https:\/\/www.fiscalia.gov.co\/colombia\/noticias\/a-la-carcel-hombre-que-habria-participado-en-un-ataque-sicarial-en-cucuta-norte-de-santander\/","url":"https:\/\/www.fiscalia.gov.co\/colombia\/noticias\/a-la-carcel-hombre-que-habria-participado-en-un-ataque-sicarial-en-cucuta-norte-de-santander\/","name":"Fiscal\u00eda General de la Naci\u00f3n","isPartOf":{"@id":"https:\/\/www.fiscalia.gov.co\/colombia\/#website"},"primaryImageOfPage":{"@id":"https:\/\/www.fiscalia.gov.co\/colombia\/noticias\/a-la-carcel-hombre-que-habria-participado-en-un-ataque-sicarial-en-cucuta-norte-de-santander\/#primaryimage"},"image":{"@id":"https:\/\/www.fiscalia.gov.co\/colombia\/noticias\/a-la-carcel-hombre-que-habria-participado-en-un-ataque-sicarial-en-cucuta-norte-de-santander\/#primaryimage"},"thumbnailUrl":"https:\/\/www.fiscalia.gov.co\/colombia\/wp-content\/uploads\/Winston-Daniel-Gonzalez-Rodriguez-judicializado-por-tentativa-de-homicidio-y-fabricacion-trafico-o-porte-de-armas-de-fuego-partes-accesorios-o-municiones-1.jpg","datePublished":"2024-08-12T19:32:13+00:00","dateModified":"2024-08-12T19:34:29+00:00","description":"P\u00e1gina oficial de la Fiscal\u00eda General de la Naci\u00f3n \u2013 Colombia. Garantizamos el acceso efectivo a la justicia, la verdad y la reparaci\u00f3n de las v\u00edctimas de los delitos.","breadcrumb":{"@id":"https:\/\/www.fiscalia.gov.co\/colombia\/noticias\/a-la-carcel-hombre-que-habria-participado-en-un-ataque-sicarial-en-cucuta-norte-de-santander\/#breadcrumb"},"inLanguage":"es-CO","potentialAction":[{"@type":"ReadAction","target":["https:\/\/www.fiscalia.gov.co\/colombia\/noticias\/a-la-carcel-hombre-que-habria-participado-en-un-ataque-sicarial-en-cucuta-norte-de-santander\/"]}]},{"@type":"ImageObject","inLanguage":"es-CO","@id":"https:\/\/www.fiscalia.gov.co\/colombia\/noticias\/a-la-carcel-hombre-que-habria-participado-en-un-ataque-sicarial-en-cucuta-norte-de-santander\/#primaryimage","url":"https:\/\/www.fiscalia.gov.co\/colombia\/wp-content\/uploads\/Winston-Daniel-Gonzalez-Rodriguez-judicializado-por-tentativa-de-homicidio-y-fabricacion-trafico-o-porte-de-armas-de-fuego-partes-accesorios-o-municiones-1.jpg","contentUrl":"https:\/\/www.fiscalia.gov.co\/colombia\/wp-content\/uploads\/Winston-Daniel-Gonzalez-Rodriguez-judicializado-por-tentativa-de-homicidio-y-fabricacion-trafico-o-porte-de-armas-de-fuego-partes-accesorios-o-municiones-1.jpg","width":586,"height":330,"caption":"El hombre es se\u00f1alado de participar en un ataque con arma de fuego, hechos ocurridos en el barrio San Gerardo de C\u00facuta."},{"@type":"BreadcrumbList","@id":"https:\/\/www.fiscalia.gov.co\/colombia\/noticias\/a-la-carcel-hombre-que-habria-participado-en-un-ataque-sicarial-en-cucuta-norte-de-santander\/#breadcrumb","itemListElement":[{"@type":"ListItem","position":1,"name":"Home","item":"https:\/\/www.fiscalia.gov.co\/colombia\/"},{"@type":"ListItem","position":2,"name":"A la c\u00e1rcel hombre que habr\u00eda participado en un ataque sicarial en C\u00facuta (Norte de Santander)"}]},{"@type":"WebSite","@id":"https:\/\/www.fiscalia.gov.co\/colombia\/#website","url":"https:\/\/www.fiscalia.gov.co\/colombia\/","name":"Fiscal\u00eda General de la Naci\u00f3n","description":"P\u00e1gina oficial de la Fiscal\u00eda General de la Naci\u00f3n \u2013 Colombia. Garantizamos el acceso efectivo a la justicia, la verdad y la reparaci\u00f3n de las v\u00edctimas de los delitos.","publisher":{"@id":"https:\/\/www.fiscalia.gov.co\/colombia\/#organization"},"potentialAction":[{"@type":"SearchAction","target":{"@type":"EntryPoint","urlTemplate":"https:\/\/www.fiscalia.gov.co\/colombia\/?s={search_term_string}"},"query-input":{"@type":"PropertyValueSpecification","valueRequired":true,"valueName":"search_term_string"}}],"inLanguage":"es-CO"},{"@type":"Organization","@id":"https:\/\/www.fiscalia.gov.co\/colombia\/#organization","name":"Fiscal\u00eda General de la Naci\u00f3n","url":"https:\/\/www.fiscalia.gov.co\/colombia\/","logo":{"@type":"ImageObject","inLanguage":"es-CO","@id":"https:\/\/www.fiscalia.gov.co\/colombia\/#\/schema\/logo\/image\/","url":"https:\/\/www.fiscalia.gov.co\/colombia\/wp-content\/uploads\/LogoHorizontal_1.jpg","contentUrl":"https:\/\/www.fiscalia.gov.co\/colombia\/wp-content\/uploads\/LogoHorizontal_1.jpg","width":300,"height":90,"caption":"Fiscal\u00eda General de la Naci\u00f3n"},"image":{"@id":"https:\/\/www.fiscalia.gov.co\/colombia\/#\/schema\/logo\/image\/"},"sameAs":["https:\/\/www.facebook.com\/FiscaliaCol","https:\/\/x.com\/FiscaliaCol","https:\/\/www.instagram.com\/fiscaliacol","https:\/\/www.linkedin.com\/company\/fiscalia-general-de-la-naci-n\/","https:\/\/youtube.com\/@fiscaliageneraldelanacion-4668?si=6nN79nyQICPU5iTh"]},{"@type":"Person","@id":"https:\/\/www.fiscalia.gov.co\/colombia\/#\/schema\/person\/bf84402cf293a5393e9c70b111020b24","name":"Jordan Leandro Oviedo Anzola","image":{"@type":"ImageObject","inLanguage":"es-CO","@id":"https:\/\/www.fiscalia.gov.co\/colombia\/#\/schema\/person\/image\/","url":"https:\/\/secure.gravatar.com\/avatar\/dabba4346fa9b9207d96adafa8f92721?s=96&d=mm&r=g","contentUrl":"https:\/\/secure.gravatar.com\/avatar\/dabba4346fa9b9207d96adafa8f92721?s=96&d=mm&r=g","caption":"Jordan Leandro Oviedo Anzola"},"url":"https:\/\/www.fiscalia.gov.co\/colombia\/author\/joviedo\/"}]}},"_links":{"self":[{"href":"https:\/\/www.fiscalia.gov.co\/colombia\/wp-json\/wp\/v2\/posts\/300017","targetHints":{"allow":["GET"]}}],"collection":[{"href":"https:\/\/www.fiscalia.gov.co\/colombia\/wp-json\/wp\/v2\/posts"}],"about":[{"href":"https:\/\/www.fiscalia.gov.co\/colombia\/wp-json\/wp\/v2\/types\/post"}],"author":[{"embeddable":true,"href":"https:\/\/www.fiscalia.gov.co\/colombia\/wp-json\/wp\/v2\/users\/177"}],"replies":[{"embeddable":true,"href":"https:\/\/www.fiscalia.gov.co\/colombia\/wp-json\/wp\/v2\/comments?post=300017"}],"version-history":[{"count":2,"href":"https:\/\/www.fiscalia.gov.co\/colombia\/wp-json\/wp\/v2\/posts\/300017\/revisions"}],"predecessor-version":[{"id":300022,"href":"https:\/\/www.fiscalia.gov.co\/colombia\/wp-json\/wp\/v2\/posts\/300017\/revisions\/300022"}],"wp:attachment":[{"href":"https:\/\/www.fiscalia.gov.co\/colombia\/wp-json\/wp\/v2\/media?parent=300017"}],"wp:term":[{"taxonomy":"category","embeddable":true,"href":"https:\/\/www.fiscalia.gov.co\/colombia\/wp-json\/wp\/v2\/categories?post=300017"},{"taxonomy":"post_tag","embeddable":true,"href":"https:\/\/www.fiscalia.gov.co\/colombia\/wp-json\/wp\/v2\/tags?post=300017"}],"curies":[{"name":"wp","href":"https:\/\/api.w.org\/{rel}","templated":true}]}}