{"id":299925,"date":"2024-08-11T07:15:18","date_gmt":"2024-08-11T12:15:18","guid":{"rendered":"https:\/\/www.fiscalia.gov.co\/colombia\/?p=299925"},"modified":"2024-08-11T09:11:41","modified_gmt":"2024-08-11T14:11:41","slug":"condenado-policia-en-retiro-que-causo-la-muerte-de-un-mototaxista-en-santa-marta","status":"publish","type":"post","link":"https:\/\/www.fiscalia.gov.co\/colombia\/noticias\/condenado-policia-en-retiro-que-causo-la-muerte-de-un-mototaxista-en-santa-marta\/","title":{"rendered":"Condenado polic\u00eda en retiro que caus\u00f3 la muerte de un mototaxista en Santa Marta"},"content":{"rendered":"<h4 class=\"s6\" style=\"text-align: center;\"><strong><em><span class=\"s7\"><span class=\"bumpedFont15\">Los hechos ocurrieron <\/span><\/span><span class=\"s7\"><span class=\"bumpedFont15\">el 5 de agosto de 2020 <\/span><\/span><span class=\"s7\"><span class=\"bumpedFont15\">en Santa Marta<\/span><\/span><span class=\"s7\"><span class=\"bumpedFont15\"> (Magdalena)<\/span><\/span><span class=\"s7\"><span class=\"bumpedFont15\">.<\/span><\/span><span class=\"s7\"><span class=\"bumpedFont15\"> La fiscal\u00eda evidenci\u00f3 que el entonces integrante de la Polic\u00eda Nacional no accion\u00f3 su arma en leg\u00edtima defensa o por error.<\/span><\/span><span class=\"s8\"><span class=\"bumpedFont15\">\u00a0<\/span><\/span><\/em><\/strong><\/h4>\n<p class=\"s6\"><span class=\"s8\"><span class=\"bumpedFont15\">E<\/span><\/span><span class=\"s8\"><span class=\"bumpedFont15\">l material probatorio presentado por la Fiscal\u00eda General de la Naci\u00f3n<\/span><\/span><span class=\"s8\"><span class=\"bumpedFont15\"> permiti\u00f3 que un <\/span><\/span><span class=\"s8\"><span class=\"bumpedFont15\">juez <\/span><\/span><span class=\"s8\"><span class=\"bumpedFont15\">penal del circuito de Santa Marta <\/span><\/span><span class=\"s8\"><span class=\"bumpedFont15\">(Magdalena) <\/span><\/span><span class=\"s8\"><span class=\"bumpedFont15\">conden<\/span><\/span><span class=\"s8\"><span class=\"bumpedFont15\">ara <\/span><\/span><span class=\"s8\"><span class=\"bumpedFont15\">a 18 a\u00f1os de prisi\u00f3n <\/span><\/span><span class=\"s8\"><span class=\"bumpedFont15\">a<\/span><\/span><span class=\"s8\"><span class=\"bumpedFont15\">l<\/span><\/span> <span class=\"s8\"><span class=\"bumpedFont15\">polic\u00eda <\/span><\/span><span class=\"s8\"><span class=\"bumpedFont15\">en retiro <\/span><\/span><span class=\"s8\"><span class=\"bumpedFont15\">Carlos Andr\u00e9s Hern\u00e1ndez<\/span><\/span><span class=\"s8\"><span class=\"bumpedFont15\"> Camargo<\/span><\/span><span class=\"s8\"><span class=\"bumpedFont15\">, como responsable del <\/span><\/span><span class=\"s8\"><span class=\"bumpedFont15\">asesinato del mototaxista Jonathan Jos\u00e9 L\u00f3pez Jurado.<\/span><\/span><span class=\"s8\"><span class=\"bumpedFont15\"> La pena se impuso por el delito de homicidio.\u00a0<\/span><\/span><\/p>\n<p class=\"s6\"><span class=\"s8\"><span class=\"bumpedFont15\">Los hechos ocurrieron el 5 de agosto de 202<\/span><\/span><span class=\"s8\"><span class=\"bumpedFont15\">0<\/span><\/span> <span class=\"s8\"><span class=\"bumpedFont15\">durante<\/span><\/span> <span class=\"s8\"><span class=\"bumpedFont15\">un altercado<\/span><\/span> <span class=\"s8\"><span class=\"bumpedFont15\">entre el entonces uniformado y la v\u00edctima. El conflicto se dio por la <\/span><\/span><span class=\"s8\"><span class=\"bumpedFont15\">inmovilizaci\u00f3n de <\/span><\/span><span class=\"s8\"><span class=\"bumpedFont15\">la <\/span><\/span><span class=\"s8\"><span class=\"bumpedFont15\">moto <\/span><\/span><span class=\"s8\"><span class=\"bumpedFont15\">que L\u00f3pez Jurado usaba <\/span><\/span><span class=\"s8\"><span class=\"bumpedFont15\">como medio de <\/span><\/span><span class=\"s8\"><span class=\"bumpedFont15\">transport<\/span><\/span><span class=\"s8\"><span class=\"bumpedFont15\">e de <\/span><\/span><span class=\"s8\"><span class=\"bumpedFont15\">personas<\/span><\/span><span class=\"s8\"><span class=\"bumpedFont15\">.<\/span><\/span><\/p>\n<p class=\"s6\"><span class=\"s8\"><span class=\"bumpedFont15\">An\u00e1lisis a <\/span><\/span><span class=\"s8\"><span class=\"bumpedFont15\">c\u00e1maras de seguridad y pruebas de bal\u00edstica<\/span><\/span><span class=\"s8\"><span class=\"bumpedFont15\">demostrar<\/span><\/span><span class=\"s8\"><span class=\"bumpedFont15\">on<\/span><\/span><span class=\"s8\"><span class=\"bumpedFont15\"> la responsabilidad de Hern\u00e1ndez<\/span><\/span><span class=\"s8\"><span class=\"bumpedFont15\"> Camargo<\/span><\/span><span class=\"s8\"><span class=\"bumpedFont15\">, de quien se confirm\u00f3 no <\/span><\/span><span class=\"s8\"><span class=\"bumpedFont15\">accion\u00f3 <\/span><\/span><span class=\"s8\"><span class=\"bumpedFont15\">un<\/span><\/span> <span class=\"s8\"><span class=\"bumpedFont15\">revolver <\/span><\/span><span class=\"s8\"><span class=\"bumpedFont15\">en leg\u00edtima defensa o <\/span><\/span><span class=\"s8\"><span class=\"bumpedFont15\">por error.<\/span><\/span><span class=\"s8\"><span class=\"bumpedFont15\"> Tambi\u00e9n<\/span><\/span><span class=\"s8\"><span class=\"bumpedFont15\"> se desv<\/span><\/span><span class=\"s8\"><span class=\"bumpedFont15\">irtu\u00f3 el testimonio del <\/span><\/span><span class=\"s8\"><span class=\"bumpedFont15\">procesado que <\/span><\/span><span class=\"s8\"><span class=\"bumpedFont15\">se\u00f1al<\/span><\/span><span class=\"s8\"><span class=\"bumpedFont15\">\u00f3<\/span><\/span><span class=\"s8\"><span class=\"bumpedFont15\"> que la v\u00edctima portaba un arma de fuego.<\/span><\/span><\/p>\n<p class=\"s6\"><span class=\"s8\"><span class=\"bumpedFont15\">Tras emitirse esta <\/span><\/span><span class=\"s8\"><span class=\"bumpedFont15\">decisi\u00f3n<\/span><\/span><span class=\"s8\"><span class=\"bumpedFont15\">,<\/span><\/span><span class=\"s8\"><span class=\"bumpedFont15\"> se emiti\u00f3 la orden de captura contra Hern\u00e1ndez<\/span><\/span><span class=\"s8\"><span class=\"bumpedFont15\"> Camargo<\/span><\/span><span class=\"s8\"><span class=\"bumpedFont15\">. S<\/span><\/span><span class=\"s8\"><span class=\"bumpedFont15\">u caso pasar\u00e1 a un juez de ejecuci\u00f3n de penas que decidir\u00e1 el centro carcelario en el que <\/span><\/span><span class=\"s8\"><span class=\"bumpedFont15\">deber\u00e1 afrontar la <\/span><\/span><span class=\"s8\"><span class=\"bumpedFont15\">condena.<\/span><\/span><\/p>\n<p class=\"s6\"><span class=\"s9\"><span class=\"bumpedFont17\">LKSC\/<\/span><\/span><span class=\"s9\"><span class=\"bumpedFont17\">MAGA\/<\/span><\/span><span class=\"s9\"><span class=\"bumpedFont17\">OBM\/DECVDH\/<\/span><\/span><\/p>\n<p>&nbsp;<\/p>\n<p>&nbsp;<\/p>\n<p><em>La informaci\u00f3n contenida en este bolet\u00edn de prensa corresponde a la narraci\u00f3n de los hechos noticiosos objetivos, suministrados por los funcionarios encargados de adelantar las investigaciones penales al interior de la Fiscal\u00eda General de la Naci\u00f3n. Para el momento de la divulgaci\u00f3n de este comunicado, la situaci\u00f3n jur\u00eddica de la(s) persona(s) relacionada(s) se encuentra pendiente de resolver por la autoridad judicial competente, siempre bajo los preceptos de la presunci\u00f3n de inocencia, consagrados en el art\u00edculo 29 de la Constituci\u00f3n Pol\u00edtica y el art\u00edculo 7\u00ba de la Ley 906 de 2004.<\/em><\/p>\n<p>&nbsp;<\/p>\n\n<div class=\"twitter-share\"><a href=\"https:\/\/twitter.com\/intent\/tweet?via=fiscaliacol\" class=\"twitter-share-button\">Tweet<\/a><\/div>\n","protected":false},"excerpt":{"rendered":"<p>Los hechos ocurrieron el 5 de agosto de 2020 en Santa Marta (Magdalena). La fiscal\u00eda evidenci\u00f3 que el entonces integrante de la Polic\u00eda Nacional no accion\u00f3 su arma en leg\u00edtima defensa o por error.\u00a0 El material probatorio presentado por la Fiscal\u00eda General de la Naci\u00f3n permiti\u00f3 que un juez penal del circuito de Santa Marta [&hellip;]<\/p>\n","protected":false},"author":178,"featured_media":0,"comment_status":"closed","ping_status":"open","sticky":false,"template":"","format":"standard","meta":{"_price":"","_stock":"","_tribe_ticket_header":"","_tribe_default_ticket_provider":"","_tribe_ticket_capacity":"0","_ticket_start_date":"","_ticket_end_date":"","_tribe_ticket_show_description":"","_tribe_ticket_show_not_going":false,"_tribe_ticket_use_global_stock":"","_tribe_ticket_global_stock_level":"","_global_stock_mode":"","_global_stock_cap":"","_tribe_rsvp_for_event":"","_tribe_ticket_going_count":"","_tribe_ticket_not_going_count":"","_tribe_tickets_list":"[]","_tribe_ticket_has_attendee_info_fields":false,"tdm_status":"","tdm_grid_status":"","footnotes":""},"categories":[1],"tags":[31228,38376,293,37491,1047,1588,38377,23839],"class_list":{"0":"post-299925","1":"post","2":"type-post","3":"status-publish","4":"format-standard","6":"category-noticias","7":"tag-18-anos","8":"tag-carlos-andres-hernandez-camargo","9":"tag-condena","10":"tag-fiscal-camargo","11":"tag-fiscalia-general-de-la-nacion","12":"tag-mototaxista","13":"tag-policia-retirado","14":"tag-santa-marta"},"yoast_head":"<!-- This site is optimized with the Yoast SEO plugin v24.3 - https:\/\/yoast.com\/wordpress\/plugins\/seo\/ -->\n<title>Fiscal\u00eda General de la Naci\u00f3n<\/title>\n<meta name=\"description\" content=\"P\u00e1gina oficial de la Fiscal\u00eda General de la Naci\u00f3n \u2013 Colombia. Garantizamos el acceso efectivo a la justicia, la verdad y la reparaci\u00f3n de las v\u00edctimas de los delitos.\" \/>\n<meta name=\"robots\" content=\"noindex, follow\" \/>\n<meta property=\"og:locale\" content=\"es_ES\" \/>\n<meta property=\"og:type\" content=\"article\" \/>\n<meta property=\"og:title\" content=\"Fiscal\u00eda General de la Naci\u00f3n\" \/>\n<meta property=\"og:description\" content=\"P\u00e1gina oficial de la Fiscal\u00eda General de la Naci\u00f3n \u2013 Colombia. Garantizamos el acceso efectivo a la justicia, la verdad y la reparaci\u00f3n de las v\u00edctimas de los delitos.\" \/>\n<meta property=\"og:url\" content=\"https:\/\/www.fiscalia.gov.co\/colombia\/noticias\/condenado-policia-en-retiro-que-causo-la-muerte-de-un-mototaxista-en-santa-marta\/\" \/>\n<meta property=\"og:site_name\" content=\"Fiscal\u00eda General de la Naci\u00f3n\" \/>\n<meta property=\"article:publisher\" content=\"https:\/\/www.facebook.com\/FiscaliaCol\" \/>\n<meta property=\"article:published_time\" content=\"2024-08-11T12:15:18+00:00\" \/>\n<meta property=\"article:modified_time\" content=\"2024-08-11T14:11:41+00:00\" \/>\n<meta name=\"author\" content=\"Winnie Geraldine Rodr\u00edguez Navarrete\" \/>\n<meta name=\"twitter:card\" content=\"summary_large_image\" \/>\n<meta name=\"twitter:creator\" content=\"@FiscaliaCol\" \/>\n<meta name=\"twitter:site\" content=\"@FiscaliaCol\" \/>\n<meta name=\"twitter:label1\" content=\"Escrito por\" \/>\n\t<meta name=\"twitter:data1\" content=\"Winnie Geraldine Rodr\u00edguez Navarrete\" \/>\n\t<meta name=\"twitter:label2\" content=\"Tiempo de lectura\" \/>\n\t<meta name=\"twitter:data2\" content=\"2 minutos\" \/>\n<script type=\"application\/ld+json\" class=\"yoast-schema-graph\">{\"@context\":\"https:\/\/schema.org\",\"@graph\":[{\"@type\":\"Article\",\"@id\":\"https:\/\/www.fiscalia.gov.co\/colombia\/noticias\/condenado-policia-en-retiro-que-causo-la-muerte-de-un-mototaxista-en-santa-marta\/#article\",\"isPartOf\":{\"@id\":\"https:\/\/www.fiscalia.gov.co\/colombia\/noticias\/condenado-policia-en-retiro-que-causo-la-muerte-de-un-mototaxista-en-santa-marta\/\"},\"author\":{\"name\":\"Winnie Geraldine Rodr\u00edguez Navarrete\",\"@id\":\"https:\/\/www.fiscalia.gov.co\/colombia\/#\/schema\/person\/176195b99ebab0a52aafa15197e1bf80\"},\"headline\":\"Condenado polic\u00eda en retiro que caus\u00f3 la muerte de un mototaxista en Santa Marta\",\"datePublished\":\"2024-08-11T12:15:18+00:00\",\"dateModified\":\"2024-08-11T14:11:41+00:00\",\"mainEntityOfPage\":{\"@id\":\"https:\/\/www.fiscalia.gov.co\/colombia\/noticias\/condenado-policia-en-retiro-que-causo-la-muerte-de-un-mototaxista-en-santa-marta\/\"},\"wordCount\":360,\"publisher\":{\"@id\":\"https:\/\/www.fiscalia.gov.co\/colombia\/#organization\"},\"keywords\":[\"18 a\u00f1os\",\"Carlos Andr\u00e9s Hern\u00e1ndez Camargo\",\"Condena\",\"fiscal Camargo\",\"Fiscal\u00eda General de la Naci\u00f3n\",\"Mototaxista\",\"polic\u00eda retirado\",\"Santa Marta\"],\"articleSection\":[\"Noticias\"],\"inLanguage\":\"es-CO\"},{\"@type\":\"WebPage\",\"@id\":\"https:\/\/www.fiscalia.gov.co\/colombia\/noticias\/condenado-policia-en-retiro-que-causo-la-muerte-de-un-mototaxista-en-santa-marta\/\",\"url\":\"https:\/\/www.fiscalia.gov.co\/colombia\/noticias\/condenado-policia-en-retiro-que-causo-la-muerte-de-un-mototaxista-en-santa-marta\/\",\"name\":\"Fiscal\u00eda General de la Naci\u00f3n\",\"isPartOf\":{\"@id\":\"https:\/\/www.fiscalia.gov.co\/colombia\/#website\"},\"datePublished\":\"2024-08-11T12:15:18+00:00\",\"dateModified\":\"2024-08-11T14:11:41+00:00\",\"description\":\"P\u00e1gina oficial de la Fiscal\u00eda General de la Naci\u00f3n \u2013 Colombia. Garantizamos el acceso efectivo a la justicia, la verdad y la reparaci\u00f3n de las v\u00edctimas de los delitos.\",\"breadcrumb\":{\"@id\":\"https:\/\/www.fiscalia.gov.co\/colombia\/noticias\/condenado-policia-en-retiro-que-causo-la-muerte-de-un-mototaxista-en-santa-marta\/#breadcrumb\"},\"inLanguage\":\"es-CO\",\"potentialAction\":[{\"@type\":\"ReadAction\",\"target\":[\"https:\/\/www.fiscalia.gov.co\/colombia\/noticias\/condenado-policia-en-retiro-que-causo-la-muerte-de-un-mototaxista-en-santa-marta\/\"]}]},{\"@type\":\"BreadcrumbList\",\"@id\":\"https:\/\/www.fiscalia.gov.co\/colombia\/noticias\/condenado-policia-en-retiro-que-causo-la-muerte-de-un-mototaxista-en-santa-marta\/#breadcrumb\",\"itemListElement\":[{\"@type\":\"ListItem\",\"position\":1,\"name\":\"Home\",\"item\":\"https:\/\/www.fiscalia.gov.co\/colombia\/\"},{\"@type\":\"ListItem\",\"position\":2,\"name\":\"Condenado polic\u00eda en retiro que caus\u00f3 la muerte de un mototaxista en Santa Marta\"}]},{\"@type\":\"WebSite\",\"@id\":\"https:\/\/www.fiscalia.gov.co\/colombia\/#website\",\"url\":\"https:\/\/www.fiscalia.gov.co\/colombia\/\",\"name\":\"Fiscal\u00eda General de la Naci\u00f3n\",\"description\":\"P\u00e1gina oficial de la Fiscal\u00eda General de la Naci\u00f3n \u2013 Colombia. Garantizamos el acceso efectivo a la justicia, la verdad y la reparaci\u00f3n de las v\u00edctimas de los delitos.\",\"publisher\":{\"@id\":\"https:\/\/www.fiscalia.gov.co\/colombia\/#organization\"},\"potentialAction\":[{\"@type\":\"SearchAction\",\"target\":{\"@type\":\"EntryPoint\",\"urlTemplate\":\"https:\/\/www.fiscalia.gov.co\/colombia\/?s={search_term_string}\"},\"query-input\":{\"@type\":\"PropertyValueSpecification\",\"valueRequired\":true,\"valueName\":\"search_term_string\"}}],\"inLanguage\":\"es-CO\"},{\"@type\":\"Organization\",\"@id\":\"https:\/\/www.fiscalia.gov.co\/colombia\/#organization\",\"name\":\"Fiscal\u00eda General de la Naci\u00f3n\",\"url\":\"https:\/\/www.fiscalia.gov.co\/colombia\/\",\"logo\":{\"@type\":\"ImageObject\",\"inLanguage\":\"es-CO\",\"@id\":\"https:\/\/www.fiscalia.gov.co\/colombia\/#\/schema\/logo\/image\/\",\"url\":\"https:\/\/www.fiscalia.gov.co\/colombia\/wp-content\/uploads\/LogoHorizontal_1.jpg\",\"contentUrl\":\"https:\/\/www.fiscalia.gov.co\/colombia\/wp-content\/uploads\/LogoHorizontal_1.jpg\",\"width\":300,\"height\":90,\"caption\":\"Fiscal\u00eda General de la Naci\u00f3n\"},\"image\":{\"@id\":\"https:\/\/www.fiscalia.gov.co\/colombia\/#\/schema\/logo\/image\/\"},\"sameAs\":[\"https:\/\/www.facebook.com\/FiscaliaCol\",\"https:\/\/x.com\/FiscaliaCol\",\"https:\/\/www.instagram.com\/fiscaliacol\",\"https:\/\/www.linkedin.com\/company\/fiscalia-general-de-la-naci-n\/\",\"https:\/\/youtube.com\/@fiscaliageneraldelanacion-4668?si=6nN79nyQICPU5iTh\"]},{\"@type\":\"Person\",\"@id\":\"https:\/\/www.fiscalia.gov.co\/colombia\/#\/schema\/person\/176195b99ebab0a52aafa15197e1bf80\",\"name\":\"Winnie Geraldine Rodr\u00edguez Navarrete\",\"image\":{\"@type\":\"ImageObject\",\"inLanguage\":\"es-CO\",\"@id\":\"https:\/\/www.fiscalia.gov.co\/colombia\/#\/schema\/person\/image\/\",\"url\":\"https:\/\/secure.gravatar.com\/avatar\/c24cf8481dc84fa5e8c7b20bc95ab0c6?s=96&d=mm&r=g\",\"contentUrl\":\"https:\/\/secure.gravatar.com\/avatar\/c24cf8481dc84fa5e8c7b20bc95ab0c6?s=96&d=mm&r=g\",\"caption\":\"Winnie Geraldine Rodr\u00edguez Navarrete\"},\"url\":\"https:\/\/www.fiscalia.gov.co\/colombia\/author\/winnierodriguez\/\"}]}<\/script>\n<!-- \/ Yoast SEO plugin. -->","yoast_head_json":{"title":"Fiscal\u00eda General de la Naci\u00f3n","description":"P\u00e1gina oficial de la Fiscal\u00eda General de la Naci\u00f3n \u2013 Colombia. Garantizamos el acceso efectivo a la justicia, la verdad y la reparaci\u00f3n de las v\u00edctimas de los delitos.","robots":{"index":"noindex","follow":"follow"},"og_locale":"es_ES","og_type":"article","og_title":"Fiscal\u00eda General de la Naci\u00f3n","og_description":"P\u00e1gina oficial de la Fiscal\u00eda General de la Naci\u00f3n \u2013 Colombia. Garantizamos el acceso efectivo a la justicia, la verdad y la reparaci\u00f3n de las v\u00edctimas de los delitos.","og_url":"https:\/\/www.fiscalia.gov.co\/colombia\/noticias\/condenado-policia-en-retiro-que-causo-la-muerte-de-un-mototaxista-en-santa-marta\/","og_site_name":"Fiscal\u00eda General de la Naci\u00f3n","article_publisher":"https:\/\/www.facebook.com\/FiscaliaCol","article_published_time":"2024-08-11T12:15:18+00:00","article_modified_time":"2024-08-11T14:11:41+00:00","author":"Winnie Geraldine Rodr\u00edguez Navarrete","twitter_card":"summary_large_image","twitter_creator":"@FiscaliaCol","twitter_site":"@FiscaliaCol","twitter_misc":{"Escrito por":"Winnie Geraldine Rodr\u00edguez Navarrete","Tiempo de lectura":"2 minutos"},"schema":{"@context":"https:\/\/schema.org","@graph":[{"@type":"Article","@id":"https:\/\/www.fiscalia.gov.co\/colombia\/noticias\/condenado-policia-en-retiro-que-causo-la-muerte-de-un-mototaxista-en-santa-marta\/#article","isPartOf":{"@id":"https:\/\/www.fiscalia.gov.co\/colombia\/noticias\/condenado-policia-en-retiro-que-causo-la-muerte-de-un-mototaxista-en-santa-marta\/"},"author":{"name":"Winnie Geraldine Rodr\u00edguez Navarrete","@id":"https:\/\/www.fiscalia.gov.co\/colombia\/#\/schema\/person\/176195b99ebab0a52aafa15197e1bf80"},"headline":"Condenado polic\u00eda en retiro que caus\u00f3 la muerte de un mototaxista en Santa Marta","datePublished":"2024-08-11T12:15:18+00:00","dateModified":"2024-08-11T14:11:41+00:00","mainEntityOfPage":{"@id":"https:\/\/www.fiscalia.gov.co\/colombia\/noticias\/condenado-policia-en-retiro-que-causo-la-muerte-de-un-mototaxista-en-santa-marta\/"},"wordCount":360,"publisher":{"@id":"https:\/\/www.fiscalia.gov.co\/colombia\/#organization"},"keywords":["18 a\u00f1os","Carlos Andr\u00e9s Hern\u00e1ndez Camargo","Condena","fiscal Camargo","Fiscal\u00eda General de la Naci\u00f3n","Mototaxista","polic\u00eda retirado","Santa Marta"],"articleSection":["Noticias"],"inLanguage":"es-CO"},{"@type":"WebPage","@id":"https:\/\/www.fiscalia.gov.co\/colombia\/noticias\/condenado-policia-en-retiro-que-causo-la-muerte-de-un-mototaxista-en-santa-marta\/","url":"https:\/\/www.fiscalia.gov.co\/colombia\/noticias\/condenado-policia-en-retiro-que-causo-la-muerte-de-un-mototaxista-en-santa-marta\/","name":"Fiscal\u00eda General de la Naci\u00f3n","isPartOf":{"@id":"https:\/\/www.fiscalia.gov.co\/colombia\/#website"},"datePublished":"2024-08-11T12:15:18+00:00","dateModified":"2024-08-11T14:11:41+00:00","description":"P\u00e1gina oficial de la Fiscal\u00eda General de la Naci\u00f3n \u2013 Colombia. Garantizamos el acceso efectivo a la justicia, la verdad y la reparaci\u00f3n de las v\u00edctimas de los delitos.","breadcrumb":{"@id":"https:\/\/www.fiscalia.gov.co\/colombia\/noticias\/condenado-policia-en-retiro-que-causo-la-muerte-de-un-mototaxista-en-santa-marta\/#breadcrumb"},"inLanguage":"es-CO","potentialAction":[{"@type":"ReadAction","target":["https:\/\/www.fiscalia.gov.co\/colombia\/noticias\/condenado-policia-en-retiro-que-causo-la-muerte-de-un-mototaxista-en-santa-marta\/"]}]},{"@type":"BreadcrumbList","@id":"https:\/\/www.fiscalia.gov.co\/colombia\/noticias\/condenado-policia-en-retiro-que-causo-la-muerte-de-un-mototaxista-en-santa-marta\/#breadcrumb","itemListElement":[{"@type":"ListItem","position":1,"name":"Home","item":"https:\/\/www.fiscalia.gov.co\/colombia\/"},{"@type":"ListItem","position":2,"name":"Condenado polic\u00eda en retiro que caus\u00f3 la muerte de un mototaxista en Santa Marta"}]},{"@type":"WebSite","@id":"https:\/\/www.fiscalia.gov.co\/colombia\/#website","url":"https:\/\/www.fiscalia.gov.co\/colombia\/","name":"Fiscal\u00eda General de la Naci\u00f3n","description":"P\u00e1gina oficial de la Fiscal\u00eda General de la Naci\u00f3n \u2013 Colombia. Garantizamos el acceso efectivo a la justicia, la verdad y la reparaci\u00f3n de las v\u00edctimas de los delitos.","publisher":{"@id":"https:\/\/www.fiscalia.gov.co\/colombia\/#organization"},"potentialAction":[{"@type":"SearchAction","target":{"@type":"EntryPoint","urlTemplate":"https:\/\/www.fiscalia.gov.co\/colombia\/?s={search_term_string}"},"query-input":{"@type":"PropertyValueSpecification","valueRequired":true,"valueName":"search_term_string"}}],"inLanguage":"es-CO"},{"@type":"Organization","@id":"https:\/\/www.fiscalia.gov.co\/colombia\/#organization","name":"Fiscal\u00eda General de la Naci\u00f3n","url":"https:\/\/www.fiscalia.gov.co\/colombia\/","logo":{"@type":"ImageObject","inLanguage":"es-CO","@id":"https:\/\/www.fiscalia.gov.co\/colombia\/#\/schema\/logo\/image\/","url":"https:\/\/www.fiscalia.gov.co\/colombia\/wp-content\/uploads\/LogoHorizontal_1.jpg","contentUrl":"https:\/\/www.fiscalia.gov.co\/colombia\/wp-content\/uploads\/LogoHorizontal_1.jpg","width":300,"height":90,"caption":"Fiscal\u00eda General de la Naci\u00f3n"},"image":{"@id":"https:\/\/www.fiscalia.gov.co\/colombia\/#\/schema\/logo\/image\/"},"sameAs":["https:\/\/www.facebook.com\/FiscaliaCol","https:\/\/x.com\/FiscaliaCol","https:\/\/www.instagram.com\/fiscaliacol","https:\/\/www.linkedin.com\/company\/fiscalia-general-de-la-naci-n\/","https:\/\/youtube.com\/@fiscaliageneraldelanacion-4668?si=6nN79nyQICPU5iTh"]},{"@type":"Person","@id":"https:\/\/www.fiscalia.gov.co\/colombia\/#\/schema\/person\/176195b99ebab0a52aafa15197e1bf80","name":"Winnie Geraldine Rodr\u00edguez Navarrete","image":{"@type":"ImageObject","inLanguage":"es-CO","@id":"https:\/\/www.fiscalia.gov.co\/colombia\/#\/schema\/person\/image\/","url":"https:\/\/secure.gravatar.com\/avatar\/c24cf8481dc84fa5e8c7b20bc95ab0c6?s=96&d=mm&r=g","contentUrl":"https:\/\/secure.gravatar.com\/avatar\/c24cf8481dc84fa5e8c7b20bc95ab0c6?s=96&d=mm&r=g","caption":"Winnie Geraldine Rodr\u00edguez Navarrete"},"url":"https:\/\/www.fiscalia.gov.co\/colombia\/author\/winnierodriguez\/"}]}},"_links":{"self":[{"href":"https:\/\/www.fiscalia.gov.co\/colombia\/wp-json\/wp\/v2\/posts\/299925","targetHints":{"allow":["GET"]}}],"collection":[{"href":"https:\/\/www.fiscalia.gov.co\/colombia\/wp-json\/wp\/v2\/posts"}],"about":[{"href":"https:\/\/www.fiscalia.gov.co\/colombia\/wp-json\/wp\/v2\/types\/post"}],"author":[{"embeddable":true,"href":"https:\/\/www.fiscalia.gov.co\/colombia\/wp-json\/wp\/v2\/users\/178"}],"replies":[{"embeddable":true,"href":"https:\/\/www.fiscalia.gov.co\/colombia\/wp-json\/wp\/v2\/comments?post=299925"}],"version-history":[{"count":2,"href":"https:\/\/www.fiscalia.gov.co\/colombia\/wp-json\/wp\/v2\/posts\/299925\/revisions"}],"predecessor-version":[{"id":299929,"href":"https:\/\/www.fiscalia.gov.co\/colombia\/wp-json\/wp\/v2\/posts\/299925\/revisions\/299929"}],"wp:attachment":[{"href":"https:\/\/www.fiscalia.gov.co\/colombia\/wp-json\/wp\/v2\/media?parent=299925"}],"wp:term":[{"taxonomy":"category","embeddable":true,"href":"https:\/\/www.fiscalia.gov.co\/colombia\/wp-json\/wp\/v2\/categories?post=299925"},{"taxonomy":"post_tag","embeddable":true,"href":"https:\/\/www.fiscalia.gov.co\/colombia\/wp-json\/wp\/v2\/tags?post=299925"}],"curies":[{"name":"wp","href":"https:\/\/api.w.org\/{rel}","templated":true}]}}