{"id":299919,"date":"2024-08-10T09:10:55","date_gmt":"2024-08-10T14:10:55","guid":{"rendered":"https:\/\/www.fiscalia.gov.co\/colombia\/?p=299919"},"modified":"2024-08-10T09:10:55","modified_gmt":"2024-08-10T14:10:55","slug":"fiscalia-logra-condena-a-mas-de-25-anos-de-prision-para-una-mujer-que-durante-5-anos-permitio-continuas-agresiones-sexuales-contra-su-hija-de-8-anos","status":"publish","type":"post","link":"https:\/\/www.fiscalia.gov.co\/colombia\/noticias\/fiscalia-logra-condena-a-mas-de-25-anos-de-prision-para-una-mujer-que-durante-5-anos-permitio-continuas-agresiones-sexuales-contra-su-hija-de-8-anos\/","title":{"rendered":"Fiscal\u00eda logra condena a m\u00e1s de 25 a\u00f1os de prisi\u00f3n para una mujer que durante 5 a\u00f1os permiti\u00f3 continuas agresiones sexuales contra su hija de 8 a\u00f1os"},"content":{"rendered":"<h4 class=\"s9\" style=\"text-align: center;\"><span class=\"s7\">\u2022 <\/span><em><strong><span class=\"s8\"><span class=\"bumpedFont15\">La Fiscal\u00eda <\/span><\/span><span class=\"s8\"><span class=\"bumpedFont15\">com<\/span><\/span><span class=\"s8\"><span class=\"bumpedFont15\">prob\u00f3 que la madre amarraba de pies y manos a la v\u00edctima<\/span><\/span><span class=\"s8\"><span class=\"bumpedFont15\">,<\/span><\/span><span class=\"s8\"><span class=\"bumpedFont15\"> y le vendaba los ojos para que no <\/span><\/span><span class=\"s8\"><span class=\"bumpedFont15\">reconociera<\/span><\/span><span class=\"s8\"><span class=\"bumpedFont15\"> a <\/span><\/span><span class=\"s8\"><span class=\"bumpedFont15\">sus <\/span><\/span><span class=\"s8\"><span class=\"bumpedFont15\">abusadores.<\/span><\/span><\/strong><\/em><\/h4>\n<h4 class=\"s9\" style=\"text-align: center;\"><em><strong><span class=\"s7\">\u2022 <\/span><span class=\"s8\"><span class=\"bumpedFont15\">El padrastro de la menor tambi\u00e9n fue sentenciado por <\/span><\/span><span class=\"s8\"><span class=\"bumpedFont15\">agredir sexualmente a la v\u00edctima<\/span><\/span><\/strong><\/em><span class=\"s8\"><span class=\"bumpedFont15\">.<\/span><\/span><\/h4>\n<p class=\"s6\"><span class=\"s10\"><span class=\"bumpedFont15\">Luego de valorar el conjunto de pruebas presentadas por la Fiscal\u00eda General de la Naci\u00f3n, un juez de conocimiento conden\u00f3 a 25 a\u00f1os y 8 meses de prisi\u00f3n a una mujer <\/span><\/span><span class=\"s10\"><span class=\"bumpedFont15\">que, durante 5 a\u00f1os, <\/span><\/span><span class=\"s10\"><span class=\"bumpedFont15\">oblig<\/span><\/span><span class=\"s10\"><span class=\"bumpedFont15\">\u00f3 a su <\/span><\/span><span class=\"s10\"><span class=\"bumpedFont15\">hija<\/span><\/span><span class=\"s10\"><span class=\"bumpedFont15\">,<\/span><\/span><span class=\"s10\"><span class=\"bumpedFont15\"> menor de edad, a sostener <\/span><\/span><span class=\"s10\"><span class=\"bumpedFont15\">relaciones sexuales con <\/span><\/span><span class=\"s10\"><span class=\"bumpedFont15\">distintos <\/span><\/span><span class=\"s10\"><span class=\"bumpedFont15\">hombres adultos<\/span><\/span><span class=\"s10\"><span class=\"bumpedFont15\">,<\/span><\/span><span class=\"s10\"><span class=\"bumpedFont15\"> a cambio de dinero.<\/span><\/span> <span class=\"s10\"><span class=\"bumpedFont15\">Por estos hechos l<\/span><\/span><span class=\"s10\"><span class=\"bumpedFont15\">a mujer fue sentenciada <\/span><\/span><span class=\"s10\"><span class=\"bumpedFont15\">por el delito de <\/span><\/span><span class=\"s10\"><span class=\"bumpedFont15\">proxenetismo con menor de<\/span><\/span><span class=\"s10\"><span class=\"bumpedFont15\"> 14 a\u00f1os <\/span><\/span><span class=\"s10\"><span class=\"bumpedFont15\">agravado<\/span><\/span><span class=\"s10\"><span class=\"bumpedFont15\">.<\/span><\/span><\/p>\n<p class=\"s6\"><span class=\"s10\"><span class=\"bumpedFont15\">De acuerdo con la investigaci\u00f3n<\/span><\/span><span class=\"s10\"><span class=\"bumpedFont15\">,<\/span><\/span><span class=\"s10\"><span class=\"bumpedFont15\"> adelantada por una fiscal del Centro de Atenci\u00f3n Integral a V\u00edctimas de Abuso Sexual (<\/span><\/span><span class=\"s10\"><span class=\"bumpedFont15\">Caivas<\/span><\/span><span class=\"s10\"><span class=\"bumpedFont15\">),<\/span><\/span> <span class=\"s10\"><span class=\"bumpedFont15\">desde el a\u00f1o <\/span><\/span><span class=\"s10\"><span class=\"bumpedFont15\">2017<\/span><\/span><span class=\"s10\"><span class=\"bumpedFont15\">, cuando la v\u00edctima ten\u00eda 8 a\u00f1os; y por los menos hasta el 2021; la hoy sentenciada utiliz\u00f3 la vivienda en que resid\u00eda con la <\/span><\/span><span class=\"s10\"><span class=\"bumpedFont15\">menor,<\/span><\/span><span class=\"s10\"><span class=\"bumpedFont15\"> para que distintos hombres sometieran a vej\u00e1menes sexuales a su hija.<\/span><\/span><\/p>\n<p class=\"s6\"><span class=\"s10\"><span class=\"bumpedFont15\">Los hechos ocurrieron en el <\/span><\/span><span class=\"s10\"><span class=\"bumpedFont15\">barrio La Cruz de Medell\u00edn<\/span><\/span><span class=\"s10\"><span class=\"bumpedFont15\">(Antioquia). La Fiscal\u00eda establec<\/span><\/span><span class=\"s10\"><span class=\"bumpedFont15\">i\u00f3<\/span><\/span><span class=\"s10\"><span class=\"bumpedFont15\"> que la mujer ataba a la menor a la cama de pies y manos para que no <\/span><\/span><span class=\"s10\"><span class=\"bumpedFont15\">se resistiera<\/span><\/span><a name=\"_GoBack\"><\/a><span class=\"s10\"><span class=\"bumpedFont15\"> a las agresiones; adem\u00e1s, le vendaba los ojos para impedirle <\/span><\/span><span class=\"s10\"><span class=\"bumpedFont15\">reconocer a <\/span><\/span><span class=\"s10\"><span class=\"bumpedFont15\">sus <\/span><\/span><span class=\"s10\"><span class=\"bumpedFont15\">abusadores<\/span><\/span><span class=\"s10\"><span class=\"bumpedFont15\">.<\/span><\/span><\/p>\n<p class=\"s6\"><span class=\"s10\"><span class=\"bumpedFont15\">Las pruebas aportada<\/span><\/span><span class=\"s10\"><span class=\"bumpedFont15\">s por la <\/span><\/span><span class=\"s10\"><span class=\"bumpedFont15\">Fiscal\u00eda demostraron<\/span><\/span><span class=\"s10\"><span class=\"bumpedFont15\"> que estas conductas ilegales se repet\u00edan hasta tres veces <\/span><\/span><span class=\"s10\"><span class=\"bumpedFont15\">por d\u00eda.<\/span><\/span> <span class=\"s10\"><span class=\"bumpedFont15\">Se demostr\u00f3 adem\u00e1s <\/span><\/span><span class=\"s10\"><span class=\"bumpedFont15\">que<\/span><\/span><span class=\"s10\"><span class=\"bumpedFont15\"> cuando la v\u00edctima se resist\u00eda,<\/span><\/span> <span class=\"s10\"><span class=\"bumpedFont15\">la<\/span><\/span><span class=\"s10\"><span class=\"bumpedFont15\">progenitora<\/span><\/span><span class=\"s10\"><span class=\"bumpedFont15\"> la somet\u00ed<\/span><\/span><span class=\"s10\"><span class=\"bumpedFont15\">a a <\/span><\/span><span class=\"s10\"><span class=\"bumpedFont15\">quemaduras <\/span><\/span><span class=\"s10\"><span class=\"bumpedFont15\">con <\/span><\/span><span class=\"s10\"><span class=\"bumpedFont15\">cigarrillo en <\/span><\/span><span class=\"s10\"><span class=\"bumpedFont15\">varias partes del <\/span><\/span><span class=\"s10\"><span class=\"bumpedFont15\">cuerpo<\/span><\/span><span class=\"s10\"><span class=\"bumpedFont15\">.<\/span><\/span><\/p>\n<p class=\"s6\"><span class=\"s10\"><span class=\"bumpedFont15\">En la misma decisi\u00f3n<\/span><\/span><span class=\"s10\"><span class=\"bumpedFont15\">, el juez <\/span><\/span><span class=\"s10\"><span class=\"bumpedFont15\">sentenci<\/span><\/span><span class=\"s10\"><span class=\"bumpedFont15\">\u00f3<\/span><\/span> <span class=\"s10\"><span class=\"bumpedFont15\">a <\/span><\/span><span class=\"s10\"><span class=\"bumpedFont15\">21 a\u00f1os y 4 meses de prisi\u00f3n <\/span><\/span><span class=\"s10\"><span class=\"bumpedFont15\">a<\/span><\/span><span class=\"s10\"><span class=\"bumpedFont15\">l padrastro de la <\/span><\/span><span class=\"s10\"><span class=\"bumpedFont15\">menor. Al respecto, el <\/span><\/span><span class=\"s10\"><span class=\"bumpedFont15\">ente <\/span><\/span><span class=\"s10\"><span class=\"bumpedFont15\">acusador <\/span><\/span><span class=\"s10\"><span class=\"bumpedFont15\">prob\u00f3<\/span><\/span><span class=\"s10\"><span class=\"bumpedFont15\"> que el hombre fue uno de los agresores sexuales de la ni\u00f1a<\/span><\/span><span class=\"s10\"><span class=\"bumpedFont15\">.<\/span><\/span><\/p>\n<p class=\"s6\"><span class=\"s10\"><span class=\"bumpedFont15\">E<\/span><\/span><span class=\"s10\"><span class=\"bumpedFont15\">sta persona <\/span><\/span><span class=\"s10\"><span class=\"bumpedFont15\">fue <\/span><\/span><span class=\"s10\"><span class=\"bumpedFont15\">encontrada responsable d<\/span><\/span><span class=\"s10\"><span class=\"bumpedFont15\">el <\/span><\/span><span class=\"s10\"><span class=\"bumpedFont15\">delito de <\/span><\/span><span class=\"s10\"><span class=\"bumpedFont15\">acceso carnal abusivo con menor de 14 a\u00f1os agravado. \u00a0Ambos condenados est\u00e1n privados de la libertad desde febrero de 2023.<\/span><\/span><\/p>\n<p class=\"s6\">La decisi\u00f3n de primera instancia fue apelada por la defensa de los procesados.<\/p>\n<p class=\"s6\">\n<p class=\"s6\"><span class=\"s11\"><span class=\"bumpedFont17\">LFML\/JA\/<\/span><\/span><span class=\"s11\"><span class=\"bumpedFont17\">LMFO\/<\/span><\/span><span class=\"s11\"><span class=\"bumpedFont17\">MAGA\/<\/span><\/span><span class=\"s11\"><span class=\"bumpedFont17\">DSM<\/span><\/span><\/p>\n<p>&nbsp;<\/p>\n<p>&nbsp;<\/p>\n<p>&nbsp;<\/p>\n<p><em>La informaci\u00f3n contenida en este bolet\u00edn de prensa corresponde a la narraci\u00f3n de los hechos noticiosos objetivos, suministrados por los funcionarios encargados de adelantar las investigaciones penales al interior de la Fiscal\u00eda General de la Naci\u00f3n. Para el momento de la divulgaci\u00f3n de este comunicado, la situaci\u00f3n jur\u00eddica de la(s) persona(s) relacionada(s) se encuentra pendiente de resolver por la autoridad judicial competente, siempre bajo los preceptos de la presunci\u00f3n de inocencia, consagrados en el art\u00edculo 29 de la Constituci\u00f3n Pol\u00edtica y el art\u00edculo 7\u00ba de la Ley 906 de 2004.<\/em><\/p>\n\n<div class=\"twitter-share\"><a href=\"https:\/\/twitter.com\/intent\/tweet?via=fiscaliacol\" class=\"twitter-share-button\">Tweet<\/a><\/div>\n","protected":false},"excerpt":{"rendered":"<p>\u2022 La Fiscal\u00eda comprob\u00f3 que la madre amarraba de pies y manos a la v\u00edctima, y le vendaba los ojos para que no reconociera a sus abusadores. \u2022 El padrastro [&hellip;]<\/p>\n","protected":false},"author":178,"featured_media":0,"comment_status":"closed","ping_status":"open","sticky":false,"template":"","format":"standard","meta":{"tdm_status":"","tdm_grid_status":"","footnotes":""},"categories":[1,24127],"tags":[],"class_list":["post-299919","post","type-post","status-publish","format-standard","category-noticias","category-violencia-sexual-e-intrafamiliar"],"yoast_head":"<!-- This site is optimized with the Yoast SEO plugin v24.3 - https:\/\/yoast.com\/wordpress\/plugins\/seo\/ -->\n<title>Fiscal\u00eda General de la Naci\u00f3n<\/title>\n<meta name=\"description\" content=\"P\u00e1gina oficial de la Fiscal\u00eda General de la Naci\u00f3n \u2013 Colombia. Garantizamos el acceso efectivo a la justicia, la verdad y la reparaci\u00f3n de las v\u00edctimas de los delitos.\" \/>\n<meta name=\"robots\" content=\"noindex, follow\" \/>\n<meta property=\"og:locale\" content=\"es_ES\" \/>\n<meta property=\"og:type\" content=\"article\" \/>\n<meta property=\"og:title\" content=\"Fiscal\u00eda General de la Naci\u00f3n\" \/>\n<meta property=\"og:description\" content=\"P\u00e1gina oficial de la Fiscal\u00eda General de la Naci\u00f3n \u2013 Colombia. Garantizamos el acceso efectivo a la justicia, la verdad y la reparaci\u00f3n de las v\u00edctimas de los delitos.\" \/>\n<meta property=\"og:url\" content=\"https:\/\/www.fiscalia.gov.co\/colombia\/noticias\/fiscalia-logra-condena-a-mas-de-25-anos-de-prision-para-una-mujer-que-durante-5-anos-permitio-continuas-agresiones-sexuales-contra-su-hija-de-8-anos\/\" \/>\n<meta property=\"og:site_name\" content=\"Fiscal\u00eda General de la Naci\u00f3n\" \/>\n<meta property=\"article:publisher\" content=\"https:\/\/www.facebook.com\/FiscaliaCol\" \/>\n<meta property=\"article:published_time\" content=\"2024-08-10T14:10:55+00:00\" \/>\n<meta name=\"author\" content=\"Winnie Geraldine Rodr\u00edguez Navarrete\" \/>\n<meta name=\"twitter:card\" content=\"summary_large_image\" \/>\n<meta name=\"twitter:creator\" content=\"@FiscaliaCol\" \/>\n<meta name=\"twitter:site\" content=\"@FiscaliaCol\" \/>\n<meta name=\"twitter:label1\" content=\"Escrito por\" \/>\n\t<meta name=\"twitter:data1\" content=\"Winnie Geraldine Rodr\u00edguez Navarrete\" \/>\n\t<meta name=\"twitter:label2\" content=\"Tiempo de lectura\" \/>\n\t<meta name=\"twitter:data2\" content=\"3 minutos\" \/>\n<script type=\"application\/ld+json\" class=\"yoast-schema-graph\">{\"@context\":\"https:\/\/schema.org\",\"@graph\":[{\"@type\":\"Article\",\"@id\":\"https:\/\/www.fiscalia.gov.co\/colombia\/noticias\/fiscalia-logra-condena-a-mas-de-25-anos-de-prision-para-una-mujer-que-durante-5-anos-permitio-continuas-agresiones-sexuales-contra-su-hija-de-8-anos\/#article\",\"isPartOf\":{\"@id\":\"https:\/\/www.fiscalia.gov.co\/colombia\/noticias\/fiscalia-logra-condena-a-mas-de-25-anos-de-prision-para-una-mujer-que-durante-5-anos-permitio-continuas-agresiones-sexuales-contra-su-hija-de-8-anos\/\"},\"author\":{\"name\":\"Winnie Geraldine Rodr\u00edguez Navarrete\",\"@id\":\"https:\/\/www.fiscalia.gov.co\/colombia\/#\/schema\/person\/176195b99ebab0a52aafa15197e1bf80\"},\"headline\":\"Fiscal\u00eda logra condena a m\u00e1s de 25 a\u00f1os de prisi\u00f3n para una mujer que durante 5 a\u00f1os permiti\u00f3 continuas agresiones sexuales contra su hija de 8 a\u00f1os\",\"datePublished\":\"2024-08-10T14:10:55+00:00\",\"dateModified\":\"2024-08-10T14:10:55+00:00\",\"mainEntityOfPage\":{\"@id\":\"https:\/\/www.fiscalia.gov.co\/colombia\/noticias\/fiscalia-logra-condena-a-mas-de-25-anos-de-prision-para-una-mujer-que-durante-5-anos-permitio-continuas-agresiones-sexuales-contra-su-hija-de-8-anos\/\"},\"wordCount\":510,\"publisher\":{\"@id\":\"https:\/\/www.fiscalia.gov.co\/colombia\/#organization\"},\"articleSection\":[\"Noticias\",\"Violencia sexual e intrafamiliar\"],\"inLanguage\":\"es-CO\"},{\"@type\":\"WebPage\",\"@id\":\"https:\/\/www.fiscalia.gov.co\/colombia\/noticias\/fiscalia-logra-condena-a-mas-de-25-anos-de-prision-para-una-mujer-que-durante-5-anos-permitio-continuas-agresiones-sexuales-contra-su-hija-de-8-anos\/\",\"url\":\"https:\/\/www.fiscalia.gov.co\/colombia\/noticias\/fiscalia-logra-condena-a-mas-de-25-anos-de-prision-para-una-mujer-que-durante-5-anos-permitio-continuas-agresiones-sexuales-contra-su-hija-de-8-anos\/\",\"name\":\"Fiscal\u00eda General de la Naci\u00f3n\",\"isPartOf\":{\"@id\":\"https:\/\/www.fiscalia.gov.co\/colombia\/#website\"},\"datePublished\":\"2024-08-10T14:10:55+00:00\",\"dateModified\":\"2024-08-10T14:10:55+00:00\",\"description\":\"P\u00e1gina oficial de la Fiscal\u00eda General de la Naci\u00f3n \u2013 Colombia. Garantizamos el acceso efectivo a la justicia, la verdad y la reparaci\u00f3n de las v\u00edctimas de los delitos.\",\"breadcrumb\":{\"@id\":\"https:\/\/www.fiscalia.gov.co\/colombia\/noticias\/fiscalia-logra-condena-a-mas-de-25-anos-de-prision-para-una-mujer-que-durante-5-anos-permitio-continuas-agresiones-sexuales-contra-su-hija-de-8-anos\/#breadcrumb\"},\"inLanguage\":\"es-CO\",\"potentialAction\":[{\"@type\":\"ReadAction\",\"target\":[\"https:\/\/www.fiscalia.gov.co\/colombia\/noticias\/fiscalia-logra-condena-a-mas-de-25-anos-de-prision-para-una-mujer-que-durante-5-anos-permitio-continuas-agresiones-sexuales-contra-su-hija-de-8-anos\/\"]}]},{\"@type\":\"BreadcrumbList\",\"@id\":\"https:\/\/www.fiscalia.gov.co\/colombia\/noticias\/fiscalia-logra-condena-a-mas-de-25-anos-de-prision-para-una-mujer-que-durante-5-anos-permitio-continuas-agresiones-sexuales-contra-su-hija-de-8-anos\/#breadcrumb\",\"itemListElement\":[{\"@type\":\"ListItem\",\"position\":1,\"name\":\"Home\",\"item\":\"https:\/\/www.fiscalia.gov.co\/colombia\/\"},{\"@type\":\"ListItem\",\"position\":2,\"name\":\"Fiscal\u00eda logra condena a m\u00e1s de 25 a\u00f1os de prisi\u00f3n para una mujer que durante 5 a\u00f1os permiti\u00f3 continuas agresiones sexuales contra su hija de 8 a\u00f1os\"}]},{\"@type\":\"WebSite\",\"@id\":\"https:\/\/www.fiscalia.gov.co\/colombia\/#website\",\"url\":\"https:\/\/www.fiscalia.gov.co\/colombia\/\",\"name\":\"Fiscal\u00eda General de la Naci\u00f3n\",\"description\":\"P\u00e1gina oficial de la Fiscal\u00eda General de la Naci\u00f3n \u2013 Colombia. Garantizamos el acceso efectivo a la justicia, la verdad y la reparaci\u00f3n de las v\u00edctimas de los delitos.\",\"publisher\":{\"@id\":\"https:\/\/www.fiscalia.gov.co\/colombia\/#organization\"},\"potentialAction\":[{\"@type\":\"SearchAction\",\"target\":{\"@type\":\"EntryPoint\",\"urlTemplate\":\"https:\/\/www.fiscalia.gov.co\/colombia\/?s={search_term_string}\"},\"query-input\":{\"@type\":\"PropertyValueSpecification\",\"valueRequired\":true,\"valueName\":\"search_term_string\"}}],\"inLanguage\":\"es-CO\"},{\"@type\":\"Organization\",\"@id\":\"https:\/\/www.fiscalia.gov.co\/colombia\/#organization\",\"name\":\"Fiscal\u00eda General de la Naci\u00f3n\",\"url\":\"https:\/\/www.fiscalia.gov.co\/colombia\/\",\"logo\":{\"@type\":\"ImageObject\",\"inLanguage\":\"es-CO\",\"@id\":\"https:\/\/www.fiscalia.gov.co\/colombia\/#\/schema\/logo\/image\/\",\"url\":\"https:\/\/www.fiscalia.gov.co\/colombia\/wp-content\/uploads\/LogoHorizontal_1.jpg\",\"contentUrl\":\"https:\/\/www.fiscalia.gov.co\/colombia\/wp-content\/uploads\/LogoHorizontal_1.jpg\",\"width\":300,\"height\":90,\"caption\":\"Fiscal\u00eda General de la Naci\u00f3n\"},\"image\":{\"@id\":\"https:\/\/www.fiscalia.gov.co\/colombia\/#\/schema\/logo\/image\/\"},\"sameAs\":[\"https:\/\/www.facebook.com\/FiscaliaCol\",\"https:\/\/x.com\/FiscaliaCol\",\"https:\/\/www.instagram.com\/fiscaliacol\",\"https:\/\/www.linkedin.com\/company\/fiscalia-general-de-la-naci-n\/\",\"https:\/\/youtube.com\/@fiscaliageneraldelanacion-4668?si=6nN79nyQICPU5iTh\"]},{\"@type\":\"Person\",\"@id\":\"https:\/\/www.fiscalia.gov.co\/colombia\/#\/schema\/person\/176195b99ebab0a52aafa15197e1bf80\",\"name\":\"Winnie Geraldine Rodr\u00edguez Navarrete\",\"image\":{\"@type\":\"ImageObject\",\"inLanguage\":\"es-CO\",\"@id\":\"https:\/\/www.fiscalia.gov.co\/colombia\/#\/schema\/person\/image\/\",\"url\":\"https:\/\/secure.gravatar.com\/avatar\/c24cf8481dc84fa5e8c7b20bc95ab0c6?s=96&d=mm&r=g\",\"contentUrl\":\"https:\/\/secure.gravatar.com\/avatar\/c24cf8481dc84fa5e8c7b20bc95ab0c6?s=96&d=mm&r=g\",\"caption\":\"Winnie Geraldine Rodr\u00edguez Navarrete\"},\"url\":\"https:\/\/www.fiscalia.gov.co\/colombia\/author\/winnierodriguez\/\"}]}<\/script>\n<!-- \/ Yoast SEO plugin. -->","yoast_head_json":{"title":"Fiscal\u00eda General de la Naci\u00f3n","description":"P\u00e1gina oficial de la Fiscal\u00eda General de la Naci\u00f3n \u2013 Colombia. Garantizamos el acceso efectivo a la justicia, la verdad y la reparaci\u00f3n de las v\u00edctimas de los delitos.","robots":{"index":"noindex","follow":"follow"},"og_locale":"es_ES","og_type":"article","og_title":"Fiscal\u00eda General de la Naci\u00f3n","og_description":"P\u00e1gina oficial de la Fiscal\u00eda General de la Naci\u00f3n \u2013 Colombia. Garantizamos el acceso efectivo a la justicia, la verdad y la reparaci\u00f3n de las v\u00edctimas de los delitos.","og_url":"https:\/\/www.fiscalia.gov.co\/colombia\/noticias\/fiscalia-logra-condena-a-mas-de-25-anos-de-prision-para-una-mujer-que-durante-5-anos-permitio-continuas-agresiones-sexuales-contra-su-hija-de-8-anos\/","og_site_name":"Fiscal\u00eda General de la Naci\u00f3n","article_publisher":"https:\/\/www.facebook.com\/FiscaliaCol","article_published_time":"2024-08-10T14:10:55+00:00","author":"Winnie Geraldine Rodr\u00edguez Navarrete","twitter_card":"summary_large_image","twitter_creator":"@FiscaliaCol","twitter_site":"@FiscaliaCol","twitter_misc":{"Escrito por":"Winnie Geraldine Rodr\u00edguez Navarrete","Tiempo de lectura":"3 minutos"},"schema":{"@context":"https:\/\/schema.org","@graph":[{"@type":"Article","@id":"https:\/\/www.fiscalia.gov.co\/colombia\/noticias\/fiscalia-logra-condena-a-mas-de-25-anos-de-prision-para-una-mujer-que-durante-5-anos-permitio-continuas-agresiones-sexuales-contra-su-hija-de-8-anos\/#article","isPartOf":{"@id":"https:\/\/www.fiscalia.gov.co\/colombia\/noticias\/fiscalia-logra-condena-a-mas-de-25-anos-de-prision-para-una-mujer-que-durante-5-anos-permitio-continuas-agresiones-sexuales-contra-su-hija-de-8-anos\/"},"author":{"name":"Winnie Geraldine Rodr\u00edguez Navarrete","@id":"https:\/\/www.fiscalia.gov.co\/colombia\/#\/schema\/person\/176195b99ebab0a52aafa15197e1bf80"},"headline":"Fiscal\u00eda logra condena a m\u00e1s de 25 a\u00f1os de prisi\u00f3n para una mujer que durante 5 a\u00f1os permiti\u00f3 continuas agresiones sexuales contra su hija de 8 a\u00f1os","datePublished":"2024-08-10T14:10:55+00:00","dateModified":"2024-08-10T14:10:55+00:00","mainEntityOfPage":{"@id":"https:\/\/www.fiscalia.gov.co\/colombia\/noticias\/fiscalia-logra-condena-a-mas-de-25-anos-de-prision-para-una-mujer-que-durante-5-anos-permitio-continuas-agresiones-sexuales-contra-su-hija-de-8-anos\/"},"wordCount":510,"publisher":{"@id":"https:\/\/www.fiscalia.gov.co\/colombia\/#organization"},"articleSection":["Noticias","Violencia sexual e intrafamiliar"],"inLanguage":"es-CO"},{"@type":"WebPage","@id":"https:\/\/www.fiscalia.gov.co\/colombia\/noticias\/fiscalia-logra-condena-a-mas-de-25-anos-de-prision-para-una-mujer-que-durante-5-anos-permitio-continuas-agresiones-sexuales-contra-su-hija-de-8-anos\/","url":"https:\/\/www.fiscalia.gov.co\/colombia\/noticias\/fiscalia-logra-condena-a-mas-de-25-anos-de-prision-para-una-mujer-que-durante-5-anos-permitio-continuas-agresiones-sexuales-contra-su-hija-de-8-anos\/","name":"Fiscal\u00eda General de la Naci\u00f3n","isPartOf":{"@id":"https:\/\/www.fiscalia.gov.co\/colombia\/#website"},"datePublished":"2024-08-10T14:10:55+00:00","dateModified":"2024-08-10T14:10:55+00:00","description":"P\u00e1gina oficial de la Fiscal\u00eda General de la Naci\u00f3n \u2013 Colombia. Garantizamos el acceso efectivo a la justicia, la verdad y la reparaci\u00f3n de las v\u00edctimas de los delitos.","breadcrumb":{"@id":"https:\/\/www.fiscalia.gov.co\/colombia\/noticias\/fiscalia-logra-condena-a-mas-de-25-anos-de-prision-para-una-mujer-que-durante-5-anos-permitio-continuas-agresiones-sexuales-contra-su-hija-de-8-anos\/#breadcrumb"},"inLanguage":"es-CO","potentialAction":[{"@type":"ReadAction","target":["https:\/\/www.fiscalia.gov.co\/colombia\/noticias\/fiscalia-logra-condena-a-mas-de-25-anos-de-prision-para-una-mujer-que-durante-5-anos-permitio-continuas-agresiones-sexuales-contra-su-hija-de-8-anos\/"]}]},{"@type":"BreadcrumbList","@id":"https:\/\/www.fiscalia.gov.co\/colombia\/noticias\/fiscalia-logra-condena-a-mas-de-25-anos-de-prision-para-una-mujer-que-durante-5-anos-permitio-continuas-agresiones-sexuales-contra-su-hija-de-8-anos\/#breadcrumb","itemListElement":[{"@type":"ListItem","position":1,"name":"Home","item":"https:\/\/www.fiscalia.gov.co\/colombia\/"},{"@type":"ListItem","position":2,"name":"Fiscal\u00eda logra condena a m\u00e1s de 25 a\u00f1os de prisi\u00f3n para una mujer que durante 5 a\u00f1os permiti\u00f3 continuas agresiones sexuales contra su hija de 8 a\u00f1os"}]},{"@type":"WebSite","@id":"https:\/\/www.fiscalia.gov.co\/colombia\/#website","url":"https:\/\/www.fiscalia.gov.co\/colombia\/","name":"Fiscal\u00eda General de la Naci\u00f3n","description":"P\u00e1gina oficial de la Fiscal\u00eda General de la Naci\u00f3n \u2013 Colombia. Garantizamos el acceso efectivo a la justicia, la verdad y la reparaci\u00f3n de las v\u00edctimas de los delitos.","publisher":{"@id":"https:\/\/www.fiscalia.gov.co\/colombia\/#organization"},"potentialAction":[{"@type":"SearchAction","target":{"@type":"EntryPoint","urlTemplate":"https:\/\/www.fiscalia.gov.co\/colombia\/?s={search_term_string}"},"query-input":{"@type":"PropertyValueSpecification","valueRequired":true,"valueName":"search_term_string"}}],"inLanguage":"es-CO"},{"@type":"Organization","@id":"https:\/\/www.fiscalia.gov.co\/colombia\/#organization","name":"Fiscal\u00eda General de la Naci\u00f3n","url":"https:\/\/www.fiscalia.gov.co\/colombia\/","logo":{"@type":"ImageObject","inLanguage":"es-CO","@id":"https:\/\/www.fiscalia.gov.co\/colombia\/#\/schema\/logo\/image\/","url":"https:\/\/www.fiscalia.gov.co\/colombia\/wp-content\/uploads\/LogoHorizontal_1.jpg","contentUrl":"https:\/\/www.fiscalia.gov.co\/colombia\/wp-content\/uploads\/LogoHorizontal_1.jpg","width":300,"height":90,"caption":"Fiscal\u00eda General de la Naci\u00f3n"},"image":{"@id":"https:\/\/www.fiscalia.gov.co\/colombia\/#\/schema\/logo\/image\/"},"sameAs":["https:\/\/www.facebook.com\/FiscaliaCol","https:\/\/x.com\/FiscaliaCol","https:\/\/www.instagram.com\/fiscaliacol","https:\/\/www.linkedin.com\/company\/fiscalia-general-de-la-naci-n\/","https:\/\/youtube.com\/@fiscaliageneraldelanacion-4668?si=6nN79nyQICPU5iTh"]},{"@type":"Person","@id":"https:\/\/www.fiscalia.gov.co\/colombia\/#\/schema\/person\/176195b99ebab0a52aafa15197e1bf80","name":"Winnie Geraldine Rodr\u00edguez Navarrete","image":{"@type":"ImageObject","inLanguage":"es-CO","@id":"https:\/\/www.fiscalia.gov.co\/colombia\/#\/schema\/person\/image\/","url":"https:\/\/secure.gravatar.com\/avatar\/c24cf8481dc84fa5e8c7b20bc95ab0c6?s=96&d=mm&r=g","contentUrl":"https:\/\/secure.gravatar.com\/avatar\/c24cf8481dc84fa5e8c7b20bc95ab0c6?s=96&d=mm&r=g","caption":"Winnie Geraldine Rodr\u00edguez Navarrete"},"url":"https:\/\/www.fiscalia.gov.co\/colombia\/author\/winnierodriguez\/"}]}},"_links":{"self":[{"href":"https:\/\/www.fiscalia.gov.co\/colombia\/wp-json\/wp\/v2\/posts\/299919","targetHints":{"allow":["GET"]}}],"collection":[{"href":"https:\/\/www.fiscalia.gov.co\/colombia\/wp-json\/wp\/v2\/posts"}],"about":[{"href":"https:\/\/www.fiscalia.gov.co\/colombia\/wp-json\/wp\/v2\/types\/post"}],"author":[{"embeddable":true,"href":"https:\/\/www.fiscalia.gov.co\/colombia\/wp-json\/wp\/v2\/users\/178"}],"replies":[{"embeddable":true,"href":"https:\/\/www.fiscalia.gov.co\/colombia\/wp-json\/wp\/v2\/comments?post=299919"}],"version-history":[{"count":1,"href":"https:\/\/www.fiscalia.gov.co\/colombia\/wp-json\/wp\/v2\/posts\/299919\/revisions"}],"predecessor-version":[{"id":299920,"href":"https:\/\/www.fiscalia.gov.co\/colombia\/wp-json\/wp\/v2\/posts\/299919\/revisions\/299920"}],"wp:attachment":[{"href":"https:\/\/www.fiscalia.gov.co\/colombia\/wp-json\/wp\/v2\/media?parent=299919"}],"wp:term":[{"taxonomy":"category","embeddable":true,"href":"https:\/\/www.fiscalia.gov.co\/colombia\/wp-json\/wp\/v2\/categories?post=299919"},{"taxonomy":"post_tag","embeddable":true,"href":"https:\/\/www.fiscalia.gov.co\/colombia\/wp-json\/wp\/v2\/tags?post=299919"}],"curies":[{"name":"wp","href":"https:\/\/api.w.org\/{rel}","templated":true}]}}