{"id":299893,"date":"2024-08-09T15:01:35","date_gmt":"2024-08-09T20:01:35","guid":{"rendered":"https:\/\/www.fiscalia.gov.co\/colombia\/?p=299893"},"modified":"2024-08-09T15:06:11","modified_gmt":"2024-08-09T20:06:11","slug":"ofensiva-contra-la-extorsion-deja-a-cinco-personas-judicializadas-en-cartagena","status":"publish","type":"post","link":"https:\/\/www.fiscalia.gov.co\/colombia\/noticias\/ofensiva-contra-la-extorsion-deja-a-cinco-personas-judicializadas-en-cartagena\/","title":{"rendered":"Ofensiva contra la extorsi\u00f3n deja a cinco personas judicializadas en Cartagena"},"content":{"rendered":"<p>Una fiscal Gaula de la Seccional Bol\u00edvar judicializ\u00f3, en procesos diferentes a cinco hombres, presuntamente responsables del delito de tentativa de extorsi\u00f3n agravada en el que resultaron v\u00edctimas varios comerciantes en Cartagena.<\/p>\n<p>Las medidas afectaron a Wilfredo G\u00f3mez Franco, alias Tata, Roberto Carlos Burgos Moreno, Eduardo Estrada Gamero, Kevin Michel P\u00e9rez Medina y Jhon Jes\u00fas Mart\u00ednez Llenera, quienes no aceptaron los cargos imputados por el ente acusador.<\/p>\n<figure id=\"attachment_299894\" aria-describedby=\"caption-attachment-299894\" style=\"width: 351px\" class=\"wp-caption aligncenter\"><img loading=\"lazy\" decoding=\"async\" class=\" wp-image-299894\" src=\"https:\/\/www.fiscalia.gov.co\/colombia\/wp-content\/uploads\/Foto-1-boletin-9-de-agosto-tentativa-de-extorsion-300x219.jpeg\" alt=\"En la fotograf\u00eda un hombre moreno, de pie, de estatura baja, con los brazos adelantes esposados, vestido con una camiseta negra, bermuda gris, tenis negros, custodiado por dos uniformados de la Polic\u00eda Nacional.\" width=\"351\" height=\"256\" srcset=\"https:\/\/www.fiscalia.gov.co\/colombia\/wp-content\/uploads\/Foto-1-boletin-9-de-agosto-tentativa-de-extorsion-300x219.jpeg 300w, https:\/\/www.fiscalia.gov.co\/colombia\/wp-content\/uploads\/Foto-1-boletin-9-de-agosto-tentativa-de-extorsion-1024x749.jpeg 1024w, https:\/\/www.fiscalia.gov.co\/colombia\/wp-content\/uploads\/Foto-1-boletin-9-de-agosto-tentativa-de-extorsion-768x562.jpeg 768w, https:\/\/www.fiscalia.gov.co\/colombia\/wp-content\/uploads\/Foto-1-boletin-9-de-agosto-tentativa-de-extorsion-574x420.jpeg 574w, https:\/\/www.fiscalia.gov.co\/colombia\/wp-content\/uploads\/Foto-1-boletin-9-de-agosto-tentativa-de-extorsion-696x509.jpeg 696w, https:\/\/www.fiscalia.gov.co\/colombia\/wp-content\/uploads\/Foto-1-boletin-9-de-agosto-tentativa-de-extorsion-1068x781.jpeg 1068w, https:\/\/www.fiscalia.gov.co\/colombia\/wp-content\/uploads\/Foto-1-boletin-9-de-agosto-tentativa-de-extorsion-324x235.jpeg 324w, https:\/\/www.fiscalia.gov.co\/colombia\/wp-content\/uploads\/Foto-1-boletin-9-de-agosto-tentativa-de-extorsion.jpeg 1490w\" sizes=\"auto, (max-width: 351px) 100vw, 351px\" \/><figcaption id=\"caption-attachment-299894\" class=\"wp-caption-text\">Wilfredo G\u00f3mez Franco judicializado.<\/figcaption><\/figure>\n<p>De acuerdo con la investigaci\u00f3n, los procesados simulando ser integrantes de grupos delincuenciales, al parecer, vendr\u00edan exigi\u00e9ndoles al gremio de empresarios, sumas que oscilan entre $1.500.000 y $3.000.000 a cambio de no atentar contra sus vidas, las de sus familiares y de prestarles seguridad en sus negocios.<\/p>\n<p><em><strong>Le\u00a0<\/strong><\/em><em><strong>puede<\/strong><\/em><em><strong>\u00a0interesar: <\/strong><\/em><a href=\"https:\/\/www.fiscalia.gov.co\/colombia\/noticias\/judicializado-presunto-responsable-de-tentativa-de-extorsion-y-amenazas-de-muerte-a-mujeres-trans-en-cali\/\" data-saferedirecturl=\"https:\/\/www.google.com\/url?q=https:\/\/www.fiscalia.gov.co\/colombia\/noticias\/judicializado-presunto-responsable-de-tentativa-de-extorsion-y-amenazas-de-muerte-a-mujeres-trans-en-cali\/&amp;source=gmail&amp;ust=1723319020980000&amp;usg=AOvVaw1Q0EUvgnOsLMjqWhbEkWYg\">Judicializado presunto responsable de tentativa de extorsi\u00f3n y amenazas de muerte a mujeres trans en Cali<\/a><\/p>\n<p>Entre las v\u00edctimas se encuentran un extranjero que maneja un establecimiento p\u00fablico en el barrio Villa Sandra, el propietario de un local en el sector de Paseo Bol\u00edvar y el due\u00f1o de un almac\u00e9n en La Esperanza.<\/p>\n<figure id=\"attachment_299895\" aria-describedby=\"caption-attachment-299895\" style=\"width: 382px\" class=\"wp-caption aligncenter\"><img loading=\"lazy\" decoding=\"async\" class=\" wp-image-299895\" src=\"https:\/\/www.fiscalia.gov.co\/colombia\/wp-content\/uploads\/foto-2-boletin-9-de-agosto-tentativa-de-extorsion--300x168.jpeg\" alt=\"En la imagen est\u00e1n los medios cuerpos de dos hombres morenos, uno de cabellos negro con camiseta naranja y el otro de cabello crespo pintado de amarillo, con camisilla blanca y brazos cruzados. Se encuentran sentados al interior de una oficina asistiendo virtualmente a la audiencia en la que se le proces\u00f3.\" width=\"382\" height=\"214\" srcset=\"https:\/\/www.fiscalia.gov.co\/colombia\/wp-content\/uploads\/foto-2-boletin-9-de-agosto-tentativa-de-extorsion--300x168.jpeg 300w, https:\/\/www.fiscalia.gov.co\/colombia\/wp-content\/uploads\/foto-2-boletin-9-de-agosto-tentativa-de-extorsion--1024x574.jpeg 1024w, https:\/\/www.fiscalia.gov.co\/colombia\/wp-content\/uploads\/foto-2-boletin-9-de-agosto-tentativa-de-extorsion--768x431.jpeg 768w, https:\/\/www.fiscalia.gov.co\/colombia\/wp-content\/uploads\/foto-2-boletin-9-de-agosto-tentativa-de-extorsion--1536x861.jpeg 1536w, https:\/\/www.fiscalia.gov.co\/colombia\/wp-content\/uploads\/foto-2-boletin-9-de-agosto-tentativa-de-extorsion--749x420.jpeg 749w, https:\/\/www.fiscalia.gov.co\/colombia\/wp-content\/uploads\/foto-2-boletin-9-de-agosto-tentativa-de-extorsion--696x390.jpeg 696w, https:\/\/www.fiscalia.gov.co\/colombia\/wp-content\/uploads\/foto-2-boletin-9-de-agosto-tentativa-de-extorsion--1068x599.jpeg 1068w, https:\/\/www.fiscalia.gov.co\/colombia\/wp-content\/uploads\/foto-2-boletin-9-de-agosto-tentativa-de-extorsion-.jpeg 1600w\" sizes=\"auto, (max-width: 382px) 100vw, 382px\" \/><figcaption id=\"caption-attachment-299895\" class=\"wp-caption-text\">Roberto Carlos Burgos Moreno y Eduardo Estrada Guerrero, judicializados.<\/figcaption><\/figure>\n<p>Los hoy implicados fueron capturados en flagrancia entre el 30 de julio y 2 de agosto por la Polic\u00eda Nacional cuando al parecer recib\u00edan de sus v\u00edctimas los dineros exigidos.<\/p>\n<p style=\"font-weight: 400;\"><em><strong>Lea tambi\u00e9n<\/strong><\/em>:\u00a0<a href=\"https:\/\/www.fiscalia.gov.co\/colombia\/noticias\/a-la-carcel-presunto-integrante-de-los-espartanos-que-estaria-involucrado-en-extorsiones-en-buenaventura\/\" data-saferedirecturl=\"https:\/\/www.google.com\/url?q=https:\/\/www.fiscalia.gov.co\/colombia\/noticias\/a-la-carcel-presunto-integrante-de-los-espartanos-que-estaria-involucrado-en-extorsiones-en-buenaventura\/&amp;source=gmail&amp;ust=1723319020980000&amp;usg=AOvVaw0S7h0zbJMvNemfOGHp2tue\">A la c\u00e1rcel presunto integrante de \u2018Los Espartanos\u2019 que estar\u00eda involucrado en extorsiones en Buenaventura<\/a><\/p>\n<figure id=\"attachment_299896\" aria-describedby=\"caption-attachment-299896\" style=\"width: 361px\" class=\"wp-caption aligncenter\"><img loading=\"lazy\" decoding=\"async\" class=\" wp-image-299896\" src=\"https:\/\/www.fiscalia.gov.co\/colombia\/wp-content\/uploads\/Foto-3-boletin-9-de-agosto-tentativa-de-extorsion--300x182.jpeg\" alt=\"En la foto est\u00e1n los medios cuerpos de dos hombres morenos, uno vestido con camiseta azul y el otro con camiseta roja. Se encuentran sentados al interior de una oficina asistiendo virtualmente a la audiencia en la que se le proces\u00f3. \" width=\"361\" height=\"219\" srcset=\"https:\/\/www.fiscalia.gov.co\/colombia\/wp-content\/uploads\/Foto-3-boletin-9-de-agosto-tentativa-de-extorsion--300x182.jpeg 300w, https:\/\/www.fiscalia.gov.co\/colombia\/wp-content\/uploads\/Foto-3-boletin-9-de-agosto-tentativa-de-extorsion-.jpeg 625w\" sizes=\"auto, (max-width: 361px) 100vw, 361px\" \/><figcaption id=\"caption-attachment-299896\" class=\"wp-caption-text\">Kevin Michel P\u00e9rez Medina y Jhon Jes\u00fas Mart\u00ednez Llenera, judicializados.<\/figcaption><\/figure>\n<p>Jueces de control de garant\u00edas dispusieron en las audiencias preliminares que Burgos Moreno y P\u00e9rez Medina, cumplan las medidas de aseguramiento en centros carcelarios. Entre tanto, G\u00f3mez Franco y Estrada Gamero lo har\u00e1n en su lugar de domicilio, mientras que Mart\u00ednez Llenera continuar\u00e1 su proceso en libertad.<\/p>\n<p style=\"font-weight: 400;\">MEVA\/LMFO\/LYBT\/YC\/EGM\/DSB<\/p>\n<p>&nbsp;<\/p>\n<p>&nbsp;<\/p>\n<p>&nbsp;<\/p>\n<p style=\"font-weight: 400;\"><em>La informaci\u00f3n contenida en este bolet\u00edn de prensa corresponde a la narraci\u00f3n de los hechos noticiosos objetivos, suministrados por los funcionarios encargados de adelantar las investigaciones penales al interior de la Fiscal\u00eda General de la Naci\u00f3n. Para el momento de la divulgaci\u00f3n de este comunicado, la situaci\u00f3n jur\u00eddica de la(s) persona(s) relacionada(s) se encuentra pendiente de resolver por la autoridad judicial competente, siempre bajo los preceptos de la presunci\u00f3n de inocencia, consagrados en el art\u00edculo 29 de la Constituci\u00f3n Pol\u00edtica y el art\u00edculo 7\u00ba de la Ley 906 de 2004.<\/em><\/p>\n<p style=\"font-weight: 400;\">\n\n<div class=\"twitter-share\"><a href=\"https:\/\/twitter.com\/intent\/tweet?via=fiscaliacol\" class=\"twitter-share-button\">Tweet<\/a><\/div>\n","protected":false},"excerpt":{"rendered":"<p>Una fiscal Gaula de la Seccional Bol\u00edvar judicializ\u00f3, en procesos diferentes a cinco hombres, presuntamente responsables del delito de tentativa de extorsi\u00f3n agravada en el que resultaron v\u00edctimas varios comerciantes en Cartagena. Las medidas afectaron a Wilfredo G\u00f3mez Franco, alias Tata, Roberto Carlos Burgos Moreno, Eduardo Estrada Gamero, Kevin Michel P\u00e9rez Medina y Jhon Jes\u00fas [&hellip;]<\/p>\n","protected":false},"author":178,"featured_media":0,"comment_status":"closed","ping_status":"open","sticky":false,"template":"","format":"standard","meta":{"tdm_status":"","tdm_grid_status":"","footnotes":""},"categories":[1,325,303,24099],"tags":[3119,14550,23819,23998,654,38373,33540,24345,24187,1047,30552,558,3268],"class_list":{"0":"post-299893","1":"post","2":"type-post","3":"status-publish","4":"format-standard","6":"category-noticias","7":"category-seccional-cartagena","8":"category-seccionales","9":"category-seguridad-territorial","10":"tag-amenazas","11":"tag-carcel","12":"tag-cartagena","13":"tag-cartagena-bolivar","14":"tag-comerciantes","15":"tag-economicas","16":"tag-exigencias","17":"tag-extranjero","18":"tag-fiscalia-colombia","19":"tag-fiscalia-general-de-la-nacion","20":"tag-local","21":"tag-policia-nacional","22":"tag-tentativa-de-extorsion"},"yoast_head":"<!-- This site is optimized with the Yoast SEO plugin v24.3 - https:\/\/yoast.com\/wordpress\/plugins\/seo\/ -->\n<title>Fiscal\u00eda General de la Naci\u00f3n<\/title>\n<meta name=\"description\" content=\"P\u00e1gina oficial de la Fiscal\u00eda General de la Naci\u00f3n \u2013 Colombia. Garantizamos el acceso efectivo a la justicia, la verdad y la reparaci\u00f3n de las v\u00edctimas de los delitos.\" \/>\n<meta name=\"robots\" content=\"noindex, follow\" \/>\n<meta property=\"og:locale\" content=\"es_ES\" \/>\n<meta property=\"og:type\" content=\"article\" \/>\n<meta property=\"og:title\" content=\"Fiscal\u00eda General de la Naci\u00f3n\" \/>\n<meta property=\"og:description\" content=\"P\u00e1gina oficial de la Fiscal\u00eda General de la Naci\u00f3n \u2013 Colombia. Garantizamos el acceso efectivo a la justicia, la verdad y la reparaci\u00f3n de las v\u00edctimas de los delitos.\" \/>\n<meta property=\"og:url\" content=\"https:\/\/www.fiscalia.gov.co\/colombia\/noticias\/ofensiva-contra-la-extorsion-deja-a-cinco-personas-judicializadas-en-cartagena\/\" \/>\n<meta property=\"og:site_name\" content=\"Fiscal\u00eda General de la Naci\u00f3n\" \/>\n<meta property=\"article:publisher\" content=\"https:\/\/www.facebook.com\/FiscaliaCol\" \/>\n<meta property=\"article:published_time\" content=\"2024-08-09T20:01:35+00:00\" \/>\n<meta property=\"article:modified_time\" content=\"2024-08-09T20:06:11+00:00\" \/>\n<meta property=\"og:image\" content=\"https:\/\/www.fiscalia.gov.co\/colombia\/wp-content\/uploads\/Foto-1-boletin-9-de-agosto-tentativa-de-extorsion-300x219.jpeg\" \/>\n<meta name=\"author\" content=\"Winnie Geraldine Rodr\u00edguez Navarrete\" \/>\n<meta name=\"twitter:card\" content=\"summary_large_image\" \/>\n<meta name=\"twitter:creator\" content=\"@FiscaliaCol\" \/>\n<meta name=\"twitter:site\" content=\"@FiscaliaCol\" \/>\n<meta name=\"twitter:label1\" content=\"Escrito por\" \/>\n\t<meta name=\"twitter:data1\" content=\"Winnie Geraldine Rodr\u00edguez Navarrete\" \/>\n\t<meta name=\"twitter:label2\" content=\"Tiempo de lectura\" \/>\n\t<meta name=\"twitter:data2\" content=\"3 minutos\" \/>\n<script type=\"application\/ld+json\" class=\"yoast-schema-graph\">{\"@context\":\"https:\/\/schema.org\",\"@graph\":[{\"@type\":\"Article\",\"@id\":\"https:\/\/www.fiscalia.gov.co\/colombia\/noticias\/ofensiva-contra-la-extorsion-deja-a-cinco-personas-judicializadas-en-cartagena\/#article\",\"isPartOf\":{\"@id\":\"https:\/\/www.fiscalia.gov.co\/colombia\/noticias\/ofensiva-contra-la-extorsion-deja-a-cinco-personas-judicializadas-en-cartagena\/\"},\"author\":{\"name\":\"Winnie Geraldine Rodr\u00edguez Navarrete\",\"@id\":\"https:\/\/www.fiscalia.gov.co\/colombia\/#\/schema\/person\/176195b99ebab0a52aafa15197e1bf80\"},\"headline\":\"Ofensiva contra la extorsi\u00f3n deja a cinco personas judicializadas en Cartagena\",\"datePublished\":\"2024-08-09T20:01:35+00:00\",\"dateModified\":\"2024-08-09T20:06:11+00:00\",\"mainEntityOfPage\":{\"@id\":\"https:\/\/www.fiscalia.gov.co\/colombia\/noticias\/ofensiva-contra-la-extorsion-deja-a-cinco-personas-judicializadas-en-cartagena\/\"},\"wordCount\":458,\"publisher\":{\"@id\":\"https:\/\/www.fiscalia.gov.co\/colombia\/#organization\"},\"image\":{\"@id\":\"https:\/\/www.fiscalia.gov.co\/colombia\/noticias\/ofensiva-contra-la-extorsion-deja-a-cinco-personas-judicializadas-en-cartagena\/#primaryimage\"},\"thumbnailUrl\":\"https:\/\/www.fiscalia.gov.co\/colombia\/wp-content\/uploads\/Foto-1-boletin-9-de-agosto-tentativa-de-extorsion-300x219.jpeg\",\"keywords\":[\"Amenazas\",\"C\u00e1rcel\",\"Cartagena\",\"Cartagena (Bol\u00edvar)\",\"Comerciantes\",\"econ\u00f3micas\",\"exigencias\",\"extranjero\",\"Fiscal\u00eda Colombia\",\"Fiscal\u00eda General de la Naci\u00f3n\",\"local\",\"Polic\u00eda Nacional\",\"Tentativa de extorsi\u00f3n\"],\"articleSection\":[\"Noticias\",\"Seccional Cartagena\",\"Seccionales\",\"Seguridad territorial\"],\"inLanguage\":\"es-CO\"},{\"@type\":\"WebPage\",\"@id\":\"https:\/\/www.fiscalia.gov.co\/colombia\/noticias\/ofensiva-contra-la-extorsion-deja-a-cinco-personas-judicializadas-en-cartagena\/\",\"url\":\"https:\/\/www.fiscalia.gov.co\/colombia\/noticias\/ofensiva-contra-la-extorsion-deja-a-cinco-personas-judicializadas-en-cartagena\/\",\"name\":\"Fiscal\u00eda General de la Naci\u00f3n\",\"isPartOf\":{\"@id\":\"https:\/\/www.fiscalia.gov.co\/colombia\/#website\"},\"primaryImageOfPage\":{\"@id\":\"https:\/\/www.fiscalia.gov.co\/colombia\/noticias\/ofensiva-contra-la-extorsion-deja-a-cinco-personas-judicializadas-en-cartagena\/#primaryimage\"},\"image\":{\"@id\":\"https:\/\/www.fiscalia.gov.co\/colombia\/noticias\/ofensiva-contra-la-extorsion-deja-a-cinco-personas-judicializadas-en-cartagena\/#primaryimage\"},\"thumbnailUrl\":\"https:\/\/www.fiscalia.gov.co\/colombia\/wp-content\/uploads\/Foto-1-boletin-9-de-agosto-tentativa-de-extorsion-300x219.jpeg\",\"datePublished\":\"2024-08-09T20:01:35+00:00\",\"dateModified\":\"2024-08-09T20:06:11+00:00\",\"description\":\"P\u00e1gina oficial de la Fiscal\u00eda General de la Naci\u00f3n \u2013 Colombia. Garantizamos el acceso efectivo a la justicia, la verdad y la reparaci\u00f3n de las v\u00edctimas de los delitos.\",\"breadcrumb\":{\"@id\":\"https:\/\/www.fiscalia.gov.co\/colombia\/noticias\/ofensiva-contra-la-extorsion-deja-a-cinco-personas-judicializadas-en-cartagena\/#breadcrumb\"},\"inLanguage\":\"es-CO\",\"potentialAction\":[{\"@type\":\"ReadAction\",\"target\":[\"https:\/\/www.fiscalia.gov.co\/colombia\/noticias\/ofensiva-contra-la-extorsion-deja-a-cinco-personas-judicializadas-en-cartagena\/\"]}]},{\"@type\":\"ImageObject\",\"inLanguage\":\"es-CO\",\"@id\":\"https:\/\/www.fiscalia.gov.co\/colombia\/noticias\/ofensiva-contra-la-extorsion-deja-a-cinco-personas-judicializadas-en-cartagena\/#primaryimage\",\"url\":\"https:\/\/www.fiscalia.gov.co\/colombia\/wp-content\/uploads\/Foto-1-boletin-9-de-agosto-tentativa-de-extorsion.jpeg\",\"contentUrl\":\"https:\/\/www.fiscalia.gov.co\/colombia\/wp-content\/uploads\/Foto-1-boletin-9-de-agosto-tentativa-de-extorsion.jpeg\",\"width\":1490,\"height\":1090,\"caption\":\"Wilfredo G\u00f3mez Franco judicializado.\"},{\"@type\":\"BreadcrumbList\",\"@id\":\"https:\/\/www.fiscalia.gov.co\/colombia\/noticias\/ofensiva-contra-la-extorsion-deja-a-cinco-personas-judicializadas-en-cartagena\/#breadcrumb\",\"itemListElement\":[{\"@type\":\"ListItem\",\"position\":1,\"name\":\"Home\",\"item\":\"https:\/\/www.fiscalia.gov.co\/colombia\/\"},{\"@type\":\"ListItem\",\"position\":2,\"name\":\"Ofensiva contra la extorsi\u00f3n deja a cinco personas judicializadas en Cartagena\"}]},{\"@type\":\"WebSite\",\"@id\":\"https:\/\/www.fiscalia.gov.co\/colombia\/#website\",\"url\":\"https:\/\/www.fiscalia.gov.co\/colombia\/\",\"name\":\"Fiscal\u00eda General de la Naci\u00f3n\",\"description\":\"P\u00e1gina oficial de la Fiscal\u00eda General de la Naci\u00f3n \u2013 Colombia. Garantizamos el acceso efectivo a la justicia, la verdad y la reparaci\u00f3n de las v\u00edctimas de los delitos.\",\"publisher\":{\"@id\":\"https:\/\/www.fiscalia.gov.co\/colombia\/#organization\"},\"potentialAction\":[{\"@type\":\"SearchAction\",\"target\":{\"@type\":\"EntryPoint\",\"urlTemplate\":\"https:\/\/www.fiscalia.gov.co\/colombia\/?s={search_term_string}\"},\"query-input\":{\"@type\":\"PropertyValueSpecification\",\"valueRequired\":true,\"valueName\":\"search_term_string\"}}],\"inLanguage\":\"es-CO\"},{\"@type\":\"Organization\",\"@id\":\"https:\/\/www.fiscalia.gov.co\/colombia\/#organization\",\"name\":\"Fiscal\u00eda General de la Naci\u00f3n\",\"url\":\"https:\/\/www.fiscalia.gov.co\/colombia\/\",\"logo\":{\"@type\":\"ImageObject\",\"inLanguage\":\"es-CO\",\"@id\":\"https:\/\/www.fiscalia.gov.co\/colombia\/#\/schema\/logo\/image\/\",\"url\":\"https:\/\/www.fiscalia.gov.co\/colombia\/wp-content\/uploads\/LogoHorizontal_1.jpg\",\"contentUrl\":\"https:\/\/www.fiscalia.gov.co\/colombia\/wp-content\/uploads\/LogoHorizontal_1.jpg\",\"width\":300,\"height\":90,\"caption\":\"Fiscal\u00eda General de la Naci\u00f3n\"},\"image\":{\"@id\":\"https:\/\/www.fiscalia.gov.co\/colombia\/#\/schema\/logo\/image\/\"},\"sameAs\":[\"https:\/\/www.facebook.com\/FiscaliaCol\",\"https:\/\/x.com\/FiscaliaCol\",\"https:\/\/www.instagram.com\/fiscaliacol\",\"https:\/\/www.linkedin.com\/company\/fiscalia-general-de-la-naci-n\/\",\"https:\/\/youtube.com\/@fiscaliageneraldelanacion-4668?si=6nN79nyQICPU5iTh\"]},{\"@type\":\"Person\",\"@id\":\"https:\/\/www.fiscalia.gov.co\/colombia\/#\/schema\/person\/176195b99ebab0a52aafa15197e1bf80\",\"name\":\"Winnie Geraldine Rodr\u00edguez Navarrete\",\"image\":{\"@type\":\"ImageObject\",\"inLanguage\":\"es-CO\",\"@id\":\"https:\/\/www.fiscalia.gov.co\/colombia\/#\/schema\/person\/image\/\",\"url\":\"https:\/\/secure.gravatar.com\/avatar\/c24cf8481dc84fa5e8c7b20bc95ab0c6?s=96&d=mm&r=g\",\"contentUrl\":\"https:\/\/secure.gravatar.com\/avatar\/c24cf8481dc84fa5e8c7b20bc95ab0c6?s=96&d=mm&r=g\",\"caption\":\"Winnie Geraldine Rodr\u00edguez Navarrete\"},\"url\":\"https:\/\/www.fiscalia.gov.co\/colombia\/author\/winnierodriguez\/\"}]}<\/script>\n<!-- \/ Yoast SEO plugin. -->","yoast_head_json":{"title":"Fiscal\u00eda General de la Naci\u00f3n","description":"P\u00e1gina oficial de la Fiscal\u00eda General de la Naci\u00f3n \u2013 Colombia. Garantizamos el acceso efectivo a la justicia, la verdad y la reparaci\u00f3n de las v\u00edctimas de los delitos.","robots":{"index":"noindex","follow":"follow"},"og_locale":"es_ES","og_type":"article","og_title":"Fiscal\u00eda General de la Naci\u00f3n","og_description":"P\u00e1gina oficial de la Fiscal\u00eda General de la Naci\u00f3n \u2013 Colombia. Garantizamos el acceso efectivo a la justicia, la verdad y la reparaci\u00f3n de las v\u00edctimas de los delitos.","og_url":"https:\/\/www.fiscalia.gov.co\/colombia\/noticias\/ofensiva-contra-la-extorsion-deja-a-cinco-personas-judicializadas-en-cartagena\/","og_site_name":"Fiscal\u00eda General de la Naci\u00f3n","article_publisher":"https:\/\/www.facebook.com\/FiscaliaCol","article_published_time":"2024-08-09T20:01:35+00:00","article_modified_time":"2024-08-09T20:06:11+00:00","og_image":[{"url":"https:\/\/www.fiscalia.gov.co\/colombia\/wp-content\/uploads\/Foto-1-boletin-9-de-agosto-tentativa-de-extorsion-300x219.jpeg","type":"","width":"","height":""}],"author":"Winnie Geraldine Rodr\u00edguez Navarrete","twitter_card":"summary_large_image","twitter_creator":"@FiscaliaCol","twitter_site":"@FiscaliaCol","twitter_misc":{"Escrito por":"Winnie Geraldine Rodr\u00edguez Navarrete","Tiempo de lectura":"3 minutos"},"schema":{"@context":"https:\/\/schema.org","@graph":[{"@type":"Article","@id":"https:\/\/www.fiscalia.gov.co\/colombia\/noticias\/ofensiva-contra-la-extorsion-deja-a-cinco-personas-judicializadas-en-cartagena\/#article","isPartOf":{"@id":"https:\/\/www.fiscalia.gov.co\/colombia\/noticias\/ofensiva-contra-la-extorsion-deja-a-cinco-personas-judicializadas-en-cartagena\/"},"author":{"name":"Winnie Geraldine Rodr\u00edguez Navarrete","@id":"https:\/\/www.fiscalia.gov.co\/colombia\/#\/schema\/person\/176195b99ebab0a52aafa15197e1bf80"},"headline":"Ofensiva contra la extorsi\u00f3n deja a cinco personas judicializadas en Cartagena","datePublished":"2024-08-09T20:01:35+00:00","dateModified":"2024-08-09T20:06:11+00:00","mainEntityOfPage":{"@id":"https:\/\/www.fiscalia.gov.co\/colombia\/noticias\/ofensiva-contra-la-extorsion-deja-a-cinco-personas-judicializadas-en-cartagena\/"},"wordCount":458,"publisher":{"@id":"https:\/\/www.fiscalia.gov.co\/colombia\/#organization"},"image":{"@id":"https:\/\/www.fiscalia.gov.co\/colombia\/noticias\/ofensiva-contra-la-extorsion-deja-a-cinco-personas-judicializadas-en-cartagena\/#primaryimage"},"thumbnailUrl":"https:\/\/www.fiscalia.gov.co\/colombia\/wp-content\/uploads\/Foto-1-boletin-9-de-agosto-tentativa-de-extorsion-300x219.jpeg","keywords":["Amenazas","C\u00e1rcel","Cartagena","Cartagena (Bol\u00edvar)","Comerciantes","econ\u00f3micas","exigencias","extranjero","Fiscal\u00eda Colombia","Fiscal\u00eda General de la Naci\u00f3n","local","Polic\u00eda Nacional","Tentativa de extorsi\u00f3n"],"articleSection":["Noticias","Seccional Cartagena","Seccionales","Seguridad territorial"],"inLanguage":"es-CO"},{"@type":"WebPage","@id":"https:\/\/www.fiscalia.gov.co\/colombia\/noticias\/ofensiva-contra-la-extorsion-deja-a-cinco-personas-judicializadas-en-cartagena\/","url":"https:\/\/www.fiscalia.gov.co\/colombia\/noticias\/ofensiva-contra-la-extorsion-deja-a-cinco-personas-judicializadas-en-cartagena\/","name":"Fiscal\u00eda General de la Naci\u00f3n","isPartOf":{"@id":"https:\/\/www.fiscalia.gov.co\/colombia\/#website"},"primaryImageOfPage":{"@id":"https:\/\/www.fiscalia.gov.co\/colombia\/noticias\/ofensiva-contra-la-extorsion-deja-a-cinco-personas-judicializadas-en-cartagena\/#primaryimage"},"image":{"@id":"https:\/\/www.fiscalia.gov.co\/colombia\/noticias\/ofensiva-contra-la-extorsion-deja-a-cinco-personas-judicializadas-en-cartagena\/#primaryimage"},"thumbnailUrl":"https:\/\/www.fiscalia.gov.co\/colombia\/wp-content\/uploads\/Foto-1-boletin-9-de-agosto-tentativa-de-extorsion-300x219.jpeg","datePublished":"2024-08-09T20:01:35+00:00","dateModified":"2024-08-09T20:06:11+00:00","description":"P\u00e1gina oficial de la Fiscal\u00eda General de la Naci\u00f3n \u2013 Colombia. Garantizamos el acceso efectivo a la justicia, la verdad y la reparaci\u00f3n de las v\u00edctimas de los delitos.","breadcrumb":{"@id":"https:\/\/www.fiscalia.gov.co\/colombia\/noticias\/ofensiva-contra-la-extorsion-deja-a-cinco-personas-judicializadas-en-cartagena\/#breadcrumb"},"inLanguage":"es-CO","potentialAction":[{"@type":"ReadAction","target":["https:\/\/www.fiscalia.gov.co\/colombia\/noticias\/ofensiva-contra-la-extorsion-deja-a-cinco-personas-judicializadas-en-cartagena\/"]}]},{"@type":"ImageObject","inLanguage":"es-CO","@id":"https:\/\/www.fiscalia.gov.co\/colombia\/noticias\/ofensiva-contra-la-extorsion-deja-a-cinco-personas-judicializadas-en-cartagena\/#primaryimage","url":"https:\/\/www.fiscalia.gov.co\/colombia\/wp-content\/uploads\/Foto-1-boletin-9-de-agosto-tentativa-de-extorsion.jpeg","contentUrl":"https:\/\/www.fiscalia.gov.co\/colombia\/wp-content\/uploads\/Foto-1-boletin-9-de-agosto-tentativa-de-extorsion.jpeg","width":1490,"height":1090,"caption":"Wilfredo G\u00f3mez Franco judicializado."},{"@type":"BreadcrumbList","@id":"https:\/\/www.fiscalia.gov.co\/colombia\/noticias\/ofensiva-contra-la-extorsion-deja-a-cinco-personas-judicializadas-en-cartagena\/#breadcrumb","itemListElement":[{"@type":"ListItem","position":1,"name":"Home","item":"https:\/\/www.fiscalia.gov.co\/colombia\/"},{"@type":"ListItem","position":2,"name":"Ofensiva contra la extorsi\u00f3n deja a cinco personas judicializadas en Cartagena"}]},{"@type":"WebSite","@id":"https:\/\/www.fiscalia.gov.co\/colombia\/#website","url":"https:\/\/www.fiscalia.gov.co\/colombia\/","name":"Fiscal\u00eda General de la Naci\u00f3n","description":"P\u00e1gina oficial de la Fiscal\u00eda General de la Naci\u00f3n \u2013 Colombia. Garantizamos el acceso efectivo a la justicia, la verdad y la reparaci\u00f3n de las v\u00edctimas de los delitos.","publisher":{"@id":"https:\/\/www.fiscalia.gov.co\/colombia\/#organization"},"potentialAction":[{"@type":"SearchAction","target":{"@type":"EntryPoint","urlTemplate":"https:\/\/www.fiscalia.gov.co\/colombia\/?s={search_term_string}"},"query-input":{"@type":"PropertyValueSpecification","valueRequired":true,"valueName":"search_term_string"}}],"inLanguage":"es-CO"},{"@type":"Organization","@id":"https:\/\/www.fiscalia.gov.co\/colombia\/#organization","name":"Fiscal\u00eda General de la Naci\u00f3n","url":"https:\/\/www.fiscalia.gov.co\/colombia\/","logo":{"@type":"ImageObject","inLanguage":"es-CO","@id":"https:\/\/www.fiscalia.gov.co\/colombia\/#\/schema\/logo\/image\/","url":"https:\/\/www.fiscalia.gov.co\/colombia\/wp-content\/uploads\/LogoHorizontal_1.jpg","contentUrl":"https:\/\/www.fiscalia.gov.co\/colombia\/wp-content\/uploads\/LogoHorizontal_1.jpg","width":300,"height":90,"caption":"Fiscal\u00eda General de la Naci\u00f3n"},"image":{"@id":"https:\/\/www.fiscalia.gov.co\/colombia\/#\/schema\/logo\/image\/"},"sameAs":["https:\/\/www.facebook.com\/FiscaliaCol","https:\/\/x.com\/FiscaliaCol","https:\/\/www.instagram.com\/fiscaliacol","https:\/\/www.linkedin.com\/company\/fiscalia-general-de-la-naci-n\/","https:\/\/youtube.com\/@fiscaliageneraldelanacion-4668?si=6nN79nyQICPU5iTh"]},{"@type":"Person","@id":"https:\/\/www.fiscalia.gov.co\/colombia\/#\/schema\/person\/176195b99ebab0a52aafa15197e1bf80","name":"Winnie Geraldine Rodr\u00edguez Navarrete","image":{"@type":"ImageObject","inLanguage":"es-CO","@id":"https:\/\/www.fiscalia.gov.co\/colombia\/#\/schema\/person\/image\/","url":"https:\/\/secure.gravatar.com\/avatar\/c24cf8481dc84fa5e8c7b20bc95ab0c6?s=96&d=mm&r=g","contentUrl":"https:\/\/secure.gravatar.com\/avatar\/c24cf8481dc84fa5e8c7b20bc95ab0c6?s=96&d=mm&r=g","caption":"Winnie Geraldine Rodr\u00edguez Navarrete"},"url":"https:\/\/www.fiscalia.gov.co\/colombia\/author\/winnierodriguez\/"}]}},"_links":{"self":[{"href":"https:\/\/www.fiscalia.gov.co\/colombia\/wp-json\/wp\/v2\/posts\/299893","targetHints":{"allow":["GET"]}}],"collection":[{"href":"https:\/\/www.fiscalia.gov.co\/colombia\/wp-json\/wp\/v2\/posts"}],"about":[{"href":"https:\/\/www.fiscalia.gov.co\/colombia\/wp-json\/wp\/v2\/types\/post"}],"author":[{"embeddable":true,"href":"https:\/\/www.fiscalia.gov.co\/colombia\/wp-json\/wp\/v2\/users\/178"}],"replies":[{"embeddable":true,"href":"https:\/\/www.fiscalia.gov.co\/colombia\/wp-json\/wp\/v2\/comments?post=299893"}],"version-history":[{"count":3,"href":"https:\/\/www.fiscalia.gov.co\/colombia\/wp-json\/wp\/v2\/posts\/299893\/revisions"}],"predecessor-version":[{"id":299899,"href":"https:\/\/www.fiscalia.gov.co\/colombia\/wp-json\/wp\/v2\/posts\/299893\/revisions\/299899"}],"wp:attachment":[{"href":"https:\/\/www.fiscalia.gov.co\/colombia\/wp-json\/wp\/v2\/media?parent=299893"}],"wp:term":[{"taxonomy":"category","embeddable":true,"href":"https:\/\/www.fiscalia.gov.co\/colombia\/wp-json\/wp\/v2\/categories?post=299893"},{"taxonomy":"post_tag","embeddable":true,"href":"https:\/\/www.fiscalia.gov.co\/colombia\/wp-json\/wp\/v2\/tags?post=299893"}],"curies":[{"name":"wp","href":"https:\/\/api.w.org\/{rel}","templated":true}]}}