{"id":299862,"date":"2024-08-09T07:03:12","date_gmt":"2024-08-09T12:03:12","guid":{"rendered":"https:\/\/www.fiscalia.gov.co\/colombia\/?p=299862"},"modified":"2024-08-09T07:03:12","modified_gmt":"2024-08-09T12:03:12","slug":"fiscalia-ocupo-136-bienes-que-pertenecerian-a-un-presunto-narco-invisible-conocido-como-el-socio","status":"publish","type":"post","link":"https:\/\/www.fiscalia.gov.co\/colombia\/extincion-de-dominio\/fiscalia-ocupo-136-bienes-que-pertenecerian-a-un-presunto-narco-invisible-conocido-como-el-socio\/","title":{"rendered":"Fiscal\u00eda ocup\u00f3 136 bienes que pertenecer\u00edan a un presunto narco invisible conocido como \u2018El Socio\u2019"},"content":{"rendered":"<ul>\n<li class=\"s8\">\n<h4 style=\"text-align: left;\"><em><strong><span class=\"s7\"><span class=\"bumpedFont15\">Los bienes <\/span><\/span><span class=\"s7\"><span class=\"bumpedFont15\">est\u00e1n ubicados en <\/span><\/span><span class=\"s7\"><span class=\"bumpedFont15\">Bogot\u00e1<\/span><\/span><span class=\"s7\"><span class=\"bumpedFont15\">, <\/span><\/span><span class=\"s7\"><span class=\"bumpedFont15\">Atl\u00e1ntico, Santander, Cundinamarca, Caldas, Tolima y Nari\u00f1o.<\/span><\/span> <span class=\"s7\"><span class=\"bumpedFont15\">En <\/span><\/span><span class=\"s7\"><span class=\"bumpedFont15\">Barranquilla<\/span><\/span><span class=\"s7\"><span class=\"bumpedFont15\"> fue afectado con medidas cautelares un edificio de 11 pisos<\/span><\/span><span class=\"s7\"><span class=\"bumpedFont15\">.<\/span><\/span><span class=\"s7\"><span class=\"bumpedFont15\"> El valor<\/span><\/span><span class=\"s7\"><span class=\"bumpedFont15\"> total de l<\/span><\/span><span class=\"s7\"><span class=\"bumpedFont15\">as propiedades <\/span><\/span><\/strong><\/em><span class=\"s7\"><span class=\"bumpedFont15\"><em><strong>superar\u00eda los 109.000<\/strong> <strong>millones de pesos.<\/strong><\/em><\/span><\/span><\/h4>\n<\/li>\n<\/ul>\n<h4 class=\"s8\" style=\"text-align: center;\"><span class=\"s6\">\u2022 <\/span><span class=\"s7\"><span class=\"bumpedFont15\">\u2018<em><strong>El Socio\u2019, <\/strong><\/em><\/span><\/span><em><strong><span class=\"s7\"><span class=\"bumpedFont15\">es <\/span><\/span><span class=\"s7\"><span class=\"bumpedFont15\">considerado un narco invisible que habr\u00eda tenido v\u00ednculos con el Clan del Golfo y las Farc<\/span><\/span><span class=\"s7\"><span class=\"bumpedFont15\">-EP<\/span><\/span><span class=\"s7\"><span class=\"bumpedFont15\">. <\/span><\/span><span class=\"s7\"><span class=\"bumpedFont15\">En 2013 fue condenado a 5 a\u00f1os y 11 meses de prisi\u00f3n por los delitos de narcotr\u00e1fico.<\/span><\/span><\/strong><\/em><span class=\"s9\"><span class=\"bumpedFont15\">\u00a0<\/span><\/span><\/h4>\n<p class=\"s11\"><span class=\"s9\"><span class=\"bumpedFont15\">Un fiscal de la Direcci\u00f3n Especializada de Extinci\u00f3n del Derecho de Dominio<\/span><\/span><span class=\"s9\"><span class=\"bumpedFont15\"> ocup\u00f3 <\/span><\/span><span class=\"s9\"><span class=\"bumpedFont15\">136 bienes que habr\u00edan sido adquiridos con dineros producto de actividades de narcotr\u00e1fico<\/span><\/span><span class=\"s9\"><span class=\"bumpedFont15\">, presuntamente desplegadas por <\/span><\/span><span class=\"s9\"><span class=\"bumpedFont15\">Helmann<\/span><\/span><span class=\"s9\"><span class=\"bumpedFont15\"> Yesid Novoa G\u00f3mez, considerado <\/span><\/span><span class=\"s9\"><span class=\"bumpedFont15\">como un <\/span><\/span><span class=\"s9\"><span class=\"bumpedFont15\">narco invisible.<\/span><\/span><\/p>\n<p class=\"s11\"><span class=\"s9\"><span class=\"bumpedFont15\">La investigaci\u00f3n<\/span><\/span><span class=\"s9\"><span class=\"bumpedFont15\">,<\/span><\/span><span class=\"s9\"><span class=\"bumpedFont15\"> adelantada <\/span><\/span><span class=\"s9\"><span class=\"bumpedFont15\">de manera articulada con la <\/span><\/span><span class=\"s9\"><span class=\"bumpedFont15\">Dij\u00edn<\/span><\/span><span class=\"s9\"><span class=\"bumpedFont15\"> de la Polic\u00eda Nacional, evidenci\u00f3 que <\/span><\/span><a name=\"_Hlk173778601\"><\/a><span class=\"s9\"><span class=\"bumpedFont15\">Novoa G\u00f3mez<\/span><\/span><span class=\"s9\"><span class=\"bumpedFont15\">, <\/span><\/span><span class=\"s9\"><span class=\"bumpedFont15\">conocido con el alias de El Socio<\/span><\/span><span class=\"s9\"><span class=\"bumpedFont15\">, habr\u00eda recurrido a <\/span><\/span><span class=\"s9\"><span class=\"bumpedFont15\">familiares<\/span><\/span><span class=\"s9\"><span class=\"bumpedFont15\"> y personas de su confianza para que figuraran como propietarios de <\/span><\/span><span class=\"s9\"><span class=\"bumpedFont15\">varios <\/span><\/span><span class=\"s9\"><span class=\"bumpedFont15\">inmuebles<\/span><\/span><span class=\"s9\"><span class=\"bumpedFont15\"> y a<\/span><\/span><span class=\"s9\"><span class=\"bumpedFont15\">s\u00ed<\/span><\/span><span class=\"s9\"><span class=\"bumpedFont15\"> evadir los controles <\/span><\/span><span class=\"s9\"><span class=\"bumpedFont15\">que sobre los predios pudieran ejercer las <\/span><\/span><span class=\"s9\"><span class=\"bumpedFont15\">autoridades.<\/span><\/span><\/p>\n<p class=\"s11\"><span class=\"s9\"><span class=\"bumpedFont15\">Labores de polic\u00eda judicial determinaron que <\/span><\/span><span class=\"s9\"><span class=\"bumpedFont15\">\u2018<\/span><\/span><span class=\"s9\"><span class=\"bumpedFont15\">El Socio<\/span><\/span><span class=\"s9\"><span class=\"bumpedFont15\">\u2019<\/span><\/span><span class=\"s9\"><span class=\"bumpedFont15\">habr\u00eda <\/span><\/span><span class=\"s9\"><span class=\"bumpedFont15\">recurr<\/span><\/span><span class=\"s9\"><span class=\"bumpedFont15\">i<\/span><\/span><span class=\"s9\"><span class=\"bumpedFont15\">do<\/span><\/span><span class=\"s9\"><span class=\"bumpedFont15\"> a sociedades y empresas fachada para dar apariencia de legalidad <\/span><\/span><span class=\"s9\"><span class=\"bumpedFont15\">al <\/span><\/span><span class=\"s9\"><span class=\"bumpedFont15\">origen de los dineros<\/span><\/span><span class=\"s9\"><span class=\"bumpedFont15\"> con que <\/span><\/span><span class=\"s9\"><span class=\"bumpedFont15\">adquir\u00eda bienes <\/span><\/span><span class=\"s9\"><span class=\"bumpedFont15\">en <\/span><\/span><span class=\"s9\"><span class=\"bumpedFont15\">Barranquilla<\/span><\/span><span class=\"s9\"><span class=\"bumpedFont15\"> (Atl\u00e1ntico)<\/span><\/span><span class=\"s9\"><span class=\"bumpedFont15\">,<\/span><\/span><span class=\"s9\"><span class=\"bumpedFont15\"> Barbosa (Santander), Cajic\u00e1, Fusagasug\u00e1 y Silvania (Cundinamarca), <\/span><\/span><span class=\"s9\"><span class=\"bumpedFont15\">Pale<\/span><\/span><span class=\"s9\"><span class=\"bumpedFont15\">s<\/span><\/span><span class=\"s9\"><span class=\"bumpedFont15\">ti<\/span><\/span><span class=\"s9\"><span class=\"bumpedFont15\">n<\/span><\/span><span class=\"s9\"><span class=\"bumpedFont15\">a (Caldas), Melgar<\/span><\/span><span class=\"s9\"><span class=\"bumpedFont15\"> (Tolima)<\/span><\/span><span class=\"s9\"><span class=\"bumpedFont15\">, <\/span><\/span><span class=\"s9\"><span class=\"bumpedFont15\">Ipiales<\/span><\/span><span class=\"s9\"><span class=\"bumpedFont15\"> (Nari\u00f1o)<\/span><\/span><span class=\"s9\"><span class=\"bumpedFont15\"> y Bogot\u00e1.<\/span><\/span><\/p>\n<p class=\"s11\"><span class=\"s9\"><span class=\"bumpedFont15\">Se trata de <\/span><\/span><span class=\"s9\"><span class=\"bumpedFont15\">92 inmuebles<\/span><\/span><span class=\"s9\"><span class=\"bumpedFont15\">, entre los que se encuentra un edificio <\/span><\/span><span class=\"s9\"><span class=\"bumpedFont15\">de 11 pisos <\/span><\/span><span class=\"s9\"><span class=\"bumpedFont15\">situado<\/span><\/span><span class=\"s9\"><span class=\"bumpedFont15\"> en <\/span><\/span><span class=\"s9\"><span class=\"bumpedFont15\">el <\/span><\/span><span class=\"s9\"><span class=\"bumpedFont15\">centro<\/span><\/span> <span class=\"s9\"><span class=\"bumpedFont15\">de Barranquilla, 2 fincas<\/span><\/span> <span class=\"s9\"><span class=\"bumpedFont15\">localizadas en <\/span><\/span><span class=\"s9\"><span class=\"bumpedFont15\">zonas tur\u00edsticas de Tolima y Caldas<\/span><\/span><span class=\"s9\"><span class=\"bumpedFont15\">, <\/span><\/span><span class=\"s9\"><span class=\"bumpedFont15\">oficinas, garajes, locales, apartamentos, lotes<\/span><\/span><span class=\"s9\"><span class=\"bumpedFont15\"> y <\/span><\/span><span class=\"s9\"><span class=\"bumpedFont15\">casas<\/span><\/span><span class=\"s9\"><span class=\"bumpedFont15\">. Tambi\u00e9n fueron ubicadas <\/span><\/span><span class=\"s9\"><span class=\"bumpedFont15\">2 inmobiliarias<\/span><\/span><span class=\"s9\"><span class=\"bumpedFont15\">, <\/span><\/span><span class=\"s9\"><span class=\"bumpedFont15\">32 t\u00edtulos valores, 9 veh\u00edculos y 3 establecimientos de comercio. El valor preliminar de <\/span><\/span><span class=\"s9\"><span class=\"bumpedFont15\">estos <\/span><\/span><span class=\"s9\"><span class=\"bumpedFont15\">activos <\/span><\/span><span class=\"s9\"><span class=\"bumpedFont15\">superar\u00eda los 109.390 millones de pesos. \u00a0<\/span><\/span><\/p>\n<p class=\"s11\"><span class=\"s9\"><span class=\"bumpedFont15\">Los bienes <\/span><\/span><span class=\"s9\"><span class=\"bumpedFont15\">afectados con medidas cautelares <\/span><\/span><span class=\"s9\"><span class=\"bumpedFont15\">quedar<\/span><\/span><span class=\"s9\"><span class=\"bumpedFont15\">o<\/span><\/span><span class=\"s9\"><span class=\"bumpedFont15\">n a disposici\u00f3n de la Sociedad de Activos Especiales (SAE).<\/span><\/span><\/p>\n<p class=\"s11\"><span class=\"s12\"><span class=\"bumpedFont15\">En contexto<\/span><\/span><\/p>\n<p class=\"s11\"><span class=\"s9\"><span class=\"bumpedFont15\">E<\/span><\/span><span class=\"s9\"><span class=\"bumpedFont15\">n 2013 <\/span><\/span><span class=\"s9\"><span class=\"bumpedFont15\">\u2018El Socio\u2019 fue condenado a <\/span><\/span><span class=\"s9\"><span class=\"bumpedFont15\">5 a\u00f1os y 11 meses de prisi\u00f3n por delitos de narcotr\u00e1fico y concierto para delinquir agravado con fines de narcotr\u00e1fico. <\/span><\/span><span class=\"s9\"><span class=\"bumpedFont15\">Es<\/span><\/span><span class=\"s9\"><span class=\"bumpedFont15\"> considerado un narco <\/span><\/span><span class=\"s9\"><span class=\"bumpedFont15\">invisible que <\/span><\/span><span class=\"s9\"><span class=\"bumpedFont15\">habr\u00eda <\/span><\/span><span class=\"s9\"><span class=\"bumpedFont15\">ten<\/span><\/span><span class=\"s9\"><span class=\"bumpedFont15\">ido <\/span><\/span><span class=\"s9\"><span class=\"bumpedFont15\">v\u00ednculos con el Clan del Golfo y las entonces FARC<\/span><\/span><span class=\"s9\"><span class=\"bumpedFont15\">-EP. Entre las actividades ilegales <\/span><\/span><span class=\"s9\"><span class=\"bumpedFont15\">desarrolladas <\/span><\/span><span class=\"s9\"><span class=\"bumpedFont15\">estar\u00eda el <\/span><\/span><span class=\"s9\"><span class=\"bumpedFont15\">lava<\/span><\/span><span class=\"s9\"><span class=\"bumpedFont15\">do de <\/span><\/span><span class=\"s9\"><span class=\"bumpedFont15\">dinero proveniente de Ecuador y Panam\u00e1.<\/span><\/span><span class=\"s9\"><span class=\"bumpedFont15\"> En la a<\/span><\/span><span class=\"s9\"><span class=\"bumpedFont15\">ctual<\/span><\/span><span class=\"s9\"><span class=\"bumpedFont15\">idad <\/span><\/span><span class=\"s9\"><span class=\"bumpedFont15\">se encuentra en libertad por pena cumplida. <\/span><\/span><\/p>\n<p class=\"s11\"><span class=\"s9\"><span class=\"bumpedFont15\">Esta informaci\u00f3n se publica por razones de int<\/span><\/span><span class=\"s9\"><span class=\"bumpedFont15\">er\u00e9s general.<\/span><\/span><\/p>\n<p class=\"s13\"><span class=\"s9\"><span class=\"bumpedFont15\">MRC\/<\/span><\/span><span class=\"s9\"><span class=\"bumpedFont15\">MAGA\/<\/span><\/span><span class=\"s9\"><span class=\"bumpedFont15\">JICG\/DECEDD\/LTR\/D<\/span><\/span><span class=\"s9\"><span class=\"bumpedFont15\">C<\/span><\/span><span class=\"s9\"><span class=\"bumpedFont15\">F<\/span><\/span><span class=\"s9\"><span class=\"bumpedFont15\">C\/<\/span><\/span><\/p>\n<p>&nbsp;<\/p>\n<div class=\"td-container\">\n<article id=\"post-299844\" class=\"post-299844 post type-post status-publish format-standard category-noticias category-seccional-arauca category-seccionales category-seguridad-territorial tag-arauca-arauca\">\n<div class=\"td-post-content\">\n<p><em>La informaci\u00f3n contenida en este bolet\u00edn de prensa corresponde a la narraci\u00f3n de los hechos noticiosos objetivos, suministrados por los funcionarios encargados de adelantar las investigaciones penales al interior de la Fiscal\u00eda General de la Naci\u00f3n. Para el momento de la divulgaci\u00f3n de este comunicado, la situaci\u00f3n jur\u00eddica de la(s) persona(s) relacionada(s) se encuentra pendiente de resolver por la autoridad judicial competente, siempre bajo los preceptos de la presunci\u00f3n de inocencia, consagrados en el art\u00edculo 29 de la Constituci\u00f3n Pol\u00edtica y el art\u00edculo 7\u00ba de la Ley 906 de 2004.<\/em><\/p>\n<\/div>\n<footer>\n<div class=\"td-post-source-tags\"><\/div>\n<\/footer>\n<\/article>\n<\/div>\n<div class=\"td-mobile-footer-wrap\">\n<div class=\"td-container\">\n<div class=\"td-footer-wrap\"><\/div>\n<\/div>\n<\/div>\n\n<div class=\"twitter-share\"><a href=\"https:\/\/twitter.com\/intent\/tweet?via=fiscaliacol\" class=\"twitter-share-button\">Tweet<\/a><\/div>\n","protected":false},"excerpt":{"rendered":"<p>Los bienes est\u00e1n ubicados en Bogot\u00e1, Atl\u00e1ntico, Santander, Cundinamarca, Caldas, Tolima y Nari\u00f1o. En Barranquilla fue afectado con medidas cautelares un edificio de 11 pisos. El valor total de las propiedades superar\u00eda los 109.000 millones de pesos. \u2022 \u2018El Socio\u2019, es considerado un narco invisible que habr\u00eda tenido v\u00ednculos con el Clan del Golfo y [&hellip;]<\/p>\n","protected":false},"author":178,"featured_media":0,"comment_status":"closed","ping_status":"open","sticky":false,"template":"","format":"standard","meta":{"_price":"","_stock":"","_tribe_ticket_header":"","_tribe_default_ticket_provider":"","_tribe_ticket_capacity":"0","_ticket_start_date":"","_ticket_end_date":"","_tribe_ticket_show_description":"","_tribe_ticket_show_not_going":false,"_tribe_ticket_use_global_stock":"","_tribe_ticket_global_stock_level":"","_global_stock_mode":"","_global_stock_cap":"","_tribe_rsvp_for_event":"","_tribe_ticket_going_count":"","_tribe_ticket_not_going_count":"","_tribe_tickets_list":"[]","_tribe_ticket_has_attendee_info_fields":false,"tdm_status":"","tdm_grid_status":"","footnotes":""},"categories":[24116,1],"tags":[],"class_list":{"0":"post-299862","1":"post","2":"type-post","3":"status-publish","4":"format-standard","6":"category-extincion-de-dominio","7":"category-noticias"},"yoast_head":"<!-- This site is optimized with the Yoast SEO plugin v24.3 - https:\/\/yoast.com\/wordpress\/plugins\/seo\/ -->\n<title>Fiscal\u00eda General de la Naci\u00f3n<\/title>\n<meta name=\"description\" content=\"P\u00e1gina oficial de la Fiscal\u00eda General de la Naci\u00f3n \u2013 Colombia. Garantizamos el acceso efectivo a la justicia, la verdad y la reparaci\u00f3n de las v\u00edctimas de los delitos.\" \/>\n<meta name=\"robots\" content=\"noindex, follow\" \/>\n<meta property=\"og:locale\" content=\"es_ES\" \/>\n<meta property=\"og:type\" content=\"article\" \/>\n<meta property=\"og:title\" content=\"Fiscal\u00eda General de la Naci\u00f3n\" \/>\n<meta property=\"og:description\" content=\"P\u00e1gina oficial de la Fiscal\u00eda General de la Naci\u00f3n \u2013 Colombia. Garantizamos el acceso efectivo a la justicia, la verdad y la reparaci\u00f3n de las v\u00edctimas de los delitos.\" \/>\n<meta property=\"og:url\" content=\"https:\/\/www.fiscalia.gov.co\/colombia\/extincion-de-dominio\/fiscalia-ocupo-136-bienes-que-pertenecerian-a-un-presunto-narco-invisible-conocido-como-el-socio\/\" \/>\n<meta property=\"og:site_name\" content=\"Fiscal\u00eda General de la Naci\u00f3n\" \/>\n<meta property=\"article:publisher\" content=\"https:\/\/www.facebook.com\/FiscaliaCol\" \/>\n<meta property=\"article:published_time\" content=\"2024-08-09T12:03:12+00:00\" \/>\n<meta name=\"author\" content=\"Winnie Geraldine Rodr\u00edguez Navarrete\" \/>\n<meta name=\"twitter:card\" content=\"summary_large_image\" \/>\n<meta name=\"twitter:creator\" content=\"@FiscaliaCol\" \/>\n<meta name=\"twitter:site\" content=\"@FiscaliaCol\" \/>\n<meta name=\"twitter:label1\" content=\"Escrito por\" \/>\n\t<meta name=\"twitter:data1\" content=\"Winnie Geraldine Rodr\u00edguez Navarrete\" \/>\n\t<meta name=\"twitter:label2\" content=\"Tiempo de lectura\" \/>\n\t<meta name=\"twitter:data2\" content=\"3 minutos\" \/>\n<script type=\"application\/ld+json\" class=\"yoast-schema-graph\">{\"@context\":\"https:\/\/schema.org\",\"@graph\":[{\"@type\":\"Article\",\"@id\":\"https:\/\/www.fiscalia.gov.co\/colombia\/extincion-de-dominio\/fiscalia-ocupo-136-bienes-que-pertenecerian-a-un-presunto-narco-invisible-conocido-como-el-socio\/#article\",\"isPartOf\":{\"@id\":\"https:\/\/www.fiscalia.gov.co\/colombia\/extincion-de-dominio\/fiscalia-ocupo-136-bienes-que-pertenecerian-a-un-presunto-narco-invisible-conocido-como-el-socio\/\"},\"author\":{\"name\":\"Winnie Geraldine Rodr\u00edguez Navarrete\",\"@id\":\"https:\/\/www.fiscalia.gov.co\/colombia\/#\/schema\/person\/176195b99ebab0a52aafa15197e1bf80\"},\"headline\":\"Fiscal\u00eda ocup\u00f3 136 bienes que pertenecer\u00edan a un presunto narco invisible conocido como \u2018El Socio\u2019\",\"datePublished\":\"2024-08-09T12:03:12+00:00\",\"dateModified\":\"2024-08-09T12:03:12+00:00\",\"mainEntityOfPage\":{\"@id\":\"https:\/\/www.fiscalia.gov.co\/colombia\/extincion-de-dominio\/fiscalia-ocupo-136-bienes-que-pertenecerian-a-un-presunto-narco-invisible-conocido-como-el-socio\/\"},\"wordCount\":542,\"publisher\":{\"@id\":\"https:\/\/www.fiscalia.gov.co\/colombia\/#organization\"},\"articleSection\":[\"Extinci\u00f3n de dominio\",\"Noticias\"],\"inLanguage\":\"es-CO\"},{\"@type\":\"WebPage\",\"@id\":\"https:\/\/www.fiscalia.gov.co\/colombia\/extincion-de-dominio\/fiscalia-ocupo-136-bienes-que-pertenecerian-a-un-presunto-narco-invisible-conocido-como-el-socio\/\",\"url\":\"https:\/\/www.fiscalia.gov.co\/colombia\/extincion-de-dominio\/fiscalia-ocupo-136-bienes-que-pertenecerian-a-un-presunto-narco-invisible-conocido-como-el-socio\/\",\"name\":\"Fiscal\u00eda General de la Naci\u00f3n\",\"isPartOf\":{\"@id\":\"https:\/\/www.fiscalia.gov.co\/colombia\/#website\"},\"datePublished\":\"2024-08-09T12:03:12+00:00\",\"dateModified\":\"2024-08-09T12:03:12+00:00\",\"description\":\"P\u00e1gina oficial de la Fiscal\u00eda General de la Naci\u00f3n \u2013 Colombia. Garantizamos el acceso efectivo a la justicia, la verdad y la reparaci\u00f3n de las v\u00edctimas de los delitos.\",\"breadcrumb\":{\"@id\":\"https:\/\/www.fiscalia.gov.co\/colombia\/extincion-de-dominio\/fiscalia-ocupo-136-bienes-que-pertenecerian-a-un-presunto-narco-invisible-conocido-como-el-socio\/#breadcrumb\"},\"inLanguage\":\"es-CO\",\"potentialAction\":[{\"@type\":\"ReadAction\",\"target\":[\"https:\/\/www.fiscalia.gov.co\/colombia\/extincion-de-dominio\/fiscalia-ocupo-136-bienes-que-pertenecerian-a-un-presunto-narco-invisible-conocido-como-el-socio\/\"]}]},{\"@type\":\"BreadcrumbList\",\"@id\":\"https:\/\/www.fiscalia.gov.co\/colombia\/extincion-de-dominio\/fiscalia-ocupo-136-bienes-que-pertenecerian-a-un-presunto-narco-invisible-conocido-como-el-socio\/#breadcrumb\",\"itemListElement\":[{\"@type\":\"ListItem\",\"position\":1,\"name\":\"Home\",\"item\":\"https:\/\/www.fiscalia.gov.co\/colombia\/\"},{\"@type\":\"ListItem\",\"position\":2,\"name\":\"Fiscal\u00eda ocup\u00f3 136 bienes que pertenecer\u00edan a un presunto narco invisible conocido como \u2018El Socio\u2019\"}]},{\"@type\":\"WebSite\",\"@id\":\"https:\/\/www.fiscalia.gov.co\/colombia\/#website\",\"url\":\"https:\/\/www.fiscalia.gov.co\/colombia\/\",\"name\":\"Fiscal\u00eda General de la Naci\u00f3n\",\"description\":\"P\u00e1gina oficial de la Fiscal\u00eda General de la Naci\u00f3n \u2013 Colombia. Garantizamos el acceso efectivo a la justicia, la verdad y la reparaci\u00f3n de las v\u00edctimas de los delitos.\",\"publisher\":{\"@id\":\"https:\/\/www.fiscalia.gov.co\/colombia\/#organization\"},\"potentialAction\":[{\"@type\":\"SearchAction\",\"target\":{\"@type\":\"EntryPoint\",\"urlTemplate\":\"https:\/\/www.fiscalia.gov.co\/colombia\/?s={search_term_string}\"},\"query-input\":{\"@type\":\"PropertyValueSpecification\",\"valueRequired\":true,\"valueName\":\"search_term_string\"}}],\"inLanguage\":\"es-CO\"},{\"@type\":\"Organization\",\"@id\":\"https:\/\/www.fiscalia.gov.co\/colombia\/#organization\",\"name\":\"Fiscal\u00eda General de la Naci\u00f3n\",\"url\":\"https:\/\/www.fiscalia.gov.co\/colombia\/\",\"logo\":{\"@type\":\"ImageObject\",\"inLanguage\":\"es-CO\",\"@id\":\"https:\/\/www.fiscalia.gov.co\/colombia\/#\/schema\/logo\/image\/\",\"url\":\"https:\/\/www.fiscalia.gov.co\/colombia\/wp-content\/uploads\/LogoHorizontal_1.jpg\",\"contentUrl\":\"https:\/\/www.fiscalia.gov.co\/colombia\/wp-content\/uploads\/LogoHorizontal_1.jpg\",\"width\":300,\"height\":90,\"caption\":\"Fiscal\u00eda General de la Naci\u00f3n\"},\"image\":{\"@id\":\"https:\/\/www.fiscalia.gov.co\/colombia\/#\/schema\/logo\/image\/\"},\"sameAs\":[\"https:\/\/www.facebook.com\/FiscaliaCol\",\"https:\/\/x.com\/FiscaliaCol\",\"https:\/\/www.instagram.com\/fiscaliacol\",\"https:\/\/www.linkedin.com\/company\/fiscalia-general-de-la-naci-n\/\",\"https:\/\/youtube.com\/@fiscaliageneraldelanacion-4668?si=6nN79nyQICPU5iTh\"]},{\"@type\":\"Person\",\"@id\":\"https:\/\/www.fiscalia.gov.co\/colombia\/#\/schema\/person\/176195b99ebab0a52aafa15197e1bf80\",\"name\":\"Winnie Geraldine Rodr\u00edguez Navarrete\",\"image\":{\"@type\":\"ImageObject\",\"inLanguage\":\"es-CO\",\"@id\":\"https:\/\/www.fiscalia.gov.co\/colombia\/#\/schema\/person\/image\/\",\"url\":\"https:\/\/secure.gravatar.com\/avatar\/c24cf8481dc84fa5e8c7b20bc95ab0c6?s=96&d=mm&r=g\",\"contentUrl\":\"https:\/\/secure.gravatar.com\/avatar\/c24cf8481dc84fa5e8c7b20bc95ab0c6?s=96&d=mm&r=g\",\"caption\":\"Winnie Geraldine Rodr\u00edguez Navarrete\"},\"url\":\"https:\/\/www.fiscalia.gov.co\/colombia\/author\/winnierodriguez\/\"}]}<\/script>\n<!-- \/ Yoast SEO plugin. -->","yoast_head_json":{"title":"Fiscal\u00eda General de la Naci\u00f3n","description":"P\u00e1gina oficial de la Fiscal\u00eda General de la Naci\u00f3n \u2013 Colombia. Garantizamos el acceso efectivo a la justicia, la verdad y la reparaci\u00f3n de las v\u00edctimas de los delitos.","robots":{"index":"noindex","follow":"follow"},"og_locale":"es_ES","og_type":"article","og_title":"Fiscal\u00eda General de la Naci\u00f3n","og_description":"P\u00e1gina oficial de la Fiscal\u00eda General de la Naci\u00f3n \u2013 Colombia. Garantizamos el acceso efectivo a la justicia, la verdad y la reparaci\u00f3n de las v\u00edctimas de los delitos.","og_url":"https:\/\/www.fiscalia.gov.co\/colombia\/extincion-de-dominio\/fiscalia-ocupo-136-bienes-que-pertenecerian-a-un-presunto-narco-invisible-conocido-como-el-socio\/","og_site_name":"Fiscal\u00eda General de la Naci\u00f3n","article_publisher":"https:\/\/www.facebook.com\/FiscaliaCol","article_published_time":"2024-08-09T12:03:12+00:00","author":"Winnie Geraldine Rodr\u00edguez Navarrete","twitter_card":"summary_large_image","twitter_creator":"@FiscaliaCol","twitter_site":"@FiscaliaCol","twitter_misc":{"Escrito por":"Winnie Geraldine Rodr\u00edguez Navarrete","Tiempo de lectura":"3 minutos"},"schema":{"@context":"https:\/\/schema.org","@graph":[{"@type":"Article","@id":"https:\/\/www.fiscalia.gov.co\/colombia\/extincion-de-dominio\/fiscalia-ocupo-136-bienes-que-pertenecerian-a-un-presunto-narco-invisible-conocido-como-el-socio\/#article","isPartOf":{"@id":"https:\/\/www.fiscalia.gov.co\/colombia\/extincion-de-dominio\/fiscalia-ocupo-136-bienes-que-pertenecerian-a-un-presunto-narco-invisible-conocido-como-el-socio\/"},"author":{"name":"Winnie Geraldine Rodr\u00edguez Navarrete","@id":"https:\/\/www.fiscalia.gov.co\/colombia\/#\/schema\/person\/176195b99ebab0a52aafa15197e1bf80"},"headline":"Fiscal\u00eda ocup\u00f3 136 bienes que pertenecer\u00edan a un presunto narco invisible conocido como \u2018El Socio\u2019","datePublished":"2024-08-09T12:03:12+00:00","dateModified":"2024-08-09T12:03:12+00:00","mainEntityOfPage":{"@id":"https:\/\/www.fiscalia.gov.co\/colombia\/extincion-de-dominio\/fiscalia-ocupo-136-bienes-que-pertenecerian-a-un-presunto-narco-invisible-conocido-como-el-socio\/"},"wordCount":542,"publisher":{"@id":"https:\/\/www.fiscalia.gov.co\/colombia\/#organization"},"articleSection":["Extinci\u00f3n de dominio","Noticias"],"inLanguage":"es-CO"},{"@type":"WebPage","@id":"https:\/\/www.fiscalia.gov.co\/colombia\/extincion-de-dominio\/fiscalia-ocupo-136-bienes-que-pertenecerian-a-un-presunto-narco-invisible-conocido-como-el-socio\/","url":"https:\/\/www.fiscalia.gov.co\/colombia\/extincion-de-dominio\/fiscalia-ocupo-136-bienes-que-pertenecerian-a-un-presunto-narco-invisible-conocido-como-el-socio\/","name":"Fiscal\u00eda General de la Naci\u00f3n","isPartOf":{"@id":"https:\/\/www.fiscalia.gov.co\/colombia\/#website"},"datePublished":"2024-08-09T12:03:12+00:00","dateModified":"2024-08-09T12:03:12+00:00","description":"P\u00e1gina oficial de la Fiscal\u00eda General de la Naci\u00f3n \u2013 Colombia. Garantizamos el acceso efectivo a la justicia, la verdad y la reparaci\u00f3n de las v\u00edctimas de los delitos.","breadcrumb":{"@id":"https:\/\/www.fiscalia.gov.co\/colombia\/extincion-de-dominio\/fiscalia-ocupo-136-bienes-que-pertenecerian-a-un-presunto-narco-invisible-conocido-como-el-socio\/#breadcrumb"},"inLanguage":"es-CO","potentialAction":[{"@type":"ReadAction","target":["https:\/\/www.fiscalia.gov.co\/colombia\/extincion-de-dominio\/fiscalia-ocupo-136-bienes-que-pertenecerian-a-un-presunto-narco-invisible-conocido-como-el-socio\/"]}]},{"@type":"BreadcrumbList","@id":"https:\/\/www.fiscalia.gov.co\/colombia\/extincion-de-dominio\/fiscalia-ocupo-136-bienes-que-pertenecerian-a-un-presunto-narco-invisible-conocido-como-el-socio\/#breadcrumb","itemListElement":[{"@type":"ListItem","position":1,"name":"Home","item":"https:\/\/www.fiscalia.gov.co\/colombia\/"},{"@type":"ListItem","position":2,"name":"Fiscal\u00eda ocup\u00f3 136 bienes que pertenecer\u00edan a un presunto narco invisible conocido como \u2018El Socio\u2019"}]},{"@type":"WebSite","@id":"https:\/\/www.fiscalia.gov.co\/colombia\/#website","url":"https:\/\/www.fiscalia.gov.co\/colombia\/","name":"Fiscal\u00eda General de la Naci\u00f3n","description":"P\u00e1gina oficial de la Fiscal\u00eda General de la Naci\u00f3n \u2013 Colombia. Garantizamos el acceso efectivo a la justicia, la verdad y la reparaci\u00f3n de las v\u00edctimas de los delitos.","publisher":{"@id":"https:\/\/www.fiscalia.gov.co\/colombia\/#organization"},"potentialAction":[{"@type":"SearchAction","target":{"@type":"EntryPoint","urlTemplate":"https:\/\/www.fiscalia.gov.co\/colombia\/?s={search_term_string}"},"query-input":{"@type":"PropertyValueSpecification","valueRequired":true,"valueName":"search_term_string"}}],"inLanguage":"es-CO"},{"@type":"Organization","@id":"https:\/\/www.fiscalia.gov.co\/colombia\/#organization","name":"Fiscal\u00eda General de la Naci\u00f3n","url":"https:\/\/www.fiscalia.gov.co\/colombia\/","logo":{"@type":"ImageObject","inLanguage":"es-CO","@id":"https:\/\/www.fiscalia.gov.co\/colombia\/#\/schema\/logo\/image\/","url":"https:\/\/www.fiscalia.gov.co\/colombia\/wp-content\/uploads\/LogoHorizontal_1.jpg","contentUrl":"https:\/\/www.fiscalia.gov.co\/colombia\/wp-content\/uploads\/LogoHorizontal_1.jpg","width":300,"height":90,"caption":"Fiscal\u00eda General de la Naci\u00f3n"},"image":{"@id":"https:\/\/www.fiscalia.gov.co\/colombia\/#\/schema\/logo\/image\/"},"sameAs":["https:\/\/www.facebook.com\/FiscaliaCol","https:\/\/x.com\/FiscaliaCol","https:\/\/www.instagram.com\/fiscaliacol","https:\/\/www.linkedin.com\/company\/fiscalia-general-de-la-naci-n\/","https:\/\/youtube.com\/@fiscaliageneraldelanacion-4668?si=6nN79nyQICPU5iTh"]},{"@type":"Person","@id":"https:\/\/www.fiscalia.gov.co\/colombia\/#\/schema\/person\/176195b99ebab0a52aafa15197e1bf80","name":"Winnie Geraldine Rodr\u00edguez Navarrete","image":{"@type":"ImageObject","inLanguage":"es-CO","@id":"https:\/\/www.fiscalia.gov.co\/colombia\/#\/schema\/person\/image\/","url":"https:\/\/secure.gravatar.com\/avatar\/c24cf8481dc84fa5e8c7b20bc95ab0c6?s=96&d=mm&r=g","contentUrl":"https:\/\/secure.gravatar.com\/avatar\/c24cf8481dc84fa5e8c7b20bc95ab0c6?s=96&d=mm&r=g","caption":"Winnie Geraldine Rodr\u00edguez Navarrete"},"url":"https:\/\/www.fiscalia.gov.co\/colombia\/author\/winnierodriguez\/"}]}},"_links":{"self":[{"href":"https:\/\/www.fiscalia.gov.co\/colombia\/wp-json\/wp\/v2\/posts\/299862","targetHints":{"allow":["GET"]}}],"collection":[{"href":"https:\/\/www.fiscalia.gov.co\/colombia\/wp-json\/wp\/v2\/posts"}],"about":[{"href":"https:\/\/www.fiscalia.gov.co\/colombia\/wp-json\/wp\/v2\/types\/post"}],"author":[{"embeddable":true,"href":"https:\/\/www.fiscalia.gov.co\/colombia\/wp-json\/wp\/v2\/users\/178"}],"replies":[{"embeddable":true,"href":"https:\/\/www.fiscalia.gov.co\/colombia\/wp-json\/wp\/v2\/comments?post=299862"}],"version-history":[{"count":1,"href":"https:\/\/www.fiscalia.gov.co\/colombia\/wp-json\/wp\/v2\/posts\/299862\/revisions"}],"predecessor-version":[{"id":299863,"href":"https:\/\/www.fiscalia.gov.co\/colombia\/wp-json\/wp\/v2\/posts\/299862\/revisions\/299863"}],"wp:attachment":[{"href":"https:\/\/www.fiscalia.gov.co\/colombia\/wp-json\/wp\/v2\/media?parent=299862"}],"wp:term":[{"taxonomy":"category","embeddable":true,"href":"https:\/\/www.fiscalia.gov.co\/colombia\/wp-json\/wp\/v2\/categories?post=299862"},{"taxonomy":"post_tag","embeddable":true,"href":"https:\/\/www.fiscalia.gov.co\/colombia\/wp-json\/wp\/v2\/tags?post=299862"}],"curies":[{"name":"wp","href":"https:\/\/api.w.org\/{rel}","templated":true}]}}