{"id":299723,"date":"2024-08-06T09:34:38","date_gmt":"2024-08-06T14:34:38","guid":{"rendered":"https:\/\/www.fiscalia.gov.co\/colombia\/?p=299723"},"modified":"2024-08-06T09:34:38","modified_gmt":"2024-08-06T14:34:38","slug":"judicializadas-5-personas-por-trafico-de-estupefacientes-y-porte-ilegal-de-armas-en-valle-del-cauca","status":"publish","type":"post","link":"https:\/\/www.fiscalia.gov.co\/colombia\/noticias\/judicializadas-5-personas-por-trafico-de-estupefacientes-y-porte-ilegal-de-armas-en-valle-del-cauca\/","title":{"rendered":"Judicializadas 5 personas por tr\u00e1fico de estupefacientes y porte ilegal de armas en Valle del Cauca"},"content":{"rendered":"<p dir=\"ltr\">La Fiscal\u00eda General de la Naci\u00f3n judicializ\u00f3 a cinco personas que habr\u00edan sido sorprendidas con sustancias estupefacientes y portando armas de fuego, en hechos distintos, registrados en Restrepo y Trujillo (Valle del Cauca).<\/p>\n<p dir=\"ltr\">En Restrepo, la Fiscal\u00eda imput\u00f3 a H\u00e9ctor Fabio Castrill\u00f3n V\u00e1squez, alias Cholillo; Matilde Garc\u00eda Giraldo; Juli\u00e1n Alberto Ospina Ortiz, alias El Mello; y Jonathan Ortiz Ortiz, quienes fueron capturados en flagrancia, durante tres diligencias de registro y allanamiento, realizadas por la Sij\u00edn de la Polic\u00eda Nacional en los barrios Los Fundadores y Viento Libre.<\/p>\n<figure id=\"attachment_299725\" aria-describedby=\"caption-attachment-299725\" style=\"width: 369px\" class=\"wp-caption aligncenter\"><img loading=\"lazy\" decoding=\"async\" class=\" wp-image-299725\" src=\"https:\/\/www.fiscalia.gov.co\/colombia\/wp-content\/uploads\/Cuatro-presuntos-implicados-en-estupefacientes-y-porte-ilegal-de-armas.-Restrepo-Valle-300x245.jpg\" alt=\"En la fotograf\u00eda se aprecian de pie a los cuatro judicializados por porte ilegal de armas y tr\u00e1fico de sustancias estupefacientes. A sus extremos hay uniformados de la Polic\u00eda y Ej\u00e9rcito. Delante de ellos hay una mesa y sobre ella hay dos armas de fuego, cigarrillos, bolsas pl\u00e1sticas con contenido verdoso y otros elementos. En el piso hay partes de una motocicleta. Detr\u00e1s de ellos hay un pend\u00f3n de la Polic\u00eda Nacional. \" width=\"369\" height=\"301\" srcset=\"https:\/\/www.fiscalia.gov.co\/colombia\/wp-content\/uploads\/Cuatro-presuntos-implicados-en-estupefacientes-y-porte-ilegal-de-armas.-Restrepo-Valle-300x245.jpg 300w, https:\/\/www.fiscalia.gov.co\/colombia\/wp-content\/uploads\/Cuatro-presuntos-implicados-en-estupefacientes-y-porte-ilegal-de-armas.-Restrepo-Valle-1024x838.jpg 1024w, https:\/\/www.fiscalia.gov.co\/colombia\/wp-content\/uploads\/Cuatro-presuntos-implicados-en-estupefacientes-y-porte-ilegal-de-armas.-Restrepo-Valle-768x628.jpg 768w, https:\/\/www.fiscalia.gov.co\/colombia\/wp-content\/uploads\/Cuatro-presuntos-implicados-en-estupefacientes-y-porte-ilegal-de-armas.-Restrepo-Valle-1536x1257.jpg 1536w, https:\/\/www.fiscalia.gov.co\/colombia\/wp-content\/uploads\/Cuatro-presuntos-implicados-en-estupefacientes-y-porte-ilegal-de-armas.-Restrepo-Valle-513x420.jpg 513w, https:\/\/www.fiscalia.gov.co\/colombia\/wp-content\/uploads\/Cuatro-presuntos-implicados-en-estupefacientes-y-porte-ilegal-de-armas.-Restrepo-Valle-696x569.jpg 696w, https:\/\/www.fiscalia.gov.co\/colombia\/wp-content\/uploads\/Cuatro-presuntos-implicados-en-estupefacientes-y-porte-ilegal-de-armas.-Restrepo-Valle-1068x874.jpg 1068w, https:\/\/www.fiscalia.gov.co\/colombia\/wp-content\/uploads\/Cuatro-presuntos-implicados-en-estupefacientes-y-porte-ilegal-de-armas.-Restrepo-Valle.jpg 1584w\" sizes=\"auto, (max-width: 369px) 100vw, 369px\" \/><figcaption id=\"caption-attachment-299725\" class=\"wp-caption-text\">Estas cuatro personas fueron judicializadas como presuntos implicados en tr\u00e1fico de estupefacientes y porte ilegal de armas de fuego, en Restrepo (Valle del Cauca).<\/figcaption><\/figure>\n<p dir=\"ltr\">Las autoridades les habr\u00edan incautado 459 gramos de marihuana y 39,4 gramos de coca\u00edna; as\u00ed como dos armas de fuego, una de ellas traum\u00e1tica, munici\u00f3n, una gramera y una motocicleta reportada como hurtada.<\/p>\n<p dir=\"ltr\">La Fiscal\u00eda les imput\u00f3 los delitos de tr\u00e1fico, fabricaci\u00f3n o porte de estupefacientes; porte ilegal de armas de fuego o munici\u00f3n y receptaci\u00f3n. Cuatro de los hoy imputados deben cumplir la medida de aseguramiento en centro carcelario. Por su parte, Jonathan Ort\u00edz Ort\u00edz quien continuar\u00e1 vinculado al proceso en libertad.<\/p>\n<p dir=\"ltr\">Extranjero portando arma de fuego sin permiso<\/p>\n<p dir=\"ltr\">En zona rural de Trujillo (Valle del Cauca), la Fiscal\u00eda judicializ\u00f3 a Jos\u00e9 Daniel S\u00e1nchez Medina, por su presunta responsabilidad en el porte de una pistola 9 mm, con un proveedor y munici\u00f3n para la misma, sin el permiso de ley correspondiente.<\/p>\n<figure id=\"attachment_299726\" aria-describedby=\"caption-attachment-299726\" style=\"width: 356px\" class=\"wp-caption aligncenter\"><img loading=\"lazy\" decoding=\"async\" class=\" wp-image-299726\" src=\"https:\/\/www.fiscalia.gov.co\/colombia\/wp-content\/uploads\/Jose-Daniel-Sanchez-Medina.-Porte-ilegal-de-armas.-Trujillo-Valle-300x205.jpg\" alt=\"En la fotograf\u00eda se aprecia de pie, con los brazos atr\u00e1s y la cabeza agachada a Jos\u00e9 Daniel S\u00e1nchez Medina. Viste Chaqueta de color gris desabrochada y camiseta de color rojo; jean gris deste\u00f1ido. A sus extremos hay uniformados de la Polic\u00eda Nacional. Delante de ellos hay una mesa con mantel verde y sobre ella hay un arma de fuego, un proveedor y munici\u00f3n. Detr\u00e1s de ellos hay un pend\u00f3n institucional de la Polic\u00eda.\" width=\"356\" height=\"243\" srcset=\"https:\/\/www.fiscalia.gov.co\/colombia\/wp-content\/uploads\/Jose-Daniel-Sanchez-Medina.-Porte-ilegal-de-armas.-Trujillo-Valle-300x205.jpg 300w, https:\/\/www.fiscalia.gov.co\/colombia\/wp-content\/uploads\/Jose-Daniel-Sanchez-Medina.-Porte-ilegal-de-armas.-Trujillo-Valle-1024x699.jpg 1024w, https:\/\/www.fiscalia.gov.co\/colombia\/wp-content\/uploads\/Jose-Daniel-Sanchez-Medina.-Porte-ilegal-de-armas.-Trujillo-Valle-768x524.jpg 768w, https:\/\/www.fiscalia.gov.co\/colombia\/wp-content\/uploads\/Jose-Daniel-Sanchez-Medina.-Porte-ilegal-de-armas.-Trujillo-Valle-1536x1048.jpg 1536w, https:\/\/www.fiscalia.gov.co\/colombia\/wp-content\/uploads\/Jose-Daniel-Sanchez-Medina.-Porte-ilegal-de-armas.-Trujillo-Valle-615x420.jpg 615w, https:\/\/www.fiscalia.gov.co\/colombia\/wp-content\/uploads\/Jose-Daniel-Sanchez-Medina.-Porte-ilegal-de-armas.-Trujillo-Valle-218x150.jpg 218w, https:\/\/www.fiscalia.gov.co\/colombia\/wp-content\/uploads\/Jose-Daniel-Sanchez-Medina.-Porte-ilegal-de-armas.-Trujillo-Valle-696x475.jpg 696w, https:\/\/www.fiscalia.gov.co\/colombia\/wp-content\/uploads\/Jose-Daniel-Sanchez-Medina.-Porte-ilegal-de-armas.-Trujillo-Valle-1068x729.jpg 1068w, https:\/\/www.fiscalia.gov.co\/colombia\/wp-content\/uploads\/Jose-Daniel-Sanchez-Medina.-Porte-ilegal-de-armas.-Trujillo-Valle.jpg 1600w\" sizes=\"auto, (max-width: 356px) 100vw, 356px\" \/><figcaption id=\"caption-attachment-299726\" class=\"wp-caption-text\">Jos\u00e9 Daniel S\u00e1nchez Medina, de ciudadan\u00eda venezolana, al parecer, fue sorprendido con un arma de fuego, un proveedor y munici\u00f3n para la misma sin el permiso de ley correspondiente, en zona rural de Trujillo (Valle del Cauca).<\/figcaption><\/figure>\n<p dir=\"ltr\">S\u00e1nchez Medina fue sorprendido en un puesto de control del Ej\u00e9rcito Nacional, cuando se movilizaba en una motocicleta por el sector de Cerro Azul del corregimiento Alto.<\/p>\n<p dir=\"ltr\">La Fiscal\u00eda le imput\u00f3 cargos a S\u00e1nchez Medina por el delito fabricaci\u00f3n, tr\u00e1fico, porte o tenencia de armas de fuego, accesorios, partes o municiones. Un juez de control de garant\u00edas le impuso medida de aseguramiento en centro carcelario.<\/p>\n<p dir=\"ltr\">\n<p dir=\"ltr\">MAP\/AICR\/DSVC\/LYBT\/<\/p>\n<p dir=\"ltr\">\n<p dir=\"ltr\">\n<p dir=\"ltr\">\n<p dir=\"ltr\"><em>La informaci\u00f3n contenida en este bolet\u00edn de prensa corresponde a la narraci\u00f3n de los hechos noticiosos objetivos, suministrados por los funcionarios encargados de adelantar las investigaciones penales al interior de la Fiscal\u00eda General de la Naci\u00f3n. Para el momento de la divulgaci\u00f3n de este comunicado, la situaci\u00f3n jur\u00eddica de la(s) persona(s) relacionada(s) se encuentra pendiente de resolver por la autoridad judicial competente, siempre bajo los preceptos de la presunci\u00f3n de inocencia, consagrados en el art\u00edculo 29 de la Constituci\u00f3n Pol\u00edtica y el art\u00edculo 7\u00ba de la Ley 906 de 2004.<\/em><\/p>\n\n<div class=\"twitter-share\"><a href=\"https:\/\/twitter.com\/intent\/tweet?via=fiscaliacol\" class=\"twitter-share-button\">Tweet<\/a><\/div>\n","protected":false},"excerpt":{"rendered":"<p>La Fiscal\u00eda General de la Naci\u00f3n judicializ\u00f3 a cinco personas que habr\u00edan sido sorprendidas con sustancias estupefacientes y portando armas de fuego, en hechos distintos, registrados en Restrepo y Trujillo (Valle del Cauca). En Restrepo, la Fiscal\u00eda imput\u00f3 a H\u00e9ctor Fabio Castrill\u00f3n V\u00e1squez, alias Cholillo; Matilde Garc\u00eda Giraldo; Juli\u00e1n Alberto Ospina Ortiz, alias El Mello; [&hellip;]<\/p>\n","protected":false},"author":178,"featured_media":0,"comment_status":"closed","ping_status":"open","sticky":false,"template":"","format":"standard","meta":{"tdm_status":"","tdm_grid_status":"","footnotes":""},"categories":[1,24099],"tags":[1047,38358,155],"class_list":{"0":"post-299723","1":"post","2":"type-post","3":"status-publish","4":"format-standard","6":"category-noticias","7":"category-seguridad-territorial","8":"tag-fiscalia-general-de-la-nacion","9":"tag-restrepo-y-trujillo-valle-del-cauca","10":"tag-trafico-de-estupefacientes"},"yoast_head":"<!-- This site is optimized with the Yoast SEO plugin v24.3 - https:\/\/yoast.com\/wordpress\/plugins\/seo\/ -->\n<title>Fiscal\u00eda General de la Naci\u00f3n<\/title>\n<meta name=\"description\" content=\"P\u00e1gina oficial de la Fiscal\u00eda General de la Naci\u00f3n \u2013 Colombia. Garantizamos el acceso efectivo a la justicia, la verdad y la reparaci\u00f3n de las v\u00edctimas de los delitos.\" \/>\n<meta name=\"robots\" content=\"noindex, follow\" \/>\n<meta property=\"og:locale\" content=\"es_ES\" \/>\n<meta property=\"og:type\" content=\"article\" \/>\n<meta property=\"og:title\" content=\"Fiscal\u00eda General de la Naci\u00f3n\" \/>\n<meta property=\"og:description\" content=\"P\u00e1gina oficial de la Fiscal\u00eda General de la Naci\u00f3n \u2013 Colombia. Garantizamos el acceso efectivo a la justicia, la verdad y la reparaci\u00f3n de las v\u00edctimas de los delitos.\" \/>\n<meta property=\"og:url\" content=\"https:\/\/www.fiscalia.gov.co\/colombia\/noticias\/judicializadas-5-personas-por-trafico-de-estupefacientes-y-porte-ilegal-de-armas-en-valle-del-cauca\/\" \/>\n<meta property=\"og:site_name\" content=\"Fiscal\u00eda General de la Naci\u00f3n\" \/>\n<meta property=\"article:publisher\" content=\"https:\/\/www.facebook.com\/FiscaliaCol\" \/>\n<meta property=\"article:published_time\" content=\"2024-08-06T14:34:38+00:00\" \/>\n<meta property=\"og:image\" content=\"https:\/\/www.fiscalia.gov.co\/colombia\/wp-content\/uploads\/Cuatro-presuntos-implicados-en-estupefacientes-y-porte-ilegal-de-armas.-Restrepo-Valle-300x245.jpg\" \/>\n<meta name=\"author\" content=\"Winnie Geraldine Rodr\u00edguez Navarrete\" \/>\n<meta name=\"twitter:card\" content=\"summary_large_image\" \/>\n<meta name=\"twitter:creator\" content=\"@FiscaliaCol\" \/>\n<meta name=\"twitter:site\" content=\"@FiscaliaCol\" \/>\n<meta name=\"twitter:label1\" content=\"Escrito por\" \/>\n\t<meta name=\"twitter:data1\" content=\"Winnie Geraldine Rodr\u00edguez Navarrete\" \/>\n\t<meta name=\"twitter:label2\" content=\"Tiempo de lectura\" \/>\n\t<meta name=\"twitter:data2\" content=\"3 minutos\" \/>\n<script type=\"application\/ld+json\" class=\"yoast-schema-graph\">{\"@context\":\"https:\/\/schema.org\",\"@graph\":[{\"@type\":\"Article\",\"@id\":\"https:\/\/www.fiscalia.gov.co\/colombia\/noticias\/judicializadas-5-personas-por-trafico-de-estupefacientes-y-porte-ilegal-de-armas-en-valle-del-cauca\/#article\",\"isPartOf\":{\"@id\":\"https:\/\/www.fiscalia.gov.co\/colombia\/noticias\/judicializadas-5-personas-por-trafico-de-estupefacientes-y-porte-ilegal-de-armas-en-valle-del-cauca\/\"},\"author\":{\"name\":\"Winnie Geraldine Rodr\u00edguez Navarrete\",\"@id\":\"https:\/\/www.fiscalia.gov.co\/colombia\/#\/schema\/person\/176195b99ebab0a52aafa15197e1bf80\"},\"headline\":\"Judicializadas 5 personas por tr\u00e1fico de estupefacientes y porte ilegal de armas en Valle del Cauca\",\"datePublished\":\"2024-08-06T14:34:38+00:00\",\"dateModified\":\"2024-08-06T14:34:38+00:00\",\"mainEntityOfPage\":{\"@id\":\"https:\/\/www.fiscalia.gov.co\/colombia\/noticias\/judicializadas-5-personas-por-trafico-de-estupefacientes-y-porte-ilegal-de-armas-en-valle-del-cauca\/\"},\"wordCount\":514,\"publisher\":{\"@id\":\"https:\/\/www.fiscalia.gov.co\/colombia\/#organization\"},\"image\":{\"@id\":\"https:\/\/www.fiscalia.gov.co\/colombia\/noticias\/judicializadas-5-personas-por-trafico-de-estupefacientes-y-porte-ilegal-de-armas-en-valle-del-cauca\/#primaryimage\"},\"thumbnailUrl\":\"https:\/\/www.fiscalia.gov.co\/colombia\/wp-content\/uploads\/Cuatro-presuntos-implicados-en-estupefacientes-y-porte-ilegal-de-armas.-Restrepo-Valle-300x245.jpg\",\"keywords\":[\"Fiscal\u00eda General de la Naci\u00f3n\",\"Restrepo y Trujillo (Valle del Cauca)\",\"Tr\u00e1fico de estupefacientes\"],\"articleSection\":[\"Noticias\",\"Seguridad territorial\"],\"inLanguage\":\"es-CO\"},{\"@type\":\"WebPage\",\"@id\":\"https:\/\/www.fiscalia.gov.co\/colombia\/noticias\/judicializadas-5-personas-por-trafico-de-estupefacientes-y-porte-ilegal-de-armas-en-valle-del-cauca\/\",\"url\":\"https:\/\/www.fiscalia.gov.co\/colombia\/noticias\/judicializadas-5-personas-por-trafico-de-estupefacientes-y-porte-ilegal-de-armas-en-valle-del-cauca\/\",\"name\":\"Fiscal\u00eda General de la Naci\u00f3n\",\"isPartOf\":{\"@id\":\"https:\/\/www.fiscalia.gov.co\/colombia\/#website\"},\"primaryImageOfPage\":{\"@id\":\"https:\/\/www.fiscalia.gov.co\/colombia\/noticias\/judicializadas-5-personas-por-trafico-de-estupefacientes-y-porte-ilegal-de-armas-en-valle-del-cauca\/#primaryimage\"},\"image\":{\"@id\":\"https:\/\/www.fiscalia.gov.co\/colombia\/noticias\/judicializadas-5-personas-por-trafico-de-estupefacientes-y-porte-ilegal-de-armas-en-valle-del-cauca\/#primaryimage\"},\"thumbnailUrl\":\"https:\/\/www.fiscalia.gov.co\/colombia\/wp-content\/uploads\/Cuatro-presuntos-implicados-en-estupefacientes-y-porte-ilegal-de-armas.-Restrepo-Valle-300x245.jpg\",\"datePublished\":\"2024-08-06T14:34:38+00:00\",\"dateModified\":\"2024-08-06T14:34:38+00:00\",\"description\":\"P\u00e1gina oficial de la Fiscal\u00eda General de la Naci\u00f3n \u2013 Colombia. Garantizamos el acceso efectivo a la justicia, la verdad y la reparaci\u00f3n de las v\u00edctimas de los delitos.\",\"breadcrumb\":{\"@id\":\"https:\/\/www.fiscalia.gov.co\/colombia\/noticias\/judicializadas-5-personas-por-trafico-de-estupefacientes-y-porte-ilegal-de-armas-en-valle-del-cauca\/#breadcrumb\"},\"inLanguage\":\"es-CO\",\"potentialAction\":[{\"@type\":\"ReadAction\",\"target\":[\"https:\/\/www.fiscalia.gov.co\/colombia\/noticias\/judicializadas-5-personas-por-trafico-de-estupefacientes-y-porte-ilegal-de-armas-en-valle-del-cauca\/\"]}]},{\"@type\":\"ImageObject\",\"inLanguage\":\"es-CO\",\"@id\":\"https:\/\/www.fiscalia.gov.co\/colombia\/noticias\/judicializadas-5-personas-por-trafico-de-estupefacientes-y-porte-ilegal-de-armas-en-valle-del-cauca\/#primaryimage\",\"url\":\"https:\/\/www.fiscalia.gov.co\/colombia\/wp-content\/uploads\/Cuatro-presuntos-implicados-en-estupefacientes-y-porte-ilegal-de-armas.-Restrepo-Valle.jpg\",\"contentUrl\":\"https:\/\/www.fiscalia.gov.co\/colombia\/wp-content\/uploads\/Cuatro-presuntos-implicados-en-estupefacientes-y-porte-ilegal-de-armas.-Restrepo-Valle.jpg\",\"width\":1584,\"height\":1296,\"caption\":\"Estas cuatro personas fueron judicializadas como presuntos implicados en tr\u00e1fico de estupefacientes y porte ilegal de armas de fuego, en Restrepo (Valle del Cauca).\"},{\"@type\":\"BreadcrumbList\",\"@id\":\"https:\/\/www.fiscalia.gov.co\/colombia\/noticias\/judicializadas-5-personas-por-trafico-de-estupefacientes-y-porte-ilegal-de-armas-en-valle-del-cauca\/#breadcrumb\",\"itemListElement\":[{\"@type\":\"ListItem\",\"position\":1,\"name\":\"Home\",\"item\":\"https:\/\/www.fiscalia.gov.co\/colombia\/\"},{\"@type\":\"ListItem\",\"position\":2,\"name\":\"Judicializadas 5 personas por tr\u00e1fico de estupefacientes y porte ilegal de armas en Valle del Cauca\"}]},{\"@type\":\"WebSite\",\"@id\":\"https:\/\/www.fiscalia.gov.co\/colombia\/#website\",\"url\":\"https:\/\/www.fiscalia.gov.co\/colombia\/\",\"name\":\"Fiscal\u00eda General de la Naci\u00f3n\",\"description\":\"P\u00e1gina oficial de la Fiscal\u00eda General de la Naci\u00f3n \u2013 Colombia. Garantizamos el acceso efectivo a la justicia, la verdad y la reparaci\u00f3n de las v\u00edctimas de los delitos.\",\"publisher\":{\"@id\":\"https:\/\/www.fiscalia.gov.co\/colombia\/#organization\"},\"potentialAction\":[{\"@type\":\"SearchAction\",\"target\":{\"@type\":\"EntryPoint\",\"urlTemplate\":\"https:\/\/www.fiscalia.gov.co\/colombia\/?s={search_term_string}\"},\"query-input\":{\"@type\":\"PropertyValueSpecification\",\"valueRequired\":true,\"valueName\":\"search_term_string\"}}],\"inLanguage\":\"es-CO\"},{\"@type\":\"Organization\",\"@id\":\"https:\/\/www.fiscalia.gov.co\/colombia\/#organization\",\"name\":\"Fiscal\u00eda General de la Naci\u00f3n\",\"url\":\"https:\/\/www.fiscalia.gov.co\/colombia\/\",\"logo\":{\"@type\":\"ImageObject\",\"inLanguage\":\"es-CO\",\"@id\":\"https:\/\/www.fiscalia.gov.co\/colombia\/#\/schema\/logo\/image\/\",\"url\":\"https:\/\/www.fiscalia.gov.co\/colombia\/wp-content\/uploads\/LogoHorizontal_1.jpg\",\"contentUrl\":\"https:\/\/www.fiscalia.gov.co\/colombia\/wp-content\/uploads\/LogoHorizontal_1.jpg\",\"width\":300,\"height\":90,\"caption\":\"Fiscal\u00eda General de la Naci\u00f3n\"},\"image\":{\"@id\":\"https:\/\/www.fiscalia.gov.co\/colombia\/#\/schema\/logo\/image\/\"},\"sameAs\":[\"https:\/\/www.facebook.com\/FiscaliaCol\",\"https:\/\/x.com\/FiscaliaCol\",\"https:\/\/www.instagram.com\/fiscaliacol\",\"https:\/\/www.linkedin.com\/company\/fiscalia-general-de-la-naci-n\/\",\"https:\/\/youtube.com\/@fiscaliageneraldelanacion-4668?si=6nN79nyQICPU5iTh\"]},{\"@type\":\"Person\",\"@id\":\"https:\/\/www.fiscalia.gov.co\/colombia\/#\/schema\/person\/176195b99ebab0a52aafa15197e1bf80\",\"name\":\"Winnie Geraldine Rodr\u00edguez Navarrete\",\"image\":{\"@type\":\"ImageObject\",\"inLanguage\":\"es-CO\",\"@id\":\"https:\/\/www.fiscalia.gov.co\/colombia\/#\/schema\/person\/image\/\",\"url\":\"https:\/\/secure.gravatar.com\/avatar\/c24cf8481dc84fa5e8c7b20bc95ab0c6?s=96&d=mm&r=g\",\"contentUrl\":\"https:\/\/secure.gravatar.com\/avatar\/c24cf8481dc84fa5e8c7b20bc95ab0c6?s=96&d=mm&r=g\",\"caption\":\"Winnie Geraldine Rodr\u00edguez Navarrete\"},\"url\":\"https:\/\/www.fiscalia.gov.co\/colombia\/author\/winnierodriguez\/\"}]}<\/script>\n<!-- \/ Yoast SEO plugin. -->","yoast_head_json":{"title":"Fiscal\u00eda General de la Naci\u00f3n","description":"P\u00e1gina oficial de la Fiscal\u00eda General de la Naci\u00f3n \u2013 Colombia. Garantizamos el acceso efectivo a la justicia, la verdad y la reparaci\u00f3n de las v\u00edctimas de los delitos.","robots":{"index":"noindex","follow":"follow"},"og_locale":"es_ES","og_type":"article","og_title":"Fiscal\u00eda General de la Naci\u00f3n","og_description":"P\u00e1gina oficial de la Fiscal\u00eda General de la Naci\u00f3n \u2013 Colombia. Garantizamos el acceso efectivo a la justicia, la verdad y la reparaci\u00f3n de las v\u00edctimas de los delitos.","og_url":"https:\/\/www.fiscalia.gov.co\/colombia\/noticias\/judicializadas-5-personas-por-trafico-de-estupefacientes-y-porte-ilegal-de-armas-en-valle-del-cauca\/","og_site_name":"Fiscal\u00eda General de la Naci\u00f3n","article_publisher":"https:\/\/www.facebook.com\/FiscaliaCol","article_published_time":"2024-08-06T14:34:38+00:00","og_image":[{"url":"https:\/\/www.fiscalia.gov.co\/colombia\/wp-content\/uploads\/Cuatro-presuntos-implicados-en-estupefacientes-y-porte-ilegal-de-armas.-Restrepo-Valle-300x245.jpg","type":"","width":"","height":""}],"author":"Winnie Geraldine Rodr\u00edguez Navarrete","twitter_card":"summary_large_image","twitter_creator":"@FiscaliaCol","twitter_site":"@FiscaliaCol","twitter_misc":{"Escrito por":"Winnie Geraldine Rodr\u00edguez Navarrete","Tiempo de lectura":"3 minutos"},"schema":{"@context":"https:\/\/schema.org","@graph":[{"@type":"Article","@id":"https:\/\/www.fiscalia.gov.co\/colombia\/noticias\/judicializadas-5-personas-por-trafico-de-estupefacientes-y-porte-ilegal-de-armas-en-valle-del-cauca\/#article","isPartOf":{"@id":"https:\/\/www.fiscalia.gov.co\/colombia\/noticias\/judicializadas-5-personas-por-trafico-de-estupefacientes-y-porte-ilegal-de-armas-en-valle-del-cauca\/"},"author":{"name":"Winnie Geraldine Rodr\u00edguez Navarrete","@id":"https:\/\/www.fiscalia.gov.co\/colombia\/#\/schema\/person\/176195b99ebab0a52aafa15197e1bf80"},"headline":"Judicializadas 5 personas por tr\u00e1fico de estupefacientes y porte ilegal de armas en Valle del Cauca","datePublished":"2024-08-06T14:34:38+00:00","dateModified":"2024-08-06T14:34:38+00:00","mainEntityOfPage":{"@id":"https:\/\/www.fiscalia.gov.co\/colombia\/noticias\/judicializadas-5-personas-por-trafico-de-estupefacientes-y-porte-ilegal-de-armas-en-valle-del-cauca\/"},"wordCount":514,"publisher":{"@id":"https:\/\/www.fiscalia.gov.co\/colombia\/#organization"},"image":{"@id":"https:\/\/www.fiscalia.gov.co\/colombia\/noticias\/judicializadas-5-personas-por-trafico-de-estupefacientes-y-porte-ilegal-de-armas-en-valle-del-cauca\/#primaryimage"},"thumbnailUrl":"https:\/\/www.fiscalia.gov.co\/colombia\/wp-content\/uploads\/Cuatro-presuntos-implicados-en-estupefacientes-y-porte-ilegal-de-armas.-Restrepo-Valle-300x245.jpg","keywords":["Fiscal\u00eda General de la Naci\u00f3n","Restrepo y Trujillo (Valle del Cauca)","Tr\u00e1fico de estupefacientes"],"articleSection":["Noticias","Seguridad territorial"],"inLanguage":"es-CO"},{"@type":"WebPage","@id":"https:\/\/www.fiscalia.gov.co\/colombia\/noticias\/judicializadas-5-personas-por-trafico-de-estupefacientes-y-porte-ilegal-de-armas-en-valle-del-cauca\/","url":"https:\/\/www.fiscalia.gov.co\/colombia\/noticias\/judicializadas-5-personas-por-trafico-de-estupefacientes-y-porte-ilegal-de-armas-en-valle-del-cauca\/","name":"Fiscal\u00eda General de la Naci\u00f3n","isPartOf":{"@id":"https:\/\/www.fiscalia.gov.co\/colombia\/#website"},"primaryImageOfPage":{"@id":"https:\/\/www.fiscalia.gov.co\/colombia\/noticias\/judicializadas-5-personas-por-trafico-de-estupefacientes-y-porte-ilegal-de-armas-en-valle-del-cauca\/#primaryimage"},"image":{"@id":"https:\/\/www.fiscalia.gov.co\/colombia\/noticias\/judicializadas-5-personas-por-trafico-de-estupefacientes-y-porte-ilegal-de-armas-en-valle-del-cauca\/#primaryimage"},"thumbnailUrl":"https:\/\/www.fiscalia.gov.co\/colombia\/wp-content\/uploads\/Cuatro-presuntos-implicados-en-estupefacientes-y-porte-ilegal-de-armas.-Restrepo-Valle-300x245.jpg","datePublished":"2024-08-06T14:34:38+00:00","dateModified":"2024-08-06T14:34:38+00:00","description":"P\u00e1gina oficial de la Fiscal\u00eda General de la Naci\u00f3n \u2013 Colombia. Garantizamos el acceso efectivo a la justicia, la verdad y la reparaci\u00f3n de las v\u00edctimas de los delitos.","breadcrumb":{"@id":"https:\/\/www.fiscalia.gov.co\/colombia\/noticias\/judicializadas-5-personas-por-trafico-de-estupefacientes-y-porte-ilegal-de-armas-en-valle-del-cauca\/#breadcrumb"},"inLanguage":"es-CO","potentialAction":[{"@type":"ReadAction","target":["https:\/\/www.fiscalia.gov.co\/colombia\/noticias\/judicializadas-5-personas-por-trafico-de-estupefacientes-y-porte-ilegal-de-armas-en-valle-del-cauca\/"]}]},{"@type":"ImageObject","inLanguage":"es-CO","@id":"https:\/\/www.fiscalia.gov.co\/colombia\/noticias\/judicializadas-5-personas-por-trafico-de-estupefacientes-y-porte-ilegal-de-armas-en-valle-del-cauca\/#primaryimage","url":"https:\/\/www.fiscalia.gov.co\/colombia\/wp-content\/uploads\/Cuatro-presuntos-implicados-en-estupefacientes-y-porte-ilegal-de-armas.-Restrepo-Valle.jpg","contentUrl":"https:\/\/www.fiscalia.gov.co\/colombia\/wp-content\/uploads\/Cuatro-presuntos-implicados-en-estupefacientes-y-porte-ilegal-de-armas.-Restrepo-Valle.jpg","width":1584,"height":1296,"caption":"Estas cuatro personas fueron judicializadas como presuntos implicados en tr\u00e1fico de estupefacientes y porte ilegal de armas de fuego, en Restrepo (Valle del Cauca)."},{"@type":"BreadcrumbList","@id":"https:\/\/www.fiscalia.gov.co\/colombia\/noticias\/judicializadas-5-personas-por-trafico-de-estupefacientes-y-porte-ilegal-de-armas-en-valle-del-cauca\/#breadcrumb","itemListElement":[{"@type":"ListItem","position":1,"name":"Home","item":"https:\/\/www.fiscalia.gov.co\/colombia\/"},{"@type":"ListItem","position":2,"name":"Judicializadas 5 personas por tr\u00e1fico de estupefacientes y porte ilegal de armas en Valle del Cauca"}]},{"@type":"WebSite","@id":"https:\/\/www.fiscalia.gov.co\/colombia\/#website","url":"https:\/\/www.fiscalia.gov.co\/colombia\/","name":"Fiscal\u00eda General de la Naci\u00f3n","description":"P\u00e1gina oficial de la Fiscal\u00eda General de la Naci\u00f3n \u2013 Colombia. Garantizamos el acceso efectivo a la justicia, la verdad y la reparaci\u00f3n de las v\u00edctimas de los delitos.","publisher":{"@id":"https:\/\/www.fiscalia.gov.co\/colombia\/#organization"},"potentialAction":[{"@type":"SearchAction","target":{"@type":"EntryPoint","urlTemplate":"https:\/\/www.fiscalia.gov.co\/colombia\/?s={search_term_string}"},"query-input":{"@type":"PropertyValueSpecification","valueRequired":true,"valueName":"search_term_string"}}],"inLanguage":"es-CO"},{"@type":"Organization","@id":"https:\/\/www.fiscalia.gov.co\/colombia\/#organization","name":"Fiscal\u00eda General de la Naci\u00f3n","url":"https:\/\/www.fiscalia.gov.co\/colombia\/","logo":{"@type":"ImageObject","inLanguage":"es-CO","@id":"https:\/\/www.fiscalia.gov.co\/colombia\/#\/schema\/logo\/image\/","url":"https:\/\/www.fiscalia.gov.co\/colombia\/wp-content\/uploads\/LogoHorizontal_1.jpg","contentUrl":"https:\/\/www.fiscalia.gov.co\/colombia\/wp-content\/uploads\/LogoHorizontal_1.jpg","width":300,"height":90,"caption":"Fiscal\u00eda General de la Naci\u00f3n"},"image":{"@id":"https:\/\/www.fiscalia.gov.co\/colombia\/#\/schema\/logo\/image\/"},"sameAs":["https:\/\/www.facebook.com\/FiscaliaCol","https:\/\/x.com\/FiscaliaCol","https:\/\/www.instagram.com\/fiscaliacol","https:\/\/www.linkedin.com\/company\/fiscalia-general-de-la-naci-n\/","https:\/\/youtube.com\/@fiscaliageneraldelanacion-4668?si=6nN79nyQICPU5iTh"]},{"@type":"Person","@id":"https:\/\/www.fiscalia.gov.co\/colombia\/#\/schema\/person\/176195b99ebab0a52aafa15197e1bf80","name":"Winnie Geraldine Rodr\u00edguez Navarrete","image":{"@type":"ImageObject","inLanguage":"es-CO","@id":"https:\/\/www.fiscalia.gov.co\/colombia\/#\/schema\/person\/image\/","url":"https:\/\/secure.gravatar.com\/avatar\/c24cf8481dc84fa5e8c7b20bc95ab0c6?s=96&d=mm&r=g","contentUrl":"https:\/\/secure.gravatar.com\/avatar\/c24cf8481dc84fa5e8c7b20bc95ab0c6?s=96&d=mm&r=g","caption":"Winnie Geraldine Rodr\u00edguez Navarrete"},"url":"https:\/\/www.fiscalia.gov.co\/colombia\/author\/winnierodriguez\/"}]}},"_links":{"self":[{"href":"https:\/\/www.fiscalia.gov.co\/colombia\/wp-json\/wp\/v2\/posts\/299723","targetHints":{"allow":["GET"]}}],"collection":[{"href":"https:\/\/www.fiscalia.gov.co\/colombia\/wp-json\/wp\/v2\/posts"}],"about":[{"href":"https:\/\/www.fiscalia.gov.co\/colombia\/wp-json\/wp\/v2\/types\/post"}],"author":[{"embeddable":true,"href":"https:\/\/www.fiscalia.gov.co\/colombia\/wp-json\/wp\/v2\/users\/178"}],"replies":[{"embeddable":true,"href":"https:\/\/www.fiscalia.gov.co\/colombia\/wp-json\/wp\/v2\/comments?post=299723"}],"version-history":[{"count":2,"href":"https:\/\/www.fiscalia.gov.co\/colombia\/wp-json\/wp\/v2\/posts\/299723\/revisions"}],"predecessor-version":[{"id":299727,"href":"https:\/\/www.fiscalia.gov.co\/colombia\/wp-json\/wp\/v2\/posts\/299723\/revisions\/299727"}],"wp:attachment":[{"href":"https:\/\/www.fiscalia.gov.co\/colombia\/wp-json\/wp\/v2\/media?parent=299723"}],"wp:term":[{"taxonomy":"category","embeddable":true,"href":"https:\/\/www.fiscalia.gov.co\/colombia\/wp-json\/wp\/v2\/categories?post=299723"},{"taxonomy":"post_tag","embeddable":true,"href":"https:\/\/www.fiscalia.gov.co\/colombia\/wp-json\/wp\/v2\/tags?post=299723"}],"curies":[{"name":"wp","href":"https:\/\/api.w.org\/{rel}","templated":true}]}}