{"id":299713,"date":"2024-08-05T21:27:05","date_gmt":"2024-08-06T02:27:05","guid":{"rendered":"https:\/\/www.fiscalia.gov.co\/colombia\/?p=299713"},"modified":"2024-08-05T21:27:05","modified_gmt":"2024-08-06T02:27:05","slug":"medida-de-aseguramiento-contra-un-coronel-del-ejercito-nacional-y-23-militares-mas-por-el-homicidio-de-11-personas-en-el-caserio-alto-remanso-putumayo","status":"publish","type":"post","link":"https:\/\/www.fiscalia.gov.co\/colombia\/noticias\/medida-de-aseguramiento-contra-un-coronel-del-ejercito-nacional-y-23-militares-mas-por-el-homicidio-de-11-personas-en-el-caserio-alto-remanso-putumayo\/","title":{"rendered":"Medida de aseguramiento contra un coronel del Ej\u00e9rcito Nacional y 23 militares m\u00e1s por el homicidio de 11 personas en el caser\u00edo Alto Remanso (Putumayo)"},"content":{"rendered":"<blockquote>\n<h4 style=\"text-align: left;\"><em>Los militares habr\u00edan ocasionado la muerte de ocho civiles y tres presuntos disidentes armados, al disparar contra integrantes del grupo armado Comandos Defensores de Frontera de las disidencias de las Farc que se encontraban entre la poblaci\u00f3n civil.<\/em><\/h4>\n<\/blockquote>\n<p>Ante solicitud de la <strong>Fiscal\u00eda General de la Naci\u00f3n<\/strong>, una juez promiscuo municipal con funci\u00f3n de control de garant\u00edas dict\u00f3 medida de aseguramiento privativa de la libertad contra tres oficiales, cuatro suboficiales y 17 soldados del <strong>Ej\u00e9rcito Nacional<\/strong>, como presuntos responsables del homicidio de once personas en el caser\u00edo Alto Remanso de <strong>Puerto Legu\u00edzamo (Putumayo)<\/strong> en marzo de 2022.<\/p>\n<p>La medida, proferida por los<strong> delitos de homicidio en persona protegida consumado y tentado<\/strong>, cobija al teniente coronel N\u00e9stor Andr\u00e9s Cadena Bautista, al capit\u00e1n Jorge Erney Marroqu\u00edn Cadena, al teniente Juli\u00e1n Ernesto \u00c1vila Mart\u00ednez, a los sargentos Cristian Gabriel P\u00e9rez Galindo y Maicol Andr\u00e9s Qui\u00f1ones Mendoza, a los cabos Wilber Leonardo Rodr\u00edguez y Wilson Andr\u00e9s Santamar\u00eda Ramos, y a 17 soldados profesionales.<\/p>\n<p>Los 24 uniformados responden en esta investigaci\u00f3n penal por hechos ocurridos el 28 de marzo de 2022 durante la <strong>operaci\u00f3n militar Mahlon Nro 5,<\/strong> en desarrollo de la cual, al parecer, dispararon de manera indiscriminada durante dos horas y media causando la muerte de once personas. Entre las v\u00edctimas registradas se encuentran un gobernador ind\u00edgena, un l\u00edder comunitario y un menor de edad, adem\u00e1s de cuatro personas heridas, una de ellas una menor embarazada que dorm\u00eda en su vivienda.<\/p>\n<p>\u201cEst\u00e1s once personas murieron como consecuencia directa de la acci\u00f3n de disparos de las tropas especiales del Ej\u00e9rcito Nacional, ocho de ellas eran civiles; esto es, no eran combatientes (&#8230;) debido a que como poblaci\u00f3n civil no se encontraban participando directamente en las hostilidades\u201d, afirm\u00f3 en audiencia el fiscal de la <strong>Direcci\u00f3n Especializada contra las Violaciones a los Derechos Humanos<\/strong> encargado del caso.<\/p>\n<p>Seg\u00fan la investigaci\u00f3n, a las 7:13 de la ma\u00f1ana del 28 de marzo, \u00faltimo d\u00eda del bazar comunitario en el que participaron alrededor de 300 personas de veredas cercanas al caser\u00edo, un tirador de alta precisi\u00f3n inici\u00f3 el ataque contra hombres armados presentes en el <strong>Alto Remanso<\/strong> que estaban en medio de la <strong>poblaci\u00f3n civil.<\/strong> A partir de ese momento empez\u00f3 el desarrollo de la operaci\u00f3n militar presuntamente indiscriminada y desproporcionada que culmin\u00f3, dos horas y media despu\u00e9s, con la muerte de once personas y cinco heridas<\/p>\n<p>De acuerdo con el relato del fiscal a cargo, al terminar la intervenci\u00f3n armada, la tropa habr\u00eda ingresado al caser\u00edo usando sudaderas de color verde oscuro, camisetas negras y pa\u00f1oletas negras, e identificado como un grupo armado ilegal, reunido a la poblaci\u00f3n civil en la cancha m\u00faltiple por varias horas, mientras presuntamente mov\u00edan los cuerpos de las v\u00edctimas y alteraban la escena del crimen.<\/p>\n<p>Labores de polic\u00eda judicial a cargo de peritos del <strong>Centro de Valoraci\u00f3n Probatorio (Cevap)<\/strong> de la Fiscal\u00eda lograron la reconstrucci\u00f3n en 3D de la escena del crimen, la trayectoria de los disparos y el recaudo de material fotogr\u00e1fico, elementos que dar\u00edan cuenta de un operativo militar desproporcionado y que no tuvo en cuenta la presencia de poblaci\u00f3n civil en la zona al momento de los disparos.<\/p>\n<p>Los uniformados deber\u00e1n permanecer en el <strong>centro de reclusi\u00f3n militar del Batall\u00f3n de Ingenieros No 13 de Bogot\u00e1<\/strong> mientras avanza la investigaci\u00f3n en su contra.<\/p>\n<p>Esta informaci\u00f3n se publica por razones de inter\u00e9s general.<\/p>\n<p><em>La informaci\u00f3n contenida en este bolet\u00edn de prensa corresponde a la narraci\u00f3n de los hechos noticiosos objetivos, suministrados por los funcionarios encargados de adelantar las investigaciones penales al interior de la Fiscal\u00eda General de la Naci\u00f3n. Para el momento de la divulgaci\u00f3n de este comunicado, la situaci\u00f3n jur\u00eddica de la(s) persona(s) relacionada(s) se encuentra pendiente de resolver por la autoridad judicial competente, siempre bajo los preceptos de la presunci\u00f3n de inocencia, consagrados en el art\u00edculo 29 de la Constituci\u00f3n Pol\u00edtica y el art\u00edculo 7\u00ba de la Ley 906 de 2004.<\/em><\/p>\n\n<div class=\"twitter-share\"><a href=\"https:\/\/twitter.com\/intent\/tweet?via=fiscaliacol\" class=\"twitter-share-button\">Tweet<\/a><\/div>\n","protected":false},"excerpt":{"rendered":"<p>Los militares habr\u00edan ocasionado la muerte de ocho civiles y tres presuntos disidentes armados, al disparar contra integrantes del grupo armado Comandos Defensores de Frontera de las disidencias de las [&hellip;]<\/p>\n","protected":false},"author":182,"featured_media":0,"comment_status":"closed","ping_status":"open","sticky":false,"template":"","format":"standard","meta":{"tdm_status":"","tdm_grid_status":"","footnotes":""},"categories":[1],"tags":[30850,3393,37492,24187,1047,463,2279],"class_list":["post-299713","post","type-post","status-publish","format-standard","category-noticias","tag-disidencias-de-la-farc","tag-ejercito-nacional","tag-fiscal-luz-adriana-camargo","tag-fiscalia-colombia","tag-fiscalia-general-de-la-nacion","tag-militares","tag-putumayo"],"yoast_head":"<!-- This site is optimized with the Yoast SEO plugin v24.3 - https:\/\/yoast.com\/wordpress\/plugins\/seo\/ -->\n<title>Fiscal\u00eda General de la Naci\u00f3n<\/title>\n<meta name=\"description\" content=\"P\u00e1gina oficial de la Fiscal\u00eda General de la Naci\u00f3n \u2013 Colombia. Garantizamos el acceso efectivo a la justicia, la verdad y la reparaci\u00f3n de las v\u00edctimas de los delitos.\" \/>\n<meta name=\"robots\" content=\"noindex, follow\" \/>\n<meta property=\"og:locale\" content=\"es_ES\" \/>\n<meta property=\"og:type\" content=\"article\" \/>\n<meta property=\"og:title\" content=\"Fiscal\u00eda General de la Naci\u00f3n\" \/>\n<meta property=\"og:description\" content=\"P\u00e1gina oficial de la Fiscal\u00eda General de la Naci\u00f3n \u2013 Colombia. Garantizamos el acceso efectivo a la justicia, la verdad y la reparaci\u00f3n de las v\u00edctimas de los delitos.\" \/>\n<meta property=\"og:url\" content=\"https:\/\/www.fiscalia.gov.co\/colombia\/noticias\/medida-de-aseguramiento-contra-un-coronel-del-ejercito-nacional-y-23-militares-mas-por-el-homicidio-de-11-personas-en-el-caserio-alto-remanso-putumayo\/\" \/>\n<meta property=\"og:site_name\" content=\"Fiscal\u00eda General de la Naci\u00f3n\" \/>\n<meta property=\"article:publisher\" content=\"https:\/\/www.facebook.com\/FiscaliaCol\" \/>\n<meta property=\"article:published_time\" content=\"2024-08-06T02:27:05+00:00\" \/>\n<meta name=\"author\" content=\"Paula Andrea Castillo Lenis\" \/>\n<meta name=\"twitter:card\" content=\"summary_large_image\" \/>\n<meta name=\"twitter:creator\" content=\"@FiscaliaCol\" \/>\n<meta name=\"twitter:site\" content=\"@FiscaliaCol\" \/>\n<meta name=\"twitter:label1\" content=\"Escrito por\" \/>\n\t<meta name=\"twitter:data1\" content=\"Paula Andrea Castillo Lenis\" \/>\n\t<meta name=\"twitter:label2\" content=\"Tiempo de lectura\" \/>\n\t<meta name=\"twitter:data2\" content=\"3 minutos\" \/>\n<script type=\"application\/ld+json\" class=\"yoast-schema-graph\">{\"@context\":\"https:\/\/schema.org\",\"@graph\":[{\"@type\":\"Article\",\"@id\":\"https:\/\/www.fiscalia.gov.co\/colombia\/noticias\/medida-de-aseguramiento-contra-un-coronel-del-ejercito-nacional-y-23-militares-mas-por-el-homicidio-de-11-personas-en-el-caserio-alto-remanso-putumayo\/#article\",\"isPartOf\":{\"@id\":\"https:\/\/www.fiscalia.gov.co\/colombia\/noticias\/medida-de-aseguramiento-contra-un-coronel-del-ejercito-nacional-y-23-militares-mas-por-el-homicidio-de-11-personas-en-el-caserio-alto-remanso-putumayo\/\"},\"author\":{\"name\":\"Paula Andrea Castillo Lenis\",\"@id\":\"https:\/\/www.fiscalia.gov.co\/colombia\/#\/schema\/person\/66c172905e0492f1de6bbe5f93c4668f\"},\"headline\":\"Medida de aseguramiento contra un coronel del Ej\u00e9rcito Nacional y 23 militares m\u00e1s por el homicidio de 11 personas en el caser\u00edo Alto Remanso (Putumayo)\",\"datePublished\":\"2024-08-06T02:27:05+00:00\",\"dateModified\":\"2024-08-06T02:27:05+00:00\",\"mainEntityOfPage\":{\"@id\":\"https:\/\/www.fiscalia.gov.co\/colombia\/noticias\/medida-de-aseguramiento-contra-un-coronel-del-ejercito-nacional-y-23-militares-mas-por-el-homicidio-de-11-personas-en-el-caserio-alto-remanso-putumayo\/\"},\"wordCount\":731,\"publisher\":{\"@id\":\"https:\/\/www.fiscalia.gov.co\/colombia\/#organization\"},\"keywords\":[\"disidencias de la Farc\",\"Ej\u00e9rcito Nacional\",\"Fiscal Luz Adriana Camargo\",\"Fiscal\u00eda Colombia\",\"Fiscal\u00eda General de la Naci\u00f3n\",\"Militares\",\"Putumayo\"],\"articleSection\":[\"Noticias\"],\"inLanguage\":\"es-CO\"},{\"@type\":\"WebPage\",\"@id\":\"https:\/\/www.fiscalia.gov.co\/colombia\/noticias\/medida-de-aseguramiento-contra-un-coronel-del-ejercito-nacional-y-23-militares-mas-por-el-homicidio-de-11-personas-en-el-caserio-alto-remanso-putumayo\/\",\"url\":\"https:\/\/www.fiscalia.gov.co\/colombia\/noticias\/medida-de-aseguramiento-contra-un-coronel-del-ejercito-nacional-y-23-militares-mas-por-el-homicidio-de-11-personas-en-el-caserio-alto-remanso-putumayo\/\",\"name\":\"Fiscal\u00eda General de la Naci\u00f3n\",\"isPartOf\":{\"@id\":\"https:\/\/www.fiscalia.gov.co\/colombia\/#website\"},\"datePublished\":\"2024-08-06T02:27:05+00:00\",\"dateModified\":\"2024-08-06T02:27:05+00:00\",\"description\":\"P\u00e1gina oficial de la Fiscal\u00eda General de la Naci\u00f3n \u2013 Colombia. Garantizamos el acceso efectivo a la justicia, la verdad y la reparaci\u00f3n de las v\u00edctimas de los delitos.\",\"breadcrumb\":{\"@id\":\"https:\/\/www.fiscalia.gov.co\/colombia\/noticias\/medida-de-aseguramiento-contra-un-coronel-del-ejercito-nacional-y-23-militares-mas-por-el-homicidio-de-11-personas-en-el-caserio-alto-remanso-putumayo\/#breadcrumb\"},\"inLanguage\":\"es-CO\",\"potentialAction\":[{\"@type\":\"ReadAction\",\"target\":[\"https:\/\/www.fiscalia.gov.co\/colombia\/noticias\/medida-de-aseguramiento-contra-un-coronel-del-ejercito-nacional-y-23-militares-mas-por-el-homicidio-de-11-personas-en-el-caserio-alto-remanso-putumayo\/\"]}]},{\"@type\":\"BreadcrumbList\",\"@id\":\"https:\/\/www.fiscalia.gov.co\/colombia\/noticias\/medida-de-aseguramiento-contra-un-coronel-del-ejercito-nacional-y-23-militares-mas-por-el-homicidio-de-11-personas-en-el-caserio-alto-remanso-putumayo\/#breadcrumb\",\"itemListElement\":[{\"@type\":\"ListItem\",\"position\":1,\"name\":\"Home\",\"item\":\"https:\/\/www.fiscalia.gov.co\/colombia\/\"},{\"@type\":\"ListItem\",\"position\":2,\"name\":\"Medida de aseguramiento contra un coronel del Ej\u00e9rcito Nacional y 23 militares m\u00e1s por el homicidio de 11 personas en el caser\u00edo Alto Remanso (Putumayo)\"}]},{\"@type\":\"WebSite\",\"@id\":\"https:\/\/www.fiscalia.gov.co\/colombia\/#website\",\"url\":\"https:\/\/www.fiscalia.gov.co\/colombia\/\",\"name\":\"Fiscal\u00eda General de la Naci\u00f3n\",\"description\":\"P\u00e1gina oficial de la Fiscal\u00eda General de la Naci\u00f3n \u2013 Colombia. Garantizamos el acceso efectivo a la justicia, la verdad y la reparaci\u00f3n de las v\u00edctimas de los delitos.\",\"publisher\":{\"@id\":\"https:\/\/www.fiscalia.gov.co\/colombia\/#organization\"},\"potentialAction\":[{\"@type\":\"SearchAction\",\"target\":{\"@type\":\"EntryPoint\",\"urlTemplate\":\"https:\/\/www.fiscalia.gov.co\/colombia\/?s={search_term_string}\"},\"query-input\":{\"@type\":\"PropertyValueSpecification\",\"valueRequired\":true,\"valueName\":\"search_term_string\"}}],\"inLanguage\":\"es-CO\"},{\"@type\":\"Organization\",\"@id\":\"https:\/\/www.fiscalia.gov.co\/colombia\/#organization\",\"name\":\"Fiscal\u00eda General de la Naci\u00f3n\",\"url\":\"https:\/\/www.fiscalia.gov.co\/colombia\/\",\"logo\":{\"@type\":\"ImageObject\",\"inLanguage\":\"es-CO\",\"@id\":\"https:\/\/www.fiscalia.gov.co\/colombia\/#\/schema\/logo\/image\/\",\"url\":\"https:\/\/www.fiscalia.gov.co\/colombia\/wp-content\/uploads\/LogoHorizontal_1.jpg\",\"contentUrl\":\"https:\/\/www.fiscalia.gov.co\/colombia\/wp-content\/uploads\/LogoHorizontal_1.jpg\",\"width\":300,\"height\":90,\"caption\":\"Fiscal\u00eda General de la Naci\u00f3n\"},\"image\":{\"@id\":\"https:\/\/www.fiscalia.gov.co\/colombia\/#\/schema\/logo\/image\/\"},\"sameAs\":[\"https:\/\/www.facebook.com\/FiscaliaCol\",\"https:\/\/x.com\/FiscaliaCol\",\"https:\/\/www.instagram.com\/fiscaliacol\",\"https:\/\/www.linkedin.com\/company\/fiscalia-general-de-la-naci-n\/\",\"https:\/\/youtube.com\/@fiscaliageneraldelanacion-4668?si=6nN79nyQICPU5iTh\"]},{\"@type\":\"Person\",\"@id\":\"https:\/\/www.fiscalia.gov.co\/colombia\/#\/schema\/person\/66c172905e0492f1de6bbe5f93c4668f\",\"name\":\"Paula Andrea Castillo Lenis\",\"image\":{\"@type\":\"ImageObject\",\"inLanguage\":\"es-CO\",\"@id\":\"https:\/\/www.fiscalia.gov.co\/colombia\/#\/schema\/person\/image\/\",\"url\":\"https:\/\/secure.gravatar.com\/avatar\/cb060d9561f2947c4102d1825739f868?s=96&d=mm&r=g\",\"contentUrl\":\"https:\/\/secure.gravatar.com\/avatar\/cb060d9561f2947c4102d1825739f868?s=96&d=mm&r=g\",\"caption\":\"Paula Andrea Castillo Lenis\"},\"url\":\"https:\/\/www.fiscalia.gov.co\/colombia\/author\/paula-castillo\/\"}]}<\/script>\n<!-- \/ Yoast SEO plugin. -->","yoast_head_json":{"title":"Fiscal\u00eda General de la Naci\u00f3n","description":"P\u00e1gina oficial de la Fiscal\u00eda General de la Naci\u00f3n \u2013 Colombia. Garantizamos el acceso efectivo a la justicia, la verdad y la reparaci\u00f3n de las v\u00edctimas de los delitos.","robots":{"index":"noindex","follow":"follow"},"og_locale":"es_ES","og_type":"article","og_title":"Fiscal\u00eda General de la Naci\u00f3n","og_description":"P\u00e1gina oficial de la Fiscal\u00eda General de la Naci\u00f3n \u2013 Colombia. Garantizamos el acceso efectivo a la justicia, la verdad y la reparaci\u00f3n de las v\u00edctimas de los delitos.","og_url":"https:\/\/www.fiscalia.gov.co\/colombia\/noticias\/medida-de-aseguramiento-contra-un-coronel-del-ejercito-nacional-y-23-militares-mas-por-el-homicidio-de-11-personas-en-el-caserio-alto-remanso-putumayo\/","og_site_name":"Fiscal\u00eda General de la Naci\u00f3n","article_publisher":"https:\/\/www.facebook.com\/FiscaliaCol","article_published_time":"2024-08-06T02:27:05+00:00","author":"Paula Andrea Castillo Lenis","twitter_card":"summary_large_image","twitter_creator":"@FiscaliaCol","twitter_site":"@FiscaliaCol","twitter_misc":{"Escrito por":"Paula Andrea Castillo Lenis","Tiempo de lectura":"3 minutos"},"schema":{"@context":"https:\/\/schema.org","@graph":[{"@type":"Article","@id":"https:\/\/www.fiscalia.gov.co\/colombia\/noticias\/medida-de-aseguramiento-contra-un-coronel-del-ejercito-nacional-y-23-militares-mas-por-el-homicidio-de-11-personas-en-el-caserio-alto-remanso-putumayo\/#article","isPartOf":{"@id":"https:\/\/www.fiscalia.gov.co\/colombia\/noticias\/medida-de-aseguramiento-contra-un-coronel-del-ejercito-nacional-y-23-militares-mas-por-el-homicidio-de-11-personas-en-el-caserio-alto-remanso-putumayo\/"},"author":{"name":"Paula Andrea Castillo Lenis","@id":"https:\/\/www.fiscalia.gov.co\/colombia\/#\/schema\/person\/66c172905e0492f1de6bbe5f93c4668f"},"headline":"Medida de aseguramiento contra un coronel del Ej\u00e9rcito Nacional y 23 militares m\u00e1s por el homicidio de 11 personas en el caser\u00edo Alto Remanso (Putumayo)","datePublished":"2024-08-06T02:27:05+00:00","dateModified":"2024-08-06T02:27:05+00:00","mainEntityOfPage":{"@id":"https:\/\/www.fiscalia.gov.co\/colombia\/noticias\/medida-de-aseguramiento-contra-un-coronel-del-ejercito-nacional-y-23-militares-mas-por-el-homicidio-de-11-personas-en-el-caserio-alto-remanso-putumayo\/"},"wordCount":731,"publisher":{"@id":"https:\/\/www.fiscalia.gov.co\/colombia\/#organization"},"keywords":["disidencias de la Farc","Ej\u00e9rcito Nacional","Fiscal Luz Adriana Camargo","Fiscal\u00eda Colombia","Fiscal\u00eda General de la Naci\u00f3n","Militares","Putumayo"],"articleSection":["Noticias"],"inLanguage":"es-CO"},{"@type":"WebPage","@id":"https:\/\/www.fiscalia.gov.co\/colombia\/noticias\/medida-de-aseguramiento-contra-un-coronel-del-ejercito-nacional-y-23-militares-mas-por-el-homicidio-de-11-personas-en-el-caserio-alto-remanso-putumayo\/","url":"https:\/\/www.fiscalia.gov.co\/colombia\/noticias\/medida-de-aseguramiento-contra-un-coronel-del-ejercito-nacional-y-23-militares-mas-por-el-homicidio-de-11-personas-en-el-caserio-alto-remanso-putumayo\/","name":"Fiscal\u00eda General de la Naci\u00f3n","isPartOf":{"@id":"https:\/\/www.fiscalia.gov.co\/colombia\/#website"},"datePublished":"2024-08-06T02:27:05+00:00","dateModified":"2024-08-06T02:27:05+00:00","description":"P\u00e1gina oficial de la Fiscal\u00eda General de la Naci\u00f3n \u2013 Colombia. Garantizamos el acceso efectivo a la justicia, la verdad y la reparaci\u00f3n de las v\u00edctimas de los delitos.","breadcrumb":{"@id":"https:\/\/www.fiscalia.gov.co\/colombia\/noticias\/medida-de-aseguramiento-contra-un-coronel-del-ejercito-nacional-y-23-militares-mas-por-el-homicidio-de-11-personas-en-el-caserio-alto-remanso-putumayo\/#breadcrumb"},"inLanguage":"es-CO","potentialAction":[{"@type":"ReadAction","target":["https:\/\/www.fiscalia.gov.co\/colombia\/noticias\/medida-de-aseguramiento-contra-un-coronel-del-ejercito-nacional-y-23-militares-mas-por-el-homicidio-de-11-personas-en-el-caserio-alto-remanso-putumayo\/"]}]},{"@type":"BreadcrumbList","@id":"https:\/\/www.fiscalia.gov.co\/colombia\/noticias\/medida-de-aseguramiento-contra-un-coronel-del-ejercito-nacional-y-23-militares-mas-por-el-homicidio-de-11-personas-en-el-caserio-alto-remanso-putumayo\/#breadcrumb","itemListElement":[{"@type":"ListItem","position":1,"name":"Home","item":"https:\/\/www.fiscalia.gov.co\/colombia\/"},{"@type":"ListItem","position":2,"name":"Medida de aseguramiento contra un coronel del Ej\u00e9rcito Nacional y 23 militares m\u00e1s por el homicidio de 11 personas en el caser\u00edo Alto Remanso (Putumayo)"}]},{"@type":"WebSite","@id":"https:\/\/www.fiscalia.gov.co\/colombia\/#website","url":"https:\/\/www.fiscalia.gov.co\/colombia\/","name":"Fiscal\u00eda General de la Naci\u00f3n","description":"P\u00e1gina oficial de la Fiscal\u00eda General de la Naci\u00f3n \u2013 Colombia. Garantizamos el acceso efectivo a la justicia, la verdad y la reparaci\u00f3n de las v\u00edctimas de los delitos.","publisher":{"@id":"https:\/\/www.fiscalia.gov.co\/colombia\/#organization"},"potentialAction":[{"@type":"SearchAction","target":{"@type":"EntryPoint","urlTemplate":"https:\/\/www.fiscalia.gov.co\/colombia\/?s={search_term_string}"},"query-input":{"@type":"PropertyValueSpecification","valueRequired":true,"valueName":"search_term_string"}}],"inLanguage":"es-CO"},{"@type":"Organization","@id":"https:\/\/www.fiscalia.gov.co\/colombia\/#organization","name":"Fiscal\u00eda General de la Naci\u00f3n","url":"https:\/\/www.fiscalia.gov.co\/colombia\/","logo":{"@type":"ImageObject","inLanguage":"es-CO","@id":"https:\/\/www.fiscalia.gov.co\/colombia\/#\/schema\/logo\/image\/","url":"https:\/\/www.fiscalia.gov.co\/colombia\/wp-content\/uploads\/LogoHorizontal_1.jpg","contentUrl":"https:\/\/www.fiscalia.gov.co\/colombia\/wp-content\/uploads\/LogoHorizontal_1.jpg","width":300,"height":90,"caption":"Fiscal\u00eda General de la Naci\u00f3n"},"image":{"@id":"https:\/\/www.fiscalia.gov.co\/colombia\/#\/schema\/logo\/image\/"},"sameAs":["https:\/\/www.facebook.com\/FiscaliaCol","https:\/\/x.com\/FiscaliaCol","https:\/\/www.instagram.com\/fiscaliacol","https:\/\/www.linkedin.com\/company\/fiscalia-general-de-la-naci-n\/","https:\/\/youtube.com\/@fiscaliageneraldelanacion-4668?si=6nN79nyQICPU5iTh"]},{"@type":"Person","@id":"https:\/\/www.fiscalia.gov.co\/colombia\/#\/schema\/person\/66c172905e0492f1de6bbe5f93c4668f","name":"Paula Andrea Castillo Lenis","image":{"@type":"ImageObject","inLanguage":"es-CO","@id":"https:\/\/www.fiscalia.gov.co\/colombia\/#\/schema\/person\/image\/","url":"https:\/\/secure.gravatar.com\/avatar\/cb060d9561f2947c4102d1825739f868?s=96&d=mm&r=g","contentUrl":"https:\/\/secure.gravatar.com\/avatar\/cb060d9561f2947c4102d1825739f868?s=96&d=mm&r=g","caption":"Paula Andrea Castillo Lenis"},"url":"https:\/\/www.fiscalia.gov.co\/colombia\/author\/paula-castillo\/"}]}},"_links":{"self":[{"href":"https:\/\/www.fiscalia.gov.co\/colombia\/wp-json\/wp\/v2\/posts\/299713","targetHints":{"allow":["GET"]}}],"collection":[{"href":"https:\/\/www.fiscalia.gov.co\/colombia\/wp-json\/wp\/v2\/posts"}],"about":[{"href":"https:\/\/www.fiscalia.gov.co\/colombia\/wp-json\/wp\/v2\/types\/post"}],"author":[{"embeddable":true,"href":"https:\/\/www.fiscalia.gov.co\/colombia\/wp-json\/wp\/v2\/users\/182"}],"replies":[{"embeddable":true,"href":"https:\/\/www.fiscalia.gov.co\/colombia\/wp-json\/wp\/v2\/comments?post=299713"}],"version-history":[{"count":1,"href":"https:\/\/www.fiscalia.gov.co\/colombia\/wp-json\/wp\/v2\/posts\/299713\/revisions"}],"predecessor-version":[{"id":299714,"href":"https:\/\/www.fiscalia.gov.co\/colombia\/wp-json\/wp\/v2\/posts\/299713\/revisions\/299714"}],"wp:attachment":[{"href":"https:\/\/www.fiscalia.gov.co\/colombia\/wp-json\/wp\/v2\/media?parent=299713"}],"wp:term":[{"taxonomy":"category","embeddable":true,"href":"https:\/\/www.fiscalia.gov.co\/colombia\/wp-json\/wp\/v2\/categories?post=299713"},{"taxonomy":"post_tag","embeddable":true,"href":"https:\/\/www.fiscalia.gov.co\/colombia\/wp-json\/wp\/v2\/tags?post=299713"}],"curies":[{"name":"wp","href":"https:\/\/api.w.org\/{rel}","templated":true}]}}