{"id":299291,"date":"2024-07-30T09:31:05","date_gmt":"2024-07-30T14:31:05","guid":{"rendered":"https:\/\/www.fiscalia.gov.co\/colombia\/?p=299291"},"modified":"2024-07-30T09:32:08","modified_gmt":"2024-07-30T14:32:08","slug":"fiscalia-judicializo-a-cuatro-presuntos-integrantes-de-organizacion-dedicada-a-prestamos-gota-a-gota","status":"publish","type":"post","link":"https:\/\/www.fiscalia.gov.co\/colombia\/noticias\/fiscalia-judicializo-a-cuatro-presuntos-integrantes-de-organizacion-dedicada-a-prestamos-gota-a-gota\/","title":{"rendered":"Fiscal\u00eda judicializ\u00f3 a cuatro presuntos integrantes de organizaci\u00f3n dedicada a pr\u00e9stamos \u2018gota a gota\u2019"},"content":{"rendered":"<p>La <strong>Fiscal\u00eda General de la Naci\u00f3n<\/strong> desarticul\u00f3 en<strong> Pereira<\/strong> una red ilegal que estar\u00eda involucrada en millonarios pr\u00e9stamos concedidos bajo la modalidad \u2018gota a gota\u2019. Por estos hechos fueron judicializados \u00c9dison Eduardo Mu\u00f1oz Castro, Dagnover Alirio Culman Ariza, Daniela Pinilla Mar\u00edn y Wilmer Fernando Hern\u00e1ndez.<\/p>\n<figure id=\"attachment_299295\" aria-describedby=\"caption-attachment-299295\" style=\"width: 300px\" class=\"wp-caption alignnone\"><img loading=\"lazy\" decoding=\"async\" class=\"size-medium wp-image-299295\" src=\"https:\/\/www.fiscalia.gov.co\/colombia\/wp-content\/uploads\/WhatsApp-Image-2024-07-30-at-9.24.59-AM-300x169.jpeg\" alt=\"En la imagen se ven a tres hombres y una mujer capturados, quienes son custodiados por 6 uniformados del Cuerpo T\u00e9cnico de Investigaci\u00f3n (CTI) y la Polic\u00eda Nacional. A su alrededor se observan elementos incautados por las autoridades como 4 motocicletas, autopartes, celulares, letras de cambio, y equipos de c\u00f3mputo.\" width=\"300\" height=\"169\" srcset=\"https:\/\/www.fiscalia.gov.co\/colombia\/wp-content\/uploads\/WhatsApp-Image-2024-07-30-at-9.24.59-AM-300x169.jpeg 300w, https:\/\/www.fiscalia.gov.co\/colombia\/wp-content\/uploads\/WhatsApp-Image-2024-07-30-at-9.24.59-AM-1024x576.jpeg 1024w, https:\/\/www.fiscalia.gov.co\/colombia\/wp-content\/uploads\/WhatsApp-Image-2024-07-30-at-9.24.59-AM-768x432.jpeg 768w, https:\/\/www.fiscalia.gov.co\/colombia\/wp-content\/uploads\/WhatsApp-Image-2024-07-30-at-9.24.59-AM-1536x864.jpeg 1536w, https:\/\/www.fiscalia.gov.co\/colombia\/wp-content\/uploads\/WhatsApp-Image-2024-07-30-at-9.24.59-AM-747x420.jpeg 747w, https:\/\/www.fiscalia.gov.co\/colombia\/wp-content\/uploads\/WhatsApp-Image-2024-07-30-at-9.24.59-AM-696x392.jpeg 696w, https:\/\/www.fiscalia.gov.co\/colombia\/wp-content\/uploads\/WhatsApp-Image-2024-07-30-at-9.24.59-AM-1068x601.jpeg 1068w, https:\/\/www.fiscalia.gov.co\/colombia\/wp-content\/uploads\/WhatsApp-Image-2024-07-30-at-9.24.59-AM.jpeg 1600w\" sizes=\"auto, (max-width: 300px) 100vw, 300px\" \/><figcaption id=\"caption-attachment-299295\" class=\"wp-caption-text\">\u00c9dison Eduardo Mu\u00f1oz Castro, Dagnover Alirio Culman Ariza, Daniela Pinilla Mar\u00edn y Wilmer Fernando Hern\u00e1ndez fueron judicializados por, al parecer, estar involucrados en una red ilegal que ofrecer\u00eda millonarios pr\u00e9stamos bajo la modalidad de \u00b4gota a gota\u00b4.<\/figcaption><\/figure>\n<p>El <strong>Cuerpo T\u00e9cnico de Investigaci\u00f3n (CTI)<\/strong>, en articulaci\u00f3n con la<strong> Polic\u00eda Nacional<\/strong>, evidenci\u00f3 que la organizaci\u00f3n delictiva conocida como Themis, realizaba pr\u00e9stamos informales por los que cobraba intereses hasta del 200%.<\/p>\n<p>Estas acciones eran cometidas en <strong>Pereira, Dosquebradas, La Virginia, Santa Rosa de Cabal, Apia y Balboa<\/strong> en Risaralda, adem\u00e1s de los departamentos de Quind\u00edo, Caldas y Norte del Valle.<\/p>\n<p>Labores de polic\u00eda judicial establecieron que a los <strong>deudores morosos<\/strong> y quienes no cancelaran sus deudas, les eran aplicados los llamados \u2018retaques\u2019; es decir, integrantes de la organizaci\u00f3n ilegal ingresaban a las viviendas de las v\u00edctimas.<\/p>\n<p>Tambi\u00e9n somet\u00edan a las v\u00edctimas a esc\u00e1ndalos p\u00fablicos y deb\u00edan sufrir la p\u00e9rdida de sus pertenencias. En otros casos les eran impuestas \u201cmultas\u201d que incrementaban de manera desmedida. Dichas sanciones en muchas oportunidades alcanzaban los 15 millones de pesos.<\/p>\n<p>El ente acusador evidenci\u00f3 que los integrantes de la red que mostraban inter\u00e9s en retirarse de la organizaci\u00f3n ilegal eran obligados a adquirir deudas por las cuales luego eran <strong>extorsionados.<\/strong> Este tipo de acciones las habr\u00edan cometido en por lo menos tres oportunidades.<\/p>\n<p>Otro integrante de la <strong>organizaci\u00f3n criminal<\/strong> que cumpl\u00eda labores de cobrador, habr\u00eda sido v\u00edctima de secuestro, y obligado a pagar deudas de otras v\u00edctimas de dicho delito. Esto hizo que el excobrador se viera obligado a abandonar la ciudad por las amenazas contra su vida y la de su familia.<\/p>\n<p>Servidores del <strong>Cuerpo T\u00e9cnico de Investigaci\u00f3n (CTI)<\/strong> y Polic\u00eda Nacional capturaron a Mu\u00f1oz Castro, Pinilla Mar\u00edn y Culman Ariza en diligencias de allanamiento y registro adelantadas el pasado 26 de julio, en Pereira. Hern\u00e1ndez fue detenido en v\u00eda p\u00fablica de la misma ciudad<\/p>\n<p>Seg\u00fan sus posibles responsabilidades individuales, la <strong>Fiscal\u00eda<\/strong> imput\u00f3 a los procesados delitos de concierto para delinquir, extorsi\u00f3n, hurto calificado y usura, todos agravados, adem\u00e1s de desplazamiento forzado y secuestro extorsivo.<\/p>\n<p>Por estos hechos un juez de control de garant\u00edas dict\u00f3 medida de aseguramiento en centro carcelario para Mu\u00f1oz Castro, Culman Ariza y Hern\u00e1ndez. Pinilla Mar\u00edn fue cobijada con medida domiciliaria.<\/p>\n<p>Igualmente, por un posible<strong> incremento patrimonial<\/strong> injustificado, ser\u00e1n afectados con fines de extinci\u00f3n de dominio, bienes por cerca de 2.000 millones de pesos.<\/p>\n<p>CLCG\/CFG\/MAGA\/CABS\/DSR<\/p>\n<p><em>La informaci\u00f3n contenida en este bolet\u00edn de prensa corresponde a la narraci\u00f3n de los hechos noticiosos objetivos, suministrados por los funcionarios encargados de adelantar las investigaciones penales al interior de la Fiscal\u00eda General de la Naci\u00f3n. Para el momento de la divulgaci\u00f3n de este comunicado, la situaci\u00f3n jur\u00eddica de la(s) persona(s) relacionada(s) se encuentra pendiente de resolver por la autoridad judicial competente, siempre bajo los preceptos de la presunci\u00f3n de inocencia, consagrados en el art\u00edculo 29 de la Constituci\u00f3n Pol\u00edtica y el art\u00edculo 7\u00ba de la Ley 906 de 2004.<\/em><\/p>\n\n<div class=\"twitter-share\"><a href=\"https:\/\/twitter.com\/intent\/tweet?via=fiscaliacol\" class=\"twitter-share-button\">Tweet<\/a><\/div>\n","protected":false},"excerpt":{"rendered":"<p>La Fiscal\u00eda General de la Naci\u00f3n desarticul\u00f3 en Pereira una red ilegal que estar\u00eda involucrada en millonarios pr\u00e9stamos concedidos bajo la modalidad \u2018gota a gota\u2019. Por estos hechos fueron judicializados \u00c9dison Eduardo Mu\u00f1oz Castro, Dagnover Alirio Culman Ariza, Daniela Pinilla Mar\u00edn y Wilmer Fernando Hern\u00e1ndez. El Cuerpo T\u00e9cnico de Investigaci\u00f3n (CTI), en articulaci\u00f3n con la [&hellip;]<\/p>\n","protected":false},"author":182,"featured_media":0,"comment_status":"closed","ping_status":"open","sticky":false,"template":"","format":"standard","meta":{"tdm_status":"","tdm_grid_status":"","footnotes":""},"categories":[1,335,24099],"tags":[37514,24187,1047,26394,16464,558,35449,1566],"class_list":{"0":"post-299291","1":"post","2":"type-post","3":"status-publish","4":"format-standard","6":"category-noticias","7":"category-seccional-pereira","8":"category-seguridad-territorial","9":"tag-fiscal-general-luz-adriana-camargo","10":"tag-fiscalia-colombia","11":"tag-fiscalia-general-de-la-nacion","12":"tag-gota-a-gota","13":"tag-policia-judicial","14":"tag-policia-nacional","15":"tag-prestamos","16":"tag-prestamos-gota-a-gota"},"yoast_head":"<!-- This site is optimized with the Yoast SEO plugin v24.3 - https:\/\/yoast.com\/wordpress\/plugins\/seo\/ -->\n<title>Fiscal\u00eda General de la Naci\u00f3n<\/title>\n<meta name=\"description\" content=\"P\u00e1gina oficial de la Fiscal\u00eda General de la Naci\u00f3n \u2013 Colombia. Garantizamos el acceso efectivo a la justicia, la verdad y la reparaci\u00f3n de las v\u00edctimas de los delitos.\" \/>\n<meta name=\"robots\" content=\"noindex, follow\" \/>\n<meta property=\"og:locale\" content=\"es_ES\" \/>\n<meta property=\"og:type\" content=\"article\" \/>\n<meta property=\"og:title\" content=\"Fiscal\u00eda General de la Naci\u00f3n\" \/>\n<meta property=\"og:description\" content=\"P\u00e1gina oficial de la Fiscal\u00eda General de la Naci\u00f3n \u2013 Colombia. Garantizamos el acceso efectivo a la justicia, la verdad y la reparaci\u00f3n de las v\u00edctimas de los delitos.\" \/>\n<meta property=\"og:url\" content=\"https:\/\/www.fiscalia.gov.co\/colombia\/noticias\/fiscalia-judicializo-a-cuatro-presuntos-integrantes-de-organizacion-dedicada-a-prestamos-gota-a-gota\/\" \/>\n<meta property=\"og:site_name\" content=\"Fiscal\u00eda General de la Naci\u00f3n\" \/>\n<meta property=\"article:publisher\" content=\"https:\/\/www.facebook.com\/FiscaliaCol\" \/>\n<meta property=\"article:published_time\" content=\"2024-07-30T14:31:05+00:00\" \/>\n<meta property=\"article:modified_time\" content=\"2024-07-30T14:32:08+00:00\" \/>\n<meta property=\"og:image\" content=\"https:\/\/www.fiscalia.gov.co\/colombia\/wp-content\/uploads\/WhatsApp-Image-2024-07-30-at-9.24.59-AM-300x169.jpeg\" \/>\n<meta name=\"author\" content=\"Paula Andrea Castillo Lenis\" \/>\n<meta name=\"twitter:card\" content=\"summary_large_image\" \/>\n<meta name=\"twitter:creator\" content=\"@FiscaliaCol\" \/>\n<meta name=\"twitter:site\" content=\"@FiscaliaCol\" \/>\n<meta name=\"twitter:label1\" content=\"Escrito por\" \/>\n\t<meta name=\"twitter:data1\" content=\"Paula Andrea Castillo Lenis\" \/>\n\t<meta name=\"twitter:label2\" content=\"Tiempo de lectura\" \/>\n\t<meta name=\"twitter:data2\" content=\"3 minutos\" \/>\n<script type=\"application\/ld+json\" class=\"yoast-schema-graph\">{\"@context\":\"https:\/\/schema.org\",\"@graph\":[{\"@type\":\"Article\",\"@id\":\"https:\/\/www.fiscalia.gov.co\/colombia\/noticias\/fiscalia-judicializo-a-cuatro-presuntos-integrantes-de-organizacion-dedicada-a-prestamos-gota-a-gota\/#article\",\"isPartOf\":{\"@id\":\"https:\/\/www.fiscalia.gov.co\/colombia\/noticias\/fiscalia-judicializo-a-cuatro-presuntos-integrantes-de-organizacion-dedicada-a-prestamos-gota-a-gota\/\"},\"author\":{\"name\":\"Paula Andrea Castillo Lenis\",\"@id\":\"https:\/\/www.fiscalia.gov.co\/colombia\/#\/schema\/person\/66c172905e0492f1de6bbe5f93c4668f\"},\"headline\":\"Fiscal\u00eda judicializ\u00f3 a cuatro presuntos integrantes de organizaci\u00f3n dedicada a pr\u00e9stamos \u2018gota a gota\u2019\",\"datePublished\":\"2024-07-30T14:31:05+00:00\",\"dateModified\":\"2024-07-30T14:32:08+00:00\",\"mainEntityOfPage\":{\"@id\":\"https:\/\/www.fiscalia.gov.co\/colombia\/noticias\/fiscalia-judicializo-a-cuatro-presuntos-integrantes-de-organizacion-dedicada-a-prestamos-gota-a-gota\/\"},\"wordCount\":619,\"publisher\":{\"@id\":\"https:\/\/www.fiscalia.gov.co\/colombia\/#organization\"},\"image\":{\"@id\":\"https:\/\/www.fiscalia.gov.co\/colombia\/noticias\/fiscalia-judicializo-a-cuatro-presuntos-integrantes-de-organizacion-dedicada-a-prestamos-gota-a-gota\/#primaryimage\"},\"thumbnailUrl\":\"https:\/\/www.fiscalia.gov.co\/colombia\/wp-content\/uploads\/WhatsApp-Image-2024-07-30-at-9.24.59-AM-300x169.jpeg\",\"keywords\":[\"Fiscal General Luz Adriana Camargo\",\"Fiscal\u00eda Colombia\",\"Fiscal\u00eda General de la Naci\u00f3n\",\"Gota a Gota\",\"Polic\u00eda judicial\",\"Polic\u00eda Nacional\",\"pr\u00e9stamos\",\"Pr\u00e9stamos \\\"gota a gota\\\"\"],\"articleSection\":[\"Noticias\",\"Seccional Pereira\",\"Seguridad territorial\"],\"inLanguage\":\"es-CO\"},{\"@type\":\"WebPage\",\"@id\":\"https:\/\/www.fiscalia.gov.co\/colombia\/noticias\/fiscalia-judicializo-a-cuatro-presuntos-integrantes-de-organizacion-dedicada-a-prestamos-gota-a-gota\/\",\"url\":\"https:\/\/www.fiscalia.gov.co\/colombia\/noticias\/fiscalia-judicializo-a-cuatro-presuntos-integrantes-de-organizacion-dedicada-a-prestamos-gota-a-gota\/\",\"name\":\"Fiscal\u00eda General de la Naci\u00f3n\",\"isPartOf\":{\"@id\":\"https:\/\/www.fiscalia.gov.co\/colombia\/#website\"},\"primaryImageOfPage\":{\"@id\":\"https:\/\/www.fiscalia.gov.co\/colombia\/noticias\/fiscalia-judicializo-a-cuatro-presuntos-integrantes-de-organizacion-dedicada-a-prestamos-gota-a-gota\/#primaryimage\"},\"image\":{\"@id\":\"https:\/\/www.fiscalia.gov.co\/colombia\/noticias\/fiscalia-judicializo-a-cuatro-presuntos-integrantes-de-organizacion-dedicada-a-prestamos-gota-a-gota\/#primaryimage\"},\"thumbnailUrl\":\"https:\/\/www.fiscalia.gov.co\/colombia\/wp-content\/uploads\/WhatsApp-Image-2024-07-30-at-9.24.59-AM-300x169.jpeg\",\"datePublished\":\"2024-07-30T14:31:05+00:00\",\"dateModified\":\"2024-07-30T14:32:08+00:00\",\"description\":\"P\u00e1gina oficial de la Fiscal\u00eda General de la Naci\u00f3n \u2013 Colombia. Garantizamos el acceso efectivo a la justicia, la verdad y la reparaci\u00f3n de las v\u00edctimas de los delitos.\",\"breadcrumb\":{\"@id\":\"https:\/\/www.fiscalia.gov.co\/colombia\/noticias\/fiscalia-judicializo-a-cuatro-presuntos-integrantes-de-organizacion-dedicada-a-prestamos-gota-a-gota\/#breadcrumb\"},\"inLanguage\":\"es-CO\",\"potentialAction\":[{\"@type\":\"ReadAction\",\"target\":[\"https:\/\/www.fiscalia.gov.co\/colombia\/noticias\/fiscalia-judicializo-a-cuatro-presuntos-integrantes-de-organizacion-dedicada-a-prestamos-gota-a-gota\/\"]}]},{\"@type\":\"ImageObject\",\"inLanguage\":\"es-CO\",\"@id\":\"https:\/\/www.fiscalia.gov.co\/colombia\/noticias\/fiscalia-judicializo-a-cuatro-presuntos-integrantes-de-organizacion-dedicada-a-prestamos-gota-a-gota\/#primaryimage\",\"url\":\"https:\/\/www.fiscalia.gov.co\/colombia\/wp-content\/uploads\/WhatsApp-Image-2024-07-30-at-9.24.59-AM.jpeg\",\"contentUrl\":\"https:\/\/www.fiscalia.gov.co\/colombia\/wp-content\/uploads\/WhatsApp-Image-2024-07-30-at-9.24.59-AM.jpeg\",\"width\":1600,\"height\":900,\"caption\":\"\u00c9dison Eduardo Mu\u00f1oz Castro, Dagnover Alirio Culman Ariza, Daniela Pinilla Mar\u00edn y Wilmer Fernando Hern\u00e1ndez fueron judicializados por, al parecer, estar involucrados en una red ilegal que ofrecer\u00eda millonarios pr\u00e9stamos bajo la modalidad de \u00b4gota a gota\u00b4.\"},{\"@type\":\"BreadcrumbList\",\"@id\":\"https:\/\/www.fiscalia.gov.co\/colombia\/noticias\/fiscalia-judicializo-a-cuatro-presuntos-integrantes-de-organizacion-dedicada-a-prestamos-gota-a-gota\/#breadcrumb\",\"itemListElement\":[{\"@type\":\"ListItem\",\"position\":1,\"name\":\"Home\",\"item\":\"https:\/\/www.fiscalia.gov.co\/colombia\/\"},{\"@type\":\"ListItem\",\"position\":2,\"name\":\"Fiscal\u00eda judicializ\u00f3 a cuatro presuntos integrantes de organizaci\u00f3n dedicada a pr\u00e9stamos \u2018gota a gota\u2019\"}]},{\"@type\":\"WebSite\",\"@id\":\"https:\/\/www.fiscalia.gov.co\/colombia\/#website\",\"url\":\"https:\/\/www.fiscalia.gov.co\/colombia\/\",\"name\":\"Fiscal\u00eda General de la Naci\u00f3n\",\"description\":\"P\u00e1gina oficial de la Fiscal\u00eda General de la Naci\u00f3n \u2013 Colombia. Garantizamos el acceso efectivo a la justicia, la verdad y la reparaci\u00f3n de las v\u00edctimas de los delitos.\",\"publisher\":{\"@id\":\"https:\/\/www.fiscalia.gov.co\/colombia\/#organization\"},\"potentialAction\":[{\"@type\":\"SearchAction\",\"target\":{\"@type\":\"EntryPoint\",\"urlTemplate\":\"https:\/\/www.fiscalia.gov.co\/colombia\/?s={search_term_string}\"},\"query-input\":{\"@type\":\"PropertyValueSpecification\",\"valueRequired\":true,\"valueName\":\"search_term_string\"}}],\"inLanguage\":\"es-CO\"},{\"@type\":\"Organization\",\"@id\":\"https:\/\/www.fiscalia.gov.co\/colombia\/#organization\",\"name\":\"Fiscal\u00eda General de la Naci\u00f3n\",\"url\":\"https:\/\/www.fiscalia.gov.co\/colombia\/\",\"logo\":{\"@type\":\"ImageObject\",\"inLanguage\":\"es-CO\",\"@id\":\"https:\/\/www.fiscalia.gov.co\/colombia\/#\/schema\/logo\/image\/\",\"url\":\"https:\/\/www.fiscalia.gov.co\/colombia\/wp-content\/uploads\/LogoHorizontal_1.jpg\",\"contentUrl\":\"https:\/\/www.fiscalia.gov.co\/colombia\/wp-content\/uploads\/LogoHorizontal_1.jpg\",\"width\":300,\"height\":90,\"caption\":\"Fiscal\u00eda General de la Naci\u00f3n\"},\"image\":{\"@id\":\"https:\/\/www.fiscalia.gov.co\/colombia\/#\/schema\/logo\/image\/\"},\"sameAs\":[\"https:\/\/www.facebook.com\/FiscaliaCol\",\"https:\/\/x.com\/FiscaliaCol\",\"https:\/\/www.instagram.com\/fiscaliacol\",\"https:\/\/www.linkedin.com\/company\/fiscalia-general-de-la-naci-n\/\",\"https:\/\/youtube.com\/@fiscaliageneraldelanacion-4668?si=6nN79nyQICPU5iTh\"]},{\"@type\":\"Person\",\"@id\":\"https:\/\/www.fiscalia.gov.co\/colombia\/#\/schema\/person\/66c172905e0492f1de6bbe5f93c4668f\",\"name\":\"Paula Andrea Castillo Lenis\",\"image\":{\"@type\":\"ImageObject\",\"inLanguage\":\"es-CO\",\"@id\":\"https:\/\/www.fiscalia.gov.co\/colombia\/#\/schema\/person\/image\/\",\"url\":\"https:\/\/secure.gravatar.com\/avatar\/cb060d9561f2947c4102d1825739f868?s=96&d=mm&r=g\",\"contentUrl\":\"https:\/\/secure.gravatar.com\/avatar\/cb060d9561f2947c4102d1825739f868?s=96&d=mm&r=g\",\"caption\":\"Paula Andrea Castillo Lenis\"},\"url\":\"https:\/\/www.fiscalia.gov.co\/colombia\/author\/paula-castillo\/\"}]}<\/script>\n<!-- \/ Yoast SEO plugin. -->","yoast_head_json":{"title":"Fiscal\u00eda General de la Naci\u00f3n","description":"P\u00e1gina oficial de la Fiscal\u00eda General de la Naci\u00f3n \u2013 Colombia. Garantizamos el acceso efectivo a la justicia, la verdad y la reparaci\u00f3n de las v\u00edctimas de los delitos.","robots":{"index":"noindex","follow":"follow"},"og_locale":"es_ES","og_type":"article","og_title":"Fiscal\u00eda General de la Naci\u00f3n","og_description":"P\u00e1gina oficial de la Fiscal\u00eda General de la Naci\u00f3n \u2013 Colombia. Garantizamos el acceso efectivo a la justicia, la verdad y la reparaci\u00f3n de las v\u00edctimas de los delitos.","og_url":"https:\/\/www.fiscalia.gov.co\/colombia\/noticias\/fiscalia-judicializo-a-cuatro-presuntos-integrantes-de-organizacion-dedicada-a-prestamos-gota-a-gota\/","og_site_name":"Fiscal\u00eda General de la Naci\u00f3n","article_publisher":"https:\/\/www.facebook.com\/FiscaliaCol","article_published_time":"2024-07-30T14:31:05+00:00","article_modified_time":"2024-07-30T14:32:08+00:00","og_image":[{"url":"https:\/\/www.fiscalia.gov.co\/colombia\/wp-content\/uploads\/WhatsApp-Image-2024-07-30-at-9.24.59-AM-300x169.jpeg","type":"","width":"","height":""}],"author":"Paula Andrea Castillo Lenis","twitter_card":"summary_large_image","twitter_creator":"@FiscaliaCol","twitter_site":"@FiscaliaCol","twitter_misc":{"Escrito por":"Paula Andrea Castillo Lenis","Tiempo de lectura":"3 minutos"},"schema":{"@context":"https:\/\/schema.org","@graph":[{"@type":"Article","@id":"https:\/\/www.fiscalia.gov.co\/colombia\/noticias\/fiscalia-judicializo-a-cuatro-presuntos-integrantes-de-organizacion-dedicada-a-prestamos-gota-a-gota\/#article","isPartOf":{"@id":"https:\/\/www.fiscalia.gov.co\/colombia\/noticias\/fiscalia-judicializo-a-cuatro-presuntos-integrantes-de-organizacion-dedicada-a-prestamos-gota-a-gota\/"},"author":{"name":"Paula Andrea Castillo Lenis","@id":"https:\/\/www.fiscalia.gov.co\/colombia\/#\/schema\/person\/66c172905e0492f1de6bbe5f93c4668f"},"headline":"Fiscal\u00eda judicializ\u00f3 a cuatro presuntos integrantes de organizaci\u00f3n dedicada a pr\u00e9stamos \u2018gota a gota\u2019","datePublished":"2024-07-30T14:31:05+00:00","dateModified":"2024-07-30T14:32:08+00:00","mainEntityOfPage":{"@id":"https:\/\/www.fiscalia.gov.co\/colombia\/noticias\/fiscalia-judicializo-a-cuatro-presuntos-integrantes-de-organizacion-dedicada-a-prestamos-gota-a-gota\/"},"wordCount":619,"publisher":{"@id":"https:\/\/www.fiscalia.gov.co\/colombia\/#organization"},"image":{"@id":"https:\/\/www.fiscalia.gov.co\/colombia\/noticias\/fiscalia-judicializo-a-cuatro-presuntos-integrantes-de-organizacion-dedicada-a-prestamos-gota-a-gota\/#primaryimage"},"thumbnailUrl":"https:\/\/www.fiscalia.gov.co\/colombia\/wp-content\/uploads\/WhatsApp-Image-2024-07-30-at-9.24.59-AM-300x169.jpeg","keywords":["Fiscal General Luz Adriana Camargo","Fiscal\u00eda Colombia","Fiscal\u00eda General de la Naci\u00f3n","Gota a Gota","Polic\u00eda judicial","Polic\u00eda Nacional","pr\u00e9stamos","Pr\u00e9stamos \"gota a gota\""],"articleSection":["Noticias","Seccional Pereira","Seguridad territorial"],"inLanguage":"es-CO"},{"@type":"WebPage","@id":"https:\/\/www.fiscalia.gov.co\/colombia\/noticias\/fiscalia-judicializo-a-cuatro-presuntos-integrantes-de-organizacion-dedicada-a-prestamos-gota-a-gota\/","url":"https:\/\/www.fiscalia.gov.co\/colombia\/noticias\/fiscalia-judicializo-a-cuatro-presuntos-integrantes-de-organizacion-dedicada-a-prestamos-gota-a-gota\/","name":"Fiscal\u00eda General de la Naci\u00f3n","isPartOf":{"@id":"https:\/\/www.fiscalia.gov.co\/colombia\/#website"},"primaryImageOfPage":{"@id":"https:\/\/www.fiscalia.gov.co\/colombia\/noticias\/fiscalia-judicializo-a-cuatro-presuntos-integrantes-de-organizacion-dedicada-a-prestamos-gota-a-gota\/#primaryimage"},"image":{"@id":"https:\/\/www.fiscalia.gov.co\/colombia\/noticias\/fiscalia-judicializo-a-cuatro-presuntos-integrantes-de-organizacion-dedicada-a-prestamos-gota-a-gota\/#primaryimage"},"thumbnailUrl":"https:\/\/www.fiscalia.gov.co\/colombia\/wp-content\/uploads\/WhatsApp-Image-2024-07-30-at-9.24.59-AM-300x169.jpeg","datePublished":"2024-07-30T14:31:05+00:00","dateModified":"2024-07-30T14:32:08+00:00","description":"P\u00e1gina oficial de la Fiscal\u00eda General de la Naci\u00f3n \u2013 Colombia. Garantizamos el acceso efectivo a la justicia, la verdad y la reparaci\u00f3n de las v\u00edctimas de los delitos.","breadcrumb":{"@id":"https:\/\/www.fiscalia.gov.co\/colombia\/noticias\/fiscalia-judicializo-a-cuatro-presuntos-integrantes-de-organizacion-dedicada-a-prestamos-gota-a-gota\/#breadcrumb"},"inLanguage":"es-CO","potentialAction":[{"@type":"ReadAction","target":["https:\/\/www.fiscalia.gov.co\/colombia\/noticias\/fiscalia-judicializo-a-cuatro-presuntos-integrantes-de-organizacion-dedicada-a-prestamos-gota-a-gota\/"]}]},{"@type":"ImageObject","inLanguage":"es-CO","@id":"https:\/\/www.fiscalia.gov.co\/colombia\/noticias\/fiscalia-judicializo-a-cuatro-presuntos-integrantes-de-organizacion-dedicada-a-prestamos-gota-a-gota\/#primaryimage","url":"https:\/\/www.fiscalia.gov.co\/colombia\/wp-content\/uploads\/WhatsApp-Image-2024-07-30-at-9.24.59-AM.jpeg","contentUrl":"https:\/\/www.fiscalia.gov.co\/colombia\/wp-content\/uploads\/WhatsApp-Image-2024-07-30-at-9.24.59-AM.jpeg","width":1600,"height":900,"caption":"\u00c9dison Eduardo Mu\u00f1oz Castro, Dagnover Alirio Culman Ariza, Daniela Pinilla Mar\u00edn y Wilmer Fernando Hern\u00e1ndez fueron judicializados por, al parecer, estar involucrados en una red ilegal que ofrecer\u00eda millonarios pr\u00e9stamos bajo la modalidad de \u00b4gota a gota\u00b4."},{"@type":"BreadcrumbList","@id":"https:\/\/www.fiscalia.gov.co\/colombia\/noticias\/fiscalia-judicializo-a-cuatro-presuntos-integrantes-de-organizacion-dedicada-a-prestamos-gota-a-gota\/#breadcrumb","itemListElement":[{"@type":"ListItem","position":1,"name":"Home","item":"https:\/\/www.fiscalia.gov.co\/colombia\/"},{"@type":"ListItem","position":2,"name":"Fiscal\u00eda judicializ\u00f3 a cuatro presuntos integrantes de organizaci\u00f3n dedicada a pr\u00e9stamos \u2018gota a gota\u2019"}]},{"@type":"WebSite","@id":"https:\/\/www.fiscalia.gov.co\/colombia\/#website","url":"https:\/\/www.fiscalia.gov.co\/colombia\/","name":"Fiscal\u00eda General de la Naci\u00f3n","description":"P\u00e1gina oficial de la Fiscal\u00eda General de la Naci\u00f3n \u2013 Colombia. Garantizamos el acceso efectivo a la justicia, la verdad y la reparaci\u00f3n de las v\u00edctimas de los delitos.","publisher":{"@id":"https:\/\/www.fiscalia.gov.co\/colombia\/#organization"},"potentialAction":[{"@type":"SearchAction","target":{"@type":"EntryPoint","urlTemplate":"https:\/\/www.fiscalia.gov.co\/colombia\/?s={search_term_string}"},"query-input":{"@type":"PropertyValueSpecification","valueRequired":true,"valueName":"search_term_string"}}],"inLanguage":"es-CO"},{"@type":"Organization","@id":"https:\/\/www.fiscalia.gov.co\/colombia\/#organization","name":"Fiscal\u00eda General de la Naci\u00f3n","url":"https:\/\/www.fiscalia.gov.co\/colombia\/","logo":{"@type":"ImageObject","inLanguage":"es-CO","@id":"https:\/\/www.fiscalia.gov.co\/colombia\/#\/schema\/logo\/image\/","url":"https:\/\/www.fiscalia.gov.co\/colombia\/wp-content\/uploads\/LogoHorizontal_1.jpg","contentUrl":"https:\/\/www.fiscalia.gov.co\/colombia\/wp-content\/uploads\/LogoHorizontal_1.jpg","width":300,"height":90,"caption":"Fiscal\u00eda General de la Naci\u00f3n"},"image":{"@id":"https:\/\/www.fiscalia.gov.co\/colombia\/#\/schema\/logo\/image\/"},"sameAs":["https:\/\/www.facebook.com\/FiscaliaCol","https:\/\/x.com\/FiscaliaCol","https:\/\/www.instagram.com\/fiscaliacol","https:\/\/www.linkedin.com\/company\/fiscalia-general-de-la-naci-n\/","https:\/\/youtube.com\/@fiscaliageneraldelanacion-4668?si=6nN79nyQICPU5iTh"]},{"@type":"Person","@id":"https:\/\/www.fiscalia.gov.co\/colombia\/#\/schema\/person\/66c172905e0492f1de6bbe5f93c4668f","name":"Paula Andrea Castillo Lenis","image":{"@type":"ImageObject","inLanguage":"es-CO","@id":"https:\/\/www.fiscalia.gov.co\/colombia\/#\/schema\/person\/image\/","url":"https:\/\/secure.gravatar.com\/avatar\/cb060d9561f2947c4102d1825739f868?s=96&d=mm&r=g","contentUrl":"https:\/\/secure.gravatar.com\/avatar\/cb060d9561f2947c4102d1825739f868?s=96&d=mm&r=g","caption":"Paula Andrea Castillo Lenis"},"url":"https:\/\/www.fiscalia.gov.co\/colombia\/author\/paula-castillo\/"}]}},"_links":{"self":[{"href":"https:\/\/www.fiscalia.gov.co\/colombia\/wp-json\/wp\/v2\/posts\/299291","targetHints":{"allow":["GET"]}}],"collection":[{"href":"https:\/\/www.fiscalia.gov.co\/colombia\/wp-json\/wp\/v2\/posts"}],"about":[{"href":"https:\/\/www.fiscalia.gov.co\/colombia\/wp-json\/wp\/v2\/types\/post"}],"author":[{"embeddable":true,"href":"https:\/\/www.fiscalia.gov.co\/colombia\/wp-json\/wp\/v2\/users\/182"}],"replies":[{"embeddable":true,"href":"https:\/\/www.fiscalia.gov.co\/colombia\/wp-json\/wp\/v2\/comments?post=299291"}],"version-history":[{"count":2,"href":"https:\/\/www.fiscalia.gov.co\/colombia\/wp-json\/wp\/v2\/posts\/299291\/revisions"}],"predecessor-version":[{"id":299297,"href":"https:\/\/www.fiscalia.gov.co\/colombia\/wp-json\/wp\/v2\/posts\/299291\/revisions\/299297"}],"wp:attachment":[{"href":"https:\/\/www.fiscalia.gov.co\/colombia\/wp-json\/wp\/v2\/media?parent=299291"}],"wp:term":[{"taxonomy":"category","embeddable":true,"href":"https:\/\/www.fiscalia.gov.co\/colombia\/wp-json\/wp\/v2\/categories?post=299291"},{"taxonomy":"post_tag","embeddable":true,"href":"https:\/\/www.fiscalia.gov.co\/colombia\/wp-json\/wp\/v2\/tags?post=299291"}],"curies":[{"name":"wp","href":"https:\/\/api.w.org\/{rel}","templated":true}]}}