{"id":299284,"date":"2024-07-30T09:07:01","date_gmt":"2024-07-30T14:07:01","guid":{"rendered":"https:\/\/www.fiscalia.gov.co\/colombia\/?p=299284"},"modified":"2024-07-30T09:18:14","modified_gmt":"2024-07-30T14:18:14","slug":"asegurados-dos-hombres-que-estarian-involucrados-en-agresiones-sexuales-contra-menores-de-edad-en-huila","status":"publish","type":"post","link":"https:\/\/www.fiscalia.gov.co\/colombia\/noticias\/asegurados-dos-hombres-que-estarian-involucrados-en-agresiones-sexuales-contra-menores-de-edad-en-huila\/","title":{"rendered":"Asegurados dos hombres que estar\u00edan involucrados en agresiones sexuales contra menores de edad en Huila"},"content":{"rendered":"<p style=\"font-weight: 400;\"><strong>La Fiscal\u00eda General de la Naci\u00f3n consigui\u00f3 que jueces de control de garant\u00edas<\/strong> impusieran medida de aseguramiento en centro carcelario a dos hombres, presuntamente implicados en<a href=\"https:\/\/www.fiscalia.gov.co\/colombia\/noticias\/a-la-carcel-presunto-responsable-del-feminicidio-de-su-companera-sentimental-en-huila\/\" target=\"_blank\" rel=\"noopener\"> delitos sexuales contra dos menores de 7 y 9 a\u00f1os<\/a>. Los hechos ocurrieron en Huila y Tolima. Los posibles agresores habr\u00edan sido el pap\u00e1 de una de las ni\u00f1as, y un vecino de la otra menor.<\/p>\n<figure id=\"attachment_299287\" aria-describedby=\"caption-attachment-299287\" style=\"width: 300px\" class=\"wp-caption alignnone\"><img loading=\"lazy\" decoding=\"async\" class=\"size-medium wp-image-299287\" src=\"https:\/\/www.fiscalia.gov.co\/colombia\/wp-content\/uploads\/Vecino-abusador-300x242.jpeg\" alt=\" El imputado se encuentra en custodia por un uniformado de la Polic\u00eda Nacional. El capturado tiene la cara cubierta y tiene un buzo blanco. Detr\u00e1s se observa un backing de la Polic\u00eda.\" width=\"300\" height=\"242\" srcset=\"https:\/\/www.fiscalia.gov.co\/colombia\/wp-content\/uploads\/Vecino-abusador-300x242.jpeg 300w, https:\/\/www.fiscalia.gov.co\/colombia\/wp-content\/uploads\/Vecino-abusador-1024x825.jpeg 1024w, https:\/\/www.fiscalia.gov.co\/colombia\/wp-content\/uploads\/Vecino-abusador-768x619.jpeg 768w, https:\/\/www.fiscalia.gov.co\/colombia\/wp-content\/uploads\/Vecino-abusador-1536x1237.jpeg 1536w, https:\/\/www.fiscalia.gov.co\/colombia\/wp-content\/uploads\/Vecino-abusador-521x420.jpeg 521w, https:\/\/www.fiscalia.gov.co\/colombia\/wp-content\/uploads\/Vecino-abusador-696x561.jpeg 696w, https:\/\/www.fiscalia.gov.co\/colombia\/wp-content\/uploads\/Vecino-abusador-1068x860.jpeg 1068w, https:\/\/www.fiscalia.gov.co\/colombia\/wp-content\/uploads\/Vecino-abusador.jpeg 1562w\" sizes=\"auto, (max-width: 300px) 100vw, 300px\" \/><figcaption id=\"caption-attachment-299287\" class=\"wp-caption-text\">El presunto agresor ser\u00eda el padre de la v\u00edctima quien se cree aprovech\u00f3 su relaci\u00f3n con la ni\u00f1a para someterla a tocamientos de \u00edndole sexual. Estas acciones sucedieron mientras la menor estaba bajo el cuidado del capturado.<\/figcaption><\/figure>\n<p style=\"font-weight: 400;\">En uno de los hechos fue afectada una menor de 8 a\u00f1os que habr\u00eda sido v\u00edctima de su padre.<strong> Las agresiones ocurrieron entre enero de 2023 y julio de 2024 en los barrios Alcal\u00e1 en Palermo; y Las Acacias en Neiva (Huila); y en una poblaci\u00f3n del Tolima.<\/strong><\/p>\n<p style=\"font-weight: 400;\"><strong>El presunto agresor ser\u00eda el padre de la v\u00edctima quien se cree aprovech\u00f3 su relaci\u00f3n con la ni\u00f1a para someterla a tocamientos de \u00edndole sexual.<\/strong> Estas acciones sucedieron mientras la menor estaba bajo el cuidado del capturado.<\/p>\n<figure id=\"attachment_299288\" aria-describedby=\"caption-attachment-299288\" style=\"width: 300px\" class=\"wp-caption alignnone\"><img loading=\"lazy\" decoding=\"async\" class=\"size-medium wp-image-299288\" src=\"https:\/\/www.fiscalia.gov.co\/colombia\/wp-content\/uploads\/Padre-abusador-300x241.jpeg\" alt=\" El imputado se encuentra custodiado por dos uniformados de la Polic\u00eda Nacional. El capturado tiene una camisa rosada. Detr\u00e1s se observa un backing de la Polic\u00eda.\" width=\"300\" height=\"241\" srcset=\"https:\/\/www.fiscalia.gov.co\/colombia\/wp-content\/uploads\/Padre-abusador-300x241.jpeg 300w, https:\/\/www.fiscalia.gov.co\/colombia\/wp-content\/uploads\/Padre-abusador-1024x824.jpeg 1024w, https:\/\/www.fiscalia.gov.co\/colombia\/wp-content\/uploads\/Padre-abusador-768x618.jpeg 768w, https:\/\/www.fiscalia.gov.co\/colombia\/wp-content\/uploads\/Padre-abusador-1536x1235.jpeg 1536w, https:\/\/www.fiscalia.gov.co\/colombia\/wp-content\/uploads\/Padre-abusador-522x420.jpeg 522w, https:\/\/www.fiscalia.gov.co\/colombia\/wp-content\/uploads\/Padre-abusador-696x560.jpeg 696w, https:\/\/www.fiscalia.gov.co\/colombia\/wp-content\/uploads\/Padre-abusador-1068x859.jpeg 1068w, https:\/\/www.fiscalia.gov.co\/colombia\/wp-content\/uploads\/Padre-abusador.jpeg 1564w\" sizes=\"auto, (max-width: 300px) 100vw, 300px\" \/><figcaption id=\"caption-attachment-299288\" class=\"wp-caption-text\">La Fiscal\u00eda imput\u00f3 a los investigados, seg\u00fan sus probables responsabilidades individuales, los delitos como actos sexuales con menor de 14 a\u00f1os y acceso carnal abusivo con menor de 14 a\u00f1os, ambos agravados<\/figcaption><\/figure>\n<p style=\"font-weight: 400;\">Una de las agresiones ocurri\u00f3 durante la celebraci\u00f3n del cumplea\u00f1os del presunto agresor quien habr\u00eda aprovechado <strong>la indefensi\u00f3n de su hija para abusar de ella en una habitaci\u00f3n de su vivienda.<\/strong><\/p>\n<p style=\"font-weight: 400;\">El Cuerpo T\u00e9cnico de Investigaci\u00f3n (CTI) con el apoyo de la Polic\u00eda Nacional captur\u00f3 a los judicializados.<strong> La Fiscal\u00eda imput\u00f3 a los investigados, seg\u00fan sus probables responsabilidades individuales<\/strong>, los delitos como actos sexuales con menor de 14 a\u00f1os y acceso carnal abusivo con menor de 14 a\u00f1os, ambos agravados. Ninguno acept\u00f3 los cargos.<\/p>\n<p style=\"font-weight: 400;\">WAGG\/LMFO\/MAGA\/NP\/JCFJ\/DSH<\/p>\n<p>&nbsp;<\/p>\n<p>&nbsp;<\/p>\n<p><em>La informaci\u00f3n contenida en este bolet\u00edn de prensa corresponde a la narraci\u00f3n de los hechos noticiosos objetivos, suministrados por los funcionarios encargados de adelantar las investigaciones penales al interior de la Fiscal\u00eda General de la Naci\u00f3n. Para el momento de la divulgaci\u00f3n de este comunicado, la situaci\u00f3n jur\u00eddica de la(s) persona(s) relacionada(s) se encuentra pendiente de resolver por la autoridad judicial competente, siempre bajo los preceptos de la presunci\u00f3n de inocencia, consagrados en el art\u00edculo 29 de la Constituci\u00f3n Pol\u00edtica y el art\u00edculo 7\u00ba de la Ley 906 de 2004.<\/em><\/p>\n<p style=\"font-weight: 400;\">\n\n<div class=\"twitter-share\"><a href=\"https:\/\/twitter.com\/intent\/tweet?via=fiscaliacol\" class=\"twitter-share-button\">Tweet<\/a><\/div>\n","protected":false},"excerpt":{"rendered":"<p>La Fiscal\u00eda General de la Naci\u00f3n consigui\u00f3 que jueces de control de garant\u00edas impusieran medida de aseguramiento en centro carcelario a dos hombres, presuntamente implicados en delitos sexuales contra dos [&hellip;]<\/p>\n","protected":false},"author":181,"featured_media":0,"comment_status":"closed","ping_status":"open","sticky":false,"template":"","format":"standard","meta":{"tdm_status":"","tdm_grid_status":"","footnotes":""},"categories":[1],"tags":[801,366,863,24774,8448,1047,16,23833,24531,1408,29775,24485],"class_list":["post-299284","post","type-post","status-publish","format-standard","category-noticias","tag-abuso-sexual","tag-acceso-carnal","tag-actos-sexuales","tag-adolescentes","tag-agravado","tag-fiscalia-general-de-la-nacion","tag-huila","tag-neiva","tag-ninas","tag-ninos","tag-palermo","tag-seccional-huila"],"yoast_head":"<!-- This site is optimized with the Yoast SEO plugin v24.3 - https:\/\/yoast.com\/wordpress\/plugins\/seo\/ -->\n<title>Fiscal\u00eda General de la Naci\u00f3n<\/title>\n<meta name=\"description\" content=\"P\u00e1gina oficial de la Fiscal\u00eda General de la Naci\u00f3n \u2013 Colombia. Garantizamos el acceso efectivo a la justicia, la verdad y la reparaci\u00f3n de las v\u00edctimas de los delitos.\" \/>\n<meta name=\"robots\" content=\"noindex, follow\" \/>\n<meta property=\"og:locale\" content=\"es_ES\" \/>\n<meta property=\"og:type\" content=\"article\" \/>\n<meta property=\"og:title\" content=\"Fiscal\u00eda General de la Naci\u00f3n\" \/>\n<meta property=\"og:description\" content=\"P\u00e1gina oficial de la Fiscal\u00eda General de la Naci\u00f3n \u2013 Colombia. Garantizamos el acceso efectivo a la justicia, la verdad y la reparaci\u00f3n de las v\u00edctimas de los delitos.\" \/>\n<meta property=\"og:url\" content=\"https:\/\/www.fiscalia.gov.co\/colombia\/noticias\/asegurados-dos-hombres-que-estarian-involucrados-en-agresiones-sexuales-contra-menores-de-edad-en-huila\/\" \/>\n<meta property=\"og:site_name\" content=\"Fiscal\u00eda General de la Naci\u00f3n\" \/>\n<meta property=\"article:publisher\" content=\"https:\/\/www.facebook.com\/FiscaliaCol\" \/>\n<meta property=\"article:published_time\" content=\"2024-07-30T14:07:01+00:00\" \/>\n<meta property=\"article:modified_time\" content=\"2024-07-30T14:18:14+00:00\" \/>\n<meta property=\"og:image\" content=\"https:\/\/www.fiscalia.gov.co\/colombia\/wp-content\/uploads\/Vecino-abusador-300x242.jpeg\" \/>\n<meta name=\"author\" content=\"Johanna Islenny Prieto Pe\u00f1a\" \/>\n<meta name=\"twitter:card\" content=\"summary_large_image\" \/>\n<meta name=\"twitter:creator\" content=\"@FiscaliaCol\" \/>\n<meta name=\"twitter:site\" content=\"@FiscaliaCol\" \/>\n<meta name=\"twitter:label1\" content=\"Escrito por\" \/>\n\t<meta name=\"twitter:data1\" content=\"Johanna Islenny Prieto Pe\u00f1a\" \/>\n\t<meta name=\"twitter:label2\" content=\"Tiempo de lectura\" \/>\n\t<meta name=\"twitter:data2\" content=\"2 minutos\" \/>\n<script type=\"application\/ld+json\" class=\"yoast-schema-graph\">{\"@context\":\"https:\/\/schema.org\",\"@graph\":[{\"@type\":\"Article\",\"@id\":\"https:\/\/www.fiscalia.gov.co\/colombia\/noticias\/asegurados-dos-hombres-que-estarian-involucrados-en-agresiones-sexuales-contra-menores-de-edad-en-huila\/#article\",\"isPartOf\":{\"@id\":\"https:\/\/www.fiscalia.gov.co\/colombia\/noticias\/asegurados-dos-hombres-que-estarian-involucrados-en-agresiones-sexuales-contra-menores-de-edad-en-huila\/\"},\"author\":{\"name\":\"Johanna Islenny Prieto Pe\u00f1a\",\"@id\":\"https:\/\/www.fiscalia.gov.co\/colombia\/#\/schema\/person\/ba9eca435947489fb25117a0cd75bf3e\"},\"headline\":\"Asegurados dos hombres que estar\u00edan involucrados en agresiones sexuales contra menores de edad en Huila\",\"datePublished\":\"2024-07-30T14:07:01+00:00\",\"dateModified\":\"2024-07-30T14:18:14+00:00\",\"mainEntityOfPage\":{\"@id\":\"https:\/\/www.fiscalia.gov.co\/colombia\/noticias\/asegurados-dos-hombres-que-estarian-involucrados-en-agresiones-sexuales-contra-menores-de-edad-en-huila\/\"},\"wordCount\":465,\"publisher\":{\"@id\":\"https:\/\/www.fiscalia.gov.co\/colombia\/#organization\"},\"image\":{\"@id\":\"https:\/\/www.fiscalia.gov.co\/colombia\/noticias\/asegurados-dos-hombres-que-estarian-involucrados-en-agresiones-sexuales-contra-menores-de-edad-en-huila\/#primaryimage\"},\"thumbnailUrl\":\"https:\/\/www.fiscalia.gov.co\/colombia\/wp-content\/uploads\/Vecino-abusador-300x242.jpeg\",\"keywords\":[\"Abuso sexual\",\"Acceso carnal\",\"Actos sexuales\",\"adolescentes\",\"Agravado\",\"Fiscal\u00eda General de la Naci\u00f3n\",\"Huila\",\"Neiva\",\"ni\u00f1as\",\"Ni\u00f1os\",\"Palermo\",\"Seccional Huila\"],\"articleSection\":[\"Noticias\"],\"inLanguage\":\"es-CO\"},{\"@type\":\"WebPage\",\"@id\":\"https:\/\/www.fiscalia.gov.co\/colombia\/noticias\/asegurados-dos-hombres-que-estarian-involucrados-en-agresiones-sexuales-contra-menores-de-edad-en-huila\/\",\"url\":\"https:\/\/www.fiscalia.gov.co\/colombia\/noticias\/asegurados-dos-hombres-que-estarian-involucrados-en-agresiones-sexuales-contra-menores-de-edad-en-huila\/\",\"name\":\"Fiscal\u00eda General de la Naci\u00f3n\",\"isPartOf\":{\"@id\":\"https:\/\/www.fiscalia.gov.co\/colombia\/#website\"},\"primaryImageOfPage\":{\"@id\":\"https:\/\/www.fiscalia.gov.co\/colombia\/noticias\/asegurados-dos-hombres-que-estarian-involucrados-en-agresiones-sexuales-contra-menores-de-edad-en-huila\/#primaryimage\"},\"image\":{\"@id\":\"https:\/\/www.fiscalia.gov.co\/colombia\/noticias\/asegurados-dos-hombres-que-estarian-involucrados-en-agresiones-sexuales-contra-menores-de-edad-en-huila\/#primaryimage\"},\"thumbnailUrl\":\"https:\/\/www.fiscalia.gov.co\/colombia\/wp-content\/uploads\/Vecino-abusador-300x242.jpeg\",\"datePublished\":\"2024-07-30T14:07:01+00:00\",\"dateModified\":\"2024-07-30T14:18:14+00:00\",\"description\":\"P\u00e1gina oficial de la Fiscal\u00eda General de la Naci\u00f3n \u2013 Colombia. Garantizamos el acceso efectivo a la justicia, la verdad y la reparaci\u00f3n de las v\u00edctimas de los delitos.\",\"breadcrumb\":{\"@id\":\"https:\/\/www.fiscalia.gov.co\/colombia\/noticias\/asegurados-dos-hombres-que-estarian-involucrados-en-agresiones-sexuales-contra-menores-de-edad-en-huila\/#breadcrumb\"},\"inLanguage\":\"es-CO\",\"potentialAction\":[{\"@type\":\"ReadAction\",\"target\":[\"https:\/\/www.fiscalia.gov.co\/colombia\/noticias\/asegurados-dos-hombres-que-estarian-involucrados-en-agresiones-sexuales-contra-menores-de-edad-en-huila\/\"]}]},{\"@type\":\"ImageObject\",\"inLanguage\":\"es-CO\",\"@id\":\"https:\/\/www.fiscalia.gov.co\/colombia\/noticias\/asegurados-dos-hombres-que-estarian-involucrados-en-agresiones-sexuales-contra-menores-de-edad-en-huila\/#primaryimage\",\"url\":\"https:\/\/www.fiscalia.gov.co\/colombia\/wp-content\/uploads\/Vecino-abusador.jpeg\",\"contentUrl\":\"https:\/\/www.fiscalia.gov.co\/colombia\/wp-content\/uploads\/Vecino-abusador.jpeg\",\"width\":1562,\"height\":1258,\"caption\":\"El imputado se encuentra en custodia por un uniformado de la Polic\u00eda Nacional. El capturado tiene la cara cubierta y tiene un buzo blanco. Detr\u00e1s se observa un backing de la Polic\u00eda.\"},{\"@type\":\"BreadcrumbList\",\"@id\":\"https:\/\/www.fiscalia.gov.co\/colombia\/noticias\/asegurados-dos-hombres-que-estarian-involucrados-en-agresiones-sexuales-contra-menores-de-edad-en-huila\/#breadcrumb\",\"itemListElement\":[{\"@type\":\"ListItem\",\"position\":1,\"name\":\"Home\",\"item\":\"https:\/\/www.fiscalia.gov.co\/colombia\/\"},{\"@type\":\"ListItem\",\"position\":2,\"name\":\"Asegurados dos hombres que estar\u00edan involucrados en agresiones sexuales contra menores de edad en Huila\"}]},{\"@type\":\"WebSite\",\"@id\":\"https:\/\/www.fiscalia.gov.co\/colombia\/#website\",\"url\":\"https:\/\/www.fiscalia.gov.co\/colombia\/\",\"name\":\"Fiscal\u00eda General de la Naci\u00f3n\",\"description\":\"P\u00e1gina oficial de la Fiscal\u00eda General de la Naci\u00f3n \u2013 Colombia. Garantizamos el acceso efectivo a la justicia, la verdad y la reparaci\u00f3n de las v\u00edctimas de los delitos.\",\"publisher\":{\"@id\":\"https:\/\/www.fiscalia.gov.co\/colombia\/#organization\"},\"potentialAction\":[{\"@type\":\"SearchAction\",\"target\":{\"@type\":\"EntryPoint\",\"urlTemplate\":\"https:\/\/www.fiscalia.gov.co\/colombia\/?s={search_term_string}\"},\"query-input\":{\"@type\":\"PropertyValueSpecification\",\"valueRequired\":true,\"valueName\":\"search_term_string\"}}],\"inLanguage\":\"es-CO\"},{\"@type\":\"Organization\",\"@id\":\"https:\/\/www.fiscalia.gov.co\/colombia\/#organization\",\"name\":\"Fiscal\u00eda General de la Naci\u00f3n\",\"url\":\"https:\/\/www.fiscalia.gov.co\/colombia\/\",\"logo\":{\"@type\":\"ImageObject\",\"inLanguage\":\"es-CO\",\"@id\":\"https:\/\/www.fiscalia.gov.co\/colombia\/#\/schema\/logo\/image\/\",\"url\":\"https:\/\/www.fiscalia.gov.co\/colombia\/wp-content\/uploads\/LogoHorizontal_1.jpg\",\"contentUrl\":\"https:\/\/www.fiscalia.gov.co\/colombia\/wp-content\/uploads\/LogoHorizontal_1.jpg\",\"width\":300,\"height\":90,\"caption\":\"Fiscal\u00eda General de la Naci\u00f3n\"},\"image\":{\"@id\":\"https:\/\/www.fiscalia.gov.co\/colombia\/#\/schema\/logo\/image\/\"},\"sameAs\":[\"https:\/\/www.facebook.com\/FiscaliaCol\",\"https:\/\/x.com\/FiscaliaCol\",\"https:\/\/www.instagram.com\/fiscaliacol\",\"https:\/\/www.linkedin.com\/company\/fiscalia-general-de-la-naci-n\/\",\"https:\/\/youtube.com\/@fiscaliageneraldelanacion-4668?si=6nN79nyQICPU5iTh\"]},{\"@type\":\"Person\",\"@id\":\"https:\/\/www.fiscalia.gov.co\/colombia\/#\/schema\/person\/ba9eca435947489fb25117a0cd75bf3e\",\"name\":\"Johanna Islenny Prieto Pe\u00f1a\",\"image\":{\"@type\":\"ImageObject\",\"inLanguage\":\"es-CO\",\"@id\":\"https:\/\/www.fiscalia.gov.co\/colombia\/#\/schema\/person\/image\/\",\"url\":\"https:\/\/secure.gravatar.com\/avatar\/111433fc2acb037ffb768f6a3ca47864?s=96&d=mm&r=g\",\"contentUrl\":\"https:\/\/secure.gravatar.com\/avatar\/111433fc2acb037ffb768f6a3ca47864?s=96&d=mm&r=g\",\"caption\":\"Johanna Islenny Prieto Pe\u00f1a\"},\"url\":\"https:\/\/www.fiscalia.gov.co\/colombia\/author\/jprietop\/\"}]}<\/script>\n<!-- \/ Yoast SEO plugin. -->","yoast_head_json":{"title":"Fiscal\u00eda General de la Naci\u00f3n","description":"P\u00e1gina oficial de la Fiscal\u00eda General de la Naci\u00f3n \u2013 Colombia. Garantizamos el acceso efectivo a la justicia, la verdad y la reparaci\u00f3n de las v\u00edctimas de los delitos.","robots":{"index":"noindex","follow":"follow"},"og_locale":"es_ES","og_type":"article","og_title":"Fiscal\u00eda General de la Naci\u00f3n","og_description":"P\u00e1gina oficial de la Fiscal\u00eda General de la Naci\u00f3n \u2013 Colombia. Garantizamos el acceso efectivo a la justicia, la verdad y la reparaci\u00f3n de las v\u00edctimas de los delitos.","og_url":"https:\/\/www.fiscalia.gov.co\/colombia\/noticias\/asegurados-dos-hombres-que-estarian-involucrados-en-agresiones-sexuales-contra-menores-de-edad-en-huila\/","og_site_name":"Fiscal\u00eda General de la Naci\u00f3n","article_publisher":"https:\/\/www.facebook.com\/FiscaliaCol","article_published_time":"2024-07-30T14:07:01+00:00","article_modified_time":"2024-07-30T14:18:14+00:00","og_image":[{"url":"https:\/\/www.fiscalia.gov.co\/colombia\/wp-content\/uploads\/Vecino-abusador-300x242.jpeg","type":"","width":"","height":""}],"author":"Johanna Islenny Prieto Pe\u00f1a","twitter_card":"summary_large_image","twitter_creator":"@FiscaliaCol","twitter_site":"@FiscaliaCol","twitter_misc":{"Escrito por":"Johanna Islenny Prieto Pe\u00f1a","Tiempo de lectura":"2 minutos"},"schema":{"@context":"https:\/\/schema.org","@graph":[{"@type":"Article","@id":"https:\/\/www.fiscalia.gov.co\/colombia\/noticias\/asegurados-dos-hombres-que-estarian-involucrados-en-agresiones-sexuales-contra-menores-de-edad-en-huila\/#article","isPartOf":{"@id":"https:\/\/www.fiscalia.gov.co\/colombia\/noticias\/asegurados-dos-hombres-que-estarian-involucrados-en-agresiones-sexuales-contra-menores-de-edad-en-huila\/"},"author":{"name":"Johanna Islenny Prieto Pe\u00f1a","@id":"https:\/\/www.fiscalia.gov.co\/colombia\/#\/schema\/person\/ba9eca435947489fb25117a0cd75bf3e"},"headline":"Asegurados dos hombres que estar\u00edan involucrados en agresiones sexuales contra menores de edad en Huila","datePublished":"2024-07-30T14:07:01+00:00","dateModified":"2024-07-30T14:18:14+00:00","mainEntityOfPage":{"@id":"https:\/\/www.fiscalia.gov.co\/colombia\/noticias\/asegurados-dos-hombres-que-estarian-involucrados-en-agresiones-sexuales-contra-menores-de-edad-en-huila\/"},"wordCount":465,"publisher":{"@id":"https:\/\/www.fiscalia.gov.co\/colombia\/#organization"},"image":{"@id":"https:\/\/www.fiscalia.gov.co\/colombia\/noticias\/asegurados-dos-hombres-que-estarian-involucrados-en-agresiones-sexuales-contra-menores-de-edad-en-huila\/#primaryimage"},"thumbnailUrl":"https:\/\/www.fiscalia.gov.co\/colombia\/wp-content\/uploads\/Vecino-abusador-300x242.jpeg","keywords":["Abuso sexual","Acceso carnal","Actos sexuales","adolescentes","Agravado","Fiscal\u00eda General de la Naci\u00f3n","Huila","Neiva","ni\u00f1as","Ni\u00f1os","Palermo","Seccional Huila"],"articleSection":["Noticias"],"inLanguage":"es-CO"},{"@type":"WebPage","@id":"https:\/\/www.fiscalia.gov.co\/colombia\/noticias\/asegurados-dos-hombres-que-estarian-involucrados-en-agresiones-sexuales-contra-menores-de-edad-en-huila\/","url":"https:\/\/www.fiscalia.gov.co\/colombia\/noticias\/asegurados-dos-hombres-que-estarian-involucrados-en-agresiones-sexuales-contra-menores-de-edad-en-huila\/","name":"Fiscal\u00eda General de la Naci\u00f3n","isPartOf":{"@id":"https:\/\/www.fiscalia.gov.co\/colombia\/#website"},"primaryImageOfPage":{"@id":"https:\/\/www.fiscalia.gov.co\/colombia\/noticias\/asegurados-dos-hombres-que-estarian-involucrados-en-agresiones-sexuales-contra-menores-de-edad-en-huila\/#primaryimage"},"image":{"@id":"https:\/\/www.fiscalia.gov.co\/colombia\/noticias\/asegurados-dos-hombres-que-estarian-involucrados-en-agresiones-sexuales-contra-menores-de-edad-en-huila\/#primaryimage"},"thumbnailUrl":"https:\/\/www.fiscalia.gov.co\/colombia\/wp-content\/uploads\/Vecino-abusador-300x242.jpeg","datePublished":"2024-07-30T14:07:01+00:00","dateModified":"2024-07-30T14:18:14+00:00","description":"P\u00e1gina oficial de la Fiscal\u00eda General de la Naci\u00f3n \u2013 Colombia. Garantizamos el acceso efectivo a la justicia, la verdad y la reparaci\u00f3n de las v\u00edctimas de los delitos.","breadcrumb":{"@id":"https:\/\/www.fiscalia.gov.co\/colombia\/noticias\/asegurados-dos-hombres-que-estarian-involucrados-en-agresiones-sexuales-contra-menores-de-edad-en-huila\/#breadcrumb"},"inLanguage":"es-CO","potentialAction":[{"@type":"ReadAction","target":["https:\/\/www.fiscalia.gov.co\/colombia\/noticias\/asegurados-dos-hombres-que-estarian-involucrados-en-agresiones-sexuales-contra-menores-de-edad-en-huila\/"]}]},{"@type":"ImageObject","inLanguage":"es-CO","@id":"https:\/\/www.fiscalia.gov.co\/colombia\/noticias\/asegurados-dos-hombres-que-estarian-involucrados-en-agresiones-sexuales-contra-menores-de-edad-en-huila\/#primaryimage","url":"https:\/\/www.fiscalia.gov.co\/colombia\/wp-content\/uploads\/Vecino-abusador.jpeg","contentUrl":"https:\/\/www.fiscalia.gov.co\/colombia\/wp-content\/uploads\/Vecino-abusador.jpeg","width":1562,"height":1258,"caption":"El imputado se encuentra en custodia por un uniformado de la Polic\u00eda Nacional. El capturado tiene la cara cubierta y tiene un buzo blanco. Detr\u00e1s se observa un backing de la Polic\u00eda."},{"@type":"BreadcrumbList","@id":"https:\/\/www.fiscalia.gov.co\/colombia\/noticias\/asegurados-dos-hombres-que-estarian-involucrados-en-agresiones-sexuales-contra-menores-de-edad-en-huila\/#breadcrumb","itemListElement":[{"@type":"ListItem","position":1,"name":"Home","item":"https:\/\/www.fiscalia.gov.co\/colombia\/"},{"@type":"ListItem","position":2,"name":"Asegurados dos hombres que estar\u00edan involucrados en agresiones sexuales contra menores de edad en Huila"}]},{"@type":"WebSite","@id":"https:\/\/www.fiscalia.gov.co\/colombia\/#website","url":"https:\/\/www.fiscalia.gov.co\/colombia\/","name":"Fiscal\u00eda General de la Naci\u00f3n","description":"P\u00e1gina oficial de la Fiscal\u00eda General de la Naci\u00f3n \u2013 Colombia. Garantizamos el acceso efectivo a la justicia, la verdad y la reparaci\u00f3n de las v\u00edctimas de los delitos.","publisher":{"@id":"https:\/\/www.fiscalia.gov.co\/colombia\/#organization"},"potentialAction":[{"@type":"SearchAction","target":{"@type":"EntryPoint","urlTemplate":"https:\/\/www.fiscalia.gov.co\/colombia\/?s={search_term_string}"},"query-input":{"@type":"PropertyValueSpecification","valueRequired":true,"valueName":"search_term_string"}}],"inLanguage":"es-CO"},{"@type":"Organization","@id":"https:\/\/www.fiscalia.gov.co\/colombia\/#organization","name":"Fiscal\u00eda General de la Naci\u00f3n","url":"https:\/\/www.fiscalia.gov.co\/colombia\/","logo":{"@type":"ImageObject","inLanguage":"es-CO","@id":"https:\/\/www.fiscalia.gov.co\/colombia\/#\/schema\/logo\/image\/","url":"https:\/\/www.fiscalia.gov.co\/colombia\/wp-content\/uploads\/LogoHorizontal_1.jpg","contentUrl":"https:\/\/www.fiscalia.gov.co\/colombia\/wp-content\/uploads\/LogoHorizontal_1.jpg","width":300,"height":90,"caption":"Fiscal\u00eda General de la Naci\u00f3n"},"image":{"@id":"https:\/\/www.fiscalia.gov.co\/colombia\/#\/schema\/logo\/image\/"},"sameAs":["https:\/\/www.facebook.com\/FiscaliaCol","https:\/\/x.com\/FiscaliaCol","https:\/\/www.instagram.com\/fiscaliacol","https:\/\/www.linkedin.com\/company\/fiscalia-general-de-la-naci-n\/","https:\/\/youtube.com\/@fiscaliageneraldelanacion-4668?si=6nN79nyQICPU5iTh"]},{"@type":"Person","@id":"https:\/\/www.fiscalia.gov.co\/colombia\/#\/schema\/person\/ba9eca435947489fb25117a0cd75bf3e","name":"Johanna Islenny Prieto Pe\u00f1a","image":{"@type":"ImageObject","inLanguage":"es-CO","@id":"https:\/\/www.fiscalia.gov.co\/colombia\/#\/schema\/person\/image\/","url":"https:\/\/secure.gravatar.com\/avatar\/111433fc2acb037ffb768f6a3ca47864?s=96&d=mm&r=g","contentUrl":"https:\/\/secure.gravatar.com\/avatar\/111433fc2acb037ffb768f6a3ca47864?s=96&d=mm&r=g","caption":"Johanna Islenny Prieto Pe\u00f1a"},"url":"https:\/\/www.fiscalia.gov.co\/colombia\/author\/jprietop\/"}]}},"_links":{"self":[{"href":"https:\/\/www.fiscalia.gov.co\/colombia\/wp-json\/wp\/v2\/posts\/299284","targetHints":{"allow":["GET"]}}],"collection":[{"href":"https:\/\/www.fiscalia.gov.co\/colombia\/wp-json\/wp\/v2\/posts"}],"about":[{"href":"https:\/\/www.fiscalia.gov.co\/colombia\/wp-json\/wp\/v2\/types\/post"}],"author":[{"embeddable":true,"href":"https:\/\/www.fiscalia.gov.co\/colombia\/wp-json\/wp\/v2\/users\/181"}],"replies":[{"embeddable":true,"href":"https:\/\/www.fiscalia.gov.co\/colombia\/wp-json\/wp\/v2\/comments?post=299284"}],"version-history":[{"count":3,"href":"https:\/\/www.fiscalia.gov.co\/colombia\/wp-json\/wp\/v2\/posts\/299284\/revisions"}],"predecessor-version":[{"id":299293,"href":"https:\/\/www.fiscalia.gov.co\/colombia\/wp-json\/wp\/v2\/posts\/299284\/revisions\/299293"}],"wp:attachment":[{"href":"https:\/\/www.fiscalia.gov.co\/colombia\/wp-json\/wp\/v2\/media?parent=299284"}],"wp:term":[{"taxonomy":"category","embeddable":true,"href":"https:\/\/www.fiscalia.gov.co\/colombia\/wp-json\/wp\/v2\/categories?post=299284"},{"taxonomy":"post_tag","embeddable":true,"href":"https:\/\/www.fiscalia.gov.co\/colombia\/wp-json\/wp\/v2\/tags?post=299284"}],"curies":[{"name":"wp","href":"https:\/\/api.w.org\/{rel}","templated":true}]}}