{"id":299150,"date":"2024-07-26T15:18:25","date_gmt":"2024-07-26T20:18:25","guid":{"rendered":"https:\/\/www.fiscalia.gov.co\/colombia\/?p=299150"},"modified":"2024-07-26T15:20:46","modified_gmt":"2024-07-26T20:20:46","slug":"impactados-los-patacones-presuntamente-implicados-en-trafico-de-estupefacientes-en-florencia","status":"publish","type":"post","link":"https:\/\/www.fiscalia.gov.co\/colombia\/noticias\/impactados-los-patacones-presuntamente-implicados-en-trafico-de-estupefacientes-en-florencia\/","title":{"rendered":"Impactados \u2018Los Patacones\u2019, presuntamente implicados en tr\u00e1fico de estupefacientes en Florencia"},"content":{"rendered":"<p style=\"font-weight: 400;\">Bajo la coordinaci\u00f3n de un fiscal especializado de la Seccional Caquet\u00e1, y el apoyo del Cuerpo T\u00e9cnico de Investigaci\u00f3n (CTI) y la Polic\u00eda Nacional, fueron capturados cinco presuntos integrantes de Los Patacones, presuntamente implicados en la comercializaci\u00f3n de coca\u00edna en los barrios Malvinas, San Luis, Amazonia e Idema de Florencia.<\/p>\n<p style=\"font-weight: 400;\">Seg\u00fan la investigaci\u00f3n, la red criminal utilizaba motocicletas para comercializar a domicilio los estupefacientes. Informaci\u00f3n en poder del ente acusador determin\u00f3 que la base de coca era obtenida en municipios del sur del departamento como San Jos\u00e9 del Fragua y en Puerto Guzm\u00e1n (Putumayo).<\/p>\n<p style=\"font-weight: 400;\">En el desarrollo de diligencias de allanamiento y registro realizadas en los barrios La Consolata, El Jard\u00edn, Brisas del Dedo y 7 de Agosto fueron capturados \u00c9dgar Tafur Bermeo, alias \u00c1guila; presunto cabecilla de la organizaci\u00f3n delictiva y cuatro presuntos expendedores.<\/p>\n<figure id=\"attachment_299152\" aria-describedby=\"caption-attachment-299152\" style=\"width: 398px\" class=\"wp-caption aligncenter\"><img loading=\"lazy\" decoding=\"async\" class=\" wp-image-299152\" src=\"https:\/\/www.fiscalia.gov.co\/colombia\/wp-content\/uploads\/los-patacones-estupefacientes-florencia-300x169.jpeg\" alt=\" en la imagen se ven cinco personas detenidas bajo custodia de la Polic\u00eda Nacional y el CTI. Detr\u00e1s suyo un backing institucional.\" width=\"398\" height=\"224\" srcset=\"https:\/\/www.fiscalia.gov.co\/colombia\/wp-content\/uploads\/los-patacones-estupefacientes-florencia-300x169.jpeg 300w, https:\/\/www.fiscalia.gov.co\/colombia\/wp-content\/uploads\/los-patacones-estupefacientes-florencia-1024x578.jpeg 1024w, https:\/\/www.fiscalia.gov.co\/colombia\/wp-content\/uploads\/los-patacones-estupefacientes-florencia-768x433.jpeg 768w, https:\/\/www.fiscalia.gov.co\/colombia\/wp-content\/uploads\/los-patacones-estupefacientes-florencia-1536x867.jpeg 1536w, https:\/\/www.fiscalia.gov.co\/colombia\/wp-content\/uploads\/los-patacones-estupefacientes-florencia-744x420.jpeg 744w, https:\/\/www.fiscalia.gov.co\/colombia\/wp-content\/uploads\/los-patacones-estupefacientes-florencia-696x393.jpeg 696w, https:\/\/www.fiscalia.gov.co\/colombia\/wp-content\/uploads\/los-patacones-estupefacientes-florencia-1068x603.jpeg 1068w, https:\/\/www.fiscalia.gov.co\/colombia\/wp-content\/uploads\/los-patacones-estupefacientes-florencia.jpeg 1600w\" sizes=\"auto, (max-width: 398px) 100vw, 398px\" \/><figcaption id=\"caption-attachment-299152\" class=\"wp-caption-text\">Los procesados fueron detenidos mediante cinco diligencias de registro y allanamiento en varios sectores de Florencia, Caquet\u00e1, por servidores del CTI con el apoyo de la Polic\u00eda Nacional.<\/figcaption><\/figure>\n<p style=\"font-weight: 400;\">La Fiscal\u00eda imput\u00f3 a los procesados, seg\u00fan sus posibles responsabilidades individuales, los delitos de concierto para delinquir agravado y tr\u00e1fico, fabricaci\u00f3n o porte de estupefacientes, cargos que no fueron aceptados.<\/p>\n<p style=\"font-weight: 400;\">Un juez con funci\u00f3n de control de garant\u00edas de Florencia le impuso a Tafur Bermeo medida de aseguramiento en establecimiento carcelario. Gladys Elena Daza Lozano, alias La Mona, Rodrigo Ortiz Ortiz, alias El Mocho y \u00c1lvaro Toledo Silva fueron cobijados con detenci\u00f3n domiciliaria. Una quinta deber\u00e1 comparecer al proceso en libertad.<\/p>\n<p style=\"font-weight: 400;\">En las acciones contra esta estructura criminal, la Fiscal\u00eda ha judicializado en los \u00faltimos dos a\u00f1os a siete personas e incautado distintas cantidades de coca\u00edna.<\/p>\n<p style=\"font-weight: 400;\">PAAM\/LMFO\/MAGA\/LABB\/DSC<\/p>\n<p style=\"font-weight: 400;\"><em>La informaci\u00f3n contenida en este bolet\u00edn de prensa corresponde a la narraci\u00f3n de los hechos noticiosos objetivos, suministrados por los funcionarios encargados de adelantar las investigaciones penales al interior de la Fiscal\u00eda General de la Naci\u00f3n. Para el momento de la divulgaci\u00f3n de este comunicado, la situaci\u00f3n jur\u00eddica de la(s) persona(s) relacionada(s) se encuentra pendiente de resolver por la autoridad judicial competente, siempre bajo los preceptos de la presunci\u00f3n de inocencia, consagrados en el art\u00edculo 29 de la Constituci\u00f3n Pol\u00edtica y el art\u00edculo 7\u00ba de la Ley 906 de 2004.<\/em><\/p>\n\n<div class=\"twitter-share\"><a href=\"https:\/\/twitter.com\/intent\/tweet?via=fiscaliacol\" class=\"twitter-share-button\">Tweet<\/a><\/div>\n","protected":false},"excerpt":{"rendered":"<p>Bajo la coordinaci\u00f3n de un fiscal especializado de la Seccional Caquet\u00e1, y el apoyo del Cuerpo T\u00e9cnico de Investigaci\u00f3n (CTI) y la Polic\u00eda Nacional, fueron capturados cinco presuntos integrantes de Los Patacones, presuntamente implicados en la comercializaci\u00f3n de coca\u00edna en los barrios Malvinas, San Luis, Amazonia e Idema de Florencia. Seg\u00fan la investigaci\u00f3n, la red [&hellip;]<\/p>\n","protected":false},"author":178,"featured_media":0,"comment_status":"closed","ping_status":"open","sticky":false,"template":"","format":"standard","meta":{"tdm_status":"","tdm_grid_status":"","footnotes":""},"categories":[1,328,303,24103],"tags":[38311,38309,38313,19,83,38312,38310,1047,35708,23822,24022,25266,1264,422,9471,155],"class_list":{"0":"post-299150","1":"post","2":"type-post","3":"status-publish","4":"format-standard","6":"category-noticias","7":"category-seccional-florencia","8":"category-seccionales","9":"category-trafico-de-estupefacientes","10":"tag-7-de-agosto","11":"tag-brisas-del-dedo","12":"tag-cerebro","13":"tag-cocaina","14":"tag-concierto-para-delinquir","15":"tag-consolata","16":"tag-el-jardin","17":"tag-fiscalia-general-de-la-nacion","18":"tag-flagrancias","19":"tag-florencia","20":"tag-florencia-caqueta","21":"tag-las-malvinas","22":"tag-marihuana","23":"tag-orden-de-captura","24":"tag-organizacion-delincuencial","25":"tag-trafico-de-estupefacientes"},"yoast_head":"<!-- This site is optimized with the Yoast SEO plugin v24.3 - https:\/\/yoast.com\/wordpress\/plugins\/seo\/ -->\n<title>Fiscal\u00eda General de la Naci\u00f3n<\/title>\n<meta name=\"description\" content=\"P\u00e1gina oficial de la Fiscal\u00eda General de la Naci\u00f3n \u2013 Colombia. Garantizamos el acceso efectivo a la justicia, la verdad y la reparaci\u00f3n de las v\u00edctimas de los delitos.\" \/>\n<meta name=\"robots\" content=\"noindex, follow\" \/>\n<meta property=\"og:locale\" content=\"es_ES\" \/>\n<meta property=\"og:type\" content=\"article\" \/>\n<meta property=\"og:title\" content=\"Fiscal\u00eda General de la Naci\u00f3n\" \/>\n<meta property=\"og:description\" content=\"P\u00e1gina oficial de la Fiscal\u00eda General de la Naci\u00f3n \u2013 Colombia. Garantizamos el acceso efectivo a la justicia, la verdad y la reparaci\u00f3n de las v\u00edctimas de los delitos.\" \/>\n<meta property=\"og:url\" content=\"https:\/\/www.fiscalia.gov.co\/colombia\/noticias\/impactados-los-patacones-presuntamente-implicados-en-trafico-de-estupefacientes-en-florencia\/\" \/>\n<meta property=\"og:site_name\" content=\"Fiscal\u00eda General de la Naci\u00f3n\" \/>\n<meta property=\"article:publisher\" content=\"https:\/\/www.facebook.com\/FiscaliaCol\" \/>\n<meta property=\"article:published_time\" content=\"2024-07-26T20:18:25+00:00\" \/>\n<meta property=\"article:modified_time\" content=\"2024-07-26T20:20:46+00:00\" \/>\n<meta property=\"og:image\" content=\"https:\/\/www.fiscalia.gov.co\/colombia\/wp-content\/uploads\/los-patacones-estupefacientes-florencia-300x169.jpeg\" \/>\n<meta name=\"author\" content=\"Winnie Geraldine Rodr\u00edguez Navarrete\" \/>\n<meta name=\"twitter:card\" content=\"summary_large_image\" \/>\n<meta name=\"twitter:creator\" content=\"@FiscaliaCol\" \/>\n<meta name=\"twitter:site\" content=\"@FiscaliaCol\" \/>\n<meta name=\"twitter:label1\" content=\"Escrito por\" \/>\n\t<meta name=\"twitter:data1\" content=\"Winnie Geraldine Rodr\u00edguez Navarrete\" \/>\n\t<meta name=\"twitter:label2\" content=\"Tiempo de lectura\" \/>\n\t<meta name=\"twitter:data2\" content=\"2 minutos\" \/>\n<script type=\"application\/ld+json\" class=\"yoast-schema-graph\">{\"@context\":\"https:\/\/schema.org\",\"@graph\":[{\"@type\":\"Article\",\"@id\":\"https:\/\/www.fiscalia.gov.co\/colombia\/noticias\/impactados-los-patacones-presuntamente-implicados-en-trafico-de-estupefacientes-en-florencia\/#article\",\"isPartOf\":{\"@id\":\"https:\/\/www.fiscalia.gov.co\/colombia\/noticias\/impactados-los-patacones-presuntamente-implicados-en-trafico-de-estupefacientes-en-florencia\/\"},\"author\":{\"name\":\"Winnie Geraldine Rodr\u00edguez Navarrete\",\"@id\":\"https:\/\/www.fiscalia.gov.co\/colombia\/#\/schema\/person\/176195b99ebab0a52aafa15197e1bf80\"},\"headline\":\"Impactados \u2018Los Patacones\u2019, presuntamente implicados en tr\u00e1fico de estupefacientes en Florencia\",\"datePublished\":\"2024-07-26T20:18:25+00:00\",\"dateModified\":\"2024-07-26T20:20:46+00:00\",\"mainEntityOfPage\":{\"@id\":\"https:\/\/www.fiscalia.gov.co\/colombia\/noticias\/impactados-los-patacones-presuntamente-implicados-en-trafico-de-estupefacientes-en-florencia\/\"},\"wordCount\":417,\"publisher\":{\"@id\":\"https:\/\/www.fiscalia.gov.co\/colombia\/#organization\"},\"image\":{\"@id\":\"https:\/\/www.fiscalia.gov.co\/colombia\/noticias\/impactados-los-patacones-presuntamente-implicados-en-trafico-de-estupefacientes-en-florencia\/#primaryimage\"},\"thumbnailUrl\":\"https:\/\/www.fiscalia.gov.co\/colombia\/wp-content\/uploads\/los-patacones-estupefacientes-florencia-300x169.jpeg\",\"keywords\":[\"7 de Agosto\",\"Brisas del Dedo\",\"cerebro\",\"Coca\u00edna\",\"Concierto para delinquir\",\"Consolata\",\"El Jard\u00edn\",\"Fiscal\u00eda General de la Naci\u00f3n\",\"flagrancias\",\"Florencia\",\"Florencia (Caquet\u00e1)\",\"Las Malvinas\",\"Marihuana\",\"Orden de captura\",\"Organizaci\u00f3n delincuencial\",\"Tr\u00e1fico de estupefacientes\"],\"articleSection\":[\"Noticias\",\"Seccional Florencia\",\"Seccionales\",\"Tr\u00e1fico de estupefacientes\"],\"inLanguage\":\"es-CO\"},{\"@type\":\"WebPage\",\"@id\":\"https:\/\/www.fiscalia.gov.co\/colombia\/noticias\/impactados-los-patacones-presuntamente-implicados-en-trafico-de-estupefacientes-en-florencia\/\",\"url\":\"https:\/\/www.fiscalia.gov.co\/colombia\/noticias\/impactados-los-patacones-presuntamente-implicados-en-trafico-de-estupefacientes-en-florencia\/\",\"name\":\"Fiscal\u00eda General de la Naci\u00f3n\",\"isPartOf\":{\"@id\":\"https:\/\/www.fiscalia.gov.co\/colombia\/#website\"},\"primaryImageOfPage\":{\"@id\":\"https:\/\/www.fiscalia.gov.co\/colombia\/noticias\/impactados-los-patacones-presuntamente-implicados-en-trafico-de-estupefacientes-en-florencia\/#primaryimage\"},\"image\":{\"@id\":\"https:\/\/www.fiscalia.gov.co\/colombia\/noticias\/impactados-los-patacones-presuntamente-implicados-en-trafico-de-estupefacientes-en-florencia\/#primaryimage\"},\"thumbnailUrl\":\"https:\/\/www.fiscalia.gov.co\/colombia\/wp-content\/uploads\/los-patacones-estupefacientes-florencia-300x169.jpeg\",\"datePublished\":\"2024-07-26T20:18:25+00:00\",\"dateModified\":\"2024-07-26T20:20:46+00:00\",\"description\":\"P\u00e1gina oficial de la Fiscal\u00eda General de la Naci\u00f3n \u2013 Colombia. Garantizamos el acceso efectivo a la justicia, la verdad y la reparaci\u00f3n de las v\u00edctimas de los delitos.\",\"breadcrumb\":{\"@id\":\"https:\/\/www.fiscalia.gov.co\/colombia\/noticias\/impactados-los-patacones-presuntamente-implicados-en-trafico-de-estupefacientes-en-florencia\/#breadcrumb\"},\"inLanguage\":\"es-CO\",\"potentialAction\":[{\"@type\":\"ReadAction\",\"target\":[\"https:\/\/www.fiscalia.gov.co\/colombia\/noticias\/impactados-los-patacones-presuntamente-implicados-en-trafico-de-estupefacientes-en-florencia\/\"]}]},{\"@type\":\"ImageObject\",\"inLanguage\":\"es-CO\",\"@id\":\"https:\/\/www.fiscalia.gov.co\/colombia\/noticias\/impactados-los-patacones-presuntamente-implicados-en-trafico-de-estupefacientes-en-florencia\/#primaryimage\",\"url\":\"https:\/\/www.fiscalia.gov.co\/colombia\/wp-content\/uploads\/los-patacones-estupefacientes-florencia.jpeg\",\"contentUrl\":\"https:\/\/www.fiscalia.gov.co\/colombia\/wp-content\/uploads\/los-patacones-estupefacientes-florencia.jpeg\",\"width\":1600,\"height\":903,\"caption\":\"Los procesados fueron detenidos mediante cinco diligencias de registro y allanamiento en varios sectores de Florencia, Caquet\u00e1, por servidores del CTI con el apoyo de la Polic\u00eda Nacional.\"},{\"@type\":\"BreadcrumbList\",\"@id\":\"https:\/\/www.fiscalia.gov.co\/colombia\/noticias\/impactados-los-patacones-presuntamente-implicados-en-trafico-de-estupefacientes-en-florencia\/#breadcrumb\",\"itemListElement\":[{\"@type\":\"ListItem\",\"position\":1,\"name\":\"Home\",\"item\":\"https:\/\/www.fiscalia.gov.co\/colombia\/\"},{\"@type\":\"ListItem\",\"position\":2,\"name\":\"Impactados \u2018Los Patacones\u2019, presuntamente implicados en tr\u00e1fico de estupefacientes en Florencia\"}]},{\"@type\":\"WebSite\",\"@id\":\"https:\/\/www.fiscalia.gov.co\/colombia\/#website\",\"url\":\"https:\/\/www.fiscalia.gov.co\/colombia\/\",\"name\":\"Fiscal\u00eda General de la Naci\u00f3n\",\"description\":\"P\u00e1gina oficial de la Fiscal\u00eda General de la Naci\u00f3n \u2013 Colombia. Garantizamos el acceso efectivo a la justicia, la verdad y la reparaci\u00f3n de las v\u00edctimas de los delitos.\",\"publisher\":{\"@id\":\"https:\/\/www.fiscalia.gov.co\/colombia\/#organization\"},\"potentialAction\":[{\"@type\":\"SearchAction\",\"target\":{\"@type\":\"EntryPoint\",\"urlTemplate\":\"https:\/\/www.fiscalia.gov.co\/colombia\/?s={search_term_string}\"},\"query-input\":{\"@type\":\"PropertyValueSpecification\",\"valueRequired\":true,\"valueName\":\"search_term_string\"}}],\"inLanguage\":\"es-CO\"},{\"@type\":\"Organization\",\"@id\":\"https:\/\/www.fiscalia.gov.co\/colombia\/#organization\",\"name\":\"Fiscal\u00eda General de la Naci\u00f3n\",\"url\":\"https:\/\/www.fiscalia.gov.co\/colombia\/\",\"logo\":{\"@type\":\"ImageObject\",\"inLanguage\":\"es-CO\",\"@id\":\"https:\/\/www.fiscalia.gov.co\/colombia\/#\/schema\/logo\/image\/\",\"url\":\"https:\/\/www.fiscalia.gov.co\/colombia\/wp-content\/uploads\/LogoHorizontal_1.jpg\",\"contentUrl\":\"https:\/\/www.fiscalia.gov.co\/colombia\/wp-content\/uploads\/LogoHorizontal_1.jpg\",\"width\":300,\"height\":90,\"caption\":\"Fiscal\u00eda General de la Naci\u00f3n\"},\"image\":{\"@id\":\"https:\/\/www.fiscalia.gov.co\/colombia\/#\/schema\/logo\/image\/\"},\"sameAs\":[\"https:\/\/www.facebook.com\/FiscaliaCol\",\"https:\/\/x.com\/FiscaliaCol\",\"https:\/\/www.instagram.com\/fiscaliacol\",\"https:\/\/www.linkedin.com\/company\/fiscalia-general-de-la-naci-n\/\",\"https:\/\/youtube.com\/@fiscaliageneraldelanacion-4668?si=6nN79nyQICPU5iTh\"]},{\"@type\":\"Person\",\"@id\":\"https:\/\/www.fiscalia.gov.co\/colombia\/#\/schema\/person\/176195b99ebab0a52aafa15197e1bf80\",\"name\":\"Winnie Geraldine Rodr\u00edguez Navarrete\",\"image\":{\"@type\":\"ImageObject\",\"inLanguage\":\"es-CO\",\"@id\":\"https:\/\/www.fiscalia.gov.co\/colombia\/#\/schema\/person\/image\/\",\"url\":\"https:\/\/secure.gravatar.com\/avatar\/c24cf8481dc84fa5e8c7b20bc95ab0c6?s=96&d=mm&r=g\",\"contentUrl\":\"https:\/\/secure.gravatar.com\/avatar\/c24cf8481dc84fa5e8c7b20bc95ab0c6?s=96&d=mm&r=g\",\"caption\":\"Winnie Geraldine Rodr\u00edguez Navarrete\"},\"url\":\"https:\/\/www.fiscalia.gov.co\/colombia\/author\/winnierodriguez\/\"}]}<\/script>\n<!-- \/ Yoast SEO plugin. -->","yoast_head_json":{"title":"Fiscal\u00eda General de la Naci\u00f3n","description":"P\u00e1gina oficial de la Fiscal\u00eda General de la Naci\u00f3n \u2013 Colombia. Garantizamos el acceso efectivo a la justicia, la verdad y la reparaci\u00f3n de las v\u00edctimas de los delitos.","robots":{"index":"noindex","follow":"follow"},"og_locale":"es_ES","og_type":"article","og_title":"Fiscal\u00eda General de la Naci\u00f3n","og_description":"P\u00e1gina oficial de la Fiscal\u00eda General de la Naci\u00f3n \u2013 Colombia. Garantizamos el acceso efectivo a la justicia, la verdad y la reparaci\u00f3n de las v\u00edctimas de los delitos.","og_url":"https:\/\/www.fiscalia.gov.co\/colombia\/noticias\/impactados-los-patacones-presuntamente-implicados-en-trafico-de-estupefacientes-en-florencia\/","og_site_name":"Fiscal\u00eda General de la Naci\u00f3n","article_publisher":"https:\/\/www.facebook.com\/FiscaliaCol","article_published_time":"2024-07-26T20:18:25+00:00","article_modified_time":"2024-07-26T20:20:46+00:00","og_image":[{"url":"https:\/\/www.fiscalia.gov.co\/colombia\/wp-content\/uploads\/los-patacones-estupefacientes-florencia-300x169.jpeg","type":"","width":"","height":""}],"author":"Winnie Geraldine Rodr\u00edguez Navarrete","twitter_card":"summary_large_image","twitter_creator":"@FiscaliaCol","twitter_site":"@FiscaliaCol","twitter_misc":{"Escrito por":"Winnie Geraldine Rodr\u00edguez Navarrete","Tiempo de lectura":"2 minutos"},"schema":{"@context":"https:\/\/schema.org","@graph":[{"@type":"Article","@id":"https:\/\/www.fiscalia.gov.co\/colombia\/noticias\/impactados-los-patacones-presuntamente-implicados-en-trafico-de-estupefacientes-en-florencia\/#article","isPartOf":{"@id":"https:\/\/www.fiscalia.gov.co\/colombia\/noticias\/impactados-los-patacones-presuntamente-implicados-en-trafico-de-estupefacientes-en-florencia\/"},"author":{"name":"Winnie Geraldine Rodr\u00edguez Navarrete","@id":"https:\/\/www.fiscalia.gov.co\/colombia\/#\/schema\/person\/176195b99ebab0a52aafa15197e1bf80"},"headline":"Impactados \u2018Los Patacones\u2019, presuntamente implicados en tr\u00e1fico de estupefacientes en Florencia","datePublished":"2024-07-26T20:18:25+00:00","dateModified":"2024-07-26T20:20:46+00:00","mainEntityOfPage":{"@id":"https:\/\/www.fiscalia.gov.co\/colombia\/noticias\/impactados-los-patacones-presuntamente-implicados-en-trafico-de-estupefacientes-en-florencia\/"},"wordCount":417,"publisher":{"@id":"https:\/\/www.fiscalia.gov.co\/colombia\/#organization"},"image":{"@id":"https:\/\/www.fiscalia.gov.co\/colombia\/noticias\/impactados-los-patacones-presuntamente-implicados-en-trafico-de-estupefacientes-en-florencia\/#primaryimage"},"thumbnailUrl":"https:\/\/www.fiscalia.gov.co\/colombia\/wp-content\/uploads\/los-patacones-estupefacientes-florencia-300x169.jpeg","keywords":["7 de Agosto","Brisas del Dedo","cerebro","Coca\u00edna","Concierto para delinquir","Consolata","El Jard\u00edn","Fiscal\u00eda General de la Naci\u00f3n","flagrancias","Florencia","Florencia (Caquet\u00e1)","Las Malvinas","Marihuana","Orden de captura","Organizaci\u00f3n delincuencial","Tr\u00e1fico de estupefacientes"],"articleSection":["Noticias","Seccional Florencia","Seccionales","Tr\u00e1fico de estupefacientes"],"inLanguage":"es-CO"},{"@type":"WebPage","@id":"https:\/\/www.fiscalia.gov.co\/colombia\/noticias\/impactados-los-patacones-presuntamente-implicados-en-trafico-de-estupefacientes-en-florencia\/","url":"https:\/\/www.fiscalia.gov.co\/colombia\/noticias\/impactados-los-patacones-presuntamente-implicados-en-trafico-de-estupefacientes-en-florencia\/","name":"Fiscal\u00eda General de la Naci\u00f3n","isPartOf":{"@id":"https:\/\/www.fiscalia.gov.co\/colombia\/#website"},"primaryImageOfPage":{"@id":"https:\/\/www.fiscalia.gov.co\/colombia\/noticias\/impactados-los-patacones-presuntamente-implicados-en-trafico-de-estupefacientes-en-florencia\/#primaryimage"},"image":{"@id":"https:\/\/www.fiscalia.gov.co\/colombia\/noticias\/impactados-los-patacones-presuntamente-implicados-en-trafico-de-estupefacientes-en-florencia\/#primaryimage"},"thumbnailUrl":"https:\/\/www.fiscalia.gov.co\/colombia\/wp-content\/uploads\/los-patacones-estupefacientes-florencia-300x169.jpeg","datePublished":"2024-07-26T20:18:25+00:00","dateModified":"2024-07-26T20:20:46+00:00","description":"P\u00e1gina oficial de la Fiscal\u00eda General de la Naci\u00f3n \u2013 Colombia. Garantizamos el acceso efectivo a la justicia, la verdad y la reparaci\u00f3n de las v\u00edctimas de los delitos.","breadcrumb":{"@id":"https:\/\/www.fiscalia.gov.co\/colombia\/noticias\/impactados-los-patacones-presuntamente-implicados-en-trafico-de-estupefacientes-en-florencia\/#breadcrumb"},"inLanguage":"es-CO","potentialAction":[{"@type":"ReadAction","target":["https:\/\/www.fiscalia.gov.co\/colombia\/noticias\/impactados-los-patacones-presuntamente-implicados-en-trafico-de-estupefacientes-en-florencia\/"]}]},{"@type":"ImageObject","inLanguage":"es-CO","@id":"https:\/\/www.fiscalia.gov.co\/colombia\/noticias\/impactados-los-patacones-presuntamente-implicados-en-trafico-de-estupefacientes-en-florencia\/#primaryimage","url":"https:\/\/www.fiscalia.gov.co\/colombia\/wp-content\/uploads\/los-patacones-estupefacientes-florencia.jpeg","contentUrl":"https:\/\/www.fiscalia.gov.co\/colombia\/wp-content\/uploads\/los-patacones-estupefacientes-florencia.jpeg","width":1600,"height":903,"caption":"Los procesados fueron detenidos mediante cinco diligencias de registro y allanamiento en varios sectores de Florencia, Caquet\u00e1, por servidores del CTI con el apoyo de la Polic\u00eda Nacional."},{"@type":"BreadcrumbList","@id":"https:\/\/www.fiscalia.gov.co\/colombia\/noticias\/impactados-los-patacones-presuntamente-implicados-en-trafico-de-estupefacientes-en-florencia\/#breadcrumb","itemListElement":[{"@type":"ListItem","position":1,"name":"Home","item":"https:\/\/www.fiscalia.gov.co\/colombia\/"},{"@type":"ListItem","position":2,"name":"Impactados \u2018Los Patacones\u2019, presuntamente implicados en tr\u00e1fico de estupefacientes en Florencia"}]},{"@type":"WebSite","@id":"https:\/\/www.fiscalia.gov.co\/colombia\/#website","url":"https:\/\/www.fiscalia.gov.co\/colombia\/","name":"Fiscal\u00eda General de la Naci\u00f3n","description":"P\u00e1gina oficial de la Fiscal\u00eda General de la Naci\u00f3n \u2013 Colombia. Garantizamos el acceso efectivo a la justicia, la verdad y la reparaci\u00f3n de las v\u00edctimas de los delitos.","publisher":{"@id":"https:\/\/www.fiscalia.gov.co\/colombia\/#organization"},"potentialAction":[{"@type":"SearchAction","target":{"@type":"EntryPoint","urlTemplate":"https:\/\/www.fiscalia.gov.co\/colombia\/?s={search_term_string}"},"query-input":{"@type":"PropertyValueSpecification","valueRequired":true,"valueName":"search_term_string"}}],"inLanguage":"es-CO"},{"@type":"Organization","@id":"https:\/\/www.fiscalia.gov.co\/colombia\/#organization","name":"Fiscal\u00eda General de la Naci\u00f3n","url":"https:\/\/www.fiscalia.gov.co\/colombia\/","logo":{"@type":"ImageObject","inLanguage":"es-CO","@id":"https:\/\/www.fiscalia.gov.co\/colombia\/#\/schema\/logo\/image\/","url":"https:\/\/www.fiscalia.gov.co\/colombia\/wp-content\/uploads\/LogoHorizontal_1.jpg","contentUrl":"https:\/\/www.fiscalia.gov.co\/colombia\/wp-content\/uploads\/LogoHorizontal_1.jpg","width":300,"height":90,"caption":"Fiscal\u00eda General de la Naci\u00f3n"},"image":{"@id":"https:\/\/www.fiscalia.gov.co\/colombia\/#\/schema\/logo\/image\/"},"sameAs":["https:\/\/www.facebook.com\/FiscaliaCol","https:\/\/x.com\/FiscaliaCol","https:\/\/www.instagram.com\/fiscaliacol","https:\/\/www.linkedin.com\/company\/fiscalia-general-de-la-naci-n\/","https:\/\/youtube.com\/@fiscaliageneraldelanacion-4668?si=6nN79nyQICPU5iTh"]},{"@type":"Person","@id":"https:\/\/www.fiscalia.gov.co\/colombia\/#\/schema\/person\/176195b99ebab0a52aafa15197e1bf80","name":"Winnie Geraldine Rodr\u00edguez Navarrete","image":{"@type":"ImageObject","inLanguage":"es-CO","@id":"https:\/\/www.fiscalia.gov.co\/colombia\/#\/schema\/person\/image\/","url":"https:\/\/secure.gravatar.com\/avatar\/c24cf8481dc84fa5e8c7b20bc95ab0c6?s=96&d=mm&r=g","contentUrl":"https:\/\/secure.gravatar.com\/avatar\/c24cf8481dc84fa5e8c7b20bc95ab0c6?s=96&d=mm&r=g","caption":"Winnie Geraldine Rodr\u00edguez Navarrete"},"url":"https:\/\/www.fiscalia.gov.co\/colombia\/author\/winnierodriguez\/"}]}},"_links":{"self":[{"href":"https:\/\/www.fiscalia.gov.co\/colombia\/wp-json\/wp\/v2\/posts\/299150","targetHints":{"allow":["GET"]}}],"collection":[{"href":"https:\/\/www.fiscalia.gov.co\/colombia\/wp-json\/wp\/v2\/posts"}],"about":[{"href":"https:\/\/www.fiscalia.gov.co\/colombia\/wp-json\/wp\/v2\/types\/post"}],"author":[{"embeddable":true,"href":"https:\/\/www.fiscalia.gov.co\/colombia\/wp-json\/wp\/v2\/users\/178"}],"replies":[{"embeddable":true,"href":"https:\/\/www.fiscalia.gov.co\/colombia\/wp-json\/wp\/v2\/comments?post=299150"}],"version-history":[{"count":3,"href":"https:\/\/www.fiscalia.gov.co\/colombia\/wp-json\/wp\/v2\/posts\/299150\/revisions"}],"predecessor-version":[{"id":299154,"href":"https:\/\/www.fiscalia.gov.co\/colombia\/wp-json\/wp\/v2\/posts\/299150\/revisions\/299154"}],"wp:attachment":[{"href":"https:\/\/www.fiscalia.gov.co\/colombia\/wp-json\/wp\/v2\/media?parent=299150"}],"wp:term":[{"taxonomy":"category","embeddable":true,"href":"https:\/\/www.fiscalia.gov.co\/colombia\/wp-json\/wp\/v2\/categories?post=299150"},{"taxonomy":"post_tag","embeddable":true,"href":"https:\/\/www.fiscalia.gov.co\/colombia\/wp-json\/wp\/v2\/tags?post=299150"}],"curies":[{"name":"wp","href":"https:\/\/api.w.org\/{rel}","templated":true}]}}