{"id":298835,"date":"2024-07-22T12:05:33","date_gmt":"2024-07-22T17:05:33","guid":{"rendered":"https:\/\/www.fiscalia.gov.co\/colombia\/?p=298835"},"modified":"2024-07-29T15:41:09","modified_gmt":"2024-07-29T20:41:09","slug":"a-la-carcel-hombre-investigado-por-presuntamente-extorsionar-al-propietario-de-una-finca-en-el-suroeste-antioqueno","status":"publish","type":"post","link":"https:\/\/www.fiscalia.gov.co\/colombia\/noticias\/a-la-carcel-hombre-investigado-por-presuntamente-extorsionar-al-propietario-de-una-finca-en-el-suroeste-antioqueno\/","title":{"rendered":"A la c\u00e1rcel hombre investigado por presuntamente extorsionar al propietario de una finca en el suroeste antioque\u00f1o"},"content":{"rendered":"<h4 style=\"text-align: center;\"><strong><i>Varios veh\u00edculos de la v\u00edctima habr\u00edan sido atacados con arma de fuego para presionar el pago de la exigencia econ\u00f3mica ilegal.<\/i><\/strong><\/h4>\n<div><\/div>\n<div>\n<p>El material de prueba aportado por la Fiscal\u00eda General de la Naci\u00f3n permiti\u00f3 que un juez de control de garant\u00edas impusiera medida de aseguramiento en centro carcelario contra Juan Pablo Restrepo Henao, alias Lulu, <strong>presuntamente implicado en las extorsiones de las que estaba siendo v\u00edctima el propietario de una finca\u00a0ubicada en el municipio de Andes,<\/strong> suroeste antioque\u00f1o.<\/p>\n<p>De acuerdo con la investigaci\u00f3n, entre el 27 de junio y el 13 de julio de 2024 la v\u00edctima recibi\u00f3 varias llamadas de un hombre que se identific\u00f3 como supuesto integrante de dos grupos ilegales autodenominados Nuevo Renacer y Frente de Choque Los Halcones del Suroeste. En las comunicaciones le exig\u00edan el pago de 120 millones de pesos para no asesinarlo.<\/p>\n<\/div>\n<div>\n<figure id=\"attachment_298840\" aria-describedby=\"caption-attachment-298840\" style=\"width: 382px\" class=\"wp-caption aligncenter\"><img loading=\"lazy\" decoding=\"async\" class=\" wp-image-298840\" src=\"https:\/\/www.fiscalia.gov.co\/colombia\/wp-content\/uploads\/ALIAS-LULU-300x279.jpg\" alt=\"En la foto aparece el procesado en medio de un servidor del CTI y uno del Gaula Militar\" width=\"382\" height=\"355\" srcset=\"https:\/\/www.fiscalia.gov.co\/colombia\/wp-content\/uploads\/ALIAS-LULU-300x279.jpg 300w, https:\/\/www.fiscalia.gov.co\/colombia\/wp-content\/uploads\/ALIAS-LULU-768x715.jpg 768w, https:\/\/www.fiscalia.gov.co\/colombia\/wp-content\/uploads\/ALIAS-LULU-696x648.jpg 696w, https:\/\/www.fiscalia.gov.co\/colombia\/wp-content\/uploads\/ALIAS-LULU-451x420.jpg 451w, https:\/\/www.fiscalia.gov.co\/colombia\/wp-content\/uploads\/ALIAS-LULU.jpg 967w\" sizes=\"auto, (max-width: 382px) 100vw, 382px\" \/><figcaption id=\"caption-attachment-298840\" class=\"wp-caption-text\">Presunto responsable de extorsionar a un finquero del municipio de Andes (Antioquia)<\/figcaption><\/figure>\n<\/div>\n<div><\/div>\n<div>\n<p>Las labores de polic\u00eda judicial evidenciaron que la noche del 8 de julio de 2024, dos veh\u00edculos de propiedad de la v\u00edctima fueron impactados por balas.\u00a0<strong>En el lugar fue encontrado un papel donde constaba una amenazaba en la que se conminaba al hombre a abandonar la zona.<\/strong><\/p>\n<p>Alias Lulu fue capturado en flagrancia por servidores del CTI adscritos al Gaula Militar en el parque principal del municipio de Andes. La detenci\u00f3n se logr\u00f3 mientras el procesado recib\u00eda un paquete que simulaba contener 20 millones pesos.\u00a0El hombre no acept\u00f3 el delito de extorsi\u00f3n agravada imputado por la Fiscal\u00eda.<\/p>\n<p>&nbsp;<\/p>\n<\/div>\n<div><\/div>\n<div><\/div>\n<div><\/div>\n<div>LFML\/MVG\/LMFO\/MAGA\/DSA<\/div>\n<div><\/div>\n<div><\/div>\n<div><\/div>\n<div><\/div>\n<div><\/div>\n<div><em>La informaci\u00f3n contenida en este bolet\u00edn de prensa corresponde a la narraci\u00f3n de los hechos noticiosos objetivos, suministrados por los funcionarios encargados de adelantar las investigaciones penales al interior de la Fiscal\u00eda General de la Naci\u00f3n. Para el momento de la divulgaci\u00f3n de este comunicado, la situaci\u00f3n jur\u00eddica de la(s) persona(s) relacionada(s) se encuentra pendiente de resolver por la autoridad judicial competente, siempre bajo los preceptos de la presunci\u00f3n de inocencia, consagrados en el art\u00edculo 29 de la Constituci\u00f3n Pol\u00edtica y el art\u00edculo 7\u00ba de la Ley 906 de 2004.<\/em><\/div>\n\n<div class=\"twitter-share\"><a href=\"https:\/\/twitter.com\/intent\/tweet?via=fiscaliacol\" class=\"twitter-share-button\">Tweet<\/a><\/div>\n","protected":false},"excerpt":{"rendered":"<p>Varios veh\u00edculos de la v\u00edctima habr\u00edan sido atacados con arma de fuego para presionar el pago de la exigencia econ\u00f3mica ilegal. El material de prueba aportado por la Fiscal\u00eda General de la Naci\u00f3n permiti\u00f3 que un juez de control de garant\u00edas impusiera medida de aseguramiento en centro carcelario contra Juan Pablo Restrepo Henao, alias Lulu, [&hellip;]<\/p>\n","protected":false},"author":178,"featured_media":0,"comment_status":"closed","ping_status":"open","sticky":false,"template":"","format":"standard","meta":{"tdm_status":"","tdm_grid_status":"","footnotes":""},"categories":[1,24099],"tags":[29030,38262,26195,45,3292,38263,1047,25007,38265,38264,7439],"class_list":{"0":"post-298835","1":"post","2":"type-post","3":"status-publish","4":"format-standard","6":"category-noticias","7":"category-seguridad-territorial","8":"tag-120-millones-de-pesos","9":"tag-alias-lulu","10":"tag-andes-antioquia","11":"tag-cti","12":"tag-extorsion-agravada","13":"tag-finquero-de-andes-antioquia","14":"tag-fiscalia-general-de-la-nacion","15":"tag-gaula-militar","16":"tag-gdco-halcones-del-suroeste","17":"tag-gdco-nuevo-renacer","18":"tag-medida-intramuros"},"yoast_head":"<!-- This site is optimized with the Yoast SEO plugin v24.3 - https:\/\/yoast.com\/wordpress\/plugins\/seo\/ -->\n<title>Fiscal\u00eda General de la Naci\u00f3n<\/title>\n<meta name=\"description\" content=\"P\u00e1gina oficial de la Fiscal\u00eda General de la Naci\u00f3n \u2013 Colombia. Garantizamos el acceso efectivo a la justicia, la verdad y la reparaci\u00f3n de las v\u00edctimas de los delitos.\" \/>\n<meta name=\"robots\" content=\"noindex, follow\" \/>\n<meta property=\"og:locale\" content=\"es_ES\" \/>\n<meta property=\"og:type\" content=\"article\" \/>\n<meta property=\"og:title\" content=\"Fiscal\u00eda General de la Naci\u00f3n\" \/>\n<meta property=\"og:description\" content=\"P\u00e1gina oficial de la Fiscal\u00eda General de la Naci\u00f3n \u2013 Colombia. Garantizamos el acceso efectivo a la justicia, la verdad y la reparaci\u00f3n de las v\u00edctimas de los delitos.\" \/>\n<meta property=\"og:url\" content=\"https:\/\/www.fiscalia.gov.co\/colombia\/noticias\/a-la-carcel-hombre-investigado-por-presuntamente-extorsionar-al-propietario-de-una-finca-en-el-suroeste-antioqueno\/\" \/>\n<meta property=\"og:site_name\" content=\"Fiscal\u00eda General de la Naci\u00f3n\" \/>\n<meta property=\"article:publisher\" content=\"https:\/\/www.facebook.com\/FiscaliaCol\" \/>\n<meta property=\"article:published_time\" content=\"2024-07-22T17:05:33+00:00\" \/>\n<meta property=\"article:modified_time\" content=\"2024-07-29T20:41:09+00:00\" \/>\n<meta property=\"og:image\" content=\"https:\/\/www.fiscalia.gov.co\/colombia\/wp-content\/uploads\/ALIAS-LULU-300x279.jpg\" \/>\n<meta name=\"author\" content=\"Winnie Geraldine Rodr\u00edguez Navarrete\" \/>\n<meta name=\"twitter:card\" content=\"summary_large_image\" \/>\n<meta name=\"twitter:creator\" content=\"@FiscaliaCol\" \/>\n<meta name=\"twitter:site\" content=\"@FiscaliaCol\" \/>\n<meta name=\"twitter:label1\" content=\"Escrito por\" \/>\n\t<meta name=\"twitter:data1\" content=\"Winnie Geraldine Rodr\u00edguez Navarrete\" \/>\n\t<meta name=\"twitter:label2\" content=\"Tiempo de lectura\" \/>\n\t<meta name=\"twitter:data2\" content=\"2 minutos\" \/>\n<script type=\"application\/ld+json\" class=\"yoast-schema-graph\">{\"@context\":\"https:\/\/schema.org\",\"@graph\":[{\"@type\":\"Article\",\"@id\":\"https:\/\/www.fiscalia.gov.co\/colombia\/noticias\/a-la-carcel-hombre-investigado-por-presuntamente-extorsionar-al-propietario-de-una-finca-en-el-suroeste-antioqueno\/#article\",\"isPartOf\":{\"@id\":\"https:\/\/www.fiscalia.gov.co\/colombia\/noticias\/a-la-carcel-hombre-investigado-por-presuntamente-extorsionar-al-propietario-de-una-finca-en-el-suroeste-antioqueno\/\"},\"author\":{\"name\":\"Winnie Geraldine Rodr\u00edguez Navarrete\",\"@id\":\"https:\/\/www.fiscalia.gov.co\/colombia\/#\/schema\/person\/176195b99ebab0a52aafa15197e1bf80\"},\"headline\":\"A la c\u00e1rcel hombre investigado por presuntamente extorsionar al propietario de una finca en el suroeste antioque\u00f1o\",\"datePublished\":\"2024-07-22T17:05:33+00:00\",\"dateModified\":\"2024-07-29T20:41:09+00:00\",\"mainEntityOfPage\":{\"@id\":\"https:\/\/www.fiscalia.gov.co\/colombia\/noticias\/a-la-carcel-hombre-investigado-por-presuntamente-extorsionar-al-propietario-de-una-finca-en-el-suroeste-antioqueno\/\"},\"wordCount\":397,\"publisher\":{\"@id\":\"https:\/\/www.fiscalia.gov.co\/colombia\/#organization\"},\"image\":{\"@id\":\"https:\/\/www.fiscalia.gov.co\/colombia\/noticias\/a-la-carcel-hombre-investigado-por-presuntamente-extorsionar-al-propietario-de-una-finca-en-el-suroeste-antioqueno\/#primaryimage\"},\"thumbnailUrl\":\"https:\/\/www.fiscalia.gov.co\/colombia\/wp-content\/uploads\/ALIAS-LULU-300x279.jpg\",\"keywords\":[\"120 millones de pesos\",\"alias Lulu\",\"ANDES ANTIOQUIA\",\"CTI\",\"Extorsi\u00f3n agravada\",\"finquero de Andes (Antioquia)\",\"Fiscal\u00eda General de la Naci\u00f3n\",\"Gaula Militar\",\"GDCO Halcones del Suroeste\",\"GDCO Nuevo Renacer\",\"medida intramuros\"],\"articleSection\":[\"Noticias\",\"Seguridad territorial\"],\"inLanguage\":\"es-CO\"},{\"@type\":\"WebPage\",\"@id\":\"https:\/\/www.fiscalia.gov.co\/colombia\/noticias\/a-la-carcel-hombre-investigado-por-presuntamente-extorsionar-al-propietario-de-una-finca-en-el-suroeste-antioqueno\/\",\"url\":\"https:\/\/www.fiscalia.gov.co\/colombia\/noticias\/a-la-carcel-hombre-investigado-por-presuntamente-extorsionar-al-propietario-de-una-finca-en-el-suroeste-antioqueno\/\",\"name\":\"Fiscal\u00eda General de la Naci\u00f3n\",\"isPartOf\":{\"@id\":\"https:\/\/www.fiscalia.gov.co\/colombia\/#website\"},\"primaryImageOfPage\":{\"@id\":\"https:\/\/www.fiscalia.gov.co\/colombia\/noticias\/a-la-carcel-hombre-investigado-por-presuntamente-extorsionar-al-propietario-de-una-finca-en-el-suroeste-antioqueno\/#primaryimage\"},\"image\":{\"@id\":\"https:\/\/www.fiscalia.gov.co\/colombia\/noticias\/a-la-carcel-hombre-investigado-por-presuntamente-extorsionar-al-propietario-de-una-finca-en-el-suroeste-antioqueno\/#primaryimage\"},\"thumbnailUrl\":\"https:\/\/www.fiscalia.gov.co\/colombia\/wp-content\/uploads\/ALIAS-LULU-300x279.jpg\",\"datePublished\":\"2024-07-22T17:05:33+00:00\",\"dateModified\":\"2024-07-29T20:41:09+00:00\",\"description\":\"P\u00e1gina oficial de la Fiscal\u00eda General de la Naci\u00f3n \u2013 Colombia. Garantizamos el acceso efectivo a la justicia, la verdad y la reparaci\u00f3n de las v\u00edctimas de los delitos.\",\"breadcrumb\":{\"@id\":\"https:\/\/www.fiscalia.gov.co\/colombia\/noticias\/a-la-carcel-hombre-investigado-por-presuntamente-extorsionar-al-propietario-de-una-finca-en-el-suroeste-antioqueno\/#breadcrumb\"},\"inLanguage\":\"es-CO\",\"potentialAction\":[{\"@type\":\"ReadAction\",\"target\":[\"https:\/\/www.fiscalia.gov.co\/colombia\/noticias\/a-la-carcel-hombre-investigado-por-presuntamente-extorsionar-al-propietario-de-una-finca-en-el-suroeste-antioqueno\/\"]}]},{\"@type\":\"ImageObject\",\"inLanguage\":\"es-CO\",\"@id\":\"https:\/\/www.fiscalia.gov.co\/colombia\/noticias\/a-la-carcel-hombre-investigado-por-presuntamente-extorsionar-al-propietario-de-una-finca-en-el-suroeste-antioqueno\/#primaryimage\",\"url\":\"https:\/\/www.fiscalia.gov.co\/colombia\/wp-content\/uploads\/ALIAS-LULU.jpg\",\"contentUrl\":\"https:\/\/www.fiscalia.gov.co\/colombia\/wp-content\/uploads\/ALIAS-LULU.jpg\",\"width\":967,\"height\":900,\"caption\":\"Presunto responsable de extorsionar a un finquero del municipio de Andes (Antioquia)\"},{\"@type\":\"BreadcrumbList\",\"@id\":\"https:\/\/www.fiscalia.gov.co\/colombia\/noticias\/a-la-carcel-hombre-investigado-por-presuntamente-extorsionar-al-propietario-de-una-finca-en-el-suroeste-antioqueno\/#breadcrumb\",\"itemListElement\":[{\"@type\":\"ListItem\",\"position\":1,\"name\":\"Home\",\"item\":\"https:\/\/www.fiscalia.gov.co\/colombia\/\"},{\"@type\":\"ListItem\",\"position\":2,\"name\":\"A la c\u00e1rcel hombre investigado por presuntamente extorsionar al propietario de una finca en el suroeste antioque\u00f1o\"}]},{\"@type\":\"WebSite\",\"@id\":\"https:\/\/www.fiscalia.gov.co\/colombia\/#website\",\"url\":\"https:\/\/www.fiscalia.gov.co\/colombia\/\",\"name\":\"Fiscal\u00eda General de la Naci\u00f3n\",\"description\":\"P\u00e1gina oficial de la Fiscal\u00eda General de la Naci\u00f3n \u2013 Colombia. Garantizamos el acceso efectivo a la justicia, la verdad y la reparaci\u00f3n de las v\u00edctimas de los delitos.\",\"publisher\":{\"@id\":\"https:\/\/www.fiscalia.gov.co\/colombia\/#organization\"},\"potentialAction\":[{\"@type\":\"SearchAction\",\"target\":{\"@type\":\"EntryPoint\",\"urlTemplate\":\"https:\/\/www.fiscalia.gov.co\/colombia\/?s={search_term_string}\"},\"query-input\":{\"@type\":\"PropertyValueSpecification\",\"valueRequired\":true,\"valueName\":\"search_term_string\"}}],\"inLanguage\":\"es-CO\"},{\"@type\":\"Organization\",\"@id\":\"https:\/\/www.fiscalia.gov.co\/colombia\/#organization\",\"name\":\"Fiscal\u00eda General de la Naci\u00f3n\",\"url\":\"https:\/\/www.fiscalia.gov.co\/colombia\/\",\"logo\":{\"@type\":\"ImageObject\",\"inLanguage\":\"es-CO\",\"@id\":\"https:\/\/www.fiscalia.gov.co\/colombia\/#\/schema\/logo\/image\/\",\"url\":\"https:\/\/www.fiscalia.gov.co\/colombia\/wp-content\/uploads\/LogoHorizontal_1.jpg\",\"contentUrl\":\"https:\/\/www.fiscalia.gov.co\/colombia\/wp-content\/uploads\/LogoHorizontal_1.jpg\",\"width\":300,\"height\":90,\"caption\":\"Fiscal\u00eda General de la Naci\u00f3n\"},\"image\":{\"@id\":\"https:\/\/www.fiscalia.gov.co\/colombia\/#\/schema\/logo\/image\/\"},\"sameAs\":[\"https:\/\/www.facebook.com\/FiscaliaCol\",\"https:\/\/x.com\/FiscaliaCol\",\"https:\/\/www.instagram.com\/fiscaliacol\",\"https:\/\/www.linkedin.com\/company\/fiscalia-general-de-la-naci-n\/\",\"https:\/\/youtube.com\/@fiscaliageneraldelanacion-4668?si=6nN79nyQICPU5iTh\"]},{\"@type\":\"Person\",\"@id\":\"https:\/\/www.fiscalia.gov.co\/colombia\/#\/schema\/person\/176195b99ebab0a52aafa15197e1bf80\",\"name\":\"Winnie Geraldine Rodr\u00edguez Navarrete\",\"image\":{\"@type\":\"ImageObject\",\"inLanguage\":\"es-CO\",\"@id\":\"https:\/\/www.fiscalia.gov.co\/colombia\/#\/schema\/person\/image\/\",\"url\":\"https:\/\/secure.gravatar.com\/avatar\/c24cf8481dc84fa5e8c7b20bc95ab0c6?s=96&d=mm&r=g\",\"contentUrl\":\"https:\/\/secure.gravatar.com\/avatar\/c24cf8481dc84fa5e8c7b20bc95ab0c6?s=96&d=mm&r=g\",\"caption\":\"Winnie Geraldine Rodr\u00edguez Navarrete\"},\"url\":\"https:\/\/www.fiscalia.gov.co\/colombia\/author\/winnierodriguez\/\"}]}<\/script>\n<!-- \/ Yoast SEO plugin. -->","yoast_head_json":{"title":"Fiscal\u00eda General de la Naci\u00f3n","description":"P\u00e1gina oficial de la Fiscal\u00eda General de la Naci\u00f3n \u2013 Colombia. Garantizamos el acceso efectivo a la justicia, la verdad y la reparaci\u00f3n de las v\u00edctimas de los delitos.","robots":{"index":"noindex","follow":"follow"},"og_locale":"es_ES","og_type":"article","og_title":"Fiscal\u00eda General de la Naci\u00f3n","og_description":"P\u00e1gina oficial de la Fiscal\u00eda General de la Naci\u00f3n \u2013 Colombia. Garantizamos el acceso efectivo a la justicia, la verdad y la reparaci\u00f3n de las v\u00edctimas de los delitos.","og_url":"https:\/\/www.fiscalia.gov.co\/colombia\/noticias\/a-la-carcel-hombre-investigado-por-presuntamente-extorsionar-al-propietario-de-una-finca-en-el-suroeste-antioqueno\/","og_site_name":"Fiscal\u00eda General de la Naci\u00f3n","article_publisher":"https:\/\/www.facebook.com\/FiscaliaCol","article_published_time":"2024-07-22T17:05:33+00:00","article_modified_time":"2024-07-29T20:41:09+00:00","og_image":[{"url":"https:\/\/www.fiscalia.gov.co\/colombia\/wp-content\/uploads\/ALIAS-LULU-300x279.jpg","type":"","width":"","height":""}],"author":"Winnie Geraldine Rodr\u00edguez Navarrete","twitter_card":"summary_large_image","twitter_creator":"@FiscaliaCol","twitter_site":"@FiscaliaCol","twitter_misc":{"Escrito por":"Winnie Geraldine Rodr\u00edguez Navarrete","Tiempo de lectura":"2 minutos"},"schema":{"@context":"https:\/\/schema.org","@graph":[{"@type":"Article","@id":"https:\/\/www.fiscalia.gov.co\/colombia\/noticias\/a-la-carcel-hombre-investigado-por-presuntamente-extorsionar-al-propietario-de-una-finca-en-el-suroeste-antioqueno\/#article","isPartOf":{"@id":"https:\/\/www.fiscalia.gov.co\/colombia\/noticias\/a-la-carcel-hombre-investigado-por-presuntamente-extorsionar-al-propietario-de-una-finca-en-el-suroeste-antioqueno\/"},"author":{"name":"Winnie Geraldine Rodr\u00edguez Navarrete","@id":"https:\/\/www.fiscalia.gov.co\/colombia\/#\/schema\/person\/176195b99ebab0a52aafa15197e1bf80"},"headline":"A la c\u00e1rcel hombre investigado por presuntamente extorsionar al propietario de una finca en el suroeste antioque\u00f1o","datePublished":"2024-07-22T17:05:33+00:00","dateModified":"2024-07-29T20:41:09+00:00","mainEntityOfPage":{"@id":"https:\/\/www.fiscalia.gov.co\/colombia\/noticias\/a-la-carcel-hombre-investigado-por-presuntamente-extorsionar-al-propietario-de-una-finca-en-el-suroeste-antioqueno\/"},"wordCount":397,"publisher":{"@id":"https:\/\/www.fiscalia.gov.co\/colombia\/#organization"},"image":{"@id":"https:\/\/www.fiscalia.gov.co\/colombia\/noticias\/a-la-carcel-hombre-investigado-por-presuntamente-extorsionar-al-propietario-de-una-finca-en-el-suroeste-antioqueno\/#primaryimage"},"thumbnailUrl":"https:\/\/www.fiscalia.gov.co\/colombia\/wp-content\/uploads\/ALIAS-LULU-300x279.jpg","keywords":["120 millones de pesos","alias Lulu","ANDES ANTIOQUIA","CTI","Extorsi\u00f3n agravada","finquero de Andes (Antioquia)","Fiscal\u00eda General de la Naci\u00f3n","Gaula Militar","GDCO Halcones del Suroeste","GDCO Nuevo Renacer","medida intramuros"],"articleSection":["Noticias","Seguridad territorial"],"inLanguage":"es-CO"},{"@type":"WebPage","@id":"https:\/\/www.fiscalia.gov.co\/colombia\/noticias\/a-la-carcel-hombre-investigado-por-presuntamente-extorsionar-al-propietario-de-una-finca-en-el-suroeste-antioqueno\/","url":"https:\/\/www.fiscalia.gov.co\/colombia\/noticias\/a-la-carcel-hombre-investigado-por-presuntamente-extorsionar-al-propietario-de-una-finca-en-el-suroeste-antioqueno\/","name":"Fiscal\u00eda General de la Naci\u00f3n","isPartOf":{"@id":"https:\/\/www.fiscalia.gov.co\/colombia\/#website"},"primaryImageOfPage":{"@id":"https:\/\/www.fiscalia.gov.co\/colombia\/noticias\/a-la-carcel-hombre-investigado-por-presuntamente-extorsionar-al-propietario-de-una-finca-en-el-suroeste-antioqueno\/#primaryimage"},"image":{"@id":"https:\/\/www.fiscalia.gov.co\/colombia\/noticias\/a-la-carcel-hombre-investigado-por-presuntamente-extorsionar-al-propietario-de-una-finca-en-el-suroeste-antioqueno\/#primaryimage"},"thumbnailUrl":"https:\/\/www.fiscalia.gov.co\/colombia\/wp-content\/uploads\/ALIAS-LULU-300x279.jpg","datePublished":"2024-07-22T17:05:33+00:00","dateModified":"2024-07-29T20:41:09+00:00","description":"P\u00e1gina oficial de la Fiscal\u00eda General de la Naci\u00f3n \u2013 Colombia. Garantizamos el acceso efectivo a la justicia, la verdad y la reparaci\u00f3n de las v\u00edctimas de los delitos.","breadcrumb":{"@id":"https:\/\/www.fiscalia.gov.co\/colombia\/noticias\/a-la-carcel-hombre-investigado-por-presuntamente-extorsionar-al-propietario-de-una-finca-en-el-suroeste-antioqueno\/#breadcrumb"},"inLanguage":"es-CO","potentialAction":[{"@type":"ReadAction","target":["https:\/\/www.fiscalia.gov.co\/colombia\/noticias\/a-la-carcel-hombre-investigado-por-presuntamente-extorsionar-al-propietario-de-una-finca-en-el-suroeste-antioqueno\/"]}]},{"@type":"ImageObject","inLanguage":"es-CO","@id":"https:\/\/www.fiscalia.gov.co\/colombia\/noticias\/a-la-carcel-hombre-investigado-por-presuntamente-extorsionar-al-propietario-de-una-finca-en-el-suroeste-antioqueno\/#primaryimage","url":"https:\/\/www.fiscalia.gov.co\/colombia\/wp-content\/uploads\/ALIAS-LULU.jpg","contentUrl":"https:\/\/www.fiscalia.gov.co\/colombia\/wp-content\/uploads\/ALIAS-LULU.jpg","width":967,"height":900,"caption":"Presunto responsable de extorsionar a un finquero del municipio de Andes (Antioquia)"},{"@type":"BreadcrumbList","@id":"https:\/\/www.fiscalia.gov.co\/colombia\/noticias\/a-la-carcel-hombre-investigado-por-presuntamente-extorsionar-al-propietario-de-una-finca-en-el-suroeste-antioqueno\/#breadcrumb","itemListElement":[{"@type":"ListItem","position":1,"name":"Home","item":"https:\/\/www.fiscalia.gov.co\/colombia\/"},{"@type":"ListItem","position":2,"name":"A la c\u00e1rcel hombre investigado por presuntamente extorsionar al propietario de una finca en el suroeste antioque\u00f1o"}]},{"@type":"WebSite","@id":"https:\/\/www.fiscalia.gov.co\/colombia\/#website","url":"https:\/\/www.fiscalia.gov.co\/colombia\/","name":"Fiscal\u00eda General de la Naci\u00f3n","description":"P\u00e1gina oficial de la Fiscal\u00eda General de la Naci\u00f3n \u2013 Colombia. Garantizamos el acceso efectivo a la justicia, la verdad y la reparaci\u00f3n de las v\u00edctimas de los delitos.","publisher":{"@id":"https:\/\/www.fiscalia.gov.co\/colombia\/#organization"},"potentialAction":[{"@type":"SearchAction","target":{"@type":"EntryPoint","urlTemplate":"https:\/\/www.fiscalia.gov.co\/colombia\/?s={search_term_string}"},"query-input":{"@type":"PropertyValueSpecification","valueRequired":true,"valueName":"search_term_string"}}],"inLanguage":"es-CO"},{"@type":"Organization","@id":"https:\/\/www.fiscalia.gov.co\/colombia\/#organization","name":"Fiscal\u00eda General de la Naci\u00f3n","url":"https:\/\/www.fiscalia.gov.co\/colombia\/","logo":{"@type":"ImageObject","inLanguage":"es-CO","@id":"https:\/\/www.fiscalia.gov.co\/colombia\/#\/schema\/logo\/image\/","url":"https:\/\/www.fiscalia.gov.co\/colombia\/wp-content\/uploads\/LogoHorizontal_1.jpg","contentUrl":"https:\/\/www.fiscalia.gov.co\/colombia\/wp-content\/uploads\/LogoHorizontal_1.jpg","width":300,"height":90,"caption":"Fiscal\u00eda General de la Naci\u00f3n"},"image":{"@id":"https:\/\/www.fiscalia.gov.co\/colombia\/#\/schema\/logo\/image\/"},"sameAs":["https:\/\/www.facebook.com\/FiscaliaCol","https:\/\/x.com\/FiscaliaCol","https:\/\/www.instagram.com\/fiscaliacol","https:\/\/www.linkedin.com\/company\/fiscalia-general-de-la-naci-n\/","https:\/\/youtube.com\/@fiscaliageneraldelanacion-4668?si=6nN79nyQICPU5iTh"]},{"@type":"Person","@id":"https:\/\/www.fiscalia.gov.co\/colombia\/#\/schema\/person\/176195b99ebab0a52aafa15197e1bf80","name":"Winnie Geraldine Rodr\u00edguez Navarrete","image":{"@type":"ImageObject","inLanguage":"es-CO","@id":"https:\/\/www.fiscalia.gov.co\/colombia\/#\/schema\/person\/image\/","url":"https:\/\/secure.gravatar.com\/avatar\/c24cf8481dc84fa5e8c7b20bc95ab0c6?s=96&d=mm&r=g","contentUrl":"https:\/\/secure.gravatar.com\/avatar\/c24cf8481dc84fa5e8c7b20bc95ab0c6?s=96&d=mm&r=g","caption":"Winnie Geraldine Rodr\u00edguez Navarrete"},"url":"https:\/\/www.fiscalia.gov.co\/colombia\/author\/winnierodriguez\/"}]}},"_links":{"self":[{"href":"https:\/\/www.fiscalia.gov.co\/colombia\/wp-json\/wp\/v2\/posts\/298835","targetHints":{"allow":["GET"]}}],"collection":[{"href":"https:\/\/www.fiscalia.gov.co\/colombia\/wp-json\/wp\/v2\/posts"}],"about":[{"href":"https:\/\/www.fiscalia.gov.co\/colombia\/wp-json\/wp\/v2\/types\/post"}],"author":[{"embeddable":true,"href":"https:\/\/www.fiscalia.gov.co\/colombia\/wp-json\/wp\/v2\/users\/178"}],"replies":[{"embeddable":true,"href":"https:\/\/www.fiscalia.gov.co\/colombia\/wp-json\/wp\/v2\/comments?post=298835"}],"version-history":[{"count":3,"href":"https:\/\/www.fiscalia.gov.co\/colombia\/wp-json\/wp\/v2\/posts\/298835\/revisions"}],"predecessor-version":[{"id":299270,"href":"https:\/\/www.fiscalia.gov.co\/colombia\/wp-json\/wp\/v2\/posts\/298835\/revisions\/299270"}],"wp:attachment":[{"href":"https:\/\/www.fiscalia.gov.co\/colombia\/wp-json\/wp\/v2\/media?parent=298835"}],"wp:term":[{"taxonomy":"category","embeddable":true,"href":"https:\/\/www.fiscalia.gov.co\/colombia\/wp-json\/wp\/v2\/categories?post=298835"},{"taxonomy":"post_tag","embeddable":true,"href":"https:\/\/www.fiscalia.gov.co\/colombia\/wp-json\/wp\/v2\/tags?post=298835"}],"curies":[{"name":"wp","href":"https:\/\/api.w.org\/{rel}","templated":true}]}}