{"id":298677,"date":"2024-07-18T10:19:32","date_gmt":"2024-07-18T15:19:32","guid":{"rendered":"https:\/\/www.fiscalia.gov.co\/colombia\/?p=298677"},"modified":"2024-07-18T10:19:32","modified_gmt":"2024-07-18T15:19:32","slug":"fiscalia-desarticula-a-los-andariegos-la-organizacion-delincuencial-que-estaria-involucrada-en-el-trafico-ilegal-de-1-082-migrantes","status":"publish","type":"post","link":"https:\/\/www.fiscalia.gov.co\/colombia\/derechos-humanos\/fiscalia-desarticula-a-los-andariegos-la-organizacion-delincuencial-que-estaria-involucrada-en-el-trafico-ilegal-de-1-082-migrantes\/","title":{"rendered":"Fiscal\u00eda desarticula a \u2018Los Andariegos\u2019, la organizaci\u00f3n delincuencial que estar\u00eda involucrada en el tr\u00e1fico ilegal de 1.082 migrantes"},"content":{"rendered":"<blockquote>\n<ul>\n<li style=\"text-align: left;\">\n<h4><strong><em>En diligencias realizadas en Bello, Sabaneta y Envigado (Antioquia) fueron capturados ocho de los se\u00f1alados integrantes de la organizaci\u00f3n criminal.<\/em><\/strong><\/h4>\n<\/li>\n<li style=\"text-align: left;\">\n<h4><strong><em>Al parecer, dispusieron de dos rutas para mover de manera clandestina ciudadanos extranjeros a Centroam\u00e9rica.<\/em><\/strong><\/h4>\n<\/li>\n<\/ul>\n<\/blockquote>\n<p>&nbsp;<\/p>\n<p>A la organizaci\u00f3n criminal que se le atribuyen 42 eventos il\u00edcitos de tr\u00e1fico de migrantes, en los que fueron trasladados de manera clandestina 1.082 ciudadanos extranjeros, qued\u00f3 en evidencia gracias a las labores investigativas articuladas de la Fiscal\u00eda General de la Naci\u00f3n y la DIJIN de la Polic\u00eda Nacional, con apoyo del Servicio de Control de Inmigraci\u00f3n y Aduanas de Estados Unidos, por sus siglas en ingl\u00e9s (ICE\/HSI).<\/p>\n<p>Se trata de \u2018Los Andariegos\u2019, una estructura se\u00f1alada de garantizarles a los migrantes transporte, hospedaje, alimentaci\u00f3n y salida del pa\u00eds para seguir su camino a Estados Unidos.<\/p>\n<p>Los elementos de prueba indican que la red dispon\u00eda de dos rutas. La primera, movilizaba a los extranjeros en buses de turismo y de servicio interdepartamental desde Ipiales (Nari\u00f1o) hasta Necocl\u00ed (Antioquia), para posteriormente pasarlos por el denominado \u2018Tap\u00f3n del Dari\u00e9n\u2019 a Panam\u00e1.<\/p>\n<p>El otro trayecto, denominado VIP, era ofrecido exclusivamente a ciudadanos de China, que eran recogidos en Tulc\u00e1n (Ecuador) y llevados por v\u00eda terrestre a Medell\u00edn (Antioquia), donde les proporcionaban tiquetes a\u00e9reos para que volaran a San Andr\u00e9s Islas. All\u00ed, los embarcaban para llegar a pa\u00edses de Centroam\u00e9rica.<\/p>\n<p>En procedimientos realizados simult\u00e1neamente en Bello, Sabaneta y Envigado (Antioquia) fueron capturados ocho de los presuntos integrantes de \u2018Los Andariegos\u2019, entre ellos, el se\u00f1alado cabecilla, identificado como Cristian Camilo Rivera P\u00e9rez. Este hombre tendr\u00eda a su cargo la coordinaci\u00f3n de lo relacionado con el alojamiento y traslado de los extranjeros.<\/p>\n<p>Tambi\u00e9n fueron detenidos Jes\u00fas Nolberto Gonz\u00e1lez Bedoya, Reina Marisol Quiceno Aguirre, Nelson Fl\u00f3rez y Francia Elena Ortiz Gaviria, quienes ser\u00edan los responsables del brindar hospedaje y alojamiento en Cartago (Valle del Cauca) y Medell\u00edn (Antioquia); Paula Andrea Serna P\u00e9rez y Jorge Alexander Ca\u00f1arte Arcila, empleados de una empresa de transporte intermunicipal; y David Jes\u00e9 Rodr\u00edguez Suesc\u00fan, taxista que movilizaba a los migrantes en Medell\u00edn.<\/p>\n<p>Un fiscal de la Direcci\u00f3n Especializada contra las Violaciones a los Derechos Humanos imput\u00f3 a estas ocho personas los delitos de concierto para delinquir agravado y tr\u00e1fico de migrantes. Adicionalmente, al cabecilla le fue imputado el delito de fabricaci\u00f3n, tr\u00e1fico y porte de armas de fuego o municiones.<\/p>\n<p>Los cargos no fueron aceptados por los procesados. Seis de ellos deber\u00e1n cumplir medida de aseguramiento en centro carcelario; mientras que Ca\u00f1arte Arcila y Rodr\u00edguez Suesc\u00fan seguir\u00e1n vinculados a la investigaci\u00f3n.<\/p>\n<p>Esta informaci\u00f3n se publica por razones de inter\u00e9s general.<\/p>\n<p>LAGP\/JARG\/CCH\/DECVDH<\/p>\n<p>&nbsp;<\/p>\n<div class=\"td-post-content tagdiv-type\">\n<div class=\"td-post-content tagdiv-type\">\n<div class=\"td-post-content tagdiv-type\">\n<div class=\"td-post-content tagdiv-type\">\n<div class=\"td-post-content tagdiv-type\">\n<div class=\"td-post-content tagdiv-type\">\n<p><em>La informaci\u00f3n contenida en este bolet\u00edn de prensa corresponde a la narraci\u00f3n de los hechos noticiosos objetivos, suministrados por los funcionarios encargados de adelantar las investigaciones penales al interior de la Fiscal\u00eda General de la Naci\u00f3n. Para el momento de la divulgaci\u00f3n de este comunicado, la situaci\u00f3n jur\u00eddica de la(s) persona(s) relacionada(s) se encuentra pendiente de resolver por la autoridad judicial competente, siempre bajo los preceptos de la presunci\u00f3n de inocencia, consagrados en el art\u00edculo 29 de la Constituci\u00f3n Pol\u00edtica y el art\u00edculo 7\u00ba de la Ley 906 de 2004.<\/em><em>\u00a0<\/em><\/p>\n<\/div>\n<\/div>\n<\/div>\n<\/div>\n<\/div>\n<\/div>\n\n<div class=\"twitter-share\"><a href=\"https:\/\/twitter.com\/intent\/tweet?via=fiscaliacol\" class=\"twitter-share-button\">Tweet<\/a><\/div>\n","protected":false},"excerpt":{"rendered":"<p>En diligencias realizadas en Bello, Sabaneta y Envigado (Antioquia) fueron capturados ocho de los se\u00f1alados integrantes de la organizaci\u00f3n criminal. Al parecer, dispusieron de dos rutas para mover de manera clandestina ciudadanos extranjeros a Centroam\u00e9rica. &nbsp; A la organizaci\u00f3n criminal que se le atribuyen 42 eventos il\u00edcitos de tr\u00e1fico de migrantes, en los que fueron [&hellip;]<\/p>\n","protected":false},"author":175,"featured_media":0,"comment_status":"closed","ping_status":"open","sticky":false,"template":"","format":"standard","meta":{"tdm_status":"","tdm_grid_status":"","footnotes":""},"categories":[24102,1],"tags":[37491,37514,4634],"class_list":{"0":"post-298677","1":"post","2":"type-post","3":"status-publish","4":"format-standard","6":"category-derechos-humanos","7":"category-noticias","8":"tag-fiscal-camargo","9":"tag-fiscal-general-luz-adriana-camargo","10":"tag-trafico-de-migrantes"},"yoast_head":"<!-- This site is optimized with the Yoast SEO plugin v24.3 - https:\/\/yoast.com\/wordpress\/plugins\/seo\/ -->\n<title>Fiscal\u00eda General de la Naci\u00f3n<\/title>\n<meta name=\"description\" content=\"P\u00e1gina oficial de la Fiscal\u00eda General de la Naci\u00f3n \u2013 Colombia. Garantizamos el acceso efectivo a la justicia, la verdad y la reparaci\u00f3n de las v\u00edctimas de los delitos.\" \/>\n<meta name=\"robots\" content=\"noindex, follow\" \/>\n<meta property=\"og:locale\" content=\"es_ES\" \/>\n<meta property=\"og:type\" content=\"article\" \/>\n<meta property=\"og:title\" content=\"Fiscal\u00eda General de la Naci\u00f3n\" \/>\n<meta property=\"og:description\" content=\"P\u00e1gina oficial de la Fiscal\u00eda General de la Naci\u00f3n \u2013 Colombia. Garantizamos el acceso efectivo a la justicia, la verdad y la reparaci\u00f3n de las v\u00edctimas de los delitos.\" \/>\n<meta property=\"og:url\" content=\"https:\/\/www.fiscalia.gov.co\/colombia\/derechos-humanos\/fiscalia-desarticula-a-los-andariegos-la-organizacion-delincuencial-que-estaria-involucrada-en-el-trafico-ilegal-de-1-082-migrantes\/\" \/>\n<meta property=\"og:site_name\" content=\"Fiscal\u00eda General de la Naci\u00f3n\" \/>\n<meta property=\"article:publisher\" content=\"https:\/\/www.facebook.com\/FiscaliaCol\" \/>\n<meta property=\"article:published_time\" content=\"2024-07-18T15:19:32+00:00\" \/>\n<meta name=\"author\" content=\"Katherine Loaiza Mart\u00ednez\" \/>\n<meta name=\"twitter:card\" content=\"summary_large_image\" \/>\n<meta name=\"twitter:creator\" content=\"@FiscaliaCol\" \/>\n<meta name=\"twitter:site\" content=\"@FiscaliaCol\" \/>\n<meta name=\"twitter:label1\" content=\"Escrito por\" \/>\n\t<meta name=\"twitter:data1\" content=\"Katherine Loaiza Mart\u00ednez\" \/>\n\t<meta name=\"twitter:label2\" content=\"Tiempo de lectura\" \/>\n\t<meta name=\"twitter:data2\" content=\"3 minutos\" \/>\n<script type=\"application\/ld+json\" class=\"yoast-schema-graph\">{\"@context\":\"https:\/\/schema.org\",\"@graph\":[{\"@type\":\"Article\",\"@id\":\"https:\/\/www.fiscalia.gov.co\/colombia\/derechos-humanos\/fiscalia-desarticula-a-los-andariegos-la-organizacion-delincuencial-que-estaria-involucrada-en-el-trafico-ilegal-de-1-082-migrantes\/#article\",\"isPartOf\":{\"@id\":\"https:\/\/www.fiscalia.gov.co\/colombia\/derechos-humanos\/fiscalia-desarticula-a-los-andariegos-la-organizacion-delincuencial-que-estaria-involucrada-en-el-trafico-ilegal-de-1-082-migrantes\/\"},\"author\":{\"name\":\"Katherine Loaiza Mart\u00ednez\",\"@id\":\"https:\/\/www.fiscalia.gov.co\/colombia\/#\/schema\/person\/2e76b9aba5ecf875ed565ce4de0e0415\"},\"headline\":\"Fiscal\u00eda desarticula a \u2018Los Andariegos\u2019, la organizaci\u00f3n delincuencial que estar\u00eda involucrada en el tr\u00e1fico ilegal de 1.082 migrantes\",\"datePublished\":\"2024-07-18T15:19:32+00:00\",\"dateModified\":\"2024-07-18T15:19:32+00:00\",\"mainEntityOfPage\":{\"@id\":\"https:\/\/www.fiscalia.gov.co\/colombia\/derechos-humanos\/fiscalia-desarticula-a-los-andariegos-la-organizacion-delincuencial-que-estaria-involucrada-en-el-trafico-ilegal-de-1-082-migrantes\/\"},\"wordCount\":603,\"publisher\":{\"@id\":\"https:\/\/www.fiscalia.gov.co\/colombia\/#organization\"},\"keywords\":[\"fiscal Camargo\",\"Fiscal General Luz Adriana Camargo\",\"Tr\u00e1fico de migrantes\"],\"articleSection\":[\"Derechos Humanos\",\"Noticias\"],\"inLanguage\":\"es-CO\"},{\"@type\":\"WebPage\",\"@id\":\"https:\/\/www.fiscalia.gov.co\/colombia\/derechos-humanos\/fiscalia-desarticula-a-los-andariegos-la-organizacion-delincuencial-que-estaria-involucrada-en-el-trafico-ilegal-de-1-082-migrantes\/\",\"url\":\"https:\/\/www.fiscalia.gov.co\/colombia\/derechos-humanos\/fiscalia-desarticula-a-los-andariegos-la-organizacion-delincuencial-que-estaria-involucrada-en-el-trafico-ilegal-de-1-082-migrantes\/\",\"name\":\"Fiscal\u00eda General de la Naci\u00f3n\",\"isPartOf\":{\"@id\":\"https:\/\/www.fiscalia.gov.co\/colombia\/#website\"},\"datePublished\":\"2024-07-18T15:19:32+00:00\",\"dateModified\":\"2024-07-18T15:19:32+00:00\",\"description\":\"P\u00e1gina oficial de la Fiscal\u00eda General de la Naci\u00f3n \u2013 Colombia. Garantizamos el acceso efectivo a la justicia, la verdad y la reparaci\u00f3n de las v\u00edctimas de los delitos.\",\"breadcrumb\":{\"@id\":\"https:\/\/www.fiscalia.gov.co\/colombia\/derechos-humanos\/fiscalia-desarticula-a-los-andariegos-la-organizacion-delincuencial-que-estaria-involucrada-en-el-trafico-ilegal-de-1-082-migrantes\/#breadcrumb\"},\"inLanguage\":\"es-CO\",\"potentialAction\":[{\"@type\":\"ReadAction\",\"target\":[\"https:\/\/www.fiscalia.gov.co\/colombia\/derechos-humanos\/fiscalia-desarticula-a-los-andariegos-la-organizacion-delincuencial-que-estaria-involucrada-en-el-trafico-ilegal-de-1-082-migrantes\/\"]}]},{\"@type\":\"BreadcrumbList\",\"@id\":\"https:\/\/www.fiscalia.gov.co\/colombia\/derechos-humanos\/fiscalia-desarticula-a-los-andariegos-la-organizacion-delincuencial-que-estaria-involucrada-en-el-trafico-ilegal-de-1-082-migrantes\/#breadcrumb\",\"itemListElement\":[{\"@type\":\"ListItem\",\"position\":1,\"name\":\"Home\",\"item\":\"https:\/\/www.fiscalia.gov.co\/colombia\/\"},{\"@type\":\"ListItem\",\"position\":2,\"name\":\"Fiscal\u00eda desarticula a \u2018Los Andariegos\u2019, la organizaci\u00f3n delincuencial que estar\u00eda involucrada en el tr\u00e1fico ilegal de 1.082 migrantes\"}]},{\"@type\":\"WebSite\",\"@id\":\"https:\/\/www.fiscalia.gov.co\/colombia\/#website\",\"url\":\"https:\/\/www.fiscalia.gov.co\/colombia\/\",\"name\":\"Fiscal\u00eda General de la Naci\u00f3n\",\"description\":\"P\u00e1gina oficial de la Fiscal\u00eda General de la Naci\u00f3n \u2013 Colombia. Garantizamos el acceso efectivo a la justicia, la verdad y la reparaci\u00f3n de las v\u00edctimas de los delitos.\",\"publisher\":{\"@id\":\"https:\/\/www.fiscalia.gov.co\/colombia\/#organization\"},\"potentialAction\":[{\"@type\":\"SearchAction\",\"target\":{\"@type\":\"EntryPoint\",\"urlTemplate\":\"https:\/\/www.fiscalia.gov.co\/colombia\/?s={search_term_string}\"},\"query-input\":{\"@type\":\"PropertyValueSpecification\",\"valueRequired\":true,\"valueName\":\"search_term_string\"}}],\"inLanguage\":\"es-CO\"},{\"@type\":\"Organization\",\"@id\":\"https:\/\/www.fiscalia.gov.co\/colombia\/#organization\",\"name\":\"Fiscal\u00eda General de la Naci\u00f3n\",\"url\":\"https:\/\/www.fiscalia.gov.co\/colombia\/\",\"logo\":{\"@type\":\"ImageObject\",\"inLanguage\":\"es-CO\",\"@id\":\"https:\/\/www.fiscalia.gov.co\/colombia\/#\/schema\/logo\/image\/\",\"url\":\"https:\/\/www.fiscalia.gov.co\/colombia\/wp-content\/uploads\/LogoHorizontal_1.jpg\",\"contentUrl\":\"https:\/\/www.fiscalia.gov.co\/colombia\/wp-content\/uploads\/LogoHorizontal_1.jpg\",\"width\":300,\"height\":90,\"caption\":\"Fiscal\u00eda General de la Naci\u00f3n\"},\"image\":{\"@id\":\"https:\/\/www.fiscalia.gov.co\/colombia\/#\/schema\/logo\/image\/\"},\"sameAs\":[\"https:\/\/www.facebook.com\/FiscaliaCol\",\"https:\/\/x.com\/FiscaliaCol\",\"https:\/\/www.instagram.com\/fiscaliacol\",\"https:\/\/www.linkedin.com\/company\/fiscalia-general-de-la-naci-n\/\",\"https:\/\/youtube.com\/@fiscaliageneraldelanacion-4668?si=6nN79nyQICPU5iTh\"]},{\"@type\":\"Person\",\"@id\":\"https:\/\/www.fiscalia.gov.co\/colombia\/#\/schema\/person\/2e76b9aba5ecf875ed565ce4de0e0415\",\"name\":\"Katherine Loaiza Mart\u00ednez\",\"image\":{\"@type\":\"ImageObject\",\"inLanguage\":\"es-CO\",\"@id\":\"https:\/\/www.fiscalia.gov.co\/colombia\/#\/schema\/person\/image\/\",\"url\":\"https:\/\/secure.gravatar.com\/avatar\/ab775a2f394c1b83b6d6f78680e57b50?s=96&d=mm&r=g\",\"contentUrl\":\"https:\/\/secure.gravatar.com\/avatar\/ab775a2f394c1b83b6d6f78680e57b50?s=96&d=mm&r=g\",\"caption\":\"Katherine Loaiza Mart\u00ednez\"},\"url\":\"https:\/\/www.fiscalia.gov.co\/colombia\/author\/kloaiza\/\"}]}<\/script>\n<!-- \/ Yoast SEO plugin. -->","yoast_head_json":{"title":"Fiscal\u00eda General de la Naci\u00f3n","description":"P\u00e1gina oficial de la Fiscal\u00eda General de la Naci\u00f3n \u2013 Colombia. Garantizamos el acceso efectivo a la justicia, la verdad y la reparaci\u00f3n de las v\u00edctimas de los delitos.","robots":{"index":"noindex","follow":"follow"},"og_locale":"es_ES","og_type":"article","og_title":"Fiscal\u00eda General de la Naci\u00f3n","og_description":"P\u00e1gina oficial de la Fiscal\u00eda General de la Naci\u00f3n \u2013 Colombia. Garantizamos el acceso efectivo a la justicia, la verdad y la reparaci\u00f3n de las v\u00edctimas de los delitos.","og_url":"https:\/\/www.fiscalia.gov.co\/colombia\/derechos-humanos\/fiscalia-desarticula-a-los-andariegos-la-organizacion-delincuencial-que-estaria-involucrada-en-el-trafico-ilegal-de-1-082-migrantes\/","og_site_name":"Fiscal\u00eda General de la Naci\u00f3n","article_publisher":"https:\/\/www.facebook.com\/FiscaliaCol","article_published_time":"2024-07-18T15:19:32+00:00","author":"Katherine Loaiza Mart\u00ednez","twitter_card":"summary_large_image","twitter_creator":"@FiscaliaCol","twitter_site":"@FiscaliaCol","twitter_misc":{"Escrito por":"Katherine Loaiza Mart\u00ednez","Tiempo de lectura":"3 minutos"},"schema":{"@context":"https:\/\/schema.org","@graph":[{"@type":"Article","@id":"https:\/\/www.fiscalia.gov.co\/colombia\/derechos-humanos\/fiscalia-desarticula-a-los-andariegos-la-organizacion-delincuencial-que-estaria-involucrada-en-el-trafico-ilegal-de-1-082-migrantes\/#article","isPartOf":{"@id":"https:\/\/www.fiscalia.gov.co\/colombia\/derechos-humanos\/fiscalia-desarticula-a-los-andariegos-la-organizacion-delincuencial-que-estaria-involucrada-en-el-trafico-ilegal-de-1-082-migrantes\/"},"author":{"name":"Katherine Loaiza Mart\u00ednez","@id":"https:\/\/www.fiscalia.gov.co\/colombia\/#\/schema\/person\/2e76b9aba5ecf875ed565ce4de0e0415"},"headline":"Fiscal\u00eda desarticula a \u2018Los Andariegos\u2019, la organizaci\u00f3n delincuencial que estar\u00eda involucrada en el tr\u00e1fico ilegal de 1.082 migrantes","datePublished":"2024-07-18T15:19:32+00:00","dateModified":"2024-07-18T15:19:32+00:00","mainEntityOfPage":{"@id":"https:\/\/www.fiscalia.gov.co\/colombia\/derechos-humanos\/fiscalia-desarticula-a-los-andariegos-la-organizacion-delincuencial-que-estaria-involucrada-en-el-trafico-ilegal-de-1-082-migrantes\/"},"wordCount":603,"publisher":{"@id":"https:\/\/www.fiscalia.gov.co\/colombia\/#organization"},"keywords":["fiscal Camargo","Fiscal General Luz Adriana Camargo","Tr\u00e1fico de migrantes"],"articleSection":["Derechos Humanos","Noticias"],"inLanguage":"es-CO"},{"@type":"WebPage","@id":"https:\/\/www.fiscalia.gov.co\/colombia\/derechos-humanos\/fiscalia-desarticula-a-los-andariegos-la-organizacion-delincuencial-que-estaria-involucrada-en-el-trafico-ilegal-de-1-082-migrantes\/","url":"https:\/\/www.fiscalia.gov.co\/colombia\/derechos-humanos\/fiscalia-desarticula-a-los-andariegos-la-organizacion-delincuencial-que-estaria-involucrada-en-el-trafico-ilegal-de-1-082-migrantes\/","name":"Fiscal\u00eda General de la Naci\u00f3n","isPartOf":{"@id":"https:\/\/www.fiscalia.gov.co\/colombia\/#website"},"datePublished":"2024-07-18T15:19:32+00:00","dateModified":"2024-07-18T15:19:32+00:00","description":"P\u00e1gina oficial de la Fiscal\u00eda General de la Naci\u00f3n \u2013 Colombia. Garantizamos el acceso efectivo a la justicia, la verdad y la reparaci\u00f3n de las v\u00edctimas de los delitos.","breadcrumb":{"@id":"https:\/\/www.fiscalia.gov.co\/colombia\/derechos-humanos\/fiscalia-desarticula-a-los-andariegos-la-organizacion-delincuencial-que-estaria-involucrada-en-el-trafico-ilegal-de-1-082-migrantes\/#breadcrumb"},"inLanguage":"es-CO","potentialAction":[{"@type":"ReadAction","target":["https:\/\/www.fiscalia.gov.co\/colombia\/derechos-humanos\/fiscalia-desarticula-a-los-andariegos-la-organizacion-delincuencial-que-estaria-involucrada-en-el-trafico-ilegal-de-1-082-migrantes\/"]}]},{"@type":"BreadcrumbList","@id":"https:\/\/www.fiscalia.gov.co\/colombia\/derechos-humanos\/fiscalia-desarticula-a-los-andariegos-la-organizacion-delincuencial-que-estaria-involucrada-en-el-trafico-ilegal-de-1-082-migrantes\/#breadcrumb","itemListElement":[{"@type":"ListItem","position":1,"name":"Home","item":"https:\/\/www.fiscalia.gov.co\/colombia\/"},{"@type":"ListItem","position":2,"name":"Fiscal\u00eda desarticula a \u2018Los Andariegos\u2019, la organizaci\u00f3n delincuencial que estar\u00eda involucrada en el tr\u00e1fico ilegal de 1.082 migrantes"}]},{"@type":"WebSite","@id":"https:\/\/www.fiscalia.gov.co\/colombia\/#website","url":"https:\/\/www.fiscalia.gov.co\/colombia\/","name":"Fiscal\u00eda General de la Naci\u00f3n","description":"P\u00e1gina oficial de la Fiscal\u00eda General de la Naci\u00f3n \u2013 Colombia. Garantizamos el acceso efectivo a la justicia, la verdad y la reparaci\u00f3n de las v\u00edctimas de los delitos.","publisher":{"@id":"https:\/\/www.fiscalia.gov.co\/colombia\/#organization"},"potentialAction":[{"@type":"SearchAction","target":{"@type":"EntryPoint","urlTemplate":"https:\/\/www.fiscalia.gov.co\/colombia\/?s={search_term_string}"},"query-input":{"@type":"PropertyValueSpecification","valueRequired":true,"valueName":"search_term_string"}}],"inLanguage":"es-CO"},{"@type":"Organization","@id":"https:\/\/www.fiscalia.gov.co\/colombia\/#organization","name":"Fiscal\u00eda General de la Naci\u00f3n","url":"https:\/\/www.fiscalia.gov.co\/colombia\/","logo":{"@type":"ImageObject","inLanguage":"es-CO","@id":"https:\/\/www.fiscalia.gov.co\/colombia\/#\/schema\/logo\/image\/","url":"https:\/\/www.fiscalia.gov.co\/colombia\/wp-content\/uploads\/LogoHorizontal_1.jpg","contentUrl":"https:\/\/www.fiscalia.gov.co\/colombia\/wp-content\/uploads\/LogoHorizontal_1.jpg","width":300,"height":90,"caption":"Fiscal\u00eda General de la Naci\u00f3n"},"image":{"@id":"https:\/\/www.fiscalia.gov.co\/colombia\/#\/schema\/logo\/image\/"},"sameAs":["https:\/\/www.facebook.com\/FiscaliaCol","https:\/\/x.com\/FiscaliaCol","https:\/\/www.instagram.com\/fiscaliacol","https:\/\/www.linkedin.com\/company\/fiscalia-general-de-la-naci-n\/","https:\/\/youtube.com\/@fiscaliageneraldelanacion-4668?si=6nN79nyQICPU5iTh"]},{"@type":"Person","@id":"https:\/\/www.fiscalia.gov.co\/colombia\/#\/schema\/person\/2e76b9aba5ecf875ed565ce4de0e0415","name":"Katherine Loaiza Mart\u00ednez","image":{"@type":"ImageObject","inLanguage":"es-CO","@id":"https:\/\/www.fiscalia.gov.co\/colombia\/#\/schema\/person\/image\/","url":"https:\/\/secure.gravatar.com\/avatar\/ab775a2f394c1b83b6d6f78680e57b50?s=96&d=mm&r=g","contentUrl":"https:\/\/secure.gravatar.com\/avatar\/ab775a2f394c1b83b6d6f78680e57b50?s=96&d=mm&r=g","caption":"Katherine Loaiza Mart\u00ednez"},"url":"https:\/\/www.fiscalia.gov.co\/colombia\/author\/kloaiza\/"}]}},"_links":{"self":[{"href":"https:\/\/www.fiscalia.gov.co\/colombia\/wp-json\/wp\/v2\/posts\/298677","targetHints":{"allow":["GET"]}}],"collection":[{"href":"https:\/\/www.fiscalia.gov.co\/colombia\/wp-json\/wp\/v2\/posts"}],"about":[{"href":"https:\/\/www.fiscalia.gov.co\/colombia\/wp-json\/wp\/v2\/types\/post"}],"author":[{"embeddable":true,"href":"https:\/\/www.fiscalia.gov.co\/colombia\/wp-json\/wp\/v2\/users\/175"}],"replies":[{"embeddable":true,"href":"https:\/\/www.fiscalia.gov.co\/colombia\/wp-json\/wp\/v2\/comments?post=298677"}],"version-history":[{"count":1,"href":"https:\/\/www.fiscalia.gov.co\/colombia\/wp-json\/wp\/v2\/posts\/298677\/revisions"}],"predecessor-version":[{"id":298678,"href":"https:\/\/www.fiscalia.gov.co\/colombia\/wp-json\/wp\/v2\/posts\/298677\/revisions\/298678"}],"wp:attachment":[{"href":"https:\/\/www.fiscalia.gov.co\/colombia\/wp-json\/wp\/v2\/media?parent=298677"}],"wp:term":[{"taxonomy":"category","embeddable":true,"href":"https:\/\/www.fiscalia.gov.co\/colombia\/wp-json\/wp\/v2\/categories?post=298677"},{"taxonomy":"post_tag","embeddable":true,"href":"https:\/\/www.fiscalia.gov.co\/colombia\/wp-json\/wp\/v2\/tags?post=298677"}],"curies":[{"name":"wp","href":"https:\/\/api.w.org\/{rel}","templated":true}]}}