{"id":298428,"date":"2024-07-13T08:19:24","date_gmt":"2024-07-13T13:19:24","guid":{"rendered":"https:\/\/www.fiscalia.gov.co\/colombia\/?p=298428"},"modified":"2024-07-13T08:19:24","modified_gmt":"2024-07-13T13:19:24","slug":"fiscalia-impacta-a-estructura-delincuencial-de-los-pachelly-que-estaria-involucrada-en-extorsiones-y-desplazamientos-forzados-en-antioquia","status":"publish","type":"post","link":"https:\/\/www.fiscalia.gov.co\/colombia\/noticias\/fiscalia-impacta-a-estructura-delincuencial-de-los-pachelly-que-estaria-involucrada-en-extorsiones-y-desplazamientos-forzados-en-antioquia\/","title":{"rendered":"Fiscal\u00eda impacta a estructura delincuencial de \u2018Los Pachelly\u2019 que estar\u00eda involucrada en extorsiones y desplazamientos forzados en Antioquia"},"content":{"rendered":"<ul>\n<li>\n<h4 style=\"text-align: center;\"><strong><em>Los se\u00f1alados coordinadores del grupo delincuencial, conocidos como \u2018Mono Cuco\u2019 y \u2018El Gordo\u2019, fueron capturados y judicializados junto a 15 de sus presuntos <\/em><\/strong><\/h4>\n<\/li>\n<li>\n<h4 style=\"text-align: center;\"><strong><em>Al parecer, exig\u00edan dinero a habitantes, comerciantes y transportadores del Valle de Aburr\u00e1 para permitirles desarrollar sus actividades cotidianas.<\/em><\/strong><\/h4>\n<\/li>\n<\/ul>\n<p>La Fiscal\u00eda General de la Naci\u00f3n recopil\u00f3 varias denuncias y obtuvo material de prueba para poner en evidencia a la estructura delincuencial \u2018Los Pachelly\u2019, a la que se le atribuye m\u00faltiples acciones criminales en contra de la poblaci\u00f3n y el sector productivo de Medell\u00edn, Bello, Barbosa, Copacabana, Girardota (Antioquia).<\/p>\n<p>En diligencias realizadas de manera conjunta con la Polic\u00eda Nacional en el municipio de Bello, norte del Valle de Aburr\u00e1, fueron capturados 17 de los posibles integrantes de la organizaci\u00f3n ilegal. En los procedimientos fueron incautados un arma de fuego, munici\u00f3n, celulares, 278 gramos de anfetaminas y un kilogramo de pasta base de coca.<\/p>\n<p>Estas personas habr\u00edan participado en diferentes eventos delictivos ocurridos entre 2016 y 2024. En uno de estos, al parecer, invadieron la terraza de un inmueble en Bello (Antioquia) e iniciaron una construcci\u00f3n. Ante la oposici\u00f3n de la due\u00f1a del inmueble, le exigieron dinero en medio de amenazas de muerte. Finalmente, la obligaron a abandonar la propiedad.<\/p>\n<p>En otro hecho, registrado en diciembre de 2023, un hombre se\u00f1alado de ser miembro de la Polic\u00eda Nacional fue intimidado con armas de fuego para presionarlo a pagar 3 millones de pesos. Asimismo, est\u00e1n acreditadas extorsiones en contra de habitantes, comerciantes y transportadores para permitirles trabajar, estacionar sus veh\u00edculos y ejercer las actividades cotidianas en sectores en los que \u2018Los Pachelly\u2019 tienen presencia ilegal. En algunos casos las v\u00edctimas indicaron que fueron agredidas con armas cortopunzantes y objetos contundentes, y retenidas en contra de su voluntad.<\/p>\n<p>Un fiscal de la Seccional Medell\u00edn imput\u00f3 a los 17 capturados, de acuerdo con su posible responsabilidad, los delitos de: concierto para delinquir, extorsi\u00f3n, tentativa de extorsi\u00f3n, secuestro extorsivo, todos estas conductas agravadas; desplazamiento forzado, lesiones personales; tr\u00e1fico, fabricaci\u00f3n o porte de estupefacientes; fabricaci\u00f3n, tr\u00e1fico o porte de armas de fuego; destinaci\u00f3n il\u00edcita de bienes muebles o inmuebles, uso de menores para la comisi\u00f3n de delitos e invasi\u00f3n de tierras.<\/p>\n<p>Los procesados no aceptaron los cargos y, por disposici\u00f3n de un juez de control de garant\u00edas, deber\u00e1n cumplir medida de aseguramiento en centro carcelario. Entre los afectados con la decisi\u00f3n est\u00e1n Mauricio Enrique \u00c1lvarez Avenda\u00f1o, alias Mono Cuco; y Yeison Leandro C\u00e1rdenas Ram\u00edrez, alias El Gordo, presuntos coordinadores de \u2018Los Pachelly\u2019.<\/p>\n<p>Esta informaci\u00f3n se publica por razones de inter\u00e9s general.<\/p>\n<p>&nbsp;<\/p>\n<p>&nbsp;<\/p>\n<p>&nbsp;<\/p>\n<p>NAMT\/JJQ\/LMFO\/MAGA\/JARG\/DSM<\/p>\n<p>&nbsp;<\/p>\n<p>&nbsp;<\/p>\n<p>&nbsp;<\/p>\n<p><em>La informaci\u00f3n contenida en este bolet\u00edn de prensa corresponde a la narraci\u00f3n de los hechos noticiosos objetivos, suministrados por los funcionarios encargados de adelantar las investigaciones penales al interior de la Fiscal\u00eda General de la Naci\u00f3n. Para el momento de la divulgaci\u00f3n de este comunicado, la situaci\u00f3n jur\u00eddica de la(s) persona(s) relacionada(s) se encuentra pendiente de resolver por la autoridad judicial competente, siempre bajo los preceptos de la presunci\u00f3n de inocencia, consagrados en el art\u00edculo 29 de la Constituci\u00f3n Pol\u00edtica y el art\u00edculo 7\u00ba de la Ley 906 de 2004.<\/em><\/p>\n\n<div class=\"twitter-share\"><a href=\"https:\/\/twitter.com\/intent\/tweet?via=fiscaliacol\" class=\"twitter-share-button\">Tweet<\/a><\/div>\n","protected":false},"excerpt":{"rendered":"<p>Los se\u00f1alados coordinadores del grupo delincuencial, conocidos como \u2018Mono Cuco\u2019 y \u2018El Gordo\u2019, fueron capturados y judicializados junto a 15 de sus presuntos Al parecer, exig\u00edan dinero a habitantes, comerciantes y transportadores del Valle de Aburr\u00e1 para permitirles desarrollar sus actividades cotidianas. La Fiscal\u00eda General de la Naci\u00f3n recopil\u00f3 varias denuncias y obtuvo material de [&hellip;]<\/p>\n","protected":false},"author":178,"featured_media":0,"comment_status":"closed","ping_status":"open","sticky":false,"template":"","format":"standard","meta":{"tdm_status":"","tdm_grid_status":"","footnotes":""},"categories":[1,331,303,24099],"tags":[871,37491,1047,23985],"class_list":{"0":"post-298428","1":"post","2":"type-post","3":"status-publish","4":"format-standard","6":"category-noticias","7":"category-seccional-medellin","8":"category-seccionales","9":"category-seguridad-territorial","10":"tag-extorion","11":"tag-fiscal-camargo","12":"tag-fiscalia-general-de-la-nacion","13":"tag-medellin-antioquia"},"yoast_head":"<!-- This site is optimized with the Yoast SEO plugin v24.3 - https:\/\/yoast.com\/wordpress\/plugins\/seo\/ -->\n<title>Fiscal\u00eda General de la Naci\u00f3n<\/title>\n<meta name=\"description\" content=\"P\u00e1gina oficial de la Fiscal\u00eda General de la Naci\u00f3n \u2013 Colombia. Garantizamos el acceso efectivo a la justicia, la verdad y la reparaci\u00f3n de las v\u00edctimas de los delitos.\" \/>\n<meta name=\"robots\" content=\"noindex, follow\" \/>\n<meta property=\"og:locale\" content=\"es_ES\" \/>\n<meta property=\"og:type\" content=\"article\" \/>\n<meta property=\"og:title\" content=\"Fiscal\u00eda General de la Naci\u00f3n\" \/>\n<meta property=\"og:description\" content=\"P\u00e1gina oficial de la Fiscal\u00eda General de la Naci\u00f3n \u2013 Colombia. Garantizamos el acceso efectivo a la justicia, la verdad y la reparaci\u00f3n de las v\u00edctimas de los delitos.\" \/>\n<meta property=\"og:url\" content=\"https:\/\/www.fiscalia.gov.co\/colombia\/noticias\/fiscalia-impacta-a-estructura-delincuencial-de-los-pachelly-que-estaria-involucrada-en-extorsiones-y-desplazamientos-forzados-en-antioquia\/\" \/>\n<meta property=\"og:site_name\" content=\"Fiscal\u00eda General de la Naci\u00f3n\" \/>\n<meta property=\"article:publisher\" content=\"https:\/\/www.facebook.com\/FiscaliaCol\" \/>\n<meta property=\"article:published_time\" content=\"2024-07-13T13:19:24+00:00\" \/>\n<meta name=\"author\" content=\"Winnie Geraldine Rodr\u00edguez Navarrete\" \/>\n<meta name=\"twitter:card\" content=\"summary_large_image\" \/>\n<meta name=\"twitter:creator\" content=\"@FiscaliaCol\" \/>\n<meta name=\"twitter:site\" content=\"@FiscaliaCol\" \/>\n<meta name=\"twitter:label1\" content=\"Escrito por\" \/>\n\t<meta name=\"twitter:data1\" content=\"Winnie Geraldine Rodr\u00edguez Navarrete\" \/>\n\t<meta name=\"twitter:label2\" content=\"Tiempo de lectura\" \/>\n\t<meta name=\"twitter:data2\" content=\"3 minutos\" \/>\n<script type=\"application\/ld+json\" class=\"yoast-schema-graph\">{\"@context\":\"https:\/\/schema.org\",\"@graph\":[{\"@type\":\"Article\",\"@id\":\"https:\/\/www.fiscalia.gov.co\/colombia\/noticias\/fiscalia-impacta-a-estructura-delincuencial-de-los-pachelly-que-estaria-involucrada-en-extorsiones-y-desplazamientos-forzados-en-antioquia\/#article\",\"isPartOf\":{\"@id\":\"https:\/\/www.fiscalia.gov.co\/colombia\/noticias\/fiscalia-impacta-a-estructura-delincuencial-de-los-pachelly-que-estaria-involucrada-en-extorsiones-y-desplazamientos-forzados-en-antioquia\/\"},\"author\":{\"name\":\"Winnie Geraldine Rodr\u00edguez Navarrete\",\"@id\":\"https:\/\/www.fiscalia.gov.co\/colombia\/#\/schema\/person\/176195b99ebab0a52aafa15197e1bf80\"},\"headline\":\"Fiscal\u00eda impacta a estructura delincuencial de \u2018Los Pachelly\u2019 que estar\u00eda involucrada en extorsiones y desplazamientos forzados en Antioquia\",\"datePublished\":\"2024-07-13T13:19:24+00:00\",\"dateModified\":\"2024-07-13T13:19:24+00:00\",\"mainEntityOfPage\":{\"@id\":\"https:\/\/www.fiscalia.gov.co\/colombia\/noticias\/fiscalia-impacta-a-estructura-delincuencial-de-los-pachelly-que-estaria-involucrada-en-extorsiones-y-desplazamientos-forzados-en-antioquia\/\"},\"wordCount\":583,\"publisher\":{\"@id\":\"https:\/\/www.fiscalia.gov.co\/colombia\/#organization\"},\"keywords\":[\"Extorsi\u00f3n\",\"fiscal Camargo\",\"Fiscal\u00eda General de la Naci\u00f3n\",\"Medell\u00edn (Antioquia)\"],\"articleSection\":[\"Noticias\",\"Seccional Medell\u00edn\",\"Seccionales\",\"Seguridad territorial\"],\"inLanguage\":\"es-CO\"},{\"@type\":\"WebPage\",\"@id\":\"https:\/\/www.fiscalia.gov.co\/colombia\/noticias\/fiscalia-impacta-a-estructura-delincuencial-de-los-pachelly-que-estaria-involucrada-en-extorsiones-y-desplazamientos-forzados-en-antioquia\/\",\"url\":\"https:\/\/www.fiscalia.gov.co\/colombia\/noticias\/fiscalia-impacta-a-estructura-delincuencial-de-los-pachelly-que-estaria-involucrada-en-extorsiones-y-desplazamientos-forzados-en-antioquia\/\",\"name\":\"Fiscal\u00eda General de la Naci\u00f3n\",\"isPartOf\":{\"@id\":\"https:\/\/www.fiscalia.gov.co\/colombia\/#website\"},\"datePublished\":\"2024-07-13T13:19:24+00:00\",\"dateModified\":\"2024-07-13T13:19:24+00:00\",\"description\":\"P\u00e1gina oficial de la Fiscal\u00eda General de la Naci\u00f3n \u2013 Colombia. Garantizamos el acceso efectivo a la justicia, la verdad y la reparaci\u00f3n de las v\u00edctimas de los delitos.\",\"breadcrumb\":{\"@id\":\"https:\/\/www.fiscalia.gov.co\/colombia\/noticias\/fiscalia-impacta-a-estructura-delincuencial-de-los-pachelly-que-estaria-involucrada-en-extorsiones-y-desplazamientos-forzados-en-antioquia\/#breadcrumb\"},\"inLanguage\":\"es-CO\",\"potentialAction\":[{\"@type\":\"ReadAction\",\"target\":[\"https:\/\/www.fiscalia.gov.co\/colombia\/noticias\/fiscalia-impacta-a-estructura-delincuencial-de-los-pachelly-que-estaria-involucrada-en-extorsiones-y-desplazamientos-forzados-en-antioquia\/\"]}]},{\"@type\":\"BreadcrumbList\",\"@id\":\"https:\/\/www.fiscalia.gov.co\/colombia\/noticias\/fiscalia-impacta-a-estructura-delincuencial-de-los-pachelly-que-estaria-involucrada-en-extorsiones-y-desplazamientos-forzados-en-antioquia\/#breadcrumb\",\"itemListElement\":[{\"@type\":\"ListItem\",\"position\":1,\"name\":\"Home\",\"item\":\"https:\/\/www.fiscalia.gov.co\/colombia\/\"},{\"@type\":\"ListItem\",\"position\":2,\"name\":\"Fiscal\u00eda impacta a estructura delincuencial de \u2018Los Pachelly\u2019 que estar\u00eda involucrada en extorsiones y desplazamientos forzados en Antioquia\"}]},{\"@type\":\"WebSite\",\"@id\":\"https:\/\/www.fiscalia.gov.co\/colombia\/#website\",\"url\":\"https:\/\/www.fiscalia.gov.co\/colombia\/\",\"name\":\"Fiscal\u00eda General de la Naci\u00f3n\",\"description\":\"P\u00e1gina oficial de la Fiscal\u00eda General de la Naci\u00f3n \u2013 Colombia. Garantizamos el acceso efectivo a la justicia, la verdad y la reparaci\u00f3n de las v\u00edctimas de los delitos.\",\"publisher\":{\"@id\":\"https:\/\/www.fiscalia.gov.co\/colombia\/#organization\"},\"potentialAction\":[{\"@type\":\"SearchAction\",\"target\":{\"@type\":\"EntryPoint\",\"urlTemplate\":\"https:\/\/www.fiscalia.gov.co\/colombia\/?s={search_term_string}\"},\"query-input\":{\"@type\":\"PropertyValueSpecification\",\"valueRequired\":true,\"valueName\":\"search_term_string\"}}],\"inLanguage\":\"es-CO\"},{\"@type\":\"Organization\",\"@id\":\"https:\/\/www.fiscalia.gov.co\/colombia\/#organization\",\"name\":\"Fiscal\u00eda General de la Naci\u00f3n\",\"url\":\"https:\/\/www.fiscalia.gov.co\/colombia\/\",\"logo\":{\"@type\":\"ImageObject\",\"inLanguage\":\"es-CO\",\"@id\":\"https:\/\/www.fiscalia.gov.co\/colombia\/#\/schema\/logo\/image\/\",\"url\":\"https:\/\/www.fiscalia.gov.co\/colombia\/wp-content\/uploads\/LogoHorizontal_1.jpg\",\"contentUrl\":\"https:\/\/www.fiscalia.gov.co\/colombia\/wp-content\/uploads\/LogoHorizontal_1.jpg\",\"width\":300,\"height\":90,\"caption\":\"Fiscal\u00eda General de la Naci\u00f3n\"},\"image\":{\"@id\":\"https:\/\/www.fiscalia.gov.co\/colombia\/#\/schema\/logo\/image\/\"},\"sameAs\":[\"https:\/\/www.facebook.com\/FiscaliaCol\",\"https:\/\/x.com\/FiscaliaCol\",\"https:\/\/www.instagram.com\/fiscaliacol\",\"https:\/\/www.linkedin.com\/company\/fiscalia-general-de-la-naci-n\/\",\"https:\/\/youtube.com\/@fiscaliageneraldelanacion-4668?si=6nN79nyQICPU5iTh\"]},{\"@type\":\"Person\",\"@id\":\"https:\/\/www.fiscalia.gov.co\/colombia\/#\/schema\/person\/176195b99ebab0a52aafa15197e1bf80\",\"name\":\"Winnie Geraldine Rodr\u00edguez Navarrete\",\"image\":{\"@type\":\"ImageObject\",\"inLanguage\":\"es-CO\",\"@id\":\"https:\/\/www.fiscalia.gov.co\/colombia\/#\/schema\/person\/image\/\",\"url\":\"https:\/\/secure.gravatar.com\/avatar\/c24cf8481dc84fa5e8c7b20bc95ab0c6?s=96&d=mm&r=g\",\"contentUrl\":\"https:\/\/secure.gravatar.com\/avatar\/c24cf8481dc84fa5e8c7b20bc95ab0c6?s=96&d=mm&r=g\",\"caption\":\"Winnie Geraldine Rodr\u00edguez Navarrete\"},\"url\":\"https:\/\/www.fiscalia.gov.co\/colombia\/author\/winnierodriguez\/\"}]}<\/script>\n<!-- \/ Yoast SEO plugin. -->","yoast_head_json":{"title":"Fiscal\u00eda General de la Naci\u00f3n","description":"P\u00e1gina oficial de la Fiscal\u00eda General de la Naci\u00f3n \u2013 Colombia. Garantizamos el acceso efectivo a la justicia, la verdad y la reparaci\u00f3n de las v\u00edctimas de los delitos.","robots":{"index":"noindex","follow":"follow"},"og_locale":"es_ES","og_type":"article","og_title":"Fiscal\u00eda General de la Naci\u00f3n","og_description":"P\u00e1gina oficial de la Fiscal\u00eda General de la Naci\u00f3n \u2013 Colombia. Garantizamos el acceso efectivo a la justicia, la verdad y la reparaci\u00f3n de las v\u00edctimas de los delitos.","og_url":"https:\/\/www.fiscalia.gov.co\/colombia\/noticias\/fiscalia-impacta-a-estructura-delincuencial-de-los-pachelly-que-estaria-involucrada-en-extorsiones-y-desplazamientos-forzados-en-antioquia\/","og_site_name":"Fiscal\u00eda General de la Naci\u00f3n","article_publisher":"https:\/\/www.facebook.com\/FiscaliaCol","article_published_time":"2024-07-13T13:19:24+00:00","author":"Winnie Geraldine Rodr\u00edguez Navarrete","twitter_card":"summary_large_image","twitter_creator":"@FiscaliaCol","twitter_site":"@FiscaliaCol","twitter_misc":{"Escrito por":"Winnie Geraldine Rodr\u00edguez Navarrete","Tiempo de lectura":"3 minutos"},"schema":{"@context":"https:\/\/schema.org","@graph":[{"@type":"Article","@id":"https:\/\/www.fiscalia.gov.co\/colombia\/noticias\/fiscalia-impacta-a-estructura-delincuencial-de-los-pachelly-que-estaria-involucrada-en-extorsiones-y-desplazamientos-forzados-en-antioquia\/#article","isPartOf":{"@id":"https:\/\/www.fiscalia.gov.co\/colombia\/noticias\/fiscalia-impacta-a-estructura-delincuencial-de-los-pachelly-que-estaria-involucrada-en-extorsiones-y-desplazamientos-forzados-en-antioquia\/"},"author":{"name":"Winnie Geraldine Rodr\u00edguez Navarrete","@id":"https:\/\/www.fiscalia.gov.co\/colombia\/#\/schema\/person\/176195b99ebab0a52aafa15197e1bf80"},"headline":"Fiscal\u00eda impacta a estructura delincuencial de \u2018Los Pachelly\u2019 que estar\u00eda involucrada en extorsiones y desplazamientos forzados en Antioquia","datePublished":"2024-07-13T13:19:24+00:00","dateModified":"2024-07-13T13:19:24+00:00","mainEntityOfPage":{"@id":"https:\/\/www.fiscalia.gov.co\/colombia\/noticias\/fiscalia-impacta-a-estructura-delincuencial-de-los-pachelly-que-estaria-involucrada-en-extorsiones-y-desplazamientos-forzados-en-antioquia\/"},"wordCount":583,"publisher":{"@id":"https:\/\/www.fiscalia.gov.co\/colombia\/#organization"},"keywords":["Extorsi\u00f3n","fiscal Camargo","Fiscal\u00eda General de la Naci\u00f3n","Medell\u00edn (Antioquia)"],"articleSection":["Noticias","Seccional Medell\u00edn","Seccionales","Seguridad territorial"],"inLanguage":"es-CO"},{"@type":"WebPage","@id":"https:\/\/www.fiscalia.gov.co\/colombia\/noticias\/fiscalia-impacta-a-estructura-delincuencial-de-los-pachelly-que-estaria-involucrada-en-extorsiones-y-desplazamientos-forzados-en-antioquia\/","url":"https:\/\/www.fiscalia.gov.co\/colombia\/noticias\/fiscalia-impacta-a-estructura-delincuencial-de-los-pachelly-que-estaria-involucrada-en-extorsiones-y-desplazamientos-forzados-en-antioquia\/","name":"Fiscal\u00eda General de la Naci\u00f3n","isPartOf":{"@id":"https:\/\/www.fiscalia.gov.co\/colombia\/#website"},"datePublished":"2024-07-13T13:19:24+00:00","dateModified":"2024-07-13T13:19:24+00:00","description":"P\u00e1gina oficial de la Fiscal\u00eda General de la Naci\u00f3n \u2013 Colombia. Garantizamos el acceso efectivo a la justicia, la verdad y la reparaci\u00f3n de las v\u00edctimas de los delitos.","breadcrumb":{"@id":"https:\/\/www.fiscalia.gov.co\/colombia\/noticias\/fiscalia-impacta-a-estructura-delincuencial-de-los-pachelly-que-estaria-involucrada-en-extorsiones-y-desplazamientos-forzados-en-antioquia\/#breadcrumb"},"inLanguage":"es-CO","potentialAction":[{"@type":"ReadAction","target":["https:\/\/www.fiscalia.gov.co\/colombia\/noticias\/fiscalia-impacta-a-estructura-delincuencial-de-los-pachelly-que-estaria-involucrada-en-extorsiones-y-desplazamientos-forzados-en-antioquia\/"]}]},{"@type":"BreadcrumbList","@id":"https:\/\/www.fiscalia.gov.co\/colombia\/noticias\/fiscalia-impacta-a-estructura-delincuencial-de-los-pachelly-que-estaria-involucrada-en-extorsiones-y-desplazamientos-forzados-en-antioquia\/#breadcrumb","itemListElement":[{"@type":"ListItem","position":1,"name":"Home","item":"https:\/\/www.fiscalia.gov.co\/colombia\/"},{"@type":"ListItem","position":2,"name":"Fiscal\u00eda impacta a estructura delincuencial de \u2018Los Pachelly\u2019 que estar\u00eda involucrada en extorsiones y desplazamientos forzados en Antioquia"}]},{"@type":"WebSite","@id":"https:\/\/www.fiscalia.gov.co\/colombia\/#website","url":"https:\/\/www.fiscalia.gov.co\/colombia\/","name":"Fiscal\u00eda General de la Naci\u00f3n","description":"P\u00e1gina oficial de la Fiscal\u00eda General de la Naci\u00f3n \u2013 Colombia. Garantizamos el acceso efectivo a la justicia, la verdad y la reparaci\u00f3n de las v\u00edctimas de los delitos.","publisher":{"@id":"https:\/\/www.fiscalia.gov.co\/colombia\/#organization"},"potentialAction":[{"@type":"SearchAction","target":{"@type":"EntryPoint","urlTemplate":"https:\/\/www.fiscalia.gov.co\/colombia\/?s={search_term_string}"},"query-input":{"@type":"PropertyValueSpecification","valueRequired":true,"valueName":"search_term_string"}}],"inLanguage":"es-CO"},{"@type":"Organization","@id":"https:\/\/www.fiscalia.gov.co\/colombia\/#organization","name":"Fiscal\u00eda General de la Naci\u00f3n","url":"https:\/\/www.fiscalia.gov.co\/colombia\/","logo":{"@type":"ImageObject","inLanguage":"es-CO","@id":"https:\/\/www.fiscalia.gov.co\/colombia\/#\/schema\/logo\/image\/","url":"https:\/\/www.fiscalia.gov.co\/colombia\/wp-content\/uploads\/LogoHorizontal_1.jpg","contentUrl":"https:\/\/www.fiscalia.gov.co\/colombia\/wp-content\/uploads\/LogoHorizontal_1.jpg","width":300,"height":90,"caption":"Fiscal\u00eda General de la Naci\u00f3n"},"image":{"@id":"https:\/\/www.fiscalia.gov.co\/colombia\/#\/schema\/logo\/image\/"},"sameAs":["https:\/\/www.facebook.com\/FiscaliaCol","https:\/\/x.com\/FiscaliaCol","https:\/\/www.instagram.com\/fiscaliacol","https:\/\/www.linkedin.com\/company\/fiscalia-general-de-la-naci-n\/","https:\/\/youtube.com\/@fiscaliageneraldelanacion-4668?si=6nN79nyQICPU5iTh"]},{"@type":"Person","@id":"https:\/\/www.fiscalia.gov.co\/colombia\/#\/schema\/person\/176195b99ebab0a52aafa15197e1bf80","name":"Winnie Geraldine Rodr\u00edguez Navarrete","image":{"@type":"ImageObject","inLanguage":"es-CO","@id":"https:\/\/www.fiscalia.gov.co\/colombia\/#\/schema\/person\/image\/","url":"https:\/\/secure.gravatar.com\/avatar\/c24cf8481dc84fa5e8c7b20bc95ab0c6?s=96&d=mm&r=g","contentUrl":"https:\/\/secure.gravatar.com\/avatar\/c24cf8481dc84fa5e8c7b20bc95ab0c6?s=96&d=mm&r=g","caption":"Winnie Geraldine Rodr\u00edguez Navarrete"},"url":"https:\/\/www.fiscalia.gov.co\/colombia\/author\/winnierodriguez\/"}]}},"_links":{"self":[{"href":"https:\/\/www.fiscalia.gov.co\/colombia\/wp-json\/wp\/v2\/posts\/298428","targetHints":{"allow":["GET"]}}],"collection":[{"href":"https:\/\/www.fiscalia.gov.co\/colombia\/wp-json\/wp\/v2\/posts"}],"about":[{"href":"https:\/\/www.fiscalia.gov.co\/colombia\/wp-json\/wp\/v2\/types\/post"}],"author":[{"embeddable":true,"href":"https:\/\/www.fiscalia.gov.co\/colombia\/wp-json\/wp\/v2\/users\/178"}],"replies":[{"embeddable":true,"href":"https:\/\/www.fiscalia.gov.co\/colombia\/wp-json\/wp\/v2\/comments?post=298428"}],"version-history":[{"count":1,"href":"https:\/\/www.fiscalia.gov.co\/colombia\/wp-json\/wp\/v2\/posts\/298428\/revisions"}],"predecessor-version":[{"id":298429,"href":"https:\/\/www.fiscalia.gov.co\/colombia\/wp-json\/wp\/v2\/posts\/298428\/revisions\/298429"}],"wp:attachment":[{"href":"https:\/\/www.fiscalia.gov.co\/colombia\/wp-json\/wp\/v2\/media?parent=298428"}],"wp:term":[{"taxonomy":"category","embeddable":true,"href":"https:\/\/www.fiscalia.gov.co\/colombia\/wp-json\/wp\/v2\/categories?post=298428"},{"taxonomy":"post_tag","embeddable":true,"href":"https:\/\/www.fiscalia.gov.co\/colombia\/wp-json\/wp\/v2\/tags?post=298428"}],"curies":[{"name":"wp","href":"https:\/\/api.w.org\/{rel}","templated":true}]}}