{"id":298234,"date":"2024-07-10T15:29:54","date_gmt":"2024-07-10T20:29:54","guid":{"rendered":"https:\/\/www.fiscalia.gov.co\/colombia\/?p=298234"},"modified":"2024-07-23T16:34:05","modified_gmt":"2024-07-23T21:34:05","slug":"a-la-carcel-presunto-integrante-del-grupo-delincuencial-los-satanas-senalado-de-varios-homicidios-en-huila","status":"publish","type":"post","link":"https:\/\/www.fiscalia.gov.co\/colombia\/noticias\/a-la-carcel-presunto-integrante-del-grupo-delincuencial-los-satanas-senalado-de-varios-homicidios-en-huila\/","title":{"rendered":"A la c\u00e1rcel presunto integrante del grupo delincuencial Los Satan\u00e1s, se\u00f1alado de varios homicidios en Huila"},"content":{"rendered":"<blockquote>\n<h4><strong><em>El procesado habr\u00eda participado, junto a alias Porcelana o Satan\u00e1s, en el asesinato de varias personas,\u00a0enterradas en fosas comunes en el sector de Silvania en Gigante (Huila).<\/em><\/strong><\/h4>\n<\/blockquote>\n<p>Un juez de control de garant\u00edas impuso medida de aseguramiento en centro carcelario a\u00a0<strong>Carlos Alberto Casta\u00f1o Rueda, alias Andr\u00e9s, presuntamente responsable de los delitos homicidio agravado,<\/strong> desplazamiento forzado; tr\u00e1fico, fabricaci\u00f3n o porte de estupefacientes y; fabricaci\u00f3n, tr\u00e1fico, porte o tenencia de armas de fuego, accesorios, partes o municiones, en Huila.<\/p>\n<figure id=\"attachment_298235\" aria-describedby=\"caption-attachment-298235\" style=\"width: 300px\" class=\"wp-caption aligncenter\"><img loading=\"lazy\" decoding=\"async\" class=\"size-medium wp-image-298235\" src=\"https:\/\/www.fiscalia.gov.co\/colombia\/wp-content\/uploads\/Los-del-Rio.-Estupefacientes.-Yumbo-Valle-1-300x169.jpg\" alt=\"En la imagen se ven al capturado en custodia por un servidor del Cuerpo T\u00e9cnico de Investigaci\u00f3n CTI y dos uniformados de la Polic\u00eda Nacional. El capturado tiene una camiseta color roja y una sudadera blanca\" width=\"300\" height=\"169\" srcset=\"https:\/\/www.fiscalia.gov.co\/colombia\/wp-content\/uploads\/Los-del-Rio.-Estupefacientes.-Yumbo-Valle-1-300x169.jpg 300w, https:\/\/www.fiscalia.gov.co\/colombia\/wp-content\/uploads\/Los-del-Rio.-Estupefacientes.-Yumbo-Valle-1-1024x576.jpg 1024w, https:\/\/www.fiscalia.gov.co\/colombia\/wp-content\/uploads\/Los-del-Rio.-Estupefacientes.-Yumbo-Valle-1-768x432.jpg 768w, https:\/\/www.fiscalia.gov.co\/colombia\/wp-content\/uploads\/Los-del-Rio.-Estupefacientes.-Yumbo-Valle-1-1536x864.jpg 1536w, https:\/\/www.fiscalia.gov.co\/colombia\/wp-content\/uploads\/Los-del-Rio.-Estupefacientes.-Yumbo-Valle-1-696x392.jpg 696w, https:\/\/www.fiscalia.gov.co\/colombia\/wp-content\/uploads\/Los-del-Rio.-Estupefacientes.-Yumbo-Valle-1-1068x601.jpg 1068w, https:\/\/www.fiscalia.gov.co\/colombia\/wp-content\/uploads\/Los-del-Rio.-Estupefacientes.-Yumbo-Valle-1-747x420.jpg 747w, https:\/\/www.fiscalia.gov.co\/colombia\/wp-content\/uploads\/Los-del-Rio.-Estupefacientes.-Yumbo-Valle-1.jpg 1600w\" sizes=\"auto, (max-width: 300px) 100vw, 300px\" \/><figcaption id=\"caption-attachment-298235\" class=\"wp-caption-text\">De acuerdo con la investigaci\u00f3n, los hechos por los que Casta\u00f1o Rueda fue judicializado ocurrieron en el centro poblado de Silvania, zona rural de Gigante (Huila). \u2018Andr\u00e9s\u2019, quien har\u00eda parte del grupo delincuencial Los Satan\u00e1s, a mando de Janer Iv\u00e1n Morales Poveda, alias Porcelana o Satan\u00e1s,\u00a0ser\u00eda el presunto autor de varios homicidios cometidos en este departamento.<\/figcaption><\/figure>\n<p>De acuerdo con la investigaci\u00f3n, los hechos por los que Casta\u00f1o Rueda fue judicializado ocurrieron en el centro poblado de Silvania, zona rural de Gigante (Huila). \u2018Andr\u00e9s\u2019, quien <strong>har\u00eda parte del grupo delincuencial Los Satan\u00e1s<\/strong>, a mando de Janer Iv\u00e1n Morales Poveda, alias Porcelana o Satan\u00e1s,<em>\u00a0<\/em>ser\u00eda el presunto autor de varios homicidios cometidos en este departamento.<\/p>\n<p>Entre las v\u00edctimas figuran presuntos consumidores de estupefacientes y trabajadores de fincas cafeteras, a quienes obligaban a vincularse<a href=\"https:\/\/www.fiscalia.gov.co\/colombia\/noticias\/a-la-carcel-alias-satanas-presunto-responsable-de-varios-homicidios-en-huila\/\" target=\"_blank\" rel=\"noopener\"> a su grupo delincuencial<\/a>, a fin de tomar el control de la regi\u00f3n.<strong> En caso de negarse a ingresar eran asesinados, desmembrados y enterrados en fosas comunes en zonas boscosas de ese municipio.<\/strong><\/p>\n<p><strong>Labores adelantadas por servidores del Cuerpo T\u00e9cnico de Investigaci\u00f3n (CTI) en apoyo con la Polic\u00eda Nacional<\/strong>, permitieron la captura de Casta\u00f1o Rueda\u00a0en v\u00eda p\u00fablica de Gigante (Huila).<\/p>\n<p><strong>El procesado no se allan\u00f3 a los cargos imputados<\/strong> por un fiscal especializado de la seccional Huila.<\/p>\n<p>Esta informaci\u00f3n se publica por razones de inter\u00e9s general.<\/p>\n<p>&nbsp;<\/p>\n<p>WAGG\/LMFO\/MAGA\/EPR\/JCFJ\/DSH<\/p>\n<p>&nbsp;<\/p>\n<p>&nbsp;<\/p>\n<p>&nbsp;<\/p>\n<p>&nbsp;<\/p>\n<p><em>La informaci\u00f3n contenida en este bolet\u00edn de prensa corresponde a la narraci\u00f3n de los hechos noticiosos objetivos, suministrados por los funcionarios encargados de adelantar las investigaciones penales al interior de la Fiscal\u00eda General de la Naci\u00f3n. Para el momento de la divulgaci\u00f3n de este comunicado, la situaci\u00f3n jur\u00eddica de la(s) persona(s) relacionada(s) se encuentra pendiente de resolver por la autoridad judicial competente, siempre bajo los preceptos de la presunci\u00f3n de inocencia, consagrados en el art\u00edculo 29 de la Constituci\u00f3n Pol\u00edtica y el art\u00edculo 7\u00ba de la Ley 906 de 2004.<\/em><\/p>\n<p>&nbsp;<\/p>\n<p>&nbsp;<\/p>\n<p>&nbsp;<\/p>\n\n<div class=\"twitter-share\"><a href=\"https:\/\/twitter.com\/intent\/tweet?via=fiscaliacol\" class=\"twitter-share-button\">Tweet<\/a><\/div>\n","protected":false},"excerpt":{"rendered":"<p>El procesado habr\u00eda participado, junto a alias Porcelana o Satan\u00e1s, en el asesinato de varias personas,\u00a0enterradas en fosas comunes en el sector de Silvania en Gigante (Huila). Un juez de [&hellip;]<\/p>\n","protected":false},"author":181,"featured_media":0,"comment_status":"closed","ping_status":"open","sticky":false,"template":"","format":"standard","meta":{"tdm_status":"","tdm_grid_status":"","footnotes":""},"categories":[1],"tags":[8448,4017,30418,1426,1047,37966,1024,28686,409,16,5699,24485,155],"class_list":["post-298234","post","type-post","status-publish","format-standard","category-noticias","tag-agravado","tag-armas-de-fuego","tag-asesinatos","tag-desplazamiento","tag-fiscalia-general-de-la-nacion","tag-forzado","tag-fosas-comunes","tag-gigante","tag-homicidio","tag-huila","tag-municiones","tag-seccional-huila","tag-trafico-de-estupefacientes"],"yoast_head":"<!-- This site is optimized with the Yoast SEO plugin v24.3 - https:\/\/yoast.com\/wordpress\/plugins\/seo\/ -->\n<title>Fiscal\u00eda General de la Naci\u00f3n<\/title>\n<meta name=\"description\" content=\"P\u00e1gina oficial de la Fiscal\u00eda General de la Naci\u00f3n \u2013 Colombia. Garantizamos el acceso efectivo a la justicia, la verdad y la reparaci\u00f3n de las v\u00edctimas de los delitos.\" \/>\n<meta name=\"robots\" content=\"noindex, follow\" \/>\n<meta property=\"og:locale\" content=\"es_ES\" \/>\n<meta property=\"og:type\" content=\"article\" \/>\n<meta property=\"og:title\" content=\"Fiscal\u00eda General de la Naci\u00f3n\" \/>\n<meta property=\"og:description\" content=\"P\u00e1gina oficial de la Fiscal\u00eda General de la Naci\u00f3n \u2013 Colombia. Garantizamos el acceso efectivo a la justicia, la verdad y la reparaci\u00f3n de las v\u00edctimas de los delitos.\" \/>\n<meta property=\"og:url\" content=\"https:\/\/www.fiscalia.gov.co\/colombia\/noticias\/a-la-carcel-presunto-integrante-del-grupo-delincuencial-los-satanas-senalado-de-varios-homicidios-en-huila\/\" \/>\n<meta property=\"og:site_name\" content=\"Fiscal\u00eda General de la Naci\u00f3n\" \/>\n<meta property=\"article:publisher\" content=\"https:\/\/www.facebook.com\/FiscaliaCol\" \/>\n<meta property=\"article:published_time\" content=\"2024-07-10T20:29:54+00:00\" \/>\n<meta property=\"article:modified_time\" content=\"2024-07-23T21:34:05+00:00\" \/>\n<meta property=\"og:image\" content=\"https:\/\/www.fiscalia.gov.co\/colombia\/wp-content\/uploads\/Los-del-Rio.-Estupefacientes.-Yumbo-Valle-1-300x169.jpg\" \/>\n<meta name=\"author\" content=\"Johanna Islenny Prieto Pe\u00f1a\" \/>\n<meta name=\"twitter:card\" content=\"summary_large_image\" \/>\n<meta name=\"twitter:creator\" content=\"@FiscaliaCol\" \/>\n<meta name=\"twitter:site\" content=\"@FiscaliaCol\" \/>\n<meta name=\"twitter:label1\" content=\"Escrito por\" \/>\n\t<meta name=\"twitter:data1\" content=\"Johanna Islenny Prieto Pe\u00f1a\" \/>\n\t<meta name=\"twitter:label2\" content=\"Tiempo de lectura\" \/>\n\t<meta name=\"twitter:data2\" content=\"3 minutos\" \/>\n<script type=\"application\/ld+json\" class=\"yoast-schema-graph\">{\"@context\":\"https:\/\/schema.org\",\"@graph\":[{\"@type\":\"Article\",\"@id\":\"https:\/\/www.fiscalia.gov.co\/colombia\/noticias\/a-la-carcel-presunto-integrante-del-grupo-delincuencial-los-satanas-senalado-de-varios-homicidios-en-huila\/#article\",\"isPartOf\":{\"@id\":\"https:\/\/www.fiscalia.gov.co\/colombia\/noticias\/a-la-carcel-presunto-integrante-del-grupo-delincuencial-los-satanas-senalado-de-varios-homicidios-en-huila\/\"},\"author\":{\"name\":\"Johanna Islenny Prieto Pe\u00f1a\",\"@id\":\"https:\/\/www.fiscalia.gov.co\/colombia\/#\/schema\/person\/ba9eca435947489fb25117a0cd75bf3e\"},\"headline\":\"A la c\u00e1rcel presunto integrante del grupo delincuencial Los Satan\u00e1s, se\u00f1alado de varios homicidios en Huila\",\"datePublished\":\"2024-07-10T20:29:54+00:00\",\"dateModified\":\"2024-07-23T21:34:05+00:00\",\"mainEntityOfPage\":{\"@id\":\"https:\/\/www.fiscalia.gov.co\/colombia\/noticias\/a-la-carcel-presunto-integrante-del-grupo-delincuencial-los-satanas-senalado-de-varios-homicidios-en-huila\/\"},\"wordCount\":475,\"publisher\":{\"@id\":\"https:\/\/www.fiscalia.gov.co\/colombia\/#organization\"},\"image\":{\"@id\":\"https:\/\/www.fiscalia.gov.co\/colombia\/noticias\/a-la-carcel-presunto-integrante-del-grupo-delincuencial-los-satanas-senalado-de-varios-homicidios-en-huila\/#primaryimage\"},\"thumbnailUrl\":\"https:\/\/www.fiscalia.gov.co\/colombia\/wp-content\/uploads\/Los-del-Rio.-Estupefacientes.-Yumbo-Valle-1-300x169.jpg\",\"keywords\":[\"Agravado\",\"Armas de fuego\",\"asesinatos\",\"Desplazamiento\",\"Fiscal\u00eda General de la Naci\u00f3n\",\"forzado\",\"Fosas comunes\",\"Gigante\",\"Homicidio\",\"Huila\",\"Municiones\",\"Seccional Huila\",\"Tr\u00e1fico de estupefacientes\"],\"articleSection\":[\"Noticias\"],\"inLanguage\":\"es-CO\"},{\"@type\":\"WebPage\",\"@id\":\"https:\/\/www.fiscalia.gov.co\/colombia\/noticias\/a-la-carcel-presunto-integrante-del-grupo-delincuencial-los-satanas-senalado-de-varios-homicidios-en-huila\/\",\"url\":\"https:\/\/www.fiscalia.gov.co\/colombia\/noticias\/a-la-carcel-presunto-integrante-del-grupo-delincuencial-los-satanas-senalado-de-varios-homicidios-en-huila\/\",\"name\":\"Fiscal\u00eda General de la Naci\u00f3n\",\"isPartOf\":{\"@id\":\"https:\/\/www.fiscalia.gov.co\/colombia\/#website\"},\"primaryImageOfPage\":{\"@id\":\"https:\/\/www.fiscalia.gov.co\/colombia\/noticias\/a-la-carcel-presunto-integrante-del-grupo-delincuencial-los-satanas-senalado-de-varios-homicidios-en-huila\/#primaryimage\"},\"image\":{\"@id\":\"https:\/\/www.fiscalia.gov.co\/colombia\/noticias\/a-la-carcel-presunto-integrante-del-grupo-delincuencial-los-satanas-senalado-de-varios-homicidios-en-huila\/#primaryimage\"},\"thumbnailUrl\":\"https:\/\/www.fiscalia.gov.co\/colombia\/wp-content\/uploads\/Los-del-Rio.-Estupefacientes.-Yumbo-Valle-1-300x169.jpg\",\"datePublished\":\"2024-07-10T20:29:54+00:00\",\"dateModified\":\"2024-07-23T21:34:05+00:00\",\"description\":\"P\u00e1gina oficial de la Fiscal\u00eda General de la Naci\u00f3n \u2013 Colombia. Garantizamos el acceso efectivo a la justicia, la verdad y la reparaci\u00f3n de las v\u00edctimas de los delitos.\",\"breadcrumb\":{\"@id\":\"https:\/\/www.fiscalia.gov.co\/colombia\/noticias\/a-la-carcel-presunto-integrante-del-grupo-delincuencial-los-satanas-senalado-de-varios-homicidios-en-huila\/#breadcrumb\"},\"inLanguage\":\"es-CO\",\"potentialAction\":[{\"@type\":\"ReadAction\",\"target\":[\"https:\/\/www.fiscalia.gov.co\/colombia\/noticias\/a-la-carcel-presunto-integrante-del-grupo-delincuencial-los-satanas-senalado-de-varios-homicidios-en-huila\/\"]}]},{\"@type\":\"ImageObject\",\"inLanguage\":\"es-CO\",\"@id\":\"https:\/\/www.fiscalia.gov.co\/colombia\/noticias\/a-la-carcel-presunto-integrante-del-grupo-delincuencial-los-satanas-senalado-de-varios-homicidios-en-huila\/#primaryimage\",\"url\":\"https:\/\/www.fiscalia.gov.co\/colombia\/wp-content\/uploads\/Los-del-Rio.-Estupefacientes.-Yumbo-Valle-1.jpg\",\"contentUrl\":\"https:\/\/www.fiscalia.gov.co\/colombia\/wp-content\/uploads\/Los-del-Rio.-Estupefacientes.-Yumbo-Valle-1.jpg\",\"width\":1600,\"height\":900,\"caption\":\"De acuerdo con la investigaci\u00f3n, los hechos por los que Casta\u00f1o Rueda fue judicializado ocurrieron en el centro poblado de Silvania, zona rural de Gigante (Huila). \u2018Andr\u00e9s\u2019, quien har\u00eda parte del grupo delincuencial Los Satan\u00e1s, a mando de Janer Iv\u00e1n Morales Poveda, alias Porcelana o Satan\u00e1s,\u00a0ser\u00eda el presunto autor de varios homicidios cometidos en este departamento.\"},{\"@type\":\"BreadcrumbList\",\"@id\":\"https:\/\/www.fiscalia.gov.co\/colombia\/noticias\/a-la-carcel-presunto-integrante-del-grupo-delincuencial-los-satanas-senalado-de-varios-homicidios-en-huila\/#breadcrumb\",\"itemListElement\":[{\"@type\":\"ListItem\",\"position\":1,\"name\":\"Home\",\"item\":\"https:\/\/www.fiscalia.gov.co\/colombia\/\"},{\"@type\":\"ListItem\",\"position\":2,\"name\":\"A la c\u00e1rcel presunto integrante del grupo delincuencial Los Satan\u00e1s, se\u00f1alado de varios homicidios en Huila\"}]},{\"@type\":\"WebSite\",\"@id\":\"https:\/\/www.fiscalia.gov.co\/colombia\/#website\",\"url\":\"https:\/\/www.fiscalia.gov.co\/colombia\/\",\"name\":\"Fiscal\u00eda General de la Naci\u00f3n\",\"description\":\"P\u00e1gina oficial de la Fiscal\u00eda General de la Naci\u00f3n \u2013 Colombia. Garantizamos el acceso efectivo a la justicia, la verdad y la reparaci\u00f3n de las v\u00edctimas de los delitos.\",\"publisher\":{\"@id\":\"https:\/\/www.fiscalia.gov.co\/colombia\/#organization\"},\"potentialAction\":[{\"@type\":\"SearchAction\",\"target\":{\"@type\":\"EntryPoint\",\"urlTemplate\":\"https:\/\/www.fiscalia.gov.co\/colombia\/?s={search_term_string}\"},\"query-input\":{\"@type\":\"PropertyValueSpecification\",\"valueRequired\":true,\"valueName\":\"search_term_string\"}}],\"inLanguage\":\"es-CO\"},{\"@type\":\"Organization\",\"@id\":\"https:\/\/www.fiscalia.gov.co\/colombia\/#organization\",\"name\":\"Fiscal\u00eda General de la Naci\u00f3n\",\"url\":\"https:\/\/www.fiscalia.gov.co\/colombia\/\",\"logo\":{\"@type\":\"ImageObject\",\"inLanguage\":\"es-CO\",\"@id\":\"https:\/\/www.fiscalia.gov.co\/colombia\/#\/schema\/logo\/image\/\",\"url\":\"https:\/\/www.fiscalia.gov.co\/colombia\/wp-content\/uploads\/LogoHorizontal_1.jpg\",\"contentUrl\":\"https:\/\/www.fiscalia.gov.co\/colombia\/wp-content\/uploads\/LogoHorizontal_1.jpg\",\"width\":300,\"height\":90,\"caption\":\"Fiscal\u00eda General de la Naci\u00f3n\"},\"image\":{\"@id\":\"https:\/\/www.fiscalia.gov.co\/colombia\/#\/schema\/logo\/image\/\"},\"sameAs\":[\"https:\/\/www.facebook.com\/FiscaliaCol\",\"https:\/\/x.com\/FiscaliaCol\",\"https:\/\/www.instagram.com\/fiscaliacol\",\"https:\/\/www.linkedin.com\/company\/fiscalia-general-de-la-naci-n\/\",\"https:\/\/youtube.com\/@fiscaliageneraldelanacion-4668?si=6nN79nyQICPU5iTh\"]},{\"@type\":\"Person\",\"@id\":\"https:\/\/www.fiscalia.gov.co\/colombia\/#\/schema\/person\/ba9eca435947489fb25117a0cd75bf3e\",\"name\":\"Johanna Islenny Prieto Pe\u00f1a\",\"image\":{\"@type\":\"ImageObject\",\"inLanguage\":\"es-CO\",\"@id\":\"https:\/\/www.fiscalia.gov.co\/colombia\/#\/schema\/person\/image\/\",\"url\":\"https:\/\/secure.gravatar.com\/avatar\/111433fc2acb037ffb768f6a3ca47864?s=96&d=mm&r=g\",\"contentUrl\":\"https:\/\/secure.gravatar.com\/avatar\/111433fc2acb037ffb768f6a3ca47864?s=96&d=mm&r=g\",\"caption\":\"Johanna Islenny Prieto Pe\u00f1a\"},\"url\":\"https:\/\/www.fiscalia.gov.co\/colombia\/author\/jprietop\/\"}]}<\/script>\n<!-- \/ Yoast SEO plugin. -->","yoast_head_json":{"title":"Fiscal\u00eda General de la Naci\u00f3n","description":"P\u00e1gina oficial de la Fiscal\u00eda General de la Naci\u00f3n \u2013 Colombia. Garantizamos el acceso efectivo a la justicia, la verdad y la reparaci\u00f3n de las v\u00edctimas de los delitos.","robots":{"index":"noindex","follow":"follow"},"og_locale":"es_ES","og_type":"article","og_title":"Fiscal\u00eda General de la Naci\u00f3n","og_description":"P\u00e1gina oficial de la Fiscal\u00eda General de la Naci\u00f3n \u2013 Colombia. Garantizamos el acceso efectivo a la justicia, la verdad y la reparaci\u00f3n de las v\u00edctimas de los delitos.","og_url":"https:\/\/www.fiscalia.gov.co\/colombia\/noticias\/a-la-carcel-presunto-integrante-del-grupo-delincuencial-los-satanas-senalado-de-varios-homicidios-en-huila\/","og_site_name":"Fiscal\u00eda General de la Naci\u00f3n","article_publisher":"https:\/\/www.facebook.com\/FiscaliaCol","article_published_time":"2024-07-10T20:29:54+00:00","article_modified_time":"2024-07-23T21:34:05+00:00","og_image":[{"url":"https:\/\/www.fiscalia.gov.co\/colombia\/wp-content\/uploads\/Los-del-Rio.-Estupefacientes.-Yumbo-Valle-1-300x169.jpg","type":"","width":"","height":""}],"author":"Johanna Islenny Prieto Pe\u00f1a","twitter_card":"summary_large_image","twitter_creator":"@FiscaliaCol","twitter_site":"@FiscaliaCol","twitter_misc":{"Escrito por":"Johanna Islenny Prieto Pe\u00f1a","Tiempo de lectura":"3 minutos"},"schema":{"@context":"https:\/\/schema.org","@graph":[{"@type":"Article","@id":"https:\/\/www.fiscalia.gov.co\/colombia\/noticias\/a-la-carcel-presunto-integrante-del-grupo-delincuencial-los-satanas-senalado-de-varios-homicidios-en-huila\/#article","isPartOf":{"@id":"https:\/\/www.fiscalia.gov.co\/colombia\/noticias\/a-la-carcel-presunto-integrante-del-grupo-delincuencial-los-satanas-senalado-de-varios-homicidios-en-huila\/"},"author":{"name":"Johanna Islenny Prieto Pe\u00f1a","@id":"https:\/\/www.fiscalia.gov.co\/colombia\/#\/schema\/person\/ba9eca435947489fb25117a0cd75bf3e"},"headline":"A la c\u00e1rcel presunto integrante del grupo delincuencial Los Satan\u00e1s, se\u00f1alado de varios homicidios en Huila","datePublished":"2024-07-10T20:29:54+00:00","dateModified":"2024-07-23T21:34:05+00:00","mainEntityOfPage":{"@id":"https:\/\/www.fiscalia.gov.co\/colombia\/noticias\/a-la-carcel-presunto-integrante-del-grupo-delincuencial-los-satanas-senalado-de-varios-homicidios-en-huila\/"},"wordCount":475,"publisher":{"@id":"https:\/\/www.fiscalia.gov.co\/colombia\/#organization"},"image":{"@id":"https:\/\/www.fiscalia.gov.co\/colombia\/noticias\/a-la-carcel-presunto-integrante-del-grupo-delincuencial-los-satanas-senalado-de-varios-homicidios-en-huila\/#primaryimage"},"thumbnailUrl":"https:\/\/www.fiscalia.gov.co\/colombia\/wp-content\/uploads\/Los-del-Rio.-Estupefacientes.-Yumbo-Valle-1-300x169.jpg","keywords":["Agravado","Armas de fuego","asesinatos","Desplazamiento","Fiscal\u00eda General de la Naci\u00f3n","forzado","Fosas comunes","Gigante","Homicidio","Huila","Municiones","Seccional Huila","Tr\u00e1fico de estupefacientes"],"articleSection":["Noticias"],"inLanguage":"es-CO"},{"@type":"WebPage","@id":"https:\/\/www.fiscalia.gov.co\/colombia\/noticias\/a-la-carcel-presunto-integrante-del-grupo-delincuencial-los-satanas-senalado-de-varios-homicidios-en-huila\/","url":"https:\/\/www.fiscalia.gov.co\/colombia\/noticias\/a-la-carcel-presunto-integrante-del-grupo-delincuencial-los-satanas-senalado-de-varios-homicidios-en-huila\/","name":"Fiscal\u00eda General de la Naci\u00f3n","isPartOf":{"@id":"https:\/\/www.fiscalia.gov.co\/colombia\/#website"},"primaryImageOfPage":{"@id":"https:\/\/www.fiscalia.gov.co\/colombia\/noticias\/a-la-carcel-presunto-integrante-del-grupo-delincuencial-los-satanas-senalado-de-varios-homicidios-en-huila\/#primaryimage"},"image":{"@id":"https:\/\/www.fiscalia.gov.co\/colombia\/noticias\/a-la-carcel-presunto-integrante-del-grupo-delincuencial-los-satanas-senalado-de-varios-homicidios-en-huila\/#primaryimage"},"thumbnailUrl":"https:\/\/www.fiscalia.gov.co\/colombia\/wp-content\/uploads\/Los-del-Rio.-Estupefacientes.-Yumbo-Valle-1-300x169.jpg","datePublished":"2024-07-10T20:29:54+00:00","dateModified":"2024-07-23T21:34:05+00:00","description":"P\u00e1gina oficial de la Fiscal\u00eda General de la Naci\u00f3n \u2013 Colombia. Garantizamos el acceso efectivo a la justicia, la verdad y la reparaci\u00f3n de las v\u00edctimas de los delitos.","breadcrumb":{"@id":"https:\/\/www.fiscalia.gov.co\/colombia\/noticias\/a-la-carcel-presunto-integrante-del-grupo-delincuencial-los-satanas-senalado-de-varios-homicidios-en-huila\/#breadcrumb"},"inLanguage":"es-CO","potentialAction":[{"@type":"ReadAction","target":["https:\/\/www.fiscalia.gov.co\/colombia\/noticias\/a-la-carcel-presunto-integrante-del-grupo-delincuencial-los-satanas-senalado-de-varios-homicidios-en-huila\/"]}]},{"@type":"ImageObject","inLanguage":"es-CO","@id":"https:\/\/www.fiscalia.gov.co\/colombia\/noticias\/a-la-carcel-presunto-integrante-del-grupo-delincuencial-los-satanas-senalado-de-varios-homicidios-en-huila\/#primaryimage","url":"https:\/\/www.fiscalia.gov.co\/colombia\/wp-content\/uploads\/Los-del-Rio.-Estupefacientes.-Yumbo-Valle-1.jpg","contentUrl":"https:\/\/www.fiscalia.gov.co\/colombia\/wp-content\/uploads\/Los-del-Rio.-Estupefacientes.-Yumbo-Valle-1.jpg","width":1600,"height":900,"caption":"De acuerdo con la investigaci\u00f3n, los hechos por los que Casta\u00f1o Rueda fue judicializado ocurrieron en el centro poblado de Silvania, zona rural de Gigante (Huila). \u2018Andr\u00e9s\u2019, quien har\u00eda parte del grupo delincuencial Los Satan\u00e1s, a mando de Janer Iv\u00e1n Morales Poveda, alias Porcelana o Satan\u00e1s,\u00a0ser\u00eda el presunto autor de varios homicidios cometidos en este departamento."},{"@type":"BreadcrumbList","@id":"https:\/\/www.fiscalia.gov.co\/colombia\/noticias\/a-la-carcel-presunto-integrante-del-grupo-delincuencial-los-satanas-senalado-de-varios-homicidios-en-huila\/#breadcrumb","itemListElement":[{"@type":"ListItem","position":1,"name":"Home","item":"https:\/\/www.fiscalia.gov.co\/colombia\/"},{"@type":"ListItem","position":2,"name":"A la c\u00e1rcel presunto integrante del grupo delincuencial Los Satan\u00e1s, se\u00f1alado de varios homicidios en Huila"}]},{"@type":"WebSite","@id":"https:\/\/www.fiscalia.gov.co\/colombia\/#website","url":"https:\/\/www.fiscalia.gov.co\/colombia\/","name":"Fiscal\u00eda General de la Naci\u00f3n","description":"P\u00e1gina oficial de la Fiscal\u00eda General de la Naci\u00f3n \u2013 Colombia. Garantizamos el acceso efectivo a la justicia, la verdad y la reparaci\u00f3n de las v\u00edctimas de los delitos.","publisher":{"@id":"https:\/\/www.fiscalia.gov.co\/colombia\/#organization"},"potentialAction":[{"@type":"SearchAction","target":{"@type":"EntryPoint","urlTemplate":"https:\/\/www.fiscalia.gov.co\/colombia\/?s={search_term_string}"},"query-input":{"@type":"PropertyValueSpecification","valueRequired":true,"valueName":"search_term_string"}}],"inLanguage":"es-CO"},{"@type":"Organization","@id":"https:\/\/www.fiscalia.gov.co\/colombia\/#organization","name":"Fiscal\u00eda General de la Naci\u00f3n","url":"https:\/\/www.fiscalia.gov.co\/colombia\/","logo":{"@type":"ImageObject","inLanguage":"es-CO","@id":"https:\/\/www.fiscalia.gov.co\/colombia\/#\/schema\/logo\/image\/","url":"https:\/\/www.fiscalia.gov.co\/colombia\/wp-content\/uploads\/LogoHorizontal_1.jpg","contentUrl":"https:\/\/www.fiscalia.gov.co\/colombia\/wp-content\/uploads\/LogoHorizontal_1.jpg","width":300,"height":90,"caption":"Fiscal\u00eda General de la Naci\u00f3n"},"image":{"@id":"https:\/\/www.fiscalia.gov.co\/colombia\/#\/schema\/logo\/image\/"},"sameAs":["https:\/\/www.facebook.com\/FiscaliaCol","https:\/\/x.com\/FiscaliaCol","https:\/\/www.instagram.com\/fiscaliacol","https:\/\/www.linkedin.com\/company\/fiscalia-general-de-la-naci-n\/","https:\/\/youtube.com\/@fiscaliageneraldelanacion-4668?si=6nN79nyQICPU5iTh"]},{"@type":"Person","@id":"https:\/\/www.fiscalia.gov.co\/colombia\/#\/schema\/person\/ba9eca435947489fb25117a0cd75bf3e","name":"Johanna Islenny Prieto Pe\u00f1a","image":{"@type":"ImageObject","inLanguage":"es-CO","@id":"https:\/\/www.fiscalia.gov.co\/colombia\/#\/schema\/person\/image\/","url":"https:\/\/secure.gravatar.com\/avatar\/111433fc2acb037ffb768f6a3ca47864?s=96&d=mm&r=g","contentUrl":"https:\/\/secure.gravatar.com\/avatar\/111433fc2acb037ffb768f6a3ca47864?s=96&d=mm&r=g","caption":"Johanna Islenny Prieto Pe\u00f1a"},"url":"https:\/\/www.fiscalia.gov.co\/colombia\/author\/jprietop\/"}]}},"_links":{"self":[{"href":"https:\/\/www.fiscalia.gov.co\/colombia\/wp-json\/wp\/v2\/posts\/298234","targetHints":{"allow":["GET"]}}],"collection":[{"href":"https:\/\/www.fiscalia.gov.co\/colombia\/wp-json\/wp\/v2\/posts"}],"about":[{"href":"https:\/\/www.fiscalia.gov.co\/colombia\/wp-json\/wp\/v2\/types\/post"}],"author":[{"embeddable":true,"href":"https:\/\/www.fiscalia.gov.co\/colombia\/wp-json\/wp\/v2\/users\/181"}],"replies":[{"embeddable":true,"href":"https:\/\/www.fiscalia.gov.co\/colombia\/wp-json\/wp\/v2\/comments?post=298234"}],"version-history":[{"count":3,"href":"https:\/\/www.fiscalia.gov.co\/colombia\/wp-json\/wp\/v2\/posts\/298234\/revisions"}],"predecessor-version":[{"id":298978,"href":"https:\/\/www.fiscalia.gov.co\/colombia\/wp-json\/wp\/v2\/posts\/298234\/revisions\/298978"}],"wp:attachment":[{"href":"https:\/\/www.fiscalia.gov.co\/colombia\/wp-json\/wp\/v2\/media?parent=298234"}],"wp:term":[{"taxonomy":"category","embeddable":true,"href":"https:\/\/www.fiscalia.gov.co\/colombia\/wp-json\/wp\/v2\/categories?post=298234"},{"taxonomy":"post_tag","embeddable":true,"href":"https:\/\/www.fiscalia.gov.co\/colombia\/wp-json\/wp\/v2\/tags?post=298234"}],"curies":[{"name":"wp","href":"https:\/\/api.w.org\/{rel}","templated":true}]}}