{"id":297839,"date":"2024-07-03T17:29:33","date_gmt":"2024-07-03T22:29:33","guid":{"rendered":"https:\/\/www.fiscalia.gov.co\/colombia\/?p=297839"},"modified":"2024-07-17T15:16:32","modified_gmt":"2024-07-17T20:16:32","slug":"judicializadas-nueve-personas-que-estarian-exigiendo-dinero-a-sus-victimas","status":"publish","type":"post","link":"https:\/\/www.fiscalia.gov.co\/colombia\/noticias\/judicializadas-nueve-personas-que-estarian-exigiendo-dinero-a-sus-victimas\/","title":{"rendered":"Judicializadas nueve personas que estar\u00edan exigiendo dinero a sus v\u00edctimas"},"content":{"rendered":"<div>\n<p>La Fiscal\u00eda General de la Naci\u00f3n judicializ\u00f3 a cuatro mujeres y cinco hombres que, en dos hechos aislados, habr\u00edan exigido distintas sumas de dinero a personas para garantizar sus vidas. Los casos se presentaron entre 2023 y 2024 en localidades del Meta.<\/p>\n<p>Los procesados fueron capturados en Villavicencio (Meta) y Medell\u00edn (Antioquia) por el grupo Gaula de la Polic\u00eda Nacional, en cumplimiento de \u00f3rdenes judiciales.<\/p>\n<p>Seg\u00fan su presunta responsabilidad en los hechos indagados, los procesados fueron imputados por delitos como: extorsi\u00f3n agravada consumada, secuestro extorsivo y concierto para delinquir.\u00a0Ninguno acept\u00f3 los cargos.<\/p>\n<p>Los detenidos har\u00edan parte de grupos delincuenciales y se cree que se identificaban como integrantes del \u2018Clan del Golfo\u2019 y las disidencias de las Farc.<\/p>\n<ul>\n<li>En uno de los casos fueron capturados Noel Crist\u00f3bal P\u00e9rez Cifuentes alias Lobo, Nancy Judith Dur\u00e1n Castillo, Carlos Julio Romero Medina y Nelly Patricia Parrado Luj\u00e1n, quienes desde el 2023 habr\u00edan recibido varias consignaciones a trav\u00e9s de empresas de giros y bancos, por parte de un ganadero de la capital metense.<\/li>\n<li>P\u00e9rez Cifuentes fue enviado a la c\u00e1rcel, como presunto cabecilla en este hecho, junto a otra persona capturada en Ibagu\u00e9 (Tolima), los dem\u00e1s fueron imputados por ser los cobradores de los dep\u00f3sitos realizados por la v\u00edctima.<\/li>\n<\/ul>\n<\/div>\n<div><\/div>\n<div>\n<figure id=\"attachment_297842\" aria-describedby=\"caption-attachment-297842\" style=\"width: 413px\" class=\"wp-caption aligncenter\"><img loading=\"lazy\" decoding=\"async\" class=\" wp-image-297842\" src=\"https:\/\/www.fiscalia.gov.co\/colombia\/wp-content\/uploads\/Noel-Perez-Nancy-Duran-Carlos-Romero-y-Nelly-Parrado-extorsion-Meta-300x172.jpg\" alt=\"capturados de frente custodiados por polic\u00edas. Detr\u00e1s banner de la Polic\u00eda Nacional.\" width=\"413\" height=\"237\" srcset=\"https:\/\/www.fiscalia.gov.co\/colombia\/wp-content\/uploads\/Noel-Perez-Nancy-Duran-Carlos-Romero-y-Nelly-Parrado-extorsion-Meta-300x172.jpg 300w, https:\/\/www.fiscalia.gov.co\/colombia\/wp-content\/uploads\/Noel-Perez-Nancy-Duran-Carlos-Romero-y-Nelly-Parrado-extorsion-Meta-1024x588.jpg 1024w, https:\/\/www.fiscalia.gov.co\/colombia\/wp-content\/uploads\/Noel-Perez-Nancy-Duran-Carlos-Romero-y-Nelly-Parrado-extorsion-Meta-768x441.jpg 768w, https:\/\/www.fiscalia.gov.co\/colombia\/wp-content\/uploads\/Noel-Perez-Nancy-Duran-Carlos-Romero-y-Nelly-Parrado-extorsion-Meta-1536x882.jpg 1536w, https:\/\/www.fiscalia.gov.co\/colombia\/wp-content\/uploads\/Noel-Perez-Nancy-Duran-Carlos-Romero-y-Nelly-Parrado-extorsion-Meta-696x400.jpg 696w, https:\/\/www.fiscalia.gov.co\/colombia\/wp-content\/uploads\/Noel-Perez-Nancy-Duran-Carlos-Romero-y-Nelly-Parrado-extorsion-Meta-1068x613.jpg 1068w, https:\/\/www.fiscalia.gov.co\/colombia\/wp-content\/uploads\/Noel-Perez-Nancy-Duran-Carlos-Romero-y-Nelly-Parrado-extorsion-Meta-731x420.jpg 731w, https:\/\/www.fiscalia.gov.co\/colombia\/wp-content\/uploads\/Noel-Perez-Nancy-Duran-Carlos-Romero-y-Nelly-Parrado-extorsion-Meta.jpg 1600w\" sizes=\"auto, (max-width: 413px) 100vw, 413px\" \/><figcaption id=\"caption-attachment-297842\" class=\"wp-caption-text\">Noel Crist\u00f3bal P\u00e9rez Cifuentes alias Lobo, Nancy Judith Dur\u00e1n Castillo, Carlos Julio Romero Medina y Nelly Patricia Parrado Luj\u00e1n fueron imputados por extorsi\u00f3n agravada consumada.<\/figcaption><\/figure>\n<\/div>\n<ul>\n<li>El otro hecho permiti\u00f3 la judicializaci\u00f3n de Miguel Alberto Mu\u00f1iz Quinch\u00eda, Andr\u00e9s Correa Fl\u00f3rez, Viviana Estella Ch\u00e1vez Cano y Carmen Emilia Quinch\u00eda Quinch\u00eda. Estas personas fueron capturadas por orden judicial en diligencias de allanamiento en Medell\u00edn (Antioquia). Jeisson Estiven Bernal Garc\u00eda detenido por hechos similares fue vinculado al proceso.<\/li>\n<\/ul>\n<figure id=\"attachment_297841\" aria-describedby=\"caption-attachment-297841\" style=\"width: 414px\" class=\"wp-caption aligncenter\"><img loading=\"lazy\" decoding=\"async\" class=\" wp-image-297841\" src=\"https:\/\/www.fiscalia.gov.co\/colombia\/wp-content\/uploads\/Miguel-Muniz-Andres-Correa-Viviana-Chavez-Carmen-Quinchia-extorsion-y-otros-Meta-300x169.jpg\" alt=\"capturados de frente custodiados por polic\u00edas. Detr\u00e1s banner de la Polic\u00eda Nacional.\" width=\"414\" height=\"233\" srcset=\"https:\/\/www.fiscalia.gov.co\/colombia\/wp-content\/uploads\/Miguel-Muniz-Andres-Correa-Viviana-Chavez-Carmen-Quinchia-extorsion-y-otros-Meta-300x169.jpg 300w, https:\/\/www.fiscalia.gov.co\/colombia\/wp-content\/uploads\/Miguel-Muniz-Andres-Correa-Viviana-Chavez-Carmen-Quinchia-extorsion-y-otros-Meta-1024x577.jpg 1024w, https:\/\/www.fiscalia.gov.co\/colombia\/wp-content\/uploads\/Miguel-Muniz-Andres-Correa-Viviana-Chavez-Carmen-Quinchia-extorsion-y-otros-Meta-768x432.jpg 768w, https:\/\/www.fiscalia.gov.co\/colombia\/wp-content\/uploads\/Miguel-Muniz-Andres-Correa-Viviana-Chavez-Carmen-Quinchia-extorsion-y-otros-Meta-1536x865.jpg 1536w, https:\/\/www.fiscalia.gov.co\/colombia\/wp-content\/uploads\/Miguel-Muniz-Andres-Correa-Viviana-Chavez-Carmen-Quinchia-extorsion-y-otros-Meta-696x392.jpg 696w, https:\/\/www.fiscalia.gov.co\/colombia\/wp-content\/uploads\/Miguel-Muniz-Andres-Correa-Viviana-Chavez-Carmen-Quinchia-extorsion-y-otros-Meta-1068x601.jpg 1068w, https:\/\/www.fiscalia.gov.co\/colombia\/wp-content\/uploads\/Miguel-Muniz-Andres-Correa-Viviana-Chavez-Carmen-Quinchia-extorsion-y-otros-Meta-746x420.jpg 746w, https:\/\/www.fiscalia.gov.co\/colombia\/wp-content\/uploads\/Miguel-Muniz-Andres-Correa-Viviana-Chavez-Carmen-Quinchia-extorsion-y-otros-Meta.jpg 1600w\" sizes=\"auto, (max-width: 414px) 100vw, 414px\" \/><figcaption id=\"caption-attachment-297841\" class=\"wp-caption-text\">Miguel Alberto Mu\u00f1iz Quinch\u00eda, Andr\u00e9s Correa Fl\u00f3rez, Viviana Estella Ch\u00e1vez Cano y Carmen Emilia Quinch\u00eda Quinch\u00eda fueron imputados por secuestro extorsivo, extorsi\u00f3n y concierto para delinquir.<\/figcaption><\/figure>\n<div>\n<p>Los procesados, al parecer, contrataban a sus v\u00edctimas para realizar trabajos en sus profesiones, para luego secuestrarlos y exigir dinero a sus familiares por su liberaci\u00f3n.<\/p>\n<p>El juez del caso orden\u00f3 detenci\u00f3n privativa de la libertad intramural contra Bernal Garc\u00eda y domiciliaria para los dem\u00e1s.<\/p>\n<p>&nbsp;<\/p>\n<p>&nbsp;<\/p>\n<\/div>\n<div><\/div>\n<div><\/div>\n<div><\/div>\n<div>PYMP\/LMFO\/MAGA\/JHM\/DSM<\/div>\n<div><\/div>\n<div><\/div>\n<div><\/div>\n<div><\/div>\n<div><\/div>\n<div><\/div>\n<div><em>La informaci\u00f3n contenida en este bolet\u00edn de prensa corresponde a la narraci\u00f3n de los hechos noticiosos objetivos, suministrados por los funcionarios encargados de adelantar las investigaciones penales al interior de la Fiscal\u00eda General de la Naci\u00f3n. Para el momento de la divulgaci\u00f3n de este comunicado, la situaci\u00f3n jur\u00eddica de la(s) persona(s) relacionada(s) se encuentra pendiente de resolver por la autoridad judicial competente, siempre bajo los preceptos de la presunci\u00f3n de inocencia, consagrados en el art\u00edculo 29 de la Constituci\u00f3n Pol\u00edtica y el art\u00edculo 7\u00ba de la Ley 906 de 2004.<\/em><\/div>\n\n<div class=\"twitter-share\"><a href=\"https:\/\/twitter.com\/intent\/tweet?via=fiscaliacol\" class=\"twitter-share-button\">Tweet<\/a><\/div>\n","protected":false},"excerpt":{"rendered":"<p>La Fiscal\u00eda General de la Naci\u00f3n judicializ\u00f3 a cuatro mujeres y cinco hombres que, en dos hechos aislados, habr\u00edan exigido distintas sumas de dinero a personas para garantizar sus vidas. [&hellip;]<\/p>\n","protected":false},"author":178,"featured_media":0,"comment_status":"closed","ping_status":"open","sticky":false,"template":"","format":"standard","meta":{"tdm_status":"","tdm_grid_status":"","footnotes":""},"categories":[1,24099],"tags":[18672,83,24712,38169,26876,38168,80,38170,38171],"class_list":["post-297839","post","type-post","status-publish","format-standard","category-noticias","category-seguridad-territorial","tag-clan-del-golfo","tag-concierto-para-delinquir","tag-disidencias-de-las-farc","tag-exigido","tag-extorsion-agravada-consumada","tag-judicializo-cuatro-mujeres-y-cinco-hombres","tag-secuestro-extorsivo","tag-sumas-de-dinero","tag-villavicencio-y-granada-meta"],"yoast_head":"<!-- This site is optimized with the Yoast SEO plugin v24.3 - https:\/\/yoast.com\/wordpress\/plugins\/seo\/ -->\n<title>Fiscal\u00eda General de la Naci\u00f3n<\/title>\n<meta name=\"description\" content=\"P\u00e1gina oficial de la Fiscal\u00eda General de la Naci\u00f3n \u2013 Colombia. Garantizamos el acceso efectivo a la justicia, la verdad y la reparaci\u00f3n de las v\u00edctimas de los delitos.\" \/>\n<meta name=\"robots\" content=\"noindex, follow\" \/>\n<meta property=\"og:locale\" content=\"es_ES\" \/>\n<meta property=\"og:type\" content=\"article\" \/>\n<meta property=\"og:title\" content=\"Fiscal\u00eda General de la Naci\u00f3n\" \/>\n<meta property=\"og:description\" content=\"P\u00e1gina oficial de la Fiscal\u00eda General de la Naci\u00f3n \u2013 Colombia. Garantizamos el acceso efectivo a la justicia, la verdad y la reparaci\u00f3n de las v\u00edctimas de los delitos.\" \/>\n<meta property=\"og:url\" content=\"https:\/\/www.fiscalia.gov.co\/colombia\/noticias\/judicializadas-nueve-personas-que-estarian-exigiendo-dinero-a-sus-victimas\/\" \/>\n<meta property=\"og:site_name\" content=\"Fiscal\u00eda General de la Naci\u00f3n\" \/>\n<meta property=\"article:publisher\" content=\"https:\/\/www.facebook.com\/FiscaliaCol\" \/>\n<meta property=\"article:published_time\" content=\"2024-07-03T22:29:33+00:00\" \/>\n<meta property=\"article:modified_time\" content=\"2024-07-17T20:16:32+00:00\" \/>\n<meta property=\"og:image\" content=\"https:\/\/www.fiscalia.gov.co\/colombia\/wp-content\/uploads\/Noel-Perez-Nancy-Duran-Carlos-Romero-y-Nelly-Parrado-extorsion-Meta-300x172.jpg\" \/>\n<meta name=\"author\" content=\"Winnie Geraldine Rodr\u00edguez Navarrete\" \/>\n<meta name=\"twitter:card\" content=\"summary_large_image\" \/>\n<meta name=\"twitter:creator\" content=\"@FiscaliaCol\" \/>\n<meta name=\"twitter:site\" content=\"@FiscaliaCol\" \/>\n<meta name=\"twitter:label1\" content=\"Escrito por\" \/>\n\t<meta name=\"twitter:data1\" content=\"Winnie Geraldine Rodr\u00edguez Navarrete\" \/>\n\t<meta name=\"twitter:label2\" content=\"Tiempo de lectura\" \/>\n\t<meta name=\"twitter:data2\" content=\"3 minutos\" \/>\n<script type=\"application\/ld+json\" class=\"yoast-schema-graph\">{\"@context\":\"https:\/\/schema.org\",\"@graph\":[{\"@type\":\"Article\",\"@id\":\"https:\/\/www.fiscalia.gov.co\/colombia\/noticias\/judicializadas-nueve-personas-que-estarian-exigiendo-dinero-a-sus-victimas\/#article\",\"isPartOf\":{\"@id\":\"https:\/\/www.fiscalia.gov.co\/colombia\/noticias\/judicializadas-nueve-personas-que-estarian-exigiendo-dinero-a-sus-victimas\/\"},\"author\":{\"name\":\"Winnie Geraldine Rodr\u00edguez Navarrete\",\"@id\":\"https:\/\/www.fiscalia.gov.co\/colombia\/#\/schema\/person\/176195b99ebab0a52aafa15197e1bf80\"},\"headline\":\"Judicializadas nueve personas que estar\u00edan exigiendo dinero a sus v\u00edctimas\",\"datePublished\":\"2024-07-03T22:29:33+00:00\",\"dateModified\":\"2024-07-17T20:16:32+00:00\",\"mainEntityOfPage\":{\"@id\":\"https:\/\/www.fiscalia.gov.co\/colombia\/noticias\/judicializadas-nueve-personas-que-estarian-exigiendo-dinero-a-sus-victimas\/\"},\"wordCount\":529,\"publisher\":{\"@id\":\"https:\/\/www.fiscalia.gov.co\/colombia\/#organization\"},\"image\":{\"@id\":\"https:\/\/www.fiscalia.gov.co\/colombia\/noticias\/judicializadas-nueve-personas-que-estarian-exigiendo-dinero-a-sus-victimas\/#primaryimage\"},\"thumbnailUrl\":\"https:\/\/www.fiscalia.gov.co\/colombia\/wp-content\/uploads\/Noel-Perez-Nancy-Duran-Carlos-Romero-y-Nelly-Parrado-extorsion-Meta-300x172.jpg\",\"keywords\":[\"Clan del Golfo\",\"Concierto para delinquir\",\"disidencias de las FARC\",\"exigido\",\"extorsi\u00f3n agravada consumada\",\"judicializ\u00f3 cuatro mujeres y cinco hombres\",\"Secuestro extorsivo\",\"sumas de dinero\",\"Villavicencio y Granada (Meta)\"],\"articleSection\":[\"Noticias\",\"Seguridad territorial\"],\"inLanguage\":\"es-CO\"},{\"@type\":\"WebPage\",\"@id\":\"https:\/\/www.fiscalia.gov.co\/colombia\/noticias\/judicializadas-nueve-personas-que-estarian-exigiendo-dinero-a-sus-victimas\/\",\"url\":\"https:\/\/www.fiscalia.gov.co\/colombia\/noticias\/judicializadas-nueve-personas-que-estarian-exigiendo-dinero-a-sus-victimas\/\",\"name\":\"Fiscal\u00eda General de la Naci\u00f3n\",\"isPartOf\":{\"@id\":\"https:\/\/www.fiscalia.gov.co\/colombia\/#website\"},\"primaryImageOfPage\":{\"@id\":\"https:\/\/www.fiscalia.gov.co\/colombia\/noticias\/judicializadas-nueve-personas-que-estarian-exigiendo-dinero-a-sus-victimas\/#primaryimage\"},\"image\":{\"@id\":\"https:\/\/www.fiscalia.gov.co\/colombia\/noticias\/judicializadas-nueve-personas-que-estarian-exigiendo-dinero-a-sus-victimas\/#primaryimage\"},\"thumbnailUrl\":\"https:\/\/www.fiscalia.gov.co\/colombia\/wp-content\/uploads\/Noel-Perez-Nancy-Duran-Carlos-Romero-y-Nelly-Parrado-extorsion-Meta-300x172.jpg\",\"datePublished\":\"2024-07-03T22:29:33+00:00\",\"dateModified\":\"2024-07-17T20:16:32+00:00\",\"description\":\"P\u00e1gina oficial de la Fiscal\u00eda General de la Naci\u00f3n \u2013 Colombia. Garantizamos el acceso efectivo a la justicia, la verdad y la reparaci\u00f3n de las v\u00edctimas de los delitos.\",\"breadcrumb\":{\"@id\":\"https:\/\/www.fiscalia.gov.co\/colombia\/noticias\/judicializadas-nueve-personas-que-estarian-exigiendo-dinero-a-sus-victimas\/#breadcrumb\"},\"inLanguage\":\"es-CO\",\"potentialAction\":[{\"@type\":\"ReadAction\",\"target\":[\"https:\/\/www.fiscalia.gov.co\/colombia\/noticias\/judicializadas-nueve-personas-que-estarian-exigiendo-dinero-a-sus-victimas\/\"]}]},{\"@type\":\"ImageObject\",\"inLanguage\":\"es-CO\",\"@id\":\"https:\/\/www.fiscalia.gov.co\/colombia\/noticias\/judicializadas-nueve-personas-que-estarian-exigiendo-dinero-a-sus-victimas\/#primaryimage\",\"url\":\"https:\/\/www.fiscalia.gov.co\/colombia\/wp-content\/uploads\/Noel-Perez-Nancy-Duran-Carlos-Romero-y-Nelly-Parrado-extorsion-Meta.jpg\",\"contentUrl\":\"https:\/\/www.fiscalia.gov.co\/colombia\/wp-content\/uploads\/Noel-Perez-Nancy-Duran-Carlos-Romero-y-Nelly-Parrado-extorsion-Meta.jpg\",\"width\":1600,\"height\":919,\"caption\":\"Noel Crist\u00f3bal P\u00e9rez Cifuentes alias Lobo, Nancy Judith Dur\u00e1n Castillo, Carlos Julio Romero Medina y Nelly Patricia Parrado Luj\u00e1n fueron imputados por extorsi\u00f3n agravada consumada.\"},{\"@type\":\"BreadcrumbList\",\"@id\":\"https:\/\/www.fiscalia.gov.co\/colombia\/noticias\/judicializadas-nueve-personas-que-estarian-exigiendo-dinero-a-sus-victimas\/#breadcrumb\",\"itemListElement\":[{\"@type\":\"ListItem\",\"position\":1,\"name\":\"Home\",\"item\":\"https:\/\/www.fiscalia.gov.co\/colombia\/\"},{\"@type\":\"ListItem\",\"position\":2,\"name\":\"Judicializadas nueve personas que estar\u00edan exigiendo dinero a sus v\u00edctimas\"}]},{\"@type\":\"WebSite\",\"@id\":\"https:\/\/www.fiscalia.gov.co\/colombia\/#website\",\"url\":\"https:\/\/www.fiscalia.gov.co\/colombia\/\",\"name\":\"Fiscal\u00eda General de la Naci\u00f3n\",\"description\":\"P\u00e1gina oficial de la Fiscal\u00eda General de la Naci\u00f3n \u2013 Colombia. Garantizamos el acceso efectivo a la justicia, la verdad y la reparaci\u00f3n de las v\u00edctimas de los delitos.\",\"publisher\":{\"@id\":\"https:\/\/www.fiscalia.gov.co\/colombia\/#organization\"},\"potentialAction\":[{\"@type\":\"SearchAction\",\"target\":{\"@type\":\"EntryPoint\",\"urlTemplate\":\"https:\/\/www.fiscalia.gov.co\/colombia\/?s={search_term_string}\"},\"query-input\":{\"@type\":\"PropertyValueSpecification\",\"valueRequired\":true,\"valueName\":\"search_term_string\"}}],\"inLanguage\":\"es-CO\"},{\"@type\":\"Organization\",\"@id\":\"https:\/\/www.fiscalia.gov.co\/colombia\/#organization\",\"name\":\"Fiscal\u00eda General de la Naci\u00f3n\",\"url\":\"https:\/\/www.fiscalia.gov.co\/colombia\/\",\"logo\":{\"@type\":\"ImageObject\",\"inLanguage\":\"es-CO\",\"@id\":\"https:\/\/www.fiscalia.gov.co\/colombia\/#\/schema\/logo\/image\/\",\"url\":\"https:\/\/www.fiscalia.gov.co\/colombia\/wp-content\/uploads\/LogoHorizontal_1.jpg\",\"contentUrl\":\"https:\/\/www.fiscalia.gov.co\/colombia\/wp-content\/uploads\/LogoHorizontal_1.jpg\",\"width\":300,\"height\":90,\"caption\":\"Fiscal\u00eda General de la Naci\u00f3n\"},\"image\":{\"@id\":\"https:\/\/www.fiscalia.gov.co\/colombia\/#\/schema\/logo\/image\/\"},\"sameAs\":[\"https:\/\/www.facebook.com\/FiscaliaCol\",\"https:\/\/x.com\/FiscaliaCol\",\"https:\/\/www.instagram.com\/fiscaliacol\",\"https:\/\/www.linkedin.com\/company\/fiscalia-general-de-la-naci-n\/\",\"https:\/\/youtube.com\/@fiscaliageneraldelanacion-4668?si=6nN79nyQICPU5iTh\"]},{\"@type\":\"Person\",\"@id\":\"https:\/\/www.fiscalia.gov.co\/colombia\/#\/schema\/person\/176195b99ebab0a52aafa15197e1bf80\",\"name\":\"Winnie Geraldine Rodr\u00edguez Navarrete\",\"image\":{\"@type\":\"ImageObject\",\"inLanguage\":\"es-CO\",\"@id\":\"https:\/\/www.fiscalia.gov.co\/colombia\/#\/schema\/person\/image\/\",\"url\":\"https:\/\/secure.gravatar.com\/avatar\/c24cf8481dc84fa5e8c7b20bc95ab0c6?s=96&d=mm&r=g\",\"contentUrl\":\"https:\/\/secure.gravatar.com\/avatar\/c24cf8481dc84fa5e8c7b20bc95ab0c6?s=96&d=mm&r=g\",\"caption\":\"Winnie Geraldine Rodr\u00edguez Navarrete\"},\"url\":\"https:\/\/www.fiscalia.gov.co\/colombia\/author\/winnierodriguez\/\"}]}<\/script>\n<!-- \/ Yoast SEO plugin. -->","yoast_head_json":{"title":"Fiscal\u00eda General de la Naci\u00f3n","description":"P\u00e1gina oficial de la Fiscal\u00eda General de la Naci\u00f3n \u2013 Colombia. Garantizamos el acceso efectivo a la justicia, la verdad y la reparaci\u00f3n de las v\u00edctimas de los delitos.","robots":{"index":"noindex","follow":"follow"},"og_locale":"es_ES","og_type":"article","og_title":"Fiscal\u00eda General de la Naci\u00f3n","og_description":"P\u00e1gina oficial de la Fiscal\u00eda General de la Naci\u00f3n \u2013 Colombia. Garantizamos el acceso efectivo a la justicia, la verdad y la reparaci\u00f3n de las v\u00edctimas de los delitos.","og_url":"https:\/\/www.fiscalia.gov.co\/colombia\/noticias\/judicializadas-nueve-personas-que-estarian-exigiendo-dinero-a-sus-victimas\/","og_site_name":"Fiscal\u00eda General de la Naci\u00f3n","article_publisher":"https:\/\/www.facebook.com\/FiscaliaCol","article_published_time":"2024-07-03T22:29:33+00:00","article_modified_time":"2024-07-17T20:16:32+00:00","og_image":[{"url":"https:\/\/www.fiscalia.gov.co\/colombia\/wp-content\/uploads\/Noel-Perez-Nancy-Duran-Carlos-Romero-y-Nelly-Parrado-extorsion-Meta-300x172.jpg","type":"","width":"","height":""}],"author":"Winnie Geraldine Rodr\u00edguez Navarrete","twitter_card":"summary_large_image","twitter_creator":"@FiscaliaCol","twitter_site":"@FiscaliaCol","twitter_misc":{"Escrito por":"Winnie Geraldine Rodr\u00edguez Navarrete","Tiempo de lectura":"3 minutos"},"schema":{"@context":"https:\/\/schema.org","@graph":[{"@type":"Article","@id":"https:\/\/www.fiscalia.gov.co\/colombia\/noticias\/judicializadas-nueve-personas-que-estarian-exigiendo-dinero-a-sus-victimas\/#article","isPartOf":{"@id":"https:\/\/www.fiscalia.gov.co\/colombia\/noticias\/judicializadas-nueve-personas-que-estarian-exigiendo-dinero-a-sus-victimas\/"},"author":{"name":"Winnie Geraldine Rodr\u00edguez Navarrete","@id":"https:\/\/www.fiscalia.gov.co\/colombia\/#\/schema\/person\/176195b99ebab0a52aafa15197e1bf80"},"headline":"Judicializadas nueve personas que estar\u00edan exigiendo dinero a sus v\u00edctimas","datePublished":"2024-07-03T22:29:33+00:00","dateModified":"2024-07-17T20:16:32+00:00","mainEntityOfPage":{"@id":"https:\/\/www.fiscalia.gov.co\/colombia\/noticias\/judicializadas-nueve-personas-que-estarian-exigiendo-dinero-a-sus-victimas\/"},"wordCount":529,"publisher":{"@id":"https:\/\/www.fiscalia.gov.co\/colombia\/#organization"},"image":{"@id":"https:\/\/www.fiscalia.gov.co\/colombia\/noticias\/judicializadas-nueve-personas-que-estarian-exigiendo-dinero-a-sus-victimas\/#primaryimage"},"thumbnailUrl":"https:\/\/www.fiscalia.gov.co\/colombia\/wp-content\/uploads\/Noel-Perez-Nancy-Duran-Carlos-Romero-y-Nelly-Parrado-extorsion-Meta-300x172.jpg","keywords":["Clan del Golfo","Concierto para delinquir","disidencias de las FARC","exigido","extorsi\u00f3n agravada consumada","judicializ\u00f3 cuatro mujeres y cinco hombres","Secuestro extorsivo","sumas de dinero","Villavicencio y Granada (Meta)"],"articleSection":["Noticias","Seguridad territorial"],"inLanguage":"es-CO"},{"@type":"WebPage","@id":"https:\/\/www.fiscalia.gov.co\/colombia\/noticias\/judicializadas-nueve-personas-que-estarian-exigiendo-dinero-a-sus-victimas\/","url":"https:\/\/www.fiscalia.gov.co\/colombia\/noticias\/judicializadas-nueve-personas-que-estarian-exigiendo-dinero-a-sus-victimas\/","name":"Fiscal\u00eda General de la Naci\u00f3n","isPartOf":{"@id":"https:\/\/www.fiscalia.gov.co\/colombia\/#website"},"primaryImageOfPage":{"@id":"https:\/\/www.fiscalia.gov.co\/colombia\/noticias\/judicializadas-nueve-personas-que-estarian-exigiendo-dinero-a-sus-victimas\/#primaryimage"},"image":{"@id":"https:\/\/www.fiscalia.gov.co\/colombia\/noticias\/judicializadas-nueve-personas-que-estarian-exigiendo-dinero-a-sus-victimas\/#primaryimage"},"thumbnailUrl":"https:\/\/www.fiscalia.gov.co\/colombia\/wp-content\/uploads\/Noel-Perez-Nancy-Duran-Carlos-Romero-y-Nelly-Parrado-extorsion-Meta-300x172.jpg","datePublished":"2024-07-03T22:29:33+00:00","dateModified":"2024-07-17T20:16:32+00:00","description":"P\u00e1gina oficial de la Fiscal\u00eda General de la Naci\u00f3n \u2013 Colombia. Garantizamos el acceso efectivo a la justicia, la verdad y la reparaci\u00f3n de las v\u00edctimas de los delitos.","breadcrumb":{"@id":"https:\/\/www.fiscalia.gov.co\/colombia\/noticias\/judicializadas-nueve-personas-que-estarian-exigiendo-dinero-a-sus-victimas\/#breadcrumb"},"inLanguage":"es-CO","potentialAction":[{"@type":"ReadAction","target":["https:\/\/www.fiscalia.gov.co\/colombia\/noticias\/judicializadas-nueve-personas-que-estarian-exigiendo-dinero-a-sus-victimas\/"]}]},{"@type":"ImageObject","inLanguage":"es-CO","@id":"https:\/\/www.fiscalia.gov.co\/colombia\/noticias\/judicializadas-nueve-personas-que-estarian-exigiendo-dinero-a-sus-victimas\/#primaryimage","url":"https:\/\/www.fiscalia.gov.co\/colombia\/wp-content\/uploads\/Noel-Perez-Nancy-Duran-Carlos-Romero-y-Nelly-Parrado-extorsion-Meta.jpg","contentUrl":"https:\/\/www.fiscalia.gov.co\/colombia\/wp-content\/uploads\/Noel-Perez-Nancy-Duran-Carlos-Romero-y-Nelly-Parrado-extorsion-Meta.jpg","width":1600,"height":919,"caption":"Noel Crist\u00f3bal P\u00e9rez Cifuentes alias Lobo, Nancy Judith Dur\u00e1n Castillo, Carlos Julio Romero Medina y Nelly Patricia Parrado Luj\u00e1n fueron imputados por extorsi\u00f3n agravada consumada."},{"@type":"BreadcrumbList","@id":"https:\/\/www.fiscalia.gov.co\/colombia\/noticias\/judicializadas-nueve-personas-que-estarian-exigiendo-dinero-a-sus-victimas\/#breadcrumb","itemListElement":[{"@type":"ListItem","position":1,"name":"Home","item":"https:\/\/www.fiscalia.gov.co\/colombia\/"},{"@type":"ListItem","position":2,"name":"Judicializadas nueve personas que estar\u00edan exigiendo dinero a sus v\u00edctimas"}]},{"@type":"WebSite","@id":"https:\/\/www.fiscalia.gov.co\/colombia\/#website","url":"https:\/\/www.fiscalia.gov.co\/colombia\/","name":"Fiscal\u00eda General de la Naci\u00f3n","description":"P\u00e1gina oficial de la Fiscal\u00eda General de la Naci\u00f3n \u2013 Colombia. Garantizamos el acceso efectivo a la justicia, la verdad y la reparaci\u00f3n de las v\u00edctimas de los delitos.","publisher":{"@id":"https:\/\/www.fiscalia.gov.co\/colombia\/#organization"},"potentialAction":[{"@type":"SearchAction","target":{"@type":"EntryPoint","urlTemplate":"https:\/\/www.fiscalia.gov.co\/colombia\/?s={search_term_string}"},"query-input":{"@type":"PropertyValueSpecification","valueRequired":true,"valueName":"search_term_string"}}],"inLanguage":"es-CO"},{"@type":"Organization","@id":"https:\/\/www.fiscalia.gov.co\/colombia\/#organization","name":"Fiscal\u00eda General de la Naci\u00f3n","url":"https:\/\/www.fiscalia.gov.co\/colombia\/","logo":{"@type":"ImageObject","inLanguage":"es-CO","@id":"https:\/\/www.fiscalia.gov.co\/colombia\/#\/schema\/logo\/image\/","url":"https:\/\/www.fiscalia.gov.co\/colombia\/wp-content\/uploads\/LogoHorizontal_1.jpg","contentUrl":"https:\/\/www.fiscalia.gov.co\/colombia\/wp-content\/uploads\/LogoHorizontal_1.jpg","width":300,"height":90,"caption":"Fiscal\u00eda General de la Naci\u00f3n"},"image":{"@id":"https:\/\/www.fiscalia.gov.co\/colombia\/#\/schema\/logo\/image\/"},"sameAs":["https:\/\/www.facebook.com\/FiscaliaCol","https:\/\/x.com\/FiscaliaCol","https:\/\/www.instagram.com\/fiscaliacol","https:\/\/www.linkedin.com\/company\/fiscalia-general-de-la-naci-n\/","https:\/\/youtube.com\/@fiscaliageneraldelanacion-4668?si=6nN79nyQICPU5iTh"]},{"@type":"Person","@id":"https:\/\/www.fiscalia.gov.co\/colombia\/#\/schema\/person\/176195b99ebab0a52aafa15197e1bf80","name":"Winnie Geraldine Rodr\u00edguez Navarrete","image":{"@type":"ImageObject","inLanguage":"es-CO","@id":"https:\/\/www.fiscalia.gov.co\/colombia\/#\/schema\/person\/image\/","url":"https:\/\/secure.gravatar.com\/avatar\/c24cf8481dc84fa5e8c7b20bc95ab0c6?s=96&d=mm&r=g","contentUrl":"https:\/\/secure.gravatar.com\/avatar\/c24cf8481dc84fa5e8c7b20bc95ab0c6?s=96&d=mm&r=g","caption":"Winnie Geraldine Rodr\u00edguez Navarrete"},"url":"https:\/\/www.fiscalia.gov.co\/colombia\/author\/winnierodriguez\/"}]}},"_links":{"self":[{"href":"https:\/\/www.fiscalia.gov.co\/colombia\/wp-json\/wp\/v2\/posts\/297839","targetHints":{"allow":["GET"]}}],"collection":[{"href":"https:\/\/www.fiscalia.gov.co\/colombia\/wp-json\/wp\/v2\/posts"}],"about":[{"href":"https:\/\/www.fiscalia.gov.co\/colombia\/wp-json\/wp\/v2\/types\/post"}],"author":[{"embeddable":true,"href":"https:\/\/www.fiscalia.gov.co\/colombia\/wp-json\/wp\/v2\/users\/178"}],"replies":[{"embeddable":true,"href":"https:\/\/www.fiscalia.gov.co\/colombia\/wp-json\/wp\/v2\/comments?post=297839"}],"version-history":[{"count":3,"href":"https:\/\/www.fiscalia.gov.co\/colombia\/wp-json\/wp\/v2\/posts\/297839\/revisions"}],"predecessor-version":[{"id":298618,"href":"https:\/\/www.fiscalia.gov.co\/colombia\/wp-json\/wp\/v2\/posts\/297839\/revisions\/298618"}],"wp:attachment":[{"href":"https:\/\/www.fiscalia.gov.co\/colombia\/wp-json\/wp\/v2\/media?parent=297839"}],"wp:term":[{"taxonomy":"category","embeddable":true,"href":"https:\/\/www.fiscalia.gov.co\/colombia\/wp-json\/wp\/v2\/categories?post=297839"},{"taxonomy":"post_tag","embeddable":true,"href":"https:\/\/www.fiscalia.gov.co\/colombia\/wp-json\/wp\/v2\/tags?post=297839"}],"curies":[{"name":"wp","href":"https:\/\/api.w.org\/{rel}","templated":true}]}}