{"id":297210,"date":"2024-06-21T15:50:16","date_gmt":"2024-06-21T20:50:16","guid":{"rendered":"https:\/\/www.fiscalia.gov.co\/colombia\/?p=297210"},"modified":"2024-06-21T15:50:16","modified_gmt":"2024-06-21T20:50:16","slug":"a-18-anos-de-prision-fue-condenado-hombre-que-intento-asesinar-a-su-expareja-y-al-companero-sentimental-de-esta","status":"publish","type":"post","link":"https:\/\/www.fiscalia.gov.co\/colombia\/noticias\/a-18-anos-de-prision-fue-condenado-hombre-que-intento-asesinar-a-su-expareja-y-al-companero-sentimental-de-esta\/","title":{"rendered":"A 18 a\u00f1os de prisi\u00f3n fue condenado hombre que intent\u00f3 asesinar a su expareja y al compa\u00f1ero sentimental de \u00e9sta"},"content":{"rendered":"<blockquote>\n<h4><em style=\"color: #111111; font-family: Roboto, sans-serif; font-size: 19px;\"><strong>En los hechos tambi\u00e9n result\u00f3 lesionado el compa\u00f1ero sentimental de la mujer.<\/strong><\/em><\/h4>\n<\/blockquote>\n<p>Un juez de conocimiento de Medell\u00edn conden\u00f3 a 18 a\u00f1os y 6 meses de prisi\u00f3n a Leonardo Piedrahita Tamayo, responsable de <a href=\"https:\/\/www.fiscalia.gov.co\/colombia\/noticias\/carcel-para-hombre-que-habria-lanzado-a-su-companera-sentimental-desde-un-segundo-piso-en-medellin\/\" target=\"_blank\" rel=\"noopener\">por los delitos de tentativa de feminicidio<\/a> y tentativa de homicidio, ambos agravados.<\/p>\n<p>Los hechos ocurrieron el 29 de noviembre de 2022 en el barrio Robledo Pajarito de Medell\u00edn, donde Piedrahita Tamayo atropell\u00f3 con su veh\u00edculo al compa\u00f1ero sentimental de su expareja, hecho que caus\u00f3 traumas en la cadera y el brazo de la v\u00edctima. Luego de esto, hiri\u00f3 en m\u00faltiples oportunidades con arma cortopunzante a su excompa\u00f1era y huy\u00f3 del lugar.<\/p>\n<p>Las pruebas presentadas por un fiscal de la Unidad de Vida de Medell\u00edn demostraron que el condenado hab\u00eda agredido a la mujer en otras oportunidades debido a que se enter\u00f3 de que ella inici\u00f3 una nueva relaci\u00f3n.<\/p>\n<p>Piedrahita Tamayo acept\u00f3 su responsabilidad por estos hechos durante la audiencia de formulaci\u00f3n de imputaci\u00f3n.<\/p>\n<p>Esta informaci\u00f3n se publica por razones de inter\u00e9s general.<\/p>\n<p>&nbsp;<\/p>\n<p>NAMT\/DA\/LMFO\/MAGA\/DSM<\/p>\n<div id=\"m_-2055542237609904506x_x_appendonsend\"><\/div>\n<h4>\n<i>La informaci\u00f3n contenida en este bolet\u00edn de prensa corresponde a la narraci\u00f3n de los hechos noticiosos objetivos, suministrados por los funcionarios encargados de adelantar las investigaciones penales al interior de la Fiscal\u00eda General de la Naci\u00f3n. Para el momento de la divulgaci\u00f3n de este comunicado, la situaci\u00f3n jur\u00eddica de la(s) persona(s) relacionada(s) se encuentra pendiente de resolver por la autoridad judicial competente, siempre bajo los preceptos de la presunci\u00f3n de inocencia, consagrados en el art\u00edculo 29 de la Constituci\u00f3n Pol\u00edtica y el art\u00edculo 7\u00ba de la Ley 906 de 2004.<\/i><\/h4>\n<div id=\"m_-2055542237609904506x_x_divRplyFwdMsg\" dir=\"ltr\"><\/div>\n<div id=\"m_-2055542237609904506x_x_x_appendonsend\"><\/div>\n<div id=\"m_-2055542237609904506x_x_x_divRplyFwdMsg\" dir=\"ltr\"><\/div>\n<div><\/div>\n<div><\/div>\n<div><\/div>\n\n<div class=\"twitter-share\"><a href=\"https:\/\/twitter.com\/intent\/tweet?via=fiscaliacol\" class=\"twitter-share-button\">Tweet<\/a><\/div>\n","protected":false},"excerpt":{"rendered":"<p>En los hechos tambi\u00e9n result\u00f3 lesionado el compa\u00f1ero sentimental de la mujer. Un juez de conocimiento de Medell\u00edn conden\u00f3 a 18 a\u00f1os y 6 meses de prisi\u00f3n a Leonardo Piedrahita [&hellip;]<\/p>\n","protected":false},"author":181,"featured_media":0,"comment_status":"closed","ping_status":"open","sticky":false,"template":"","format":"standard","meta":{"tdm_status":"","tdm_grid_status":"","footnotes":""},"categories":[1],"tags":[38116,38117,16460,479],"class_list":["post-297210","post","type-post","status-publish","format-standard","category-noticias","tag-atropello-con-un-vehiculo-al-companero-sentimental-de-su-ex-pareja","tag-barrio-robledo-pajarito","tag-tentativa-de-feminicidio","tag-tentativa-de-homicidio"],"yoast_head":"<!-- This site is optimized with the Yoast SEO plugin v24.3 - https:\/\/yoast.com\/wordpress\/plugins\/seo\/ -->\n<title>Fiscal\u00eda General de la Naci\u00f3n<\/title>\n<meta name=\"description\" content=\"P\u00e1gina oficial de la Fiscal\u00eda General de la Naci\u00f3n \u2013 Colombia. Garantizamos el acceso efectivo a la justicia, la verdad y la reparaci\u00f3n de las v\u00edctimas de los delitos.\" \/>\n<meta name=\"robots\" content=\"noindex, follow\" \/>\n<meta property=\"og:locale\" content=\"es_ES\" \/>\n<meta property=\"og:type\" content=\"article\" \/>\n<meta property=\"og:title\" content=\"Fiscal\u00eda General de la Naci\u00f3n\" \/>\n<meta property=\"og:description\" content=\"P\u00e1gina oficial de la Fiscal\u00eda General de la Naci\u00f3n \u2013 Colombia. Garantizamos el acceso efectivo a la justicia, la verdad y la reparaci\u00f3n de las v\u00edctimas de los delitos.\" \/>\n<meta property=\"og:url\" content=\"https:\/\/www.fiscalia.gov.co\/colombia\/noticias\/a-18-anos-de-prision-fue-condenado-hombre-que-intento-asesinar-a-su-expareja-y-al-companero-sentimental-de-esta\/\" \/>\n<meta property=\"og:site_name\" content=\"Fiscal\u00eda General de la Naci\u00f3n\" \/>\n<meta property=\"article:publisher\" content=\"https:\/\/www.facebook.com\/FiscaliaCol\" \/>\n<meta property=\"article:published_time\" content=\"2024-06-21T20:50:16+00:00\" \/>\n<meta name=\"author\" content=\"Johanna Islenny Prieto Pe\u00f1a\" \/>\n<meta name=\"twitter:card\" content=\"summary_large_image\" \/>\n<meta name=\"twitter:creator\" content=\"@FiscaliaCol\" \/>\n<meta name=\"twitter:site\" content=\"@FiscaliaCol\" \/>\n<meta name=\"twitter:label1\" content=\"Escrito por\" \/>\n\t<meta name=\"twitter:data1\" content=\"Johanna Islenny Prieto Pe\u00f1a\" \/>\n\t<meta name=\"twitter:label2\" content=\"Tiempo de lectura\" \/>\n\t<meta name=\"twitter:data2\" content=\"2 minutos\" \/>\n<script type=\"application\/ld+json\" class=\"yoast-schema-graph\">{\"@context\":\"https:\/\/schema.org\",\"@graph\":[{\"@type\":\"Article\",\"@id\":\"https:\/\/www.fiscalia.gov.co\/colombia\/noticias\/a-18-anos-de-prision-fue-condenado-hombre-que-intento-asesinar-a-su-expareja-y-al-companero-sentimental-de-esta\/#article\",\"isPartOf\":{\"@id\":\"https:\/\/www.fiscalia.gov.co\/colombia\/noticias\/a-18-anos-de-prision-fue-condenado-hombre-que-intento-asesinar-a-su-expareja-y-al-companero-sentimental-de-esta\/\"},\"author\":{\"name\":\"Johanna Islenny Prieto Pe\u00f1a\",\"@id\":\"https:\/\/www.fiscalia.gov.co\/colombia\/#\/schema\/person\/ba9eca435947489fb25117a0cd75bf3e\"},\"headline\":\"A 18 a\u00f1os de prisi\u00f3n fue condenado hombre que intent\u00f3 asesinar a su expareja y al compa\u00f1ero sentimental de \u00e9sta\",\"datePublished\":\"2024-06-21T20:50:16+00:00\",\"dateModified\":\"2024-06-21T20:50:16+00:00\",\"mainEntityOfPage\":{\"@id\":\"https:\/\/www.fiscalia.gov.co\/colombia\/noticias\/a-18-anos-de-prision-fue-condenado-hombre-que-intento-asesinar-a-su-expareja-y-al-companero-sentimental-de-esta\/\"},\"wordCount\":310,\"publisher\":{\"@id\":\"https:\/\/www.fiscalia.gov.co\/colombia\/#organization\"},\"keywords\":[\"atropell\u00f3 con un veh\u00edculo al compa\u00f1ero sentimental de su ex pareja\",\"barrio Robledo Pajarito.\",\"Tentativa de feminicidio\",\"Tentativa de homicidio\"],\"articleSection\":[\"Noticias\"],\"inLanguage\":\"es-CO\"},{\"@type\":\"WebPage\",\"@id\":\"https:\/\/www.fiscalia.gov.co\/colombia\/noticias\/a-18-anos-de-prision-fue-condenado-hombre-que-intento-asesinar-a-su-expareja-y-al-companero-sentimental-de-esta\/\",\"url\":\"https:\/\/www.fiscalia.gov.co\/colombia\/noticias\/a-18-anos-de-prision-fue-condenado-hombre-que-intento-asesinar-a-su-expareja-y-al-companero-sentimental-de-esta\/\",\"name\":\"Fiscal\u00eda General de la Naci\u00f3n\",\"isPartOf\":{\"@id\":\"https:\/\/www.fiscalia.gov.co\/colombia\/#website\"},\"datePublished\":\"2024-06-21T20:50:16+00:00\",\"dateModified\":\"2024-06-21T20:50:16+00:00\",\"description\":\"P\u00e1gina oficial de la Fiscal\u00eda General de la Naci\u00f3n \u2013 Colombia. Garantizamos el acceso efectivo a la justicia, la verdad y la reparaci\u00f3n de las v\u00edctimas de los delitos.\",\"breadcrumb\":{\"@id\":\"https:\/\/www.fiscalia.gov.co\/colombia\/noticias\/a-18-anos-de-prision-fue-condenado-hombre-que-intento-asesinar-a-su-expareja-y-al-companero-sentimental-de-esta\/#breadcrumb\"},\"inLanguage\":\"es-CO\",\"potentialAction\":[{\"@type\":\"ReadAction\",\"target\":[\"https:\/\/www.fiscalia.gov.co\/colombia\/noticias\/a-18-anos-de-prision-fue-condenado-hombre-que-intento-asesinar-a-su-expareja-y-al-companero-sentimental-de-esta\/\"]}]},{\"@type\":\"BreadcrumbList\",\"@id\":\"https:\/\/www.fiscalia.gov.co\/colombia\/noticias\/a-18-anos-de-prision-fue-condenado-hombre-que-intento-asesinar-a-su-expareja-y-al-companero-sentimental-de-esta\/#breadcrumb\",\"itemListElement\":[{\"@type\":\"ListItem\",\"position\":1,\"name\":\"Home\",\"item\":\"https:\/\/www.fiscalia.gov.co\/colombia\/\"},{\"@type\":\"ListItem\",\"position\":2,\"name\":\"A 18 a\u00f1os de prisi\u00f3n fue condenado hombre que intent\u00f3 asesinar a su expareja y al compa\u00f1ero sentimental de \u00e9sta\"}]},{\"@type\":\"WebSite\",\"@id\":\"https:\/\/www.fiscalia.gov.co\/colombia\/#website\",\"url\":\"https:\/\/www.fiscalia.gov.co\/colombia\/\",\"name\":\"Fiscal\u00eda General de la Naci\u00f3n\",\"description\":\"P\u00e1gina oficial de la Fiscal\u00eda General de la Naci\u00f3n \u2013 Colombia. Garantizamos el acceso efectivo a la justicia, la verdad y la reparaci\u00f3n de las v\u00edctimas de los delitos.\",\"publisher\":{\"@id\":\"https:\/\/www.fiscalia.gov.co\/colombia\/#organization\"},\"potentialAction\":[{\"@type\":\"SearchAction\",\"target\":{\"@type\":\"EntryPoint\",\"urlTemplate\":\"https:\/\/www.fiscalia.gov.co\/colombia\/?s={search_term_string}\"},\"query-input\":{\"@type\":\"PropertyValueSpecification\",\"valueRequired\":true,\"valueName\":\"search_term_string\"}}],\"inLanguage\":\"es-CO\"},{\"@type\":\"Organization\",\"@id\":\"https:\/\/www.fiscalia.gov.co\/colombia\/#organization\",\"name\":\"Fiscal\u00eda General de la Naci\u00f3n\",\"url\":\"https:\/\/www.fiscalia.gov.co\/colombia\/\",\"logo\":{\"@type\":\"ImageObject\",\"inLanguage\":\"es-CO\",\"@id\":\"https:\/\/www.fiscalia.gov.co\/colombia\/#\/schema\/logo\/image\/\",\"url\":\"https:\/\/www.fiscalia.gov.co\/colombia\/wp-content\/uploads\/LogoHorizontal_1.jpg\",\"contentUrl\":\"https:\/\/www.fiscalia.gov.co\/colombia\/wp-content\/uploads\/LogoHorizontal_1.jpg\",\"width\":300,\"height\":90,\"caption\":\"Fiscal\u00eda General de la Naci\u00f3n\"},\"image\":{\"@id\":\"https:\/\/www.fiscalia.gov.co\/colombia\/#\/schema\/logo\/image\/\"},\"sameAs\":[\"https:\/\/www.facebook.com\/FiscaliaCol\",\"https:\/\/x.com\/FiscaliaCol\",\"https:\/\/www.instagram.com\/fiscaliacol\",\"https:\/\/www.linkedin.com\/company\/fiscalia-general-de-la-naci-n\/\",\"https:\/\/youtube.com\/@fiscaliageneraldelanacion-4668?si=6nN79nyQICPU5iTh\"]},{\"@type\":\"Person\",\"@id\":\"https:\/\/www.fiscalia.gov.co\/colombia\/#\/schema\/person\/ba9eca435947489fb25117a0cd75bf3e\",\"name\":\"Johanna Islenny Prieto Pe\u00f1a\",\"image\":{\"@type\":\"ImageObject\",\"inLanguage\":\"es-CO\",\"@id\":\"https:\/\/www.fiscalia.gov.co\/colombia\/#\/schema\/person\/image\/\",\"url\":\"https:\/\/secure.gravatar.com\/avatar\/111433fc2acb037ffb768f6a3ca47864?s=96&d=mm&r=g\",\"contentUrl\":\"https:\/\/secure.gravatar.com\/avatar\/111433fc2acb037ffb768f6a3ca47864?s=96&d=mm&r=g\",\"caption\":\"Johanna Islenny Prieto Pe\u00f1a\"},\"url\":\"https:\/\/www.fiscalia.gov.co\/colombia\/author\/jprietop\/\"}]}<\/script>\n<!-- \/ Yoast SEO plugin. -->","yoast_head_json":{"title":"Fiscal\u00eda General de la Naci\u00f3n","description":"P\u00e1gina oficial de la Fiscal\u00eda General de la Naci\u00f3n \u2013 Colombia. Garantizamos el acceso efectivo a la justicia, la verdad y la reparaci\u00f3n de las v\u00edctimas de los delitos.","robots":{"index":"noindex","follow":"follow"},"og_locale":"es_ES","og_type":"article","og_title":"Fiscal\u00eda General de la Naci\u00f3n","og_description":"P\u00e1gina oficial de la Fiscal\u00eda General de la Naci\u00f3n \u2013 Colombia. Garantizamos el acceso efectivo a la justicia, la verdad y la reparaci\u00f3n de las v\u00edctimas de los delitos.","og_url":"https:\/\/www.fiscalia.gov.co\/colombia\/noticias\/a-18-anos-de-prision-fue-condenado-hombre-que-intento-asesinar-a-su-expareja-y-al-companero-sentimental-de-esta\/","og_site_name":"Fiscal\u00eda General de la Naci\u00f3n","article_publisher":"https:\/\/www.facebook.com\/FiscaliaCol","article_published_time":"2024-06-21T20:50:16+00:00","author":"Johanna Islenny Prieto Pe\u00f1a","twitter_card":"summary_large_image","twitter_creator":"@FiscaliaCol","twitter_site":"@FiscaliaCol","twitter_misc":{"Escrito por":"Johanna Islenny Prieto Pe\u00f1a","Tiempo de lectura":"2 minutos"},"schema":{"@context":"https:\/\/schema.org","@graph":[{"@type":"Article","@id":"https:\/\/www.fiscalia.gov.co\/colombia\/noticias\/a-18-anos-de-prision-fue-condenado-hombre-que-intento-asesinar-a-su-expareja-y-al-companero-sentimental-de-esta\/#article","isPartOf":{"@id":"https:\/\/www.fiscalia.gov.co\/colombia\/noticias\/a-18-anos-de-prision-fue-condenado-hombre-que-intento-asesinar-a-su-expareja-y-al-companero-sentimental-de-esta\/"},"author":{"name":"Johanna Islenny Prieto Pe\u00f1a","@id":"https:\/\/www.fiscalia.gov.co\/colombia\/#\/schema\/person\/ba9eca435947489fb25117a0cd75bf3e"},"headline":"A 18 a\u00f1os de prisi\u00f3n fue condenado hombre que intent\u00f3 asesinar a su expareja y al compa\u00f1ero sentimental de \u00e9sta","datePublished":"2024-06-21T20:50:16+00:00","dateModified":"2024-06-21T20:50:16+00:00","mainEntityOfPage":{"@id":"https:\/\/www.fiscalia.gov.co\/colombia\/noticias\/a-18-anos-de-prision-fue-condenado-hombre-que-intento-asesinar-a-su-expareja-y-al-companero-sentimental-de-esta\/"},"wordCount":310,"publisher":{"@id":"https:\/\/www.fiscalia.gov.co\/colombia\/#organization"},"keywords":["atropell\u00f3 con un veh\u00edculo al compa\u00f1ero sentimental de su ex pareja","barrio Robledo Pajarito.","Tentativa de feminicidio","Tentativa de homicidio"],"articleSection":["Noticias"],"inLanguage":"es-CO"},{"@type":"WebPage","@id":"https:\/\/www.fiscalia.gov.co\/colombia\/noticias\/a-18-anos-de-prision-fue-condenado-hombre-que-intento-asesinar-a-su-expareja-y-al-companero-sentimental-de-esta\/","url":"https:\/\/www.fiscalia.gov.co\/colombia\/noticias\/a-18-anos-de-prision-fue-condenado-hombre-que-intento-asesinar-a-su-expareja-y-al-companero-sentimental-de-esta\/","name":"Fiscal\u00eda General de la Naci\u00f3n","isPartOf":{"@id":"https:\/\/www.fiscalia.gov.co\/colombia\/#website"},"datePublished":"2024-06-21T20:50:16+00:00","dateModified":"2024-06-21T20:50:16+00:00","description":"P\u00e1gina oficial de la Fiscal\u00eda General de la Naci\u00f3n \u2013 Colombia. Garantizamos el acceso efectivo a la justicia, la verdad y la reparaci\u00f3n de las v\u00edctimas de los delitos.","breadcrumb":{"@id":"https:\/\/www.fiscalia.gov.co\/colombia\/noticias\/a-18-anos-de-prision-fue-condenado-hombre-que-intento-asesinar-a-su-expareja-y-al-companero-sentimental-de-esta\/#breadcrumb"},"inLanguage":"es-CO","potentialAction":[{"@type":"ReadAction","target":["https:\/\/www.fiscalia.gov.co\/colombia\/noticias\/a-18-anos-de-prision-fue-condenado-hombre-que-intento-asesinar-a-su-expareja-y-al-companero-sentimental-de-esta\/"]}]},{"@type":"BreadcrumbList","@id":"https:\/\/www.fiscalia.gov.co\/colombia\/noticias\/a-18-anos-de-prision-fue-condenado-hombre-que-intento-asesinar-a-su-expareja-y-al-companero-sentimental-de-esta\/#breadcrumb","itemListElement":[{"@type":"ListItem","position":1,"name":"Home","item":"https:\/\/www.fiscalia.gov.co\/colombia\/"},{"@type":"ListItem","position":2,"name":"A 18 a\u00f1os de prisi\u00f3n fue condenado hombre que intent\u00f3 asesinar a su expareja y al compa\u00f1ero sentimental de \u00e9sta"}]},{"@type":"WebSite","@id":"https:\/\/www.fiscalia.gov.co\/colombia\/#website","url":"https:\/\/www.fiscalia.gov.co\/colombia\/","name":"Fiscal\u00eda General de la Naci\u00f3n","description":"P\u00e1gina oficial de la Fiscal\u00eda General de la Naci\u00f3n \u2013 Colombia. Garantizamos el acceso efectivo a la justicia, la verdad y la reparaci\u00f3n de las v\u00edctimas de los delitos.","publisher":{"@id":"https:\/\/www.fiscalia.gov.co\/colombia\/#organization"},"potentialAction":[{"@type":"SearchAction","target":{"@type":"EntryPoint","urlTemplate":"https:\/\/www.fiscalia.gov.co\/colombia\/?s={search_term_string}"},"query-input":{"@type":"PropertyValueSpecification","valueRequired":true,"valueName":"search_term_string"}}],"inLanguage":"es-CO"},{"@type":"Organization","@id":"https:\/\/www.fiscalia.gov.co\/colombia\/#organization","name":"Fiscal\u00eda General de la Naci\u00f3n","url":"https:\/\/www.fiscalia.gov.co\/colombia\/","logo":{"@type":"ImageObject","inLanguage":"es-CO","@id":"https:\/\/www.fiscalia.gov.co\/colombia\/#\/schema\/logo\/image\/","url":"https:\/\/www.fiscalia.gov.co\/colombia\/wp-content\/uploads\/LogoHorizontal_1.jpg","contentUrl":"https:\/\/www.fiscalia.gov.co\/colombia\/wp-content\/uploads\/LogoHorizontal_1.jpg","width":300,"height":90,"caption":"Fiscal\u00eda General de la Naci\u00f3n"},"image":{"@id":"https:\/\/www.fiscalia.gov.co\/colombia\/#\/schema\/logo\/image\/"},"sameAs":["https:\/\/www.facebook.com\/FiscaliaCol","https:\/\/x.com\/FiscaliaCol","https:\/\/www.instagram.com\/fiscaliacol","https:\/\/www.linkedin.com\/company\/fiscalia-general-de-la-naci-n\/","https:\/\/youtube.com\/@fiscaliageneraldelanacion-4668?si=6nN79nyQICPU5iTh"]},{"@type":"Person","@id":"https:\/\/www.fiscalia.gov.co\/colombia\/#\/schema\/person\/ba9eca435947489fb25117a0cd75bf3e","name":"Johanna Islenny Prieto Pe\u00f1a","image":{"@type":"ImageObject","inLanguage":"es-CO","@id":"https:\/\/www.fiscalia.gov.co\/colombia\/#\/schema\/person\/image\/","url":"https:\/\/secure.gravatar.com\/avatar\/111433fc2acb037ffb768f6a3ca47864?s=96&d=mm&r=g","contentUrl":"https:\/\/secure.gravatar.com\/avatar\/111433fc2acb037ffb768f6a3ca47864?s=96&d=mm&r=g","caption":"Johanna Islenny Prieto Pe\u00f1a"},"url":"https:\/\/www.fiscalia.gov.co\/colombia\/author\/jprietop\/"}]}},"_links":{"self":[{"href":"https:\/\/www.fiscalia.gov.co\/colombia\/wp-json\/wp\/v2\/posts\/297210","targetHints":{"allow":["GET"]}}],"collection":[{"href":"https:\/\/www.fiscalia.gov.co\/colombia\/wp-json\/wp\/v2\/posts"}],"about":[{"href":"https:\/\/www.fiscalia.gov.co\/colombia\/wp-json\/wp\/v2\/types\/post"}],"author":[{"embeddable":true,"href":"https:\/\/www.fiscalia.gov.co\/colombia\/wp-json\/wp\/v2\/users\/181"}],"replies":[{"embeddable":true,"href":"https:\/\/www.fiscalia.gov.co\/colombia\/wp-json\/wp\/v2\/comments?post=297210"}],"version-history":[{"count":1,"href":"https:\/\/www.fiscalia.gov.co\/colombia\/wp-json\/wp\/v2\/posts\/297210\/revisions"}],"predecessor-version":[{"id":297211,"href":"https:\/\/www.fiscalia.gov.co\/colombia\/wp-json\/wp\/v2\/posts\/297210\/revisions\/297211"}],"wp:attachment":[{"href":"https:\/\/www.fiscalia.gov.co\/colombia\/wp-json\/wp\/v2\/media?parent=297210"}],"wp:term":[{"taxonomy":"category","embeddable":true,"href":"https:\/\/www.fiscalia.gov.co\/colombia\/wp-json\/wp\/v2\/categories?post=297210"},{"taxonomy":"post_tag","embeddable":true,"href":"https:\/\/www.fiscalia.gov.co\/colombia\/wp-json\/wp\/v2\/tags?post=297210"}],"curies":[{"name":"wp","href":"https:\/\/api.w.org\/{rel}","templated":true}]}}