{"id":297129,"date":"2024-06-20T10:53:53","date_gmt":"2024-06-20T15:53:53","guid":{"rendered":"https:\/\/www.fiscalia.gov.co\/colombia\/?p=297129"},"modified":"2024-06-20T10:53:53","modified_gmt":"2024-06-20T15:53:53","slug":"a-la-carcel-presunto-responsable-de-abusar-sexualmente-de-una-menor-en-una-guarderia-de-cali","status":"publish","type":"post","link":"https:\/\/www.fiscalia.gov.co\/colombia\/noticias\/a-la-carcel-presunto-responsable-de-abusar-sexualmente-de-una-menor-en-una-guarderia-de-cali\/","title":{"rendered":"A la c\u00e1rcel presunto responsable de abusar sexualmente de una menor en una guarder\u00eda de Cali"},"content":{"rendered":"<p>Por solicitud de la Fiscal\u00eda General de la Naci\u00f3n un juez de control de garant\u00edas impuso medida de aseguramiento en centro carcelario a Hebert Enrique Osorio Campuzano, de 51 a\u00f1os, <strong>presuntamente responsable de agredir sexualmente a una menor de 5 a\u00f1os en Cali (Valle del Cauca).<\/strong><\/p>\n<figure id=\"attachment_297130\" aria-describedby=\"caption-attachment-297130\" style=\"width: 300px\" class=\"wp-caption aligncenter\"><img loading=\"lazy\" decoding=\"async\" class=\"size-medium wp-image-297130\" src=\"https:\/\/www.fiscalia.gov.co\/colombia\/wp-content\/uploads\/Hebert-Enrique-Osorio-Campuzano.-Acto-sexual-con-menor-de-14-anos-agravado.-Cali-Valle-300x169.jpg\" alt=\"En la fotograf\u00eda se aprecia en acci\u00f3n de caminata, en un pasillo, con los brazos adelante y esposado a Hebert Enrique Osorio Campuzano. Viste camiseta de manga corta blanca con, una de las mangas negras con rayas blancas; pantal\u00f3n negro y zapatos negros. Al lado izquierdo de \u00e9l hay un servidor del CTI de la Fiscal\u00eda y al lado derecho un uniformado de la Polic\u00eda Nacional. \" width=\"300\" height=\"169\" srcset=\"https:\/\/www.fiscalia.gov.co\/colombia\/wp-content\/uploads\/Hebert-Enrique-Osorio-Campuzano.-Acto-sexual-con-menor-de-14-anos-agravado.-Cali-Valle-300x169.jpg 300w, https:\/\/www.fiscalia.gov.co\/colombia\/wp-content\/uploads\/Hebert-Enrique-Osorio-Campuzano.-Acto-sexual-con-menor-de-14-anos-agravado.-Cali-Valle-1024x576.jpg 1024w, https:\/\/www.fiscalia.gov.co\/colombia\/wp-content\/uploads\/Hebert-Enrique-Osorio-Campuzano.-Acto-sexual-con-menor-de-14-anos-agravado.-Cali-Valle-768x432.jpg 768w, https:\/\/www.fiscalia.gov.co\/colombia\/wp-content\/uploads\/Hebert-Enrique-Osorio-Campuzano.-Acto-sexual-con-menor-de-14-anos-agravado.-Cali-Valle-1536x864.jpg 1536w, https:\/\/www.fiscalia.gov.co\/colombia\/wp-content\/uploads\/Hebert-Enrique-Osorio-Campuzano.-Acto-sexual-con-menor-de-14-anos-agravado.-Cali-Valle-696x392.jpg 696w, https:\/\/www.fiscalia.gov.co\/colombia\/wp-content\/uploads\/Hebert-Enrique-Osorio-Campuzano.-Acto-sexual-con-menor-de-14-anos-agravado.-Cali-Valle-1068x601.jpg 1068w, https:\/\/www.fiscalia.gov.co\/colombia\/wp-content\/uploads\/Hebert-Enrique-Osorio-Campuzano.-Acto-sexual-con-menor-de-14-anos-agravado.-Cali-Valle-747x420.jpg 747w, https:\/\/www.fiscalia.gov.co\/colombia\/wp-content\/uploads\/Hebert-Enrique-Osorio-Campuzano.-Acto-sexual-con-menor-de-14-anos-agravado.-Cali-Valle.jpg 1600w\" sizes=\"auto, (max-width: 300px) 100vw, 300px\" \/><figcaption id=\"caption-attachment-297130\" class=\"wp-caption-text\">Hebert Enrique Osorio Campuzano, fue judicializado como presunto responsable de tocar las partes \u00edntimas de una menor de 5 a\u00f1os de edad, en una guarder\u00eda del oriente de Cali<\/figcaption><\/figure>\n<p><strong>Los hechos investigados ocurrieron entre octubre de 2023 y febrero de 2024 en una guarder\u00eda<\/strong> del oriente de la capital vallecaucana donde la menor era dejada, mientras su mam\u00e1 trabajaba.<\/p>\n<p>Las labores de polic\u00eda judicial evidenciaron que<strong> el procesado aprovech\u00f3 su condici\u00f3n de esposo de la due\u00f1a del lugar para tocar las partes \u00edntimas de la menor en varias oportunidades.<\/strong><\/p>\n<p>Osorio Campuzano fue capturado en cumplimiento de una orden judicial, el pasado 15 de junio, por servidores del Cuerpo T\u00e9cnico de Investigaci\u00f3n (CTI) y la Polic\u00eda Nacional.<\/p>\n<p><strong>La Fiscal\u00eda le imput\u00f3 el delito de actos sexuales con menor de 14 a\u00f1os, cargo que no acept\u00f3.<\/strong><\/p>\n<p>&nbsp;<\/p>\n<p>MAP\/MIZB\/DSC\/AMCJ\/MAGA<\/p>\n<p>&nbsp;<\/p>\n<p>&nbsp;<\/p>\n<p>&nbsp;<\/p>\n<p><i>La informaci\u00f3n contenida en este bolet\u00edn de prensa corresponde a la narraci\u00f3n de los hechos noticiosos objetivos, suministrados por los funcionarios encargados de adelantar las investigaciones penales al interior de la Fiscal\u00eda General de la Naci\u00f3n. Para el momento de la divulgaci\u00f3n de este comunicado, la situaci\u00f3n jur\u00eddica de la(s) persona(s) relacionada(s) se encuentra pendiente de resolver por la autoridad judicial competente, siempre bajo los preceptos de la presunci\u00f3n de inocencia, consagrados en el art\u00edculo 29 de la Constituci\u00f3n Pol\u00edtica y el art\u00edculo 7\u00ba de la Ley 906 de 2004.<\/i><\/p>\n\n<div class=\"twitter-share\"><a href=\"https:\/\/twitter.com\/intent\/tweet?via=fiscaliacol\" class=\"twitter-share-button\">Tweet<\/a><\/div>\n","protected":false},"excerpt":{"rendered":"<p>Por solicitud de la Fiscal\u00eda General de la Naci\u00f3n un juez de control de garant\u00edas impuso medida de aseguramiento en centro carcelario a Hebert Enrique Osorio Campuzano, de 51 a\u00f1os, [&hellip;]<\/p>\n","protected":false},"author":181,"featured_media":0,"comment_status":"closed","ping_status":"open","sticky":false,"template":"","format":"standard","meta":{"tdm_status":"","tdm_grid_status":"","footnotes":""},"categories":[1],"tags":[37492,4614,1047,37671],"class_list":["post-297129","post","type-post","status-publish","format-standard","category-noticias","tag-fiscal-luz-adriana-camargo","tag-fiscalia-2","tag-fiscalia-general-de-la-nacion","tag-noticias"],"yoast_head":"<!-- This site is optimized with the Yoast SEO plugin v24.3 - https:\/\/yoast.com\/wordpress\/plugins\/seo\/ -->\n<title>Fiscal\u00eda General de la Naci\u00f3n<\/title>\n<meta name=\"description\" content=\"P\u00e1gina oficial de la Fiscal\u00eda General de la Naci\u00f3n \u2013 Colombia. Garantizamos el acceso efectivo a la justicia, la verdad y la reparaci\u00f3n de las v\u00edctimas de los delitos.\" \/>\n<meta name=\"robots\" content=\"noindex, follow\" \/>\n<meta property=\"og:locale\" content=\"es_ES\" \/>\n<meta property=\"og:type\" content=\"article\" \/>\n<meta property=\"og:title\" content=\"Fiscal\u00eda General de la Naci\u00f3n\" \/>\n<meta property=\"og:description\" content=\"P\u00e1gina oficial de la Fiscal\u00eda General de la Naci\u00f3n \u2013 Colombia. Garantizamos el acceso efectivo a la justicia, la verdad y la reparaci\u00f3n de las v\u00edctimas de los delitos.\" \/>\n<meta property=\"og:url\" content=\"https:\/\/www.fiscalia.gov.co\/colombia\/noticias\/a-la-carcel-presunto-responsable-de-abusar-sexualmente-de-una-menor-en-una-guarderia-de-cali\/\" \/>\n<meta property=\"og:site_name\" content=\"Fiscal\u00eda General de la Naci\u00f3n\" \/>\n<meta property=\"article:publisher\" content=\"https:\/\/www.facebook.com\/FiscaliaCol\" \/>\n<meta property=\"article:published_time\" content=\"2024-06-20T15:53:53+00:00\" \/>\n<meta property=\"og:image\" content=\"https:\/\/www.fiscalia.gov.co\/colombia\/wp-content\/uploads\/Hebert-Enrique-Osorio-Campuzano.-Acto-sexual-con-menor-de-14-anos-agravado.-Cali-Valle-300x169.jpg\" \/>\n<meta name=\"author\" content=\"Johanna Islenny Prieto Pe\u00f1a\" \/>\n<meta name=\"twitter:card\" content=\"summary_large_image\" \/>\n<meta name=\"twitter:creator\" content=\"@FiscaliaCol\" \/>\n<meta name=\"twitter:site\" content=\"@FiscaliaCol\" \/>\n<meta name=\"twitter:label1\" content=\"Escrito por\" \/>\n\t<meta name=\"twitter:data1\" content=\"Johanna Islenny Prieto Pe\u00f1a\" \/>\n\t<meta name=\"twitter:label2\" content=\"Tiempo de lectura\" \/>\n\t<meta name=\"twitter:data2\" content=\"2 minutos\" \/>\n<script type=\"application\/ld+json\" class=\"yoast-schema-graph\">{\"@context\":\"https:\/\/schema.org\",\"@graph\":[{\"@type\":\"Article\",\"@id\":\"https:\/\/www.fiscalia.gov.co\/colombia\/noticias\/a-la-carcel-presunto-responsable-de-abusar-sexualmente-de-una-menor-en-una-guarderia-de-cali\/#article\",\"isPartOf\":{\"@id\":\"https:\/\/www.fiscalia.gov.co\/colombia\/noticias\/a-la-carcel-presunto-responsable-de-abusar-sexualmente-de-una-menor-en-una-guarderia-de-cali\/\"},\"author\":{\"name\":\"Johanna Islenny Prieto Pe\u00f1a\",\"@id\":\"https:\/\/www.fiscalia.gov.co\/colombia\/#\/schema\/person\/ba9eca435947489fb25117a0cd75bf3e\"},\"headline\":\"A la c\u00e1rcel presunto responsable de abusar sexualmente de una menor en una guarder\u00eda de Cali\",\"datePublished\":\"2024-06-20T15:53:53+00:00\",\"dateModified\":\"2024-06-20T15:53:53+00:00\",\"mainEntityOfPage\":{\"@id\":\"https:\/\/www.fiscalia.gov.co\/colombia\/noticias\/a-la-carcel-presunto-responsable-de-abusar-sexualmente-de-una-menor-en-una-guarderia-de-cali\/\"},\"wordCount\":325,\"publisher\":{\"@id\":\"https:\/\/www.fiscalia.gov.co\/colombia\/#organization\"},\"image\":{\"@id\":\"https:\/\/www.fiscalia.gov.co\/colombia\/noticias\/a-la-carcel-presunto-responsable-de-abusar-sexualmente-de-una-menor-en-una-guarderia-de-cali\/#primaryimage\"},\"thumbnailUrl\":\"https:\/\/www.fiscalia.gov.co\/colombia\/wp-content\/uploads\/Hebert-Enrique-Osorio-Campuzano.-Acto-sexual-con-menor-de-14-anos-agravado.-Cali-Valle-300x169.jpg\",\"keywords\":[\"Fiscal Luz Adriana Camargo\",\"Fiscal\u00eda\",\"Fiscal\u00eda General de la Naci\u00f3n\",\"Noticias\"],\"articleSection\":[\"Noticias\"],\"inLanguage\":\"es-CO\"},{\"@type\":\"WebPage\",\"@id\":\"https:\/\/www.fiscalia.gov.co\/colombia\/noticias\/a-la-carcel-presunto-responsable-de-abusar-sexualmente-de-una-menor-en-una-guarderia-de-cali\/\",\"url\":\"https:\/\/www.fiscalia.gov.co\/colombia\/noticias\/a-la-carcel-presunto-responsable-de-abusar-sexualmente-de-una-menor-en-una-guarderia-de-cali\/\",\"name\":\"Fiscal\u00eda General de la Naci\u00f3n\",\"isPartOf\":{\"@id\":\"https:\/\/www.fiscalia.gov.co\/colombia\/#website\"},\"primaryImageOfPage\":{\"@id\":\"https:\/\/www.fiscalia.gov.co\/colombia\/noticias\/a-la-carcel-presunto-responsable-de-abusar-sexualmente-de-una-menor-en-una-guarderia-de-cali\/#primaryimage\"},\"image\":{\"@id\":\"https:\/\/www.fiscalia.gov.co\/colombia\/noticias\/a-la-carcel-presunto-responsable-de-abusar-sexualmente-de-una-menor-en-una-guarderia-de-cali\/#primaryimage\"},\"thumbnailUrl\":\"https:\/\/www.fiscalia.gov.co\/colombia\/wp-content\/uploads\/Hebert-Enrique-Osorio-Campuzano.-Acto-sexual-con-menor-de-14-anos-agravado.-Cali-Valle-300x169.jpg\",\"datePublished\":\"2024-06-20T15:53:53+00:00\",\"dateModified\":\"2024-06-20T15:53:53+00:00\",\"description\":\"P\u00e1gina oficial de la Fiscal\u00eda General de la Naci\u00f3n \u2013 Colombia. Garantizamos el acceso efectivo a la justicia, la verdad y la reparaci\u00f3n de las v\u00edctimas de los delitos.\",\"breadcrumb\":{\"@id\":\"https:\/\/www.fiscalia.gov.co\/colombia\/noticias\/a-la-carcel-presunto-responsable-de-abusar-sexualmente-de-una-menor-en-una-guarderia-de-cali\/#breadcrumb\"},\"inLanguage\":\"es-CO\",\"potentialAction\":[{\"@type\":\"ReadAction\",\"target\":[\"https:\/\/www.fiscalia.gov.co\/colombia\/noticias\/a-la-carcel-presunto-responsable-de-abusar-sexualmente-de-una-menor-en-una-guarderia-de-cali\/\"]}]},{\"@type\":\"ImageObject\",\"inLanguage\":\"es-CO\",\"@id\":\"https:\/\/www.fiscalia.gov.co\/colombia\/noticias\/a-la-carcel-presunto-responsable-de-abusar-sexualmente-de-una-menor-en-una-guarderia-de-cali\/#primaryimage\",\"url\":\"https:\/\/www.fiscalia.gov.co\/colombia\/wp-content\/uploads\/Hebert-Enrique-Osorio-Campuzano.-Acto-sexual-con-menor-de-14-anos-agravado.-Cali-Valle.jpg\",\"contentUrl\":\"https:\/\/www.fiscalia.gov.co\/colombia\/wp-content\/uploads\/Hebert-Enrique-Osorio-Campuzano.-Acto-sexual-con-menor-de-14-anos-agravado.-Cali-Valle.jpg\",\"width\":1600,\"height\":900,\"caption\":\"Hebert Enrique Osorio Campuzano, fue judicializado como presunto responsable de tocar las partes \u00edntimas de una menor de 5 a\u00f1os de edad, en una guarder\u00eda del oriente de Cali\"},{\"@type\":\"BreadcrumbList\",\"@id\":\"https:\/\/www.fiscalia.gov.co\/colombia\/noticias\/a-la-carcel-presunto-responsable-de-abusar-sexualmente-de-una-menor-en-una-guarderia-de-cali\/#breadcrumb\",\"itemListElement\":[{\"@type\":\"ListItem\",\"position\":1,\"name\":\"Home\",\"item\":\"https:\/\/www.fiscalia.gov.co\/colombia\/\"},{\"@type\":\"ListItem\",\"position\":2,\"name\":\"A la c\u00e1rcel presunto responsable de abusar sexualmente de una menor en una guarder\u00eda de Cali\"}]},{\"@type\":\"WebSite\",\"@id\":\"https:\/\/www.fiscalia.gov.co\/colombia\/#website\",\"url\":\"https:\/\/www.fiscalia.gov.co\/colombia\/\",\"name\":\"Fiscal\u00eda General de la Naci\u00f3n\",\"description\":\"P\u00e1gina oficial de la Fiscal\u00eda General de la Naci\u00f3n \u2013 Colombia. Garantizamos el acceso efectivo a la justicia, la verdad y la reparaci\u00f3n de las v\u00edctimas de los delitos.\",\"publisher\":{\"@id\":\"https:\/\/www.fiscalia.gov.co\/colombia\/#organization\"},\"potentialAction\":[{\"@type\":\"SearchAction\",\"target\":{\"@type\":\"EntryPoint\",\"urlTemplate\":\"https:\/\/www.fiscalia.gov.co\/colombia\/?s={search_term_string}\"},\"query-input\":{\"@type\":\"PropertyValueSpecification\",\"valueRequired\":true,\"valueName\":\"search_term_string\"}}],\"inLanguage\":\"es-CO\"},{\"@type\":\"Organization\",\"@id\":\"https:\/\/www.fiscalia.gov.co\/colombia\/#organization\",\"name\":\"Fiscal\u00eda General de la Naci\u00f3n\",\"url\":\"https:\/\/www.fiscalia.gov.co\/colombia\/\",\"logo\":{\"@type\":\"ImageObject\",\"inLanguage\":\"es-CO\",\"@id\":\"https:\/\/www.fiscalia.gov.co\/colombia\/#\/schema\/logo\/image\/\",\"url\":\"https:\/\/www.fiscalia.gov.co\/colombia\/wp-content\/uploads\/LogoHorizontal_1.jpg\",\"contentUrl\":\"https:\/\/www.fiscalia.gov.co\/colombia\/wp-content\/uploads\/LogoHorizontal_1.jpg\",\"width\":300,\"height\":90,\"caption\":\"Fiscal\u00eda General de la Naci\u00f3n\"},\"image\":{\"@id\":\"https:\/\/www.fiscalia.gov.co\/colombia\/#\/schema\/logo\/image\/\"},\"sameAs\":[\"https:\/\/www.facebook.com\/FiscaliaCol\",\"https:\/\/x.com\/FiscaliaCol\",\"https:\/\/www.instagram.com\/fiscaliacol\",\"https:\/\/www.linkedin.com\/company\/fiscalia-general-de-la-naci-n\/\",\"https:\/\/youtube.com\/@fiscaliageneraldelanacion-4668?si=6nN79nyQICPU5iTh\"]},{\"@type\":\"Person\",\"@id\":\"https:\/\/www.fiscalia.gov.co\/colombia\/#\/schema\/person\/ba9eca435947489fb25117a0cd75bf3e\",\"name\":\"Johanna Islenny Prieto Pe\u00f1a\",\"image\":{\"@type\":\"ImageObject\",\"inLanguage\":\"es-CO\",\"@id\":\"https:\/\/www.fiscalia.gov.co\/colombia\/#\/schema\/person\/image\/\",\"url\":\"https:\/\/secure.gravatar.com\/avatar\/111433fc2acb037ffb768f6a3ca47864?s=96&d=mm&r=g\",\"contentUrl\":\"https:\/\/secure.gravatar.com\/avatar\/111433fc2acb037ffb768f6a3ca47864?s=96&d=mm&r=g\",\"caption\":\"Johanna Islenny Prieto Pe\u00f1a\"},\"url\":\"https:\/\/www.fiscalia.gov.co\/colombia\/author\/jprietop\/\"}]}<\/script>\n<!-- \/ Yoast SEO plugin. -->","yoast_head_json":{"title":"Fiscal\u00eda General de la Naci\u00f3n","description":"P\u00e1gina oficial de la Fiscal\u00eda General de la Naci\u00f3n \u2013 Colombia. Garantizamos el acceso efectivo a la justicia, la verdad y la reparaci\u00f3n de las v\u00edctimas de los delitos.","robots":{"index":"noindex","follow":"follow"},"og_locale":"es_ES","og_type":"article","og_title":"Fiscal\u00eda General de la Naci\u00f3n","og_description":"P\u00e1gina oficial de la Fiscal\u00eda General de la Naci\u00f3n \u2013 Colombia. Garantizamos el acceso efectivo a la justicia, la verdad y la reparaci\u00f3n de las v\u00edctimas de los delitos.","og_url":"https:\/\/www.fiscalia.gov.co\/colombia\/noticias\/a-la-carcel-presunto-responsable-de-abusar-sexualmente-de-una-menor-en-una-guarderia-de-cali\/","og_site_name":"Fiscal\u00eda General de la Naci\u00f3n","article_publisher":"https:\/\/www.facebook.com\/FiscaliaCol","article_published_time":"2024-06-20T15:53:53+00:00","og_image":[{"url":"https:\/\/www.fiscalia.gov.co\/colombia\/wp-content\/uploads\/Hebert-Enrique-Osorio-Campuzano.-Acto-sexual-con-menor-de-14-anos-agravado.-Cali-Valle-300x169.jpg","type":"","width":"","height":""}],"author":"Johanna Islenny Prieto Pe\u00f1a","twitter_card":"summary_large_image","twitter_creator":"@FiscaliaCol","twitter_site":"@FiscaliaCol","twitter_misc":{"Escrito por":"Johanna Islenny Prieto Pe\u00f1a","Tiempo de lectura":"2 minutos"},"schema":{"@context":"https:\/\/schema.org","@graph":[{"@type":"Article","@id":"https:\/\/www.fiscalia.gov.co\/colombia\/noticias\/a-la-carcel-presunto-responsable-de-abusar-sexualmente-de-una-menor-en-una-guarderia-de-cali\/#article","isPartOf":{"@id":"https:\/\/www.fiscalia.gov.co\/colombia\/noticias\/a-la-carcel-presunto-responsable-de-abusar-sexualmente-de-una-menor-en-una-guarderia-de-cali\/"},"author":{"name":"Johanna Islenny Prieto Pe\u00f1a","@id":"https:\/\/www.fiscalia.gov.co\/colombia\/#\/schema\/person\/ba9eca435947489fb25117a0cd75bf3e"},"headline":"A la c\u00e1rcel presunto responsable de abusar sexualmente de una menor en una guarder\u00eda de Cali","datePublished":"2024-06-20T15:53:53+00:00","dateModified":"2024-06-20T15:53:53+00:00","mainEntityOfPage":{"@id":"https:\/\/www.fiscalia.gov.co\/colombia\/noticias\/a-la-carcel-presunto-responsable-de-abusar-sexualmente-de-una-menor-en-una-guarderia-de-cali\/"},"wordCount":325,"publisher":{"@id":"https:\/\/www.fiscalia.gov.co\/colombia\/#organization"},"image":{"@id":"https:\/\/www.fiscalia.gov.co\/colombia\/noticias\/a-la-carcel-presunto-responsable-de-abusar-sexualmente-de-una-menor-en-una-guarderia-de-cali\/#primaryimage"},"thumbnailUrl":"https:\/\/www.fiscalia.gov.co\/colombia\/wp-content\/uploads\/Hebert-Enrique-Osorio-Campuzano.-Acto-sexual-con-menor-de-14-anos-agravado.-Cali-Valle-300x169.jpg","keywords":["Fiscal Luz Adriana Camargo","Fiscal\u00eda","Fiscal\u00eda General de la Naci\u00f3n","Noticias"],"articleSection":["Noticias"],"inLanguage":"es-CO"},{"@type":"WebPage","@id":"https:\/\/www.fiscalia.gov.co\/colombia\/noticias\/a-la-carcel-presunto-responsable-de-abusar-sexualmente-de-una-menor-en-una-guarderia-de-cali\/","url":"https:\/\/www.fiscalia.gov.co\/colombia\/noticias\/a-la-carcel-presunto-responsable-de-abusar-sexualmente-de-una-menor-en-una-guarderia-de-cali\/","name":"Fiscal\u00eda General de la Naci\u00f3n","isPartOf":{"@id":"https:\/\/www.fiscalia.gov.co\/colombia\/#website"},"primaryImageOfPage":{"@id":"https:\/\/www.fiscalia.gov.co\/colombia\/noticias\/a-la-carcel-presunto-responsable-de-abusar-sexualmente-de-una-menor-en-una-guarderia-de-cali\/#primaryimage"},"image":{"@id":"https:\/\/www.fiscalia.gov.co\/colombia\/noticias\/a-la-carcel-presunto-responsable-de-abusar-sexualmente-de-una-menor-en-una-guarderia-de-cali\/#primaryimage"},"thumbnailUrl":"https:\/\/www.fiscalia.gov.co\/colombia\/wp-content\/uploads\/Hebert-Enrique-Osorio-Campuzano.-Acto-sexual-con-menor-de-14-anos-agravado.-Cali-Valle-300x169.jpg","datePublished":"2024-06-20T15:53:53+00:00","dateModified":"2024-06-20T15:53:53+00:00","description":"P\u00e1gina oficial de la Fiscal\u00eda General de la Naci\u00f3n \u2013 Colombia. Garantizamos el acceso efectivo a la justicia, la verdad y la reparaci\u00f3n de las v\u00edctimas de los delitos.","breadcrumb":{"@id":"https:\/\/www.fiscalia.gov.co\/colombia\/noticias\/a-la-carcel-presunto-responsable-de-abusar-sexualmente-de-una-menor-en-una-guarderia-de-cali\/#breadcrumb"},"inLanguage":"es-CO","potentialAction":[{"@type":"ReadAction","target":["https:\/\/www.fiscalia.gov.co\/colombia\/noticias\/a-la-carcel-presunto-responsable-de-abusar-sexualmente-de-una-menor-en-una-guarderia-de-cali\/"]}]},{"@type":"ImageObject","inLanguage":"es-CO","@id":"https:\/\/www.fiscalia.gov.co\/colombia\/noticias\/a-la-carcel-presunto-responsable-de-abusar-sexualmente-de-una-menor-en-una-guarderia-de-cali\/#primaryimage","url":"https:\/\/www.fiscalia.gov.co\/colombia\/wp-content\/uploads\/Hebert-Enrique-Osorio-Campuzano.-Acto-sexual-con-menor-de-14-anos-agravado.-Cali-Valle.jpg","contentUrl":"https:\/\/www.fiscalia.gov.co\/colombia\/wp-content\/uploads\/Hebert-Enrique-Osorio-Campuzano.-Acto-sexual-con-menor-de-14-anos-agravado.-Cali-Valle.jpg","width":1600,"height":900,"caption":"Hebert Enrique Osorio Campuzano, fue judicializado como presunto responsable de tocar las partes \u00edntimas de una menor de 5 a\u00f1os de edad, en una guarder\u00eda del oriente de Cali"},{"@type":"BreadcrumbList","@id":"https:\/\/www.fiscalia.gov.co\/colombia\/noticias\/a-la-carcel-presunto-responsable-de-abusar-sexualmente-de-una-menor-en-una-guarderia-de-cali\/#breadcrumb","itemListElement":[{"@type":"ListItem","position":1,"name":"Home","item":"https:\/\/www.fiscalia.gov.co\/colombia\/"},{"@type":"ListItem","position":2,"name":"A la c\u00e1rcel presunto responsable de abusar sexualmente de una menor en una guarder\u00eda de Cali"}]},{"@type":"WebSite","@id":"https:\/\/www.fiscalia.gov.co\/colombia\/#website","url":"https:\/\/www.fiscalia.gov.co\/colombia\/","name":"Fiscal\u00eda General de la Naci\u00f3n","description":"P\u00e1gina oficial de la Fiscal\u00eda General de la Naci\u00f3n \u2013 Colombia. Garantizamos el acceso efectivo a la justicia, la verdad y la reparaci\u00f3n de las v\u00edctimas de los delitos.","publisher":{"@id":"https:\/\/www.fiscalia.gov.co\/colombia\/#organization"},"potentialAction":[{"@type":"SearchAction","target":{"@type":"EntryPoint","urlTemplate":"https:\/\/www.fiscalia.gov.co\/colombia\/?s={search_term_string}"},"query-input":{"@type":"PropertyValueSpecification","valueRequired":true,"valueName":"search_term_string"}}],"inLanguage":"es-CO"},{"@type":"Organization","@id":"https:\/\/www.fiscalia.gov.co\/colombia\/#organization","name":"Fiscal\u00eda General de la Naci\u00f3n","url":"https:\/\/www.fiscalia.gov.co\/colombia\/","logo":{"@type":"ImageObject","inLanguage":"es-CO","@id":"https:\/\/www.fiscalia.gov.co\/colombia\/#\/schema\/logo\/image\/","url":"https:\/\/www.fiscalia.gov.co\/colombia\/wp-content\/uploads\/LogoHorizontal_1.jpg","contentUrl":"https:\/\/www.fiscalia.gov.co\/colombia\/wp-content\/uploads\/LogoHorizontal_1.jpg","width":300,"height":90,"caption":"Fiscal\u00eda General de la Naci\u00f3n"},"image":{"@id":"https:\/\/www.fiscalia.gov.co\/colombia\/#\/schema\/logo\/image\/"},"sameAs":["https:\/\/www.facebook.com\/FiscaliaCol","https:\/\/x.com\/FiscaliaCol","https:\/\/www.instagram.com\/fiscaliacol","https:\/\/www.linkedin.com\/company\/fiscalia-general-de-la-naci-n\/","https:\/\/youtube.com\/@fiscaliageneraldelanacion-4668?si=6nN79nyQICPU5iTh"]},{"@type":"Person","@id":"https:\/\/www.fiscalia.gov.co\/colombia\/#\/schema\/person\/ba9eca435947489fb25117a0cd75bf3e","name":"Johanna Islenny Prieto Pe\u00f1a","image":{"@type":"ImageObject","inLanguage":"es-CO","@id":"https:\/\/www.fiscalia.gov.co\/colombia\/#\/schema\/person\/image\/","url":"https:\/\/secure.gravatar.com\/avatar\/111433fc2acb037ffb768f6a3ca47864?s=96&d=mm&r=g","contentUrl":"https:\/\/secure.gravatar.com\/avatar\/111433fc2acb037ffb768f6a3ca47864?s=96&d=mm&r=g","caption":"Johanna Islenny Prieto Pe\u00f1a"},"url":"https:\/\/www.fiscalia.gov.co\/colombia\/author\/jprietop\/"}]}},"_links":{"self":[{"href":"https:\/\/www.fiscalia.gov.co\/colombia\/wp-json\/wp\/v2\/posts\/297129","targetHints":{"allow":["GET"]}}],"collection":[{"href":"https:\/\/www.fiscalia.gov.co\/colombia\/wp-json\/wp\/v2\/posts"}],"about":[{"href":"https:\/\/www.fiscalia.gov.co\/colombia\/wp-json\/wp\/v2\/types\/post"}],"author":[{"embeddable":true,"href":"https:\/\/www.fiscalia.gov.co\/colombia\/wp-json\/wp\/v2\/users\/181"}],"replies":[{"embeddable":true,"href":"https:\/\/www.fiscalia.gov.co\/colombia\/wp-json\/wp\/v2\/comments?post=297129"}],"version-history":[{"count":1,"href":"https:\/\/www.fiscalia.gov.co\/colombia\/wp-json\/wp\/v2\/posts\/297129\/revisions"}],"predecessor-version":[{"id":297131,"href":"https:\/\/www.fiscalia.gov.co\/colombia\/wp-json\/wp\/v2\/posts\/297129\/revisions\/297131"}],"wp:attachment":[{"href":"https:\/\/www.fiscalia.gov.co\/colombia\/wp-json\/wp\/v2\/media?parent=297129"}],"wp:term":[{"taxonomy":"category","embeddable":true,"href":"https:\/\/www.fiscalia.gov.co\/colombia\/wp-json\/wp\/v2\/categories?post=297129"},{"taxonomy":"post_tag","embeddable":true,"href":"https:\/\/www.fiscalia.gov.co\/colombia\/wp-json\/wp\/v2\/tags?post=297129"}],"curies":[{"name":"wp","href":"https:\/\/api.w.org\/{rel}","templated":true}]}}