{"id":297000,"date":"2024-06-18T11:39:41","date_gmt":"2024-06-18T16:39:41","guid":{"rendered":"https:\/\/www.fiscalia.gov.co\/colombia\/?p=297000"},"modified":"2024-06-18T11:52:22","modified_gmt":"2024-06-18T16:52:22","slug":"carcel-para-cuatro-personas-que-habrian-desplazado-de-sus-tierras-a-un-grupo-de-indigenas-en-coyaima-tolima","status":"publish","type":"post","link":"https:\/\/www.fiscalia.gov.co\/colombia\/noticias\/carcel-para-cuatro-personas-que-habrian-desplazado-de-sus-tierras-a-un-grupo-de-indigenas-en-coyaima-tolima\/","title":{"rendered":"C\u00e1rcel para cuatro personas que habr\u00edan desplazado de sus tierras a un grupo de ind\u00edgenas en Coyaima (Tolima)"},"content":{"rendered":"<blockquote>\n<h4><strong><i>Entre los judicializados se encuentra qui\u00e9n ser\u00eda la gobernadora de un resguardo ind\u00edgena en jurisdicci\u00f3n del municipio de Coyaima.<\/i><\/strong><\/h4>\n<\/blockquote>\n<p>Luego de avalar la solicitud de una fiscal especializada de la seccional Tolima, un juez de control de garant\u00edas impuso medida de aseguramiento en establecimiento carcelario contra Sonia Milena Aguja Viuche, Jorge Enrique Saiz Garc\u00eda, \u00c1ngel Mar\u00eda Aguja Alape y \u00c1lvaro Aguja como presuntos responsables de los delitos de concierto para delinquir y desplazamiento forzado.<\/p>\n<p>Los hechos investigados ocurrieron entre enero de 2022 y mayo de 2024 cuando los hoy procesados, pertenecientes a un resguardo ind\u00edgena de la vereda Nueva Esperanza jurisdicci\u00f3n del municipio de Coyaima (Tolima),<a href=\"https:\/\/www.fiscalia.gov.co\/colombia\/noticias\/judicializados-presuntos-integrantes-de-los-galleros-grupo-dedicado-al-comercio-de-estupefacientes-en-espinal-tolima\/\" target=\"_blank\" rel=\"noopener\"> habr\u00edan desplazado a ocho familias ind\u00edgenas de sus tierras.<\/a> Los predios luego ser\u00edan arrendados a ganaderos y arroceros de la zona.<\/p>\n<figure id=\"attachment_297002\" aria-describedby=\"caption-attachment-297002\" style=\"width: 300px\" class=\"wp-caption aligncenter\"><img loading=\"lazy\" decoding=\"async\" class=\"size-medium wp-image-297002\" src=\"https:\/\/www.fiscalia.gov.co\/colombia\/wp-content\/uploads\/WhatsApp-Image-2024-06-18-at-10.55.29-AM-300x169.jpeg\" alt=\" Los imputados se encuentra en custodia por dos uniformados de la Polic\u00eda Nacional. Detr\u00e1s se observa un backing de la Polic\u00eda. \" width=\"300\" height=\"169\" srcset=\"https:\/\/www.fiscalia.gov.co\/colombia\/wp-content\/uploads\/WhatsApp-Image-2024-06-18-at-10.55.29-AM-300x169.jpeg 300w, https:\/\/www.fiscalia.gov.co\/colombia\/wp-content\/uploads\/WhatsApp-Image-2024-06-18-at-10.55.29-AM-1024x576.jpeg 1024w, https:\/\/www.fiscalia.gov.co\/colombia\/wp-content\/uploads\/WhatsApp-Image-2024-06-18-at-10.55.29-AM-768x432.jpeg 768w, https:\/\/www.fiscalia.gov.co\/colombia\/wp-content\/uploads\/WhatsApp-Image-2024-06-18-at-10.55.29-AM-1536x864.jpeg 1536w, https:\/\/www.fiscalia.gov.co\/colombia\/wp-content\/uploads\/WhatsApp-Image-2024-06-18-at-10.55.29-AM-696x392.jpeg 696w, https:\/\/www.fiscalia.gov.co\/colombia\/wp-content\/uploads\/WhatsApp-Image-2024-06-18-at-10.55.29-AM-1068x601.jpeg 1068w, https:\/\/www.fiscalia.gov.co\/colombia\/wp-content\/uploads\/WhatsApp-Image-2024-06-18-at-10.55.29-AM-747x420.jpeg 747w, https:\/\/www.fiscalia.gov.co\/colombia\/wp-content\/uploads\/WhatsApp-Image-2024-06-18-at-10.55.29-AM.jpeg 1600w\" sizes=\"auto, (max-width: 300px) 100vw, 300px\" \/><figcaption id=\"caption-attachment-297002\" class=\"wp-caption-text\">Los hoy procesados, pertenecientes a un resguardo ind\u00edgena de la vereda Nueva Esperanza jurisdicci\u00f3n del municipio de Coyaima (Tolima), habr\u00edan desplazado a ocho familias ind\u00edgenas de sus tierras. Los predios luego ser\u00edan arrendados a ganaderos y arroceros de la zona.<\/figcaption><\/figure>\n<p>Las investigaciones evidenciaron que Aguja Viuche ser\u00eda quien defin\u00eda los pormenores de los delitos; adem\u00e1s de intimidar a las familias con asesinarlas en caso de negarse a salir de los terrenos.<\/p>\n<p>Al parecer, tambi\u00e9n ordenar\u00eda la quema de cultivos de pl\u00e1tano, yuca, ma\u00edz blanco y flor de Jamaica; <strong>y la muerte de animales de granja y ganado propiedad de los afectados. De esta manera presionaba a las v\u00edctimas para que salieran de los terrenos.<\/strong><\/p>\n<p>Uno de los desplazamientos atribuidos a la organizaci\u00f3n ilegal ocurri\u00f3 en julio de 2023 cuando la v\u00edctima, <strong>qui\u00e9n llevaba m\u00e1s de seis a\u00f1os viviendo en el resguardo<\/strong>, al parecer, fue desalojada por orden de Aguja Viuche, quien se cree orden\u00f3 que tumbaran y quemaran las cercas que delimitaban el predio. Adem\u00e1s, a la v\u00edctima era <a href=\"https:\/\/www.fiscalia.gov.co\/colombia\/noticias\/a-la-carcel-cinco-personas-senaladas-de-extorsionar-y-cometer-atentados-terroristas-a-comerciantes-en-huila\/\" target=\"_blank\" rel=\"noopener\">conminada<\/a> a pagar 108 millones de pesos, a cambio de permitirle retornar a sus tierras.<\/p>\n<p><strong>Los procesados fueron capturados el 10 de junio del a\u00f1o en curso en desarrollo de varias diligencias de registro y allanamientos adelantadas por la Polic\u00eda Nacional.<\/strong><\/p>\n<p>Ninguno de los procesados acept\u00f3 su responsabilidad frente a los delitos imputados por la Fiscal\u00eda.<\/p>\n<p>Esta informaci\u00f3n se publica por razones de inter\u00e9s general.<\/p>\n<p>WAGG\/LMFO\/MAGA\/MPG\/CA\/DST<\/p>\n<div><\/div>\n<div><\/div>\n<div><\/div>\n<div><\/div>\n<div><em>La informaci\u00f3n contenida en este bolet\u00edn de prensa corresponde a la narraci\u00f3n de los hechos noticiosos objetivos, y las investigaciones penales al interior de la Fiscal\u00eda General de la Naci\u00f3n. Para el momento de la divulgaci\u00f3n de este comunicado, la situaci\u00f3n jur\u00eddica de la(s) persona(s) relacionada(s) se encuentra pendiente de resolver por la autoridad judicial competente, siempre bajo los preceptos de la presunci\u00f3n de inocencia, consagrados en el art\u00edculo 29 de la Constituci\u00f3n Pol\u00edtica y el art\u00edculo 7\u00ba de la Ley 906 de 2004.<\/em><\/div>\n<div><\/div>\n\n<div class=\"twitter-share\"><a href=\"https:\/\/twitter.com\/intent\/tweet?via=fiscaliacol\" class=\"twitter-share-button\">Tweet<\/a><\/div>\n","protected":false},"excerpt":{"rendered":"<p>Entre los judicializados se encuentra qui\u00e9n ser\u00eda la gobernadora de un resguardo ind\u00edgena en jurisdicci\u00f3n del municipio de Coyaima. Luego de avalar la solicitud de una fiscal especializada de la [&hellip;]<\/p>\n","protected":false},"author":181,"featured_media":0,"comment_status":"closed","ping_status":"open","sticky":false,"template":"","format":"standard","meta":{"tdm_status":"","tdm_grid_status":"","footnotes":""},"categories":[1],"tags":[83,967,38089,1426,1047,37966,16735,7428,9054,28267,20483,24211,38088,12189],"class_list":["post-297000","post","type-post","status-publish","format-standard","category-noticias","tag-concierto-para-delinquir","tag-coyaima","tag-cultivos","tag-desplazamiento","tag-fiscalia-general-de-la-nacion","tag-forzado","tag-ganado","tag-intimidaciones","tag-muerte","tag-predios","tag-resguardo-indigena","tag-seccional-tolima","tag-terrenos","tag-tolima"],"yoast_head":"<!-- This site is optimized with the Yoast SEO plugin v24.3 - https:\/\/yoast.com\/wordpress\/plugins\/seo\/ -->\n<title>Fiscal\u00eda General de la Naci\u00f3n<\/title>\n<meta name=\"description\" content=\"P\u00e1gina oficial de la Fiscal\u00eda General de la Naci\u00f3n \u2013 Colombia. Garantizamos el acceso efectivo a la justicia, la verdad y la reparaci\u00f3n de las v\u00edctimas de los delitos.\" \/>\n<meta name=\"robots\" content=\"noindex, follow\" \/>\n<meta property=\"og:locale\" content=\"es_ES\" \/>\n<meta property=\"og:type\" content=\"article\" \/>\n<meta property=\"og:title\" content=\"Fiscal\u00eda General de la Naci\u00f3n\" \/>\n<meta property=\"og:description\" content=\"P\u00e1gina oficial de la Fiscal\u00eda General de la Naci\u00f3n \u2013 Colombia. Garantizamos el acceso efectivo a la justicia, la verdad y la reparaci\u00f3n de las v\u00edctimas de los delitos.\" \/>\n<meta property=\"og:url\" content=\"https:\/\/www.fiscalia.gov.co\/colombia\/noticias\/carcel-para-cuatro-personas-que-habrian-desplazado-de-sus-tierras-a-un-grupo-de-indigenas-en-coyaima-tolima\/\" \/>\n<meta property=\"og:site_name\" content=\"Fiscal\u00eda General de la Naci\u00f3n\" \/>\n<meta property=\"article:publisher\" content=\"https:\/\/www.facebook.com\/FiscaliaCol\" \/>\n<meta property=\"article:published_time\" content=\"2024-06-18T16:39:41+00:00\" \/>\n<meta property=\"article:modified_time\" content=\"2024-06-18T16:52:22+00:00\" \/>\n<meta property=\"og:image\" content=\"https:\/\/www.fiscalia.gov.co\/colombia\/wp-content\/uploads\/WhatsApp-Image-2024-06-18-at-10.55.29-AM-300x169.jpeg\" \/>\n<meta name=\"author\" content=\"Johanna Islenny Prieto Pe\u00f1a\" \/>\n<meta name=\"twitter:card\" content=\"summary_large_image\" \/>\n<meta name=\"twitter:creator\" content=\"@FiscaliaCol\" \/>\n<meta name=\"twitter:site\" content=\"@FiscaliaCol\" \/>\n<meta name=\"twitter:label1\" content=\"Escrito por\" \/>\n\t<meta name=\"twitter:data1\" content=\"Johanna Islenny Prieto Pe\u00f1a\" \/>\n\t<meta name=\"twitter:label2\" content=\"Tiempo de lectura\" \/>\n\t<meta name=\"twitter:data2\" content=\"3 minutos\" \/>\n<script type=\"application\/ld+json\" class=\"yoast-schema-graph\">{\"@context\":\"https:\/\/schema.org\",\"@graph\":[{\"@type\":\"Article\",\"@id\":\"https:\/\/www.fiscalia.gov.co\/colombia\/noticias\/carcel-para-cuatro-personas-que-habrian-desplazado-de-sus-tierras-a-un-grupo-de-indigenas-en-coyaima-tolima\/#article\",\"isPartOf\":{\"@id\":\"https:\/\/www.fiscalia.gov.co\/colombia\/noticias\/carcel-para-cuatro-personas-que-habrian-desplazado-de-sus-tierras-a-un-grupo-de-indigenas-en-coyaima-tolima\/\"},\"author\":{\"name\":\"Johanna Islenny Prieto Pe\u00f1a\",\"@id\":\"https:\/\/www.fiscalia.gov.co\/colombia\/#\/schema\/person\/ba9eca435947489fb25117a0cd75bf3e\"},\"headline\":\"C\u00e1rcel para cuatro personas que habr\u00edan desplazado de sus tierras a un grupo de ind\u00edgenas en Coyaima (Tolima)\",\"datePublished\":\"2024-06-18T16:39:41+00:00\",\"dateModified\":\"2024-06-18T16:52:22+00:00\",\"mainEntityOfPage\":{\"@id\":\"https:\/\/www.fiscalia.gov.co\/colombia\/noticias\/carcel-para-cuatro-personas-que-habrian-desplazado-de-sus-tierras-a-un-grupo-de-indigenas-en-coyaima-tolima\/\"},\"wordCount\":523,\"publisher\":{\"@id\":\"https:\/\/www.fiscalia.gov.co\/colombia\/#organization\"},\"image\":{\"@id\":\"https:\/\/www.fiscalia.gov.co\/colombia\/noticias\/carcel-para-cuatro-personas-que-habrian-desplazado-de-sus-tierras-a-un-grupo-de-indigenas-en-coyaima-tolima\/#primaryimage\"},\"thumbnailUrl\":\"https:\/\/www.fiscalia.gov.co\/colombia\/wp-content\/uploads\/WhatsApp-Image-2024-06-18-at-10.55.29-AM-300x169.jpeg\",\"keywords\":[\"Concierto para delinquir\",\"Coyaima\",\"cultivos\",\"Desplazamiento\",\"Fiscal\u00eda General de la Naci\u00f3n\",\"forzado\",\"Ganado\",\"intimidaciones\",\"Muerte\",\"predios\",\"resguardo ind\u00edgena\",\"Seccional Tolima\",\"terrenos\",\"Tolima\"],\"articleSection\":[\"Noticias\"],\"inLanguage\":\"es-CO\"},{\"@type\":\"WebPage\",\"@id\":\"https:\/\/www.fiscalia.gov.co\/colombia\/noticias\/carcel-para-cuatro-personas-que-habrian-desplazado-de-sus-tierras-a-un-grupo-de-indigenas-en-coyaima-tolima\/\",\"url\":\"https:\/\/www.fiscalia.gov.co\/colombia\/noticias\/carcel-para-cuatro-personas-que-habrian-desplazado-de-sus-tierras-a-un-grupo-de-indigenas-en-coyaima-tolima\/\",\"name\":\"Fiscal\u00eda General de la Naci\u00f3n\",\"isPartOf\":{\"@id\":\"https:\/\/www.fiscalia.gov.co\/colombia\/#website\"},\"primaryImageOfPage\":{\"@id\":\"https:\/\/www.fiscalia.gov.co\/colombia\/noticias\/carcel-para-cuatro-personas-que-habrian-desplazado-de-sus-tierras-a-un-grupo-de-indigenas-en-coyaima-tolima\/#primaryimage\"},\"image\":{\"@id\":\"https:\/\/www.fiscalia.gov.co\/colombia\/noticias\/carcel-para-cuatro-personas-que-habrian-desplazado-de-sus-tierras-a-un-grupo-de-indigenas-en-coyaima-tolima\/#primaryimage\"},\"thumbnailUrl\":\"https:\/\/www.fiscalia.gov.co\/colombia\/wp-content\/uploads\/WhatsApp-Image-2024-06-18-at-10.55.29-AM-300x169.jpeg\",\"datePublished\":\"2024-06-18T16:39:41+00:00\",\"dateModified\":\"2024-06-18T16:52:22+00:00\",\"description\":\"P\u00e1gina oficial de la Fiscal\u00eda General de la Naci\u00f3n \u2013 Colombia. Garantizamos el acceso efectivo a la justicia, la verdad y la reparaci\u00f3n de las v\u00edctimas de los delitos.\",\"breadcrumb\":{\"@id\":\"https:\/\/www.fiscalia.gov.co\/colombia\/noticias\/carcel-para-cuatro-personas-que-habrian-desplazado-de-sus-tierras-a-un-grupo-de-indigenas-en-coyaima-tolima\/#breadcrumb\"},\"inLanguage\":\"es-CO\",\"potentialAction\":[{\"@type\":\"ReadAction\",\"target\":[\"https:\/\/www.fiscalia.gov.co\/colombia\/noticias\/carcel-para-cuatro-personas-que-habrian-desplazado-de-sus-tierras-a-un-grupo-de-indigenas-en-coyaima-tolima\/\"]}]},{\"@type\":\"ImageObject\",\"inLanguage\":\"es-CO\",\"@id\":\"https:\/\/www.fiscalia.gov.co\/colombia\/noticias\/carcel-para-cuatro-personas-que-habrian-desplazado-de-sus-tierras-a-un-grupo-de-indigenas-en-coyaima-tolima\/#primaryimage\",\"url\":\"https:\/\/www.fiscalia.gov.co\/colombia\/wp-content\/uploads\/WhatsApp-Image-2024-06-18-at-10.55.29-AM-300x169.jpeg\",\"contentUrl\":\"https:\/\/www.fiscalia.gov.co\/colombia\/wp-content\/uploads\/WhatsApp-Image-2024-06-18-at-10.55.29-AM-300x169.jpeg\"},{\"@type\":\"BreadcrumbList\",\"@id\":\"https:\/\/www.fiscalia.gov.co\/colombia\/noticias\/carcel-para-cuatro-personas-que-habrian-desplazado-de-sus-tierras-a-un-grupo-de-indigenas-en-coyaima-tolima\/#breadcrumb\",\"itemListElement\":[{\"@type\":\"ListItem\",\"position\":1,\"name\":\"Home\",\"item\":\"https:\/\/www.fiscalia.gov.co\/colombia\/\"},{\"@type\":\"ListItem\",\"position\":2,\"name\":\"C\u00e1rcel para cuatro personas que habr\u00edan desplazado de sus tierras a un grupo de ind\u00edgenas en Coyaima (Tolima)\"}]},{\"@type\":\"WebSite\",\"@id\":\"https:\/\/www.fiscalia.gov.co\/colombia\/#website\",\"url\":\"https:\/\/www.fiscalia.gov.co\/colombia\/\",\"name\":\"Fiscal\u00eda General de la Naci\u00f3n\",\"description\":\"P\u00e1gina oficial de la Fiscal\u00eda General de la Naci\u00f3n \u2013 Colombia. Garantizamos el acceso efectivo a la justicia, la verdad y la reparaci\u00f3n de las v\u00edctimas de los delitos.\",\"publisher\":{\"@id\":\"https:\/\/www.fiscalia.gov.co\/colombia\/#organization\"},\"potentialAction\":[{\"@type\":\"SearchAction\",\"target\":{\"@type\":\"EntryPoint\",\"urlTemplate\":\"https:\/\/www.fiscalia.gov.co\/colombia\/?s={search_term_string}\"},\"query-input\":{\"@type\":\"PropertyValueSpecification\",\"valueRequired\":true,\"valueName\":\"search_term_string\"}}],\"inLanguage\":\"es-CO\"},{\"@type\":\"Organization\",\"@id\":\"https:\/\/www.fiscalia.gov.co\/colombia\/#organization\",\"name\":\"Fiscal\u00eda General de la Naci\u00f3n\",\"url\":\"https:\/\/www.fiscalia.gov.co\/colombia\/\",\"logo\":{\"@type\":\"ImageObject\",\"inLanguage\":\"es-CO\",\"@id\":\"https:\/\/www.fiscalia.gov.co\/colombia\/#\/schema\/logo\/image\/\",\"url\":\"https:\/\/www.fiscalia.gov.co\/colombia\/wp-content\/uploads\/LogoHorizontal_1.jpg\",\"contentUrl\":\"https:\/\/www.fiscalia.gov.co\/colombia\/wp-content\/uploads\/LogoHorizontal_1.jpg\",\"width\":300,\"height\":90,\"caption\":\"Fiscal\u00eda General de la Naci\u00f3n\"},\"image\":{\"@id\":\"https:\/\/www.fiscalia.gov.co\/colombia\/#\/schema\/logo\/image\/\"},\"sameAs\":[\"https:\/\/www.facebook.com\/FiscaliaCol\",\"https:\/\/x.com\/FiscaliaCol\",\"https:\/\/www.instagram.com\/fiscaliacol\",\"https:\/\/www.linkedin.com\/company\/fiscalia-general-de-la-naci-n\/\",\"https:\/\/youtube.com\/@fiscaliageneraldelanacion-4668?si=6nN79nyQICPU5iTh\"]},{\"@type\":\"Person\",\"@id\":\"https:\/\/www.fiscalia.gov.co\/colombia\/#\/schema\/person\/ba9eca435947489fb25117a0cd75bf3e\",\"name\":\"Johanna Islenny Prieto Pe\u00f1a\",\"image\":{\"@type\":\"ImageObject\",\"inLanguage\":\"es-CO\",\"@id\":\"https:\/\/www.fiscalia.gov.co\/colombia\/#\/schema\/person\/image\/\",\"url\":\"https:\/\/secure.gravatar.com\/avatar\/111433fc2acb037ffb768f6a3ca47864?s=96&d=mm&r=g\",\"contentUrl\":\"https:\/\/secure.gravatar.com\/avatar\/111433fc2acb037ffb768f6a3ca47864?s=96&d=mm&r=g\",\"caption\":\"Johanna Islenny Prieto Pe\u00f1a\"},\"url\":\"https:\/\/www.fiscalia.gov.co\/colombia\/author\/jprietop\/\"}]}<\/script>\n<!-- \/ Yoast SEO plugin. -->","yoast_head_json":{"title":"Fiscal\u00eda General de la Naci\u00f3n","description":"P\u00e1gina oficial de la Fiscal\u00eda General de la Naci\u00f3n \u2013 Colombia. Garantizamos el acceso efectivo a la justicia, la verdad y la reparaci\u00f3n de las v\u00edctimas de los delitos.","robots":{"index":"noindex","follow":"follow"},"og_locale":"es_ES","og_type":"article","og_title":"Fiscal\u00eda General de la Naci\u00f3n","og_description":"P\u00e1gina oficial de la Fiscal\u00eda General de la Naci\u00f3n \u2013 Colombia. Garantizamos el acceso efectivo a la justicia, la verdad y la reparaci\u00f3n de las v\u00edctimas de los delitos.","og_url":"https:\/\/www.fiscalia.gov.co\/colombia\/noticias\/carcel-para-cuatro-personas-que-habrian-desplazado-de-sus-tierras-a-un-grupo-de-indigenas-en-coyaima-tolima\/","og_site_name":"Fiscal\u00eda General de la Naci\u00f3n","article_publisher":"https:\/\/www.facebook.com\/FiscaliaCol","article_published_time":"2024-06-18T16:39:41+00:00","article_modified_time":"2024-06-18T16:52:22+00:00","og_image":[{"url":"https:\/\/www.fiscalia.gov.co\/colombia\/wp-content\/uploads\/WhatsApp-Image-2024-06-18-at-10.55.29-AM-300x169.jpeg","type":"","width":"","height":""}],"author":"Johanna Islenny Prieto Pe\u00f1a","twitter_card":"summary_large_image","twitter_creator":"@FiscaliaCol","twitter_site":"@FiscaliaCol","twitter_misc":{"Escrito por":"Johanna Islenny Prieto Pe\u00f1a","Tiempo de lectura":"3 minutos"},"schema":{"@context":"https:\/\/schema.org","@graph":[{"@type":"Article","@id":"https:\/\/www.fiscalia.gov.co\/colombia\/noticias\/carcel-para-cuatro-personas-que-habrian-desplazado-de-sus-tierras-a-un-grupo-de-indigenas-en-coyaima-tolima\/#article","isPartOf":{"@id":"https:\/\/www.fiscalia.gov.co\/colombia\/noticias\/carcel-para-cuatro-personas-que-habrian-desplazado-de-sus-tierras-a-un-grupo-de-indigenas-en-coyaima-tolima\/"},"author":{"name":"Johanna Islenny Prieto Pe\u00f1a","@id":"https:\/\/www.fiscalia.gov.co\/colombia\/#\/schema\/person\/ba9eca435947489fb25117a0cd75bf3e"},"headline":"C\u00e1rcel para cuatro personas que habr\u00edan desplazado de sus tierras a un grupo de ind\u00edgenas en Coyaima (Tolima)","datePublished":"2024-06-18T16:39:41+00:00","dateModified":"2024-06-18T16:52:22+00:00","mainEntityOfPage":{"@id":"https:\/\/www.fiscalia.gov.co\/colombia\/noticias\/carcel-para-cuatro-personas-que-habrian-desplazado-de-sus-tierras-a-un-grupo-de-indigenas-en-coyaima-tolima\/"},"wordCount":523,"publisher":{"@id":"https:\/\/www.fiscalia.gov.co\/colombia\/#organization"},"image":{"@id":"https:\/\/www.fiscalia.gov.co\/colombia\/noticias\/carcel-para-cuatro-personas-que-habrian-desplazado-de-sus-tierras-a-un-grupo-de-indigenas-en-coyaima-tolima\/#primaryimage"},"thumbnailUrl":"https:\/\/www.fiscalia.gov.co\/colombia\/wp-content\/uploads\/WhatsApp-Image-2024-06-18-at-10.55.29-AM-300x169.jpeg","keywords":["Concierto para delinquir","Coyaima","cultivos","Desplazamiento","Fiscal\u00eda General de la Naci\u00f3n","forzado","Ganado","intimidaciones","Muerte","predios","resguardo ind\u00edgena","Seccional Tolima","terrenos","Tolima"],"articleSection":["Noticias"],"inLanguage":"es-CO"},{"@type":"WebPage","@id":"https:\/\/www.fiscalia.gov.co\/colombia\/noticias\/carcel-para-cuatro-personas-que-habrian-desplazado-de-sus-tierras-a-un-grupo-de-indigenas-en-coyaima-tolima\/","url":"https:\/\/www.fiscalia.gov.co\/colombia\/noticias\/carcel-para-cuatro-personas-que-habrian-desplazado-de-sus-tierras-a-un-grupo-de-indigenas-en-coyaima-tolima\/","name":"Fiscal\u00eda General de la Naci\u00f3n","isPartOf":{"@id":"https:\/\/www.fiscalia.gov.co\/colombia\/#website"},"primaryImageOfPage":{"@id":"https:\/\/www.fiscalia.gov.co\/colombia\/noticias\/carcel-para-cuatro-personas-que-habrian-desplazado-de-sus-tierras-a-un-grupo-de-indigenas-en-coyaima-tolima\/#primaryimage"},"image":{"@id":"https:\/\/www.fiscalia.gov.co\/colombia\/noticias\/carcel-para-cuatro-personas-que-habrian-desplazado-de-sus-tierras-a-un-grupo-de-indigenas-en-coyaima-tolima\/#primaryimage"},"thumbnailUrl":"https:\/\/www.fiscalia.gov.co\/colombia\/wp-content\/uploads\/WhatsApp-Image-2024-06-18-at-10.55.29-AM-300x169.jpeg","datePublished":"2024-06-18T16:39:41+00:00","dateModified":"2024-06-18T16:52:22+00:00","description":"P\u00e1gina oficial de la Fiscal\u00eda General de la Naci\u00f3n \u2013 Colombia. Garantizamos el acceso efectivo a la justicia, la verdad y la reparaci\u00f3n de las v\u00edctimas de los delitos.","breadcrumb":{"@id":"https:\/\/www.fiscalia.gov.co\/colombia\/noticias\/carcel-para-cuatro-personas-que-habrian-desplazado-de-sus-tierras-a-un-grupo-de-indigenas-en-coyaima-tolima\/#breadcrumb"},"inLanguage":"es-CO","potentialAction":[{"@type":"ReadAction","target":["https:\/\/www.fiscalia.gov.co\/colombia\/noticias\/carcel-para-cuatro-personas-que-habrian-desplazado-de-sus-tierras-a-un-grupo-de-indigenas-en-coyaima-tolima\/"]}]},{"@type":"ImageObject","inLanguage":"es-CO","@id":"https:\/\/www.fiscalia.gov.co\/colombia\/noticias\/carcel-para-cuatro-personas-que-habrian-desplazado-de-sus-tierras-a-un-grupo-de-indigenas-en-coyaima-tolima\/#primaryimage","url":"https:\/\/www.fiscalia.gov.co\/colombia\/wp-content\/uploads\/WhatsApp-Image-2024-06-18-at-10.55.29-AM-300x169.jpeg","contentUrl":"https:\/\/www.fiscalia.gov.co\/colombia\/wp-content\/uploads\/WhatsApp-Image-2024-06-18-at-10.55.29-AM-300x169.jpeg"},{"@type":"BreadcrumbList","@id":"https:\/\/www.fiscalia.gov.co\/colombia\/noticias\/carcel-para-cuatro-personas-que-habrian-desplazado-de-sus-tierras-a-un-grupo-de-indigenas-en-coyaima-tolima\/#breadcrumb","itemListElement":[{"@type":"ListItem","position":1,"name":"Home","item":"https:\/\/www.fiscalia.gov.co\/colombia\/"},{"@type":"ListItem","position":2,"name":"C\u00e1rcel para cuatro personas que habr\u00edan desplazado de sus tierras a un grupo de ind\u00edgenas en Coyaima (Tolima)"}]},{"@type":"WebSite","@id":"https:\/\/www.fiscalia.gov.co\/colombia\/#website","url":"https:\/\/www.fiscalia.gov.co\/colombia\/","name":"Fiscal\u00eda General de la Naci\u00f3n","description":"P\u00e1gina oficial de la Fiscal\u00eda General de la Naci\u00f3n \u2013 Colombia. Garantizamos el acceso efectivo a la justicia, la verdad y la reparaci\u00f3n de las v\u00edctimas de los delitos.","publisher":{"@id":"https:\/\/www.fiscalia.gov.co\/colombia\/#organization"},"potentialAction":[{"@type":"SearchAction","target":{"@type":"EntryPoint","urlTemplate":"https:\/\/www.fiscalia.gov.co\/colombia\/?s={search_term_string}"},"query-input":{"@type":"PropertyValueSpecification","valueRequired":true,"valueName":"search_term_string"}}],"inLanguage":"es-CO"},{"@type":"Organization","@id":"https:\/\/www.fiscalia.gov.co\/colombia\/#organization","name":"Fiscal\u00eda General de la Naci\u00f3n","url":"https:\/\/www.fiscalia.gov.co\/colombia\/","logo":{"@type":"ImageObject","inLanguage":"es-CO","@id":"https:\/\/www.fiscalia.gov.co\/colombia\/#\/schema\/logo\/image\/","url":"https:\/\/www.fiscalia.gov.co\/colombia\/wp-content\/uploads\/LogoHorizontal_1.jpg","contentUrl":"https:\/\/www.fiscalia.gov.co\/colombia\/wp-content\/uploads\/LogoHorizontal_1.jpg","width":300,"height":90,"caption":"Fiscal\u00eda General de la Naci\u00f3n"},"image":{"@id":"https:\/\/www.fiscalia.gov.co\/colombia\/#\/schema\/logo\/image\/"},"sameAs":["https:\/\/www.facebook.com\/FiscaliaCol","https:\/\/x.com\/FiscaliaCol","https:\/\/www.instagram.com\/fiscaliacol","https:\/\/www.linkedin.com\/company\/fiscalia-general-de-la-naci-n\/","https:\/\/youtube.com\/@fiscaliageneraldelanacion-4668?si=6nN79nyQICPU5iTh"]},{"@type":"Person","@id":"https:\/\/www.fiscalia.gov.co\/colombia\/#\/schema\/person\/ba9eca435947489fb25117a0cd75bf3e","name":"Johanna Islenny Prieto Pe\u00f1a","image":{"@type":"ImageObject","inLanguage":"es-CO","@id":"https:\/\/www.fiscalia.gov.co\/colombia\/#\/schema\/person\/image\/","url":"https:\/\/secure.gravatar.com\/avatar\/111433fc2acb037ffb768f6a3ca47864?s=96&d=mm&r=g","contentUrl":"https:\/\/secure.gravatar.com\/avatar\/111433fc2acb037ffb768f6a3ca47864?s=96&d=mm&r=g","caption":"Johanna Islenny Prieto Pe\u00f1a"},"url":"https:\/\/www.fiscalia.gov.co\/colombia\/author\/jprietop\/"}]}},"_links":{"self":[{"href":"https:\/\/www.fiscalia.gov.co\/colombia\/wp-json\/wp\/v2\/posts\/297000","targetHints":{"allow":["GET"]}}],"collection":[{"href":"https:\/\/www.fiscalia.gov.co\/colombia\/wp-json\/wp\/v2\/posts"}],"about":[{"href":"https:\/\/www.fiscalia.gov.co\/colombia\/wp-json\/wp\/v2\/types\/post"}],"author":[{"embeddable":true,"href":"https:\/\/www.fiscalia.gov.co\/colombia\/wp-json\/wp\/v2\/users\/181"}],"replies":[{"embeddable":true,"href":"https:\/\/www.fiscalia.gov.co\/colombia\/wp-json\/wp\/v2\/comments?post=297000"}],"version-history":[{"count":2,"href":"https:\/\/www.fiscalia.gov.co\/colombia\/wp-json\/wp\/v2\/posts\/297000\/revisions"}],"predecessor-version":[{"id":297006,"href":"https:\/\/www.fiscalia.gov.co\/colombia\/wp-json\/wp\/v2\/posts\/297000\/revisions\/297006"}],"wp:attachment":[{"href":"https:\/\/www.fiscalia.gov.co\/colombia\/wp-json\/wp\/v2\/media?parent=297000"}],"wp:term":[{"taxonomy":"category","embeddable":true,"href":"https:\/\/www.fiscalia.gov.co\/colombia\/wp-json\/wp\/v2\/categories?post=297000"},{"taxonomy":"post_tag","embeddable":true,"href":"https:\/\/www.fiscalia.gov.co\/colombia\/wp-json\/wp\/v2\/tags?post=297000"}],"curies":[{"name":"wp","href":"https:\/\/api.w.org\/{rel}","templated":true}]}}